{"id":148001,"date":"2022-10-31T16:36:16","date_gmt":"2022-10-31T15:36:16","guid":{"rendered":"https:\/\/www.monaco-tribune.com\/2022\/10\/quali-sono-gli-eventi-in-programma-per-la-festa-nazionale-questanno\/"},"modified":"2022-10-31T16:36:24","modified_gmt":"2022-10-31T15:36:24","slug":"quali-sono-gli-eventi-in-programma-per-la-festa-nazionale-questanno","status":"publish","type":"post","link":"https:\/\/www.monaco-tribune.com\/it\/2022\/10\/quali-sono-gli-eventi-in-programma-per-la-festa-nazionale-questanno\/","title":{"rendered":"Quali sono gli eventi in programma per la Festa nazionale quest&#8217;anno?"},"content":{"rendered":"\n<p><strong>Il 19 novembre e i giorni precedenti saranno animati da un cineconcerto, uno spettacolo di droni, un musical e un concerto.<\/strong><\/p>\n\n<p>La Festa nazionale \u00e8 alle porte! Per l&#8217;occasione il Comune di Monaco ha organizzato quattro spettacoli per celebrare l&#8217;evento come si deve. Gli show sono aperti ai monegaschi e ai residenti e sono totalmente gratuiti.<\/p>\n\n<ul class=\"wp-block-list\"><li>Le celebrazioni della Festa nazionale si aprono il 9 novembre con un cineconcerto per bambini di pi\u00f9 di 5 anni. Alle 15:00 due campioni di Beatbox Loopstation, SARO et Alexinho, accompagneranno il film <em>Oggy &amp; les cafards<\/em> (Maledetti scarafaggi) all&#8217;Espace L\u00e9o Ferr\u00e9.<\/li><li>Il giorno prima della Festa nazionale alle ore 20:00 uno spettacolo di droni illuminer\u00e0 il cielo al di sopra del Palazzo Principesco. Per ben 12 minuti 200 droni voleranno a ritmo di musica. Lo show \u00e8 stato ideato e coreografato dalla societ\u00e0 monegasca MC-Clic.<\/li><li>Poco dopo, alle 21:00, l&#8217;Espace L\u00e9o Ferr\u00e9 ospiter\u00e0 il gruppo &#8220;Les Franglaises&#8221;, che rappresenter\u00e0 un musical allegro riprendendo alcuni dei pi\u00f9 grandi successi della musica anglofona tradotti letteralmente in francese.<\/li><li>Per finire in bellezza, il giorno della Festa nazionale le sorelle Camille e Julie Berthollet suoneranno violino e violoncello per interpretare &#8220;l&#8217;affascinante mondo delle serie di ieri e di oggi attraverso i pi\u00f9 bei temi musicali composti per il piccolo schermo&#8221;.<\/li><\/ul>\n\n<p><strong>LEGGI ANCHE: <a href=\"https:\/\/www.monaco-tribune.com\/it\/2022\/10\/13-parole-in-monegasco-per-celebrare-lautunno-e-halloween\/\">13 parole in monegasco per celebrare l\u2019autunno e Halloween<\/a><\/strong><\/p>\n\n<p>Gli inviti possono essere ritirati presso l&#8217;Espace L\u00e9o Ferr\u00e9 gioved\u00ec 3 novembre dai monegaschi e venerd\u00ec 4 novembre dai residenti dalle 08:30 alle 18:00. \u00c8 necessario portare con s\u00e9 la carta d&#8217;identit\u00e0, la carta di residenza o il libretto di famiglia per dimostrare il proprio status.<\/p>\n\n<p><em>Maggiori informazioni: <a href=\"https:\/\/www.mairie.mc\/it\">Comune di Monaco<\/a><\/em><\/p>\n","protected":false},"excerpt":{"rendered":"<p>Il 19 novembre e i giorni precedenti saranno animati da un cineconcerto, uno spettacolo di droni, un musical e un [&hellip;]<\/p>\n","protected":false},"author":66,"featured_media":147635,"comment_status":"closed","ping_status":"closed","sticky":false,"template":"","format":"standard","meta":{"_acf_changed":false,"footnotes":""},"categories":[1738,1752],"tags":[],"post_sectags":[],"post_format":[2477],"class_list":["post-148001","post","type-post","status-publish","format-standard","has-post-thumbnail","hentry","category-notizie","category-societa","format-info-pratiche"],"acf":[],"yoast_head":"<!-- This site is optimized with the Yoast SEO Premium plugin v26.8 (Yoast SEO v27.4) - https:\/\/yoast.com\/product\/yoast-seo-premium-wordpress\/ -->\n<title>Quali sono gli eventi in programma per la Festa nazionale quest&#039;anno?<\/title>\n<meta name=\"description\" content=\"Il 19 novembre e i giorni precedenti saranno animati da un cineconcerto, uno spettacolo di droni, un musical e un concerto. La Festa nazionale \u00e8 alle\" \/>\n<meta name=\"robots\" content=\"index, follow, max-snippet:-1, max-image-preview:large, max-video-preview:-1\" \/>\n<link rel=\"canonical\" href=\"https:\/\/www.monaco-tribune.com\/it\/2022\/10\/quali-sono-gli-eventi-in-programma-per-la-festa-nazionale-questanno\/\" \/>\n<meta property=\"og:locale\" content=\"it_IT\" \/>\n<meta property=\"og:type\" content=\"article\" \/>\n<meta property=\"og:title\" content=\"Quali sono gli eventi in programma per la Festa nazionale quest&#039;anno? - Monaco Tribune\" \/>\n<meta property=\"og:description\" content=\"Il 19 novembre e i giorni precedenti saranno animati da un cineconcerto, uno spettacolo di droni, un musical e un concerto. La Festa nazionale \u00e8 alle\" \/>\n<meta property=\"og:url\" content=\"https:\/\/www.monaco-tribune.com\/it\/2022\/10\/quali-sono-gli-eventi-in-programma-per-la-festa-nazionale-questanno\/\" \/>\n<meta property=\"og:site_name\" content=\"Monaco Tribune\" \/>\n<meta property=\"article:publisher\" content=\"https:\/\/www.facebook.com\/MonacoTribune\" \/>\n<meta property=\"article:published_time\" content=\"2022-10-31T15:36:16+00:00\" \/>\n<meta property=\"article:modified_time\" content=\"2022-10-31T15:36:24+00:00\" \/>\n<meta property=\"og:image\" content=\"https:\/\/www.monaco-tribune.com\/wp-content\/uploads\/2022\/10\/fete-nationale-monaco.jpg\" \/>\n\t<meta property=\"og:image:width\" content=\"1200\" \/>\n\t<meta property=\"og:image:height\" content=\"800\" \/>\n\t<meta property=\"og:image:type\" content=\"image\/jpeg\" \/>\n<meta name=\"author\" content=\"Th\u00e9o Briand\" \/>\n<meta name=\"twitter:card\" content=\"summary_large_image\" \/>\n<meta name=\"twitter:creator\" content=\"@MonacoTribune\" \/>\n<meta name=\"twitter:site\" content=\"@MonacoTribune\" \/>\n<script type=\"application\/ld+json\" class=\"yoast-schema-graph\">{\"@context\":\"https:\\\/\\\/schema.org\",\"@graph\":[{\"@type\":\"NewsArticle\",\"@id\":\"https:\\\/\\\/www.monaco-tribune.com\\\/it\\\/2022\\\/10\\\/quali-sono-gli-eventi-in-programma-per-la-festa-nazionale-questanno\\\/#article\",\"isPartOf\":{\"@id\":\"https:\\\/\\\/www.monaco-tribune.com\\\/it\\\/2022\\\/10\\\/quali-sono-gli-eventi-in-programma-per-la-festa-nazionale-questanno\\\/\"},\"author\":{\"name\":\"Th\u00e9o Briand\",\"@id\":\"https:\\\/\\\/www.monaco-tribune.com\\\/it\\\/#\\\/schema\\\/person\\\/94fb5723547bd83dea1eed97e25145aa\"},\"headline\":\"Quali sono gli eventi in programma per la Festa nazionale quest&#8217;anno?\",\"datePublished\":\"2022-10-31T15:36:16+00:00\",\"dateModified\":\"2022-10-31T15:36:24+00:00\",\"mainEntityOfPage\":{\"@id\":\"https:\\\/\\\/www.monaco-tribune.com\\\/it\\\/2022\\\/10\\\/quali-sono-gli-eventi-in-programma-per-la-festa-nazionale-questanno\\\/\"},\"wordCount\":282,\"publisher\":{\"@id\":\"https:\\\/\\\/www.monaco-tribune.com\\\/it\\\/#organization\"},\"image\":{\"@id\":\"https:\\\/\\\/www.monaco-tribune.com\\\/it\\\/2022\\\/10\\\/quali-sono-gli-eventi-in-programma-per-la-festa-nazionale-questanno\\\/#primaryimage\"},\"thumbnailUrl\":\"https:\\\/\\\/www.monaco-tribune.com\\\/wp-content\\\/uploads\\\/2022\\\/10\\\/fete-nationale-monaco.jpg\",\"articleSection\":[\"Notizie\",\"Societ\u00e0\"],\"inLanguage\":\"it-IT\",\"copyrightYear\":\"2022\",\"copyrightHolder\":{\"@id\":\"https:\\\/\\\/www.monaco-tribune.com\\\/#organization\"}},{\"@type\":\"WebPage\",\"@id\":\"https:\\\/\\\/www.monaco-tribune.com\\\/it\\\/2022\\\/10\\\/quali-sono-gli-eventi-in-programma-per-la-festa-nazionale-questanno\\\/\",\"url\":\"https:\\\/\\\/www.monaco-tribune.com\\\/it\\\/2022\\\/10\\\/quali-sono-gli-eventi-in-programma-per-la-festa-nazionale-questanno\\\/\",\"name\":\"Quali sono gli eventi in programma per la Festa nazionale quest'anno?\",\"isPartOf\":{\"@id\":\"https:\\\/\\\/www.monaco-tribune.com\\\/it\\\/#website\"},\"primaryImageOfPage\":{\"@id\":\"https:\\\/\\\/www.monaco-tribune.com\\\/it\\\/2022\\\/10\\\/quali-sono-gli-eventi-in-programma-per-la-festa-nazionale-questanno\\\/#primaryimage\"},\"image\":{\"@id\":\"https:\\\/\\\/www.monaco-tribune.com\\\/it\\\/2022\\\/10\\\/quali-sono-gli-eventi-in-programma-per-la-festa-nazionale-questanno\\\/#primaryimage\"},\"thumbnailUrl\":\"https:\\\/\\\/www.monaco-tribune.com\\\/wp-content\\\/uploads\\\/2022\\\/10\\\/fete-nationale-monaco.jpg\",\"datePublished\":\"2022-10-31T15:36:16+00:00\",\"dateModified\":\"2022-10-31T15:36:24+00:00\",\"description\":\"Il 19 novembre e i giorni precedenti saranno animati da un cineconcerto, uno spettacolo di droni, un musical e un concerto. La Festa nazionale \u00e8 alle\",\"breadcrumb\":{\"@id\":\"https:\\\/\\\/www.monaco-tribune.com\\\/it\\\/2022\\\/10\\\/quali-sono-gli-eventi-in-programma-per-la-festa-nazionale-questanno\\\/#breadcrumb\"},\"inLanguage\":\"it-IT\",\"potentialAction\":[{\"@type\":\"ReadAction\",\"target\":[\"https:\\\/\\\/www.monaco-tribune.com\\\/it\\\/2022\\\/10\\\/quali-sono-gli-eventi-in-programma-per-la-festa-nazionale-questanno\\\/\"]}]},{\"@type\":\"ImageObject\",\"inLanguage\":\"it-IT\",\"@id\":\"https:\\\/\\\/www.monaco-tribune.com\\\/it\\\/2022\\\/10\\\/quali-sono-gli-eventi-in-programma-per-la-festa-nazionale-questanno\\\/#primaryimage\",\"url\":\"https:\\\/\\\/www.monaco-tribune.com\\\/wp-content\\\/uploads\\\/2022\\\/10\\\/fete-nationale-monaco.jpg\",\"contentUrl\":\"https:\\\/\\\/www.monaco-tribune.com\\\/wp-content\\\/uploads\\\/2022\\\/10\\\/fete-nationale-monaco.jpg\",\"width\":1200,\"height\":800,\"caption\":\"Comune di Monaco\"},{\"@type\":\"BreadcrumbList\",\"@id\":\"https:\\\/\\\/www.monaco-tribune.com\\\/it\\\/2022\\\/10\\\/quali-sono-gli-eventi-in-programma-per-la-festa-nazionale-questanno\\\/#breadcrumb\",\"itemListElement\":[{\"@type\":\"ListItem\",\"position\":1,\"name\":\"Accueil\",\"item\":\"https:\\\/\\\/www.monaco-tribune.com\\\/it\\\/\"},{\"@type\":\"ListItem\",\"position\":2,\"name\":\"Quali sono gli eventi in programma per la Festa nazionale quest&rsquo;anno?\"}]},{\"@type\":\"WebSite\",\"@id\":\"https:\\\/\\\/www.monaco-tribune.com\\\/it\\\/#website\",\"url\":\"https:\\\/\\\/www.monaco-tribune.com\\\/it\\\/\",\"name\":\"Monaco Tribune\",\"description\":\"Monaco : actualit\u00e9s \u00e9conomiques, politiques, culturelles et sportives de Monaco et de la French Riviera.\",\"publisher\":{\"@id\":\"https:\\\/\\\/www.monaco-tribune.com\\\/it\\\/#organization\"},\"potentialAction\":[{\"@type\":\"SearchAction\",\"target\":{\"@type\":\"EntryPoint\",\"urlTemplate\":\"https:\\\/\\\/www.monaco-tribune.com\\\/it\\\/?s={search_term_string}\"},\"query-input\":{\"@type\":\"PropertyValueSpecification\",\"valueRequired\":true,\"valueName\":\"search_term_string\"}}],\"inLanguage\":\"it-IT\"},{\"@type\":\"Organization\",\"@id\":\"https:\\\/\\\/www.monaco-tribune.com\\\/it\\\/#organization\",\"name\":\"Monaco Tribune\",\"url\":\"https:\\\/\\\/www.monaco-tribune.com\\\/it\\\/\",\"logo\":{\"@type\":\"ImageObject\",\"inLanguage\":\"it-IT\",\"@id\":\"https:\\\/\\\/www.monaco-tribune.com\\\/it\\\/#\\\/schema\\\/logo\\\/image\\\/\",\"url\":\"https:\\\/\\\/www.monaco-tribune.com\\\/wp-content\\\/uploads\\\/2022\\\/11\\\/logo-monaco-tribune.png\",\"contentUrl\":\"https:\\\/\\\/www.monaco-tribune.com\\\/wp-content\\\/uploads\\\/2022\\\/11\\\/logo-monaco-tribune.png\",\"width\":1548,\"height\":600,\"caption\":\"Monaco Tribune\"},\"image\":{\"@id\":\"https:\\\/\\\/www.monaco-tribune.com\\\/it\\\/#\\\/schema\\\/logo\\\/image\\\/\"},\"sameAs\":[\"https:\\\/\\\/www.facebook.com\\\/MonacoTribune\",\"https:\\\/\\\/x.com\\\/MonacoTribune\",\"https:\\\/\\\/www.instagram.com\\\/monacotribune\\\/\",\"https:\\\/\\\/www.linkedin.com\\\/company\\\/monaco-tribune\",\"https:\\\/\\\/www.youtube.com\\\/channel\\\/UCHle1MnG6hw1y4lWKijVbMA\"]},{\"@type\":\"Person\",\"@id\":\"https:\\\/\\\/www.monaco-tribune.com\\\/it\\\/#\\\/schema\\\/person\\\/94fb5723547bd83dea1eed97e25145aa\",\"name\":\"Th\u00e9o Briand\",\"image\":{\"@type\":\"ImageObject\",\"inLanguage\":\"it-IT\",\"@id\":\"https:\\\/\\\/secure.gravatar.com\\\/avatar\\\/1c02cfd8b8054d8c376f9a942a1dc4dbacfd8ba5e6f8dbb5e16f4aa3d281972a?s=96&d=mm&r=g\",\"url\":\"https:\\\/\\\/secure.gravatar.com\\\/avatar\\\/1c02cfd8b8054d8c376f9a942a1dc4dbacfd8ba5e6f8dbb5e16f4aa3d281972a?s=96&d=mm&r=g\",\"contentUrl\":\"https:\\\/\\\/secure.gravatar.com\\\/avatar\\\/1c02cfd8b8054d8c376f9a942a1dc4dbacfd8ba5e6f8dbb5e16f4aa3d281972a?s=96&d=mm&r=g\",\"caption\":\"Th\u00e9o Briand\"},\"url\":\"https:\\\/\\\/www.monaco-tribune.com\\\/it\\\/author\\\/theobriand\\\/\"}]}<\/script>\n<!-- \/ Yoast SEO Premium plugin. -->","yoast_head_json":{"title":"Quali sono gli eventi in programma per la Festa nazionale quest'anno?","description":"Il 19 novembre e i giorni precedenti saranno animati da un cineconcerto, uno spettacolo di droni, un musical e un concerto. La Festa nazionale \u00e8 alle","robots":{"index":"index","follow":"follow","max-snippet":"max-snippet:-1","max-image-preview":"max-image-preview:large","max-video-preview":"max-video-preview:-1"},"canonical":"https:\/\/www.monaco-tribune.com\/it\/2022\/10\/quali-sono-gli-eventi-in-programma-per-la-festa-nazionale-questanno\/","og_locale":"it_IT","og_type":"article","og_title":"Quali sono gli eventi in programma per la Festa nazionale quest'anno? - Monaco Tribune","og_description":"Il 19 novembre e i giorni precedenti saranno animati da un cineconcerto, uno spettacolo di droni, un musical e un concerto. La Festa nazionale \u00e8 alle","og_url":"https:\/\/www.monaco-tribune.com\/it\/2022\/10\/quali-sono-gli-eventi-in-programma-per-la-festa-nazionale-questanno\/","og_site_name":"Monaco Tribune","article_publisher":"https:\/\/www.facebook.com\/MonacoTribune","article_published_time":"2022-10-31T15:36:16+00:00","article_modified_time":"2022-10-31T15:36:24+00:00","og_image":[{"width":1200,"height":800,"url":"https:\/\/www.monaco-tribune.com\/wp-content\/uploads\/2022\/10\/fete-nationale-monaco.jpg","type":"image\/jpeg"}],"author":"Th\u00e9o Briand","twitter_card":"summary_large_image","twitter_creator":"@MonacoTribune","twitter_site":"@MonacoTribune","schema":{"@context":"https:\/\/schema.org","@graph":[{"@type":"NewsArticle","@id":"https:\/\/www.monaco-tribune.com\/it\/2022\/10\/quali-sono-gli-eventi-in-programma-per-la-festa-nazionale-questanno\/#article","isPartOf":{"@id":"https:\/\/www.monaco-tribune.com\/it\/2022\/10\/quali-sono-gli-eventi-in-programma-per-la-festa-nazionale-questanno\/"},"author":{"name":"Th\u00e9o Briand","@id":"https:\/\/www.monaco-tribune.com\/it\/#\/schema\/person\/94fb5723547bd83dea1eed97e25145aa"},"headline":"Quali sono gli eventi in programma per la Festa nazionale quest&#8217;anno?","datePublished":"2022-10-31T15:36:16+00:00","dateModified":"2022-10-31T15:36:24+00:00","mainEntityOfPage":{"@id":"https:\/\/www.monaco-tribune.com\/it\/2022\/10\/quali-sono-gli-eventi-in-programma-per-la-festa-nazionale-questanno\/"},"wordCount":282,"publisher":{"@id":"https:\/\/www.monaco-tribune.com\/it\/#organization"},"image":{"@id":"https:\/\/www.monaco-tribune.com\/it\/2022\/10\/quali-sono-gli-eventi-in-programma-per-la-festa-nazionale-questanno\/#primaryimage"},"thumbnailUrl":"https:\/\/www.monaco-tribune.com\/wp-content\/uploads\/2022\/10\/fete-nationale-monaco.jpg","articleSection":["Notizie","Societ\u00e0"],"inLanguage":"it-IT","copyrightYear":"2022","copyrightHolder":{"@id":"https:\/\/www.monaco-tribune.com\/#organization"}},{"@type":"WebPage","@id":"https:\/\/www.monaco-tribune.com\/it\/2022\/10\/quali-sono-gli-eventi-in-programma-per-la-festa-nazionale-questanno\/","url":"https:\/\/www.monaco-tribune.com\/it\/2022\/10\/quali-sono-gli-eventi-in-programma-per-la-festa-nazionale-questanno\/","name":"Quali sono gli eventi in programma per la Festa nazionale quest'anno?","isPartOf":{"@id":"https:\/\/www.monaco-tribune.com\/it\/#website"},"primaryImageOfPage":{"@id":"https:\/\/www.monaco-tribune.com\/it\/2022\/10\/quali-sono-gli-eventi-in-programma-per-la-festa-nazionale-questanno\/#primaryimage"},"image":{"@id":"https:\/\/www.monaco-tribune.com\/it\/2022\/10\/quali-sono-gli-eventi-in-programma-per-la-festa-nazionale-questanno\/#primaryimage"},"thumbnailUrl":"https:\/\/www.monaco-tribune.com\/wp-content\/uploads\/2022\/10\/fete-nationale-monaco.jpg","datePublished":"2022-10-31T15:36:16+00:00","dateModified":"2022-10-31T15:36:24+00:00","description":"Il 19 novembre e i giorni precedenti saranno animati da un cineconcerto, uno spettacolo di droni, un musical e un concerto. La Festa nazionale \u00e8 alle","breadcrumb":{"@id":"https:\/\/www.monaco-tribune.com\/it\/2022\/10\/quali-sono-gli-eventi-in-programma-per-la-festa-nazionale-questanno\/#breadcrumb"},"inLanguage":"it-IT","potentialAction":[{"@type":"ReadAction","target":["https:\/\/www.monaco-tribune.com\/it\/2022\/10\/quali-sono-gli-eventi-in-programma-per-la-festa-nazionale-questanno\/"]}]},{"@type":"ImageObject","inLanguage":"it-IT","@id":"https:\/\/www.monaco-tribune.com\/it\/2022\/10\/quali-sono-gli-eventi-in-programma-per-la-festa-nazionale-questanno\/#primaryimage","url":"https:\/\/www.monaco-tribune.com\/wp-content\/uploads\/2022\/10\/fete-nationale-monaco.jpg","contentUrl":"https:\/\/www.monaco-tribune.com\/wp-content\/uploads\/2022\/10\/fete-nationale-monaco.jpg","width":1200,"height":800,"caption":"Comune di Monaco"},{"@type":"BreadcrumbList","@id":"https:\/\/www.monaco-tribune.com\/it\/2022\/10\/quali-sono-gli-eventi-in-programma-per-la-festa-nazionale-questanno\/#breadcrumb","itemListElement":[{"@type":"ListItem","position":1,"name":"Accueil","item":"https:\/\/www.monaco-tribune.com\/it\/"},{"@type":"ListItem","position":2,"name":"Quali sono gli eventi in programma per la Festa nazionale quest&rsquo;anno?"}]},{"@type":"WebSite","@id":"https:\/\/www.monaco-tribune.com\/it\/#website","url":"https:\/\/www.monaco-tribune.com\/it\/","name":"Monaco Tribune","description":"Monaco : actualit\u00e9s \u00e9conomiques, politiques, culturelles et sportives de Monaco et de la French Riviera.","publisher":{"@id":"https:\/\/www.monaco-tribune.com\/it\/#organization"},"potentialAction":[{"@type":"SearchAction","target":{"@type":"EntryPoint","urlTemplate":"https:\/\/www.monaco-tribune.com\/it\/?s={search_term_string}"},"query-input":{"@type":"PropertyValueSpecification","valueRequired":true,"valueName":"search_term_string"}}],"inLanguage":"it-IT"},{"@type":"Organization","@id":"https:\/\/www.monaco-tribune.com\/it\/#organization","name":"Monaco Tribune","url":"https:\/\/www.monaco-tribune.com\/it\/","logo":{"@type":"ImageObject","inLanguage":"it-IT","@id":"https:\/\/www.monaco-tribune.com\/it\/#\/schema\/logo\/image\/","url":"https:\/\/www.monaco-tribune.com\/wp-content\/uploads\/2022\/11\/logo-monaco-tribune.png","contentUrl":"https:\/\/www.monaco-tribune.com\/wp-content\/uploads\/2022\/11\/logo-monaco-tribune.png","width":1548,"height":600,"caption":"Monaco Tribune"},"image":{"@id":"https:\/\/www.monaco-tribune.com\/it\/#\/schema\/logo\/image\/"},"sameAs":["https:\/\/www.facebook.com\/MonacoTribune","https:\/\/x.com\/MonacoTribune","https:\/\/www.instagram.com\/monacotribune\/","https:\/\/www.linkedin.com\/company\/monaco-tribune","https:\/\/www.youtube.com\/channel\/UCHle1MnG6hw1y4lWKijVbMA"]},{"@type":"Person","@id":"https:\/\/www.monaco-tribune.com\/it\/#\/schema\/person\/94fb5723547bd83dea1eed97e25145aa","name":"Th\u00e9o Briand","image":{"@type":"ImageObject","inLanguage":"it-IT","@id":"https:\/\/secure.gravatar.com\/avatar\/1c02cfd8b8054d8c376f9a942a1dc4dbacfd8ba5e6f8dbb5e16f4aa3d281972a?s=96&d=mm&r=g","url":"https:\/\/secure.gravatar.com\/avatar\/1c02cfd8b8054d8c376f9a942a1dc4dbacfd8ba5e6f8dbb5e16f4aa3d281972a?s=96&d=mm&r=g","contentUrl":"https:\/\/secure.gravatar.com\/avatar\/1c02cfd8b8054d8c376f9a942a1dc4dbacfd8ba5e6f8dbb5e16f4aa3d281972a?s=96&d=mm&r=g","caption":"Th\u00e9o Briand"},"url":"https:\/\/www.monaco-tribune.com\/it\/author\/theobriand\/"}]}},"_links":{"self":[{"href":"https:\/\/www.monaco-tribune.com\/it\/wp-json\/wp\/v2\/posts\/148001","targetHints":{"allow":["GET"]}}],"collection":[{"href":"https:\/\/www.monaco-tribune.com\/it\/wp-json\/wp\/v2\/posts"}],"about":[{"href":"https:\/\/www.monaco-tribune.com\/it\/wp-json\/wp\/v2\/types\/post"}],"author":[{"embeddable":true,"href":"https:\/\/www.monaco-tribune.com\/it\/wp-json\/wp\/v2\/users\/66"}],"replies":[{"embeddable":true,"href":"https:\/\/www.monaco-tribune.com\/it\/wp-json\/wp\/v2\/comments?post=148001"}],"version-history":[{"count":0,"href":"https:\/\/www.monaco-tribune.com\/it\/wp-json\/wp\/v2\/posts\/148001\/revisions"}],"wp:featuredmedia":[{"embeddable":true,"href":"https:\/\/www.monaco-tribune.com\/it\/wp-json\/wp\/v2\/media\/147635"}],"wp:attachment":[{"href":"https:\/\/www.monaco-tribune.com\/it\/wp-json\/wp\/v2\/media?parent=148001"}],"wp:term":[{"taxonomy":"category","embeddable":true,"href":"https:\/\/www.monaco-tribune.com\/it\/wp-json\/wp\/v2\/categories?post=148001"},{"taxonomy":"post_tag","embeddable":true,"href":"https:\/\/www.monaco-tribune.com\/it\/wp-json\/wp\/v2\/tags?post=148001"},{"taxonomy":"sectag","embeddable":true,"href":"https:\/\/www.monaco-tribune.com\/it\/wp-json\/wp\/v2\/post_sectags?post=148001"},{"taxonomy":"format","embeddable":true,"href":"https:\/\/www.monaco-tribune.com\/it\/wp-json\/wp\/v2\/post_format?post=148001"}],"curies":[{"name":"wp","href":"https:\/\/api.w.org\/{rel}","templated":true}]}}