{"id":148197,"date":"2022-11-02T12:35:38","date_gmt":"2022-11-02T11:35:38","guid":{"rendered":"https:\/\/www.monaco-tribune.com\/2022\/11\/un-caso-di-violenza-domestica-davanti-al-tribunale-penale-di-monaco\/"},"modified":"2022-11-09T18:25:50","modified_gmt":"2022-11-09T17:25:50","slug":"un-caso-di-violenza-domestica-davanti-al-tribunale-penale-di-monaco","status":"publish","type":"post","link":"https:\/\/www.monaco-tribune.com\/it\/2022\/11\/un-caso-di-violenza-domestica-davanti-al-tribunale-penale-di-monaco\/","title":{"rendered":"Un caso di violenza domestica davanti al tribunale penale di Monaco"},"content":{"rendered":"\n<p><strong>La lite \u00e8 scoppiata quando la donna ha scoperto, per telefono, che il marito la tradiva.<\/strong><\/p>\n\n\n\n<p>Entrambi si dichiarano vittime di questo caso, discusso nel Tribunale penale di Monaco marted\u00ec 25 ottobre. Lei, una donna ucraina di 35 anni, \u00e8 disoccupata e fa affidamento sui 50.000 euro che riceve ogni mese dal marito, con cui \u00e8 divorziata da marzo 2020.<\/p>\n\n\n\n<p>Lui, un investitore pi\u00f9 grandi di lei di 10 anni, \u00e8 membro di una famiglia ricca e a capo di un impero farmaceutico che vale pi\u00f9 di un miliardo di euro. Il 27 ottobre 2019, tra i due sarebbe scoppiata una violenta lite in seguito a un sospetto tradimento. La donna ha poi sporto denuncia.<\/p>\n\n\n\n<h2 class=\"wp-block-heading\" id=\"h-i-fatti\">I fatti<\/h2>\n\n\n\n<p>Mentre \u00e8 sul treno in direzione Mosca per fare visita alla famiglia, la ragazza telefona al marito. Questo risponde inavvertitamente mentre \u00e8 a letto con un&#8217;altra donna, e viene cos\u00ec colto in flagrante.<\/p>\n\n\n\n<p><strong>LEGGI ANCHE: <a href=\"https:\/\/www.monaco-tribune.com\/it\/2022\/10\/un-uomo-belga-arrestato-per-aver-insultato-la-polizia-monegasca\/\">Un uomo belga arrestato per aver insultato la polizia monegasca<\/a><\/strong><\/p>\n\n\n\n<p>Cos\u00ec la donna scende dal treno e si precipita a casa loro. Un appartamento di 360 m2 a Monaco in cui la donna vive tuttora. La conversazione tra i due coniugi degenera rapidamente e la moglie graffia il marito e lo colpisce al volto, causandogli due giorni di congedo per cure mediche. Per tutta risposta, il marito, che ora vive in una villa a Cap d&#8217;Ail, \u00e8 sospettato di averla spinta contro un muro per poi averla presa a calci.<\/p>\n\n\n\n<p>La coppia, di nazionalit\u00e0 kittita e nevicana (caraibica), \u00e8 sposata dal 2013 e ha dato alla luce un figlio di otto anni. <\/p>\n\n\n\n<p>&#8220;Ero triste e sconvolta, ma non arrabbiata&#8221;, ha risposto la moglie quando il presidente del Tribunale, J\u00e9r\u00f4me Fougeras Lavergnolle, le ha chiesto in quale stato d&#8217;animo si trovasse quando aveva incontrato il marito. Ha aggiunto, tramite il suo interprete, che voleva tornare a casa per recuperare i suoi effetti personali.<\/p>\n\n\n\n<p>Con una calma sorprendente, parla del temperamento dell&#8217;uomo con cui ha condiviso quasi dieci anni della sua vita: &#8220;Tutta la nostra famiglia ha sofferto a causa sua (&#8230;) Beve molto e non \u00e8 la prima volta che \u00e8 violento. Credo che la sua prima moglie si sia suicidata a causa del suo disturbo bipolare&#8221;, ha dichiarato al banco dei testimoni.<\/p>\n\n\n\n<p><strong>LEGGI ANCHE: <a href=\"https:\/\/www.monaco-tribune.com\/it\/2022\/10\/pensionata-monegasca-condannata-per-aver-rubato-i-soldi-della-vicina-di-casa\/\">Pensionata monegasca condannata per aver rubato i soldi della vicina di casa<\/a><\/strong><\/p>\n\n\n\n<p>L&#8217;uomo \u00e8 sembrato inorridito nell&#8217;udire simili commenti. Ha tuttavia dichiarato di soffrire di un disturbo bipolare, ma di non essere &#8220;un pericolo&#8221; n\u00e9 per s\u00e9 stesso, n\u00e9 per gli altri. &#8220;Ho semplicemente la tendenza a essere euforico&#8221;, spiega. La sua fedina penale tra l&#8217;altro \u00e8 pulita, cos\u00ec come quella della ragazza.<\/p>\n\n\n\n<p>&#8220;La violenza, sia in attacco che in difesa, \u00e8 inaccettabile&#8221;. Per questo motivo il pubblico ministero ha chiesto la stessa pena per entrambi. Si tratterebbe di condannarli a un mese con sospensione della pena oppure di rilasciarli.<\/p>\n\n\n\n<h2 class=\"wp-block-heading\" id=\"h-un-processo-per-soldi\">Un processo per soldi?<\/h2>\n\n\n\n<p>&#8220;\u00c8 un processo per soldi&#8221; ha dichiarato l&#8217;avvocato del marito in un clima piuttosto teso. &#8220;Vuole usare questa causa a suo vantaggio per il divorzio. \u00c8 stato l&#8217;uomo a decidere di divorziare, e a quel punto lei ha sporto denuncia, ma solo mesi dopo! Per il marito hanno testimoniato quattro persone, per lei nessuno&#8221;, ha continuato.<\/p>\n\n\n\n<p>A seguito di questo procedimento, al suo cliente \u00e8 stata negata la residenza monegasca e ha dovuto rinunciare all&#8217;incarico diplomatico a cui aspirava. L&#8217;avvocato Pierre-Olivier Lambert del foro di Parigi chiede pertanto un risarcimento di 150.000 euro.<\/p>\n\n\n\n<p><strong>LEGGI ANCHE: <\/strong><a href=\"https:\/\/www.monaco-tribune.com\/it\/2022\/08\/cosa-fare-se-subisci-o-assisti-a-violenze-domestiche-a-monaco\/\">Cosa fare se subisci o assisti a violenze domestiche a Monaco<\/a><\/p>\n\n\n\n<p>Secondo l&#8217;avvocato monegasco di controparte, la famiglia dell&#8217;imputato &#8220;trasuda denaro&#8221;, ed \u00e8 quindi grazie a queste finanze che avrebbe ottenuto le testimonianze dei collaboratori che lavoravano per lui. &#8220;Il bipolarismo combinato con l&#8217;alcol pu\u00f2 rendere aggressivi&#8221;, ha dichiarato, chiedendo quindi che la sua cliente venga rilasciata.<\/p>\n\n\n\n<p>Il caso \u00e8 stato deliberato e il verdetto sar\u00e0 annunciato il 22 novembre alle ore 14:00.<\/p>\n","protected":false},"excerpt":{"rendered":"<p>La lite \u00e8 scoppiata quando la donna ha scoperto, per telefono, che il marito la tradiva. Entrambi si dichiarano vittime [&hellip;]<\/p>\n","protected":false},"author":69,"featured_media":130400,"comment_status":"closed","ping_status":"closed","sticky":false,"template":"","format":"standard","meta":{"_acf_changed":false,"footnotes":""},"categories":[1826,1738,1752],"tags":[],"post_sectags":[],"post_format":[2486],"class_list":["post-148197","post","type-post","status-publish","format-standard","has-post-thumbnail","hentry","category-la-nostra-scelta","category-notizie","category-societa","format-servizio"],"acf":[],"yoast_head":"<!-- This site is optimized with the Yoast SEO Premium plugin v26.8 (Yoast SEO v27.5) - https:\/\/yoast.com\/product\/yoast-seo-premium-wordpress\/ -->\n<title>Un caso di violenza domestica davanti al tribunale penale di Monaco<\/title>\n<meta name=\"description\" content=\"La lite \u00e8 scoppiata quando la donna ha scoperto, per telefono, che il marito la tradiva. Entrambi si dichiarano vittime di questo caso, discusso nel\" \/>\n<meta name=\"robots\" content=\"index, follow, max-snippet:-1, max-image-preview:large, max-video-preview:-1\" \/>\n<link rel=\"canonical\" href=\"https:\/\/www.monaco-tribune.com\/it\/2022\/11\/un-caso-di-violenza-domestica-davanti-al-tribunale-penale-di-monaco\/\" \/>\n<meta property=\"og:locale\" content=\"it_IT\" \/>\n<meta property=\"og:type\" content=\"article\" \/>\n<meta property=\"og:title\" content=\"Un caso di violenza domestica davanti al tribunale penale di Monaco - Monaco Tribune\" \/>\n<meta property=\"og:description\" content=\"La lite \u00e8 scoppiata quando la donna ha scoperto, per telefono, che il marito la tradiva. Entrambi si dichiarano vittime di questo caso, discusso nel\" \/>\n<meta property=\"og:url\" content=\"https:\/\/www.monaco-tribune.com\/it\/2022\/11\/un-caso-di-violenza-domestica-davanti-al-tribunale-penale-di-monaco\/\" \/>\n<meta property=\"og:site_name\" content=\"Monaco Tribune\" \/>\n<meta property=\"article:publisher\" content=\"https:\/\/www.facebook.com\/MonacoTribune\" \/>\n<meta property=\"article:published_time\" content=\"2022-11-02T11:35:38+00:00\" \/>\n<meta property=\"article:modified_time\" content=\"2022-11-09T17:25:50+00:00\" \/>\n<meta property=\"og:image\" content=\"https:\/\/www.monaco-tribune.com\/wp-content\/uploads\/2022\/07\/tribunal-monaco.jpeg\" \/>\n\t<meta property=\"og:image:width\" content=\"1020\" \/>\n\t<meta property=\"og:image:height\" content=\"680\" \/>\n\t<meta property=\"og:image:type\" content=\"image\/jpeg\" \/>\n<meta name=\"author\" content=\"Sarah Incari\" \/>\n<meta name=\"twitter:card\" content=\"summary_large_image\" \/>\n<meta name=\"twitter:creator\" content=\"@MonacoTribune\" \/>\n<meta name=\"twitter:site\" content=\"@MonacoTribune\" \/>\n<script type=\"application\/ld+json\" class=\"yoast-schema-graph\">{\"@context\":\"https:\\\/\\\/schema.org\",\"@graph\":[{\"@type\":\"NewsArticle\",\"@id\":\"https:\\\/\\\/www.monaco-tribune.com\\\/it\\\/2022\\\/11\\\/un-caso-di-violenza-domestica-davanti-al-tribunale-penale-di-monaco\\\/#article\",\"isPartOf\":{\"@id\":\"https:\\\/\\\/www.monaco-tribune.com\\\/it\\\/2022\\\/11\\\/un-caso-di-violenza-domestica-davanti-al-tribunale-penale-di-monaco\\\/\"},\"author\":{\"name\":\"Sarah Incari\",\"@id\":\"https:\\\/\\\/www.monaco-tribune.com\\\/it\\\/#\\\/schema\\\/person\\\/dd3b5770833f791d3f4d808f1aa84499\"},\"headline\":\"Un caso di violenza domestica davanti al tribunale penale di Monaco\",\"datePublished\":\"2022-11-02T11:35:38+00:00\",\"dateModified\":\"2022-11-09T17:25:50+00:00\",\"mainEntityOfPage\":{\"@id\":\"https:\\\/\\\/www.monaco-tribune.com\\\/it\\\/2022\\\/11\\\/un-caso-di-violenza-domestica-davanti-al-tribunale-penale-di-monaco\\\/\"},\"wordCount\":644,\"publisher\":{\"@id\":\"https:\\\/\\\/www.monaco-tribune.com\\\/it\\\/#organization\"},\"image\":{\"@id\":\"https:\\\/\\\/www.monaco-tribune.com\\\/it\\\/2022\\\/11\\\/un-caso-di-violenza-domestica-davanti-al-tribunale-penale-di-monaco\\\/#primaryimage\"},\"thumbnailUrl\":\"https:\\\/\\\/www.monaco-tribune.com\\\/wp-content\\\/uploads\\\/2022\\\/07\\\/tribunal-monaco.jpeg\",\"articleSection\":[\"La nostra scelta\",\"Notizie\",\"Societ\u00e0\"],\"inLanguage\":\"it-IT\",\"copyrightYear\":\"2022\",\"copyrightHolder\":{\"@id\":\"https:\\\/\\\/www.monaco-tribune.com\\\/#organization\"}},{\"@type\":\"WebPage\",\"@id\":\"https:\\\/\\\/www.monaco-tribune.com\\\/it\\\/2022\\\/11\\\/un-caso-di-violenza-domestica-davanti-al-tribunale-penale-di-monaco\\\/\",\"url\":\"https:\\\/\\\/www.monaco-tribune.com\\\/it\\\/2022\\\/11\\\/un-caso-di-violenza-domestica-davanti-al-tribunale-penale-di-monaco\\\/\",\"name\":\"Un caso di violenza domestica davanti al tribunale penale di Monaco\",\"isPartOf\":{\"@id\":\"https:\\\/\\\/www.monaco-tribune.com\\\/it\\\/#website\"},\"primaryImageOfPage\":{\"@id\":\"https:\\\/\\\/www.monaco-tribune.com\\\/it\\\/2022\\\/11\\\/un-caso-di-violenza-domestica-davanti-al-tribunale-penale-di-monaco\\\/#primaryimage\"},\"image\":{\"@id\":\"https:\\\/\\\/www.monaco-tribune.com\\\/it\\\/2022\\\/11\\\/un-caso-di-violenza-domestica-davanti-al-tribunale-penale-di-monaco\\\/#primaryimage\"},\"thumbnailUrl\":\"https:\\\/\\\/www.monaco-tribune.com\\\/wp-content\\\/uploads\\\/2022\\\/07\\\/tribunal-monaco.jpeg\",\"datePublished\":\"2022-11-02T11:35:38+00:00\",\"dateModified\":\"2022-11-09T17:25:50+00:00\",\"description\":\"La lite \u00e8 scoppiata quando la donna ha scoperto, per telefono, che il marito la tradiva. Entrambi si dichiarano vittime di questo caso, discusso nel\",\"breadcrumb\":{\"@id\":\"https:\\\/\\\/www.monaco-tribune.com\\\/it\\\/2022\\\/11\\\/un-caso-di-violenza-domestica-davanti-al-tribunale-penale-di-monaco\\\/#breadcrumb\"},\"inLanguage\":\"it-IT\",\"potentialAction\":[{\"@type\":\"ReadAction\",\"target\":[\"https:\\\/\\\/www.monaco-tribune.com\\\/it\\\/2022\\\/11\\\/un-caso-di-violenza-domestica-davanti-al-tribunale-penale-di-monaco\\\/\"]}]},{\"@type\":\"ImageObject\",\"inLanguage\":\"it-IT\",\"@id\":\"https:\\\/\\\/www.monaco-tribune.com\\\/it\\\/2022\\\/11\\\/un-caso-di-violenza-domestica-davanti-al-tribunale-penale-di-monaco\\\/#primaryimage\",\"url\":\"https:\\\/\\\/www.monaco-tribune.com\\\/wp-content\\\/uploads\\\/2022\\\/07\\\/tribunal-monaco.jpeg\",\"contentUrl\":\"https:\\\/\\\/www.monaco-tribune.com\\\/wp-content\\\/uploads\\\/2022\\\/07\\\/tribunal-monaco.jpeg\",\"width\":1020,\"height\":680,\"caption\":\"Monaco Tribune\"},{\"@type\":\"BreadcrumbList\",\"@id\":\"https:\\\/\\\/www.monaco-tribune.com\\\/it\\\/2022\\\/11\\\/un-caso-di-violenza-domestica-davanti-al-tribunale-penale-di-monaco\\\/#breadcrumb\",\"itemListElement\":[{\"@type\":\"ListItem\",\"position\":1,\"name\":\"Accueil\",\"item\":\"https:\\\/\\\/www.monaco-tribune.com\\\/it\\\/\"},{\"@type\":\"ListItem\",\"position\":2,\"name\":\"Un caso di violenza domestica davanti al tribunale penale di Monaco\"}]},{\"@type\":\"WebSite\",\"@id\":\"https:\\\/\\\/www.monaco-tribune.com\\\/it\\\/#website\",\"url\":\"https:\\\/\\\/www.monaco-tribune.com\\\/it\\\/\",\"name\":\"Monaco Tribune\",\"description\":\"Monaco : actualit\u00e9s \u00e9conomiques, politiques, culturelles et sportives de Monaco et de la French Riviera.\",\"publisher\":{\"@id\":\"https:\\\/\\\/www.monaco-tribune.com\\\/it\\\/#organization\"},\"potentialAction\":[{\"@type\":\"SearchAction\",\"target\":{\"@type\":\"EntryPoint\",\"urlTemplate\":\"https:\\\/\\\/www.monaco-tribune.com\\\/it\\\/?s={search_term_string}\"},\"query-input\":{\"@type\":\"PropertyValueSpecification\",\"valueRequired\":true,\"valueName\":\"search_term_string\"}}],\"inLanguage\":\"it-IT\"},{\"@type\":\"Organization\",\"@id\":\"https:\\\/\\\/www.monaco-tribune.com\\\/it\\\/#organization\",\"name\":\"Monaco Tribune\",\"url\":\"https:\\\/\\\/www.monaco-tribune.com\\\/it\\\/\",\"logo\":{\"@type\":\"ImageObject\",\"inLanguage\":\"it-IT\",\"@id\":\"https:\\\/\\\/www.monaco-tribune.com\\\/it\\\/#\\\/schema\\\/logo\\\/image\\\/\",\"url\":\"https:\\\/\\\/www.monaco-tribune.com\\\/wp-content\\\/uploads\\\/2022\\\/11\\\/logo-monaco-tribune.png\",\"contentUrl\":\"https:\\\/\\\/www.monaco-tribune.com\\\/wp-content\\\/uploads\\\/2022\\\/11\\\/logo-monaco-tribune.png\",\"width\":1548,\"height\":600,\"caption\":\"Monaco Tribune\"},\"image\":{\"@id\":\"https:\\\/\\\/www.monaco-tribune.com\\\/it\\\/#\\\/schema\\\/logo\\\/image\\\/\"},\"sameAs\":[\"https:\\\/\\\/www.facebook.com\\\/MonacoTribune\",\"https:\\\/\\\/x.com\\\/MonacoTribune\",\"https:\\\/\\\/www.instagram.com\\\/monacotribune\\\/\",\"https:\\\/\\\/www.linkedin.com\\\/company\\\/monaco-tribune\",\"https:\\\/\\\/www.youtube.com\\\/channel\\\/UCHle1MnG6hw1y4lWKijVbMA\"]},{\"@type\":\"Person\",\"@id\":\"https:\\\/\\\/www.monaco-tribune.com\\\/it\\\/#\\\/schema\\\/person\\\/dd3b5770833f791d3f4d808f1aa84499\",\"name\":\"Sarah Incari\",\"image\":{\"@type\":\"ImageObject\",\"inLanguage\":\"it-IT\",\"@id\":\"https:\\\/\\\/secure.gravatar.com\\\/avatar\\\/4ac0b37be892d57107ccdd804e3f2a03bf1e3fca097512136d3603859293cb0e?s=96&d=mm&r=g\",\"url\":\"https:\\\/\\\/secure.gravatar.com\\\/avatar\\\/4ac0b37be892d57107ccdd804e3f2a03bf1e3fca097512136d3603859293cb0e?s=96&d=mm&r=g\",\"contentUrl\":\"https:\\\/\\\/secure.gravatar.com\\\/avatar\\\/4ac0b37be892d57107ccdd804e3f2a03bf1e3fca097512136d3603859293cb0e?s=96&d=mm&r=g\",\"caption\":\"Sarah Incari\"},\"url\":\"https:\\\/\\\/www.monaco-tribune.com\\\/it\\\/author\\\/sarahincari\\\/\"}]}<\/script>\n<!-- \/ Yoast SEO Premium plugin. -->","yoast_head_json":{"title":"Un caso di violenza domestica davanti al tribunale penale di Monaco","description":"La lite \u00e8 scoppiata quando la donna ha scoperto, per telefono, che il marito la tradiva. Entrambi si dichiarano vittime di questo caso, discusso nel","robots":{"index":"index","follow":"follow","max-snippet":"max-snippet:-1","max-image-preview":"max-image-preview:large","max-video-preview":"max-video-preview:-1"},"canonical":"https:\/\/www.monaco-tribune.com\/it\/2022\/11\/un-caso-di-violenza-domestica-davanti-al-tribunale-penale-di-monaco\/","og_locale":"it_IT","og_type":"article","og_title":"Un caso di violenza domestica davanti al tribunale penale di Monaco - Monaco Tribune","og_description":"La lite \u00e8 scoppiata quando la donna ha scoperto, per telefono, che il marito la tradiva. Entrambi si dichiarano vittime di questo caso, discusso nel","og_url":"https:\/\/www.monaco-tribune.com\/it\/2022\/11\/un-caso-di-violenza-domestica-davanti-al-tribunale-penale-di-monaco\/","og_site_name":"Monaco Tribune","article_publisher":"https:\/\/www.facebook.com\/MonacoTribune","article_published_time":"2022-11-02T11:35:38+00:00","article_modified_time":"2022-11-09T17:25:50+00:00","og_image":[{"width":1020,"height":680,"url":"https:\/\/www.monaco-tribune.com\/wp-content\/uploads\/2022\/07\/tribunal-monaco.jpeg","type":"image\/jpeg"}],"author":"Sarah Incari","twitter_card":"summary_large_image","twitter_creator":"@MonacoTribune","twitter_site":"@MonacoTribune","schema":{"@context":"https:\/\/schema.org","@graph":[{"@type":"NewsArticle","@id":"https:\/\/www.monaco-tribune.com\/it\/2022\/11\/un-caso-di-violenza-domestica-davanti-al-tribunale-penale-di-monaco\/#article","isPartOf":{"@id":"https:\/\/www.monaco-tribune.com\/it\/2022\/11\/un-caso-di-violenza-domestica-davanti-al-tribunale-penale-di-monaco\/"},"author":{"name":"Sarah Incari","@id":"https:\/\/www.monaco-tribune.com\/it\/#\/schema\/person\/dd3b5770833f791d3f4d808f1aa84499"},"headline":"Un caso di violenza domestica davanti al tribunale penale di Monaco","datePublished":"2022-11-02T11:35:38+00:00","dateModified":"2022-11-09T17:25:50+00:00","mainEntityOfPage":{"@id":"https:\/\/www.monaco-tribune.com\/it\/2022\/11\/un-caso-di-violenza-domestica-davanti-al-tribunale-penale-di-monaco\/"},"wordCount":644,"publisher":{"@id":"https:\/\/www.monaco-tribune.com\/it\/#organization"},"image":{"@id":"https:\/\/www.monaco-tribune.com\/it\/2022\/11\/un-caso-di-violenza-domestica-davanti-al-tribunale-penale-di-monaco\/#primaryimage"},"thumbnailUrl":"https:\/\/www.monaco-tribune.com\/wp-content\/uploads\/2022\/07\/tribunal-monaco.jpeg","articleSection":["La nostra scelta","Notizie","Societ\u00e0"],"inLanguage":"it-IT","copyrightYear":"2022","copyrightHolder":{"@id":"https:\/\/www.monaco-tribune.com\/#organization"}},{"@type":"WebPage","@id":"https:\/\/www.monaco-tribune.com\/it\/2022\/11\/un-caso-di-violenza-domestica-davanti-al-tribunale-penale-di-monaco\/","url":"https:\/\/www.monaco-tribune.com\/it\/2022\/11\/un-caso-di-violenza-domestica-davanti-al-tribunale-penale-di-monaco\/","name":"Un caso di violenza domestica davanti al tribunale penale di Monaco","isPartOf":{"@id":"https:\/\/www.monaco-tribune.com\/it\/#website"},"primaryImageOfPage":{"@id":"https:\/\/www.monaco-tribune.com\/it\/2022\/11\/un-caso-di-violenza-domestica-davanti-al-tribunale-penale-di-monaco\/#primaryimage"},"image":{"@id":"https:\/\/www.monaco-tribune.com\/it\/2022\/11\/un-caso-di-violenza-domestica-davanti-al-tribunale-penale-di-monaco\/#primaryimage"},"thumbnailUrl":"https:\/\/www.monaco-tribune.com\/wp-content\/uploads\/2022\/07\/tribunal-monaco.jpeg","datePublished":"2022-11-02T11:35:38+00:00","dateModified":"2022-11-09T17:25:50+00:00","description":"La lite \u00e8 scoppiata quando la donna ha scoperto, per telefono, che il marito la tradiva. Entrambi si dichiarano vittime di questo caso, discusso nel","breadcrumb":{"@id":"https:\/\/www.monaco-tribune.com\/it\/2022\/11\/un-caso-di-violenza-domestica-davanti-al-tribunale-penale-di-monaco\/#breadcrumb"},"inLanguage":"it-IT","potentialAction":[{"@type":"ReadAction","target":["https:\/\/www.monaco-tribune.com\/it\/2022\/11\/un-caso-di-violenza-domestica-davanti-al-tribunale-penale-di-monaco\/"]}]},{"@type":"ImageObject","inLanguage":"it-IT","@id":"https:\/\/www.monaco-tribune.com\/it\/2022\/11\/un-caso-di-violenza-domestica-davanti-al-tribunale-penale-di-monaco\/#primaryimage","url":"https:\/\/www.monaco-tribune.com\/wp-content\/uploads\/2022\/07\/tribunal-monaco.jpeg","contentUrl":"https:\/\/www.monaco-tribune.com\/wp-content\/uploads\/2022\/07\/tribunal-monaco.jpeg","width":1020,"height":680,"caption":"Monaco Tribune"},{"@type":"BreadcrumbList","@id":"https:\/\/www.monaco-tribune.com\/it\/2022\/11\/un-caso-di-violenza-domestica-davanti-al-tribunale-penale-di-monaco\/#breadcrumb","itemListElement":[{"@type":"ListItem","position":1,"name":"Accueil","item":"https:\/\/www.monaco-tribune.com\/it\/"},{"@type":"ListItem","position":2,"name":"Un caso di violenza domestica davanti al tribunale penale di Monaco"}]},{"@type":"WebSite","@id":"https:\/\/www.monaco-tribune.com\/it\/#website","url":"https:\/\/www.monaco-tribune.com\/it\/","name":"Monaco Tribune","description":"Monaco : actualit\u00e9s \u00e9conomiques, politiques, culturelles et sportives de Monaco et de la French Riviera.","publisher":{"@id":"https:\/\/www.monaco-tribune.com\/it\/#organization"},"potentialAction":[{"@type":"SearchAction","target":{"@type":"EntryPoint","urlTemplate":"https:\/\/www.monaco-tribune.com\/it\/?s={search_term_string}"},"query-input":{"@type":"PropertyValueSpecification","valueRequired":true,"valueName":"search_term_string"}}],"inLanguage":"it-IT"},{"@type":"Organization","@id":"https:\/\/www.monaco-tribune.com\/it\/#organization","name":"Monaco Tribune","url":"https:\/\/www.monaco-tribune.com\/it\/","logo":{"@type":"ImageObject","inLanguage":"it-IT","@id":"https:\/\/www.monaco-tribune.com\/it\/#\/schema\/logo\/image\/","url":"https:\/\/www.monaco-tribune.com\/wp-content\/uploads\/2022\/11\/logo-monaco-tribune.png","contentUrl":"https:\/\/www.monaco-tribune.com\/wp-content\/uploads\/2022\/11\/logo-monaco-tribune.png","width":1548,"height":600,"caption":"Monaco Tribune"},"image":{"@id":"https:\/\/www.monaco-tribune.com\/it\/#\/schema\/logo\/image\/"},"sameAs":["https:\/\/www.facebook.com\/MonacoTribune","https:\/\/x.com\/MonacoTribune","https:\/\/www.instagram.com\/monacotribune\/","https:\/\/www.linkedin.com\/company\/monaco-tribune","https:\/\/www.youtube.com\/channel\/UCHle1MnG6hw1y4lWKijVbMA"]},{"@type":"Person","@id":"https:\/\/www.monaco-tribune.com\/it\/#\/schema\/person\/dd3b5770833f791d3f4d808f1aa84499","name":"Sarah Incari","image":{"@type":"ImageObject","inLanguage":"it-IT","@id":"https:\/\/secure.gravatar.com\/avatar\/4ac0b37be892d57107ccdd804e3f2a03bf1e3fca097512136d3603859293cb0e?s=96&d=mm&r=g","url":"https:\/\/secure.gravatar.com\/avatar\/4ac0b37be892d57107ccdd804e3f2a03bf1e3fca097512136d3603859293cb0e?s=96&d=mm&r=g","contentUrl":"https:\/\/secure.gravatar.com\/avatar\/4ac0b37be892d57107ccdd804e3f2a03bf1e3fca097512136d3603859293cb0e?s=96&d=mm&r=g","caption":"Sarah Incari"},"url":"https:\/\/www.monaco-tribune.com\/it\/author\/sarahincari\/"}]}},"_links":{"self":[{"href":"https:\/\/www.monaco-tribune.com\/it\/wp-json\/wp\/v2\/posts\/148197","targetHints":{"allow":["GET"]}}],"collection":[{"href":"https:\/\/www.monaco-tribune.com\/it\/wp-json\/wp\/v2\/posts"}],"about":[{"href":"https:\/\/www.monaco-tribune.com\/it\/wp-json\/wp\/v2\/types\/post"}],"author":[{"embeddable":true,"href":"https:\/\/www.monaco-tribune.com\/it\/wp-json\/wp\/v2\/users\/69"}],"replies":[{"embeddable":true,"href":"https:\/\/www.monaco-tribune.com\/it\/wp-json\/wp\/v2\/comments?post=148197"}],"version-history":[{"count":0,"href":"https:\/\/www.monaco-tribune.com\/it\/wp-json\/wp\/v2\/posts\/148197\/revisions"}],"wp:featuredmedia":[{"embeddable":true,"href":"https:\/\/www.monaco-tribune.com\/it\/wp-json\/wp\/v2\/media\/130400"}],"wp:attachment":[{"href":"https:\/\/www.monaco-tribune.com\/it\/wp-json\/wp\/v2\/media?parent=148197"}],"wp:term":[{"taxonomy":"category","embeddable":true,"href":"https:\/\/www.monaco-tribune.com\/it\/wp-json\/wp\/v2\/categories?post=148197"},{"taxonomy":"post_tag","embeddable":true,"href":"https:\/\/www.monaco-tribune.com\/it\/wp-json\/wp\/v2\/tags?post=148197"},{"taxonomy":"sectag","embeddable":true,"href":"https:\/\/www.monaco-tribune.com\/it\/wp-json\/wp\/v2\/post_sectags?post=148197"},{"taxonomy":"format","embeddable":true,"href":"https:\/\/www.monaco-tribune.com\/it\/wp-json\/wp\/v2\/post_format?post=148197"}],"curies":[{"name":"wp","href":"https:\/\/api.w.org\/{rel}","templated":true}]}}