{"id":149234,"date":"2022-11-09T13:33:47","date_gmt":"2022-11-09T12:33:47","guid":{"rendered":"https:\/\/www.monaco-tribune.com\/2022\/11\/top-10-dei-travestimenti-di-halloween-dei-lettori\/"},"modified":"2022-11-09T15:39:37","modified_gmt":"2022-11-09T14:39:37","slug":"top-10-dei-travestimenti-di-halloween-dei-lettori","status":"publish","type":"post","link":"https:\/\/www.monaco-tribune.com\/it\/2022\/11\/top-10-dei-travestimenti-di-halloween-dei-lettori\/","title":{"rendered":"TOP 10 dei travestimenti di Halloween dei nostri lettori"},"content":{"rendered":"\n<p><strong>Siete stati in tanti a inviarci foto di Halloween dopo il lancio del concorso sulla pagina Facebook di Monaco Tribune. La redazione ha selezionato le 10 foto pi\u00f9 originali (e non \u00e8 stato per niente facile).<\/strong><\/p>\n\n\n\n<h2 class=\"wp-block-heading\" id=\"h-10-il-clown-killer\">10. Il clown killer<\/h2>\n\n\n\n<p>Naso rosso, viso bianco e sorriso inquietante. Travestirsi da clown ad Halloween \u00e8 una garanzia. Questo personaggio, nato per far ridere i bambini, il 31 ottobre si trasforma in una figura molto meno divertente\u2026 Esiste persino una fobia dei clown, la cosiddetta &#8220;coulrofobia&#8221;.<\/p>\n\n\n<div class=\"wp-block-image\">\n<figure class=\"aligncenter size-large is-resized\"><img loading=\"lazy\" decoding=\"async\" src=\"https:\/\/www.monaco-tribune.com\/wp-content\/uploads\/2022\/11\/halloween-cloon-768x1024.jpg\" alt=\"\" class=\"wp-image-148778\" width=\"600\" height=\"750\"\/><figcaption><em>\u00a9 Aur\u00e9lie Varitto<\/em><\/figcaption><\/figure>\n<\/div>\n\n\n<h2 class=\"wp-block-heading\" id=\"h-9-le-zucche-viventi\">9. Le zucche viventi<\/h2>\n\n\n\n<p>La foto qui sotto, pi\u00f9 buffa che spaventosa, si \u00e8 distinta per l&#8217;originalit\u00e0. Animare delle zucche aggiungendo loro un paio di occhi da bambino \u00e8 geniale! Non torceresti neanche un capello a questo trio di zucche. Eppure potrebbero diventare ottime zuppe o torte salate rinvigorenti per l&#8217;autunno.<\/p>\n\n\n<div class=\"wp-block-image\">\n<figure class=\"aligncenter size-large is-resized\"><img loading=\"lazy\" decoding=\"async\" src=\"https:\/\/www.monaco-tribune.com\/wp-content\/uploads\/2022\/11\/halloween-courges-audrey-715x1024.jpg\" alt=\"\" class=\"wp-image-148782\" width=\"600\" height=\"750\"\/><figcaption><em>\u00a9 Audrey Pinco<\/em><\/figcaption><\/figure>\n<\/div>\n\n\n<h2 class=\"wp-block-heading\" id=\"h-8-la-zucca-cattiva\">8. La zucca cattiva<\/h2>\n\n\n\n<p>Ecco un&#8217;altra zucca, ma questa volta in carne ed ossa! Questo costume \u00e8 un must per tutte le bambine. Anche <a href=\"https:\/\/www.monaco-tribune.com\/it\/2022\/11\/la-principessa-charlene-condivide-una-foto-di-halloween-dei-gemelli-principeschi\/\">la Principessa Gabriella si \u00e8 travestita da zucca quest&#8217;anno<\/a>, come si vede dalla foto dei Gemelli Principeschi pubblicata su Instagram dalla Principessa Charl\u00e8ne. Irresistibile!<\/p>\n\n\n<div class=\"wp-block-image\">\n<figure class=\"aligncenter size-full is-resized\"><img loading=\"lazy\" decoding=\"async\" src=\"https:\/\/www.monaco-tribune.com\/wp-content\/uploads\/2022\/11\/halloween-laurence.jpg\" alt=\"\" class=\"wp-image-148786\" width=\"600\" height=\"750\"\/><figcaption><em>\u00a9 Laurence Bailet Bennejean <\/em><\/figcaption><\/figure>\n<\/div>\n\n\n<h2 class=\"wp-block-heading\" id=\"h-7-i-due-diavoletti\">7. I due diavoletti<\/h2>\n\n\n\n<p>Saranno dei diavoletti anche nella vita reale? Speriamo di no per i genitori. In ogni caso, il travestimento \u00e8 perfetto: i due bambini si sono calati nella parte e hanno indossato maschere terrificanti molto realistiche!<\/p>\n\n\n<div class=\"wp-block-image\">\n<figure class=\"aligncenter size-large is-resized\"><img loading=\"lazy\" decoding=\"async\" src=\"https:\/\/www.monaco-tribune.com\/wp-content\/uploads\/2022\/11\/halloween-agnes-768x1024.jpg\" alt=\"\" class=\"wp-image-148790\" width=\"600\" height=\"750\"\/><figcaption><em>\u00a9 Agn\u00e8s Leblanc <\/em><\/figcaption><\/figure>\n<\/div>\n\n\n<h2 class=\"wp-block-heading\" id=\"h-6-la-maschera-di-la-casa-di-carta\">6. La maschera di <em>La casa di carta<\/em><\/h2>\n\n\n\n<p>Dall&#8217;uscita di <em>La casa di carta<\/em>, la maschera dei personaggi della serie TV spagnola dal successo mondiale \u00e8 ormai dappertutto. I protagonisti sono dei ladri, perci\u00f2 speriamo che il nostro lettore abbia rubato SOLO caramelle la sera di Halloween\u2026 A dirla tutta, \u00e8 stato il cagnolino in posa nella foto a farci perdere la testa.<\/p>\n\n\n<div class=\"wp-block-image\">\n<figure class=\"aligncenter size-full is-resized\"><img loading=\"lazy\" decoding=\"async\" src=\"https:\/\/www.monaco-tribune.com\/wp-content\/uploads\/2022\/11\/halloween-claire.jpg\" alt=\"\" class=\"wp-image-148794\" width=\"800\" height=\"600\"\/><figcaption>\u00a9<em> Monaco Tribune \/ Claire Hope Maggi <\/em><\/figcaption><\/figure>\n<\/div>\n\n\n<h2 class=\"wp-block-heading\" id=\"h-5-la-streghetta-ispirata-a-coco\">5. La streghetta ispirata a <em>Coco<\/em><\/h2>\n\n\n\n<p>Questo trucco fai da te \u00e8 straordinario! Una lettrice ci ha inviato la foto di sua figlia Camille vestita da streghetta. Il suo costume ricorda i personaggi del film Disney-Pixar <em>Coco<\/em>. Una menzione speciale va al diadema di pizzo ornato di fiori e teschio. Meraviglioso!<\/p>\n\n\n<div class=\"wp-block-image\">\n<figure class=\"aligncenter size-large is-resized\"><img loading=\"lazy\" decoding=\"async\" src=\"https:\/\/www.monaco-tribune.com\/wp-content\/uploads\/2022\/11\/halloween-port-hercule-virginie-camille-768x1024.jpg\" alt=\"\" class=\"wp-image-148798\" width=\"600\" height=\"750\"\/><figcaption><em>\u00a9 Virginie<\/em><\/figcaption><\/figure>\n<\/div>\n\n\n<h2 class=\"wp-block-heading\" id=\"h-4-il-piccolo-batman\">4. Il piccolo Batman <\/h2>\n\n\n\n<p>Questo bambino dal viso d&#8217;angelo travestito da supereroe ci ha conquistati. Con la sua maschera, il mantello e gli addominali \u00e8 pronto a combattere il crimine proprio come il vero Batman!<\/p>\n\n\n<div class=\"wp-block-image\">\n<figure class=\"aligncenter size-full is-resized\"><img loading=\"lazy\" decoding=\"async\" src=\"https:\/\/www.monaco-tribune.com\/wp-content\/uploads\/2022\/11\/halloween-aurelie.jpg\" alt=\"\" class=\"wp-image-148807\" width=\"600\" height=\"820\"\/><figcaption><em>\u00a9 Aur\u00e9lie<\/em><\/figcaption><\/figure>\n<\/div>\n\n\n<h2 class=\"wp-block-heading\" id=\"h-3-il-cane-batman\">3. Il cane Batman<\/h2>\n\n\n\n<p>Chi ha detto che Halloween \u00e8 una festa solo per gli umani? Dopo le zucche, ora \u00e8 il turno di questo bellissimo cane! Per l&#8217;occasione l&#8217;hanno vestito da Batman con tanto di mantello abbinato. Dalla sua espressione si direbbe che prende il personaggio molto sul serio. Rientra nella nostra Top 3!<\/p>\n\n\n<div class=\"wp-block-image\">\n<figure class=\"aligncenter size-large is-resized\"><img loading=\"lazy\" decoding=\"async\" src=\"https:\/\/www.monaco-tribune.com\/wp-content\/uploads\/2022\/11\/halloween-nancy-485x1024.jpg\" alt=\"\" class=\"wp-image-148803\" width=\"600\" height=\"1200\"\/><figcaption><em>\u00a9 Nancy Cresto<\/em><\/figcaption><\/figure>\n<\/div>\n\n\n<h2 class=\"wp-block-heading\" id=\"h-2-la-coppia-dei-morti-viventi\">2. La coppia dei morti viventi<\/h2>\n\n\n\n<p>La coppia di scheletri appena riemersa dal sottosuolo \u00e8 inquietante. Con il colore di capelli e la giacca di pelle nera i due morti viventi sono assolutamente in pendant. Ci regalano anche un bel bacio della morte. Si aggiudicano cos\u00ec il secondo posto!<\/p>\n\n\n\n<figure class=\"wp-block-gallery has-nested-images columns-1 is-cropped wp-block-gallery-1 is-layout-flex wp-block-gallery-is-layout-flex\">\n<figure class=\"wp-block-image size-large\"><img loading=\"lazy\" decoding=\"async\" width=\"458\" height=\"1024\" data-id=\"148812\" src=\"https:\/\/www.monaco-tribune.com\/wp-content\/uploads\/2022\/11\/halloween-ronald-cassandre-458x1024.jpg\" alt=\"\" class=\"wp-image-148812\" srcset=\"https:\/\/www.monaco-tribune.com\/wp-content\/uploads\/2022\/11\/halloween-ronald-cassandre-458x1024.jpg 458w, https:\/\/www.monaco-tribune.com\/wp-content\/uploads\/2022\/11\/halloween-ronald-cassandre-134x300.jpg 134w, https:\/\/www.monaco-tribune.com\/wp-content\/uploads\/2022\/11\/halloween-ronald-cassandre.jpg 640w\" sizes=\"auto, (max-width: 458px) 100vw, 458px\" \/><\/figure>\n\n\n\n<figure class=\"wp-block-image size-large\"><img loading=\"lazy\" decoding=\"async\" width=\"768\" height=\"1024\" data-id=\"148814\" src=\"https:\/\/www.monaco-tribune.com\/wp-content\/uploads\/2022\/11\/halloween-cassandre.jpg\" alt=\"\" class=\"wp-image-148814\" srcset=\"https:\/\/www.monaco-tribune.com\/wp-content\/uploads\/2022\/11\/halloween-cassandre.jpg 768w, https:\/\/www.monaco-tribune.com\/wp-content\/uploads\/2022\/11\/halloween-cassandre-225x300.jpg 225w\" sizes=\"auto, (max-width: 768px) 100vw, 768px\" \/><\/figure>\n<figcaption class=\"blocks-gallery-caption\"><em><em>\u00a9 Ronald Bouquet<\/em><\/em><\/figcaption><\/figure>\n\n\n\n<h2 class=\"wp-block-heading\" id=\"h-1-crudelia-de-mon\">1. Crudelia De Mon<\/h2>\n\n\n\n<p>\u00c8 forse la cattiva pi\u00f9 famosa della Disney. Crudelia De Mon di <em>La carica dei 101 <\/em>\u00e8 odiosa, carismatica e, come si evince dal nome, CRUDELE. Basti pensare che realizzava pellicce con le pelli dei suoi cani. Grazie alla parrucca bicolore e all&#8217;irresistibile dalmata nella foto la nostra lettrice arriva al primo posto della Top 10! Speriamo soltanto che non riservi la stessa sorte ai suoi cani\u2026<\/p>\n\n\n<div class=\"wp-block-image\">\n<figure class=\"aligncenter size-full\"><img loading=\"lazy\" decoding=\"async\" width=\"598\" height=\"960\" src=\"https:\/\/www.monaco-tribune.com\/wp-content\/uploads\/2022\/11\/halloween-romy.jpg\" alt=\"\" class=\"wp-image-148820\" srcset=\"https:\/\/www.monaco-tribune.com\/wp-content\/uploads\/2022\/11\/halloween-romy.jpg 598w, https:\/\/www.monaco-tribune.com\/wp-content\/uploads\/2022\/11\/halloween-romy-187x300.jpg 187w\" sizes=\"auto, (max-width: 598px) 100vw, 598px\" \/><figcaption><em>\u00a9 Romy<\/em><\/figcaption><\/figure>\n<\/div>","protected":false},"excerpt":{"rendered":"<p>Siete stati in tanti a inviarci foto di Halloween dopo il lancio del concorso sulla pagina Facebook di Monaco Tribune. [&hellip;]<\/p>\n","protected":false},"author":69,"featured_media":148827,"comment_status":"closed","ping_status":"closed","sticky":false,"template":"","format":"standard","meta":{"_acf_changed":false,"footnotes":""},"categories":[1826,2433,1738],"tags":[],"post_sectags":[],"post_format":[2470],"class_list":["post-149234","post","type-post","status-publish","format-standard","has-post-thumbnail","hentry","category-la-nostra-scelta","category-le-vostre-opinioni","category-notizie","format-concorso"],"acf":[],"yoast_head":"<!-- This site is optimized with the Yoast SEO Premium plugin v26.8 (Yoast SEO v27.4) - https:\/\/yoast.com\/product\/yoast-seo-premium-wordpress\/ -->\n<title>TOP 10 dei travestimenti di Halloween dei nostri lettori<\/title>\n<meta name=\"description\" content=\"Siete stati in tanti a inviarci foto di Halloween dopo il lancio del concorso sulla pagina Facebook di Monaco Tribune. La redazione ha selezionato le 10\" \/>\n<meta name=\"robots\" content=\"index, follow, max-snippet:-1, max-image-preview:large, max-video-preview:-1\" \/>\n<link rel=\"canonical\" href=\"https:\/\/www.monaco-tribune.com\/it\/2022\/11\/top-10-dei-travestimenti-di-halloween-dei-lettori\/\" \/>\n<meta property=\"og:locale\" content=\"it_IT\" \/>\n<meta property=\"og:type\" content=\"article\" \/>\n<meta property=\"og:title\" content=\"TOP 10 dei travestimenti di Halloween dei nostri lettori - Monaco Tribune\" \/>\n<meta property=\"og:description\" content=\"Siete stati in tanti a inviarci foto di Halloween dopo il lancio del concorso sulla pagina Facebook di Monaco Tribune. La redazione ha selezionato le 10\" \/>\n<meta property=\"og:url\" content=\"https:\/\/www.monaco-tribune.com\/it\/2022\/11\/top-10-dei-travestimenti-di-halloween-dei-lettori\/\" \/>\n<meta property=\"og:site_name\" content=\"Monaco Tribune\" \/>\n<meta property=\"article:publisher\" content=\"https:\/\/www.facebook.com\/MonacoTribune\" \/>\n<meta property=\"article:published_time\" content=\"2022-11-09T12:33:47+00:00\" \/>\n<meta property=\"article:modified_time\" content=\"2022-11-09T14:39:37+00:00\" \/>\n<meta property=\"og:image\" content=\"https:\/\/www.monaco-tribune.com\/wp-content\/uploads\/2022\/11\/halloween-montage.jpg\" \/>\n\t<meta property=\"og:image:width\" content=\"1020\" \/>\n\t<meta property=\"og:image:height\" content=\"701\" \/>\n\t<meta property=\"og:image:type\" content=\"image\/jpeg\" \/>\n<meta name=\"author\" content=\"Sarah Incari\" \/>\n<meta name=\"twitter:card\" content=\"summary_large_image\" \/>\n<meta name=\"twitter:creator\" content=\"@MonacoTribune\" \/>\n<meta name=\"twitter:site\" content=\"@MonacoTribune\" \/>\n<script type=\"application\/ld+json\" class=\"yoast-schema-graph\">{\"@context\":\"https:\\\/\\\/schema.org\",\"@graph\":[{\"@type\":\"NewsArticle\",\"@id\":\"https:\\\/\\\/www.monaco-tribune.com\\\/it\\\/2022\\\/11\\\/top-10-dei-travestimenti-di-halloween-dei-lettori\\\/#article\",\"isPartOf\":{\"@id\":\"https:\\\/\\\/www.monaco-tribune.com\\\/it\\\/2022\\\/11\\\/top-10-dei-travestimenti-di-halloween-dei-lettori\\\/\"},\"author\":{\"name\":\"Sarah Incari\",\"@id\":\"https:\\\/\\\/www.monaco-tribune.com\\\/it\\\/#\\\/schema\\\/person\\\/dd3b5770833f791d3f4d808f1aa84499\"},\"headline\":\"TOP 10 dei travestimenti di Halloween dei nostri lettori\",\"datePublished\":\"2022-11-09T12:33:47+00:00\",\"dateModified\":\"2022-11-09T14:39:37+00:00\",\"mainEntityOfPage\":{\"@id\":\"https:\\\/\\\/www.monaco-tribune.com\\\/it\\\/2022\\\/11\\\/top-10-dei-travestimenti-di-halloween-dei-lettori\\\/\"},\"wordCount\":556,\"publisher\":{\"@id\":\"https:\\\/\\\/www.monaco-tribune.com\\\/it\\\/#organization\"},\"image\":{\"@id\":\"https:\\\/\\\/www.monaco-tribune.com\\\/it\\\/2022\\\/11\\\/top-10-dei-travestimenti-di-halloween-dei-lettori\\\/#primaryimage\"},\"thumbnailUrl\":\"https:\\\/\\\/www.monaco-tribune.com\\\/wp-content\\\/uploads\\\/2022\\\/11\\\/halloween-montage.jpg\",\"articleSection\":[\"La nostra scelta\",\"Le vostre opinioni\",\"Notizie\"],\"inLanguage\":\"it-IT\",\"copyrightYear\":\"2022\",\"copyrightHolder\":{\"@id\":\"https:\\\/\\\/www.monaco-tribune.com\\\/#organization\"}},{\"@type\":\"WebPage\",\"@id\":\"https:\\\/\\\/www.monaco-tribune.com\\\/it\\\/2022\\\/11\\\/top-10-dei-travestimenti-di-halloween-dei-lettori\\\/\",\"url\":\"https:\\\/\\\/www.monaco-tribune.com\\\/it\\\/2022\\\/11\\\/top-10-dei-travestimenti-di-halloween-dei-lettori\\\/\",\"name\":\"TOP 10 dei travestimenti di Halloween dei nostri lettori\",\"isPartOf\":{\"@id\":\"https:\\\/\\\/www.monaco-tribune.com\\\/it\\\/#website\"},\"primaryImageOfPage\":{\"@id\":\"https:\\\/\\\/www.monaco-tribune.com\\\/it\\\/2022\\\/11\\\/top-10-dei-travestimenti-di-halloween-dei-lettori\\\/#primaryimage\"},\"image\":{\"@id\":\"https:\\\/\\\/www.monaco-tribune.com\\\/it\\\/2022\\\/11\\\/top-10-dei-travestimenti-di-halloween-dei-lettori\\\/#primaryimage\"},\"thumbnailUrl\":\"https:\\\/\\\/www.monaco-tribune.com\\\/wp-content\\\/uploads\\\/2022\\\/11\\\/halloween-montage.jpg\",\"datePublished\":\"2022-11-09T12:33:47+00:00\",\"dateModified\":\"2022-11-09T14:39:37+00:00\",\"description\":\"Siete stati in tanti a inviarci foto di Halloween dopo il lancio del concorso sulla pagina Facebook di Monaco Tribune. La redazione ha selezionato le 10\",\"breadcrumb\":{\"@id\":\"https:\\\/\\\/www.monaco-tribune.com\\\/it\\\/2022\\\/11\\\/top-10-dei-travestimenti-di-halloween-dei-lettori\\\/#breadcrumb\"},\"inLanguage\":\"it-IT\",\"potentialAction\":[{\"@type\":\"ReadAction\",\"target\":[\"https:\\\/\\\/www.monaco-tribune.com\\\/it\\\/2022\\\/11\\\/top-10-dei-travestimenti-di-halloween-dei-lettori\\\/\"]}]},{\"@type\":\"ImageObject\",\"inLanguage\":\"it-IT\",\"@id\":\"https:\\\/\\\/www.monaco-tribune.com\\\/it\\\/2022\\\/11\\\/top-10-dei-travestimenti-di-halloween-dei-lettori\\\/#primaryimage\",\"url\":\"https:\\\/\\\/www.monaco-tribune.com\\\/wp-content\\\/uploads\\\/2022\\\/11\\\/halloween-montage.jpg\",\"contentUrl\":\"https:\\\/\\\/www.monaco-tribune.com\\\/wp-content\\\/uploads\\\/2022\\\/11\\\/halloween-montage.jpg\",\"width\":1020,\"height\":701,\"caption\":\"DR\"},{\"@type\":\"BreadcrumbList\",\"@id\":\"https:\\\/\\\/www.monaco-tribune.com\\\/it\\\/2022\\\/11\\\/top-10-dei-travestimenti-di-halloween-dei-lettori\\\/#breadcrumb\",\"itemListElement\":[{\"@type\":\"ListItem\",\"position\":1,\"name\":\"Accueil\",\"item\":\"https:\\\/\\\/www.monaco-tribune.com\\\/it\\\/\"},{\"@type\":\"ListItem\",\"position\":2,\"name\":\"TOP 10 dei travestimenti di Halloween dei nostri lettori\"}]},{\"@type\":\"WebSite\",\"@id\":\"https:\\\/\\\/www.monaco-tribune.com\\\/it\\\/#website\",\"url\":\"https:\\\/\\\/www.monaco-tribune.com\\\/it\\\/\",\"name\":\"Monaco Tribune\",\"description\":\"Monaco : actualit\u00e9s \u00e9conomiques, politiques, culturelles et sportives de Monaco et de la French Riviera.\",\"publisher\":{\"@id\":\"https:\\\/\\\/www.monaco-tribune.com\\\/it\\\/#organization\"},\"potentialAction\":[{\"@type\":\"SearchAction\",\"target\":{\"@type\":\"EntryPoint\",\"urlTemplate\":\"https:\\\/\\\/www.monaco-tribune.com\\\/it\\\/?s={search_term_string}\"},\"query-input\":{\"@type\":\"PropertyValueSpecification\",\"valueRequired\":true,\"valueName\":\"search_term_string\"}}],\"inLanguage\":\"it-IT\"},{\"@type\":\"Organization\",\"@id\":\"https:\\\/\\\/www.monaco-tribune.com\\\/it\\\/#organization\",\"name\":\"Monaco Tribune\",\"url\":\"https:\\\/\\\/www.monaco-tribune.com\\\/it\\\/\",\"logo\":{\"@type\":\"ImageObject\",\"inLanguage\":\"it-IT\",\"@id\":\"https:\\\/\\\/www.monaco-tribune.com\\\/it\\\/#\\\/schema\\\/logo\\\/image\\\/\",\"url\":\"https:\\\/\\\/www.monaco-tribune.com\\\/wp-content\\\/uploads\\\/2022\\\/11\\\/logo-monaco-tribune.png\",\"contentUrl\":\"https:\\\/\\\/www.monaco-tribune.com\\\/wp-content\\\/uploads\\\/2022\\\/11\\\/logo-monaco-tribune.png\",\"width\":1548,\"height\":600,\"caption\":\"Monaco Tribune\"},\"image\":{\"@id\":\"https:\\\/\\\/www.monaco-tribune.com\\\/it\\\/#\\\/schema\\\/logo\\\/image\\\/\"},\"sameAs\":[\"https:\\\/\\\/www.facebook.com\\\/MonacoTribune\",\"https:\\\/\\\/x.com\\\/MonacoTribune\",\"https:\\\/\\\/www.instagram.com\\\/monacotribune\\\/\",\"https:\\\/\\\/www.linkedin.com\\\/company\\\/monaco-tribune\",\"https:\\\/\\\/www.youtube.com\\\/channel\\\/UCHle1MnG6hw1y4lWKijVbMA\"]},{\"@type\":\"Person\",\"@id\":\"https:\\\/\\\/www.monaco-tribune.com\\\/it\\\/#\\\/schema\\\/person\\\/dd3b5770833f791d3f4d808f1aa84499\",\"name\":\"Sarah Incari\",\"image\":{\"@type\":\"ImageObject\",\"inLanguage\":\"it-IT\",\"@id\":\"https:\\\/\\\/secure.gravatar.com\\\/avatar\\\/4ac0b37be892d57107ccdd804e3f2a03bf1e3fca097512136d3603859293cb0e?s=96&d=mm&r=g\",\"url\":\"https:\\\/\\\/secure.gravatar.com\\\/avatar\\\/4ac0b37be892d57107ccdd804e3f2a03bf1e3fca097512136d3603859293cb0e?s=96&d=mm&r=g\",\"contentUrl\":\"https:\\\/\\\/secure.gravatar.com\\\/avatar\\\/4ac0b37be892d57107ccdd804e3f2a03bf1e3fca097512136d3603859293cb0e?s=96&d=mm&r=g\",\"caption\":\"Sarah Incari\"},\"url\":\"https:\\\/\\\/www.monaco-tribune.com\\\/it\\\/author\\\/sarahincari\\\/\"}]}<\/script>\n<!-- \/ Yoast SEO Premium plugin. -->","yoast_head_json":{"title":"TOP 10 dei travestimenti di Halloween dei nostri lettori","description":"Siete stati in tanti a inviarci foto di Halloween dopo il lancio del concorso sulla pagina Facebook di Monaco Tribune. La redazione ha selezionato le 10","robots":{"index":"index","follow":"follow","max-snippet":"max-snippet:-1","max-image-preview":"max-image-preview:large","max-video-preview":"max-video-preview:-1"},"canonical":"https:\/\/www.monaco-tribune.com\/it\/2022\/11\/top-10-dei-travestimenti-di-halloween-dei-lettori\/","og_locale":"it_IT","og_type":"article","og_title":"TOP 10 dei travestimenti di Halloween dei nostri lettori - Monaco Tribune","og_description":"Siete stati in tanti a inviarci foto di Halloween dopo il lancio del concorso sulla pagina Facebook di Monaco Tribune. La redazione ha selezionato le 10","og_url":"https:\/\/www.monaco-tribune.com\/it\/2022\/11\/top-10-dei-travestimenti-di-halloween-dei-lettori\/","og_site_name":"Monaco Tribune","article_publisher":"https:\/\/www.facebook.com\/MonacoTribune","article_published_time":"2022-11-09T12:33:47+00:00","article_modified_time":"2022-11-09T14:39:37+00:00","og_image":[{"width":1020,"height":701,"url":"https:\/\/www.monaco-tribune.com\/wp-content\/uploads\/2022\/11\/halloween-montage.jpg","type":"image\/jpeg"}],"author":"Sarah Incari","twitter_card":"summary_large_image","twitter_creator":"@MonacoTribune","twitter_site":"@MonacoTribune","schema":{"@context":"https:\/\/schema.org","@graph":[{"@type":"NewsArticle","@id":"https:\/\/www.monaco-tribune.com\/it\/2022\/11\/top-10-dei-travestimenti-di-halloween-dei-lettori\/#article","isPartOf":{"@id":"https:\/\/www.monaco-tribune.com\/it\/2022\/11\/top-10-dei-travestimenti-di-halloween-dei-lettori\/"},"author":{"name":"Sarah Incari","@id":"https:\/\/www.monaco-tribune.com\/it\/#\/schema\/person\/dd3b5770833f791d3f4d808f1aa84499"},"headline":"TOP 10 dei travestimenti di Halloween dei nostri lettori","datePublished":"2022-11-09T12:33:47+00:00","dateModified":"2022-11-09T14:39:37+00:00","mainEntityOfPage":{"@id":"https:\/\/www.monaco-tribune.com\/it\/2022\/11\/top-10-dei-travestimenti-di-halloween-dei-lettori\/"},"wordCount":556,"publisher":{"@id":"https:\/\/www.monaco-tribune.com\/it\/#organization"},"image":{"@id":"https:\/\/www.monaco-tribune.com\/it\/2022\/11\/top-10-dei-travestimenti-di-halloween-dei-lettori\/#primaryimage"},"thumbnailUrl":"https:\/\/www.monaco-tribune.com\/wp-content\/uploads\/2022\/11\/halloween-montage.jpg","articleSection":["La nostra scelta","Le vostre opinioni","Notizie"],"inLanguage":"it-IT","copyrightYear":"2022","copyrightHolder":{"@id":"https:\/\/www.monaco-tribune.com\/#organization"}},{"@type":"WebPage","@id":"https:\/\/www.monaco-tribune.com\/it\/2022\/11\/top-10-dei-travestimenti-di-halloween-dei-lettori\/","url":"https:\/\/www.monaco-tribune.com\/it\/2022\/11\/top-10-dei-travestimenti-di-halloween-dei-lettori\/","name":"TOP 10 dei travestimenti di Halloween dei nostri lettori","isPartOf":{"@id":"https:\/\/www.monaco-tribune.com\/it\/#website"},"primaryImageOfPage":{"@id":"https:\/\/www.monaco-tribune.com\/it\/2022\/11\/top-10-dei-travestimenti-di-halloween-dei-lettori\/#primaryimage"},"image":{"@id":"https:\/\/www.monaco-tribune.com\/it\/2022\/11\/top-10-dei-travestimenti-di-halloween-dei-lettori\/#primaryimage"},"thumbnailUrl":"https:\/\/www.monaco-tribune.com\/wp-content\/uploads\/2022\/11\/halloween-montage.jpg","datePublished":"2022-11-09T12:33:47+00:00","dateModified":"2022-11-09T14:39:37+00:00","description":"Siete stati in tanti a inviarci foto di Halloween dopo il lancio del concorso sulla pagina Facebook di Monaco Tribune. La redazione ha selezionato le 10","breadcrumb":{"@id":"https:\/\/www.monaco-tribune.com\/it\/2022\/11\/top-10-dei-travestimenti-di-halloween-dei-lettori\/#breadcrumb"},"inLanguage":"it-IT","potentialAction":[{"@type":"ReadAction","target":["https:\/\/www.monaco-tribune.com\/it\/2022\/11\/top-10-dei-travestimenti-di-halloween-dei-lettori\/"]}]},{"@type":"ImageObject","inLanguage":"it-IT","@id":"https:\/\/www.monaco-tribune.com\/it\/2022\/11\/top-10-dei-travestimenti-di-halloween-dei-lettori\/#primaryimage","url":"https:\/\/www.monaco-tribune.com\/wp-content\/uploads\/2022\/11\/halloween-montage.jpg","contentUrl":"https:\/\/www.monaco-tribune.com\/wp-content\/uploads\/2022\/11\/halloween-montage.jpg","width":1020,"height":701,"caption":"DR"},{"@type":"BreadcrumbList","@id":"https:\/\/www.monaco-tribune.com\/it\/2022\/11\/top-10-dei-travestimenti-di-halloween-dei-lettori\/#breadcrumb","itemListElement":[{"@type":"ListItem","position":1,"name":"Accueil","item":"https:\/\/www.monaco-tribune.com\/it\/"},{"@type":"ListItem","position":2,"name":"TOP 10 dei travestimenti di Halloween dei nostri lettori"}]},{"@type":"WebSite","@id":"https:\/\/www.monaco-tribune.com\/it\/#website","url":"https:\/\/www.monaco-tribune.com\/it\/","name":"Monaco Tribune","description":"Monaco : actualit\u00e9s \u00e9conomiques, politiques, culturelles et sportives de Monaco et de la French Riviera.","publisher":{"@id":"https:\/\/www.monaco-tribune.com\/it\/#organization"},"potentialAction":[{"@type":"SearchAction","target":{"@type":"EntryPoint","urlTemplate":"https:\/\/www.monaco-tribune.com\/it\/?s={search_term_string}"},"query-input":{"@type":"PropertyValueSpecification","valueRequired":true,"valueName":"search_term_string"}}],"inLanguage":"it-IT"},{"@type":"Organization","@id":"https:\/\/www.monaco-tribune.com\/it\/#organization","name":"Monaco Tribune","url":"https:\/\/www.monaco-tribune.com\/it\/","logo":{"@type":"ImageObject","inLanguage":"it-IT","@id":"https:\/\/www.monaco-tribune.com\/it\/#\/schema\/logo\/image\/","url":"https:\/\/www.monaco-tribune.com\/wp-content\/uploads\/2022\/11\/logo-monaco-tribune.png","contentUrl":"https:\/\/www.monaco-tribune.com\/wp-content\/uploads\/2022\/11\/logo-monaco-tribune.png","width":1548,"height":600,"caption":"Monaco Tribune"},"image":{"@id":"https:\/\/www.monaco-tribune.com\/it\/#\/schema\/logo\/image\/"},"sameAs":["https:\/\/www.facebook.com\/MonacoTribune","https:\/\/x.com\/MonacoTribune","https:\/\/www.instagram.com\/monacotribune\/","https:\/\/www.linkedin.com\/company\/monaco-tribune","https:\/\/www.youtube.com\/channel\/UCHle1MnG6hw1y4lWKijVbMA"]},{"@type":"Person","@id":"https:\/\/www.monaco-tribune.com\/it\/#\/schema\/person\/dd3b5770833f791d3f4d808f1aa84499","name":"Sarah Incari","image":{"@type":"ImageObject","inLanguage":"it-IT","@id":"https:\/\/secure.gravatar.com\/avatar\/4ac0b37be892d57107ccdd804e3f2a03bf1e3fca097512136d3603859293cb0e?s=96&d=mm&r=g","url":"https:\/\/secure.gravatar.com\/avatar\/4ac0b37be892d57107ccdd804e3f2a03bf1e3fca097512136d3603859293cb0e?s=96&d=mm&r=g","contentUrl":"https:\/\/secure.gravatar.com\/avatar\/4ac0b37be892d57107ccdd804e3f2a03bf1e3fca097512136d3603859293cb0e?s=96&d=mm&r=g","caption":"Sarah Incari"},"url":"https:\/\/www.monaco-tribune.com\/it\/author\/sarahincari\/"}]}},"_links":{"self":[{"href":"https:\/\/www.monaco-tribune.com\/it\/wp-json\/wp\/v2\/posts\/149234","targetHints":{"allow":["GET"]}}],"collection":[{"href":"https:\/\/www.monaco-tribune.com\/it\/wp-json\/wp\/v2\/posts"}],"about":[{"href":"https:\/\/www.monaco-tribune.com\/it\/wp-json\/wp\/v2\/types\/post"}],"author":[{"embeddable":true,"href":"https:\/\/www.monaco-tribune.com\/it\/wp-json\/wp\/v2\/users\/69"}],"replies":[{"embeddable":true,"href":"https:\/\/www.monaco-tribune.com\/it\/wp-json\/wp\/v2\/comments?post=149234"}],"version-history":[{"count":0,"href":"https:\/\/www.monaco-tribune.com\/it\/wp-json\/wp\/v2\/posts\/149234\/revisions"}],"wp:featuredmedia":[{"embeddable":true,"href":"https:\/\/www.monaco-tribune.com\/it\/wp-json\/wp\/v2\/media\/148827"}],"wp:attachment":[{"href":"https:\/\/www.monaco-tribune.com\/it\/wp-json\/wp\/v2\/media?parent=149234"}],"wp:term":[{"taxonomy":"category","embeddable":true,"href":"https:\/\/www.monaco-tribune.com\/it\/wp-json\/wp\/v2\/categories?post=149234"},{"taxonomy":"post_tag","embeddable":true,"href":"https:\/\/www.monaco-tribune.com\/it\/wp-json\/wp\/v2\/tags?post=149234"},{"taxonomy":"sectag","embeddable":true,"href":"https:\/\/www.monaco-tribune.com\/it\/wp-json\/wp\/v2\/post_sectags?post=149234"},{"taxonomy":"format","embeddable":true,"href":"https:\/\/www.monaco-tribune.com\/it\/wp-json\/wp\/v2\/post_format?post=149234"}],"curies":[{"name":"wp","href":"https:\/\/api.w.org\/{rel}","templated":true}]}}