{"id":150160,"date":"2022-11-15T17:11:43","date_gmt":"2022-11-15T16:11:43","guid":{"rendered":"https:\/\/www.monaco-tribune.com\/2022\/11\/inflazione-i-commercianti-monegaschi-costretti-ad-aumentare-i-prezzi\/"},"modified":"2022-11-15T17:12:00","modified_gmt":"2022-11-15T16:12:00","slug":"inflazione-i-commercianti-monegaschi-costretti-ad-aumentare-i-prezzi","status":"publish","type":"post","link":"https:\/\/www.monaco-tribune.com\/it\/2022\/11\/inflazione-i-commercianti-monegaschi-costretti-ad-aumentare-i-prezzi\/","title":{"rendered":"Inflazione: i commercianti monegaschi costretti ad aumentare i prezzi"},"content":{"rendered":"\n<p><strong>Come i loro vicini francesi, anche i rivenditori monegaschi combattono con l&#8217;inflazione da diversi mesi. Monaco Tribune ha fatto due chiacchiere con loro.<\/strong><\/p>\n\n<p>Sono le 13:00 passate. Nel trambusto del mercato della Condamine, il <a href=\"https:\/\/www.monaco-tribune.com\/it\/2021\/11\/la-migliore-pasta-di-monaco-da-cesano\/\">personale della Maison des P\u00e2tes<\/a> si d\u00e0 da fare. Il ristorante, noto per la sua deliziosa pasta fresca, ha ancora molti clienti in fila, nonostante il recente aumento dei prezzi. Per la direttrice Ornella, \u00e8 la farina a pesare di pi\u00f9 sulla bilancia. Il prezzo all&#8217;acquisto \u00e8 aumentato &#8220;di circa il 35%&#8221;.<\/p>\n\n<p>\u00c8 chiaro, quindi, che questo abbia delle ripercussioni sul men\u00f9. I piatti a 8,50 euro sono passati a 9, quelli a 9,70 euro a 10 e quelli a 10,70 euro sono stati arrotondati a 11&#8230; Un aumento per il consumatore di circa il 5-10%.<\/p>\n\n<h2 class=\"wp-block-heading\">Da 3 euro a 3,50 euro per una pallina di gelato<\/h2>\n\n<p>Lo stesso problema si riscontra da Santo Gelato, una famosa gelateria artigianale situata nel cuore di Place d&#8217;Armes. &#8220;Oltre al latte, ai pistacchi e alle nocciole, tutti i nostri prodotti che richiedono l&#8217;uso di farina ne hanno risentito. Penso ai coni, ai biscotti, ai gelati con base di biscotto e al panettone gelato, che \u00e8 un prodotto di punta a Natale&#8221;, spiega la direttrice Sofia Stampfl. &#8220;Abbiamo registrato un aumento del 35% sul panettone, ma non imponiamo la stessa percentuale ai nostri clienti. Per fare un esempio, quello piccolo \u00e8 passato da 18 a 20 euro&#8221;.<\/p>\n<blockquote class=\"instagram-media\" data-instgrm-captioned=\"\" data-instgrm-permalink=\"https:\/\/www.instagram.com\/p\/BrUwxquBN-I\/?utm_source=ig_embed&amp;utm_campaign=loading\" data-instgrm-version=\"14\" style=\" background:#FFF; border:0; border-radius:3px; box-shadow:0 0 1px 0 rgba(0,0,0,0.5),0 1px 10px 0 rgba(0,0,0,0.15); margin: 1px; max-width:540px; min-width:326px; padding:0; width:99.375%; width:-webkit-calc(100% - 2px); width:calc(100% - 2px);\">\n<div style=\"padding:16px;\"> <a href=\"https:\/\/www.instagram.com\/p\/BrUwxquBN-I\/?utm_source=ig_embed&amp;utm_campaign=loading\" style=\" background:#FFFFFF; line-height:0; padding:0 0; text-align:center; text-decoration:none; width:100%;\" target=\"_blank\" rel=\"noopener\"> <\/p>\n<div style=\" display: flex; flex-direction: row; align-items: center;\">\n<div style=\"background-color: #F4F4F4; border-radius: 50%; flex-grow: 0; height: 40px; margin-right: 14px; width: 40px;\"><\/div>\n<div style=\"display: flex; flex-direction: column; flex-grow: 1; justify-content: center;\">\n<div style=\" background-color: #F4F4F4; border-radius: 4px; flex-grow: 0; height: 14px; margin-bottom: 6px; width: 100px;\"><\/div>\n<div style=\" background-color: #F4F4F4; border-radius: 4px; flex-grow: 0; height: 14px; width: 60px;\"><\/div>\n<\/div>\n<\/div>\n<div style=\"padding: 19% 0;\"><\/div>\n<div style=\"display:block; height:50px; margin:0 auto 12px; width:50px;\"><svg width=\"50px\" height=\"50px\" viewBox=\"0 0 60 60\" version=\"1.1\" xmlns=\"https:\/\/www.w3.org\/2000\/svg\" xmlns:xlink=\"https:\/\/www.w3.org\/1999\/xlink\"><g stroke=\"none\" stroke-width=\"1\" fill=\"none\" fill-rule=\"evenodd\"><g transform=\"translate(-511.000000, -20.000000)\" fill=\"#000000\"><g><path d=\"M556.869,30.41 C554.814,30.41 553.148,32.076 553.148,34.131 C553.148,36.186 554.814,37.852 556.869,37.852 C558.924,37.852 560.59,36.186 560.59,34.131 C560.59,32.076 558.924,30.41 556.869,30.41 M541,60.657 C535.114,60.657 530.342,55.887 530.342,50 C530.342,44.114 535.114,39.342 541,39.342 C546.887,39.342 551.658,44.114 551.658,50 C551.658,55.887 546.887,60.657 541,60.657 M541,33.886 C532.1,33.886 524.886,41.1 524.886,50 C524.886,58.899 532.1,66.113 541,66.113 C549.9,66.113 557.115,58.899 557.115,50 C557.115,41.1 549.9,33.886 541,33.886 M565.378,62.101 C565.244,65.022 564.756,66.606 564.346,67.663 C563.803,69.06 563.154,70.057 562.106,71.106 C561.058,72.155 560.06,72.803 558.662,73.347 C557.607,73.757 556.021,74.244 553.102,74.378 C549.944,74.521 548.997,74.552 541,74.552 C533.003,74.552 532.056,74.521 528.898,74.378 C525.979,74.244 524.393,73.757 523.338,73.347 C521.94,72.803 520.942,72.155 519.894,71.106 C518.846,70.057 518.197,69.06 517.654,67.663 C517.244,66.606 516.755,65.022 516.623,62.101 C516.479,58.943 516.448,57.996 516.448,50 C516.448,42.003 516.479,41.056 516.623,37.899 C516.755,34.978 517.244,33.391 517.654,32.338 C518.197,30.938 518.846,29.942 519.894,28.894 C520.942,27.846 521.94,27.196 523.338,26.654 C524.393,26.244 525.979,25.756 528.898,25.623 C532.057,25.479 533.004,25.448 541,25.448 C548.997,25.448 549.943,25.479 553.102,25.623 C556.021,25.756 557.607,26.244 558.662,26.654 C560.06,27.196 561.058,27.846 562.106,28.894 C563.154,29.942 563.803,30.938 564.346,32.338 C564.756,33.391 565.244,34.978 565.378,37.899 C565.522,41.056 565.552,42.003 565.552,50 C565.552,57.996 565.522,58.943 565.378,62.101 M570.82,37.631 C570.674,34.438 570.167,32.258 569.425,30.349 C568.659,28.377 567.633,26.702 565.965,25.035 C564.297,23.368 562.623,22.342 560.652,21.575 C558.743,20.834 556.562,20.326 553.369,20.18 C550.169,20.033 549.148,20 541,20 C532.853,20 531.831,20.033 528.631,20.18 C525.438,20.326 523.257,20.834 521.349,21.575 C519.376,22.342 517.703,23.368 516.035,25.035 C514.368,26.702 513.342,28.377 512.574,30.349 C511.834,32.258 511.326,34.438 511.181,37.631 C511.035,40.831 511,41.851 511,50 C511,58.147 511.035,59.17 511.181,62.369 C511.326,65.562 511.834,67.743 512.574,69.651 C513.342,71.625 514.368,73.296 516.035,74.965 C517.703,76.634 519.376,77.658 521.349,78.425 C523.257,79.167 525.438,79.673 528.631,79.82 C531.831,79.965 532.853,80.001 541,80.001 C549.148,80.001 550.169,79.965 553.369,79.82 C556.562,79.673 558.743,79.167 560.652,78.425 C562.623,77.658 564.297,76.634 565.965,74.965 C567.633,73.296 568.659,71.625 569.425,69.651 C570.167,67.743 570.674,65.562 570.82,62.369 C570.966,59.17 571,58.147 571,50 C571,41.851 570.966,40.831 570.82,37.631\"><\/path><\/g><\/g><\/g><\/svg><\/div>\n<div style=\"padding-top: 8px;\">\n<div style=\" color:#3897f0; font-family:Arial,sans-serif; font-size:14px; font-style:normal; font-weight:550; line-height:18px;\">Voir cette publication sur Instagram<\/div>\n<\/div>\n<div style=\"padding: 12.5% 0;\"><\/div>\n<div style=\"display: flex; flex-direction: row; margin-bottom: 14px; align-items: center;\">\n<div>\n<div style=\"background-color: #F4F4F4; border-radius: 50%; height: 12.5px; width: 12.5px; transform: translateX(0px) translateY(7px);\"><\/div>\n<div style=\"background-color: #F4F4F4; height: 12.5px; transform: rotate(-45deg) translateX(3px) translateY(1px); width: 12.5px; flex-grow: 0; margin-right: 14px; margin-left: 2px;\"><\/div>\n<div style=\"background-color: #F4F4F4; border-radius: 50%; height: 12.5px; width: 12.5px; transform: translateX(9px) translateY(-18px);\"><\/div>\n<\/div>\n<div style=\"margin-left: 8px;\">\n<div style=\" background-color: #F4F4F4; border-radius: 50%; flex-grow: 0; height: 20px; width: 20px;\"><\/div>\n<div style=\" width: 0; height: 0; border-top: 2px solid transparent; border-left: 6px solid #f4f4f4; border-bottom: 2px solid transparent; transform: translateX(16px) translateY(-4px) rotate(30deg)\"><\/div>\n<\/div>\n<div style=\"margin-left: auto;\">\n<div style=\" width: 0px; border-top: 8px solid #F4F4F4; border-right: 8px solid transparent; transform: translateY(16px);\"><\/div>\n<div style=\" background-color: #F4F4F4; flex-grow: 0; height: 12px; width: 16px; transform: translateY(-4px);\"><\/div>\n<div style=\" width: 0; height: 0; border-top: 8px solid #F4F4F4; border-left: 8px solid transparent; transform: translateY(-4px) translateX(8px);\"><\/div>\n<\/div>\n<\/div>\n<div style=\"display: flex; flex-direction: column; flex-grow: 1; justify-content: center; margin-bottom: 24px;\">\n<div style=\" background-color: #F4F4F4; border-radius: 4px; flex-grow: 0; height: 14px; margin-bottom: 6px; width: 224px;\"><\/div>\n<div style=\" background-color: #F4F4F4; border-radius: 4px; flex-grow: 0; height: 14px; width: 144px;\"><\/div>\n<\/div>\n<p><\/a><\/p>\n<p style=\" color:#c9c8cd; font-family:Arial,sans-serif; font-size:14px; line-height:17px; margin-bottom:0; margin-top:8px; overflow:hidden; padding:8px 0 7px; text-align:center; text-overflow:ellipsis; white-space:nowrap;\"><a href=\"https:\/\/www.instagram.com\/p\/BrUwxquBN-I\/?utm_source=ig_embed&amp;utm_campaign=loading\" style=\" color:#c9c8cd; font-family:Arial,sans-serif; font-size:14px; font-style:normal; font-weight:normal; line-height:17px; text-decoration:none;\" target=\"_blank\" rel=\"noopener\">Une publication partag\u00e9e par Santo gelato (@santogelatomonaco)<\/a><\/p>\n<\/div>\n<\/blockquote>\n<p> <script async=\"\" src=\"\/\/www.instagram.com\/embed.js\"><\/script><\/p>\n\n<p>Nel 2021, gli amanti del cibo hanno pagato 3 euro per una pallina di gelato. Da febbraio scorso hanno dovuto sborsare 3,50 euro. &#8220;Avremmo potuto aumentare ancora i prezzi durante l&#8217;estate, ma non l&#8217;abbiamo fatto. Preferiamo ridurre i nostri margini, perch\u00e9 ci rendiamo conto che la vita sta diventando pi\u00f9 costosa per tutti&#8221;, continua la responsabile.<\/p>\n\n<figure class=\"wp-block-gallery has-nested-images columns-1 is-cropped wp-block-gallery-1 is-layout-flex wp-block-gallery-is-layout-flex\">\n<figure class=\"wp-block-image size-large\"><img loading=\"lazy\" decoding=\"async\" width=\"1024\" height=\"787\" data-id=\"149414\" src=\"https:\/\/www.monaco-tribune.com\/wp-content\/uploads\/2022\/11\/glacier-santo-gelato-equipe-1024x787.jpeg\" alt=\"\" class=\"wp-image-149414\" srcset=\"https:\/\/www.monaco-tribune.com\/wp-content\/uploads\/2022\/11\/glacier-santo-gelato-equipe-1024x787.jpeg 1024w, https:\/\/www.monaco-tribune.com\/wp-content\/uploads\/2022\/11\/glacier-santo-gelato-equipe-390x300.jpeg 390w, https:\/\/www.monaco-tribune.com\/wp-content\/uploads\/2022\/11\/glacier-santo-gelato-equipe.jpeg 1351w\" sizes=\"auto, (max-width: 1024px) 100vw, 1024px\" \/><\/figure>\n\n\n\n<figure class=\"wp-block-image size-large\"><img loading=\"lazy\" decoding=\"async\" width=\"1024\" height=\"740\" data-id=\"149418\" src=\"https:\/\/www.monaco-tribune.com\/wp-content\/uploads\/2022\/11\/glaces-santo-gelato-1024x740.jpeg\" alt=\"gelati-santo-gelato\" class=\"wp-image-149418\" srcset=\"https:\/\/www.monaco-tribune.com\/wp-content\/uploads\/2022\/11\/glaces-santo-gelato-1024x740.jpeg 1024w, https:\/\/www.monaco-tribune.com\/wp-content\/uploads\/2022\/11\/glaces-santo-gelato-415x300.jpeg 415w, https:\/\/www.monaco-tribune.com\/wp-content\/uploads\/2022\/11\/glaces-santo-gelato.jpeg 1263w\" sizes=\"auto, (max-width: 1024px) 100vw, 1024px\" \/><\/figure>\n<figcaption class=\"blocks-gallery-caption\"><em>Glacier Santo Gelato<\/em> <em>\u00a9 Monaco Tribune \/ Paul Charoy<\/em><\/figcaption><\/figure>\n\n<h2 class=\"wp-block-heading\" id=\"h-les-clients-comprehensifs\">Clienti comprensivi<\/h2>\n\n<p>Nel complesso, i clienti sono piuttosto comprensivi: &#8220;Onestamente, sono stati in pochi a farci notare l&#8217;aumento dei prezzi&#8221;, ci rassicura la Maison des P\u00e2tes. &#8220;Potrebbe essere perch\u00e9 abbiamo iniziato con prezzi molto bassi&#8221;. L&#8217;idea del locale \u00e8 quella di non lesinare sull&#8217;abbondanza dei piatti e sulla qualit\u00e0 della pasta, entrambi motivi che hanno reso famoso il ristorante per diversi decenni.<\/p>\n\n<p><strong>LEGGI ANCHE:<\/strong> <a href=\"https:\/\/www.monaco-tribune.com\/it\/2022\/09\/elettricita-caro-bollette-a-monaco-nel-2023\/\">Elettricit\u00e0: caro bollette a Monaco nel 2023?<\/a><\/p>\n\n<p>Per quanto riguarda il gelato, &#8220;\u00e8 ancora un piacere che ci si pu\u00f2 permettere&#8221;, rassicura lo staff di Santo Gelato.<\/p>\n<div class=\"wp-block-image\">\n<figure class=\"aligncenter size-large\"><img loading=\"lazy\" decoding=\"async\" width=\"1024\" height=\"678\" src=\"https:\/\/www.monaco-tribune.com\/wp-content\/uploads\/2022\/11\/lepidor-boulangerie-1024x678.jpeg\" alt=\"lepidor-boulangerie\" class=\"wp-image-149422\" srcset=\"https:\/\/www.monaco-tribune.com\/wp-content\/uploads\/2022\/11\/lepidor-boulangerie-1024x678.jpeg 1024w, https:\/\/www.monaco-tribune.com\/wp-content\/uploads\/2022\/11\/lepidor-boulangerie-453x300.jpeg 453w, https:\/\/www.monaco-tribune.com\/wp-content\/uploads\/2022\/11\/lepidor-boulangerie.jpeg 1542w\" sizes=\"auto, (max-width: 1024px) 100vw, 1024px\" \/><figcaption><em>Boulangerie Epi d&#8217;Or \u00a9 Monaco Tribune \/ Paul Charoy<\/em><\/figcaption><\/figure>\n<\/div>\n<p>Sempre nel cuore del quartiere della Condamine, abbiamo fatto visita alla pasticceria \u00c9pi d&#8217;Or. In questa elegante <em>boulangerie<\/em>, dove il profumo del buon pane e la bellezza dei dolci stuzzicano l&#8217;appetito, da un paio di settimane si spende qualche centesimo in pi\u00f9.&#8221;I prezzi sono aumentati in media del 10%&#8221;, afferma Andrea Pani.<\/p>\n\n<p><strong>LEGGI ANCHE:<\/strong> <a href=\"https:\/\/www.monaco-tribune.com\/it\/2022\/09\/monaco-economic-board-un-anno-molto-promettente-in-vista\/\">Monaco Economic Board: un anno \u201cmolto promettente\u201d in vista<\/a><\/p>\n\n<p>Per il vicedirettore dell&#8217;\u00c9pi d&#8217;Or, &#8220;questo aumento \u00e8 giustificato in primo luogo dalla notevole inflazione del prezzo delle materie prime come la farina, il burro, il latte o il caff\u00e8&#8221;, ma anche dal notevole aumento del prezzo degli imballaggi. &#8220;In generale, i clienti comprendono le nostre variazioni di prezzo, ma gli anziani si possono infastidire, soprattutto quando arrivano con 1,30 euro preciso&#8221;. Dall&#8217;inizio di ottobre, infatti, il prezzo di una baguette \u00e8 passato da 1,30 a 1,50 euro (+15%).<\/p>\n","protected":false},"excerpt":{"rendered":"<p>Come i loro vicini francesi, anche i rivenditori monegaschi combattono con l&#8217;inflazione da diversi mesi. Monaco Tribune ha fatto due [&hellip;]<\/p>\n","protected":false},"author":69,"featured_media":149412,"comment_status":"closed","ping_status":"closed","sticky":false,"template":"","format":"standard","meta":{"_acf_changed":false,"footnotes":""},"categories":[1826,1738,1752],"tags":[],"post_sectags":[],"post_format":[2481],"class_list":["post-150160","post","type-post","status-publish","format-standard","has-post-thumbnail","hentry","category-la-nostra-scelta","category-notizie","category-societa","format-reportage-it"],"acf":[],"yoast_head":"<!-- This site is optimized with the Yoast SEO Premium plugin v27.5 (Yoast SEO v27.5) - https:\/\/yoast.com\/product\/yoast-seo-premium-wordpress\/ -->\n<title>Inflazione: i commercianti monegaschi costretti ad aumentare i prezzi<\/title>\n<meta name=\"description\" content=\"Come i loro vicini francesi, anche i rivenditori monegaschi combattono con l&#039;inflazione da diversi mesi. Monaco Tribune ha fatto due chiacchiere con loro.\" \/>\n<meta name=\"robots\" content=\"index, follow, max-snippet:-1, max-image-preview:large, max-video-preview:-1\" \/>\n<link rel=\"canonical\" href=\"https:\/\/www.monaco-tribune.com\/it\/2022\/11\/inflazione-i-commercianti-monegaschi-costretti-ad-aumentare-i-prezzi\/\" \/>\n<meta property=\"og:locale\" content=\"it_IT\" \/>\n<meta property=\"og:type\" content=\"article\" \/>\n<meta property=\"og:title\" content=\"Inflazione: i commercianti monegaschi costretti ad aumentare i prezzi - Monaco Tribune\" \/>\n<meta property=\"og:description\" content=\"Come i loro vicini francesi, anche i rivenditori monegaschi combattono con l&#039;inflazione da diversi mesi. Monaco Tribune ha fatto due chiacchiere con loro.\" \/>\n<meta property=\"og:url\" content=\"https:\/\/www.monaco-tribune.com\/it\/2022\/11\/inflazione-i-commercianti-monegaschi-costretti-ad-aumentare-i-prezzi\/\" \/>\n<meta property=\"og:site_name\" content=\"Monaco Tribune\" \/>\n<meta property=\"article:publisher\" content=\"https:\/\/www.facebook.com\/MonacoTribune\" \/>\n<meta property=\"article:published_time\" content=\"2022-11-15T16:11:43+00:00\" \/>\n<meta property=\"article:modified_time\" content=\"2022-11-15T16:12:00+00:00\" \/>\n<meta property=\"og:image\" content=\"https:\/\/www.monaco-tribune.com\/wp-content\/uploads\/2022\/11\/maison-des-pates.jpeg\" \/>\n\t<meta property=\"og:image:width\" content=\"1020\" \/>\n\t<meta property=\"og:image:height\" content=\"675\" \/>\n\t<meta property=\"og:image:type\" content=\"image\/jpeg\" \/>\n<meta name=\"author\" content=\"Sarah Incari\" \/>\n<meta name=\"twitter:card\" content=\"summary_large_image\" \/>\n<meta name=\"twitter:creator\" content=\"@MonacoTribune\" \/>\n<meta name=\"twitter:site\" content=\"@MonacoTribune\" \/>\n<script type=\"application\/ld+json\" class=\"yoast-schema-graph\">{\"@context\":\"https:\\\/\\\/schema.org\",\"@graph\":[{\"@type\":\"NewsArticle\",\"@id\":\"https:\\\/\\\/www.monaco-tribune.com\\\/it\\\/2022\\\/11\\\/inflazione-i-commercianti-monegaschi-costretti-ad-aumentare-i-prezzi\\\/#article\",\"isPartOf\":{\"@id\":\"https:\\\/\\\/www.monaco-tribune.com\\\/it\\\/2022\\\/11\\\/inflazione-i-commercianti-monegaschi-costretti-ad-aumentare-i-prezzi\\\/\"},\"author\":{\"name\":\"Sarah Incari\",\"@id\":\"https:\\\/\\\/www.monaco-tribune.com\\\/it\\\/#\\\/schema\\\/person\\\/dd3b5770833f791d3f4d808f1aa84499\"},\"headline\":\"Inflazione: i commercianti monegaschi costretti ad aumentare i prezzi\",\"datePublished\":\"2022-11-15T16:11:43+00:00\",\"dateModified\":\"2022-11-15T16:12:00+00:00\",\"mainEntityOfPage\":{\"@id\":\"https:\\\/\\\/www.monaco-tribune.com\\\/it\\\/2022\\\/11\\\/inflazione-i-commercianti-monegaschi-costretti-ad-aumentare-i-prezzi\\\/\"},\"wordCount\":549,\"publisher\":{\"@id\":\"https:\\\/\\\/www.monaco-tribune.com\\\/it\\\/#organization\"},\"image\":{\"@id\":\"https:\\\/\\\/www.monaco-tribune.com\\\/it\\\/2022\\\/11\\\/inflazione-i-commercianti-monegaschi-costretti-ad-aumentare-i-prezzi\\\/#primaryimage\"},\"thumbnailUrl\":\"https:\\\/\\\/www.monaco-tribune.com\\\/wp-content\\\/uploads\\\/2022\\\/11\\\/maison-des-pates.jpeg\",\"articleSection\":[\"La nostra scelta\",\"Notizie\",\"Societ\u00e0\"],\"inLanguage\":\"it-IT\",\"copyrightYear\":\"2022\",\"copyrightHolder\":{\"@id\":\"https:\\\/\\\/www.monaco-tribune.com\\\/#organization\"}},{\"@type\":\"WebPage\",\"@id\":\"https:\\\/\\\/www.monaco-tribune.com\\\/it\\\/2022\\\/11\\\/inflazione-i-commercianti-monegaschi-costretti-ad-aumentare-i-prezzi\\\/\",\"url\":\"https:\\\/\\\/www.monaco-tribune.com\\\/it\\\/2022\\\/11\\\/inflazione-i-commercianti-monegaschi-costretti-ad-aumentare-i-prezzi\\\/\",\"name\":\"Inflazione: i commercianti monegaschi costretti ad aumentare i prezzi\",\"isPartOf\":{\"@id\":\"https:\\\/\\\/www.monaco-tribune.com\\\/it\\\/#website\"},\"primaryImageOfPage\":{\"@id\":\"https:\\\/\\\/www.monaco-tribune.com\\\/it\\\/2022\\\/11\\\/inflazione-i-commercianti-monegaschi-costretti-ad-aumentare-i-prezzi\\\/#primaryimage\"},\"image\":{\"@id\":\"https:\\\/\\\/www.monaco-tribune.com\\\/it\\\/2022\\\/11\\\/inflazione-i-commercianti-monegaschi-costretti-ad-aumentare-i-prezzi\\\/#primaryimage\"},\"thumbnailUrl\":\"https:\\\/\\\/www.monaco-tribune.com\\\/wp-content\\\/uploads\\\/2022\\\/11\\\/maison-des-pates.jpeg\",\"datePublished\":\"2022-11-15T16:11:43+00:00\",\"dateModified\":\"2022-11-15T16:12:00+00:00\",\"description\":\"Come i loro vicini francesi, anche i rivenditori monegaschi combattono con l'inflazione da diversi mesi. Monaco Tribune ha fatto due chiacchiere con loro.\",\"breadcrumb\":{\"@id\":\"https:\\\/\\\/www.monaco-tribune.com\\\/it\\\/2022\\\/11\\\/inflazione-i-commercianti-monegaschi-costretti-ad-aumentare-i-prezzi\\\/#breadcrumb\"},\"inLanguage\":\"it-IT\",\"potentialAction\":[{\"@type\":\"ReadAction\",\"target\":[\"https:\\\/\\\/www.monaco-tribune.com\\\/it\\\/2022\\\/11\\\/inflazione-i-commercianti-monegaschi-costretti-ad-aumentare-i-prezzi\\\/\"]}]},{\"@type\":\"ImageObject\",\"inLanguage\":\"it-IT\",\"@id\":\"https:\\\/\\\/www.monaco-tribune.com\\\/it\\\/2022\\\/11\\\/inflazione-i-commercianti-monegaschi-costretti-ad-aumentare-i-prezzi\\\/#primaryimage\",\"url\":\"https:\\\/\\\/www.monaco-tribune.com\\\/wp-content\\\/uploads\\\/2022\\\/11\\\/maison-des-pates.jpeg\",\"contentUrl\":\"https:\\\/\\\/www.monaco-tribune.com\\\/wp-content\\\/uploads\\\/2022\\\/11\\\/maison-des-pates.jpeg\",\"width\":1020,\"height\":675,\"caption\":\"Paul Charoy \\\/ Monaco Tribune\"},{\"@type\":\"BreadcrumbList\",\"@id\":\"https:\\\/\\\/www.monaco-tribune.com\\\/it\\\/2022\\\/11\\\/inflazione-i-commercianti-monegaschi-costretti-ad-aumentare-i-prezzi\\\/#breadcrumb\",\"itemListElement\":[{\"@type\":\"ListItem\",\"position\":1,\"name\":\"Accueil\",\"item\":\"https:\\\/\\\/www.monaco-tribune.com\\\/it\\\/\"},{\"@type\":\"ListItem\",\"position\":2,\"name\":\"Inflazione: i commercianti monegaschi costretti ad aumentare i prezzi\"}]},{\"@type\":\"WebSite\",\"@id\":\"https:\\\/\\\/www.monaco-tribune.com\\\/it\\\/#website\",\"url\":\"https:\\\/\\\/www.monaco-tribune.com\\\/it\\\/\",\"name\":\"Monaco Tribune\",\"description\":\"Monaco : actualit\u00e9s \u00e9conomiques, politiques, culturelles et sportives de Monaco et de la French Riviera.\",\"publisher\":{\"@id\":\"https:\\\/\\\/www.monaco-tribune.com\\\/it\\\/#organization\"},\"potentialAction\":[{\"@type\":\"SearchAction\",\"target\":{\"@type\":\"EntryPoint\",\"urlTemplate\":\"https:\\\/\\\/www.monaco-tribune.com\\\/it\\\/?s={search_term_string}\"},\"query-input\":{\"@type\":\"PropertyValueSpecification\",\"valueRequired\":true,\"valueName\":\"search_term_string\"}}],\"inLanguage\":\"it-IT\"},{\"@type\":\"Organization\",\"@id\":\"https:\\\/\\\/www.monaco-tribune.com\\\/it\\\/#organization\",\"name\":\"Monaco Tribune\",\"url\":\"https:\\\/\\\/www.monaco-tribune.com\\\/it\\\/\",\"logo\":{\"@type\":\"ImageObject\",\"inLanguage\":\"it-IT\",\"@id\":\"https:\\\/\\\/www.monaco-tribune.com\\\/it\\\/#\\\/schema\\\/logo\\\/image\\\/\",\"url\":\"https:\\\/\\\/www.monaco-tribune.com\\\/wp-content\\\/uploads\\\/2022\\\/11\\\/logo-monaco-tribune.png\",\"contentUrl\":\"https:\\\/\\\/www.monaco-tribune.com\\\/wp-content\\\/uploads\\\/2022\\\/11\\\/logo-monaco-tribune.png\",\"width\":1548,\"height\":600,\"caption\":\"Monaco Tribune\"},\"image\":{\"@id\":\"https:\\\/\\\/www.monaco-tribune.com\\\/it\\\/#\\\/schema\\\/logo\\\/image\\\/\"},\"sameAs\":[\"https:\\\/\\\/www.facebook.com\\\/MonacoTribune\",\"https:\\\/\\\/x.com\\\/MonacoTribune\",\"https:\\\/\\\/www.instagram.com\\\/monacotribune\\\/\",\"https:\\\/\\\/www.linkedin.com\\\/company\\\/monaco-tribune\",\"https:\\\/\\\/www.youtube.com\\\/channel\\\/UCHle1MnG6hw1y4lWKijVbMA\"]},{\"@type\":\"Person\",\"@id\":\"https:\\\/\\\/www.monaco-tribune.com\\\/it\\\/#\\\/schema\\\/person\\\/dd3b5770833f791d3f4d808f1aa84499\",\"name\":\"Sarah Incari\",\"image\":{\"@type\":\"ImageObject\",\"inLanguage\":\"it-IT\",\"@id\":\"https:\\\/\\\/secure.gravatar.com\\\/avatar\\\/4ac0b37be892d57107ccdd804e3f2a03bf1e3fca097512136d3603859293cb0e?s=96&d=mm&r=g\",\"url\":\"https:\\\/\\\/secure.gravatar.com\\\/avatar\\\/4ac0b37be892d57107ccdd804e3f2a03bf1e3fca097512136d3603859293cb0e?s=96&d=mm&r=g\",\"contentUrl\":\"https:\\\/\\\/secure.gravatar.com\\\/avatar\\\/4ac0b37be892d57107ccdd804e3f2a03bf1e3fca097512136d3603859293cb0e?s=96&d=mm&r=g\",\"caption\":\"Sarah Incari\"},\"url\":\"https:\\\/\\\/www.monaco-tribune.com\\\/it\\\/author\\\/sarahincari\\\/\"}]}<\/script>\n<!-- \/ Yoast SEO Premium plugin. -->","yoast_head_json":{"title":"Inflazione: i commercianti monegaschi costretti ad aumentare i prezzi","description":"Come i loro vicini francesi, anche i rivenditori monegaschi combattono con l'inflazione da diversi mesi. Monaco Tribune ha fatto due chiacchiere con loro.","robots":{"index":"index","follow":"follow","max-snippet":"max-snippet:-1","max-image-preview":"max-image-preview:large","max-video-preview":"max-video-preview:-1"},"canonical":"https:\/\/www.monaco-tribune.com\/it\/2022\/11\/inflazione-i-commercianti-monegaschi-costretti-ad-aumentare-i-prezzi\/","og_locale":"it_IT","og_type":"article","og_title":"Inflazione: i commercianti monegaschi costretti ad aumentare i prezzi - Monaco Tribune","og_description":"Come i loro vicini francesi, anche i rivenditori monegaschi combattono con l'inflazione da diversi mesi. Monaco Tribune ha fatto due chiacchiere con loro.","og_url":"https:\/\/www.monaco-tribune.com\/it\/2022\/11\/inflazione-i-commercianti-monegaschi-costretti-ad-aumentare-i-prezzi\/","og_site_name":"Monaco Tribune","article_publisher":"https:\/\/www.facebook.com\/MonacoTribune","article_published_time":"2022-11-15T16:11:43+00:00","article_modified_time":"2022-11-15T16:12:00+00:00","og_image":[{"width":1020,"height":675,"url":"https:\/\/www.monaco-tribune.com\/wp-content\/uploads\/2022\/11\/maison-des-pates.jpeg","type":"image\/jpeg"}],"author":"Sarah Incari","twitter_card":"summary_large_image","twitter_creator":"@MonacoTribune","twitter_site":"@MonacoTribune","schema":{"@context":"https:\/\/schema.org","@graph":[{"@type":"NewsArticle","@id":"https:\/\/www.monaco-tribune.com\/it\/2022\/11\/inflazione-i-commercianti-monegaschi-costretti-ad-aumentare-i-prezzi\/#article","isPartOf":{"@id":"https:\/\/www.monaco-tribune.com\/it\/2022\/11\/inflazione-i-commercianti-monegaschi-costretti-ad-aumentare-i-prezzi\/"},"author":{"name":"Sarah Incari","@id":"https:\/\/www.monaco-tribune.com\/it\/#\/schema\/person\/dd3b5770833f791d3f4d808f1aa84499"},"headline":"Inflazione: i commercianti monegaschi costretti ad aumentare i prezzi","datePublished":"2022-11-15T16:11:43+00:00","dateModified":"2022-11-15T16:12:00+00:00","mainEntityOfPage":{"@id":"https:\/\/www.monaco-tribune.com\/it\/2022\/11\/inflazione-i-commercianti-monegaschi-costretti-ad-aumentare-i-prezzi\/"},"wordCount":549,"publisher":{"@id":"https:\/\/www.monaco-tribune.com\/it\/#organization"},"image":{"@id":"https:\/\/www.monaco-tribune.com\/it\/2022\/11\/inflazione-i-commercianti-monegaschi-costretti-ad-aumentare-i-prezzi\/#primaryimage"},"thumbnailUrl":"https:\/\/www.monaco-tribune.com\/wp-content\/uploads\/2022\/11\/maison-des-pates.jpeg","articleSection":["La nostra scelta","Notizie","Societ\u00e0"],"inLanguage":"it-IT","copyrightYear":"2022","copyrightHolder":{"@id":"https:\/\/www.monaco-tribune.com\/#organization"}},{"@type":"WebPage","@id":"https:\/\/www.monaco-tribune.com\/it\/2022\/11\/inflazione-i-commercianti-monegaschi-costretti-ad-aumentare-i-prezzi\/","url":"https:\/\/www.monaco-tribune.com\/it\/2022\/11\/inflazione-i-commercianti-monegaschi-costretti-ad-aumentare-i-prezzi\/","name":"Inflazione: i commercianti monegaschi costretti ad aumentare i prezzi","isPartOf":{"@id":"https:\/\/www.monaco-tribune.com\/it\/#website"},"primaryImageOfPage":{"@id":"https:\/\/www.monaco-tribune.com\/it\/2022\/11\/inflazione-i-commercianti-monegaschi-costretti-ad-aumentare-i-prezzi\/#primaryimage"},"image":{"@id":"https:\/\/www.monaco-tribune.com\/it\/2022\/11\/inflazione-i-commercianti-monegaschi-costretti-ad-aumentare-i-prezzi\/#primaryimage"},"thumbnailUrl":"https:\/\/www.monaco-tribune.com\/wp-content\/uploads\/2022\/11\/maison-des-pates.jpeg","datePublished":"2022-11-15T16:11:43+00:00","dateModified":"2022-11-15T16:12:00+00:00","description":"Come i loro vicini francesi, anche i rivenditori monegaschi combattono con l'inflazione da diversi mesi. Monaco Tribune ha fatto due chiacchiere con loro.","breadcrumb":{"@id":"https:\/\/www.monaco-tribune.com\/it\/2022\/11\/inflazione-i-commercianti-monegaschi-costretti-ad-aumentare-i-prezzi\/#breadcrumb"},"inLanguage":"it-IT","potentialAction":[{"@type":"ReadAction","target":["https:\/\/www.monaco-tribune.com\/it\/2022\/11\/inflazione-i-commercianti-monegaschi-costretti-ad-aumentare-i-prezzi\/"]}]},{"@type":"ImageObject","inLanguage":"it-IT","@id":"https:\/\/www.monaco-tribune.com\/it\/2022\/11\/inflazione-i-commercianti-monegaschi-costretti-ad-aumentare-i-prezzi\/#primaryimage","url":"https:\/\/www.monaco-tribune.com\/wp-content\/uploads\/2022\/11\/maison-des-pates.jpeg","contentUrl":"https:\/\/www.monaco-tribune.com\/wp-content\/uploads\/2022\/11\/maison-des-pates.jpeg","width":1020,"height":675,"caption":"Paul Charoy \/ Monaco Tribune"},{"@type":"BreadcrumbList","@id":"https:\/\/www.monaco-tribune.com\/it\/2022\/11\/inflazione-i-commercianti-monegaschi-costretti-ad-aumentare-i-prezzi\/#breadcrumb","itemListElement":[{"@type":"ListItem","position":1,"name":"Accueil","item":"https:\/\/www.monaco-tribune.com\/it\/"},{"@type":"ListItem","position":2,"name":"Inflazione: i commercianti monegaschi costretti ad aumentare i prezzi"}]},{"@type":"WebSite","@id":"https:\/\/www.monaco-tribune.com\/it\/#website","url":"https:\/\/www.monaco-tribune.com\/it\/","name":"Monaco Tribune","description":"Monaco : actualit\u00e9s \u00e9conomiques, politiques, culturelles et sportives de Monaco et de la French Riviera.","publisher":{"@id":"https:\/\/www.monaco-tribune.com\/it\/#organization"},"potentialAction":[{"@type":"SearchAction","target":{"@type":"EntryPoint","urlTemplate":"https:\/\/www.monaco-tribune.com\/it\/?s={search_term_string}"},"query-input":{"@type":"PropertyValueSpecification","valueRequired":true,"valueName":"search_term_string"}}],"inLanguage":"it-IT"},{"@type":"Organization","@id":"https:\/\/www.monaco-tribune.com\/it\/#organization","name":"Monaco Tribune","url":"https:\/\/www.monaco-tribune.com\/it\/","logo":{"@type":"ImageObject","inLanguage":"it-IT","@id":"https:\/\/www.monaco-tribune.com\/it\/#\/schema\/logo\/image\/","url":"https:\/\/www.monaco-tribune.com\/wp-content\/uploads\/2022\/11\/logo-monaco-tribune.png","contentUrl":"https:\/\/www.monaco-tribune.com\/wp-content\/uploads\/2022\/11\/logo-monaco-tribune.png","width":1548,"height":600,"caption":"Monaco Tribune"},"image":{"@id":"https:\/\/www.monaco-tribune.com\/it\/#\/schema\/logo\/image\/"},"sameAs":["https:\/\/www.facebook.com\/MonacoTribune","https:\/\/x.com\/MonacoTribune","https:\/\/www.instagram.com\/monacotribune\/","https:\/\/www.linkedin.com\/company\/monaco-tribune","https:\/\/www.youtube.com\/channel\/UCHle1MnG6hw1y4lWKijVbMA"]},{"@type":"Person","@id":"https:\/\/www.monaco-tribune.com\/it\/#\/schema\/person\/dd3b5770833f791d3f4d808f1aa84499","name":"Sarah Incari","image":{"@type":"ImageObject","inLanguage":"it-IT","@id":"https:\/\/secure.gravatar.com\/avatar\/4ac0b37be892d57107ccdd804e3f2a03bf1e3fca097512136d3603859293cb0e?s=96&d=mm&r=g","url":"https:\/\/secure.gravatar.com\/avatar\/4ac0b37be892d57107ccdd804e3f2a03bf1e3fca097512136d3603859293cb0e?s=96&d=mm&r=g","contentUrl":"https:\/\/secure.gravatar.com\/avatar\/4ac0b37be892d57107ccdd804e3f2a03bf1e3fca097512136d3603859293cb0e?s=96&d=mm&r=g","caption":"Sarah Incari"},"url":"https:\/\/www.monaco-tribune.com\/it\/author\/sarahincari\/"}]}},"_links":{"self":[{"href":"https:\/\/www.monaco-tribune.com\/it\/wp-json\/wp\/v2\/posts\/150160","targetHints":{"allow":["GET"]}}],"collection":[{"href":"https:\/\/www.monaco-tribune.com\/it\/wp-json\/wp\/v2\/posts"}],"about":[{"href":"https:\/\/www.monaco-tribune.com\/it\/wp-json\/wp\/v2\/types\/post"}],"author":[{"embeddable":true,"href":"https:\/\/www.monaco-tribune.com\/it\/wp-json\/wp\/v2\/users\/69"}],"replies":[{"embeddable":true,"href":"https:\/\/www.monaco-tribune.com\/it\/wp-json\/wp\/v2\/comments?post=150160"}],"version-history":[{"count":0,"href":"https:\/\/www.monaco-tribune.com\/it\/wp-json\/wp\/v2\/posts\/150160\/revisions"}],"wp:featuredmedia":[{"embeddable":true,"href":"https:\/\/www.monaco-tribune.com\/it\/wp-json\/wp\/v2\/media\/149412"}],"wp:attachment":[{"href":"https:\/\/www.monaco-tribune.com\/it\/wp-json\/wp\/v2\/media?parent=150160"}],"wp:term":[{"taxonomy":"category","embeddable":true,"href":"https:\/\/www.monaco-tribune.com\/it\/wp-json\/wp\/v2\/categories?post=150160"},{"taxonomy":"post_tag","embeddable":true,"href":"https:\/\/www.monaco-tribune.com\/it\/wp-json\/wp\/v2\/tags?post=150160"},{"taxonomy":"sectag","embeddable":true,"href":"https:\/\/www.monaco-tribune.com\/it\/wp-json\/wp\/v2\/post_sectags?post=150160"},{"taxonomy":"format","embeddable":true,"href":"https:\/\/www.monaco-tribune.com\/it\/wp-json\/wp\/v2\/post_format?post=150160"}],"curies":[{"name":"wp","href":"https:\/\/api.w.org\/{rel}","templated":true}]}}