{"id":150456,"date":"2022-11-17T17:34:50","date_gmt":"2022-11-17T16:34:50","guid":{"rendered":"https:\/\/www.monaco-tribune.com\/2022\/11\/video-i-monegaschi-sanno-ancora-parlare-monegasco\/"},"modified":"2022-11-29T11:56:31","modified_gmt":"2022-11-29T10:56:31","slug":"video-i-monegaschi-sanno-ancora-parlare-monegasco","status":"publish","type":"post","link":"https:\/\/www.monaco-tribune.com\/it\/2022\/11\/video-i-monegaschi-sanno-ancora-parlare-monegasco\/","title":{"rendered":"VIDEO. I monegaschi sanno ancora parlare monegasco?"},"content":{"rendered":"\n<p><strong>Monaco Tribune ha intervistato i passanti nelle stradine della Rocca.<\/strong><\/p>\n\n<p>Obbligatorio dalle elementari fino al primo liceo, il monegasco, parlato da circa 5.000 persone, \u00e8 un patrimonio prezioso per il Principato. Nel 1924, alcuni appassionati fondarono il Comitato Nazionale delle Tradizioni Monegasche, cos\u00ec da continuare a perpetrare le tradizioni. Tuttavia, negli anni &#8217;70, &#8220;le munegascu&#8221; si \u00e8 fatto sempre pi\u00f9 raro.<\/p>\n\n<p>La lingua avr\u00e0 un secondo rilancio nel 1976, quando il Principe Ranieri III decise di renderla obbligatoria nella scuola primaria pubblica del Principato. Qualche anno dopo, nel 1982, il Sovrano inaugura l&#8217;<a href=\"https:\/\/www.monaco-tribune.com\/it\/2022\/10\/accademia-delle-lingue-dialettali-studiare-e-conservare-la-lingua-monegasca\/\">Accademia delle Lingue Dialettali.<\/a><\/p>\n\n<p>Anche se la lingua ufficiale di Monaco \u00e8 il francese, \u201ca lenga d\u2019i notre avi\u201d (la lingua dei nostri avi) \u00e8 ovunque, o quasi. A cominciare dalle targhe che indicano i nomi delle strade sia in francese che in monegasco. Parlata fin dal Medioevo, questa lingua che trae origine dal genovese, non ha ancora detto l&#8217;ultima parola. Continua infatti a essere accettata come opzione per la maturit\u00e0 liceale e, ogni anno, viene organizzato <a href=\"https:\/\/www.monaco-tribune.com\/2022\/06\/le-concours-de-la-langue-monegasque-la-langue-de-coeur-et-dappartenance\/\">un concorso di lingua monegasca<\/a> con premi consegnati dal Principe.<\/p>\n\n<iframe title=\"I monegaschi sanno ancora parlare monegasco?\" width=\"500\" height=\"281\" src=\"https:\/\/www.youtube.com\/embed\/QSLDp8pMCh8?feature=oembed\" frameborder=\"0\" allow=\"accelerometer; autoplay; clipboard-write; encrypted-media; gyroscope; picture-in-picture; web-share\" referrerpolicy=\"strict-origin-when-cross-origin\" allowfullscreen><\/iframe>\n\n<p>Nel centro storico di Monaco, il livello non \u00e8 certo quello dei partecipanti, ma alcuni passanti hanno accettato di frugare nei loro ricordi per condividere con noi qualche parola.<\/p>\n","protected":false},"excerpt":{"rendered":"<p>Monaco Tribune ha intervistato i passanti nelle stradine della Rocca. Obbligatorio dalle elementari fino al primo liceo, il monegasco, parlato [&hellip;]<\/p>\n","protected":false},"author":69,"featured_media":149593,"comment_status":"closed","ping_status":"closed","sticky":false,"template":"","format":"standard","meta":{"_acf_changed":false,"footnotes":""},"categories":[1826,1738,1752],"tags":[],"post_sectags":[],"post_format":[2484],"class_list":["post-150456","post","type-post","status-publish","format-standard","has-post-thumbnail","hentry","category-la-nostra-scelta","category-notizie","category-societa","format-video-it"],"acf":[],"yoast_head":"<!-- This site is optimized with the Yoast SEO Premium plugin v26.8 (Yoast SEO v27.4) - https:\/\/yoast.com\/product\/yoast-seo-premium-wordpress\/ -->\n<title>VIDEO. I monegaschi sanno ancora parlare monegasco?<\/title>\n<meta name=\"description\" content=\"Monaco Tribune ha intervistato i passanti nelle stradine della Rocca. Obbligatorio dalle elementari fino al primo liceo, il monegasco, parlato da circa\" \/>\n<meta name=\"robots\" content=\"index, follow, max-snippet:-1, max-image-preview:large, max-video-preview:-1\" \/>\n<link rel=\"canonical\" href=\"https:\/\/www.monaco-tribune.com\/it\/2022\/11\/video-i-monegaschi-sanno-ancora-parlare-monegasco\/\" \/>\n<meta property=\"og:locale\" content=\"it_IT\" \/>\n<meta property=\"og:type\" content=\"article\" \/>\n<meta property=\"og:title\" content=\"VIDEO. I monegaschi sanno ancora parlare monegasco? - Monaco Tribune\" \/>\n<meta property=\"og:description\" content=\"Monaco Tribune ha intervistato i passanti nelle stradine della Rocca. Obbligatorio dalle elementari fino al primo liceo, il monegasco, parlato da circa\" \/>\n<meta property=\"og:url\" content=\"https:\/\/www.monaco-tribune.com\/it\/2022\/11\/video-i-monegaschi-sanno-ancora-parlare-monegasco\/\" \/>\n<meta property=\"og:site_name\" content=\"Monaco Tribune\" \/>\n<meta property=\"article:publisher\" content=\"https:\/\/www.facebook.com\/MonacoTribune\" \/>\n<meta property=\"article:published_time\" content=\"2022-11-17T16:34:50+00:00\" \/>\n<meta property=\"article:modified_time\" content=\"2022-11-29T10:56:31+00:00\" \/>\n<meta property=\"og:image\" content=\"https:\/\/www.monaco-tribune.com\/wp-content\/uploads\/2022\/11\/img_4536-2-compressed-e1668150128734.jpg\" \/>\n\t<meta property=\"og:image:width\" content=\"1250\" \/>\n\t<meta property=\"og:image:height\" content=\"578\" \/>\n\t<meta property=\"og:image:type\" content=\"image\/jpeg\" \/>\n<meta name=\"author\" content=\"Sarah Incari\" \/>\n<meta name=\"twitter:card\" content=\"summary_large_image\" \/>\n<meta name=\"twitter:creator\" content=\"@MonacoTribune\" \/>\n<meta name=\"twitter:site\" content=\"@MonacoTribune\" \/>\n<script type=\"application\/ld+json\" class=\"yoast-schema-graph\">{\"@context\":\"https:\\\/\\\/schema.org\",\"@graph\":[{\"@type\":\"NewsArticle\",\"@id\":\"https:\\\/\\\/www.monaco-tribune.com\\\/it\\\/2022\\\/11\\\/video-i-monegaschi-sanno-ancora-parlare-monegasco\\\/#article\",\"isPartOf\":{\"@id\":\"https:\\\/\\\/www.monaco-tribune.com\\\/it\\\/2022\\\/11\\\/video-i-monegaschi-sanno-ancora-parlare-monegasco\\\/\"},\"author\":{\"name\":\"Sarah Incari\",\"@id\":\"https:\\\/\\\/www.monaco-tribune.com\\\/it\\\/#\\\/schema\\\/person\\\/dd3b5770833f791d3f4d808f1aa84499\"},\"headline\":\"VIDEO. I monegaschi sanno ancora parlare monegasco?\",\"datePublished\":\"2022-11-17T16:34:50+00:00\",\"dateModified\":\"2022-11-29T10:56:31+00:00\",\"mainEntityOfPage\":{\"@id\":\"https:\\\/\\\/www.monaco-tribune.com\\\/it\\\/2022\\\/11\\\/video-i-monegaschi-sanno-ancora-parlare-monegasco\\\/\"},\"wordCount\":213,\"publisher\":{\"@id\":\"https:\\\/\\\/www.monaco-tribune.com\\\/it\\\/#organization\"},\"image\":{\"@id\":\"https:\\\/\\\/www.monaco-tribune.com\\\/it\\\/2022\\\/11\\\/video-i-monegaschi-sanno-ancora-parlare-monegasco\\\/#primaryimage\"},\"thumbnailUrl\":\"https:\\\/\\\/www.monaco-tribune.com\\\/wp-content\\\/uploads\\\/2022\\\/11\\\/img_4536-2-compressed-e1668150128734.jpg\",\"articleSection\":[\"La nostra scelta\",\"Notizie\",\"Societ\u00e0\"],\"inLanguage\":\"it-IT\",\"copyrightYear\":\"2022\",\"copyrightHolder\":{\"@id\":\"https:\\\/\\\/www.monaco-tribune.com\\\/#organization\"}},{\"@type\":\"WebPage\",\"@id\":\"https:\\\/\\\/www.monaco-tribune.com\\\/it\\\/2022\\\/11\\\/video-i-monegaschi-sanno-ancora-parlare-monegasco\\\/\",\"url\":\"https:\\\/\\\/www.monaco-tribune.com\\\/it\\\/2022\\\/11\\\/video-i-monegaschi-sanno-ancora-parlare-monegasco\\\/\",\"name\":\"VIDEO. I monegaschi sanno ancora parlare monegasco?\",\"isPartOf\":{\"@id\":\"https:\\\/\\\/www.monaco-tribune.com\\\/it\\\/#website\"},\"primaryImageOfPage\":{\"@id\":\"https:\\\/\\\/www.monaco-tribune.com\\\/it\\\/2022\\\/11\\\/video-i-monegaschi-sanno-ancora-parlare-monegasco\\\/#primaryimage\"},\"image\":{\"@id\":\"https:\\\/\\\/www.monaco-tribune.com\\\/it\\\/2022\\\/11\\\/video-i-monegaschi-sanno-ancora-parlare-monegasco\\\/#primaryimage\"},\"thumbnailUrl\":\"https:\\\/\\\/www.monaco-tribune.com\\\/wp-content\\\/uploads\\\/2022\\\/11\\\/img_4536-2-compressed-e1668150128734.jpg\",\"datePublished\":\"2022-11-17T16:34:50+00:00\",\"dateModified\":\"2022-11-29T10:56:31+00:00\",\"description\":\"Monaco Tribune ha intervistato i passanti nelle stradine della Rocca. Obbligatorio dalle elementari fino al primo liceo, il monegasco, parlato da circa\",\"breadcrumb\":{\"@id\":\"https:\\\/\\\/www.monaco-tribune.com\\\/it\\\/2022\\\/11\\\/video-i-monegaschi-sanno-ancora-parlare-monegasco\\\/#breadcrumb\"},\"inLanguage\":\"it-IT\",\"potentialAction\":[{\"@type\":\"ReadAction\",\"target\":[\"https:\\\/\\\/www.monaco-tribune.com\\\/it\\\/2022\\\/11\\\/video-i-monegaschi-sanno-ancora-parlare-monegasco\\\/\"]}]},{\"@type\":\"ImageObject\",\"inLanguage\":\"it-IT\",\"@id\":\"https:\\\/\\\/www.monaco-tribune.com\\\/it\\\/2022\\\/11\\\/video-i-monegaschi-sanno-ancora-parlare-monegasco\\\/#primaryimage\",\"url\":\"https:\\\/\\\/www.monaco-tribune.com\\\/wp-content\\\/uploads\\\/2022\\\/11\\\/img_4536-2-compressed-e1668150128734.jpg\",\"contentUrl\":\"https:\\\/\\\/www.monaco-tribune.com\\\/wp-content\\\/uploads\\\/2022\\\/11\\\/img_4536-2-compressed-e1668150128734.jpg\",\"width\":1018,\"height\":575,\"caption\":\"Monaco Tribune\"},{\"@type\":\"BreadcrumbList\",\"@id\":\"https:\\\/\\\/www.monaco-tribune.com\\\/it\\\/2022\\\/11\\\/video-i-monegaschi-sanno-ancora-parlare-monegasco\\\/#breadcrumb\",\"itemListElement\":[{\"@type\":\"ListItem\",\"position\":1,\"name\":\"Accueil\",\"item\":\"https:\\\/\\\/www.monaco-tribune.com\\\/it\\\/\"},{\"@type\":\"ListItem\",\"position\":2,\"name\":\"VIDEO. I monegaschi sanno ancora parlare monegasco?\"}]},{\"@type\":\"WebSite\",\"@id\":\"https:\\\/\\\/www.monaco-tribune.com\\\/it\\\/#website\",\"url\":\"https:\\\/\\\/www.monaco-tribune.com\\\/it\\\/\",\"name\":\"Monaco Tribune\",\"description\":\"Monaco : actualit\u00e9s \u00e9conomiques, politiques, culturelles et sportives de Monaco et de la French Riviera.\",\"publisher\":{\"@id\":\"https:\\\/\\\/www.monaco-tribune.com\\\/it\\\/#organization\"},\"potentialAction\":[{\"@type\":\"SearchAction\",\"target\":{\"@type\":\"EntryPoint\",\"urlTemplate\":\"https:\\\/\\\/www.monaco-tribune.com\\\/it\\\/?s={search_term_string}\"},\"query-input\":{\"@type\":\"PropertyValueSpecification\",\"valueRequired\":true,\"valueName\":\"search_term_string\"}}],\"inLanguage\":\"it-IT\"},{\"@type\":\"Organization\",\"@id\":\"https:\\\/\\\/www.monaco-tribune.com\\\/it\\\/#organization\",\"name\":\"Monaco Tribune\",\"url\":\"https:\\\/\\\/www.monaco-tribune.com\\\/it\\\/\",\"logo\":{\"@type\":\"ImageObject\",\"inLanguage\":\"it-IT\",\"@id\":\"https:\\\/\\\/www.monaco-tribune.com\\\/it\\\/#\\\/schema\\\/logo\\\/image\\\/\",\"url\":\"https:\\\/\\\/www.monaco-tribune.com\\\/wp-content\\\/uploads\\\/2022\\\/11\\\/logo-monaco-tribune.png\",\"contentUrl\":\"https:\\\/\\\/www.monaco-tribune.com\\\/wp-content\\\/uploads\\\/2022\\\/11\\\/logo-monaco-tribune.png\",\"width\":1548,\"height\":600,\"caption\":\"Monaco Tribune\"},\"image\":{\"@id\":\"https:\\\/\\\/www.monaco-tribune.com\\\/it\\\/#\\\/schema\\\/logo\\\/image\\\/\"},\"sameAs\":[\"https:\\\/\\\/www.facebook.com\\\/MonacoTribune\",\"https:\\\/\\\/x.com\\\/MonacoTribune\",\"https:\\\/\\\/www.instagram.com\\\/monacotribune\\\/\",\"https:\\\/\\\/www.linkedin.com\\\/company\\\/monaco-tribune\",\"https:\\\/\\\/www.youtube.com\\\/channel\\\/UCHle1MnG6hw1y4lWKijVbMA\"]},{\"@type\":\"Person\",\"@id\":\"https:\\\/\\\/www.monaco-tribune.com\\\/it\\\/#\\\/schema\\\/person\\\/dd3b5770833f791d3f4d808f1aa84499\",\"name\":\"Sarah Incari\",\"image\":{\"@type\":\"ImageObject\",\"inLanguage\":\"it-IT\",\"@id\":\"https:\\\/\\\/secure.gravatar.com\\\/avatar\\\/4ac0b37be892d57107ccdd804e3f2a03bf1e3fca097512136d3603859293cb0e?s=96&d=mm&r=g\",\"url\":\"https:\\\/\\\/secure.gravatar.com\\\/avatar\\\/4ac0b37be892d57107ccdd804e3f2a03bf1e3fca097512136d3603859293cb0e?s=96&d=mm&r=g\",\"contentUrl\":\"https:\\\/\\\/secure.gravatar.com\\\/avatar\\\/4ac0b37be892d57107ccdd804e3f2a03bf1e3fca097512136d3603859293cb0e?s=96&d=mm&r=g\",\"caption\":\"Sarah Incari\"},\"url\":\"https:\\\/\\\/www.monaco-tribune.com\\\/it\\\/author\\\/sarahincari\\\/\"}]}<\/script>\n<!-- \/ Yoast SEO Premium plugin. -->","yoast_head_json":{"title":"VIDEO. I monegaschi sanno ancora parlare monegasco?","description":"Monaco Tribune ha intervistato i passanti nelle stradine della Rocca. Obbligatorio dalle elementari fino al primo liceo, il monegasco, parlato da circa","robots":{"index":"index","follow":"follow","max-snippet":"max-snippet:-1","max-image-preview":"max-image-preview:large","max-video-preview":"max-video-preview:-1"},"canonical":"https:\/\/www.monaco-tribune.com\/it\/2022\/11\/video-i-monegaschi-sanno-ancora-parlare-monegasco\/","og_locale":"it_IT","og_type":"article","og_title":"VIDEO. I monegaschi sanno ancora parlare monegasco? - Monaco Tribune","og_description":"Monaco Tribune ha intervistato i passanti nelle stradine della Rocca. Obbligatorio dalle elementari fino al primo liceo, il monegasco, parlato da circa","og_url":"https:\/\/www.monaco-tribune.com\/it\/2022\/11\/video-i-monegaschi-sanno-ancora-parlare-monegasco\/","og_site_name":"Monaco Tribune","article_publisher":"https:\/\/www.facebook.com\/MonacoTribune","article_published_time":"2022-11-17T16:34:50+00:00","article_modified_time":"2022-11-29T10:56:31+00:00","og_image":[{"width":1250,"height":578,"url":"https:\/\/www.monaco-tribune.com\/wp-content\/uploads\/2022\/11\/img_4536-2-compressed-e1668150128734.jpg","type":"image\/jpeg"}],"author":"Sarah Incari","twitter_card":"summary_large_image","twitter_creator":"@MonacoTribune","twitter_site":"@MonacoTribune","schema":{"@context":"https:\/\/schema.org","@graph":[{"@type":"NewsArticle","@id":"https:\/\/www.monaco-tribune.com\/it\/2022\/11\/video-i-monegaschi-sanno-ancora-parlare-monegasco\/#article","isPartOf":{"@id":"https:\/\/www.monaco-tribune.com\/it\/2022\/11\/video-i-monegaschi-sanno-ancora-parlare-monegasco\/"},"author":{"name":"Sarah Incari","@id":"https:\/\/www.monaco-tribune.com\/it\/#\/schema\/person\/dd3b5770833f791d3f4d808f1aa84499"},"headline":"VIDEO. I monegaschi sanno ancora parlare monegasco?","datePublished":"2022-11-17T16:34:50+00:00","dateModified":"2022-11-29T10:56:31+00:00","mainEntityOfPage":{"@id":"https:\/\/www.monaco-tribune.com\/it\/2022\/11\/video-i-monegaschi-sanno-ancora-parlare-monegasco\/"},"wordCount":213,"publisher":{"@id":"https:\/\/www.monaco-tribune.com\/it\/#organization"},"image":{"@id":"https:\/\/www.monaco-tribune.com\/it\/2022\/11\/video-i-monegaschi-sanno-ancora-parlare-monegasco\/#primaryimage"},"thumbnailUrl":"https:\/\/www.monaco-tribune.com\/wp-content\/uploads\/2022\/11\/img_4536-2-compressed-e1668150128734.jpg","articleSection":["La nostra scelta","Notizie","Societ\u00e0"],"inLanguage":"it-IT","copyrightYear":"2022","copyrightHolder":{"@id":"https:\/\/www.monaco-tribune.com\/#organization"}},{"@type":"WebPage","@id":"https:\/\/www.monaco-tribune.com\/it\/2022\/11\/video-i-monegaschi-sanno-ancora-parlare-monegasco\/","url":"https:\/\/www.monaco-tribune.com\/it\/2022\/11\/video-i-monegaschi-sanno-ancora-parlare-monegasco\/","name":"VIDEO. I monegaschi sanno ancora parlare monegasco?","isPartOf":{"@id":"https:\/\/www.monaco-tribune.com\/it\/#website"},"primaryImageOfPage":{"@id":"https:\/\/www.monaco-tribune.com\/it\/2022\/11\/video-i-monegaschi-sanno-ancora-parlare-monegasco\/#primaryimage"},"image":{"@id":"https:\/\/www.monaco-tribune.com\/it\/2022\/11\/video-i-monegaschi-sanno-ancora-parlare-monegasco\/#primaryimage"},"thumbnailUrl":"https:\/\/www.monaco-tribune.com\/wp-content\/uploads\/2022\/11\/img_4536-2-compressed-e1668150128734.jpg","datePublished":"2022-11-17T16:34:50+00:00","dateModified":"2022-11-29T10:56:31+00:00","description":"Monaco Tribune ha intervistato i passanti nelle stradine della Rocca. Obbligatorio dalle elementari fino al primo liceo, il monegasco, parlato da circa","breadcrumb":{"@id":"https:\/\/www.monaco-tribune.com\/it\/2022\/11\/video-i-monegaschi-sanno-ancora-parlare-monegasco\/#breadcrumb"},"inLanguage":"it-IT","potentialAction":[{"@type":"ReadAction","target":["https:\/\/www.monaco-tribune.com\/it\/2022\/11\/video-i-monegaschi-sanno-ancora-parlare-monegasco\/"]}]},{"@type":"ImageObject","inLanguage":"it-IT","@id":"https:\/\/www.monaco-tribune.com\/it\/2022\/11\/video-i-monegaschi-sanno-ancora-parlare-monegasco\/#primaryimage","url":"https:\/\/www.monaco-tribune.com\/wp-content\/uploads\/2022\/11\/img_4536-2-compressed-e1668150128734.jpg","contentUrl":"https:\/\/www.monaco-tribune.com\/wp-content\/uploads\/2022\/11\/img_4536-2-compressed-e1668150128734.jpg","width":1018,"height":575,"caption":"Monaco Tribune"},{"@type":"BreadcrumbList","@id":"https:\/\/www.monaco-tribune.com\/it\/2022\/11\/video-i-monegaschi-sanno-ancora-parlare-monegasco\/#breadcrumb","itemListElement":[{"@type":"ListItem","position":1,"name":"Accueil","item":"https:\/\/www.monaco-tribune.com\/it\/"},{"@type":"ListItem","position":2,"name":"VIDEO. I monegaschi sanno ancora parlare monegasco?"}]},{"@type":"WebSite","@id":"https:\/\/www.monaco-tribune.com\/it\/#website","url":"https:\/\/www.monaco-tribune.com\/it\/","name":"Monaco Tribune","description":"Monaco : actualit\u00e9s \u00e9conomiques, politiques, culturelles et sportives de Monaco et de la French Riviera.","publisher":{"@id":"https:\/\/www.monaco-tribune.com\/it\/#organization"},"potentialAction":[{"@type":"SearchAction","target":{"@type":"EntryPoint","urlTemplate":"https:\/\/www.monaco-tribune.com\/it\/?s={search_term_string}"},"query-input":{"@type":"PropertyValueSpecification","valueRequired":true,"valueName":"search_term_string"}}],"inLanguage":"it-IT"},{"@type":"Organization","@id":"https:\/\/www.monaco-tribune.com\/it\/#organization","name":"Monaco Tribune","url":"https:\/\/www.monaco-tribune.com\/it\/","logo":{"@type":"ImageObject","inLanguage":"it-IT","@id":"https:\/\/www.monaco-tribune.com\/it\/#\/schema\/logo\/image\/","url":"https:\/\/www.monaco-tribune.com\/wp-content\/uploads\/2022\/11\/logo-monaco-tribune.png","contentUrl":"https:\/\/www.monaco-tribune.com\/wp-content\/uploads\/2022\/11\/logo-monaco-tribune.png","width":1548,"height":600,"caption":"Monaco Tribune"},"image":{"@id":"https:\/\/www.monaco-tribune.com\/it\/#\/schema\/logo\/image\/"},"sameAs":["https:\/\/www.facebook.com\/MonacoTribune","https:\/\/x.com\/MonacoTribune","https:\/\/www.instagram.com\/monacotribune\/","https:\/\/www.linkedin.com\/company\/monaco-tribune","https:\/\/www.youtube.com\/channel\/UCHle1MnG6hw1y4lWKijVbMA"]},{"@type":"Person","@id":"https:\/\/www.monaco-tribune.com\/it\/#\/schema\/person\/dd3b5770833f791d3f4d808f1aa84499","name":"Sarah Incari","image":{"@type":"ImageObject","inLanguage":"it-IT","@id":"https:\/\/secure.gravatar.com\/avatar\/4ac0b37be892d57107ccdd804e3f2a03bf1e3fca097512136d3603859293cb0e?s=96&d=mm&r=g","url":"https:\/\/secure.gravatar.com\/avatar\/4ac0b37be892d57107ccdd804e3f2a03bf1e3fca097512136d3603859293cb0e?s=96&d=mm&r=g","contentUrl":"https:\/\/secure.gravatar.com\/avatar\/4ac0b37be892d57107ccdd804e3f2a03bf1e3fca097512136d3603859293cb0e?s=96&d=mm&r=g","caption":"Sarah Incari"},"url":"https:\/\/www.monaco-tribune.com\/it\/author\/sarahincari\/"}]}},"_links":{"self":[{"href":"https:\/\/www.monaco-tribune.com\/it\/wp-json\/wp\/v2\/posts\/150456","targetHints":{"allow":["GET"]}}],"collection":[{"href":"https:\/\/www.monaco-tribune.com\/it\/wp-json\/wp\/v2\/posts"}],"about":[{"href":"https:\/\/www.monaco-tribune.com\/it\/wp-json\/wp\/v2\/types\/post"}],"author":[{"embeddable":true,"href":"https:\/\/www.monaco-tribune.com\/it\/wp-json\/wp\/v2\/users\/69"}],"replies":[{"embeddable":true,"href":"https:\/\/www.monaco-tribune.com\/it\/wp-json\/wp\/v2\/comments?post=150456"}],"version-history":[{"count":0,"href":"https:\/\/www.monaco-tribune.com\/it\/wp-json\/wp\/v2\/posts\/150456\/revisions"}],"wp:featuredmedia":[{"embeddable":true,"href":"https:\/\/www.monaco-tribune.com\/it\/wp-json\/wp\/v2\/media\/149593"}],"wp:attachment":[{"href":"https:\/\/www.monaco-tribune.com\/it\/wp-json\/wp\/v2\/media?parent=150456"}],"wp:term":[{"taxonomy":"category","embeddable":true,"href":"https:\/\/www.monaco-tribune.com\/it\/wp-json\/wp\/v2\/categories?post=150456"},{"taxonomy":"post_tag","embeddable":true,"href":"https:\/\/www.monaco-tribune.com\/it\/wp-json\/wp\/v2\/tags?post=150456"},{"taxonomy":"sectag","embeddable":true,"href":"https:\/\/www.monaco-tribune.com\/it\/wp-json\/wp\/v2\/post_sectags?post=150456"},{"taxonomy":"format","embeddable":true,"href":"https:\/\/www.monaco-tribune.com\/it\/wp-json\/wp\/v2\/post_format?post=150456"}],"curies":[{"name":"wp","href":"https:\/\/api.w.org\/{rel}","templated":true}]}}