{"id":150552,"date":"2022-11-18T13:47:35","date_gmt":"2022-11-18T12:47:35","guid":{"rendered":"https:\/\/www.monaco-tribune.com\/2022\/11\/scoprite-liniziativa-del-comune-di-monaco-e-date-una-nuova-vita-al-vostro-intimo\/"},"modified":"2022-11-18T18:00:04","modified_gmt":"2022-11-18T17:00:04","slug":"scoprite-liniziativa-del-comune-di-monaco-e-date-una-nuova-vita-al-vostro-intimo","status":"publish","type":"post","link":"https:\/\/www.monaco-tribune.com\/it\/2022\/11\/scoprite-liniziativa-del-comune-di-monaco-e-date-una-nuova-vita-al-vostro-intimo\/","title":{"rendered":"Scoprite l&#8217;iniziativa del Comune di Monaco e date una nuova vita al vostro intimo"},"content":{"rendered":"\n<p><strong>In occasione della Settimana Europea per la Riduzione dei Rifiuti, che inizia domani 19 novembre, la Direzione dell&#8217;Ambiente ha avviato a Monaco una raccolta di biancheria intima (ovviamente pulita).<\/strong><\/p>\n\n\n\n<p>La Settimana Europea per la Riduzione dei Rifiuti (SERR), che si svolger\u00e0 dal 19 al 27 novembre, ha come obiettivo quello di informare il grande pubblico sull&#8217;impatto ambientale causato dall&#8217;industria tessile e di combattere la cosiddetta &#8220;fast fashion&#8221;. Lo slogan di quest&#8217;anno &#8220;Les d\u00e9chets, c\u2019est d\u00e9mod\u00e9 !&#8221; (I rifiuti sono fuori moda!) la dice lunga, proprio come il titolo &#8220;Textiles circulaires et durables&#8221; (Tessuti circolari e sostenibili).<\/p>\n\n\n\n<p><strong>LEGGI ANCHE: <a href=\"https:\/\/www.monaco-tribune.com\/it\/2022\/02\/monacollecte-buttare-o-donare-a-voi-la-scelta\/\">&#8220;Monacollecte&#8221;: buttare o donare? A voi la scelta!<\/a><\/strong><\/p>\n\n\n\n<p>La Direzione dell&#8217;Ambiente ha allestito un container nel centro commerciale di Fontvieille dove chiunque potr\u00e0 lasciare biancheria intima pulita (mutande, calze, boxer, reggiseni, ecc.), invece che buttarla via, affinch\u00e9 venga riutilizzata e trasformata o riciclata in base alle condizioni in cui si trova.<\/p>\n\n\n\n<h2 class=\"wp-block-heading\" id=\"h-dove-e-quando-donare\">Dove e quando donare?<\/h2>\n\n\n\n<p>\u00c8 possibile effettuare le donazioni all&#8217;ingresso del centro commerciale fino a venerd\u00ec 25 novembre e sulla Promenade Honor\u00e9 II davanti alla Casa delle Associazioni \u2013 A Casa d\u2019i Soci il 26 novembre durante la giornata del tessile sostenibile.<\/p>\n\n\n\n<p>Per maggiori informazioni: <a href=\"mailto:environnement@gouv.mc\">environnement@gouv.mc<\/a>&nbsp;&nbsp;\/ +377 98 98 83 41<\/p>\n","protected":false},"excerpt":{"rendered":"<p>In occasione della Settimana Europea per la Riduzione dei Rifiuti, che inizia domani 19 novembre, la Direzione dell&#8217;Ambiente ha avviato [&hellip;]<\/p>\n","protected":false},"author":69,"featured_media":150468,"comment_status":"closed","ping_status":"closed","sticky":false,"template":"","format":"standard","meta":{"_acf_changed":false,"footnotes":""},"categories":[1839,1738],"tags":[],"post_sectags":[],"post_format":[2477],"class_list":["post-150552","post","type-post","status-publish","format-standard","has-post-thumbnail","hentry","category-green","category-notizie","format-info-pratiche"],"acf":[],"yoast_head":"<!-- This site is optimized with the Yoast SEO Premium plugin v26.8 (Yoast SEO v27.5) - https:\/\/yoast.com\/product\/yoast-seo-premium-wordpress\/ -->\n<title>Scoprite l&#039;iniziativa del Comune di Monaco e date una nuova vita al vostro intimo<\/title>\n<meta name=\"description\" content=\"In occasione della Settimana Europea per la Riduzione dei Rifiuti, che inizia domani 19 novembre, la Direzione dell&#039;Ambiente ha avviato a Monaco una\" \/>\n<meta name=\"robots\" content=\"index, follow, max-snippet:-1, max-image-preview:large, max-video-preview:-1\" \/>\n<link rel=\"canonical\" href=\"https:\/\/www.monaco-tribune.com\/it\/2022\/11\/scoprite-liniziativa-del-comune-di-monaco-e-date-una-nuova-vita-al-vostro-intimo\/\" \/>\n<meta property=\"og:locale\" content=\"it_IT\" \/>\n<meta property=\"og:type\" content=\"article\" \/>\n<meta property=\"og:title\" content=\"Scoprite l&#039;iniziativa del Comune di Monaco e date una nuova vita al vostro intimo - Monaco Tribune\" \/>\n<meta property=\"og:description\" content=\"In occasione della Settimana Europea per la Riduzione dei Rifiuti, che inizia domani 19 novembre, la Direzione dell&#039;Ambiente ha avviato a Monaco una\" \/>\n<meta property=\"og:url\" content=\"https:\/\/www.monaco-tribune.com\/it\/2022\/11\/scoprite-liniziativa-del-comune-di-monaco-e-date-una-nuova-vita-al-vostro-intimo\/\" \/>\n<meta property=\"og:site_name\" content=\"Monaco Tribune\" \/>\n<meta property=\"article:publisher\" content=\"https:\/\/www.facebook.com\/MonacoTribune\" \/>\n<meta property=\"article:published_time\" content=\"2022-11-18T12:47:35+00:00\" \/>\n<meta property=\"article:modified_time\" content=\"2022-11-18T17:00:04+00:00\" \/>\n<meta property=\"og:image\" content=\"https:\/\/www.monaco-tribune.com\/wp-content\/uploads\/2022\/11\/container-pour-la-collecte-de-sous-vetements.jpg\" \/>\n\t<meta property=\"og:image:width\" content=\"1020\" \/>\n\t<meta property=\"og:image:height\" content=\"680\" \/>\n\t<meta property=\"og:image:type\" content=\"image\/jpeg\" \/>\n<meta name=\"author\" content=\"Sarah Incari\" \/>\n<meta name=\"twitter:card\" content=\"summary_large_image\" \/>\n<meta name=\"twitter:creator\" content=\"@MonacoTribune\" \/>\n<meta name=\"twitter:site\" content=\"@MonacoTribune\" \/>\n<script type=\"application\/ld+json\" class=\"yoast-schema-graph\">{\"@context\":\"https:\\\/\\\/schema.org\",\"@graph\":[{\"@type\":\"NewsArticle\",\"@id\":\"https:\\\/\\\/www.monaco-tribune.com\\\/it\\\/2022\\\/11\\\/scoprite-liniziativa-del-comune-di-monaco-e-date-una-nuova-vita-al-vostro-intimo\\\/#article\",\"isPartOf\":{\"@id\":\"https:\\\/\\\/www.monaco-tribune.com\\\/it\\\/2022\\\/11\\\/scoprite-liniziativa-del-comune-di-monaco-e-date-una-nuova-vita-al-vostro-intimo\\\/\"},\"author\":{\"name\":\"Sarah Incari\",\"@id\":\"https:\\\/\\\/www.monaco-tribune.com\\\/it\\\/#\\\/schema\\\/person\\\/dd3b5770833f791d3f4d808f1aa84499\"},\"headline\":\"Scoprite l&#8217;iniziativa del Comune di Monaco e date una nuova vita al vostro intimo\",\"datePublished\":\"2022-11-18T12:47:35+00:00\",\"dateModified\":\"2022-11-18T17:00:04+00:00\",\"mainEntityOfPage\":{\"@id\":\"https:\\\/\\\/www.monaco-tribune.com\\\/it\\\/2022\\\/11\\\/scoprite-liniziativa-del-comune-di-monaco-e-date-una-nuova-vita-al-vostro-intimo\\\/\"},\"wordCount\":216,\"publisher\":{\"@id\":\"https:\\\/\\\/www.monaco-tribune.com\\\/it\\\/#organization\"},\"image\":{\"@id\":\"https:\\\/\\\/www.monaco-tribune.com\\\/it\\\/2022\\\/11\\\/scoprite-liniziativa-del-comune-di-monaco-e-date-una-nuova-vita-al-vostro-intimo\\\/#primaryimage\"},\"thumbnailUrl\":\"https:\\\/\\\/www.monaco-tribune.com\\\/wp-content\\\/uploads\\\/2022\\\/11\\\/container-pour-la-collecte-de-sous-vetements.jpg\",\"articleSection\":[\"Green\",\"Notizie\"],\"inLanguage\":\"it-IT\",\"copyrightYear\":\"2022\",\"copyrightHolder\":{\"@id\":\"https:\\\/\\\/www.monaco-tribune.com\\\/#organization\"}},{\"@type\":\"WebPage\",\"@id\":\"https:\\\/\\\/www.monaco-tribune.com\\\/it\\\/2022\\\/11\\\/scoprite-liniziativa-del-comune-di-monaco-e-date-una-nuova-vita-al-vostro-intimo\\\/\",\"url\":\"https:\\\/\\\/www.monaco-tribune.com\\\/it\\\/2022\\\/11\\\/scoprite-liniziativa-del-comune-di-monaco-e-date-una-nuova-vita-al-vostro-intimo\\\/\",\"name\":\"Scoprite l'iniziativa del Comune di Monaco e date una nuova vita al vostro intimo\",\"isPartOf\":{\"@id\":\"https:\\\/\\\/www.monaco-tribune.com\\\/it\\\/#website\"},\"primaryImageOfPage\":{\"@id\":\"https:\\\/\\\/www.monaco-tribune.com\\\/it\\\/2022\\\/11\\\/scoprite-liniziativa-del-comune-di-monaco-e-date-una-nuova-vita-al-vostro-intimo\\\/#primaryimage\"},\"image\":{\"@id\":\"https:\\\/\\\/www.monaco-tribune.com\\\/it\\\/2022\\\/11\\\/scoprite-liniziativa-del-comune-di-monaco-e-date-una-nuova-vita-al-vostro-intimo\\\/#primaryimage\"},\"thumbnailUrl\":\"https:\\\/\\\/www.monaco-tribune.com\\\/wp-content\\\/uploads\\\/2022\\\/11\\\/container-pour-la-collecte-de-sous-vetements.jpg\",\"datePublished\":\"2022-11-18T12:47:35+00:00\",\"dateModified\":\"2022-11-18T17:00:04+00:00\",\"description\":\"In occasione della Settimana Europea per la Riduzione dei Rifiuti, che inizia domani 19 novembre, la Direzione dell'Ambiente ha avviato a Monaco una\",\"breadcrumb\":{\"@id\":\"https:\\\/\\\/www.monaco-tribune.com\\\/it\\\/2022\\\/11\\\/scoprite-liniziativa-del-comune-di-monaco-e-date-una-nuova-vita-al-vostro-intimo\\\/#breadcrumb\"},\"inLanguage\":\"it-IT\",\"potentialAction\":[{\"@type\":\"ReadAction\",\"target\":[\"https:\\\/\\\/www.monaco-tribune.com\\\/it\\\/2022\\\/11\\\/scoprite-liniziativa-del-comune-di-monaco-e-date-una-nuova-vita-al-vostro-intimo\\\/\"]}]},{\"@type\":\"ImageObject\",\"inLanguage\":\"it-IT\",\"@id\":\"https:\\\/\\\/www.monaco-tribune.com\\\/it\\\/2022\\\/11\\\/scoprite-liniziativa-del-comune-di-monaco-e-date-una-nuova-vita-al-vostro-intimo\\\/#primaryimage\",\"url\":\"https:\\\/\\\/www.monaco-tribune.com\\\/wp-content\\\/uploads\\\/2022\\\/11\\\/container-pour-la-collecte-de-sous-vetements.jpg\",\"contentUrl\":\"https:\\\/\\\/www.monaco-tribune.com\\\/wp-content\\\/uploads\\\/2022\\\/11\\\/container-pour-la-collecte-de-sous-vetements.jpg\",\"width\":1020,\"height\":680,\"caption\":\"Direzione della Comunicazione \\\/ St\u00e9phane Danna\"},{\"@type\":\"BreadcrumbList\",\"@id\":\"https:\\\/\\\/www.monaco-tribune.com\\\/it\\\/2022\\\/11\\\/scoprite-liniziativa-del-comune-di-monaco-e-date-una-nuova-vita-al-vostro-intimo\\\/#breadcrumb\",\"itemListElement\":[{\"@type\":\"ListItem\",\"position\":1,\"name\":\"Accueil\",\"item\":\"https:\\\/\\\/www.monaco-tribune.com\\\/it\\\/\"},{\"@type\":\"ListItem\",\"position\":2,\"name\":\"Scoprite l&rsquo;iniziativa del Comune di Monaco e date una nuova vita al vostro intimo\"}]},{\"@type\":\"WebSite\",\"@id\":\"https:\\\/\\\/www.monaco-tribune.com\\\/it\\\/#website\",\"url\":\"https:\\\/\\\/www.monaco-tribune.com\\\/it\\\/\",\"name\":\"Monaco Tribune\",\"description\":\"Monaco : actualit\u00e9s \u00e9conomiques, politiques, culturelles et sportives de Monaco et de la French Riviera.\",\"publisher\":{\"@id\":\"https:\\\/\\\/www.monaco-tribune.com\\\/it\\\/#organization\"},\"potentialAction\":[{\"@type\":\"SearchAction\",\"target\":{\"@type\":\"EntryPoint\",\"urlTemplate\":\"https:\\\/\\\/www.monaco-tribune.com\\\/it\\\/?s={search_term_string}\"},\"query-input\":{\"@type\":\"PropertyValueSpecification\",\"valueRequired\":true,\"valueName\":\"search_term_string\"}}],\"inLanguage\":\"it-IT\"},{\"@type\":\"Organization\",\"@id\":\"https:\\\/\\\/www.monaco-tribune.com\\\/it\\\/#organization\",\"name\":\"Monaco Tribune\",\"url\":\"https:\\\/\\\/www.monaco-tribune.com\\\/it\\\/\",\"logo\":{\"@type\":\"ImageObject\",\"inLanguage\":\"it-IT\",\"@id\":\"https:\\\/\\\/www.monaco-tribune.com\\\/it\\\/#\\\/schema\\\/logo\\\/image\\\/\",\"url\":\"https:\\\/\\\/www.monaco-tribune.com\\\/wp-content\\\/uploads\\\/2022\\\/11\\\/logo-monaco-tribune.png\",\"contentUrl\":\"https:\\\/\\\/www.monaco-tribune.com\\\/wp-content\\\/uploads\\\/2022\\\/11\\\/logo-monaco-tribune.png\",\"width\":1548,\"height\":600,\"caption\":\"Monaco Tribune\"},\"image\":{\"@id\":\"https:\\\/\\\/www.monaco-tribune.com\\\/it\\\/#\\\/schema\\\/logo\\\/image\\\/\"},\"sameAs\":[\"https:\\\/\\\/www.facebook.com\\\/MonacoTribune\",\"https:\\\/\\\/x.com\\\/MonacoTribune\",\"https:\\\/\\\/www.instagram.com\\\/monacotribune\\\/\",\"https:\\\/\\\/www.linkedin.com\\\/company\\\/monaco-tribune\",\"https:\\\/\\\/www.youtube.com\\\/channel\\\/UCHle1MnG6hw1y4lWKijVbMA\"]},{\"@type\":\"Person\",\"@id\":\"https:\\\/\\\/www.monaco-tribune.com\\\/it\\\/#\\\/schema\\\/person\\\/dd3b5770833f791d3f4d808f1aa84499\",\"name\":\"Sarah Incari\",\"image\":{\"@type\":\"ImageObject\",\"inLanguage\":\"it-IT\",\"@id\":\"https:\\\/\\\/secure.gravatar.com\\\/avatar\\\/4ac0b37be892d57107ccdd804e3f2a03bf1e3fca097512136d3603859293cb0e?s=96&d=mm&r=g\",\"url\":\"https:\\\/\\\/secure.gravatar.com\\\/avatar\\\/4ac0b37be892d57107ccdd804e3f2a03bf1e3fca097512136d3603859293cb0e?s=96&d=mm&r=g\",\"contentUrl\":\"https:\\\/\\\/secure.gravatar.com\\\/avatar\\\/4ac0b37be892d57107ccdd804e3f2a03bf1e3fca097512136d3603859293cb0e?s=96&d=mm&r=g\",\"caption\":\"Sarah Incari\"},\"url\":\"https:\\\/\\\/www.monaco-tribune.com\\\/it\\\/author\\\/sarahincari\\\/\"}]}<\/script>\n<!-- \/ Yoast SEO Premium plugin. -->","yoast_head_json":{"title":"Scoprite l'iniziativa del Comune di Monaco e date una nuova vita al vostro intimo","description":"In occasione della Settimana Europea per la Riduzione dei Rifiuti, che inizia domani 19 novembre, la Direzione dell'Ambiente ha avviato a Monaco una","robots":{"index":"index","follow":"follow","max-snippet":"max-snippet:-1","max-image-preview":"max-image-preview:large","max-video-preview":"max-video-preview:-1"},"canonical":"https:\/\/www.monaco-tribune.com\/it\/2022\/11\/scoprite-liniziativa-del-comune-di-monaco-e-date-una-nuova-vita-al-vostro-intimo\/","og_locale":"it_IT","og_type":"article","og_title":"Scoprite l'iniziativa del Comune di Monaco e date una nuova vita al vostro intimo - Monaco Tribune","og_description":"In occasione della Settimana Europea per la Riduzione dei Rifiuti, che inizia domani 19 novembre, la Direzione dell'Ambiente ha avviato a Monaco una","og_url":"https:\/\/www.monaco-tribune.com\/it\/2022\/11\/scoprite-liniziativa-del-comune-di-monaco-e-date-una-nuova-vita-al-vostro-intimo\/","og_site_name":"Monaco Tribune","article_publisher":"https:\/\/www.facebook.com\/MonacoTribune","article_published_time":"2022-11-18T12:47:35+00:00","article_modified_time":"2022-11-18T17:00:04+00:00","og_image":[{"width":1020,"height":680,"url":"https:\/\/www.monaco-tribune.com\/wp-content\/uploads\/2022\/11\/container-pour-la-collecte-de-sous-vetements.jpg","type":"image\/jpeg"}],"author":"Sarah Incari","twitter_card":"summary_large_image","twitter_creator":"@MonacoTribune","twitter_site":"@MonacoTribune","schema":{"@context":"https:\/\/schema.org","@graph":[{"@type":"NewsArticle","@id":"https:\/\/www.monaco-tribune.com\/it\/2022\/11\/scoprite-liniziativa-del-comune-di-monaco-e-date-una-nuova-vita-al-vostro-intimo\/#article","isPartOf":{"@id":"https:\/\/www.monaco-tribune.com\/it\/2022\/11\/scoprite-liniziativa-del-comune-di-monaco-e-date-una-nuova-vita-al-vostro-intimo\/"},"author":{"name":"Sarah Incari","@id":"https:\/\/www.monaco-tribune.com\/it\/#\/schema\/person\/dd3b5770833f791d3f4d808f1aa84499"},"headline":"Scoprite l&#8217;iniziativa del Comune di Monaco e date una nuova vita al vostro intimo","datePublished":"2022-11-18T12:47:35+00:00","dateModified":"2022-11-18T17:00:04+00:00","mainEntityOfPage":{"@id":"https:\/\/www.monaco-tribune.com\/it\/2022\/11\/scoprite-liniziativa-del-comune-di-monaco-e-date-una-nuova-vita-al-vostro-intimo\/"},"wordCount":216,"publisher":{"@id":"https:\/\/www.monaco-tribune.com\/it\/#organization"},"image":{"@id":"https:\/\/www.monaco-tribune.com\/it\/2022\/11\/scoprite-liniziativa-del-comune-di-monaco-e-date-una-nuova-vita-al-vostro-intimo\/#primaryimage"},"thumbnailUrl":"https:\/\/www.monaco-tribune.com\/wp-content\/uploads\/2022\/11\/container-pour-la-collecte-de-sous-vetements.jpg","articleSection":["Green","Notizie"],"inLanguage":"it-IT","copyrightYear":"2022","copyrightHolder":{"@id":"https:\/\/www.monaco-tribune.com\/#organization"}},{"@type":"WebPage","@id":"https:\/\/www.monaco-tribune.com\/it\/2022\/11\/scoprite-liniziativa-del-comune-di-monaco-e-date-una-nuova-vita-al-vostro-intimo\/","url":"https:\/\/www.monaco-tribune.com\/it\/2022\/11\/scoprite-liniziativa-del-comune-di-monaco-e-date-una-nuova-vita-al-vostro-intimo\/","name":"Scoprite l'iniziativa del Comune di Monaco e date una nuova vita al vostro intimo","isPartOf":{"@id":"https:\/\/www.monaco-tribune.com\/it\/#website"},"primaryImageOfPage":{"@id":"https:\/\/www.monaco-tribune.com\/it\/2022\/11\/scoprite-liniziativa-del-comune-di-monaco-e-date-una-nuova-vita-al-vostro-intimo\/#primaryimage"},"image":{"@id":"https:\/\/www.monaco-tribune.com\/it\/2022\/11\/scoprite-liniziativa-del-comune-di-monaco-e-date-una-nuova-vita-al-vostro-intimo\/#primaryimage"},"thumbnailUrl":"https:\/\/www.monaco-tribune.com\/wp-content\/uploads\/2022\/11\/container-pour-la-collecte-de-sous-vetements.jpg","datePublished":"2022-11-18T12:47:35+00:00","dateModified":"2022-11-18T17:00:04+00:00","description":"In occasione della Settimana Europea per la Riduzione dei Rifiuti, che inizia domani 19 novembre, la Direzione dell'Ambiente ha avviato a Monaco una","breadcrumb":{"@id":"https:\/\/www.monaco-tribune.com\/it\/2022\/11\/scoprite-liniziativa-del-comune-di-monaco-e-date-una-nuova-vita-al-vostro-intimo\/#breadcrumb"},"inLanguage":"it-IT","potentialAction":[{"@type":"ReadAction","target":["https:\/\/www.monaco-tribune.com\/it\/2022\/11\/scoprite-liniziativa-del-comune-di-monaco-e-date-una-nuova-vita-al-vostro-intimo\/"]}]},{"@type":"ImageObject","inLanguage":"it-IT","@id":"https:\/\/www.monaco-tribune.com\/it\/2022\/11\/scoprite-liniziativa-del-comune-di-monaco-e-date-una-nuova-vita-al-vostro-intimo\/#primaryimage","url":"https:\/\/www.monaco-tribune.com\/wp-content\/uploads\/2022\/11\/container-pour-la-collecte-de-sous-vetements.jpg","contentUrl":"https:\/\/www.monaco-tribune.com\/wp-content\/uploads\/2022\/11\/container-pour-la-collecte-de-sous-vetements.jpg","width":1020,"height":680,"caption":"Direzione della Comunicazione \/ St\u00e9phane Danna"},{"@type":"BreadcrumbList","@id":"https:\/\/www.monaco-tribune.com\/it\/2022\/11\/scoprite-liniziativa-del-comune-di-monaco-e-date-una-nuova-vita-al-vostro-intimo\/#breadcrumb","itemListElement":[{"@type":"ListItem","position":1,"name":"Accueil","item":"https:\/\/www.monaco-tribune.com\/it\/"},{"@type":"ListItem","position":2,"name":"Scoprite l&rsquo;iniziativa del Comune di Monaco e date una nuova vita al vostro intimo"}]},{"@type":"WebSite","@id":"https:\/\/www.monaco-tribune.com\/it\/#website","url":"https:\/\/www.monaco-tribune.com\/it\/","name":"Monaco Tribune","description":"Monaco : actualit\u00e9s \u00e9conomiques, politiques, culturelles et sportives de Monaco et de la French Riviera.","publisher":{"@id":"https:\/\/www.monaco-tribune.com\/it\/#organization"},"potentialAction":[{"@type":"SearchAction","target":{"@type":"EntryPoint","urlTemplate":"https:\/\/www.monaco-tribune.com\/it\/?s={search_term_string}"},"query-input":{"@type":"PropertyValueSpecification","valueRequired":true,"valueName":"search_term_string"}}],"inLanguage":"it-IT"},{"@type":"Organization","@id":"https:\/\/www.monaco-tribune.com\/it\/#organization","name":"Monaco Tribune","url":"https:\/\/www.monaco-tribune.com\/it\/","logo":{"@type":"ImageObject","inLanguage":"it-IT","@id":"https:\/\/www.monaco-tribune.com\/it\/#\/schema\/logo\/image\/","url":"https:\/\/www.monaco-tribune.com\/wp-content\/uploads\/2022\/11\/logo-monaco-tribune.png","contentUrl":"https:\/\/www.monaco-tribune.com\/wp-content\/uploads\/2022\/11\/logo-monaco-tribune.png","width":1548,"height":600,"caption":"Monaco Tribune"},"image":{"@id":"https:\/\/www.monaco-tribune.com\/it\/#\/schema\/logo\/image\/"},"sameAs":["https:\/\/www.facebook.com\/MonacoTribune","https:\/\/x.com\/MonacoTribune","https:\/\/www.instagram.com\/monacotribune\/","https:\/\/www.linkedin.com\/company\/monaco-tribune","https:\/\/www.youtube.com\/channel\/UCHle1MnG6hw1y4lWKijVbMA"]},{"@type":"Person","@id":"https:\/\/www.monaco-tribune.com\/it\/#\/schema\/person\/dd3b5770833f791d3f4d808f1aa84499","name":"Sarah Incari","image":{"@type":"ImageObject","inLanguage":"it-IT","@id":"https:\/\/secure.gravatar.com\/avatar\/4ac0b37be892d57107ccdd804e3f2a03bf1e3fca097512136d3603859293cb0e?s=96&d=mm&r=g","url":"https:\/\/secure.gravatar.com\/avatar\/4ac0b37be892d57107ccdd804e3f2a03bf1e3fca097512136d3603859293cb0e?s=96&d=mm&r=g","contentUrl":"https:\/\/secure.gravatar.com\/avatar\/4ac0b37be892d57107ccdd804e3f2a03bf1e3fca097512136d3603859293cb0e?s=96&d=mm&r=g","caption":"Sarah Incari"},"url":"https:\/\/www.monaco-tribune.com\/it\/author\/sarahincari\/"}]}},"_links":{"self":[{"href":"https:\/\/www.monaco-tribune.com\/it\/wp-json\/wp\/v2\/posts\/150552","targetHints":{"allow":["GET"]}}],"collection":[{"href":"https:\/\/www.monaco-tribune.com\/it\/wp-json\/wp\/v2\/posts"}],"about":[{"href":"https:\/\/www.monaco-tribune.com\/it\/wp-json\/wp\/v2\/types\/post"}],"author":[{"embeddable":true,"href":"https:\/\/www.monaco-tribune.com\/it\/wp-json\/wp\/v2\/users\/69"}],"replies":[{"embeddable":true,"href":"https:\/\/www.monaco-tribune.com\/it\/wp-json\/wp\/v2\/comments?post=150552"}],"version-history":[{"count":0,"href":"https:\/\/www.monaco-tribune.com\/it\/wp-json\/wp\/v2\/posts\/150552\/revisions"}],"wp:featuredmedia":[{"embeddable":true,"href":"https:\/\/www.monaco-tribune.com\/it\/wp-json\/wp\/v2\/media\/150468"}],"wp:attachment":[{"href":"https:\/\/www.monaco-tribune.com\/it\/wp-json\/wp\/v2\/media?parent=150552"}],"wp:term":[{"taxonomy":"category","embeddable":true,"href":"https:\/\/www.monaco-tribune.com\/it\/wp-json\/wp\/v2\/categories?post=150552"},{"taxonomy":"post_tag","embeddable":true,"href":"https:\/\/www.monaco-tribune.com\/it\/wp-json\/wp\/v2\/tags?post=150552"},{"taxonomy":"sectag","embeddable":true,"href":"https:\/\/www.monaco-tribune.com\/it\/wp-json\/wp\/v2\/post_sectags?post=150552"},{"taxonomy":"format","embeddable":true,"href":"https:\/\/www.monaco-tribune.com\/it\/wp-json\/wp\/v2\/post_format?post=150552"}],"curies":[{"name":"wp","href":"https:\/\/api.w.org\/{rel}","templated":true}]}}