{"id":152618,"date":"2022-11-29T18:45:00","date_gmt":"2022-11-29T17:45:00","guid":{"rendered":"https:\/\/www.monaco-tribune.com\/2022\/11\/gli-autobus-di-monaco-resteranno-gratuiti-fino-al-2-gennaio-2023\/"},"modified":"2022-11-29T18:57:58","modified_gmt":"2022-11-29T17:57:58","slug":"gli-autobus-di-monaco-resteranno-gratuiti-fino-al-2-gennaio-2023","status":"publish","type":"post","link":"https:\/\/www.monaco-tribune.com\/it\/2022\/11\/gli-autobus-di-monaco-resteranno-gratuiti-fino-al-2-gennaio-2023\/","title":{"rendered":"Gli autobus di Monaco resteranno gratuiti fino al 2 gennaio 2023"},"content":{"rendered":"\n<p><strong>Il programma di prova degli autobus gratuiti, che doveva terminare domenica, \u00e8 stato prorogato.<\/strong><\/p>\n\n\n\n<p>Una delle principali richieste del Consiglio Nazionale era proprio questa: <a href=\"https:\/\/www.monaco-tribune.com\/2022\/10\/bus-gratuits-a-monaco-que-vont-devenir-vos-abonnements\/\">rendere gratuiti gli autobus nel Principato<\/a>. Il governo monegasco ha avviato un programma di prova della durata di due mesi, che avrebbe dovuto concludersi il 27 novembre 2022.<\/p>\n\n\n\n<p>Ora, il governo ha appena annunciato che il test sar\u00e0 prorogato fino al 2 gennaio 2023. &#8220;<em>I servizi statali desiderano darsi il tempo e i mezzi per raccogliere e analizzare tutti i dati sull&#8217;impatto di questa misura, per quanto riguarda la frequenza di utilizzo degli autobus della Compagnie des Autobus de Monaco (CAM), sul traffico stradale in citt\u00e0 correlato all&#8217;utilizzo dei parcheggi pubblici e sull&#8217;evoluzione del livello di inquinamento automobilistico. Questi dati ci aiuteranno a decidere le conclusioni da trarre da questo test<\/em>&#8220;, si legge nel comunicato stampa<em>.<\/em><\/p>\n\n\n\n<p>In una riunione del 10 novembre, il Consiglio nazionale aveva infatti richiesto questa proroga, ma fino alla prossima primavera: &#8220;<em>questo ci permetterebbe di avere la prospettiva necessaria per analizzare l&#8217;evoluzione dei comportamenti in modo pi\u00f9 pertinente, dando al contempo ai residenti pi\u00f9 tempo per modificare le loro abitudini sul lungo termine, favorendo una forma di mobilit\u00e0 pi\u00f9 dolce per tutti i loro spostamenti in citt\u00e0&#8221;.(&#8230;) Questa misura, molto apprezzata dagli utenti, \u00e8 un forte segnale dell&#8217;impegno di Monaco per un Principato sostenibile<\/em>&#8220;.<\/p>\n","protected":false},"excerpt":{"rendered":"<p>Il programma di prova degli autobus gratuiti, che doveva terminare domenica, \u00e8 stato prorogato. Una delle principali richieste del Consiglio [&hellip;]<\/p>\n","protected":false},"author":60,"featured_media":147050,"comment_status":"closed","ping_status":"closed","sticky":false,"template":"","format":"standard","meta":{"_acf_changed":false,"footnotes":""},"categories":[2175,1738,1752],"tags":[2859],"post_sectags":[],"post_format":[2477],"class_list":["post-152618","post","type-post","status-publish","format-standard","has-post-thumbnail","hentry","category-dossier-it","category-notizie","category-societa","tag-trasporto","format-info-pratiche"],"acf":[],"yoast_head":"<!-- This site is optimized with the Yoast SEO Premium plugin v26.8 (Yoast SEO v27.5) - https:\/\/yoast.com\/product\/yoast-seo-premium-wordpress\/ -->\n<title>Gli autobus di Monaco resteranno gratuiti fino al 2 gennaio 2023<\/title>\n<meta name=\"description\" content=\"Il programma di prova degli autobus gratuiti, che doveva terminare domenica, \u00e8 stato prorogato. Una delle principali richieste del Consiglio Nazionale era\" \/>\n<meta name=\"robots\" content=\"index, follow, max-snippet:-1, max-image-preview:large, max-video-preview:-1\" \/>\n<link rel=\"canonical\" href=\"https:\/\/www.monaco-tribune.com\/it\/2022\/11\/gli-autobus-di-monaco-resteranno-gratuiti-fino-al-2-gennaio-2023\/\" \/>\n<meta property=\"og:locale\" content=\"it_IT\" \/>\n<meta property=\"og:type\" content=\"article\" \/>\n<meta property=\"og:title\" content=\"Gli autobus di Monaco resteranno gratuiti fino al 2 gennaio 2023 - Monaco Tribune\" \/>\n<meta property=\"og:description\" content=\"Il programma di prova degli autobus gratuiti, che doveva terminare domenica, \u00e8 stato prorogato. Una delle principali richieste del Consiglio Nazionale era\" \/>\n<meta property=\"og:url\" content=\"https:\/\/www.monaco-tribune.com\/it\/2022\/11\/gli-autobus-di-monaco-resteranno-gratuiti-fino-al-2-gennaio-2023\/\" \/>\n<meta property=\"og:site_name\" content=\"Monaco Tribune\" \/>\n<meta property=\"article:publisher\" content=\"https:\/\/www.facebook.com\/MonacoTribune\" \/>\n<meta property=\"article:published_time\" content=\"2022-11-29T17:45:00+00:00\" \/>\n<meta property=\"article:modified_time\" content=\"2022-11-29T17:57:58+00:00\" \/>\n<meta property=\"og:image\" content=\"https:\/\/www.monaco-tribune.com\/wp-content\/uploads\/2022\/10\/bus-gratuit-monaco.jpeg\" \/>\n\t<meta property=\"og:image:width\" content=\"1020\" \/>\n\t<meta property=\"og:image:height\" content=\"690\" \/>\n\t<meta property=\"og:image:type\" content=\"image\/jpeg\" \/>\n<meta name=\"author\" content=\"Camille Esteve\" \/>\n<meta name=\"twitter:card\" content=\"summary_large_image\" \/>\n<meta name=\"twitter:creator\" content=\"@MonacoTribune\" \/>\n<meta name=\"twitter:site\" content=\"@MonacoTribune\" \/>\n<script type=\"application\/ld+json\" class=\"yoast-schema-graph\">{\"@context\":\"https:\\\/\\\/schema.org\",\"@graph\":[{\"@type\":\"NewsArticle\",\"@id\":\"https:\\\/\\\/www.monaco-tribune.com\\\/it\\\/2022\\\/11\\\/gli-autobus-di-monaco-resteranno-gratuiti-fino-al-2-gennaio-2023\\\/#article\",\"isPartOf\":{\"@id\":\"https:\\\/\\\/www.monaco-tribune.com\\\/it\\\/2022\\\/11\\\/gli-autobus-di-monaco-resteranno-gratuiti-fino-al-2-gennaio-2023\\\/\"},\"author\":{\"name\":\"Camille Esteve\",\"@id\":\"https:\\\/\\\/www.monaco-tribune.com\\\/it\\\/#\\\/schema\\\/person\\\/a855d420fff4d03637641d60b93ac62e\"},\"headline\":\"Gli autobus di Monaco resteranno gratuiti fino al 2 gennaio 2023\",\"datePublished\":\"2022-11-29T17:45:00+00:00\",\"dateModified\":\"2022-11-29T17:57:58+00:00\",\"mainEntityOfPage\":{\"@id\":\"https:\\\/\\\/www.monaco-tribune.com\\\/it\\\/2022\\\/11\\\/gli-autobus-di-monaco-resteranno-gratuiti-fino-al-2-gennaio-2023\\\/\"},\"wordCount\":229,\"publisher\":{\"@id\":\"https:\\\/\\\/www.monaco-tribune.com\\\/it\\\/#organization\"},\"image\":{\"@id\":\"https:\\\/\\\/www.monaco-tribune.com\\\/it\\\/2022\\\/11\\\/gli-autobus-di-monaco-resteranno-gratuiti-fino-al-2-gennaio-2023\\\/#primaryimage\"},\"thumbnailUrl\":\"https:\\\/\\\/www.monaco-tribune.com\\\/wp-content\\\/uploads\\\/2022\\\/10\\\/bus-gratuit-monaco.jpeg\",\"keywords\":[\"Trasporto\"],\"articleSection\":[\"Dossier\",\"Notizie\",\"Societ\u00e0\"],\"inLanguage\":\"it-IT\",\"copyrightYear\":\"2022\",\"copyrightHolder\":{\"@id\":\"https:\\\/\\\/www.monaco-tribune.com\\\/#organization\"}},{\"@type\":\"WebPage\",\"@id\":\"https:\\\/\\\/www.monaco-tribune.com\\\/it\\\/2022\\\/11\\\/gli-autobus-di-monaco-resteranno-gratuiti-fino-al-2-gennaio-2023\\\/\",\"url\":\"https:\\\/\\\/www.monaco-tribune.com\\\/it\\\/2022\\\/11\\\/gli-autobus-di-monaco-resteranno-gratuiti-fino-al-2-gennaio-2023\\\/\",\"name\":\"Gli autobus di Monaco resteranno gratuiti fino al 2 gennaio 2023\",\"isPartOf\":{\"@id\":\"https:\\\/\\\/www.monaco-tribune.com\\\/it\\\/#website\"},\"primaryImageOfPage\":{\"@id\":\"https:\\\/\\\/www.monaco-tribune.com\\\/it\\\/2022\\\/11\\\/gli-autobus-di-monaco-resteranno-gratuiti-fino-al-2-gennaio-2023\\\/#primaryimage\"},\"image\":{\"@id\":\"https:\\\/\\\/www.monaco-tribune.com\\\/it\\\/2022\\\/11\\\/gli-autobus-di-monaco-resteranno-gratuiti-fino-al-2-gennaio-2023\\\/#primaryimage\"},\"thumbnailUrl\":\"https:\\\/\\\/www.monaco-tribune.com\\\/wp-content\\\/uploads\\\/2022\\\/10\\\/bus-gratuit-monaco.jpeg\",\"datePublished\":\"2022-11-29T17:45:00+00:00\",\"dateModified\":\"2022-11-29T17:57:58+00:00\",\"description\":\"Il programma di prova degli autobus gratuiti, che doveva terminare domenica, \u00e8 stato prorogato. Una delle principali richieste del Consiglio Nazionale era\",\"breadcrumb\":{\"@id\":\"https:\\\/\\\/www.monaco-tribune.com\\\/it\\\/2022\\\/11\\\/gli-autobus-di-monaco-resteranno-gratuiti-fino-al-2-gennaio-2023\\\/#breadcrumb\"},\"inLanguage\":\"it-IT\",\"potentialAction\":[{\"@type\":\"ReadAction\",\"target\":[\"https:\\\/\\\/www.monaco-tribune.com\\\/it\\\/2022\\\/11\\\/gli-autobus-di-monaco-resteranno-gratuiti-fino-al-2-gennaio-2023\\\/\"]}]},{\"@type\":\"ImageObject\",\"inLanguage\":\"it-IT\",\"@id\":\"https:\\\/\\\/www.monaco-tribune.com\\\/it\\\/2022\\\/11\\\/gli-autobus-di-monaco-resteranno-gratuiti-fino-al-2-gennaio-2023\\\/#primaryimage\",\"url\":\"https:\\\/\\\/www.monaco-tribune.com\\\/wp-content\\\/uploads\\\/2022\\\/10\\\/bus-gratuit-monaco.jpeg\",\"contentUrl\":\"https:\\\/\\\/www.monaco-tribune.com\\\/wp-content\\\/uploads\\\/2022\\\/10\\\/bus-gratuit-monaco.jpeg\",\"width\":1020,\"height\":690,\"caption\":\"Monaco Tribune\"},{\"@type\":\"BreadcrumbList\",\"@id\":\"https:\\\/\\\/www.monaco-tribune.com\\\/it\\\/2022\\\/11\\\/gli-autobus-di-monaco-resteranno-gratuiti-fino-al-2-gennaio-2023\\\/#breadcrumb\",\"itemListElement\":[{\"@type\":\"ListItem\",\"position\":1,\"name\":\"Accueil\",\"item\":\"https:\\\/\\\/www.monaco-tribune.com\\\/it\\\/\"},{\"@type\":\"ListItem\",\"position\":2,\"name\":\"Gli autobus di Monaco resteranno gratuiti fino al 2 gennaio 2023\"}]},{\"@type\":\"WebSite\",\"@id\":\"https:\\\/\\\/www.monaco-tribune.com\\\/it\\\/#website\",\"url\":\"https:\\\/\\\/www.monaco-tribune.com\\\/it\\\/\",\"name\":\"Monaco Tribune\",\"description\":\"Monaco : actualit\u00e9s \u00e9conomiques, politiques, culturelles et sportives de Monaco et de la French Riviera.\",\"publisher\":{\"@id\":\"https:\\\/\\\/www.monaco-tribune.com\\\/it\\\/#organization\"},\"potentialAction\":[{\"@type\":\"SearchAction\",\"target\":{\"@type\":\"EntryPoint\",\"urlTemplate\":\"https:\\\/\\\/www.monaco-tribune.com\\\/it\\\/?s={search_term_string}\"},\"query-input\":{\"@type\":\"PropertyValueSpecification\",\"valueRequired\":true,\"valueName\":\"search_term_string\"}}],\"inLanguage\":\"it-IT\"},{\"@type\":\"Organization\",\"@id\":\"https:\\\/\\\/www.monaco-tribune.com\\\/it\\\/#organization\",\"name\":\"Monaco Tribune\",\"url\":\"https:\\\/\\\/www.monaco-tribune.com\\\/it\\\/\",\"logo\":{\"@type\":\"ImageObject\",\"inLanguage\":\"it-IT\",\"@id\":\"https:\\\/\\\/www.monaco-tribune.com\\\/it\\\/#\\\/schema\\\/logo\\\/image\\\/\",\"url\":\"https:\\\/\\\/www.monaco-tribune.com\\\/wp-content\\\/uploads\\\/2022\\\/11\\\/logo-monaco-tribune.png\",\"contentUrl\":\"https:\\\/\\\/www.monaco-tribune.com\\\/wp-content\\\/uploads\\\/2022\\\/11\\\/logo-monaco-tribune.png\",\"width\":1548,\"height\":600,\"caption\":\"Monaco Tribune\"},\"image\":{\"@id\":\"https:\\\/\\\/www.monaco-tribune.com\\\/it\\\/#\\\/schema\\\/logo\\\/image\\\/\"},\"sameAs\":[\"https:\\\/\\\/www.facebook.com\\\/MonacoTribune\",\"https:\\\/\\\/x.com\\\/MonacoTribune\",\"https:\\\/\\\/www.instagram.com\\\/monacotribune\\\/\",\"https:\\\/\\\/www.linkedin.com\\\/company\\\/monaco-tribune\",\"https:\\\/\\\/www.youtube.com\\\/channel\\\/UCHle1MnG6hw1y4lWKijVbMA\"]},{\"@type\":\"Person\",\"@id\":\"https:\\\/\\\/www.monaco-tribune.com\\\/it\\\/#\\\/schema\\\/person\\\/a855d420fff4d03637641d60b93ac62e\",\"name\":\"Camille Esteve\",\"image\":{\"@type\":\"ImageObject\",\"inLanguage\":\"it-IT\",\"@id\":\"https:\\\/\\\/secure.gravatar.com\\\/avatar\\\/eaaa2355a7bb56c0018a391c20a55bf9b4690e3f493231dd850e612bfa6ce161?s=96&d=mm&r=g\",\"url\":\"https:\\\/\\\/secure.gravatar.com\\\/avatar\\\/eaaa2355a7bb56c0018a391c20a55bf9b4690e3f493231dd850e612bfa6ce161?s=96&d=mm&r=g\",\"contentUrl\":\"https:\\\/\\\/secure.gravatar.com\\\/avatar\\\/eaaa2355a7bb56c0018a391c20a55bf9b4690e3f493231dd850e612bfa6ce161?s=96&d=mm&r=g\",\"caption\":\"Camille Esteve\"},\"url\":\"https:\\\/\\\/www.monaco-tribune.com\\\/it\\\/author\\\/camilleesteve\\\/\"}]}<\/script>\n<!-- \/ Yoast SEO Premium plugin. -->","yoast_head_json":{"title":"Gli autobus di Monaco resteranno gratuiti fino al 2 gennaio 2023","description":"Il programma di prova degli autobus gratuiti, che doveva terminare domenica, \u00e8 stato prorogato. Una delle principali richieste del Consiglio Nazionale era","robots":{"index":"index","follow":"follow","max-snippet":"max-snippet:-1","max-image-preview":"max-image-preview:large","max-video-preview":"max-video-preview:-1"},"canonical":"https:\/\/www.monaco-tribune.com\/it\/2022\/11\/gli-autobus-di-monaco-resteranno-gratuiti-fino-al-2-gennaio-2023\/","og_locale":"it_IT","og_type":"article","og_title":"Gli autobus di Monaco resteranno gratuiti fino al 2 gennaio 2023 - Monaco Tribune","og_description":"Il programma di prova degli autobus gratuiti, che doveva terminare domenica, \u00e8 stato prorogato. Una delle principali richieste del Consiglio Nazionale era","og_url":"https:\/\/www.monaco-tribune.com\/it\/2022\/11\/gli-autobus-di-monaco-resteranno-gratuiti-fino-al-2-gennaio-2023\/","og_site_name":"Monaco Tribune","article_publisher":"https:\/\/www.facebook.com\/MonacoTribune","article_published_time":"2022-11-29T17:45:00+00:00","article_modified_time":"2022-11-29T17:57:58+00:00","og_image":[{"width":1020,"height":690,"url":"https:\/\/www.monaco-tribune.com\/wp-content\/uploads\/2022\/10\/bus-gratuit-monaco.jpeg","type":"image\/jpeg"}],"author":"Camille Esteve","twitter_card":"summary_large_image","twitter_creator":"@MonacoTribune","twitter_site":"@MonacoTribune","schema":{"@context":"https:\/\/schema.org","@graph":[{"@type":"NewsArticle","@id":"https:\/\/www.monaco-tribune.com\/it\/2022\/11\/gli-autobus-di-monaco-resteranno-gratuiti-fino-al-2-gennaio-2023\/#article","isPartOf":{"@id":"https:\/\/www.monaco-tribune.com\/it\/2022\/11\/gli-autobus-di-monaco-resteranno-gratuiti-fino-al-2-gennaio-2023\/"},"author":{"name":"Camille Esteve","@id":"https:\/\/www.monaco-tribune.com\/it\/#\/schema\/person\/a855d420fff4d03637641d60b93ac62e"},"headline":"Gli autobus di Monaco resteranno gratuiti fino al 2 gennaio 2023","datePublished":"2022-11-29T17:45:00+00:00","dateModified":"2022-11-29T17:57:58+00:00","mainEntityOfPage":{"@id":"https:\/\/www.monaco-tribune.com\/it\/2022\/11\/gli-autobus-di-monaco-resteranno-gratuiti-fino-al-2-gennaio-2023\/"},"wordCount":229,"publisher":{"@id":"https:\/\/www.monaco-tribune.com\/it\/#organization"},"image":{"@id":"https:\/\/www.monaco-tribune.com\/it\/2022\/11\/gli-autobus-di-monaco-resteranno-gratuiti-fino-al-2-gennaio-2023\/#primaryimage"},"thumbnailUrl":"https:\/\/www.monaco-tribune.com\/wp-content\/uploads\/2022\/10\/bus-gratuit-monaco.jpeg","keywords":["Trasporto"],"articleSection":["Dossier","Notizie","Societ\u00e0"],"inLanguage":"it-IT","copyrightYear":"2022","copyrightHolder":{"@id":"https:\/\/www.monaco-tribune.com\/#organization"}},{"@type":"WebPage","@id":"https:\/\/www.monaco-tribune.com\/it\/2022\/11\/gli-autobus-di-monaco-resteranno-gratuiti-fino-al-2-gennaio-2023\/","url":"https:\/\/www.monaco-tribune.com\/it\/2022\/11\/gli-autobus-di-monaco-resteranno-gratuiti-fino-al-2-gennaio-2023\/","name":"Gli autobus di Monaco resteranno gratuiti fino al 2 gennaio 2023","isPartOf":{"@id":"https:\/\/www.monaco-tribune.com\/it\/#website"},"primaryImageOfPage":{"@id":"https:\/\/www.monaco-tribune.com\/it\/2022\/11\/gli-autobus-di-monaco-resteranno-gratuiti-fino-al-2-gennaio-2023\/#primaryimage"},"image":{"@id":"https:\/\/www.monaco-tribune.com\/it\/2022\/11\/gli-autobus-di-monaco-resteranno-gratuiti-fino-al-2-gennaio-2023\/#primaryimage"},"thumbnailUrl":"https:\/\/www.monaco-tribune.com\/wp-content\/uploads\/2022\/10\/bus-gratuit-monaco.jpeg","datePublished":"2022-11-29T17:45:00+00:00","dateModified":"2022-11-29T17:57:58+00:00","description":"Il programma di prova degli autobus gratuiti, che doveva terminare domenica, \u00e8 stato prorogato. Una delle principali richieste del Consiglio Nazionale era","breadcrumb":{"@id":"https:\/\/www.monaco-tribune.com\/it\/2022\/11\/gli-autobus-di-monaco-resteranno-gratuiti-fino-al-2-gennaio-2023\/#breadcrumb"},"inLanguage":"it-IT","potentialAction":[{"@type":"ReadAction","target":["https:\/\/www.monaco-tribune.com\/it\/2022\/11\/gli-autobus-di-monaco-resteranno-gratuiti-fino-al-2-gennaio-2023\/"]}]},{"@type":"ImageObject","inLanguage":"it-IT","@id":"https:\/\/www.monaco-tribune.com\/it\/2022\/11\/gli-autobus-di-monaco-resteranno-gratuiti-fino-al-2-gennaio-2023\/#primaryimage","url":"https:\/\/www.monaco-tribune.com\/wp-content\/uploads\/2022\/10\/bus-gratuit-monaco.jpeg","contentUrl":"https:\/\/www.monaco-tribune.com\/wp-content\/uploads\/2022\/10\/bus-gratuit-monaco.jpeg","width":1020,"height":690,"caption":"Monaco Tribune"},{"@type":"BreadcrumbList","@id":"https:\/\/www.monaco-tribune.com\/it\/2022\/11\/gli-autobus-di-monaco-resteranno-gratuiti-fino-al-2-gennaio-2023\/#breadcrumb","itemListElement":[{"@type":"ListItem","position":1,"name":"Accueil","item":"https:\/\/www.monaco-tribune.com\/it\/"},{"@type":"ListItem","position":2,"name":"Gli autobus di Monaco resteranno gratuiti fino al 2 gennaio 2023"}]},{"@type":"WebSite","@id":"https:\/\/www.monaco-tribune.com\/it\/#website","url":"https:\/\/www.monaco-tribune.com\/it\/","name":"Monaco Tribune","description":"Monaco : actualit\u00e9s \u00e9conomiques, politiques, culturelles et sportives de Monaco et de la French Riviera.","publisher":{"@id":"https:\/\/www.monaco-tribune.com\/it\/#organization"},"potentialAction":[{"@type":"SearchAction","target":{"@type":"EntryPoint","urlTemplate":"https:\/\/www.monaco-tribune.com\/it\/?s={search_term_string}"},"query-input":{"@type":"PropertyValueSpecification","valueRequired":true,"valueName":"search_term_string"}}],"inLanguage":"it-IT"},{"@type":"Organization","@id":"https:\/\/www.monaco-tribune.com\/it\/#organization","name":"Monaco Tribune","url":"https:\/\/www.monaco-tribune.com\/it\/","logo":{"@type":"ImageObject","inLanguage":"it-IT","@id":"https:\/\/www.monaco-tribune.com\/it\/#\/schema\/logo\/image\/","url":"https:\/\/www.monaco-tribune.com\/wp-content\/uploads\/2022\/11\/logo-monaco-tribune.png","contentUrl":"https:\/\/www.monaco-tribune.com\/wp-content\/uploads\/2022\/11\/logo-monaco-tribune.png","width":1548,"height":600,"caption":"Monaco Tribune"},"image":{"@id":"https:\/\/www.monaco-tribune.com\/it\/#\/schema\/logo\/image\/"},"sameAs":["https:\/\/www.facebook.com\/MonacoTribune","https:\/\/x.com\/MonacoTribune","https:\/\/www.instagram.com\/monacotribune\/","https:\/\/www.linkedin.com\/company\/monaco-tribune","https:\/\/www.youtube.com\/channel\/UCHle1MnG6hw1y4lWKijVbMA"]},{"@type":"Person","@id":"https:\/\/www.monaco-tribune.com\/it\/#\/schema\/person\/a855d420fff4d03637641d60b93ac62e","name":"Camille Esteve","image":{"@type":"ImageObject","inLanguage":"it-IT","@id":"https:\/\/secure.gravatar.com\/avatar\/eaaa2355a7bb56c0018a391c20a55bf9b4690e3f493231dd850e612bfa6ce161?s=96&d=mm&r=g","url":"https:\/\/secure.gravatar.com\/avatar\/eaaa2355a7bb56c0018a391c20a55bf9b4690e3f493231dd850e612bfa6ce161?s=96&d=mm&r=g","contentUrl":"https:\/\/secure.gravatar.com\/avatar\/eaaa2355a7bb56c0018a391c20a55bf9b4690e3f493231dd850e612bfa6ce161?s=96&d=mm&r=g","caption":"Camille Esteve"},"url":"https:\/\/www.monaco-tribune.com\/it\/author\/camilleesteve\/"}]}},"_links":{"self":[{"href":"https:\/\/www.monaco-tribune.com\/it\/wp-json\/wp\/v2\/posts\/152618","targetHints":{"allow":["GET"]}}],"collection":[{"href":"https:\/\/www.monaco-tribune.com\/it\/wp-json\/wp\/v2\/posts"}],"about":[{"href":"https:\/\/www.monaco-tribune.com\/it\/wp-json\/wp\/v2\/types\/post"}],"author":[{"embeddable":true,"href":"https:\/\/www.monaco-tribune.com\/it\/wp-json\/wp\/v2\/users\/60"}],"replies":[{"embeddable":true,"href":"https:\/\/www.monaco-tribune.com\/it\/wp-json\/wp\/v2\/comments?post=152618"}],"version-history":[{"count":0,"href":"https:\/\/www.monaco-tribune.com\/it\/wp-json\/wp\/v2\/posts\/152618\/revisions"}],"wp:featuredmedia":[{"embeddable":true,"href":"https:\/\/www.monaco-tribune.com\/it\/wp-json\/wp\/v2\/media\/147050"}],"wp:attachment":[{"href":"https:\/\/www.monaco-tribune.com\/it\/wp-json\/wp\/v2\/media?parent=152618"}],"wp:term":[{"taxonomy":"category","embeddable":true,"href":"https:\/\/www.monaco-tribune.com\/it\/wp-json\/wp\/v2\/categories?post=152618"},{"taxonomy":"post_tag","embeddable":true,"href":"https:\/\/www.monaco-tribune.com\/it\/wp-json\/wp\/v2\/tags?post=152618"},{"taxonomy":"sectag","embeddable":true,"href":"https:\/\/www.monaco-tribune.com\/it\/wp-json\/wp\/v2\/post_sectags?post=152618"},{"taxonomy":"format","embeddable":true,"href":"https:\/\/www.monaco-tribune.com\/it\/wp-json\/wp\/v2\/post_format?post=152618"}],"curies":[{"name":"wp","href":"https:\/\/api.w.org\/{rel}","templated":true}]}}