{"id":154151,"date":"2022-12-07T18:21:22","date_gmt":"2022-12-07T17:21:22","guid":{"rendered":"https:\/\/www.monaco-tribune.com\/2022\/12\/il-principe-alberto-ii-rende-omaggio-al-principe-alberto-i-a-parigi\/"},"modified":"2022-12-07T18:23:33","modified_gmt":"2022-12-07T17:23:33","slug":"il-principe-alberto-ii-rende-omaggio-al-principe-alberto-i-a-parigi","status":"publish","type":"post","link":"https:\/\/www.monaco-tribune.com\/it\/2022\/12\/il-principe-alberto-ii-rende-omaggio-al-principe-alberto-i-a-parigi\/","title":{"rendered":"Il Principe Alberto II rende omaggio al Principe Alberto I a Parigi"},"content":{"rendered":"\n<p><strong>Si chiude cos\u00ec il Centenario della morte del Principe Esploratore, nato e morto nella Ville Lumi\u00e8re.<\/strong><\/p>\n\n<p>Il Principe Sovrano si \u00e8 recato a Parigi il 6 e 7 dicembre per celebrare il centenario della morte del Principe Alberto I.<\/p>\n\n<p>Un viaggio commemorativo nella capitale francese, dopo numerosi eventi nel Principato, in Germania, <a href=\"https:\/\/www.monaco-tribune.com\/it\/2022\/06\/la-famiglia-principesca-in-visita-alla-famiglia-reale-norvegese\/\">Norvegia<\/a>, <a href=\"https:\/\/www.monaco-tribune.com\/2022\/10\/photos-le-prince-albert-ii-sur-les-traces-du-prince-albert-ier-au-portugal\/\">Portogallo<\/a>, <a href=\"https:\/\/www.monaco-tribune.com\/2022\/10\/que-fait-le-prince-albert-ii-au-portugal-et-en-espagne-cette-semaine\/\">Spagna<\/a> e nei <a href=\"https:\/\/www.monaco-tribune.com\/2022\/06\/le-prince-albert-ii-inaugure-une-exposition-dediee-a-albert-ier-dans-les-pyrenees\/\">Pirenei francesi<\/a>.<\/p>\n\n<p>Oltre a essere molto legato alla Francia, che considerava &#8220;la sua seconda patria&#8221;, il Principe Alberto I svolse nel paese gran parte della sua attivit\u00e0 politica, diplomatica e scientifica, in particolare con la fondazione dell&#8217;Istituto Oceanografico e dell&#8217;Istituto di Paleontologia Umana, partecipando anche alle esposizioni universali del 1889 e del 1900.<\/p>\n\n<p>Considerato uno degli &#8220;stranieri che hanno fatto la Francia&#8221;, dallo storico Pascal Ory dell&#8217;Acad\u00e9mie Fran\u00e7aise, il Principe Alberto I ha ora diritto a una propria targa al numero 10 di Avenue du Pr\u00e9sident Wilson, la sua dimora parigina acquistata nel 1899 e divenuta sede della Nonciature nel 1923. Una targa inaugurata marted\u00ec 6 dicembre dal suo discendente, il Principe Alberto II.<\/p>\n\n<figure class=\"wp-block-gallery has-nested-images columns-1 is-cropped wp-block-gallery-1 is-layout-flex wp-block-gallery-is-layout-flex\">\n<figure class=\"wp-block-image size-large\"><img loading=\"lazy\" decoding=\"async\" width=\"684\" height=\"1024\" data-id=\"154047\" src=\"https:\/\/www.monaco-tribune.com\/wp-content\/uploads\/2022\/12\/prince-albert-ii-paris-plaque-prince-albert-ier-684x1024.jpg\" alt=\"principe-alberto-ii-parigi-targa-principe-alberto-i\" class=\"wp-image-154047\" srcset=\"https:\/\/www.monaco-tribune.com\/wp-content\/uploads\/2022\/12\/prince-albert-ii-paris-plaque-prince-albert-ier-684x1024.jpg 684w, https:\/\/www.monaco-tribune.com\/wp-content\/uploads\/2022\/12\/prince-albert-ii-paris-plaque-prince-albert-ier-200x300.jpg 200w, https:\/\/www.monaco-tribune.com\/wp-content\/uploads\/2022\/12\/prince-albert-ii-paris-plaque-prince-albert-ier.jpg 1020w\" sizes=\"auto, (max-width: 684px) 100vw, 684px\" \/><\/figure>\n\n\n\n<figure class=\"wp-block-image size-large\"><img loading=\"lazy\" decoding=\"async\" width=\"1020\" height=\"681\" data-id=\"154031\" src=\"https:\/\/www.monaco-tribune.com\/wp-content\/uploads\/2022\/12\/prince-albert-ier-plaque-paris.jpg\" alt=\"principe-alberto-i-targa-parigi\" class=\"wp-image-154031\" srcset=\"https:\/\/www.monaco-tribune.com\/wp-content\/uploads\/2022\/12\/prince-albert-ier-plaque-paris.jpg 1020w, https:\/\/www.monaco-tribune.com\/wp-content\/uploads\/2022\/12\/prince-albert-ier-plaque-paris-449x300.jpg 449w\" sizes=\"auto, (max-width: 1020px) 100vw, 1020px\" \/><\/figure>\n<figcaption class=\"blocks-gallery-caption wp-element-caption\"><em><em>\u00a9 Axel Bastello\/Palazzo del Principe<\/em><\/em><\/figcaption><\/figure>\n\n<p><strong>LEGGI ANCHE<\/strong>: <a href=\"https:\/\/www.monaco-tribune.com\/it\/2022\/07\/racconti-la-spedizione-di-venturi-in-norvegia-in-onore-del-principe-alberto-i\/\">La spedizione di Venturi in Norvegia in onore del Principe Alberto I<\/a><\/p>\n\n<h2 class=\"wp-block-heading\" id=\"h-le-prince-albert-ier-des-liens-tres-etroits-avec-paris\">Il Principe Alberto I e il forte legame con Parigi<\/h2>\n\n<p>L&#8217;omaggio \u00e8 poi proseguito nei giardini del Trocadero, con un&#8217;esposizione floreale dai colori monegaschi sulla targa dell&#8217;Avenue Albert I de Monaco, nominata il 22 gennaio 1932 dal Consiglio di Parigi.<\/p>\n\n<figure class=\"wp-block-gallery has-nested-images columns-1 is-cropped wp-block-gallery-2 is-layout-flex wp-block-gallery-is-layout-flex\">\n<figure class=\"wp-block-image size-large\"><img loading=\"lazy\" decoding=\"async\" width=\"1020\" height=\"682\" data-id=\"154043\" src=\"https:\/\/www.monaco-tribune.com\/wp-content\/uploads\/2022\/12\/prince-albert-ii-hommage.jpg\" alt=\"principe-alberto-ii-omaggio\" class=\"wp-image-154043\" srcset=\"https:\/\/www.monaco-tribune.com\/wp-content\/uploads\/2022\/12\/prince-albert-ii-hommage.jpg 1020w, https:\/\/www.monaco-tribune.com\/wp-content\/uploads\/2022\/12\/prince-albert-ii-hommage-449x300.jpg 449w\" sizes=\"auto, (max-width: 1020px) 100vw, 1020px\" \/><\/figure>\n\n\n\n<figure class=\"wp-block-image size-large\"><img loading=\"lazy\" decoding=\"async\" width=\"684\" height=\"1024\" data-id=\"154051\" src=\"https:\/\/www.monaco-tribune.com\/wp-content\/uploads\/2022\/12\/prince-albert-ii-paris-684x1024.jpg\" alt=\"principe-alberto-ii-parigi\" class=\"wp-image-154051\" srcset=\"https:\/\/www.monaco-tribune.com\/wp-content\/uploads\/2022\/12\/prince-albert-ii-paris-684x1024.jpg 684w, https:\/\/www.monaco-tribune.com\/wp-content\/uploads\/2022\/12\/prince-albert-ii-paris-200x300.jpg 200w, https:\/\/www.monaco-tribune.com\/wp-content\/uploads\/2022\/12\/prince-albert-ii-paris.jpg 1020w\" sizes=\"auto, (max-width: 684px) 100vw, 684px\" \/><\/figure>\n<figcaption class=\"blocks-gallery-caption wp-element-caption\"><em><em>\u00a9 Axel Bastello\/Palazzo del Principe<\/em><\/em><\/figcaption><\/figure>\n\n<p>Il Sovrano si \u00e8 poi recato all&#8217;Institut de France, alla presenza del Cancelliere Xavier Darcos, per partecipare a una sessione speciale dell&#8217;Accademia delle Scienze dedicata al Principe Alberto I, eletto membro straniero nel 1909. Erano presenti Patrick Flandrin, presidente dell&#8217;Acad\u00e9mie des Sciences, Eric Karsenti, biologo, Laure Saint-Raymond, matematica e Philippe Taquet, paleontologo, tutti membri dell&#8217;Acad\u00e9mie des Sciences.<\/p>\n<div class=\"wp-block-image\">\n<figure class=\"aligncenter size-full\"><img loading=\"lazy\" decoding=\"async\" width=\"1020\" height=\"681\" src=\"https:\/\/www.monaco-tribune.com\/wp-content\/uploads\/2022\/12\/prince-albert-ii-archives-prince-albert-ier-paris.jpg\" alt=\"principe-alberto-ii-archivi-principe-alberto-i-parigi\" class=\"wp-image-154035\" srcset=\"https:\/\/www.monaco-tribune.com\/wp-content\/uploads\/2022\/12\/prince-albert-ii-archives-prince-albert-ier-paris.jpg 1020w, https:\/\/www.monaco-tribune.com\/wp-content\/uploads\/2022\/12\/prince-albert-ii-archives-prince-albert-ier-paris-449x300.jpg 449w\" sizes=\"auto, (max-width: 1020px) 100vw, 1020px\" \/><figcaption class=\"wp-element-caption\"><em>\u00a9 Axel Bastello\/Palazzo del Principe<\/em><\/figcaption><\/figure>\n<\/div>\n<p>La giornata si \u00e8 conclusa con l&#8217;inaugurazione di un busto del Principe Alberto I, donato all&#8217;Istituto dal Sovrano, e con la presentazione degli archivi dell&#8217;Acad\u00e9mie des Sciences sul Principe Esploratore.&#13;\n&#13;\nMercoled\u00ec 7 dicembre, il Sovrano ha visitato la Maison Zola-Mus\u00e9e Dreyfus a M\u00e9dan, negli Yvelines. \u00c8 stata l&#8217;occasione per ricordare il coinvolgimento del Principe Alberto I nell&#8217;affare Dreyfus e il suo sostegno a Emile Zola nel 1898.<\/p>\n\n<p>La giornata, e il viaggio, si concluderanno con una conferenza dal titolo &#8220;La scienza al servizio dell&#8217;umanit\u00e0&#8221;. Il Principe Alberto I di Monaco e la sua opera&#8221;, tenuto da Erik Orsenna, dell&#8217;Acad\u00e9mie fran\u00e7aise, presso l&#8217;UNESCO, alla presenza della Direttrice generale dell&#8217;organizzazione, Audrey Azoulay.<\/p>\n","protected":false},"excerpt":{"rendered":"<p>Si chiude cos\u00ec il Centenario della morte del Principe Esploratore, nato e morto nella Ville Lumi\u00e8re. Il Principe Sovrano si [&hellip;]<\/p>\n","protected":false},"author":60,"featured_media":154041,"comment_status":"closed","ping_status":"closed","sticky":false,"template":"","format":"standard","meta":{"_acf_changed":false,"footnotes":""},"categories":[1742,1738],"tags":[2914],"post_sectags":[],"post_format":[2474],"class_list":["post-154151","post","type-post","status-publish","format-standard","has-post-thumbnail","hentry","category-famiglia-principesca","category-notizie","tag-principe-alberto-i","format-foto"],"acf":[],"yoast_head":"<!-- This site is optimized with the Yoast SEO Premium plugin v26.8 (Yoast SEO v27.5) - https:\/\/yoast.com\/product\/yoast-seo-premium-wordpress\/ -->\n<title>Il Principe Alberto II rende omaggio al Principe Alberto I a Parigi<\/title>\n<meta name=\"description\" content=\"Si chiude cos\u00ec il Centenario della morte del Principe Esploratore, nato e morto nella Ville Lumi\u00e8re. Il Principe Sovrano si \u00e8 recato a Parigi il 6 e 7\" \/>\n<meta name=\"robots\" content=\"index, follow, max-snippet:-1, max-image-preview:large, max-video-preview:-1\" \/>\n<link rel=\"canonical\" href=\"https:\/\/www.monaco-tribune.com\/it\/2022\/12\/il-principe-alberto-ii-rende-omaggio-al-principe-alberto-i-a-parigi\/\" \/>\n<meta property=\"og:locale\" content=\"it_IT\" \/>\n<meta property=\"og:type\" content=\"article\" \/>\n<meta property=\"og:title\" content=\"Il Principe Alberto II rende omaggio al Principe Alberto I a Parigi - Monaco Tribune\" \/>\n<meta property=\"og:description\" content=\"Si chiude cos\u00ec il Centenario della morte del Principe Esploratore, nato e morto nella Ville Lumi\u00e8re. Il Principe Sovrano si \u00e8 recato a Parigi il 6 e 7\" \/>\n<meta property=\"og:url\" content=\"https:\/\/www.monaco-tribune.com\/it\/2022\/12\/il-principe-alberto-ii-rende-omaggio-al-principe-alberto-i-a-parigi\/\" \/>\n<meta property=\"og:site_name\" content=\"Monaco Tribune\" \/>\n<meta property=\"article:publisher\" content=\"https:\/\/www.facebook.com\/MonacoTribune\" \/>\n<meta property=\"article:published_time\" content=\"2022-12-07T17:21:22+00:00\" \/>\n<meta property=\"article:modified_time\" content=\"2022-12-07T17:23:33+00:00\" \/>\n<meta property=\"og:image\" content=\"https:\/\/www.monaco-tribune.com\/wp-content\/uploads\/2022\/12\/prince-albert-ii-buste-prince-albert-ier-paris.jpg\" \/>\n\t<meta property=\"og:image:width\" content=\"1020\" \/>\n\t<meta property=\"og:image:height\" content=\"681\" \/>\n\t<meta property=\"og:image:type\" content=\"image\/jpeg\" \/>\n<meta name=\"author\" content=\"Camille Esteve\" \/>\n<meta name=\"twitter:card\" content=\"summary_large_image\" \/>\n<meta name=\"twitter:creator\" content=\"@MonacoTribune\" \/>\n<meta name=\"twitter:site\" content=\"@MonacoTribune\" \/>\n<script type=\"application\/ld+json\" class=\"yoast-schema-graph\">{\"@context\":\"https:\\\/\\\/schema.org\",\"@graph\":[{\"@type\":\"NewsArticle\",\"@id\":\"https:\\\/\\\/www.monaco-tribune.com\\\/it\\\/2022\\\/12\\\/il-principe-alberto-ii-rende-omaggio-al-principe-alberto-i-a-parigi\\\/#article\",\"isPartOf\":{\"@id\":\"https:\\\/\\\/www.monaco-tribune.com\\\/it\\\/2022\\\/12\\\/il-principe-alberto-ii-rende-omaggio-al-principe-alberto-i-a-parigi\\\/\"},\"author\":{\"name\":\"Camille Esteve\",\"@id\":\"https:\\\/\\\/www.monaco-tribune.com\\\/it\\\/#\\\/schema\\\/person\\\/a855d420fff4d03637641d60b93ac62e\"},\"headline\":\"Il Principe Alberto II rende omaggio al Principe Alberto I a Parigi\",\"datePublished\":\"2022-12-07T17:21:22+00:00\",\"dateModified\":\"2022-12-07T17:23:33+00:00\",\"mainEntityOfPage\":{\"@id\":\"https:\\\/\\\/www.monaco-tribune.com\\\/it\\\/2022\\\/12\\\/il-principe-alberto-ii-rende-omaggio-al-principe-alberto-i-a-parigi\\\/\"},\"wordCount\":431,\"publisher\":{\"@id\":\"https:\\\/\\\/www.monaco-tribune.com\\\/it\\\/#organization\"},\"image\":{\"@id\":\"https:\\\/\\\/www.monaco-tribune.com\\\/it\\\/2022\\\/12\\\/il-principe-alberto-ii-rende-omaggio-al-principe-alberto-i-a-parigi\\\/#primaryimage\"},\"thumbnailUrl\":\"https:\\\/\\\/www.monaco-tribune.com\\\/wp-content\\\/uploads\\\/2022\\\/12\\\/prince-albert-ii-buste-prince-albert-ier-paris.jpg\",\"keywords\":[\"Principe Alberto I\"],\"articleSection\":[\"Famiglia Principesca\",\"Notizie\"],\"inLanguage\":\"it-IT\",\"copyrightYear\":\"2022\",\"copyrightHolder\":{\"@id\":\"https:\\\/\\\/www.monaco-tribune.com\\\/#organization\"}},{\"@type\":\"WebPage\",\"@id\":\"https:\\\/\\\/www.monaco-tribune.com\\\/it\\\/2022\\\/12\\\/il-principe-alberto-ii-rende-omaggio-al-principe-alberto-i-a-parigi\\\/\",\"url\":\"https:\\\/\\\/www.monaco-tribune.com\\\/it\\\/2022\\\/12\\\/il-principe-alberto-ii-rende-omaggio-al-principe-alberto-i-a-parigi\\\/\",\"name\":\"Il Principe Alberto II rende omaggio al Principe Alberto I a Parigi\",\"isPartOf\":{\"@id\":\"https:\\\/\\\/www.monaco-tribune.com\\\/it\\\/#website\"},\"primaryImageOfPage\":{\"@id\":\"https:\\\/\\\/www.monaco-tribune.com\\\/it\\\/2022\\\/12\\\/il-principe-alberto-ii-rende-omaggio-al-principe-alberto-i-a-parigi\\\/#primaryimage\"},\"image\":{\"@id\":\"https:\\\/\\\/www.monaco-tribune.com\\\/it\\\/2022\\\/12\\\/il-principe-alberto-ii-rende-omaggio-al-principe-alberto-i-a-parigi\\\/#primaryimage\"},\"thumbnailUrl\":\"https:\\\/\\\/www.monaco-tribune.com\\\/wp-content\\\/uploads\\\/2022\\\/12\\\/prince-albert-ii-buste-prince-albert-ier-paris.jpg\",\"datePublished\":\"2022-12-07T17:21:22+00:00\",\"dateModified\":\"2022-12-07T17:23:33+00:00\",\"description\":\"Si chiude cos\u00ec il Centenario della morte del Principe Esploratore, nato e morto nella Ville Lumi\u00e8re. Il Principe Sovrano si \u00e8 recato a Parigi il 6 e 7\",\"breadcrumb\":{\"@id\":\"https:\\\/\\\/www.monaco-tribune.com\\\/it\\\/2022\\\/12\\\/il-principe-alberto-ii-rende-omaggio-al-principe-alberto-i-a-parigi\\\/#breadcrumb\"},\"inLanguage\":\"it-IT\",\"potentialAction\":[{\"@type\":\"ReadAction\",\"target\":[\"https:\\\/\\\/www.monaco-tribune.com\\\/it\\\/2022\\\/12\\\/il-principe-alberto-ii-rende-omaggio-al-principe-alberto-i-a-parigi\\\/\"]}]},{\"@type\":\"ImageObject\",\"inLanguage\":\"it-IT\",\"@id\":\"https:\\\/\\\/www.monaco-tribune.com\\\/it\\\/2022\\\/12\\\/il-principe-alberto-ii-rende-omaggio-al-principe-alberto-i-a-parigi\\\/#primaryimage\",\"url\":\"https:\\\/\\\/www.monaco-tribune.com\\\/wp-content\\\/uploads\\\/2022\\\/12\\\/prince-albert-ii-buste-prince-albert-ier-paris.jpg\",\"contentUrl\":\"https:\\\/\\\/www.monaco-tribune.com\\\/wp-content\\\/uploads\\\/2022\\\/12\\\/prince-albert-ii-buste-prince-albert-ier-paris.jpg\",\"width\":1020,\"height\":681,\"caption\":\"\u00a9 Axel Bastello\\\/Palazzo del Principe\"},{\"@type\":\"BreadcrumbList\",\"@id\":\"https:\\\/\\\/www.monaco-tribune.com\\\/it\\\/2022\\\/12\\\/il-principe-alberto-ii-rende-omaggio-al-principe-alberto-i-a-parigi\\\/#breadcrumb\",\"itemListElement\":[{\"@type\":\"ListItem\",\"position\":1,\"name\":\"Accueil\",\"item\":\"https:\\\/\\\/www.monaco-tribune.com\\\/it\\\/\"},{\"@type\":\"ListItem\",\"position\":2,\"name\":\"Il Principe Alberto II rende omaggio al Principe Alberto I a Parigi\"}]},{\"@type\":\"WebSite\",\"@id\":\"https:\\\/\\\/www.monaco-tribune.com\\\/it\\\/#website\",\"url\":\"https:\\\/\\\/www.monaco-tribune.com\\\/it\\\/\",\"name\":\"Monaco Tribune\",\"description\":\"Monaco : actualit\u00e9s \u00e9conomiques, politiques, culturelles et sportives de Monaco et de la French Riviera.\",\"publisher\":{\"@id\":\"https:\\\/\\\/www.monaco-tribune.com\\\/it\\\/#organization\"},\"potentialAction\":[{\"@type\":\"SearchAction\",\"target\":{\"@type\":\"EntryPoint\",\"urlTemplate\":\"https:\\\/\\\/www.monaco-tribune.com\\\/it\\\/?s={search_term_string}\"},\"query-input\":{\"@type\":\"PropertyValueSpecification\",\"valueRequired\":true,\"valueName\":\"search_term_string\"}}],\"inLanguage\":\"it-IT\"},{\"@type\":\"Organization\",\"@id\":\"https:\\\/\\\/www.monaco-tribune.com\\\/it\\\/#organization\",\"name\":\"Monaco Tribune\",\"url\":\"https:\\\/\\\/www.monaco-tribune.com\\\/it\\\/\",\"logo\":{\"@type\":\"ImageObject\",\"inLanguage\":\"it-IT\",\"@id\":\"https:\\\/\\\/www.monaco-tribune.com\\\/it\\\/#\\\/schema\\\/logo\\\/image\\\/\",\"url\":\"https:\\\/\\\/www.monaco-tribune.com\\\/wp-content\\\/uploads\\\/2022\\\/11\\\/logo-monaco-tribune.png\",\"contentUrl\":\"https:\\\/\\\/www.monaco-tribune.com\\\/wp-content\\\/uploads\\\/2022\\\/11\\\/logo-monaco-tribune.png\",\"width\":1548,\"height\":600,\"caption\":\"Monaco Tribune\"},\"image\":{\"@id\":\"https:\\\/\\\/www.monaco-tribune.com\\\/it\\\/#\\\/schema\\\/logo\\\/image\\\/\"},\"sameAs\":[\"https:\\\/\\\/www.facebook.com\\\/MonacoTribune\",\"https:\\\/\\\/x.com\\\/MonacoTribune\",\"https:\\\/\\\/www.instagram.com\\\/monacotribune\\\/\",\"https:\\\/\\\/www.linkedin.com\\\/company\\\/monaco-tribune\",\"https:\\\/\\\/www.youtube.com\\\/channel\\\/UCHle1MnG6hw1y4lWKijVbMA\"]},{\"@type\":\"Person\",\"@id\":\"https:\\\/\\\/www.monaco-tribune.com\\\/it\\\/#\\\/schema\\\/person\\\/a855d420fff4d03637641d60b93ac62e\",\"name\":\"Camille Esteve\",\"image\":{\"@type\":\"ImageObject\",\"inLanguage\":\"it-IT\",\"@id\":\"https:\\\/\\\/secure.gravatar.com\\\/avatar\\\/eaaa2355a7bb56c0018a391c20a55bf9b4690e3f493231dd850e612bfa6ce161?s=96&d=mm&r=g\",\"url\":\"https:\\\/\\\/secure.gravatar.com\\\/avatar\\\/eaaa2355a7bb56c0018a391c20a55bf9b4690e3f493231dd850e612bfa6ce161?s=96&d=mm&r=g\",\"contentUrl\":\"https:\\\/\\\/secure.gravatar.com\\\/avatar\\\/eaaa2355a7bb56c0018a391c20a55bf9b4690e3f493231dd850e612bfa6ce161?s=96&d=mm&r=g\",\"caption\":\"Camille Esteve\"},\"url\":\"https:\\\/\\\/www.monaco-tribune.com\\\/it\\\/author\\\/camilleesteve\\\/\"}]}<\/script>\n<!-- \/ Yoast SEO Premium plugin. -->","yoast_head_json":{"title":"Il Principe Alberto II rende omaggio al Principe Alberto I a Parigi","description":"Si chiude cos\u00ec il Centenario della morte del Principe Esploratore, nato e morto nella Ville Lumi\u00e8re. Il Principe Sovrano si \u00e8 recato a Parigi il 6 e 7","robots":{"index":"index","follow":"follow","max-snippet":"max-snippet:-1","max-image-preview":"max-image-preview:large","max-video-preview":"max-video-preview:-1"},"canonical":"https:\/\/www.monaco-tribune.com\/it\/2022\/12\/il-principe-alberto-ii-rende-omaggio-al-principe-alberto-i-a-parigi\/","og_locale":"it_IT","og_type":"article","og_title":"Il Principe Alberto II rende omaggio al Principe Alberto I a Parigi - Monaco Tribune","og_description":"Si chiude cos\u00ec il Centenario della morte del Principe Esploratore, nato e morto nella Ville Lumi\u00e8re. Il Principe Sovrano si \u00e8 recato a Parigi il 6 e 7","og_url":"https:\/\/www.monaco-tribune.com\/it\/2022\/12\/il-principe-alberto-ii-rende-omaggio-al-principe-alberto-i-a-parigi\/","og_site_name":"Monaco Tribune","article_publisher":"https:\/\/www.facebook.com\/MonacoTribune","article_published_time":"2022-12-07T17:21:22+00:00","article_modified_time":"2022-12-07T17:23:33+00:00","og_image":[{"width":1020,"height":681,"url":"https:\/\/www.monaco-tribune.com\/wp-content\/uploads\/2022\/12\/prince-albert-ii-buste-prince-albert-ier-paris.jpg","type":"image\/jpeg"}],"author":"Camille Esteve","twitter_card":"summary_large_image","twitter_creator":"@MonacoTribune","twitter_site":"@MonacoTribune","schema":{"@context":"https:\/\/schema.org","@graph":[{"@type":"NewsArticle","@id":"https:\/\/www.monaco-tribune.com\/it\/2022\/12\/il-principe-alberto-ii-rende-omaggio-al-principe-alberto-i-a-parigi\/#article","isPartOf":{"@id":"https:\/\/www.monaco-tribune.com\/it\/2022\/12\/il-principe-alberto-ii-rende-omaggio-al-principe-alberto-i-a-parigi\/"},"author":{"name":"Camille Esteve","@id":"https:\/\/www.monaco-tribune.com\/it\/#\/schema\/person\/a855d420fff4d03637641d60b93ac62e"},"headline":"Il Principe Alberto II rende omaggio al Principe Alberto I a Parigi","datePublished":"2022-12-07T17:21:22+00:00","dateModified":"2022-12-07T17:23:33+00:00","mainEntityOfPage":{"@id":"https:\/\/www.monaco-tribune.com\/it\/2022\/12\/il-principe-alberto-ii-rende-omaggio-al-principe-alberto-i-a-parigi\/"},"wordCount":431,"publisher":{"@id":"https:\/\/www.monaco-tribune.com\/it\/#organization"},"image":{"@id":"https:\/\/www.monaco-tribune.com\/it\/2022\/12\/il-principe-alberto-ii-rende-omaggio-al-principe-alberto-i-a-parigi\/#primaryimage"},"thumbnailUrl":"https:\/\/www.monaco-tribune.com\/wp-content\/uploads\/2022\/12\/prince-albert-ii-buste-prince-albert-ier-paris.jpg","keywords":["Principe Alberto I"],"articleSection":["Famiglia Principesca","Notizie"],"inLanguage":"it-IT","copyrightYear":"2022","copyrightHolder":{"@id":"https:\/\/www.monaco-tribune.com\/#organization"}},{"@type":"WebPage","@id":"https:\/\/www.monaco-tribune.com\/it\/2022\/12\/il-principe-alberto-ii-rende-omaggio-al-principe-alberto-i-a-parigi\/","url":"https:\/\/www.monaco-tribune.com\/it\/2022\/12\/il-principe-alberto-ii-rende-omaggio-al-principe-alberto-i-a-parigi\/","name":"Il Principe Alberto II rende omaggio al Principe Alberto I a Parigi","isPartOf":{"@id":"https:\/\/www.monaco-tribune.com\/it\/#website"},"primaryImageOfPage":{"@id":"https:\/\/www.monaco-tribune.com\/it\/2022\/12\/il-principe-alberto-ii-rende-omaggio-al-principe-alberto-i-a-parigi\/#primaryimage"},"image":{"@id":"https:\/\/www.monaco-tribune.com\/it\/2022\/12\/il-principe-alberto-ii-rende-omaggio-al-principe-alberto-i-a-parigi\/#primaryimage"},"thumbnailUrl":"https:\/\/www.monaco-tribune.com\/wp-content\/uploads\/2022\/12\/prince-albert-ii-buste-prince-albert-ier-paris.jpg","datePublished":"2022-12-07T17:21:22+00:00","dateModified":"2022-12-07T17:23:33+00:00","description":"Si chiude cos\u00ec il Centenario della morte del Principe Esploratore, nato e morto nella Ville Lumi\u00e8re. Il Principe Sovrano si \u00e8 recato a Parigi il 6 e 7","breadcrumb":{"@id":"https:\/\/www.monaco-tribune.com\/it\/2022\/12\/il-principe-alberto-ii-rende-omaggio-al-principe-alberto-i-a-parigi\/#breadcrumb"},"inLanguage":"it-IT","potentialAction":[{"@type":"ReadAction","target":["https:\/\/www.monaco-tribune.com\/it\/2022\/12\/il-principe-alberto-ii-rende-omaggio-al-principe-alberto-i-a-parigi\/"]}]},{"@type":"ImageObject","inLanguage":"it-IT","@id":"https:\/\/www.monaco-tribune.com\/it\/2022\/12\/il-principe-alberto-ii-rende-omaggio-al-principe-alberto-i-a-parigi\/#primaryimage","url":"https:\/\/www.monaco-tribune.com\/wp-content\/uploads\/2022\/12\/prince-albert-ii-buste-prince-albert-ier-paris.jpg","contentUrl":"https:\/\/www.monaco-tribune.com\/wp-content\/uploads\/2022\/12\/prince-albert-ii-buste-prince-albert-ier-paris.jpg","width":1020,"height":681,"caption":"\u00a9 Axel Bastello\/Palazzo del Principe"},{"@type":"BreadcrumbList","@id":"https:\/\/www.monaco-tribune.com\/it\/2022\/12\/il-principe-alberto-ii-rende-omaggio-al-principe-alberto-i-a-parigi\/#breadcrumb","itemListElement":[{"@type":"ListItem","position":1,"name":"Accueil","item":"https:\/\/www.monaco-tribune.com\/it\/"},{"@type":"ListItem","position":2,"name":"Il Principe Alberto II rende omaggio al Principe Alberto I a Parigi"}]},{"@type":"WebSite","@id":"https:\/\/www.monaco-tribune.com\/it\/#website","url":"https:\/\/www.monaco-tribune.com\/it\/","name":"Monaco Tribune","description":"Monaco : actualit\u00e9s \u00e9conomiques, politiques, culturelles et sportives de Monaco et de la French Riviera.","publisher":{"@id":"https:\/\/www.monaco-tribune.com\/it\/#organization"},"potentialAction":[{"@type":"SearchAction","target":{"@type":"EntryPoint","urlTemplate":"https:\/\/www.monaco-tribune.com\/it\/?s={search_term_string}"},"query-input":{"@type":"PropertyValueSpecification","valueRequired":true,"valueName":"search_term_string"}}],"inLanguage":"it-IT"},{"@type":"Organization","@id":"https:\/\/www.monaco-tribune.com\/it\/#organization","name":"Monaco Tribune","url":"https:\/\/www.monaco-tribune.com\/it\/","logo":{"@type":"ImageObject","inLanguage":"it-IT","@id":"https:\/\/www.monaco-tribune.com\/it\/#\/schema\/logo\/image\/","url":"https:\/\/www.monaco-tribune.com\/wp-content\/uploads\/2022\/11\/logo-monaco-tribune.png","contentUrl":"https:\/\/www.monaco-tribune.com\/wp-content\/uploads\/2022\/11\/logo-monaco-tribune.png","width":1548,"height":600,"caption":"Monaco Tribune"},"image":{"@id":"https:\/\/www.monaco-tribune.com\/it\/#\/schema\/logo\/image\/"},"sameAs":["https:\/\/www.facebook.com\/MonacoTribune","https:\/\/x.com\/MonacoTribune","https:\/\/www.instagram.com\/monacotribune\/","https:\/\/www.linkedin.com\/company\/monaco-tribune","https:\/\/www.youtube.com\/channel\/UCHle1MnG6hw1y4lWKijVbMA"]},{"@type":"Person","@id":"https:\/\/www.monaco-tribune.com\/it\/#\/schema\/person\/a855d420fff4d03637641d60b93ac62e","name":"Camille Esteve","image":{"@type":"ImageObject","inLanguage":"it-IT","@id":"https:\/\/secure.gravatar.com\/avatar\/eaaa2355a7bb56c0018a391c20a55bf9b4690e3f493231dd850e612bfa6ce161?s=96&d=mm&r=g","url":"https:\/\/secure.gravatar.com\/avatar\/eaaa2355a7bb56c0018a391c20a55bf9b4690e3f493231dd850e612bfa6ce161?s=96&d=mm&r=g","contentUrl":"https:\/\/secure.gravatar.com\/avatar\/eaaa2355a7bb56c0018a391c20a55bf9b4690e3f493231dd850e612bfa6ce161?s=96&d=mm&r=g","caption":"Camille Esteve"},"url":"https:\/\/www.monaco-tribune.com\/it\/author\/camilleesteve\/"}]}},"_links":{"self":[{"href":"https:\/\/www.monaco-tribune.com\/it\/wp-json\/wp\/v2\/posts\/154151","targetHints":{"allow":["GET"]}}],"collection":[{"href":"https:\/\/www.monaco-tribune.com\/it\/wp-json\/wp\/v2\/posts"}],"about":[{"href":"https:\/\/www.monaco-tribune.com\/it\/wp-json\/wp\/v2\/types\/post"}],"author":[{"embeddable":true,"href":"https:\/\/www.monaco-tribune.com\/it\/wp-json\/wp\/v2\/users\/60"}],"replies":[{"embeddable":true,"href":"https:\/\/www.monaco-tribune.com\/it\/wp-json\/wp\/v2\/comments?post=154151"}],"version-history":[{"count":0,"href":"https:\/\/www.monaco-tribune.com\/it\/wp-json\/wp\/v2\/posts\/154151\/revisions"}],"wp:featuredmedia":[{"embeddable":true,"href":"https:\/\/www.monaco-tribune.com\/it\/wp-json\/wp\/v2\/media\/154041"}],"wp:attachment":[{"href":"https:\/\/www.monaco-tribune.com\/it\/wp-json\/wp\/v2\/media?parent=154151"}],"wp:term":[{"taxonomy":"category","embeddable":true,"href":"https:\/\/www.monaco-tribune.com\/it\/wp-json\/wp\/v2\/categories?post=154151"},{"taxonomy":"post_tag","embeddable":true,"href":"https:\/\/www.monaco-tribune.com\/it\/wp-json\/wp\/v2\/tags?post=154151"},{"taxonomy":"sectag","embeddable":true,"href":"https:\/\/www.monaco-tribune.com\/it\/wp-json\/wp\/v2\/post_sectags?post=154151"},{"taxonomy":"format","embeddable":true,"href":"https:\/\/www.monaco-tribune.com\/it\/wp-json\/wp\/v2\/post_format?post=154151"}],"curies":[{"name":"wp","href":"https:\/\/api.w.org\/{rel}","templated":true}]}}