{"id":155438,"date":"2022-12-13T18:14:28","date_gmt":"2022-12-13T17:14:28","guid":{"rendered":"https:\/\/www.monaco-tribune.com\/2022\/12\/la-rocca-il-futuro-ristorante-chic-di-ventimiglia\/"},"modified":"2022-12-13T18:17:41","modified_gmt":"2022-12-13T17:17:41","slug":"la-rocca-il-futuro-ristorante-chic-di-ventimiglia","status":"publish","type":"post","link":"https:\/\/www.monaco-tribune.com\/it\/2022\/12\/la-rocca-il-futuro-ristorante-chic-di-ventimiglia\/","title":{"rendered":"La Rocca, il futuro ristorante chic di Ventimiglia"},"content":{"rendered":"\n<p><strong>In una posizione ideale, la Rocca diventer\u00e0 molto presto il ristorante di riferimento del nuovo quartiere di Ventimiglia.<\/strong><\/p>\n\n<p>A fine ottobre, il residente monegasco Robert Thielen ha dato il via ai <a href=\"https:\/\/www.monaco-tribune.com\/it\/2022\/10\/il-cantiere-del-prossimo-ristorante-di-tendenza-di-ventimiglia-parte-con-il-piede-giusto\/\">lavori di costruzione del ristorante La Rocca<\/a>. Un locale decisamente chic e lussuoso proprio sopra Cala del Forte, il nuovo porto di Ventimiglia.<\/p>\n<div class=\"wp-block-image\">\n<figure class=\"aligncenter size-large\"><img loading=\"lazy\" decoding=\"async\" width=\"1024\" height=\"683\" src=\"https:\/\/www.monaco-tribune.com\/wp-content\/uploads\/2022\/12\/la-rocca-ventimiglia-1024x683.jpg\" alt=\"la-rocca-ventimiglia\" class=\"wp-image-155306\" srcset=\"https:\/\/www.monaco-tribune.com\/wp-content\/uploads\/2022\/12\/la-rocca-ventimiglia-1024x683.jpg 1024w, https:\/\/www.monaco-tribune.com\/wp-content\/uploads\/2022\/12\/la-rocca-ventimiglia-450x300.jpg 450w, https:\/\/www.monaco-tribune.com\/wp-content\/uploads\/2022\/12\/la-rocca-ventimiglia.jpg 1200w\" sizes=\"auto, (max-width: 1024px) 100vw, 1024px\" \/><figcaption class=\"wp-element-caption\"><em>\u00a9 Marina Development Corporation<\/em><\/figcaption><\/figure>\n<\/div>\n<p>Per richiamare l&#8217;atmosfera del quartiere e del porto, il ristorante proporr\u00e0 una cucina di altissima qualit\u00e0 con l&#8217;intenzione di attirare clienti di tutto il mondo grazie ai suoi futuri chef stellati. Il locale conta molto sulla posizione unica e sul paesaggio incredibile che lo circonda.<\/p>\n\n<p>La vista sar\u00e0 spettacolare. Con i suoi 1450m\u00b2, di cui 650m\u00b2 di terrazze, La Rocca avr\u00e0 una vista panoramica sul Mediterraneo, sul porto e sul nuovo quartiere di Ventimiglia, ancora in costruzione.<\/p>\n<div class=\"wp-block-image\">\n<figure class=\"aligncenter size-large\"><img loading=\"lazy\" decoding=\"async\" width=\"1024\" height=\"683\" src=\"https:\/\/www.monaco-tribune.com\/wp-content\/uploads\/2022\/12\/vue-nouveau-quartier-restaurant-la-rocca-vintimille-1024x683.jpg\" alt=\"vista-nuovo-quartiere-ristorante-la-rocca-ventimiglia\" class=\"wp-image-155302\" srcset=\"https:\/\/www.monaco-tribune.com\/wp-content\/uploads\/2022\/12\/vue-nouveau-quartier-restaurant-la-rocca-vintimille-1024x683.jpg 1024w, https:\/\/www.monaco-tribune.com\/wp-content\/uploads\/2022\/12\/vue-nouveau-quartier-restaurant-la-rocca-vintimille-450x300.jpg 450w, https:\/\/www.monaco-tribune.com\/wp-content\/uploads\/2022\/12\/vue-nouveau-quartier-restaurant-la-rocca-vintimille.jpg 1200w\" sizes=\"auto, (max-width: 1024px) 100vw, 1024px\" \/><figcaption class=\"wp-element-caption\"><em>\u00a9 Marina Development Corporation<\/em><\/figcaption><\/figure>\n<\/div>\n<p><strong>LEGGI ANCHE: <a href=\"https:\/\/www.monaco-tribune.com\/it\/2022\/07\/prosegue-la-metamorfosi-di-ventimiglia-due-nuovi-ristoranti-vicini-al-porto\/\">Prosegue la metamorfosi di Ventimiglia: due nuovi ristoranti vicini al porto<\/a><\/strong><\/p>\n\n<p>Le sale interne non saranno da meno. Disposte su due piani e circondate da vetrate da pavimento a soffitto, consentiranno di godersi il servizio di classe proposto senza perdersi lo splendido spettacolo offerto dalle rare giornate di pioggia.<\/p>\n\n<p>Un ascensore che collega il ristorante al porto consentir\u00e0 ai diportisti di raggiungere il locale facilmente. Per concludere in bellezza, \u00e8 prevista una splendida passeggiata di 200 metri che girer\u00e0 attorno al ristorante per godere un&#8217;ultima volta della vista dopo aver mangiato.<\/p>\n\n<iframe width=\"560\" height=\"315\" src=\"https:\/\/www.youtube.com\/embed\/n3A-p0w6Cw0\" title=\"YouTube video player\" frameborder=\"0\" allow=\"accelerometer; autoplay; clipboard-write; encrypted-media; gyroscope; picture-in-picture\" allowfullscreen=\"\"><\/iframe>\r\n","protected":false},"excerpt":{"rendered":"<p>In una posizione ideale, la Rocca diventer\u00e0 molto presto il ristorante di riferimento del nuovo quartiere di Ventimiglia. A fine [&hellip;]<\/p>\n","protected":false},"author":66,"featured_media":155300,"comment_status":"closed","ping_status":"closed","sticky":false,"template":"","format":"standard","meta":{"_acf_changed":false,"footnotes":""},"categories":[1740,1738],"tags":[2950],"post_sectags":[],"post_format":[2474],"class_list":["post-155438","post","type-post","status-publish","format-standard","has-post-thumbnail","hentry","category-cosa-fare","category-notizie","tag-ventimiglia-it","format-foto"],"acf":[],"yoast_head":"<!-- This site is optimized with the Yoast SEO Premium plugin v26.8 (Yoast SEO v27.4) - https:\/\/yoast.com\/product\/yoast-seo-premium-wordpress\/ -->\n<title>La Rocca, il futuro ristorante chic di Ventimiglia<\/title>\n<meta name=\"description\" content=\"In una posizione ideale, la Rocca diventer\u00e0 molto presto il ristorante di riferimento del nuovo quartiere di Ventimiglia. A fine ottobre, il residente\" \/>\n<meta name=\"robots\" content=\"index, follow, max-snippet:-1, max-image-preview:large, max-video-preview:-1\" \/>\n<link rel=\"canonical\" href=\"https:\/\/www.monaco-tribune.com\/it\/2022\/12\/la-rocca-il-futuro-ristorante-chic-di-ventimiglia\/\" \/>\n<meta property=\"og:locale\" content=\"it_IT\" \/>\n<meta property=\"og:type\" content=\"article\" \/>\n<meta property=\"og:title\" content=\"La Rocca, il futuro ristorante chic di Ventimiglia - Monaco Tribune\" \/>\n<meta property=\"og:description\" content=\"In una posizione ideale, la Rocca diventer\u00e0 molto presto il ristorante di riferimento del nuovo quartiere di Ventimiglia. A fine ottobre, il residente\" \/>\n<meta property=\"og:url\" content=\"https:\/\/www.monaco-tribune.com\/it\/2022\/12\/la-rocca-il-futuro-ristorante-chic-di-ventimiglia\/\" \/>\n<meta property=\"og:site_name\" content=\"Monaco Tribune\" \/>\n<meta property=\"article:publisher\" content=\"https:\/\/www.facebook.com\/MonacoTribune\" \/>\n<meta property=\"article:published_time\" content=\"2022-12-13T17:14:28+00:00\" \/>\n<meta property=\"article:modified_time\" content=\"2022-12-13T17:17:41+00:00\" \/>\n<meta property=\"og:image\" content=\"https:\/\/www.monaco-tribune.com\/wp-content\/uploads\/2022\/12\/restaurant-la-rocca-vintimille.jpg\" \/>\n\t<meta property=\"og:image:width\" content=\"1200\" \/>\n\t<meta property=\"og:image:height\" content=\"800\" \/>\n\t<meta property=\"og:image:type\" content=\"image\/jpeg\" \/>\n<meta name=\"author\" content=\"Th\u00e9o Briand\" \/>\n<meta name=\"twitter:card\" content=\"summary_large_image\" \/>\n<meta name=\"twitter:creator\" content=\"@MonacoTribune\" \/>\n<meta name=\"twitter:site\" content=\"@MonacoTribune\" \/>\n<script type=\"application\/ld+json\" class=\"yoast-schema-graph\">{\"@context\":\"https:\\\/\\\/schema.org\",\"@graph\":[{\"@type\":\"NewsArticle\",\"@id\":\"https:\\\/\\\/www.monaco-tribune.com\\\/it\\\/2022\\\/12\\\/la-rocca-il-futuro-ristorante-chic-di-ventimiglia\\\/#article\",\"isPartOf\":{\"@id\":\"https:\\\/\\\/www.monaco-tribune.com\\\/it\\\/2022\\\/12\\\/la-rocca-il-futuro-ristorante-chic-di-ventimiglia\\\/\"},\"author\":{\"name\":\"Th\u00e9o Briand\",\"@id\":\"https:\\\/\\\/www.monaco-tribune.com\\\/it\\\/#\\\/schema\\\/person\\\/94fb5723547bd83dea1eed97e25145aa\"},\"headline\":\"La Rocca, il futuro ristorante chic di Ventimiglia\",\"datePublished\":\"2022-12-13T17:14:28+00:00\",\"dateModified\":\"2022-12-13T17:17:41+00:00\",\"mainEntityOfPage\":{\"@id\":\"https:\\\/\\\/www.monaco-tribune.com\\\/it\\\/2022\\\/12\\\/la-rocca-il-futuro-ristorante-chic-di-ventimiglia\\\/\"},\"wordCount\":239,\"publisher\":{\"@id\":\"https:\\\/\\\/www.monaco-tribune.com\\\/it\\\/#organization\"},\"image\":{\"@id\":\"https:\\\/\\\/www.monaco-tribune.com\\\/it\\\/2022\\\/12\\\/la-rocca-il-futuro-ristorante-chic-di-ventimiglia\\\/#primaryimage\"},\"thumbnailUrl\":\"https:\\\/\\\/www.monaco-tribune.com\\\/wp-content\\\/uploads\\\/2022\\\/12\\\/restaurant-la-rocca-vintimille.jpg\",\"keywords\":[\"Ventimiglia\"],\"articleSection\":[\"Cosa fare\",\"Notizie\"],\"inLanguage\":\"it-IT\",\"copyrightYear\":\"2022\",\"copyrightHolder\":{\"@id\":\"https:\\\/\\\/www.monaco-tribune.com\\\/#organization\"}},{\"@type\":\"WebPage\",\"@id\":\"https:\\\/\\\/www.monaco-tribune.com\\\/it\\\/2022\\\/12\\\/la-rocca-il-futuro-ristorante-chic-di-ventimiglia\\\/\",\"url\":\"https:\\\/\\\/www.monaco-tribune.com\\\/it\\\/2022\\\/12\\\/la-rocca-il-futuro-ristorante-chic-di-ventimiglia\\\/\",\"name\":\"La Rocca, il futuro ristorante chic di Ventimiglia\",\"isPartOf\":{\"@id\":\"https:\\\/\\\/www.monaco-tribune.com\\\/it\\\/#website\"},\"primaryImageOfPage\":{\"@id\":\"https:\\\/\\\/www.monaco-tribune.com\\\/it\\\/2022\\\/12\\\/la-rocca-il-futuro-ristorante-chic-di-ventimiglia\\\/#primaryimage\"},\"image\":{\"@id\":\"https:\\\/\\\/www.monaco-tribune.com\\\/it\\\/2022\\\/12\\\/la-rocca-il-futuro-ristorante-chic-di-ventimiglia\\\/#primaryimage\"},\"thumbnailUrl\":\"https:\\\/\\\/www.monaco-tribune.com\\\/wp-content\\\/uploads\\\/2022\\\/12\\\/restaurant-la-rocca-vintimille.jpg\",\"datePublished\":\"2022-12-13T17:14:28+00:00\",\"dateModified\":\"2022-12-13T17:17:41+00:00\",\"description\":\"In una posizione ideale, la Rocca diventer\u00e0 molto presto il ristorante di riferimento del nuovo quartiere di Ventimiglia. A fine ottobre, il residente\",\"breadcrumb\":{\"@id\":\"https:\\\/\\\/www.monaco-tribune.com\\\/it\\\/2022\\\/12\\\/la-rocca-il-futuro-ristorante-chic-di-ventimiglia\\\/#breadcrumb\"},\"inLanguage\":\"it-IT\",\"potentialAction\":[{\"@type\":\"ReadAction\",\"target\":[\"https:\\\/\\\/www.monaco-tribune.com\\\/it\\\/2022\\\/12\\\/la-rocca-il-futuro-ristorante-chic-di-ventimiglia\\\/\"]}]},{\"@type\":\"ImageObject\",\"inLanguage\":\"it-IT\",\"@id\":\"https:\\\/\\\/www.monaco-tribune.com\\\/it\\\/2022\\\/12\\\/la-rocca-il-futuro-ristorante-chic-di-ventimiglia\\\/#primaryimage\",\"url\":\"https:\\\/\\\/www.monaco-tribune.com\\\/wp-content\\\/uploads\\\/2022\\\/12\\\/restaurant-la-rocca-vintimille.jpg\",\"contentUrl\":\"https:\\\/\\\/www.monaco-tribune.com\\\/wp-content\\\/uploads\\\/2022\\\/12\\\/restaurant-la-rocca-vintimille.jpg\",\"width\":1200,\"height\":800,\"caption\":\"\u00a9 Marina Development\"},{\"@type\":\"BreadcrumbList\",\"@id\":\"https:\\\/\\\/www.monaco-tribune.com\\\/it\\\/2022\\\/12\\\/la-rocca-il-futuro-ristorante-chic-di-ventimiglia\\\/#breadcrumb\",\"itemListElement\":[{\"@type\":\"ListItem\",\"position\":1,\"name\":\"Accueil\",\"item\":\"https:\\\/\\\/www.monaco-tribune.com\\\/it\\\/\"},{\"@type\":\"ListItem\",\"position\":2,\"name\":\"La Rocca, il futuro ristorante chic di Ventimiglia\"}]},{\"@type\":\"WebSite\",\"@id\":\"https:\\\/\\\/www.monaco-tribune.com\\\/it\\\/#website\",\"url\":\"https:\\\/\\\/www.monaco-tribune.com\\\/it\\\/\",\"name\":\"Monaco Tribune\",\"description\":\"Monaco : actualit\u00e9s \u00e9conomiques, politiques, culturelles et sportives de Monaco et de la French Riviera.\",\"publisher\":{\"@id\":\"https:\\\/\\\/www.monaco-tribune.com\\\/it\\\/#organization\"},\"potentialAction\":[{\"@type\":\"SearchAction\",\"target\":{\"@type\":\"EntryPoint\",\"urlTemplate\":\"https:\\\/\\\/www.monaco-tribune.com\\\/it\\\/?s={search_term_string}\"},\"query-input\":{\"@type\":\"PropertyValueSpecification\",\"valueRequired\":true,\"valueName\":\"search_term_string\"}}],\"inLanguage\":\"it-IT\"},{\"@type\":\"Organization\",\"@id\":\"https:\\\/\\\/www.monaco-tribune.com\\\/it\\\/#organization\",\"name\":\"Monaco Tribune\",\"url\":\"https:\\\/\\\/www.monaco-tribune.com\\\/it\\\/\",\"logo\":{\"@type\":\"ImageObject\",\"inLanguage\":\"it-IT\",\"@id\":\"https:\\\/\\\/www.monaco-tribune.com\\\/it\\\/#\\\/schema\\\/logo\\\/image\\\/\",\"url\":\"https:\\\/\\\/www.monaco-tribune.com\\\/wp-content\\\/uploads\\\/2022\\\/11\\\/logo-monaco-tribune.png\",\"contentUrl\":\"https:\\\/\\\/www.monaco-tribune.com\\\/wp-content\\\/uploads\\\/2022\\\/11\\\/logo-monaco-tribune.png\",\"width\":1548,\"height\":600,\"caption\":\"Monaco Tribune\"},\"image\":{\"@id\":\"https:\\\/\\\/www.monaco-tribune.com\\\/it\\\/#\\\/schema\\\/logo\\\/image\\\/\"},\"sameAs\":[\"https:\\\/\\\/www.facebook.com\\\/MonacoTribune\",\"https:\\\/\\\/x.com\\\/MonacoTribune\",\"https:\\\/\\\/www.instagram.com\\\/monacotribune\\\/\",\"https:\\\/\\\/www.linkedin.com\\\/company\\\/monaco-tribune\",\"https:\\\/\\\/www.youtube.com\\\/channel\\\/UCHle1MnG6hw1y4lWKijVbMA\"]},{\"@type\":\"Person\",\"@id\":\"https:\\\/\\\/www.monaco-tribune.com\\\/it\\\/#\\\/schema\\\/person\\\/94fb5723547bd83dea1eed97e25145aa\",\"name\":\"Th\u00e9o Briand\",\"image\":{\"@type\":\"ImageObject\",\"inLanguage\":\"it-IT\",\"@id\":\"https:\\\/\\\/secure.gravatar.com\\\/avatar\\\/1c02cfd8b8054d8c376f9a942a1dc4dbacfd8ba5e6f8dbb5e16f4aa3d281972a?s=96&d=mm&r=g\",\"url\":\"https:\\\/\\\/secure.gravatar.com\\\/avatar\\\/1c02cfd8b8054d8c376f9a942a1dc4dbacfd8ba5e6f8dbb5e16f4aa3d281972a?s=96&d=mm&r=g\",\"contentUrl\":\"https:\\\/\\\/secure.gravatar.com\\\/avatar\\\/1c02cfd8b8054d8c376f9a942a1dc4dbacfd8ba5e6f8dbb5e16f4aa3d281972a?s=96&d=mm&r=g\",\"caption\":\"Th\u00e9o Briand\"},\"url\":\"https:\\\/\\\/www.monaco-tribune.com\\\/it\\\/author\\\/theobriand\\\/\"}]}<\/script>\n<!-- \/ Yoast SEO Premium plugin. -->","yoast_head_json":{"title":"La Rocca, il futuro ristorante chic di Ventimiglia","description":"In una posizione ideale, la Rocca diventer\u00e0 molto presto il ristorante di riferimento del nuovo quartiere di Ventimiglia. A fine ottobre, il residente","robots":{"index":"index","follow":"follow","max-snippet":"max-snippet:-1","max-image-preview":"max-image-preview:large","max-video-preview":"max-video-preview:-1"},"canonical":"https:\/\/www.monaco-tribune.com\/it\/2022\/12\/la-rocca-il-futuro-ristorante-chic-di-ventimiglia\/","og_locale":"it_IT","og_type":"article","og_title":"La Rocca, il futuro ristorante chic di Ventimiglia - Monaco Tribune","og_description":"In una posizione ideale, la Rocca diventer\u00e0 molto presto il ristorante di riferimento del nuovo quartiere di Ventimiglia. A fine ottobre, il residente","og_url":"https:\/\/www.monaco-tribune.com\/it\/2022\/12\/la-rocca-il-futuro-ristorante-chic-di-ventimiglia\/","og_site_name":"Monaco Tribune","article_publisher":"https:\/\/www.facebook.com\/MonacoTribune","article_published_time":"2022-12-13T17:14:28+00:00","article_modified_time":"2022-12-13T17:17:41+00:00","og_image":[{"width":1200,"height":800,"url":"https:\/\/www.monaco-tribune.com\/wp-content\/uploads\/2022\/12\/restaurant-la-rocca-vintimille.jpg","type":"image\/jpeg"}],"author":"Th\u00e9o Briand","twitter_card":"summary_large_image","twitter_creator":"@MonacoTribune","twitter_site":"@MonacoTribune","schema":{"@context":"https:\/\/schema.org","@graph":[{"@type":"NewsArticle","@id":"https:\/\/www.monaco-tribune.com\/it\/2022\/12\/la-rocca-il-futuro-ristorante-chic-di-ventimiglia\/#article","isPartOf":{"@id":"https:\/\/www.monaco-tribune.com\/it\/2022\/12\/la-rocca-il-futuro-ristorante-chic-di-ventimiglia\/"},"author":{"name":"Th\u00e9o Briand","@id":"https:\/\/www.monaco-tribune.com\/it\/#\/schema\/person\/94fb5723547bd83dea1eed97e25145aa"},"headline":"La Rocca, il futuro ristorante chic di Ventimiglia","datePublished":"2022-12-13T17:14:28+00:00","dateModified":"2022-12-13T17:17:41+00:00","mainEntityOfPage":{"@id":"https:\/\/www.monaco-tribune.com\/it\/2022\/12\/la-rocca-il-futuro-ristorante-chic-di-ventimiglia\/"},"wordCount":239,"publisher":{"@id":"https:\/\/www.monaco-tribune.com\/it\/#organization"},"image":{"@id":"https:\/\/www.monaco-tribune.com\/it\/2022\/12\/la-rocca-il-futuro-ristorante-chic-di-ventimiglia\/#primaryimage"},"thumbnailUrl":"https:\/\/www.monaco-tribune.com\/wp-content\/uploads\/2022\/12\/restaurant-la-rocca-vintimille.jpg","keywords":["Ventimiglia"],"articleSection":["Cosa fare","Notizie"],"inLanguage":"it-IT","copyrightYear":"2022","copyrightHolder":{"@id":"https:\/\/www.monaco-tribune.com\/#organization"}},{"@type":"WebPage","@id":"https:\/\/www.monaco-tribune.com\/it\/2022\/12\/la-rocca-il-futuro-ristorante-chic-di-ventimiglia\/","url":"https:\/\/www.monaco-tribune.com\/it\/2022\/12\/la-rocca-il-futuro-ristorante-chic-di-ventimiglia\/","name":"La Rocca, il futuro ristorante chic di Ventimiglia","isPartOf":{"@id":"https:\/\/www.monaco-tribune.com\/it\/#website"},"primaryImageOfPage":{"@id":"https:\/\/www.monaco-tribune.com\/it\/2022\/12\/la-rocca-il-futuro-ristorante-chic-di-ventimiglia\/#primaryimage"},"image":{"@id":"https:\/\/www.monaco-tribune.com\/it\/2022\/12\/la-rocca-il-futuro-ristorante-chic-di-ventimiglia\/#primaryimage"},"thumbnailUrl":"https:\/\/www.monaco-tribune.com\/wp-content\/uploads\/2022\/12\/restaurant-la-rocca-vintimille.jpg","datePublished":"2022-12-13T17:14:28+00:00","dateModified":"2022-12-13T17:17:41+00:00","description":"In una posizione ideale, la Rocca diventer\u00e0 molto presto il ristorante di riferimento del nuovo quartiere di Ventimiglia. A fine ottobre, il residente","breadcrumb":{"@id":"https:\/\/www.monaco-tribune.com\/it\/2022\/12\/la-rocca-il-futuro-ristorante-chic-di-ventimiglia\/#breadcrumb"},"inLanguage":"it-IT","potentialAction":[{"@type":"ReadAction","target":["https:\/\/www.monaco-tribune.com\/it\/2022\/12\/la-rocca-il-futuro-ristorante-chic-di-ventimiglia\/"]}]},{"@type":"ImageObject","inLanguage":"it-IT","@id":"https:\/\/www.monaco-tribune.com\/it\/2022\/12\/la-rocca-il-futuro-ristorante-chic-di-ventimiglia\/#primaryimage","url":"https:\/\/www.monaco-tribune.com\/wp-content\/uploads\/2022\/12\/restaurant-la-rocca-vintimille.jpg","contentUrl":"https:\/\/www.monaco-tribune.com\/wp-content\/uploads\/2022\/12\/restaurant-la-rocca-vintimille.jpg","width":1200,"height":800,"caption":"\u00a9 Marina Development"},{"@type":"BreadcrumbList","@id":"https:\/\/www.monaco-tribune.com\/it\/2022\/12\/la-rocca-il-futuro-ristorante-chic-di-ventimiglia\/#breadcrumb","itemListElement":[{"@type":"ListItem","position":1,"name":"Accueil","item":"https:\/\/www.monaco-tribune.com\/it\/"},{"@type":"ListItem","position":2,"name":"La Rocca, il futuro ristorante chic di Ventimiglia"}]},{"@type":"WebSite","@id":"https:\/\/www.monaco-tribune.com\/it\/#website","url":"https:\/\/www.monaco-tribune.com\/it\/","name":"Monaco Tribune","description":"Monaco : actualit\u00e9s \u00e9conomiques, politiques, culturelles et sportives de Monaco et de la French Riviera.","publisher":{"@id":"https:\/\/www.monaco-tribune.com\/it\/#organization"},"potentialAction":[{"@type":"SearchAction","target":{"@type":"EntryPoint","urlTemplate":"https:\/\/www.monaco-tribune.com\/it\/?s={search_term_string}"},"query-input":{"@type":"PropertyValueSpecification","valueRequired":true,"valueName":"search_term_string"}}],"inLanguage":"it-IT"},{"@type":"Organization","@id":"https:\/\/www.monaco-tribune.com\/it\/#organization","name":"Monaco Tribune","url":"https:\/\/www.monaco-tribune.com\/it\/","logo":{"@type":"ImageObject","inLanguage":"it-IT","@id":"https:\/\/www.monaco-tribune.com\/it\/#\/schema\/logo\/image\/","url":"https:\/\/www.monaco-tribune.com\/wp-content\/uploads\/2022\/11\/logo-monaco-tribune.png","contentUrl":"https:\/\/www.monaco-tribune.com\/wp-content\/uploads\/2022\/11\/logo-monaco-tribune.png","width":1548,"height":600,"caption":"Monaco Tribune"},"image":{"@id":"https:\/\/www.monaco-tribune.com\/it\/#\/schema\/logo\/image\/"},"sameAs":["https:\/\/www.facebook.com\/MonacoTribune","https:\/\/x.com\/MonacoTribune","https:\/\/www.instagram.com\/monacotribune\/","https:\/\/www.linkedin.com\/company\/monaco-tribune","https:\/\/www.youtube.com\/channel\/UCHle1MnG6hw1y4lWKijVbMA"]},{"@type":"Person","@id":"https:\/\/www.monaco-tribune.com\/it\/#\/schema\/person\/94fb5723547bd83dea1eed97e25145aa","name":"Th\u00e9o Briand","image":{"@type":"ImageObject","inLanguage":"it-IT","@id":"https:\/\/secure.gravatar.com\/avatar\/1c02cfd8b8054d8c376f9a942a1dc4dbacfd8ba5e6f8dbb5e16f4aa3d281972a?s=96&d=mm&r=g","url":"https:\/\/secure.gravatar.com\/avatar\/1c02cfd8b8054d8c376f9a942a1dc4dbacfd8ba5e6f8dbb5e16f4aa3d281972a?s=96&d=mm&r=g","contentUrl":"https:\/\/secure.gravatar.com\/avatar\/1c02cfd8b8054d8c376f9a942a1dc4dbacfd8ba5e6f8dbb5e16f4aa3d281972a?s=96&d=mm&r=g","caption":"Th\u00e9o Briand"},"url":"https:\/\/www.monaco-tribune.com\/it\/author\/theobriand\/"}]}},"_links":{"self":[{"href":"https:\/\/www.monaco-tribune.com\/it\/wp-json\/wp\/v2\/posts\/155438","targetHints":{"allow":["GET"]}}],"collection":[{"href":"https:\/\/www.monaco-tribune.com\/it\/wp-json\/wp\/v2\/posts"}],"about":[{"href":"https:\/\/www.monaco-tribune.com\/it\/wp-json\/wp\/v2\/types\/post"}],"author":[{"embeddable":true,"href":"https:\/\/www.monaco-tribune.com\/it\/wp-json\/wp\/v2\/users\/66"}],"replies":[{"embeddable":true,"href":"https:\/\/www.monaco-tribune.com\/it\/wp-json\/wp\/v2\/comments?post=155438"}],"version-history":[{"count":0,"href":"https:\/\/www.monaco-tribune.com\/it\/wp-json\/wp\/v2\/posts\/155438\/revisions"}],"wp:featuredmedia":[{"embeddable":true,"href":"https:\/\/www.monaco-tribune.com\/it\/wp-json\/wp\/v2\/media\/155300"}],"wp:attachment":[{"href":"https:\/\/www.monaco-tribune.com\/it\/wp-json\/wp\/v2\/media?parent=155438"}],"wp:term":[{"taxonomy":"category","embeddable":true,"href":"https:\/\/www.monaco-tribune.com\/it\/wp-json\/wp\/v2\/categories?post=155438"},{"taxonomy":"post_tag","embeddable":true,"href":"https:\/\/www.monaco-tribune.com\/it\/wp-json\/wp\/v2\/tags?post=155438"},{"taxonomy":"sectag","embeddable":true,"href":"https:\/\/www.monaco-tribune.com\/it\/wp-json\/wp\/v2\/post_sectags?post=155438"},{"taxonomy":"format","embeddable":true,"href":"https:\/\/www.monaco-tribune.com\/it\/wp-json\/wp\/v2\/post_format?post=155438"}],"curies":[{"name":"wp","href":"https:\/\/api.w.org\/{rel}","templated":true}]}}