{"id":155851,"date":"2022-12-15T17:05:01","date_gmt":"2022-12-15T16:05:01","guid":{"rendered":"https:\/\/www.monaco-tribune.com\/2022\/12\/la-principessa-charlene-festeggia-i-dieci-anni-della-sua-fondazione-circondata-da-invitati-di-prestigio\/"},"modified":"2022-12-15T17:06:21","modified_gmt":"2022-12-15T16:06:21","slug":"la-principessa-charlene-festeggia-i-dieci-anni-della-sua-fondazione-circondata-da-invitati-di-prestigio","status":"publish","type":"post","link":"https:\/\/www.monaco-tribune.com\/it\/2022\/12\/la-principessa-charlene-festeggia-i-dieci-anni-della-sua-fondazione-circondata-da-invitati-di-prestigio\/","title":{"rendered":"La Principessa Charl\u00e8ne festeggia i dieci anni della sua Fondazione circondata da invitati di prestigio"},"content":{"rendered":"\n<p><strong>In un discorso la Principessa ha ringraziato tutti i partecipanti al progetto e in particolare suo marito, il Principe Alberto II.<\/strong><\/p>\n\n<p>Dieci anni di condivisione ed educazione che hanno permesso di arrivare a oltre un milione di persone. Attraverso lo sport, la Fondazione Principessa Charl\u00e8ne ha portato avanti 510 progetti in 43 paesi. Per il suo decimo anniversario, mercoled\u00ec 14 dicembre la Principessa Charl\u00e8ne ha inaugurato i nuovi locali della Fondazione sul Quai Antoine Ier.<\/p>\n<div class=\"wp-block-image\">\n<figure class=\"aligncenter size-large\"><img loading=\"lazy\" decoding=\"async\" width=\"1024\" height=\"683\" src=\"https:\/\/www.monaco-tribune.com\/wp-content\/uploads\/2022\/12\/nouveaux-locaux-fondation-princesse-charlene-1024x683.jpg\" alt=\"nuovi-locali-fondazione-principessa-charlene\" class=\"wp-image-155698\" srcset=\"https:\/\/www.monaco-tribune.com\/wp-content\/uploads\/2022\/12\/nouveaux-locaux-fondation-princesse-charlene-1024x683.jpg 1024w, https:\/\/www.monaco-tribune.com\/wp-content\/uploads\/2022\/12\/nouveaux-locaux-fondation-princesse-charlene-450x300.jpg 450w, https:\/\/www.monaco-tribune.com\/wp-content\/uploads\/2022\/12\/nouveaux-locaux-fondation-princesse-charlene.jpg 2048w\" sizes=\"auto, (max-width: 1024px) 100vw, 1024px\" \/><figcaption class=\"wp-element-caption\"><em>\u00a9 Direzione della Comunicazione \/ St\u00e9phane Danna<\/em><\/figcaption><\/figure>\n<\/div>\n<p>Per il grande giorno, diverse personalit\u00e0 che hanno partecipato ai festeggiamenti. A cominciare dal marito della Principessa, il Principe Alberto II e proseguendo con la Principessa St\u00e9phanie, Lady Tina Green e Gareth Wittstock, fratello della Principessa e Segretario Generale della Fondazione. <\/p>\n<div class=\"wp-block-image\">\n<figure class=\"aligncenter size-large\"><img loading=\"lazy\" decoding=\"async\" width=\"1024\" height=\"683\" src=\"https:\/\/www.monaco-tribune.com\/wp-content\/uploads\/2022\/12\/fondation-princesse-charlene-equipe-1024x683.jpg\" alt=\"fondazione-principessa-charlene-team\" class=\"wp-image-155703\" srcset=\"https:\/\/www.monaco-tribune.com\/wp-content\/uploads\/2022\/12\/fondation-princesse-charlene-equipe-1024x683.jpg 1024w, https:\/\/www.monaco-tribune.com\/wp-content\/uploads\/2022\/12\/fondation-princesse-charlene-equipe-450x300.jpg 450w, https:\/\/www.monaco-tribune.com\/wp-content\/uploads\/2022\/12\/fondation-princesse-charlene-equipe.jpg 1200w\" sizes=\"auto, (max-width: 1024px) 100vw, 1024px\" \/><figcaption class=\"wp-element-caption\"><em>\u00a9 Direzione della Comunicazione \/ St\u00e9phane Danna<\/em><\/figcaption><\/figure>\n<\/div>\n<p>Dopo aver ricevuto un mazzo di fiori da quest&#8217;ultimo, la Principessa ha tenuto un breve discorso per ringraziare tutti: &#8220;Questi numeri, queste persone a cui siamo arrivati e che abbiamo istruito, queste vite salvate, non ce l&#8217;avremmo fatta senza di voi, senza il vostro sostegno alla nostra visione, al nostro sogno. \u00c8 grazie a voi se siamo qui oggi, se crediamo in quello che facciamo e se voi credete in me. Ci tenevo a ringraziarvi&#8221;.<\/p>\n\n<p>La Principessa ha inoltre rivolto una frase a suo marito: &#8220;Grazie di tutto Alberto, per il tuo sostegno, per credere in noi e per la tua fiducia&#8221;.<\/p>\n<div class=\"wp-block-image\">\n<figure class=\"aligncenter size-large\"><img loading=\"lazy\" decoding=\"async\" width=\"1024\" height=\"683\" src=\"https:\/\/www.monaco-tribune.com\/wp-content\/uploads\/2022\/12\/princesse-charlene-gareth-wittstock-1024x683.jpg\" alt=\"principessa-charlene-gareth-wittstock\" class=\"wp-image-155730\" srcset=\"https:\/\/www.monaco-tribune.com\/wp-content\/uploads\/2022\/12\/princesse-charlene-gareth-wittstock-1024x683.jpg 1024w, https:\/\/www.monaco-tribune.com\/wp-content\/uploads\/2022\/12\/princesse-charlene-gareth-wittstock-450x300.jpg 450w, https:\/\/www.monaco-tribune.com\/wp-content\/uploads\/2022\/12\/princesse-charlene-gareth-wittstock.jpg 1200w\" sizes=\"auto, (max-width: 1024px) 100vw, 1024px\" \/><figcaption class=\"wp-element-caption\"><em>\u00a9 \u00c9ric Mathon \/ Palazzo del Principe<\/em><\/figcaption><\/figure>\n<\/div>\n<p><strong>LEGGI ANCHE: <a href=\"https:\/\/www.monaco-tribune.com\/it\/2022\/12\/i-figli-la-lotta-contro-lannegamento-e-lamore-per-gli-animali-la-principessa-charlene-si-racconta\/\">I figli, la lotta contro l\u2019annegamento e l\u2019amore per gli animali\u2026 La Principessa Charl\u00e8ne si racconta<\/a><\/strong><\/p>\n\n<p>Ricordiamo che la Principessa ha creato la Fondazione dopo essersi resa conto della devastante realt\u00e0 degli annegamenti. Per contrastare questa piaga, la Principessa desiderava riunire i bambini attraverso i valori delle sport. Valori a lei molto cari che insegnano la compassione, ispirano, danno speranza e uniscono le persone di tutto il mondo.<\/p>\n\n<p>Secondo un&#8217;intervista rilasciata dalla Principessa a <em>Monaco-Matin<\/em>, nuovi ambasciatori si uniranno alla Fondazione nel 2023: il giocatore di pallamano J\u00e9r\u00f4me Fernandez, il ginnasta Kevin Crovetto, la campionessa di salvataggio in mare St\u00e9phanie Barneix, la maratoneta Paula Radcliffe e il tennista Stefanos Tsitsipas.<\/p>\n","protected":false},"excerpt":{"rendered":"<p>In un discorso la Principessa ha ringraziato tutti i partecipanti al progetto e in particolare suo marito, il Principe Alberto [&hellip;]<\/p>\n","protected":false},"author":66,"featured_media":155723,"comment_status":"closed","ping_status":"closed","sticky":false,"template":"","format":"standard","meta":{"_acf_changed":false,"footnotes":""},"categories":[1742,1738],"tags":[2960],"post_sectags":[],"post_format":[2478],"class_list":["post-155851","post","type-post","status-publish","format-standard","has-post-thumbnail","hentry","category-famiglia-principesca","category-notizie","tag-fondazione-principessa-charlene","format-notizia"],"acf":[],"yoast_head":"<!-- This site is optimized with the Yoast SEO Premium plugin v26.8 (Yoast SEO v27.4) - https:\/\/yoast.com\/product\/yoast-seo-premium-wordpress\/ -->\n<title>La Principessa Charl\u00e8ne festeggia i dieci anni della sua Fondazione circondata da invitati di prestigio<\/title>\n<meta name=\"description\" content=\"In un discorso la Principessa ha ringraziato tutti i partecipanti al progetto e in particolare suo marito, il Principe Alberto II. Dieci anni di\" \/>\n<meta name=\"robots\" content=\"index, follow, max-snippet:-1, max-image-preview:large, max-video-preview:-1\" \/>\n<link rel=\"canonical\" href=\"https:\/\/www.monaco-tribune.com\/it\/2022\/12\/la-principessa-charlene-festeggia-i-dieci-anni-della-sua-fondazione-circondata-da-invitati-di-prestigio\/\" \/>\n<meta property=\"og:locale\" content=\"it_IT\" \/>\n<meta property=\"og:type\" content=\"article\" \/>\n<meta property=\"og:title\" content=\"La Principessa Charl\u00e8ne festeggia i dieci anni della sua Fondazione circondata da invitati di prestigio - Monaco Tribune\" \/>\n<meta property=\"og:description\" content=\"In un discorso la Principessa ha ringraziato tutti i partecipanti al progetto e in particolare suo marito, il Principe Alberto II. Dieci anni di\" \/>\n<meta property=\"og:url\" content=\"https:\/\/www.monaco-tribune.com\/it\/2022\/12\/la-principessa-charlene-festeggia-i-dieci-anni-della-sua-fondazione-circondata-da-invitati-di-prestigio\/\" \/>\n<meta property=\"og:site_name\" content=\"Monaco Tribune\" \/>\n<meta property=\"article:publisher\" content=\"https:\/\/www.facebook.com\/MonacoTribune\" \/>\n<meta property=\"article:published_time\" content=\"2022-12-15T16:05:01+00:00\" \/>\n<meta property=\"article:modified_time\" content=\"2022-12-15T16:06:21+00:00\" \/>\n<meta property=\"og:image\" content=\"https:\/\/www.monaco-tribune.com\/wp-content\/uploads\/2022\/12\/fondation-princesse-charlene-dix-ans.jpeg\" \/>\n\t<meta property=\"og:image:width\" content=\"1020\" \/>\n\t<meta property=\"og:image:height\" content=\"680\" \/>\n\t<meta property=\"og:image:type\" content=\"image\/jpeg\" \/>\n<meta name=\"author\" content=\"Th\u00e9o Briand\" \/>\n<meta name=\"twitter:card\" content=\"summary_large_image\" \/>\n<meta name=\"twitter:creator\" content=\"@MonacoTribune\" \/>\n<meta name=\"twitter:site\" content=\"@MonacoTribune\" \/>\n<script type=\"application\/ld+json\" class=\"yoast-schema-graph\">{\"@context\":\"https:\\\/\\\/schema.org\",\"@graph\":[{\"@type\":\"NewsArticle\",\"@id\":\"https:\\\/\\\/www.monaco-tribune.com\\\/it\\\/2022\\\/12\\\/la-principessa-charlene-festeggia-i-dieci-anni-della-sua-fondazione-circondata-da-invitati-di-prestigio\\\/#article\",\"isPartOf\":{\"@id\":\"https:\\\/\\\/www.monaco-tribune.com\\\/it\\\/2022\\\/12\\\/la-principessa-charlene-festeggia-i-dieci-anni-della-sua-fondazione-circondata-da-invitati-di-prestigio\\\/\"},\"author\":{\"name\":\"Th\u00e9o Briand\",\"@id\":\"https:\\\/\\\/www.monaco-tribune.com\\\/it\\\/#\\\/schema\\\/person\\\/94fb5723547bd83dea1eed97e25145aa\"},\"headline\":\"La Principessa Charl\u00e8ne festeggia i dieci anni della sua Fondazione circondata da invitati di prestigio\",\"datePublished\":\"2022-12-15T16:05:01+00:00\",\"dateModified\":\"2022-12-15T16:06:21+00:00\",\"mainEntityOfPage\":{\"@id\":\"https:\\\/\\\/www.monaco-tribune.com\\\/it\\\/2022\\\/12\\\/la-principessa-charlene-festeggia-i-dieci-anni-della-sua-fondazione-circondata-da-invitati-di-prestigio\\\/\"},\"wordCount\":370,\"publisher\":{\"@id\":\"https:\\\/\\\/www.monaco-tribune.com\\\/it\\\/#organization\"},\"image\":{\"@id\":\"https:\\\/\\\/www.monaco-tribune.com\\\/it\\\/2022\\\/12\\\/la-principessa-charlene-festeggia-i-dieci-anni-della-sua-fondazione-circondata-da-invitati-di-prestigio\\\/#primaryimage\"},\"thumbnailUrl\":\"https:\\\/\\\/www.monaco-tribune.com\\\/wp-content\\\/uploads\\\/2022\\\/12\\\/fondation-princesse-charlene-dix-ans.jpeg\",\"keywords\":[\"Fondazione Principessa Charl\u00e8ne\"],\"articleSection\":[\"Famiglia Principesca\",\"Notizie\"],\"inLanguage\":\"it-IT\",\"copyrightYear\":\"2022\",\"copyrightHolder\":{\"@id\":\"https:\\\/\\\/www.monaco-tribune.com\\\/#organization\"}},{\"@type\":\"WebPage\",\"@id\":\"https:\\\/\\\/www.monaco-tribune.com\\\/it\\\/2022\\\/12\\\/la-principessa-charlene-festeggia-i-dieci-anni-della-sua-fondazione-circondata-da-invitati-di-prestigio\\\/\",\"url\":\"https:\\\/\\\/www.monaco-tribune.com\\\/it\\\/2022\\\/12\\\/la-principessa-charlene-festeggia-i-dieci-anni-della-sua-fondazione-circondata-da-invitati-di-prestigio\\\/\",\"name\":\"La Principessa Charl\u00e8ne festeggia i dieci anni della sua Fondazione circondata da invitati di prestigio\",\"isPartOf\":{\"@id\":\"https:\\\/\\\/www.monaco-tribune.com\\\/it\\\/#website\"},\"primaryImageOfPage\":{\"@id\":\"https:\\\/\\\/www.monaco-tribune.com\\\/it\\\/2022\\\/12\\\/la-principessa-charlene-festeggia-i-dieci-anni-della-sua-fondazione-circondata-da-invitati-di-prestigio\\\/#primaryimage\"},\"image\":{\"@id\":\"https:\\\/\\\/www.monaco-tribune.com\\\/it\\\/2022\\\/12\\\/la-principessa-charlene-festeggia-i-dieci-anni-della-sua-fondazione-circondata-da-invitati-di-prestigio\\\/#primaryimage\"},\"thumbnailUrl\":\"https:\\\/\\\/www.monaco-tribune.com\\\/wp-content\\\/uploads\\\/2022\\\/12\\\/fondation-princesse-charlene-dix-ans.jpeg\",\"datePublished\":\"2022-12-15T16:05:01+00:00\",\"dateModified\":\"2022-12-15T16:06:21+00:00\",\"description\":\"In un discorso la Principessa ha ringraziato tutti i partecipanti al progetto e in particolare suo marito, il Principe Alberto II. Dieci anni di\",\"breadcrumb\":{\"@id\":\"https:\\\/\\\/www.monaco-tribune.com\\\/it\\\/2022\\\/12\\\/la-principessa-charlene-festeggia-i-dieci-anni-della-sua-fondazione-circondata-da-invitati-di-prestigio\\\/#breadcrumb\"},\"inLanguage\":\"it-IT\",\"potentialAction\":[{\"@type\":\"ReadAction\",\"target\":[\"https:\\\/\\\/www.monaco-tribune.com\\\/it\\\/2022\\\/12\\\/la-principessa-charlene-festeggia-i-dieci-anni-della-sua-fondazione-circondata-da-invitati-di-prestigio\\\/\"]}]},{\"@type\":\"ImageObject\",\"inLanguage\":\"it-IT\",\"@id\":\"https:\\\/\\\/www.monaco-tribune.com\\\/it\\\/2022\\\/12\\\/la-principessa-charlene-festeggia-i-dieci-anni-della-sua-fondazione-circondata-da-invitati-di-prestigio\\\/#primaryimage\",\"url\":\"https:\\\/\\\/www.monaco-tribune.com\\\/wp-content\\\/uploads\\\/2022\\\/12\\\/fondation-princesse-charlene-dix-ans.jpeg\",\"contentUrl\":\"https:\\\/\\\/www.monaco-tribune.com\\\/wp-content\\\/uploads\\\/2022\\\/12\\\/fondation-princesse-charlene-dix-ans.jpeg\",\"width\":1020,\"height\":680,\"caption\":\"\u00a9 \u00c9ric Mathon \\\/ Palazzo del Principe\"},{\"@type\":\"BreadcrumbList\",\"@id\":\"https:\\\/\\\/www.monaco-tribune.com\\\/it\\\/2022\\\/12\\\/la-principessa-charlene-festeggia-i-dieci-anni-della-sua-fondazione-circondata-da-invitati-di-prestigio\\\/#breadcrumb\",\"itemListElement\":[{\"@type\":\"ListItem\",\"position\":1,\"name\":\"Accueil\",\"item\":\"https:\\\/\\\/www.monaco-tribune.com\\\/it\\\/\"},{\"@type\":\"ListItem\",\"position\":2,\"name\":\"La Principessa Charl\u00e8ne festeggia i dieci anni della sua Fondazione circondata da invitati di prestigio\"}]},{\"@type\":\"WebSite\",\"@id\":\"https:\\\/\\\/www.monaco-tribune.com\\\/it\\\/#website\",\"url\":\"https:\\\/\\\/www.monaco-tribune.com\\\/it\\\/\",\"name\":\"Monaco Tribune\",\"description\":\"Monaco : actualit\u00e9s \u00e9conomiques, politiques, culturelles et sportives de Monaco et de la French Riviera.\",\"publisher\":{\"@id\":\"https:\\\/\\\/www.monaco-tribune.com\\\/it\\\/#organization\"},\"potentialAction\":[{\"@type\":\"SearchAction\",\"target\":{\"@type\":\"EntryPoint\",\"urlTemplate\":\"https:\\\/\\\/www.monaco-tribune.com\\\/it\\\/?s={search_term_string}\"},\"query-input\":{\"@type\":\"PropertyValueSpecification\",\"valueRequired\":true,\"valueName\":\"search_term_string\"}}],\"inLanguage\":\"it-IT\"},{\"@type\":\"Organization\",\"@id\":\"https:\\\/\\\/www.monaco-tribune.com\\\/it\\\/#organization\",\"name\":\"Monaco Tribune\",\"url\":\"https:\\\/\\\/www.monaco-tribune.com\\\/it\\\/\",\"logo\":{\"@type\":\"ImageObject\",\"inLanguage\":\"it-IT\",\"@id\":\"https:\\\/\\\/www.monaco-tribune.com\\\/it\\\/#\\\/schema\\\/logo\\\/image\\\/\",\"url\":\"https:\\\/\\\/www.monaco-tribune.com\\\/wp-content\\\/uploads\\\/2022\\\/11\\\/logo-monaco-tribune.png\",\"contentUrl\":\"https:\\\/\\\/www.monaco-tribune.com\\\/wp-content\\\/uploads\\\/2022\\\/11\\\/logo-monaco-tribune.png\",\"width\":1548,\"height\":600,\"caption\":\"Monaco Tribune\"},\"image\":{\"@id\":\"https:\\\/\\\/www.monaco-tribune.com\\\/it\\\/#\\\/schema\\\/logo\\\/image\\\/\"},\"sameAs\":[\"https:\\\/\\\/www.facebook.com\\\/MonacoTribune\",\"https:\\\/\\\/x.com\\\/MonacoTribune\",\"https:\\\/\\\/www.instagram.com\\\/monacotribune\\\/\",\"https:\\\/\\\/www.linkedin.com\\\/company\\\/monaco-tribune\",\"https:\\\/\\\/www.youtube.com\\\/channel\\\/UCHle1MnG6hw1y4lWKijVbMA\"]},{\"@type\":\"Person\",\"@id\":\"https:\\\/\\\/www.monaco-tribune.com\\\/it\\\/#\\\/schema\\\/person\\\/94fb5723547bd83dea1eed97e25145aa\",\"name\":\"Th\u00e9o Briand\",\"image\":{\"@type\":\"ImageObject\",\"inLanguage\":\"it-IT\",\"@id\":\"https:\\\/\\\/secure.gravatar.com\\\/avatar\\\/1c02cfd8b8054d8c376f9a942a1dc4dbacfd8ba5e6f8dbb5e16f4aa3d281972a?s=96&d=mm&r=g\",\"url\":\"https:\\\/\\\/secure.gravatar.com\\\/avatar\\\/1c02cfd8b8054d8c376f9a942a1dc4dbacfd8ba5e6f8dbb5e16f4aa3d281972a?s=96&d=mm&r=g\",\"contentUrl\":\"https:\\\/\\\/secure.gravatar.com\\\/avatar\\\/1c02cfd8b8054d8c376f9a942a1dc4dbacfd8ba5e6f8dbb5e16f4aa3d281972a?s=96&d=mm&r=g\",\"caption\":\"Th\u00e9o Briand\"},\"url\":\"https:\\\/\\\/www.monaco-tribune.com\\\/it\\\/author\\\/theobriand\\\/\"}]}<\/script>\n<!-- \/ Yoast SEO Premium plugin. -->","yoast_head_json":{"title":"La Principessa Charl\u00e8ne festeggia i dieci anni della sua Fondazione circondata da invitati di prestigio","description":"In un discorso la Principessa ha ringraziato tutti i partecipanti al progetto e in particolare suo marito, il Principe Alberto II. Dieci anni di","robots":{"index":"index","follow":"follow","max-snippet":"max-snippet:-1","max-image-preview":"max-image-preview:large","max-video-preview":"max-video-preview:-1"},"canonical":"https:\/\/www.monaco-tribune.com\/it\/2022\/12\/la-principessa-charlene-festeggia-i-dieci-anni-della-sua-fondazione-circondata-da-invitati-di-prestigio\/","og_locale":"it_IT","og_type":"article","og_title":"La Principessa Charl\u00e8ne festeggia i dieci anni della sua Fondazione circondata da invitati di prestigio - Monaco Tribune","og_description":"In un discorso la Principessa ha ringraziato tutti i partecipanti al progetto e in particolare suo marito, il Principe Alberto II. Dieci anni di","og_url":"https:\/\/www.monaco-tribune.com\/it\/2022\/12\/la-principessa-charlene-festeggia-i-dieci-anni-della-sua-fondazione-circondata-da-invitati-di-prestigio\/","og_site_name":"Monaco Tribune","article_publisher":"https:\/\/www.facebook.com\/MonacoTribune","article_published_time":"2022-12-15T16:05:01+00:00","article_modified_time":"2022-12-15T16:06:21+00:00","og_image":[{"width":1020,"height":680,"url":"https:\/\/www.monaco-tribune.com\/wp-content\/uploads\/2022\/12\/fondation-princesse-charlene-dix-ans.jpeg","type":"image\/jpeg"}],"author":"Th\u00e9o Briand","twitter_card":"summary_large_image","twitter_creator":"@MonacoTribune","twitter_site":"@MonacoTribune","schema":{"@context":"https:\/\/schema.org","@graph":[{"@type":"NewsArticle","@id":"https:\/\/www.monaco-tribune.com\/it\/2022\/12\/la-principessa-charlene-festeggia-i-dieci-anni-della-sua-fondazione-circondata-da-invitati-di-prestigio\/#article","isPartOf":{"@id":"https:\/\/www.monaco-tribune.com\/it\/2022\/12\/la-principessa-charlene-festeggia-i-dieci-anni-della-sua-fondazione-circondata-da-invitati-di-prestigio\/"},"author":{"name":"Th\u00e9o Briand","@id":"https:\/\/www.monaco-tribune.com\/it\/#\/schema\/person\/94fb5723547bd83dea1eed97e25145aa"},"headline":"La Principessa Charl\u00e8ne festeggia i dieci anni della sua Fondazione circondata da invitati di prestigio","datePublished":"2022-12-15T16:05:01+00:00","dateModified":"2022-12-15T16:06:21+00:00","mainEntityOfPage":{"@id":"https:\/\/www.monaco-tribune.com\/it\/2022\/12\/la-principessa-charlene-festeggia-i-dieci-anni-della-sua-fondazione-circondata-da-invitati-di-prestigio\/"},"wordCount":370,"publisher":{"@id":"https:\/\/www.monaco-tribune.com\/it\/#organization"},"image":{"@id":"https:\/\/www.monaco-tribune.com\/it\/2022\/12\/la-principessa-charlene-festeggia-i-dieci-anni-della-sua-fondazione-circondata-da-invitati-di-prestigio\/#primaryimage"},"thumbnailUrl":"https:\/\/www.monaco-tribune.com\/wp-content\/uploads\/2022\/12\/fondation-princesse-charlene-dix-ans.jpeg","keywords":["Fondazione Principessa Charl\u00e8ne"],"articleSection":["Famiglia Principesca","Notizie"],"inLanguage":"it-IT","copyrightYear":"2022","copyrightHolder":{"@id":"https:\/\/www.monaco-tribune.com\/#organization"}},{"@type":"WebPage","@id":"https:\/\/www.monaco-tribune.com\/it\/2022\/12\/la-principessa-charlene-festeggia-i-dieci-anni-della-sua-fondazione-circondata-da-invitati-di-prestigio\/","url":"https:\/\/www.monaco-tribune.com\/it\/2022\/12\/la-principessa-charlene-festeggia-i-dieci-anni-della-sua-fondazione-circondata-da-invitati-di-prestigio\/","name":"La Principessa Charl\u00e8ne festeggia i dieci anni della sua Fondazione circondata da invitati di prestigio","isPartOf":{"@id":"https:\/\/www.monaco-tribune.com\/it\/#website"},"primaryImageOfPage":{"@id":"https:\/\/www.monaco-tribune.com\/it\/2022\/12\/la-principessa-charlene-festeggia-i-dieci-anni-della-sua-fondazione-circondata-da-invitati-di-prestigio\/#primaryimage"},"image":{"@id":"https:\/\/www.monaco-tribune.com\/it\/2022\/12\/la-principessa-charlene-festeggia-i-dieci-anni-della-sua-fondazione-circondata-da-invitati-di-prestigio\/#primaryimage"},"thumbnailUrl":"https:\/\/www.monaco-tribune.com\/wp-content\/uploads\/2022\/12\/fondation-princesse-charlene-dix-ans.jpeg","datePublished":"2022-12-15T16:05:01+00:00","dateModified":"2022-12-15T16:06:21+00:00","description":"In un discorso la Principessa ha ringraziato tutti i partecipanti al progetto e in particolare suo marito, il Principe Alberto II. Dieci anni di","breadcrumb":{"@id":"https:\/\/www.monaco-tribune.com\/it\/2022\/12\/la-principessa-charlene-festeggia-i-dieci-anni-della-sua-fondazione-circondata-da-invitati-di-prestigio\/#breadcrumb"},"inLanguage":"it-IT","potentialAction":[{"@type":"ReadAction","target":["https:\/\/www.monaco-tribune.com\/it\/2022\/12\/la-principessa-charlene-festeggia-i-dieci-anni-della-sua-fondazione-circondata-da-invitati-di-prestigio\/"]}]},{"@type":"ImageObject","inLanguage":"it-IT","@id":"https:\/\/www.monaco-tribune.com\/it\/2022\/12\/la-principessa-charlene-festeggia-i-dieci-anni-della-sua-fondazione-circondata-da-invitati-di-prestigio\/#primaryimage","url":"https:\/\/www.monaco-tribune.com\/wp-content\/uploads\/2022\/12\/fondation-princesse-charlene-dix-ans.jpeg","contentUrl":"https:\/\/www.monaco-tribune.com\/wp-content\/uploads\/2022\/12\/fondation-princesse-charlene-dix-ans.jpeg","width":1020,"height":680,"caption":"\u00a9 \u00c9ric Mathon \/ Palazzo del Principe"},{"@type":"BreadcrumbList","@id":"https:\/\/www.monaco-tribune.com\/it\/2022\/12\/la-principessa-charlene-festeggia-i-dieci-anni-della-sua-fondazione-circondata-da-invitati-di-prestigio\/#breadcrumb","itemListElement":[{"@type":"ListItem","position":1,"name":"Accueil","item":"https:\/\/www.monaco-tribune.com\/it\/"},{"@type":"ListItem","position":2,"name":"La Principessa Charl\u00e8ne festeggia i dieci anni della sua Fondazione circondata da invitati di prestigio"}]},{"@type":"WebSite","@id":"https:\/\/www.monaco-tribune.com\/it\/#website","url":"https:\/\/www.monaco-tribune.com\/it\/","name":"Monaco Tribune","description":"Monaco : actualit\u00e9s \u00e9conomiques, politiques, culturelles et sportives de Monaco et de la French Riviera.","publisher":{"@id":"https:\/\/www.monaco-tribune.com\/it\/#organization"},"potentialAction":[{"@type":"SearchAction","target":{"@type":"EntryPoint","urlTemplate":"https:\/\/www.monaco-tribune.com\/it\/?s={search_term_string}"},"query-input":{"@type":"PropertyValueSpecification","valueRequired":true,"valueName":"search_term_string"}}],"inLanguage":"it-IT"},{"@type":"Organization","@id":"https:\/\/www.monaco-tribune.com\/it\/#organization","name":"Monaco Tribune","url":"https:\/\/www.monaco-tribune.com\/it\/","logo":{"@type":"ImageObject","inLanguage":"it-IT","@id":"https:\/\/www.monaco-tribune.com\/it\/#\/schema\/logo\/image\/","url":"https:\/\/www.monaco-tribune.com\/wp-content\/uploads\/2022\/11\/logo-monaco-tribune.png","contentUrl":"https:\/\/www.monaco-tribune.com\/wp-content\/uploads\/2022\/11\/logo-monaco-tribune.png","width":1548,"height":600,"caption":"Monaco Tribune"},"image":{"@id":"https:\/\/www.monaco-tribune.com\/it\/#\/schema\/logo\/image\/"},"sameAs":["https:\/\/www.facebook.com\/MonacoTribune","https:\/\/x.com\/MonacoTribune","https:\/\/www.instagram.com\/monacotribune\/","https:\/\/www.linkedin.com\/company\/monaco-tribune","https:\/\/www.youtube.com\/channel\/UCHle1MnG6hw1y4lWKijVbMA"]},{"@type":"Person","@id":"https:\/\/www.monaco-tribune.com\/it\/#\/schema\/person\/94fb5723547bd83dea1eed97e25145aa","name":"Th\u00e9o Briand","image":{"@type":"ImageObject","inLanguage":"it-IT","@id":"https:\/\/secure.gravatar.com\/avatar\/1c02cfd8b8054d8c376f9a942a1dc4dbacfd8ba5e6f8dbb5e16f4aa3d281972a?s=96&d=mm&r=g","url":"https:\/\/secure.gravatar.com\/avatar\/1c02cfd8b8054d8c376f9a942a1dc4dbacfd8ba5e6f8dbb5e16f4aa3d281972a?s=96&d=mm&r=g","contentUrl":"https:\/\/secure.gravatar.com\/avatar\/1c02cfd8b8054d8c376f9a942a1dc4dbacfd8ba5e6f8dbb5e16f4aa3d281972a?s=96&d=mm&r=g","caption":"Th\u00e9o Briand"},"url":"https:\/\/www.monaco-tribune.com\/it\/author\/theobriand\/"}]}},"_links":{"self":[{"href":"https:\/\/www.monaco-tribune.com\/it\/wp-json\/wp\/v2\/posts\/155851","targetHints":{"allow":["GET"]}}],"collection":[{"href":"https:\/\/www.monaco-tribune.com\/it\/wp-json\/wp\/v2\/posts"}],"about":[{"href":"https:\/\/www.monaco-tribune.com\/it\/wp-json\/wp\/v2\/types\/post"}],"author":[{"embeddable":true,"href":"https:\/\/www.monaco-tribune.com\/it\/wp-json\/wp\/v2\/users\/66"}],"replies":[{"embeddable":true,"href":"https:\/\/www.monaco-tribune.com\/it\/wp-json\/wp\/v2\/comments?post=155851"}],"version-history":[{"count":0,"href":"https:\/\/www.monaco-tribune.com\/it\/wp-json\/wp\/v2\/posts\/155851\/revisions"}],"wp:featuredmedia":[{"embeddable":true,"href":"https:\/\/www.monaco-tribune.com\/it\/wp-json\/wp\/v2\/media\/155723"}],"wp:attachment":[{"href":"https:\/\/www.monaco-tribune.com\/it\/wp-json\/wp\/v2\/media?parent=155851"}],"wp:term":[{"taxonomy":"category","embeddable":true,"href":"https:\/\/www.monaco-tribune.com\/it\/wp-json\/wp\/v2\/categories?post=155851"},{"taxonomy":"post_tag","embeddable":true,"href":"https:\/\/www.monaco-tribune.com\/it\/wp-json\/wp\/v2\/tags?post=155851"},{"taxonomy":"sectag","embeddable":true,"href":"https:\/\/www.monaco-tribune.com\/it\/wp-json\/wp\/v2\/post_sectags?post=155851"},{"taxonomy":"format","embeddable":true,"href":"https:\/\/www.monaco-tribune.com\/it\/wp-json\/wp\/v2\/post_format?post=155851"}],"curies":[{"name":"wp","href":"https:\/\/api.w.org\/{rel}","templated":true}]}}