{"id":156421,"date":"2022-12-19T18:18:50","date_gmt":"2022-12-19T17:18:50","guid":{"rendered":"https:\/\/www.monaco-tribune.com\/2022\/12\/formula-1-frederic-vasseur-nuovo-direttore-della-scuderia-ferrari\/"},"modified":"2022-12-19T18:19:03","modified_gmt":"2022-12-19T17:19:03","slug":"formula-1-frederic-vasseur-nuovo-direttore-della-scuderia-ferrari","status":"publish","type":"post","link":"https:\/\/www.monaco-tribune.com\/it\/2022\/12\/formula-1-frederic-vasseur-nuovo-direttore-della-scuderia-ferrari\/","title":{"rendered":"Formula 1: Fr\u00e9d\u00e9ric Vasseur nuovo direttore della Scuderia Ferrari"},"content":{"rendered":"\n<p><strong>Presidente del team Sauber e Direttore dell&#8217;Alfa Romeo, Fr\u00e9d\u00e9ric Vasseur assumer\u00e0 il suo nuovo incarico il 9 gennaio. L&#8217;ingegnere parigino si riunir\u00e0 a Charles Leclerc, con cui ha lavorato nel 2018 alla Sauber durante la prima stagione del monegasco in F1.<\/strong><\/p>\n\n<p>Presidente e Team Principal di Sauber Motorsport, attualmente Alfa Romeo F1 Team, dal 2017, Fr\u00e9d\u00e9ric Vasseur \u00e8 stato precedentemente Team Principal di Renault F1 Team nel 2016, dopo aver vinto la GP2 Series nel 2005 con Nico Rosberg e nel 2006 con Lewis Hamilton.<\/p>\n\n<p>Con oltre 25 anni di esperienza nelle corse automobilistiche, l\u2019ingegnere di Draveil arriva alla scuderia Ferrari con molti successi all&#8217;attivo.<\/p>\n\n<h2 class=\"wp-block-heading\" id=\"h-la-scuderia-ferrari-l-aboutissement-d-un-reve\">La scuderia Ferrari, il coronamento di un sogno<\/h2>\n\n<p>&#8220;Nel corso della sua carriera ha unito con successo i suoi punti di forza tecnici, grazie alla sua esperienza in qualit\u00e0 di ingegnere, a una costante capacit\u00e0 di stimolare il meglio nei suoi piloti e nei suoi team&#8221;, ha dichiarato Benedetto Vigna, Presidente e Amministratore Delegato della Scuderia Ferrari<em>.<\/em><\/p>\n\n<p>\u201cQuesto approccio e la sua leadership sono ci\u00f2 di cui abbiamo bisogno per far crescere la Ferrari con rinnovata energia&#8221;.<em>\u00a0<\/em>Consapevole di affrontare la sfida pi\u00f9 grande della sua carriera, Fr\u00e9d\u00e9ric Vasseur arriva a Maranello con umilt\u00e0 ma non senza ambizioni.<\/p>\n<div class=\"wp-block-image\">\n<figure class=\"aligncenter size-large\"><img loading=\"lazy\" decoding=\"async\" width=\"1024\" height=\"683\" src=\"https:\/\/www.monaco-tribune.com\/wp-content\/uploads\/2022\/12\/charles-leclerc-fred-vasseur-1024x683.jpeg\" alt=\"\" class=\"wp-image-155361\" srcset=\"https:\/\/www.monaco-tribune.com\/wp-content\/uploads\/2022\/12\/charles-leclerc-fred-vasseur-1024x683.jpeg 1024w, https:\/\/www.monaco-tribune.com\/wp-content\/uploads\/2022\/12\/charles-leclerc-fred-vasseur-450x300.jpeg 450w, https:\/\/www.monaco-tribune.com\/wp-content\/uploads\/2022\/12\/charles-leclerc-fred-vasseur.jpeg 1200w\" sizes=\"auto, (max-width: 1024px) 100vw, 1024px\" \/><figcaption class=\"wp-element-caption\">\u00a9 DR<\/figcaption><\/figure>\n<\/div>\n<p>&#8220;Sono molto felice e onorato di assumere la guida della scuderia Ferrari come Team Principal&#8221;, ha dichiarato. &#8220;Per me, un appassionato di motorsport da tutta la vita, la Ferrari ha da sempre rappresentato l&#8217;apice del mondo delle corse.<\/p>\n\n<p>Non vedo l&#8217;ora di lavorare con il team talentuoso e appassionato di Maranello, per onorare la storia e l\u2019eredit\u00e0 della scuderia e per conseguire dei risultati per i nostri tifosi in tutto il mondo\u201d.<\/p>\n\n<h2 class=\"wp-block-heading\">Una certa intesa con Charles Leclerc<\/h2>\n\n<p>\u00c8 la seconda volta che un francese assume la direzione sportiva della scuderia Ferrari, dopo i gloriosi anni di Jean Todt (1993-2007), che ha vinto sette titoli costruttori e sei titoli piloti.<\/p>\n\n<p>Intervistato qualche giorno fa in occasione della conferenza stampa che ha preceduto il gal\u00e0 di premiazione della Federazione Internazionale dell&#8217;Automobile (FIA) a Bologna (Italia), Charles Leclerc ha citato i bei ricordi con il suo team manager durante la sua prima stagione in Formula 1.<\/p>\n\n<p><strong>LEGGI ANCHE<\/strong>: <a href=\"https:\/\/www.monaco-tribune.com\/it\/2022\/08\/video-24-ore-a-monaco-una-giornata-con-charles-leclerc\/\">VIDEO. \u201c24 ore a Monaco\u201d: una giornata con Charles Leclerc<\/a><\/p>\n\n<p>&#8220;Ho gi\u00e0 lavorato con Fred nelle categorie juniores, dove ha creduto in me, e abbiamo sempre avuto un buon rapporto&#8221;, ha detto il vicecampione del mondo 2022. &#8220;\u00c8 sempre stato molto diretto, molto onesto, e questo \u00e8 un aspetto che mi piace di lui&#8221;.<\/p>\n\n<p>Fr\u00e9d\u00e9ric Vasseur sostituisce l&#8217;italiano Mattia Binotto, che a fine novembre aveva annunciato che avrebbe lasciato il ruolo.<\/p>\n","protected":false},"excerpt":{"rendered":"<p>Presidente del team Sauber e Direttore dell&#8217;Alfa Romeo, Fr\u00e9d\u00e9ric Vasseur assumer\u00e0 il suo nuovo incarico il 9 gennaio. L&#8217;ingegnere parigino [&hellip;]<\/p>\n","protected":false},"author":24,"featured_media":155359,"comment_status":"closed","ping_status":"closed","sticky":false,"template":"","format":"standard","meta":{"_acf_changed":false,"footnotes":""},"categories":[1738,1743],"tags":[2966],"post_sectags":[],"post_format":[2478],"class_list":["post-156421","post","type-post","status-publish","format-standard","has-post-thumbnail","hentry","category-notizie","category-sport-it","tag-formula-1-it","format-notizia"],"acf":[],"yoast_head":"<!-- This site is optimized with the Yoast SEO Premium plugin v26.8 (Yoast SEO v27.5) - https:\/\/yoast.com\/product\/yoast-seo-premium-wordpress\/ -->\n<title>Formula 1: Fr\u00e9d\u00e9ric Vasseur nuovo direttore della Scuderia Ferrari<\/title>\n<meta name=\"description\" content=\"Presidente del team Sauber e Direttore dell&#039;Alfa Romeo, Fr\u00e9d\u00e9ric Vasseur assumer\u00e0 il suo nuovo incarico il 9 gennaio. L&#039;ingegnere parigino si riunir\u00e0 a\" \/>\n<meta name=\"robots\" content=\"index, follow, max-snippet:-1, max-image-preview:large, max-video-preview:-1\" \/>\n<link rel=\"canonical\" href=\"https:\/\/www.monaco-tribune.com\/it\/2022\/12\/formula-1-frederic-vasseur-nuovo-direttore-della-scuderia-ferrari\/\" \/>\n<meta property=\"og:locale\" content=\"it_IT\" \/>\n<meta property=\"og:type\" content=\"article\" \/>\n<meta property=\"og:title\" content=\"Formula 1: Fr\u00e9d\u00e9ric Vasseur nuovo direttore della Scuderia Ferrari - Monaco Tribune\" \/>\n<meta property=\"og:description\" content=\"Presidente del team Sauber e Direttore dell&#039;Alfa Romeo, Fr\u00e9d\u00e9ric Vasseur assumer\u00e0 il suo nuovo incarico il 9 gennaio. L&#039;ingegnere parigino si riunir\u00e0 a\" \/>\n<meta property=\"og:url\" content=\"https:\/\/www.monaco-tribune.com\/it\/2022\/12\/formula-1-frederic-vasseur-nuovo-direttore-della-scuderia-ferrari\/\" \/>\n<meta property=\"og:site_name\" content=\"Monaco Tribune\" \/>\n<meta property=\"article:publisher\" content=\"https:\/\/www.facebook.com\/MonacoTribune\" \/>\n<meta property=\"article:published_time\" content=\"2022-12-19T17:18:50+00:00\" \/>\n<meta property=\"article:modified_time\" content=\"2022-12-19T17:19:03+00:00\" \/>\n<meta property=\"og:image\" content=\"https:\/\/www.monaco-tribune.com\/wp-content\/uploads\/2022\/12\/frederic-vasseur-ferrari.jpeg\" \/>\n\t<meta property=\"og:image:width\" content=\"1000\" \/>\n\t<meta property=\"og:image:height\" content=\"667\" \/>\n\t<meta property=\"og:image:type\" content=\"image\/jpeg\" \/>\n<meta name=\"author\" content=\"Romain Boisaubert\" \/>\n<meta name=\"twitter:card\" content=\"summary_large_image\" \/>\n<meta name=\"twitter:creator\" content=\"@MonacoTribune\" \/>\n<meta name=\"twitter:site\" content=\"@MonacoTribune\" \/>\n<script type=\"application\/ld+json\" class=\"yoast-schema-graph\">{\"@context\":\"https:\\\/\\\/schema.org\",\"@graph\":[{\"@type\":\"NewsArticle\",\"@id\":\"https:\\\/\\\/www.monaco-tribune.com\\\/it\\\/2022\\\/12\\\/formula-1-frederic-vasseur-nuovo-direttore-della-scuderia-ferrari\\\/#article\",\"isPartOf\":{\"@id\":\"https:\\\/\\\/www.monaco-tribune.com\\\/it\\\/2022\\\/12\\\/formula-1-frederic-vasseur-nuovo-direttore-della-scuderia-ferrari\\\/\"},\"author\":{\"name\":\"Romain Boisaubert\",\"@id\":\"https:\\\/\\\/www.monaco-tribune.com\\\/it\\\/#\\\/schema\\\/person\\\/330a3732947cf8cb41b2533a0eadd62e\"},\"headline\":\"Formula 1: Fr\u00e9d\u00e9ric Vasseur nuovo direttore della Scuderia Ferrari\",\"datePublished\":\"2022-12-19T17:18:50+00:00\",\"dateModified\":\"2022-12-19T17:19:03+00:00\",\"mainEntityOfPage\":{\"@id\":\"https:\\\/\\\/www.monaco-tribune.com\\\/it\\\/2022\\\/12\\\/formula-1-frederic-vasseur-nuovo-direttore-della-scuderia-ferrari\\\/\"},\"wordCount\":444,\"publisher\":{\"@id\":\"https:\\\/\\\/www.monaco-tribune.com\\\/it\\\/#organization\"},\"image\":{\"@id\":\"https:\\\/\\\/www.monaco-tribune.com\\\/it\\\/2022\\\/12\\\/formula-1-frederic-vasseur-nuovo-direttore-della-scuderia-ferrari\\\/#primaryimage\"},\"thumbnailUrl\":\"https:\\\/\\\/www.monaco-tribune.com\\\/wp-content\\\/uploads\\\/2022\\\/12\\\/frederic-vasseur-ferrari.jpeg\",\"keywords\":[\"Formula 1\"],\"articleSection\":[\"Notizie\",\"Sport\"],\"inLanguage\":\"it-IT\",\"copyrightYear\":\"2022\",\"copyrightHolder\":{\"@id\":\"https:\\\/\\\/www.monaco-tribune.com\\\/#organization\"}},{\"@type\":\"WebPage\",\"@id\":\"https:\\\/\\\/www.monaco-tribune.com\\\/it\\\/2022\\\/12\\\/formula-1-frederic-vasseur-nuovo-direttore-della-scuderia-ferrari\\\/\",\"url\":\"https:\\\/\\\/www.monaco-tribune.com\\\/it\\\/2022\\\/12\\\/formula-1-frederic-vasseur-nuovo-direttore-della-scuderia-ferrari\\\/\",\"name\":\"Formula 1: Fr\u00e9d\u00e9ric Vasseur nuovo direttore della Scuderia Ferrari\",\"isPartOf\":{\"@id\":\"https:\\\/\\\/www.monaco-tribune.com\\\/it\\\/#website\"},\"primaryImageOfPage\":{\"@id\":\"https:\\\/\\\/www.monaco-tribune.com\\\/it\\\/2022\\\/12\\\/formula-1-frederic-vasseur-nuovo-direttore-della-scuderia-ferrari\\\/#primaryimage\"},\"image\":{\"@id\":\"https:\\\/\\\/www.monaco-tribune.com\\\/it\\\/2022\\\/12\\\/formula-1-frederic-vasseur-nuovo-direttore-della-scuderia-ferrari\\\/#primaryimage\"},\"thumbnailUrl\":\"https:\\\/\\\/www.monaco-tribune.com\\\/wp-content\\\/uploads\\\/2022\\\/12\\\/frederic-vasseur-ferrari.jpeg\",\"datePublished\":\"2022-12-19T17:18:50+00:00\",\"dateModified\":\"2022-12-19T17:19:03+00:00\",\"description\":\"Presidente del team Sauber e Direttore dell'Alfa Romeo, Fr\u00e9d\u00e9ric Vasseur assumer\u00e0 il suo nuovo incarico il 9 gennaio. L'ingegnere parigino si riunir\u00e0 a\",\"breadcrumb\":{\"@id\":\"https:\\\/\\\/www.monaco-tribune.com\\\/it\\\/2022\\\/12\\\/formula-1-frederic-vasseur-nuovo-direttore-della-scuderia-ferrari\\\/#breadcrumb\"},\"inLanguage\":\"it-IT\",\"potentialAction\":[{\"@type\":\"ReadAction\",\"target\":[\"https:\\\/\\\/www.monaco-tribune.com\\\/it\\\/2022\\\/12\\\/formula-1-frederic-vasseur-nuovo-direttore-della-scuderia-ferrari\\\/\"]}]},{\"@type\":\"ImageObject\",\"inLanguage\":\"it-IT\",\"@id\":\"https:\\\/\\\/www.monaco-tribune.com\\\/it\\\/2022\\\/12\\\/formula-1-frederic-vasseur-nuovo-direttore-della-scuderia-ferrari\\\/#primaryimage\",\"url\":\"https:\\\/\\\/www.monaco-tribune.com\\\/wp-content\\\/uploads\\\/2022\\\/12\\\/frederic-vasseur-ferrari.jpeg\",\"contentUrl\":\"https:\\\/\\\/www.monaco-tribune.com\\\/wp-content\\\/uploads\\\/2022\\\/12\\\/frederic-vasseur-ferrari.jpeg\",\"width\":1000,\"height\":667,\"caption\":\"Scuderia Ferrari\"},{\"@type\":\"BreadcrumbList\",\"@id\":\"https:\\\/\\\/www.monaco-tribune.com\\\/it\\\/2022\\\/12\\\/formula-1-frederic-vasseur-nuovo-direttore-della-scuderia-ferrari\\\/#breadcrumb\",\"itemListElement\":[{\"@type\":\"ListItem\",\"position\":1,\"name\":\"Accueil\",\"item\":\"https:\\\/\\\/www.monaco-tribune.com\\\/it\\\/\"},{\"@type\":\"ListItem\",\"position\":2,\"name\":\"Formula 1: Fr\u00e9d\u00e9ric Vasseur nuovo direttore della Scuderia Ferrari\"}]},{\"@type\":\"WebSite\",\"@id\":\"https:\\\/\\\/www.monaco-tribune.com\\\/it\\\/#website\",\"url\":\"https:\\\/\\\/www.monaco-tribune.com\\\/it\\\/\",\"name\":\"Monaco Tribune\",\"description\":\"Monaco : actualit\u00e9s \u00e9conomiques, politiques, culturelles et sportives de Monaco et de la French Riviera.\",\"publisher\":{\"@id\":\"https:\\\/\\\/www.monaco-tribune.com\\\/it\\\/#organization\"},\"potentialAction\":[{\"@type\":\"SearchAction\",\"target\":{\"@type\":\"EntryPoint\",\"urlTemplate\":\"https:\\\/\\\/www.monaco-tribune.com\\\/it\\\/?s={search_term_string}\"},\"query-input\":{\"@type\":\"PropertyValueSpecification\",\"valueRequired\":true,\"valueName\":\"search_term_string\"}}],\"inLanguage\":\"it-IT\"},{\"@type\":\"Organization\",\"@id\":\"https:\\\/\\\/www.monaco-tribune.com\\\/it\\\/#organization\",\"name\":\"Monaco Tribune\",\"url\":\"https:\\\/\\\/www.monaco-tribune.com\\\/it\\\/\",\"logo\":{\"@type\":\"ImageObject\",\"inLanguage\":\"it-IT\",\"@id\":\"https:\\\/\\\/www.monaco-tribune.com\\\/it\\\/#\\\/schema\\\/logo\\\/image\\\/\",\"url\":\"https:\\\/\\\/www.monaco-tribune.com\\\/wp-content\\\/uploads\\\/2022\\\/11\\\/logo-monaco-tribune.png\",\"contentUrl\":\"https:\\\/\\\/www.monaco-tribune.com\\\/wp-content\\\/uploads\\\/2022\\\/11\\\/logo-monaco-tribune.png\",\"width\":1548,\"height\":600,\"caption\":\"Monaco Tribune\"},\"image\":{\"@id\":\"https:\\\/\\\/www.monaco-tribune.com\\\/it\\\/#\\\/schema\\\/logo\\\/image\\\/\"},\"sameAs\":[\"https:\\\/\\\/www.facebook.com\\\/MonacoTribune\",\"https:\\\/\\\/x.com\\\/MonacoTribune\",\"https:\\\/\\\/www.instagram.com\\\/monacotribune\\\/\",\"https:\\\/\\\/www.linkedin.com\\\/company\\\/monaco-tribune\",\"https:\\\/\\\/www.youtube.com\\\/channel\\\/UCHle1MnG6hw1y4lWKijVbMA\"]},{\"@type\":\"Person\",\"@id\":\"https:\\\/\\\/www.monaco-tribune.com\\\/it\\\/#\\\/schema\\\/person\\\/330a3732947cf8cb41b2533a0eadd62e\",\"name\":\"Romain Boisaubert\",\"image\":{\"@type\":\"ImageObject\",\"inLanguage\":\"it-IT\",\"@id\":\"https:\\\/\\\/secure.gravatar.com\\\/avatar\\\/f8b90d41f1eabd1cbe4cf59e09d8db41a697d51919bf2dfe727589a24a4a4d54?s=96&d=mm&r=g\",\"url\":\"https:\\\/\\\/secure.gravatar.com\\\/avatar\\\/f8b90d41f1eabd1cbe4cf59e09d8db41a697d51919bf2dfe727589a24a4a4d54?s=96&d=mm&r=g\",\"contentUrl\":\"https:\\\/\\\/secure.gravatar.com\\\/avatar\\\/f8b90d41f1eabd1cbe4cf59e09d8db41a697d51919bf2dfe727589a24a4a4d54?s=96&d=mm&r=g\",\"caption\":\"Romain Boisaubert\"},\"description\":\"Test bio\",\"url\":\"https:\\\/\\\/www.monaco-tribune.com\\\/it\\\/author\\\/romain-boisaubert\\\/\"}]}<\/script>\n<!-- \/ Yoast SEO Premium plugin. -->","yoast_head_json":{"title":"Formula 1: Fr\u00e9d\u00e9ric Vasseur nuovo direttore della Scuderia Ferrari","description":"Presidente del team Sauber e Direttore dell'Alfa Romeo, Fr\u00e9d\u00e9ric Vasseur assumer\u00e0 il suo nuovo incarico il 9 gennaio. L'ingegnere parigino si riunir\u00e0 a","robots":{"index":"index","follow":"follow","max-snippet":"max-snippet:-1","max-image-preview":"max-image-preview:large","max-video-preview":"max-video-preview:-1"},"canonical":"https:\/\/www.monaco-tribune.com\/it\/2022\/12\/formula-1-frederic-vasseur-nuovo-direttore-della-scuderia-ferrari\/","og_locale":"it_IT","og_type":"article","og_title":"Formula 1: Fr\u00e9d\u00e9ric Vasseur nuovo direttore della Scuderia Ferrari - Monaco Tribune","og_description":"Presidente del team Sauber e Direttore dell'Alfa Romeo, Fr\u00e9d\u00e9ric Vasseur assumer\u00e0 il suo nuovo incarico il 9 gennaio. L'ingegnere parigino si riunir\u00e0 a","og_url":"https:\/\/www.monaco-tribune.com\/it\/2022\/12\/formula-1-frederic-vasseur-nuovo-direttore-della-scuderia-ferrari\/","og_site_name":"Monaco Tribune","article_publisher":"https:\/\/www.facebook.com\/MonacoTribune","article_published_time":"2022-12-19T17:18:50+00:00","article_modified_time":"2022-12-19T17:19:03+00:00","og_image":[{"width":1000,"height":667,"url":"https:\/\/www.monaco-tribune.com\/wp-content\/uploads\/2022\/12\/frederic-vasseur-ferrari.jpeg","type":"image\/jpeg"}],"author":"Romain Boisaubert","twitter_card":"summary_large_image","twitter_creator":"@MonacoTribune","twitter_site":"@MonacoTribune","schema":{"@context":"https:\/\/schema.org","@graph":[{"@type":"NewsArticle","@id":"https:\/\/www.monaco-tribune.com\/it\/2022\/12\/formula-1-frederic-vasseur-nuovo-direttore-della-scuderia-ferrari\/#article","isPartOf":{"@id":"https:\/\/www.monaco-tribune.com\/it\/2022\/12\/formula-1-frederic-vasseur-nuovo-direttore-della-scuderia-ferrari\/"},"author":{"name":"Romain Boisaubert","@id":"https:\/\/www.monaco-tribune.com\/it\/#\/schema\/person\/330a3732947cf8cb41b2533a0eadd62e"},"headline":"Formula 1: Fr\u00e9d\u00e9ric Vasseur nuovo direttore della Scuderia Ferrari","datePublished":"2022-12-19T17:18:50+00:00","dateModified":"2022-12-19T17:19:03+00:00","mainEntityOfPage":{"@id":"https:\/\/www.monaco-tribune.com\/it\/2022\/12\/formula-1-frederic-vasseur-nuovo-direttore-della-scuderia-ferrari\/"},"wordCount":444,"publisher":{"@id":"https:\/\/www.monaco-tribune.com\/it\/#organization"},"image":{"@id":"https:\/\/www.monaco-tribune.com\/it\/2022\/12\/formula-1-frederic-vasseur-nuovo-direttore-della-scuderia-ferrari\/#primaryimage"},"thumbnailUrl":"https:\/\/www.monaco-tribune.com\/wp-content\/uploads\/2022\/12\/frederic-vasseur-ferrari.jpeg","keywords":["Formula 1"],"articleSection":["Notizie","Sport"],"inLanguage":"it-IT","copyrightYear":"2022","copyrightHolder":{"@id":"https:\/\/www.monaco-tribune.com\/#organization"}},{"@type":"WebPage","@id":"https:\/\/www.monaco-tribune.com\/it\/2022\/12\/formula-1-frederic-vasseur-nuovo-direttore-della-scuderia-ferrari\/","url":"https:\/\/www.monaco-tribune.com\/it\/2022\/12\/formula-1-frederic-vasseur-nuovo-direttore-della-scuderia-ferrari\/","name":"Formula 1: Fr\u00e9d\u00e9ric Vasseur nuovo direttore della Scuderia Ferrari","isPartOf":{"@id":"https:\/\/www.monaco-tribune.com\/it\/#website"},"primaryImageOfPage":{"@id":"https:\/\/www.monaco-tribune.com\/it\/2022\/12\/formula-1-frederic-vasseur-nuovo-direttore-della-scuderia-ferrari\/#primaryimage"},"image":{"@id":"https:\/\/www.monaco-tribune.com\/it\/2022\/12\/formula-1-frederic-vasseur-nuovo-direttore-della-scuderia-ferrari\/#primaryimage"},"thumbnailUrl":"https:\/\/www.monaco-tribune.com\/wp-content\/uploads\/2022\/12\/frederic-vasseur-ferrari.jpeg","datePublished":"2022-12-19T17:18:50+00:00","dateModified":"2022-12-19T17:19:03+00:00","description":"Presidente del team Sauber e Direttore dell'Alfa Romeo, Fr\u00e9d\u00e9ric Vasseur assumer\u00e0 il suo nuovo incarico il 9 gennaio. L'ingegnere parigino si riunir\u00e0 a","breadcrumb":{"@id":"https:\/\/www.monaco-tribune.com\/it\/2022\/12\/formula-1-frederic-vasseur-nuovo-direttore-della-scuderia-ferrari\/#breadcrumb"},"inLanguage":"it-IT","potentialAction":[{"@type":"ReadAction","target":["https:\/\/www.monaco-tribune.com\/it\/2022\/12\/formula-1-frederic-vasseur-nuovo-direttore-della-scuderia-ferrari\/"]}]},{"@type":"ImageObject","inLanguage":"it-IT","@id":"https:\/\/www.monaco-tribune.com\/it\/2022\/12\/formula-1-frederic-vasseur-nuovo-direttore-della-scuderia-ferrari\/#primaryimage","url":"https:\/\/www.monaco-tribune.com\/wp-content\/uploads\/2022\/12\/frederic-vasseur-ferrari.jpeg","contentUrl":"https:\/\/www.monaco-tribune.com\/wp-content\/uploads\/2022\/12\/frederic-vasseur-ferrari.jpeg","width":1000,"height":667,"caption":"Scuderia Ferrari"},{"@type":"BreadcrumbList","@id":"https:\/\/www.monaco-tribune.com\/it\/2022\/12\/formula-1-frederic-vasseur-nuovo-direttore-della-scuderia-ferrari\/#breadcrumb","itemListElement":[{"@type":"ListItem","position":1,"name":"Accueil","item":"https:\/\/www.monaco-tribune.com\/it\/"},{"@type":"ListItem","position":2,"name":"Formula 1: Fr\u00e9d\u00e9ric Vasseur nuovo direttore della Scuderia Ferrari"}]},{"@type":"WebSite","@id":"https:\/\/www.monaco-tribune.com\/it\/#website","url":"https:\/\/www.monaco-tribune.com\/it\/","name":"Monaco Tribune","description":"Monaco : actualit\u00e9s \u00e9conomiques, politiques, culturelles et sportives de Monaco et de la French Riviera.","publisher":{"@id":"https:\/\/www.monaco-tribune.com\/it\/#organization"},"potentialAction":[{"@type":"SearchAction","target":{"@type":"EntryPoint","urlTemplate":"https:\/\/www.monaco-tribune.com\/it\/?s={search_term_string}"},"query-input":{"@type":"PropertyValueSpecification","valueRequired":true,"valueName":"search_term_string"}}],"inLanguage":"it-IT"},{"@type":"Organization","@id":"https:\/\/www.monaco-tribune.com\/it\/#organization","name":"Monaco Tribune","url":"https:\/\/www.monaco-tribune.com\/it\/","logo":{"@type":"ImageObject","inLanguage":"it-IT","@id":"https:\/\/www.monaco-tribune.com\/it\/#\/schema\/logo\/image\/","url":"https:\/\/www.monaco-tribune.com\/wp-content\/uploads\/2022\/11\/logo-monaco-tribune.png","contentUrl":"https:\/\/www.monaco-tribune.com\/wp-content\/uploads\/2022\/11\/logo-monaco-tribune.png","width":1548,"height":600,"caption":"Monaco Tribune"},"image":{"@id":"https:\/\/www.monaco-tribune.com\/it\/#\/schema\/logo\/image\/"},"sameAs":["https:\/\/www.facebook.com\/MonacoTribune","https:\/\/x.com\/MonacoTribune","https:\/\/www.instagram.com\/monacotribune\/","https:\/\/www.linkedin.com\/company\/monaco-tribune","https:\/\/www.youtube.com\/channel\/UCHle1MnG6hw1y4lWKijVbMA"]},{"@type":"Person","@id":"https:\/\/www.monaco-tribune.com\/it\/#\/schema\/person\/330a3732947cf8cb41b2533a0eadd62e","name":"Romain Boisaubert","image":{"@type":"ImageObject","inLanguage":"it-IT","@id":"https:\/\/secure.gravatar.com\/avatar\/f8b90d41f1eabd1cbe4cf59e09d8db41a697d51919bf2dfe727589a24a4a4d54?s=96&d=mm&r=g","url":"https:\/\/secure.gravatar.com\/avatar\/f8b90d41f1eabd1cbe4cf59e09d8db41a697d51919bf2dfe727589a24a4a4d54?s=96&d=mm&r=g","contentUrl":"https:\/\/secure.gravatar.com\/avatar\/f8b90d41f1eabd1cbe4cf59e09d8db41a697d51919bf2dfe727589a24a4a4d54?s=96&d=mm&r=g","caption":"Romain Boisaubert"},"description":"Test bio","url":"https:\/\/www.monaco-tribune.com\/it\/author\/romain-boisaubert\/"}]}},"_links":{"self":[{"href":"https:\/\/www.monaco-tribune.com\/it\/wp-json\/wp\/v2\/posts\/156421","targetHints":{"allow":["GET"]}}],"collection":[{"href":"https:\/\/www.monaco-tribune.com\/it\/wp-json\/wp\/v2\/posts"}],"about":[{"href":"https:\/\/www.monaco-tribune.com\/it\/wp-json\/wp\/v2\/types\/post"}],"author":[{"embeddable":true,"href":"https:\/\/www.monaco-tribune.com\/it\/wp-json\/wp\/v2\/users\/24"}],"replies":[{"embeddable":true,"href":"https:\/\/www.monaco-tribune.com\/it\/wp-json\/wp\/v2\/comments?post=156421"}],"version-history":[{"count":0,"href":"https:\/\/www.monaco-tribune.com\/it\/wp-json\/wp\/v2\/posts\/156421\/revisions"}],"wp:featuredmedia":[{"embeddable":true,"href":"https:\/\/www.monaco-tribune.com\/it\/wp-json\/wp\/v2\/media\/155359"}],"wp:attachment":[{"href":"https:\/\/www.monaco-tribune.com\/it\/wp-json\/wp\/v2\/media?parent=156421"}],"wp:term":[{"taxonomy":"category","embeddable":true,"href":"https:\/\/www.monaco-tribune.com\/it\/wp-json\/wp\/v2\/categories?post=156421"},{"taxonomy":"post_tag","embeddable":true,"href":"https:\/\/www.monaco-tribune.com\/it\/wp-json\/wp\/v2\/tags?post=156421"},{"taxonomy":"sectag","embeddable":true,"href":"https:\/\/www.monaco-tribune.com\/it\/wp-json\/wp\/v2\/post_sectags?post=156421"},{"taxonomy":"format","embeddable":true,"href":"https:\/\/www.monaco-tribune.com\/it\/wp-json\/wp\/v2\/post_format?post=156421"}],"curies":[{"name":"wp","href":"https:\/\/api.w.org\/{rel}","templated":true}]}}