{"id":157082,"date":"2022-12-22T12:49:09","date_gmt":"2022-12-22T11:49:09","guid":{"rendered":"https:\/\/www.monaco-tribune.com\/2022\/12\/il-principe-alberto-ii-e-molto-orgoglioso-della-principessa-charlene-e-dei-loro-figli\/"},"modified":"2022-12-22T12:49:24","modified_gmt":"2022-12-22T11:49:24","slug":"il-principe-alberto-ii-e-molto-orgoglioso-della-principessa-charlene-e-dei-loro-figli","status":"publish","type":"post","link":"https:\/\/www.monaco-tribune.com\/it\/2022\/12\/il-principe-alberto-ii-e-molto-orgoglioso-della-principessa-charlene-e-dei-loro-figli\/","title":{"rendered":"Il Principe Alberto II \u00e8 &#8220;molto orgoglioso&#8221; della Principessa Charl\u00e8ne e dei loro figli"},"content":{"rendered":"\n<p><strong>Il Sovrano si \u00e8 confidato in un&#8217;intervista pubblicata marted\u00ec 20 dicembre.<\/strong><\/p>\n\n<p>Un grande sentimento di orgoglio dopo un anno particolarmente difficile. \u00c8 questo che il Principe Alberto II ha confidato di provare per sua moglie, la Principessa Charl\u00e8ne, alla rivista americana <em>People<\/em>.<\/p>\n\n<p>E a buon ragione: dopo mesi trascorsi lontano dalla famiglia, a causa dei problemi di salute, la Principessa, <a href=\"https:\/\/www.monaco-tribune.com\/it\/2022\/03\/la-principessa-charlene-e-tornata-a-monaco\/\">ora di nuovo nel Principato<\/a>, si tiene piuttosto impegnata. &#8220;Charl\u00e8ne \u00e8 sempre pi\u00f9 coinvolta nella vita pubblica e impegnata in ci\u00f2 che la appassiona. Mia moglie ha fatto visita a diverse istituzioni di Monaco, come la <a href=\"https:\/\/www.monaco-tribune.com\/it\/2022\/11\/foto-la-coppia-principesca-in-visita-alla-sede-della-croce-rossa-di-monaco\/\">Croce Rossa<\/a>, ed \u00e8 andata a trovare i cittadini nelle loro case&#8221;, ha spiegato il Sovrano<em>.<\/em><\/p>\n\n<p>Il Principe \u00e8 anche felice di vedere la moglie finalmente riunita ai figli, <a href=\"https:\/\/www.monaco-tribune.com\/it\/2022\/12\/i-gemelli-principeschi-hanno-festeggiato-il-loro-ottavo-compleanno-questo-week-end\/\">che hanno appena festeggiato il loro ottavo compleanno<\/a>: &#8220;Le piace molto fare le cose insieme, anche con i bambini, quindi quest&#8217;anno si conclude su una nota davvero positiva&#8221;.<\/p>\n\n<p>Secondo <em>People<\/em>, il Principe avrebbe parlato del 2021 non senza un po\u2019 di emozione. \u00c8 stato, infatti, un anno particolarmente faticoso per la Famiglia Principesca.<\/p>\n\n<p>&#8220;L&#8217;anno scorso \u00e8 stato particolarmente difficile per lei, cos\u00ec come l&#8217;inizio di quest&#8217;anno. Si sta riprendendo in modo incredibile&#8221;<em>,<\/em> ha affermato il Principe. Oltre alle sue attivit\u00e0 di beneficenza e alla vita in famiglia, la Principessa Charl\u00e8ne si sta occupando anche dell&#8217;abbellimento e della ristrutturazione degli appartamenti privati della Famiglia Principesca.<\/p>\n\n<p>Il Sovrano ha anche un pensiero per tutti coloro che hanno sostenuto la sua Famiglia in questa prova difficile. Con immensa gratitudine, il Principe ha confidato di aver ricevuto lettere e biglietti con l&#8217;augurio di una pronta guarigione da tutto il mondo.<\/p>\n\n<p class=\"related\"><a href=\"https:\/\/www.monaco-tribune.com\/it\/2022\/01\/44-compleanno-della-principessa-charlene-una-principessa-impegnata-nel-sociale\/\"><strong>44\u00b0 compleanno della Principessa Charl\u00e8ne, una principessa impegnata nel sociale<\/strong><\/a><\/p>\n\n<h2 class=\"wp-block-heading\" id=\"h-un-emploi-du-temps-tres-charge-pour-les-jumeaux-princiers\">Un&#8217;agenda fitta di impegni per i Gemelli Principeschi<\/h2>\n\n<p>Il Sovrano ha poi parlato dei suoi figli, il Principe Ereditario Jacques e la Principessa Gabriella. &#8220;I gemelli stanno davvero bene&#8221;, dice. &#8220;Sono incredibili. Dovrebbero concentrarsi un po&#8217; di pi\u00f9 sui compiti, ma quale genitore non lo direbbe? Hanno appena compiuto otto anni e, come tutti i bambini della loro et\u00e0, possono essere un po&#8217; distratti&#8221;.<\/p>\n\n<p>Tra le distrazioni, per\u00f2, non ci sono i social network, ma tante attivit\u00e0 sportive<em>:<\/em>&#8220;Sono entrambi molto interessati allo sport e alla loro et\u00e0 preferiscono andare a giocare con i loro amici nel parco giochi, piuttosto che stare in casa a studiare. Sono molto attivi e curiosi&#8221;.<\/p>\n\n<p>E tra nuoto, tennis, teatro e taekwendo, i Gemelli non hanno tempo per annoiarsi! Naturalmente, a questa <em>&#8220;fitta<\/em>&#8221; agenda vanno aggiunti gli eventi a cui il Principe Ereditario e la Principessa devono partecipare, in virt\u00f9 del loro ruolo di Principi.<\/p>\n\n<p class=\"related\"><strong><a href=\"https:\/\/www.monaco-tribune.com\/it\/2022\/12\/i-figli-la-lotta-contro-lannegamento-e-lamore-per-gli-animali-la-principessa-charlene-si-racconta\/\">I figli, la lotta contro l\u2019annegamento e l\u2019amore per gli animali\u2026 La Principessa Charl\u00e8ne si racconta<\/a><\/strong><\/p>\n\n<p>&#8220;Non \u00e8 un impegno giornaliero o settimanale, \u00e8 pi\u00f9 sporadico&#8221;, afferma il Principe, &#8220;Quando c&#8217;\u00e8 un evento, Charl\u00e8ne e io ne discutiamo e se siamo entrambi d&#8217;accordo sul fatto che debbano venire con noi, spieghiamo in cosa consiste. (&#8230;) Di solito il giorno dell&#8217;evento, o il giorno prima, spieghiamo loro in camera che cosa aspettarsi&#8221;.<\/p>\n","protected":false},"excerpt":{"rendered":"<p>Il Sovrano si \u00e8 confidato in un&#8217;intervista pubblicata marted\u00ec 20 dicembre. Un grande sentimento di orgoglio dopo un anno particolarmente [&hellip;]<\/p>\n","protected":false},"author":60,"featured_media":150599,"comment_status":"closed","ping_status":"closed","sticky":false,"template":"","format":"standard","meta":{"_acf_changed":false,"footnotes":""},"categories":[1742,1738],"tags":[2944],"post_sectags":[],"post_format":[2478],"class_list":["post-157082","post","type-post","status-publish","format-standard","has-post-thumbnail","hentry","category-famiglia-principesca","category-notizie","tag-principessa-charlene","format-notizia"],"acf":[],"yoast_head":"<!-- This site is optimized with the Yoast SEO Premium plugin v26.8 (Yoast SEO v27.4) - https:\/\/yoast.com\/product\/yoast-seo-premium-wordpress\/ -->\n<title>Il Principe Alberto II \u00e8 &quot;molto orgoglioso&quot; della Principessa Charl\u00e8ne e dei loro figli<\/title>\n<meta name=\"description\" content=\"Il Sovrano si \u00e8 confidato in un&#039;intervista pubblicata marted\u00ec 20 dicembre. Un grande sentimento di orgoglio dopo un anno particolarmente difficile. \u00c8\" \/>\n<meta name=\"robots\" content=\"index, follow, max-snippet:-1, max-image-preview:large, max-video-preview:-1\" \/>\n<link rel=\"canonical\" href=\"https:\/\/www.monaco-tribune.com\/it\/2022\/12\/il-principe-alberto-ii-e-molto-orgoglioso-della-principessa-charlene-e-dei-loro-figli\/\" \/>\n<meta property=\"og:locale\" content=\"it_IT\" \/>\n<meta property=\"og:type\" content=\"article\" \/>\n<meta property=\"og:title\" content=\"Il Principe Alberto II \u00e8 &quot;molto orgoglioso&quot; della Principessa Charl\u00e8ne e dei loro figli - Monaco Tribune\" \/>\n<meta property=\"og:description\" content=\"Il Sovrano si \u00e8 confidato in un&#039;intervista pubblicata marted\u00ec 20 dicembre. Un grande sentimento di orgoglio dopo un anno particolarmente difficile. \u00c8\" \/>\n<meta property=\"og:url\" content=\"https:\/\/www.monaco-tribune.com\/it\/2022\/12\/il-principe-alberto-ii-e-molto-orgoglioso-della-principessa-charlene-e-dei-loro-figli\/\" \/>\n<meta property=\"og:site_name\" content=\"Monaco Tribune\" \/>\n<meta property=\"article:publisher\" content=\"https:\/\/www.facebook.com\/MonacoTribune\" \/>\n<meta property=\"article:published_time\" content=\"2022-12-22T11:49:09+00:00\" \/>\n<meta property=\"article:modified_time\" content=\"2022-12-22T11:49:24+00:00\" \/>\n<meta property=\"og:image\" content=\"https:\/\/www.monaco-tribune.com\/wp-content\/uploads\/2022\/11\/balcon-famille-princiere.jpg\" \/>\n\t<meta property=\"og:image:width\" content=\"1013\" \/>\n\t<meta property=\"og:image:height\" content=\"687\" \/>\n\t<meta property=\"og:image:type\" content=\"image\/jpeg\" \/>\n<meta name=\"author\" content=\"Camille Esteve\" \/>\n<meta name=\"twitter:card\" content=\"summary_large_image\" \/>\n<meta name=\"twitter:creator\" content=\"@MonacoTribune\" \/>\n<meta name=\"twitter:site\" content=\"@MonacoTribune\" \/>\n<script type=\"application\/ld+json\" class=\"yoast-schema-graph\">{\"@context\":\"https:\\\/\\\/schema.org\",\"@graph\":[{\"@type\":\"NewsArticle\",\"@id\":\"https:\\\/\\\/www.monaco-tribune.com\\\/it\\\/2022\\\/12\\\/il-principe-alberto-ii-e-molto-orgoglioso-della-principessa-charlene-e-dei-loro-figli\\\/#article\",\"isPartOf\":{\"@id\":\"https:\\\/\\\/www.monaco-tribune.com\\\/it\\\/2022\\\/12\\\/il-principe-alberto-ii-e-molto-orgoglioso-della-principessa-charlene-e-dei-loro-figli\\\/\"},\"author\":{\"name\":\"Camille Esteve\",\"@id\":\"https:\\\/\\\/www.monaco-tribune.com\\\/it\\\/#\\\/schema\\\/person\\\/a855d420fff4d03637641d60b93ac62e\"},\"headline\":\"Il Principe Alberto II \u00e8 &#8220;molto orgoglioso&#8221; della Principessa Charl\u00e8ne e dei loro figli\",\"datePublished\":\"2022-12-22T11:49:09+00:00\",\"dateModified\":\"2022-12-22T11:49:24+00:00\",\"mainEntityOfPage\":{\"@id\":\"https:\\\/\\\/www.monaco-tribune.com\\\/it\\\/2022\\\/12\\\/il-principe-alberto-ii-e-molto-orgoglioso-della-principessa-charlene-e-dei-loro-figli\\\/\"},\"wordCount\":522,\"publisher\":{\"@id\":\"https:\\\/\\\/www.monaco-tribune.com\\\/it\\\/#organization\"},\"image\":{\"@id\":\"https:\\\/\\\/www.monaco-tribune.com\\\/it\\\/2022\\\/12\\\/il-principe-alberto-ii-e-molto-orgoglioso-della-principessa-charlene-e-dei-loro-figli\\\/#primaryimage\"},\"thumbnailUrl\":\"https:\\\/\\\/www.monaco-tribune.com\\\/wp-content\\\/uploads\\\/2022\\\/11\\\/balcon-famille-princiere.jpg\",\"keywords\":[\"Principessa Charl\u00e8ne\"],\"articleSection\":[\"Famiglia Principesca\",\"Notizie\"],\"inLanguage\":\"it-IT\",\"copyrightYear\":\"2022\",\"copyrightHolder\":{\"@id\":\"https:\\\/\\\/www.monaco-tribune.com\\\/#organization\"}},{\"@type\":\"WebPage\",\"@id\":\"https:\\\/\\\/www.monaco-tribune.com\\\/it\\\/2022\\\/12\\\/il-principe-alberto-ii-e-molto-orgoglioso-della-principessa-charlene-e-dei-loro-figli\\\/\",\"url\":\"https:\\\/\\\/www.monaco-tribune.com\\\/it\\\/2022\\\/12\\\/il-principe-alberto-ii-e-molto-orgoglioso-della-principessa-charlene-e-dei-loro-figli\\\/\",\"name\":\"Il Principe Alberto II \u00e8 \\\"molto orgoglioso\\\" della Principessa Charl\u00e8ne e dei loro figli\",\"isPartOf\":{\"@id\":\"https:\\\/\\\/www.monaco-tribune.com\\\/it\\\/#website\"},\"primaryImageOfPage\":{\"@id\":\"https:\\\/\\\/www.monaco-tribune.com\\\/it\\\/2022\\\/12\\\/il-principe-alberto-ii-e-molto-orgoglioso-della-principessa-charlene-e-dei-loro-figli\\\/#primaryimage\"},\"image\":{\"@id\":\"https:\\\/\\\/www.monaco-tribune.com\\\/it\\\/2022\\\/12\\\/il-principe-alberto-ii-e-molto-orgoglioso-della-principessa-charlene-e-dei-loro-figli\\\/#primaryimage\"},\"thumbnailUrl\":\"https:\\\/\\\/www.monaco-tribune.com\\\/wp-content\\\/uploads\\\/2022\\\/11\\\/balcon-famille-princiere.jpg\",\"datePublished\":\"2022-12-22T11:49:09+00:00\",\"dateModified\":\"2022-12-22T11:49:24+00:00\",\"description\":\"Il Sovrano si \u00e8 confidato in un'intervista pubblicata marted\u00ec 20 dicembre. Un grande sentimento di orgoglio dopo un anno particolarmente difficile. \u00c8\",\"breadcrumb\":{\"@id\":\"https:\\\/\\\/www.monaco-tribune.com\\\/it\\\/2022\\\/12\\\/il-principe-alberto-ii-e-molto-orgoglioso-della-principessa-charlene-e-dei-loro-figli\\\/#breadcrumb\"},\"inLanguage\":\"it-IT\",\"potentialAction\":[{\"@type\":\"ReadAction\",\"target\":[\"https:\\\/\\\/www.monaco-tribune.com\\\/it\\\/2022\\\/12\\\/il-principe-alberto-ii-e-molto-orgoglioso-della-principessa-charlene-e-dei-loro-figli\\\/\"]}]},{\"@type\":\"ImageObject\",\"inLanguage\":\"it-IT\",\"@id\":\"https:\\\/\\\/www.monaco-tribune.com\\\/it\\\/2022\\\/12\\\/il-principe-alberto-ii-e-molto-orgoglioso-della-principessa-charlene-e-dei-loro-figli\\\/#primaryimage\",\"url\":\"https:\\\/\\\/www.monaco-tribune.com\\\/wp-content\\\/uploads\\\/2022\\\/11\\\/balcon-famille-princiere.jpg\",\"contentUrl\":\"https:\\\/\\\/www.monaco-tribune.com\\\/wp-content\\\/uploads\\\/2022\\\/11\\\/balcon-famille-princiere.jpg\",\"width\":1013,\"height\":687,\"caption\":\"\u00a9 Palazzo del Principe di Monaco\"},{\"@type\":\"BreadcrumbList\",\"@id\":\"https:\\\/\\\/www.monaco-tribune.com\\\/it\\\/2022\\\/12\\\/il-principe-alberto-ii-e-molto-orgoglioso-della-principessa-charlene-e-dei-loro-figli\\\/#breadcrumb\",\"itemListElement\":[{\"@type\":\"ListItem\",\"position\":1,\"name\":\"Accueil\",\"item\":\"https:\\\/\\\/www.monaco-tribune.com\\\/it\\\/\"},{\"@type\":\"ListItem\",\"position\":2,\"name\":\"Il Principe Alberto II \u00e8 \u00ab\u00a0molto orgoglioso\u00a0\u00bb della Principessa Charl\u00e8ne e dei loro figli\"}]},{\"@type\":\"WebSite\",\"@id\":\"https:\\\/\\\/www.monaco-tribune.com\\\/it\\\/#website\",\"url\":\"https:\\\/\\\/www.monaco-tribune.com\\\/it\\\/\",\"name\":\"Monaco Tribune\",\"description\":\"Monaco : actualit\u00e9s \u00e9conomiques, politiques, culturelles et sportives de Monaco et de la French Riviera.\",\"publisher\":{\"@id\":\"https:\\\/\\\/www.monaco-tribune.com\\\/it\\\/#organization\"},\"potentialAction\":[{\"@type\":\"SearchAction\",\"target\":{\"@type\":\"EntryPoint\",\"urlTemplate\":\"https:\\\/\\\/www.monaco-tribune.com\\\/it\\\/?s={search_term_string}\"},\"query-input\":{\"@type\":\"PropertyValueSpecification\",\"valueRequired\":true,\"valueName\":\"search_term_string\"}}],\"inLanguage\":\"it-IT\"},{\"@type\":\"Organization\",\"@id\":\"https:\\\/\\\/www.monaco-tribune.com\\\/it\\\/#organization\",\"name\":\"Monaco Tribune\",\"url\":\"https:\\\/\\\/www.monaco-tribune.com\\\/it\\\/\",\"logo\":{\"@type\":\"ImageObject\",\"inLanguage\":\"it-IT\",\"@id\":\"https:\\\/\\\/www.monaco-tribune.com\\\/it\\\/#\\\/schema\\\/logo\\\/image\\\/\",\"url\":\"https:\\\/\\\/www.monaco-tribune.com\\\/wp-content\\\/uploads\\\/2022\\\/11\\\/logo-monaco-tribune.png\",\"contentUrl\":\"https:\\\/\\\/www.monaco-tribune.com\\\/wp-content\\\/uploads\\\/2022\\\/11\\\/logo-monaco-tribune.png\",\"width\":1548,\"height\":600,\"caption\":\"Monaco Tribune\"},\"image\":{\"@id\":\"https:\\\/\\\/www.monaco-tribune.com\\\/it\\\/#\\\/schema\\\/logo\\\/image\\\/\"},\"sameAs\":[\"https:\\\/\\\/www.facebook.com\\\/MonacoTribune\",\"https:\\\/\\\/x.com\\\/MonacoTribune\",\"https:\\\/\\\/www.instagram.com\\\/monacotribune\\\/\",\"https:\\\/\\\/www.linkedin.com\\\/company\\\/monaco-tribune\",\"https:\\\/\\\/www.youtube.com\\\/channel\\\/UCHle1MnG6hw1y4lWKijVbMA\"]},{\"@type\":\"Person\",\"@id\":\"https:\\\/\\\/www.monaco-tribune.com\\\/it\\\/#\\\/schema\\\/person\\\/a855d420fff4d03637641d60b93ac62e\",\"name\":\"Camille Esteve\",\"image\":{\"@type\":\"ImageObject\",\"inLanguage\":\"it-IT\",\"@id\":\"https:\\\/\\\/secure.gravatar.com\\\/avatar\\\/eaaa2355a7bb56c0018a391c20a55bf9b4690e3f493231dd850e612bfa6ce161?s=96&d=mm&r=g\",\"url\":\"https:\\\/\\\/secure.gravatar.com\\\/avatar\\\/eaaa2355a7bb56c0018a391c20a55bf9b4690e3f493231dd850e612bfa6ce161?s=96&d=mm&r=g\",\"contentUrl\":\"https:\\\/\\\/secure.gravatar.com\\\/avatar\\\/eaaa2355a7bb56c0018a391c20a55bf9b4690e3f493231dd850e612bfa6ce161?s=96&d=mm&r=g\",\"caption\":\"Camille Esteve\"},\"url\":\"https:\\\/\\\/www.monaco-tribune.com\\\/it\\\/author\\\/camilleesteve\\\/\"}]}<\/script>\n<!-- \/ Yoast SEO Premium plugin. -->","yoast_head_json":{"title":"Il Principe Alberto II \u00e8 \"molto orgoglioso\" della Principessa Charl\u00e8ne e dei loro figli","description":"Il Sovrano si \u00e8 confidato in un'intervista pubblicata marted\u00ec 20 dicembre. Un grande sentimento di orgoglio dopo un anno particolarmente difficile. \u00c8","robots":{"index":"index","follow":"follow","max-snippet":"max-snippet:-1","max-image-preview":"max-image-preview:large","max-video-preview":"max-video-preview:-1"},"canonical":"https:\/\/www.monaco-tribune.com\/it\/2022\/12\/il-principe-alberto-ii-e-molto-orgoglioso-della-principessa-charlene-e-dei-loro-figli\/","og_locale":"it_IT","og_type":"article","og_title":"Il Principe Alberto II \u00e8 \"molto orgoglioso\" della Principessa Charl\u00e8ne e dei loro figli - Monaco Tribune","og_description":"Il Sovrano si \u00e8 confidato in un'intervista pubblicata marted\u00ec 20 dicembre. Un grande sentimento di orgoglio dopo un anno particolarmente difficile. \u00c8","og_url":"https:\/\/www.monaco-tribune.com\/it\/2022\/12\/il-principe-alberto-ii-e-molto-orgoglioso-della-principessa-charlene-e-dei-loro-figli\/","og_site_name":"Monaco Tribune","article_publisher":"https:\/\/www.facebook.com\/MonacoTribune","article_published_time":"2022-12-22T11:49:09+00:00","article_modified_time":"2022-12-22T11:49:24+00:00","og_image":[{"width":1013,"height":687,"url":"https:\/\/www.monaco-tribune.com\/wp-content\/uploads\/2022\/11\/balcon-famille-princiere.jpg","type":"image\/jpeg"}],"author":"Camille Esteve","twitter_card":"summary_large_image","twitter_creator":"@MonacoTribune","twitter_site":"@MonacoTribune","schema":{"@context":"https:\/\/schema.org","@graph":[{"@type":"NewsArticle","@id":"https:\/\/www.monaco-tribune.com\/it\/2022\/12\/il-principe-alberto-ii-e-molto-orgoglioso-della-principessa-charlene-e-dei-loro-figli\/#article","isPartOf":{"@id":"https:\/\/www.monaco-tribune.com\/it\/2022\/12\/il-principe-alberto-ii-e-molto-orgoglioso-della-principessa-charlene-e-dei-loro-figli\/"},"author":{"name":"Camille Esteve","@id":"https:\/\/www.monaco-tribune.com\/it\/#\/schema\/person\/a855d420fff4d03637641d60b93ac62e"},"headline":"Il Principe Alberto II \u00e8 &#8220;molto orgoglioso&#8221; della Principessa Charl\u00e8ne e dei loro figli","datePublished":"2022-12-22T11:49:09+00:00","dateModified":"2022-12-22T11:49:24+00:00","mainEntityOfPage":{"@id":"https:\/\/www.monaco-tribune.com\/it\/2022\/12\/il-principe-alberto-ii-e-molto-orgoglioso-della-principessa-charlene-e-dei-loro-figli\/"},"wordCount":522,"publisher":{"@id":"https:\/\/www.monaco-tribune.com\/it\/#organization"},"image":{"@id":"https:\/\/www.monaco-tribune.com\/it\/2022\/12\/il-principe-alberto-ii-e-molto-orgoglioso-della-principessa-charlene-e-dei-loro-figli\/#primaryimage"},"thumbnailUrl":"https:\/\/www.monaco-tribune.com\/wp-content\/uploads\/2022\/11\/balcon-famille-princiere.jpg","keywords":["Principessa Charl\u00e8ne"],"articleSection":["Famiglia Principesca","Notizie"],"inLanguage":"it-IT","copyrightYear":"2022","copyrightHolder":{"@id":"https:\/\/www.monaco-tribune.com\/#organization"}},{"@type":"WebPage","@id":"https:\/\/www.monaco-tribune.com\/it\/2022\/12\/il-principe-alberto-ii-e-molto-orgoglioso-della-principessa-charlene-e-dei-loro-figli\/","url":"https:\/\/www.monaco-tribune.com\/it\/2022\/12\/il-principe-alberto-ii-e-molto-orgoglioso-della-principessa-charlene-e-dei-loro-figli\/","name":"Il Principe Alberto II \u00e8 \"molto orgoglioso\" della Principessa Charl\u00e8ne e dei loro figli","isPartOf":{"@id":"https:\/\/www.monaco-tribune.com\/it\/#website"},"primaryImageOfPage":{"@id":"https:\/\/www.monaco-tribune.com\/it\/2022\/12\/il-principe-alberto-ii-e-molto-orgoglioso-della-principessa-charlene-e-dei-loro-figli\/#primaryimage"},"image":{"@id":"https:\/\/www.monaco-tribune.com\/it\/2022\/12\/il-principe-alberto-ii-e-molto-orgoglioso-della-principessa-charlene-e-dei-loro-figli\/#primaryimage"},"thumbnailUrl":"https:\/\/www.monaco-tribune.com\/wp-content\/uploads\/2022\/11\/balcon-famille-princiere.jpg","datePublished":"2022-12-22T11:49:09+00:00","dateModified":"2022-12-22T11:49:24+00:00","description":"Il Sovrano si \u00e8 confidato in un'intervista pubblicata marted\u00ec 20 dicembre. Un grande sentimento di orgoglio dopo un anno particolarmente difficile. \u00c8","breadcrumb":{"@id":"https:\/\/www.monaco-tribune.com\/it\/2022\/12\/il-principe-alberto-ii-e-molto-orgoglioso-della-principessa-charlene-e-dei-loro-figli\/#breadcrumb"},"inLanguage":"it-IT","potentialAction":[{"@type":"ReadAction","target":["https:\/\/www.monaco-tribune.com\/it\/2022\/12\/il-principe-alberto-ii-e-molto-orgoglioso-della-principessa-charlene-e-dei-loro-figli\/"]}]},{"@type":"ImageObject","inLanguage":"it-IT","@id":"https:\/\/www.monaco-tribune.com\/it\/2022\/12\/il-principe-alberto-ii-e-molto-orgoglioso-della-principessa-charlene-e-dei-loro-figli\/#primaryimage","url":"https:\/\/www.monaco-tribune.com\/wp-content\/uploads\/2022\/11\/balcon-famille-princiere.jpg","contentUrl":"https:\/\/www.monaco-tribune.com\/wp-content\/uploads\/2022\/11\/balcon-famille-princiere.jpg","width":1013,"height":687,"caption":"\u00a9 Palazzo del Principe di Monaco"},{"@type":"BreadcrumbList","@id":"https:\/\/www.monaco-tribune.com\/it\/2022\/12\/il-principe-alberto-ii-e-molto-orgoglioso-della-principessa-charlene-e-dei-loro-figli\/#breadcrumb","itemListElement":[{"@type":"ListItem","position":1,"name":"Accueil","item":"https:\/\/www.monaco-tribune.com\/it\/"},{"@type":"ListItem","position":2,"name":"Il Principe Alberto II \u00e8 \u00ab\u00a0molto orgoglioso\u00a0\u00bb della Principessa Charl\u00e8ne e dei loro figli"}]},{"@type":"WebSite","@id":"https:\/\/www.monaco-tribune.com\/it\/#website","url":"https:\/\/www.monaco-tribune.com\/it\/","name":"Monaco Tribune","description":"Monaco : actualit\u00e9s \u00e9conomiques, politiques, culturelles et sportives de Monaco et de la French Riviera.","publisher":{"@id":"https:\/\/www.monaco-tribune.com\/it\/#organization"},"potentialAction":[{"@type":"SearchAction","target":{"@type":"EntryPoint","urlTemplate":"https:\/\/www.monaco-tribune.com\/it\/?s={search_term_string}"},"query-input":{"@type":"PropertyValueSpecification","valueRequired":true,"valueName":"search_term_string"}}],"inLanguage":"it-IT"},{"@type":"Organization","@id":"https:\/\/www.monaco-tribune.com\/it\/#organization","name":"Monaco Tribune","url":"https:\/\/www.monaco-tribune.com\/it\/","logo":{"@type":"ImageObject","inLanguage":"it-IT","@id":"https:\/\/www.monaco-tribune.com\/it\/#\/schema\/logo\/image\/","url":"https:\/\/www.monaco-tribune.com\/wp-content\/uploads\/2022\/11\/logo-monaco-tribune.png","contentUrl":"https:\/\/www.monaco-tribune.com\/wp-content\/uploads\/2022\/11\/logo-monaco-tribune.png","width":1548,"height":600,"caption":"Monaco Tribune"},"image":{"@id":"https:\/\/www.monaco-tribune.com\/it\/#\/schema\/logo\/image\/"},"sameAs":["https:\/\/www.facebook.com\/MonacoTribune","https:\/\/x.com\/MonacoTribune","https:\/\/www.instagram.com\/monacotribune\/","https:\/\/www.linkedin.com\/company\/monaco-tribune","https:\/\/www.youtube.com\/channel\/UCHle1MnG6hw1y4lWKijVbMA"]},{"@type":"Person","@id":"https:\/\/www.monaco-tribune.com\/it\/#\/schema\/person\/a855d420fff4d03637641d60b93ac62e","name":"Camille Esteve","image":{"@type":"ImageObject","inLanguage":"it-IT","@id":"https:\/\/secure.gravatar.com\/avatar\/eaaa2355a7bb56c0018a391c20a55bf9b4690e3f493231dd850e612bfa6ce161?s=96&d=mm&r=g","url":"https:\/\/secure.gravatar.com\/avatar\/eaaa2355a7bb56c0018a391c20a55bf9b4690e3f493231dd850e612bfa6ce161?s=96&d=mm&r=g","contentUrl":"https:\/\/secure.gravatar.com\/avatar\/eaaa2355a7bb56c0018a391c20a55bf9b4690e3f493231dd850e612bfa6ce161?s=96&d=mm&r=g","caption":"Camille Esteve"},"url":"https:\/\/www.monaco-tribune.com\/it\/author\/camilleesteve\/"}]}},"_links":{"self":[{"href":"https:\/\/www.monaco-tribune.com\/it\/wp-json\/wp\/v2\/posts\/157082","targetHints":{"allow":["GET"]}}],"collection":[{"href":"https:\/\/www.monaco-tribune.com\/it\/wp-json\/wp\/v2\/posts"}],"about":[{"href":"https:\/\/www.monaco-tribune.com\/it\/wp-json\/wp\/v2\/types\/post"}],"author":[{"embeddable":true,"href":"https:\/\/www.monaco-tribune.com\/it\/wp-json\/wp\/v2\/users\/60"}],"replies":[{"embeddable":true,"href":"https:\/\/www.monaco-tribune.com\/it\/wp-json\/wp\/v2\/comments?post=157082"}],"version-history":[{"count":0,"href":"https:\/\/www.monaco-tribune.com\/it\/wp-json\/wp\/v2\/posts\/157082\/revisions"}],"wp:featuredmedia":[{"embeddable":true,"href":"https:\/\/www.monaco-tribune.com\/it\/wp-json\/wp\/v2\/media\/150599"}],"wp:attachment":[{"href":"https:\/\/www.monaco-tribune.com\/it\/wp-json\/wp\/v2\/media?parent=157082"}],"wp:term":[{"taxonomy":"category","embeddable":true,"href":"https:\/\/www.monaco-tribune.com\/it\/wp-json\/wp\/v2\/categories?post=157082"},{"taxonomy":"post_tag","embeddable":true,"href":"https:\/\/www.monaco-tribune.com\/it\/wp-json\/wp\/v2\/tags?post=157082"},{"taxonomy":"sectag","embeddable":true,"href":"https:\/\/www.monaco-tribune.com\/it\/wp-json\/wp\/v2\/post_sectags?post=157082"},{"taxonomy":"format","embeddable":true,"href":"https:\/\/www.monaco-tribune.com\/it\/wp-json\/wp\/v2\/post_format?post=157082"}],"curies":[{"name":"wp","href":"https:\/\/api.w.org\/{rel}","templated":true}]}}