{"id":157133,"date":"2022-12-22T16:28:12","date_gmt":"2022-12-22T15:28:12","guid":{"rendered":"https:\/\/www.monaco-tribune.com\/2022\/12\/con-florent-ghisolfi-logc-nice-e-paziente-ma-ambizioso\/"},"modified":"2022-12-22T16:28:24","modified_gmt":"2022-12-22T15:28:24","slug":"con-florent-ghisolfi-logc-nice-e-paziente-ma-ambizioso","status":"publish","type":"post","link":"https:\/\/www.monaco-tribune.com\/it\/2022\/12\/con-florent-ghisolfi-logc-nice-e-paziente-ma-ambizioso\/","title":{"rendered":"Con Florent Ghisolfi, l&#8217;OGC Nice \u00e8 paziente ma ambizioso"},"content":{"rendered":"\n<p><strong>Il nuovo direttore sportivo del GYM ha parlato con <\/strong><em><strong>Nice-Matin<\/strong><\/em><strong> da Marbella, nel sud della Spagna, dove la squadra della Costa Azzurra si sta preparando per l\u2019inizio della Ligue 1 a fine mese.<\/strong><\/p>\n\n<p>Mentre da diversi mesi circolano voci sull&#8217;<a href=\"https:\/\/www.monaco-tribune.com\/it\/2022\/09\/lewis-hamilton-e-jim-ratcliffe-insieme-per-acquisire-il-manchester-united\/\">interesse di Jim Ratcliffe ad acquistare un club di Premier League<\/a>, Florent Ghisolfi, arrivato in Costa Azzurra poche settimane fa dall&#8217;RC Lens, ha svelato parte del suo nuovo progetto.<\/p>\n\n<p>&#8220;La prima cosa che mi ha detto Jim Ratcliffe \u00e8 stata che gli piace lavorare nella discrezione e che bisogna mantenere la riservatezza per ottenere le prestazioni&#8221;, ha detto parlando del proprietario dell&#8217;OGC Nice, <a href=\"https:\/\/www.monaco-tribune.com\/2022\/10\/jim-ratcliffe-ineos-entend-donner-sa-priorite-a-logc-nice%ef%bf%bc\/\">che ha recentemente ribadito il suo interesse nell&#8217;investire nel club della Costa Azzurra<\/a>.<\/p>\n\n<h2 class=\"wp-block-heading\" id=\"h-une-enorme-marge-de-progression\">Un ampio margine di miglioramento<\/h2>\n\n<p>A fianco di Lucien Favre, confermato come allenatore, Florent Ghisolfi ha gi\u00e0 iniziato a costruire i contorni del suo progetto, effettuando un primo audit di tutti i componenti del club, da quelli amministrativi a quello sportivi.<\/p>\n\n<p>&#8220;Dobbiamo portare la squadra a essere pi\u00f9 esigente e a puntare a prestazioni pi\u00f9 elevate, in tutti gli ambiti&#8221;, ha precisato. &#8220;Ci vorr\u00e0 un po&#8217; di tempo, dobbiamo procedere passo dopo passo. Sono state intraprese ottime azioni, prima e adesso, ma c&#8217;\u00e8 un bel margine di miglioramento&#8221;.<\/p>\n\n<p>Il suo primo incarico importante \u00e8 previsto per il prossimo mercato invernale, che si aprir\u00e0 il 1\u00b0 gennaio.<\/p>\n\n<h2 class=\"wp-block-heading\">Un recruiting mirato senza star<\/h2>\n\n<p>Con una squadra attualmente classificata a un deludente nono posto, ma che ha guadagnato terreno con sette partite imbattute in vista della Coppa del Mondo, il mercato dell&#8217;OGC Nice potrebbe essere piuttosto animato sul versante acquisti.<\/p>\n\n<p>Il nuovo direttore sportivo del GYM, tuttavia, vuole essere cauto, insistendo sul fatto che le risorse saranno impiegate in modo intelligente, senza il minimo eccesso.<\/p>\n\n<p>&#8220;Non spenderemo grandi somme per accumulare giocatori&#8221;, ha detto. &#8220;Piuttosto che parlare di grandi giocatori, preferisco parlare di una grande squadra. Inizieremo rafforzando l&#8217;unit\u00e0 di recruiting, lo staff della prima squadra, lo staff della squadra riserve e il modo in cui accogliamo questi giocatori&#8221;.<\/p>\n","protected":false},"excerpt":{"rendered":"<p>Il nuovo direttore sportivo del GYM ha parlato con Nice-Matin da Marbella, nel sud della Spagna, dove la squadra della [&hellip;]<\/p>\n","protected":false},"author":24,"featured_media":156733,"comment_status":"closed","ping_status":"closed","sticky":false,"template":"","format":"standard","meta":{"_acf_changed":false,"footnotes":""},"categories":[1738,1743],"tags":[3944],"post_sectags":[3240],"post_format":[2486],"class_list":["post-157133","post","type-post","status-publish","format-standard","has-post-thumbnail","hentry","category-notizie","category-sport-it","tag-calcio","sectag-calcio-it","format-servizio"],"acf":[],"yoast_head":"<!-- This site is optimized with the Yoast SEO Premium plugin v26.8 (Yoast SEO v27.5) - https:\/\/yoast.com\/product\/yoast-seo-premium-wordpress\/ -->\n<title>Con Florent Ghisolfi, l&#039;OGC Nice \u00e8 paziente ma ambizioso<\/title>\n<meta name=\"description\" content=\"Il nuovo direttore sportivo del GYM ha parlato con Nice-Matin da Marbella, nel sud della Spagna, dove la squadra della Costa Azzurra si sta preparando per\" \/>\n<meta name=\"robots\" content=\"index, follow, max-snippet:-1, max-image-preview:large, max-video-preview:-1\" \/>\n<link rel=\"canonical\" href=\"https:\/\/www.monaco-tribune.com\/it\/2022\/12\/con-florent-ghisolfi-logc-nice-e-paziente-ma-ambizioso\/\" \/>\n<meta property=\"og:locale\" content=\"it_IT\" \/>\n<meta property=\"og:type\" content=\"article\" \/>\n<meta property=\"og:title\" content=\"Con Florent Ghisolfi, l&#039;OGC Nice \u00e8 paziente ma ambizioso - Monaco Tribune\" \/>\n<meta property=\"og:description\" content=\"Il nuovo direttore sportivo del GYM ha parlato con Nice-Matin da Marbella, nel sud della Spagna, dove la squadra della Costa Azzurra si sta preparando per\" \/>\n<meta property=\"og:url\" content=\"https:\/\/www.monaco-tribune.com\/it\/2022\/12\/con-florent-ghisolfi-logc-nice-e-paziente-ma-ambizioso\/\" \/>\n<meta property=\"og:site_name\" content=\"Monaco Tribune\" \/>\n<meta property=\"article:publisher\" content=\"https:\/\/www.facebook.com\/MonacoTribune\" \/>\n<meta property=\"article:published_time\" content=\"2022-12-22T15:28:12+00:00\" \/>\n<meta property=\"article:modified_time\" content=\"2022-12-22T15:28:24+00:00\" \/>\n<meta property=\"og:image\" content=\"https:\/\/www.monaco-tribune.com\/wp-content\/uploads\/2022\/12\/ghisolfi-ogc-nice.jpeg\" \/>\n\t<meta property=\"og:image:width\" content=\"1920\" \/>\n\t<meta property=\"og:image:height\" content=\"1080\" \/>\n\t<meta property=\"og:image:type\" content=\"image\/jpeg\" \/>\n<meta name=\"author\" content=\"Romain Boisaubert\" \/>\n<meta name=\"twitter:card\" content=\"summary_large_image\" \/>\n<meta name=\"twitter:creator\" content=\"@MonacoTribune\" \/>\n<meta name=\"twitter:site\" content=\"@MonacoTribune\" \/>\n<script type=\"application\/ld+json\" class=\"yoast-schema-graph\">{\"@context\":\"https:\\\/\\\/schema.org\",\"@graph\":[{\"@type\":\"NewsArticle\",\"@id\":\"https:\\\/\\\/www.monaco-tribune.com\\\/it\\\/2022\\\/12\\\/con-florent-ghisolfi-logc-nice-e-paziente-ma-ambizioso\\\/#article\",\"isPartOf\":{\"@id\":\"https:\\\/\\\/www.monaco-tribune.com\\\/it\\\/2022\\\/12\\\/con-florent-ghisolfi-logc-nice-e-paziente-ma-ambizioso\\\/\"},\"author\":{\"name\":\"Romain Boisaubert\",\"@id\":\"https:\\\/\\\/www.monaco-tribune.com\\\/it\\\/#\\\/schema\\\/person\\\/330a3732947cf8cb41b2533a0eadd62e\"},\"headline\":\"Con Florent Ghisolfi, l&#8217;OGC Nice \u00e8 paziente ma ambizioso\",\"datePublished\":\"2022-12-22T15:28:12+00:00\",\"dateModified\":\"2022-12-22T15:28:24+00:00\",\"mainEntityOfPage\":{\"@id\":\"https:\\\/\\\/www.monaco-tribune.com\\\/it\\\/2022\\\/12\\\/con-florent-ghisolfi-logc-nice-e-paziente-ma-ambizioso\\\/\"},\"wordCount\":343,\"publisher\":{\"@id\":\"https:\\\/\\\/www.monaco-tribune.com\\\/it\\\/#organization\"},\"image\":{\"@id\":\"https:\\\/\\\/www.monaco-tribune.com\\\/it\\\/2022\\\/12\\\/con-florent-ghisolfi-logc-nice-e-paziente-ma-ambizioso\\\/#primaryimage\"},\"thumbnailUrl\":\"https:\\\/\\\/www.monaco-tribune.com\\\/wp-content\\\/uploads\\\/2022\\\/12\\\/ghisolfi-ogc-nice.jpeg\",\"keywords\":[\"Calcio\"],\"articleSection\":[\"Notizie\",\"Sport\"],\"inLanguage\":\"it-IT\",\"copyrightYear\":\"2022\",\"copyrightHolder\":{\"@id\":\"https:\\\/\\\/www.monaco-tribune.com\\\/#organization\"}},{\"@type\":\"WebPage\",\"@id\":\"https:\\\/\\\/www.monaco-tribune.com\\\/it\\\/2022\\\/12\\\/con-florent-ghisolfi-logc-nice-e-paziente-ma-ambizioso\\\/\",\"url\":\"https:\\\/\\\/www.monaco-tribune.com\\\/it\\\/2022\\\/12\\\/con-florent-ghisolfi-logc-nice-e-paziente-ma-ambizioso\\\/\",\"name\":\"Con Florent Ghisolfi, l'OGC Nice \u00e8 paziente ma ambizioso\",\"isPartOf\":{\"@id\":\"https:\\\/\\\/www.monaco-tribune.com\\\/it\\\/#website\"},\"primaryImageOfPage\":{\"@id\":\"https:\\\/\\\/www.monaco-tribune.com\\\/it\\\/2022\\\/12\\\/con-florent-ghisolfi-logc-nice-e-paziente-ma-ambizioso\\\/#primaryimage\"},\"image\":{\"@id\":\"https:\\\/\\\/www.monaco-tribune.com\\\/it\\\/2022\\\/12\\\/con-florent-ghisolfi-logc-nice-e-paziente-ma-ambizioso\\\/#primaryimage\"},\"thumbnailUrl\":\"https:\\\/\\\/www.monaco-tribune.com\\\/wp-content\\\/uploads\\\/2022\\\/12\\\/ghisolfi-ogc-nice.jpeg\",\"datePublished\":\"2022-12-22T15:28:12+00:00\",\"dateModified\":\"2022-12-22T15:28:24+00:00\",\"description\":\"Il nuovo direttore sportivo del GYM ha parlato con Nice-Matin da Marbella, nel sud della Spagna, dove la squadra della Costa Azzurra si sta preparando per\",\"breadcrumb\":{\"@id\":\"https:\\\/\\\/www.monaco-tribune.com\\\/it\\\/2022\\\/12\\\/con-florent-ghisolfi-logc-nice-e-paziente-ma-ambizioso\\\/#breadcrumb\"},\"inLanguage\":\"it-IT\",\"potentialAction\":[{\"@type\":\"ReadAction\",\"target\":[\"https:\\\/\\\/www.monaco-tribune.com\\\/it\\\/2022\\\/12\\\/con-florent-ghisolfi-logc-nice-e-paziente-ma-ambizioso\\\/\"]}]},{\"@type\":\"ImageObject\",\"inLanguage\":\"it-IT\",\"@id\":\"https:\\\/\\\/www.monaco-tribune.com\\\/it\\\/2022\\\/12\\\/con-florent-ghisolfi-logc-nice-e-paziente-ma-ambizioso\\\/#primaryimage\",\"url\":\"https:\\\/\\\/www.monaco-tribune.com\\\/wp-content\\\/uploads\\\/2022\\\/12\\\/ghisolfi-ogc-nice.jpeg\",\"contentUrl\":\"https:\\\/\\\/www.monaco-tribune.com\\\/wp-content\\\/uploads\\\/2022\\\/12\\\/ghisolfi-ogc-nice.jpeg\",\"width\":1920,\"height\":1080,\"caption\":\"OGC Nice Handball\"},{\"@type\":\"BreadcrumbList\",\"@id\":\"https:\\\/\\\/www.monaco-tribune.com\\\/it\\\/2022\\\/12\\\/con-florent-ghisolfi-logc-nice-e-paziente-ma-ambizioso\\\/#breadcrumb\",\"itemListElement\":[{\"@type\":\"ListItem\",\"position\":1,\"name\":\"Accueil\",\"item\":\"https:\\\/\\\/www.monaco-tribune.com\\\/it\\\/\"},{\"@type\":\"ListItem\",\"position\":2,\"name\":\"Con Florent Ghisolfi, l&rsquo;OGC Nice \u00e8 paziente ma ambizioso\"}]},{\"@type\":\"WebSite\",\"@id\":\"https:\\\/\\\/www.monaco-tribune.com\\\/it\\\/#website\",\"url\":\"https:\\\/\\\/www.monaco-tribune.com\\\/it\\\/\",\"name\":\"Monaco Tribune\",\"description\":\"Monaco : actualit\u00e9s \u00e9conomiques, politiques, culturelles et sportives de Monaco et de la French Riviera.\",\"publisher\":{\"@id\":\"https:\\\/\\\/www.monaco-tribune.com\\\/it\\\/#organization\"},\"potentialAction\":[{\"@type\":\"SearchAction\",\"target\":{\"@type\":\"EntryPoint\",\"urlTemplate\":\"https:\\\/\\\/www.monaco-tribune.com\\\/it\\\/?s={search_term_string}\"},\"query-input\":{\"@type\":\"PropertyValueSpecification\",\"valueRequired\":true,\"valueName\":\"search_term_string\"}}],\"inLanguage\":\"it-IT\"},{\"@type\":\"Organization\",\"@id\":\"https:\\\/\\\/www.monaco-tribune.com\\\/it\\\/#organization\",\"name\":\"Monaco Tribune\",\"url\":\"https:\\\/\\\/www.monaco-tribune.com\\\/it\\\/\",\"logo\":{\"@type\":\"ImageObject\",\"inLanguage\":\"it-IT\",\"@id\":\"https:\\\/\\\/www.monaco-tribune.com\\\/it\\\/#\\\/schema\\\/logo\\\/image\\\/\",\"url\":\"https:\\\/\\\/www.monaco-tribune.com\\\/wp-content\\\/uploads\\\/2022\\\/11\\\/logo-monaco-tribune.png\",\"contentUrl\":\"https:\\\/\\\/www.monaco-tribune.com\\\/wp-content\\\/uploads\\\/2022\\\/11\\\/logo-monaco-tribune.png\",\"width\":1548,\"height\":600,\"caption\":\"Monaco Tribune\"},\"image\":{\"@id\":\"https:\\\/\\\/www.monaco-tribune.com\\\/it\\\/#\\\/schema\\\/logo\\\/image\\\/\"},\"sameAs\":[\"https:\\\/\\\/www.facebook.com\\\/MonacoTribune\",\"https:\\\/\\\/x.com\\\/MonacoTribune\",\"https:\\\/\\\/www.instagram.com\\\/monacotribune\\\/\",\"https:\\\/\\\/www.linkedin.com\\\/company\\\/monaco-tribune\",\"https:\\\/\\\/www.youtube.com\\\/channel\\\/UCHle1MnG6hw1y4lWKijVbMA\"]},{\"@type\":\"Person\",\"@id\":\"https:\\\/\\\/www.monaco-tribune.com\\\/it\\\/#\\\/schema\\\/person\\\/330a3732947cf8cb41b2533a0eadd62e\",\"name\":\"Romain Boisaubert\",\"image\":{\"@type\":\"ImageObject\",\"inLanguage\":\"it-IT\",\"@id\":\"https:\\\/\\\/secure.gravatar.com\\\/avatar\\\/f8b90d41f1eabd1cbe4cf59e09d8db41a697d51919bf2dfe727589a24a4a4d54?s=96&d=mm&r=g\",\"url\":\"https:\\\/\\\/secure.gravatar.com\\\/avatar\\\/f8b90d41f1eabd1cbe4cf59e09d8db41a697d51919bf2dfe727589a24a4a4d54?s=96&d=mm&r=g\",\"contentUrl\":\"https:\\\/\\\/secure.gravatar.com\\\/avatar\\\/f8b90d41f1eabd1cbe4cf59e09d8db41a697d51919bf2dfe727589a24a4a4d54?s=96&d=mm&r=g\",\"caption\":\"Romain Boisaubert\"},\"description\":\"Test bio\",\"url\":\"https:\\\/\\\/www.monaco-tribune.com\\\/it\\\/author\\\/romain-boisaubert\\\/\"}]}<\/script>\n<!-- \/ Yoast SEO Premium plugin. -->","yoast_head_json":{"title":"Con Florent Ghisolfi, l'OGC Nice \u00e8 paziente ma ambizioso","description":"Il nuovo direttore sportivo del GYM ha parlato con Nice-Matin da Marbella, nel sud della Spagna, dove la squadra della Costa Azzurra si sta preparando per","robots":{"index":"index","follow":"follow","max-snippet":"max-snippet:-1","max-image-preview":"max-image-preview:large","max-video-preview":"max-video-preview:-1"},"canonical":"https:\/\/www.monaco-tribune.com\/it\/2022\/12\/con-florent-ghisolfi-logc-nice-e-paziente-ma-ambizioso\/","og_locale":"it_IT","og_type":"article","og_title":"Con Florent Ghisolfi, l'OGC Nice \u00e8 paziente ma ambizioso - Monaco Tribune","og_description":"Il nuovo direttore sportivo del GYM ha parlato con Nice-Matin da Marbella, nel sud della Spagna, dove la squadra della Costa Azzurra si sta preparando per","og_url":"https:\/\/www.monaco-tribune.com\/it\/2022\/12\/con-florent-ghisolfi-logc-nice-e-paziente-ma-ambizioso\/","og_site_name":"Monaco Tribune","article_publisher":"https:\/\/www.facebook.com\/MonacoTribune","article_published_time":"2022-12-22T15:28:12+00:00","article_modified_time":"2022-12-22T15:28:24+00:00","og_image":[{"width":1920,"height":1080,"url":"https:\/\/www.monaco-tribune.com\/wp-content\/uploads\/2022\/12\/ghisolfi-ogc-nice.jpeg","type":"image\/jpeg"}],"author":"Romain Boisaubert","twitter_card":"summary_large_image","twitter_creator":"@MonacoTribune","twitter_site":"@MonacoTribune","schema":{"@context":"https:\/\/schema.org","@graph":[{"@type":"NewsArticle","@id":"https:\/\/www.monaco-tribune.com\/it\/2022\/12\/con-florent-ghisolfi-logc-nice-e-paziente-ma-ambizioso\/#article","isPartOf":{"@id":"https:\/\/www.monaco-tribune.com\/it\/2022\/12\/con-florent-ghisolfi-logc-nice-e-paziente-ma-ambizioso\/"},"author":{"name":"Romain Boisaubert","@id":"https:\/\/www.monaco-tribune.com\/it\/#\/schema\/person\/330a3732947cf8cb41b2533a0eadd62e"},"headline":"Con Florent Ghisolfi, l&#8217;OGC Nice \u00e8 paziente ma ambizioso","datePublished":"2022-12-22T15:28:12+00:00","dateModified":"2022-12-22T15:28:24+00:00","mainEntityOfPage":{"@id":"https:\/\/www.monaco-tribune.com\/it\/2022\/12\/con-florent-ghisolfi-logc-nice-e-paziente-ma-ambizioso\/"},"wordCount":343,"publisher":{"@id":"https:\/\/www.monaco-tribune.com\/it\/#organization"},"image":{"@id":"https:\/\/www.monaco-tribune.com\/it\/2022\/12\/con-florent-ghisolfi-logc-nice-e-paziente-ma-ambizioso\/#primaryimage"},"thumbnailUrl":"https:\/\/www.monaco-tribune.com\/wp-content\/uploads\/2022\/12\/ghisolfi-ogc-nice.jpeg","keywords":["Calcio"],"articleSection":["Notizie","Sport"],"inLanguage":"it-IT","copyrightYear":"2022","copyrightHolder":{"@id":"https:\/\/www.monaco-tribune.com\/#organization"}},{"@type":"WebPage","@id":"https:\/\/www.monaco-tribune.com\/it\/2022\/12\/con-florent-ghisolfi-logc-nice-e-paziente-ma-ambizioso\/","url":"https:\/\/www.monaco-tribune.com\/it\/2022\/12\/con-florent-ghisolfi-logc-nice-e-paziente-ma-ambizioso\/","name":"Con Florent Ghisolfi, l'OGC Nice \u00e8 paziente ma ambizioso","isPartOf":{"@id":"https:\/\/www.monaco-tribune.com\/it\/#website"},"primaryImageOfPage":{"@id":"https:\/\/www.monaco-tribune.com\/it\/2022\/12\/con-florent-ghisolfi-logc-nice-e-paziente-ma-ambizioso\/#primaryimage"},"image":{"@id":"https:\/\/www.monaco-tribune.com\/it\/2022\/12\/con-florent-ghisolfi-logc-nice-e-paziente-ma-ambizioso\/#primaryimage"},"thumbnailUrl":"https:\/\/www.monaco-tribune.com\/wp-content\/uploads\/2022\/12\/ghisolfi-ogc-nice.jpeg","datePublished":"2022-12-22T15:28:12+00:00","dateModified":"2022-12-22T15:28:24+00:00","description":"Il nuovo direttore sportivo del GYM ha parlato con Nice-Matin da Marbella, nel sud della Spagna, dove la squadra della Costa Azzurra si sta preparando per","breadcrumb":{"@id":"https:\/\/www.monaco-tribune.com\/it\/2022\/12\/con-florent-ghisolfi-logc-nice-e-paziente-ma-ambizioso\/#breadcrumb"},"inLanguage":"it-IT","potentialAction":[{"@type":"ReadAction","target":["https:\/\/www.monaco-tribune.com\/it\/2022\/12\/con-florent-ghisolfi-logc-nice-e-paziente-ma-ambizioso\/"]}]},{"@type":"ImageObject","inLanguage":"it-IT","@id":"https:\/\/www.monaco-tribune.com\/it\/2022\/12\/con-florent-ghisolfi-logc-nice-e-paziente-ma-ambizioso\/#primaryimage","url":"https:\/\/www.monaco-tribune.com\/wp-content\/uploads\/2022\/12\/ghisolfi-ogc-nice.jpeg","contentUrl":"https:\/\/www.monaco-tribune.com\/wp-content\/uploads\/2022\/12\/ghisolfi-ogc-nice.jpeg","width":1920,"height":1080,"caption":"OGC Nice Handball"},{"@type":"BreadcrumbList","@id":"https:\/\/www.monaco-tribune.com\/it\/2022\/12\/con-florent-ghisolfi-logc-nice-e-paziente-ma-ambizioso\/#breadcrumb","itemListElement":[{"@type":"ListItem","position":1,"name":"Accueil","item":"https:\/\/www.monaco-tribune.com\/it\/"},{"@type":"ListItem","position":2,"name":"Con Florent Ghisolfi, l&rsquo;OGC Nice \u00e8 paziente ma ambizioso"}]},{"@type":"WebSite","@id":"https:\/\/www.monaco-tribune.com\/it\/#website","url":"https:\/\/www.monaco-tribune.com\/it\/","name":"Monaco Tribune","description":"Monaco : actualit\u00e9s \u00e9conomiques, politiques, culturelles et sportives de Monaco et de la French Riviera.","publisher":{"@id":"https:\/\/www.monaco-tribune.com\/it\/#organization"},"potentialAction":[{"@type":"SearchAction","target":{"@type":"EntryPoint","urlTemplate":"https:\/\/www.monaco-tribune.com\/it\/?s={search_term_string}"},"query-input":{"@type":"PropertyValueSpecification","valueRequired":true,"valueName":"search_term_string"}}],"inLanguage":"it-IT"},{"@type":"Organization","@id":"https:\/\/www.monaco-tribune.com\/it\/#organization","name":"Monaco Tribune","url":"https:\/\/www.monaco-tribune.com\/it\/","logo":{"@type":"ImageObject","inLanguage":"it-IT","@id":"https:\/\/www.monaco-tribune.com\/it\/#\/schema\/logo\/image\/","url":"https:\/\/www.monaco-tribune.com\/wp-content\/uploads\/2022\/11\/logo-monaco-tribune.png","contentUrl":"https:\/\/www.monaco-tribune.com\/wp-content\/uploads\/2022\/11\/logo-monaco-tribune.png","width":1548,"height":600,"caption":"Monaco Tribune"},"image":{"@id":"https:\/\/www.monaco-tribune.com\/it\/#\/schema\/logo\/image\/"},"sameAs":["https:\/\/www.facebook.com\/MonacoTribune","https:\/\/x.com\/MonacoTribune","https:\/\/www.instagram.com\/monacotribune\/","https:\/\/www.linkedin.com\/company\/monaco-tribune","https:\/\/www.youtube.com\/channel\/UCHle1MnG6hw1y4lWKijVbMA"]},{"@type":"Person","@id":"https:\/\/www.monaco-tribune.com\/it\/#\/schema\/person\/330a3732947cf8cb41b2533a0eadd62e","name":"Romain Boisaubert","image":{"@type":"ImageObject","inLanguage":"it-IT","@id":"https:\/\/secure.gravatar.com\/avatar\/f8b90d41f1eabd1cbe4cf59e09d8db41a697d51919bf2dfe727589a24a4a4d54?s=96&d=mm&r=g","url":"https:\/\/secure.gravatar.com\/avatar\/f8b90d41f1eabd1cbe4cf59e09d8db41a697d51919bf2dfe727589a24a4a4d54?s=96&d=mm&r=g","contentUrl":"https:\/\/secure.gravatar.com\/avatar\/f8b90d41f1eabd1cbe4cf59e09d8db41a697d51919bf2dfe727589a24a4a4d54?s=96&d=mm&r=g","caption":"Romain Boisaubert"},"description":"Test bio","url":"https:\/\/www.monaco-tribune.com\/it\/author\/romain-boisaubert\/"}]}},"_links":{"self":[{"href":"https:\/\/www.monaco-tribune.com\/it\/wp-json\/wp\/v2\/posts\/157133","targetHints":{"allow":["GET"]}}],"collection":[{"href":"https:\/\/www.monaco-tribune.com\/it\/wp-json\/wp\/v2\/posts"}],"about":[{"href":"https:\/\/www.monaco-tribune.com\/it\/wp-json\/wp\/v2\/types\/post"}],"author":[{"embeddable":true,"href":"https:\/\/www.monaco-tribune.com\/it\/wp-json\/wp\/v2\/users\/24"}],"replies":[{"embeddable":true,"href":"https:\/\/www.monaco-tribune.com\/it\/wp-json\/wp\/v2\/comments?post=157133"}],"version-history":[{"count":0,"href":"https:\/\/www.monaco-tribune.com\/it\/wp-json\/wp\/v2\/posts\/157133\/revisions"}],"wp:featuredmedia":[{"embeddable":true,"href":"https:\/\/www.monaco-tribune.com\/it\/wp-json\/wp\/v2\/media\/156733"}],"wp:attachment":[{"href":"https:\/\/www.monaco-tribune.com\/it\/wp-json\/wp\/v2\/media?parent=157133"}],"wp:term":[{"taxonomy":"category","embeddable":true,"href":"https:\/\/www.monaco-tribune.com\/it\/wp-json\/wp\/v2\/categories?post=157133"},{"taxonomy":"post_tag","embeddable":true,"href":"https:\/\/www.monaco-tribune.com\/it\/wp-json\/wp\/v2\/tags?post=157133"},{"taxonomy":"sectag","embeddable":true,"href":"https:\/\/www.monaco-tribune.com\/it\/wp-json\/wp\/v2\/post_sectags?post=157133"},{"taxonomy":"format","embeddable":true,"href":"https:\/\/www.monaco-tribune.com\/it\/wp-json\/wp\/v2\/post_format?post=157133"}],"curies":[{"name":"wp","href":"https:\/\/api.w.org\/{rel}","templated":true}]}}