{"id":157366,"date":"2022-12-23T13:01:28","date_gmt":"2022-12-23T12:01:28","guid":{"rendered":"https:\/\/www.monaco-tribune.com\/2022\/12\/ristrutturazione-in-programma-per-lo-stadio-louis-ii-ecco-cosa-sappiamo\/"},"modified":"2022-12-23T13:01:47","modified_gmt":"2022-12-23T12:01:47","slug":"ristrutturazione-in-programma-per-lo-stadio-louis-ii-ecco-cosa-sappiamo","status":"publish","type":"post","link":"https:\/\/www.monaco-tribune.com\/it\/2022\/12\/ristrutturazione-in-programma-per-lo-stadio-louis-ii-ecco-cosa-sappiamo\/","title":{"rendered":"Ristrutturazione in programma per lo stadio Louis-II? Ecco cosa sappiamo"},"content":{"rendered":"\n<p><strong>L\u2019architettura pulita, la capacit\u00e0 di integrarsi nel paesaggio monegasco e quella di ospitare diverse infrastrutture all&#8217;interno dello stesso edificio. \u00c8 questo che rende lo stadio Louis-II unico in Europa e nel mondo. Costruito negli anni &#8217;80, lo stadio sportivo potrebbe presto essere ristrutturato, come richiesto dal Consiglio nazionale a inizio dicembre.<\/strong><\/p>\n\n<p>\u00c8 il 25 gennaio 1985. Dopo quattro anni di lavori, quasi 120.000 m3 di cemento, 9.000 tonnellate di ferro e pi\u00f9 di 2.000 tonnellate di strutture metalliche su un terrapieno recuperato dal mare, il nuovo stadio Louis-II prende il posto di quello vecchio (1939-1985), raso al suolo per far posto al centro commerciale Fontvieille.<\/p>\n\n<p>Il giorno dopo questa data, che rimarr\u00e0 per sempre impressa nella storia, l&#8217;AS Monaco inaugura il suo nuovo stadio nel modo pi\u00f9 bello possibile, con una vittoria schiacciante (3-0) contro l&#8217;RC Lens. Gli anni successivi segnano l&#8217;inizio di una storia d&#8217;amore tra il club e la sua nuova sede.<\/p>\n\n<h2 class=\"wp-block-heading\" id=\"h-un-stade-aux-multiples-facettes-berceau-du-sport-a-monaco\">Uno stadio poliedrico, culla dello sport a Monaco<\/h2>\n\n<p>Sul campo di casa l&#8217;AS Monaco ha vissuto alcuni dei momenti pi\u00f9 belli della sua storia, in particolare sulla scena europea, con le memorabili vittorie contro il Real Madrid (3-1) e il Chelsea (3-1) durante la sfolgorante corsa dei biancorossi nella Champions League 2003-2004.<\/p>\n\n<p>Lo stadio ha anche ospitato la nazionale francese nel 1988 per un&#8217;amichevole contro il Marocco, vinta dai Bleus (2-1).<\/p>\n\n<p>Ma lo stadio Louis-II di nuova generazione non si riduce solo all&#8217;AS Monaco e al calcio. All&#8217;interno del complesso sono presenti numerose strutture, e pi\u00f9 di trenta associazioni l&#8217;hanno scelto come sede.<\/p>\n\n<figure class=\"wp-block-gallery has-nested-images columns-default is-cropped wp-block-gallery-1 is-layout-flex wp-block-gallery-is-layout-flex\">\n<figure class=\"wp-block-image size-large\"><img loading=\"lazy\" decoding=\"async\" width=\"1024\" height=\"640\" data-id=\"24694\" src=\"https:\/\/www.monaco-tribune.com\/wp-content\/uploads\/2020\/03\/Stade_Louis_II_1940-1024x640.jpg\" alt=\"\" class=\"wp-image-24694\" srcset=\"https:\/\/www.monaco-tribune.com\/wp-content\/uploads\/2020\/03\/Stade_Louis_II_1940-1024x640.jpg 1024w, https:\/\/www.monaco-tribune.com\/wp-content\/uploads\/2020\/03\/Stade_Louis_II_1940-480x300.jpg 480w, https:\/\/www.monaco-tribune.com\/wp-content\/uploads\/2020\/03\/Stade_Louis_II_1940.jpg 1280w\" sizes=\"auto, (max-width: 1024px) 100vw, 1024px\" \/><\/figure>\n<\/figure>\n<div class=\"wp-block-image\">\n<figure class=\"aligncenter size-full\"><img loading=\"lazy\" decoding=\"async\" width=\"540\" height=\"360\" src=\"https:\/\/www.monaco-tribune.com\/wp-content\/uploads\/2022\/12\/construction-stade-monaco.jpeg\" alt=\"construction-stade-monaco\" class=\"wp-image-156473\" srcset=\"https:\/\/www.monaco-tribune.com\/wp-content\/uploads\/2022\/12\/construction-stade-monaco.jpeg 540w, https:\/\/www.monaco-tribune.com\/wp-content\/uploads\/2022\/12\/construction-stade-monaco-450x300.jpeg 450w\" sizes=\"auto, (max-width: 540px) 100vw, 540px\" \/><\/figure>\n<\/div>\n<p>Oltre al campo in erba e alla pista di atletica, il Louis-II ospita il centro nautico Principe Alberto II e la sua piscina olimpionica, il palazzetto dello sport Gaston-M\u00e9decin, sede del Roca Team, alcune amministrazioni monegasche e un&#8217;universit\u00e0 privata anglofona: l\u2019International University of Monaco (IUM)<\/p>\n\n<p>Prima di essere trasferiti al Centro di allenamento di La Turbie e a La Diagonale di Cap d&#8217;Ail, tutti gli uffici amministrativi e il centro di allenamento dell&#8217;AS Monaco si trovavano nello stadio.<\/p>\n\n<p>Con cos\u00ec tante discipline all&#8217;attivo, il complesso sportivo \u00e8 stato protagonista di diversi momenti memorabili. Dal 1987, lo stadio ospita il prestigioso Meeting Herculis ed \u00e8 stato anche sede delle finali mondiali di atletica leggera nel 2003, 2004 e 2005.<\/p>\n\n<p>Oltre al mondo sportivo, il Louis-II ha ospitato anche grandi nomi della musica, come i Muse durante un concerto nel 2007 o gli Eagles nel 2011, in occasione del <a href=\"https:\/\/www.monaco-tribune.com\/it\/2022\/07\/11-anni-di-matrimonio-per-il-principe-alberto-ii-e-la-principessa-charlene\/\">matrimonio del Principe Alberto II e della Principessa Charl\u00e8ne<\/a>.<\/p>\n\n<p><em>Ma se il Louis-II ha conquistato subito i tifosi negli anni &#8217;90 con la sua autenticit\u00e0 e modernit\u00e0, oggi non sono solo gli habitu\u00e9 a voler vedere rinnovare lo stadio, ma anche il Consiglio Nazionale, che ha discusso l&#8217;argomento durante la sessione pubblica di bilancio il 12 dicembre. &#8220;Le chiedo, signor Ministro, di provvedere al pi\u00f9 presto alle necessarie riparazioni degli archi, che vengono regolarmente mostrati in televisione durante gli eventi sportivi, e il cui stato di degrado non riflette un&#8217;immagine degna del nostro Principato. Ricordo al Governo l&#8217;importanza di rinnovare al pi\u00f9 presto le infrastrutture legate agli spettatori, come le aree di ristoro o le tribune, che devono essere una priorit\u00e0&#8221;,<\/em> ha commentato Marine Grisoul, Presidente della Commissione per l&#8217;Istruzione, la Giovent\u00f9 e lo Sport<em>.<\/em><\/p>\n\n<p>Dopo quasi 40 anni, lo stadio ha effettivamente iniziato a deteriorarsi, ma, in un articolo della<em> Gazette<\/em> il governo monegasco ha ricordato che &#8220;lo stadio Louis-II \u00e8 un&#8217;infrastruttura sportiva inaugurata nel gennaio 1985 e che, dalla sua apertura, viene utilizzata tutti i giorni dell&#8217;anno dalle 7:00 alle 23:00. Con i suoi quasi 40 anni, \u00e8 normale che l&#8217;edificio e le sue attrezzature siano ormai invecchiate. Tuttavia, vista la frequenza di utilizzo, possiamo affermare senza dubbio che l&#8217;infrastruttura \u00e8 invecchiata piuttosto bene\u201d.<\/p>\n\n<p>E per rispondere alle preoccupazioni dell&#8217;Emiciclo, Patrice Cellario ha dichiarato che le condizioni strutturali degli archi sopra citati &#8220;non presentano alcun rischio. Gli elementi del progetto di rinnovamento estetico di questi archi saranno definiti nel primo trimestre del 2023. La relazione \u00e8 attesa per i primi giorni di gennaio. La ristrutturazione necessaria delle aree di accoglienza al pubblico, invece, rientra nel progetto della ristrutturazione complessiva dello stadio Louis-II. Sarebbe un peccato realizzare opere che poi verrebbero demolite nel breve-medio termine. D&#8217;altra parte, \u00e8 gi\u00e0 stato avviato uno studio sui miglioramenti che potremmo apportare, in particolare per i punti di ristoro, in modo da migliorare l&#8217;esperienza degli spettatori sotto questo aspetto&#8221;, un\u2019ulteriore prova di quanto l&#8217;esecutivo sia coinvolto in questa questione<em>.<\/em><\/p>\n\n<h2 class=\"wp-block-heading\" id=\"h-les-renovations-devraient-s-accelerer-dans-les-prochaines-annees\">I lavori di ristrutturazione subiranno un&#8217;accelerata nei prossimi anni<\/h2>\n\n<p>Dal 2017 il governo ha fatto della ristrutturazione del Louis-II una priorit\u00e0. Negli ultimi cinque anni, quasi il 20% dei 355 milioni di euro approvati per la ristrutturazione del Louis-II \u00e8 stato speso per rinnovare il centro nautico Alberto II, le tribune VIP, il campo (che ora consente una migliore aderenza al suolo), la pista di atletica, l&#8217;illuminazione (ora a LED), il piazzale e il <a href=\"https:\/\/www.monaco-tribune.com\/2022\/09\/entierement-renovee-et-agrandie-la-salle-gaston-medecin-se-devoile-au-grand-jour\/\">palazzetto Gaston-M\u00e9decin<\/a>, come ha ricordato Sylvie Bertrand, direttore dello stadio, su Monaco Info.<\/p>\n<div class=\"wp-block-image\">\n<figure class=\"aligncenter size-full\"><img loading=\"lazy\" decoding=\"async\" width=\"900\" height=\"600\" src=\"https:\/\/www.monaco-tribune.com\/wp-content\/uploads\/2022\/12\/refection-pelouse-stade-monaco.jpeg\" alt=\"\" class=\"wp-image-156477\" srcset=\"https:\/\/www.monaco-tribune.com\/wp-content\/uploads\/2022\/12\/refection-pelouse-stade-monaco.jpeg 900w, https:\/\/www.monaco-tribune.com\/wp-content\/uploads\/2022\/12\/refection-pelouse-stade-monaco-450x300.jpeg 450w\" sizes=\"auto, (max-width: 900px) 100vw, 900px\" \/><figcaption class=\"wp-element-caption\"><em>Nel 2018 sono stati effettuati importanti lavori sul campo da calcio<\/em><\/figcaption><\/figure>\n<\/div>\n<blockquote class=\"twitter-tweet\"><p lang=\"fr\" dir=\"ltr\">\ud83d\udd34\u26aa\ufe0f La nouvelle salle Gaston-M\u00e9decin se d\u00e9voile ! <a href=\"https:\/\/twitter.com\/ASMonaco_Basket?ref_src=twsrc%5Etfw\">@ASMonaco_Basket<\/a> <a href=\"https:\/\/t.co\/Xg051KfjdM\">pic.twitter.com\/Xg051KfjdM<\/a><\/p>\u2014 Romain Boisaubert (@R_Boisaubert) <a href=\"https:\/\/twitter.com\/R_Boisaubert\/status\/1574695407954935809?ref_src=twsrc%5Etfw\">September 27, 2022<\/a><\/blockquote> <script async=\"\" src=\"https:\/\/platform.twitter.com\/widgets.js\" charset=\"utf-8\"><\/script>\r\n\n<p class=\"has-text-align-center\"><em>Il nuovo palazzetto Gaston M\u00e9decin \u00e8 stato inaugurato il 28 settembre 2022 dopo 13 settimane di intensi lavori<\/em><\/p>\n\n<p>Il palazzetto dello sport, un vero gioiello di estetica, ha immediatamente conquistato il pubblico. Gli appassionati di calcio sperano che il Governo continui a spingere in questa direzione, cos\u00ec che i tifosi possano a loro volta tifare per l&#8217;AS Monaco in uno stadio rimesso a nuovo.<\/p>\n\n<p>L&#8217;idea non \u00e8 da escludere, visto che, come ha dichiarato lo staff di Patrice Cellario a <em>Monaco-Matin<\/em>: &#8220;i lavori procedono per fasi. Sono state avviate quelle fasi che non comportano troppi impedimenti (centro nautico, tribune VIP, campo, pista di atletica, piazzale, palazzetto Gaston-M\u00e9decin). Contemporaneamente, gli studi continuano e si protrarranno per almeno altri due anni. La questione \u00e8 particolarmente complessa, soprattutto per quanto riguarda l&#8217;avvio delle fasi e dei lavori relativi al funzionamento dell&#8217;edificio. Dato che siamo vincolati a mantenere lo stadio in funzione, un periodo ragionevole per realizzare i lavori di ristrutturazione \u00e8 di circa dieci anni&#8221;.<\/p>\n\n<p>Dal canto suo, l&#8217;AS Monaco, che non \u00e8 proprietaria dello stadio, ha voluto rassicurare tutti in occasione della serata dedicata agli abbonati tenutasi all&#8217;inizio della stagione.<\/p>\n\n<p>&#8220;<em>Questa \u00e8 una delle questioni pi\u00f9 importanti per la nostra crescita. Siamo di gran lunga i maggiori utenti dello stadio. Stiamo discutendo con le autorit\u00e0 monegasche per valutare i lavori da effettuare. \u00c8 un progetto complicato, ma \u00e8 gi\u00e0 in corso ed \u00e8 molto ambizioso&#8221;, <\/em>hanno dichiarato i dirigenti del club.<\/p>\n\n<h2 class=\"wp-block-heading\" id=\"h-de-nouvelles-buvettes-et-des-sieges-rouges-et-blancs\">Nuovi punti di ristoro e sedie bianche e rosse<\/h2>\n\n<p>Da parte loro, i fan hanno parecchie idee su come dare nuova vita a questo luogo mitico.<\/p>\n\n<p>Tra queste, la creazione di nuovi punti di ristoro e la sostituzione degli attuali sedili gialli con sedili nei colori dell&#8217;AS Monaco. Per la cronaca, il colore giallo fu una richiesta del Principe Ranieri III nel 1985, che voleva che il colore fosse lo stesso per tutti i palazzetti dello sport, come spiega Sylvie Bertrand. <em>&#8220;Penso che un giorno saranno cambiati, ma la scelta spetter\u00e0 al Principe Sovrano<\/em><em>&#8220;, <\/em>dice.<\/p>\n\n<blockquote class=\"twitter-tweet\"><p lang=\"fr\" dir=\"ltr\">Salut la communaut\u00e9 mon\u00e9gasque \ud83d\udc4b<br\/>Voici une proposition pour relooker un peu notre stade Louis II bien vieillissant, aux couleurs du club. J&#8217;ai beaucoup h\u00e9sit\u00e9 sur la couleur des si\u00e8ges, et j&#8217;h\u00e9site encore, alors vos remarques sont les bienvenues ! <br\/>RT appr\u00e9ci\u00e9\ud83d\udc4d<a href=\"https:\/\/twitter.com\/hashtag\/Daghe?src=hash&#038;ref_src=twsrc%5Etfw\">#Daghe<\/a>\ud83d\udd34\u26aa\ufe0f <a href=\"https:\/\/t.co\/XNQompnP3n\">pic.twitter.com\/XNQompnP3n<\/a><\/p>\u2014 Romain (@MilieuRelayeur) <a href=\"https:\/\/twitter.com\/MilieuRelayeur\/status\/1425826591318241295?ref_src=twsrc%5Etfw\">August 12, 2021<\/a><\/blockquote> <script async=\"\" src=\"https:\/\/platform.twitter.com\/widgets.js\" charset=\"utf-8\"><\/script>\r\n\n<p>Tuttavia, non si tratta di una questione nuova. Con degli striscioni, gli Ultras Monaco 1994 hanno ripetutamente espresso il loro desiderio di vedere dei seggiolini rossi e bianchi per il centenario del club, che si celebrer\u00e0 nel 2024.<\/p>\n\n<p><em>&#8220;L&#8217;inaugurazione dello stadio fu un momento fantastico<\/em><em>&#8220;<\/em>, ricorda Raymond Viano, <a href=\"https:\/\/www.monaco-tribune.com\/it\/2022\/12\/ristrutturazione-in-programma-per-lo-stadio-louis-ii-ecco-cosa-sappiamo\/\">abbonato dalla stagione 1965-1966<\/a>.<em>&#8220;Avevamo uno degli stadi pi\u00f9 belli d&#8217;Europa, persino gli inglesi rimasero impressionati quando lo videro. Ma lo stadio \u00e8 invecchiato male&#8221;.<\/em><\/p>\n\n<p>Michel Debrieuvre, membro del club dei tifosi dell&#8217;AS Monaco, invece, ha suggerito di aprire un ristorante al Louis-II, come gi\u00e0 successo in altri stadi, o quantomeno di aumentare il numero di punti di ristoro per evitare che vengano invasi.<\/p>\n\n<h2 class=\"wp-block-heading\" id=\"h-eviter-la-fermeture-complete\">Evitare la chiusura completa<\/h2>\n\n<p>Dopo ogni trasferta, vedendo che gli altri stadi di Ligue 1 sono stati ristrutturati, i tifosi del Monaco sperano che anche il Louis-II si rifaccia presto il look.<\/p>\n\n<blockquote class=\"twitter-tweet\"><p lang=\"fr\" dir=\"ltr\">Si\u00e8ges \u00abJaunes\u00bb en Loge\u2026\ud83d\ude21<br\/>Quelle honte d\u2019accueillir des VIP dans des si\u00e8ges aussi crades. Je ne parle m\u00eame pas de l\u2019\u00e9tat des couloirs pour acc\u00e9der aux loges et aux tribunes.Digne d\u2019un club de National et encore!<a href=\"https:\/\/twitter.com\/GvtMonaco?ref_src=twsrc%5Etfw\">@GvtMonaco<\/a> <a href=\"https:\/\/twitter.com\/AS_Monaco?ref_src=twsrc%5Etfw\">@AS_Monaco<\/a> <a href=\"https:\/\/t.co\/bBgLJQZdxV\">pic.twitter.com\/bBgLJQZdxV<\/a><\/p>\u2014 \ud83c\udfce\ud83c\uddf2\ud83c\udde8GlennTheBest\ud83c\uddf2\ud83c\udde8\u26bd\ufe0f (@glenthe_best) <a href=\"https:\/\/twitter.com\/glenthe_best\/status\/1453644919650799617?ref_src=twsrc%5Etfw\">October 28, 2021<\/a><\/blockquote> <script async=\"\" src=\"https:\/\/platform.twitter.com\/widgets.js\" charset=\"utf-8\"><\/script>\r\n\n<p>Come Tolosa, che ha rinnovato lo stadio, Angers, che ha ristrutturato quasi tutto lo stadio Raymond Kopa con nuovissimi sedili neri, o ancora Nizza, che gioca in un Allianz Riviera inaugurato meno di dieci anni fa: sono molti gli esempi che i tifosi del Monaco propongono per migliorare la struttura del Principato.<\/p>\n\n<p>Ma lo stadio Louis-II non \u00e8 l&#8217;unico che subir\u00e0 una metamorfosi: lo stadio Costi\u00e8res di N\u00eemes (inaugurato nel 1989) sar\u00e0 demolito nel 2023 e completamente ricostruito nel 2026. Lo stadio Fran\u00e7ois-Coty di Ajaccio (inaugurato nel 1962) ha recentemente lanciato un questionario online per i tifosi, per sapere quali migliorie vorrebbero veder realizzare dopo gli ultimi importanti lavori effettuati quest&#8217;estate.<\/p>\n\n<p>Di recente, lo stesso Principe Alberto II ha affrontato il tema del Louis-II in vista della Festa nazionale monegasca:&#8221;Capisco la frustrazione dei nostri tifosi, con cui voglio congratularmi per i 70 anni del loro club [dei tifosi, ndr] e per il loro fedele sostegno&#8221;, ha dichiarato a Monaco-Matin.<\/p>\n\n<p><span lang=\"IT\">&#8220;Lo stadio Louis-II non \u00e8 solo uno stadio di calcio, ma un complesso sportivo inaugurato nel 1985 con requisiti che non rispondono pi\u00f9 necessariamente alle esigenze di oggi. Questo non ci impedisce di accogliere gli sportivi comunque in ottime condizioni. Ma io stesso mi rendo conto che alcune aree dello stadio non sono invecchiate bene&#8221;.<\/span><\/p>\n\n<p>Una constatazione che potrebbe spingere il Governo ad agire in fretta. &#8220;L&#8217;edificio \u00e8 in fase di graduale ristrutturazione&#8221;, ha spiegato il Sovrano, &#8220;e sar\u00e0 senza dubbio necessario incrementare queste fasi di rinnovamento. Stiamo attualmente rivedendo il programma, lo stiamo aggiornando. Vogliamo evitare una chiusura completa dello stadio, ma trovare una soluzione a fasi che possa soddisfare tutti&#8221;.<\/p>\n\n<p>Ed \u00e8 proprio questa la vera sfida della modernizzazione dello stadio Louis-II: continuare ad accogliere tutte le discipline sportive e i tifosi durante i lavori di ristrutturazione.<\/p>\n\n<p><em>Con il contributo di <\/em><a href=\"https:\/\/www.monaco-tribune.com\/it\/author\/camilleesteve\/\"><em>Camille Esteve<\/em><\/a><\/p>\n","protected":false},"excerpt":{"rendered":"<p>L\u2019architettura pulita, la capacit\u00e0 di integrarsi nel paesaggio monegasco e quella di ospitare diverse infrastrutture all&#8217;interno dello stesso edificio. \u00c8 [&hellip;]<\/p>\n","protected":false},"author":24,"featured_media":47935,"comment_status":"closed","ping_status":"closed","sticky":false,"template":"","format":"standard","meta":{"_acf_changed":false,"footnotes":""},"categories":[1826,1738,1743],"tags":[2846],"post_sectags":[],"post_format":[2469],"class_list":["post-157366","post","type-post","status-publish","format-standard","has-post-thumbnail","hentry","category-la-nostra-scelta","category-notizie","category-sport-it","tag-as-monaco-it-2","format-analisi"],"acf":[],"yoast_head":"<!-- This site is optimized with the Yoast SEO Premium plugin v26.8 (Yoast SEO v27.4) - https:\/\/yoast.com\/product\/yoast-seo-premium-wordpress\/ -->\n<title>Ristrutturazione in programma per lo stadio Louis-II? Ecco cosa sappiamo<\/title>\n<meta name=\"description\" content=\"L\u2019architettura pulita, la capacit\u00e0 di integrarsi nel paesaggio monegasco e quella di ospitare diverse infrastrutture all&#039;interno dello stesso edificio. \u00c8\" \/>\n<meta name=\"robots\" content=\"index, follow, max-snippet:-1, max-image-preview:large, max-video-preview:-1\" \/>\n<link rel=\"canonical\" href=\"https:\/\/www.monaco-tribune.com\/it\/2022\/12\/ristrutturazione-in-programma-per-lo-stadio-louis-ii-ecco-cosa-sappiamo\/\" \/>\n<meta property=\"og:locale\" content=\"it_IT\" \/>\n<meta property=\"og:type\" content=\"article\" \/>\n<meta property=\"og:title\" content=\"Ristrutturazione in programma per lo stadio Louis-II? Ecco cosa sappiamo - Monaco Tribune\" \/>\n<meta property=\"og:description\" content=\"L\u2019architettura pulita, la capacit\u00e0 di integrarsi nel paesaggio monegasco e quella di ospitare diverse infrastrutture all&#039;interno dello stesso edificio. \u00c8\" \/>\n<meta property=\"og:url\" content=\"https:\/\/www.monaco-tribune.com\/it\/2022\/12\/ristrutturazione-in-programma-per-lo-stadio-louis-ii-ecco-cosa-sappiamo\/\" \/>\n<meta property=\"og:site_name\" content=\"Monaco Tribune\" \/>\n<meta property=\"article:publisher\" content=\"https:\/\/www.facebook.com\/MonacoTribune\" \/>\n<meta property=\"article:published_time\" content=\"2022-12-23T12:01:28+00:00\" \/>\n<meta property=\"article:modified_time\" content=\"2022-12-23T12:01:47+00:00\" \/>\n<meta property=\"og:image\" content=\"https:\/\/www.monaco-tribune.com\/wp-content\/uploads\/2020\/11\/stade-louis-ii-min.jpg\" \/>\n\t<meta property=\"og:image:width\" content=\"1200\" \/>\n\t<meta property=\"og:image:height\" content=\"672\" \/>\n\t<meta property=\"og:image:type\" content=\"image\/jpeg\" \/>\n<meta name=\"author\" content=\"Romain Boisaubert\" \/>\n<meta name=\"twitter:card\" content=\"summary_large_image\" \/>\n<meta name=\"twitter:creator\" content=\"@MonacoTribune\" \/>\n<meta name=\"twitter:site\" content=\"@MonacoTribune\" \/>\n<script type=\"application\/ld+json\" class=\"yoast-schema-graph\">{\"@context\":\"https:\\\/\\\/schema.org\",\"@graph\":[{\"@type\":\"NewsArticle\",\"@id\":\"https:\\\/\\\/www.monaco-tribune.com\\\/it\\\/2022\\\/12\\\/ristrutturazione-in-programma-per-lo-stadio-louis-ii-ecco-cosa-sappiamo\\\/#article\",\"isPartOf\":{\"@id\":\"https:\\\/\\\/www.monaco-tribune.com\\\/it\\\/2022\\\/12\\\/ristrutturazione-in-programma-per-lo-stadio-louis-ii-ecco-cosa-sappiamo\\\/\"},\"author\":{\"name\":\"Romain Boisaubert\",\"@id\":\"https:\\\/\\\/www.monaco-tribune.com\\\/it\\\/#\\\/schema\\\/person\\\/330a3732947cf8cb41b2533a0eadd62e\"},\"headline\":\"Ristrutturazione in programma per lo stadio Louis-II? Ecco cosa sappiamo\",\"datePublished\":\"2022-12-23T12:01:28+00:00\",\"dateModified\":\"2022-12-23T12:01:47+00:00\",\"mainEntityOfPage\":{\"@id\":\"https:\\\/\\\/www.monaco-tribune.com\\\/it\\\/2022\\\/12\\\/ristrutturazione-in-programma-per-lo-stadio-louis-ii-ecco-cosa-sappiamo\\\/\"},\"wordCount\":1752,\"publisher\":{\"@id\":\"https:\\\/\\\/www.monaco-tribune.com\\\/it\\\/#organization\"},\"image\":{\"@id\":\"https:\\\/\\\/www.monaco-tribune.com\\\/it\\\/2022\\\/12\\\/ristrutturazione-in-programma-per-lo-stadio-louis-ii-ecco-cosa-sappiamo\\\/#primaryimage\"},\"thumbnailUrl\":\"https:\\\/\\\/www.monaco-tribune.com\\\/wp-content\\\/uploads\\\/2020\\\/11\\\/stade-louis-ii-min.jpg\",\"keywords\":[\"AS Monaco\"],\"articleSection\":[\"La nostra scelta\",\"Notizie\",\"Sport\"],\"inLanguage\":\"it-IT\",\"copyrightYear\":\"2022\",\"copyrightHolder\":{\"@id\":\"https:\\\/\\\/www.monaco-tribune.com\\\/#organization\"}},{\"@type\":\"WebPage\",\"@id\":\"https:\\\/\\\/www.monaco-tribune.com\\\/it\\\/2022\\\/12\\\/ristrutturazione-in-programma-per-lo-stadio-louis-ii-ecco-cosa-sappiamo\\\/\",\"url\":\"https:\\\/\\\/www.monaco-tribune.com\\\/it\\\/2022\\\/12\\\/ristrutturazione-in-programma-per-lo-stadio-louis-ii-ecco-cosa-sappiamo\\\/\",\"name\":\"Ristrutturazione in programma per lo stadio Louis-II? Ecco cosa sappiamo\",\"isPartOf\":{\"@id\":\"https:\\\/\\\/www.monaco-tribune.com\\\/it\\\/#website\"},\"primaryImageOfPage\":{\"@id\":\"https:\\\/\\\/www.monaco-tribune.com\\\/it\\\/2022\\\/12\\\/ristrutturazione-in-programma-per-lo-stadio-louis-ii-ecco-cosa-sappiamo\\\/#primaryimage\"},\"image\":{\"@id\":\"https:\\\/\\\/www.monaco-tribune.com\\\/it\\\/2022\\\/12\\\/ristrutturazione-in-programma-per-lo-stadio-louis-ii-ecco-cosa-sappiamo\\\/#primaryimage\"},\"thumbnailUrl\":\"https:\\\/\\\/www.monaco-tribune.com\\\/wp-content\\\/uploads\\\/2020\\\/11\\\/stade-louis-ii-min.jpg\",\"datePublished\":\"2022-12-23T12:01:28+00:00\",\"dateModified\":\"2022-12-23T12:01:47+00:00\",\"description\":\"L\u2019architettura pulita, la capacit\u00e0 di integrarsi nel paesaggio monegasco e quella di ospitare diverse infrastrutture all'interno dello stesso edificio. \u00c8\",\"breadcrumb\":{\"@id\":\"https:\\\/\\\/www.monaco-tribune.com\\\/it\\\/2022\\\/12\\\/ristrutturazione-in-programma-per-lo-stadio-louis-ii-ecco-cosa-sappiamo\\\/#breadcrumb\"},\"inLanguage\":\"it-IT\",\"potentialAction\":[{\"@type\":\"ReadAction\",\"target\":[\"https:\\\/\\\/www.monaco-tribune.com\\\/it\\\/2022\\\/12\\\/ristrutturazione-in-programma-per-lo-stadio-louis-ii-ecco-cosa-sappiamo\\\/\"]}]},{\"@type\":\"ImageObject\",\"inLanguage\":\"it-IT\",\"@id\":\"https:\\\/\\\/www.monaco-tribune.com\\\/it\\\/2022\\\/12\\\/ristrutturazione-in-programma-per-lo-stadio-louis-ii-ecco-cosa-sappiamo\\\/#primaryimage\",\"url\":\"https:\\\/\\\/www.monaco-tribune.com\\\/wp-content\\\/uploads\\\/2020\\\/11\\\/stade-louis-ii-min.jpg\",\"contentUrl\":\"https:\\\/\\\/www.monaco-tribune.com\\\/wp-content\\\/uploads\\\/2020\\\/11\\\/stade-louis-ii-min.jpg\",\"width\":1200,\"height\":672,\"caption\":\"stadio monaco monte-carlo\"},{\"@type\":\"BreadcrumbList\",\"@id\":\"https:\\\/\\\/www.monaco-tribune.com\\\/it\\\/2022\\\/12\\\/ristrutturazione-in-programma-per-lo-stadio-louis-ii-ecco-cosa-sappiamo\\\/#breadcrumb\",\"itemListElement\":[{\"@type\":\"ListItem\",\"position\":1,\"name\":\"Accueil\",\"item\":\"https:\\\/\\\/www.monaco-tribune.com\\\/it\\\/\"},{\"@type\":\"ListItem\",\"position\":2,\"name\":\"Ristrutturazione in programma per lo stadio Louis-II? Ecco cosa sappiamo\"}]},{\"@type\":\"WebSite\",\"@id\":\"https:\\\/\\\/www.monaco-tribune.com\\\/it\\\/#website\",\"url\":\"https:\\\/\\\/www.monaco-tribune.com\\\/it\\\/\",\"name\":\"Monaco Tribune\",\"description\":\"Monaco : actualit\u00e9s \u00e9conomiques, politiques, culturelles et sportives de Monaco et de la French Riviera.\",\"publisher\":{\"@id\":\"https:\\\/\\\/www.monaco-tribune.com\\\/it\\\/#organization\"},\"potentialAction\":[{\"@type\":\"SearchAction\",\"target\":{\"@type\":\"EntryPoint\",\"urlTemplate\":\"https:\\\/\\\/www.monaco-tribune.com\\\/it\\\/?s={search_term_string}\"},\"query-input\":{\"@type\":\"PropertyValueSpecification\",\"valueRequired\":true,\"valueName\":\"search_term_string\"}}],\"inLanguage\":\"it-IT\"},{\"@type\":\"Organization\",\"@id\":\"https:\\\/\\\/www.monaco-tribune.com\\\/it\\\/#organization\",\"name\":\"Monaco Tribune\",\"url\":\"https:\\\/\\\/www.monaco-tribune.com\\\/it\\\/\",\"logo\":{\"@type\":\"ImageObject\",\"inLanguage\":\"it-IT\",\"@id\":\"https:\\\/\\\/www.monaco-tribune.com\\\/it\\\/#\\\/schema\\\/logo\\\/image\\\/\",\"url\":\"https:\\\/\\\/www.monaco-tribune.com\\\/wp-content\\\/uploads\\\/2022\\\/11\\\/logo-monaco-tribune.png\",\"contentUrl\":\"https:\\\/\\\/www.monaco-tribune.com\\\/wp-content\\\/uploads\\\/2022\\\/11\\\/logo-monaco-tribune.png\",\"width\":1548,\"height\":600,\"caption\":\"Monaco Tribune\"},\"image\":{\"@id\":\"https:\\\/\\\/www.monaco-tribune.com\\\/it\\\/#\\\/schema\\\/logo\\\/image\\\/\"},\"sameAs\":[\"https:\\\/\\\/www.facebook.com\\\/MonacoTribune\",\"https:\\\/\\\/x.com\\\/MonacoTribune\",\"https:\\\/\\\/www.instagram.com\\\/monacotribune\\\/\",\"https:\\\/\\\/www.linkedin.com\\\/company\\\/monaco-tribune\",\"https:\\\/\\\/www.youtube.com\\\/channel\\\/UCHle1MnG6hw1y4lWKijVbMA\"]},{\"@type\":\"Person\",\"@id\":\"https:\\\/\\\/www.monaco-tribune.com\\\/it\\\/#\\\/schema\\\/person\\\/330a3732947cf8cb41b2533a0eadd62e\",\"name\":\"Romain Boisaubert\",\"image\":{\"@type\":\"ImageObject\",\"inLanguage\":\"it-IT\",\"@id\":\"https:\\\/\\\/secure.gravatar.com\\\/avatar\\\/f8b90d41f1eabd1cbe4cf59e09d8db41a697d51919bf2dfe727589a24a4a4d54?s=96&d=mm&r=g\",\"url\":\"https:\\\/\\\/secure.gravatar.com\\\/avatar\\\/f8b90d41f1eabd1cbe4cf59e09d8db41a697d51919bf2dfe727589a24a4a4d54?s=96&d=mm&r=g\",\"contentUrl\":\"https:\\\/\\\/secure.gravatar.com\\\/avatar\\\/f8b90d41f1eabd1cbe4cf59e09d8db41a697d51919bf2dfe727589a24a4a4d54?s=96&d=mm&r=g\",\"caption\":\"Romain Boisaubert\"},\"description\":\"Test bio\",\"url\":\"https:\\\/\\\/www.monaco-tribune.com\\\/it\\\/author\\\/romain-boisaubert\\\/\"}]}<\/script>\n<!-- \/ Yoast SEO Premium plugin. -->","yoast_head_json":{"title":"Ristrutturazione in programma per lo stadio Louis-II? Ecco cosa sappiamo","description":"L\u2019architettura pulita, la capacit\u00e0 di integrarsi nel paesaggio monegasco e quella di ospitare diverse infrastrutture all'interno dello stesso edificio. \u00c8","robots":{"index":"index","follow":"follow","max-snippet":"max-snippet:-1","max-image-preview":"max-image-preview:large","max-video-preview":"max-video-preview:-1"},"canonical":"https:\/\/www.monaco-tribune.com\/it\/2022\/12\/ristrutturazione-in-programma-per-lo-stadio-louis-ii-ecco-cosa-sappiamo\/","og_locale":"it_IT","og_type":"article","og_title":"Ristrutturazione in programma per lo stadio Louis-II? Ecco cosa sappiamo - Monaco Tribune","og_description":"L\u2019architettura pulita, la capacit\u00e0 di integrarsi nel paesaggio monegasco e quella di ospitare diverse infrastrutture all'interno dello stesso edificio. \u00c8","og_url":"https:\/\/www.monaco-tribune.com\/it\/2022\/12\/ristrutturazione-in-programma-per-lo-stadio-louis-ii-ecco-cosa-sappiamo\/","og_site_name":"Monaco Tribune","article_publisher":"https:\/\/www.facebook.com\/MonacoTribune","article_published_time":"2022-12-23T12:01:28+00:00","article_modified_time":"2022-12-23T12:01:47+00:00","og_image":[{"width":1200,"height":672,"url":"https:\/\/www.monaco-tribune.com\/wp-content\/uploads\/2020\/11\/stade-louis-ii-min.jpg","type":"image\/jpeg"}],"author":"Romain Boisaubert","twitter_card":"summary_large_image","twitter_creator":"@MonacoTribune","twitter_site":"@MonacoTribune","schema":{"@context":"https:\/\/schema.org","@graph":[{"@type":"NewsArticle","@id":"https:\/\/www.monaco-tribune.com\/it\/2022\/12\/ristrutturazione-in-programma-per-lo-stadio-louis-ii-ecco-cosa-sappiamo\/#article","isPartOf":{"@id":"https:\/\/www.monaco-tribune.com\/it\/2022\/12\/ristrutturazione-in-programma-per-lo-stadio-louis-ii-ecco-cosa-sappiamo\/"},"author":{"name":"Romain Boisaubert","@id":"https:\/\/www.monaco-tribune.com\/it\/#\/schema\/person\/330a3732947cf8cb41b2533a0eadd62e"},"headline":"Ristrutturazione in programma per lo stadio Louis-II? Ecco cosa sappiamo","datePublished":"2022-12-23T12:01:28+00:00","dateModified":"2022-12-23T12:01:47+00:00","mainEntityOfPage":{"@id":"https:\/\/www.monaco-tribune.com\/it\/2022\/12\/ristrutturazione-in-programma-per-lo-stadio-louis-ii-ecco-cosa-sappiamo\/"},"wordCount":1752,"publisher":{"@id":"https:\/\/www.monaco-tribune.com\/it\/#organization"},"image":{"@id":"https:\/\/www.monaco-tribune.com\/it\/2022\/12\/ristrutturazione-in-programma-per-lo-stadio-louis-ii-ecco-cosa-sappiamo\/#primaryimage"},"thumbnailUrl":"https:\/\/www.monaco-tribune.com\/wp-content\/uploads\/2020\/11\/stade-louis-ii-min.jpg","keywords":["AS Monaco"],"articleSection":["La nostra scelta","Notizie","Sport"],"inLanguage":"it-IT","copyrightYear":"2022","copyrightHolder":{"@id":"https:\/\/www.monaco-tribune.com\/#organization"}},{"@type":"WebPage","@id":"https:\/\/www.monaco-tribune.com\/it\/2022\/12\/ristrutturazione-in-programma-per-lo-stadio-louis-ii-ecco-cosa-sappiamo\/","url":"https:\/\/www.monaco-tribune.com\/it\/2022\/12\/ristrutturazione-in-programma-per-lo-stadio-louis-ii-ecco-cosa-sappiamo\/","name":"Ristrutturazione in programma per lo stadio Louis-II? Ecco cosa sappiamo","isPartOf":{"@id":"https:\/\/www.monaco-tribune.com\/it\/#website"},"primaryImageOfPage":{"@id":"https:\/\/www.monaco-tribune.com\/it\/2022\/12\/ristrutturazione-in-programma-per-lo-stadio-louis-ii-ecco-cosa-sappiamo\/#primaryimage"},"image":{"@id":"https:\/\/www.monaco-tribune.com\/it\/2022\/12\/ristrutturazione-in-programma-per-lo-stadio-louis-ii-ecco-cosa-sappiamo\/#primaryimage"},"thumbnailUrl":"https:\/\/www.monaco-tribune.com\/wp-content\/uploads\/2020\/11\/stade-louis-ii-min.jpg","datePublished":"2022-12-23T12:01:28+00:00","dateModified":"2022-12-23T12:01:47+00:00","description":"L\u2019architettura pulita, la capacit\u00e0 di integrarsi nel paesaggio monegasco e quella di ospitare diverse infrastrutture all'interno dello stesso edificio. \u00c8","breadcrumb":{"@id":"https:\/\/www.monaco-tribune.com\/it\/2022\/12\/ristrutturazione-in-programma-per-lo-stadio-louis-ii-ecco-cosa-sappiamo\/#breadcrumb"},"inLanguage":"it-IT","potentialAction":[{"@type":"ReadAction","target":["https:\/\/www.monaco-tribune.com\/it\/2022\/12\/ristrutturazione-in-programma-per-lo-stadio-louis-ii-ecco-cosa-sappiamo\/"]}]},{"@type":"ImageObject","inLanguage":"it-IT","@id":"https:\/\/www.monaco-tribune.com\/it\/2022\/12\/ristrutturazione-in-programma-per-lo-stadio-louis-ii-ecco-cosa-sappiamo\/#primaryimage","url":"https:\/\/www.monaco-tribune.com\/wp-content\/uploads\/2020\/11\/stade-louis-ii-min.jpg","contentUrl":"https:\/\/www.monaco-tribune.com\/wp-content\/uploads\/2020\/11\/stade-louis-ii-min.jpg","width":1200,"height":672,"caption":"stadio monaco monte-carlo"},{"@type":"BreadcrumbList","@id":"https:\/\/www.monaco-tribune.com\/it\/2022\/12\/ristrutturazione-in-programma-per-lo-stadio-louis-ii-ecco-cosa-sappiamo\/#breadcrumb","itemListElement":[{"@type":"ListItem","position":1,"name":"Accueil","item":"https:\/\/www.monaco-tribune.com\/it\/"},{"@type":"ListItem","position":2,"name":"Ristrutturazione in programma per lo stadio Louis-II? Ecco cosa sappiamo"}]},{"@type":"WebSite","@id":"https:\/\/www.monaco-tribune.com\/it\/#website","url":"https:\/\/www.monaco-tribune.com\/it\/","name":"Monaco Tribune","description":"Monaco : actualit\u00e9s \u00e9conomiques, politiques, culturelles et sportives de Monaco et de la French Riviera.","publisher":{"@id":"https:\/\/www.monaco-tribune.com\/it\/#organization"},"potentialAction":[{"@type":"SearchAction","target":{"@type":"EntryPoint","urlTemplate":"https:\/\/www.monaco-tribune.com\/it\/?s={search_term_string}"},"query-input":{"@type":"PropertyValueSpecification","valueRequired":true,"valueName":"search_term_string"}}],"inLanguage":"it-IT"},{"@type":"Organization","@id":"https:\/\/www.monaco-tribune.com\/it\/#organization","name":"Monaco Tribune","url":"https:\/\/www.monaco-tribune.com\/it\/","logo":{"@type":"ImageObject","inLanguage":"it-IT","@id":"https:\/\/www.monaco-tribune.com\/it\/#\/schema\/logo\/image\/","url":"https:\/\/www.monaco-tribune.com\/wp-content\/uploads\/2022\/11\/logo-monaco-tribune.png","contentUrl":"https:\/\/www.monaco-tribune.com\/wp-content\/uploads\/2022\/11\/logo-monaco-tribune.png","width":1548,"height":600,"caption":"Monaco Tribune"},"image":{"@id":"https:\/\/www.monaco-tribune.com\/it\/#\/schema\/logo\/image\/"},"sameAs":["https:\/\/www.facebook.com\/MonacoTribune","https:\/\/x.com\/MonacoTribune","https:\/\/www.instagram.com\/monacotribune\/","https:\/\/www.linkedin.com\/company\/monaco-tribune","https:\/\/www.youtube.com\/channel\/UCHle1MnG6hw1y4lWKijVbMA"]},{"@type":"Person","@id":"https:\/\/www.monaco-tribune.com\/it\/#\/schema\/person\/330a3732947cf8cb41b2533a0eadd62e","name":"Romain Boisaubert","image":{"@type":"ImageObject","inLanguage":"it-IT","@id":"https:\/\/secure.gravatar.com\/avatar\/f8b90d41f1eabd1cbe4cf59e09d8db41a697d51919bf2dfe727589a24a4a4d54?s=96&d=mm&r=g","url":"https:\/\/secure.gravatar.com\/avatar\/f8b90d41f1eabd1cbe4cf59e09d8db41a697d51919bf2dfe727589a24a4a4d54?s=96&d=mm&r=g","contentUrl":"https:\/\/secure.gravatar.com\/avatar\/f8b90d41f1eabd1cbe4cf59e09d8db41a697d51919bf2dfe727589a24a4a4d54?s=96&d=mm&r=g","caption":"Romain Boisaubert"},"description":"Test bio","url":"https:\/\/www.monaco-tribune.com\/it\/author\/romain-boisaubert\/"}]}},"_links":{"self":[{"href":"https:\/\/www.monaco-tribune.com\/it\/wp-json\/wp\/v2\/posts\/157366","targetHints":{"allow":["GET"]}}],"collection":[{"href":"https:\/\/www.monaco-tribune.com\/it\/wp-json\/wp\/v2\/posts"}],"about":[{"href":"https:\/\/www.monaco-tribune.com\/it\/wp-json\/wp\/v2\/types\/post"}],"author":[{"embeddable":true,"href":"https:\/\/www.monaco-tribune.com\/it\/wp-json\/wp\/v2\/users\/24"}],"replies":[{"embeddable":true,"href":"https:\/\/www.monaco-tribune.com\/it\/wp-json\/wp\/v2\/comments?post=157366"}],"version-history":[{"count":0,"href":"https:\/\/www.monaco-tribune.com\/it\/wp-json\/wp\/v2\/posts\/157366\/revisions"}],"wp:featuredmedia":[{"embeddable":true,"href":"https:\/\/www.monaco-tribune.com\/it\/wp-json\/wp\/v2\/media\/47935"}],"wp:attachment":[{"href":"https:\/\/www.monaco-tribune.com\/it\/wp-json\/wp\/v2\/media?parent=157366"}],"wp:term":[{"taxonomy":"category","embeddable":true,"href":"https:\/\/www.monaco-tribune.com\/it\/wp-json\/wp\/v2\/categories?post=157366"},{"taxonomy":"post_tag","embeddable":true,"href":"https:\/\/www.monaco-tribune.com\/it\/wp-json\/wp\/v2\/tags?post=157366"},{"taxonomy":"sectag","embeddable":true,"href":"https:\/\/www.monaco-tribune.com\/it\/wp-json\/wp\/v2\/post_sectags?post=157366"},{"taxonomy":"format","embeddable":true,"href":"https:\/\/www.monaco-tribune.com\/it\/wp-json\/wp\/v2\/post_format?post=157366"}],"curies":[{"name":"wp","href":"https:\/\/api.w.org\/{rel}","templated":true}]}}