{"id":158196,"date":"2022-12-29T19:16:17","date_gmt":"2022-12-29T18:16:17","guid":{"rendered":"https:\/\/www.monaco-tribune.com\/2022\/12\/scompare-monsignor-bernard-barsi-arcivescovo-emerito-di-monaco\/"},"modified":"2022-12-29T19:18:49","modified_gmt":"2022-12-29T18:18:49","slug":"scompare-monsignor-bernard-barsi-arcivescovo-emerito-di-monaco","status":"publish","type":"post","link":"https:\/\/www.monaco-tribune.com\/it\/2022\/12\/scompare-monsignor-bernard-barsi-arcivescovo-emerito-di-monaco\/","title":{"rendered":"Scompare Monsignor Bernard Barsi, arcivescovo emerito di Monaco"},"content":{"rendered":"\n<p><strong>La notizia ha rattristato la Coppia Principesca e il Governo di Monaco.<\/strong><\/p>\n\n<p>Il vescovo Bernard Barsi \u00e8 morto mercoled\u00ec a Nizza in seguito a un attacco cardiaco che l&#8217;ha colpito durante la vigilia di Natale. L&#8217;arcivescovo emerito di 80 anni era andato in pensione nel 2020. Il Palazzo del Principe ha inviato un telegramma ufficiale all&#8217;annuncio della sua morte.<\/p>\n\n<p>&#8220;Il Principe Alberto II e la Principessa Charl\u00e8ne hanno appreso con profonda tristezza e commozione della scomparsa improvvisa di Monsignor Bernard Barsi, Arcivescovo emerito di Monaco. Originario di Nizza e profondamente legato a Mentone, monsignor Barsi era conosciuto e amato nella regione, dati i diversi ministeri parrocchiali svolti prima di essere nominato arcivescovo di Monaco da Papa Giovanni Paolo II. In questo momento di dolore, il Principe e la Principessa desiderano onorare la memoria di colui che, per oltre vent&#8217;anni, ha accompagnato la Famiglia Sovrana, a livello spirituale e pastorale, nei momenti pi\u00f9 significativi della storia recente del Principato.<\/p>\n\n<p>Il Principe Alberto II e la Principessa Charl\u00e8ne, a nome proprio e del popolo monegasco, rivolgono le loro preghiere e le loro pi\u00f9 sentite condoglianze alla famiglia di Monsignor Bernard Barsi, al clero e ai laici a lui cari&#8221;.<\/p>\n\n<p>Il Governo del Principe ha presentato inoltre &#8220;le sue pi\u00f9 sincere condoglianze alla famiglia, cos\u00ec come ai membri della Diocesi di Monaco e alla comunit\u00e0 cattolica del Principato&#8221;.<\/p>\n","protected":false},"excerpt":{"rendered":"<p>La notizia ha rattristato la Coppia Principesca e il Governo di Monaco. Il vescovo Bernard Barsi \u00e8 morto mercoled\u00ec a [&hellip;]<\/p>\n","protected":false},"author":65,"featured_media":158099,"comment_status":"closed","ping_status":"closed","sticky":false,"template":"","format":"standard","meta":{"_acf_changed":false,"footnotes":""},"categories":[1738,1752],"tags":[],"post_sectags":[],"post_format":[2478],"class_list":["post-158196","post","type-post","status-publish","format-standard","has-post-thumbnail","hentry","category-notizie","category-societa","format-notizia"],"acf":[],"yoast_head":"<!-- This site is optimized with the Yoast SEO Premium plugin v26.8 (Yoast SEO v27.5) - https:\/\/yoast.com\/product\/yoast-seo-premium-wordpress\/ -->\n<title>Scompare Monsignor Bernard Barsi, arcivescovo emerito di Monaco<\/title>\n<meta name=\"description\" content=\"La notizia ha rattristato la Coppia Principesca e il Governo di Monaco. Il vescovo Bernard Barsi \u00e8 morto mercoled\u00ec a Nizza in seguito a un attacco\" \/>\n<meta name=\"robots\" content=\"index, follow, max-snippet:-1, max-image-preview:large, max-video-preview:-1\" \/>\n<link rel=\"canonical\" href=\"https:\/\/www.monaco-tribune.com\/it\/2022\/12\/scompare-monsignor-bernard-barsi-arcivescovo-emerito-di-monaco\/\" \/>\n<meta property=\"og:locale\" content=\"it_IT\" \/>\n<meta property=\"og:type\" content=\"article\" \/>\n<meta property=\"og:title\" content=\"Scompare Monsignor Bernard Barsi, arcivescovo emerito di Monaco - Monaco Tribune\" \/>\n<meta property=\"og:description\" content=\"La notizia ha rattristato la Coppia Principesca e il Governo di Monaco. Il vescovo Bernard Barsi \u00e8 morto mercoled\u00ec a Nizza in seguito a un attacco\" \/>\n<meta property=\"og:url\" content=\"https:\/\/www.monaco-tribune.com\/it\/2022\/12\/scompare-monsignor-bernard-barsi-arcivescovo-emerito-di-monaco\/\" \/>\n<meta property=\"og:site_name\" content=\"Monaco Tribune\" \/>\n<meta property=\"article:publisher\" content=\"https:\/\/www.facebook.com\/MonacoTribune\" \/>\n<meta property=\"article:published_time\" content=\"2022-12-29T18:16:17+00:00\" \/>\n<meta property=\"article:modified_time\" content=\"2022-12-29T18:18:49+00:00\" \/>\n<meta property=\"og:image\" content=\"https:\/\/www.monaco-tribune.com\/wp-content\/uploads\/2022\/12\/bernard-barsi-archeveque-compressed-e1672314743437.jpg\" \/>\n\t<meta property=\"og:image:width\" content=\"2048\" \/>\n\t<meta property=\"og:image:height\" content=\"1363\" \/>\n\t<meta property=\"og:image:type\" content=\"image\/jpeg\" \/>\n<meta name=\"author\" content=\"Paul Charoy\" \/>\n<meta name=\"twitter:card\" content=\"summary_large_image\" \/>\n<meta name=\"twitter:creator\" content=\"@MonacoTribune\" \/>\n<meta name=\"twitter:site\" content=\"@MonacoTribune\" \/>\n<script type=\"application\/ld+json\" class=\"yoast-schema-graph\">{\"@context\":\"https:\\\/\\\/schema.org\",\"@graph\":[{\"@type\":\"NewsArticle\",\"@id\":\"https:\\\/\\\/www.monaco-tribune.com\\\/it\\\/2022\\\/12\\\/scompare-monsignor-bernard-barsi-arcivescovo-emerito-di-monaco\\\/#article\",\"isPartOf\":{\"@id\":\"https:\\\/\\\/www.monaco-tribune.com\\\/it\\\/2022\\\/12\\\/scompare-monsignor-bernard-barsi-arcivescovo-emerito-di-monaco\\\/\"},\"author\":{\"name\":\"Paul Charoy\",\"@id\":\"https:\\\/\\\/www.monaco-tribune.com\\\/it\\\/#\\\/schema\\\/person\\\/c33a9f1bc99ef5a2e07d37c576060b57\"},\"headline\":\"Scompare Monsignor Bernard Barsi, arcivescovo emerito di Monaco\",\"datePublished\":\"2022-12-29T18:16:17+00:00\",\"dateModified\":\"2022-12-29T18:18:49+00:00\",\"mainEntityOfPage\":{\"@id\":\"https:\\\/\\\/www.monaco-tribune.com\\\/it\\\/2022\\\/12\\\/scompare-monsignor-bernard-barsi-arcivescovo-emerito-di-monaco\\\/\"},\"wordCount\":236,\"publisher\":{\"@id\":\"https:\\\/\\\/www.monaco-tribune.com\\\/it\\\/#organization\"},\"image\":{\"@id\":\"https:\\\/\\\/www.monaco-tribune.com\\\/it\\\/2022\\\/12\\\/scompare-monsignor-bernard-barsi-arcivescovo-emerito-di-monaco\\\/#primaryimage\"},\"thumbnailUrl\":\"https:\\\/\\\/www.monaco-tribune.com\\\/wp-content\\\/uploads\\\/2022\\\/12\\\/bernard-barsi-archeveque-compressed-e1672314743437.jpg\",\"articleSection\":[\"Notizie\",\"Societ\u00e0\"],\"inLanguage\":\"it-IT\",\"copyrightYear\":\"2022\",\"copyrightHolder\":{\"@id\":\"https:\\\/\\\/www.monaco-tribune.com\\\/#organization\"}},{\"@type\":\"WebPage\",\"@id\":\"https:\\\/\\\/www.monaco-tribune.com\\\/it\\\/2022\\\/12\\\/scompare-monsignor-bernard-barsi-arcivescovo-emerito-di-monaco\\\/\",\"url\":\"https:\\\/\\\/www.monaco-tribune.com\\\/it\\\/2022\\\/12\\\/scompare-monsignor-bernard-barsi-arcivescovo-emerito-di-monaco\\\/\",\"name\":\"Scompare Monsignor Bernard Barsi, arcivescovo emerito di Monaco\",\"isPartOf\":{\"@id\":\"https:\\\/\\\/www.monaco-tribune.com\\\/it\\\/#website\"},\"primaryImageOfPage\":{\"@id\":\"https:\\\/\\\/www.monaco-tribune.com\\\/it\\\/2022\\\/12\\\/scompare-monsignor-bernard-barsi-arcivescovo-emerito-di-monaco\\\/#primaryimage\"},\"image\":{\"@id\":\"https:\\\/\\\/www.monaco-tribune.com\\\/it\\\/2022\\\/12\\\/scompare-monsignor-bernard-barsi-arcivescovo-emerito-di-monaco\\\/#primaryimage\"},\"thumbnailUrl\":\"https:\\\/\\\/www.monaco-tribune.com\\\/wp-content\\\/uploads\\\/2022\\\/12\\\/bernard-barsi-archeveque-compressed-e1672314743437.jpg\",\"datePublished\":\"2022-12-29T18:16:17+00:00\",\"dateModified\":\"2022-12-29T18:18:49+00:00\",\"description\":\"La notizia ha rattristato la Coppia Principesca e il Governo di Monaco. Il vescovo Bernard Barsi \u00e8 morto mercoled\u00ec a Nizza in seguito a un attacco\",\"breadcrumb\":{\"@id\":\"https:\\\/\\\/www.monaco-tribune.com\\\/it\\\/2022\\\/12\\\/scompare-monsignor-bernard-barsi-arcivescovo-emerito-di-monaco\\\/#breadcrumb\"},\"inLanguage\":\"it-IT\",\"potentialAction\":[{\"@type\":\"ReadAction\",\"target\":[\"https:\\\/\\\/www.monaco-tribune.com\\\/it\\\/2022\\\/12\\\/scompare-monsignor-bernard-barsi-arcivescovo-emerito-di-monaco\\\/\"]}]},{\"@type\":\"ImageObject\",\"inLanguage\":\"it-IT\",\"@id\":\"https:\\\/\\\/www.monaco-tribune.com\\\/it\\\/2022\\\/12\\\/scompare-monsignor-bernard-barsi-arcivescovo-emerito-di-monaco\\\/#primaryimage\",\"url\":\"https:\\\/\\\/www.monaco-tribune.com\\\/wp-content\\\/uploads\\\/2022\\\/12\\\/bernard-barsi-archeveque-compressed-e1672314743437.jpg\",\"contentUrl\":\"https:\\\/\\\/www.monaco-tribune.com\\\/wp-content\\\/uploads\\\/2022\\\/12\\\/bernard-barsi-archeveque-compressed-e1672314743437.jpg\",\"width\":2048,\"height\":1363,\"caption\":\"Mons. Bernard Barsi si era ritirato nel 2020. \u00a9DR\"},{\"@type\":\"BreadcrumbList\",\"@id\":\"https:\\\/\\\/www.monaco-tribune.com\\\/it\\\/2022\\\/12\\\/scompare-monsignor-bernard-barsi-arcivescovo-emerito-di-monaco\\\/#breadcrumb\",\"itemListElement\":[{\"@type\":\"ListItem\",\"position\":1,\"name\":\"Accueil\",\"item\":\"https:\\\/\\\/www.monaco-tribune.com\\\/it\\\/\"},{\"@type\":\"ListItem\",\"position\":2,\"name\":\"Scompare Monsignor Bernard Barsi, arcivescovo emerito di Monaco\"}]},{\"@type\":\"WebSite\",\"@id\":\"https:\\\/\\\/www.monaco-tribune.com\\\/it\\\/#website\",\"url\":\"https:\\\/\\\/www.monaco-tribune.com\\\/it\\\/\",\"name\":\"Monaco Tribune\",\"description\":\"Monaco : actualit\u00e9s \u00e9conomiques, politiques, culturelles et sportives de Monaco et de la French Riviera.\",\"publisher\":{\"@id\":\"https:\\\/\\\/www.monaco-tribune.com\\\/it\\\/#organization\"},\"potentialAction\":[{\"@type\":\"SearchAction\",\"target\":{\"@type\":\"EntryPoint\",\"urlTemplate\":\"https:\\\/\\\/www.monaco-tribune.com\\\/it\\\/?s={search_term_string}\"},\"query-input\":{\"@type\":\"PropertyValueSpecification\",\"valueRequired\":true,\"valueName\":\"search_term_string\"}}],\"inLanguage\":\"it-IT\"},{\"@type\":\"Organization\",\"@id\":\"https:\\\/\\\/www.monaco-tribune.com\\\/it\\\/#organization\",\"name\":\"Monaco Tribune\",\"url\":\"https:\\\/\\\/www.monaco-tribune.com\\\/it\\\/\",\"logo\":{\"@type\":\"ImageObject\",\"inLanguage\":\"it-IT\",\"@id\":\"https:\\\/\\\/www.monaco-tribune.com\\\/it\\\/#\\\/schema\\\/logo\\\/image\\\/\",\"url\":\"https:\\\/\\\/www.monaco-tribune.com\\\/wp-content\\\/uploads\\\/2022\\\/11\\\/logo-monaco-tribune.png\",\"contentUrl\":\"https:\\\/\\\/www.monaco-tribune.com\\\/wp-content\\\/uploads\\\/2022\\\/11\\\/logo-monaco-tribune.png\",\"width\":1548,\"height\":600,\"caption\":\"Monaco Tribune\"},\"image\":{\"@id\":\"https:\\\/\\\/www.monaco-tribune.com\\\/it\\\/#\\\/schema\\\/logo\\\/image\\\/\"},\"sameAs\":[\"https:\\\/\\\/www.facebook.com\\\/MonacoTribune\",\"https:\\\/\\\/x.com\\\/MonacoTribune\",\"https:\\\/\\\/www.instagram.com\\\/monacotribune\\\/\",\"https:\\\/\\\/www.linkedin.com\\\/company\\\/monaco-tribune\",\"https:\\\/\\\/www.youtube.com\\\/channel\\\/UCHle1MnG6hw1y4lWKijVbMA\"]},{\"@type\":\"Person\",\"@id\":\"https:\\\/\\\/www.monaco-tribune.com\\\/it\\\/#\\\/schema\\\/person\\\/c33a9f1bc99ef5a2e07d37c576060b57\",\"name\":\"Paul Charoy\",\"image\":{\"@type\":\"ImageObject\",\"inLanguage\":\"it-IT\",\"@id\":\"https:\\\/\\\/secure.gravatar.com\\\/avatar\\\/c3a39fd900275d54a628738568f1949e90ce9945d105d000228335a7bad64b38?s=96&d=mm&r=g\",\"url\":\"https:\\\/\\\/secure.gravatar.com\\\/avatar\\\/c3a39fd900275d54a628738568f1949e90ce9945d105d000228335a7bad64b38?s=96&d=mm&r=g\",\"contentUrl\":\"https:\\\/\\\/secure.gravatar.com\\\/avatar\\\/c3a39fd900275d54a628738568f1949e90ce9945d105d000228335a7bad64b38?s=96&d=mm&r=g\",\"caption\":\"Paul Charoy\"},\"url\":\"https:\\\/\\\/www.monaco-tribune.com\\\/it\\\/author\\\/paulcharoy\\\/\"}]}<\/script>\n<!-- \/ Yoast SEO Premium plugin. -->","yoast_head_json":{"title":"Scompare Monsignor Bernard Barsi, arcivescovo emerito di Monaco","description":"La notizia ha rattristato la Coppia Principesca e il Governo di Monaco. Il vescovo Bernard Barsi \u00e8 morto mercoled\u00ec a Nizza in seguito a un attacco","robots":{"index":"index","follow":"follow","max-snippet":"max-snippet:-1","max-image-preview":"max-image-preview:large","max-video-preview":"max-video-preview:-1"},"canonical":"https:\/\/www.monaco-tribune.com\/it\/2022\/12\/scompare-monsignor-bernard-barsi-arcivescovo-emerito-di-monaco\/","og_locale":"it_IT","og_type":"article","og_title":"Scompare Monsignor Bernard Barsi, arcivescovo emerito di Monaco - Monaco Tribune","og_description":"La notizia ha rattristato la Coppia Principesca e il Governo di Monaco. Il vescovo Bernard Barsi \u00e8 morto mercoled\u00ec a Nizza in seguito a un attacco","og_url":"https:\/\/www.monaco-tribune.com\/it\/2022\/12\/scompare-monsignor-bernard-barsi-arcivescovo-emerito-di-monaco\/","og_site_name":"Monaco Tribune","article_publisher":"https:\/\/www.facebook.com\/MonacoTribune","article_published_time":"2022-12-29T18:16:17+00:00","article_modified_time":"2022-12-29T18:18:49+00:00","og_image":[{"width":2048,"height":1363,"url":"https:\/\/www.monaco-tribune.com\/wp-content\/uploads\/2022\/12\/bernard-barsi-archeveque-compressed-e1672314743437.jpg","type":"image\/jpeg"}],"author":"Paul Charoy","twitter_card":"summary_large_image","twitter_creator":"@MonacoTribune","twitter_site":"@MonacoTribune","schema":{"@context":"https:\/\/schema.org","@graph":[{"@type":"NewsArticle","@id":"https:\/\/www.monaco-tribune.com\/it\/2022\/12\/scompare-monsignor-bernard-barsi-arcivescovo-emerito-di-monaco\/#article","isPartOf":{"@id":"https:\/\/www.monaco-tribune.com\/it\/2022\/12\/scompare-monsignor-bernard-barsi-arcivescovo-emerito-di-monaco\/"},"author":{"name":"Paul Charoy","@id":"https:\/\/www.monaco-tribune.com\/it\/#\/schema\/person\/c33a9f1bc99ef5a2e07d37c576060b57"},"headline":"Scompare Monsignor Bernard Barsi, arcivescovo emerito di Monaco","datePublished":"2022-12-29T18:16:17+00:00","dateModified":"2022-12-29T18:18:49+00:00","mainEntityOfPage":{"@id":"https:\/\/www.monaco-tribune.com\/it\/2022\/12\/scompare-monsignor-bernard-barsi-arcivescovo-emerito-di-monaco\/"},"wordCount":236,"publisher":{"@id":"https:\/\/www.monaco-tribune.com\/it\/#organization"},"image":{"@id":"https:\/\/www.monaco-tribune.com\/it\/2022\/12\/scompare-monsignor-bernard-barsi-arcivescovo-emerito-di-monaco\/#primaryimage"},"thumbnailUrl":"https:\/\/www.monaco-tribune.com\/wp-content\/uploads\/2022\/12\/bernard-barsi-archeveque-compressed-e1672314743437.jpg","articleSection":["Notizie","Societ\u00e0"],"inLanguage":"it-IT","copyrightYear":"2022","copyrightHolder":{"@id":"https:\/\/www.monaco-tribune.com\/#organization"}},{"@type":"WebPage","@id":"https:\/\/www.monaco-tribune.com\/it\/2022\/12\/scompare-monsignor-bernard-barsi-arcivescovo-emerito-di-monaco\/","url":"https:\/\/www.monaco-tribune.com\/it\/2022\/12\/scompare-monsignor-bernard-barsi-arcivescovo-emerito-di-monaco\/","name":"Scompare Monsignor Bernard Barsi, arcivescovo emerito di Monaco","isPartOf":{"@id":"https:\/\/www.monaco-tribune.com\/it\/#website"},"primaryImageOfPage":{"@id":"https:\/\/www.monaco-tribune.com\/it\/2022\/12\/scompare-monsignor-bernard-barsi-arcivescovo-emerito-di-monaco\/#primaryimage"},"image":{"@id":"https:\/\/www.monaco-tribune.com\/it\/2022\/12\/scompare-monsignor-bernard-barsi-arcivescovo-emerito-di-monaco\/#primaryimage"},"thumbnailUrl":"https:\/\/www.monaco-tribune.com\/wp-content\/uploads\/2022\/12\/bernard-barsi-archeveque-compressed-e1672314743437.jpg","datePublished":"2022-12-29T18:16:17+00:00","dateModified":"2022-12-29T18:18:49+00:00","description":"La notizia ha rattristato la Coppia Principesca e il Governo di Monaco. Il vescovo Bernard Barsi \u00e8 morto mercoled\u00ec a Nizza in seguito a un attacco","breadcrumb":{"@id":"https:\/\/www.monaco-tribune.com\/it\/2022\/12\/scompare-monsignor-bernard-barsi-arcivescovo-emerito-di-monaco\/#breadcrumb"},"inLanguage":"it-IT","potentialAction":[{"@type":"ReadAction","target":["https:\/\/www.monaco-tribune.com\/it\/2022\/12\/scompare-monsignor-bernard-barsi-arcivescovo-emerito-di-monaco\/"]}]},{"@type":"ImageObject","inLanguage":"it-IT","@id":"https:\/\/www.monaco-tribune.com\/it\/2022\/12\/scompare-monsignor-bernard-barsi-arcivescovo-emerito-di-monaco\/#primaryimage","url":"https:\/\/www.monaco-tribune.com\/wp-content\/uploads\/2022\/12\/bernard-barsi-archeveque-compressed-e1672314743437.jpg","contentUrl":"https:\/\/www.monaco-tribune.com\/wp-content\/uploads\/2022\/12\/bernard-barsi-archeveque-compressed-e1672314743437.jpg","width":2048,"height":1363,"caption":"Mons. Bernard Barsi si era ritirato nel 2020. \u00a9DR"},{"@type":"BreadcrumbList","@id":"https:\/\/www.monaco-tribune.com\/it\/2022\/12\/scompare-monsignor-bernard-barsi-arcivescovo-emerito-di-monaco\/#breadcrumb","itemListElement":[{"@type":"ListItem","position":1,"name":"Accueil","item":"https:\/\/www.monaco-tribune.com\/it\/"},{"@type":"ListItem","position":2,"name":"Scompare Monsignor Bernard Barsi, arcivescovo emerito di Monaco"}]},{"@type":"WebSite","@id":"https:\/\/www.monaco-tribune.com\/it\/#website","url":"https:\/\/www.monaco-tribune.com\/it\/","name":"Monaco Tribune","description":"Monaco : actualit\u00e9s \u00e9conomiques, politiques, culturelles et sportives de Monaco et de la French Riviera.","publisher":{"@id":"https:\/\/www.monaco-tribune.com\/it\/#organization"},"potentialAction":[{"@type":"SearchAction","target":{"@type":"EntryPoint","urlTemplate":"https:\/\/www.monaco-tribune.com\/it\/?s={search_term_string}"},"query-input":{"@type":"PropertyValueSpecification","valueRequired":true,"valueName":"search_term_string"}}],"inLanguage":"it-IT"},{"@type":"Organization","@id":"https:\/\/www.monaco-tribune.com\/it\/#organization","name":"Monaco Tribune","url":"https:\/\/www.monaco-tribune.com\/it\/","logo":{"@type":"ImageObject","inLanguage":"it-IT","@id":"https:\/\/www.monaco-tribune.com\/it\/#\/schema\/logo\/image\/","url":"https:\/\/www.monaco-tribune.com\/wp-content\/uploads\/2022\/11\/logo-monaco-tribune.png","contentUrl":"https:\/\/www.monaco-tribune.com\/wp-content\/uploads\/2022\/11\/logo-monaco-tribune.png","width":1548,"height":600,"caption":"Monaco Tribune"},"image":{"@id":"https:\/\/www.monaco-tribune.com\/it\/#\/schema\/logo\/image\/"},"sameAs":["https:\/\/www.facebook.com\/MonacoTribune","https:\/\/x.com\/MonacoTribune","https:\/\/www.instagram.com\/monacotribune\/","https:\/\/www.linkedin.com\/company\/monaco-tribune","https:\/\/www.youtube.com\/channel\/UCHle1MnG6hw1y4lWKijVbMA"]},{"@type":"Person","@id":"https:\/\/www.monaco-tribune.com\/it\/#\/schema\/person\/c33a9f1bc99ef5a2e07d37c576060b57","name":"Paul Charoy","image":{"@type":"ImageObject","inLanguage":"it-IT","@id":"https:\/\/secure.gravatar.com\/avatar\/c3a39fd900275d54a628738568f1949e90ce9945d105d000228335a7bad64b38?s=96&d=mm&r=g","url":"https:\/\/secure.gravatar.com\/avatar\/c3a39fd900275d54a628738568f1949e90ce9945d105d000228335a7bad64b38?s=96&d=mm&r=g","contentUrl":"https:\/\/secure.gravatar.com\/avatar\/c3a39fd900275d54a628738568f1949e90ce9945d105d000228335a7bad64b38?s=96&d=mm&r=g","caption":"Paul Charoy"},"url":"https:\/\/www.monaco-tribune.com\/it\/author\/paulcharoy\/"}]}},"_links":{"self":[{"href":"https:\/\/www.monaco-tribune.com\/it\/wp-json\/wp\/v2\/posts\/158196","targetHints":{"allow":["GET"]}}],"collection":[{"href":"https:\/\/www.monaco-tribune.com\/it\/wp-json\/wp\/v2\/posts"}],"about":[{"href":"https:\/\/www.monaco-tribune.com\/it\/wp-json\/wp\/v2\/types\/post"}],"author":[{"embeddable":true,"href":"https:\/\/www.monaco-tribune.com\/it\/wp-json\/wp\/v2\/users\/65"}],"replies":[{"embeddable":true,"href":"https:\/\/www.monaco-tribune.com\/it\/wp-json\/wp\/v2\/comments?post=158196"}],"version-history":[{"count":0,"href":"https:\/\/www.monaco-tribune.com\/it\/wp-json\/wp\/v2\/posts\/158196\/revisions"}],"wp:featuredmedia":[{"embeddable":true,"href":"https:\/\/www.monaco-tribune.com\/it\/wp-json\/wp\/v2\/media\/158099"}],"wp:attachment":[{"href":"https:\/\/www.monaco-tribune.com\/it\/wp-json\/wp\/v2\/media?parent=158196"}],"wp:term":[{"taxonomy":"category","embeddable":true,"href":"https:\/\/www.monaco-tribune.com\/it\/wp-json\/wp\/v2\/categories?post=158196"},{"taxonomy":"post_tag","embeddable":true,"href":"https:\/\/www.monaco-tribune.com\/it\/wp-json\/wp\/v2\/tags?post=158196"},{"taxonomy":"sectag","embeddable":true,"href":"https:\/\/www.monaco-tribune.com\/it\/wp-json\/wp\/v2\/post_sectags?post=158196"},{"taxonomy":"format","embeddable":true,"href":"https:\/\/www.monaco-tribune.com\/it\/wp-json\/wp\/v2\/post_format?post=158196"}],"curies":[{"name":"wp","href":"https:\/\/api.w.org\/{rel}","templated":true}]}}