{"id":158840,"date":"2023-01-03T16:53:05","date_gmt":"2023-01-03T15:53:05","guid":{"rendered":"https:\/\/www.monaco-tribune.com\/2023\/01\/5-curiosita-sul-centro-commerciale-di-fontvieille\/"},"modified":"2023-01-10T14:59:26","modified_gmt":"2023-01-10T13:59:26","slug":"5-curiosita-sul-centro-commerciale-di-fontvieille","status":"publish","type":"post","link":"https:\/\/www.monaco-tribune.com\/it\/2023\/01\/5-curiosita-sul-centro-commerciale-di-fontvieille\/","title":{"rendered":"5 curiosit\u00e0 sul centro commerciale di Fontvieille"},"content":{"rendered":"\n<p><strong>In occasione dei suoi 30 anni e dell&#8217;importante ristrutturazione prevista per il 2027, Monaco Tribune vi svela i segreti di questo centro commerciale che ha rivoluzionato le abitudini dei monegaschi, dei residenti e dei lavoratori del Principato.<\/strong><\/p>\n\n<h2 class=\"has-text-align-center wp-block-heading\">1. \u00c8 stato costruito al posto del vecchio stadio Louis-II<\/h2>\n\n<p>Il centro commerciale, inaugurato il 20 novembre 1992, ha preso il posto del vecchio stadio di calcio Louis-II, raso al suolo nel 1985 e ricostruito un po&#8217; pi\u00f9 avanti. L&#8217;idea era quella di creare un grande complesso architettonico che ospitasse la Collezione di automobili del Principe &#8211;<a href=\"https:\/\/www.monaco-tribune.com\/it\/2022\/07\/la-collezione-di-auto-del-principe-si-trasferisce-vicino-al-mare\/\">oggi a Port Hercule<\/a>&#8211; il Museo del francobollo e della moneta, il Museo navale, l&#8217;Espace L\u00e9o Ferr\u00e9 e l&#8217;incantevole giardino dell&#8217;UNESCO a completare il tutto.<\/p>\n<div class=\"wp-block-image\">\n<figure class=\"aligncenter size-large\"><img loading=\"lazy\" decoding=\"async\" width=\"1024\" height=\"640\" src=\"https:\/\/www.monaco-tribune.com\/wp-content\/uploads\/2020\/03\/Stade_Louis_II_1940-1024x640.jpg\" alt=\"Il vecchio stadio Louis-II\" class=\"wp-image-24694\" srcset=\"https:\/\/www.monaco-tribune.com\/wp-content\/uploads\/2020\/03\/Stade_Louis_II_1940-1024x640.jpg 1024w, https:\/\/www.monaco-tribune.com\/wp-content\/uploads\/2020\/03\/Stade_Louis_II_1940-480x300.jpg 480w, https:\/\/www.monaco-tribune.com\/wp-content\/uploads\/2020\/03\/Stade_Louis_II_1940.jpg 1280w\" sizes=\"auto, (max-width: 1024px) 100vw, 1024px\" \/><figcaption class=\"wp-element-caption\">Il vecchio stadio Louis-II \u00a9 DR<\/figcaption><\/figure>\n<\/div>\n<p class=\"related\"><a href=\"https:\/\/www.monaco-tribune.com\/it\/2022\/12\/ristrutturazione-in-programma-per-lo-stadio-louis-ii-ecco-cosa-sappiamo\/\">Ristrutturazione in programma per lo stadio Louis-II? Ecco cosa sappiamo<\/a><\/p>\n\n<h2 class=\"has-text-align-center wp-block-heading\">2. Ha incassato il doppio del fatturato rispetto a quello previsto<\/h2>\n\n<p>Secondo le prime indagini di mercato, il fatturato era stimato a 280 milioni di franchi, ma in realt\u00e0 grazie alla clientela del Principato, ma anche a quella dei comuni limitrofi e dei pendolari, sar\u00e0 poi il doppio. Il centro commerciale \u00e8 tuttora molto redditizio: il fatturato attuale supera i 120 milioni di euro all&#8217;anno, &#8220;uno dei pi\u00f9 alti del gruppo per metro quadro&#8221;, come ha dichiarato R\u00e9mi Feipeler, direttore da aprile 2019 a giugno 2022, a <em>Monaco Business News<\/em> all&#8217;inizio del 2022.<\/p>\n\n<h2 class=\"has-text-align-center wp-block-heading\">3. 2,2 milioni di ingressi e uscite registrati<\/h2>\n\n<p>Il successo del centro non sarebbe per\u00f2 lo stesso senza il Carrefour. L&#8217;arrivo dell&#8217;ipermercato, che oggi d\u00e0 lavoro a 300 persone, ha rappresentato una piccola rivoluzione nel Principato. Prima, i monegaschi e i residenti dovevano recarsi in Francia o in Italia per trovare un grande supermercato. Per questo motivo il successo \u00e8 stato immediato.<\/p>\n\n<p>A titolo indicativo, nel 2021 il parcheggio da 534 posti ha registrato 2,2 milioni di ingressi e uscite di veicoli. E poich\u00e9 la fortuna di uno \u00e8 spesso la sfortuna di un altro, i piccoli negozi locali hanno inevitabilmente subito un danno dal punto di vista economico.<\/p>\n<div class=\"wp-block-image\">\n<figure class=\"aligncenter size-large\"><img decoding=\"async\" src=\"https:\/\/www.monaco-tribune.com\/wp-content\/uploads\/2023\/01\/centre-commercial-fontvieille-monaco-1024x683.jpeg\" alt=\"\" class=\"wp-image-158738\"\/><figcaption class=\"wp-element-caption\">Il centro commerciale Fontvieille nel 2015 \u00a9 Visit Monaco<\/figcaption><\/figure>\n<\/div>\n<h2 class=\"has-text-align-center wp-block-heading\">4. La galleria \u00e8 composta da 36 negozi<\/h2>\n\n<p>Attualmente, <a href=\"https:\/\/www.visitmonaco.com\/it\/luogo\/shopping\/117\/centro-commerciale-di-fontvieille\"><u>36 punti vendita <\/u><\/a>soddisfano le esigenze dei clienti. Naf Naf, Jules, B\u00e9b\u00e9 Tendresse&#8230; La scelta \u00e8 varia, tra negozi per uomo, donna e bambini, ma anche specializzati in arredamento e bellezza, senza dimenticare la salute e l&#8217;alimentazione&#8230; C\u2019\u00e8 tutto ci\u00f2 che serve per un&#8217;esperienza di shopping di successo.<\/p>\n\n<figure class=\"wp-block-gallery has-nested-images columns-default is-cropped wp-block-gallery-1 is-layout-flex wp-block-gallery-is-layout-flex\">\n<figure class=\"wp-block-image size-large\"><img loading=\"lazy\" decoding=\"async\" width=\"1020\" height=\"794\" data-id=\"158631\" src=\"https:\/\/www.monaco-tribune.com\/wp-content\/uploads\/2023\/01\/nafnaf-fontvieille.jpeg\" alt=\"Negozio Naf Naf\" class=\"wp-image-158631\" srcset=\"https:\/\/www.monaco-tribune.com\/wp-content\/uploads\/2023\/01\/nafnaf-fontvieille.jpeg 1020w, https:\/\/www.monaco-tribune.com\/wp-content\/uploads\/2023\/01\/nafnaf-fontvieille-385x300.jpeg 385w\" sizes=\"auto, (max-width: 1020px) 100vw, 1020px\" \/><figcaption class=\"wp-element-caption\">\u00a9 Centro Commerciale di Fontvieille<\/figcaption><\/figure>\n\n\n\n<figure class=\"wp-block-image size-large\"><img loading=\"lazy\" decoding=\"async\" width=\"768\" height=\"1024\" data-id=\"158635\" src=\"https:\/\/www.monaco-tribune.com\/wp-content\/uploads\/2023\/01\/centre-commercial--768x1024.jpeg\" alt=\"Negozio B&#xE9;b&#xE9; Tendresse\" class=\"wp-image-158635\" srcset=\"https:\/\/www.monaco-tribune.com\/wp-content\/uploads\/2023\/01\/centre-commercial--768x1024.jpeg 768w, https:\/\/www.monaco-tribune.com\/wp-content\/uploads\/2023\/01\/centre-commercial--225x300.jpeg 225w, https:\/\/www.monaco-tribune.com\/wp-content\/uploads\/2023\/01\/centre-commercial-.jpeg 1020w\" sizes=\"auto, (max-width: 768px) 100vw, 768px\" \/><figcaption class=\"wp-element-caption\">\u00a9 Centro Commerciale di Fontvieille<\/figcaption><\/figure>\n<\/figure>\n\n<p>Pi\u00f9 che un&#8217;area commerciale, il centro commerciale di Fontvieille \u00e8 un vero e proprio ritrovo, che cambia con le stagioni e le novit\u00e0. I laboratori creativi per i bambini a Natale e la <a href=\"https:\/\/www.monaco-tribune.com\/it\/2022\/03\/una-grande-raccolta-organizzata-per-lucraina-davanti-al-carrefour-di-fontvieille\/\">raccolta di generi alimentari per l&#8217;Ucraina<\/a> a marzo scorso ne sono la prova.<\/p>\n\n<figure class=\"wp-block-gallery has-nested-images columns-default is-cropped wp-block-gallery-2 is-layout-flex wp-block-gallery-is-layout-flex\">\n<figure class=\"wp-block-image size-large\"><img loading=\"lazy\" decoding=\"async\" width=\"819\" height=\"1024\" data-id=\"158627\" src=\"https:\/\/www.monaco-tribune.com\/wp-content\/uploads\/2023\/01\/ateliers-fontvieille-1-819x1024.jpeg\" alt=\"Laboratori per i bambini\" class=\"wp-image-158627\" srcset=\"https:\/\/www.monaco-tribune.com\/wp-content\/uploads\/2023\/01\/ateliers-fontvieille-1-819x1024.jpeg 819w, https:\/\/www.monaco-tribune.com\/wp-content\/uploads\/2023\/01\/ateliers-fontvieille-1-240x300.jpeg 240w, https:\/\/www.monaco-tribune.com\/wp-content\/uploads\/2023\/01\/ateliers-fontvieille-1.jpeg 1440w\" sizes=\"auto, (max-width: 819px) 100vw, 819px\" \/><figcaption class=\"wp-element-caption\">\u00a9 Centro Commerciale di Fontvieille<\/figcaption><\/figure>\n\n\n\n<figure class=\"wp-block-image size-full\"><img loading=\"lazy\" decoding=\"async\" width=\"1020\" height=\"765\" data-id=\"143177\" src=\"https:\/\/www.monaco-tribune.com\/wp-content\/uploads\/2022\/03\/collecte-ukraine-fontvieille-1.jpg\" alt=\"Raccolta per l'Ucraina Fontvieille\" class=\"wp-image-143177\" srcset=\"https:\/\/www.monaco-tribune.com\/wp-content\/uploads\/2022\/03\/collecte-ukraine-fontvieille-1.jpg 1020w, https:\/\/www.monaco-tribune.com\/wp-content\/uploads\/2022\/03\/collecte-ukraine-fontvieille-1-400x300.jpg 400w\" sizes=\"auto, (max-width: 1020px) 100vw, 1020px\" \/><figcaption class=\"wp-element-caption\">Raccolta per l&#8217;Ucraina \u00a9 Camille Esteve<\/figcaption><\/figure>\n<\/figure>\n\n<h2 class=\"has-text-align-center wp-block-heading\" id=\"h-5-il-sera-totalement-repense-pour-2027\">5. Sar\u00e0 completamente ridisegnato nel 2027<\/h2>\n\n<p>Il centro commerciale di Fontvieille subir\u00e0 una trasformazione radicale con un costo iniziale stimato in oltre 300 milioni di euro. Sar\u00e0 una struttura moderna rivolta verso il mare dove si potr\u00e0 passeggiare, guardare un film, fare shopping o pranzare, proprio come al Polygone Riviera di Cagnes-sur-Mer. Il centro commerciale sar\u00e0 diviso su cinque piani e vanter\u00e0 una superficie di vendita di quasi 34.000 metri quadrati, pi\u00f9 del doppio di quella attuale.<\/p>\n\n<figure class=\"wp-block-image size-large\"><img loading=\"lazy\" decoding=\"async\" width=\"1024\" height=\"612\" src=\"https:\/\/www.monaco-tribune.com\/wp-content\/uploads\/2023\/01\/nouveau-centre-commercial-1024x612.jpeg\" alt=\"\" class=\"wp-image-158655\" srcset=\"https:\/\/www.monaco-tribune.com\/wp-content\/uploads\/2023\/01\/nouveau-centre-commercial-1024x612.jpeg 1024w, https:\/\/www.monaco-tribune.com\/wp-content\/uploads\/2023\/01\/nouveau-centre-commercial-502x300.jpeg 502w, https:\/\/www.monaco-tribune.com\/wp-content\/uploads\/2023\/01\/nouveau-centre-commercial.jpeg 1356w\" sizes=\"auto, (max-width: 1024px) 100vw, 1024px\" \/><\/figure>\n\n<p class=\"related\"><a href=\"https:\/\/www.monaco-tribune.com\/it\/2022\/05\/il-futuro-centro-commerciale-di-fontvieille-cosa-sappiamo-e-cosa-ne-pensano-i-commercianti\/\">Il futuro centro commerciale di Fontvieille: cosa sappiamo e cosa ne pensano i commercianti<\/a><\/p>\n\n<p class=\"related\"><a href=\"https:\/\/www.monaco-tribune.com\/it\/2022\/08\/un-paesaggio-da-cartolina-fontvieille\/\">Un paesaggio da cartolina: Fontvieille<\/a><\/p>\n\n<p>Il Carrefour dispone attualmente di una superficie di 5.500 m2 e, al termine dei lavori, potr\u00e0 contare su altri 1.000 m2. Tra le altre principali novit\u00e0, un complesso cinematografico con 4 sale e un parco di quasi 2 ettari con circa 2.000 alberi, per rendere un po\u2019 pi\u00f9 verde il quartiere di Fontvieille.<\/p>\n","protected":false},"excerpt":{"rendered":"<p>In occasione dei suoi 30 anni e dell&#8217;importante ristrutturazione prevista per il 2027, Monaco Tribune vi svela i segreti di [&hellip;]<\/p>\n","protected":false},"author":69,"featured_media":158759,"comment_status":"closed","ping_status":"closed","sticky":false,"template":"","format":"standard","meta":{"_acf_changed":false,"footnotes":""},"categories":[1826,1738,1752],"tags":[2936],"post_sectags":[],"post_format":[2486],"class_list":["post-158840","post","type-post","status-publish","format-standard","has-post-thumbnail","hentry","category-la-nostra-scelta","category-notizie","category-societa","tag-commercio-locale","format-servizio"],"acf":[],"yoast_head":"<!-- This site is optimized with the Yoast SEO Premium plugin v26.8 (Yoast SEO v27.4) - https:\/\/yoast.com\/product\/yoast-seo-premium-wordpress\/ -->\n<title>5 curiosit\u00e0 sul centro commerciale di Fontvieille<\/title>\n<meta name=\"description\" content=\"In occasione dei suoi 30 anni e dell&#039;importante ristrutturazione prevista per il 2027, Monaco Tribune vi svela i segreti di questo centro commerciale che\" \/>\n<meta name=\"robots\" content=\"index, follow, max-snippet:-1, max-image-preview:large, max-video-preview:-1\" \/>\n<link rel=\"canonical\" href=\"https:\/\/www.monaco-tribune.com\/it\/2023\/01\/5-curiosita-sul-centro-commerciale-di-fontvieille\/\" \/>\n<meta property=\"og:locale\" content=\"it_IT\" \/>\n<meta property=\"og:type\" content=\"article\" \/>\n<meta property=\"og:title\" content=\"5 curiosit\u00e0 sul centro commerciale di Fontvieille - Monaco Tribune\" \/>\n<meta property=\"og:description\" content=\"In occasione dei suoi 30 anni e dell&#039;importante ristrutturazione prevista per il 2027, Monaco Tribune vi svela i segreti di questo centro commerciale che\" \/>\n<meta property=\"og:url\" content=\"https:\/\/www.monaco-tribune.com\/it\/2023\/01\/5-curiosita-sul-centro-commerciale-di-fontvieille\/\" \/>\n<meta property=\"og:site_name\" content=\"Monaco Tribune\" \/>\n<meta property=\"article:publisher\" content=\"https:\/\/www.facebook.com\/MonacoTribune\" \/>\n<meta property=\"article:published_time\" content=\"2023-01-03T15:53:05+00:00\" \/>\n<meta property=\"article:modified_time\" content=\"2023-01-10T13:59:26+00:00\" \/>\n<meta property=\"og:image\" content=\"https:\/\/www.monaco-tribune.com\/wp-content\/uploads\/2023\/01\/centre-commercial-fontvieille-monaco-1.png\" \/>\n\t<meta property=\"og:image:width\" content=\"1200\" \/>\n\t<meta property=\"og:image:height\" content=\"675\" \/>\n\t<meta property=\"og:image:type\" content=\"image\/png\" \/>\n<meta name=\"author\" content=\"Sarah Incari\" \/>\n<meta name=\"twitter:card\" content=\"summary_large_image\" \/>\n<meta name=\"twitter:creator\" content=\"@MonacoTribune\" \/>\n<meta name=\"twitter:site\" content=\"@MonacoTribune\" \/>\n<script type=\"application\/ld+json\" class=\"yoast-schema-graph\">{\"@context\":\"https:\\\/\\\/schema.org\",\"@graph\":[{\"@type\":\"NewsArticle\",\"@id\":\"https:\\\/\\\/www.monaco-tribune.com\\\/it\\\/2023\\\/01\\\/5-curiosita-sul-centro-commerciale-di-fontvieille\\\/#article\",\"isPartOf\":{\"@id\":\"https:\\\/\\\/www.monaco-tribune.com\\\/it\\\/2023\\\/01\\\/5-curiosita-sul-centro-commerciale-di-fontvieille\\\/\"},\"author\":{\"name\":\"Sarah Incari\",\"@id\":\"https:\\\/\\\/www.monaco-tribune.com\\\/it\\\/#\\\/schema\\\/person\\\/dd3b5770833f791d3f4d808f1aa84499\"},\"headline\":\"5 curiosit\u00e0 sul centro commerciale di Fontvieille\",\"datePublished\":\"2023-01-03T15:53:05+00:00\",\"dateModified\":\"2023-01-10T13:59:26+00:00\",\"mainEntityOfPage\":{\"@id\":\"https:\\\/\\\/www.monaco-tribune.com\\\/it\\\/2023\\\/01\\\/5-curiosita-sul-centro-commerciale-di-fontvieille\\\/\"},\"wordCount\":597,\"publisher\":{\"@id\":\"https:\\\/\\\/www.monaco-tribune.com\\\/it\\\/#organization\"},\"image\":{\"@id\":\"https:\\\/\\\/www.monaco-tribune.com\\\/it\\\/2023\\\/01\\\/5-curiosita-sul-centro-commerciale-di-fontvieille\\\/#primaryimage\"},\"thumbnailUrl\":\"https:\\\/\\\/www.monaco-tribune.com\\\/wp-content\\\/uploads\\\/2023\\\/01\\\/centre-commercial-fontvieille-monaco-1.png\",\"keywords\":[\"Commercio locale\"],\"articleSection\":[\"La nostra scelta\",\"Notizie\",\"Societ\u00e0\"],\"inLanguage\":\"it-IT\",\"copyrightYear\":\"2023\",\"copyrightHolder\":{\"@id\":\"https:\\\/\\\/www.monaco-tribune.com\\\/#organization\"}},{\"@type\":\"WebPage\",\"@id\":\"https:\\\/\\\/www.monaco-tribune.com\\\/it\\\/2023\\\/01\\\/5-curiosita-sul-centro-commerciale-di-fontvieille\\\/\",\"url\":\"https:\\\/\\\/www.monaco-tribune.com\\\/it\\\/2023\\\/01\\\/5-curiosita-sul-centro-commerciale-di-fontvieille\\\/\",\"name\":\"5 curiosit\u00e0 sul centro commerciale di Fontvieille\",\"isPartOf\":{\"@id\":\"https:\\\/\\\/www.monaco-tribune.com\\\/it\\\/#website\"},\"primaryImageOfPage\":{\"@id\":\"https:\\\/\\\/www.monaco-tribune.com\\\/it\\\/2023\\\/01\\\/5-curiosita-sul-centro-commerciale-di-fontvieille\\\/#primaryimage\"},\"image\":{\"@id\":\"https:\\\/\\\/www.monaco-tribune.com\\\/it\\\/2023\\\/01\\\/5-curiosita-sul-centro-commerciale-di-fontvieille\\\/#primaryimage\"},\"thumbnailUrl\":\"https:\\\/\\\/www.monaco-tribune.com\\\/wp-content\\\/uploads\\\/2023\\\/01\\\/centre-commercial-fontvieille-monaco-1.png\",\"datePublished\":\"2023-01-03T15:53:05+00:00\",\"dateModified\":\"2023-01-10T13:59:26+00:00\",\"description\":\"In occasione dei suoi 30 anni e dell'importante ristrutturazione prevista per il 2027, Monaco Tribune vi svela i segreti di questo centro commerciale che\",\"breadcrumb\":{\"@id\":\"https:\\\/\\\/www.monaco-tribune.com\\\/it\\\/2023\\\/01\\\/5-curiosita-sul-centro-commerciale-di-fontvieille\\\/#breadcrumb\"},\"inLanguage\":\"it-IT\",\"potentialAction\":[{\"@type\":\"ReadAction\",\"target\":[\"https:\\\/\\\/www.monaco-tribune.com\\\/it\\\/2023\\\/01\\\/5-curiosita-sul-centro-commerciale-di-fontvieille\\\/\"]}]},{\"@type\":\"ImageObject\",\"inLanguage\":\"it-IT\",\"@id\":\"https:\\\/\\\/www.monaco-tribune.com\\\/it\\\/2023\\\/01\\\/5-curiosita-sul-centro-commerciale-di-fontvieille\\\/#primaryimage\",\"url\":\"https:\\\/\\\/www.monaco-tribune.com\\\/wp-content\\\/uploads\\\/2023\\\/01\\\/centre-commercial-fontvieille-monaco-1.png\",\"contentUrl\":\"https:\\\/\\\/www.monaco-tribune.com\\\/wp-content\\\/uploads\\\/2023\\\/01\\\/centre-commercial-fontvieille-monaco-1.png\",\"width\":1200,\"height\":675,\"caption\":\"Centre commercial Fontvieille Monaco (1)\"},{\"@type\":\"BreadcrumbList\",\"@id\":\"https:\\\/\\\/www.monaco-tribune.com\\\/it\\\/2023\\\/01\\\/5-curiosita-sul-centro-commerciale-di-fontvieille\\\/#breadcrumb\",\"itemListElement\":[{\"@type\":\"ListItem\",\"position\":1,\"name\":\"Accueil\",\"item\":\"https:\\\/\\\/www.monaco-tribune.com\\\/it\\\/\"},{\"@type\":\"ListItem\",\"position\":2,\"name\":\"5 curiosit\u00e0 sul centro commerciale di Fontvieille\"}]},{\"@type\":\"WebSite\",\"@id\":\"https:\\\/\\\/www.monaco-tribune.com\\\/it\\\/#website\",\"url\":\"https:\\\/\\\/www.monaco-tribune.com\\\/it\\\/\",\"name\":\"Monaco Tribune\",\"description\":\"Monaco : actualit\u00e9s \u00e9conomiques, politiques, culturelles et sportives de Monaco et de la French Riviera.\",\"publisher\":{\"@id\":\"https:\\\/\\\/www.monaco-tribune.com\\\/it\\\/#organization\"},\"potentialAction\":[{\"@type\":\"SearchAction\",\"target\":{\"@type\":\"EntryPoint\",\"urlTemplate\":\"https:\\\/\\\/www.monaco-tribune.com\\\/it\\\/?s={search_term_string}\"},\"query-input\":{\"@type\":\"PropertyValueSpecification\",\"valueRequired\":true,\"valueName\":\"search_term_string\"}}],\"inLanguage\":\"it-IT\"},{\"@type\":\"Organization\",\"@id\":\"https:\\\/\\\/www.monaco-tribune.com\\\/it\\\/#organization\",\"name\":\"Monaco Tribune\",\"url\":\"https:\\\/\\\/www.monaco-tribune.com\\\/it\\\/\",\"logo\":{\"@type\":\"ImageObject\",\"inLanguage\":\"it-IT\",\"@id\":\"https:\\\/\\\/www.monaco-tribune.com\\\/it\\\/#\\\/schema\\\/logo\\\/image\\\/\",\"url\":\"https:\\\/\\\/www.monaco-tribune.com\\\/wp-content\\\/uploads\\\/2022\\\/11\\\/logo-monaco-tribune.png\",\"contentUrl\":\"https:\\\/\\\/www.monaco-tribune.com\\\/wp-content\\\/uploads\\\/2022\\\/11\\\/logo-monaco-tribune.png\",\"width\":1548,\"height\":600,\"caption\":\"Monaco Tribune\"},\"image\":{\"@id\":\"https:\\\/\\\/www.monaco-tribune.com\\\/it\\\/#\\\/schema\\\/logo\\\/image\\\/\"},\"sameAs\":[\"https:\\\/\\\/www.facebook.com\\\/MonacoTribune\",\"https:\\\/\\\/x.com\\\/MonacoTribune\",\"https:\\\/\\\/www.instagram.com\\\/monacotribune\\\/\",\"https:\\\/\\\/www.linkedin.com\\\/company\\\/monaco-tribune\",\"https:\\\/\\\/www.youtube.com\\\/channel\\\/UCHle1MnG6hw1y4lWKijVbMA\"]},{\"@type\":\"Person\",\"@id\":\"https:\\\/\\\/www.monaco-tribune.com\\\/it\\\/#\\\/schema\\\/person\\\/dd3b5770833f791d3f4d808f1aa84499\",\"name\":\"Sarah Incari\",\"image\":{\"@type\":\"ImageObject\",\"inLanguage\":\"it-IT\",\"@id\":\"https:\\\/\\\/secure.gravatar.com\\\/avatar\\\/4ac0b37be892d57107ccdd804e3f2a03bf1e3fca097512136d3603859293cb0e?s=96&d=mm&r=g\",\"url\":\"https:\\\/\\\/secure.gravatar.com\\\/avatar\\\/4ac0b37be892d57107ccdd804e3f2a03bf1e3fca097512136d3603859293cb0e?s=96&d=mm&r=g\",\"contentUrl\":\"https:\\\/\\\/secure.gravatar.com\\\/avatar\\\/4ac0b37be892d57107ccdd804e3f2a03bf1e3fca097512136d3603859293cb0e?s=96&d=mm&r=g\",\"caption\":\"Sarah Incari\"},\"url\":\"https:\\\/\\\/www.monaco-tribune.com\\\/it\\\/author\\\/sarahincari\\\/\"}]}<\/script>\n<!-- \/ Yoast SEO Premium plugin. -->","yoast_head_json":{"title":"5 curiosit\u00e0 sul centro commerciale di Fontvieille","description":"In occasione dei suoi 30 anni e dell'importante ristrutturazione prevista per il 2027, Monaco Tribune vi svela i segreti di questo centro commerciale che","robots":{"index":"index","follow":"follow","max-snippet":"max-snippet:-1","max-image-preview":"max-image-preview:large","max-video-preview":"max-video-preview:-1"},"canonical":"https:\/\/www.monaco-tribune.com\/it\/2023\/01\/5-curiosita-sul-centro-commerciale-di-fontvieille\/","og_locale":"it_IT","og_type":"article","og_title":"5 curiosit\u00e0 sul centro commerciale di Fontvieille - Monaco Tribune","og_description":"In occasione dei suoi 30 anni e dell'importante ristrutturazione prevista per il 2027, Monaco Tribune vi svela i segreti di questo centro commerciale che","og_url":"https:\/\/www.monaco-tribune.com\/it\/2023\/01\/5-curiosita-sul-centro-commerciale-di-fontvieille\/","og_site_name":"Monaco Tribune","article_publisher":"https:\/\/www.facebook.com\/MonacoTribune","article_published_time":"2023-01-03T15:53:05+00:00","article_modified_time":"2023-01-10T13:59:26+00:00","og_image":[{"width":1200,"height":675,"url":"https:\/\/www.monaco-tribune.com\/wp-content\/uploads\/2023\/01\/centre-commercial-fontvieille-monaco-1.png","type":"image\/png"}],"author":"Sarah Incari","twitter_card":"summary_large_image","twitter_creator":"@MonacoTribune","twitter_site":"@MonacoTribune","schema":{"@context":"https:\/\/schema.org","@graph":[{"@type":"NewsArticle","@id":"https:\/\/www.monaco-tribune.com\/it\/2023\/01\/5-curiosita-sul-centro-commerciale-di-fontvieille\/#article","isPartOf":{"@id":"https:\/\/www.monaco-tribune.com\/it\/2023\/01\/5-curiosita-sul-centro-commerciale-di-fontvieille\/"},"author":{"name":"Sarah Incari","@id":"https:\/\/www.monaco-tribune.com\/it\/#\/schema\/person\/dd3b5770833f791d3f4d808f1aa84499"},"headline":"5 curiosit\u00e0 sul centro commerciale di Fontvieille","datePublished":"2023-01-03T15:53:05+00:00","dateModified":"2023-01-10T13:59:26+00:00","mainEntityOfPage":{"@id":"https:\/\/www.monaco-tribune.com\/it\/2023\/01\/5-curiosita-sul-centro-commerciale-di-fontvieille\/"},"wordCount":597,"publisher":{"@id":"https:\/\/www.monaco-tribune.com\/it\/#organization"},"image":{"@id":"https:\/\/www.monaco-tribune.com\/it\/2023\/01\/5-curiosita-sul-centro-commerciale-di-fontvieille\/#primaryimage"},"thumbnailUrl":"https:\/\/www.monaco-tribune.com\/wp-content\/uploads\/2023\/01\/centre-commercial-fontvieille-monaco-1.png","keywords":["Commercio locale"],"articleSection":["La nostra scelta","Notizie","Societ\u00e0"],"inLanguage":"it-IT","copyrightYear":"2023","copyrightHolder":{"@id":"https:\/\/www.monaco-tribune.com\/#organization"}},{"@type":"WebPage","@id":"https:\/\/www.monaco-tribune.com\/it\/2023\/01\/5-curiosita-sul-centro-commerciale-di-fontvieille\/","url":"https:\/\/www.monaco-tribune.com\/it\/2023\/01\/5-curiosita-sul-centro-commerciale-di-fontvieille\/","name":"5 curiosit\u00e0 sul centro commerciale di Fontvieille","isPartOf":{"@id":"https:\/\/www.monaco-tribune.com\/it\/#website"},"primaryImageOfPage":{"@id":"https:\/\/www.monaco-tribune.com\/it\/2023\/01\/5-curiosita-sul-centro-commerciale-di-fontvieille\/#primaryimage"},"image":{"@id":"https:\/\/www.monaco-tribune.com\/it\/2023\/01\/5-curiosita-sul-centro-commerciale-di-fontvieille\/#primaryimage"},"thumbnailUrl":"https:\/\/www.monaco-tribune.com\/wp-content\/uploads\/2023\/01\/centre-commercial-fontvieille-monaco-1.png","datePublished":"2023-01-03T15:53:05+00:00","dateModified":"2023-01-10T13:59:26+00:00","description":"In occasione dei suoi 30 anni e dell'importante ristrutturazione prevista per il 2027, Monaco Tribune vi svela i segreti di questo centro commerciale che","breadcrumb":{"@id":"https:\/\/www.monaco-tribune.com\/it\/2023\/01\/5-curiosita-sul-centro-commerciale-di-fontvieille\/#breadcrumb"},"inLanguage":"it-IT","potentialAction":[{"@type":"ReadAction","target":["https:\/\/www.monaco-tribune.com\/it\/2023\/01\/5-curiosita-sul-centro-commerciale-di-fontvieille\/"]}]},{"@type":"ImageObject","inLanguage":"it-IT","@id":"https:\/\/www.monaco-tribune.com\/it\/2023\/01\/5-curiosita-sul-centro-commerciale-di-fontvieille\/#primaryimage","url":"https:\/\/www.monaco-tribune.com\/wp-content\/uploads\/2023\/01\/centre-commercial-fontvieille-monaco-1.png","contentUrl":"https:\/\/www.monaco-tribune.com\/wp-content\/uploads\/2023\/01\/centre-commercial-fontvieille-monaco-1.png","width":1200,"height":675,"caption":"Centre commercial Fontvieille Monaco (1)"},{"@type":"BreadcrumbList","@id":"https:\/\/www.monaco-tribune.com\/it\/2023\/01\/5-curiosita-sul-centro-commerciale-di-fontvieille\/#breadcrumb","itemListElement":[{"@type":"ListItem","position":1,"name":"Accueil","item":"https:\/\/www.monaco-tribune.com\/it\/"},{"@type":"ListItem","position":2,"name":"5 curiosit\u00e0 sul centro commerciale di Fontvieille"}]},{"@type":"WebSite","@id":"https:\/\/www.monaco-tribune.com\/it\/#website","url":"https:\/\/www.monaco-tribune.com\/it\/","name":"Monaco Tribune","description":"Monaco : actualit\u00e9s \u00e9conomiques, politiques, culturelles et sportives de Monaco et de la French Riviera.","publisher":{"@id":"https:\/\/www.monaco-tribune.com\/it\/#organization"},"potentialAction":[{"@type":"SearchAction","target":{"@type":"EntryPoint","urlTemplate":"https:\/\/www.monaco-tribune.com\/it\/?s={search_term_string}"},"query-input":{"@type":"PropertyValueSpecification","valueRequired":true,"valueName":"search_term_string"}}],"inLanguage":"it-IT"},{"@type":"Organization","@id":"https:\/\/www.monaco-tribune.com\/it\/#organization","name":"Monaco Tribune","url":"https:\/\/www.monaco-tribune.com\/it\/","logo":{"@type":"ImageObject","inLanguage":"it-IT","@id":"https:\/\/www.monaco-tribune.com\/it\/#\/schema\/logo\/image\/","url":"https:\/\/www.monaco-tribune.com\/wp-content\/uploads\/2022\/11\/logo-monaco-tribune.png","contentUrl":"https:\/\/www.monaco-tribune.com\/wp-content\/uploads\/2022\/11\/logo-monaco-tribune.png","width":1548,"height":600,"caption":"Monaco Tribune"},"image":{"@id":"https:\/\/www.monaco-tribune.com\/it\/#\/schema\/logo\/image\/"},"sameAs":["https:\/\/www.facebook.com\/MonacoTribune","https:\/\/x.com\/MonacoTribune","https:\/\/www.instagram.com\/monacotribune\/","https:\/\/www.linkedin.com\/company\/monaco-tribune","https:\/\/www.youtube.com\/channel\/UCHle1MnG6hw1y4lWKijVbMA"]},{"@type":"Person","@id":"https:\/\/www.monaco-tribune.com\/it\/#\/schema\/person\/dd3b5770833f791d3f4d808f1aa84499","name":"Sarah Incari","image":{"@type":"ImageObject","inLanguage":"it-IT","@id":"https:\/\/secure.gravatar.com\/avatar\/4ac0b37be892d57107ccdd804e3f2a03bf1e3fca097512136d3603859293cb0e?s=96&d=mm&r=g","url":"https:\/\/secure.gravatar.com\/avatar\/4ac0b37be892d57107ccdd804e3f2a03bf1e3fca097512136d3603859293cb0e?s=96&d=mm&r=g","contentUrl":"https:\/\/secure.gravatar.com\/avatar\/4ac0b37be892d57107ccdd804e3f2a03bf1e3fca097512136d3603859293cb0e?s=96&d=mm&r=g","caption":"Sarah Incari"},"url":"https:\/\/www.monaco-tribune.com\/it\/author\/sarahincari\/"}]}},"_links":{"self":[{"href":"https:\/\/www.monaco-tribune.com\/it\/wp-json\/wp\/v2\/posts\/158840","targetHints":{"allow":["GET"]}}],"collection":[{"href":"https:\/\/www.monaco-tribune.com\/it\/wp-json\/wp\/v2\/posts"}],"about":[{"href":"https:\/\/www.monaco-tribune.com\/it\/wp-json\/wp\/v2\/types\/post"}],"author":[{"embeddable":true,"href":"https:\/\/www.monaco-tribune.com\/it\/wp-json\/wp\/v2\/users\/69"}],"replies":[{"embeddable":true,"href":"https:\/\/www.monaco-tribune.com\/it\/wp-json\/wp\/v2\/comments?post=158840"}],"version-history":[{"count":0,"href":"https:\/\/www.monaco-tribune.com\/it\/wp-json\/wp\/v2\/posts\/158840\/revisions"}],"wp:featuredmedia":[{"embeddable":true,"href":"https:\/\/www.monaco-tribune.com\/it\/wp-json\/wp\/v2\/media\/158759"}],"wp:attachment":[{"href":"https:\/\/www.monaco-tribune.com\/it\/wp-json\/wp\/v2\/media?parent=158840"}],"wp:term":[{"taxonomy":"category","embeddable":true,"href":"https:\/\/www.monaco-tribune.com\/it\/wp-json\/wp\/v2\/categories?post=158840"},{"taxonomy":"post_tag","embeddable":true,"href":"https:\/\/www.monaco-tribune.com\/it\/wp-json\/wp\/v2\/tags?post=158840"},{"taxonomy":"sectag","embeddable":true,"href":"https:\/\/www.monaco-tribune.com\/it\/wp-json\/wp\/v2\/post_sectags?post=158840"},{"taxonomy":"format","embeddable":true,"href":"https:\/\/www.monaco-tribune.com\/it\/wp-json\/wp\/v2\/post_format?post=158840"}],"curies":[{"name":"wp","href":"https:\/\/api.w.org\/{rel}","templated":true}]}}