{"id":158916,"date":"2023-01-04T18:59:15","date_gmt":"2023-01-04T17:59:15","guid":{"rendered":"https:\/\/www.monaco-tribune.com\/2023\/01\/le-origini-la-famiglia-la-fondazione-sir-stelios-si-racconta-in-uninteressante-intervista\/"},"modified":"2023-01-04T19:20:48","modified_gmt":"2023-01-04T18:20:48","slug":"le-origini-la-famiglia-la-fondazione-sir-stelios-si-racconta-in-uninteressante-intervista","status":"publish","type":"post","link":"https:\/\/www.monaco-tribune.com\/it\/2023\/01\/le-origini-la-famiglia-la-fondazione-sir-stelios-si-racconta-in-uninteressante-intervista\/","title":{"rendered":"L&#8217;esordio, la famiglia, la Fondazione&#8230; Sir Stelios si racconta in un&#8217;interessante intervista"},"content":{"rendered":"\n<p><strong>Il residente monegasco e fondatore di easyJet ha parlato delle origini della sua azienda, ma anche dei suoi legami molto speciali con il Principato.<\/strong><\/p>\n\n\n\n<p>&#8220;Volevo dimostrare di non essere solo un figlio di pap\u00e0&#8221;<em>.<\/em> \u00c8 questo il titolo scelto dal quotidiano irlandese <a href=\"https:\/\/www.businesspost.ie\/news-focus\/i-wanted-to-prove-that-i-wasnt-just-a-daddys-boy-easyjet-founder-on-building-a-legacy\/\"><em>Business Post<\/em><\/a> per l&#8217;importante intervista a Sir Stelios pubblicata il 3 dicembre.<\/p>\n\n\n\n<p>Un lungo scambio tenutosi durante una visita del monegasco e della sua famiglia in Irlanda. Il fondatore di easyJet ha parlato degli inizi della sua azienda, ma anche dell&#8217;espansione del marchio &#8220;easy&#8221; in tutta Europa e delle sue numerose iniziative di beneficenza.<\/p>\n\n\n\n<p>&#8220;Non \u00e8 stato sempre facile&#8221;, dice l&#8217;imprenditore ricordando il suo debutto. &#8220;\u00c8 stato molto stressante e rischioso, e ho passato molte notti insonni. Fortunatamente \u00e8 andata bene. Ma credo sempre che le pubbliche relazioni siano fondamentali per pubblicizzare una nuova attivit\u00e0. Contare solo sul marketing \u00e8 una strategia molto dispendiosa&#8221;.<\/p>\n\n\n\n<p>Sebbene Sir Stelios Haji-Ioannou non abbia esitato a mobilitare alcune risorse per costruire il suo impero, non ha voluto approfittare degli agi della sua famiglia. L&#8217;imprenditore originario di Atene infatti \u00e8 figlio d&#8217;arte. Suo padre, Loucas Haji-Ioannou, ha dato vita alla sua azienda, la Troodos, negli anni &#8217;90.<\/p>\n\n\n\n<h2 class=\"wp-block-heading\" id=\"h-creer-une-marque-celebre\">Creare un marchio famoso<\/h2>\n\n\n\n<p>Considerata proprietaria della pi\u00f9 grande flotta indipendente al mondo, la Troodos Shipping conta pi\u00f9 di 50 navi cisterna e ha reso il padre di Sir Stelios uno degli imprenditori pi\u00f9 ricchi d&#8217;Europa. Ma per il fondatore di easyJet accontentarsi semplicemente dell&#8217;eredit\u00e0 non era un&#8217;opzione. Voleva pensare pi\u00f9 in grande e, soprattutto, lasciare il segno.<\/p>\n\n\n\n<p>&#8220;Quando avevo vent&#8217;anni, ero spinto da due motivazioni. La prima era dimostrare a mio padre e al resto del mondo che non ero solo un figlio di pap\u00e0, per il fatto che mio padre aveva avuto molto successo. (&#8230;) Ero determinato a dimostrare quanto valessi in un altro settore. L&#8217;altra era di voler creare un marchio che diventasse famoso. L&#8217;azienda di famiglia si occupava di spedizioni marittime e, trattandosi di un&#8217;attivit\u00e0 B2B [Business to Business, scambi commerciali tra aziende, ndr], nessuno sapeva cosa facessi per vivere. Ho avviato la mia prima azienda di spedizioni marittime a soli 20 anni, si chiamava Stelmar Tankers, ma anche quella era una B2B, quindi non \u00e8 diventata famosa. Cos\u00ec ho deciso di creare un marchio che potesse essere conosciuto in tutto il mondo. Era quello che volevo&#8221;, afferma l&#8217;imprenditore<em>.<\/em><\/p>\n\n\n\n<p>Con questo obiettivo, nel 1995 Sir Stelios lancia easyJet: una compagnia aerea &#8220;che avrebbe offerto voli in Gran Bretagna allo stesso prezzo di un paio di jeans&#8221;. Una vera rivoluzione.<\/p>\n\n\n\n<p>28 anni dopo, il marchio easyJet \u00e8 cresciuto al punto da aver rilevato alcuni dei suoi concorrenti europei, che non sono stati in grado di competere con prezzi cos\u00ec accattivanti. Ma per Sir Stelios si trattava soprattutto dell&#8217;opportunit\u00e0 di creare un marchio pi\u00f9 globale:&#8221;Iniziare con una compagnia aerea \u00e8 un buon modo per creare un marchio&#8221;, spiega.&#8221;Milioni e milioni di persone la usano ogni anno. Nell&#8217;anno precedente all&#8217;epidemia di Covid-19, easyJet ha trasportato 96 milioni di passeggeri.&#8221;<\/p>\n\n\n\n<h2 class=\"wp-block-heading\" id=\"h-developper-l-empire-easy\">Far crescere l&#8217;impero easy<\/h2>\n\n\n\n<p>Un&#8217;epidemia non priva di conseguenze per la compagnia aerea, viste le restrizioni sanitarie. L&#8217;articolo del <em>Business Post<\/em> ricorda che nel settembre 2021 easyJet ha dovuto raccogliere oltre 1 miliardo di sterline, tramite un&#8217;emissione di azioni, per riprendersi finanziariamente dal Covid. Oggi <a href=\"https:\/\/www.monaco-tribune.com\/it\/2022\/08\/sir-stelios-sotterra-lascia-di-guerra-fine-della-battaglia-contro-la-dirigenza-di-easyjet\/\">la famiglia Haji-Ioannou possiede ancora il 15% dell&#8217;azienda<\/a>, che equivale a circa 450 milioni di sterline sui 3 miliardi della quotazione in borsa della societ\u00e0.<\/p>\n\n\n\n<p>Dopo una tale crisi<em>, Business Post <\/em>ha naturalmente chiesto a Sir Stelios quale fosse la sua visione dei viaggi in aereo post-covid: &#8220;Credo che i viaggi di piacere torneranno alla normalit\u00e0 molto presto. Ma potrebbe non essere lo stesso per i viaggi di lavoro. So che cercare di prevedere il futuro \u00e8 sempre un rischio, ma forse tutte queste riunioni che facciamo su Teams o Zoom cambieranno le cose.&#8221;<\/p>\n\n\n\n<p>Ma al gruppo easy non mancano gli assi nella manica, come dimostrano le numerose altre societ\u00e0 a marchio easy: easyHotel, easyCar, easyMoney o easyStorage. Il concetto, riassunto dal quotidiano irlandese, \u00e8 semplice: qualsiasi azienda, di qualsiasi settore, pu\u00f2 richiedere una licenza easy per un marchio di prodotti o servizi. In cambio della visibilit\u00e0, l&#8217;azienda deve pagare una commissione a easyGroup.<\/p>\n\n\n\n<p>&#8220;L&#8217;idea migliore che abbia mai avuto \u00e8 stata quella di lanciare una compagnia aerea low-cost. La seconda idea migliore \u00e8 stata quella di mantenere il nome &#8216;easy&#8217; per la mia attivit\u00e0 privata, in modo da poter espandere il marchio e tenere la propriet\u00e0 del nome&#8221;, commenta Sir Stelios, prima di parlare di uno dei suoi risultati pi\u00f9 riusciti, easyHotel, che considera come l&#8217;espansione pi\u00f9 logica del marchio.<\/p>\n\n\n\n<p>&#8220;Penso che sia un buon brand. \u00c8 un settore in cui gli investitori istituzionali e le societ\u00e0 di private equity hanno investito in massa per costruire hotel a marchio easy&#8221;, afferma entusiasta Sir Stelios, rivelando che a oggi sono stati costruiti, o sono in costruzione, circa 50 hotel, soprattutto a Dublino<em>.<\/em><\/p>\n\n\n\n<p class=\"related\"><a href=\"https:\/\/www.monaco-tribune.com\/it\/2021\/12\/easyhotel-il-gruppo-di-sir-stelios-haji-ioannou-triplichera-il-numero-degli-alberghi\/\"><strong>EasyHotel: il gruppo di Sir Stelios Haji-Ioannou triplicher\u00e0 il numero di strutture<\/strong><\/a><\/p>\n\n\n\n<h2 class=\"wp-block-heading\" id=\"h-une-histoire-tres-personnelle-avec-monaco\">Un legame personale con Monaco<\/h2>\n\n\n\n<p>Sembra che l&#8217;imprenditore non abbia scelto l&#8217;Irlanda a caso come punto di partenza. Il paese infatti \u00e8 il luogo di nascita della sua compagna, Orla Murphy, che ha incontrato per la prima volta&#8230; a Monaco!<\/p>\n\n\n\n<p>L&#8217;articolo spiega che i due si sono conosciuti a una festa nella residenza monegasca di Sir Stelios durante un Gran Premio. Orla Murphy si era trasferita nel Principato nel 2008, dove ha lavorato come responsabile delle vendite per un&#8217;azienda di interior design specializzata in yachting e aviazione privata. I due hanno avuto una bambina, ora di quattro anni e mezzo, nata, fatto curioso, due giorni dopo il Gran Premio di Monaco 2018.<\/p>\n\n\n\n<p>Tanti ricordi e legami che spiegano perch\u00e9, tra le tante cause sostenute da Sir Stelios, <a href=\"https:\/\/www.monaco-tribune.com\/it\/2022\/10\/la-fondazione-di-sir-stelios-ha-raccolto-340-000-euro-per-lambiente\/\">alcune sono proprio nel Principato<\/a>. L&#8217;articolo si conclude con alcune parole sulle iniziative benefiche dell&#8217;imprenditore. Dal 2011, la Fondazione Stelios impegna la met\u00e0 delle entrate del residente monegasco.<\/p>\n\n\n\n<p>&#8220;Lavoro quasi 60 ore a settimana, ogni settimana dell&#8217;anno, anche a Natale. Cerco di dividere queste 60 ore in tre parti. (&#8230;) L&#8217;ultima parte la dedico a restituire quello che ho ricevuto alla societ\u00e0. Le entrate di easyGroup mi permettono di fare regolarmente beneficenza. Penso davvero che se si \u00e8 abbastanza fortunati da guadagnare bene nella vita, si dovrebbe restituire un po&#8217; di denaro alla societ\u00e0, ecco perch\u00e9 ho firmato il Giving Pledge&#8221;<em>.<\/em><\/p>\n\n\n\n<p>Una accordo secondo cui, alla sua morte, Sir Stelios lascer\u00e0 in eredit\u00e0 alla sua Fondazione met\u00e0 del suo patrimonio. &#8220;Non si tratta solo di un&#8217;unica spettacolare donazione&#8221;, dice. &#8220;In questo modo, la Fondazione potr\u00e0 disporre di un capitale che potr\u00e0 essere investito con cura, per generare un reddito che sar\u00e0 utilizzato per fare del bene. Spero che, donando fondi sufficienti alla mia Fondazione, questa possa continuare a fare del bene a mio nome. Questa sar\u00e0 la mia eredit\u00e0. Credo che il modo in cui si viene ricordati sia importante. Abbiamo il dovere di fare del bene durante la nostra vita, ma ho deciso di strutturare la mia Fondazione in modo che il mio contributo alla societ\u00e0 possa continuare anche dopo di me.&#8221;<\/p>\n\n\n\n<p class=\"related\"><a href=\"https:\/\/www.monaco-tribune.com\/it\/2022\/12\/per-natale-la-fondazione-di-sir-stelios-aiuta-i-piu-bisognosi\/\"><strong>Per Natale la Fondazione di Sir Stelios aiuta i pi\u00f9 bisognosi<\/strong><\/a><\/p>\n\n\n\n<p>Un contributo che si esprime in vari modi, ad esempio nella lotta contro la fame in Grecia, nella <a href=\"https:\/\/www.monaco-tribune.com\/it\/2022\/01\/sir-stelios-haji-ioannou-donera-20-000-euro-agli-imprenditori-ciprioti\/\">lotta per la pace a Cipro<\/a>, isola originaria dei suoi genitori, o pi\u00f9 di recente, con doni per il personale ospedaliero in Grecia, a Cipro, in Gran Bretagna e a Monaco durante la pandemia di Covid-19.<\/p>\n\n\n\n<p>Cause diverse ma con un filo conduttore: i Paesi sostenuti sono quelli con cui Sir Stelios ha un legame personale: &#8220;alcuni problemi sono troppo grandi e troppo lontani geograficamente. Preferiamo sostenere i quattro o cinque Paesi in cui ho trascorso parte della mia vita&#8221;, conclude.<\/p>\n","protected":false},"excerpt":{"rendered":"<p>Il residente monegasco e fondatore di easyJet ha parlato delle origini della sua azienda, ma anche dei suoi legami molto [&hellip;]<\/p>\n","protected":false},"author":60,"featured_media":107771,"comment_status":"closed","ping_status":"closed","sticky":false,"template":"","format":"standard","meta":{"_acf_changed":false,"footnotes":""},"categories":[1739,1826,1738],"tags":[2962],"post_sectags":[],"post_format":[2486],"class_list":["post-158916","post","type-post","status-publish","format-standard","has-post-thumbnail","hentry","category-business-it","category-la-nostra-scelta","category-notizie","tag-sir-stelios-it","format-servizio"],"acf":[],"yoast_head":"<!-- This site is optimized with the Yoast SEO Premium plugin v26.8 (Yoast SEO v27.4) - https:\/\/yoast.com\/product\/yoast-seo-premium-wordpress\/ -->\n<title>L&#039;esordio, la famiglia, la Fondazione... Sir Stelios si racconta in un&#039;interessante intervista<\/title>\n<meta name=\"description\" content=\"Il residente monegasco e fondatore di easyJet ha parlato delle origini della sua azienda, ma anche dei suoi legami molto speciali con il Principato.\" \/>\n<meta name=\"robots\" content=\"index, follow, max-snippet:-1, max-image-preview:large, max-video-preview:-1\" \/>\n<link rel=\"canonical\" href=\"https:\/\/www.monaco-tribune.com\/it\/2023\/01\/le-origini-la-famiglia-la-fondazione-sir-stelios-si-racconta-in-uninteressante-intervista\/\" \/>\n<meta property=\"og:locale\" content=\"it_IT\" \/>\n<meta property=\"og:type\" content=\"article\" \/>\n<meta property=\"og:title\" content=\"L&#039;esordio, la famiglia, la Fondazione... Sir Stelios si racconta in un&#039;interessante intervista - Monaco Tribune\" \/>\n<meta property=\"og:description\" content=\"Il residente monegasco e fondatore di easyJet ha parlato delle origini della sua azienda, ma anche dei suoi legami molto speciali con il Principato.\" \/>\n<meta property=\"og:url\" content=\"https:\/\/www.monaco-tribune.com\/it\/2023\/01\/le-origini-la-famiglia-la-fondazione-sir-stelios-si-racconta-in-uninteressante-intervista\/\" \/>\n<meta property=\"og:site_name\" content=\"Monaco Tribune\" \/>\n<meta property=\"article:publisher\" content=\"https:\/\/www.facebook.com\/MonacoTribune\" \/>\n<meta property=\"article:published_time\" content=\"2023-01-04T17:59:15+00:00\" \/>\n<meta property=\"article:modified_time\" content=\"2023-01-04T18:20:48+00:00\" \/>\n<meta property=\"og:image\" content=\"https:\/\/www.monaco-tribune.com\/wp-content\/uploads\/2022\/01\/sir-stelios-foundation.jpeg\" \/>\n\t<meta property=\"og:image:width\" content=\"620\" \/>\n\t<meta property=\"og:image:height\" content=\"387\" \/>\n\t<meta property=\"og:image:type\" content=\"image\/jpeg\" \/>\n<meta name=\"author\" content=\"Camille Esteve\" \/>\n<meta name=\"twitter:card\" content=\"summary_large_image\" \/>\n<meta name=\"twitter:creator\" content=\"@MonacoTribune\" \/>\n<meta name=\"twitter:site\" content=\"@MonacoTribune\" \/>\n<script type=\"application\/ld+json\" class=\"yoast-schema-graph\">{\"@context\":\"https:\\\/\\\/schema.org\",\"@graph\":[{\"@type\":\"NewsArticle\",\"@id\":\"https:\\\/\\\/www.monaco-tribune.com\\\/it\\\/2023\\\/01\\\/le-origini-la-famiglia-la-fondazione-sir-stelios-si-racconta-in-uninteressante-intervista\\\/#article\",\"isPartOf\":{\"@id\":\"https:\\\/\\\/www.monaco-tribune.com\\\/it\\\/2023\\\/01\\\/le-origini-la-famiglia-la-fondazione-sir-stelios-si-racconta-in-uninteressante-intervista\\\/\"},\"author\":{\"name\":\"Camille Esteve\",\"@id\":\"https:\\\/\\\/www.monaco-tribune.com\\\/it\\\/#\\\/schema\\\/person\\\/a855d420fff4d03637641d60b93ac62e\"},\"headline\":\"L&#8217;esordio, la famiglia, la Fondazione&#8230; Sir Stelios si racconta in un&#8217;interessante intervista\",\"datePublished\":\"2023-01-04T17:59:15+00:00\",\"dateModified\":\"2023-01-04T18:20:48+00:00\",\"mainEntityOfPage\":{\"@id\":\"https:\\\/\\\/www.monaco-tribune.com\\\/it\\\/2023\\\/01\\\/le-origini-la-famiglia-la-fondazione-sir-stelios-si-racconta-in-uninteressante-intervista\\\/\"},\"wordCount\":1298,\"publisher\":{\"@id\":\"https:\\\/\\\/www.monaco-tribune.com\\\/it\\\/#organization\"},\"image\":{\"@id\":\"https:\\\/\\\/www.monaco-tribune.com\\\/it\\\/2023\\\/01\\\/le-origini-la-famiglia-la-fondazione-sir-stelios-si-racconta-in-uninteressante-intervista\\\/#primaryimage\"},\"thumbnailUrl\":\"https:\\\/\\\/www.monaco-tribune.com\\\/wp-content\\\/uploads\\\/2022\\\/01\\\/sir-stelios-foundation.jpeg\",\"keywords\":[\"Sir Stelios\"],\"articleSection\":[\"Business\",\"La nostra scelta\",\"Notizie\"],\"inLanguage\":\"it-IT\",\"copyrightYear\":\"2023\",\"copyrightHolder\":{\"@id\":\"https:\\\/\\\/www.monaco-tribune.com\\\/#organization\"}},{\"@type\":\"WebPage\",\"@id\":\"https:\\\/\\\/www.monaco-tribune.com\\\/it\\\/2023\\\/01\\\/le-origini-la-famiglia-la-fondazione-sir-stelios-si-racconta-in-uninteressante-intervista\\\/\",\"url\":\"https:\\\/\\\/www.monaco-tribune.com\\\/it\\\/2023\\\/01\\\/le-origini-la-famiglia-la-fondazione-sir-stelios-si-racconta-in-uninteressante-intervista\\\/\",\"name\":\"L'esordio, la famiglia, la Fondazione... Sir Stelios si racconta in un'interessante intervista\",\"isPartOf\":{\"@id\":\"https:\\\/\\\/www.monaco-tribune.com\\\/it\\\/#website\"},\"primaryImageOfPage\":{\"@id\":\"https:\\\/\\\/www.monaco-tribune.com\\\/it\\\/2023\\\/01\\\/le-origini-la-famiglia-la-fondazione-sir-stelios-si-racconta-in-uninteressante-intervista\\\/#primaryimage\"},\"image\":{\"@id\":\"https:\\\/\\\/www.monaco-tribune.com\\\/it\\\/2023\\\/01\\\/le-origini-la-famiglia-la-fondazione-sir-stelios-si-racconta-in-uninteressante-intervista\\\/#primaryimage\"},\"thumbnailUrl\":\"https:\\\/\\\/www.monaco-tribune.com\\\/wp-content\\\/uploads\\\/2022\\\/01\\\/sir-stelios-foundation.jpeg\",\"datePublished\":\"2023-01-04T17:59:15+00:00\",\"dateModified\":\"2023-01-04T18:20:48+00:00\",\"description\":\"Il residente monegasco e fondatore di easyJet ha parlato delle origini della sua azienda, ma anche dei suoi legami molto speciali con il Principato.\",\"breadcrumb\":{\"@id\":\"https:\\\/\\\/www.monaco-tribune.com\\\/it\\\/2023\\\/01\\\/le-origini-la-famiglia-la-fondazione-sir-stelios-si-racconta-in-uninteressante-intervista\\\/#breadcrumb\"},\"inLanguage\":\"it-IT\",\"potentialAction\":[{\"@type\":\"ReadAction\",\"target\":[\"https:\\\/\\\/www.monaco-tribune.com\\\/it\\\/2023\\\/01\\\/le-origini-la-famiglia-la-fondazione-sir-stelios-si-racconta-in-uninteressante-intervista\\\/\"]}]},{\"@type\":\"ImageObject\",\"inLanguage\":\"it-IT\",\"@id\":\"https:\\\/\\\/www.monaco-tribune.com\\\/it\\\/2023\\\/01\\\/le-origini-la-famiglia-la-fondazione-sir-stelios-si-racconta-in-uninteressante-intervista\\\/#primaryimage\",\"url\":\"https:\\\/\\\/www.monaco-tribune.com\\\/wp-content\\\/uploads\\\/2022\\\/01\\\/sir-stelios-foundation.jpeg\",\"contentUrl\":\"https:\\\/\\\/www.monaco-tribune.com\\\/wp-content\\\/uploads\\\/2022\\\/01\\\/sir-stelios-foundation.jpeg\",\"width\":620,\"height\":387,\"caption\":\"Sir Stelios Haji-Ioannou \u00a9 Stelios Philanthropic Foundation\"},{\"@type\":\"BreadcrumbList\",\"@id\":\"https:\\\/\\\/www.monaco-tribune.com\\\/it\\\/2023\\\/01\\\/le-origini-la-famiglia-la-fondazione-sir-stelios-si-racconta-in-uninteressante-intervista\\\/#breadcrumb\",\"itemListElement\":[{\"@type\":\"ListItem\",\"position\":1,\"name\":\"Accueil\",\"item\":\"https:\\\/\\\/www.monaco-tribune.com\\\/it\\\/\"},{\"@type\":\"ListItem\",\"position\":2,\"name\":\"L&rsquo;esordio, la famiglia, la Fondazione&#8230; Sir Stelios si racconta in un&rsquo;interessante intervista\"}]},{\"@type\":\"WebSite\",\"@id\":\"https:\\\/\\\/www.monaco-tribune.com\\\/it\\\/#website\",\"url\":\"https:\\\/\\\/www.monaco-tribune.com\\\/it\\\/\",\"name\":\"Monaco Tribune\",\"description\":\"Monaco : actualit\u00e9s \u00e9conomiques, politiques, culturelles et sportives de Monaco et de la French Riviera.\",\"publisher\":{\"@id\":\"https:\\\/\\\/www.monaco-tribune.com\\\/it\\\/#organization\"},\"potentialAction\":[{\"@type\":\"SearchAction\",\"target\":{\"@type\":\"EntryPoint\",\"urlTemplate\":\"https:\\\/\\\/www.monaco-tribune.com\\\/it\\\/?s={search_term_string}\"},\"query-input\":{\"@type\":\"PropertyValueSpecification\",\"valueRequired\":true,\"valueName\":\"search_term_string\"}}],\"inLanguage\":\"it-IT\"},{\"@type\":\"Organization\",\"@id\":\"https:\\\/\\\/www.monaco-tribune.com\\\/it\\\/#organization\",\"name\":\"Monaco Tribune\",\"url\":\"https:\\\/\\\/www.monaco-tribune.com\\\/it\\\/\",\"logo\":{\"@type\":\"ImageObject\",\"inLanguage\":\"it-IT\",\"@id\":\"https:\\\/\\\/www.monaco-tribune.com\\\/it\\\/#\\\/schema\\\/logo\\\/image\\\/\",\"url\":\"https:\\\/\\\/www.monaco-tribune.com\\\/wp-content\\\/uploads\\\/2022\\\/11\\\/logo-monaco-tribune.png\",\"contentUrl\":\"https:\\\/\\\/www.monaco-tribune.com\\\/wp-content\\\/uploads\\\/2022\\\/11\\\/logo-monaco-tribune.png\",\"width\":1548,\"height\":600,\"caption\":\"Monaco Tribune\"},\"image\":{\"@id\":\"https:\\\/\\\/www.monaco-tribune.com\\\/it\\\/#\\\/schema\\\/logo\\\/image\\\/\"},\"sameAs\":[\"https:\\\/\\\/www.facebook.com\\\/MonacoTribune\",\"https:\\\/\\\/x.com\\\/MonacoTribune\",\"https:\\\/\\\/www.instagram.com\\\/monacotribune\\\/\",\"https:\\\/\\\/www.linkedin.com\\\/company\\\/monaco-tribune\",\"https:\\\/\\\/www.youtube.com\\\/channel\\\/UCHle1MnG6hw1y4lWKijVbMA\"]},{\"@type\":\"Person\",\"@id\":\"https:\\\/\\\/www.monaco-tribune.com\\\/it\\\/#\\\/schema\\\/person\\\/a855d420fff4d03637641d60b93ac62e\",\"name\":\"Camille Esteve\",\"image\":{\"@type\":\"ImageObject\",\"inLanguage\":\"it-IT\",\"@id\":\"https:\\\/\\\/secure.gravatar.com\\\/avatar\\\/eaaa2355a7bb56c0018a391c20a55bf9b4690e3f493231dd850e612bfa6ce161?s=96&d=mm&r=g\",\"url\":\"https:\\\/\\\/secure.gravatar.com\\\/avatar\\\/eaaa2355a7bb56c0018a391c20a55bf9b4690e3f493231dd850e612bfa6ce161?s=96&d=mm&r=g\",\"contentUrl\":\"https:\\\/\\\/secure.gravatar.com\\\/avatar\\\/eaaa2355a7bb56c0018a391c20a55bf9b4690e3f493231dd850e612bfa6ce161?s=96&d=mm&r=g\",\"caption\":\"Camille Esteve\"},\"url\":\"https:\\\/\\\/www.monaco-tribune.com\\\/it\\\/author\\\/camilleesteve\\\/\"}]}<\/script>\n<!-- \/ Yoast SEO Premium plugin. -->","yoast_head_json":{"title":"L'esordio, la famiglia, la Fondazione... Sir Stelios si racconta in un'interessante intervista","description":"Il residente monegasco e fondatore di easyJet ha parlato delle origini della sua azienda, ma anche dei suoi legami molto speciali con il Principato.","robots":{"index":"index","follow":"follow","max-snippet":"max-snippet:-1","max-image-preview":"max-image-preview:large","max-video-preview":"max-video-preview:-1"},"canonical":"https:\/\/www.monaco-tribune.com\/it\/2023\/01\/le-origini-la-famiglia-la-fondazione-sir-stelios-si-racconta-in-uninteressante-intervista\/","og_locale":"it_IT","og_type":"article","og_title":"L'esordio, la famiglia, la Fondazione... Sir Stelios si racconta in un'interessante intervista - Monaco Tribune","og_description":"Il residente monegasco e fondatore di easyJet ha parlato delle origini della sua azienda, ma anche dei suoi legami molto speciali con il Principato.","og_url":"https:\/\/www.monaco-tribune.com\/it\/2023\/01\/le-origini-la-famiglia-la-fondazione-sir-stelios-si-racconta-in-uninteressante-intervista\/","og_site_name":"Monaco Tribune","article_publisher":"https:\/\/www.facebook.com\/MonacoTribune","article_published_time":"2023-01-04T17:59:15+00:00","article_modified_time":"2023-01-04T18:20:48+00:00","og_image":[{"width":620,"height":387,"url":"https:\/\/www.monaco-tribune.com\/wp-content\/uploads\/2022\/01\/sir-stelios-foundation.jpeg","type":"image\/jpeg"}],"author":"Camille Esteve","twitter_card":"summary_large_image","twitter_creator":"@MonacoTribune","twitter_site":"@MonacoTribune","schema":{"@context":"https:\/\/schema.org","@graph":[{"@type":"NewsArticle","@id":"https:\/\/www.monaco-tribune.com\/it\/2023\/01\/le-origini-la-famiglia-la-fondazione-sir-stelios-si-racconta-in-uninteressante-intervista\/#article","isPartOf":{"@id":"https:\/\/www.monaco-tribune.com\/it\/2023\/01\/le-origini-la-famiglia-la-fondazione-sir-stelios-si-racconta-in-uninteressante-intervista\/"},"author":{"name":"Camille Esteve","@id":"https:\/\/www.monaco-tribune.com\/it\/#\/schema\/person\/a855d420fff4d03637641d60b93ac62e"},"headline":"L&#8217;esordio, la famiglia, la Fondazione&#8230; Sir Stelios si racconta in un&#8217;interessante intervista","datePublished":"2023-01-04T17:59:15+00:00","dateModified":"2023-01-04T18:20:48+00:00","mainEntityOfPage":{"@id":"https:\/\/www.monaco-tribune.com\/it\/2023\/01\/le-origini-la-famiglia-la-fondazione-sir-stelios-si-racconta-in-uninteressante-intervista\/"},"wordCount":1298,"publisher":{"@id":"https:\/\/www.monaco-tribune.com\/it\/#organization"},"image":{"@id":"https:\/\/www.monaco-tribune.com\/it\/2023\/01\/le-origini-la-famiglia-la-fondazione-sir-stelios-si-racconta-in-uninteressante-intervista\/#primaryimage"},"thumbnailUrl":"https:\/\/www.monaco-tribune.com\/wp-content\/uploads\/2022\/01\/sir-stelios-foundation.jpeg","keywords":["Sir Stelios"],"articleSection":["Business","La nostra scelta","Notizie"],"inLanguage":"it-IT","copyrightYear":"2023","copyrightHolder":{"@id":"https:\/\/www.monaco-tribune.com\/#organization"}},{"@type":"WebPage","@id":"https:\/\/www.monaco-tribune.com\/it\/2023\/01\/le-origini-la-famiglia-la-fondazione-sir-stelios-si-racconta-in-uninteressante-intervista\/","url":"https:\/\/www.monaco-tribune.com\/it\/2023\/01\/le-origini-la-famiglia-la-fondazione-sir-stelios-si-racconta-in-uninteressante-intervista\/","name":"L'esordio, la famiglia, la Fondazione... Sir Stelios si racconta in un'interessante intervista","isPartOf":{"@id":"https:\/\/www.monaco-tribune.com\/it\/#website"},"primaryImageOfPage":{"@id":"https:\/\/www.monaco-tribune.com\/it\/2023\/01\/le-origini-la-famiglia-la-fondazione-sir-stelios-si-racconta-in-uninteressante-intervista\/#primaryimage"},"image":{"@id":"https:\/\/www.monaco-tribune.com\/it\/2023\/01\/le-origini-la-famiglia-la-fondazione-sir-stelios-si-racconta-in-uninteressante-intervista\/#primaryimage"},"thumbnailUrl":"https:\/\/www.monaco-tribune.com\/wp-content\/uploads\/2022\/01\/sir-stelios-foundation.jpeg","datePublished":"2023-01-04T17:59:15+00:00","dateModified":"2023-01-04T18:20:48+00:00","description":"Il residente monegasco e fondatore di easyJet ha parlato delle origini della sua azienda, ma anche dei suoi legami molto speciali con il Principato.","breadcrumb":{"@id":"https:\/\/www.monaco-tribune.com\/it\/2023\/01\/le-origini-la-famiglia-la-fondazione-sir-stelios-si-racconta-in-uninteressante-intervista\/#breadcrumb"},"inLanguage":"it-IT","potentialAction":[{"@type":"ReadAction","target":["https:\/\/www.monaco-tribune.com\/it\/2023\/01\/le-origini-la-famiglia-la-fondazione-sir-stelios-si-racconta-in-uninteressante-intervista\/"]}]},{"@type":"ImageObject","inLanguage":"it-IT","@id":"https:\/\/www.monaco-tribune.com\/it\/2023\/01\/le-origini-la-famiglia-la-fondazione-sir-stelios-si-racconta-in-uninteressante-intervista\/#primaryimage","url":"https:\/\/www.monaco-tribune.com\/wp-content\/uploads\/2022\/01\/sir-stelios-foundation.jpeg","contentUrl":"https:\/\/www.monaco-tribune.com\/wp-content\/uploads\/2022\/01\/sir-stelios-foundation.jpeg","width":620,"height":387,"caption":"Sir Stelios Haji-Ioannou \u00a9 Stelios Philanthropic Foundation"},{"@type":"BreadcrumbList","@id":"https:\/\/www.monaco-tribune.com\/it\/2023\/01\/le-origini-la-famiglia-la-fondazione-sir-stelios-si-racconta-in-uninteressante-intervista\/#breadcrumb","itemListElement":[{"@type":"ListItem","position":1,"name":"Accueil","item":"https:\/\/www.monaco-tribune.com\/it\/"},{"@type":"ListItem","position":2,"name":"L&rsquo;esordio, la famiglia, la Fondazione&#8230; Sir Stelios si racconta in un&rsquo;interessante intervista"}]},{"@type":"WebSite","@id":"https:\/\/www.monaco-tribune.com\/it\/#website","url":"https:\/\/www.monaco-tribune.com\/it\/","name":"Monaco Tribune","description":"Monaco : actualit\u00e9s \u00e9conomiques, politiques, culturelles et sportives de Monaco et de la French Riviera.","publisher":{"@id":"https:\/\/www.monaco-tribune.com\/it\/#organization"},"potentialAction":[{"@type":"SearchAction","target":{"@type":"EntryPoint","urlTemplate":"https:\/\/www.monaco-tribune.com\/it\/?s={search_term_string}"},"query-input":{"@type":"PropertyValueSpecification","valueRequired":true,"valueName":"search_term_string"}}],"inLanguage":"it-IT"},{"@type":"Organization","@id":"https:\/\/www.monaco-tribune.com\/it\/#organization","name":"Monaco Tribune","url":"https:\/\/www.monaco-tribune.com\/it\/","logo":{"@type":"ImageObject","inLanguage":"it-IT","@id":"https:\/\/www.monaco-tribune.com\/it\/#\/schema\/logo\/image\/","url":"https:\/\/www.monaco-tribune.com\/wp-content\/uploads\/2022\/11\/logo-monaco-tribune.png","contentUrl":"https:\/\/www.monaco-tribune.com\/wp-content\/uploads\/2022\/11\/logo-monaco-tribune.png","width":1548,"height":600,"caption":"Monaco Tribune"},"image":{"@id":"https:\/\/www.monaco-tribune.com\/it\/#\/schema\/logo\/image\/"},"sameAs":["https:\/\/www.facebook.com\/MonacoTribune","https:\/\/x.com\/MonacoTribune","https:\/\/www.instagram.com\/monacotribune\/","https:\/\/www.linkedin.com\/company\/monaco-tribune","https:\/\/www.youtube.com\/channel\/UCHle1MnG6hw1y4lWKijVbMA"]},{"@type":"Person","@id":"https:\/\/www.monaco-tribune.com\/it\/#\/schema\/person\/a855d420fff4d03637641d60b93ac62e","name":"Camille Esteve","image":{"@type":"ImageObject","inLanguage":"it-IT","@id":"https:\/\/secure.gravatar.com\/avatar\/eaaa2355a7bb56c0018a391c20a55bf9b4690e3f493231dd850e612bfa6ce161?s=96&d=mm&r=g","url":"https:\/\/secure.gravatar.com\/avatar\/eaaa2355a7bb56c0018a391c20a55bf9b4690e3f493231dd850e612bfa6ce161?s=96&d=mm&r=g","contentUrl":"https:\/\/secure.gravatar.com\/avatar\/eaaa2355a7bb56c0018a391c20a55bf9b4690e3f493231dd850e612bfa6ce161?s=96&d=mm&r=g","caption":"Camille Esteve"},"url":"https:\/\/www.monaco-tribune.com\/it\/author\/camilleesteve\/"}]}},"_links":{"self":[{"href":"https:\/\/www.monaco-tribune.com\/it\/wp-json\/wp\/v2\/posts\/158916","targetHints":{"allow":["GET"]}}],"collection":[{"href":"https:\/\/www.monaco-tribune.com\/it\/wp-json\/wp\/v2\/posts"}],"about":[{"href":"https:\/\/www.monaco-tribune.com\/it\/wp-json\/wp\/v2\/types\/post"}],"author":[{"embeddable":true,"href":"https:\/\/www.monaco-tribune.com\/it\/wp-json\/wp\/v2\/users\/60"}],"replies":[{"embeddable":true,"href":"https:\/\/www.monaco-tribune.com\/it\/wp-json\/wp\/v2\/comments?post=158916"}],"version-history":[{"count":0,"href":"https:\/\/www.monaco-tribune.com\/it\/wp-json\/wp\/v2\/posts\/158916\/revisions"}],"wp:featuredmedia":[{"embeddable":true,"href":"https:\/\/www.monaco-tribune.com\/it\/wp-json\/wp\/v2\/media\/107771"}],"wp:attachment":[{"href":"https:\/\/www.monaco-tribune.com\/it\/wp-json\/wp\/v2\/media?parent=158916"}],"wp:term":[{"taxonomy":"category","embeddable":true,"href":"https:\/\/www.monaco-tribune.com\/it\/wp-json\/wp\/v2\/categories?post=158916"},{"taxonomy":"post_tag","embeddable":true,"href":"https:\/\/www.monaco-tribune.com\/it\/wp-json\/wp\/v2\/tags?post=158916"},{"taxonomy":"sectag","embeddable":true,"href":"https:\/\/www.monaco-tribune.com\/it\/wp-json\/wp\/v2\/post_sectags?post=158916"},{"taxonomy":"format","embeddable":true,"href":"https:\/\/www.monaco-tribune.com\/it\/wp-json\/wp\/v2\/post_format?post=158916"}],"curies":[{"name":"wp","href":"https:\/\/api.w.org\/{rel}","templated":true}]}}