{"id":159706,"date":"2023-01-11T17:59:17","date_gmt":"2023-01-11T16:59:17","guid":{"rendered":"https:\/\/www.monaco-tribune.com\/2023\/01\/marshall-glickman-ceo-di-euroleague-in-visita-a-monaco\/"},"modified":"2023-01-11T17:59:48","modified_gmt":"2023-01-11T16:59:48","slug":"marshall-glickman-ceo-di-euroleague-in-visita-a-monaco","status":"publish","type":"post","link":"https:\/\/www.monaco-tribune.com\/it\/2023\/01\/marshall-glickman-ceo-di-euroleague-in-visita-a-monaco\/","title":{"rendered":"Marshall Glickman, CEO di EuroLeague, in visita a Monaco"},"content":{"rendered":"\n<p><strong>Il responsabile della pi\u00f9 grande competizione europea di pallacanestro \u00e8 stato accolto marted\u00ec nella residenza del Ministro di Stato, Pierre Dartout.<\/strong><\/p>\n\n<p><a href=\"https:\/\/www.monaco-tribune.com\/2023\/01\/euroleague-las-monaco-basket-sur-le-toit-de-lolympe\/\">In occasione della partita tra il Roca Team e l&#8217;Olympiacos<\/a>, Marshall Glickman si \u00e8 recato nel Principato per una visita di lavoro ed \u00e8 stato accolto dai Consiglieri del Governo, Patrice Cellario e Jean Castellini, e dal Presidente dell&#8217;AS Monaco Basket, Aleksej Fedoriscev.<\/p>\n\n<p>&#8220;Monaco \u00e8 un luogo meraviglioso e un mercato interessante, perch\u00e9 \u00e8 multiculturale. Credo che questo sia molto importante per noi&#8221;, ha dichiarato a Monaco Info<em>.<\/em><\/p>\n\n<p>&#8220;Il Monaco sta giocando molto bene, ha vinto parecchie partite e cos\u00ec ha conquistato il primo posto e se lo tiene stretto. Grazie a Oleksiy Yefimov, ha un eccellente team di management. Ci sono molti investimenti in questo settore, quindi siamo ottimisti per il futuro&#8221;.<\/p>\n\n<h2 class=\"wp-block-heading\" id=\"h-l-as-monaco-basket-deja-assuree-d-etre-en-euroleague-la-saison-prochaine\">L&#8217;AS Monaco Basket si \u00e8 gi\u00e0 assicurata l&#8217;EuroLeague nella prossima stagione?<\/h2>\n\n<p>Secondo quanto riportato da L&#8217;\u00c9quipe, sarebbe stato garantito, in via ufficiosa, al club del Principato di rientrare tra le squadre della stagione 2023-2024. Attualmente in testa all&#8217;EuroLeague, il Roca Team dovrebbe in ogni caso giocare i play-off e quindi qualificarsi automaticamente per la prossima edizione, come la scorsa stagione.<\/p>\n\n<p>&#8220;Il basket \u00e8 uno degli sport pi\u00f9 interessanti del Principato e abbiamo una squadra che porta in alto i suoi colori&#8221;, ha dichiarato Pierre Dartout.<\/p>\n\n<p>&#8220;\u00c8 importante sottolineare l&#8217;interesse che il Governo monegasco e il Sovrano mostrano per il basket nel Principato e per il campionato dell&#8217;EuroLeague. Il fatto che tutti i grandi club europei vengano a Monaco, ma anche che la squadra vada da loro, \u00e8 molto importante e contribuisce all&#8217;attrattiva del Principato&#8221;.<\/p>\n","protected":false},"excerpt":{"rendered":"<p>Il responsabile della pi\u00f9 grande competizione europea di pallacanestro \u00e8 stato accolto marted\u00ec nella residenza del Ministro di Stato, Pierre [&hellip;]<\/p>\n","protected":false},"author":24,"featured_media":159580,"comment_status":"closed","ping_status":"closed","sticky":false,"template":"","format":"standard","meta":{"_acf_changed":false,"footnotes":""},"categories":[1738,1743],"tags":[3001],"post_sectags":[],"post_format":[2478],"class_list":["post-159706","post","type-post","status-publish","format-standard","has-post-thumbnail","hentry","category-notizie","category-sport-it","tag-roca-team-it","format-notizia"],"acf":[],"yoast_head":"<!-- This site is optimized with the Yoast SEO Premium plugin v26.8 (Yoast SEO v27.5) - https:\/\/yoast.com\/product\/yoast-seo-premium-wordpress\/ -->\n<title>Marshall Glickman, CEO di EuroLeague, in visita a Monaco<\/title>\n<meta name=\"description\" content=\"Il responsabile della pi\u00f9 grande competizione europea di pallacanestro \u00e8 stato accolto marted\u00ec nella residenza del Ministro di Stato, Pierre Dartout. In\" \/>\n<meta name=\"robots\" content=\"index, follow, max-snippet:-1, max-image-preview:large, max-video-preview:-1\" \/>\n<link rel=\"canonical\" href=\"https:\/\/www.monaco-tribune.com\/it\/2023\/01\/marshall-glickman-ceo-di-euroleague-in-visita-a-monaco\/\" \/>\n<meta property=\"og:locale\" content=\"it_IT\" \/>\n<meta property=\"og:type\" content=\"article\" \/>\n<meta property=\"og:title\" content=\"Marshall Glickman, CEO di EuroLeague, in visita a Monaco - Monaco Tribune\" \/>\n<meta property=\"og:description\" content=\"Il responsabile della pi\u00f9 grande competizione europea di pallacanestro \u00e8 stato accolto marted\u00ec nella residenza del Ministro di Stato, Pierre Dartout. In\" \/>\n<meta property=\"og:url\" content=\"https:\/\/www.monaco-tribune.com\/it\/2023\/01\/marshall-glickman-ceo-di-euroleague-in-visita-a-monaco\/\" \/>\n<meta property=\"og:site_name\" content=\"Monaco Tribune\" \/>\n<meta property=\"article:publisher\" content=\"https:\/\/www.facebook.com\/MonacoTribune\" \/>\n<meta property=\"article:published_time\" content=\"2023-01-11T16:59:17+00:00\" \/>\n<meta property=\"article:modified_time\" content=\"2023-01-11T16:59:48+00:00\" \/>\n<meta property=\"og:image\" content=\"https:\/\/www.monaco-tribune.com\/wp-content\/uploads\/2023\/01\/as-monaco-basket-min.jpeg\" \/>\n\t<meta property=\"og:image:width\" content=\"1800\" \/>\n\t<meta property=\"og:image:height\" content=\"1200\" \/>\n\t<meta property=\"og:image:type\" content=\"image\/jpeg\" \/>\n<meta name=\"author\" content=\"Romain Boisaubert\" \/>\n<meta name=\"twitter:card\" content=\"summary_large_image\" \/>\n<meta name=\"twitter:creator\" content=\"@MonacoTribune\" \/>\n<meta name=\"twitter:site\" content=\"@MonacoTribune\" \/>\n<script type=\"application\/ld+json\" class=\"yoast-schema-graph\">{\"@context\":\"https:\\\/\\\/schema.org\",\"@graph\":[{\"@type\":\"NewsArticle\",\"@id\":\"https:\\\/\\\/www.monaco-tribune.com\\\/it\\\/2023\\\/01\\\/marshall-glickman-ceo-di-euroleague-in-visita-a-monaco\\\/#article\",\"isPartOf\":{\"@id\":\"https:\\\/\\\/www.monaco-tribune.com\\\/it\\\/2023\\\/01\\\/marshall-glickman-ceo-di-euroleague-in-visita-a-monaco\\\/\"},\"author\":{\"name\":\"Romain Boisaubert\",\"@id\":\"https:\\\/\\\/www.monaco-tribune.com\\\/it\\\/#\\\/schema\\\/person\\\/330a3732947cf8cb41b2533a0eadd62e\"},\"headline\":\"Marshall Glickman, CEO di EuroLeague, in visita a Monaco\",\"datePublished\":\"2023-01-11T16:59:17+00:00\",\"dateModified\":\"2023-01-11T16:59:48+00:00\",\"mainEntityOfPage\":{\"@id\":\"https:\\\/\\\/www.monaco-tribune.com\\\/it\\\/2023\\\/01\\\/marshall-glickman-ceo-di-euroleague-in-visita-a-monaco\\\/\"},\"wordCount\":277,\"publisher\":{\"@id\":\"https:\\\/\\\/www.monaco-tribune.com\\\/it\\\/#organization\"},\"image\":{\"@id\":\"https:\\\/\\\/www.monaco-tribune.com\\\/it\\\/2023\\\/01\\\/marshall-glickman-ceo-di-euroleague-in-visita-a-monaco\\\/#primaryimage\"},\"thumbnailUrl\":\"https:\\\/\\\/www.monaco-tribune.com\\\/wp-content\\\/uploads\\\/2023\\\/01\\\/as-monaco-basket-min.jpeg\",\"keywords\":[\"Roca Team\"],\"articleSection\":[\"Notizie\",\"Sport\"],\"inLanguage\":\"it-IT\",\"copyrightYear\":\"2023\",\"copyrightHolder\":{\"@id\":\"https:\\\/\\\/www.monaco-tribune.com\\\/#organization\"}},{\"@type\":\"WebPage\",\"@id\":\"https:\\\/\\\/www.monaco-tribune.com\\\/it\\\/2023\\\/01\\\/marshall-glickman-ceo-di-euroleague-in-visita-a-monaco\\\/\",\"url\":\"https:\\\/\\\/www.monaco-tribune.com\\\/it\\\/2023\\\/01\\\/marshall-glickman-ceo-di-euroleague-in-visita-a-monaco\\\/\",\"name\":\"Marshall Glickman, CEO di EuroLeague, in visita a Monaco\",\"isPartOf\":{\"@id\":\"https:\\\/\\\/www.monaco-tribune.com\\\/it\\\/#website\"},\"primaryImageOfPage\":{\"@id\":\"https:\\\/\\\/www.monaco-tribune.com\\\/it\\\/2023\\\/01\\\/marshall-glickman-ceo-di-euroleague-in-visita-a-monaco\\\/#primaryimage\"},\"image\":{\"@id\":\"https:\\\/\\\/www.monaco-tribune.com\\\/it\\\/2023\\\/01\\\/marshall-glickman-ceo-di-euroleague-in-visita-a-monaco\\\/#primaryimage\"},\"thumbnailUrl\":\"https:\\\/\\\/www.monaco-tribune.com\\\/wp-content\\\/uploads\\\/2023\\\/01\\\/as-monaco-basket-min.jpeg\",\"datePublished\":\"2023-01-11T16:59:17+00:00\",\"dateModified\":\"2023-01-11T16:59:48+00:00\",\"description\":\"Il responsabile della pi\u00f9 grande competizione europea di pallacanestro \u00e8 stato accolto marted\u00ec nella residenza del Ministro di Stato, Pierre Dartout. In\",\"breadcrumb\":{\"@id\":\"https:\\\/\\\/www.monaco-tribune.com\\\/it\\\/2023\\\/01\\\/marshall-glickman-ceo-di-euroleague-in-visita-a-monaco\\\/#breadcrumb\"},\"inLanguage\":\"it-IT\",\"potentialAction\":[{\"@type\":\"ReadAction\",\"target\":[\"https:\\\/\\\/www.monaco-tribune.com\\\/it\\\/2023\\\/01\\\/marshall-glickman-ceo-di-euroleague-in-visita-a-monaco\\\/\"]}]},{\"@type\":\"ImageObject\",\"inLanguage\":\"it-IT\",\"@id\":\"https:\\\/\\\/www.monaco-tribune.com\\\/it\\\/2023\\\/01\\\/marshall-glickman-ceo-di-euroleague-in-visita-a-monaco\\\/#primaryimage\",\"url\":\"https:\\\/\\\/www.monaco-tribune.com\\\/wp-content\\\/uploads\\\/2023\\\/01\\\/as-monaco-basket-min.jpeg\",\"contentUrl\":\"https:\\\/\\\/www.monaco-tribune.com\\\/wp-content\\\/uploads\\\/2023\\\/01\\\/as-monaco-basket-min.jpeg\",\"width\":1800,\"height\":1200,\"caption\":\"Aleksej Fedoriscev, Marshall Glickman e Pierre Dartout \u00a9 Direzione della Comunicazione \\\/ Manuel Vitali\"},{\"@type\":\"BreadcrumbList\",\"@id\":\"https:\\\/\\\/www.monaco-tribune.com\\\/it\\\/2023\\\/01\\\/marshall-glickman-ceo-di-euroleague-in-visita-a-monaco\\\/#breadcrumb\",\"itemListElement\":[{\"@type\":\"ListItem\",\"position\":1,\"name\":\"Accueil\",\"item\":\"https:\\\/\\\/www.monaco-tribune.com\\\/it\\\/\"},{\"@type\":\"ListItem\",\"position\":2,\"name\":\"Marshall Glickman, CEO di EuroLeague, in visita a Monaco\"}]},{\"@type\":\"WebSite\",\"@id\":\"https:\\\/\\\/www.monaco-tribune.com\\\/it\\\/#website\",\"url\":\"https:\\\/\\\/www.monaco-tribune.com\\\/it\\\/\",\"name\":\"Monaco Tribune\",\"description\":\"Monaco : actualit\u00e9s \u00e9conomiques, politiques, culturelles et sportives de Monaco et de la French Riviera.\",\"publisher\":{\"@id\":\"https:\\\/\\\/www.monaco-tribune.com\\\/it\\\/#organization\"},\"potentialAction\":[{\"@type\":\"SearchAction\",\"target\":{\"@type\":\"EntryPoint\",\"urlTemplate\":\"https:\\\/\\\/www.monaco-tribune.com\\\/it\\\/?s={search_term_string}\"},\"query-input\":{\"@type\":\"PropertyValueSpecification\",\"valueRequired\":true,\"valueName\":\"search_term_string\"}}],\"inLanguage\":\"it-IT\"},{\"@type\":\"Organization\",\"@id\":\"https:\\\/\\\/www.monaco-tribune.com\\\/it\\\/#organization\",\"name\":\"Monaco Tribune\",\"url\":\"https:\\\/\\\/www.monaco-tribune.com\\\/it\\\/\",\"logo\":{\"@type\":\"ImageObject\",\"inLanguage\":\"it-IT\",\"@id\":\"https:\\\/\\\/www.monaco-tribune.com\\\/it\\\/#\\\/schema\\\/logo\\\/image\\\/\",\"url\":\"https:\\\/\\\/www.monaco-tribune.com\\\/wp-content\\\/uploads\\\/2022\\\/11\\\/logo-monaco-tribune.png\",\"contentUrl\":\"https:\\\/\\\/www.monaco-tribune.com\\\/wp-content\\\/uploads\\\/2022\\\/11\\\/logo-monaco-tribune.png\",\"width\":1548,\"height\":600,\"caption\":\"Monaco Tribune\"},\"image\":{\"@id\":\"https:\\\/\\\/www.monaco-tribune.com\\\/it\\\/#\\\/schema\\\/logo\\\/image\\\/\"},\"sameAs\":[\"https:\\\/\\\/www.facebook.com\\\/MonacoTribune\",\"https:\\\/\\\/x.com\\\/MonacoTribune\",\"https:\\\/\\\/www.instagram.com\\\/monacotribune\\\/\",\"https:\\\/\\\/www.linkedin.com\\\/company\\\/monaco-tribune\",\"https:\\\/\\\/www.youtube.com\\\/channel\\\/UCHle1MnG6hw1y4lWKijVbMA\"]},{\"@type\":\"Person\",\"@id\":\"https:\\\/\\\/www.monaco-tribune.com\\\/it\\\/#\\\/schema\\\/person\\\/330a3732947cf8cb41b2533a0eadd62e\",\"name\":\"Romain Boisaubert\",\"image\":{\"@type\":\"ImageObject\",\"inLanguage\":\"it-IT\",\"@id\":\"https:\\\/\\\/secure.gravatar.com\\\/avatar\\\/f8b90d41f1eabd1cbe4cf59e09d8db41a697d51919bf2dfe727589a24a4a4d54?s=96&d=mm&r=g\",\"url\":\"https:\\\/\\\/secure.gravatar.com\\\/avatar\\\/f8b90d41f1eabd1cbe4cf59e09d8db41a697d51919bf2dfe727589a24a4a4d54?s=96&d=mm&r=g\",\"contentUrl\":\"https:\\\/\\\/secure.gravatar.com\\\/avatar\\\/f8b90d41f1eabd1cbe4cf59e09d8db41a697d51919bf2dfe727589a24a4a4d54?s=96&d=mm&r=g\",\"caption\":\"Romain Boisaubert\"},\"description\":\"Test bio\",\"url\":\"https:\\\/\\\/www.monaco-tribune.com\\\/it\\\/author\\\/romain-boisaubert\\\/\"}]}<\/script>\n<!-- \/ Yoast SEO Premium plugin. -->","yoast_head_json":{"title":"Marshall Glickman, CEO di EuroLeague, in visita a Monaco","description":"Il responsabile della pi\u00f9 grande competizione europea di pallacanestro \u00e8 stato accolto marted\u00ec nella residenza del Ministro di Stato, Pierre Dartout. In","robots":{"index":"index","follow":"follow","max-snippet":"max-snippet:-1","max-image-preview":"max-image-preview:large","max-video-preview":"max-video-preview:-1"},"canonical":"https:\/\/www.monaco-tribune.com\/it\/2023\/01\/marshall-glickman-ceo-di-euroleague-in-visita-a-monaco\/","og_locale":"it_IT","og_type":"article","og_title":"Marshall Glickman, CEO di EuroLeague, in visita a Monaco - Monaco Tribune","og_description":"Il responsabile della pi\u00f9 grande competizione europea di pallacanestro \u00e8 stato accolto marted\u00ec nella residenza del Ministro di Stato, Pierre Dartout. In","og_url":"https:\/\/www.monaco-tribune.com\/it\/2023\/01\/marshall-glickman-ceo-di-euroleague-in-visita-a-monaco\/","og_site_name":"Monaco Tribune","article_publisher":"https:\/\/www.facebook.com\/MonacoTribune","article_published_time":"2023-01-11T16:59:17+00:00","article_modified_time":"2023-01-11T16:59:48+00:00","og_image":[{"width":1800,"height":1200,"url":"https:\/\/www.monaco-tribune.com\/wp-content\/uploads\/2023\/01\/as-monaco-basket-min.jpeg","type":"image\/jpeg"}],"author":"Romain Boisaubert","twitter_card":"summary_large_image","twitter_creator":"@MonacoTribune","twitter_site":"@MonacoTribune","schema":{"@context":"https:\/\/schema.org","@graph":[{"@type":"NewsArticle","@id":"https:\/\/www.monaco-tribune.com\/it\/2023\/01\/marshall-glickman-ceo-di-euroleague-in-visita-a-monaco\/#article","isPartOf":{"@id":"https:\/\/www.monaco-tribune.com\/it\/2023\/01\/marshall-glickman-ceo-di-euroleague-in-visita-a-monaco\/"},"author":{"name":"Romain Boisaubert","@id":"https:\/\/www.monaco-tribune.com\/it\/#\/schema\/person\/330a3732947cf8cb41b2533a0eadd62e"},"headline":"Marshall Glickman, CEO di EuroLeague, in visita a Monaco","datePublished":"2023-01-11T16:59:17+00:00","dateModified":"2023-01-11T16:59:48+00:00","mainEntityOfPage":{"@id":"https:\/\/www.monaco-tribune.com\/it\/2023\/01\/marshall-glickman-ceo-di-euroleague-in-visita-a-monaco\/"},"wordCount":277,"publisher":{"@id":"https:\/\/www.monaco-tribune.com\/it\/#organization"},"image":{"@id":"https:\/\/www.monaco-tribune.com\/it\/2023\/01\/marshall-glickman-ceo-di-euroleague-in-visita-a-monaco\/#primaryimage"},"thumbnailUrl":"https:\/\/www.monaco-tribune.com\/wp-content\/uploads\/2023\/01\/as-monaco-basket-min.jpeg","keywords":["Roca Team"],"articleSection":["Notizie","Sport"],"inLanguage":"it-IT","copyrightYear":"2023","copyrightHolder":{"@id":"https:\/\/www.monaco-tribune.com\/#organization"}},{"@type":"WebPage","@id":"https:\/\/www.monaco-tribune.com\/it\/2023\/01\/marshall-glickman-ceo-di-euroleague-in-visita-a-monaco\/","url":"https:\/\/www.monaco-tribune.com\/it\/2023\/01\/marshall-glickman-ceo-di-euroleague-in-visita-a-monaco\/","name":"Marshall Glickman, CEO di EuroLeague, in visita a Monaco","isPartOf":{"@id":"https:\/\/www.monaco-tribune.com\/it\/#website"},"primaryImageOfPage":{"@id":"https:\/\/www.monaco-tribune.com\/it\/2023\/01\/marshall-glickman-ceo-di-euroleague-in-visita-a-monaco\/#primaryimage"},"image":{"@id":"https:\/\/www.monaco-tribune.com\/it\/2023\/01\/marshall-glickman-ceo-di-euroleague-in-visita-a-monaco\/#primaryimage"},"thumbnailUrl":"https:\/\/www.monaco-tribune.com\/wp-content\/uploads\/2023\/01\/as-monaco-basket-min.jpeg","datePublished":"2023-01-11T16:59:17+00:00","dateModified":"2023-01-11T16:59:48+00:00","description":"Il responsabile della pi\u00f9 grande competizione europea di pallacanestro \u00e8 stato accolto marted\u00ec nella residenza del Ministro di Stato, Pierre Dartout. In","breadcrumb":{"@id":"https:\/\/www.monaco-tribune.com\/it\/2023\/01\/marshall-glickman-ceo-di-euroleague-in-visita-a-monaco\/#breadcrumb"},"inLanguage":"it-IT","potentialAction":[{"@type":"ReadAction","target":["https:\/\/www.monaco-tribune.com\/it\/2023\/01\/marshall-glickman-ceo-di-euroleague-in-visita-a-monaco\/"]}]},{"@type":"ImageObject","inLanguage":"it-IT","@id":"https:\/\/www.monaco-tribune.com\/it\/2023\/01\/marshall-glickman-ceo-di-euroleague-in-visita-a-monaco\/#primaryimage","url":"https:\/\/www.monaco-tribune.com\/wp-content\/uploads\/2023\/01\/as-monaco-basket-min.jpeg","contentUrl":"https:\/\/www.monaco-tribune.com\/wp-content\/uploads\/2023\/01\/as-monaco-basket-min.jpeg","width":1800,"height":1200,"caption":"Aleksej Fedoriscev, Marshall Glickman e Pierre Dartout \u00a9 Direzione della Comunicazione \/ Manuel Vitali"},{"@type":"BreadcrumbList","@id":"https:\/\/www.monaco-tribune.com\/it\/2023\/01\/marshall-glickman-ceo-di-euroleague-in-visita-a-monaco\/#breadcrumb","itemListElement":[{"@type":"ListItem","position":1,"name":"Accueil","item":"https:\/\/www.monaco-tribune.com\/it\/"},{"@type":"ListItem","position":2,"name":"Marshall Glickman, CEO di EuroLeague, in visita a Monaco"}]},{"@type":"WebSite","@id":"https:\/\/www.monaco-tribune.com\/it\/#website","url":"https:\/\/www.monaco-tribune.com\/it\/","name":"Monaco Tribune","description":"Monaco : actualit\u00e9s \u00e9conomiques, politiques, culturelles et sportives de Monaco et de la French Riviera.","publisher":{"@id":"https:\/\/www.monaco-tribune.com\/it\/#organization"},"potentialAction":[{"@type":"SearchAction","target":{"@type":"EntryPoint","urlTemplate":"https:\/\/www.monaco-tribune.com\/it\/?s={search_term_string}"},"query-input":{"@type":"PropertyValueSpecification","valueRequired":true,"valueName":"search_term_string"}}],"inLanguage":"it-IT"},{"@type":"Organization","@id":"https:\/\/www.monaco-tribune.com\/it\/#organization","name":"Monaco Tribune","url":"https:\/\/www.monaco-tribune.com\/it\/","logo":{"@type":"ImageObject","inLanguage":"it-IT","@id":"https:\/\/www.monaco-tribune.com\/it\/#\/schema\/logo\/image\/","url":"https:\/\/www.monaco-tribune.com\/wp-content\/uploads\/2022\/11\/logo-monaco-tribune.png","contentUrl":"https:\/\/www.monaco-tribune.com\/wp-content\/uploads\/2022\/11\/logo-monaco-tribune.png","width":1548,"height":600,"caption":"Monaco Tribune"},"image":{"@id":"https:\/\/www.monaco-tribune.com\/it\/#\/schema\/logo\/image\/"},"sameAs":["https:\/\/www.facebook.com\/MonacoTribune","https:\/\/x.com\/MonacoTribune","https:\/\/www.instagram.com\/monacotribune\/","https:\/\/www.linkedin.com\/company\/monaco-tribune","https:\/\/www.youtube.com\/channel\/UCHle1MnG6hw1y4lWKijVbMA"]},{"@type":"Person","@id":"https:\/\/www.monaco-tribune.com\/it\/#\/schema\/person\/330a3732947cf8cb41b2533a0eadd62e","name":"Romain Boisaubert","image":{"@type":"ImageObject","inLanguage":"it-IT","@id":"https:\/\/secure.gravatar.com\/avatar\/f8b90d41f1eabd1cbe4cf59e09d8db41a697d51919bf2dfe727589a24a4a4d54?s=96&d=mm&r=g","url":"https:\/\/secure.gravatar.com\/avatar\/f8b90d41f1eabd1cbe4cf59e09d8db41a697d51919bf2dfe727589a24a4a4d54?s=96&d=mm&r=g","contentUrl":"https:\/\/secure.gravatar.com\/avatar\/f8b90d41f1eabd1cbe4cf59e09d8db41a697d51919bf2dfe727589a24a4a4d54?s=96&d=mm&r=g","caption":"Romain Boisaubert"},"description":"Test bio","url":"https:\/\/www.monaco-tribune.com\/it\/author\/romain-boisaubert\/"}]}},"_links":{"self":[{"href":"https:\/\/www.monaco-tribune.com\/it\/wp-json\/wp\/v2\/posts\/159706","targetHints":{"allow":["GET"]}}],"collection":[{"href":"https:\/\/www.monaco-tribune.com\/it\/wp-json\/wp\/v2\/posts"}],"about":[{"href":"https:\/\/www.monaco-tribune.com\/it\/wp-json\/wp\/v2\/types\/post"}],"author":[{"embeddable":true,"href":"https:\/\/www.monaco-tribune.com\/it\/wp-json\/wp\/v2\/users\/24"}],"replies":[{"embeddable":true,"href":"https:\/\/www.monaco-tribune.com\/it\/wp-json\/wp\/v2\/comments?post=159706"}],"version-history":[{"count":0,"href":"https:\/\/www.monaco-tribune.com\/it\/wp-json\/wp\/v2\/posts\/159706\/revisions"}],"wp:featuredmedia":[{"embeddable":true,"href":"https:\/\/www.monaco-tribune.com\/it\/wp-json\/wp\/v2\/media\/159580"}],"wp:attachment":[{"href":"https:\/\/www.monaco-tribune.com\/it\/wp-json\/wp\/v2\/media?parent=159706"}],"wp:term":[{"taxonomy":"category","embeddable":true,"href":"https:\/\/www.monaco-tribune.com\/it\/wp-json\/wp\/v2\/categories?post=159706"},{"taxonomy":"post_tag","embeddable":true,"href":"https:\/\/www.monaco-tribune.com\/it\/wp-json\/wp\/v2\/tags?post=159706"},{"taxonomy":"sectag","embeddable":true,"href":"https:\/\/www.monaco-tribune.com\/it\/wp-json\/wp\/v2\/post_sectags?post=159706"},{"taxonomy":"format","embeddable":true,"href":"https:\/\/www.monaco-tribune.com\/it\/wp-json\/wp\/v2\/post_format?post=159706"}],"curies":[{"name":"wp","href":"https:\/\/api.w.org\/{rel}","templated":true}]}}