{"id":160561,"date":"2023-01-18T17:36:07","date_gmt":"2023-01-18T16:36:07","guid":{"rendered":"https:\/\/www.monaco-tribune.com\/2023\/01\/nizza-londra-a-10-euro-presto-sara-possibile\/"},"modified":"2023-01-18T17:36:18","modified_gmt":"2023-01-18T16:36:18","slug":"nizza-londra-a-10-euro-presto-sara-possibile","status":"publish","type":"post","link":"https:\/\/www.monaco-tribune.com\/it\/2023\/01\/nizza-londra-a-10-euro-presto-sara-possibile\/","title":{"rendered":"Nizza-Londra a 10 euro? Presto sar\u00e0 possibile"},"content":{"rendered":"\n<p><strong>La compagnia aerea low cost Wizz Air lancer\u00e0 in primavera una nuova tratta Londra-Nizza.<\/strong><\/p>\n\n<p>Il 26 marzo, la compagnia ungherese offrir\u00e0 una tratta Nizza-Londra a 9,99 euro. Per approfittare di questa tariffa e raggiungere l&#8217;aeroporto di Gatwick, a sud di Londra, bisogner\u00e0 sottoscrivere un abbonamento annuale. Diventando membri Wizz Air, avrete diritto a diversi sconti simili.<\/p>\n\n<p>Le partenze da Nizza sono previste il marted\u00ec e il sabato alle 12:00 (arrivo alle 13:05), o gli altri giorni alle 21:30 o 21:40 (con arrivo alle 22:35 o 22:45). I voli di ritorno partono dalla capitale britannica il marted\u00ec e il sabato alle 8:15 (arrivo alle 11:25) e gli altri giorni alle 17:45 o alle 17:50 (con arrivo alle 20:55 o 21:00).<\/p>\n","protected":false},"excerpt":{"rendered":"<p>La compagnia aerea low cost Wizz Air lancer\u00e0 in primavera una nuova tratta Londra-Nizza. Il 26 marzo, la compagnia ungherese [&hellip;]<\/p>\n","protected":false},"author":65,"featured_media":72790,"comment_status":"closed","ping_status":"closed","sticky":false,"template":"","format":"standard","meta":{"_acf_changed":false,"footnotes":""},"categories":[1738,1752],"tags":[2880],"post_sectags":[3083],"post_format":[2478],"class_list":["post-160561","post","type-post","status-publish","format-standard","has-post-thumbnail","hentry","category-notizie","category-societa","tag-aeroporto-di-nizza","sectag-regno-unito","format-notizia"],"acf":[],"yoast_head":"<!-- This site is optimized with the Yoast SEO Premium plugin v26.8 (Yoast SEO v27.4) - https:\/\/yoast.com\/product\/yoast-seo-premium-wordpress\/ -->\n<title>Nizza-Londra a 10 euro? Presto sar\u00e0 possibile<\/title>\n<meta name=\"description\" content=\"La compagnia aerea low cost Wizz Air lancer\u00e0 in primavera una nuova tratta Londra-Nizza. Il 26 marzo, la compagnia ungherese offrir\u00e0 una tratta\" \/>\n<meta name=\"robots\" content=\"index, follow, max-snippet:-1, max-image-preview:large, max-video-preview:-1\" \/>\n<link rel=\"canonical\" href=\"https:\/\/www.monaco-tribune.com\/it\/2023\/01\/nizza-londra-a-10-euro-presto-sara-possibile\/\" \/>\n<meta property=\"og:locale\" content=\"it_IT\" \/>\n<meta property=\"og:type\" content=\"article\" \/>\n<meta property=\"og:title\" content=\"Nizza-Londra a 10 euro? Presto sar\u00e0 possibile - Monaco Tribune\" \/>\n<meta property=\"og:description\" content=\"La compagnia aerea low cost Wizz Air lancer\u00e0 in primavera una nuova tratta Londra-Nizza. Il 26 marzo, la compagnia ungherese offrir\u00e0 una tratta\" \/>\n<meta property=\"og:url\" content=\"https:\/\/www.monaco-tribune.com\/it\/2023\/01\/nizza-londra-a-10-euro-presto-sara-possibile\/\" \/>\n<meta property=\"og:site_name\" content=\"Monaco Tribune\" \/>\n<meta property=\"article:publisher\" content=\"https:\/\/www.facebook.com\/MonacoTribune\" \/>\n<meta property=\"article:published_time\" content=\"2023-01-18T16:36:07+00:00\" \/>\n<meta property=\"article:modified_time\" content=\"2023-01-18T16:36:18+00:00\" \/>\n<meta property=\"og:image\" content=\"https:\/\/www.monaco-tribune.com\/wp-content\/uploads\/2021\/03\/aeroport-nice-cote-d-azur_138478-min-e1663235998660.jpg\" \/>\n\t<meta property=\"og:image:width\" content=\"1136\" \/>\n\t<meta property=\"og:image:height\" content=\"709\" \/>\n\t<meta property=\"og:image:type\" content=\"image\/jpeg\" \/>\n<meta name=\"author\" content=\"Paul Charoy\" \/>\n<meta name=\"twitter:card\" content=\"summary_large_image\" \/>\n<meta name=\"twitter:creator\" content=\"@MonacoTribune\" \/>\n<meta name=\"twitter:site\" content=\"@MonacoTribune\" \/>\n<script type=\"application\/ld+json\" class=\"yoast-schema-graph\">{\"@context\":\"https:\\\/\\\/schema.org\",\"@graph\":[{\"@type\":\"NewsArticle\",\"@id\":\"https:\\\/\\\/www.monaco-tribune.com\\\/it\\\/2023\\\/01\\\/nizza-londra-a-10-euro-presto-sara-possibile\\\/#article\",\"isPartOf\":{\"@id\":\"https:\\\/\\\/www.monaco-tribune.com\\\/it\\\/2023\\\/01\\\/nizza-londra-a-10-euro-presto-sara-possibile\\\/\"},\"author\":{\"name\":\"Paul Charoy\",\"@id\":\"https:\\\/\\\/www.monaco-tribune.com\\\/it\\\/#\\\/schema\\\/person\\\/c33a9f1bc99ef5a2e07d37c576060b57\"},\"headline\":\"Nizza-Londra a 10 euro? Presto sar\u00e0 possibile\",\"datePublished\":\"2023-01-18T16:36:07+00:00\",\"dateModified\":\"2023-01-18T16:36:18+00:00\",\"mainEntityOfPage\":{\"@id\":\"https:\\\/\\\/www.monaco-tribune.com\\\/it\\\/2023\\\/01\\\/nizza-londra-a-10-euro-presto-sara-possibile\\\/\"},\"wordCount\":112,\"publisher\":{\"@id\":\"https:\\\/\\\/www.monaco-tribune.com\\\/it\\\/#organization\"},\"image\":{\"@id\":\"https:\\\/\\\/www.monaco-tribune.com\\\/it\\\/2023\\\/01\\\/nizza-londra-a-10-euro-presto-sara-possibile\\\/#primaryimage\"},\"thumbnailUrl\":\"https:\\\/\\\/www.monaco-tribune.com\\\/wp-content\\\/uploads\\\/2021\\\/03\\\/aeroport-nice-cote-d-azur_138478-min-e1663235998660.jpg\",\"keywords\":[\"Aeroporto di Nizza\"],\"articleSection\":[\"Notizie\",\"Societ\u00e0\"],\"inLanguage\":\"it-IT\",\"copyrightYear\":\"2023\",\"copyrightHolder\":{\"@id\":\"https:\\\/\\\/www.monaco-tribune.com\\\/#organization\"}},{\"@type\":\"WebPage\",\"@id\":\"https:\\\/\\\/www.monaco-tribune.com\\\/it\\\/2023\\\/01\\\/nizza-londra-a-10-euro-presto-sara-possibile\\\/\",\"url\":\"https:\\\/\\\/www.monaco-tribune.com\\\/it\\\/2023\\\/01\\\/nizza-londra-a-10-euro-presto-sara-possibile\\\/\",\"name\":\"Nizza-Londra a 10 euro? Presto sar\u00e0 possibile\",\"isPartOf\":{\"@id\":\"https:\\\/\\\/www.monaco-tribune.com\\\/it\\\/#website\"},\"primaryImageOfPage\":{\"@id\":\"https:\\\/\\\/www.monaco-tribune.com\\\/it\\\/2023\\\/01\\\/nizza-londra-a-10-euro-presto-sara-possibile\\\/#primaryimage\"},\"image\":{\"@id\":\"https:\\\/\\\/www.monaco-tribune.com\\\/it\\\/2023\\\/01\\\/nizza-londra-a-10-euro-presto-sara-possibile\\\/#primaryimage\"},\"thumbnailUrl\":\"https:\\\/\\\/www.monaco-tribune.com\\\/wp-content\\\/uploads\\\/2021\\\/03\\\/aeroport-nice-cote-d-azur_138478-min-e1663235998660.jpg\",\"datePublished\":\"2023-01-18T16:36:07+00:00\",\"dateModified\":\"2023-01-18T16:36:18+00:00\",\"description\":\"La compagnia aerea low cost Wizz Air lancer\u00e0 in primavera una nuova tratta Londra-Nizza. Il 26 marzo, la compagnia ungherese offrir\u00e0 una tratta\",\"breadcrumb\":{\"@id\":\"https:\\\/\\\/www.monaco-tribune.com\\\/it\\\/2023\\\/01\\\/nizza-londra-a-10-euro-presto-sara-possibile\\\/#breadcrumb\"},\"inLanguage\":\"it-IT\",\"potentialAction\":[{\"@type\":\"ReadAction\",\"target\":[\"https:\\\/\\\/www.monaco-tribune.com\\\/it\\\/2023\\\/01\\\/nizza-londra-a-10-euro-presto-sara-possibile\\\/\"]}]},{\"@type\":\"ImageObject\",\"inLanguage\":\"it-IT\",\"@id\":\"https:\\\/\\\/www.monaco-tribune.com\\\/it\\\/2023\\\/01\\\/nizza-londra-a-10-euro-presto-sara-possibile\\\/#primaryimage\",\"url\":\"https:\\\/\\\/www.monaco-tribune.com\\\/wp-content\\\/uploads\\\/2021\\\/03\\\/aeroport-nice-cote-d-azur_138478-min-e1663235998660.jpg\",\"contentUrl\":\"https:\\\/\\\/www.monaco-tribune.com\\\/wp-content\\\/uploads\\\/2021\\\/03\\\/aeroport-nice-cote-d-azur_138478-min-e1663235998660.jpg\",\"width\":1020,\"height\":637,\"caption\":\"Ci sono diversi modi per raggiungere l'aeroporto di Nizza da Monaco. \u00a9 Ufficio del Turismo di Nizza\"},{\"@type\":\"BreadcrumbList\",\"@id\":\"https:\\\/\\\/www.monaco-tribune.com\\\/it\\\/2023\\\/01\\\/nizza-londra-a-10-euro-presto-sara-possibile\\\/#breadcrumb\",\"itemListElement\":[{\"@type\":\"ListItem\",\"position\":1,\"name\":\"Accueil\",\"item\":\"https:\\\/\\\/www.monaco-tribune.com\\\/it\\\/\"},{\"@type\":\"ListItem\",\"position\":2,\"name\":\"Nizza-Londra a 10 euro? Presto sar\u00e0 possibile\"}]},{\"@type\":\"WebSite\",\"@id\":\"https:\\\/\\\/www.monaco-tribune.com\\\/it\\\/#website\",\"url\":\"https:\\\/\\\/www.monaco-tribune.com\\\/it\\\/\",\"name\":\"Monaco Tribune\",\"description\":\"Monaco : actualit\u00e9s \u00e9conomiques, politiques, culturelles et sportives de Monaco et de la French Riviera.\",\"publisher\":{\"@id\":\"https:\\\/\\\/www.monaco-tribune.com\\\/it\\\/#organization\"},\"potentialAction\":[{\"@type\":\"SearchAction\",\"target\":{\"@type\":\"EntryPoint\",\"urlTemplate\":\"https:\\\/\\\/www.monaco-tribune.com\\\/it\\\/?s={search_term_string}\"},\"query-input\":{\"@type\":\"PropertyValueSpecification\",\"valueRequired\":true,\"valueName\":\"search_term_string\"}}],\"inLanguage\":\"it-IT\"},{\"@type\":\"Organization\",\"@id\":\"https:\\\/\\\/www.monaco-tribune.com\\\/it\\\/#organization\",\"name\":\"Monaco Tribune\",\"url\":\"https:\\\/\\\/www.monaco-tribune.com\\\/it\\\/\",\"logo\":{\"@type\":\"ImageObject\",\"inLanguage\":\"it-IT\",\"@id\":\"https:\\\/\\\/www.monaco-tribune.com\\\/it\\\/#\\\/schema\\\/logo\\\/image\\\/\",\"url\":\"https:\\\/\\\/www.monaco-tribune.com\\\/wp-content\\\/uploads\\\/2022\\\/11\\\/logo-monaco-tribune.png\",\"contentUrl\":\"https:\\\/\\\/www.monaco-tribune.com\\\/wp-content\\\/uploads\\\/2022\\\/11\\\/logo-monaco-tribune.png\",\"width\":1548,\"height\":600,\"caption\":\"Monaco Tribune\"},\"image\":{\"@id\":\"https:\\\/\\\/www.monaco-tribune.com\\\/it\\\/#\\\/schema\\\/logo\\\/image\\\/\"},\"sameAs\":[\"https:\\\/\\\/www.facebook.com\\\/MonacoTribune\",\"https:\\\/\\\/x.com\\\/MonacoTribune\",\"https:\\\/\\\/www.instagram.com\\\/monacotribune\\\/\",\"https:\\\/\\\/www.linkedin.com\\\/company\\\/monaco-tribune\",\"https:\\\/\\\/www.youtube.com\\\/channel\\\/UCHle1MnG6hw1y4lWKijVbMA\"]},{\"@type\":\"Person\",\"@id\":\"https:\\\/\\\/www.monaco-tribune.com\\\/it\\\/#\\\/schema\\\/person\\\/c33a9f1bc99ef5a2e07d37c576060b57\",\"name\":\"Paul Charoy\",\"image\":{\"@type\":\"ImageObject\",\"inLanguage\":\"it-IT\",\"@id\":\"https:\\\/\\\/secure.gravatar.com\\\/avatar\\\/c3a39fd900275d54a628738568f1949e90ce9945d105d000228335a7bad64b38?s=96&d=mm&r=g\",\"url\":\"https:\\\/\\\/secure.gravatar.com\\\/avatar\\\/c3a39fd900275d54a628738568f1949e90ce9945d105d000228335a7bad64b38?s=96&d=mm&r=g\",\"contentUrl\":\"https:\\\/\\\/secure.gravatar.com\\\/avatar\\\/c3a39fd900275d54a628738568f1949e90ce9945d105d000228335a7bad64b38?s=96&d=mm&r=g\",\"caption\":\"Paul Charoy\"},\"url\":\"https:\\\/\\\/www.monaco-tribune.com\\\/it\\\/author\\\/paulcharoy\\\/\"}]}<\/script>\n<!-- \/ Yoast SEO Premium plugin. -->","yoast_head_json":{"title":"Nizza-Londra a 10 euro? Presto sar\u00e0 possibile","description":"La compagnia aerea low cost Wizz Air lancer\u00e0 in primavera una nuova tratta Londra-Nizza. Il 26 marzo, la compagnia ungherese offrir\u00e0 una tratta","robots":{"index":"index","follow":"follow","max-snippet":"max-snippet:-1","max-image-preview":"max-image-preview:large","max-video-preview":"max-video-preview:-1"},"canonical":"https:\/\/www.monaco-tribune.com\/it\/2023\/01\/nizza-londra-a-10-euro-presto-sara-possibile\/","og_locale":"it_IT","og_type":"article","og_title":"Nizza-Londra a 10 euro? Presto sar\u00e0 possibile - Monaco Tribune","og_description":"La compagnia aerea low cost Wizz Air lancer\u00e0 in primavera una nuova tratta Londra-Nizza. Il 26 marzo, la compagnia ungherese offrir\u00e0 una tratta","og_url":"https:\/\/www.monaco-tribune.com\/it\/2023\/01\/nizza-londra-a-10-euro-presto-sara-possibile\/","og_site_name":"Monaco Tribune","article_publisher":"https:\/\/www.facebook.com\/MonacoTribune","article_published_time":"2023-01-18T16:36:07+00:00","article_modified_time":"2023-01-18T16:36:18+00:00","og_image":[{"width":1136,"height":709,"url":"https:\/\/www.monaco-tribune.com\/wp-content\/uploads\/2021\/03\/aeroport-nice-cote-d-azur_138478-min-e1663235998660.jpg","type":"image\/jpeg"}],"author":"Paul Charoy","twitter_card":"summary_large_image","twitter_creator":"@MonacoTribune","twitter_site":"@MonacoTribune","schema":{"@context":"https:\/\/schema.org","@graph":[{"@type":"NewsArticle","@id":"https:\/\/www.monaco-tribune.com\/it\/2023\/01\/nizza-londra-a-10-euro-presto-sara-possibile\/#article","isPartOf":{"@id":"https:\/\/www.monaco-tribune.com\/it\/2023\/01\/nizza-londra-a-10-euro-presto-sara-possibile\/"},"author":{"name":"Paul Charoy","@id":"https:\/\/www.monaco-tribune.com\/it\/#\/schema\/person\/c33a9f1bc99ef5a2e07d37c576060b57"},"headline":"Nizza-Londra a 10 euro? Presto sar\u00e0 possibile","datePublished":"2023-01-18T16:36:07+00:00","dateModified":"2023-01-18T16:36:18+00:00","mainEntityOfPage":{"@id":"https:\/\/www.monaco-tribune.com\/it\/2023\/01\/nizza-londra-a-10-euro-presto-sara-possibile\/"},"wordCount":112,"publisher":{"@id":"https:\/\/www.monaco-tribune.com\/it\/#organization"},"image":{"@id":"https:\/\/www.monaco-tribune.com\/it\/2023\/01\/nizza-londra-a-10-euro-presto-sara-possibile\/#primaryimage"},"thumbnailUrl":"https:\/\/www.monaco-tribune.com\/wp-content\/uploads\/2021\/03\/aeroport-nice-cote-d-azur_138478-min-e1663235998660.jpg","keywords":["Aeroporto di Nizza"],"articleSection":["Notizie","Societ\u00e0"],"inLanguage":"it-IT","copyrightYear":"2023","copyrightHolder":{"@id":"https:\/\/www.monaco-tribune.com\/#organization"}},{"@type":"WebPage","@id":"https:\/\/www.monaco-tribune.com\/it\/2023\/01\/nizza-londra-a-10-euro-presto-sara-possibile\/","url":"https:\/\/www.monaco-tribune.com\/it\/2023\/01\/nizza-londra-a-10-euro-presto-sara-possibile\/","name":"Nizza-Londra a 10 euro? Presto sar\u00e0 possibile","isPartOf":{"@id":"https:\/\/www.monaco-tribune.com\/it\/#website"},"primaryImageOfPage":{"@id":"https:\/\/www.monaco-tribune.com\/it\/2023\/01\/nizza-londra-a-10-euro-presto-sara-possibile\/#primaryimage"},"image":{"@id":"https:\/\/www.monaco-tribune.com\/it\/2023\/01\/nizza-londra-a-10-euro-presto-sara-possibile\/#primaryimage"},"thumbnailUrl":"https:\/\/www.monaco-tribune.com\/wp-content\/uploads\/2021\/03\/aeroport-nice-cote-d-azur_138478-min-e1663235998660.jpg","datePublished":"2023-01-18T16:36:07+00:00","dateModified":"2023-01-18T16:36:18+00:00","description":"La compagnia aerea low cost Wizz Air lancer\u00e0 in primavera una nuova tratta Londra-Nizza. Il 26 marzo, la compagnia ungherese offrir\u00e0 una tratta","breadcrumb":{"@id":"https:\/\/www.monaco-tribune.com\/it\/2023\/01\/nizza-londra-a-10-euro-presto-sara-possibile\/#breadcrumb"},"inLanguage":"it-IT","potentialAction":[{"@type":"ReadAction","target":["https:\/\/www.monaco-tribune.com\/it\/2023\/01\/nizza-londra-a-10-euro-presto-sara-possibile\/"]}]},{"@type":"ImageObject","inLanguage":"it-IT","@id":"https:\/\/www.monaco-tribune.com\/it\/2023\/01\/nizza-londra-a-10-euro-presto-sara-possibile\/#primaryimage","url":"https:\/\/www.monaco-tribune.com\/wp-content\/uploads\/2021\/03\/aeroport-nice-cote-d-azur_138478-min-e1663235998660.jpg","contentUrl":"https:\/\/www.monaco-tribune.com\/wp-content\/uploads\/2021\/03\/aeroport-nice-cote-d-azur_138478-min-e1663235998660.jpg","width":1020,"height":637,"caption":"Ci sono diversi modi per raggiungere l'aeroporto di Nizza da Monaco. \u00a9 Ufficio del Turismo di Nizza"},{"@type":"BreadcrumbList","@id":"https:\/\/www.monaco-tribune.com\/it\/2023\/01\/nizza-londra-a-10-euro-presto-sara-possibile\/#breadcrumb","itemListElement":[{"@type":"ListItem","position":1,"name":"Accueil","item":"https:\/\/www.monaco-tribune.com\/it\/"},{"@type":"ListItem","position":2,"name":"Nizza-Londra a 10 euro? Presto sar\u00e0 possibile"}]},{"@type":"WebSite","@id":"https:\/\/www.monaco-tribune.com\/it\/#website","url":"https:\/\/www.monaco-tribune.com\/it\/","name":"Monaco Tribune","description":"Monaco : actualit\u00e9s \u00e9conomiques, politiques, culturelles et sportives de Monaco et de la French Riviera.","publisher":{"@id":"https:\/\/www.monaco-tribune.com\/it\/#organization"},"potentialAction":[{"@type":"SearchAction","target":{"@type":"EntryPoint","urlTemplate":"https:\/\/www.monaco-tribune.com\/it\/?s={search_term_string}"},"query-input":{"@type":"PropertyValueSpecification","valueRequired":true,"valueName":"search_term_string"}}],"inLanguage":"it-IT"},{"@type":"Organization","@id":"https:\/\/www.monaco-tribune.com\/it\/#organization","name":"Monaco Tribune","url":"https:\/\/www.monaco-tribune.com\/it\/","logo":{"@type":"ImageObject","inLanguage":"it-IT","@id":"https:\/\/www.monaco-tribune.com\/it\/#\/schema\/logo\/image\/","url":"https:\/\/www.monaco-tribune.com\/wp-content\/uploads\/2022\/11\/logo-monaco-tribune.png","contentUrl":"https:\/\/www.monaco-tribune.com\/wp-content\/uploads\/2022\/11\/logo-monaco-tribune.png","width":1548,"height":600,"caption":"Monaco Tribune"},"image":{"@id":"https:\/\/www.monaco-tribune.com\/it\/#\/schema\/logo\/image\/"},"sameAs":["https:\/\/www.facebook.com\/MonacoTribune","https:\/\/x.com\/MonacoTribune","https:\/\/www.instagram.com\/monacotribune\/","https:\/\/www.linkedin.com\/company\/monaco-tribune","https:\/\/www.youtube.com\/channel\/UCHle1MnG6hw1y4lWKijVbMA"]},{"@type":"Person","@id":"https:\/\/www.monaco-tribune.com\/it\/#\/schema\/person\/c33a9f1bc99ef5a2e07d37c576060b57","name":"Paul Charoy","image":{"@type":"ImageObject","inLanguage":"it-IT","@id":"https:\/\/secure.gravatar.com\/avatar\/c3a39fd900275d54a628738568f1949e90ce9945d105d000228335a7bad64b38?s=96&d=mm&r=g","url":"https:\/\/secure.gravatar.com\/avatar\/c3a39fd900275d54a628738568f1949e90ce9945d105d000228335a7bad64b38?s=96&d=mm&r=g","contentUrl":"https:\/\/secure.gravatar.com\/avatar\/c3a39fd900275d54a628738568f1949e90ce9945d105d000228335a7bad64b38?s=96&d=mm&r=g","caption":"Paul Charoy"},"url":"https:\/\/www.monaco-tribune.com\/it\/author\/paulcharoy\/"}]}},"_links":{"self":[{"href":"https:\/\/www.monaco-tribune.com\/it\/wp-json\/wp\/v2\/posts\/160561","targetHints":{"allow":["GET"]}}],"collection":[{"href":"https:\/\/www.monaco-tribune.com\/it\/wp-json\/wp\/v2\/posts"}],"about":[{"href":"https:\/\/www.monaco-tribune.com\/it\/wp-json\/wp\/v2\/types\/post"}],"author":[{"embeddable":true,"href":"https:\/\/www.monaco-tribune.com\/it\/wp-json\/wp\/v2\/users\/65"}],"replies":[{"embeddable":true,"href":"https:\/\/www.monaco-tribune.com\/it\/wp-json\/wp\/v2\/comments?post=160561"}],"version-history":[{"count":0,"href":"https:\/\/www.monaco-tribune.com\/it\/wp-json\/wp\/v2\/posts\/160561\/revisions"}],"wp:featuredmedia":[{"embeddable":true,"href":"https:\/\/www.monaco-tribune.com\/it\/wp-json\/wp\/v2\/media\/72790"}],"wp:attachment":[{"href":"https:\/\/www.monaco-tribune.com\/it\/wp-json\/wp\/v2\/media?parent=160561"}],"wp:term":[{"taxonomy":"category","embeddable":true,"href":"https:\/\/www.monaco-tribune.com\/it\/wp-json\/wp\/v2\/categories?post=160561"},{"taxonomy":"post_tag","embeddable":true,"href":"https:\/\/www.monaco-tribune.com\/it\/wp-json\/wp\/v2\/tags?post=160561"},{"taxonomy":"sectag","embeddable":true,"href":"https:\/\/www.monaco-tribune.com\/it\/wp-json\/wp\/v2\/post_sectags?post=160561"},{"taxonomy":"format","embeddable":true,"href":"https:\/\/www.monaco-tribune.com\/it\/wp-json\/wp\/v2\/post_format?post=160561"}],"curies":[{"name":"wp","href":"https:\/\/api.w.org\/{rel}","templated":true}]}}