{"id":160814,"date":"2023-01-19T18:34:04","date_gmt":"2023-01-19T17:34:04","guid":{"rendered":"https:\/\/www.monaco-tribune.com\/2023\/01\/il-principe-alberto-ii-e-la-principessa-charlene-parteciperanno-allincoronazione-di-re-carlo-iii\/"},"modified":"2023-01-19T19:57:12","modified_gmt":"2023-01-19T18:57:12","slug":"il-principe-alberto-ii-e-la-principessa-charlene-parteciperanno-allincoronazione-di-re-carlo-iii","status":"publish","type":"post","link":"https:\/\/www.monaco-tribune.com\/it\/2023\/01\/il-principe-alberto-ii-e-la-principessa-charlene-parteciperanno-allincoronazione-di-re-carlo-iii\/","title":{"rendered":"Il Principe Alberto II e la Principessa Charl\u00e8ne parteciperanno all&#8217;incoronazione di Re Carlo III"},"content":{"rendered":"\n<p><strong>Il Sovrano lo ha confermato in un&#8217;intervista rilasciata alla rivista <em>People<\/em>, pubblicata il 17 gennaio.<\/strong><\/p>\n\n\n\n<p>Il 6 maggio il Principe e la Principessa saranno a Londra. \u00c8 proprio in questa occasione, infatti, che sar\u00e0 incoronato ufficialmente Re Carlo III, in una cerimonia che il principe Alberto II ha definito &#8220;incredibile e molto commovente&#8221;.<\/p>\n\n\n\n<p>Alla rivista americana <a href=\"https:\/\/people.com\/royals\/prince-albert-monaco-talks-friendship-king-charles\/\"><em>People<\/em><\/a>, il Sovrano ha anche rivelato di non aver parlato personalmente con Re Carlo III <a href=\"https:\/\/www.monaco-tribune.com\/it\/2022\/09\/lomaggio-del-principe-alberto-alla-regina-elisabetta-ii\/\">dalla morte della madre, la Regina Elisabetta II<\/a>.<\/p>\n\n\n\n<p>&#8220;Sono sicuro che Sua Maest\u00e0 dar\u00e0 il suo tocco personale alla cerimonia&#8221;, ha commentato il Principe, che ha confermato la partecipazione sua e della moglie, la Principessa Charl\u00e8ne. Quando gli \u00e8 stato chiesto dei suoi figli, il Sovrano ha detto che, per il momento, non sa se anche il Principe ereditario Jacques e la Principessa Gabriella prenderanno parte al viaggio: &#8220;Penso che siano ancora un po&#8217; troppo piccoli per questo tipo di evento, ma vedremo&#8221;.<\/p>\n\n\n\n<p>Secondo <em>People<\/em>, si preannuncia una cerimonia davvero unica, con 2.000 ospiti nell&#8217;Abbazia di Westminster e altre migliaia in strada per assistere al corteo.<\/p>\n\n\n\n<p class=\"related\"><a href=\"https:\/\/www.monaco-tribune.com\/it\/2022\/09\/il-principe-alberto-ii-si-congratula-con-il-re-carlo-iii-per-la-sua-ascesa-al-trono\/\"><strong>Il Principe Alberto II si congratula con il Re Carlo III per la sua ascesa al trono<\/strong><\/a><\/p>\n\n\n\n<h2 class=\"wp-block-heading\" id=\"h-une-amitie-solide-entre-les-deux-souverains\">Una forte amicizia tra i due Sovrani<\/h2>\n\n\n\n<p>Ma al di l\u00e0 della bellezza di questa imminente incoronazione, anche l&#8217;amicizia tra il Principe Alberto II e il Sovrano britannico gioca un ruolo importante. &#8220;Sua Maest\u00e0 \u00e8 sempre molto impegnato[nella protezione dell&#8217;ambiente]e mostra sempre il desiderio di approfondire questi temi. (&#8230;)Re Carlo \u00e8 sempre stato in prima linea&#8221;, ha continuato il Principe, che lo ha descritto come &#8220;un pioniere dell&#8217;ecologia&#8221;<em>.<\/em><\/p>\n\n\n\n<p id=\"mntl-sc-block_1-0-4\">Secondo quanto rivelato da <em>People<\/em>, Re Carlo III potrebbe non essere in grado di dedicare all&#8217;ambiente tutto il tempo che era solito dedicare. Suo figlio, il Principe William, potrebbe prendere il suo posto, anche se nulla \u00e8 stato annunciato ufficialmente.<\/p>\n\n\n\n<p id=\"mntl-sc-block_1-0-8\">Il Principe Alberto II continua comunque ad ammirare la lotta del Re &#8220;nelle grandi battaglie. Per il progresso dell&#8217;architettura, per l&#8217;energia sostenibile, contro la deforestazione e per molte questioni ambientali. Sono preoccupazioni di cui abbiamo spesso discusso&#8221;.<\/p>\n\n\n\n<p id=\"mntl-sc-block_1-0-33\">Oltre alla passione comune, il Principe Alberto II descrive Re Carlo come un uomo &#8220;molto paziente, molto educato, con un grande senso dell&#8217;umorismo&#8221;, e cita, ridendo, un aneddoto particolare.<\/p>\n\n\n\n<p>&#8220;Un tempo, molti anni fa, venivamo sempre messi insieme in occasione di certi eventi, come matrimoni, funerali o battesimi, di altre famiglie reali. Se dovevamo camminare in processione in una sala o in una cattedrale, o quando dovevamo essere annunciati, ci accoppiavano sempre, perch\u00e9 eravamo &#8220;i due scapoli reali&#8221;. Ci \u00e8 successo cos\u00ec spesso che abbiamo finito per riderci sopra&#8221;, conclude il Principe<em>.<\/em><\/p>\n","protected":false},"excerpt":{"rendered":"<p>Il Sovrano lo ha confermato in un&#8217;intervista rilasciata alla rivista People, pubblicata il 17 gennaio. Il 6 maggio il Principe [&hellip;]<\/p>\n","protected":false},"author":60,"featured_media":138702,"comment_status":"closed","ping_status":"closed","sticky":false,"template":"","format":"standard","meta":{"_acf_changed":false,"footnotes":""},"categories":[1742,1826,1738],"tags":[2986],"post_sectags":[3103],"post_format":[2486],"class_list":["post-160814","post","type-post","status-publish","format-standard","has-post-thumbnail","hentry","category-famiglia-principesca","category-la-nostra-scelta","category-notizie","tag-principe-alberto-ii","sectag-re-carlo-iii","format-servizio"],"acf":[],"yoast_head":"<!-- This site is optimized with the Yoast SEO Premium plugin v26.8 (Yoast SEO v27.5) - https:\/\/yoast.com\/product\/yoast-seo-premium-wordpress\/ -->\n<title>Il Principe Alberto II e la Principessa Charl\u00e8ne parteciperanno all&#039;incoronazione di Re Carlo III<\/title>\n<meta name=\"description\" content=\"Il Sovrano lo ha confermato in un&#039;intervista rilasciata alla rivista People, pubblicata il 17 gennaio. Il 6 maggio il Principe e la Principessa saranno a\" \/>\n<meta name=\"robots\" content=\"index, follow, max-snippet:-1, max-image-preview:large, max-video-preview:-1\" \/>\n<link rel=\"canonical\" href=\"https:\/\/www.monaco-tribune.com\/it\/2023\/01\/il-principe-alberto-ii-e-la-principessa-charlene-parteciperanno-allincoronazione-di-re-carlo-iii\/\" \/>\n<meta property=\"og:locale\" content=\"it_IT\" \/>\n<meta property=\"og:type\" content=\"article\" \/>\n<meta property=\"og:title\" content=\"Il Principe Alberto II e la Principessa Charl\u00e8ne parteciperanno all&#039;incoronazione di Re Carlo III - Monaco Tribune\" \/>\n<meta property=\"og:description\" content=\"Il Sovrano lo ha confermato in un&#039;intervista rilasciata alla rivista People, pubblicata il 17 gennaio. Il 6 maggio il Principe e la Principessa saranno a\" \/>\n<meta property=\"og:url\" content=\"https:\/\/www.monaco-tribune.com\/it\/2023\/01\/il-principe-alberto-ii-e-la-principessa-charlene-parteciperanno-allincoronazione-di-re-carlo-iii\/\" \/>\n<meta property=\"og:site_name\" content=\"Monaco Tribune\" \/>\n<meta property=\"article:publisher\" content=\"https:\/\/www.facebook.com\/MonacoTribune\" \/>\n<meta property=\"article:published_time\" content=\"2023-01-19T17:34:04+00:00\" \/>\n<meta property=\"article:modified_time\" content=\"2023-01-19T18:57:12+00:00\" \/>\n<meta property=\"og:image\" content=\"https:\/\/www.monaco-tribune.com\/wp-content\/uploads\/2022\/09\/prince-albert-ii-roi-charles-iii.jpeg\" \/>\n\t<meta property=\"og:image:width\" content=\"1020\" \/>\n\t<meta property=\"og:image:height\" content=\"670\" \/>\n\t<meta property=\"og:image:type\" content=\"image\/jpeg\" \/>\n<meta name=\"author\" content=\"Camille Esteve\" \/>\n<meta name=\"twitter:card\" content=\"summary_large_image\" \/>\n<meta name=\"twitter:creator\" content=\"@MonacoTribune\" \/>\n<meta name=\"twitter:site\" content=\"@MonacoTribune\" \/>\n<script type=\"application\/ld+json\" class=\"yoast-schema-graph\">{\"@context\":\"https:\\\/\\\/schema.org\",\"@graph\":[{\"@type\":\"NewsArticle\",\"@id\":\"https:\\\/\\\/www.monaco-tribune.com\\\/it\\\/2023\\\/01\\\/il-principe-alberto-ii-e-la-principessa-charlene-parteciperanno-allincoronazione-di-re-carlo-iii\\\/#article\",\"isPartOf\":{\"@id\":\"https:\\\/\\\/www.monaco-tribune.com\\\/it\\\/2023\\\/01\\\/il-principe-alberto-ii-e-la-principessa-charlene-parteciperanno-allincoronazione-di-re-carlo-iii\\\/\"},\"author\":{\"name\":\"Camille Esteve\",\"@id\":\"https:\\\/\\\/www.monaco-tribune.com\\\/it\\\/#\\\/schema\\\/person\\\/a855d420fff4d03637641d60b93ac62e\"},\"headline\":\"Il Principe Alberto II e la Principessa Charl\u00e8ne parteciperanno all&#8217;incoronazione di Re Carlo III\",\"datePublished\":\"2023-01-19T17:34:04+00:00\",\"dateModified\":\"2023-01-19T18:57:12+00:00\",\"mainEntityOfPage\":{\"@id\":\"https:\\\/\\\/www.monaco-tribune.com\\\/it\\\/2023\\\/01\\\/il-principe-alberto-ii-e-la-principessa-charlene-parteciperanno-allincoronazione-di-re-carlo-iii\\\/\"},\"wordCount\":450,\"publisher\":{\"@id\":\"https:\\\/\\\/www.monaco-tribune.com\\\/it\\\/#organization\"},\"image\":{\"@id\":\"https:\\\/\\\/www.monaco-tribune.com\\\/it\\\/2023\\\/01\\\/il-principe-alberto-ii-e-la-principessa-charlene-parteciperanno-allincoronazione-di-re-carlo-iii\\\/#primaryimage\"},\"thumbnailUrl\":\"https:\\\/\\\/www.monaco-tribune.com\\\/wp-content\\\/uploads\\\/2022\\\/09\\\/prince-albert-ii-roi-charles-iii.jpeg\",\"keywords\":[\"Principe Alberto II\"],\"articleSection\":[\"Famiglia Principesca\",\"La nostra scelta\",\"Notizie\"],\"inLanguage\":\"it-IT\",\"copyrightYear\":\"2023\",\"copyrightHolder\":{\"@id\":\"https:\\\/\\\/www.monaco-tribune.com\\\/#organization\"}},{\"@type\":\"WebPage\",\"@id\":\"https:\\\/\\\/www.monaco-tribune.com\\\/it\\\/2023\\\/01\\\/il-principe-alberto-ii-e-la-principessa-charlene-parteciperanno-allincoronazione-di-re-carlo-iii\\\/\",\"url\":\"https:\\\/\\\/www.monaco-tribune.com\\\/it\\\/2023\\\/01\\\/il-principe-alberto-ii-e-la-principessa-charlene-parteciperanno-allincoronazione-di-re-carlo-iii\\\/\",\"name\":\"Il Principe Alberto II e la Principessa Charl\u00e8ne parteciperanno all'incoronazione di Re Carlo III\",\"isPartOf\":{\"@id\":\"https:\\\/\\\/www.monaco-tribune.com\\\/it\\\/#website\"},\"primaryImageOfPage\":{\"@id\":\"https:\\\/\\\/www.monaco-tribune.com\\\/it\\\/2023\\\/01\\\/il-principe-alberto-ii-e-la-principessa-charlene-parteciperanno-allincoronazione-di-re-carlo-iii\\\/#primaryimage\"},\"image\":{\"@id\":\"https:\\\/\\\/www.monaco-tribune.com\\\/it\\\/2023\\\/01\\\/il-principe-alberto-ii-e-la-principessa-charlene-parteciperanno-allincoronazione-di-re-carlo-iii\\\/#primaryimage\"},\"thumbnailUrl\":\"https:\\\/\\\/www.monaco-tribune.com\\\/wp-content\\\/uploads\\\/2022\\\/09\\\/prince-albert-ii-roi-charles-iii.jpeg\",\"datePublished\":\"2023-01-19T17:34:04+00:00\",\"dateModified\":\"2023-01-19T18:57:12+00:00\",\"description\":\"Il Sovrano lo ha confermato in un'intervista rilasciata alla rivista People, pubblicata il 17 gennaio. Il 6 maggio il Principe e la Principessa saranno a\",\"breadcrumb\":{\"@id\":\"https:\\\/\\\/www.monaco-tribune.com\\\/it\\\/2023\\\/01\\\/il-principe-alberto-ii-e-la-principessa-charlene-parteciperanno-allincoronazione-di-re-carlo-iii\\\/#breadcrumb\"},\"inLanguage\":\"it-IT\",\"potentialAction\":[{\"@type\":\"ReadAction\",\"target\":[\"https:\\\/\\\/www.monaco-tribune.com\\\/it\\\/2023\\\/01\\\/il-principe-alberto-ii-e-la-principessa-charlene-parteciperanno-allincoronazione-di-re-carlo-iii\\\/\"]}]},{\"@type\":\"ImageObject\",\"inLanguage\":\"it-IT\",\"@id\":\"https:\\\/\\\/www.monaco-tribune.com\\\/it\\\/2023\\\/01\\\/il-principe-alberto-ii-e-la-principessa-charlene-parteciperanno-allincoronazione-di-re-carlo-iii\\\/#primaryimage\",\"url\":\"https:\\\/\\\/www.monaco-tribune.com\\\/wp-content\\\/uploads\\\/2022\\\/09\\\/prince-albert-ii-roi-charles-iii.jpeg\",\"contentUrl\":\"https:\\\/\\\/www.monaco-tribune.com\\\/wp-content\\\/uploads\\\/2022\\\/09\\\/prince-albert-ii-roi-charles-iii.jpeg\",\"width\":1020,\"height\":670,\"caption\":\"\u00a9 Niviera Sipa\"},{\"@type\":\"BreadcrumbList\",\"@id\":\"https:\\\/\\\/www.monaco-tribune.com\\\/it\\\/2023\\\/01\\\/il-principe-alberto-ii-e-la-principessa-charlene-parteciperanno-allincoronazione-di-re-carlo-iii\\\/#breadcrumb\",\"itemListElement\":[{\"@type\":\"ListItem\",\"position\":1,\"name\":\"Accueil\",\"item\":\"https:\\\/\\\/www.monaco-tribune.com\\\/it\\\/\"},{\"@type\":\"ListItem\",\"position\":2,\"name\":\"Il Principe Alberto II e la Principessa Charl\u00e8ne parteciperanno all&rsquo;incoronazione di Re Carlo III\"}]},{\"@type\":\"WebSite\",\"@id\":\"https:\\\/\\\/www.monaco-tribune.com\\\/it\\\/#website\",\"url\":\"https:\\\/\\\/www.monaco-tribune.com\\\/it\\\/\",\"name\":\"Monaco Tribune\",\"description\":\"Monaco : actualit\u00e9s \u00e9conomiques, politiques, culturelles et sportives de Monaco et de la French Riviera.\",\"publisher\":{\"@id\":\"https:\\\/\\\/www.monaco-tribune.com\\\/it\\\/#organization\"},\"potentialAction\":[{\"@type\":\"SearchAction\",\"target\":{\"@type\":\"EntryPoint\",\"urlTemplate\":\"https:\\\/\\\/www.monaco-tribune.com\\\/it\\\/?s={search_term_string}\"},\"query-input\":{\"@type\":\"PropertyValueSpecification\",\"valueRequired\":true,\"valueName\":\"search_term_string\"}}],\"inLanguage\":\"it-IT\"},{\"@type\":\"Organization\",\"@id\":\"https:\\\/\\\/www.monaco-tribune.com\\\/it\\\/#organization\",\"name\":\"Monaco Tribune\",\"url\":\"https:\\\/\\\/www.monaco-tribune.com\\\/it\\\/\",\"logo\":{\"@type\":\"ImageObject\",\"inLanguage\":\"it-IT\",\"@id\":\"https:\\\/\\\/www.monaco-tribune.com\\\/it\\\/#\\\/schema\\\/logo\\\/image\\\/\",\"url\":\"https:\\\/\\\/www.monaco-tribune.com\\\/wp-content\\\/uploads\\\/2022\\\/11\\\/logo-monaco-tribune.png\",\"contentUrl\":\"https:\\\/\\\/www.monaco-tribune.com\\\/wp-content\\\/uploads\\\/2022\\\/11\\\/logo-monaco-tribune.png\",\"width\":1548,\"height\":600,\"caption\":\"Monaco Tribune\"},\"image\":{\"@id\":\"https:\\\/\\\/www.monaco-tribune.com\\\/it\\\/#\\\/schema\\\/logo\\\/image\\\/\"},\"sameAs\":[\"https:\\\/\\\/www.facebook.com\\\/MonacoTribune\",\"https:\\\/\\\/x.com\\\/MonacoTribune\",\"https:\\\/\\\/www.instagram.com\\\/monacotribune\\\/\",\"https:\\\/\\\/www.linkedin.com\\\/company\\\/monaco-tribune\",\"https:\\\/\\\/www.youtube.com\\\/channel\\\/UCHle1MnG6hw1y4lWKijVbMA\"]},{\"@type\":\"Person\",\"@id\":\"https:\\\/\\\/www.monaco-tribune.com\\\/it\\\/#\\\/schema\\\/person\\\/a855d420fff4d03637641d60b93ac62e\",\"name\":\"Camille Esteve\",\"image\":{\"@type\":\"ImageObject\",\"inLanguage\":\"it-IT\",\"@id\":\"https:\\\/\\\/secure.gravatar.com\\\/avatar\\\/eaaa2355a7bb56c0018a391c20a55bf9b4690e3f493231dd850e612bfa6ce161?s=96&d=mm&r=g\",\"url\":\"https:\\\/\\\/secure.gravatar.com\\\/avatar\\\/eaaa2355a7bb56c0018a391c20a55bf9b4690e3f493231dd850e612bfa6ce161?s=96&d=mm&r=g\",\"contentUrl\":\"https:\\\/\\\/secure.gravatar.com\\\/avatar\\\/eaaa2355a7bb56c0018a391c20a55bf9b4690e3f493231dd850e612bfa6ce161?s=96&d=mm&r=g\",\"caption\":\"Camille Esteve\"},\"url\":\"https:\\\/\\\/www.monaco-tribune.com\\\/it\\\/author\\\/camilleesteve\\\/\"}]}<\/script>\n<!-- \/ Yoast SEO Premium plugin. -->","yoast_head_json":{"title":"Il Principe Alberto II e la Principessa Charl\u00e8ne parteciperanno all'incoronazione di Re Carlo III","description":"Il Sovrano lo ha confermato in un'intervista rilasciata alla rivista People, pubblicata il 17 gennaio. Il 6 maggio il Principe e la Principessa saranno a","robots":{"index":"index","follow":"follow","max-snippet":"max-snippet:-1","max-image-preview":"max-image-preview:large","max-video-preview":"max-video-preview:-1"},"canonical":"https:\/\/www.monaco-tribune.com\/it\/2023\/01\/il-principe-alberto-ii-e-la-principessa-charlene-parteciperanno-allincoronazione-di-re-carlo-iii\/","og_locale":"it_IT","og_type":"article","og_title":"Il Principe Alberto II e la Principessa Charl\u00e8ne parteciperanno all'incoronazione di Re Carlo III - Monaco Tribune","og_description":"Il Sovrano lo ha confermato in un'intervista rilasciata alla rivista People, pubblicata il 17 gennaio. Il 6 maggio il Principe e la Principessa saranno a","og_url":"https:\/\/www.monaco-tribune.com\/it\/2023\/01\/il-principe-alberto-ii-e-la-principessa-charlene-parteciperanno-allincoronazione-di-re-carlo-iii\/","og_site_name":"Monaco Tribune","article_publisher":"https:\/\/www.facebook.com\/MonacoTribune","article_published_time":"2023-01-19T17:34:04+00:00","article_modified_time":"2023-01-19T18:57:12+00:00","og_image":[{"width":1020,"height":670,"url":"https:\/\/www.monaco-tribune.com\/wp-content\/uploads\/2022\/09\/prince-albert-ii-roi-charles-iii.jpeg","type":"image\/jpeg"}],"author":"Camille Esteve","twitter_card":"summary_large_image","twitter_creator":"@MonacoTribune","twitter_site":"@MonacoTribune","schema":{"@context":"https:\/\/schema.org","@graph":[{"@type":"NewsArticle","@id":"https:\/\/www.monaco-tribune.com\/it\/2023\/01\/il-principe-alberto-ii-e-la-principessa-charlene-parteciperanno-allincoronazione-di-re-carlo-iii\/#article","isPartOf":{"@id":"https:\/\/www.monaco-tribune.com\/it\/2023\/01\/il-principe-alberto-ii-e-la-principessa-charlene-parteciperanno-allincoronazione-di-re-carlo-iii\/"},"author":{"name":"Camille Esteve","@id":"https:\/\/www.monaco-tribune.com\/it\/#\/schema\/person\/a855d420fff4d03637641d60b93ac62e"},"headline":"Il Principe Alberto II e la Principessa Charl\u00e8ne parteciperanno all&#8217;incoronazione di Re Carlo III","datePublished":"2023-01-19T17:34:04+00:00","dateModified":"2023-01-19T18:57:12+00:00","mainEntityOfPage":{"@id":"https:\/\/www.monaco-tribune.com\/it\/2023\/01\/il-principe-alberto-ii-e-la-principessa-charlene-parteciperanno-allincoronazione-di-re-carlo-iii\/"},"wordCount":450,"publisher":{"@id":"https:\/\/www.monaco-tribune.com\/it\/#organization"},"image":{"@id":"https:\/\/www.monaco-tribune.com\/it\/2023\/01\/il-principe-alberto-ii-e-la-principessa-charlene-parteciperanno-allincoronazione-di-re-carlo-iii\/#primaryimage"},"thumbnailUrl":"https:\/\/www.monaco-tribune.com\/wp-content\/uploads\/2022\/09\/prince-albert-ii-roi-charles-iii.jpeg","keywords":["Principe Alberto II"],"articleSection":["Famiglia Principesca","La nostra scelta","Notizie"],"inLanguage":"it-IT","copyrightYear":"2023","copyrightHolder":{"@id":"https:\/\/www.monaco-tribune.com\/#organization"}},{"@type":"WebPage","@id":"https:\/\/www.monaco-tribune.com\/it\/2023\/01\/il-principe-alberto-ii-e-la-principessa-charlene-parteciperanno-allincoronazione-di-re-carlo-iii\/","url":"https:\/\/www.monaco-tribune.com\/it\/2023\/01\/il-principe-alberto-ii-e-la-principessa-charlene-parteciperanno-allincoronazione-di-re-carlo-iii\/","name":"Il Principe Alberto II e la Principessa Charl\u00e8ne parteciperanno all'incoronazione di Re Carlo III","isPartOf":{"@id":"https:\/\/www.monaco-tribune.com\/it\/#website"},"primaryImageOfPage":{"@id":"https:\/\/www.monaco-tribune.com\/it\/2023\/01\/il-principe-alberto-ii-e-la-principessa-charlene-parteciperanno-allincoronazione-di-re-carlo-iii\/#primaryimage"},"image":{"@id":"https:\/\/www.monaco-tribune.com\/it\/2023\/01\/il-principe-alberto-ii-e-la-principessa-charlene-parteciperanno-allincoronazione-di-re-carlo-iii\/#primaryimage"},"thumbnailUrl":"https:\/\/www.monaco-tribune.com\/wp-content\/uploads\/2022\/09\/prince-albert-ii-roi-charles-iii.jpeg","datePublished":"2023-01-19T17:34:04+00:00","dateModified":"2023-01-19T18:57:12+00:00","description":"Il Sovrano lo ha confermato in un'intervista rilasciata alla rivista People, pubblicata il 17 gennaio. Il 6 maggio il Principe e la Principessa saranno a","breadcrumb":{"@id":"https:\/\/www.monaco-tribune.com\/it\/2023\/01\/il-principe-alberto-ii-e-la-principessa-charlene-parteciperanno-allincoronazione-di-re-carlo-iii\/#breadcrumb"},"inLanguage":"it-IT","potentialAction":[{"@type":"ReadAction","target":["https:\/\/www.monaco-tribune.com\/it\/2023\/01\/il-principe-alberto-ii-e-la-principessa-charlene-parteciperanno-allincoronazione-di-re-carlo-iii\/"]}]},{"@type":"ImageObject","inLanguage":"it-IT","@id":"https:\/\/www.monaco-tribune.com\/it\/2023\/01\/il-principe-alberto-ii-e-la-principessa-charlene-parteciperanno-allincoronazione-di-re-carlo-iii\/#primaryimage","url":"https:\/\/www.monaco-tribune.com\/wp-content\/uploads\/2022\/09\/prince-albert-ii-roi-charles-iii.jpeg","contentUrl":"https:\/\/www.monaco-tribune.com\/wp-content\/uploads\/2022\/09\/prince-albert-ii-roi-charles-iii.jpeg","width":1020,"height":670,"caption":"\u00a9 Niviera Sipa"},{"@type":"BreadcrumbList","@id":"https:\/\/www.monaco-tribune.com\/it\/2023\/01\/il-principe-alberto-ii-e-la-principessa-charlene-parteciperanno-allincoronazione-di-re-carlo-iii\/#breadcrumb","itemListElement":[{"@type":"ListItem","position":1,"name":"Accueil","item":"https:\/\/www.monaco-tribune.com\/it\/"},{"@type":"ListItem","position":2,"name":"Il Principe Alberto II e la Principessa Charl\u00e8ne parteciperanno all&rsquo;incoronazione di Re Carlo III"}]},{"@type":"WebSite","@id":"https:\/\/www.monaco-tribune.com\/it\/#website","url":"https:\/\/www.monaco-tribune.com\/it\/","name":"Monaco Tribune","description":"Monaco : actualit\u00e9s \u00e9conomiques, politiques, culturelles et sportives de Monaco et de la French Riviera.","publisher":{"@id":"https:\/\/www.monaco-tribune.com\/it\/#organization"},"potentialAction":[{"@type":"SearchAction","target":{"@type":"EntryPoint","urlTemplate":"https:\/\/www.monaco-tribune.com\/it\/?s={search_term_string}"},"query-input":{"@type":"PropertyValueSpecification","valueRequired":true,"valueName":"search_term_string"}}],"inLanguage":"it-IT"},{"@type":"Organization","@id":"https:\/\/www.monaco-tribune.com\/it\/#organization","name":"Monaco Tribune","url":"https:\/\/www.monaco-tribune.com\/it\/","logo":{"@type":"ImageObject","inLanguage":"it-IT","@id":"https:\/\/www.monaco-tribune.com\/it\/#\/schema\/logo\/image\/","url":"https:\/\/www.monaco-tribune.com\/wp-content\/uploads\/2022\/11\/logo-monaco-tribune.png","contentUrl":"https:\/\/www.monaco-tribune.com\/wp-content\/uploads\/2022\/11\/logo-monaco-tribune.png","width":1548,"height":600,"caption":"Monaco Tribune"},"image":{"@id":"https:\/\/www.monaco-tribune.com\/it\/#\/schema\/logo\/image\/"},"sameAs":["https:\/\/www.facebook.com\/MonacoTribune","https:\/\/x.com\/MonacoTribune","https:\/\/www.instagram.com\/monacotribune\/","https:\/\/www.linkedin.com\/company\/monaco-tribune","https:\/\/www.youtube.com\/channel\/UCHle1MnG6hw1y4lWKijVbMA"]},{"@type":"Person","@id":"https:\/\/www.monaco-tribune.com\/it\/#\/schema\/person\/a855d420fff4d03637641d60b93ac62e","name":"Camille Esteve","image":{"@type":"ImageObject","inLanguage":"it-IT","@id":"https:\/\/secure.gravatar.com\/avatar\/eaaa2355a7bb56c0018a391c20a55bf9b4690e3f493231dd850e612bfa6ce161?s=96&d=mm&r=g","url":"https:\/\/secure.gravatar.com\/avatar\/eaaa2355a7bb56c0018a391c20a55bf9b4690e3f493231dd850e612bfa6ce161?s=96&d=mm&r=g","contentUrl":"https:\/\/secure.gravatar.com\/avatar\/eaaa2355a7bb56c0018a391c20a55bf9b4690e3f493231dd850e612bfa6ce161?s=96&d=mm&r=g","caption":"Camille Esteve"},"url":"https:\/\/www.monaco-tribune.com\/it\/author\/camilleesteve\/"}]}},"_links":{"self":[{"href":"https:\/\/www.monaco-tribune.com\/it\/wp-json\/wp\/v2\/posts\/160814","targetHints":{"allow":["GET"]}}],"collection":[{"href":"https:\/\/www.monaco-tribune.com\/it\/wp-json\/wp\/v2\/posts"}],"about":[{"href":"https:\/\/www.monaco-tribune.com\/it\/wp-json\/wp\/v2\/types\/post"}],"author":[{"embeddable":true,"href":"https:\/\/www.monaco-tribune.com\/it\/wp-json\/wp\/v2\/users\/60"}],"replies":[{"embeddable":true,"href":"https:\/\/www.monaco-tribune.com\/it\/wp-json\/wp\/v2\/comments?post=160814"}],"version-history":[{"count":0,"href":"https:\/\/www.monaco-tribune.com\/it\/wp-json\/wp\/v2\/posts\/160814\/revisions"}],"wp:featuredmedia":[{"embeddable":true,"href":"https:\/\/www.monaco-tribune.com\/it\/wp-json\/wp\/v2\/media\/138702"}],"wp:attachment":[{"href":"https:\/\/www.monaco-tribune.com\/it\/wp-json\/wp\/v2\/media?parent=160814"}],"wp:term":[{"taxonomy":"category","embeddable":true,"href":"https:\/\/www.monaco-tribune.com\/it\/wp-json\/wp\/v2\/categories?post=160814"},{"taxonomy":"post_tag","embeddable":true,"href":"https:\/\/www.monaco-tribune.com\/it\/wp-json\/wp\/v2\/tags?post=160814"},{"taxonomy":"sectag","embeddable":true,"href":"https:\/\/www.monaco-tribune.com\/it\/wp-json\/wp\/v2\/post_sectags?post=160814"},{"taxonomy":"format","embeddable":true,"href":"https:\/\/www.monaco-tribune.com\/it\/wp-json\/wp\/v2\/post_format?post=160814"}],"curies":[{"name":"wp","href":"https:\/\/api.w.org\/{rel}","templated":true}]}}