{"id":161422,"date":"2023-01-24T16:07:46","date_gmt":"2023-01-24T15:07:46","guid":{"rendered":"https:\/\/www.monaco-tribune.com\/2023\/01\/job-alert-200-posti-di-lavoro-allhotel-fairmont-monte-carlo\/"},"modified":"2023-01-24T16:10:53","modified_gmt":"2023-01-24T15:10:53","slug":"job-alert-200-posti-di-lavoro-allhotel-fairmont-monte-carlo","status":"publish","type":"post","link":"https:\/\/www.monaco-tribune.com\/it\/2023\/01\/job-alert-200-posti-di-lavoro-allhotel-fairmont-monte-carlo\/","title":{"rendered":"Job alert: 200 posti di lavoro all&#8217;hotel Fairmont Monte-Carlo"},"content":{"rendered":"\n<p><strong>In vista della stagione estiva, gioved\u00ec 9 febbraio \u00e8 prevista un&#8217;importante giornata di assunzioni.<\/strong><\/p>\n\n<p>\u00c8 uno degli hotel pi\u00f9 leggendari del Principato, soprattutto perch\u00e9 si affaccia sulla famosa curva del Gran Premio di Monaco, quella considerata la pi\u00f9 lenta del circuito dove \u00e8 difficile superare. A due passi dalla Piazza del Casin\u00f2, questa struttura stellata conta circa 600 stanze e appartamenti, oltre che il Nobu, ristorante di fama internazionale, un lounge bar chiamato Horizon, una spa, un centro fitness, una piscina riscaldata e negozi di lusso.<\/p>\n\n<figure class=\"wp-block-gallery has-nested-images columns-1 is-cropped wp-block-gallery-1 is-layout-flex wp-block-gallery-is-layout-flex\">\n<figure class=\"wp-block-image size-large\"><img loading=\"lazy\" decoding=\"async\" width=\"1024\" height=\"731\" data-id=\"161343\" src=\"https:\/\/www.monaco-tribune.com\/wp-content\/uploads\/2023\/01\/fairmont-f1-1024x731.jpeg\" alt=\"\" class=\"wp-image-161343\" srcset=\"https:\/\/www.monaco-tribune.com\/wp-content\/uploads\/2023\/01\/fairmont-f1-1024x731.jpeg 1024w, https:\/\/www.monaco-tribune.com\/wp-content\/uploads\/2023\/01\/fairmont-f1-420x300.jpeg 420w, https:\/\/www.monaco-tribune.com\/wp-content\/uploads\/2023\/01\/fairmont-f1.jpeg 1462w\" sizes=\"auto, (max-width: 1024px) 100vw, 1024px\" \/><\/figure>\n\n\n\n<figure class=\"wp-block-image size-large\"><img loading=\"lazy\" decoding=\"async\" width=\"1024\" height=\"813\" data-id=\"161351\" src=\"https:\/\/www.monaco-tribune.com\/wp-content\/uploads\/2023\/01\/fairmont-piscine-1024x813.jpeg\" alt=\"\" class=\"wp-image-161351\" srcset=\"https:\/\/www.monaco-tribune.com\/wp-content\/uploads\/2023\/01\/fairmont-piscine-1024x813.jpeg 1024w, https:\/\/www.monaco-tribune.com\/wp-content\/uploads\/2023\/01\/fairmont-piscine-378x300.jpeg 378w, https:\/\/www.monaco-tribune.com\/wp-content\/uploads\/2023\/01\/fairmont-piscine.jpeg 1200w\" sizes=\"auto, (max-width: 1024px) 100vw, 1024px\" \/><\/figure>\n\n\n\n<figure class=\"wp-block-image size-large\"><img loading=\"lazy\" decoding=\"async\" width=\"1024\" height=\"683\" data-id=\"161355\" src=\"https:\/\/www.monaco-tribune.com\/wp-content\/uploads\/2023\/01\/fairmont-hotel-1024x683.jpeg\" alt=\"\" class=\"wp-image-161355\" srcset=\"https:\/\/www.monaco-tribune.com\/wp-content\/uploads\/2023\/01\/fairmont-hotel-1024x683.jpeg 1024w, https:\/\/www.monaco-tribune.com\/wp-content\/uploads\/2023\/01\/fairmont-hotel-450x300.jpeg 450w, https:\/\/www.monaco-tribune.com\/wp-content\/uploads\/2023\/01\/fairmont-hotel.jpeg 1200w\" sizes=\"auto, (max-width: 1024px) 100vw, 1024px\" \/><\/figure>\n\n\n\n<figure class=\"wp-block-image size-large\"><img loading=\"lazy\" decoding=\"async\" width=\"819\" height=\"1024\" data-id=\"161347\" src=\"https:\/\/www.monaco-tribune.com\/wp-content\/uploads\/2023\/01\/fairmont-hotel-restaurant-819x1024.jpeg\" alt=\"\" class=\"wp-image-161347\" srcset=\"https:\/\/www.monaco-tribune.com\/wp-content\/uploads\/2023\/01\/fairmont-hotel-restaurant-819x1024.jpeg 819w, https:\/\/www.monaco-tribune.com\/wp-content\/uploads\/2023\/01\/fairmont-hotel-restaurant-240x300.jpeg 240w, https:\/\/www.monaco-tribune.com\/wp-content\/uploads\/2023\/01\/fairmont-hotel-restaurant.jpeg 1638w\" sizes=\"auto, (max-width: 819px) 100vw, 819px\" \/><\/figure>\n<figcaption class=\"blocks-gallery-caption wp-element-caption\"><em><em>\u00a9 Fairmont Monte-Carlo su Facebook<\/em><\/em><\/figcaption><\/figure>\n\n<p>Per far fronte all&#8217;alta stagione e soddisfare al meglio la clientela di tutto il mondo, il Fairmont assume 200 figure nell&#8217;h\u00f4tellerie e nella ristorazione, oltre che nel campo della vendita, dell&#8217;estetica, della manutenzione, dell&#8217;intrattenimento e dell&#8217;assistenza.<\/p>\n\n<p class=\"related\"><a href=\"https:\/\/www.monaco-tribune.com\/it\/2022\/12\/le-vostre-domande-come-lavorare-nel-settore-alberghiero-e-della-ristorazione-a-monaco\/\">Le vostre domande: come lavorare nel settore alberghiero e della ristorazione a Monaco?<\/a><\/p>\n\n<p>Un&#8217;esperienza che permetter\u00e0 ai nuovi assunti d&#8217;immergersi &#8220;nell&#8217;affascinante fermento che regna nel Principato, con tutti i suoi eventi come il Gran Premio, il Rolex Monte-Carlo Masters o ancora il Monaco Yacht Show&#8221;, afferma il comunicato dell&#8217;hotel. Vi sembra un sogno? Allora prendete nota, l&#8217;appuntamento \u00e8 gioved\u00ec 9 febbraio dalle 9:00 alle 18:00.<\/p>\n\n<p>La lista delle posizioni aperte e tutte le informazioni utili sono disponibili <a href=\"https:\/\/careers.accor.com\/fr\/fr\/ga-monaco\">a questo link<\/a> o scrivendo all&#8217;indirizzo e-mail fmc.recrutement@fairmont.com<\/p>\n","protected":false},"excerpt":{"rendered":"<p>In vista della stagione estiva, gioved\u00ec 9 febbraio \u00e8 prevista un&#8217;importante giornata di assunzioni. \u00c8 uno degli hotel pi\u00f9 leggendari [&hellip;]<\/p>\n","protected":false},"author":69,"featured_media":55959,"comment_status":"closed","ping_status":"closed","sticky":false,"template":"","format":"standard","meta":{"_acf_changed":false,"footnotes":""},"categories":[1739,1738],"tags":[3140],"post_sectags":[],"post_format":[2478],"class_list":["post-161422","post","type-post","status-publish","format-standard","has-post-thumbnail","hentry","category-business-it","category-notizie","tag-lavoro","format-notizia"],"acf":[],"yoast_head":"<!-- This site is optimized with the Yoast SEO Premium plugin v26.8 (Yoast SEO v27.5) - https:\/\/yoast.com\/product\/yoast-seo-premium-wordpress\/ -->\n<title>Job alert: 200 posti di lavoro all&#039;hotel Fairmont Monte-Carlo<\/title>\n<meta name=\"description\" content=\"In vista della stagione estiva, gioved\u00ec 9 febbraio \u00e8 prevista un&#039;importante giornata di assunzioni. \u00c8 uno degli hotel pi\u00f9 leggendari del Principato,\" \/>\n<meta name=\"robots\" content=\"index, follow, max-snippet:-1, max-image-preview:large, max-video-preview:-1\" \/>\n<link rel=\"canonical\" href=\"https:\/\/www.monaco-tribune.com\/it\/2023\/01\/job-alert-200-posti-di-lavoro-allhotel-fairmont-monte-carlo\/\" \/>\n<meta property=\"og:locale\" content=\"it_IT\" \/>\n<meta property=\"og:type\" content=\"article\" \/>\n<meta property=\"og:title\" content=\"Job alert: 200 posti di lavoro all&#039;hotel Fairmont Monte-Carlo - Monaco Tribune\" \/>\n<meta property=\"og:description\" content=\"In vista della stagione estiva, gioved\u00ec 9 febbraio \u00e8 prevista un&#039;importante giornata di assunzioni. \u00c8 uno degli hotel pi\u00f9 leggendari del Principato,\" \/>\n<meta property=\"og:url\" content=\"https:\/\/www.monaco-tribune.com\/it\/2023\/01\/job-alert-200-posti-di-lavoro-allhotel-fairmont-monte-carlo\/\" \/>\n<meta property=\"og:site_name\" content=\"Monaco Tribune\" \/>\n<meta property=\"article:publisher\" content=\"https:\/\/www.facebook.com\/MonacoTribune\" \/>\n<meta property=\"article:published_time\" content=\"2023-01-24T15:07:46+00:00\" \/>\n<meta property=\"article:modified_time\" content=\"2023-01-24T15:10:53+00:00\" \/>\n<meta property=\"og:image\" content=\"https:\/\/www.monaco-tribune.com\/wp-content\/uploads\/2019\/05\/The-Fairmonts-famous-rooftop-beach-club-is-setting-the-pace-for-Formula-1.-From-May-23rd-to-May-26th-Nikki-Beach-parties-will-come-alive-with-stars-from-the-worlds-electro-scene.-.jpg\" \/>\n\t<meta property=\"og:image:width\" content=\"807\" \/>\n\t<meta property=\"og:image:height\" content=\"491\" \/>\n\t<meta property=\"og:image:type\" content=\"image\/jpeg\" \/>\n<meta name=\"author\" content=\"Sarah Incari\" \/>\n<meta name=\"twitter:card\" content=\"summary_large_image\" \/>\n<meta name=\"twitter:creator\" content=\"@MonacoTribune\" \/>\n<meta name=\"twitter:site\" content=\"@MonacoTribune\" \/>\n<script type=\"application\/ld+json\" class=\"yoast-schema-graph\">{\"@context\":\"https:\\\/\\\/schema.org\",\"@graph\":[{\"@type\":\"NewsArticle\",\"@id\":\"https:\\\/\\\/www.monaco-tribune.com\\\/it\\\/2023\\\/01\\\/job-alert-200-posti-di-lavoro-allhotel-fairmont-monte-carlo\\\/#article\",\"isPartOf\":{\"@id\":\"https:\\\/\\\/www.monaco-tribune.com\\\/it\\\/2023\\\/01\\\/job-alert-200-posti-di-lavoro-allhotel-fairmont-monte-carlo\\\/\"},\"author\":{\"name\":\"Sarah Incari\",\"@id\":\"https:\\\/\\\/www.monaco-tribune.com\\\/it\\\/#\\\/schema\\\/person\\\/dd3b5770833f791d3f4d808f1aa84499\"},\"headline\":\"Job alert: 200 posti di lavoro all&#8217;hotel Fairmont Monte-Carlo\",\"datePublished\":\"2023-01-24T15:07:46+00:00\",\"dateModified\":\"2023-01-24T15:10:53+00:00\",\"mainEntityOfPage\":{\"@id\":\"https:\\\/\\\/www.monaco-tribune.com\\\/it\\\/2023\\\/01\\\/job-alert-200-posti-di-lavoro-allhotel-fairmont-monte-carlo\\\/\"},\"wordCount\":226,\"publisher\":{\"@id\":\"https:\\\/\\\/www.monaco-tribune.com\\\/it\\\/#organization\"},\"image\":{\"@id\":\"https:\\\/\\\/www.monaco-tribune.com\\\/it\\\/2023\\\/01\\\/job-alert-200-posti-di-lavoro-allhotel-fairmont-monte-carlo\\\/#primaryimage\"},\"thumbnailUrl\":\"https:\\\/\\\/www.monaco-tribune.com\\\/wp-content\\\/uploads\\\/2019\\\/05\\\/The-Fairmonts-famous-rooftop-beach-club-is-setting-the-pace-for-Formula-1.-From-May-23rd-to-May-26th-Nikki-Beach-parties-will-come-alive-with-stars-from-the-worlds-electro-scene.-.jpg\",\"keywords\":[\"Lavoro\"],\"articleSection\":[\"Business\",\"Notizie\"],\"inLanguage\":\"it-IT\",\"copyrightYear\":\"2023\",\"copyrightHolder\":{\"@id\":\"https:\\\/\\\/www.monaco-tribune.com\\\/#organization\"}},{\"@type\":\"WebPage\",\"@id\":\"https:\\\/\\\/www.monaco-tribune.com\\\/it\\\/2023\\\/01\\\/job-alert-200-posti-di-lavoro-allhotel-fairmont-monte-carlo\\\/\",\"url\":\"https:\\\/\\\/www.monaco-tribune.com\\\/it\\\/2023\\\/01\\\/job-alert-200-posti-di-lavoro-allhotel-fairmont-monte-carlo\\\/\",\"name\":\"Job alert: 200 posti di lavoro all'hotel Fairmont Monte-Carlo\",\"isPartOf\":{\"@id\":\"https:\\\/\\\/www.monaco-tribune.com\\\/it\\\/#website\"},\"primaryImageOfPage\":{\"@id\":\"https:\\\/\\\/www.monaco-tribune.com\\\/it\\\/2023\\\/01\\\/job-alert-200-posti-di-lavoro-allhotel-fairmont-monte-carlo\\\/#primaryimage\"},\"image\":{\"@id\":\"https:\\\/\\\/www.monaco-tribune.com\\\/it\\\/2023\\\/01\\\/job-alert-200-posti-di-lavoro-allhotel-fairmont-monte-carlo\\\/#primaryimage\"},\"thumbnailUrl\":\"https:\\\/\\\/www.monaco-tribune.com\\\/wp-content\\\/uploads\\\/2019\\\/05\\\/The-Fairmonts-famous-rooftop-beach-club-is-setting-the-pace-for-Formula-1.-From-May-23rd-to-May-26th-Nikki-Beach-parties-will-come-alive-with-stars-from-the-worlds-electro-scene.-.jpg\",\"datePublished\":\"2023-01-24T15:07:46+00:00\",\"dateModified\":\"2023-01-24T15:10:53+00:00\",\"description\":\"In vista della stagione estiva, gioved\u00ec 9 febbraio \u00e8 prevista un'importante giornata di assunzioni. \u00c8 uno degli hotel pi\u00f9 leggendari del Principato,\",\"breadcrumb\":{\"@id\":\"https:\\\/\\\/www.monaco-tribune.com\\\/it\\\/2023\\\/01\\\/job-alert-200-posti-di-lavoro-allhotel-fairmont-monte-carlo\\\/#breadcrumb\"},\"inLanguage\":\"it-IT\",\"potentialAction\":[{\"@type\":\"ReadAction\",\"target\":[\"https:\\\/\\\/www.monaco-tribune.com\\\/it\\\/2023\\\/01\\\/job-alert-200-posti-di-lavoro-allhotel-fairmont-monte-carlo\\\/\"]}]},{\"@type\":\"ImageObject\",\"inLanguage\":\"it-IT\",\"@id\":\"https:\\\/\\\/www.monaco-tribune.com\\\/it\\\/2023\\\/01\\\/job-alert-200-posti-di-lavoro-allhotel-fairmont-monte-carlo\\\/#primaryimage\",\"url\":\"https:\\\/\\\/www.monaco-tribune.com\\\/wp-content\\\/uploads\\\/2019\\\/05\\\/The-Fairmonts-famous-rooftop-beach-club-is-setting-the-pace-for-Formula-1.-From-May-23rd-to-May-26th-Nikki-Beach-parties-will-come-alive-with-stars-from-the-worlds-electro-scene.-.jpg\",\"contentUrl\":\"https:\\\/\\\/www.monaco-tribune.com\\\/wp-content\\\/uploads\\\/2019\\\/05\\\/The-Fairmonts-famous-rooftop-beach-club-is-setting-the-pace-for-Formula-1.-From-May-23rd-to-May-26th-Nikki-Beach-parties-will-come-alive-with-stars-from-the-worlds-electro-scene.-.jpg\",\"width\":807,\"height\":491,\"caption\":\"\u00a9 Nikki Beach 2019\"},{\"@type\":\"BreadcrumbList\",\"@id\":\"https:\\\/\\\/www.monaco-tribune.com\\\/it\\\/2023\\\/01\\\/job-alert-200-posti-di-lavoro-allhotel-fairmont-monte-carlo\\\/#breadcrumb\",\"itemListElement\":[{\"@type\":\"ListItem\",\"position\":1,\"name\":\"Accueil\",\"item\":\"https:\\\/\\\/www.monaco-tribune.com\\\/it\\\/\"},{\"@type\":\"ListItem\",\"position\":2,\"name\":\"Job alert: 200 posti di lavoro all&rsquo;hotel Fairmont Monte-Carlo\"}]},{\"@type\":\"WebSite\",\"@id\":\"https:\\\/\\\/www.monaco-tribune.com\\\/it\\\/#website\",\"url\":\"https:\\\/\\\/www.monaco-tribune.com\\\/it\\\/\",\"name\":\"Monaco Tribune\",\"description\":\"Monaco : actualit\u00e9s \u00e9conomiques, politiques, culturelles et sportives de Monaco et de la French Riviera.\",\"publisher\":{\"@id\":\"https:\\\/\\\/www.monaco-tribune.com\\\/it\\\/#organization\"},\"potentialAction\":[{\"@type\":\"SearchAction\",\"target\":{\"@type\":\"EntryPoint\",\"urlTemplate\":\"https:\\\/\\\/www.monaco-tribune.com\\\/it\\\/?s={search_term_string}\"},\"query-input\":{\"@type\":\"PropertyValueSpecification\",\"valueRequired\":true,\"valueName\":\"search_term_string\"}}],\"inLanguage\":\"it-IT\"},{\"@type\":\"Organization\",\"@id\":\"https:\\\/\\\/www.monaco-tribune.com\\\/it\\\/#organization\",\"name\":\"Monaco Tribune\",\"url\":\"https:\\\/\\\/www.monaco-tribune.com\\\/it\\\/\",\"logo\":{\"@type\":\"ImageObject\",\"inLanguage\":\"it-IT\",\"@id\":\"https:\\\/\\\/www.monaco-tribune.com\\\/it\\\/#\\\/schema\\\/logo\\\/image\\\/\",\"url\":\"https:\\\/\\\/www.monaco-tribune.com\\\/wp-content\\\/uploads\\\/2022\\\/11\\\/logo-monaco-tribune.png\",\"contentUrl\":\"https:\\\/\\\/www.monaco-tribune.com\\\/wp-content\\\/uploads\\\/2022\\\/11\\\/logo-monaco-tribune.png\",\"width\":1548,\"height\":600,\"caption\":\"Monaco Tribune\"},\"image\":{\"@id\":\"https:\\\/\\\/www.monaco-tribune.com\\\/it\\\/#\\\/schema\\\/logo\\\/image\\\/\"},\"sameAs\":[\"https:\\\/\\\/www.facebook.com\\\/MonacoTribune\",\"https:\\\/\\\/x.com\\\/MonacoTribune\",\"https:\\\/\\\/www.instagram.com\\\/monacotribune\\\/\",\"https:\\\/\\\/www.linkedin.com\\\/company\\\/monaco-tribune\",\"https:\\\/\\\/www.youtube.com\\\/channel\\\/UCHle1MnG6hw1y4lWKijVbMA\"]},{\"@type\":\"Person\",\"@id\":\"https:\\\/\\\/www.monaco-tribune.com\\\/it\\\/#\\\/schema\\\/person\\\/dd3b5770833f791d3f4d808f1aa84499\",\"name\":\"Sarah Incari\",\"image\":{\"@type\":\"ImageObject\",\"inLanguage\":\"it-IT\",\"@id\":\"https:\\\/\\\/secure.gravatar.com\\\/avatar\\\/4ac0b37be892d57107ccdd804e3f2a03bf1e3fca097512136d3603859293cb0e?s=96&d=mm&r=g\",\"url\":\"https:\\\/\\\/secure.gravatar.com\\\/avatar\\\/4ac0b37be892d57107ccdd804e3f2a03bf1e3fca097512136d3603859293cb0e?s=96&d=mm&r=g\",\"contentUrl\":\"https:\\\/\\\/secure.gravatar.com\\\/avatar\\\/4ac0b37be892d57107ccdd804e3f2a03bf1e3fca097512136d3603859293cb0e?s=96&d=mm&r=g\",\"caption\":\"Sarah Incari\"},\"url\":\"https:\\\/\\\/www.monaco-tribune.com\\\/it\\\/author\\\/sarahincari\\\/\"}]}<\/script>\n<!-- \/ Yoast SEO Premium plugin. -->","yoast_head_json":{"title":"Job alert: 200 posti di lavoro all'hotel Fairmont Monte-Carlo","description":"In vista della stagione estiva, gioved\u00ec 9 febbraio \u00e8 prevista un'importante giornata di assunzioni. \u00c8 uno degli hotel pi\u00f9 leggendari del Principato,","robots":{"index":"index","follow":"follow","max-snippet":"max-snippet:-1","max-image-preview":"max-image-preview:large","max-video-preview":"max-video-preview:-1"},"canonical":"https:\/\/www.monaco-tribune.com\/it\/2023\/01\/job-alert-200-posti-di-lavoro-allhotel-fairmont-monte-carlo\/","og_locale":"it_IT","og_type":"article","og_title":"Job alert: 200 posti di lavoro all'hotel Fairmont Monte-Carlo - Monaco Tribune","og_description":"In vista della stagione estiva, gioved\u00ec 9 febbraio \u00e8 prevista un'importante giornata di assunzioni. \u00c8 uno degli hotel pi\u00f9 leggendari del Principato,","og_url":"https:\/\/www.monaco-tribune.com\/it\/2023\/01\/job-alert-200-posti-di-lavoro-allhotel-fairmont-monte-carlo\/","og_site_name":"Monaco Tribune","article_publisher":"https:\/\/www.facebook.com\/MonacoTribune","article_published_time":"2023-01-24T15:07:46+00:00","article_modified_time":"2023-01-24T15:10:53+00:00","og_image":[{"width":807,"height":491,"url":"https:\/\/www.monaco-tribune.com\/wp-content\/uploads\/2019\/05\/The-Fairmonts-famous-rooftop-beach-club-is-setting-the-pace-for-Formula-1.-From-May-23rd-to-May-26th-Nikki-Beach-parties-will-come-alive-with-stars-from-the-worlds-electro-scene.-.jpg","type":"image\/jpeg"}],"author":"Sarah Incari","twitter_card":"summary_large_image","twitter_creator":"@MonacoTribune","twitter_site":"@MonacoTribune","schema":{"@context":"https:\/\/schema.org","@graph":[{"@type":"NewsArticle","@id":"https:\/\/www.monaco-tribune.com\/it\/2023\/01\/job-alert-200-posti-di-lavoro-allhotel-fairmont-monte-carlo\/#article","isPartOf":{"@id":"https:\/\/www.monaco-tribune.com\/it\/2023\/01\/job-alert-200-posti-di-lavoro-allhotel-fairmont-monte-carlo\/"},"author":{"name":"Sarah Incari","@id":"https:\/\/www.monaco-tribune.com\/it\/#\/schema\/person\/dd3b5770833f791d3f4d808f1aa84499"},"headline":"Job alert: 200 posti di lavoro all&#8217;hotel Fairmont Monte-Carlo","datePublished":"2023-01-24T15:07:46+00:00","dateModified":"2023-01-24T15:10:53+00:00","mainEntityOfPage":{"@id":"https:\/\/www.monaco-tribune.com\/it\/2023\/01\/job-alert-200-posti-di-lavoro-allhotel-fairmont-monte-carlo\/"},"wordCount":226,"publisher":{"@id":"https:\/\/www.monaco-tribune.com\/it\/#organization"},"image":{"@id":"https:\/\/www.monaco-tribune.com\/it\/2023\/01\/job-alert-200-posti-di-lavoro-allhotel-fairmont-monte-carlo\/#primaryimage"},"thumbnailUrl":"https:\/\/www.monaco-tribune.com\/wp-content\/uploads\/2019\/05\/The-Fairmonts-famous-rooftop-beach-club-is-setting-the-pace-for-Formula-1.-From-May-23rd-to-May-26th-Nikki-Beach-parties-will-come-alive-with-stars-from-the-worlds-electro-scene.-.jpg","keywords":["Lavoro"],"articleSection":["Business","Notizie"],"inLanguage":"it-IT","copyrightYear":"2023","copyrightHolder":{"@id":"https:\/\/www.monaco-tribune.com\/#organization"}},{"@type":"WebPage","@id":"https:\/\/www.monaco-tribune.com\/it\/2023\/01\/job-alert-200-posti-di-lavoro-allhotel-fairmont-monte-carlo\/","url":"https:\/\/www.monaco-tribune.com\/it\/2023\/01\/job-alert-200-posti-di-lavoro-allhotel-fairmont-monte-carlo\/","name":"Job alert: 200 posti di lavoro all'hotel Fairmont Monte-Carlo","isPartOf":{"@id":"https:\/\/www.monaco-tribune.com\/it\/#website"},"primaryImageOfPage":{"@id":"https:\/\/www.monaco-tribune.com\/it\/2023\/01\/job-alert-200-posti-di-lavoro-allhotel-fairmont-monte-carlo\/#primaryimage"},"image":{"@id":"https:\/\/www.monaco-tribune.com\/it\/2023\/01\/job-alert-200-posti-di-lavoro-allhotel-fairmont-monte-carlo\/#primaryimage"},"thumbnailUrl":"https:\/\/www.monaco-tribune.com\/wp-content\/uploads\/2019\/05\/The-Fairmonts-famous-rooftop-beach-club-is-setting-the-pace-for-Formula-1.-From-May-23rd-to-May-26th-Nikki-Beach-parties-will-come-alive-with-stars-from-the-worlds-electro-scene.-.jpg","datePublished":"2023-01-24T15:07:46+00:00","dateModified":"2023-01-24T15:10:53+00:00","description":"In vista della stagione estiva, gioved\u00ec 9 febbraio \u00e8 prevista un'importante giornata di assunzioni. \u00c8 uno degli hotel pi\u00f9 leggendari del Principato,","breadcrumb":{"@id":"https:\/\/www.monaco-tribune.com\/it\/2023\/01\/job-alert-200-posti-di-lavoro-allhotel-fairmont-monte-carlo\/#breadcrumb"},"inLanguage":"it-IT","potentialAction":[{"@type":"ReadAction","target":["https:\/\/www.monaco-tribune.com\/it\/2023\/01\/job-alert-200-posti-di-lavoro-allhotel-fairmont-monte-carlo\/"]}]},{"@type":"ImageObject","inLanguage":"it-IT","@id":"https:\/\/www.monaco-tribune.com\/it\/2023\/01\/job-alert-200-posti-di-lavoro-allhotel-fairmont-monte-carlo\/#primaryimage","url":"https:\/\/www.monaco-tribune.com\/wp-content\/uploads\/2019\/05\/The-Fairmonts-famous-rooftop-beach-club-is-setting-the-pace-for-Formula-1.-From-May-23rd-to-May-26th-Nikki-Beach-parties-will-come-alive-with-stars-from-the-worlds-electro-scene.-.jpg","contentUrl":"https:\/\/www.monaco-tribune.com\/wp-content\/uploads\/2019\/05\/The-Fairmonts-famous-rooftop-beach-club-is-setting-the-pace-for-Formula-1.-From-May-23rd-to-May-26th-Nikki-Beach-parties-will-come-alive-with-stars-from-the-worlds-electro-scene.-.jpg","width":807,"height":491,"caption":"\u00a9 Nikki Beach 2019"},{"@type":"BreadcrumbList","@id":"https:\/\/www.monaco-tribune.com\/it\/2023\/01\/job-alert-200-posti-di-lavoro-allhotel-fairmont-monte-carlo\/#breadcrumb","itemListElement":[{"@type":"ListItem","position":1,"name":"Accueil","item":"https:\/\/www.monaco-tribune.com\/it\/"},{"@type":"ListItem","position":2,"name":"Job alert: 200 posti di lavoro all&rsquo;hotel Fairmont Monte-Carlo"}]},{"@type":"WebSite","@id":"https:\/\/www.monaco-tribune.com\/it\/#website","url":"https:\/\/www.monaco-tribune.com\/it\/","name":"Monaco Tribune","description":"Monaco : actualit\u00e9s \u00e9conomiques, politiques, culturelles et sportives de Monaco et de la French Riviera.","publisher":{"@id":"https:\/\/www.monaco-tribune.com\/it\/#organization"},"potentialAction":[{"@type":"SearchAction","target":{"@type":"EntryPoint","urlTemplate":"https:\/\/www.monaco-tribune.com\/it\/?s={search_term_string}"},"query-input":{"@type":"PropertyValueSpecification","valueRequired":true,"valueName":"search_term_string"}}],"inLanguage":"it-IT"},{"@type":"Organization","@id":"https:\/\/www.monaco-tribune.com\/it\/#organization","name":"Monaco Tribune","url":"https:\/\/www.monaco-tribune.com\/it\/","logo":{"@type":"ImageObject","inLanguage":"it-IT","@id":"https:\/\/www.monaco-tribune.com\/it\/#\/schema\/logo\/image\/","url":"https:\/\/www.monaco-tribune.com\/wp-content\/uploads\/2022\/11\/logo-monaco-tribune.png","contentUrl":"https:\/\/www.monaco-tribune.com\/wp-content\/uploads\/2022\/11\/logo-monaco-tribune.png","width":1548,"height":600,"caption":"Monaco Tribune"},"image":{"@id":"https:\/\/www.monaco-tribune.com\/it\/#\/schema\/logo\/image\/"},"sameAs":["https:\/\/www.facebook.com\/MonacoTribune","https:\/\/x.com\/MonacoTribune","https:\/\/www.instagram.com\/monacotribune\/","https:\/\/www.linkedin.com\/company\/monaco-tribune","https:\/\/www.youtube.com\/channel\/UCHle1MnG6hw1y4lWKijVbMA"]},{"@type":"Person","@id":"https:\/\/www.monaco-tribune.com\/it\/#\/schema\/person\/dd3b5770833f791d3f4d808f1aa84499","name":"Sarah Incari","image":{"@type":"ImageObject","inLanguage":"it-IT","@id":"https:\/\/secure.gravatar.com\/avatar\/4ac0b37be892d57107ccdd804e3f2a03bf1e3fca097512136d3603859293cb0e?s=96&d=mm&r=g","url":"https:\/\/secure.gravatar.com\/avatar\/4ac0b37be892d57107ccdd804e3f2a03bf1e3fca097512136d3603859293cb0e?s=96&d=mm&r=g","contentUrl":"https:\/\/secure.gravatar.com\/avatar\/4ac0b37be892d57107ccdd804e3f2a03bf1e3fca097512136d3603859293cb0e?s=96&d=mm&r=g","caption":"Sarah Incari"},"url":"https:\/\/www.monaco-tribune.com\/it\/author\/sarahincari\/"}]}},"_links":{"self":[{"href":"https:\/\/www.monaco-tribune.com\/it\/wp-json\/wp\/v2\/posts\/161422","targetHints":{"allow":["GET"]}}],"collection":[{"href":"https:\/\/www.monaco-tribune.com\/it\/wp-json\/wp\/v2\/posts"}],"about":[{"href":"https:\/\/www.monaco-tribune.com\/it\/wp-json\/wp\/v2\/types\/post"}],"author":[{"embeddable":true,"href":"https:\/\/www.monaco-tribune.com\/it\/wp-json\/wp\/v2\/users\/69"}],"replies":[{"embeddable":true,"href":"https:\/\/www.monaco-tribune.com\/it\/wp-json\/wp\/v2\/comments?post=161422"}],"version-history":[{"count":0,"href":"https:\/\/www.monaco-tribune.com\/it\/wp-json\/wp\/v2\/posts\/161422\/revisions"}],"wp:featuredmedia":[{"embeddable":true,"href":"https:\/\/www.monaco-tribune.com\/it\/wp-json\/wp\/v2\/media\/55959"}],"wp:attachment":[{"href":"https:\/\/www.monaco-tribune.com\/it\/wp-json\/wp\/v2\/media?parent=161422"}],"wp:term":[{"taxonomy":"category","embeddable":true,"href":"https:\/\/www.monaco-tribune.com\/it\/wp-json\/wp\/v2\/categories?post=161422"},{"taxonomy":"post_tag","embeddable":true,"href":"https:\/\/www.monaco-tribune.com\/it\/wp-json\/wp\/v2\/tags?post=161422"},{"taxonomy":"sectag","embeddable":true,"href":"https:\/\/www.monaco-tribune.com\/it\/wp-json\/wp\/v2\/post_sectags?post=161422"},{"taxonomy":"format","embeddable":true,"href":"https:\/\/www.monaco-tribune.com\/it\/wp-json\/wp\/v2\/post_format?post=161422"}],"curies":[{"name":"wp","href":"https:\/\/api.w.org\/{rel}","templated":true}]}}