{"id":162009,"date":"2023-01-30T18:49:47","date_gmt":"2023-01-30T17:49:47","guid":{"rendered":"https:\/\/www.monaco-tribune.com\/2023\/01\/conoscete-le-leggende-di-monaco\/"},"modified":"2023-01-30T18:50:07","modified_gmt":"2023-01-30T17:50:07","slug":"conoscete-le-leggende-di-monaco","status":"publish","type":"post","link":"https:\/\/www.monaco-tribune.com\/it\/2023\/01\/conoscete-le-leggende-di-monaco\/","title":{"rendered":"Conoscete le leggende di Monaco?"},"content":{"rendered":"\n<p><strong>In occasione dei festeggiamenti di Santa Devota, Monaco Tribune vi racconta tre leggende che aleggiano sul Principato.<\/strong><\/p>\n\n<h2 class=\"wp-block-heading\" id=\"h-la-legende-de-la-sainte-devote\">La leggenda di Santa Devota<\/h2>\n\n<p>Questa settimana il Principato festeggia Santa Devota. &#8220;La Leggenda di Santa Devota&#8221; \u00e8 al centro della storia di Monaco e racconta la vita di Devota, una giovane martire cristiana il cui corpo arriv\u00f2 a Monaco (che all&#8217;epoca non si chiamava ancora Monaco) a bordo di una barca.<\/p>\n<div class=\"wp-block-image\">\n<figure class=\"aligncenter size-large\"><img loading=\"lazy\" decoding=\"async\" width=\"1024\" height=\"608\" src=\"https:\/\/www.monaco-tribune.com\/wp-content\/uploads\/2023\/01\/celebration-sainte-devote-monaco-compressed-1024x608.jpg\" alt=\"\" class=\"wp-image-161734\" srcset=\"https:\/\/www.monaco-tribune.com\/wp-content\/uploads\/2023\/01\/celebration-sainte-devote-monaco-compressed-1024x608.jpg 1024w, https:\/\/www.monaco-tribune.com\/wp-content\/uploads\/2023\/01\/celebration-sainte-devote-monaco-compressed-505x300.jpg 505w, https:\/\/www.monaco-tribune.com\/wp-content\/uploads\/2023\/01\/celebration-sainte-devote-monaco-compressed.jpg 2008w\" sizes=\"auto, (max-width: 1024px) 100vw, 1024px\" \/><figcaption class=\"wp-element-caption\">\u00c8 dal 1874 che la tradizione si perpetua ogni anno: una barca su un rogo viene bruciata alla presenza del<\/figcaption><\/figure>\n<\/div>\n<p>\u00c8 dal 1874 che la tradizione si perpetua ogni anno: una barca su un rogo viene bruciata alla presenza del Sovrano e della Famiglia Principesca.Questo gioved\u00ec sera, la Principessa Charl\u00e8ne, la Principessa Gabriella e il Principe ereditario Jacques hanno dato fuoco alla barca, davanti a diverse centinaia di persone, tra cui molte personalit\u00e0 monegasche. Un momento solenne, accompagnato dal calore del fuoco e dai canti corsi.<\/p>\n<div class=\"wp-block-image\">\n<figure class=\"aligncenter size-large\"><img loading=\"lazy\" decoding=\"async\" width=\"1024\" height=\"608\" src=\"https:\/\/www.monaco-tribune.com\/wp-content\/uploads\/2023\/01\/spectacle-drones-dainte-devote-monaco-1024x608.jpg\" alt=\"\" class=\"wp-image-161726\" srcset=\"https:\/\/www.monaco-tribune.com\/wp-content\/uploads\/2023\/01\/spectacle-drones-dainte-devote-monaco-1024x608.jpg 1024w, https:\/\/www.monaco-tribune.com\/wp-content\/uploads\/2023\/01\/spectacle-drones-dainte-devote-monaco-505x300.jpg 505w, https:\/\/www.monaco-tribune.com\/wp-content\/uploads\/2023\/01\/spectacle-drones-dainte-devote-monaco.jpg 2018w\" sizes=\"auto, (max-width: 1024px) 100vw, 1024px\" \/><figcaption class=\"wp-element-caption\">\u00c8 dal 1874 che la tradizione si perpetua ogni anno: una barca su un rogo viene bruciata alla presenza del<\/figcaption><\/figure>\n<\/div>\n<p>Dopo che la barca ha smesso di bruciare, la serata si \u00e8 conclusa con uno spettacolo di droni. Una novit\u00e0, organizzata dal Municipio di Monaco, che ha aggiunto un ultimo tocco di magia raccontando la storia di Santa Devota sopra il Palazzo del Principe.<\/p>\n<blockquote class=\"instagram-media\" data-instgrm-captioned=\"\" data-instgrm-permalink=\"https:\/\/www.instagram.com\/reel\/Cn6bOc7oKQ1\/?utm_source=ig_embed&amp;utm_campaign=loading\" data-instgrm-version=\"14\" style=\" background:#FFF; border:0; border-radius:3px; box-shadow:0 0 1px 0 rgba(0,0,0,0.5),0 1px 10px 0 rgba(0,0,0,0.15); margin: 1px; max-width:540px; min-width:326px; padding:0; width:99.375%; width:-webkit-calc(100% - 2px); width:calc(100% - 2px);\">\n<div style=\"padding:16px;\"> <a href=\"https:\/\/www.instagram.com\/reel\/Cn6bOc7oKQ1\/?utm_source=ig_embed&amp;utm_campaign=loading\" style=\" background:#FFFFFF; line-height:0; padding:0 0; text-align:center; text-decoration:none; width:100%;\" target=\"_blank\" rel=\"noopener\"> <\/p>\n<div style=\" display: flex; flex-direction: row; align-items: center;\">\n<div style=\"background-color: #F4F4F4; border-radius: 50%; flex-grow: 0; height: 40px; margin-right: 14px; width: 40px;\"><\/div>\n<div style=\"display: flex; flex-direction: column; flex-grow: 1; justify-content: center;\">\n<div style=\" background-color: #F4F4F4; border-radius: 4px; flex-grow: 0; height: 14px; margin-bottom: 6px; width: 100px;\"><\/div>\n<div style=\" background-color: #F4F4F4; border-radius: 4px; flex-grow: 0; height: 14px; width: 60px;\"><\/div>\n<\/div>\n<\/div>\n<div style=\"padding: 19% 0;\"><\/div>\n<div style=\"display:block; height:50px; margin:0 auto 12px; width:50px;\"><svg width=\"50px\" height=\"50px\" viewBox=\"0 0 60 60\" version=\"1.1\" xmlns=\"https:\/\/www.w3.org\/2000\/svg\" xmlns:xlink=\"https:\/\/www.w3.org\/1999\/xlink\"><g stroke=\"none\" stroke-width=\"1\" fill=\"none\" fill-rule=\"evenodd\"><g transform=\"translate(-511.000000, -20.000000)\" fill=\"#000000\"><g><path d=\"M556.869,30.41 C554.814,30.41 553.148,32.076 553.148,34.131 C553.148,36.186 554.814,37.852 556.869,37.852 C558.924,37.852 560.59,36.186 560.59,34.131 C560.59,32.076 558.924,30.41 556.869,30.41 M541,60.657 C535.114,60.657 530.342,55.887 530.342,50 C530.342,44.114 535.114,39.342 541,39.342 C546.887,39.342 551.658,44.114 551.658,50 C551.658,55.887 546.887,60.657 541,60.657 M541,33.886 C532.1,33.886 524.886,41.1 524.886,50 C524.886,58.899 532.1,66.113 541,66.113 C549.9,66.113 557.115,58.899 557.115,50 C557.115,41.1 549.9,33.886 541,33.886 M565.378,62.101 C565.244,65.022 564.756,66.606 564.346,67.663 C563.803,69.06 563.154,70.057 562.106,71.106 C561.058,72.155 560.06,72.803 558.662,73.347 C557.607,73.757 556.021,74.244 553.102,74.378 C549.944,74.521 548.997,74.552 541,74.552 C533.003,74.552 532.056,74.521 528.898,74.378 C525.979,74.244 524.393,73.757 523.338,73.347 C521.94,72.803 520.942,72.155 519.894,71.106 C518.846,70.057 518.197,69.06 517.654,67.663 C517.244,66.606 516.755,65.022 516.623,62.101 C516.479,58.943 516.448,57.996 516.448,50 C516.448,42.003 516.479,41.056 516.623,37.899 C516.755,34.978 517.244,33.391 517.654,32.338 C518.197,30.938 518.846,29.942 519.894,28.894 C520.942,27.846 521.94,27.196 523.338,26.654 C524.393,26.244 525.979,25.756 528.898,25.623 C532.057,25.479 533.004,25.448 541,25.448 C548.997,25.448 549.943,25.479 553.102,25.623 C556.021,25.756 557.607,26.244 558.662,26.654 C560.06,27.196 561.058,27.846 562.106,28.894 C563.154,29.942 563.803,30.938 564.346,32.338 C564.756,33.391 565.244,34.978 565.378,37.899 C565.522,41.056 565.552,42.003 565.552,50 C565.552,57.996 565.522,58.943 565.378,62.101 M570.82,37.631 C570.674,34.438 570.167,32.258 569.425,30.349 C568.659,28.377 567.633,26.702 565.965,25.035 C564.297,23.368 562.623,22.342 560.652,21.575 C558.743,20.834 556.562,20.326 553.369,20.18 C550.169,20.033 549.148,20 541,20 C532.853,20 531.831,20.033 528.631,20.18 C525.438,20.326 523.257,20.834 521.349,21.575 C519.376,22.342 517.703,23.368 516.035,25.035 C514.368,26.702 513.342,28.377 512.574,30.349 C511.834,32.258 511.326,34.438 511.181,37.631 C511.035,40.831 511,41.851 511,50 C511,58.147 511.035,59.17 511.181,62.369 C511.326,65.562 511.834,67.743 512.574,69.651 C513.342,71.625 514.368,73.296 516.035,74.965 C517.703,76.634 519.376,77.658 521.349,78.425 C523.257,79.167 525.438,79.673 528.631,79.82 C531.831,79.965 532.853,80.001 541,80.001 C549.148,80.001 550.169,79.965 553.369,79.82 C556.562,79.673 558.743,79.167 560.652,78.425 C562.623,77.658 564.297,76.634 565.965,74.965 C567.633,73.296 568.659,71.625 569.425,69.651 C570.167,67.743 570.674,65.562 570.82,62.369 C570.966,59.17 571,58.147 571,50 C571,41.851 570.966,40.831 570.82,37.631\"><\/path><\/g><\/g><\/g><\/svg><\/div>\n<div style=\"padding-top: 8px;\">\n<div style=\" color:#3897f0; font-family:Arial,sans-serif; font-size:14px; font-style:normal; font-weight:550; line-height:18px;\">Voir cette publication sur Instagram<\/div>\n<\/div>\n<div style=\"padding: 12.5% 0;\"><\/div>\n<div style=\"display: flex; flex-direction: row; margin-bottom: 14px; align-items: center;\">\n<div>\n<div style=\"background-color: #F4F4F4; border-radius: 50%; height: 12.5px; width: 12.5px; transform: translateX(0px) translateY(7px);\"><\/div>\n<div style=\"background-color: #F4F4F4; height: 12.5px; transform: rotate(-45deg) translateX(3px) translateY(1px); width: 12.5px; flex-grow: 0; margin-right: 14px; margin-left: 2px;\"><\/div>\n<div style=\"background-color: #F4F4F4; border-radius: 50%; height: 12.5px; width: 12.5px; transform: translateX(9px) translateY(-18px);\"><\/div>\n<\/div>\n<div style=\"margin-left: 8px;\">\n<div style=\" background-color: #F4F4F4; border-radius: 50%; flex-grow: 0; height: 20px; width: 20px;\"><\/div>\n<div style=\" width: 0; height: 0; border-top: 2px solid transparent; border-left: 6px solid #f4f4f4; border-bottom: 2px solid transparent; transform: translateX(16px) translateY(-4px) rotate(30deg)\"><\/div>\n<\/div>\n<div style=\"margin-left: auto;\">\n<div style=\" width: 0px; border-top: 8px solid #F4F4F4; border-right: 8px solid transparent; transform: translateY(16px);\"><\/div>\n<div style=\" background-color: #F4F4F4; flex-grow: 0; height: 12px; width: 16px; transform: translateY(-4px);\"><\/div>\n<div style=\" width: 0; height: 0; border-top: 8px solid #F4F4F4; border-left: 8px solid transparent; transform: translateY(-4px) translateX(8px);\"><\/div>\n<\/div>\n<\/div>\n<div style=\"display: flex; flex-direction: column; flex-grow: 1; justify-content: center; margin-bottom: 24px;\">\n<div style=\" background-color: #F4F4F4; border-radius: 4px; flex-grow: 0; height: 14px; margin-bottom: 6px; width: 224px;\"><\/div>\n<div style=\" background-color: #F4F4F4; border-radius: 4px; flex-grow: 0; height: 14px; width: 144px;\"><\/div>\n<\/div>\n<p><\/a><\/p>\n<p style=\" color:#c9c8cd; font-family:Arial,sans-serif; font-size:14px; line-height:17px; margin-bottom:0; margin-top:8px; overflow:hidden; padding:8px 0 7px; text-align:center; text-overflow:ellipsis; white-space:nowrap;\"><a href=\"https:\/\/www.instagram.com\/reel\/Cn6bOc7oKQ1\/?utm_source=ig_embed&amp;utm_campaign=loading\" style=\" color:#c9c8cd; font-family:Arial,sans-serif; font-size:14px; font-style:normal; font-weight:normal; line-height:17px; text-decoration:none;\" target=\"_blank\" rel=\"noopener\">Une publication partag\u00e9e par Monaco Tribune (@monacotribune)<\/a><\/p>\n<\/div>\n<\/blockquote>\n<p> <script async=\"\" src=\"\/\/www.instagram.com\/embed.js\"><\/script><\/p>\n\n<h2 class=\"wp-block-heading\">Virt\u00f9 e fortuna a Monte-Carlo<\/h2>\n\n<p>Questa leggenda \u00e8 tratta dal libro <em>Nice et Monaco \u00e0 travers les \u00e2ges, Chroniques et L\u00e9gendes<\/em> (Nizza e Monavo attraverso i secoli, Cronache e Leggende), pubblicato nel 1884 e scritto da Alexandre Lacoste, avvocato, professore e politico canadese.<\/p>\n\n<p>C&#8217;\u00e8 stato un tempo in cui il Principe di Monaco era molto infelice, perch\u00e9 il Principato era una terra arida e i suoi sudditi erano miserabili. Un giorno, mentre passeggiava, il Principe vide il corpo senza vita di una giovane donna. Era bendata, legata e vestita come le dee e le matrone dell&#8217;antica Grecia. La fece portare nella stanza pi\u00f9 bella del Palazzo e la fece curare.<\/p>\n\n<p>La notte successiva, la donna si alz\u00f2 e disse al Principe<em>: <\/em>&#8220;Principe, io sono la Fortuna. Sono commossa dai vostri mali e voglio cercare di porvi rimedio. Ma non mi \u00e8 permesso di rendervi immediatamente felice concedendo prosperit\u00e0 ai vostri sudditi (&#8230;) tutto ci\u00f2 che posso fare per voi \u00e8 lasciarvi un talismano che, se saprete come usare, un giorno porter\u00e0 ricchezza al vostro piccolo Stato creandovi un&#8217;industria&#8221;. Cos\u00ec gli lasci\u00f2 una semplice ruota e scomparve.<\/p>\n\n<p>I giorni passarono e il destino dei monegaschi rimase invariato. Una mattina, un rigattiere giunse a Monaco e fu ricevuto dal Principe. Dopo una lunga trattativa, il commerciante fu attirato dalla ruota che la Fortuna aveva lasciato. Propose quindi al Principe di offrirgli una rendita annuale, che avrebbe assicurato la prosperit\u00e0 di Monaco, in cambio della ruota. Il Principe acconsent\u00ec.<\/p>\n\n<p>Il rigattiere era in realt\u00e0 un dio, Plutone, che con un colpo di bacchetta, eresse un magnifico palazzo con splendidi giardini. Grazie alla Virt\u00f9 e all&#8217;Industria, la prosperit\u00e0 torn\u00f2 a Monaco e il commercio diede i suoi frutti. La ruota della Fortuna aveva funzionato.<\/p>\n\n<h2 class=\"wp-block-heading\">La capra d&#8217;oro<\/h2>\n\n<p>Conoscete l&#8217;Hotel Ch\u00e2teau de la Ch\u00e8vre d&#8217;Or (Castello della capra d&#8217;oro)? Si tratta di un eccellente ristorante gourmet situato a Eze. Ma sapevate che il suo nome deriva da una leggenda della Provenza, non lontano da Monaco?<\/p>\n\n<p>Per capire l&#8217;origine della capra d&#8217;oro, \u00e8 importante immergersi nella storia della Provenza. In Provenza, dal 730 al 973 ebbero luogo le incursioni saracene. I Mori arrivavano dalla Spagna e continuavano a spostarsi verso nord. Si stabilivano l\u00ec e saccheggiavano molti luoghi, raccogliendo un ricco bottino.<\/p>\n<div class=\"wp-block-image\">\n<figure class=\"aligncenter size-full\"><img loading=\"lazy\" decoding=\"async\" width=\"1000\" height=\"666\" src=\"https:\/\/www.monaco-tribune.com\/wp-content\/uploads\/2023\/01\/chevre-dor-eze.jpeg\" alt=\"\" class=\"wp-image-161754\" srcset=\"https:\/\/www.monaco-tribune.com\/wp-content\/uploads\/2023\/01\/chevre-dor-eze.jpeg 1000w, https:\/\/www.monaco-tribune.com\/wp-content\/uploads\/2023\/01\/chevre-dor-eze-450x300.jpeg 450w\" sizes=\"auto, (max-width: 1000px) 100vw, 1000px\" \/><figcaption class=\"wp-element-caption\">Chateau de la Ch\u00e8vre d&#8217;Or<em> \u00a9<\/em> Wikipedia<\/figcaption><\/figure>\n<\/div>\n<p>Sotto la pressione del re di Provenza Corrado III, alcuni saraceni si spaventarono e pensarono di nascondere i loro tesori. Uno di loro, Abdelraman, nascose il suo bottino in una pelle di capra che poi avrebbe voluto celare nelle grotte della Val-d&#8217;Enfer, nelle Alpilles.<\/p>\n\n<p>Una volta l\u00ec, il saraceno venne guidato da una capra fino alla strega Taven, che gli lanci\u00f2 una sfida particolare. Se fosse riuscito a sconfiggere un mostro, avrebbe potuto nascondere il suo tesoro nelle grotte, proprio come desiderava. Abdelraman, avido di denaro e ricchezza, accett\u00f2. Dopo due giorni e due notti di lotta, il saraceno e il suo avversario morirono entrambi.<\/p>\n\n<p>Qualche tempo dopo, i seguaci di Abdelraman videro uscire dalla grotta una capra interamente d&#8217;oro, dalle corna fino alle gambe. Questa capra \u00e8 ora la custode del tesoro dei Mori di Frassineto. C&#8217;\u00e8 chi dice di averla intravista, muoversi sulle creste delle montagne, lasciando fili d&#8217;oro sul suo cammino&#8230;<\/p>\n","protected":false},"excerpt":{"rendered":"<p>In occasione dei festeggiamenti di Santa Devota, Monaco Tribune vi racconta tre leggende che aleggiano sul Principato. La leggenda di [&hellip;]<\/p>\n","protected":false},"author":65,"featured_media":161732,"comment_status":"closed","ping_status":"closed","sticky":false,"template":"","format":"standard","meta":{"_acf_changed":false,"footnotes":""},"categories":[1740,1826,1738],"tags":[2999],"post_sectags":[3177],"post_format":[2486],"class_list":["post-162009","post","type-post","status-publish","format-standard","has-post-thumbnail","hentry","category-cosa-fare","category-la-nostra-scelta","category-notizie","tag-patrimonio","sectag-santa-devota","format-servizio"],"acf":[],"yoast_head":"<!-- This site is optimized with the Yoast SEO Premium plugin v26.8 (Yoast SEO v27.4) - https:\/\/yoast.com\/product\/yoast-seo-premium-wordpress\/ -->\n<title>Conoscete le leggende di Monaco?<\/title>\n<meta name=\"description\" content=\"In occasione dei festeggiamenti di Santa Devota, Monaco Tribune vi racconta tre leggende che aleggiano sul Principato. La leggenda di Santa Devota Questa\" \/>\n<meta name=\"robots\" content=\"index, follow, max-snippet:-1, max-image-preview:large, max-video-preview:-1\" \/>\n<link rel=\"canonical\" href=\"https:\/\/www.monaco-tribune.com\/it\/2023\/01\/conoscete-le-leggende-di-monaco\/\" \/>\n<meta property=\"og:locale\" content=\"it_IT\" \/>\n<meta property=\"og:type\" content=\"article\" \/>\n<meta property=\"og:title\" content=\"Conoscete le leggende di Monaco? - Monaco Tribune\" \/>\n<meta property=\"og:description\" content=\"In occasione dei festeggiamenti di Santa Devota, Monaco Tribune vi racconta tre leggende che aleggiano sul Principato. La leggenda di Santa Devota Questa\" \/>\n<meta property=\"og:url\" content=\"https:\/\/www.monaco-tribune.com\/it\/2023\/01\/conoscete-le-leggende-di-monaco\/\" \/>\n<meta property=\"og:site_name\" content=\"Monaco Tribune\" \/>\n<meta property=\"article:publisher\" content=\"https:\/\/www.facebook.com\/MonacoTribune\" \/>\n<meta property=\"article:published_time\" content=\"2023-01-30T17:49:47+00:00\" \/>\n<meta property=\"article:modified_time\" content=\"2023-01-30T17:50:07+00:00\" \/>\n<meta property=\"og:image\" content=\"https:\/\/www.monaco-tribune.com\/wp-content\/uploads\/2023\/01\/famille-princiere-celebre-sainte-devote-monaco-e1674826601350.jpg\" \/>\n\t<meta property=\"og:image:width\" content=\"2025\" \/>\n\t<meta property=\"og:image:height\" content=\"1222\" \/>\n\t<meta property=\"og:image:type\" content=\"image\/jpeg\" \/>\n<meta name=\"author\" content=\"Paul Charoy\" \/>\n<meta name=\"twitter:card\" content=\"summary_large_image\" \/>\n<meta name=\"twitter:creator\" content=\"@MonacoTribune\" \/>\n<meta name=\"twitter:site\" content=\"@MonacoTribune\" \/>\n<script type=\"application\/ld+json\" class=\"yoast-schema-graph\">{\"@context\":\"https:\\\/\\\/schema.org\",\"@graph\":[{\"@type\":\"NewsArticle\",\"@id\":\"https:\\\/\\\/www.monaco-tribune.com\\\/it\\\/2023\\\/01\\\/conoscete-le-leggende-di-monaco\\\/#article\",\"isPartOf\":{\"@id\":\"https:\\\/\\\/www.monaco-tribune.com\\\/it\\\/2023\\\/01\\\/conoscete-le-leggende-di-monaco\\\/\"},\"author\":{\"name\":\"Paul Charoy\",\"@id\":\"https:\\\/\\\/www.monaco-tribune.com\\\/it\\\/#\\\/schema\\\/person\\\/c33a9f1bc99ef5a2e07d37c576060b57\"},\"headline\":\"Conoscete le leggende di Monaco?\",\"datePublished\":\"2023-01-30T17:49:47+00:00\",\"dateModified\":\"2023-01-30T17:50:07+00:00\",\"mainEntityOfPage\":{\"@id\":\"https:\\\/\\\/www.monaco-tribune.com\\\/it\\\/2023\\\/01\\\/conoscete-le-leggende-di-monaco\\\/\"},\"wordCount\":775,\"publisher\":{\"@id\":\"https:\\\/\\\/www.monaco-tribune.com\\\/it\\\/#organization\"},\"image\":{\"@id\":\"https:\\\/\\\/www.monaco-tribune.com\\\/it\\\/2023\\\/01\\\/conoscete-le-leggende-di-monaco\\\/#primaryimage\"},\"thumbnailUrl\":\"https:\\\/\\\/www.monaco-tribune.com\\\/wp-content\\\/uploads\\\/2023\\\/01\\\/famille-princiere-celebre-sainte-devote-monaco-e1674826601350.jpg\",\"keywords\":[\"Patrimonio\"],\"articleSection\":[\"Cosa fare\",\"La nostra scelta\",\"Notizie\"],\"inLanguage\":\"it-IT\",\"copyrightYear\":\"2023\",\"copyrightHolder\":{\"@id\":\"https:\\\/\\\/www.monaco-tribune.com\\\/#organization\"}},{\"@type\":\"WebPage\",\"@id\":\"https:\\\/\\\/www.monaco-tribune.com\\\/it\\\/2023\\\/01\\\/conoscete-le-leggende-di-monaco\\\/\",\"url\":\"https:\\\/\\\/www.monaco-tribune.com\\\/it\\\/2023\\\/01\\\/conoscete-le-leggende-di-monaco\\\/\",\"name\":\"Conoscete le leggende di Monaco?\",\"isPartOf\":{\"@id\":\"https:\\\/\\\/www.monaco-tribune.com\\\/it\\\/#website\"},\"primaryImageOfPage\":{\"@id\":\"https:\\\/\\\/www.monaco-tribune.com\\\/it\\\/2023\\\/01\\\/conoscete-le-leggende-di-monaco\\\/#primaryimage\"},\"image\":{\"@id\":\"https:\\\/\\\/www.monaco-tribune.com\\\/it\\\/2023\\\/01\\\/conoscete-le-leggende-di-monaco\\\/#primaryimage\"},\"thumbnailUrl\":\"https:\\\/\\\/www.monaco-tribune.com\\\/wp-content\\\/uploads\\\/2023\\\/01\\\/famille-princiere-celebre-sainte-devote-monaco-e1674826601350.jpg\",\"datePublished\":\"2023-01-30T17:49:47+00:00\",\"dateModified\":\"2023-01-30T17:50:07+00:00\",\"description\":\"In occasione dei festeggiamenti di Santa Devota, Monaco Tribune vi racconta tre leggende che aleggiano sul Principato. La leggenda di Santa Devota Questa\",\"breadcrumb\":{\"@id\":\"https:\\\/\\\/www.monaco-tribune.com\\\/it\\\/2023\\\/01\\\/conoscete-le-leggende-di-monaco\\\/#breadcrumb\"},\"inLanguage\":\"it-IT\",\"potentialAction\":[{\"@type\":\"ReadAction\",\"target\":[\"https:\\\/\\\/www.monaco-tribune.com\\\/it\\\/2023\\\/01\\\/conoscete-le-leggende-di-monaco\\\/\"]}]},{\"@type\":\"ImageObject\",\"inLanguage\":\"it-IT\",\"@id\":\"https:\\\/\\\/www.monaco-tribune.com\\\/it\\\/2023\\\/01\\\/conoscete-le-leggende-di-monaco\\\/#primaryimage\",\"url\":\"https:\\\/\\\/www.monaco-tribune.com\\\/wp-content\\\/uploads\\\/2023\\\/01\\\/famille-princiere-celebre-sainte-devote-monaco-e1674826601350.jpg\",\"contentUrl\":\"https:\\\/\\\/www.monaco-tribune.com\\\/wp-content\\\/uploads\\\/2023\\\/01\\\/famille-princiere-celebre-sainte-devote-monaco-e1674826601350.jpg\",\"width\":2025,\"height\":1222,\"caption\":\"La Famiglia Principesca d\u00e0 fuoco alla barca durante le celebrazioni di Santa Devota il 26 gennaio 2024 \u00a9Direzione della Comunicazione \\\/ Manuel Vitali\"},{\"@type\":\"BreadcrumbList\",\"@id\":\"https:\\\/\\\/www.monaco-tribune.com\\\/it\\\/2023\\\/01\\\/conoscete-le-leggende-di-monaco\\\/#breadcrumb\",\"itemListElement\":[{\"@type\":\"ListItem\",\"position\":1,\"name\":\"Accueil\",\"item\":\"https:\\\/\\\/www.monaco-tribune.com\\\/it\\\/\"},{\"@type\":\"ListItem\",\"position\":2,\"name\":\"Conoscete le leggende di Monaco?\"}]},{\"@type\":\"WebSite\",\"@id\":\"https:\\\/\\\/www.monaco-tribune.com\\\/it\\\/#website\",\"url\":\"https:\\\/\\\/www.monaco-tribune.com\\\/it\\\/\",\"name\":\"Monaco Tribune\",\"description\":\"Monaco : actualit\u00e9s \u00e9conomiques, politiques, culturelles et sportives de Monaco et de la French Riviera.\",\"publisher\":{\"@id\":\"https:\\\/\\\/www.monaco-tribune.com\\\/it\\\/#organization\"},\"potentialAction\":[{\"@type\":\"SearchAction\",\"target\":{\"@type\":\"EntryPoint\",\"urlTemplate\":\"https:\\\/\\\/www.monaco-tribune.com\\\/it\\\/?s={search_term_string}\"},\"query-input\":{\"@type\":\"PropertyValueSpecification\",\"valueRequired\":true,\"valueName\":\"search_term_string\"}}],\"inLanguage\":\"it-IT\"},{\"@type\":\"Organization\",\"@id\":\"https:\\\/\\\/www.monaco-tribune.com\\\/it\\\/#organization\",\"name\":\"Monaco Tribune\",\"url\":\"https:\\\/\\\/www.monaco-tribune.com\\\/it\\\/\",\"logo\":{\"@type\":\"ImageObject\",\"inLanguage\":\"it-IT\",\"@id\":\"https:\\\/\\\/www.monaco-tribune.com\\\/it\\\/#\\\/schema\\\/logo\\\/image\\\/\",\"url\":\"https:\\\/\\\/www.monaco-tribune.com\\\/wp-content\\\/uploads\\\/2022\\\/11\\\/logo-monaco-tribune.png\",\"contentUrl\":\"https:\\\/\\\/www.monaco-tribune.com\\\/wp-content\\\/uploads\\\/2022\\\/11\\\/logo-monaco-tribune.png\",\"width\":1548,\"height\":600,\"caption\":\"Monaco Tribune\"},\"image\":{\"@id\":\"https:\\\/\\\/www.monaco-tribune.com\\\/it\\\/#\\\/schema\\\/logo\\\/image\\\/\"},\"sameAs\":[\"https:\\\/\\\/www.facebook.com\\\/MonacoTribune\",\"https:\\\/\\\/x.com\\\/MonacoTribune\",\"https:\\\/\\\/www.instagram.com\\\/monacotribune\\\/\",\"https:\\\/\\\/www.linkedin.com\\\/company\\\/monaco-tribune\",\"https:\\\/\\\/www.youtube.com\\\/channel\\\/UCHle1MnG6hw1y4lWKijVbMA\"]},{\"@type\":\"Person\",\"@id\":\"https:\\\/\\\/www.monaco-tribune.com\\\/it\\\/#\\\/schema\\\/person\\\/c33a9f1bc99ef5a2e07d37c576060b57\",\"name\":\"Paul Charoy\",\"image\":{\"@type\":\"ImageObject\",\"inLanguage\":\"it-IT\",\"@id\":\"https:\\\/\\\/secure.gravatar.com\\\/avatar\\\/c3a39fd900275d54a628738568f1949e90ce9945d105d000228335a7bad64b38?s=96&d=mm&r=g\",\"url\":\"https:\\\/\\\/secure.gravatar.com\\\/avatar\\\/c3a39fd900275d54a628738568f1949e90ce9945d105d000228335a7bad64b38?s=96&d=mm&r=g\",\"contentUrl\":\"https:\\\/\\\/secure.gravatar.com\\\/avatar\\\/c3a39fd900275d54a628738568f1949e90ce9945d105d000228335a7bad64b38?s=96&d=mm&r=g\",\"caption\":\"Paul Charoy\"},\"url\":\"https:\\\/\\\/www.monaco-tribune.com\\\/it\\\/author\\\/paulcharoy\\\/\"}]}<\/script>\n<!-- \/ Yoast SEO Premium plugin. -->","yoast_head_json":{"title":"Conoscete le leggende di Monaco?","description":"In occasione dei festeggiamenti di Santa Devota, Monaco Tribune vi racconta tre leggende che aleggiano sul Principato. La leggenda di Santa Devota Questa","robots":{"index":"index","follow":"follow","max-snippet":"max-snippet:-1","max-image-preview":"max-image-preview:large","max-video-preview":"max-video-preview:-1"},"canonical":"https:\/\/www.monaco-tribune.com\/it\/2023\/01\/conoscete-le-leggende-di-monaco\/","og_locale":"it_IT","og_type":"article","og_title":"Conoscete le leggende di Monaco? - Monaco Tribune","og_description":"In occasione dei festeggiamenti di Santa Devota, Monaco Tribune vi racconta tre leggende che aleggiano sul Principato. La leggenda di Santa Devota Questa","og_url":"https:\/\/www.monaco-tribune.com\/it\/2023\/01\/conoscete-le-leggende-di-monaco\/","og_site_name":"Monaco Tribune","article_publisher":"https:\/\/www.facebook.com\/MonacoTribune","article_published_time":"2023-01-30T17:49:47+00:00","article_modified_time":"2023-01-30T17:50:07+00:00","og_image":[{"width":2025,"height":1222,"url":"https:\/\/www.monaco-tribune.com\/wp-content\/uploads\/2023\/01\/famille-princiere-celebre-sainte-devote-monaco-e1674826601350.jpg","type":"image\/jpeg"}],"author":"Paul Charoy","twitter_card":"summary_large_image","twitter_creator":"@MonacoTribune","twitter_site":"@MonacoTribune","schema":{"@context":"https:\/\/schema.org","@graph":[{"@type":"NewsArticle","@id":"https:\/\/www.monaco-tribune.com\/it\/2023\/01\/conoscete-le-leggende-di-monaco\/#article","isPartOf":{"@id":"https:\/\/www.monaco-tribune.com\/it\/2023\/01\/conoscete-le-leggende-di-monaco\/"},"author":{"name":"Paul Charoy","@id":"https:\/\/www.monaco-tribune.com\/it\/#\/schema\/person\/c33a9f1bc99ef5a2e07d37c576060b57"},"headline":"Conoscete le leggende di Monaco?","datePublished":"2023-01-30T17:49:47+00:00","dateModified":"2023-01-30T17:50:07+00:00","mainEntityOfPage":{"@id":"https:\/\/www.monaco-tribune.com\/it\/2023\/01\/conoscete-le-leggende-di-monaco\/"},"wordCount":775,"publisher":{"@id":"https:\/\/www.monaco-tribune.com\/it\/#organization"},"image":{"@id":"https:\/\/www.monaco-tribune.com\/it\/2023\/01\/conoscete-le-leggende-di-monaco\/#primaryimage"},"thumbnailUrl":"https:\/\/www.monaco-tribune.com\/wp-content\/uploads\/2023\/01\/famille-princiere-celebre-sainte-devote-monaco-e1674826601350.jpg","keywords":["Patrimonio"],"articleSection":["Cosa fare","La nostra scelta","Notizie"],"inLanguage":"it-IT","copyrightYear":"2023","copyrightHolder":{"@id":"https:\/\/www.monaco-tribune.com\/#organization"}},{"@type":"WebPage","@id":"https:\/\/www.monaco-tribune.com\/it\/2023\/01\/conoscete-le-leggende-di-monaco\/","url":"https:\/\/www.monaco-tribune.com\/it\/2023\/01\/conoscete-le-leggende-di-monaco\/","name":"Conoscete le leggende di Monaco?","isPartOf":{"@id":"https:\/\/www.monaco-tribune.com\/it\/#website"},"primaryImageOfPage":{"@id":"https:\/\/www.monaco-tribune.com\/it\/2023\/01\/conoscete-le-leggende-di-monaco\/#primaryimage"},"image":{"@id":"https:\/\/www.monaco-tribune.com\/it\/2023\/01\/conoscete-le-leggende-di-monaco\/#primaryimage"},"thumbnailUrl":"https:\/\/www.monaco-tribune.com\/wp-content\/uploads\/2023\/01\/famille-princiere-celebre-sainte-devote-monaco-e1674826601350.jpg","datePublished":"2023-01-30T17:49:47+00:00","dateModified":"2023-01-30T17:50:07+00:00","description":"In occasione dei festeggiamenti di Santa Devota, Monaco Tribune vi racconta tre leggende che aleggiano sul Principato. La leggenda di Santa Devota Questa","breadcrumb":{"@id":"https:\/\/www.monaco-tribune.com\/it\/2023\/01\/conoscete-le-leggende-di-monaco\/#breadcrumb"},"inLanguage":"it-IT","potentialAction":[{"@type":"ReadAction","target":["https:\/\/www.monaco-tribune.com\/it\/2023\/01\/conoscete-le-leggende-di-monaco\/"]}]},{"@type":"ImageObject","inLanguage":"it-IT","@id":"https:\/\/www.monaco-tribune.com\/it\/2023\/01\/conoscete-le-leggende-di-monaco\/#primaryimage","url":"https:\/\/www.monaco-tribune.com\/wp-content\/uploads\/2023\/01\/famille-princiere-celebre-sainte-devote-monaco-e1674826601350.jpg","contentUrl":"https:\/\/www.monaco-tribune.com\/wp-content\/uploads\/2023\/01\/famille-princiere-celebre-sainte-devote-monaco-e1674826601350.jpg","width":2025,"height":1222,"caption":"La Famiglia Principesca d\u00e0 fuoco alla barca durante le celebrazioni di Santa Devota il 26 gennaio 2024 \u00a9Direzione della Comunicazione \/ Manuel Vitali"},{"@type":"BreadcrumbList","@id":"https:\/\/www.monaco-tribune.com\/it\/2023\/01\/conoscete-le-leggende-di-monaco\/#breadcrumb","itemListElement":[{"@type":"ListItem","position":1,"name":"Accueil","item":"https:\/\/www.monaco-tribune.com\/it\/"},{"@type":"ListItem","position":2,"name":"Conoscete le leggende di Monaco?"}]},{"@type":"WebSite","@id":"https:\/\/www.monaco-tribune.com\/it\/#website","url":"https:\/\/www.monaco-tribune.com\/it\/","name":"Monaco Tribune","description":"Monaco : actualit\u00e9s \u00e9conomiques, politiques, culturelles et sportives de Monaco et de la French Riviera.","publisher":{"@id":"https:\/\/www.monaco-tribune.com\/it\/#organization"},"potentialAction":[{"@type":"SearchAction","target":{"@type":"EntryPoint","urlTemplate":"https:\/\/www.monaco-tribune.com\/it\/?s={search_term_string}"},"query-input":{"@type":"PropertyValueSpecification","valueRequired":true,"valueName":"search_term_string"}}],"inLanguage":"it-IT"},{"@type":"Organization","@id":"https:\/\/www.monaco-tribune.com\/it\/#organization","name":"Monaco Tribune","url":"https:\/\/www.monaco-tribune.com\/it\/","logo":{"@type":"ImageObject","inLanguage":"it-IT","@id":"https:\/\/www.monaco-tribune.com\/it\/#\/schema\/logo\/image\/","url":"https:\/\/www.monaco-tribune.com\/wp-content\/uploads\/2022\/11\/logo-monaco-tribune.png","contentUrl":"https:\/\/www.monaco-tribune.com\/wp-content\/uploads\/2022\/11\/logo-monaco-tribune.png","width":1548,"height":600,"caption":"Monaco Tribune"},"image":{"@id":"https:\/\/www.monaco-tribune.com\/it\/#\/schema\/logo\/image\/"},"sameAs":["https:\/\/www.facebook.com\/MonacoTribune","https:\/\/x.com\/MonacoTribune","https:\/\/www.instagram.com\/monacotribune\/","https:\/\/www.linkedin.com\/company\/monaco-tribune","https:\/\/www.youtube.com\/channel\/UCHle1MnG6hw1y4lWKijVbMA"]},{"@type":"Person","@id":"https:\/\/www.monaco-tribune.com\/it\/#\/schema\/person\/c33a9f1bc99ef5a2e07d37c576060b57","name":"Paul Charoy","image":{"@type":"ImageObject","inLanguage":"it-IT","@id":"https:\/\/secure.gravatar.com\/avatar\/c3a39fd900275d54a628738568f1949e90ce9945d105d000228335a7bad64b38?s=96&d=mm&r=g","url":"https:\/\/secure.gravatar.com\/avatar\/c3a39fd900275d54a628738568f1949e90ce9945d105d000228335a7bad64b38?s=96&d=mm&r=g","contentUrl":"https:\/\/secure.gravatar.com\/avatar\/c3a39fd900275d54a628738568f1949e90ce9945d105d000228335a7bad64b38?s=96&d=mm&r=g","caption":"Paul Charoy"},"url":"https:\/\/www.monaco-tribune.com\/it\/author\/paulcharoy\/"}]}},"_links":{"self":[{"href":"https:\/\/www.monaco-tribune.com\/it\/wp-json\/wp\/v2\/posts\/162009","targetHints":{"allow":["GET"]}}],"collection":[{"href":"https:\/\/www.monaco-tribune.com\/it\/wp-json\/wp\/v2\/posts"}],"about":[{"href":"https:\/\/www.monaco-tribune.com\/it\/wp-json\/wp\/v2\/types\/post"}],"author":[{"embeddable":true,"href":"https:\/\/www.monaco-tribune.com\/it\/wp-json\/wp\/v2\/users\/65"}],"replies":[{"embeddable":true,"href":"https:\/\/www.monaco-tribune.com\/it\/wp-json\/wp\/v2\/comments?post=162009"}],"version-history":[{"count":0,"href":"https:\/\/www.monaco-tribune.com\/it\/wp-json\/wp\/v2\/posts\/162009\/revisions"}],"wp:featuredmedia":[{"embeddable":true,"href":"https:\/\/www.monaco-tribune.com\/it\/wp-json\/wp\/v2\/media\/161732"}],"wp:attachment":[{"href":"https:\/\/www.monaco-tribune.com\/it\/wp-json\/wp\/v2\/media?parent=162009"}],"wp:term":[{"taxonomy":"category","embeddable":true,"href":"https:\/\/www.monaco-tribune.com\/it\/wp-json\/wp\/v2\/categories?post=162009"},{"taxonomy":"post_tag","embeddable":true,"href":"https:\/\/www.monaco-tribune.com\/it\/wp-json\/wp\/v2\/tags?post=162009"},{"taxonomy":"sectag","embeddable":true,"href":"https:\/\/www.monaco-tribune.com\/it\/wp-json\/wp\/v2\/post_sectags?post=162009"},{"taxonomy":"format","embeddable":true,"href":"https:\/\/www.monaco-tribune.com\/it\/wp-json\/wp\/v2\/post_format?post=162009"}],"curies":[{"name":"wp","href":"https:\/\/api.w.org\/{rel}","templated":true}]}}