{"id":162185,"date":"2023-01-31T18:44:19","date_gmt":"2023-01-31T17:44:19","guid":{"rendered":"https:\/\/www.monaco-tribune.com\/2023\/01\/immobiliare-numero-record-di-vendite-a-monaco-nel-2022\/"},"modified":"2023-02-01T17:35:36","modified_gmt":"2023-02-01T16:35:36","slug":"immobiliare-numero-record-di-vendite-a-monaco-nel-2022","status":"publish","type":"post","link":"https:\/\/www.monaco-tribune.com\/it\/2023\/01\/immobiliare-numero-record-di-vendite-a-monaco-nel-2022\/","title":{"rendered":"Immobiliare: numero record di vendite a Monaco nel 2022"},"content":{"rendered":"\n<p><strong>Per la prima volta l&#8217;importo delle vendite ha superato il miliardo di euro.<\/strong><\/p>\n\n<p>Doppio record per il settore immobiliare monegasco. Secondo l&#8217;<a href=\"https:\/\/www.imsee.mc\/Publications\/Observatoire-de-l-Immobilier\">Observatoire de l&#8217;Immobilier 2022<\/a> pubblicato dall&#8217;IMSEE pochi giorni fa, lo scorso anno il numero di vendite d&#8217;immobili nel Principato ha battuto un record, con 88 transazioni rispetto alle 23 del 2021.<\/p>\n\n<p>Nel 2019, ultimo anno di riferimento prima dell&#8217;emergenza sanitaria, sono state registrate 33 vendite in un anno. La cifra \u00e8 quindi quasi triplicata. Un incremento che Laurent Locchi, vicedirettore dell&#8217;agenzia immobiliare Miells &#8211; Christie&#8217;s Monaco, spiega cos\u00ec:<\/p>\n\n<p>&#8220;Le nuove costruzioni sono sempre state molto apprezzate a Monaco: c&#8217;\u00e8 una forte domanda di nuove propriet\u00e0, indipendentemente dal budget o dal tipo di appartamento. (&#8230;) Presto avremo consegne di nuovi alloggi. Ad esempio, il progetto Mareterra era inizialmente molto concettuale, mentre oggi \u00e8 davvero molto facile proiettarsi l\u00ec. Credo che questo stia facendo aumentare il ritmo delle transazioni&#8221;.<\/p>\n<div class=\"wp-block-image\">\n<figure class=\"aligncenter size-full\"><img loading=\"lazy\" decoding=\"async\" width=\"1020\" height=\"596\" src=\"https:\/\/www.monaco-tribune.com\/wp-content\/uploads\/2023\/01\/observatoire-immobilier-2022-nombre-ventes.png\" alt=\"osservatorio immobiliare 2022 numero vendite\" class=\"wp-image-161893\" srcset=\"https:\/\/www.monaco-tribune.com\/wp-content\/uploads\/2023\/01\/observatoire-immobilier-2022-nombre-ventes.png 1020w, https:\/\/www.monaco-tribune.com\/wp-content\/uploads\/2023\/01\/observatoire-immobilier-2022-nombre-ventes-513x300.png 513w\" sizes=\"auto, (max-width: 1020px) 100vw, 1020px\" \/><\/figure>\n<\/div>\n<p>Per Olivier Pradeau, direttore generale di Monaco Properties, &#8220;dobbiamo tenere conto dell&#8217;attrattiva di Monaco per gli investitori internazionali. I prezzi degli immobili nel Principato di Monaco sono piuttosto elevati, ma se li si valuta in dollari, sono scesi del 20-25% a causa della debolezza dell&#8217;euro nel corso del 2022. Per un investitore internazionale, con sede nel Regno Unito o a Dubai, il mercato immobiliare monegasco, che rappresenta un rifugio sicuro in tempi d&#8217;inflazione elevata, diventa molto pi\u00f9 interessante proprio per la debolezza dell&#8217;euro&#8221;.<\/p>\n\n<p>Un altro record riguarda l&#8217;importo delle vendite, che per la prima volta ha superato il miliardo di euro. Secondo Olivier Pradeau, il motivo sta soprattutto nei tassi d&#8217;interesse. &#8220;Le persone facoltose hanno degli ottimi consiglieri: sanno benissimo che i tassi d&#8217;interesse stanno aumentando, continueranno ad aumentare e si stabilizzeranno su livelli elevati. Il 2022 \u00e8 stato l&#8217;ultimo anno per acquistare a tassi d&#8217;interesse ragionevoli&#8221;, afferma. &#8220;Tanto pi\u00f9 che in Francia e nel Principato di Monaco i mutui sono a tasso fisso, mentre negli Stati Uniti o nel Regno Unito sono a tasso variabile&#8221;.<\/p>\n<div class=\"wp-block-image\">\n<figure class=\"aligncenter size-full\"><img loading=\"lazy\" decoding=\"async\" width=\"1020\" height=\"599\" src=\"https:\/\/www.monaco-tribune.com\/wp-content\/uploads\/2023\/01\/observatoire-immobilier-2022-montant-ventes.png\" alt=\"osservatorio immobiliare 2022 importo vendite\" class=\"wp-image-161889\" srcset=\"https:\/\/www.monaco-tribune.com\/wp-content\/uploads\/2023\/01\/observatoire-immobilier-2022-montant-ventes.png 1020w, https:\/\/www.monaco-tribune.com\/wp-content\/uploads\/2023\/01\/observatoire-immobilier-2022-montant-ventes-511x300.png 511w\" sizes=\"auto, (max-width: 1020px) 100vw, 1020px\" \/><\/figure>\n<\/div>\n<p>Secondo Laurent Locchi, questo record \u00e8 soprattutto legato a una nuova domanda, pi\u00f9 orientata alle famiglie rispetto a qualche anno fa: &#8220;da un lato, ci sono le case nuove, il cui prezzo al metro quadro \u00e8 superiore a quello di quelle in rivendita. Ma soprattutto, nelle nuove costruzioni ci sono molte unit\u00e0 di grandi dimensioni, con un gran numero di appartamenti di quattro e cinque vani o pi\u00f9. Sono principalmente le famiglie che vengono a stabilirsi a Monaco in modo permanente o a prendere la residenza. La dimensione degli appartamenti gioca un grande ruolo sull&#8217;importo totale&#8221;.<\/p>\n\n<p class=\"related\"><a href=\"http:\/\/monaco-tribune.com\/it\/2022\/02\/immobiliare-il-prezzo-medio-a-metro-quadro-a-monaco-supera-per-la-prima-volta-i-50-000-euro\/\"><strong>Immobiliare: il prezzo medio a metro quadro a Monaco supera per la prima volta i 50.000 euro<\/strong><\/a><\/p>\n\n<h2 class=\"wp-block-heading\" id=\"h-prix-moyen-du-metre-carre-le-larvotto-passe-en-tete\">Prezzo medio al metro quadro: il Larvotto passa in testa<\/h2>\n\n<p>Se nel 2021 Monte-Carlo si piazzava al primo posto tra i quartieri in cui il prezzo medio al metro quadro era il pi\u00f9 alto in caso di rivendita, nel 2022 il primato \u00e8 passato al Larvotto, con un prezzo che nel giro di un anno \u00e8 salito da 59.000 a 62.000 euro.<\/p>\n\n<p>Laurent Locchi preferisce non sbilanciarsi troppo a riguardo, ma ha comunque analizzato la dinamica: &#8220;A Monaco non significa nulla: ogni appartamento ha il suo valore. Dobbiamo fare attenzione a questi dati statistici per metro quadro, sono molto artificiosi. Ma ci\u00f2 che deve aver giocato un ruolo nel frattempo, \u00e8 che il Larvotto \u00e8 stato interamente rinnovato. Sar\u00e0 stato un po&#8217; pi\u00f9 semplice per i clienti immaginarsi a vivere l\u00ec. Prima era un&#8217;area &#8220;morta&#8221;, quindi probabilmente dopo la ristrutturazione gli investitori hanno avuto pi\u00f9 visibilit\u00e0&#8221;.<\/p>\n\n<p class=\"related\"><a href=\"https:\/\/www.monaco-tribune.com\/it\/2022\/01\/place-princesse-gabriella-promenade-prince-jacques-i-nomi-delle-vie-del-progetto-mareterra\/\"><strong>Place Princesse Gabriella, Promenade Prince Jacques\u2026 I nomi delle vie del progetto Mareterra<\/strong><\/a><\/p>\n\n<p>Queste affermazioni sono supportate anche da Olivier Pradeau: &#8220;Il Larvotto ha pochissime residenze nel settore privato. Le medie si basano quindi su un numero molto basso di transazioni. Basta un appartamento molto bello venduto nel 2022 per far variare la media in modo esponenziale. Il Larvotto resta comunque un quartiere molto attraente, in piena rinascita grazie all&#8217;estensione sul mare. Se consideriamo che a Mareterra le transazioni sfiorano i 100.000 euro al metro quadro, sono certo che tutte le abitazioni intorno beneficeranno di questo nuovo slancio&#8221;.<\/p>\n<div class=\"wp-block-image\">\n<figure class=\"aligncenter size-full\"><img loading=\"lazy\" decoding=\"async\" width=\"1020\" height=\"596\" src=\"https:\/\/www.monaco-tribune.com\/wp-content\/uploads\/2023\/01\/observatoire-immobilier-2022-quartiers-prix-metre-carre.png\" alt=\"osservatorio immobiliare 2022 quartieri prezzo metro quadro\" class=\"wp-image-161897\" srcset=\"https:\/\/www.monaco-tribune.com\/wp-content\/uploads\/2023\/01\/observatoire-immobilier-2022-quartiers-prix-metre-carre.png 1020w, https:\/\/www.monaco-tribune.com\/wp-content\/uploads\/2023\/01\/observatoire-immobilier-2022-quartiers-prix-metre-carre-513x300.png 513w\" sizes=\"auto, (max-width: 1020px) 100vw, 1020px\" \/><\/figure>\n<\/div>\n<p>Il 2022 sembra quindi essere stato un anno redditizio per il mercato immobiliare. &#8220;Nonostante un contesto geopolitico teso a causa della guerra in Ucraina, delle conseguenze catastrofiche della Brexit sull&#8217;economia del Regno Unito e delle tensioni in Medio Oriente, Turchia e Libano, Monaco rimane un porto sicuro che attrae gli investitori internazionali per la sicurezza di beni e persone e l&#8217;accessibilit\u00e0 del mercato immobiliare&#8221;, sostiene Olivier Pradeau.<\/p>\n\n<p>Tuttavia, l&#8217;amministratore delegato di Monaco Properties si mostra cauto: &#8220;ci aspettiamo un&#8217;inversione di tendenza per il 2023: come abbiamo visto durante le crisi economiche del 2000 e del 2008, negli anni successivi, ovvero nel 2002, 2009 e 2010, il mercato immobiliare ha perso tra il 30 e il 50% in numero di transazioni. Ritengo che con la stabilizzazione dei tassi d&#8217;interesse a livelli elevati, con l&#8217;euro che sta diventando sempre pi\u00f9 forte rispetto al dollaro e gli ulteriori vincoli che <a href=\"https:\/\/www.monaco-tribune.com\/it\/2021\/10\/verso-la-regolamentazione-degli-agenti-immobiliari\/\">verranno imposti agli agenti immobiliari<\/a>, il mercato immobiliare del 2023 sar\u00e0 meno dinamico, anche se i prezzi delle transazioni rimarranno stabili&#8221;.<\/p>\n","protected":false},"excerpt":{"rendered":"<p>Per la prima volta l&#8217;importo delle vendite ha superato il miliardo di euro. Doppio record per il settore immobiliare monegasco. [&hellip;]<\/p>\n","protected":false},"author":60,"featured_media":161903,"comment_status":"closed","ping_status":"closed","sticky":false,"template":"","format":"standard","meta":{"_acf_changed":false,"footnotes":""},"categories":[1739,1826,1738],"tags":[3187],"post_sectags":[3111],"post_format":[2476],"class_list":["post-162185","post","type-post","status-publish","format-standard","has-post-thumbnail","hentry","category-business-it","category-la-nostra-scelta","category-notizie","tag-immobiliare","sectag-imsee-it","format-intervista"],"acf":[],"yoast_head":"<!-- This site is optimized with the Yoast SEO Premium plugin v26.8 (Yoast SEO v27.5) - https:\/\/yoast.com\/product\/yoast-seo-premium-wordpress\/ -->\n<title>Immobiliare: numero record di vendite a Monaco nel 2022<\/title>\n<meta name=\"description\" content=\"Per la prima volta l&#039;importo delle vendite ha superato il miliardo di euro. Doppio record per il settore immobiliare monegasco. Secondo l&#039;Observatoire de\" \/>\n<meta name=\"robots\" content=\"index, follow, max-snippet:-1, max-image-preview:large, max-video-preview:-1\" \/>\n<link rel=\"canonical\" href=\"https:\/\/www.monaco-tribune.com\/it\/2023\/01\/immobiliare-numero-record-di-vendite-a-monaco-nel-2022\/\" \/>\n<meta property=\"og:locale\" content=\"it_IT\" \/>\n<meta property=\"og:type\" content=\"article\" \/>\n<meta property=\"og:title\" content=\"Immobiliare: numero record di vendite a Monaco nel 2022 - Monaco Tribune\" \/>\n<meta property=\"og:description\" content=\"Per la prima volta l&#039;importo delle vendite ha superato il miliardo di euro. Doppio record per il settore immobiliare monegasco. Secondo l&#039;Observatoire de\" \/>\n<meta property=\"og:url\" content=\"https:\/\/www.monaco-tribune.com\/it\/2023\/01\/immobiliare-numero-record-di-vendite-a-monaco-nel-2022\/\" \/>\n<meta property=\"og:site_name\" content=\"Monaco Tribune\" \/>\n<meta property=\"article:publisher\" content=\"https:\/\/www.facebook.com\/MonacoTribune\" \/>\n<meta property=\"article:published_time\" content=\"2023-01-31T17:44:19+00:00\" \/>\n<meta property=\"article:modified_time\" content=\"2023-02-01T16:35:36+00:00\" \/>\n<meta property=\"og:image\" content=\"https:\/\/www.monaco-tribune.com\/wp-content\/uploads\/2023\/01\/monaco-prix-immobilier-2022.jpeg\" \/>\n\t<meta property=\"og:image:width\" content=\"1020\" \/>\n\t<meta property=\"og:image:height\" content=\"680\" \/>\n\t<meta property=\"og:image:type\" content=\"image\/jpeg\" \/>\n<meta name=\"author\" content=\"Camille Esteve\" \/>\n<meta name=\"twitter:card\" content=\"summary_large_image\" \/>\n<meta name=\"twitter:creator\" content=\"@MonacoTribune\" \/>\n<meta name=\"twitter:site\" content=\"@MonacoTribune\" \/>\n<script type=\"application\/ld+json\" class=\"yoast-schema-graph\">{\"@context\":\"https:\\\/\\\/schema.org\",\"@graph\":[{\"@type\":\"NewsArticle\",\"@id\":\"https:\\\/\\\/www.monaco-tribune.com\\\/it\\\/2023\\\/01\\\/immobiliare-numero-record-di-vendite-a-monaco-nel-2022\\\/#article\",\"isPartOf\":{\"@id\":\"https:\\\/\\\/www.monaco-tribune.com\\\/it\\\/2023\\\/01\\\/immobiliare-numero-record-di-vendite-a-monaco-nel-2022\\\/\"},\"author\":{\"name\":\"Camille Esteve\",\"@id\":\"https:\\\/\\\/www.monaco-tribune.com\\\/it\\\/#\\\/schema\\\/person\\\/a855d420fff4d03637641d60b93ac62e\"},\"headline\":\"Immobiliare: numero record di vendite a Monaco nel 2022\",\"datePublished\":\"2023-01-31T17:44:19+00:00\",\"dateModified\":\"2023-02-01T16:35:36+00:00\",\"mainEntityOfPage\":{\"@id\":\"https:\\\/\\\/www.monaco-tribune.com\\\/it\\\/2023\\\/01\\\/immobiliare-numero-record-di-vendite-a-monaco-nel-2022\\\/\"},\"wordCount\":848,\"publisher\":{\"@id\":\"https:\\\/\\\/www.monaco-tribune.com\\\/it\\\/#organization\"},\"image\":{\"@id\":\"https:\\\/\\\/www.monaco-tribune.com\\\/it\\\/2023\\\/01\\\/immobiliare-numero-record-di-vendite-a-monaco-nel-2022\\\/#primaryimage\"},\"thumbnailUrl\":\"https:\\\/\\\/www.monaco-tribune.com\\\/wp-content\\\/uploads\\\/2023\\\/01\\\/monaco-prix-immobilier-2022.jpeg\",\"keywords\":[\"Immobiliare\"],\"articleSection\":[\"Business\",\"La nostra scelta\",\"Notizie\"],\"inLanguage\":\"it-IT\",\"copyrightYear\":\"2023\",\"copyrightHolder\":{\"@id\":\"https:\\\/\\\/www.monaco-tribune.com\\\/#organization\"}},{\"@type\":\"WebPage\",\"@id\":\"https:\\\/\\\/www.monaco-tribune.com\\\/it\\\/2023\\\/01\\\/immobiliare-numero-record-di-vendite-a-monaco-nel-2022\\\/\",\"url\":\"https:\\\/\\\/www.monaco-tribune.com\\\/it\\\/2023\\\/01\\\/immobiliare-numero-record-di-vendite-a-monaco-nel-2022\\\/\",\"name\":\"Immobiliare: numero record di vendite a Monaco nel 2022\",\"isPartOf\":{\"@id\":\"https:\\\/\\\/www.monaco-tribune.com\\\/it\\\/#website\"},\"primaryImageOfPage\":{\"@id\":\"https:\\\/\\\/www.monaco-tribune.com\\\/it\\\/2023\\\/01\\\/immobiliare-numero-record-di-vendite-a-monaco-nel-2022\\\/#primaryimage\"},\"image\":{\"@id\":\"https:\\\/\\\/www.monaco-tribune.com\\\/it\\\/2023\\\/01\\\/immobiliare-numero-record-di-vendite-a-monaco-nel-2022\\\/#primaryimage\"},\"thumbnailUrl\":\"https:\\\/\\\/www.monaco-tribune.com\\\/wp-content\\\/uploads\\\/2023\\\/01\\\/monaco-prix-immobilier-2022.jpeg\",\"datePublished\":\"2023-01-31T17:44:19+00:00\",\"dateModified\":\"2023-02-01T16:35:36+00:00\",\"description\":\"Per la prima volta l'importo delle vendite ha superato il miliardo di euro. Doppio record per il settore immobiliare monegasco. Secondo l'Observatoire de\",\"breadcrumb\":{\"@id\":\"https:\\\/\\\/www.monaco-tribune.com\\\/it\\\/2023\\\/01\\\/immobiliare-numero-record-di-vendite-a-monaco-nel-2022\\\/#breadcrumb\"},\"inLanguage\":\"it-IT\",\"potentialAction\":[{\"@type\":\"ReadAction\",\"target\":[\"https:\\\/\\\/www.monaco-tribune.com\\\/it\\\/2023\\\/01\\\/immobiliare-numero-record-di-vendite-a-monaco-nel-2022\\\/\"]}]},{\"@type\":\"ImageObject\",\"inLanguage\":\"it-IT\",\"@id\":\"https:\\\/\\\/www.monaco-tribune.com\\\/it\\\/2023\\\/01\\\/immobiliare-numero-record-di-vendite-a-monaco-nel-2022\\\/#primaryimage\",\"url\":\"https:\\\/\\\/www.monaco-tribune.com\\\/wp-content\\\/uploads\\\/2023\\\/01\\\/monaco-prix-immobilier-2022.jpeg\",\"contentUrl\":\"https:\\\/\\\/www.monaco-tribune.com\\\/wp-content\\\/uploads\\\/2023\\\/01\\\/monaco-prix-immobilier-2022.jpeg\",\"width\":1020,\"height\":680,\"caption\":\"\u00a9 Monaco Tribune\"},{\"@type\":\"BreadcrumbList\",\"@id\":\"https:\\\/\\\/www.monaco-tribune.com\\\/it\\\/2023\\\/01\\\/immobiliare-numero-record-di-vendite-a-monaco-nel-2022\\\/#breadcrumb\",\"itemListElement\":[{\"@type\":\"ListItem\",\"position\":1,\"name\":\"Accueil\",\"item\":\"https:\\\/\\\/www.monaco-tribune.com\\\/it\\\/\"},{\"@type\":\"ListItem\",\"position\":2,\"name\":\"Immobiliare: numero record di vendite a Monaco nel 2022\"}]},{\"@type\":\"WebSite\",\"@id\":\"https:\\\/\\\/www.monaco-tribune.com\\\/it\\\/#website\",\"url\":\"https:\\\/\\\/www.monaco-tribune.com\\\/it\\\/\",\"name\":\"Monaco Tribune\",\"description\":\"Monaco : actualit\u00e9s \u00e9conomiques, politiques, culturelles et sportives de Monaco et de la French Riviera.\",\"publisher\":{\"@id\":\"https:\\\/\\\/www.monaco-tribune.com\\\/it\\\/#organization\"},\"potentialAction\":[{\"@type\":\"SearchAction\",\"target\":{\"@type\":\"EntryPoint\",\"urlTemplate\":\"https:\\\/\\\/www.monaco-tribune.com\\\/it\\\/?s={search_term_string}\"},\"query-input\":{\"@type\":\"PropertyValueSpecification\",\"valueRequired\":true,\"valueName\":\"search_term_string\"}}],\"inLanguage\":\"it-IT\"},{\"@type\":\"Organization\",\"@id\":\"https:\\\/\\\/www.monaco-tribune.com\\\/it\\\/#organization\",\"name\":\"Monaco Tribune\",\"url\":\"https:\\\/\\\/www.monaco-tribune.com\\\/it\\\/\",\"logo\":{\"@type\":\"ImageObject\",\"inLanguage\":\"it-IT\",\"@id\":\"https:\\\/\\\/www.monaco-tribune.com\\\/it\\\/#\\\/schema\\\/logo\\\/image\\\/\",\"url\":\"https:\\\/\\\/www.monaco-tribune.com\\\/wp-content\\\/uploads\\\/2022\\\/11\\\/logo-monaco-tribune.png\",\"contentUrl\":\"https:\\\/\\\/www.monaco-tribune.com\\\/wp-content\\\/uploads\\\/2022\\\/11\\\/logo-monaco-tribune.png\",\"width\":1548,\"height\":600,\"caption\":\"Monaco Tribune\"},\"image\":{\"@id\":\"https:\\\/\\\/www.monaco-tribune.com\\\/it\\\/#\\\/schema\\\/logo\\\/image\\\/\"},\"sameAs\":[\"https:\\\/\\\/www.facebook.com\\\/MonacoTribune\",\"https:\\\/\\\/x.com\\\/MonacoTribune\",\"https:\\\/\\\/www.instagram.com\\\/monacotribune\\\/\",\"https:\\\/\\\/www.linkedin.com\\\/company\\\/monaco-tribune\",\"https:\\\/\\\/www.youtube.com\\\/channel\\\/UCHle1MnG6hw1y4lWKijVbMA\"]},{\"@type\":\"Person\",\"@id\":\"https:\\\/\\\/www.monaco-tribune.com\\\/it\\\/#\\\/schema\\\/person\\\/a855d420fff4d03637641d60b93ac62e\",\"name\":\"Camille Esteve\",\"image\":{\"@type\":\"ImageObject\",\"inLanguage\":\"it-IT\",\"@id\":\"https:\\\/\\\/secure.gravatar.com\\\/avatar\\\/eaaa2355a7bb56c0018a391c20a55bf9b4690e3f493231dd850e612bfa6ce161?s=96&d=mm&r=g\",\"url\":\"https:\\\/\\\/secure.gravatar.com\\\/avatar\\\/eaaa2355a7bb56c0018a391c20a55bf9b4690e3f493231dd850e612bfa6ce161?s=96&d=mm&r=g\",\"contentUrl\":\"https:\\\/\\\/secure.gravatar.com\\\/avatar\\\/eaaa2355a7bb56c0018a391c20a55bf9b4690e3f493231dd850e612bfa6ce161?s=96&d=mm&r=g\",\"caption\":\"Camille Esteve\"},\"url\":\"https:\\\/\\\/www.monaco-tribune.com\\\/it\\\/author\\\/camilleesteve\\\/\"}]}<\/script>\n<!-- \/ Yoast SEO Premium plugin. -->","yoast_head_json":{"title":"Immobiliare: numero record di vendite a Monaco nel 2022","description":"Per la prima volta l'importo delle vendite ha superato il miliardo di euro. Doppio record per il settore immobiliare monegasco. Secondo l'Observatoire de","robots":{"index":"index","follow":"follow","max-snippet":"max-snippet:-1","max-image-preview":"max-image-preview:large","max-video-preview":"max-video-preview:-1"},"canonical":"https:\/\/www.monaco-tribune.com\/it\/2023\/01\/immobiliare-numero-record-di-vendite-a-monaco-nel-2022\/","og_locale":"it_IT","og_type":"article","og_title":"Immobiliare: numero record di vendite a Monaco nel 2022 - Monaco Tribune","og_description":"Per la prima volta l'importo delle vendite ha superato il miliardo di euro. Doppio record per il settore immobiliare monegasco. Secondo l'Observatoire de","og_url":"https:\/\/www.monaco-tribune.com\/it\/2023\/01\/immobiliare-numero-record-di-vendite-a-monaco-nel-2022\/","og_site_name":"Monaco Tribune","article_publisher":"https:\/\/www.facebook.com\/MonacoTribune","article_published_time":"2023-01-31T17:44:19+00:00","article_modified_time":"2023-02-01T16:35:36+00:00","og_image":[{"width":1020,"height":680,"url":"https:\/\/www.monaco-tribune.com\/wp-content\/uploads\/2023\/01\/monaco-prix-immobilier-2022.jpeg","type":"image\/jpeg"}],"author":"Camille Esteve","twitter_card":"summary_large_image","twitter_creator":"@MonacoTribune","twitter_site":"@MonacoTribune","schema":{"@context":"https:\/\/schema.org","@graph":[{"@type":"NewsArticle","@id":"https:\/\/www.monaco-tribune.com\/it\/2023\/01\/immobiliare-numero-record-di-vendite-a-monaco-nel-2022\/#article","isPartOf":{"@id":"https:\/\/www.monaco-tribune.com\/it\/2023\/01\/immobiliare-numero-record-di-vendite-a-monaco-nel-2022\/"},"author":{"name":"Camille Esteve","@id":"https:\/\/www.monaco-tribune.com\/it\/#\/schema\/person\/a855d420fff4d03637641d60b93ac62e"},"headline":"Immobiliare: numero record di vendite a Monaco nel 2022","datePublished":"2023-01-31T17:44:19+00:00","dateModified":"2023-02-01T16:35:36+00:00","mainEntityOfPage":{"@id":"https:\/\/www.monaco-tribune.com\/it\/2023\/01\/immobiliare-numero-record-di-vendite-a-monaco-nel-2022\/"},"wordCount":848,"publisher":{"@id":"https:\/\/www.monaco-tribune.com\/it\/#organization"},"image":{"@id":"https:\/\/www.monaco-tribune.com\/it\/2023\/01\/immobiliare-numero-record-di-vendite-a-monaco-nel-2022\/#primaryimage"},"thumbnailUrl":"https:\/\/www.monaco-tribune.com\/wp-content\/uploads\/2023\/01\/monaco-prix-immobilier-2022.jpeg","keywords":["Immobiliare"],"articleSection":["Business","La nostra scelta","Notizie"],"inLanguage":"it-IT","copyrightYear":"2023","copyrightHolder":{"@id":"https:\/\/www.monaco-tribune.com\/#organization"}},{"@type":"WebPage","@id":"https:\/\/www.monaco-tribune.com\/it\/2023\/01\/immobiliare-numero-record-di-vendite-a-monaco-nel-2022\/","url":"https:\/\/www.monaco-tribune.com\/it\/2023\/01\/immobiliare-numero-record-di-vendite-a-monaco-nel-2022\/","name":"Immobiliare: numero record di vendite a Monaco nel 2022","isPartOf":{"@id":"https:\/\/www.monaco-tribune.com\/it\/#website"},"primaryImageOfPage":{"@id":"https:\/\/www.monaco-tribune.com\/it\/2023\/01\/immobiliare-numero-record-di-vendite-a-monaco-nel-2022\/#primaryimage"},"image":{"@id":"https:\/\/www.monaco-tribune.com\/it\/2023\/01\/immobiliare-numero-record-di-vendite-a-monaco-nel-2022\/#primaryimage"},"thumbnailUrl":"https:\/\/www.monaco-tribune.com\/wp-content\/uploads\/2023\/01\/monaco-prix-immobilier-2022.jpeg","datePublished":"2023-01-31T17:44:19+00:00","dateModified":"2023-02-01T16:35:36+00:00","description":"Per la prima volta l'importo delle vendite ha superato il miliardo di euro. Doppio record per il settore immobiliare monegasco. Secondo l'Observatoire de","breadcrumb":{"@id":"https:\/\/www.monaco-tribune.com\/it\/2023\/01\/immobiliare-numero-record-di-vendite-a-monaco-nel-2022\/#breadcrumb"},"inLanguage":"it-IT","potentialAction":[{"@type":"ReadAction","target":["https:\/\/www.monaco-tribune.com\/it\/2023\/01\/immobiliare-numero-record-di-vendite-a-monaco-nel-2022\/"]}]},{"@type":"ImageObject","inLanguage":"it-IT","@id":"https:\/\/www.monaco-tribune.com\/it\/2023\/01\/immobiliare-numero-record-di-vendite-a-monaco-nel-2022\/#primaryimage","url":"https:\/\/www.monaco-tribune.com\/wp-content\/uploads\/2023\/01\/monaco-prix-immobilier-2022.jpeg","contentUrl":"https:\/\/www.monaco-tribune.com\/wp-content\/uploads\/2023\/01\/monaco-prix-immobilier-2022.jpeg","width":1020,"height":680,"caption":"\u00a9 Monaco Tribune"},{"@type":"BreadcrumbList","@id":"https:\/\/www.monaco-tribune.com\/it\/2023\/01\/immobiliare-numero-record-di-vendite-a-monaco-nel-2022\/#breadcrumb","itemListElement":[{"@type":"ListItem","position":1,"name":"Accueil","item":"https:\/\/www.monaco-tribune.com\/it\/"},{"@type":"ListItem","position":2,"name":"Immobiliare: numero record di vendite a Monaco nel 2022"}]},{"@type":"WebSite","@id":"https:\/\/www.monaco-tribune.com\/it\/#website","url":"https:\/\/www.monaco-tribune.com\/it\/","name":"Monaco Tribune","description":"Monaco : actualit\u00e9s \u00e9conomiques, politiques, culturelles et sportives de Monaco et de la French Riviera.","publisher":{"@id":"https:\/\/www.monaco-tribune.com\/it\/#organization"},"potentialAction":[{"@type":"SearchAction","target":{"@type":"EntryPoint","urlTemplate":"https:\/\/www.monaco-tribune.com\/it\/?s={search_term_string}"},"query-input":{"@type":"PropertyValueSpecification","valueRequired":true,"valueName":"search_term_string"}}],"inLanguage":"it-IT"},{"@type":"Organization","@id":"https:\/\/www.monaco-tribune.com\/it\/#organization","name":"Monaco Tribune","url":"https:\/\/www.monaco-tribune.com\/it\/","logo":{"@type":"ImageObject","inLanguage":"it-IT","@id":"https:\/\/www.monaco-tribune.com\/it\/#\/schema\/logo\/image\/","url":"https:\/\/www.monaco-tribune.com\/wp-content\/uploads\/2022\/11\/logo-monaco-tribune.png","contentUrl":"https:\/\/www.monaco-tribune.com\/wp-content\/uploads\/2022\/11\/logo-monaco-tribune.png","width":1548,"height":600,"caption":"Monaco Tribune"},"image":{"@id":"https:\/\/www.monaco-tribune.com\/it\/#\/schema\/logo\/image\/"},"sameAs":["https:\/\/www.facebook.com\/MonacoTribune","https:\/\/x.com\/MonacoTribune","https:\/\/www.instagram.com\/monacotribune\/","https:\/\/www.linkedin.com\/company\/monaco-tribune","https:\/\/www.youtube.com\/channel\/UCHle1MnG6hw1y4lWKijVbMA"]},{"@type":"Person","@id":"https:\/\/www.monaco-tribune.com\/it\/#\/schema\/person\/a855d420fff4d03637641d60b93ac62e","name":"Camille Esteve","image":{"@type":"ImageObject","inLanguage":"it-IT","@id":"https:\/\/secure.gravatar.com\/avatar\/eaaa2355a7bb56c0018a391c20a55bf9b4690e3f493231dd850e612bfa6ce161?s=96&d=mm&r=g","url":"https:\/\/secure.gravatar.com\/avatar\/eaaa2355a7bb56c0018a391c20a55bf9b4690e3f493231dd850e612bfa6ce161?s=96&d=mm&r=g","contentUrl":"https:\/\/secure.gravatar.com\/avatar\/eaaa2355a7bb56c0018a391c20a55bf9b4690e3f493231dd850e612bfa6ce161?s=96&d=mm&r=g","caption":"Camille Esteve"},"url":"https:\/\/www.monaco-tribune.com\/it\/author\/camilleesteve\/"}]}},"_links":{"self":[{"href":"https:\/\/www.monaco-tribune.com\/it\/wp-json\/wp\/v2\/posts\/162185","targetHints":{"allow":["GET"]}}],"collection":[{"href":"https:\/\/www.monaco-tribune.com\/it\/wp-json\/wp\/v2\/posts"}],"about":[{"href":"https:\/\/www.monaco-tribune.com\/it\/wp-json\/wp\/v2\/types\/post"}],"author":[{"embeddable":true,"href":"https:\/\/www.monaco-tribune.com\/it\/wp-json\/wp\/v2\/users\/60"}],"replies":[{"embeddable":true,"href":"https:\/\/www.monaco-tribune.com\/it\/wp-json\/wp\/v2\/comments?post=162185"}],"version-history":[{"count":0,"href":"https:\/\/www.monaco-tribune.com\/it\/wp-json\/wp\/v2\/posts\/162185\/revisions"}],"wp:featuredmedia":[{"embeddable":true,"href":"https:\/\/www.monaco-tribune.com\/it\/wp-json\/wp\/v2\/media\/161903"}],"wp:attachment":[{"href":"https:\/\/www.monaco-tribune.com\/it\/wp-json\/wp\/v2\/media?parent=162185"}],"wp:term":[{"taxonomy":"category","embeddable":true,"href":"https:\/\/www.monaco-tribune.com\/it\/wp-json\/wp\/v2\/categories?post=162185"},{"taxonomy":"post_tag","embeddable":true,"href":"https:\/\/www.monaco-tribune.com\/it\/wp-json\/wp\/v2\/tags?post=162185"},{"taxonomy":"sectag","embeddable":true,"href":"https:\/\/www.monaco-tribune.com\/it\/wp-json\/wp\/v2\/post_sectags?post=162185"},{"taxonomy":"format","embeddable":true,"href":"https:\/\/www.monaco-tribune.com\/it\/wp-json\/wp\/v2\/post_format?post=162185"}],"curies":[{"name":"wp","href":"https:\/\/api.w.org\/{rel}","templated":true}]}}