{"id":162348,"date":"2023-02-02T18:18:17","date_gmt":"2023-02-02T17:18:17","guid":{"rendered":"https:\/\/www.monaco-tribune.com\/2023\/02\/olivier-wenden-quando-si-tratta-di-ambiente-dobbiamo-rimanere-ottimisti\/"},"modified":"2023-02-03T12:05:28","modified_gmt":"2023-02-03T11:05:28","slug":"olivier-wenden-quando-si-tratta-di-ambiente-dobbiamo-rimanere-ottimisti","status":"publish","type":"post","link":"https:\/\/www.monaco-tribune.com\/it\/2023\/02\/olivier-wenden-quando-si-tratta-di-ambiente-dobbiamo-rimanere-ottimisti\/","title":{"rendered":"Olivier Wenden: &#8220;Quando si tratta di ambiente, dobbiamo rimanere ottimisti&#8221;"},"content":{"rendered":"\n<p><strong>Il vicepresidente e direttore generale della Fondazione Principe Alberto II ha parlato della sua carriera, dei suoi successi e degli obiettivi per il 2023.<\/strong><\/p>\n\n<p>Vista la sua agenda fitta di impegni, \u00e8 stato difficile trovare un momento per incontrare Olivier Wenden. Ha trovato uno spazio per noi in una sera di gennaio, nella sede della Fondazione &#8211; una sublime casa Belle \u00c9poque sul Boulevard de Suisse &#8211; il cui ruolo, fin dalla sua creazione nel 2006, \u00e8 quello di lottare contro il cambiamento climatico.<\/p>\n\n<p>Intorno a un tavolo rotondo, inizia con grande modestia a parlare della sua prestigiosa carriera. Cresciuto nel Principato, Olivier Wenden ha frequentato il Lyc\u00e9e Albert I prima di trasferirsi a Parigi e poi a Bordeaux per studiare Scienze politiche. Ha conseguito un Master alla Sorbona in affari internazionali, frequentando nel contempo campi estivi negli Stati Uniti<em>.<\/em><\/p>\n\n<h2 class=\"wp-block-heading\" id=\"h-le-desir-de-servir-monaco\">Il desiderio di servire Monaco<\/h2>\n\n<p>&#8220;Ho capito molto presto che volevo lavorare nella diplomazia per servire Monaco. E quando ho terminato i miei studi a Parigi nel 2003, mi sono scontrato con una realt\u00e0 destabilizzante. Trovare lavoro nella capitale, per me che sono monegasco, non era cos\u00ec semplice, perch\u00e9 c&#8217;erano ancora pregiudizi sul fatto che noi non avessimo necessariamente bisogno di lavorare&#8221;, ricorda Olivier Wenden, che poco dopo ha colto al volo l&#8217;opportunit\u00e0 di unirsi al Grimaldi Forum. L&#8217;allora trentenne ricorda l&#8217;esperienza come &#8220;due anni assolutamente incredibili&#8221; durante i quali ha promosso le grandi mostre estive<em>.<\/em><\/p>\n\n<p>Dopo aver promosso per un anno progetti per lo sviluppo della sua azienda, Olivier Wenden \u00e8 entrato a far parte della squadra di St\u00e9phane Valeri al Consiglio Nazionale: &#8220;Grazie al mio livello di inglese e in particolare alla mia visione internazionale, sono stato subito incaricato delle relazioni internazionali oltre che del dipartimento di comunicazione&#8221;. Una missione che \u00e8 durata cinque anni e che ha poi lasciato per entrare a far parte del Dipartimento delle Relazioni Estere e della Cooperazione del Governo del Principe.<\/p>\n\n<h2 class=\"wp-block-heading\" id=\"h-un-coup-de-telephone-a-tout-change\">Una telefonata ha cambiato tutto<\/h2>\n\n<p>Un anno dopo, Olivier Wenden ha ricevuto una telefonata dalla Fondazione Principe Alberto II. Era stata appena aperta una nuova posizione: quella di direttore esecutivo, che ricoprir\u00e0 dal 2014 al 2019.&#8221;\u00c8 stata un&#8217;opportunit\u00e0 incredibile, avevo 33 anni e mi ha messo davanti molte difficolt\u00e0 da superare. E poi, lavorare per il Sovrano \u00e8 sempre una grande sfida&#8221;.<\/p>\n\n<p class=\"related\"><a href=\"https:\/\/www.monaco-tribune.com\/it\/2022\/03\/tre-iniziative-di-punta-della-fondazione-principe-alberto-ii\/\"><strong>Tre iniziative di punta della Fondazione Principe Alberto II<\/strong><\/a><\/p>\n\n<p>La sfida, per\u00f2, \u00e8 stata superata a pieni voti: da ottobre 2019, Olivier Wenden \u00e8 stato promosso vicepresidente e direttore generale della fondazione. I suoi compiti? &#8220;Attuare la strategia approvata dal Consiglio di amministrazione sotto la presidenza del Principe, accompagnarlo nei suoi viaggi per gli eventi della Fondazione, come le COP, guidare i team della sede centrale, ma anche la rete delle filiali estere della Fondazione&#8221;, spiega, aggiungendo che la prossima, l&#8217;undicesima, sar\u00e0 a San Paolo, in Brasile<em>.<\/em><\/p>\n\n<p>&#8220;Speriamo che la prossima sia nel continente africano. Dobbiamo avere un punto d&#8217;appoggio nei Paesi pi\u00f9 inquinanti, come la Cina, ma anche in quelli che possono offrire le soluzioni migliori. Il Brasile \u00e8 fondamentale perch\u00e9 c&#8217;\u00e8 l&#8217;Amazzonia, ad esempio&#8221;.<\/p>\n\n<p>Olivier Wenden \u00e8 anche impegnato in quello che chiama &#8220;il nervo della guerra&#8221;, ovvero la raccolta fondi: &#8220;oggi siamo orgogliosi di poter investire o erogare fino a dieci milioni di euro all&#8217;anno, tra le nostre iniziative e i progetti che sosteniamo&#8221;.<\/p>\n\n<h2 class=\"wp-block-heading\" id=\"h-des-projets-par-milliers\">Migliaia di progetti<\/h2>\n\n<p>Quando chiediamo a Olivier Wenden di parlarci di un progetto che gli sta particolarmente a cuore, non gli \u00e8 facile rispondere.&#8221;Il Principe stesso afferma che \u00e8 molto difficile nominare un solo progetto della Fondazione, ma possiamo essere orgogliosi perch\u00e9 in soli 16 anni siamo riusciti a salvare specie come il tonno rosso, il gipeto e l&#8217;ibis calvo. La foca monaca \u00e8 la nuova sfida&#8221;, afferma l&#8217;appassionato<em>.<\/em><\/p>\n\n<p>I successi sono sicuramente da attribuirsi anche al fatto che la Fondazione \u00e8 presieduta da un Capo di Stato in carica. &#8220;L&#8217;immagine positiva del Sovrano, il suo sincero impegno personale, lodato da tutti, la sua credibilit\u00e0 e quella dei Principi di Monaco in generale, sono un vettore di ascolto&#8221;, afferma Olivier Wenden, che riconosce con orgoglio di avere &#8220;un rapporto di rispetto e fiducia&#8221; con il Principe.<\/p>\n<div class=\"wp-block-image\">\n<figure class=\"aligncenter size-large\"><img loading=\"lazy\" decoding=\"async\" width=\"1024\" height=\"683\" src=\"https:\/\/www.monaco-tribune.com\/wp-content\/uploads\/2023\/01\/fondation-prince-albert-ii-1024x683.jpeg\" alt=\"\" class=\"wp-image-161606\" srcset=\"https:\/\/www.monaco-tribune.com\/wp-content\/uploads\/2023\/01\/fondation-prince-albert-ii-1024x683.jpeg 1024w, https:\/\/www.monaco-tribune.com\/wp-content\/uploads\/2023\/01\/fondation-prince-albert-ii-450x300.jpeg 450w, https:\/\/www.monaco-tribune.com\/wp-content\/uploads\/2023\/01\/fondation-prince-albert-ii.jpeg 1200w\" sizes=\"auto, (max-width: 1024px) 100vw, 1024px\" \/><figcaption class=\"wp-element-caption\"><em>Il Principe Alberto II con l&#8217;esploratore Bertrand Piccard e Olivier Wenden a marzo 2022 &#8211; \u00a9 Dipartimento di Comunicazione \/ Manuel Vitali<\/em><\/figcaption><\/figure>\n<\/div>\n<p>Per il 2023, il vicepresidente ha parecchio lavoro da fare: &#8220;Stiamo lanciando un&#8217;iniziativa per i giovani leader sotto i 35 anni, nonch\u00e9 un&#8217;iniziativa sulle foreste e sulle comunit\u00e0 indigene, per far sentire meglio la loro voce. Questa si concretizzer\u00e0 con un grande seminario alla fine di novembre 2023. Stiamo anche consolidando ci\u00f2 che gi\u00e0 esiste, come la Monaco Ocean Week, che prevede 45 eventi in una settimana, e la 16a cerimonia di premiazione della Fondazione, che si terr\u00e0 a Philadelphia il 27 ottobre 2023 alla presenza del Sovrano&#8221;.<\/p>\n\n<h2 class=\"wp-block-heading\" id=\"h-sa-relation-a-la-nature\">Il suo rapporto con la natura<\/h2>\n\n<p>Con una parte della sua famiglia originaria dell&#8217;Alta Savoia e un&#8217;altra della Corsica, Olivier Wenden \u00e8 cresciuto con un occhio di riguardo per la natura.&#8221;Io e mio fratello abbiamo avuto la fortuna di essere stati educati al buon senso: pochi rifiuti, non troppa plastica in casa&#8230; E quando sono diventato padre, sono stato ancora pi\u00f9 attento a ci\u00f2 che mangiavo, e in generale al modo in cui consumavo&#8221;, confida<em>.<\/em><\/p>\n\n<p>Quando gli chiediamo se \u00e8 ottimista o pessimista sul futuro del pianeta, risponde senza esitare: &#8220;Dobbiamo rimanere ottimisti. Stanno accadendo cose molto belle, nonostante le delusioni. Le soluzioni esistono. Nella nuova generazione, per esempio, la scelta di un acquisto \u00e8 diversa, perch\u00e9 entrano in gioco l&#8217;etica e l&#8217;ambiente. Anche l&#8217;usato sta prendendo piede. Di conseguenza, c&#8217;\u00e8 anche una presa di coscienza da parte delle aziende, stiamo assistendo a un cambiamento&#8221;.<\/p>\n","protected":false},"excerpt":{"rendered":"<p>Il vicepresidente e direttore generale della Fondazione Principe Alberto II ha parlato della sua carriera, dei suoi successi e degli [&hellip;]<\/p>\n","protected":false},"author":69,"featured_media":161602,"comment_status":"closed","ping_status":"closed","sticky":false,"template":"","format":"standard","meta":{"_acf_changed":false,"footnotes":""},"categories":[1839,1826,1738],"tags":[3205],"post_sectags":[3206],"post_format":[2476],"class_list":["post-162348","post","type-post","status-publish","format-standard","has-post-thumbnail","hentry","category-green","category-la-nostra-scelta","category-notizie","tag-fondazione-del-principe","sectag-olivier-wenden-it","format-intervista"],"acf":[],"yoast_head":"<!-- This site is optimized with the Yoast SEO Premium plugin v26.8 (Yoast SEO v27.4) - https:\/\/yoast.com\/product\/yoast-seo-premium-wordpress\/ -->\n<title>Olivier Wenden: &quot;Quando si tratta di ambiente, dobbiamo rimanere ottimisti&quot;<\/title>\n<meta name=\"description\" content=\"Il vicepresidente e direttore generale della Fondazione Principe Alberto II ha parlato della sua carriera, dei suoi successi e degli obiettivi per il\" \/>\n<meta name=\"robots\" content=\"index, follow, max-snippet:-1, max-image-preview:large, max-video-preview:-1\" \/>\n<link rel=\"canonical\" href=\"https:\/\/www.monaco-tribune.com\/it\/2023\/02\/olivier-wenden-quando-si-tratta-di-ambiente-dobbiamo-rimanere-ottimisti\/\" \/>\n<meta property=\"og:locale\" content=\"it_IT\" \/>\n<meta property=\"og:type\" content=\"article\" \/>\n<meta property=\"og:title\" content=\"Olivier Wenden: &quot;Quando si tratta di ambiente, dobbiamo rimanere ottimisti&quot; - Monaco Tribune\" \/>\n<meta property=\"og:description\" content=\"Il vicepresidente e direttore generale della Fondazione Principe Alberto II ha parlato della sua carriera, dei suoi successi e degli obiettivi per il\" \/>\n<meta property=\"og:url\" content=\"https:\/\/www.monaco-tribune.com\/it\/2023\/02\/olivier-wenden-quando-si-tratta-di-ambiente-dobbiamo-rimanere-ottimisti\/\" \/>\n<meta property=\"og:site_name\" content=\"Monaco Tribune\" \/>\n<meta property=\"article:publisher\" content=\"https:\/\/www.facebook.com\/MonacoTribune\" \/>\n<meta property=\"article:published_time\" content=\"2023-02-02T17:18:17+00:00\" \/>\n<meta property=\"article:modified_time\" content=\"2023-02-03T11:05:28+00:00\" \/>\n<meta property=\"og:image\" content=\"https:\/\/www.monaco-tribune.com\/wp-content\/uploads\/2023\/01\/olivier-wenden-fondation-prince-albert-ii.jpeg\" \/>\n\t<meta property=\"og:image:width\" content=\"1200\" \/>\n\t<meta property=\"og:image:height\" content=\"800\" \/>\n\t<meta property=\"og:image:type\" content=\"image\/jpeg\" \/>\n<meta name=\"author\" content=\"Sarah Incari\" \/>\n<meta name=\"twitter:card\" content=\"summary_large_image\" \/>\n<meta name=\"twitter:creator\" content=\"@MonacoTribune\" \/>\n<meta name=\"twitter:site\" content=\"@MonacoTribune\" \/>\n<script type=\"application\/ld+json\" class=\"yoast-schema-graph\">{\"@context\":\"https:\\\/\\\/schema.org\",\"@graph\":[{\"@type\":\"NewsArticle\",\"@id\":\"https:\\\/\\\/www.monaco-tribune.com\\\/it\\\/2023\\\/02\\\/olivier-wenden-quando-si-tratta-di-ambiente-dobbiamo-rimanere-ottimisti\\\/#article\",\"isPartOf\":{\"@id\":\"https:\\\/\\\/www.monaco-tribune.com\\\/it\\\/2023\\\/02\\\/olivier-wenden-quando-si-tratta-di-ambiente-dobbiamo-rimanere-ottimisti\\\/\"},\"author\":{\"name\":\"Sarah Incari\",\"@id\":\"https:\\\/\\\/www.monaco-tribune.com\\\/it\\\/#\\\/schema\\\/person\\\/dd3b5770833f791d3f4d808f1aa84499\"},\"headline\":\"Olivier Wenden: &#8220;Quando si tratta di ambiente, dobbiamo rimanere ottimisti&#8221;\",\"datePublished\":\"2023-02-02T17:18:17+00:00\",\"dateModified\":\"2023-02-03T11:05:28+00:00\",\"mainEntityOfPage\":{\"@id\":\"https:\\\/\\\/www.monaco-tribune.com\\\/it\\\/2023\\\/02\\\/olivier-wenden-quando-si-tratta-di-ambiente-dobbiamo-rimanere-ottimisti\\\/\"},\"wordCount\":940,\"publisher\":{\"@id\":\"https:\\\/\\\/www.monaco-tribune.com\\\/it\\\/#organization\"},\"image\":{\"@id\":\"https:\\\/\\\/www.monaco-tribune.com\\\/it\\\/2023\\\/02\\\/olivier-wenden-quando-si-tratta-di-ambiente-dobbiamo-rimanere-ottimisti\\\/#primaryimage\"},\"thumbnailUrl\":\"https:\\\/\\\/www.monaco-tribune.com\\\/wp-content\\\/uploads\\\/2023\\\/01\\\/olivier-wenden-fondation-prince-albert-ii.jpeg\",\"keywords\":[\"Fondazione del Principe\"],\"articleSection\":[\"Green\",\"La nostra scelta\",\"Notizie\"],\"inLanguage\":\"it-IT\",\"copyrightYear\":\"2023\",\"copyrightHolder\":{\"@id\":\"https:\\\/\\\/www.monaco-tribune.com\\\/#organization\"}},{\"@type\":\"WebPage\",\"@id\":\"https:\\\/\\\/www.monaco-tribune.com\\\/it\\\/2023\\\/02\\\/olivier-wenden-quando-si-tratta-di-ambiente-dobbiamo-rimanere-ottimisti\\\/\",\"url\":\"https:\\\/\\\/www.monaco-tribune.com\\\/it\\\/2023\\\/02\\\/olivier-wenden-quando-si-tratta-di-ambiente-dobbiamo-rimanere-ottimisti\\\/\",\"name\":\"Olivier Wenden: \\\"Quando si tratta di ambiente, dobbiamo rimanere ottimisti\\\"\",\"isPartOf\":{\"@id\":\"https:\\\/\\\/www.monaco-tribune.com\\\/it\\\/#website\"},\"primaryImageOfPage\":{\"@id\":\"https:\\\/\\\/www.monaco-tribune.com\\\/it\\\/2023\\\/02\\\/olivier-wenden-quando-si-tratta-di-ambiente-dobbiamo-rimanere-ottimisti\\\/#primaryimage\"},\"image\":{\"@id\":\"https:\\\/\\\/www.monaco-tribune.com\\\/it\\\/2023\\\/02\\\/olivier-wenden-quando-si-tratta-di-ambiente-dobbiamo-rimanere-ottimisti\\\/#primaryimage\"},\"thumbnailUrl\":\"https:\\\/\\\/www.monaco-tribune.com\\\/wp-content\\\/uploads\\\/2023\\\/01\\\/olivier-wenden-fondation-prince-albert-ii.jpeg\",\"datePublished\":\"2023-02-02T17:18:17+00:00\",\"dateModified\":\"2023-02-03T11:05:28+00:00\",\"description\":\"Il vicepresidente e direttore generale della Fondazione Principe Alberto II ha parlato della sua carriera, dei suoi successi e degli obiettivi per il\",\"breadcrumb\":{\"@id\":\"https:\\\/\\\/www.monaco-tribune.com\\\/it\\\/2023\\\/02\\\/olivier-wenden-quando-si-tratta-di-ambiente-dobbiamo-rimanere-ottimisti\\\/#breadcrumb\"},\"inLanguage\":\"it-IT\",\"potentialAction\":[{\"@type\":\"ReadAction\",\"target\":[\"https:\\\/\\\/www.monaco-tribune.com\\\/it\\\/2023\\\/02\\\/olivier-wenden-quando-si-tratta-di-ambiente-dobbiamo-rimanere-ottimisti\\\/\"]}]},{\"@type\":\"ImageObject\",\"inLanguage\":\"it-IT\",\"@id\":\"https:\\\/\\\/www.monaco-tribune.com\\\/it\\\/2023\\\/02\\\/olivier-wenden-quando-si-tratta-di-ambiente-dobbiamo-rimanere-ottimisti\\\/#primaryimage\",\"url\":\"https:\\\/\\\/www.monaco-tribune.com\\\/wp-content\\\/uploads\\\/2023\\\/01\\\/olivier-wenden-fondation-prince-albert-ii.jpeg\",\"contentUrl\":\"https:\\\/\\\/www.monaco-tribune.com\\\/wp-content\\\/uploads\\\/2023\\\/01\\\/olivier-wenden-fondation-prince-albert-ii.jpeg\",\"width\":1200,\"height\":800,\"caption\":\"\u00a9 Dipartimento di Comunicazione \\\/ Michael Alesi\"},{\"@type\":\"BreadcrumbList\",\"@id\":\"https:\\\/\\\/www.monaco-tribune.com\\\/it\\\/2023\\\/02\\\/olivier-wenden-quando-si-tratta-di-ambiente-dobbiamo-rimanere-ottimisti\\\/#breadcrumb\",\"itemListElement\":[{\"@type\":\"ListItem\",\"position\":1,\"name\":\"Accueil\",\"item\":\"https:\\\/\\\/www.monaco-tribune.com\\\/it\\\/\"},{\"@type\":\"ListItem\",\"position\":2,\"name\":\"Olivier Wenden: \u00ab\u00a0Quando si tratta di ambiente, dobbiamo rimanere ottimisti\u00a0\u00bb\"}]},{\"@type\":\"WebSite\",\"@id\":\"https:\\\/\\\/www.monaco-tribune.com\\\/it\\\/#website\",\"url\":\"https:\\\/\\\/www.monaco-tribune.com\\\/it\\\/\",\"name\":\"Monaco Tribune\",\"description\":\"Monaco : actualit\u00e9s \u00e9conomiques, politiques, culturelles et sportives de Monaco et de la French Riviera.\",\"publisher\":{\"@id\":\"https:\\\/\\\/www.monaco-tribune.com\\\/it\\\/#organization\"},\"potentialAction\":[{\"@type\":\"SearchAction\",\"target\":{\"@type\":\"EntryPoint\",\"urlTemplate\":\"https:\\\/\\\/www.monaco-tribune.com\\\/it\\\/?s={search_term_string}\"},\"query-input\":{\"@type\":\"PropertyValueSpecification\",\"valueRequired\":true,\"valueName\":\"search_term_string\"}}],\"inLanguage\":\"it-IT\"},{\"@type\":\"Organization\",\"@id\":\"https:\\\/\\\/www.monaco-tribune.com\\\/it\\\/#organization\",\"name\":\"Monaco Tribune\",\"url\":\"https:\\\/\\\/www.monaco-tribune.com\\\/it\\\/\",\"logo\":{\"@type\":\"ImageObject\",\"inLanguage\":\"it-IT\",\"@id\":\"https:\\\/\\\/www.monaco-tribune.com\\\/it\\\/#\\\/schema\\\/logo\\\/image\\\/\",\"url\":\"https:\\\/\\\/www.monaco-tribune.com\\\/wp-content\\\/uploads\\\/2022\\\/11\\\/logo-monaco-tribune.png\",\"contentUrl\":\"https:\\\/\\\/www.monaco-tribune.com\\\/wp-content\\\/uploads\\\/2022\\\/11\\\/logo-monaco-tribune.png\",\"width\":1548,\"height\":600,\"caption\":\"Monaco Tribune\"},\"image\":{\"@id\":\"https:\\\/\\\/www.monaco-tribune.com\\\/it\\\/#\\\/schema\\\/logo\\\/image\\\/\"},\"sameAs\":[\"https:\\\/\\\/www.facebook.com\\\/MonacoTribune\",\"https:\\\/\\\/x.com\\\/MonacoTribune\",\"https:\\\/\\\/www.instagram.com\\\/monacotribune\\\/\",\"https:\\\/\\\/www.linkedin.com\\\/company\\\/monaco-tribune\",\"https:\\\/\\\/www.youtube.com\\\/channel\\\/UCHle1MnG6hw1y4lWKijVbMA\"]},{\"@type\":\"Person\",\"@id\":\"https:\\\/\\\/www.monaco-tribune.com\\\/it\\\/#\\\/schema\\\/person\\\/dd3b5770833f791d3f4d808f1aa84499\",\"name\":\"Sarah Incari\",\"image\":{\"@type\":\"ImageObject\",\"inLanguage\":\"it-IT\",\"@id\":\"https:\\\/\\\/secure.gravatar.com\\\/avatar\\\/4ac0b37be892d57107ccdd804e3f2a03bf1e3fca097512136d3603859293cb0e?s=96&d=mm&r=g\",\"url\":\"https:\\\/\\\/secure.gravatar.com\\\/avatar\\\/4ac0b37be892d57107ccdd804e3f2a03bf1e3fca097512136d3603859293cb0e?s=96&d=mm&r=g\",\"contentUrl\":\"https:\\\/\\\/secure.gravatar.com\\\/avatar\\\/4ac0b37be892d57107ccdd804e3f2a03bf1e3fca097512136d3603859293cb0e?s=96&d=mm&r=g\",\"caption\":\"Sarah Incari\"},\"url\":\"https:\\\/\\\/www.monaco-tribune.com\\\/it\\\/author\\\/sarahincari\\\/\"}]}<\/script>\n<!-- \/ Yoast SEO Premium plugin. -->","yoast_head_json":{"title":"Olivier Wenden: \"Quando si tratta di ambiente, dobbiamo rimanere ottimisti\"","description":"Il vicepresidente e direttore generale della Fondazione Principe Alberto II ha parlato della sua carriera, dei suoi successi e degli obiettivi per il","robots":{"index":"index","follow":"follow","max-snippet":"max-snippet:-1","max-image-preview":"max-image-preview:large","max-video-preview":"max-video-preview:-1"},"canonical":"https:\/\/www.monaco-tribune.com\/it\/2023\/02\/olivier-wenden-quando-si-tratta-di-ambiente-dobbiamo-rimanere-ottimisti\/","og_locale":"it_IT","og_type":"article","og_title":"Olivier Wenden: \"Quando si tratta di ambiente, dobbiamo rimanere ottimisti\" - Monaco Tribune","og_description":"Il vicepresidente e direttore generale della Fondazione Principe Alberto II ha parlato della sua carriera, dei suoi successi e degli obiettivi per il","og_url":"https:\/\/www.monaco-tribune.com\/it\/2023\/02\/olivier-wenden-quando-si-tratta-di-ambiente-dobbiamo-rimanere-ottimisti\/","og_site_name":"Monaco Tribune","article_publisher":"https:\/\/www.facebook.com\/MonacoTribune","article_published_time":"2023-02-02T17:18:17+00:00","article_modified_time":"2023-02-03T11:05:28+00:00","og_image":[{"width":1200,"height":800,"url":"https:\/\/www.monaco-tribune.com\/wp-content\/uploads\/2023\/01\/olivier-wenden-fondation-prince-albert-ii.jpeg","type":"image\/jpeg"}],"author":"Sarah Incari","twitter_card":"summary_large_image","twitter_creator":"@MonacoTribune","twitter_site":"@MonacoTribune","schema":{"@context":"https:\/\/schema.org","@graph":[{"@type":"NewsArticle","@id":"https:\/\/www.monaco-tribune.com\/it\/2023\/02\/olivier-wenden-quando-si-tratta-di-ambiente-dobbiamo-rimanere-ottimisti\/#article","isPartOf":{"@id":"https:\/\/www.monaco-tribune.com\/it\/2023\/02\/olivier-wenden-quando-si-tratta-di-ambiente-dobbiamo-rimanere-ottimisti\/"},"author":{"name":"Sarah Incari","@id":"https:\/\/www.monaco-tribune.com\/it\/#\/schema\/person\/dd3b5770833f791d3f4d808f1aa84499"},"headline":"Olivier Wenden: &#8220;Quando si tratta di ambiente, dobbiamo rimanere ottimisti&#8221;","datePublished":"2023-02-02T17:18:17+00:00","dateModified":"2023-02-03T11:05:28+00:00","mainEntityOfPage":{"@id":"https:\/\/www.monaco-tribune.com\/it\/2023\/02\/olivier-wenden-quando-si-tratta-di-ambiente-dobbiamo-rimanere-ottimisti\/"},"wordCount":940,"publisher":{"@id":"https:\/\/www.monaco-tribune.com\/it\/#organization"},"image":{"@id":"https:\/\/www.monaco-tribune.com\/it\/2023\/02\/olivier-wenden-quando-si-tratta-di-ambiente-dobbiamo-rimanere-ottimisti\/#primaryimage"},"thumbnailUrl":"https:\/\/www.monaco-tribune.com\/wp-content\/uploads\/2023\/01\/olivier-wenden-fondation-prince-albert-ii.jpeg","keywords":["Fondazione del Principe"],"articleSection":["Green","La nostra scelta","Notizie"],"inLanguage":"it-IT","copyrightYear":"2023","copyrightHolder":{"@id":"https:\/\/www.monaco-tribune.com\/#organization"}},{"@type":"WebPage","@id":"https:\/\/www.monaco-tribune.com\/it\/2023\/02\/olivier-wenden-quando-si-tratta-di-ambiente-dobbiamo-rimanere-ottimisti\/","url":"https:\/\/www.monaco-tribune.com\/it\/2023\/02\/olivier-wenden-quando-si-tratta-di-ambiente-dobbiamo-rimanere-ottimisti\/","name":"Olivier Wenden: \"Quando si tratta di ambiente, dobbiamo rimanere ottimisti\"","isPartOf":{"@id":"https:\/\/www.monaco-tribune.com\/it\/#website"},"primaryImageOfPage":{"@id":"https:\/\/www.monaco-tribune.com\/it\/2023\/02\/olivier-wenden-quando-si-tratta-di-ambiente-dobbiamo-rimanere-ottimisti\/#primaryimage"},"image":{"@id":"https:\/\/www.monaco-tribune.com\/it\/2023\/02\/olivier-wenden-quando-si-tratta-di-ambiente-dobbiamo-rimanere-ottimisti\/#primaryimage"},"thumbnailUrl":"https:\/\/www.monaco-tribune.com\/wp-content\/uploads\/2023\/01\/olivier-wenden-fondation-prince-albert-ii.jpeg","datePublished":"2023-02-02T17:18:17+00:00","dateModified":"2023-02-03T11:05:28+00:00","description":"Il vicepresidente e direttore generale della Fondazione Principe Alberto II ha parlato della sua carriera, dei suoi successi e degli obiettivi per il","breadcrumb":{"@id":"https:\/\/www.monaco-tribune.com\/it\/2023\/02\/olivier-wenden-quando-si-tratta-di-ambiente-dobbiamo-rimanere-ottimisti\/#breadcrumb"},"inLanguage":"it-IT","potentialAction":[{"@type":"ReadAction","target":["https:\/\/www.monaco-tribune.com\/it\/2023\/02\/olivier-wenden-quando-si-tratta-di-ambiente-dobbiamo-rimanere-ottimisti\/"]}]},{"@type":"ImageObject","inLanguage":"it-IT","@id":"https:\/\/www.monaco-tribune.com\/it\/2023\/02\/olivier-wenden-quando-si-tratta-di-ambiente-dobbiamo-rimanere-ottimisti\/#primaryimage","url":"https:\/\/www.monaco-tribune.com\/wp-content\/uploads\/2023\/01\/olivier-wenden-fondation-prince-albert-ii.jpeg","contentUrl":"https:\/\/www.monaco-tribune.com\/wp-content\/uploads\/2023\/01\/olivier-wenden-fondation-prince-albert-ii.jpeg","width":1200,"height":800,"caption":"\u00a9 Dipartimento di Comunicazione \/ Michael Alesi"},{"@type":"BreadcrumbList","@id":"https:\/\/www.monaco-tribune.com\/it\/2023\/02\/olivier-wenden-quando-si-tratta-di-ambiente-dobbiamo-rimanere-ottimisti\/#breadcrumb","itemListElement":[{"@type":"ListItem","position":1,"name":"Accueil","item":"https:\/\/www.monaco-tribune.com\/it\/"},{"@type":"ListItem","position":2,"name":"Olivier Wenden: \u00ab\u00a0Quando si tratta di ambiente, dobbiamo rimanere ottimisti\u00a0\u00bb"}]},{"@type":"WebSite","@id":"https:\/\/www.monaco-tribune.com\/it\/#website","url":"https:\/\/www.monaco-tribune.com\/it\/","name":"Monaco Tribune","description":"Monaco : actualit\u00e9s \u00e9conomiques, politiques, culturelles et sportives de Monaco et de la French Riviera.","publisher":{"@id":"https:\/\/www.monaco-tribune.com\/it\/#organization"},"potentialAction":[{"@type":"SearchAction","target":{"@type":"EntryPoint","urlTemplate":"https:\/\/www.monaco-tribune.com\/it\/?s={search_term_string}"},"query-input":{"@type":"PropertyValueSpecification","valueRequired":true,"valueName":"search_term_string"}}],"inLanguage":"it-IT"},{"@type":"Organization","@id":"https:\/\/www.monaco-tribune.com\/it\/#organization","name":"Monaco Tribune","url":"https:\/\/www.monaco-tribune.com\/it\/","logo":{"@type":"ImageObject","inLanguage":"it-IT","@id":"https:\/\/www.monaco-tribune.com\/it\/#\/schema\/logo\/image\/","url":"https:\/\/www.monaco-tribune.com\/wp-content\/uploads\/2022\/11\/logo-monaco-tribune.png","contentUrl":"https:\/\/www.monaco-tribune.com\/wp-content\/uploads\/2022\/11\/logo-monaco-tribune.png","width":1548,"height":600,"caption":"Monaco Tribune"},"image":{"@id":"https:\/\/www.monaco-tribune.com\/it\/#\/schema\/logo\/image\/"},"sameAs":["https:\/\/www.facebook.com\/MonacoTribune","https:\/\/x.com\/MonacoTribune","https:\/\/www.instagram.com\/monacotribune\/","https:\/\/www.linkedin.com\/company\/monaco-tribune","https:\/\/www.youtube.com\/channel\/UCHle1MnG6hw1y4lWKijVbMA"]},{"@type":"Person","@id":"https:\/\/www.monaco-tribune.com\/it\/#\/schema\/person\/dd3b5770833f791d3f4d808f1aa84499","name":"Sarah Incari","image":{"@type":"ImageObject","inLanguage":"it-IT","@id":"https:\/\/secure.gravatar.com\/avatar\/4ac0b37be892d57107ccdd804e3f2a03bf1e3fca097512136d3603859293cb0e?s=96&d=mm&r=g","url":"https:\/\/secure.gravatar.com\/avatar\/4ac0b37be892d57107ccdd804e3f2a03bf1e3fca097512136d3603859293cb0e?s=96&d=mm&r=g","contentUrl":"https:\/\/secure.gravatar.com\/avatar\/4ac0b37be892d57107ccdd804e3f2a03bf1e3fca097512136d3603859293cb0e?s=96&d=mm&r=g","caption":"Sarah Incari"},"url":"https:\/\/www.monaco-tribune.com\/it\/author\/sarahincari\/"}]}},"_links":{"self":[{"href":"https:\/\/www.monaco-tribune.com\/it\/wp-json\/wp\/v2\/posts\/162348","targetHints":{"allow":["GET"]}}],"collection":[{"href":"https:\/\/www.monaco-tribune.com\/it\/wp-json\/wp\/v2\/posts"}],"about":[{"href":"https:\/\/www.monaco-tribune.com\/it\/wp-json\/wp\/v2\/types\/post"}],"author":[{"embeddable":true,"href":"https:\/\/www.monaco-tribune.com\/it\/wp-json\/wp\/v2\/users\/69"}],"replies":[{"embeddable":true,"href":"https:\/\/www.monaco-tribune.com\/it\/wp-json\/wp\/v2\/comments?post=162348"}],"version-history":[{"count":0,"href":"https:\/\/www.monaco-tribune.com\/it\/wp-json\/wp\/v2\/posts\/162348\/revisions"}],"wp:featuredmedia":[{"embeddable":true,"href":"https:\/\/www.monaco-tribune.com\/it\/wp-json\/wp\/v2\/media\/161602"}],"wp:attachment":[{"href":"https:\/\/www.monaco-tribune.com\/it\/wp-json\/wp\/v2\/media?parent=162348"}],"wp:term":[{"taxonomy":"category","embeddable":true,"href":"https:\/\/www.monaco-tribune.com\/it\/wp-json\/wp\/v2\/categories?post=162348"},{"taxonomy":"post_tag","embeddable":true,"href":"https:\/\/www.monaco-tribune.com\/it\/wp-json\/wp\/v2\/tags?post=162348"},{"taxonomy":"sectag","embeddable":true,"href":"https:\/\/www.monaco-tribune.com\/it\/wp-json\/wp\/v2\/post_sectags?post=162348"},{"taxonomy":"format","embeddable":true,"href":"https:\/\/www.monaco-tribune.com\/it\/wp-json\/wp\/v2\/post_format?post=162348"}],"curies":[{"name":"wp","href":"https:\/\/api.w.org\/{rel}","templated":true}]}}