{"id":162713,"date":"2023-02-06T18:01:38","date_gmt":"2023-02-06T17:01:38","guid":{"rendered":"https:\/\/www.monaco-tribune.com\/2023\/02\/lunion-nationale-monegasque-vince-le-elezioni\/"},"modified":"2023-02-06T18:18:25","modified_gmt":"2023-02-06T17:18:25","slug":"lunion-nationale-monegasque-vince-le-elezioni","status":"publish","type":"post","link":"https:\/\/www.monaco-tribune.com\/it\/2023\/02\/lunion-nationale-monegasque-vince-le-elezioni\/","title":{"rendered":"L&#8217;Union Nationale Mon\u00e9gasque vince le elezioni"},"content":{"rendered":"\n<p><strong>I 24 candidati della lista guidata da Brigitte Boccone-Pag\u00e8s hanno vinto le elezioni.<\/strong><\/p>\n\n<p>Domenica 5 febbraio, all&#8217;Espace L\u00e9o Ferr\u00e9, i monegaschi sono stati chiamati alle urne per scegliere tra i 38 candidati in lizza per le elezioni nazionali.<\/p>\n\n<p>Al termine della serata, il sindaco Georges Marsan ha condiviso i risultati: i 24 candidati dell&#8217;Union Nationale Mon\u00e9gasque sono stati eletti con 72.602 voti, contro gli 8.401 voti raccolti dalla lista NIM, guidata da Daniel Boeri.<\/p>\n\n<p>Le elezioni hanno registrato un tasso di partecipazione del 57,26%. Su 7.594 iscritti, sono andati a votare 4.348 elettori.<\/p>\n\n<p>I nuovi Consiglieri nazionali sono quindi, in ordine alfabetico:<\/p>\n\n<ul class=\"wp-block-list\">\n<li>Karen Aliprendi<\/li>\n\n\n\n<li>Nathalie Amoratti-Blanc<\/li>\n\n\n\n<li>Jade Aureglia<\/li>\n\n\n\n<li>Maryse Battaglia<\/li>\n\n\n\n<li>R\u00e9gis Bergonzi<\/li>\n\n\n\n<li>Corine Bertani<\/li>\n\n\n\n<li>Brigitte Boccone-Pag\u00e8s<\/li>\n\n\n\n<li>Thomas Brezzo<\/li>\n\n\n\n<li>Christophe Brico<\/li>\n\n\n\n<li>Philippe Brunner<\/li>\n\n\n\n<li>Nicolas Croesi<\/li>\n\n\n\n<li>B\u00e9atrice Fresko-Rolfo<\/li>\n\n\n\n<li>Marie-No\u00eblle Gibelli<\/li>\n\n\n\n<li>Jean-Louis Grinda<\/li>\n\n\n\n<li>Marine Grisoul<\/li>\n\n\n\n<li>Franck Julien<\/li>\n\n\n\n<li>Mathilde Le Clerc<\/li>\n\n\n\n<li>Franck Lobono<\/li>\n\n\n\n<li>Roland Mouflard<\/li>\n\n\n\n<li>Fabrice Notari<\/li>\n\n\n\n<li>Mika\u00ebl Palmaro<\/li>\n\n\n\n<li>Christine Pasquier-Ciulla<\/li>\n\n\n\n<li>Guillaume Rose<\/li>\n\n\n\n<li>Balthazar Seydoux<\/li>\n<\/ul>\n","protected":false},"excerpt":{"rendered":"<p>I 24 candidati della lista guidata da Brigitte Boccone-Pag\u00e8s hanno vinto le elezioni. Domenica 5 febbraio, all&#8217;Espace L\u00e9o Ferr\u00e9, i [&hellip;]<\/p>\n","protected":false},"author":60,"featured_media":162566,"comment_status":"closed","ping_status":"closed","sticky":false,"template":"","format":"standard","meta":{"_acf_changed":false,"footnotes":""},"categories":[1826,1738,1752],"tags":[3220],"post_sectags":[3221],"post_format":[2478],"class_list":["post-162713","post","type-post","status-publish","format-standard","has-post-thumbnail","hentry","category-la-nostra-scelta","category-notizie","category-societa","tag-politica","sectag-elezioni-nazionali","format-notizia"],"acf":[],"yoast_head":"<!-- This site is optimized with the Yoast SEO Premium plugin v26.8 (Yoast SEO v27.5) - https:\/\/yoast.com\/product\/yoast-seo-premium-wordpress\/ -->\n<title>L&#039;Union Nationale Mon\u00e9gasque vince le elezioni<\/title>\n<meta name=\"description\" content=\"I 24 candidati della lista guidata da Brigitte Boccone-Pag\u00e8s hanno vinto le elezioni. Domenica 5 febbraio, all&#039;Espace L\u00e9o Ferr\u00e9, i monegaschi sono stati\" \/>\n<meta name=\"robots\" content=\"index, follow, max-snippet:-1, max-image-preview:large, max-video-preview:-1\" \/>\n<link rel=\"canonical\" href=\"https:\/\/www.monaco-tribune.com\/it\/2023\/02\/lunion-nationale-monegasque-vince-le-elezioni\/\" \/>\n<meta property=\"og:locale\" content=\"it_IT\" \/>\n<meta property=\"og:type\" content=\"article\" \/>\n<meta property=\"og:title\" content=\"L&#039;Union Nationale Mon\u00e9gasque vince le elezioni - Monaco Tribune\" \/>\n<meta property=\"og:description\" content=\"I 24 candidati della lista guidata da Brigitte Boccone-Pag\u00e8s hanno vinto le elezioni. Domenica 5 febbraio, all&#039;Espace L\u00e9o Ferr\u00e9, i monegaschi sono stati\" \/>\n<meta property=\"og:url\" content=\"https:\/\/www.monaco-tribune.com\/it\/2023\/02\/lunion-nationale-monegasque-vince-le-elezioni\/\" \/>\n<meta property=\"og:site_name\" content=\"Monaco Tribune\" \/>\n<meta property=\"article:publisher\" content=\"https:\/\/www.facebook.com\/MonacoTribune\" \/>\n<meta property=\"article:published_time\" content=\"2023-02-06T17:01:38+00:00\" \/>\n<meta property=\"article:modified_time\" content=\"2023-02-06T17:18:25+00:00\" \/>\n<meta property=\"og:image\" content=\"https:\/\/www.monaco-tribune.com\/wp-content\/uploads\/2023\/02\/vote-monaco-elections-1.png\" \/>\n\t<meta property=\"og:image:width\" content=\"1020\" \/>\n\t<meta property=\"og:image:height\" content=\"643\" \/>\n\t<meta property=\"og:image:type\" content=\"image\/png\" \/>\n<meta name=\"author\" content=\"Camille Esteve\" \/>\n<meta name=\"twitter:card\" content=\"summary_large_image\" \/>\n<meta name=\"twitter:creator\" content=\"@MonacoTribune\" \/>\n<meta name=\"twitter:site\" content=\"@MonacoTribune\" \/>\n<script type=\"application\/ld+json\" class=\"yoast-schema-graph\">{\"@context\":\"https:\\\/\\\/schema.org\",\"@graph\":[{\"@type\":\"NewsArticle\",\"@id\":\"https:\\\/\\\/www.monaco-tribune.com\\\/it\\\/2023\\\/02\\\/lunion-nationale-monegasque-vince-le-elezioni\\\/#article\",\"isPartOf\":{\"@id\":\"https:\\\/\\\/www.monaco-tribune.com\\\/it\\\/2023\\\/02\\\/lunion-nationale-monegasque-vince-le-elezioni\\\/\"},\"author\":{\"name\":\"Camille Esteve\",\"@id\":\"https:\\\/\\\/www.monaco-tribune.com\\\/it\\\/#\\\/schema\\\/person\\\/a855d420fff4d03637641d60b93ac62e\"},\"headline\":\"L&#8217;Union Nationale Mon\u00e9gasque vince le elezioni\",\"datePublished\":\"2023-02-06T17:01:38+00:00\",\"dateModified\":\"2023-02-06T17:18:25+00:00\",\"mainEntityOfPage\":{\"@id\":\"https:\\\/\\\/www.monaco-tribune.com\\\/it\\\/2023\\\/02\\\/lunion-nationale-monegasque-vince-le-elezioni\\\/\"},\"wordCount\":160,\"publisher\":{\"@id\":\"https:\\\/\\\/www.monaco-tribune.com\\\/it\\\/#organization\"},\"image\":{\"@id\":\"https:\\\/\\\/www.monaco-tribune.com\\\/it\\\/2023\\\/02\\\/lunion-nationale-monegasque-vince-le-elezioni\\\/#primaryimage\"},\"thumbnailUrl\":\"https:\\\/\\\/www.monaco-tribune.com\\\/wp-content\\\/uploads\\\/2023\\\/02\\\/vote-monaco-elections-1.png\",\"keywords\":[\"Politica\"],\"articleSection\":[\"La nostra scelta\",\"Notizie\",\"Societ\u00e0\"],\"inLanguage\":\"it-IT\",\"copyrightYear\":\"2023\",\"copyrightHolder\":{\"@id\":\"https:\\\/\\\/www.monaco-tribune.com\\\/#organization\"}},{\"@type\":\"WebPage\",\"@id\":\"https:\\\/\\\/www.monaco-tribune.com\\\/it\\\/2023\\\/02\\\/lunion-nationale-monegasque-vince-le-elezioni\\\/\",\"url\":\"https:\\\/\\\/www.monaco-tribune.com\\\/it\\\/2023\\\/02\\\/lunion-nationale-monegasque-vince-le-elezioni\\\/\",\"name\":\"L'Union Nationale Mon\u00e9gasque vince le elezioni\",\"isPartOf\":{\"@id\":\"https:\\\/\\\/www.monaco-tribune.com\\\/it\\\/#website\"},\"primaryImageOfPage\":{\"@id\":\"https:\\\/\\\/www.monaco-tribune.com\\\/it\\\/2023\\\/02\\\/lunion-nationale-monegasque-vince-le-elezioni\\\/#primaryimage\"},\"image\":{\"@id\":\"https:\\\/\\\/www.monaco-tribune.com\\\/it\\\/2023\\\/02\\\/lunion-nationale-monegasque-vince-le-elezioni\\\/#primaryimage\"},\"thumbnailUrl\":\"https:\\\/\\\/www.monaco-tribune.com\\\/wp-content\\\/uploads\\\/2023\\\/02\\\/vote-monaco-elections-1.png\",\"datePublished\":\"2023-02-06T17:01:38+00:00\",\"dateModified\":\"2023-02-06T17:18:25+00:00\",\"description\":\"I 24 candidati della lista guidata da Brigitte Boccone-Pag\u00e8s hanno vinto le elezioni. Domenica 5 febbraio, all'Espace L\u00e9o Ferr\u00e9, i monegaschi sono stati\",\"breadcrumb\":{\"@id\":\"https:\\\/\\\/www.monaco-tribune.com\\\/it\\\/2023\\\/02\\\/lunion-nationale-monegasque-vince-le-elezioni\\\/#breadcrumb\"},\"inLanguage\":\"it-IT\",\"potentialAction\":[{\"@type\":\"ReadAction\",\"target\":[\"https:\\\/\\\/www.monaco-tribune.com\\\/it\\\/2023\\\/02\\\/lunion-nationale-monegasque-vince-le-elezioni\\\/\"]}]},{\"@type\":\"ImageObject\",\"inLanguage\":\"it-IT\",\"@id\":\"https:\\\/\\\/www.monaco-tribune.com\\\/it\\\/2023\\\/02\\\/lunion-nationale-monegasque-vince-le-elezioni\\\/#primaryimage\",\"url\":\"https:\\\/\\\/www.monaco-tribune.com\\\/wp-content\\\/uploads\\\/2023\\\/02\\\/vote-monaco-elections-1.png\",\"contentUrl\":\"https:\\\/\\\/www.monaco-tribune.com\\\/wp-content\\\/uploads\\\/2023\\\/02\\\/vote-monaco-elections-1.png\",\"width\":1020,\"height\":643,\"caption\":\"\u00a9 Ed Wright Images \\\/ Comune di Monaco\"},{\"@type\":\"BreadcrumbList\",\"@id\":\"https:\\\/\\\/www.monaco-tribune.com\\\/it\\\/2023\\\/02\\\/lunion-nationale-monegasque-vince-le-elezioni\\\/#breadcrumb\",\"itemListElement\":[{\"@type\":\"ListItem\",\"position\":1,\"name\":\"Accueil\",\"item\":\"https:\\\/\\\/www.monaco-tribune.com\\\/it\\\/\"},{\"@type\":\"ListItem\",\"position\":2,\"name\":\"L&rsquo;Union Nationale Mon\u00e9gasque vince le elezioni\"}]},{\"@type\":\"WebSite\",\"@id\":\"https:\\\/\\\/www.monaco-tribune.com\\\/it\\\/#website\",\"url\":\"https:\\\/\\\/www.monaco-tribune.com\\\/it\\\/\",\"name\":\"Monaco Tribune\",\"description\":\"Monaco : actualit\u00e9s \u00e9conomiques, politiques, culturelles et sportives de Monaco et de la French Riviera.\",\"publisher\":{\"@id\":\"https:\\\/\\\/www.monaco-tribune.com\\\/it\\\/#organization\"},\"potentialAction\":[{\"@type\":\"SearchAction\",\"target\":{\"@type\":\"EntryPoint\",\"urlTemplate\":\"https:\\\/\\\/www.monaco-tribune.com\\\/it\\\/?s={search_term_string}\"},\"query-input\":{\"@type\":\"PropertyValueSpecification\",\"valueRequired\":true,\"valueName\":\"search_term_string\"}}],\"inLanguage\":\"it-IT\"},{\"@type\":\"Organization\",\"@id\":\"https:\\\/\\\/www.monaco-tribune.com\\\/it\\\/#organization\",\"name\":\"Monaco Tribune\",\"url\":\"https:\\\/\\\/www.monaco-tribune.com\\\/it\\\/\",\"logo\":{\"@type\":\"ImageObject\",\"inLanguage\":\"it-IT\",\"@id\":\"https:\\\/\\\/www.monaco-tribune.com\\\/it\\\/#\\\/schema\\\/logo\\\/image\\\/\",\"url\":\"https:\\\/\\\/www.monaco-tribune.com\\\/wp-content\\\/uploads\\\/2022\\\/11\\\/logo-monaco-tribune.png\",\"contentUrl\":\"https:\\\/\\\/www.monaco-tribune.com\\\/wp-content\\\/uploads\\\/2022\\\/11\\\/logo-monaco-tribune.png\",\"width\":1548,\"height\":600,\"caption\":\"Monaco Tribune\"},\"image\":{\"@id\":\"https:\\\/\\\/www.monaco-tribune.com\\\/it\\\/#\\\/schema\\\/logo\\\/image\\\/\"},\"sameAs\":[\"https:\\\/\\\/www.facebook.com\\\/MonacoTribune\",\"https:\\\/\\\/x.com\\\/MonacoTribune\",\"https:\\\/\\\/www.instagram.com\\\/monacotribune\\\/\",\"https:\\\/\\\/www.linkedin.com\\\/company\\\/monaco-tribune\",\"https:\\\/\\\/www.youtube.com\\\/channel\\\/UCHle1MnG6hw1y4lWKijVbMA\"]},{\"@type\":\"Person\",\"@id\":\"https:\\\/\\\/www.monaco-tribune.com\\\/it\\\/#\\\/schema\\\/person\\\/a855d420fff4d03637641d60b93ac62e\",\"name\":\"Camille Esteve\",\"image\":{\"@type\":\"ImageObject\",\"inLanguage\":\"it-IT\",\"@id\":\"https:\\\/\\\/secure.gravatar.com\\\/avatar\\\/eaaa2355a7bb56c0018a391c20a55bf9b4690e3f493231dd850e612bfa6ce161?s=96&d=mm&r=g\",\"url\":\"https:\\\/\\\/secure.gravatar.com\\\/avatar\\\/eaaa2355a7bb56c0018a391c20a55bf9b4690e3f493231dd850e612bfa6ce161?s=96&d=mm&r=g\",\"contentUrl\":\"https:\\\/\\\/secure.gravatar.com\\\/avatar\\\/eaaa2355a7bb56c0018a391c20a55bf9b4690e3f493231dd850e612bfa6ce161?s=96&d=mm&r=g\",\"caption\":\"Camille Esteve\"},\"url\":\"https:\\\/\\\/www.monaco-tribune.com\\\/it\\\/author\\\/camilleesteve\\\/\"}]}<\/script>\n<!-- \/ Yoast SEO Premium plugin. -->","yoast_head_json":{"title":"L'Union Nationale Mon\u00e9gasque vince le elezioni","description":"I 24 candidati della lista guidata da Brigitte Boccone-Pag\u00e8s hanno vinto le elezioni. Domenica 5 febbraio, all'Espace L\u00e9o Ferr\u00e9, i monegaschi sono stati","robots":{"index":"index","follow":"follow","max-snippet":"max-snippet:-1","max-image-preview":"max-image-preview:large","max-video-preview":"max-video-preview:-1"},"canonical":"https:\/\/www.monaco-tribune.com\/it\/2023\/02\/lunion-nationale-monegasque-vince-le-elezioni\/","og_locale":"it_IT","og_type":"article","og_title":"L'Union Nationale Mon\u00e9gasque vince le elezioni - Monaco Tribune","og_description":"I 24 candidati della lista guidata da Brigitte Boccone-Pag\u00e8s hanno vinto le elezioni. Domenica 5 febbraio, all'Espace L\u00e9o Ferr\u00e9, i monegaschi sono stati","og_url":"https:\/\/www.monaco-tribune.com\/it\/2023\/02\/lunion-nationale-monegasque-vince-le-elezioni\/","og_site_name":"Monaco Tribune","article_publisher":"https:\/\/www.facebook.com\/MonacoTribune","article_published_time":"2023-02-06T17:01:38+00:00","article_modified_time":"2023-02-06T17:18:25+00:00","og_image":[{"width":1020,"height":643,"url":"https:\/\/www.monaco-tribune.com\/wp-content\/uploads\/2023\/02\/vote-monaco-elections-1.png","type":"image\/png"}],"author":"Camille Esteve","twitter_card":"summary_large_image","twitter_creator":"@MonacoTribune","twitter_site":"@MonacoTribune","schema":{"@context":"https:\/\/schema.org","@graph":[{"@type":"NewsArticle","@id":"https:\/\/www.monaco-tribune.com\/it\/2023\/02\/lunion-nationale-monegasque-vince-le-elezioni\/#article","isPartOf":{"@id":"https:\/\/www.monaco-tribune.com\/it\/2023\/02\/lunion-nationale-monegasque-vince-le-elezioni\/"},"author":{"name":"Camille Esteve","@id":"https:\/\/www.monaco-tribune.com\/it\/#\/schema\/person\/a855d420fff4d03637641d60b93ac62e"},"headline":"L&#8217;Union Nationale Mon\u00e9gasque vince le elezioni","datePublished":"2023-02-06T17:01:38+00:00","dateModified":"2023-02-06T17:18:25+00:00","mainEntityOfPage":{"@id":"https:\/\/www.monaco-tribune.com\/it\/2023\/02\/lunion-nationale-monegasque-vince-le-elezioni\/"},"wordCount":160,"publisher":{"@id":"https:\/\/www.monaco-tribune.com\/it\/#organization"},"image":{"@id":"https:\/\/www.monaco-tribune.com\/it\/2023\/02\/lunion-nationale-monegasque-vince-le-elezioni\/#primaryimage"},"thumbnailUrl":"https:\/\/www.monaco-tribune.com\/wp-content\/uploads\/2023\/02\/vote-monaco-elections-1.png","keywords":["Politica"],"articleSection":["La nostra scelta","Notizie","Societ\u00e0"],"inLanguage":"it-IT","copyrightYear":"2023","copyrightHolder":{"@id":"https:\/\/www.monaco-tribune.com\/#organization"}},{"@type":"WebPage","@id":"https:\/\/www.monaco-tribune.com\/it\/2023\/02\/lunion-nationale-monegasque-vince-le-elezioni\/","url":"https:\/\/www.monaco-tribune.com\/it\/2023\/02\/lunion-nationale-monegasque-vince-le-elezioni\/","name":"L'Union Nationale Mon\u00e9gasque vince le elezioni","isPartOf":{"@id":"https:\/\/www.monaco-tribune.com\/it\/#website"},"primaryImageOfPage":{"@id":"https:\/\/www.monaco-tribune.com\/it\/2023\/02\/lunion-nationale-monegasque-vince-le-elezioni\/#primaryimage"},"image":{"@id":"https:\/\/www.monaco-tribune.com\/it\/2023\/02\/lunion-nationale-monegasque-vince-le-elezioni\/#primaryimage"},"thumbnailUrl":"https:\/\/www.monaco-tribune.com\/wp-content\/uploads\/2023\/02\/vote-monaco-elections-1.png","datePublished":"2023-02-06T17:01:38+00:00","dateModified":"2023-02-06T17:18:25+00:00","description":"I 24 candidati della lista guidata da Brigitte Boccone-Pag\u00e8s hanno vinto le elezioni. Domenica 5 febbraio, all'Espace L\u00e9o Ferr\u00e9, i monegaschi sono stati","breadcrumb":{"@id":"https:\/\/www.monaco-tribune.com\/it\/2023\/02\/lunion-nationale-monegasque-vince-le-elezioni\/#breadcrumb"},"inLanguage":"it-IT","potentialAction":[{"@type":"ReadAction","target":["https:\/\/www.monaco-tribune.com\/it\/2023\/02\/lunion-nationale-monegasque-vince-le-elezioni\/"]}]},{"@type":"ImageObject","inLanguage":"it-IT","@id":"https:\/\/www.monaco-tribune.com\/it\/2023\/02\/lunion-nationale-monegasque-vince-le-elezioni\/#primaryimage","url":"https:\/\/www.monaco-tribune.com\/wp-content\/uploads\/2023\/02\/vote-monaco-elections-1.png","contentUrl":"https:\/\/www.monaco-tribune.com\/wp-content\/uploads\/2023\/02\/vote-monaco-elections-1.png","width":1020,"height":643,"caption":"\u00a9 Ed Wright Images \/ Comune di Monaco"},{"@type":"BreadcrumbList","@id":"https:\/\/www.monaco-tribune.com\/it\/2023\/02\/lunion-nationale-monegasque-vince-le-elezioni\/#breadcrumb","itemListElement":[{"@type":"ListItem","position":1,"name":"Accueil","item":"https:\/\/www.monaco-tribune.com\/it\/"},{"@type":"ListItem","position":2,"name":"L&rsquo;Union Nationale Mon\u00e9gasque vince le elezioni"}]},{"@type":"WebSite","@id":"https:\/\/www.monaco-tribune.com\/it\/#website","url":"https:\/\/www.monaco-tribune.com\/it\/","name":"Monaco Tribune","description":"Monaco : actualit\u00e9s \u00e9conomiques, politiques, culturelles et sportives de Monaco et de la French Riviera.","publisher":{"@id":"https:\/\/www.monaco-tribune.com\/it\/#organization"},"potentialAction":[{"@type":"SearchAction","target":{"@type":"EntryPoint","urlTemplate":"https:\/\/www.monaco-tribune.com\/it\/?s={search_term_string}"},"query-input":{"@type":"PropertyValueSpecification","valueRequired":true,"valueName":"search_term_string"}}],"inLanguage":"it-IT"},{"@type":"Organization","@id":"https:\/\/www.monaco-tribune.com\/it\/#organization","name":"Monaco Tribune","url":"https:\/\/www.monaco-tribune.com\/it\/","logo":{"@type":"ImageObject","inLanguage":"it-IT","@id":"https:\/\/www.monaco-tribune.com\/it\/#\/schema\/logo\/image\/","url":"https:\/\/www.monaco-tribune.com\/wp-content\/uploads\/2022\/11\/logo-monaco-tribune.png","contentUrl":"https:\/\/www.monaco-tribune.com\/wp-content\/uploads\/2022\/11\/logo-monaco-tribune.png","width":1548,"height":600,"caption":"Monaco Tribune"},"image":{"@id":"https:\/\/www.monaco-tribune.com\/it\/#\/schema\/logo\/image\/"},"sameAs":["https:\/\/www.facebook.com\/MonacoTribune","https:\/\/x.com\/MonacoTribune","https:\/\/www.instagram.com\/monacotribune\/","https:\/\/www.linkedin.com\/company\/monaco-tribune","https:\/\/www.youtube.com\/channel\/UCHle1MnG6hw1y4lWKijVbMA"]},{"@type":"Person","@id":"https:\/\/www.monaco-tribune.com\/it\/#\/schema\/person\/a855d420fff4d03637641d60b93ac62e","name":"Camille Esteve","image":{"@type":"ImageObject","inLanguage":"it-IT","@id":"https:\/\/secure.gravatar.com\/avatar\/eaaa2355a7bb56c0018a391c20a55bf9b4690e3f493231dd850e612bfa6ce161?s=96&d=mm&r=g","url":"https:\/\/secure.gravatar.com\/avatar\/eaaa2355a7bb56c0018a391c20a55bf9b4690e3f493231dd850e612bfa6ce161?s=96&d=mm&r=g","contentUrl":"https:\/\/secure.gravatar.com\/avatar\/eaaa2355a7bb56c0018a391c20a55bf9b4690e3f493231dd850e612bfa6ce161?s=96&d=mm&r=g","caption":"Camille Esteve"},"url":"https:\/\/www.monaco-tribune.com\/it\/author\/camilleesteve\/"}]}},"_links":{"self":[{"href":"https:\/\/www.monaco-tribune.com\/it\/wp-json\/wp\/v2\/posts\/162713","targetHints":{"allow":["GET"]}}],"collection":[{"href":"https:\/\/www.monaco-tribune.com\/it\/wp-json\/wp\/v2\/posts"}],"about":[{"href":"https:\/\/www.monaco-tribune.com\/it\/wp-json\/wp\/v2\/types\/post"}],"author":[{"embeddable":true,"href":"https:\/\/www.monaco-tribune.com\/it\/wp-json\/wp\/v2\/users\/60"}],"replies":[{"embeddable":true,"href":"https:\/\/www.monaco-tribune.com\/it\/wp-json\/wp\/v2\/comments?post=162713"}],"version-history":[{"count":0,"href":"https:\/\/www.monaco-tribune.com\/it\/wp-json\/wp\/v2\/posts\/162713\/revisions"}],"wp:featuredmedia":[{"embeddable":true,"href":"https:\/\/www.monaco-tribune.com\/it\/wp-json\/wp\/v2\/media\/162566"}],"wp:attachment":[{"href":"https:\/\/www.monaco-tribune.com\/it\/wp-json\/wp\/v2\/media?parent=162713"}],"wp:term":[{"taxonomy":"category","embeddable":true,"href":"https:\/\/www.monaco-tribune.com\/it\/wp-json\/wp\/v2\/categories?post=162713"},{"taxonomy":"post_tag","embeddable":true,"href":"https:\/\/www.monaco-tribune.com\/it\/wp-json\/wp\/v2\/tags?post=162713"},{"taxonomy":"sectag","embeddable":true,"href":"https:\/\/www.monaco-tribune.com\/it\/wp-json\/wp\/v2\/post_sectags?post=162713"},{"taxonomy":"format","embeddable":true,"href":"https:\/\/www.monaco-tribune.com\/it\/wp-json\/wp\/v2\/post_format?post=162713"}],"curies":[{"name":"wp","href":"https:\/\/api.w.org\/{rel}","templated":true}]}}