{"id":162934,"date":"2023-02-08T14:24:49","date_gmt":"2023-02-08T13:24:49","guid":{"rendered":"https:\/\/www.monaco-tribune.com\/2023\/02\/gli-eventi-imperdibili-di-febbraio-a-monaco-e-dintorni\/"},"modified":"2023-02-08T14:29:25","modified_gmt":"2023-02-08T13:29:25","slug":"gli-eventi-imperdibili-di-febbraio-a-monaco-e-dintorni","status":"publish","type":"post","link":"https:\/\/www.monaco-tribune.com\/it\/2023\/02\/gli-eventi-imperdibili-di-febbraio-a-monaco-e-dintorni\/","title":{"rendered":"Gli eventi imperdibili di febbraio a Monaco e dintorni"},"content":{"rendered":"\n<p><strong>\u00c8 il mese del famoso carnevale di Nizza&#8230; e non solo!<\/strong><\/p>\n\n<h2 class=\"wp-block-heading\" id=\"h-le-carnaval-de-nice\">Il Carnevale di Nizza<\/h2>\n\n<p>\u00c8 senza dubbio l&#8217;evento pi\u00f9 importante della Costa Azzurra in inverno&#8230; Con il tema &#8220;Re dei tesori del mondo&#8221;, la 150esima edizione del Carnevale di Nizza si terr\u00e0 <strong>da venerd\u00ec 10 a domenica 26 febbraio<\/strong> 2023. In programma &#8220;Parate carnevalesche&#8221; diurne e notturne e &#8220;Battaglie di fiori&#8221;. Trovate tutti i dettagli <a href=\"https:\/\/www.nicecarnaval.com\/it\/\">sul sito dedicato all&#8217;evento<\/a>.<\/p>\n<div class=\"wp-block-image\">\n<figure class=\"aligncenter size-full\"><img decoding=\"async\" src=\"https:\/\/www.monaco-tribune.com\/wp-content\/uploads\/2020\/02\/carnaval-nice-2020-e1641396694698.jpg\" alt=\"Carnevale di Nizza\" class=\"wp-image-22609\"\/><figcaption class=\"wp-element-caption\"><em>@ Direzione del Carnevale della Citt\u00e0 di Nizza<\/em><\/figcaption><\/figure>\n<\/div>\n<h2 class=\"wp-block-heading\">La F\u00eate du Citron di Mentone<\/h2>\n\n<p>Contemporaneamente al Carnevale di Nizza, <strong>da sabato 11 a domenica 26 febbraio<\/strong>, si terr\u00e0 la famosa F\u00eate du Citron (Festa del limone). Tra Sfilate dei frutti d&#8217;oro e Sfilate notturne, 200.000 visitatori si godono ogni anno lo spettacolo.<\/p>\n\n<p>In questa nuova edizione, potranno anche ammirare le esposizioni dei motivi di agrumi nei giardini Biov\u00e8s e visitare il Salone dell&#8217;artigianato e il Festival delle orchidee dai profumi indimenticabili. Tutti i dettagli li trovate sul <a href=\"https:\/\/www.fete-du-citron.com\/?lang=it\">sito dedicato<\/a>.<\/p>\n<div class=\"wp-block-image\">\n<figure class=\"aligncenter size-full\"><img loading=\"lazy\" decoding=\"async\" width=\"1024\" height=\"512\" src=\"https:\/\/www.monaco-tribune.com\/wp-content\/uploads\/2020\/12\/mentoncitron.jpg\" alt=\"F&#xEA;te du citron Mentone\" class=\"wp-image-56861\" srcset=\"https:\/\/www.monaco-tribune.com\/wp-content\/uploads\/2020\/12\/mentoncitron.jpg 1024w, https:\/\/www.monaco-tribune.com\/wp-content\/uploads\/2020\/12\/mentoncitron-600x300.jpg 600w\" sizes=\"auto, (max-width: 1024px) 100vw, 1024px\" \/><figcaption class=\"wp-element-caption\"><em>\u00a9 Citt\u00e0 di Mentone<\/em><\/figcaption><\/figure>\n<\/div>\n<h2 class=\"wp-block-heading\">Monaco Anime Game International Conferences (MAGIC)<\/h2>\n\n<p>Dietro l&#8217;acronimo MAGIC si cela uno dei grandi eventi europei sui videogiochi, la cultura pop e il digitale. Organizzato ogni due anni, il salone si terr\u00e0 <strong>sabato 25 e domenica 26 febbraio<\/strong>, dalle 9:00 alle 19:00 al Grimaldi Forum. In programma, conferenze e tavole rotonde, momenti autografi, esposizioni, concorso di manga&#8230; L&#8217;ingresso \u00e8 gratuito ma limitato a 3.000 visitatori. Per iscriversi visitare il <a href=\"https:\/\/www.magic-ip.com\/it\/iscrizione-per-levento\/\">sito dedicato<\/a>.<\/p>\n<div class=\"wp-block-image\">\n<figure class=\"aligncenter size-large\"><img decoding=\"async\" src=\"https:\/\/www.monaco-tribune.com\/wp-content\/uploads\/2019\/02\/&#xA9;-Fabbio-Galatioto-MAGIC3-2188-1024x576.jpg\" alt=\"MAGIC-5a-edizione-Grimaldi-Forum\" class=\"wp-image-9045\"\/><figcaption class=\"wp-element-caption\"><em>\u00a9 Fabbio Galatioto<\/em><\/figcaption><\/figure>\n<\/div>\n<h2 class=\"wp-block-heading\">La mostra Porsche<\/h2>\n\n<p>Avviso per gli amanti delle belle auto, l&#8217;esposizione Porsche vi aspetta! <strong>Da luned\u00ec 20 febbraio a luned\u00ec 20 marzo<\/strong>, dalle 10:00 alle 18:00, nei locali della Collezione di Automobili del Principe di Monaco i visitatori potranno scoprire dodici bolidi da corsa e sportivi tra i pi\u00f9 emblematici della casa automobilistica tedesca, che quest&#8217;anno compie 75 anni. Maggiori dettagli <a href=\"https:\/\/www.monaco-tribune.com\/2023\/02\/la-collection-de-voitures-du-prince-va-exposer-porsche\/\">nel nostro articolo<\/a> (in francese).<\/p>\n<div class=\"wp-block-image\">\n<figure class=\"aligncenter size-large\"><img loading=\"lazy\" decoding=\"async\" width=\"1024\" height=\"539\" src=\"https:\/\/www.monaco-tribune.com\/wp-content\/uploads\/2023\/02\/affiche-expo-porsche-monaco-collection-du-prince_page-0001-compressed-1024x539.jpg\" alt=\"POSTER EXPO PORSCHE monaco collezione del principe_page-0001-compressed\" class=\"wp-image-162225\" srcset=\"https:\/\/www.monaco-tribune.com\/wp-content\/uploads\/2023\/02\/affiche-expo-porsche-monaco-collection-du-prince_page-0001-compressed-1024x539.jpg 1024w, https:\/\/www.monaco-tribune.com\/wp-content\/uploads\/2023\/02\/affiche-expo-porsche-monaco-collection-du-prince_page-0001-compressed-570x300.jpg 570w, https:\/\/www.monaco-tribune.com\/wp-content\/uploads\/2023\/02\/affiche-expo-porsche-monaco-collection-du-prince_page-0001-compressed.jpg 1236w\" sizes=\"auto, (max-width: 1024px) 100vw, 1024px\" \/><figcaption class=\"wp-element-caption\"><em>\u00a9 Palazzo del Principe di Monaco<\/em><\/figcaption><\/figure>\n<\/div>\n<h2 class=\"wp-block-heading\">La Monaco Run<\/h2>\n\n<p>Sneakers ai piedi e si parte! <strong>Sabato 11 e domenica 12 febbraio<\/strong>, i pi\u00f9 coraggiosi gareggeranno sul Quai Albert 1er per la Monaco Run. L&#8217;evento propone percorsi di diversa lunghezza, per tutte le capacit\u00e0. Restano solo un centinaio di pettorine disponibili, come si legge nel <a href=\"https:\/\/www.monacorun.com\/2023\/01\/26\/information-inscriptions\/\">sito dell&#8217;evento<\/a>.<\/p>\n<div class=\"wp-block-image\">\n<figure class=\"aligncenter size-large\"><img decoding=\"async\" src=\"https:\/\/www.monaco-tribune.com\/wp-content\/uploads\/2023\/01\/monaco-run-2022-&#xA9;alizee-palomba-fma-min-1024x683.jpg\" alt=\"Monaco Run 2022 \" class=\"wp-image-158891\"\/><figcaption class=\"wp-element-caption\"><em>\u00a9 Aliz\u00e9e Palomba<\/em><\/figcaption><\/figure>\n<\/div>","protected":false},"excerpt":{"rendered":"<p>\u00c8 il mese del famoso carnevale di Nizza&#8230; e non solo! Il Carnevale di Nizza \u00c8 senza dubbio l&#8217;evento pi\u00f9 [&hellip;]<\/p>\n","protected":false},"author":69,"featured_media":162627,"comment_status":"closed","ping_status":"closed","sticky":false,"template":"","format":"standard","meta":{"_acf_changed":false,"footnotes":""},"categories":[1740,1826,1738],"tags":[2890],"post_sectags":[3253],"post_format":[2471],"class_list":["post-162934","post","type-post","status-publish","format-standard","has-post-thumbnail","hentry","category-cosa-fare","category-la-nostra-scelta","category-notizie","tag-eventi","sectag-carnevale-di-nizza","format-evento"],"acf":[],"yoast_head":"<!-- This site is optimized with the Yoast SEO Premium plugin v26.8 (Yoast SEO v27.4) - https:\/\/yoast.com\/product\/yoast-seo-premium-wordpress\/ -->\n<title>Gli eventi imperdibili di febbraio a Monaco e dintorni<\/title>\n<meta name=\"description\" content=\"\u00c8 il mese del famoso carnevale di Nizza... e non solo! Il Carnevale di Nizza \u00c8 senza dubbio l&#039;evento pi\u00f9 importante della Costa Azzurra in inverno... Con\" \/>\n<meta name=\"robots\" content=\"index, follow, max-snippet:-1, max-image-preview:large, max-video-preview:-1\" \/>\n<link rel=\"canonical\" href=\"https:\/\/www.monaco-tribune.com\/it\/2023\/02\/gli-eventi-imperdibili-di-febbraio-a-monaco-e-dintorni\/\" \/>\n<meta property=\"og:locale\" content=\"it_IT\" \/>\n<meta property=\"og:type\" content=\"article\" \/>\n<meta property=\"og:title\" content=\"Gli eventi imperdibili di febbraio a Monaco e dintorni - Monaco Tribune\" \/>\n<meta property=\"og:description\" content=\"\u00c8 il mese del famoso carnevale di Nizza... e non solo! Il Carnevale di Nizza \u00c8 senza dubbio l&#039;evento pi\u00f9 importante della Costa Azzurra in inverno... Con\" \/>\n<meta property=\"og:url\" content=\"https:\/\/www.monaco-tribune.com\/it\/2023\/02\/gli-eventi-imperdibili-di-febbraio-a-monaco-e-dintorni\/\" \/>\n<meta property=\"og:site_name\" content=\"Monaco Tribune\" \/>\n<meta property=\"article:publisher\" content=\"https:\/\/www.facebook.com\/MonacoTribune\" \/>\n<meta property=\"article:published_time\" content=\"2023-02-08T13:24:49+00:00\" \/>\n<meta property=\"article:modified_time\" content=\"2023-02-08T13:29:25+00:00\" \/>\n<meta property=\"og:image\" content=\"https:\/\/www.monaco-tribune.com\/wp-content\/uploads\/2023\/02\/carnaval-de-nice-officiel.jpg\" \/>\n\t<meta property=\"og:image:width\" content=\"1200\" \/>\n\t<meta property=\"og:image:height\" content=\"800\" \/>\n\t<meta property=\"og:image:type\" content=\"image\/jpeg\" \/>\n<meta name=\"author\" content=\"Sarah Incari\" \/>\n<meta name=\"twitter:card\" content=\"summary_large_image\" \/>\n<meta name=\"twitter:creator\" content=\"@MonacoTribune\" \/>\n<meta name=\"twitter:site\" content=\"@MonacoTribune\" \/>\n<script type=\"application\/ld+json\" class=\"yoast-schema-graph\">{\"@context\":\"https:\\\/\\\/schema.org\",\"@graph\":[{\"@type\":\"NewsArticle\",\"@id\":\"https:\\\/\\\/www.monaco-tribune.com\\\/it\\\/2023\\\/02\\\/gli-eventi-imperdibili-di-febbraio-a-monaco-e-dintorni\\\/#article\",\"isPartOf\":{\"@id\":\"https:\\\/\\\/www.monaco-tribune.com\\\/it\\\/2023\\\/02\\\/gli-eventi-imperdibili-di-febbraio-a-monaco-e-dintorni\\\/\"},\"author\":{\"name\":\"Sarah Incari\",\"@id\":\"https:\\\/\\\/www.monaco-tribune.com\\\/it\\\/#\\\/schema\\\/person\\\/dd3b5770833f791d3f4d808f1aa84499\"},\"headline\":\"Gli eventi imperdibili di febbraio a Monaco e dintorni\",\"datePublished\":\"2023-02-08T13:24:49+00:00\",\"dateModified\":\"2023-02-08T13:29:25+00:00\",\"mainEntityOfPage\":{\"@id\":\"https:\\\/\\\/www.monaco-tribune.com\\\/it\\\/2023\\\/02\\\/gli-eventi-imperdibili-di-febbraio-a-monaco-e-dintorni\\\/\"},\"wordCount\":359,\"publisher\":{\"@id\":\"https:\\\/\\\/www.monaco-tribune.com\\\/it\\\/#organization\"},\"image\":{\"@id\":\"https:\\\/\\\/www.monaco-tribune.com\\\/it\\\/2023\\\/02\\\/gli-eventi-imperdibili-di-febbraio-a-monaco-e-dintorni\\\/#primaryimage\"},\"thumbnailUrl\":\"https:\\\/\\\/www.monaco-tribune.com\\\/wp-content\\\/uploads\\\/2023\\\/02\\\/carnaval-de-nice-officiel.jpg\",\"keywords\":[\"Eventi\"],\"articleSection\":[\"Cosa fare\",\"La nostra scelta\",\"Notizie\"],\"inLanguage\":\"it-IT\",\"copyrightYear\":\"2023\",\"copyrightHolder\":{\"@id\":\"https:\\\/\\\/www.monaco-tribune.com\\\/#organization\"}},{\"@type\":\"WebPage\",\"@id\":\"https:\\\/\\\/www.monaco-tribune.com\\\/it\\\/2023\\\/02\\\/gli-eventi-imperdibili-di-febbraio-a-monaco-e-dintorni\\\/\",\"url\":\"https:\\\/\\\/www.monaco-tribune.com\\\/it\\\/2023\\\/02\\\/gli-eventi-imperdibili-di-febbraio-a-monaco-e-dintorni\\\/\",\"name\":\"Gli eventi imperdibili di febbraio a Monaco e dintorni\",\"isPartOf\":{\"@id\":\"https:\\\/\\\/www.monaco-tribune.com\\\/it\\\/#website\"},\"primaryImageOfPage\":{\"@id\":\"https:\\\/\\\/www.monaco-tribune.com\\\/it\\\/2023\\\/02\\\/gli-eventi-imperdibili-di-febbraio-a-monaco-e-dintorni\\\/#primaryimage\"},\"image\":{\"@id\":\"https:\\\/\\\/www.monaco-tribune.com\\\/it\\\/2023\\\/02\\\/gli-eventi-imperdibili-di-febbraio-a-monaco-e-dintorni\\\/#primaryimage\"},\"thumbnailUrl\":\"https:\\\/\\\/www.monaco-tribune.com\\\/wp-content\\\/uploads\\\/2023\\\/02\\\/carnaval-de-nice-officiel.jpg\",\"datePublished\":\"2023-02-08T13:24:49+00:00\",\"dateModified\":\"2023-02-08T13:29:25+00:00\",\"description\":\"\u00c8 il mese del famoso carnevale di Nizza... e non solo! Il Carnevale di Nizza \u00c8 senza dubbio l'evento pi\u00f9 importante della Costa Azzurra in inverno... Con\",\"breadcrumb\":{\"@id\":\"https:\\\/\\\/www.monaco-tribune.com\\\/it\\\/2023\\\/02\\\/gli-eventi-imperdibili-di-febbraio-a-monaco-e-dintorni\\\/#breadcrumb\"},\"inLanguage\":\"it-IT\",\"potentialAction\":[{\"@type\":\"ReadAction\",\"target\":[\"https:\\\/\\\/www.monaco-tribune.com\\\/it\\\/2023\\\/02\\\/gli-eventi-imperdibili-di-febbraio-a-monaco-e-dintorni\\\/\"]}]},{\"@type\":\"ImageObject\",\"inLanguage\":\"it-IT\",\"@id\":\"https:\\\/\\\/www.monaco-tribune.com\\\/it\\\/2023\\\/02\\\/gli-eventi-imperdibili-di-febbraio-a-monaco-e-dintorni\\\/#primaryimage\",\"url\":\"https:\\\/\\\/www.monaco-tribune.com\\\/wp-content\\\/uploads\\\/2023\\\/02\\\/carnaval-de-nice-officiel.jpg\",\"contentUrl\":\"https:\\\/\\\/www.monaco-tribune.com\\\/wp-content\\\/uploads\\\/2023\\\/02\\\/carnaval-de-nice-officiel.jpg\",\"width\":1200,\"height\":800,\"caption\":\"\u00a9 Carnevale di Nizza Ufficiale via Facebook\"},{\"@type\":\"BreadcrumbList\",\"@id\":\"https:\\\/\\\/www.monaco-tribune.com\\\/it\\\/2023\\\/02\\\/gli-eventi-imperdibili-di-febbraio-a-monaco-e-dintorni\\\/#breadcrumb\",\"itemListElement\":[{\"@type\":\"ListItem\",\"position\":1,\"name\":\"Accueil\",\"item\":\"https:\\\/\\\/www.monaco-tribune.com\\\/it\\\/\"},{\"@type\":\"ListItem\",\"position\":2,\"name\":\"Gli eventi imperdibili di febbraio a Monaco e dintorni\"}]},{\"@type\":\"WebSite\",\"@id\":\"https:\\\/\\\/www.monaco-tribune.com\\\/it\\\/#website\",\"url\":\"https:\\\/\\\/www.monaco-tribune.com\\\/it\\\/\",\"name\":\"Monaco Tribune\",\"description\":\"Monaco : actualit\u00e9s \u00e9conomiques, politiques, culturelles et sportives de Monaco et de la French Riviera.\",\"publisher\":{\"@id\":\"https:\\\/\\\/www.monaco-tribune.com\\\/it\\\/#organization\"},\"potentialAction\":[{\"@type\":\"SearchAction\",\"target\":{\"@type\":\"EntryPoint\",\"urlTemplate\":\"https:\\\/\\\/www.monaco-tribune.com\\\/it\\\/?s={search_term_string}\"},\"query-input\":{\"@type\":\"PropertyValueSpecification\",\"valueRequired\":true,\"valueName\":\"search_term_string\"}}],\"inLanguage\":\"it-IT\"},{\"@type\":\"Organization\",\"@id\":\"https:\\\/\\\/www.monaco-tribune.com\\\/it\\\/#organization\",\"name\":\"Monaco Tribune\",\"url\":\"https:\\\/\\\/www.monaco-tribune.com\\\/it\\\/\",\"logo\":{\"@type\":\"ImageObject\",\"inLanguage\":\"it-IT\",\"@id\":\"https:\\\/\\\/www.monaco-tribune.com\\\/it\\\/#\\\/schema\\\/logo\\\/image\\\/\",\"url\":\"https:\\\/\\\/www.monaco-tribune.com\\\/wp-content\\\/uploads\\\/2022\\\/11\\\/logo-monaco-tribune.png\",\"contentUrl\":\"https:\\\/\\\/www.monaco-tribune.com\\\/wp-content\\\/uploads\\\/2022\\\/11\\\/logo-monaco-tribune.png\",\"width\":1548,\"height\":600,\"caption\":\"Monaco Tribune\"},\"image\":{\"@id\":\"https:\\\/\\\/www.monaco-tribune.com\\\/it\\\/#\\\/schema\\\/logo\\\/image\\\/\"},\"sameAs\":[\"https:\\\/\\\/www.facebook.com\\\/MonacoTribune\",\"https:\\\/\\\/x.com\\\/MonacoTribune\",\"https:\\\/\\\/www.instagram.com\\\/monacotribune\\\/\",\"https:\\\/\\\/www.linkedin.com\\\/company\\\/monaco-tribune\",\"https:\\\/\\\/www.youtube.com\\\/channel\\\/UCHle1MnG6hw1y4lWKijVbMA\"]},{\"@type\":\"Person\",\"@id\":\"https:\\\/\\\/www.monaco-tribune.com\\\/it\\\/#\\\/schema\\\/person\\\/dd3b5770833f791d3f4d808f1aa84499\",\"name\":\"Sarah Incari\",\"image\":{\"@type\":\"ImageObject\",\"inLanguage\":\"it-IT\",\"@id\":\"https:\\\/\\\/secure.gravatar.com\\\/avatar\\\/4ac0b37be892d57107ccdd804e3f2a03bf1e3fca097512136d3603859293cb0e?s=96&d=mm&r=g\",\"url\":\"https:\\\/\\\/secure.gravatar.com\\\/avatar\\\/4ac0b37be892d57107ccdd804e3f2a03bf1e3fca097512136d3603859293cb0e?s=96&d=mm&r=g\",\"contentUrl\":\"https:\\\/\\\/secure.gravatar.com\\\/avatar\\\/4ac0b37be892d57107ccdd804e3f2a03bf1e3fca097512136d3603859293cb0e?s=96&d=mm&r=g\",\"caption\":\"Sarah Incari\"},\"url\":\"https:\\\/\\\/www.monaco-tribune.com\\\/it\\\/author\\\/sarahincari\\\/\"}]}<\/script>\n<!-- \/ Yoast SEO Premium plugin. -->","yoast_head_json":{"title":"Gli eventi imperdibili di febbraio a Monaco e dintorni","description":"\u00c8 il mese del famoso carnevale di Nizza... e non solo! Il Carnevale di Nizza \u00c8 senza dubbio l'evento pi\u00f9 importante della Costa Azzurra in inverno... Con","robots":{"index":"index","follow":"follow","max-snippet":"max-snippet:-1","max-image-preview":"max-image-preview:large","max-video-preview":"max-video-preview:-1"},"canonical":"https:\/\/www.monaco-tribune.com\/it\/2023\/02\/gli-eventi-imperdibili-di-febbraio-a-monaco-e-dintorni\/","og_locale":"it_IT","og_type":"article","og_title":"Gli eventi imperdibili di febbraio a Monaco e dintorni - Monaco Tribune","og_description":"\u00c8 il mese del famoso carnevale di Nizza... e non solo! Il Carnevale di Nizza \u00c8 senza dubbio l'evento pi\u00f9 importante della Costa Azzurra in inverno... Con","og_url":"https:\/\/www.monaco-tribune.com\/it\/2023\/02\/gli-eventi-imperdibili-di-febbraio-a-monaco-e-dintorni\/","og_site_name":"Monaco Tribune","article_publisher":"https:\/\/www.facebook.com\/MonacoTribune","article_published_time":"2023-02-08T13:24:49+00:00","article_modified_time":"2023-02-08T13:29:25+00:00","og_image":[{"width":1200,"height":800,"url":"https:\/\/www.monaco-tribune.com\/wp-content\/uploads\/2023\/02\/carnaval-de-nice-officiel.jpg","type":"image\/jpeg"}],"author":"Sarah Incari","twitter_card":"summary_large_image","twitter_creator":"@MonacoTribune","twitter_site":"@MonacoTribune","schema":{"@context":"https:\/\/schema.org","@graph":[{"@type":"NewsArticle","@id":"https:\/\/www.monaco-tribune.com\/it\/2023\/02\/gli-eventi-imperdibili-di-febbraio-a-monaco-e-dintorni\/#article","isPartOf":{"@id":"https:\/\/www.monaco-tribune.com\/it\/2023\/02\/gli-eventi-imperdibili-di-febbraio-a-monaco-e-dintorni\/"},"author":{"name":"Sarah Incari","@id":"https:\/\/www.monaco-tribune.com\/it\/#\/schema\/person\/dd3b5770833f791d3f4d808f1aa84499"},"headline":"Gli eventi imperdibili di febbraio a Monaco e dintorni","datePublished":"2023-02-08T13:24:49+00:00","dateModified":"2023-02-08T13:29:25+00:00","mainEntityOfPage":{"@id":"https:\/\/www.monaco-tribune.com\/it\/2023\/02\/gli-eventi-imperdibili-di-febbraio-a-monaco-e-dintorni\/"},"wordCount":359,"publisher":{"@id":"https:\/\/www.monaco-tribune.com\/it\/#organization"},"image":{"@id":"https:\/\/www.monaco-tribune.com\/it\/2023\/02\/gli-eventi-imperdibili-di-febbraio-a-monaco-e-dintorni\/#primaryimage"},"thumbnailUrl":"https:\/\/www.monaco-tribune.com\/wp-content\/uploads\/2023\/02\/carnaval-de-nice-officiel.jpg","keywords":["Eventi"],"articleSection":["Cosa fare","La nostra scelta","Notizie"],"inLanguage":"it-IT","copyrightYear":"2023","copyrightHolder":{"@id":"https:\/\/www.monaco-tribune.com\/#organization"}},{"@type":"WebPage","@id":"https:\/\/www.monaco-tribune.com\/it\/2023\/02\/gli-eventi-imperdibili-di-febbraio-a-monaco-e-dintorni\/","url":"https:\/\/www.monaco-tribune.com\/it\/2023\/02\/gli-eventi-imperdibili-di-febbraio-a-monaco-e-dintorni\/","name":"Gli eventi imperdibili di febbraio a Monaco e dintorni","isPartOf":{"@id":"https:\/\/www.monaco-tribune.com\/it\/#website"},"primaryImageOfPage":{"@id":"https:\/\/www.monaco-tribune.com\/it\/2023\/02\/gli-eventi-imperdibili-di-febbraio-a-monaco-e-dintorni\/#primaryimage"},"image":{"@id":"https:\/\/www.monaco-tribune.com\/it\/2023\/02\/gli-eventi-imperdibili-di-febbraio-a-monaco-e-dintorni\/#primaryimage"},"thumbnailUrl":"https:\/\/www.monaco-tribune.com\/wp-content\/uploads\/2023\/02\/carnaval-de-nice-officiel.jpg","datePublished":"2023-02-08T13:24:49+00:00","dateModified":"2023-02-08T13:29:25+00:00","description":"\u00c8 il mese del famoso carnevale di Nizza... e non solo! Il Carnevale di Nizza \u00c8 senza dubbio l'evento pi\u00f9 importante della Costa Azzurra in inverno... Con","breadcrumb":{"@id":"https:\/\/www.monaco-tribune.com\/it\/2023\/02\/gli-eventi-imperdibili-di-febbraio-a-monaco-e-dintorni\/#breadcrumb"},"inLanguage":"it-IT","potentialAction":[{"@type":"ReadAction","target":["https:\/\/www.monaco-tribune.com\/it\/2023\/02\/gli-eventi-imperdibili-di-febbraio-a-monaco-e-dintorni\/"]}]},{"@type":"ImageObject","inLanguage":"it-IT","@id":"https:\/\/www.monaco-tribune.com\/it\/2023\/02\/gli-eventi-imperdibili-di-febbraio-a-monaco-e-dintorni\/#primaryimage","url":"https:\/\/www.monaco-tribune.com\/wp-content\/uploads\/2023\/02\/carnaval-de-nice-officiel.jpg","contentUrl":"https:\/\/www.monaco-tribune.com\/wp-content\/uploads\/2023\/02\/carnaval-de-nice-officiel.jpg","width":1200,"height":800,"caption":"\u00a9 Carnevale di Nizza Ufficiale via Facebook"},{"@type":"BreadcrumbList","@id":"https:\/\/www.monaco-tribune.com\/it\/2023\/02\/gli-eventi-imperdibili-di-febbraio-a-monaco-e-dintorni\/#breadcrumb","itemListElement":[{"@type":"ListItem","position":1,"name":"Accueil","item":"https:\/\/www.monaco-tribune.com\/it\/"},{"@type":"ListItem","position":2,"name":"Gli eventi imperdibili di febbraio a Monaco e dintorni"}]},{"@type":"WebSite","@id":"https:\/\/www.monaco-tribune.com\/it\/#website","url":"https:\/\/www.monaco-tribune.com\/it\/","name":"Monaco Tribune","description":"Monaco : actualit\u00e9s \u00e9conomiques, politiques, culturelles et sportives de Monaco et de la French Riviera.","publisher":{"@id":"https:\/\/www.monaco-tribune.com\/it\/#organization"},"potentialAction":[{"@type":"SearchAction","target":{"@type":"EntryPoint","urlTemplate":"https:\/\/www.monaco-tribune.com\/it\/?s={search_term_string}"},"query-input":{"@type":"PropertyValueSpecification","valueRequired":true,"valueName":"search_term_string"}}],"inLanguage":"it-IT"},{"@type":"Organization","@id":"https:\/\/www.monaco-tribune.com\/it\/#organization","name":"Monaco Tribune","url":"https:\/\/www.monaco-tribune.com\/it\/","logo":{"@type":"ImageObject","inLanguage":"it-IT","@id":"https:\/\/www.monaco-tribune.com\/it\/#\/schema\/logo\/image\/","url":"https:\/\/www.monaco-tribune.com\/wp-content\/uploads\/2022\/11\/logo-monaco-tribune.png","contentUrl":"https:\/\/www.monaco-tribune.com\/wp-content\/uploads\/2022\/11\/logo-monaco-tribune.png","width":1548,"height":600,"caption":"Monaco Tribune"},"image":{"@id":"https:\/\/www.monaco-tribune.com\/it\/#\/schema\/logo\/image\/"},"sameAs":["https:\/\/www.facebook.com\/MonacoTribune","https:\/\/x.com\/MonacoTribune","https:\/\/www.instagram.com\/monacotribune\/","https:\/\/www.linkedin.com\/company\/monaco-tribune","https:\/\/www.youtube.com\/channel\/UCHle1MnG6hw1y4lWKijVbMA"]},{"@type":"Person","@id":"https:\/\/www.monaco-tribune.com\/it\/#\/schema\/person\/dd3b5770833f791d3f4d808f1aa84499","name":"Sarah Incari","image":{"@type":"ImageObject","inLanguage":"it-IT","@id":"https:\/\/secure.gravatar.com\/avatar\/4ac0b37be892d57107ccdd804e3f2a03bf1e3fca097512136d3603859293cb0e?s=96&d=mm&r=g","url":"https:\/\/secure.gravatar.com\/avatar\/4ac0b37be892d57107ccdd804e3f2a03bf1e3fca097512136d3603859293cb0e?s=96&d=mm&r=g","contentUrl":"https:\/\/secure.gravatar.com\/avatar\/4ac0b37be892d57107ccdd804e3f2a03bf1e3fca097512136d3603859293cb0e?s=96&d=mm&r=g","caption":"Sarah Incari"},"url":"https:\/\/www.monaco-tribune.com\/it\/author\/sarahincari\/"}]}},"_links":{"self":[{"href":"https:\/\/www.monaco-tribune.com\/it\/wp-json\/wp\/v2\/posts\/162934","targetHints":{"allow":["GET"]}}],"collection":[{"href":"https:\/\/www.monaco-tribune.com\/it\/wp-json\/wp\/v2\/posts"}],"about":[{"href":"https:\/\/www.monaco-tribune.com\/it\/wp-json\/wp\/v2\/types\/post"}],"author":[{"embeddable":true,"href":"https:\/\/www.monaco-tribune.com\/it\/wp-json\/wp\/v2\/users\/69"}],"replies":[{"embeddable":true,"href":"https:\/\/www.monaco-tribune.com\/it\/wp-json\/wp\/v2\/comments?post=162934"}],"version-history":[{"count":0,"href":"https:\/\/www.monaco-tribune.com\/it\/wp-json\/wp\/v2\/posts\/162934\/revisions"}],"wp:featuredmedia":[{"embeddable":true,"href":"https:\/\/www.monaco-tribune.com\/it\/wp-json\/wp\/v2\/media\/162627"}],"wp:attachment":[{"href":"https:\/\/www.monaco-tribune.com\/it\/wp-json\/wp\/v2\/media?parent=162934"}],"wp:term":[{"taxonomy":"category","embeddable":true,"href":"https:\/\/www.monaco-tribune.com\/it\/wp-json\/wp\/v2\/categories?post=162934"},{"taxonomy":"post_tag","embeddable":true,"href":"https:\/\/www.monaco-tribune.com\/it\/wp-json\/wp\/v2\/tags?post=162934"},{"taxonomy":"sectag","embeddable":true,"href":"https:\/\/www.monaco-tribune.com\/it\/wp-json\/wp\/v2\/post_sectags?post=162934"},{"taxonomy":"format","embeddable":true,"href":"https:\/\/www.monaco-tribune.com\/it\/wp-json\/wp\/v2\/post_format?post=162934"}],"curies":[{"name":"wp","href":"https:\/\/api.w.org\/{rel}","templated":true}]}}