{"id":163161,"date":"2025-08-05T10:25:46","date_gmt":"2025-08-05T08:25:46","guid":{"rendered":"https:\/\/www.monaco-tribune.com\/2023\/02\/parcheggiare-a-monaco-tutto-quello-che-ce-da-sapere\/"},"modified":"2025-08-05T10:25:48","modified_gmt":"2025-08-05T08:25:48","slug":"parcheggiare-a-monaco-tutto-quello-che-ce-da-sapere","status":"publish","type":"post","link":"https:\/\/www.monaco-tribune.com\/it\/2025\/08\/parcheggiare-a-monaco-tutto-quello-che-ce-da-sapere\/","title":{"rendered":"Parcheggiare a Monaco: tutto quello che c\u2019\u00e8 da sapere"},"content":{"rendered":"\n<p><strong>Che siate turisti, impiegati o residenti, vi sveliamo dove poter parcheggiare la vostra auto e a quali tariffe.<\/strong><\/p>\n\n<p>A Monaco i parcheggi su strada sono limitati, soprattutto per motivi estetici. Ci sono infatti solo 1000 posti disponibili. Oltre a essere gratuiti per le auto elettriche e per tutti gli automobilisti la domenica (solo su strada), la tariffa abituale \u00e8 di 2,40\u20ac l&#8217;ora, pagabili direttamente al parchimetro o tramite le applicazioni PayByPhone e Monapass. Sottolineiamo inoltre che, nella maggior parte delle zone, il tempo massimo di parcheggio \u00e8 di due ore. I parcheggi a pagamento restano quindi l&#8217;opzione migliore.<\/p>\n\n<h2 class=\"wp-block-heading\" id=\"h-ou-se-garer-a-monaco\">Dove parcheggiare a Monaco?<\/h2>\n\n<p>L&#8217;Annonciade, il Grimaldi Forum, il Jardin Exotique&#8230; Il Principato dispone di una quarantina di parcheggi pubblici e di quasi 20.000 posti auto sparsi sul territorio. Per conoscere i posti liberi in tempo reale, \u00e8 disponibile una <a href=\"https:\/\/maps.parkings.mc\/\">mappa interattiva<\/a>. Specificando il luogo e il tempo di sosta desiderati, il sistema indica il parcheggio pi\u00f9 vicino con un punto blu lampeggiante.<\/p>\n<div class=\"wp-block-image\">\n<figure class=\"aligncenter size-large\"><img loading=\"lazy\" decoding=\"async\" width=\"1024\" height=\"584\" src=\"https:\/\/www.monaco-tribune.com\/wp-content\/uploads\/2023\/01\/capture-decran-2023-01-19-a-17.13.20-3-1024x584.jpg\" alt=\"\" class=\"wp-image-160804\" srcset=\"https:\/\/www.monaco-tribune.com\/wp-content\/uploads\/2023\/01\/capture-decran-2023-01-19-a-17.13.20-3-1024x584.jpg 1024w, https:\/\/www.monaco-tribune.com\/wp-content\/uploads\/2023\/01\/capture-decran-2023-01-19-a-17.13.20-3-526x300.jpg 526w, https:\/\/www.monaco-tribune.com\/wp-content\/uploads\/2023\/01\/capture-decran-2023-01-19-a-17.13.20-3-scaled.jpg 2048w\" sizes=\"auto, (max-width: 1024px) 100vw, 1024px\" \/><figcaption class=\"wp-element-caption\"><em>Schermata della mappa interattiva \u00a9 Monaco Parkings<\/em><\/figcaption><\/figure>\n<\/div>\n<p>Per i turisti che desiderano visitare il Palazzo del Principe o il Museo Oceanografico di Monaco, la soluzione migliore, ad esempio, \u00e8 parcheggiare al Parking des P\u00eacheurs.<\/p>\n\n<p>In un banner sulla destra, troverete anche l&#8217;elenco completo di tutti i parcheggi. Per facilitare l&#8217;esperienza, sono indicate anche la via da cui si pu\u00f2 accedere al parcheggio e una previsione del numero di posti rimanenti.<\/p>\n\n<h2 class=\"wp-block-heading\" id=\"h-fermeture-temporaire-du-parking-louis-ii\">Chiusura temporanea del parking Louis II<\/h2>\n\n<p>Dal 21 luglio 2025, il <a href=\"https:\/\/www.monaco-tribune.com\/2025\/07\/le-parking-louis-ii-fermera-pendant-dix-semaines\/\">parking Louis\u202fII<\/a> \u00e8 chiuso per dieci settimane per lavori di ripristino del suolo, delle mura e dei tetti. La riapertura \u00e8 prevista il <strong>6 ottobre 2025<\/strong> alle 6:00. Nell&#8217;attesa, gli abbonati saranno dirottati ai parcheggi Grimaldi Forum e Portier, mentre gli altri utenti sono invitati a parcheggiare nel parking del Viaduc<\/p>\n\n<h2 class=\"wp-block-heading\" id=\"h-quels-sont-les-tarifs-des-parkings\">Quanto costano i parcheggi?<\/h2>\n\n<p>Ad eccezione di sei parcheggi specifici (i due park-and-ride e i parcheggi dell\u2019Abbaye, di Place d&#8217;Armes, di Oliviers e Bellevue), tutti i parcheggi di Monaco applicano la stessa tariffa.<\/p>\n\n<p>Per soste inferiori a un&#8217;ora non si paga nulla, ma dovrete considerare 2,80\u20ac per 1 ora e 15 minuti, 4,40\u20ac per 1 ora e 30 minuti, 5,90\u20ac per 1 ora e 45 minuti e 7,30\u20ac per 2 ore. Le tariffe vanno a decrescere, quindi per 3 ore di parcheggio, il totale sar\u00e0 di 11,60\u20ac, per 4 ore, 14,50\u20ac&#8230;<\/p>\n\n<p>Di notte, cio\u00e8 tra le 19:00 e le 8:00, la tariffa \u00e8 di 0,70\u20ac per 15 minuti. Se si parcheggia per 24 ore, il costo del parcheggio \u00e8 di 24\u20ac.<\/p>\n\n<p>Infine, come negli anni precedenti, in caso di biglietto smarrito dovete considerare il costo del giornaliero di 25\u20ac.<\/p>\n\n<p>Attenzione: il sabato e la domenica non \u00e8 possibile parcheggiare gratuitamente e le tariffe del fine settimana sono le stesse dei giorni feriali.<\/p>\n<div class=\"wp-block-image\">\n<figure class=\"aligncenter size-large\"><img loading=\"lazy\" decoding=\"async\" width=\"816\" height=\"1024\" src=\"https:\/\/www.monaco-tribune.com\/wp-content\/uploads\/2024\/04\/tarifs-816x1024.png\" alt=\"Tariffe Parking\" class=\"wp-image-269148\" srcset=\"https:\/\/www.monaco-tribune.com\/wp-content\/uploads\/2024\/04\/tarifs-816x1024.png 816w, https:\/\/www.monaco-tribune.com\/wp-content\/uploads\/2024\/04\/tarifs-239x300.png 239w, https:\/\/www.monaco-tribune.com\/wp-content\/uploads\/2024\/04\/tarifs.png 888w\" sizes=\"auto, (max-width: 816px) 100vw, 816px\" \/><figcaption class=\"wp-element-caption\"><em>Screenshot del Journal de Monaco del 20\/12\/2024 \u00a9 Journal de Monaco<\/em><\/figcaption><\/figure>\n<\/div>\n<h2 class=\"wp-block-heading\" id=\"h-les-abonnements-mensuels\">Abbonamenti mensili<\/h2>\n\n<p>Per stare pi\u00f9 sereni, \u00e8 possibile <a href=\"https:\/\/www.monaco-tribune.com\/2024\/12\/obtenir-un-abonnement-au-parking-des-salines-ce-quil-faut-savoir\/\">ottenere un posto in un parcheggio pubblico<\/a> di Monaco. La priorit\u00e0, per\u00f2, viene sempre data ai residenti monegaschi che non dispongono di un parcheggio privato nel loro edificio.<\/p>\n\n<p>Anche i lavoratori dipendenti del Principato possono beneficiarne. La priorit\u00e0 \u00e8 data ai conducenti di macchine elettriche e\/o possessori di un abbonamento di carpooling.<\/p>\n\n<p>Le tariffe dell\u2019abbonamento mensile, che hanno subito un aumento con l\u2019inizio del 2025, sono le seguenti: per i residenti nel Principato, l&#8217;abbonamento \u00e8 di 117\u20ac al mese.<\/p>\n\n<p>Chi lavora a Monaco pu\u00f2 sottoscrivere un abbonamento &#8220;jour-travail&#8221; (giorno-lavoro) per 300 ore di sosta a un costo di 103\u20ac al mese (93,50\u20ac nel 2022). Questa formula permette di parcheggiare regolarmente in uno o pi\u00f9 parcheggi aderenti, secondo disponibilit\u00e0.<\/p>\n\n<p>Alcune categorie specifiche, come i professionisti, gli sportivi tesserati a Monaco o i funzionari pubblici, possono beneficiare della stessa agevolazione ma a determinate condizioni. <\/p>\n\n<p class=\"related\"><a href=\"https:\/\/www.monaco-tribune.com\/it\/2022\/10\/qual-e-la-situazione-dei-due-ruote-a-monaco\/\">Qual \u00e8 la situazione dei due ruote a Monaco?<\/a><\/p>\n\n<h2 class=\"wp-block-heading\" id=\"h-les-parkings-relais-moins-chers\">Parcheggi park-and-ride, i meno costosi<\/h2>\n\n<p>L&#8217;obiettivo dei park-and-ride (ovvero i parcheggi all&#8217;ingresso della citt\u00e0) \u00e8 semplice: fare in modo che il maggior numero possibile di automobilisti parcheggi all&#8217;ingresso della citt\u00e0, per decongestionare le strade del Principato. Per il momento, l&#8217;unico park-and-ride vicino a Monaco \u00e8 lo Zac Saint-Antoine di Cap d&#8217;Ail.<\/p>\n\n<p>I pendolari e i visitatori potranno scegliere come raggiungere il posto di lavoro o qualsiasi altro luogo: utilizzando gli autobus, per i quali \u00e8 previsto un abbonamento gratuito, o percorrendo la galleria Salines che permette di raggiungere a piedi il Centro Ospedaliero Principessa Grace e Fontvieille.<br\/><\/p>\n\n<p>Questi parcheggi rappresentano un&#8217;alternativa economica: gli abbonati idonei possono beneficiare di tariffe notevolmente ridotte grazie a un rimborso di 52\u20ac al mese, a condizione di parcheggiare esclusivamente in queste aree di sosta. Per esempio, un lavoratore che utilizza l&#8217;abbonamento jour-travail (103\u20ac) pagher\u00e0 appena 51\u20ac al mese scegliendo la soluzione park-and-ride.<\/p>\n\n<p>Senza l&#8217;abbonamento di cui sopra, il park-and-ride resta comunque la scelta pi\u00f9 economica: 4\u20ac per due ore rispetto ai 7\u20ac di un parcheggio &#8220;normale&#8221;.<\/p>\n\n<h2 class=\"wp-block-heading\" id=\"h-le-parking-des-salines\">Il Parking des Salines<\/h2>\n\n<p>Pensato principalemente per i dipendenti, il Parking des Salines (inaugurato il 15 aprile 2024) \u00e8 una boccata di aria fresca per il Principato. Situato all&#8217;entrata ovest della citt\u00e0, \u00e8 collegato al centro con <strong>navette gratuite ogni 10 minuti<\/strong>, e dispone di servizi moderni su cinque piani (ricarica elettrica, bike sharing, ascensori pubblici&#8230;):<\/p>\n\n<ul class=\"wp-block-list\">\n<li><strong>Un totale di 1.790 posti <\/strong>per veicoli leggeri.<\/li>\n\n\n\n<li>100 stazioni per la ricarica elettrica Monaco ON. <\/li>\n\n\n\n<li>33 posti per persone a mobilit\u00e0 ridotta.<\/li>\n\n\n\n<li>5 posti Mobees.<\/li>\n\n\n\n<li>100 posti moto di cui 15 per moto elettriche.<\/li>\n\n\n\n<li>Due stazioni per le biciclette con 63 MonaBike (al piano -1 e al -15 del parcheggio).<\/li>\n\n\n\n<li>Un&#8217;area lavaggio con riciclo dell&#8217;acqua.<\/li>\n\n\n\n<li>Un&#8217;area di stazionamento per gli autocarri diurna e notturna.<\/li>\n\n\n\n<li>Due navette express e la linea 2 della Compagnie des Autobus de Monaco che servono i quartieri di Monte-Carlo e Condamine.<\/li>\n\n\n\n<li>La Galerie des Salines che collega a piedi il Jardin Exotique all&#8217;Avenue Pasteur, per raggiungere in pochi minuti il cimitero di Monaco o il nuovo Centro Ospedaliero Principessa Grace.<\/li>\n<\/ul>\n<div class=\"wp-block-image\">\n<figure class=\"aligncenter size-large\"><img loading=\"lazy\" decoding=\"async\" width=\"1024\" height=\"683\" src=\"https:\/\/www.monaco-tribune.com\/wp-content\/uploads\/2024\/04\/436482653_938329738293960_3440746352198968168_n-2-1024x683.jpg\" alt=\"\" class=\"wp-image-228111\" srcset=\"https:\/\/www.monaco-tribune.com\/wp-content\/uploads\/2024\/04\/436482653_938329738293960_3440746352198968168_n-2-1024x683.jpg 1024w, https:\/\/www.monaco-tribune.com\/wp-content\/uploads\/2024\/04\/436482653_938329738293960_3440746352198968168_n-2-450x300.jpg 450w, https:\/\/www.monaco-tribune.com\/wp-content\/uploads\/2024\/04\/436482653_938329738293960_3440746352198968168_n-2.jpg 2048w\" sizes=\"auto, (max-width: 1024px) 100vw, 1024px\" \/><figcaption class=\"wp-element-caption\">\u00a9 <em>Direzione della Comunicazione \/ Manuel Vitali<\/em><\/figcaption><\/figure>\n<\/div>\n<p>Arrivando <strong>in auto<\/strong>, troverete:<\/p>\n\n<ul class=\"wp-block-list\">\n<li>Un&#8217;entrata e un&#8217;uscita sul Boulevard du Jardin Exotique.<\/li>\n\n\n\n<li>Un ingresso dalla Moyenne Corniche, all&#8217;imbocco del Tunnel Albert II.<\/li>\n\n\n\n<li>Una rampa di uscita subito dopo l&#8217;Exotique, in direzione di Nizza.<\/li>\n\n\n\n<li>Un&#8217;entrata e un&#8217;uscita in Boulevard de Belgique e Avenue Pasteur.<\/li>\n<\/ul>\n\n<p>Arrivando <strong>a piedi<\/strong>, troverete:<\/p>\n\n<ul class=\"wp-block-list\">\n<li>3 uscite pedonali dalla parte alta del parcheggio, di cui una presso l&#8217;edificio Exotique.<\/li>\n\n\n\n<li>Un&#8217;uscita nella parte bassa verso la Galerie des Salines.<\/li>\n<\/ul>\n\n<p><strong>Tariffe:<\/strong><\/p>\n\n<ul class=\"wp-block-list\">\n<li>Una <strong>tariffa unica<\/strong> per fasce orarie, ovvero <strong>7,50\u20ac per mezza giornata<\/strong> e <strong>11\u20ac per l&#8217;intera giornata<\/strong>.<\/li>\n\n\n\n<li>Segnaliamo che il parcheggio prevede una sosta gratuita di 15 minuti, dato che si tratta principalmente di un parcheggio park-and-ride.<\/li>\n\n\n\n<li>L&#8217;abbonamento mensile di 300 ore costa 51 euro (50% in meno rispetto agli altri parcheggi) ed \u00e8 incluso anche l&#8217;abbonamento alla CAM. <\/li>\n\n\n\n<li>10 biglietti gratis per la CAM mostrando il biglietto del parcheggio alla fermata dell&#8217;autobus Salines, utili per consentire a 5 passeggeri di un auto di andare e tornare gratuitamente dal centro citt\u00e0 con le navette express o la linea 2.<\/li>\n<\/ul>\n\n<p class=\"related\"><a href=\"https:\/\/www.monaco-tribune.com\/it\/i-trasporti-a-monaco\/\">I trasporti a Monaco<\/a><\/p>\n\n<h2 class=\"wp-block-heading\" id=\"h-un-abonnement-pour-les-deux-roues-motorises\">Un abbonamento per moto e scooter<\/h2>\n\n<p>Chi guida una moto o uno scooter pu\u00f2 usufruire di un abbonamento dedicato a un costo di 33\u20ac al mese, valido in un parcheggio designato. Per chi dispone gi\u00e0 di un abbonamento auto, \u00e8 prevista una tariffa supplementare di 10\u20ac al mese per parcheggiare la moto nello stesso parcheggio.<\/p>\n\n<figure class=\"wp-block-embed is-type-wp-embed is-provider-monaco-tribune wp-block-embed-monaco-tribune\">\r\n<div class=\"wp-block-embed__wrapper\">https:\/\/www.monaco-tribune.com\/it\/2025\/07\/dove-trovare-refrigerio-a-monaco\/<\/div><\/figure>\n\n<p><strong>Da avere a portata di mano:<\/strong><\/p>\n\n<p><a href=\"https:\/\/www.monaco-tribune.com\/2018\/12\/facile-garer-monaco-appli-mobile-stationnement\/\">PayByPhone<\/a><\/p>\n\n<p><a href=\"https:\/\/monapass.mc\/\">Monapass<\/a><\/p>\n\n<p><\/p>\n","protected":false},"excerpt":{"rendered":"<p>Che siate turisti, impiegati o residenti, vi sveliamo dove poter parcheggiare la vostra auto e a quali tariffe. A Monaco [&hellip;]<\/p>\n","protected":false},"author":21,"featured_media":155057,"comment_status":"closed","ping_status":"closed","sticky":false,"template":"","format":"standard","meta":{"_acf_changed":false,"footnotes":""},"categories":[1826,1738,1752],"tags":[2859],"post_sectags":[],"post_format":[2477],"class_list":["post-163161","post","type-post","status-publish","format-standard","has-post-thumbnail","hentry","category-la-nostra-scelta","category-notizie","category-societa","tag-trasporto","format-info-pratiche"],"acf":[],"yoast_head":"<!-- This site is optimized with the Yoast SEO Premium plugin v26.8 (Yoast SEO v27.4) - https:\/\/yoast.com\/product\/yoast-seo-premium-wordpress\/ -->\n<title>Parcheggiare a Monaco: tutto quello che c\u2019\u00e8 da sapere<\/title>\n<meta name=\"description\" content=\"Che siate turisti, impiegati o residenti, vi sveliamo dove poter parcheggiare la vostra auto e a quali tariffe. A Monaco i parcheggi su strada sono\" \/>\n<meta name=\"robots\" content=\"index, follow, max-snippet:-1, max-image-preview:large, max-video-preview:-1\" \/>\n<link rel=\"canonical\" href=\"https:\/\/www.monaco-tribune.com\/it\/2025\/08\/parcheggiare-a-monaco-tutto-quello-che-ce-da-sapere\/\" \/>\n<meta property=\"og:locale\" content=\"it_IT\" \/>\n<meta property=\"og:type\" content=\"article\" \/>\n<meta property=\"og:title\" content=\"Parcheggiare a Monaco: tutto quello che c\u2019\u00e8 da sapere - Monaco Tribune\" \/>\n<meta property=\"og:description\" content=\"Che siate turisti, impiegati o residenti, vi sveliamo dove poter parcheggiare la vostra auto e a quali tariffe. A Monaco i parcheggi su strada sono\" \/>\n<meta property=\"og:url\" content=\"https:\/\/www.monaco-tribune.com\/it\/2025\/08\/parcheggiare-a-monaco-tutto-quello-che-ce-da-sapere\/\" \/>\n<meta property=\"og:site_name\" content=\"Monaco Tribune\" \/>\n<meta property=\"article:publisher\" content=\"https:\/\/www.facebook.com\/MonacoTribune\" \/>\n<meta property=\"article:published_time\" content=\"2025-08-05T08:25:46+00:00\" \/>\n<meta property=\"article:modified_time\" content=\"2025-08-05T08:25:48+00:00\" \/>\n<meta property=\"og:image\" content=\"https:\/\/www.monaco-tribune.com\/wp-content\/uploads\/2022\/12\/parking-monaco-1.jpg\" \/>\n\t<meta property=\"og:image:width\" content=\"1200\" \/>\n\t<meta property=\"og:image:height\" content=\"800\" \/>\n\t<meta property=\"og:image:type\" content=\"image\/jpeg\" \/>\n<meta name=\"author\" content=\"Monaco Tribune\" \/>\n<meta name=\"twitter:card\" content=\"summary_large_image\" \/>\n<meta name=\"twitter:creator\" content=\"@MonacoTribune\" \/>\n<meta name=\"twitter:site\" content=\"@MonacoTribune\" \/>\n<script type=\"application\/ld+json\" class=\"yoast-schema-graph\">{\"@context\":\"https:\\\/\\\/schema.org\",\"@graph\":[{\"@type\":\"NewsArticle\",\"@id\":\"https:\\\/\\\/www.monaco-tribune.com\\\/it\\\/2025\\\/08\\\/parcheggiare-a-monaco-tutto-quello-che-ce-da-sapere\\\/#article\",\"isPartOf\":{\"@id\":\"https:\\\/\\\/www.monaco-tribune.com\\\/it\\\/2025\\\/08\\\/parcheggiare-a-monaco-tutto-quello-che-ce-da-sapere\\\/\"},\"author\":{\"name\":\"Monaco Tribune\",\"@id\":\"https:\\\/\\\/www.monaco-tribune.com\\\/it\\\/#\\\/schema\\\/person\\\/8f6ed8c063276e2397589eda5b7a2f2d\"},\"headline\":\"Parcheggiare a Monaco: tutto quello che c\u2019\u00e8 da sapere\",\"datePublished\":\"2025-08-05T08:25:46+00:00\",\"dateModified\":\"2025-08-05T08:25:48+00:00\",\"mainEntityOfPage\":{\"@id\":\"https:\\\/\\\/www.monaco-tribune.com\\\/it\\\/2025\\\/08\\\/parcheggiare-a-monaco-tutto-quello-che-ce-da-sapere\\\/\"},\"wordCount\":1176,\"publisher\":{\"@id\":\"https:\\\/\\\/www.monaco-tribune.com\\\/it\\\/#organization\"},\"image\":{\"@id\":\"https:\\\/\\\/www.monaco-tribune.com\\\/it\\\/2025\\\/08\\\/parcheggiare-a-monaco-tutto-quello-che-ce-da-sapere\\\/#primaryimage\"},\"thumbnailUrl\":\"https:\\\/\\\/www.monaco-tribune.com\\\/wp-content\\\/uploads\\\/2022\\\/12\\\/parking-monaco-1.jpg\",\"keywords\":[\"Trasporto\"],\"articleSection\":[\"La nostra scelta\",\"Notizie\",\"Societ\u00e0\"],\"inLanguage\":\"it-IT\",\"copyrightYear\":\"2025\",\"copyrightHolder\":{\"@id\":\"https:\\\/\\\/www.monaco-tribune.com\\\/#organization\"}},{\"@type\":\"WebPage\",\"@id\":\"https:\\\/\\\/www.monaco-tribune.com\\\/it\\\/2025\\\/08\\\/parcheggiare-a-monaco-tutto-quello-che-ce-da-sapere\\\/\",\"url\":\"https:\\\/\\\/www.monaco-tribune.com\\\/it\\\/2025\\\/08\\\/parcheggiare-a-monaco-tutto-quello-che-ce-da-sapere\\\/\",\"name\":\"Parcheggiare a Monaco: tutto quello che c\u2019\u00e8 da sapere\",\"isPartOf\":{\"@id\":\"https:\\\/\\\/www.monaco-tribune.com\\\/it\\\/#website\"},\"primaryImageOfPage\":{\"@id\":\"https:\\\/\\\/www.monaco-tribune.com\\\/it\\\/2025\\\/08\\\/parcheggiare-a-monaco-tutto-quello-che-ce-da-sapere\\\/#primaryimage\"},\"image\":{\"@id\":\"https:\\\/\\\/www.monaco-tribune.com\\\/it\\\/2025\\\/08\\\/parcheggiare-a-monaco-tutto-quello-che-ce-da-sapere\\\/#primaryimage\"},\"thumbnailUrl\":\"https:\\\/\\\/www.monaco-tribune.com\\\/wp-content\\\/uploads\\\/2022\\\/12\\\/parking-monaco-1.jpg\",\"datePublished\":\"2025-08-05T08:25:46+00:00\",\"dateModified\":\"2025-08-05T08:25:48+00:00\",\"description\":\"Che siate turisti, impiegati o residenti, vi sveliamo dove poter parcheggiare la vostra auto e a quali tariffe. A Monaco i parcheggi su strada sono\",\"breadcrumb\":{\"@id\":\"https:\\\/\\\/www.monaco-tribune.com\\\/it\\\/2025\\\/08\\\/parcheggiare-a-monaco-tutto-quello-che-ce-da-sapere\\\/#breadcrumb\"},\"inLanguage\":\"it-IT\",\"potentialAction\":[{\"@type\":\"ReadAction\",\"target\":[\"https:\\\/\\\/www.monaco-tribune.com\\\/it\\\/2025\\\/08\\\/parcheggiare-a-monaco-tutto-quello-che-ce-da-sapere\\\/\"]}]},{\"@type\":\"ImageObject\",\"inLanguage\":\"it-IT\",\"@id\":\"https:\\\/\\\/www.monaco-tribune.com\\\/it\\\/2025\\\/08\\\/parcheggiare-a-monaco-tutto-quello-che-ce-da-sapere\\\/#primaryimage\",\"url\":\"https:\\\/\\\/www.monaco-tribune.com\\\/wp-content\\\/uploads\\\/2022\\\/12\\\/parking-monaco-1.jpg\",\"contentUrl\":\"https:\\\/\\\/www.monaco-tribune.com\\\/wp-content\\\/uploads\\\/2022\\\/12\\\/parking-monaco-1.jpg\",\"width\":1200,\"height\":800,\"caption\":\"Nel 2024, per migliorare la circolazione, Monaco ha inaugurato il parcheggio delle Salines, con oltre 1.500 posti auto \u00a9 Monaco Tribune\"},{\"@type\":\"BreadcrumbList\",\"@id\":\"https:\\\/\\\/www.monaco-tribune.com\\\/it\\\/2025\\\/08\\\/parcheggiare-a-monaco-tutto-quello-che-ce-da-sapere\\\/#breadcrumb\",\"itemListElement\":[{\"@type\":\"ListItem\",\"position\":1,\"name\":\"Accueil\",\"item\":\"https:\\\/\\\/www.monaco-tribune.com\\\/it\\\/\"},{\"@type\":\"ListItem\",\"position\":2,\"name\":\"Parcheggiare a Monaco: tutto quello che c\u2019\u00e8 da sapere\"}]},{\"@type\":\"WebSite\",\"@id\":\"https:\\\/\\\/www.monaco-tribune.com\\\/it\\\/#website\",\"url\":\"https:\\\/\\\/www.monaco-tribune.com\\\/it\\\/\",\"name\":\"Monaco Tribune\",\"description\":\"Monaco : actualit\u00e9s \u00e9conomiques, politiques, culturelles et sportives de Monaco et de la French Riviera.\",\"publisher\":{\"@id\":\"https:\\\/\\\/www.monaco-tribune.com\\\/it\\\/#organization\"},\"potentialAction\":[{\"@type\":\"SearchAction\",\"target\":{\"@type\":\"EntryPoint\",\"urlTemplate\":\"https:\\\/\\\/www.monaco-tribune.com\\\/it\\\/?s={search_term_string}\"},\"query-input\":{\"@type\":\"PropertyValueSpecification\",\"valueRequired\":true,\"valueName\":\"search_term_string\"}}],\"inLanguage\":\"it-IT\"},{\"@type\":\"Organization\",\"@id\":\"https:\\\/\\\/www.monaco-tribune.com\\\/it\\\/#organization\",\"name\":\"Monaco Tribune\",\"url\":\"https:\\\/\\\/www.monaco-tribune.com\\\/it\\\/\",\"logo\":{\"@type\":\"ImageObject\",\"inLanguage\":\"it-IT\",\"@id\":\"https:\\\/\\\/www.monaco-tribune.com\\\/it\\\/#\\\/schema\\\/logo\\\/image\\\/\",\"url\":\"https:\\\/\\\/www.monaco-tribune.com\\\/wp-content\\\/uploads\\\/2022\\\/11\\\/logo-monaco-tribune.png\",\"contentUrl\":\"https:\\\/\\\/www.monaco-tribune.com\\\/wp-content\\\/uploads\\\/2022\\\/11\\\/logo-monaco-tribune.png\",\"width\":1548,\"height\":600,\"caption\":\"Monaco Tribune\"},\"image\":{\"@id\":\"https:\\\/\\\/www.monaco-tribune.com\\\/it\\\/#\\\/schema\\\/logo\\\/image\\\/\"},\"sameAs\":[\"https:\\\/\\\/www.facebook.com\\\/MonacoTribune\",\"https:\\\/\\\/x.com\\\/MonacoTribune\",\"https:\\\/\\\/www.instagram.com\\\/monacotribune\\\/\",\"https:\\\/\\\/www.linkedin.com\\\/company\\\/monaco-tribune\",\"https:\\\/\\\/www.youtube.com\\\/channel\\\/UCHle1MnG6hw1y4lWKijVbMA\"]},{\"@type\":\"Person\",\"@id\":\"https:\\\/\\\/www.monaco-tribune.com\\\/it\\\/#\\\/schema\\\/person\\\/8f6ed8c063276e2397589eda5b7a2f2d\",\"name\":\"Monaco Tribune\",\"image\":{\"@type\":\"ImageObject\",\"inLanguage\":\"it-IT\",\"@id\":\"https:\\\/\\\/secure.gravatar.com\\\/avatar\\\/3010e6c5d6c8056ec1c25228fe68ea089879e5ae0de884e0247744ee988aaf6a?s=96&d=mm&r=g\",\"url\":\"https:\\\/\\\/secure.gravatar.com\\\/avatar\\\/3010e6c5d6c8056ec1c25228fe68ea089879e5ae0de884e0247744ee988aaf6a?s=96&d=mm&r=g\",\"contentUrl\":\"https:\\\/\\\/secure.gravatar.com\\\/avatar\\\/3010e6c5d6c8056ec1c25228fe68ea089879e5ae0de884e0247744ee988aaf6a?s=96&d=mm&r=g\",\"caption\":\"Monaco Tribune\"},\"url\":\"https:\\\/\\\/www.monaco-tribune.com\\\/it\\\/author\\\/monaco-tribune\\\/\"}]}<\/script>\n<!-- \/ Yoast SEO Premium plugin. -->","yoast_head_json":{"title":"Parcheggiare a Monaco: tutto quello che c\u2019\u00e8 da sapere","description":"Che siate turisti, impiegati o residenti, vi sveliamo dove poter parcheggiare la vostra auto e a quali tariffe. A Monaco i parcheggi su strada sono","robots":{"index":"index","follow":"follow","max-snippet":"max-snippet:-1","max-image-preview":"max-image-preview:large","max-video-preview":"max-video-preview:-1"},"canonical":"https:\/\/www.monaco-tribune.com\/it\/2025\/08\/parcheggiare-a-monaco-tutto-quello-che-ce-da-sapere\/","og_locale":"it_IT","og_type":"article","og_title":"Parcheggiare a Monaco: tutto quello che c\u2019\u00e8 da sapere - Monaco Tribune","og_description":"Che siate turisti, impiegati o residenti, vi sveliamo dove poter parcheggiare la vostra auto e a quali tariffe. A Monaco i parcheggi su strada sono","og_url":"https:\/\/www.monaco-tribune.com\/it\/2025\/08\/parcheggiare-a-monaco-tutto-quello-che-ce-da-sapere\/","og_site_name":"Monaco Tribune","article_publisher":"https:\/\/www.facebook.com\/MonacoTribune","article_published_time":"2025-08-05T08:25:46+00:00","article_modified_time":"2025-08-05T08:25:48+00:00","og_image":[{"width":1200,"height":800,"url":"https:\/\/www.monaco-tribune.com\/wp-content\/uploads\/2022\/12\/parking-monaco-1.jpg","type":"image\/jpeg"}],"author":"Monaco Tribune","twitter_card":"summary_large_image","twitter_creator":"@MonacoTribune","twitter_site":"@MonacoTribune","schema":{"@context":"https:\/\/schema.org","@graph":[{"@type":"NewsArticle","@id":"https:\/\/www.monaco-tribune.com\/it\/2025\/08\/parcheggiare-a-monaco-tutto-quello-che-ce-da-sapere\/#article","isPartOf":{"@id":"https:\/\/www.monaco-tribune.com\/it\/2025\/08\/parcheggiare-a-monaco-tutto-quello-che-ce-da-sapere\/"},"author":{"name":"Monaco Tribune","@id":"https:\/\/www.monaco-tribune.com\/it\/#\/schema\/person\/8f6ed8c063276e2397589eda5b7a2f2d"},"headline":"Parcheggiare a Monaco: tutto quello che c\u2019\u00e8 da sapere","datePublished":"2025-08-05T08:25:46+00:00","dateModified":"2025-08-05T08:25:48+00:00","mainEntityOfPage":{"@id":"https:\/\/www.monaco-tribune.com\/it\/2025\/08\/parcheggiare-a-monaco-tutto-quello-che-ce-da-sapere\/"},"wordCount":1176,"publisher":{"@id":"https:\/\/www.monaco-tribune.com\/it\/#organization"},"image":{"@id":"https:\/\/www.monaco-tribune.com\/it\/2025\/08\/parcheggiare-a-monaco-tutto-quello-che-ce-da-sapere\/#primaryimage"},"thumbnailUrl":"https:\/\/www.monaco-tribune.com\/wp-content\/uploads\/2022\/12\/parking-monaco-1.jpg","keywords":["Trasporto"],"articleSection":["La nostra scelta","Notizie","Societ\u00e0"],"inLanguage":"it-IT","copyrightYear":"2025","copyrightHolder":{"@id":"https:\/\/www.monaco-tribune.com\/#organization"}},{"@type":"WebPage","@id":"https:\/\/www.monaco-tribune.com\/it\/2025\/08\/parcheggiare-a-monaco-tutto-quello-che-ce-da-sapere\/","url":"https:\/\/www.monaco-tribune.com\/it\/2025\/08\/parcheggiare-a-monaco-tutto-quello-che-ce-da-sapere\/","name":"Parcheggiare a Monaco: tutto quello che c\u2019\u00e8 da sapere","isPartOf":{"@id":"https:\/\/www.monaco-tribune.com\/it\/#website"},"primaryImageOfPage":{"@id":"https:\/\/www.monaco-tribune.com\/it\/2025\/08\/parcheggiare-a-monaco-tutto-quello-che-ce-da-sapere\/#primaryimage"},"image":{"@id":"https:\/\/www.monaco-tribune.com\/it\/2025\/08\/parcheggiare-a-monaco-tutto-quello-che-ce-da-sapere\/#primaryimage"},"thumbnailUrl":"https:\/\/www.monaco-tribune.com\/wp-content\/uploads\/2022\/12\/parking-monaco-1.jpg","datePublished":"2025-08-05T08:25:46+00:00","dateModified":"2025-08-05T08:25:48+00:00","description":"Che siate turisti, impiegati o residenti, vi sveliamo dove poter parcheggiare la vostra auto e a quali tariffe. A Monaco i parcheggi su strada sono","breadcrumb":{"@id":"https:\/\/www.monaco-tribune.com\/it\/2025\/08\/parcheggiare-a-monaco-tutto-quello-che-ce-da-sapere\/#breadcrumb"},"inLanguage":"it-IT","potentialAction":[{"@type":"ReadAction","target":["https:\/\/www.monaco-tribune.com\/it\/2025\/08\/parcheggiare-a-monaco-tutto-quello-che-ce-da-sapere\/"]}]},{"@type":"ImageObject","inLanguage":"it-IT","@id":"https:\/\/www.monaco-tribune.com\/it\/2025\/08\/parcheggiare-a-monaco-tutto-quello-che-ce-da-sapere\/#primaryimage","url":"https:\/\/www.monaco-tribune.com\/wp-content\/uploads\/2022\/12\/parking-monaco-1.jpg","contentUrl":"https:\/\/www.monaco-tribune.com\/wp-content\/uploads\/2022\/12\/parking-monaco-1.jpg","width":1200,"height":800,"caption":"Nel 2024, per migliorare la circolazione, Monaco ha inaugurato il parcheggio delle Salines, con oltre 1.500 posti auto \u00a9 Monaco Tribune"},{"@type":"BreadcrumbList","@id":"https:\/\/www.monaco-tribune.com\/it\/2025\/08\/parcheggiare-a-monaco-tutto-quello-che-ce-da-sapere\/#breadcrumb","itemListElement":[{"@type":"ListItem","position":1,"name":"Accueil","item":"https:\/\/www.monaco-tribune.com\/it\/"},{"@type":"ListItem","position":2,"name":"Parcheggiare a Monaco: tutto quello che c\u2019\u00e8 da sapere"}]},{"@type":"WebSite","@id":"https:\/\/www.monaco-tribune.com\/it\/#website","url":"https:\/\/www.monaco-tribune.com\/it\/","name":"Monaco Tribune","description":"Monaco : actualit\u00e9s \u00e9conomiques, politiques, culturelles et sportives de Monaco et de la French Riviera.","publisher":{"@id":"https:\/\/www.monaco-tribune.com\/it\/#organization"},"potentialAction":[{"@type":"SearchAction","target":{"@type":"EntryPoint","urlTemplate":"https:\/\/www.monaco-tribune.com\/it\/?s={search_term_string}"},"query-input":{"@type":"PropertyValueSpecification","valueRequired":true,"valueName":"search_term_string"}}],"inLanguage":"it-IT"},{"@type":"Organization","@id":"https:\/\/www.monaco-tribune.com\/it\/#organization","name":"Monaco Tribune","url":"https:\/\/www.monaco-tribune.com\/it\/","logo":{"@type":"ImageObject","inLanguage":"it-IT","@id":"https:\/\/www.monaco-tribune.com\/it\/#\/schema\/logo\/image\/","url":"https:\/\/www.monaco-tribune.com\/wp-content\/uploads\/2022\/11\/logo-monaco-tribune.png","contentUrl":"https:\/\/www.monaco-tribune.com\/wp-content\/uploads\/2022\/11\/logo-monaco-tribune.png","width":1548,"height":600,"caption":"Monaco Tribune"},"image":{"@id":"https:\/\/www.monaco-tribune.com\/it\/#\/schema\/logo\/image\/"},"sameAs":["https:\/\/www.facebook.com\/MonacoTribune","https:\/\/x.com\/MonacoTribune","https:\/\/www.instagram.com\/monacotribune\/","https:\/\/www.linkedin.com\/company\/monaco-tribune","https:\/\/www.youtube.com\/channel\/UCHle1MnG6hw1y4lWKijVbMA"]},{"@type":"Person","@id":"https:\/\/www.monaco-tribune.com\/it\/#\/schema\/person\/8f6ed8c063276e2397589eda5b7a2f2d","name":"Monaco Tribune","image":{"@type":"ImageObject","inLanguage":"it-IT","@id":"https:\/\/secure.gravatar.com\/avatar\/3010e6c5d6c8056ec1c25228fe68ea089879e5ae0de884e0247744ee988aaf6a?s=96&d=mm&r=g","url":"https:\/\/secure.gravatar.com\/avatar\/3010e6c5d6c8056ec1c25228fe68ea089879e5ae0de884e0247744ee988aaf6a?s=96&d=mm&r=g","contentUrl":"https:\/\/secure.gravatar.com\/avatar\/3010e6c5d6c8056ec1c25228fe68ea089879e5ae0de884e0247744ee988aaf6a?s=96&d=mm&r=g","caption":"Monaco Tribune"},"url":"https:\/\/www.monaco-tribune.com\/it\/author\/monaco-tribune\/"}]}},"_links":{"self":[{"href":"https:\/\/www.monaco-tribune.com\/it\/wp-json\/wp\/v2\/posts\/163161","targetHints":{"allow":["GET"]}}],"collection":[{"href":"https:\/\/www.monaco-tribune.com\/it\/wp-json\/wp\/v2\/posts"}],"about":[{"href":"https:\/\/www.monaco-tribune.com\/it\/wp-json\/wp\/v2\/types\/post"}],"author":[{"embeddable":true,"href":"https:\/\/www.monaco-tribune.com\/it\/wp-json\/wp\/v2\/users\/21"}],"replies":[{"embeddable":true,"href":"https:\/\/www.monaco-tribune.com\/it\/wp-json\/wp\/v2\/comments?post=163161"}],"version-history":[{"count":2,"href":"https:\/\/www.monaco-tribune.com\/it\/wp-json\/wp\/v2\/posts\/163161\/revisions"}],"predecessor-version":[{"id":308293,"href":"https:\/\/www.monaco-tribune.com\/it\/wp-json\/wp\/v2\/posts\/163161\/revisions\/308293"}],"wp:featuredmedia":[{"embeddable":true,"href":"https:\/\/www.monaco-tribune.com\/it\/wp-json\/wp\/v2\/media\/155057"}],"wp:attachment":[{"href":"https:\/\/www.monaco-tribune.com\/it\/wp-json\/wp\/v2\/media?parent=163161"}],"wp:term":[{"taxonomy":"category","embeddable":true,"href":"https:\/\/www.monaco-tribune.com\/it\/wp-json\/wp\/v2\/categories?post=163161"},{"taxonomy":"post_tag","embeddable":true,"href":"https:\/\/www.monaco-tribune.com\/it\/wp-json\/wp\/v2\/tags?post=163161"},{"taxonomy":"sectag","embeddable":true,"href":"https:\/\/www.monaco-tribune.com\/it\/wp-json\/wp\/v2\/post_sectags?post=163161"},{"taxonomy":"format","embeddable":true,"href":"https:\/\/www.monaco-tribune.com\/it\/wp-json\/wp\/v2\/post_format?post=163161"}],"curies":[{"name":"wp","href":"https:\/\/api.w.org\/{rel}","templated":true}]}}