{"id":163342,"date":"2023-02-10T17:39:45","date_gmt":"2023-02-10T16:39:45","guid":{"rendered":"https:\/\/www.monaco-tribune.com\/2023\/02\/i-tre-nuovi-locali-della-societe-des-bains-de-mer-in-anteprima\/"},"modified":"2023-02-10T17:42:09","modified_gmt":"2023-02-10T16:42:09","slug":"i-tre-nuovi-locali-della-societe-des-bains-de-mer-in-anteprima","status":"publish","type":"post","link":"https:\/\/www.monaco-tribune.com\/it\/2023\/02\/i-tre-nuovi-locali-della-societe-des-bains-de-mer-in-anteprima\/","title":{"rendered":"I tre nuovi locali della Soci\u00e9t\u00e9 des Bains de Mer in anteprima"},"content":{"rendered":"\n<p><strong>Scoprite le prime immagini dell&#8217;Amaz\u00f3nico, del Maona Monte-Carlo e del Club La Vigie.<\/strong><\/p>\n\n<p>Anche se siamo in pieno inverno, la Soci\u00e9t\u00e9 des Bains de Mer (SBM) si prepara per l&#8217;estate. Un&#8217;estate di festa, che sar\u00e0 segnata dall&#8217;apertura di tre nuovi locali: il ristorante Amaz\u00f3nico, <a href=\"https:\/\/www.monaco-tribune.com\/it\/2022\/03\/immagini-il-leggendario-cafe-de-paris-monte-carlo-cambia-volto\/\">nel futuro Caf\u00e9 de Paris<\/a>, il cabaret estivo all&#8217;aperto Maona Monte-Carlo e il nuovo spazio al Pointe de La Vigie: il Club La Vigie.<\/p>\n\n<p>Le immagini sono gi\u00e0 state diffuse per dare un\u2019anteprima dei locali, che promettono di combinare lusso e festeggiamenti.<\/p>\n\n<h2 class=\"wp-block-heading\" id=\"h-l-amazonico-pour-deguster-l-amerique-latine\">L&#8217;Amaz\u00f3nico, per un assaggio di America Latina<\/h2>\n\n<p>Uno dei progetti di punta \u00e8, naturalmente, l&#8217;Amaz\u00f3nico: un ristorante che, a partire da quest&#8217;estate, vi porter\u00e0 in Sud America grazie a una combinazione di sapori provenienti direttamente dal Brasile e dal Per\u00f9. Il locale sorger\u00e0 sul tetto del futuro Caf\u00e9 de Paris e si aggiunger\u00e0 alla lista degli Amaz\u00f3nico che hanno gi\u00e0 conquistato Madrid, Londra e Dubai.<\/p>\n<div class=\"wp-block-image\">\n<figure class=\"aligncenter size-full\"><img loading=\"lazy\" decoding=\"async\" width=\"1020\" height=\"566\" src=\"https:\/\/www.monaco-tribune.com\/wp-content\/uploads\/2023\/02\/monte-carlo-sbm-amazonico.png\" alt=\"monte carlo sbm amazonico\" class=\"wp-image-163294\" srcset=\"https:\/\/www.monaco-tribune.com\/wp-content\/uploads\/2023\/02\/monte-carlo-sbm-amazonico.png 1020w, https:\/\/www.monaco-tribune.com\/wp-content\/uploads\/2023\/02\/monte-carlo-sbm-amazonico-541x300.png 541w\" sizes=\"auto, (max-width: 1020px) 100vw, 1020px\" \/><figcaption class=\"wp-element-caption\"><em>\u00a9 Monte-Carlo SBM<\/em><\/figcaption><\/figure>\n<\/div>\n<p>Come potete vedere sopra, l&#8217;arredamento ispirato all&#8217;Amazzonia e alla giungla invita a rinfrescarsi e rilassarsi, al suono di esibizioni live di musica jazz d&#8217;ispirazione latina, bossa nova e cubana. L&#8217;area Bar &amp; Lounge avr\u00e0 invece come sottofondo l&#8217;electro-pop dei DJ residenti. E per finire in bellezza, ci sar\u00e0 una discoteca riservata ai clienti del ristorante, lo Speakeasy.<\/p>\n\n<p class=\"related\"><a href=\"https:\/\/www.monaco-tribune.com\/it\/2023\/01\/job-alert-200-posti-di-lavoro-allhotel-fairmont-monte-carlo\/\"><strong>Job alert: 200 posti di lavoro all\u2019hotel Fairmont Monte-Carlo<\/strong><\/a><\/p>\n\n<h2 class=\"wp-block-heading\" id=\"h-le-club-la-vigie-pour-une-vue-imprenable-sur-la-mediterranee\">Il Club La Vigie, per una vista mozzafiato sul Mediterraneo<\/h2>\n\n<p>Il prossimo \u00e8 il Club La Vigie, che aprir\u00e0 a partire dal 2 giugno 2023. Il gi\u00e0 famoso Pointe de la Vigie si trasformer\u00e0 in un club privato da mezzogiorno alle 20:00. Gli ospiti potranno godere di un&#8217;atmosfera elegante in riva al mare e ammirare la magnifica vista di Monaco e del Mediterraneo.<\/p>\n\n<figure class=\"wp-block-gallery has-nested-images columns-1 is-cropped wp-block-gallery-1 is-layout-flex wp-block-gallery-is-layout-flex\">\n<figure class=\"wp-block-image size-large\"><img loading=\"lazy\" decoding=\"async\" width=\"1020\" height=\"678\" data-id=\"163282\" src=\"https:\/\/www.monaco-tribune.com\/wp-content\/uploads\/2023\/02\/club-la-vigie-monaco.png\" alt=\"club la vigie monaco\" class=\"wp-image-163282\" srcset=\"https:\/\/www.monaco-tribune.com\/wp-content\/uploads\/2023\/02\/club-la-vigie-monaco.png 1020w, https:\/\/www.monaco-tribune.com\/wp-content\/uploads\/2023\/02\/club-la-vigie-monaco-451x300.png 451w\" sizes=\"auto, (max-width: 1020px) 100vw, 1020px\" \/><\/figure>\n\n\n\n<figure class=\"wp-block-image size-large\"><img loading=\"lazy\" decoding=\"async\" width=\"1020\" height=\"679\" data-id=\"163286\" src=\"https:\/\/www.monaco-tribune.com\/wp-content\/uploads\/2023\/02\/la-vigie-monte-carlo.png\" alt=\"la vigie monte carlo\" class=\"wp-image-163286\" srcset=\"https:\/\/www.monaco-tribune.com\/wp-content\/uploads\/2023\/02\/la-vigie-monte-carlo.png 1020w, https:\/\/www.monaco-tribune.com\/wp-content\/uploads\/2023\/02\/la-vigie-monte-carlo-451x300.png 451w\" sizes=\"auto, (max-width: 1020px) 100vw, 1020px\" \/><\/figure>\n<figcaption class=\"blocks-gallery-caption wp-element-caption\"><em><em>\u00a9 Monte-Carlo SBM<\/em><\/em><\/figcaption><\/figure>\n\n<p>Il Club La Vigie unir\u00e0 lo spirito da beach club a una ristorazione mediterranea, con cocktail creativi e, naturalmente, una grande programmazione musicale. Da non perdere anche i cinque bungalow immersi nella pineta, chiamati &#8220;Love Nests&#8221;, per godere di un momento pi\u00f9 intimo in coppia o con gli amici.<\/p>\n\n<h2 class=\"wp-block-heading\" id=\"h-le-maona-monte-carlo-pour-avoir-des-etoiles-dans-les-yeux\">Il Maona Monte-Carlo, per uno spettacolo stellare<\/h2>\n\n<p>Infine, a partire dalla fine di giugno, il Maona Monte-Carlo accoglier\u00e0 i suoi visitatori in una villa-terrazza situata sugli scogli vicino al Monte-Carlo Beach. Chiamato cos\u00ec in onore di Maria Callas e Aristotele Onassis, le due celebrit\u00e0 che fondarono il primo club Maona in Riviera nel 1962, il Maona Monte-Carlo sar\u00e0 un luogo unico nel suo genere: un cabaret estivo sotto le stelle. Presenti all&#8217;appello anche musica dal vivo e cucina della tradizione monegasca. La Monte-Carlo SBM ha chiesto aiuto ai monegaschi e alle loro famiglie per raccogliere le migliori ricette e creare un men\u00f9 locale e gourmet, con gamberi flamb\u00e9 al pastis, tagliolini con cappone, maggiorana e limone e una Pesca Melba, in omaggio allo chef Auguste Escoffier.<\/p>\n\n<figure class=\"wp-block-gallery has-nested-images columns-1 is-cropped wp-block-gallery-2 is-layout-flex wp-block-gallery-is-layout-flex\">\n<figure class=\"wp-block-image size-large\"><img loading=\"lazy\" decoding=\"async\" width=\"1020\" height=\"570\" data-id=\"163298\" src=\"https:\/\/www.monaco-tribune.com\/wp-content\/uploads\/2023\/02\/monte-carlo-sbm-maona.png\" alt=\"monte carlo sbm maona\" class=\"wp-image-163298\" srcset=\"https:\/\/www.monaco-tribune.com\/wp-content\/uploads\/2023\/02\/monte-carlo-sbm-maona.png 1020w, https:\/\/www.monaco-tribune.com\/wp-content\/uploads\/2023\/02\/monte-carlo-sbm-maona-537x300.png 537w\" sizes=\"auto, (max-width: 1020px) 100vw, 1020px\" \/><\/figure>\n\n\n\n<figure class=\"wp-block-image size-large\"><img loading=\"lazy\" decoding=\"async\" width=\"1020\" height=\"570\" data-id=\"163290\" src=\"https:\/\/www.monaco-tribune.com\/wp-content\/uploads\/2023\/02\/maona-monte-carlo-sbm.png\" alt=\"maona monte carlo sbm\" class=\"wp-image-163290\" srcset=\"https:\/\/www.monaco-tribune.com\/wp-content\/uploads\/2023\/02\/maona-monte-carlo-sbm.png 1020w, https:\/\/www.monaco-tribune.com\/wp-content\/uploads\/2023\/02\/maona-monte-carlo-sbm-537x300.png 537w\" sizes=\"auto, (max-width: 1020px) 100vw, 1020px\" \/><\/figure>\n<figcaption class=\"blocks-gallery-caption wp-element-caption\"><em><em>\u00a9 Monte-Carlo SBM<\/em><\/em><\/figcaption><\/figure>\n\n<p>Il Bar Sauvage proporr\u00e0 cocktail innovativi che rendono omaggio ai diversi quartieri di Monaco, ma anche distillati rari, come un vermut degli anni &#8217;50 e &#8217;60, un esclusivo digestivo a base di arance monegasche o il Negroni Monte-Carlo 1956, anno del matrimonio tra il Principe Ranieri III e Grace Kelly. Gustosi drink da gustare con in sottofondo un pianista, una diva e un DJ che si esibiranno tutti i giorni dalle 19:00 alle 2:00. Segnaliamo che \u00e8 previsto anche uno spazio ultra-VIP con 12 posti a sedere, la Tam Tam Room, un riferimento al film del 1935, <em>La Principessa Tam Tam<\/em>, in cui una certa Jos\u00e9phine Baker interpretava il ruolo principale.<\/p>\n","protected":false},"excerpt":{"rendered":"<p>Scoprite le prime immagini dell&#8217;Amaz\u00f3nico, del Maona Monte-Carlo e del Club La Vigie. Anche se siamo in pieno inverno, la [&hellip;]<\/p>\n","protected":false},"author":60,"featured_media":163280,"comment_status":"closed","ping_status":"closed","sticky":false,"template":"","format":"standard","meta":{"_acf_changed":false,"footnotes":""},"categories":[1740,1738],"tags":[2885],"post_sectags":[3302,3303],"post_format":[2474],"class_list":["post-163342","post","type-post","status-publish","format-standard","has-post-thumbnail","hentry","category-cosa-fare","category-notizie","tag-monte-carlo-sbm-it","sectag-amazonico-it","sectag-cafe-de-paris-it","format-foto"],"acf":[],"yoast_head":"<!-- This site is optimized with the Yoast SEO Premium plugin v26.8 (Yoast SEO v27.4) - https:\/\/yoast.com\/product\/yoast-seo-premium-wordpress\/ -->\n<title>I tre nuovi locali della Soci\u00e9t\u00e9 des Bains de Mer in anteprima<\/title>\n<meta name=\"description\" content=\"Scoprite le prime immagini dell&#039;Amaz\u00f3nico, del Maona Monte-Carlo e del Club La Vigie. Anche se siamo in pieno inverno, la Soci\u00e9t\u00e9 des Bains de Mer (SBM)\" \/>\n<meta name=\"robots\" content=\"index, follow, max-snippet:-1, max-image-preview:large, max-video-preview:-1\" \/>\n<link rel=\"canonical\" href=\"https:\/\/www.monaco-tribune.com\/it\/2023\/02\/i-tre-nuovi-locali-della-societe-des-bains-de-mer-in-anteprima\/\" \/>\n<meta property=\"og:locale\" content=\"it_IT\" \/>\n<meta property=\"og:type\" content=\"article\" \/>\n<meta property=\"og:title\" content=\"I tre nuovi locali della Soci\u00e9t\u00e9 des Bains de Mer in anteprima - Monaco Tribune\" \/>\n<meta property=\"og:description\" content=\"Scoprite le prime immagini dell&#039;Amaz\u00f3nico, del Maona Monte-Carlo e del Club La Vigie. Anche se siamo in pieno inverno, la Soci\u00e9t\u00e9 des Bains de Mer (SBM)\" \/>\n<meta property=\"og:url\" content=\"https:\/\/www.monaco-tribune.com\/it\/2023\/02\/i-tre-nuovi-locali-della-societe-des-bains-de-mer-in-anteprima\/\" \/>\n<meta property=\"og:site_name\" content=\"Monaco Tribune\" \/>\n<meta property=\"article:publisher\" content=\"https:\/\/www.facebook.com\/MonacoTribune\" \/>\n<meta property=\"article:published_time\" content=\"2023-02-10T16:39:45+00:00\" \/>\n<meta property=\"article:modified_time\" content=\"2023-02-10T16:42:09+00:00\" \/>\n<meta property=\"og:image\" content=\"https:\/\/www.monaco-tribune.com\/wp-content\/uploads\/2023\/02\/amazonico-monte-carlo-sbm.png\" \/>\n\t<meta property=\"og:image:width\" content=\"1020\" \/>\n\t<meta property=\"og:image:height\" content=\"683\" \/>\n\t<meta property=\"og:image:type\" content=\"image\/png\" \/>\n<meta name=\"author\" content=\"Camille Esteve\" \/>\n<meta name=\"twitter:card\" content=\"summary_large_image\" \/>\n<meta name=\"twitter:creator\" content=\"@MonacoTribune\" \/>\n<meta name=\"twitter:site\" content=\"@MonacoTribune\" \/>\n<script type=\"application\/ld+json\" class=\"yoast-schema-graph\">{\"@context\":\"https:\\\/\\\/schema.org\",\"@graph\":[{\"@type\":\"NewsArticle\",\"@id\":\"https:\\\/\\\/www.monaco-tribune.com\\\/it\\\/2023\\\/02\\\/i-tre-nuovi-locali-della-societe-des-bains-de-mer-in-anteprima\\\/#article\",\"isPartOf\":{\"@id\":\"https:\\\/\\\/www.monaco-tribune.com\\\/it\\\/2023\\\/02\\\/i-tre-nuovi-locali-della-societe-des-bains-de-mer-in-anteprima\\\/\"},\"author\":{\"name\":\"Camille Esteve\",\"@id\":\"https:\\\/\\\/www.monaco-tribune.com\\\/it\\\/#\\\/schema\\\/person\\\/a855d420fff4d03637641d60b93ac62e\"},\"headline\":\"I tre nuovi locali della Soci\u00e9t\u00e9 des Bains de Mer in anteprima\",\"datePublished\":\"2023-02-10T16:39:45+00:00\",\"dateModified\":\"2023-02-10T16:42:09+00:00\",\"mainEntityOfPage\":{\"@id\":\"https:\\\/\\\/www.monaco-tribune.com\\\/it\\\/2023\\\/02\\\/i-tre-nuovi-locali-della-societe-des-bains-de-mer-in-anteprima\\\/\"},\"wordCount\":594,\"publisher\":{\"@id\":\"https:\\\/\\\/www.monaco-tribune.com\\\/it\\\/#organization\"},\"image\":{\"@id\":\"https:\\\/\\\/www.monaco-tribune.com\\\/it\\\/2023\\\/02\\\/i-tre-nuovi-locali-della-societe-des-bains-de-mer-in-anteprima\\\/#primaryimage\"},\"thumbnailUrl\":\"https:\\\/\\\/www.monaco-tribune.com\\\/wp-content\\\/uploads\\\/2023\\\/02\\\/amazonico-monte-carlo-sbm.png\",\"keywords\":[\"Monte-Carlo SBM\"],\"articleSection\":[\"Cosa fare\",\"Notizie\"],\"inLanguage\":\"it-IT\",\"copyrightYear\":\"2023\",\"copyrightHolder\":{\"@id\":\"https:\\\/\\\/www.monaco-tribune.com\\\/#organization\"}},{\"@type\":\"WebPage\",\"@id\":\"https:\\\/\\\/www.monaco-tribune.com\\\/it\\\/2023\\\/02\\\/i-tre-nuovi-locali-della-societe-des-bains-de-mer-in-anteprima\\\/\",\"url\":\"https:\\\/\\\/www.monaco-tribune.com\\\/it\\\/2023\\\/02\\\/i-tre-nuovi-locali-della-societe-des-bains-de-mer-in-anteprima\\\/\",\"name\":\"I tre nuovi locali della Soci\u00e9t\u00e9 des Bains de Mer in anteprima\",\"isPartOf\":{\"@id\":\"https:\\\/\\\/www.monaco-tribune.com\\\/it\\\/#website\"},\"primaryImageOfPage\":{\"@id\":\"https:\\\/\\\/www.monaco-tribune.com\\\/it\\\/2023\\\/02\\\/i-tre-nuovi-locali-della-societe-des-bains-de-mer-in-anteprima\\\/#primaryimage\"},\"image\":{\"@id\":\"https:\\\/\\\/www.monaco-tribune.com\\\/it\\\/2023\\\/02\\\/i-tre-nuovi-locali-della-societe-des-bains-de-mer-in-anteprima\\\/#primaryimage\"},\"thumbnailUrl\":\"https:\\\/\\\/www.monaco-tribune.com\\\/wp-content\\\/uploads\\\/2023\\\/02\\\/amazonico-monte-carlo-sbm.png\",\"datePublished\":\"2023-02-10T16:39:45+00:00\",\"dateModified\":\"2023-02-10T16:42:09+00:00\",\"description\":\"Scoprite le prime immagini dell'Amaz\u00f3nico, del Maona Monte-Carlo e del Club La Vigie. Anche se siamo in pieno inverno, la Soci\u00e9t\u00e9 des Bains de Mer (SBM)\",\"breadcrumb\":{\"@id\":\"https:\\\/\\\/www.monaco-tribune.com\\\/it\\\/2023\\\/02\\\/i-tre-nuovi-locali-della-societe-des-bains-de-mer-in-anteprima\\\/#breadcrumb\"},\"inLanguage\":\"it-IT\",\"potentialAction\":[{\"@type\":\"ReadAction\",\"target\":[\"https:\\\/\\\/www.monaco-tribune.com\\\/it\\\/2023\\\/02\\\/i-tre-nuovi-locali-della-societe-des-bains-de-mer-in-anteprima\\\/\"]}]},{\"@type\":\"ImageObject\",\"inLanguage\":\"it-IT\",\"@id\":\"https:\\\/\\\/www.monaco-tribune.com\\\/it\\\/2023\\\/02\\\/i-tre-nuovi-locali-della-societe-des-bains-de-mer-in-anteprima\\\/#primaryimage\",\"url\":\"https:\\\/\\\/www.monaco-tribune.com\\\/wp-content\\\/uploads\\\/2023\\\/02\\\/amazonico-monte-carlo-sbm.png\",\"contentUrl\":\"https:\\\/\\\/www.monaco-tribune.com\\\/wp-content\\\/uploads\\\/2023\\\/02\\\/amazonico-monte-carlo-sbm.png\",\"width\":1020,\"height\":683,\"caption\":\"L'Amaz\u00f3nico, Place du Casino \u00a9 Monte-Carlo SBM\"},{\"@type\":\"BreadcrumbList\",\"@id\":\"https:\\\/\\\/www.monaco-tribune.com\\\/it\\\/2023\\\/02\\\/i-tre-nuovi-locali-della-societe-des-bains-de-mer-in-anteprima\\\/#breadcrumb\",\"itemListElement\":[{\"@type\":\"ListItem\",\"position\":1,\"name\":\"Accueil\",\"item\":\"https:\\\/\\\/www.monaco-tribune.com\\\/it\\\/\"},{\"@type\":\"ListItem\",\"position\":2,\"name\":\"I tre nuovi locali della Soci\u00e9t\u00e9 des Bains de Mer in anteprima\"}]},{\"@type\":\"WebSite\",\"@id\":\"https:\\\/\\\/www.monaco-tribune.com\\\/it\\\/#website\",\"url\":\"https:\\\/\\\/www.monaco-tribune.com\\\/it\\\/\",\"name\":\"Monaco Tribune\",\"description\":\"Monaco : actualit\u00e9s \u00e9conomiques, politiques, culturelles et sportives de Monaco et de la French Riviera.\",\"publisher\":{\"@id\":\"https:\\\/\\\/www.monaco-tribune.com\\\/it\\\/#organization\"},\"potentialAction\":[{\"@type\":\"SearchAction\",\"target\":{\"@type\":\"EntryPoint\",\"urlTemplate\":\"https:\\\/\\\/www.monaco-tribune.com\\\/it\\\/?s={search_term_string}\"},\"query-input\":{\"@type\":\"PropertyValueSpecification\",\"valueRequired\":true,\"valueName\":\"search_term_string\"}}],\"inLanguage\":\"it-IT\"},{\"@type\":\"Organization\",\"@id\":\"https:\\\/\\\/www.monaco-tribune.com\\\/it\\\/#organization\",\"name\":\"Monaco Tribune\",\"url\":\"https:\\\/\\\/www.monaco-tribune.com\\\/it\\\/\",\"logo\":{\"@type\":\"ImageObject\",\"inLanguage\":\"it-IT\",\"@id\":\"https:\\\/\\\/www.monaco-tribune.com\\\/it\\\/#\\\/schema\\\/logo\\\/image\\\/\",\"url\":\"https:\\\/\\\/www.monaco-tribune.com\\\/wp-content\\\/uploads\\\/2022\\\/11\\\/logo-monaco-tribune.png\",\"contentUrl\":\"https:\\\/\\\/www.monaco-tribune.com\\\/wp-content\\\/uploads\\\/2022\\\/11\\\/logo-monaco-tribune.png\",\"width\":1548,\"height\":600,\"caption\":\"Monaco Tribune\"},\"image\":{\"@id\":\"https:\\\/\\\/www.monaco-tribune.com\\\/it\\\/#\\\/schema\\\/logo\\\/image\\\/\"},\"sameAs\":[\"https:\\\/\\\/www.facebook.com\\\/MonacoTribune\",\"https:\\\/\\\/x.com\\\/MonacoTribune\",\"https:\\\/\\\/www.instagram.com\\\/monacotribune\\\/\",\"https:\\\/\\\/www.linkedin.com\\\/company\\\/monaco-tribune\",\"https:\\\/\\\/www.youtube.com\\\/channel\\\/UCHle1MnG6hw1y4lWKijVbMA\"]},{\"@type\":\"Person\",\"@id\":\"https:\\\/\\\/www.monaco-tribune.com\\\/it\\\/#\\\/schema\\\/person\\\/a855d420fff4d03637641d60b93ac62e\",\"name\":\"Camille Esteve\",\"image\":{\"@type\":\"ImageObject\",\"inLanguage\":\"it-IT\",\"@id\":\"https:\\\/\\\/secure.gravatar.com\\\/avatar\\\/eaaa2355a7bb56c0018a391c20a55bf9b4690e3f493231dd850e612bfa6ce161?s=96&d=mm&r=g\",\"url\":\"https:\\\/\\\/secure.gravatar.com\\\/avatar\\\/eaaa2355a7bb56c0018a391c20a55bf9b4690e3f493231dd850e612bfa6ce161?s=96&d=mm&r=g\",\"contentUrl\":\"https:\\\/\\\/secure.gravatar.com\\\/avatar\\\/eaaa2355a7bb56c0018a391c20a55bf9b4690e3f493231dd850e612bfa6ce161?s=96&d=mm&r=g\",\"caption\":\"Camille Esteve\"},\"url\":\"https:\\\/\\\/www.monaco-tribune.com\\\/it\\\/author\\\/camilleesteve\\\/\"}]}<\/script>\n<!-- \/ Yoast SEO Premium plugin. -->","yoast_head_json":{"title":"I tre nuovi locali della Soci\u00e9t\u00e9 des Bains de Mer in anteprima","description":"Scoprite le prime immagini dell'Amaz\u00f3nico, del Maona Monte-Carlo e del Club La Vigie. Anche se siamo in pieno inverno, la Soci\u00e9t\u00e9 des Bains de Mer (SBM)","robots":{"index":"index","follow":"follow","max-snippet":"max-snippet:-1","max-image-preview":"max-image-preview:large","max-video-preview":"max-video-preview:-1"},"canonical":"https:\/\/www.monaco-tribune.com\/it\/2023\/02\/i-tre-nuovi-locali-della-societe-des-bains-de-mer-in-anteprima\/","og_locale":"it_IT","og_type":"article","og_title":"I tre nuovi locali della Soci\u00e9t\u00e9 des Bains de Mer in anteprima - Monaco Tribune","og_description":"Scoprite le prime immagini dell'Amaz\u00f3nico, del Maona Monte-Carlo e del Club La Vigie. Anche se siamo in pieno inverno, la Soci\u00e9t\u00e9 des Bains de Mer (SBM)","og_url":"https:\/\/www.monaco-tribune.com\/it\/2023\/02\/i-tre-nuovi-locali-della-societe-des-bains-de-mer-in-anteprima\/","og_site_name":"Monaco Tribune","article_publisher":"https:\/\/www.facebook.com\/MonacoTribune","article_published_time":"2023-02-10T16:39:45+00:00","article_modified_time":"2023-02-10T16:42:09+00:00","og_image":[{"width":1020,"height":683,"url":"https:\/\/www.monaco-tribune.com\/wp-content\/uploads\/2023\/02\/amazonico-monte-carlo-sbm.png","type":"image\/png"}],"author":"Camille Esteve","twitter_card":"summary_large_image","twitter_creator":"@MonacoTribune","twitter_site":"@MonacoTribune","schema":{"@context":"https:\/\/schema.org","@graph":[{"@type":"NewsArticle","@id":"https:\/\/www.monaco-tribune.com\/it\/2023\/02\/i-tre-nuovi-locali-della-societe-des-bains-de-mer-in-anteprima\/#article","isPartOf":{"@id":"https:\/\/www.monaco-tribune.com\/it\/2023\/02\/i-tre-nuovi-locali-della-societe-des-bains-de-mer-in-anteprima\/"},"author":{"name":"Camille Esteve","@id":"https:\/\/www.monaco-tribune.com\/it\/#\/schema\/person\/a855d420fff4d03637641d60b93ac62e"},"headline":"I tre nuovi locali della Soci\u00e9t\u00e9 des Bains de Mer in anteprima","datePublished":"2023-02-10T16:39:45+00:00","dateModified":"2023-02-10T16:42:09+00:00","mainEntityOfPage":{"@id":"https:\/\/www.monaco-tribune.com\/it\/2023\/02\/i-tre-nuovi-locali-della-societe-des-bains-de-mer-in-anteprima\/"},"wordCount":594,"publisher":{"@id":"https:\/\/www.monaco-tribune.com\/it\/#organization"},"image":{"@id":"https:\/\/www.monaco-tribune.com\/it\/2023\/02\/i-tre-nuovi-locali-della-societe-des-bains-de-mer-in-anteprima\/#primaryimage"},"thumbnailUrl":"https:\/\/www.monaco-tribune.com\/wp-content\/uploads\/2023\/02\/amazonico-monte-carlo-sbm.png","keywords":["Monte-Carlo SBM"],"articleSection":["Cosa fare","Notizie"],"inLanguage":"it-IT","copyrightYear":"2023","copyrightHolder":{"@id":"https:\/\/www.monaco-tribune.com\/#organization"}},{"@type":"WebPage","@id":"https:\/\/www.monaco-tribune.com\/it\/2023\/02\/i-tre-nuovi-locali-della-societe-des-bains-de-mer-in-anteprima\/","url":"https:\/\/www.monaco-tribune.com\/it\/2023\/02\/i-tre-nuovi-locali-della-societe-des-bains-de-mer-in-anteprima\/","name":"I tre nuovi locali della Soci\u00e9t\u00e9 des Bains de Mer in anteprima","isPartOf":{"@id":"https:\/\/www.monaco-tribune.com\/it\/#website"},"primaryImageOfPage":{"@id":"https:\/\/www.monaco-tribune.com\/it\/2023\/02\/i-tre-nuovi-locali-della-societe-des-bains-de-mer-in-anteprima\/#primaryimage"},"image":{"@id":"https:\/\/www.monaco-tribune.com\/it\/2023\/02\/i-tre-nuovi-locali-della-societe-des-bains-de-mer-in-anteprima\/#primaryimage"},"thumbnailUrl":"https:\/\/www.monaco-tribune.com\/wp-content\/uploads\/2023\/02\/amazonico-monte-carlo-sbm.png","datePublished":"2023-02-10T16:39:45+00:00","dateModified":"2023-02-10T16:42:09+00:00","description":"Scoprite le prime immagini dell'Amaz\u00f3nico, del Maona Monte-Carlo e del Club La Vigie. Anche se siamo in pieno inverno, la Soci\u00e9t\u00e9 des Bains de Mer (SBM)","breadcrumb":{"@id":"https:\/\/www.monaco-tribune.com\/it\/2023\/02\/i-tre-nuovi-locali-della-societe-des-bains-de-mer-in-anteprima\/#breadcrumb"},"inLanguage":"it-IT","potentialAction":[{"@type":"ReadAction","target":["https:\/\/www.monaco-tribune.com\/it\/2023\/02\/i-tre-nuovi-locali-della-societe-des-bains-de-mer-in-anteprima\/"]}]},{"@type":"ImageObject","inLanguage":"it-IT","@id":"https:\/\/www.monaco-tribune.com\/it\/2023\/02\/i-tre-nuovi-locali-della-societe-des-bains-de-mer-in-anteprima\/#primaryimage","url":"https:\/\/www.monaco-tribune.com\/wp-content\/uploads\/2023\/02\/amazonico-monte-carlo-sbm.png","contentUrl":"https:\/\/www.monaco-tribune.com\/wp-content\/uploads\/2023\/02\/amazonico-monte-carlo-sbm.png","width":1020,"height":683,"caption":"L'Amaz\u00f3nico, Place du Casino \u00a9 Monte-Carlo SBM"},{"@type":"BreadcrumbList","@id":"https:\/\/www.monaco-tribune.com\/it\/2023\/02\/i-tre-nuovi-locali-della-societe-des-bains-de-mer-in-anteprima\/#breadcrumb","itemListElement":[{"@type":"ListItem","position":1,"name":"Accueil","item":"https:\/\/www.monaco-tribune.com\/it\/"},{"@type":"ListItem","position":2,"name":"I tre nuovi locali della Soci\u00e9t\u00e9 des Bains de Mer in anteprima"}]},{"@type":"WebSite","@id":"https:\/\/www.monaco-tribune.com\/it\/#website","url":"https:\/\/www.monaco-tribune.com\/it\/","name":"Monaco Tribune","description":"Monaco : actualit\u00e9s \u00e9conomiques, politiques, culturelles et sportives de Monaco et de la French Riviera.","publisher":{"@id":"https:\/\/www.monaco-tribune.com\/it\/#organization"},"potentialAction":[{"@type":"SearchAction","target":{"@type":"EntryPoint","urlTemplate":"https:\/\/www.monaco-tribune.com\/it\/?s={search_term_string}"},"query-input":{"@type":"PropertyValueSpecification","valueRequired":true,"valueName":"search_term_string"}}],"inLanguage":"it-IT"},{"@type":"Organization","@id":"https:\/\/www.monaco-tribune.com\/it\/#organization","name":"Monaco Tribune","url":"https:\/\/www.monaco-tribune.com\/it\/","logo":{"@type":"ImageObject","inLanguage":"it-IT","@id":"https:\/\/www.monaco-tribune.com\/it\/#\/schema\/logo\/image\/","url":"https:\/\/www.monaco-tribune.com\/wp-content\/uploads\/2022\/11\/logo-monaco-tribune.png","contentUrl":"https:\/\/www.monaco-tribune.com\/wp-content\/uploads\/2022\/11\/logo-monaco-tribune.png","width":1548,"height":600,"caption":"Monaco Tribune"},"image":{"@id":"https:\/\/www.monaco-tribune.com\/it\/#\/schema\/logo\/image\/"},"sameAs":["https:\/\/www.facebook.com\/MonacoTribune","https:\/\/x.com\/MonacoTribune","https:\/\/www.instagram.com\/monacotribune\/","https:\/\/www.linkedin.com\/company\/monaco-tribune","https:\/\/www.youtube.com\/channel\/UCHle1MnG6hw1y4lWKijVbMA"]},{"@type":"Person","@id":"https:\/\/www.monaco-tribune.com\/it\/#\/schema\/person\/a855d420fff4d03637641d60b93ac62e","name":"Camille Esteve","image":{"@type":"ImageObject","inLanguage":"it-IT","@id":"https:\/\/secure.gravatar.com\/avatar\/eaaa2355a7bb56c0018a391c20a55bf9b4690e3f493231dd850e612bfa6ce161?s=96&d=mm&r=g","url":"https:\/\/secure.gravatar.com\/avatar\/eaaa2355a7bb56c0018a391c20a55bf9b4690e3f493231dd850e612bfa6ce161?s=96&d=mm&r=g","contentUrl":"https:\/\/secure.gravatar.com\/avatar\/eaaa2355a7bb56c0018a391c20a55bf9b4690e3f493231dd850e612bfa6ce161?s=96&d=mm&r=g","caption":"Camille Esteve"},"url":"https:\/\/www.monaco-tribune.com\/it\/author\/camilleesteve\/"}]}},"_links":{"self":[{"href":"https:\/\/www.monaco-tribune.com\/it\/wp-json\/wp\/v2\/posts\/163342","targetHints":{"allow":["GET"]}}],"collection":[{"href":"https:\/\/www.monaco-tribune.com\/it\/wp-json\/wp\/v2\/posts"}],"about":[{"href":"https:\/\/www.monaco-tribune.com\/it\/wp-json\/wp\/v2\/types\/post"}],"author":[{"embeddable":true,"href":"https:\/\/www.monaco-tribune.com\/it\/wp-json\/wp\/v2\/users\/60"}],"replies":[{"embeddable":true,"href":"https:\/\/www.monaco-tribune.com\/it\/wp-json\/wp\/v2\/comments?post=163342"}],"version-history":[{"count":0,"href":"https:\/\/www.monaco-tribune.com\/it\/wp-json\/wp\/v2\/posts\/163342\/revisions"}],"wp:featuredmedia":[{"embeddable":true,"href":"https:\/\/www.monaco-tribune.com\/it\/wp-json\/wp\/v2\/media\/163280"}],"wp:attachment":[{"href":"https:\/\/www.monaco-tribune.com\/it\/wp-json\/wp\/v2\/media?parent=163342"}],"wp:term":[{"taxonomy":"category","embeddable":true,"href":"https:\/\/www.monaco-tribune.com\/it\/wp-json\/wp\/v2\/categories?post=163342"},{"taxonomy":"post_tag","embeddable":true,"href":"https:\/\/www.monaco-tribune.com\/it\/wp-json\/wp\/v2\/tags?post=163342"},{"taxonomy":"sectag","embeddable":true,"href":"https:\/\/www.monaco-tribune.com\/it\/wp-json\/wp\/v2\/post_sectags?post=163342"},{"taxonomy":"format","embeddable":true,"href":"https:\/\/www.monaco-tribune.com\/it\/wp-json\/wp\/v2\/post_format?post=163342"}],"curies":[{"name":"wp","href":"https:\/\/api.w.org\/{rel}","templated":true}]}}