{"id":163348,"date":"2023-02-10T17:55:39","date_gmt":"2023-02-10T16:55:39","guid":{"rendered":"https:\/\/www.monaco-tribune.com\/2023\/02\/il-principe-alberto-ii-e-la-principessa-charlene-sostengono-la-giornata-internazionale-dei-diritti-della-donna\/"},"modified":"2023-02-10T17:56:08","modified_gmt":"2023-02-10T16:56:08","slug":"il-principe-alberto-ii-e-la-principessa-charlene-sostengono-la-giornata-internazionale-dei-diritti-della-donna","status":"publish","type":"post","link":"https:\/\/www.monaco-tribune.com\/it\/2023\/02\/il-principe-alberto-ii-e-la-principessa-charlene-sostengono-la-giornata-internazionale-dei-diritti-della-donna\/","title":{"rendered":"Il Principe Alberto II e la Principessa Charl\u00e8ne sostengono la Giornata Internazionale dei Diritti della Donna"},"content":{"rendered":"\n<p><strong>Bombolette di vernice alla mano, il Principe e la Principessa hanno dimostrato ancora una volta il loro sostegno per la giornata dell\u20198 marzo.<\/strong><\/p>\n\n<p>Anche quest&#8217;anno \u00e8 prevista una grande opera. L&#8217;8 marzo, in occasione della Giornata internazionale dei diritti della donna, verr\u00e0 svelato un dipinto frutto di un lavoro collettivo a Monaco.<\/p>\n\n<p>Il tema del 2023 \u00e8 &#8220;Le donne e lo sport attraverso il prisma della nuova generazione&#8221;. Per questo motivo, 100 bambini di seconda elementare del Principato hanno contribuito al progetto.<\/p>\n<div class=\"wp-block-image\">\n<figure class=\"aligncenter size-full\"><img loading=\"lazy\" decoding=\"async\" width=\"1020\" height=\"680\" src=\"https:\/\/www.monaco-tribune.com\/wp-content\/uploads\/2023\/02\/mr-one-teas-8-mars-ecoles-monaco.jpeg\" alt=\"mr one teas 8 marzo scuole monaco\" class=\"wp-image-163235\" srcset=\"https:\/\/www.monaco-tribune.com\/wp-content\/uploads\/2023\/02\/mr-one-teas-8-mars-ecoles-monaco.jpeg 1020w, https:\/\/www.monaco-tribune.com\/wp-content\/uploads\/2023\/02\/mr-one-teas-8-mars-ecoles-monaco-450x300.jpeg 450w\" sizes=\"auto, (max-width: 1020px) 100vw, 1020px\" \/><figcaption class=\"wp-element-caption\"><em>\u00a9 St\u00e9phane Danna \/ Dipartimento Comunicazione &amp; Fr\u00e9d\u00e9ric Nebinger<\/em><\/figcaption><\/figure>\n<\/div>\n<p>Al loro fianco c&#8217;\u00e8 Mr OneTeas, che si occupa di questa iniziativa da diversi anni. Il principe Alberto II, la principessa Charl\u00e8ne e C\u00e9line Cottalorda, delegata interministeriale per i diritti delle donne, hanno realizzato le loro opere, che si uniranno a quelle gi\u00e0 create dai bambini.<\/p>\n\n<p>Il Sovrano ha preparato un dipinto raffigurante un judoka con la parola &#8220;forza&#8221; scritta sopra. La Principessa Charl\u00e8ne, invece, ha optato per un pallone da rugby, sormontato dalla scritta &#8220;Forti \u00dcnseme&#8221;: &#8220;pi\u00f9 forti insieme&#8221; in monegasco.<\/p>\n\n<figure class=\"wp-block-gallery has-nested-images columns-1 is-cropped wp-block-gallery-1 is-layout-flex wp-block-gallery-is-layout-flex\">\n<figure class=\"wp-block-image size-large\"><img loading=\"lazy\" decoding=\"async\" width=\"683\" height=\"1024\" data-id=\"163239\" src=\"https:\/\/www.monaco-tribune.com\/wp-content\/uploads\/2023\/02\/prince-albert-8-mars-princesse-charlene-683x1024.jpeg\" alt=\"principe alberto 8 marzo principessa charlene\" class=\"wp-image-163239\" srcset=\"https:\/\/www.monaco-tribune.com\/wp-content\/uploads\/2023\/02\/prince-albert-8-mars-princesse-charlene-683x1024.jpeg 683w, https:\/\/www.monaco-tribune.com\/wp-content\/uploads\/2023\/02\/prince-albert-8-mars-princesse-charlene-200x300.jpeg 200w, https:\/\/www.monaco-tribune.com\/wp-content\/uploads\/2023\/02\/prince-albert-8-mars-princesse-charlene.jpeg 1020w\" sizes=\"auto, (max-width: 683px) 100vw, 683px\" \/><\/figure>\n\n\n\n<figure class=\"wp-block-image size-large\"><img loading=\"lazy\" decoding=\"async\" width=\"1020\" height=\"680\" data-id=\"163231\" src=\"https:\/\/www.monaco-tribune.com\/wp-content\/uploads\/2023\/02\/8-mars-mr-one-teas-prince-albert-ii-princesse-charlene.jpeg\" alt=\"8 marzo mr one teas principe alberto ii principessa charlene\" class=\"wp-image-163231\" srcset=\"https:\/\/www.monaco-tribune.com\/wp-content\/uploads\/2023\/02\/8-mars-mr-one-teas-prince-albert-ii-princesse-charlene.jpeg 1020w, https:\/\/www.monaco-tribune.com\/wp-content\/uploads\/2023\/02\/8-mars-mr-one-teas-prince-albert-ii-princesse-charlene-450x300.jpeg 450w\" sizes=\"auto, (max-width: 1020px) 100vw, 1020px\" \/><\/figure>\n\n\n\n<figure class=\"wp-block-image size-large\"><img loading=\"lazy\" decoding=\"async\" width=\"1020\" height=\"680\" data-id=\"163227\" src=\"https:\/\/www.monaco-tribune.com\/wp-content\/uploads\/2023\/02\/8-mars-monaco.jpeg\" alt=\"8 marzo monaco\" class=\"wp-image-163227\" srcset=\"https:\/\/www.monaco-tribune.com\/wp-content\/uploads\/2023\/02\/8-mars-monaco.jpeg 1020w, https:\/\/www.monaco-tribune.com\/wp-content\/uploads\/2023\/02\/8-mars-monaco-450x300.jpeg 450w\" sizes=\"auto, (max-width: 1020px) 100vw, 1020px\" \/><\/figure>\n\n\n\n<figure class=\"wp-block-image size-large\"><img loading=\"lazy\" decoding=\"async\" width=\"1020\" height=\"1010\" data-id=\"163247\" src=\"https:\/\/www.monaco-tribune.com\/wp-content\/uploads\/2023\/02\/8-mars-monaco-mr-one-teas-1.jpeg\" alt=\"8 marzo monaco mr one teas\" class=\"wp-image-163247\" srcset=\"https:\/\/www.monaco-tribune.com\/wp-content\/uploads\/2023\/02\/8-mars-monaco-mr-one-teas-1.jpeg 1020w, https:\/\/www.monaco-tribune.com\/wp-content\/uploads\/2023\/02\/8-mars-monaco-mr-one-teas-1-303x300.jpeg 303w\" sizes=\"auto, (max-width: 1020px) 100vw, 1020px\" \/><\/figure>\n<figcaption class=\"blocks-gallery-caption wp-element-caption\"><em><em>\u00a9 Eric Mathon \/ Palazzo del Principe<\/em><\/em><\/figcaption><\/figure>\n\n<p>Non \u00e8 la prima volta che il Principe e la Principessa dimostrano il loro sostegno a questa causa. L&#8217;anno scorso, il Principe Alberto II \u00e8 stato una delle 100 personalit\u00e0 del Principato a dare il suo contribuito all&#8217;opera collettiva sulla <a href=\"https:\/\/www.monaco-tribune.com\/it\/2022\/03\/il-principe-alberto-ii-da-il-suo-contributo-a-unopera-darte-collettiva-per-l8-marzo\/\">tutela dei diritti delle donne e del mare<\/a>. Nel 2021 era stato <a href=\"https:\/\/www.monaco-tribune.com\/it\/2021\/03\/la-lotta-per-i-diritti-delle-donne-non-si-ferma-soprattutto-a-monaco\/\">realizzato un video<\/a> per ringraziare le donne in prima linea durante il lockdown, in cui comparivano il Principe e la Principessa. Nel 2019, invece, Mr OneTeas aveva creato una grande fotografia <a href=\"https:\/\/www.monaco-tribune.com\/2019\/03\/8marsmonaco-76-portraits\/\">composta da 76 ritratti di donne<\/a>. Anche in quel caso, il Principe Sovrano aveva dato il suo contributo.<\/p>\n","protected":false},"excerpt":{"rendered":"<p>Bombolette di vernice alla mano, il Principe e la Principessa hanno dimostrato ancora una volta il loro sostegno per la [&hellip;]<\/p>\n","protected":false},"author":60,"featured_media":163245,"comment_status":"closed","ping_status":"closed","sticky":false,"template":"","format":"standard","meta":{"_acf_changed":false,"footnotes":""},"categories":[1742,1738],"tags":[2986],"post_sectags":[3307,3306,3305,3304],"post_format":[2474],"class_list":["post-163348","post","type-post","status-publish","format-standard","has-post-thumbnail","hentry","category-famiglia-principesca","category-notizie","tag-principe-alberto-ii","sectag-8-marzo","sectag-diritti-delle-donne","sectag-mr-oneteas-it","sectag-principessa-charlene","format-foto"],"acf":[],"yoast_head":"<!-- This site is optimized with the Yoast SEO Premium plugin v26.8 (Yoast SEO v27.4) - https:\/\/yoast.com\/product\/yoast-seo-premium-wordpress\/ -->\n<title>Il Principe Alberto II e la Principessa Charl\u00e8ne sostengono la Giornata Internazionale dei Diritti della Donna<\/title>\n<meta name=\"description\" content=\"Bombolette di vernice alla mano, il Principe e la Principessa hanno dimostrato ancora una volta il loro sostegno per la giornata dell\u20198 marzo. Anche\" \/>\n<meta name=\"robots\" content=\"index, follow, max-snippet:-1, max-image-preview:large, max-video-preview:-1\" \/>\n<link rel=\"canonical\" href=\"https:\/\/www.monaco-tribune.com\/it\/2023\/02\/il-principe-alberto-ii-e-la-principessa-charlene-sostengono-la-giornata-internazionale-dei-diritti-della-donna\/\" \/>\n<meta property=\"og:locale\" content=\"it_IT\" \/>\n<meta property=\"og:type\" content=\"article\" \/>\n<meta property=\"og:title\" content=\"Il Principe Alberto II e la Principessa Charl\u00e8ne sostengono la Giornata Internazionale dei Diritti della Donna - Monaco Tribune\" \/>\n<meta property=\"og:description\" content=\"Bombolette di vernice alla mano, il Principe e la Principessa hanno dimostrato ancora una volta il loro sostegno per la giornata dell\u20198 marzo. Anche\" \/>\n<meta property=\"og:url\" content=\"https:\/\/www.monaco-tribune.com\/it\/2023\/02\/il-principe-alberto-ii-e-la-principessa-charlene-sostengono-la-giornata-internazionale-dei-diritti-della-donna\/\" \/>\n<meta property=\"og:site_name\" content=\"Monaco Tribune\" \/>\n<meta property=\"article:publisher\" content=\"https:\/\/www.facebook.com\/MonacoTribune\" \/>\n<meta property=\"article:published_time\" content=\"2023-02-10T16:55:39+00:00\" \/>\n<meta property=\"article:modified_time\" content=\"2023-02-10T16:56:08+00:00\" \/>\n<meta property=\"og:image\" content=\"https:\/\/www.monaco-tribune.com\/wp-content\/uploads\/2023\/02\/prince-albert-princesse-charlene-8-mars.jpeg\" \/>\n\t<meta property=\"og:image:width\" content=\"1020\" \/>\n\t<meta property=\"og:image:height\" content=\"680\" \/>\n\t<meta property=\"og:image:type\" content=\"image\/jpeg\" \/>\n<meta name=\"author\" content=\"Camille Esteve\" \/>\n<meta name=\"twitter:card\" content=\"summary_large_image\" \/>\n<meta name=\"twitter:creator\" content=\"@MonacoTribune\" \/>\n<meta name=\"twitter:site\" content=\"@MonacoTribune\" \/>\n<script type=\"application\/ld+json\" class=\"yoast-schema-graph\">{\"@context\":\"https:\\\/\\\/schema.org\",\"@graph\":[{\"@type\":\"NewsArticle\",\"@id\":\"https:\\\/\\\/www.monaco-tribune.com\\\/it\\\/2023\\\/02\\\/il-principe-alberto-ii-e-la-principessa-charlene-sostengono-la-giornata-internazionale-dei-diritti-della-donna\\\/#article\",\"isPartOf\":{\"@id\":\"https:\\\/\\\/www.monaco-tribune.com\\\/it\\\/2023\\\/02\\\/il-principe-alberto-ii-e-la-principessa-charlene-sostengono-la-giornata-internazionale-dei-diritti-della-donna\\\/\"},\"author\":{\"name\":\"Camille Esteve\",\"@id\":\"https:\\\/\\\/www.monaco-tribune.com\\\/it\\\/#\\\/schema\\\/person\\\/a855d420fff4d03637641d60b93ac62e\"},\"headline\":\"Il Principe Alberto II e la Principessa Charl\u00e8ne sostengono la Giornata Internazionale dei Diritti della Donna\",\"datePublished\":\"2023-02-10T16:55:39+00:00\",\"dateModified\":\"2023-02-10T16:56:08+00:00\",\"mainEntityOfPage\":{\"@id\":\"https:\\\/\\\/www.monaco-tribune.com\\\/it\\\/2023\\\/02\\\/il-principe-alberto-ii-e-la-principessa-charlene-sostengono-la-giornata-internazionale-dei-diritti-della-donna\\\/\"},\"wordCount\":293,\"publisher\":{\"@id\":\"https:\\\/\\\/www.monaco-tribune.com\\\/it\\\/#organization\"},\"image\":{\"@id\":\"https:\\\/\\\/www.monaco-tribune.com\\\/it\\\/2023\\\/02\\\/il-principe-alberto-ii-e-la-principessa-charlene-sostengono-la-giornata-internazionale-dei-diritti-della-donna\\\/#primaryimage\"},\"thumbnailUrl\":\"https:\\\/\\\/www.monaco-tribune.com\\\/wp-content\\\/uploads\\\/2023\\\/02\\\/prince-albert-princesse-charlene-8-mars.jpeg\",\"keywords\":[\"Principe Alberto II\"],\"articleSection\":[\"Famiglia Principesca\",\"Notizie\"],\"inLanguage\":\"it-IT\",\"copyrightYear\":\"2023\",\"copyrightHolder\":{\"@id\":\"https:\\\/\\\/www.monaco-tribune.com\\\/#organization\"}},{\"@type\":\"WebPage\",\"@id\":\"https:\\\/\\\/www.monaco-tribune.com\\\/it\\\/2023\\\/02\\\/il-principe-alberto-ii-e-la-principessa-charlene-sostengono-la-giornata-internazionale-dei-diritti-della-donna\\\/\",\"url\":\"https:\\\/\\\/www.monaco-tribune.com\\\/it\\\/2023\\\/02\\\/il-principe-alberto-ii-e-la-principessa-charlene-sostengono-la-giornata-internazionale-dei-diritti-della-donna\\\/\",\"name\":\"Il Principe Alberto II e la Principessa Charl\u00e8ne sostengono la Giornata Internazionale dei Diritti della Donna\",\"isPartOf\":{\"@id\":\"https:\\\/\\\/www.monaco-tribune.com\\\/it\\\/#website\"},\"primaryImageOfPage\":{\"@id\":\"https:\\\/\\\/www.monaco-tribune.com\\\/it\\\/2023\\\/02\\\/il-principe-alberto-ii-e-la-principessa-charlene-sostengono-la-giornata-internazionale-dei-diritti-della-donna\\\/#primaryimage\"},\"image\":{\"@id\":\"https:\\\/\\\/www.monaco-tribune.com\\\/it\\\/2023\\\/02\\\/il-principe-alberto-ii-e-la-principessa-charlene-sostengono-la-giornata-internazionale-dei-diritti-della-donna\\\/#primaryimage\"},\"thumbnailUrl\":\"https:\\\/\\\/www.monaco-tribune.com\\\/wp-content\\\/uploads\\\/2023\\\/02\\\/prince-albert-princesse-charlene-8-mars.jpeg\",\"datePublished\":\"2023-02-10T16:55:39+00:00\",\"dateModified\":\"2023-02-10T16:56:08+00:00\",\"description\":\"Bombolette di vernice alla mano, il Principe e la Principessa hanno dimostrato ancora una volta il loro sostegno per la giornata dell\u20198 marzo. Anche\",\"breadcrumb\":{\"@id\":\"https:\\\/\\\/www.monaco-tribune.com\\\/it\\\/2023\\\/02\\\/il-principe-alberto-ii-e-la-principessa-charlene-sostengono-la-giornata-internazionale-dei-diritti-della-donna\\\/#breadcrumb\"},\"inLanguage\":\"it-IT\",\"potentialAction\":[{\"@type\":\"ReadAction\",\"target\":[\"https:\\\/\\\/www.monaco-tribune.com\\\/it\\\/2023\\\/02\\\/il-principe-alberto-ii-e-la-principessa-charlene-sostengono-la-giornata-internazionale-dei-diritti-della-donna\\\/\"]}]},{\"@type\":\"ImageObject\",\"inLanguage\":\"it-IT\",\"@id\":\"https:\\\/\\\/www.monaco-tribune.com\\\/it\\\/2023\\\/02\\\/il-principe-alberto-ii-e-la-principessa-charlene-sostengono-la-giornata-internazionale-dei-diritti-della-donna\\\/#primaryimage\",\"url\":\"https:\\\/\\\/www.monaco-tribune.com\\\/wp-content\\\/uploads\\\/2023\\\/02\\\/prince-albert-princesse-charlene-8-mars.jpeg\",\"contentUrl\":\"https:\\\/\\\/www.monaco-tribune.com\\\/wp-content\\\/uploads\\\/2023\\\/02\\\/prince-albert-princesse-charlene-8-mars.jpeg\",\"width\":1020,\"height\":680,\"caption\":\"\u00a9 Eric Mathon \\\/ Palazzo del Principe\"},{\"@type\":\"BreadcrumbList\",\"@id\":\"https:\\\/\\\/www.monaco-tribune.com\\\/it\\\/2023\\\/02\\\/il-principe-alberto-ii-e-la-principessa-charlene-sostengono-la-giornata-internazionale-dei-diritti-della-donna\\\/#breadcrumb\",\"itemListElement\":[{\"@type\":\"ListItem\",\"position\":1,\"name\":\"Accueil\",\"item\":\"https:\\\/\\\/www.monaco-tribune.com\\\/it\\\/\"},{\"@type\":\"ListItem\",\"position\":2,\"name\":\"Il Principe Alberto II e la Principessa Charl\u00e8ne sostengono la Giornata Internazionale dei Diritti della Donna\"}]},{\"@type\":\"WebSite\",\"@id\":\"https:\\\/\\\/www.monaco-tribune.com\\\/it\\\/#website\",\"url\":\"https:\\\/\\\/www.monaco-tribune.com\\\/it\\\/\",\"name\":\"Monaco Tribune\",\"description\":\"Monaco : actualit\u00e9s \u00e9conomiques, politiques, culturelles et sportives de Monaco et de la French Riviera.\",\"publisher\":{\"@id\":\"https:\\\/\\\/www.monaco-tribune.com\\\/it\\\/#organization\"},\"potentialAction\":[{\"@type\":\"SearchAction\",\"target\":{\"@type\":\"EntryPoint\",\"urlTemplate\":\"https:\\\/\\\/www.monaco-tribune.com\\\/it\\\/?s={search_term_string}\"},\"query-input\":{\"@type\":\"PropertyValueSpecification\",\"valueRequired\":true,\"valueName\":\"search_term_string\"}}],\"inLanguage\":\"it-IT\"},{\"@type\":\"Organization\",\"@id\":\"https:\\\/\\\/www.monaco-tribune.com\\\/it\\\/#organization\",\"name\":\"Monaco Tribune\",\"url\":\"https:\\\/\\\/www.monaco-tribune.com\\\/it\\\/\",\"logo\":{\"@type\":\"ImageObject\",\"inLanguage\":\"it-IT\",\"@id\":\"https:\\\/\\\/www.monaco-tribune.com\\\/it\\\/#\\\/schema\\\/logo\\\/image\\\/\",\"url\":\"https:\\\/\\\/www.monaco-tribune.com\\\/wp-content\\\/uploads\\\/2022\\\/11\\\/logo-monaco-tribune.png\",\"contentUrl\":\"https:\\\/\\\/www.monaco-tribune.com\\\/wp-content\\\/uploads\\\/2022\\\/11\\\/logo-monaco-tribune.png\",\"width\":1548,\"height\":600,\"caption\":\"Monaco Tribune\"},\"image\":{\"@id\":\"https:\\\/\\\/www.monaco-tribune.com\\\/it\\\/#\\\/schema\\\/logo\\\/image\\\/\"},\"sameAs\":[\"https:\\\/\\\/www.facebook.com\\\/MonacoTribune\",\"https:\\\/\\\/x.com\\\/MonacoTribune\",\"https:\\\/\\\/www.instagram.com\\\/monacotribune\\\/\",\"https:\\\/\\\/www.linkedin.com\\\/company\\\/monaco-tribune\",\"https:\\\/\\\/www.youtube.com\\\/channel\\\/UCHle1MnG6hw1y4lWKijVbMA\"]},{\"@type\":\"Person\",\"@id\":\"https:\\\/\\\/www.monaco-tribune.com\\\/it\\\/#\\\/schema\\\/person\\\/a855d420fff4d03637641d60b93ac62e\",\"name\":\"Camille Esteve\",\"image\":{\"@type\":\"ImageObject\",\"inLanguage\":\"it-IT\",\"@id\":\"https:\\\/\\\/secure.gravatar.com\\\/avatar\\\/eaaa2355a7bb56c0018a391c20a55bf9b4690e3f493231dd850e612bfa6ce161?s=96&d=mm&r=g\",\"url\":\"https:\\\/\\\/secure.gravatar.com\\\/avatar\\\/eaaa2355a7bb56c0018a391c20a55bf9b4690e3f493231dd850e612bfa6ce161?s=96&d=mm&r=g\",\"contentUrl\":\"https:\\\/\\\/secure.gravatar.com\\\/avatar\\\/eaaa2355a7bb56c0018a391c20a55bf9b4690e3f493231dd850e612bfa6ce161?s=96&d=mm&r=g\",\"caption\":\"Camille Esteve\"},\"url\":\"https:\\\/\\\/www.monaco-tribune.com\\\/it\\\/author\\\/camilleesteve\\\/\"}]}<\/script>\n<!-- \/ Yoast SEO Premium plugin. -->","yoast_head_json":{"title":"Il Principe Alberto II e la Principessa Charl\u00e8ne sostengono la Giornata Internazionale dei Diritti della Donna","description":"Bombolette di vernice alla mano, il Principe e la Principessa hanno dimostrato ancora una volta il loro sostegno per la giornata dell\u20198 marzo. Anche","robots":{"index":"index","follow":"follow","max-snippet":"max-snippet:-1","max-image-preview":"max-image-preview:large","max-video-preview":"max-video-preview:-1"},"canonical":"https:\/\/www.monaco-tribune.com\/it\/2023\/02\/il-principe-alberto-ii-e-la-principessa-charlene-sostengono-la-giornata-internazionale-dei-diritti-della-donna\/","og_locale":"it_IT","og_type":"article","og_title":"Il Principe Alberto II e la Principessa Charl\u00e8ne sostengono la Giornata Internazionale dei Diritti della Donna - Monaco Tribune","og_description":"Bombolette di vernice alla mano, il Principe e la Principessa hanno dimostrato ancora una volta il loro sostegno per la giornata dell\u20198 marzo. Anche","og_url":"https:\/\/www.monaco-tribune.com\/it\/2023\/02\/il-principe-alberto-ii-e-la-principessa-charlene-sostengono-la-giornata-internazionale-dei-diritti-della-donna\/","og_site_name":"Monaco Tribune","article_publisher":"https:\/\/www.facebook.com\/MonacoTribune","article_published_time":"2023-02-10T16:55:39+00:00","article_modified_time":"2023-02-10T16:56:08+00:00","og_image":[{"width":1020,"height":680,"url":"https:\/\/www.monaco-tribune.com\/wp-content\/uploads\/2023\/02\/prince-albert-princesse-charlene-8-mars.jpeg","type":"image\/jpeg"}],"author":"Camille Esteve","twitter_card":"summary_large_image","twitter_creator":"@MonacoTribune","twitter_site":"@MonacoTribune","schema":{"@context":"https:\/\/schema.org","@graph":[{"@type":"NewsArticle","@id":"https:\/\/www.monaco-tribune.com\/it\/2023\/02\/il-principe-alberto-ii-e-la-principessa-charlene-sostengono-la-giornata-internazionale-dei-diritti-della-donna\/#article","isPartOf":{"@id":"https:\/\/www.monaco-tribune.com\/it\/2023\/02\/il-principe-alberto-ii-e-la-principessa-charlene-sostengono-la-giornata-internazionale-dei-diritti-della-donna\/"},"author":{"name":"Camille Esteve","@id":"https:\/\/www.monaco-tribune.com\/it\/#\/schema\/person\/a855d420fff4d03637641d60b93ac62e"},"headline":"Il Principe Alberto II e la Principessa Charl\u00e8ne sostengono la Giornata Internazionale dei Diritti della Donna","datePublished":"2023-02-10T16:55:39+00:00","dateModified":"2023-02-10T16:56:08+00:00","mainEntityOfPage":{"@id":"https:\/\/www.monaco-tribune.com\/it\/2023\/02\/il-principe-alberto-ii-e-la-principessa-charlene-sostengono-la-giornata-internazionale-dei-diritti-della-donna\/"},"wordCount":293,"publisher":{"@id":"https:\/\/www.monaco-tribune.com\/it\/#organization"},"image":{"@id":"https:\/\/www.monaco-tribune.com\/it\/2023\/02\/il-principe-alberto-ii-e-la-principessa-charlene-sostengono-la-giornata-internazionale-dei-diritti-della-donna\/#primaryimage"},"thumbnailUrl":"https:\/\/www.monaco-tribune.com\/wp-content\/uploads\/2023\/02\/prince-albert-princesse-charlene-8-mars.jpeg","keywords":["Principe Alberto II"],"articleSection":["Famiglia Principesca","Notizie"],"inLanguage":"it-IT","copyrightYear":"2023","copyrightHolder":{"@id":"https:\/\/www.monaco-tribune.com\/#organization"}},{"@type":"WebPage","@id":"https:\/\/www.monaco-tribune.com\/it\/2023\/02\/il-principe-alberto-ii-e-la-principessa-charlene-sostengono-la-giornata-internazionale-dei-diritti-della-donna\/","url":"https:\/\/www.monaco-tribune.com\/it\/2023\/02\/il-principe-alberto-ii-e-la-principessa-charlene-sostengono-la-giornata-internazionale-dei-diritti-della-donna\/","name":"Il Principe Alberto II e la Principessa Charl\u00e8ne sostengono la Giornata Internazionale dei Diritti della Donna","isPartOf":{"@id":"https:\/\/www.monaco-tribune.com\/it\/#website"},"primaryImageOfPage":{"@id":"https:\/\/www.monaco-tribune.com\/it\/2023\/02\/il-principe-alberto-ii-e-la-principessa-charlene-sostengono-la-giornata-internazionale-dei-diritti-della-donna\/#primaryimage"},"image":{"@id":"https:\/\/www.monaco-tribune.com\/it\/2023\/02\/il-principe-alberto-ii-e-la-principessa-charlene-sostengono-la-giornata-internazionale-dei-diritti-della-donna\/#primaryimage"},"thumbnailUrl":"https:\/\/www.monaco-tribune.com\/wp-content\/uploads\/2023\/02\/prince-albert-princesse-charlene-8-mars.jpeg","datePublished":"2023-02-10T16:55:39+00:00","dateModified":"2023-02-10T16:56:08+00:00","description":"Bombolette di vernice alla mano, il Principe e la Principessa hanno dimostrato ancora una volta il loro sostegno per la giornata dell\u20198 marzo. Anche","breadcrumb":{"@id":"https:\/\/www.monaco-tribune.com\/it\/2023\/02\/il-principe-alberto-ii-e-la-principessa-charlene-sostengono-la-giornata-internazionale-dei-diritti-della-donna\/#breadcrumb"},"inLanguage":"it-IT","potentialAction":[{"@type":"ReadAction","target":["https:\/\/www.monaco-tribune.com\/it\/2023\/02\/il-principe-alberto-ii-e-la-principessa-charlene-sostengono-la-giornata-internazionale-dei-diritti-della-donna\/"]}]},{"@type":"ImageObject","inLanguage":"it-IT","@id":"https:\/\/www.monaco-tribune.com\/it\/2023\/02\/il-principe-alberto-ii-e-la-principessa-charlene-sostengono-la-giornata-internazionale-dei-diritti-della-donna\/#primaryimage","url":"https:\/\/www.monaco-tribune.com\/wp-content\/uploads\/2023\/02\/prince-albert-princesse-charlene-8-mars.jpeg","contentUrl":"https:\/\/www.monaco-tribune.com\/wp-content\/uploads\/2023\/02\/prince-albert-princesse-charlene-8-mars.jpeg","width":1020,"height":680,"caption":"\u00a9 Eric Mathon \/ Palazzo del Principe"},{"@type":"BreadcrumbList","@id":"https:\/\/www.monaco-tribune.com\/it\/2023\/02\/il-principe-alberto-ii-e-la-principessa-charlene-sostengono-la-giornata-internazionale-dei-diritti-della-donna\/#breadcrumb","itemListElement":[{"@type":"ListItem","position":1,"name":"Accueil","item":"https:\/\/www.monaco-tribune.com\/it\/"},{"@type":"ListItem","position":2,"name":"Il Principe Alberto II e la Principessa Charl\u00e8ne sostengono la Giornata Internazionale dei Diritti della Donna"}]},{"@type":"WebSite","@id":"https:\/\/www.monaco-tribune.com\/it\/#website","url":"https:\/\/www.monaco-tribune.com\/it\/","name":"Monaco Tribune","description":"Monaco : actualit\u00e9s \u00e9conomiques, politiques, culturelles et sportives de Monaco et de la French Riviera.","publisher":{"@id":"https:\/\/www.monaco-tribune.com\/it\/#organization"},"potentialAction":[{"@type":"SearchAction","target":{"@type":"EntryPoint","urlTemplate":"https:\/\/www.monaco-tribune.com\/it\/?s={search_term_string}"},"query-input":{"@type":"PropertyValueSpecification","valueRequired":true,"valueName":"search_term_string"}}],"inLanguage":"it-IT"},{"@type":"Organization","@id":"https:\/\/www.monaco-tribune.com\/it\/#organization","name":"Monaco Tribune","url":"https:\/\/www.monaco-tribune.com\/it\/","logo":{"@type":"ImageObject","inLanguage":"it-IT","@id":"https:\/\/www.monaco-tribune.com\/it\/#\/schema\/logo\/image\/","url":"https:\/\/www.monaco-tribune.com\/wp-content\/uploads\/2022\/11\/logo-monaco-tribune.png","contentUrl":"https:\/\/www.monaco-tribune.com\/wp-content\/uploads\/2022\/11\/logo-monaco-tribune.png","width":1548,"height":600,"caption":"Monaco Tribune"},"image":{"@id":"https:\/\/www.monaco-tribune.com\/it\/#\/schema\/logo\/image\/"},"sameAs":["https:\/\/www.facebook.com\/MonacoTribune","https:\/\/x.com\/MonacoTribune","https:\/\/www.instagram.com\/monacotribune\/","https:\/\/www.linkedin.com\/company\/monaco-tribune","https:\/\/www.youtube.com\/channel\/UCHle1MnG6hw1y4lWKijVbMA"]},{"@type":"Person","@id":"https:\/\/www.monaco-tribune.com\/it\/#\/schema\/person\/a855d420fff4d03637641d60b93ac62e","name":"Camille Esteve","image":{"@type":"ImageObject","inLanguage":"it-IT","@id":"https:\/\/secure.gravatar.com\/avatar\/eaaa2355a7bb56c0018a391c20a55bf9b4690e3f493231dd850e612bfa6ce161?s=96&d=mm&r=g","url":"https:\/\/secure.gravatar.com\/avatar\/eaaa2355a7bb56c0018a391c20a55bf9b4690e3f493231dd850e612bfa6ce161?s=96&d=mm&r=g","contentUrl":"https:\/\/secure.gravatar.com\/avatar\/eaaa2355a7bb56c0018a391c20a55bf9b4690e3f493231dd850e612bfa6ce161?s=96&d=mm&r=g","caption":"Camille Esteve"},"url":"https:\/\/www.monaco-tribune.com\/it\/author\/camilleesteve\/"}]}},"_links":{"self":[{"href":"https:\/\/www.monaco-tribune.com\/it\/wp-json\/wp\/v2\/posts\/163348","targetHints":{"allow":["GET"]}}],"collection":[{"href":"https:\/\/www.monaco-tribune.com\/it\/wp-json\/wp\/v2\/posts"}],"about":[{"href":"https:\/\/www.monaco-tribune.com\/it\/wp-json\/wp\/v2\/types\/post"}],"author":[{"embeddable":true,"href":"https:\/\/www.monaco-tribune.com\/it\/wp-json\/wp\/v2\/users\/60"}],"replies":[{"embeddable":true,"href":"https:\/\/www.monaco-tribune.com\/it\/wp-json\/wp\/v2\/comments?post=163348"}],"version-history":[{"count":0,"href":"https:\/\/www.monaco-tribune.com\/it\/wp-json\/wp\/v2\/posts\/163348\/revisions"}],"wp:featuredmedia":[{"embeddable":true,"href":"https:\/\/www.monaco-tribune.com\/it\/wp-json\/wp\/v2\/media\/163245"}],"wp:attachment":[{"href":"https:\/\/www.monaco-tribune.com\/it\/wp-json\/wp\/v2\/media?parent=163348"}],"wp:term":[{"taxonomy":"category","embeddable":true,"href":"https:\/\/www.monaco-tribune.com\/it\/wp-json\/wp\/v2\/categories?post=163348"},{"taxonomy":"post_tag","embeddable":true,"href":"https:\/\/www.monaco-tribune.com\/it\/wp-json\/wp\/v2\/tags?post=163348"},{"taxonomy":"sectag","embeddable":true,"href":"https:\/\/www.monaco-tribune.com\/it\/wp-json\/wp\/v2\/post_sectags?post=163348"},{"taxonomy":"format","embeddable":true,"href":"https:\/\/www.monaco-tribune.com\/it\/wp-json\/wp\/v2\/post_format?post=163348"}],"curies":[{"name":"wp","href":"https:\/\/api.w.org\/{rel}","templated":true}]}}