{"id":164401,"date":"2025-02-17T13:54:20","date_gmt":"2025-02-17T11:54:20","guid":{"rendered":"https:\/\/www.monaco-tribune.com\/2023\/02\/sport-invernali-le-3-stazioni-sciistiche-migliori-a-2-ore-da-monaco\/"},"modified":"2025-02-17T13:54:23","modified_gmt":"2025-02-17T11:54:23","slug":"sport-invernali-le-3-stazioni-sciistiche-migliori-a-2-ore-da-monaco","status":"publish","type":"post","link":"https:\/\/www.monaco-tribune.com\/it\/2025\/02\/sport-invernali-le-3-stazioni-sciistiche-migliori-a-2-ore-da-monaco\/","title":{"rendered":"Sport invernali: top 3 delle stazioni sciistiche a 2 ore da Monaco e Nizza"},"content":{"rendered":"\n<p><strong>\u00c8 vacanza nelle scuole del Principato! Cos\u00ec Monaco Tribune ha pensato di selezionare per voi tre stazioni sciistiche da raggiungere in famiglia o con gli amici quest&#8217;inverno.<\/strong><\/p>\n\n<h2 class=\"wp-block-heading\" id=\"h-isola-2000-pour-son-enneigement-exceptionnel\">Isola 2000, per la neve eccezionale<\/h2>\n<div class=\"wp-block-image\">\n<figure class=\"aligncenter size-large\"><img loading=\"lazy\" decoding=\"async\" width=\"1024\" height=\"768\" src=\"https:\/\/www.monaco-tribune.com\/wp-content\/uploads\/2023\/02\/isola-2000-min-1-1024x768.jpeg\" alt=\"\" class=\"wp-image-164202\" srcset=\"https:\/\/www.monaco-tribune.com\/wp-content\/uploads\/2023\/02\/isola-2000-min-1-1024x768.jpeg 1024w, https:\/\/www.monaco-tribune.com\/wp-content\/uploads\/2023\/02\/isola-2000-min-1-400x300.jpeg 400w, https:\/\/www.monaco-tribune.com\/wp-content\/uploads\/2023\/02\/isola-2000-min-1.jpeg 1800w\" sizes=\"auto, (max-width: 1024px) 100vw, 1024px\" \/><figcaption class=\"wp-element-caption\">\u00a9 Isola 2000<\/figcaption><\/figure>\n<\/div>\n<p>\u00c8 la stazione sciistica preferita dai monegaschi. A met\u00e0 degli anni &#8217;80, <a href=\"https:\/\/www.monaco-tribune.com\/2023\/01\/jacques-pastor-une-vie-a-toute-allure\/\">dietro la spinta di Jacques Pastor<\/a>, vice direttore sportivo al comune di Monaco e direttore tecnico della Federazione sciistica monegasca, la stazione <a href=\"https:\/\/petit-montagnard.fr\/cette-station-de-ski-est-actuellement-la-plus-enneigee-de-france\/\">situata a 2.000 metri di altitudine<\/a> ha iniziato ad accogliere le famiglie monegasche.<\/p>\n\n<p>Il motivo? <a href=\"https:\/\/www.monaco-tribune.com\/2023\/01\/a-la-decouverte-de-la-federation-monegasque-de-ski-et-de-son-camp-dentrainement-a-isola-2000\/\">L&#8217;istituzione di un centro di formazione<\/a> per i ragazzi dello Ski Club di Monaco e della Federazione sciistica monegasca. Una partnership storica tra il Principato e la stazione del Mercantour, che oggi fa di Isola 2000 uno dei principali punti di riferimento per i monegaschi.<\/p>\n\n<p class=\"related\"><a href=\"https:\/\/www.monaco-tribune.com\/it\/2024\/11\/le-stazioni-sciistiche-meno-care-deuropa-sono-nelle-alpi-marittime\/\">Le stazioni sciistiche meno care d\u2019Europa sono nelle Alpi Marittime<\/a><\/p>\n\n<p>Con un&#8217;altitudine tra le pi\u00f9 alte della Francia, tale da garantire neve ogni anno, Isola 2000 offre condizioni sempre ottimali.<\/p>\n\n<p>L&#8217;unico inconveniente \u00e8 la mancanza di dislivello (2000 m &#8211; 2603 m), che non consente lunghe discese. Ma grazie ai suoi impianti di risalita moderni e veloci, la storica stazione di Mathieu Faivre (doppio campione del mondo) e Julia Pereira (medaglia di bronzo olimpica) regala a principianti e atleti lunghe giornate sulle piste.<\/p>\n\n<p>Con i suoi numerosi bar e ristoranti, <a href=\"https:\/\/isola2000.com\/\">Isola 2000<\/a> offre anche un&#8217;interessante vita notturna, oltre alle varie attivit\u00e0 proposte al di fuori dello sci (ciaspolate, motoslitte, slitte trainate da cani, pattinaggio sul ghiaccio&#8230;).<\/p>\n\n<hr class=\"wp-block-separator has-alpha-channel-opacity\"\/>\n\n<p><strong>Come arrivare<\/strong><\/p>\n\n<p><strong>In autobus:<\/strong><\/p>\n\n<ul class=\"wp-block-list\">\n<li><strong>Bus 100% Neige:\u00a0<\/strong>fino al 21 aprile 2025. 14 \u20ac andata e ritorno. Solo su prenotazione, che deve essere effettuata entro le 12:00 del giorno precedente. Attenzione al biglietto nominativo.<\/li>\n\n\n\n<li><b>Linea 92:\u00a0<\/b>fino al 21 aprile 2025, collegamenti regolari in partenza da Nice Grand Ar\u00e9nas, 1,70 \u20ac a tratta. La linea \u00e8 in servizio dal luned\u00ec alla domenica e i giorni festivi.<\/li>\n\n\n\n<li><strong>Linea \u200b91:\u00a0<\/strong>collegamenti regolari con partenza da Nice Grand Ar\u00e9nas. La linea \u00e8 in servizio tutti i sabati, le domeniche, i giorni festivi e tutti i giorni di vacanze scolastiche zone A, B e C. 1,70 \u20ac a tratta.<\/li>\n<\/ul>\n\n<p><strong>In auto:<\/strong><\/p>\n\n<ul class=\"wp-block-list\">\n<li>Circa 70 km, 1 ora e 10 da Nizza: autostrada Proven\u00e7ale A8 da Aix en Provence o Monaco, poi uscita 52 Carros \/ Nice Saint Isidore e RM6202 bis, direzione Digne\/Grenoble. Dopo 30 km, prendere lo svincolo di Saint Sauveur e seguire le indicazioni per Isola.<\/li>\n<\/ul>\n\n<p><strong>Prezzi<\/strong><\/p>\n\n<p>I pacchetti giornalieri sono <a href=\"https:\/\/isola2000.com\/forfaits-ski\/#forfaitjournee\">divisi per tariffe e categorie<\/a>: adulti, over 62, over 71, ragazzi, adolescenti, bambini e beb\u00e8 con possibilit\u00e0 di scegliere il pacchetto normale, principianti o scoperta.<\/p>\n\n<ul class=\"wp-block-list\">\n<li>Giornaliero a tariffa normale: 42,00 \u20ac per un adulto<\/li>\n\n\n\n<li>Mezza giornata a tariffa normale: 33,60 \u20ac per un adulto<\/li>\n<\/ul>\n\n<p><strong>Comprensorio sciistico<\/strong><\/p>\n\n<p>Gli impianti di risalita aprono alle 9:00 e chiudono alle 17:00 fino ad aprile.<\/p>\n<div class=\"wp-block-image\">\n<figure class=\"aligncenter size-full\"><img loading=\"lazy\" decoding=\"async\" width=\"800\" height=\"671\" src=\"https:\/\/www.monaco-tribune.com\/wp-content\/uploads\/2023\/02\/42.png\" alt=\"\" class=\"wp-image-277462\" srcset=\"https:\/\/www.monaco-tribune.com\/wp-content\/uploads\/2023\/02\/42.png 800w, https:\/\/www.monaco-tribune.com\/wp-content\/uploads\/2023\/02\/42-358x300.png 358w\" sizes=\"auto, (max-width: 800px) 100vw, 800px\" \/><\/figure>\n<\/div><div class=\"wp-block-image\">\n<figure class=\"aligncenter size-large\"><img loading=\"lazy\" decoding=\"async\" width=\"1024\" height=\"544\" src=\"https:\/\/www.monaco-tribune.com\/wp-content\/uploads\/2023\/02\/isola-2000-v10-2023-2024-hd-scaled-1-1024x544.jpg\" alt=\"\" class=\"wp-image-277458\" srcset=\"https:\/\/www.monaco-tribune.com\/wp-content\/uploads\/2023\/02\/isola-2000-v10-2023-2024-hd-scaled-1-1024x544.jpg 1024w, https:\/\/www.monaco-tribune.com\/wp-content\/uploads\/2023\/02\/isola-2000-v10-2023-2024-hd-scaled-1-565x300.jpg 565w, https:\/\/www.monaco-tribune.com\/wp-content\/uploads\/2023\/02\/isola-2000-v10-2023-2024-hd-scaled-1.jpg 1200w\" sizes=\"auto, (max-width: 1024px) 100vw, 1024px\" \/><\/figure>\n<\/div>\n<h2 class=\"wp-block-heading\">Auron, per il fascino del suo paesino<\/h2>\n<div class=\"wp-block-image\">\n<figure class=\"aligncenter size-large\"><img loading=\"lazy\" decoding=\"async\" width=\"1024\" height=\"630\" src=\"https:\/\/www.monaco-tribune.com\/wp-content\/uploads\/2023\/02\/auron-min-1-1024x630.jpeg\" alt=\"Auron\" class=\"wp-image-164197\" srcset=\"https:\/\/www.monaco-tribune.com\/wp-content\/uploads\/2023\/02\/auron-min-1-1024x630.jpeg 1024w, https:\/\/www.monaco-tribune.com\/wp-content\/uploads\/2023\/02\/auron-min-1-488x300.jpeg 488w, https:\/\/www.monaco-tribune.com\/wp-content\/uploads\/2023\/02\/auron-min-1.jpeg 1400w\" sizes=\"auto, (max-width: 1024px) 100vw, 1024px\" \/><figcaption class=\"wp-element-caption\">\u00a9 Auron<\/figcaption><\/figure>\n<\/div>\n<p>Una stazione sciistica arroccata su un altopiano pianeggiante con una pista di pattinaggio nel cuore di un autentico paesino disseminato di chalet in legno. Cosa volere di pi\u00f9?<\/p>\n\n<p>Con un comprensorio di 135 km circondato di abeti e con gran parte delle piste rivolte verso sud, Auron \u00e8 una delle localit\u00e0 sciistiche pi\u00f9 soleggiate della Francia e, soprattutto, la pi\u00f9 grande del dipartimento delle Alpi Marittime.<\/p>\n\n<p>Da 1600 m fino a 2450 m, la stazione del Mercantour offre 850 m di dislivello. Abbastanza per soddisfare i puristi.<\/p>\n\n<p>Se non siete appassionati di sci, Auron offre comunque tantissime attivit\u00e0. Tra la spa, la piscina, la pista di pattinaggio, i cani da slitta o ancora lo slittino e la motoslitta, grandi e piccini avranno come divertirsi. Anche i pi\u00f9 golosi potranno dirsi soddisfatti, vista la selezione di deliziosi ristoranti.<\/p>\n\n<p>Per concludere in bellezza, la localit\u00e0 ospita e organizza ogni anno importanti <a href=\"https:\/\/hiver.auron.com\/animations-divertissements\/\">eventi sportivi e culturali<\/a>, come il festival della gastronomia di montagna &#8220;Chefs au Sommet d&#8217;Auron&#8221; e l&#8217;X Speed Ski Tour.<\/p>\n\n<hr class=\"wp-block-separator has-alpha-channel-opacity\"\/>\n\n<p><strong>Come arrivare<\/strong><\/p>\n\n<p><strong>In autobus:<\/strong><\/p>\n\n<ul class=\"wp-block-list\">\n<li><strong>Bus 100% Neige Nizza &#8211; Auron:<\/strong> fino al 21 aprile 2025. 14 \u20ac andata e ritorno. Solo su prenotazione, che deve essere effettuata entro le 12:00 del giorno precedente. Attenzione al biglietto nominativo.<\/li>\n\n\n\n<li><strong>Linea \u200b91:\u00a0<\/strong>collegamenti regolari con partenza da Nice Grand Ar\u00e9nas. La linea \u00e8 in servizio tutti i sabati, le domeniche, i giorni festivi e tutti i giorni di vacanze scolastiche zone A, B e C. 1,70 \u20ac a tratta.<\/li>\n<\/ul>\n\n<p><strong>In auto:<\/strong><\/p>\n\n<ul class=\"wp-block-list\">\n<li>Circa 90km, 1 ora e 30 da Nizza: lasciare l&#8217;autostrada A8 all&#8217;uscita N\u00b051.1 Carros \/ Mercantour, quindi prendere la RM6202 BIS, per poi immettersi sulla RM6202 in direzione Digne \/ Grenoble. Dopo 30 km, svoltare a destra sulla RM2205 in direzione St Sauveur sur Tin\u00e9e \/ St \u00c9tienne de Tin\u00e9e. <strong>ATTENZIONE<\/strong>: per chi usa il GPS, i Colli de la Lombarde e della Bonette sono chiusi in inverno.<\/li>\n<\/ul>\n\n<p><strong>Prezzi<\/strong><\/p>\n\n<p>I pacchetti giornalieri sono <a href=\"https:\/\/hiver.auron.com\/forfaits-de-ski\/\">divisi per tariffe e categorie<\/a>: adulti, over 62, over 71, ragazzi, adolescenti, bambini e beb\u00e8 con possibilit\u00e0 di scegliere il pacchetto normale, principianti o scoperta.<\/p>\n\n<ul class=\"wp-block-list\">\n<li>Giornaliero a tariffa normale: 42,00 \u20ac per un adulto<\/li>\n\n\n\n<li>Mezza giornata a tariffa normale: 33,60 \u20ac per un adulto<\/li>\n<\/ul>\n\n<p><strong>Comprensorio sciistico<\/strong><\/p>\n<div class=\"wp-block-image\">\n<figure class=\"aligncenter size-full\"><img loading=\"lazy\" decoding=\"async\" width=\"991\" height=\"700\" src=\"https:\/\/www.monaco-tribune.com\/wp-content\/uploads\/2023\/02\/plan-des-pistes-2023-2024-scaled-1.jpg\" alt=\"\" class=\"wp-image-277468\" srcset=\"https:\/\/www.monaco-tribune.com\/wp-content\/uploads\/2023\/02\/plan-des-pistes-2023-2024-scaled-1.jpg 991w, https:\/\/www.monaco-tribune.com\/wp-content\/uploads\/2023\/02\/plan-des-pistes-2023-2024-scaled-1-425x300.jpg 425w\" sizes=\"auto, (max-width: 991px) 100vw, 991px\" \/><\/figure>\n<\/div>\n<h2 class=\"wp-block-heading\">Valberg, per la sua atmosfera familiare<\/h2>\n<div class=\"wp-block-image\">\n<figure class=\"aligncenter size-large\"><img loading=\"lazy\" decoding=\"async\" width=\"1024\" height=\"682\" src=\"https:\/\/www.monaco-tribune.com\/wp-content\/uploads\/2023\/02\/valberg.8.jpg-1200px-1024x682.jpg\" alt=\"Valberg\" class=\"wp-image-164193\" srcset=\"https:\/\/www.monaco-tribune.com\/wp-content\/uploads\/2023\/02\/valberg.8.jpg-1200px-1024x682.jpg 1024w, https:\/\/www.monaco-tribune.com\/wp-content\/uploads\/2023\/02\/valberg.8.jpg-1200px-451x300.jpg 451w, https:\/\/www.monaco-tribune.com\/wp-content\/uploads\/2023\/02\/valberg.8.jpg-1200px.jpg 1200w\" sizes=\"auto, (max-width: 1024px) 100vw, 1024px\" \/><figcaption class=\"wp-element-caption\">\u00a9 CRT Costa Azzurra Francia \/ Georges VERAN<\/figcaption><\/figure>\n<\/div>\n<p>Non \u00e8 cos\u00ec gettonata come Isola 2000 o Auron, eppure Valberg \u00e8 il compromesso perfetto tra un autentico paesino di montagna e un panorama eccezionale sul Parco Nazionale del Mercantour.<\/p>\n\n<p>Con i suoi 90 km di piste, i 23 impianti di risalita, i comprensori di sci alpino e di fondo, lo snowboard, il Big Air Bag, lo snowpark e il percorso per famiglie, Valberg ha poco da invidiare alle altre due localit\u00e0 pi\u00f9 blasonate.<\/p>\n\n<p>Ideale per i bambini, che possono scendere le prime piste in tutta sicurezza, Valberg \u00e8 il luogo ideale per le famiglie. Oltre allo sci, l&#8217;incantevole paesino offre diverse attivit\u00e0.<\/p>\n\n<p>Dalla stazione sciistica partono anche numerose passeggiate e ciaspolate. Inoltre l&#8217;area nordica realizzata sul campo da Golf, una vera e propria area dedicata alle famiglie, offre piste da slittino segnalate e battute, percorsi per le ciaspole, il sentiero ecologico Golf e un bar ristorante.<\/p>\n\n<hr class=\"wp-block-separator has-alpha-channel-opacity\"\/>\n\n<p><strong>Come arrivare<\/strong><\/p>\n\n<p><strong>In autobus:<\/strong><\/p>\n\n<ul class=\"wp-block-list\">\n<li><strong>Linea 670<\/strong>: regolare tutto l&#8217;anno. Partenza dalla stazione degli autobus &#8220;Grand Ar\u00e9nas&#8221; alla banchina 2. Tariffe: 2,10 \u20ac se acquistate in anticipo <a href=\"https:\/\/zou.maregionsud.fr\/jachete-un-titre-bus-ou-train-des-chemins-de-fer-de-provence\/\">qui<\/a> (attenzione, non si tratta di una prenotazione) e 2,50 \u20ac se acquistate a bordo, senza prenotazione.<\/li>\n\n\n\n<li><strong>Linea 83:<\/strong> uno skibus in inverno solo su prenotazione, con partenza al mattino presto e ritorno a Nizza alle 16:45. Prenotazione e pagamento online obbligatori con garanzia di avere il posto (entro le 12:00 del giorno precedente). Tariffa unica: 6 \u20ac. Per le partenze dell&#8217;ultimo minuto, contattate il servizio clienti ZOU! al numero 04 13 94 30 50. Partenza e capolinea a Nizza alla fermata Vauban (stazione degli autobus).<\/li>\n<\/ul>\n\n<p><strong>In auto: <\/strong><\/p>\n\n<p>Prendere l&#8217;autostrada A8 \/ Uscita 52 Nizza-Saint Isidore, quindi la D6202 in direzione Digne. <strong>3 opzioni:<\/strong><\/p>\n\n<ul class=\"wp-block-list\">\n<li>Percorrere la D28 attraverso le gole del Cians<\/li>\n\n\n\n<li>Oppure la D2202 attraverso le gole del Daluis e il villaggio di Guillaumes<\/li>\n\n\n\n<li>Oppure la M2205 attraverso il Col de la Couillole e il villaggio di Roubion.<\/li>\n<\/ul>\n\n<p><strong>Prezzi<\/strong><\/p>\n\n<p>La stazione sciistica propone <a href=\"https:\/\/www.valberg.com\/les-activites\/sports-dhiver\/ski-alpin-snowboard\/forfaits\/\">una serie di tariffe e pacchetti<\/a> adatti a qualsiasi esigenza.<\/p>\n\n<ul class=\"wp-block-list\">\n<li>Giornaliero tariffa normale: 37,00 \u20ac per un adulto<\/li>\n\n\n\n<li>A partire dalle 11:00: 33,00 \u20ac per un adulto.<\/li>\n\n\n\n<li>A partire dalle 15:00: 18,00 \u20ac per un adulto.<\/li>\n<\/ul>\n<div class=\"wp-block-image\">\n<figure class=\"aligncenter size-large\"><img loading=\"lazy\" decoding=\"async\" width=\"1024\" height=\"535\" src=\"https:\/\/www.monaco-tribune.com\/wp-content\/uploads\/2023\/02\/valberg-min-1024x535.jpeg\" alt=\"\" class=\"wp-image-164043\" srcset=\"https:\/\/www.monaco-tribune.com\/wp-content\/uploads\/2023\/02\/valberg-min-1024x535.jpeg 1024w, https:\/\/www.monaco-tribune.com\/wp-content\/uploads\/2023\/02\/valberg-min-574x300.jpeg 574w, https:\/\/www.monaco-tribune.com\/wp-content\/uploads\/2023\/02\/valberg-min.jpeg 1200w\" sizes=\"auto, (max-width: 1024px) 100vw, 1024px\" \/><\/figure>\n<\/div>\n<h2 class=\"wp-block-heading\" id=\"h-grasse-et-ses-stations-vue-mer-en-bonus-lorsqu-il-neige\">Grasse e le sue stazioni con vista sul mare, un bonus quando nevica<\/h2>\n\n<figure class=\"wp-block-gallery has-nested-images columns-default is-cropped wp-block-gallery-1 is-layout-flex wp-block-gallery-is-layout-flex\">\n<figure class=\"wp-block-image size-large\"><img loading=\"lazy\" decoding=\"async\" width=\"585\" height=\"392\" data-id=\"277511\" src=\"https:\/\/www.monaco-tribune.com\/wp-content\/uploads\/2023\/02\/ah-2-isabelle-fabre.jpeg\" alt=\"\" class=\"wp-image-277511\" srcset=\"https:\/\/www.monaco-tribune.com\/wp-content\/uploads\/2023\/02\/ah-2-isabelle-fabre.jpeg 585w, https:\/\/www.monaco-tribune.com\/wp-content\/uploads\/2023\/02\/ah-2-isabelle-fabre-448x300.jpeg 448w\" sizes=\"auto, (max-width: 585px) 100vw, 585px\" \/><figcaption class=\"wp-element-caption\">\u00a9 DR<\/figcaption><\/figure>\n\n\n\n<figure class=\"wp-block-image size-large\"><img loading=\"lazy\" decoding=\"async\" width=\"1024\" height=\"682\" data-id=\"277515\" src=\"https:\/\/www.monaco-tribune.com\/wp-content\/uploads\/2023\/02\/p1040440audibergue-2048x1364-1-1024x682.jpg\" alt=\"\" class=\"wp-image-277515\" srcset=\"https:\/\/www.monaco-tribune.com\/wp-content\/uploads\/2023\/02\/p1040440audibergue-2048x1364-1-1024x682.jpg 1024w, https:\/\/www.monaco-tribune.com\/wp-content\/uploads\/2023\/02\/p1040440audibergue-2048x1364-1-450x300.jpg 450w, https:\/\/www.monaco-tribune.com\/wp-content\/uploads\/2023\/02\/p1040440audibergue-2048x1364-1.jpg 2048w\" sizes=\"auto, (max-width: 1024px) 100vw, 1024px\" \/><figcaption class=\"wp-element-caption\">\u00a9 DR<\/figcaption><\/figure>\n<\/figure>\n\n<p>Famosa per i suoi fiori, i suoi profumi e il suo patrimonio storico, Grasse \u00e8 anche un vero e proprio paradiso per gli amanti della montagna. A pochi chilometri dal mare, localit\u00e0 come Gr\u00e9oli\u00e8res-les-Neiges e Audibergue &#8211; La Mouli\u00e8re offrono numerose attivit\u00e0 sportive e di svago nel cuore della natura.<\/p>\n\n<p>Dopo sette anni di attesa, queste due localit\u00e0, situate a 1400 e 1650 metri di altitudine, hanno finalmente riaperto per la gioia degli appassionati di sci. Vere oasi di tranquillit\u00e0, offrono un&#8217;esperienza unica con piste innevate solo naturalmente, per un&#8217;atmosfera autentica e incontaminata. Sci, snowboard, mountain bike, escursioni e attivit\u00e0 insolite vi aspettano per una vacanza sportiva e rigenerante.<\/p>\n\n<hr class=\"wp-block-separator has-alpha-channel-opacity\"\/>\n\n<p><strong>Come arrivare<\/strong><\/p>\n\n<p><strong>Gr\u00e9oli\u00e8res-les-Neiges:<\/strong><\/p>\n\n<p><strong>In autobus:<\/strong><\/p>\n\n<ul class=\"wp-block-list\">\n<li><strong> <a href=\"https:\/\/www.envibus.fr\">ENVIBUS<\/a>:<\/strong> Da Antibes a Gr\u00e9oli\u00e8res les Neiges (in funzione solo nel periodo invernale).<\/li>\n\n\n\n<li><strong><a href=\"https:\/\/zou.maregionsud.fr\">ZOU Linea 652<\/a>:<\/strong> in treno fino a Grasse, poi da Grasse a Gr\u00e9oli\u00e8res les Neiges.<\/li>\n<\/ul>\n\n<p><strong>In auto:<\/strong><\/p>\n\n<ul class=\"wp-block-list\">\n<li>Da Nizza, prendere la A8 in direzione Aix en Pce \/ Uscita 48 Cagnes sur Mer \/ M336 poi RD436 verso La Colle sur Loup \/ RD6 verso Pont du Loup e Gr\u00e9oli\u00e8res \/ RD2 poi RD802 verso Gr\u00e9oli\u00e8res Les Neiges.<\/li>\n<\/ul>\n\n<p><strong>Audibergue &#8211; La Mouli\u00e8re:<\/strong><\/p>\n\n<p><strong>In autobus:<\/strong><\/p>\n\n<ul class=\"wp-block-list\">\n<li><strong><a href=\"https:\/\/sillages.paysdegrasse.fr\">Sillages linea 40<\/a><\/strong>: da Grasse a Saint-Auban, fermata Caille o Andon a 4 km dai comprensori.<\/li>\n\n\n\n<li><strong><a href=\"https:\/\/zou.maregionsud.fr\">ZOU LER 51<\/a><\/strong>: da Nizza a Grenoble Linea Express Regionale 51, fermata La Clue (SERANON) a 7 km dal comprensorio.<\/li>\n<\/ul>\n\n<p><strong>In auto:<\/strong><\/p>\n\n<ul class=\"wp-block-list\">\n<li>Da Nizza, prendere la A8 in direzione Aix en Pce \/ Uscita 48 Cagnes sur Mer \/ M336 poi RD436 verso La Colle sur Loup \/ RD6 verso Pont du Loup e Gr\u00e9oli\u00e8res \/ RD79 verso Andon \/ RD81 verso Audibergue e\/o La Mouli\u00e8re.<\/li>\n<\/ul>\n\n<p><strong>Prezzi<\/strong><\/p>\n\n<p>Le due stazioni sciistiche propongono una serie di tariffe e pacchetti adatti a qualsiasi esigenza.<\/p>\n\n<p><a href=\"https:\/\/stations-greolieres-audibergue.com\/greolieres\/station-greolieres-hiver\/100-neige\/ski-alpin\/tarifs\/\">Gr\u00e9oli\u00e8res-les-Neiges<\/a>:<\/p>\n\n<ul class=\"wp-block-list\">\n<li>Giornaliero: 27,00 \u20ac per un adulto.<\/li>\n\n\n\n<li>Mezza giornata: 22,00 \u20ac per un adulto.<\/li>\n<\/ul>\n\n<p><a href=\"https:\/\/stations-greolieres-audibergue.com\/audibergue-la-mouliere\/station-audibergue-hiver\/100-neige\/ski-alpin\/tarifs\/\">Audibergue &#8211; La Mouli\u00e8re<\/a>:<\/p>\n\n<ul class=\"wp-block-list\">\n<li>Giornaliero: 18,00 \u20ac per un adulto.<\/li>\n\n\n\n<li>Mezza giornata: 15,00 \u20ac per un adulto.<\/li>\n<\/ul>\n\n<figure class=\"wp-block-gallery has-nested-images columns-default is-cropped wp-block-gallery-2 is-layout-flex wp-block-gallery-is-layout-flex\"><div class=\"wp-block-image\">\n<figure class=\"aligncenter size-large\"><img loading=\"lazy\" decoding=\"async\" width=\"1024\" height=\"479\" data-id=\"277520\" src=\"https:\/\/www.monaco-tribune.com\/wp-content\/uploads\/2023\/02\/plan-des-pistes-greo-1024x479.jpg\" alt=\"\" class=\"wp-image-277520\" srcset=\"https:\/\/www.monaco-tribune.com\/wp-content\/uploads\/2023\/02\/plan-des-pistes-greo-1024x479.jpg 1024w, https:\/\/www.monaco-tribune.com\/wp-content\/uploads\/2023\/02\/plan-des-pistes-greo-600x280.jpg 600w, https:\/\/www.monaco-tribune.com\/wp-content\/uploads\/2023\/02\/plan-des-pistes-greo.jpg 1318w\" sizes=\"auto, (max-width: 1024px) 100vw, 1024px\" \/><figcaption class=\"wp-element-caption\">Gr\u00e9oli\u00e8res-les-Neiges<\/figcaption><\/figure>\n<\/div>\n\n<div class=\"wp-block-image\">\n<figure class=\"aligncenter size-large\"><img loading=\"lazy\" decoding=\"async\" width=\"1024\" height=\"445\" data-id=\"277524\" src=\"https:\/\/www.monaco-tribune.com\/wp-content\/uploads\/2023\/02\/mouliere-ski-1-scaled-2-1024x445.jpg\" alt=\"\" class=\"wp-image-277524\" srcset=\"https:\/\/www.monaco-tribune.com\/wp-content\/uploads\/2023\/02\/mouliere-ski-1-scaled-2-1024x445.jpg 1024w, https:\/\/www.monaco-tribune.com\/wp-content\/uploads\/2023\/02\/mouliere-ski-1-scaled-2-600x261.jpg 600w, https:\/\/www.monaco-tribune.com\/wp-content\/uploads\/2023\/02\/mouliere-ski-1-scaled-2.jpg 1200w\" sizes=\"auto, (max-width: 1024px) 100vw, 1024px\" \/><figcaption class=\"wp-element-caption\">Audibergue &#8211; La Mouli\u00e8re<\/figcaption><\/figure>\n<\/div><\/figure>\n","protected":false},"excerpt":{"rendered":"<p>\u00c8 vacanza nelle scuole del Principato! Cos\u00ec Monaco Tribune ha pensato di selezionare per voi tre stazioni sciistiche da raggiungere [&hellip;]<\/p>\n","protected":false},"author":21,"featured_media":164199,"comment_status":"closed","ping_status":"closed","sticky":false,"template":"","format":"standard","meta":{"_acf_changed":false,"footnotes":""},"categories":[1740,1738],"tags":[4635],"post_sectags":[5434],"post_format":[2477],"class_list":["post-164401","post","type-post","status-publish","format-standard","has-post-thumbnail","hentry","category-cosa-fare","category-notizie","tag-sci","sectag-vacanze","format-info-pratiche"],"acf":[],"yoast_head":"<!-- This site is optimized with the Yoast SEO Premium plugin v26.8 (Yoast SEO v27.4) - https:\/\/yoast.com\/product\/yoast-seo-premium-wordpress\/ -->\n<title>Sport invernali: top 3 delle stazioni sciistiche a 2 ore da Monaco e Nizza<\/title>\n<meta name=\"description\" content=\"\u00c8 vacanza nelle scuole del Principato! Cos\u00ec Monaco Tribune ha pensato di selezionare per voi tre stazioni sciistiche da raggiungere in famiglia o con gli\" \/>\n<meta name=\"robots\" content=\"index, follow, max-snippet:-1, max-image-preview:large, max-video-preview:-1\" \/>\n<link rel=\"canonical\" href=\"https:\/\/www.monaco-tribune.com\/it\/2025\/02\/sport-invernali-le-3-stazioni-sciistiche-migliori-a-2-ore-da-monaco\/\" \/>\n<meta property=\"og:locale\" content=\"it_IT\" \/>\n<meta property=\"og:type\" content=\"article\" \/>\n<meta property=\"og:title\" content=\"Sport invernali: top 3 delle stazioni sciistiche a 2 ore da Monaco e Nizza - Monaco Tribune\" \/>\n<meta property=\"og:description\" content=\"\u00c8 vacanza nelle scuole del Principato! Cos\u00ec Monaco Tribune ha pensato di selezionare per voi tre stazioni sciistiche da raggiungere in famiglia o con gli\" \/>\n<meta property=\"og:url\" content=\"https:\/\/www.monaco-tribune.com\/it\/2025\/02\/sport-invernali-le-3-stazioni-sciistiche-migliori-a-2-ore-da-monaco\/\" \/>\n<meta property=\"og:site_name\" content=\"Monaco Tribune\" \/>\n<meta property=\"article:publisher\" content=\"https:\/\/www.facebook.com\/MonacoTribune\" \/>\n<meta property=\"article:published_time\" content=\"2025-02-17T11:54:20+00:00\" \/>\n<meta property=\"article:modified_time\" content=\"2025-02-17T11:54:23+00:00\" \/>\n<meta property=\"og:image\" content=\"https:\/\/www.monaco-tribune.com\/wp-content\/uploads\/2023\/02\/auron-min-1.jpeg\" \/>\n\t<meta property=\"og:image:width\" content=\"1400\" \/>\n\t<meta property=\"og:image:height\" content=\"861\" \/>\n\t<meta property=\"og:image:type\" content=\"image\/jpeg\" \/>\n<meta name=\"author\" content=\"Monaco Tribune\" \/>\n<meta name=\"twitter:card\" content=\"summary_large_image\" \/>\n<meta name=\"twitter:creator\" content=\"@MonacoTribune\" \/>\n<meta name=\"twitter:site\" content=\"@MonacoTribune\" \/>\n<script type=\"application\/ld+json\" class=\"yoast-schema-graph\">{\"@context\":\"https:\\\/\\\/schema.org\",\"@graph\":[{\"@type\":\"NewsArticle\",\"@id\":\"https:\\\/\\\/www.monaco-tribune.com\\\/it\\\/2025\\\/02\\\/sport-invernali-le-3-stazioni-sciistiche-migliori-a-2-ore-da-monaco\\\/#article\",\"isPartOf\":{\"@id\":\"https:\\\/\\\/www.monaco-tribune.com\\\/it\\\/2025\\\/02\\\/sport-invernali-le-3-stazioni-sciistiche-migliori-a-2-ore-da-monaco\\\/\"},\"author\":{\"name\":\"Monaco Tribune\",\"@id\":\"https:\\\/\\\/www.monaco-tribune.com\\\/it\\\/#\\\/schema\\\/person\\\/8f6ed8c063276e2397589eda5b7a2f2d\"},\"headline\":\"Sport invernali: top 3 delle stazioni sciistiche a 2 ore da Monaco e Nizza\",\"datePublished\":\"2025-02-17T11:54:20+00:00\",\"dateModified\":\"2025-02-17T11:54:23+00:00\",\"mainEntityOfPage\":{\"@id\":\"https:\\\/\\\/www.monaco-tribune.com\\\/it\\\/2025\\\/02\\\/sport-invernali-le-3-stazioni-sciistiche-migliori-a-2-ore-da-monaco\\\/\"},\"wordCount\":1473,\"publisher\":{\"@id\":\"https:\\\/\\\/www.monaco-tribune.com\\\/it\\\/#organization\"},\"image\":{\"@id\":\"https:\\\/\\\/www.monaco-tribune.com\\\/it\\\/2025\\\/02\\\/sport-invernali-le-3-stazioni-sciistiche-migliori-a-2-ore-da-monaco\\\/#primaryimage\"},\"thumbnailUrl\":\"https:\\\/\\\/www.monaco-tribune.com\\\/wp-content\\\/uploads\\\/2023\\\/02\\\/auron-min-1.jpeg\",\"keywords\":[\"Sci\"],\"articleSection\":[\"Cosa fare\",\"Notizie\"],\"inLanguage\":\"it-IT\",\"copyrightYear\":\"2025\",\"copyrightHolder\":{\"@id\":\"https:\\\/\\\/www.monaco-tribune.com\\\/#organization\"}},{\"@type\":\"WebPage\",\"@id\":\"https:\\\/\\\/www.monaco-tribune.com\\\/it\\\/2025\\\/02\\\/sport-invernali-le-3-stazioni-sciistiche-migliori-a-2-ore-da-monaco\\\/\",\"url\":\"https:\\\/\\\/www.monaco-tribune.com\\\/it\\\/2025\\\/02\\\/sport-invernali-le-3-stazioni-sciistiche-migliori-a-2-ore-da-monaco\\\/\",\"name\":\"Sport invernali: top 3 delle stazioni sciistiche a 2 ore da Monaco e Nizza\",\"isPartOf\":{\"@id\":\"https:\\\/\\\/www.monaco-tribune.com\\\/it\\\/#website\"},\"primaryImageOfPage\":{\"@id\":\"https:\\\/\\\/www.monaco-tribune.com\\\/it\\\/2025\\\/02\\\/sport-invernali-le-3-stazioni-sciistiche-migliori-a-2-ore-da-monaco\\\/#primaryimage\"},\"image\":{\"@id\":\"https:\\\/\\\/www.monaco-tribune.com\\\/it\\\/2025\\\/02\\\/sport-invernali-le-3-stazioni-sciistiche-migliori-a-2-ore-da-monaco\\\/#primaryimage\"},\"thumbnailUrl\":\"https:\\\/\\\/www.monaco-tribune.com\\\/wp-content\\\/uploads\\\/2023\\\/02\\\/auron-min-1.jpeg\",\"datePublished\":\"2025-02-17T11:54:20+00:00\",\"dateModified\":\"2025-02-17T11:54:23+00:00\",\"description\":\"\u00c8 vacanza nelle scuole del Principato! Cos\u00ec Monaco Tribune ha pensato di selezionare per voi tre stazioni sciistiche da raggiungere in famiglia o con gli\",\"breadcrumb\":{\"@id\":\"https:\\\/\\\/www.monaco-tribune.com\\\/it\\\/2025\\\/02\\\/sport-invernali-le-3-stazioni-sciistiche-migliori-a-2-ore-da-monaco\\\/#breadcrumb\"},\"inLanguage\":\"it-IT\",\"potentialAction\":[{\"@type\":\"ReadAction\",\"target\":[\"https:\\\/\\\/www.monaco-tribune.com\\\/it\\\/2025\\\/02\\\/sport-invernali-le-3-stazioni-sciistiche-migliori-a-2-ore-da-monaco\\\/\"]}]},{\"@type\":\"ImageObject\",\"inLanguage\":\"it-IT\",\"@id\":\"https:\\\/\\\/www.monaco-tribune.com\\\/it\\\/2025\\\/02\\\/sport-invernali-le-3-stazioni-sciistiche-migliori-a-2-ore-da-monaco\\\/#primaryimage\",\"url\":\"https:\\\/\\\/www.monaco-tribune.com\\\/wp-content\\\/uploads\\\/2023\\\/02\\\/auron-min-1.jpeg\",\"contentUrl\":\"https:\\\/\\\/www.monaco-tribune.com\\\/wp-content\\\/uploads\\\/2023\\\/02\\\/auron-min-1.jpeg\",\"width\":1400,\"height\":861,\"caption\":\"\u00a9 Auron\"},{\"@type\":\"BreadcrumbList\",\"@id\":\"https:\\\/\\\/www.monaco-tribune.com\\\/it\\\/2025\\\/02\\\/sport-invernali-le-3-stazioni-sciistiche-migliori-a-2-ore-da-monaco\\\/#breadcrumb\",\"itemListElement\":[{\"@type\":\"ListItem\",\"position\":1,\"name\":\"Accueil\",\"item\":\"https:\\\/\\\/www.monaco-tribune.com\\\/it\\\/\"},{\"@type\":\"ListItem\",\"position\":2,\"name\":\"Sport invernali: top 3 delle stazioni sciistiche a 2 ore da Monaco e Nizza\"}]},{\"@type\":\"WebSite\",\"@id\":\"https:\\\/\\\/www.monaco-tribune.com\\\/it\\\/#website\",\"url\":\"https:\\\/\\\/www.monaco-tribune.com\\\/it\\\/\",\"name\":\"Monaco Tribune\",\"description\":\"Monaco : actualit\u00e9s \u00e9conomiques, politiques, culturelles et sportives de Monaco et de la French Riviera.\",\"publisher\":{\"@id\":\"https:\\\/\\\/www.monaco-tribune.com\\\/it\\\/#organization\"},\"potentialAction\":[{\"@type\":\"SearchAction\",\"target\":{\"@type\":\"EntryPoint\",\"urlTemplate\":\"https:\\\/\\\/www.monaco-tribune.com\\\/it\\\/?s={search_term_string}\"},\"query-input\":{\"@type\":\"PropertyValueSpecification\",\"valueRequired\":true,\"valueName\":\"search_term_string\"}}],\"inLanguage\":\"it-IT\"},{\"@type\":\"Organization\",\"@id\":\"https:\\\/\\\/www.monaco-tribune.com\\\/it\\\/#organization\",\"name\":\"Monaco Tribune\",\"url\":\"https:\\\/\\\/www.monaco-tribune.com\\\/it\\\/\",\"logo\":{\"@type\":\"ImageObject\",\"inLanguage\":\"it-IT\",\"@id\":\"https:\\\/\\\/www.monaco-tribune.com\\\/it\\\/#\\\/schema\\\/logo\\\/image\\\/\",\"url\":\"https:\\\/\\\/www.monaco-tribune.com\\\/wp-content\\\/uploads\\\/2022\\\/11\\\/logo-monaco-tribune.png\",\"contentUrl\":\"https:\\\/\\\/www.monaco-tribune.com\\\/wp-content\\\/uploads\\\/2022\\\/11\\\/logo-monaco-tribune.png\",\"width\":1548,\"height\":600,\"caption\":\"Monaco Tribune\"},\"image\":{\"@id\":\"https:\\\/\\\/www.monaco-tribune.com\\\/it\\\/#\\\/schema\\\/logo\\\/image\\\/\"},\"sameAs\":[\"https:\\\/\\\/www.facebook.com\\\/MonacoTribune\",\"https:\\\/\\\/x.com\\\/MonacoTribune\",\"https:\\\/\\\/www.instagram.com\\\/monacotribune\\\/\",\"https:\\\/\\\/www.linkedin.com\\\/company\\\/monaco-tribune\",\"https:\\\/\\\/www.youtube.com\\\/channel\\\/UCHle1MnG6hw1y4lWKijVbMA\"]},{\"@type\":\"Person\",\"@id\":\"https:\\\/\\\/www.monaco-tribune.com\\\/it\\\/#\\\/schema\\\/person\\\/8f6ed8c063276e2397589eda5b7a2f2d\",\"name\":\"Monaco Tribune\",\"image\":{\"@type\":\"ImageObject\",\"inLanguage\":\"it-IT\",\"@id\":\"https:\\\/\\\/secure.gravatar.com\\\/avatar\\\/3010e6c5d6c8056ec1c25228fe68ea089879e5ae0de884e0247744ee988aaf6a?s=96&d=mm&r=g\",\"url\":\"https:\\\/\\\/secure.gravatar.com\\\/avatar\\\/3010e6c5d6c8056ec1c25228fe68ea089879e5ae0de884e0247744ee988aaf6a?s=96&d=mm&r=g\",\"contentUrl\":\"https:\\\/\\\/secure.gravatar.com\\\/avatar\\\/3010e6c5d6c8056ec1c25228fe68ea089879e5ae0de884e0247744ee988aaf6a?s=96&d=mm&r=g\",\"caption\":\"Monaco Tribune\"},\"url\":\"https:\\\/\\\/www.monaco-tribune.com\\\/it\\\/author\\\/monaco-tribune\\\/\"}]}<\/script>\n<!-- \/ Yoast SEO Premium plugin. -->","yoast_head_json":{"title":"Sport invernali: top 3 delle stazioni sciistiche a 2 ore da Monaco e Nizza","description":"\u00c8 vacanza nelle scuole del Principato! Cos\u00ec Monaco Tribune ha pensato di selezionare per voi tre stazioni sciistiche da raggiungere in famiglia o con gli","robots":{"index":"index","follow":"follow","max-snippet":"max-snippet:-1","max-image-preview":"max-image-preview:large","max-video-preview":"max-video-preview:-1"},"canonical":"https:\/\/www.monaco-tribune.com\/it\/2025\/02\/sport-invernali-le-3-stazioni-sciistiche-migliori-a-2-ore-da-monaco\/","og_locale":"it_IT","og_type":"article","og_title":"Sport invernali: top 3 delle stazioni sciistiche a 2 ore da Monaco e Nizza - Monaco Tribune","og_description":"\u00c8 vacanza nelle scuole del Principato! Cos\u00ec Monaco Tribune ha pensato di selezionare per voi tre stazioni sciistiche da raggiungere in famiglia o con gli","og_url":"https:\/\/www.monaco-tribune.com\/it\/2025\/02\/sport-invernali-le-3-stazioni-sciistiche-migliori-a-2-ore-da-monaco\/","og_site_name":"Monaco Tribune","article_publisher":"https:\/\/www.facebook.com\/MonacoTribune","article_published_time":"2025-02-17T11:54:20+00:00","article_modified_time":"2025-02-17T11:54:23+00:00","og_image":[{"width":1400,"height":861,"url":"https:\/\/www.monaco-tribune.com\/wp-content\/uploads\/2023\/02\/auron-min-1.jpeg","type":"image\/jpeg"}],"author":"Monaco Tribune","twitter_card":"summary_large_image","twitter_creator":"@MonacoTribune","twitter_site":"@MonacoTribune","schema":{"@context":"https:\/\/schema.org","@graph":[{"@type":"NewsArticle","@id":"https:\/\/www.monaco-tribune.com\/it\/2025\/02\/sport-invernali-le-3-stazioni-sciistiche-migliori-a-2-ore-da-monaco\/#article","isPartOf":{"@id":"https:\/\/www.monaco-tribune.com\/it\/2025\/02\/sport-invernali-le-3-stazioni-sciistiche-migliori-a-2-ore-da-monaco\/"},"author":{"name":"Monaco Tribune","@id":"https:\/\/www.monaco-tribune.com\/it\/#\/schema\/person\/8f6ed8c063276e2397589eda5b7a2f2d"},"headline":"Sport invernali: top 3 delle stazioni sciistiche a 2 ore da Monaco e Nizza","datePublished":"2025-02-17T11:54:20+00:00","dateModified":"2025-02-17T11:54:23+00:00","mainEntityOfPage":{"@id":"https:\/\/www.monaco-tribune.com\/it\/2025\/02\/sport-invernali-le-3-stazioni-sciistiche-migliori-a-2-ore-da-monaco\/"},"wordCount":1473,"publisher":{"@id":"https:\/\/www.monaco-tribune.com\/it\/#organization"},"image":{"@id":"https:\/\/www.monaco-tribune.com\/it\/2025\/02\/sport-invernali-le-3-stazioni-sciistiche-migliori-a-2-ore-da-monaco\/#primaryimage"},"thumbnailUrl":"https:\/\/www.monaco-tribune.com\/wp-content\/uploads\/2023\/02\/auron-min-1.jpeg","keywords":["Sci"],"articleSection":["Cosa fare","Notizie"],"inLanguage":"it-IT","copyrightYear":"2025","copyrightHolder":{"@id":"https:\/\/www.monaco-tribune.com\/#organization"}},{"@type":"WebPage","@id":"https:\/\/www.monaco-tribune.com\/it\/2025\/02\/sport-invernali-le-3-stazioni-sciistiche-migliori-a-2-ore-da-monaco\/","url":"https:\/\/www.monaco-tribune.com\/it\/2025\/02\/sport-invernali-le-3-stazioni-sciistiche-migliori-a-2-ore-da-monaco\/","name":"Sport invernali: top 3 delle stazioni sciistiche a 2 ore da Monaco e Nizza","isPartOf":{"@id":"https:\/\/www.monaco-tribune.com\/it\/#website"},"primaryImageOfPage":{"@id":"https:\/\/www.monaco-tribune.com\/it\/2025\/02\/sport-invernali-le-3-stazioni-sciistiche-migliori-a-2-ore-da-monaco\/#primaryimage"},"image":{"@id":"https:\/\/www.monaco-tribune.com\/it\/2025\/02\/sport-invernali-le-3-stazioni-sciistiche-migliori-a-2-ore-da-monaco\/#primaryimage"},"thumbnailUrl":"https:\/\/www.monaco-tribune.com\/wp-content\/uploads\/2023\/02\/auron-min-1.jpeg","datePublished":"2025-02-17T11:54:20+00:00","dateModified":"2025-02-17T11:54:23+00:00","description":"\u00c8 vacanza nelle scuole del Principato! Cos\u00ec Monaco Tribune ha pensato di selezionare per voi tre stazioni sciistiche da raggiungere in famiglia o con gli","breadcrumb":{"@id":"https:\/\/www.monaco-tribune.com\/it\/2025\/02\/sport-invernali-le-3-stazioni-sciistiche-migliori-a-2-ore-da-monaco\/#breadcrumb"},"inLanguage":"it-IT","potentialAction":[{"@type":"ReadAction","target":["https:\/\/www.monaco-tribune.com\/it\/2025\/02\/sport-invernali-le-3-stazioni-sciistiche-migliori-a-2-ore-da-monaco\/"]}]},{"@type":"ImageObject","inLanguage":"it-IT","@id":"https:\/\/www.monaco-tribune.com\/it\/2025\/02\/sport-invernali-le-3-stazioni-sciistiche-migliori-a-2-ore-da-monaco\/#primaryimage","url":"https:\/\/www.monaco-tribune.com\/wp-content\/uploads\/2023\/02\/auron-min-1.jpeg","contentUrl":"https:\/\/www.monaco-tribune.com\/wp-content\/uploads\/2023\/02\/auron-min-1.jpeg","width":1400,"height":861,"caption":"\u00a9 Auron"},{"@type":"BreadcrumbList","@id":"https:\/\/www.monaco-tribune.com\/it\/2025\/02\/sport-invernali-le-3-stazioni-sciistiche-migliori-a-2-ore-da-monaco\/#breadcrumb","itemListElement":[{"@type":"ListItem","position":1,"name":"Accueil","item":"https:\/\/www.monaco-tribune.com\/it\/"},{"@type":"ListItem","position":2,"name":"Sport invernali: top 3 delle stazioni sciistiche a 2 ore da Monaco e Nizza"}]},{"@type":"WebSite","@id":"https:\/\/www.monaco-tribune.com\/it\/#website","url":"https:\/\/www.monaco-tribune.com\/it\/","name":"Monaco Tribune","description":"Monaco : actualit\u00e9s \u00e9conomiques, politiques, culturelles et sportives de Monaco et de la French Riviera.","publisher":{"@id":"https:\/\/www.monaco-tribune.com\/it\/#organization"},"potentialAction":[{"@type":"SearchAction","target":{"@type":"EntryPoint","urlTemplate":"https:\/\/www.monaco-tribune.com\/it\/?s={search_term_string}"},"query-input":{"@type":"PropertyValueSpecification","valueRequired":true,"valueName":"search_term_string"}}],"inLanguage":"it-IT"},{"@type":"Organization","@id":"https:\/\/www.monaco-tribune.com\/it\/#organization","name":"Monaco Tribune","url":"https:\/\/www.monaco-tribune.com\/it\/","logo":{"@type":"ImageObject","inLanguage":"it-IT","@id":"https:\/\/www.monaco-tribune.com\/it\/#\/schema\/logo\/image\/","url":"https:\/\/www.monaco-tribune.com\/wp-content\/uploads\/2022\/11\/logo-monaco-tribune.png","contentUrl":"https:\/\/www.monaco-tribune.com\/wp-content\/uploads\/2022\/11\/logo-monaco-tribune.png","width":1548,"height":600,"caption":"Monaco Tribune"},"image":{"@id":"https:\/\/www.monaco-tribune.com\/it\/#\/schema\/logo\/image\/"},"sameAs":["https:\/\/www.facebook.com\/MonacoTribune","https:\/\/x.com\/MonacoTribune","https:\/\/www.instagram.com\/monacotribune\/","https:\/\/www.linkedin.com\/company\/monaco-tribune","https:\/\/www.youtube.com\/channel\/UCHle1MnG6hw1y4lWKijVbMA"]},{"@type":"Person","@id":"https:\/\/www.monaco-tribune.com\/it\/#\/schema\/person\/8f6ed8c063276e2397589eda5b7a2f2d","name":"Monaco Tribune","image":{"@type":"ImageObject","inLanguage":"it-IT","@id":"https:\/\/secure.gravatar.com\/avatar\/3010e6c5d6c8056ec1c25228fe68ea089879e5ae0de884e0247744ee988aaf6a?s=96&d=mm&r=g","url":"https:\/\/secure.gravatar.com\/avatar\/3010e6c5d6c8056ec1c25228fe68ea089879e5ae0de884e0247744ee988aaf6a?s=96&d=mm&r=g","contentUrl":"https:\/\/secure.gravatar.com\/avatar\/3010e6c5d6c8056ec1c25228fe68ea089879e5ae0de884e0247744ee988aaf6a?s=96&d=mm&r=g","caption":"Monaco Tribune"},"url":"https:\/\/www.monaco-tribune.com\/it\/author\/monaco-tribune\/"}]}},"_links":{"self":[{"href":"https:\/\/www.monaco-tribune.com\/it\/wp-json\/wp\/v2\/posts\/164401","targetHints":{"allow":["GET"]}}],"collection":[{"href":"https:\/\/www.monaco-tribune.com\/it\/wp-json\/wp\/v2\/posts"}],"about":[{"href":"https:\/\/www.monaco-tribune.com\/it\/wp-json\/wp\/v2\/types\/post"}],"author":[{"embeddable":true,"href":"https:\/\/www.monaco-tribune.com\/it\/wp-json\/wp\/v2\/users\/21"}],"replies":[{"embeddable":true,"href":"https:\/\/www.monaco-tribune.com\/it\/wp-json\/wp\/v2\/comments?post=164401"}],"version-history":[{"count":2,"href":"https:\/\/www.monaco-tribune.com\/it\/wp-json\/wp\/v2\/posts\/164401\/revisions"}],"predecessor-version":[{"id":277947,"href":"https:\/\/www.monaco-tribune.com\/it\/wp-json\/wp\/v2\/posts\/164401\/revisions\/277947"}],"wp:featuredmedia":[{"embeddable":true,"href":"https:\/\/www.monaco-tribune.com\/it\/wp-json\/wp\/v2\/media\/164199"}],"wp:attachment":[{"href":"https:\/\/www.monaco-tribune.com\/it\/wp-json\/wp\/v2\/media?parent=164401"}],"wp:term":[{"taxonomy":"category","embeddable":true,"href":"https:\/\/www.monaco-tribune.com\/it\/wp-json\/wp\/v2\/categories?post=164401"},{"taxonomy":"post_tag","embeddable":true,"href":"https:\/\/www.monaco-tribune.com\/it\/wp-json\/wp\/v2\/tags?post=164401"},{"taxonomy":"sectag","embeddable":true,"href":"https:\/\/www.monaco-tribune.com\/it\/wp-json\/wp\/v2\/post_sectags?post=164401"},{"taxonomy":"format","embeddable":true,"href":"https:\/\/www.monaco-tribune.com\/it\/wp-json\/wp\/v2\/post_format?post=164401"}],"curies":[{"name":"wp","href":"https:\/\/api.w.org\/{rel}","templated":true}]}}