{"id":168216,"date":"2023-03-15T19:13:13","date_gmt":"2023-03-15T18:13:13","guid":{"rendered":"https:\/\/www.monaco-tribune.com\/2023\/03\/ventimiglia-continua-la-sua-metamorfosi-con-la-nuova-piazza-costituente\/"},"modified":"2023-03-27T12:13:24","modified_gmt":"2023-03-27T10:13:24","slug":"ventimiglia-continua-la-sua-metamorfosi-con-la-nuova-piazza-costituente","status":"publish","type":"post","link":"https:\/\/www.monaco-tribune.com\/it\/2023\/03\/ventimiglia-continua-la-sua-metamorfosi-con-la-nuova-piazza-costituente\/","title":{"rendered":"Ventimiglia continua la sua metamorfosi con la nuova piazza Costituente"},"content":{"rendered":"\n<p><strong>Il grande parcheggio sotterraneo previsto inizialmente lascer\u00e0 ora il posto a un piccolo parcheggio in superficie.<\/strong><\/p>\n\n\n\n<p>Le nuove costruzioni spuntano come funghi a Ventimiglia. Il volto del comune si trasforma di giorno in giorno dopo l&#8217;arrivo della Marina Development Corporation e del suo principale appaltatore <a href=\"https:\/\/www.monaco-tribune.com\/it\/2022\/08\/piano-di-rigenerazione-urbana-a-ventimiglia-a-opera-di-robert-thielen\/\">Robert Thielen<\/a>.<\/p>\n\n\n\n<p>Dopo la realizzazione del nuovo porto, il residente monegasco di origine olandese ha incentivato la creazione di un <a href=\"https:\/\/www.monaco-tribune.com\/it\/2023\/02\/ventimiglia-in-arrivo-un-hotel-5-stelle-e-60-residenze-di-lusso\/\">hotel a 5 stelle con residenze<\/a>, un ristorante alla moda chiamato <a href=\"https:\/\/www.monaco-tribune.com\/it\/2022\/12\/la-rocca-il-futuro-ristorante-chic-di-ventimiglia\/\">&#8220;La Rocca Ristorante&#8221;<\/a> e <a href=\"https:\/\/www.monaco-tribune.com\/it\/2022\/10\/i-migliori-architetti-italiani-per-la-realizzazione-della-futura-scuola-internazionale-di-ventimiglia\/\">un campus che sorger\u00e0 in futuro<\/a> nella zona est della citt\u00e0. L&#8217;obiettivo dichiarato? Trasformare la Riviera italiana in una destinazione turistica internazionale.<\/p>\n\n\n<div class=\"wp-block-image\">\n<figure class=\"aligncenter size-full\"><img loading=\"lazy\" decoding=\"async\" width=\"1724\" height=\"904\" src=\"https:\/\/www.monaco-tribune.com\/wp-content\/uploads\/2023\/03\/carte-place.png\" alt=\"\" class=\"wp-image-168165\" srcset=\"https:\/\/www.monaco-tribune.com\/wp-content\/uploads\/2023\/03\/carte-place.png 1724w, https:\/\/www.monaco-tribune.com\/wp-content\/uploads\/2023\/03\/carte-place-572x300.png 572w, https:\/\/www.monaco-tribune.com\/wp-content\/uploads\/2023\/03\/carte-place-1024x537.png 1024w\" sizes=\"auto, (max-width: 1724px) 100vw, 1724px\" \/><figcaption class=\"wp-element-caption\"><em>\u00a9 Marina Development Corporation<\/em><\/figcaption><\/figure>\n<\/div>\n\n\n<p>Anche l&#8217;area sopra il porto di Cala del Forte, Borgo del Forte, \u00e8 in trasformazione. Piazza Costituente sta per svelare un volto completamente nuovo: sar\u00e0 pedonale e avr\u00e0 una grande fontana, panchine e aiuole.<\/p>\n\n\n\n<p>L&#8217;ex edificio dell&#8217;ACI, gi\u00e0 acquisito dalla Marina Development Corporation e situato sulla piazza, si chiamer\u00e0 &#8220;Club Italia&#8221; e verr\u00e0 totalmente ristrutturato per diventare un punto di riferimento per residenti e turisti. L&#8217;edificio sar\u00e0 sopraelevato e ristoranti, bar e negozi occuperanno una superficie totale di 600 m\u00b2. Potrebbe diventare il principale punto vendita di prodotti locali, a cominciare dal vino.<\/p>\n\n\n\n<p>Per quanto riguarda il parcheggio, non sar\u00e0 pi\u00f9 sotterraneo ma a livello strada, e a circa 100 metri da Piazza Costituente. Secondo il quotidiano <em>Il Secolo XIX<\/em>, i posti auto dovrebbero essere circa 40 invece dei 150 inizialmente ipotizzati.<\/p>\n","protected":false},"excerpt":{"rendered":"<p>Il grande parcheggio sotterraneo previsto inizialmente lascer\u00e0 ora il posto a un piccolo parcheggio in superficie. Le nuove costruzioni spuntano [&hellip;]<\/p>\n","protected":false},"author":69,"featured_media":168163,"comment_status":"closed","ping_status":"closed","sticky":false,"template":"","format":"standard","meta":{"_acf_changed":false,"footnotes":""},"categories":[1739,1826,1738],"tags":[2950],"post_sectags":[],"post_format":[2478],"class_list":["post-168216","post","type-post","status-publish","format-standard","has-post-thumbnail","hentry","category-business-it","category-la-nostra-scelta","category-notizie","tag-ventimiglia-it","format-notizia"],"acf":[],"yoast_head":"<!-- This site is optimized with the Yoast SEO Premium plugin v26.8 (Yoast SEO v27.4) - https:\/\/yoast.com\/product\/yoast-seo-premium-wordpress\/ -->\n<title>Ventimiglia continua la sua metamorfosi con la nuova piazza Costituente<\/title>\n<meta name=\"description\" content=\"Il grande parcheggio sotterraneo previsto inizialmente lascer\u00e0 ora il posto a un piccolo parcheggio in superficie. Le nuove costruzioni spuntano come\" \/>\n<meta name=\"robots\" content=\"index, follow, max-snippet:-1, max-image-preview:large, max-video-preview:-1\" \/>\n<link rel=\"canonical\" href=\"https:\/\/www.monaco-tribune.com\/it\/2023\/03\/ventimiglia-continua-la-sua-metamorfosi-con-la-nuova-piazza-costituente\/\" \/>\n<meta property=\"og:locale\" content=\"it_IT\" \/>\n<meta property=\"og:type\" content=\"article\" \/>\n<meta property=\"og:title\" content=\"Ventimiglia continua la sua metamorfosi con la nuova piazza Costituente - Monaco Tribune\" \/>\n<meta property=\"og:description\" content=\"Il grande parcheggio sotterraneo previsto inizialmente lascer\u00e0 ora il posto a un piccolo parcheggio in superficie. Le nuove costruzioni spuntano come\" \/>\n<meta property=\"og:url\" content=\"https:\/\/www.monaco-tribune.com\/it\/2023\/03\/ventimiglia-continua-la-sua-metamorfosi-con-la-nuova-piazza-costituente\/\" \/>\n<meta property=\"og:site_name\" content=\"Monaco Tribune\" \/>\n<meta property=\"article:publisher\" content=\"https:\/\/www.facebook.com\/MonacoTribune\" \/>\n<meta property=\"article:published_time\" content=\"2023-03-15T18:13:13+00:00\" \/>\n<meta property=\"article:modified_time\" content=\"2023-03-27T10:13:24+00:00\" \/>\n<meta property=\"og:image\" content=\"https:\/\/www.monaco-tribune.com\/wp-content\/uploads\/2023\/03\/piazza-ventimiglia.png\" \/>\n\t<meta property=\"og:image:width\" content=\"1254\" \/>\n\t<meta property=\"og:image:height\" content=\"703\" \/>\n\t<meta property=\"og:image:type\" content=\"image\/png\" \/>\n<meta name=\"author\" content=\"Sarah Incari\" \/>\n<meta name=\"twitter:card\" content=\"summary_large_image\" \/>\n<meta name=\"twitter:creator\" content=\"@MonacoTribune\" \/>\n<meta name=\"twitter:site\" content=\"@MonacoTribune\" \/>\n<script type=\"application\/ld+json\" class=\"yoast-schema-graph\">{\"@context\":\"https:\\\/\\\/schema.org\",\"@graph\":[{\"@type\":\"NewsArticle\",\"@id\":\"https:\\\/\\\/www.monaco-tribune.com\\\/it\\\/2023\\\/03\\\/ventimiglia-continua-la-sua-metamorfosi-con-la-nuova-piazza-costituente\\\/#article\",\"isPartOf\":{\"@id\":\"https:\\\/\\\/www.monaco-tribune.com\\\/it\\\/2023\\\/03\\\/ventimiglia-continua-la-sua-metamorfosi-con-la-nuova-piazza-costituente\\\/\"},\"author\":{\"name\":\"Sarah Incari\",\"@id\":\"https:\\\/\\\/www.monaco-tribune.com\\\/it\\\/#\\\/schema\\\/person\\\/dd3b5770833f791d3f4d808f1aa84499\"},\"headline\":\"Ventimiglia continua la sua metamorfosi con la nuova piazza Costituente\",\"datePublished\":\"2023-03-15T18:13:13+00:00\",\"dateModified\":\"2023-03-27T10:13:24+00:00\",\"mainEntityOfPage\":{\"@id\":\"https:\\\/\\\/www.monaco-tribune.com\\\/it\\\/2023\\\/03\\\/ventimiglia-continua-la-sua-metamorfosi-con-la-nuova-piazza-costituente\\\/\"},\"wordCount\":247,\"publisher\":{\"@id\":\"https:\\\/\\\/www.monaco-tribune.com\\\/it\\\/#organization\"},\"image\":{\"@id\":\"https:\\\/\\\/www.monaco-tribune.com\\\/it\\\/2023\\\/03\\\/ventimiglia-continua-la-sua-metamorfosi-con-la-nuova-piazza-costituente\\\/#primaryimage\"},\"thumbnailUrl\":\"https:\\\/\\\/www.monaco-tribune.com\\\/wp-content\\\/uploads\\\/2023\\\/03\\\/piazza-ventimiglia.png\",\"keywords\":[\"Ventimiglia\"],\"articleSection\":[\"Business\",\"La nostra scelta\",\"Notizie\"],\"inLanguage\":\"it-IT\",\"copyrightYear\":\"2023\",\"copyrightHolder\":{\"@id\":\"https:\\\/\\\/www.monaco-tribune.com\\\/#organization\"}},{\"@type\":\"WebPage\",\"@id\":\"https:\\\/\\\/www.monaco-tribune.com\\\/it\\\/2023\\\/03\\\/ventimiglia-continua-la-sua-metamorfosi-con-la-nuova-piazza-costituente\\\/\",\"url\":\"https:\\\/\\\/www.monaco-tribune.com\\\/it\\\/2023\\\/03\\\/ventimiglia-continua-la-sua-metamorfosi-con-la-nuova-piazza-costituente\\\/\",\"name\":\"Ventimiglia continua la sua metamorfosi con la nuova piazza Costituente\",\"isPartOf\":{\"@id\":\"https:\\\/\\\/www.monaco-tribune.com\\\/it\\\/#website\"},\"primaryImageOfPage\":{\"@id\":\"https:\\\/\\\/www.monaco-tribune.com\\\/it\\\/2023\\\/03\\\/ventimiglia-continua-la-sua-metamorfosi-con-la-nuova-piazza-costituente\\\/#primaryimage\"},\"image\":{\"@id\":\"https:\\\/\\\/www.monaco-tribune.com\\\/it\\\/2023\\\/03\\\/ventimiglia-continua-la-sua-metamorfosi-con-la-nuova-piazza-costituente\\\/#primaryimage\"},\"thumbnailUrl\":\"https:\\\/\\\/www.monaco-tribune.com\\\/wp-content\\\/uploads\\\/2023\\\/03\\\/piazza-ventimiglia.png\",\"datePublished\":\"2023-03-15T18:13:13+00:00\",\"dateModified\":\"2023-03-27T10:13:24+00:00\",\"description\":\"Il grande parcheggio sotterraneo previsto inizialmente lascer\u00e0 ora il posto a un piccolo parcheggio in superficie. Le nuove costruzioni spuntano come\",\"breadcrumb\":{\"@id\":\"https:\\\/\\\/www.monaco-tribune.com\\\/it\\\/2023\\\/03\\\/ventimiglia-continua-la-sua-metamorfosi-con-la-nuova-piazza-costituente\\\/#breadcrumb\"},\"inLanguage\":\"it-IT\",\"potentialAction\":[{\"@type\":\"ReadAction\",\"target\":[\"https:\\\/\\\/www.monaco-tribune.com\\\/it\\\/2023\\\/03\\\/ventimiglia-continua-la-sua-metamorfosi-con-la-nuova-piazza-costituente\\\/\"]}]},{\"@type\":\"ImageObject\",\"inLanguage\":\"it-IT\",\"@id\":\"https:\\\/\\\/www.monaco-tribune.com\\\/it\\\/2023\\\/03\\\/ventimiglia-continua-la-sua-metamorfosi-con-la-nuova-piazza-costituente\\\/#primaryimage\",\"url\":\"https:\\\/\\\/www.monaco-tribune.com\\\/wp-content\\\/uploads\\\/2023\\\/03\\\/piazza-ventimiglia.png\",\"contentUrl\":\"https:\\\/\\\/www.monaco-tribune.com\\\/wp-content\\\/uploads\\\/2023\\\/03\\\/piazza-ventimiglia.png\",\"width\":1254,\"height\":703,\"caption\":\"\u00a9 Marina Development Corporation\"},{\"@type\":\"BreadcrumbList\",\"@id\":\"https:\\\/\\\/www.monaco-tribune.com\\\/it\\\/2023\\\/03\\\/ventimiglia-continua-la-sua-metamorfosi-con-la-nuova-piazza-costituente\\\/#breadcrumb\",\"itemListElement\":[{\"@type\":\"ListItem\",\"position\":1,\"name\":\"Accueil\",\"item\":\"https:\\\/\\\/www.monaco-tribune.com\\\/it\\\/\"},{\"@type\":\"ListItem\",\"position\":2,\"name\":\"Ventimiglia continua la sua metamorfosi con la nuova piazza Costituente\"}]},{\"@type\":\"WebSite\",\"@id\":\"https:\\\/\\\/www.monaco-tribune.com\\\/it\\\/#website\",\"url\":\"https:\\\/\\\/www.monaco-tribune.com\\\/it\\\/\",\"name\":\"Monaco Tribune\",\"description\":\"Monaco : actualit\u00e9s \u00e9conomiques, politiques, culturelles et sportives de Monaco et de la French Riviera.\",\"publisher\":{\"@id\":\"https:\\\/\\\/www.monaco-tribune.com\\\/it\\\/#organization\"},\"potentialAction\":[{\"@type\":\"SearchAction\",\"target\":{\"@type\":\"EntryPoint\",\"urlTemplate\":\"https:\\\/\\\/www.monaco-tribune.com\\\/it\\\/?s={search_term_string}\"},\"query-input\":{\"@type\":\"PropertyValueSpecification\",\"valueRequired\":true,\"valueName\":\"search_term_string\"}}],\"inLanguage\":\"it-IT\"},{\"@type\":\"Organization\",\"@id\":\"https:\\\/\\\/www.monaco-tribune.com\\\/it\\\/#organization\",\"name\":\"Monaco Tribune\",\"url\":\"https:\\\/\\\/www.monaco-tribune.com\\\/it\\\/\",\"logo\":{\"@type\":\"ImageObject\",\"inLanguage\":\"it-IT\",\"@id\":\"https:\\\/\\\/www.monaco-tribune.com\\\/it\\\/#\\\/schema\\\/logo\\\/image\\\/\",\"url\":\"https:\\\/\\\/www.monaco-tribune.com\\\/wp-content\\\/uploads\\\/2022\\\/11\\\/logo-monaco-tribune.png\",\"contentUrl\":\"https:\\\/\\\/www.monaco-tribune.com\\\/wp-content\\\/uploads\\\/2022\\\/11\\\/logo-monaco-tribune.png\",\"width\":1548,\"height\":600,\"caption\":\"Monaco Tribune\"},\"image\":{\"@id\":\"https:\\\/\\\/www.monaco-tribune.com\\\/it\\\/#\\\/schema\\\/logo\\\/image\\\/\"},\"sameAs\":[\"https:\\\/\\\/www.facebook.com\\\/MonacoTribune\",\"https:\\\/\\\/x.com\\\/MonacoTribune\",\"https:\\\/\\\/www.instagram.com\\\/monacotribune\\\/\",\"https:\\\/\\\/www.linkedin.com\\\/company\\\/monaco-tribune\",\"https:\\\/\\\/www.youtube.com\\\/channel\\\/UCHle1MnG6hw1y4lWKijVbMA\"]},{\"@type\":\"Person\",\"@id\":\"https:\\\/\\\/www.monaco-tribune.com\\\/it\\\/#\\\/schema\\\/person\\\/dd3b5770833f791d3f4d808f1aa84499\",\"name\":\"Sarah Incari\",\"image\":{\"@type\":\"ImageObject\",\"inLanguage\":\"it-IT\",\"@id\":\"https:\\\/\\\/secure.gravatar.com\\\/avatar\\\/4ac0b37be892d57107ccdd804e3f2a03bf1e3fca097512136d3603859293cb0e?s=96&d=mm&r=g\",\"url\":\"https:\\\/\\\/secure.gravatar.com\\\/avatar\\\/4ac0b37be892d57107ccdd804e3f2a03bf1e3fca097512136d3603859293cb0e?s=96&d=mm&r=g\",\"contentUrl\":\"https:\\\/\\\/secure.gravatar.com\\\/avatar\\\/4ac0b37be892d57107ccdd804e3f2a03bf1e3fca097512136d3603859293cb0e?s=96&d=mm&r=g\",\"caption\":\"Sarah Incari\"},\"url\":\"https:\\\/\\\/www.monaco-tribune.com\\\/it\\\/author\\\/sarahincari\\\/\"}]}<\/script>\n<!-- \/ Yoast SEO Premium plugin. -->","yoast_head_json":{"title":"Ventimiglia continua la sua metamorfosi con la nuova piazza Costituente","description":"Il grande parcheggio sotterraneo previsto inizialmente lascer\u00e0 ora il posto a un piccolo parcheggio in superficie. Le nuove costruzioni spuntano come","robots":{"index":"index","follow":"follow","max-snippet":"max-snippet:-1","max-image-preview":"max-image-preview:large","max-video-preview":"max-video-preview:-1"},"canonical":"https:\/\/www.monaco-tribune.com\/it\/2023\/03\/ventimiglia-continua-la-sua-metamorfosi-con-la-nuova-piazza-costituente\/","og_locale":"it_IT","og_type":"article","og_title":"Ventimiglia continua la sua metamorfosi con la nuova piazza Costituente - Monaco Tribune","og_description":"Il grande parcheggio sotterraneo previsto inizialmente lascer\u00e0 ora il posto a un piccolo parcheggio in superficie. Le nuove costruzioni spuntano come","og_url":"https:\/\/www.monaco-tribune.com\/it\/2023\/03\/ventimiglia-continua-la-sua-metamorfosi-con-la-nuova-piazza-costituente\/","og_site_name":"Monaco Tribune","article_publisher":"https:\/\/www.facebook.com\/MonacoTribune","article_published_time":"2023-03-15T18:13:13+00:00","article_modified_time":"2023-03-27T10:13:24+00:00","og_image":[{"width":1254,"height":703,"url":"https:\/\/www.monaco-tribune.com\/wp-content\/uploads\/2023\/03\/piazza-ventimiglia.png","type":"image\/png"}],"author":"Sarah Incari","twitter_card":"summary_large_image","twitter_creator":"@MonacoTribune","twitter_site":"@MonacoTribune","schema":{"@context":"https:\/\/schema.org","@graph":[{"@type":"NewsArticle","@id":"https:\/\/www.monaco-tribune.com\/it\/2023\/03\/ventimiglia-continua-la-sua-metamorfosi-con-la-nuova-piazza-costituente\/#article","isPartOf":{"@id":"https:\/\/www.monaco-tribune.com\/it\/2023\/03\/ventimiglia-continua-la-sua-metamorfosi-con-la-nuova-piazza-costituente\/"},"author":{"name":"Sarah Incari","@id":"https:\/\/www.monaco-tribune.com\/it\/#\/schema\/person\/dd3b5770833f791d3f4d808f1aa84499"},"headline":"Ventimiglia continua la sua metamorfosi con la nuova piazza Costituente","datePublished":"2023-03-15T18:13:13+00:00","dateModified":"2023-03-27T10:13:24+00:00","mainEntityOfPage":{"@id":"https:\/\/www.monaco-tribune.com\/it\/2023\/03\/ventimiglia-continua-la-sua-metamorfosi-con-la-nuova-piazza-costituente\/"},"wordCount":247,"publisher":{"@id":"https:\/\/www.monaco-tribune.com\/it\/#organization"},"image":{"@id":"https:\/\/www.monaco-tribune.com\/it\/2023\/03\/ventimiglia-continua-la-sua-metamorfosi-con-la-nuova-piazza-costituente\/#primaryimage"},"thumbnailUrl":"https:\/\/www.monaco-tribune.com\/wp-content\/uploads\/2023\/03\/piazza-ventimiglia.png","keywords":["Ventimiglia"],"articleSection":["Business","La nostra scelta","Notizie"],"inLanguage":"it-IT","copyrightYear":"2023","copyrightHolder":{"@id":"https:\/\/www.monaco-tribune.com\/#organization"}},{"@type":"WebPage","@id":"https:\/\/www.monaco-tribune.com\/it\/2023\/03\/ventimiglia-continua-la-sua-metamorfosi-con-la-nuova-piazza-costituente\/","url":"https:\/\/www.monaco-tribune.com\/it\/2023\/03\/ventimiglia-continua-la-sua-metamorfosi-con-la-nuova-piazza-costituente\/","name":"Ventimiglia continua la sua metamorfosi con la nuova piazza Costituente","isPartOf":{"@id":"https:\/\/www.monaco-tribune.com\/it\/#website"},"primaryImageOfPage":{"@id":"https:\/\/www.monaco-tribune.com\/it\/2023\/03\/ventimiglia-continua-la-sua-metamorfosi-con-la-nuova-piazza-costituente\/#primaryimage"},"image":{"@id":"https:\/\/www.monaco-tribune.com\/it\/2023\/03\/ventimiglia-continua-la-sua-metamorfosi-con-la-nuova-piazza-costituente\/#primaryimage"},"thumbnailUrl":"https:\/\/www.monaco-tribune.com\/wp-content\/uploads\/2023\/03\/piazza-ventimiglia.png","datePublished":"2023-03-15T18:13:13+00:00","dateModified":"2023-03-27T10:13:24+00:00","description":"Il grande parcheggio sotterraneo previsto inizialmente lascer\u00e0 ora il posto a un piccolo parcheggio in superficie. Le nuove costruzioni spuntano come","breadcrumb":{"@id":"https:\/\/www.monaco-tribune.com\/it\/2023\/03\/ventimiglia-continua-la-sua-metamorfosi-con-la-nuova-piazza-costituente\/#breadcrumb"},"inLanguage":"it-IT","potentialAction":[{"@type":"ReadAction","target":["https:\/\/www.monaco-tribune.com\/it\/2023\/03\/ventimiglia-continua-la-sua-metamorfosi-con-la-nuova-piazza-costituente\/"]}]},{"@type":"ImageObject","inLanguage":"it-IT","@id":"https:\/\/www.monaco-tribune.com\/it\/2023\/03\/ventimiglia-continua-la-sua-metamorfosi-con-la-nuova-piazza-costituente\/#primaryimage","url":"https:\/\/www.monaco-tribune.com\/wp-content\/uploads\/2023\/03\/piazza-ventimiglia.png","contentUrl":"https:\/\/www.monaco-tribune.com\/wp-content\/uploads\/2023\/03\/piazza-ventimiglia.png","width":1254,"height":703,"caption":"\u00a9 Marina Development Corporation"},{"@type":"BreadcrumbList","@id":"https:\/\/www.monaco-tribune.com\/it\/2023\/03\/ventimiglia-continua-la-sua-metamorfosi-con-la-nuova-piazza-costituente\/#breadcrumb","itemListElement":[{"@type":"ListItem","position":1,"name":"Accueil","item":"https:\/\/www.monaco-tribune.com\/it\/"},{"@type":"ListItem","position":2,"name":"Ventimiglia continua la sua metamorfosi con la nuova piazza Costituente"}]},{"@type":"WebSite","@id":"https:\/\/www.monaco-tribune.com\/it\/#website","url":"https:\/\/www.monaco-tribune.com\/it\/","name":"Monaco Tribune","description":"Monaco : actualit\u00e9s \u00e9conomiques, politiques, culturelles et sportives de Monaco et de la French Riviera.","publisher":{"@id":"https:\/\/www.monaco-tribune.com\/it\/#organization"},"potentialAction":[{"@type":"SearchAction","target":{"@type":"EntryPoint","urlTemplate":"https:\/\/www.monaco-tribune.com\/it\/?s={search_term_string}"},"query-input":{"@type":"PropertyValueSpecification","valueRequired":true,"valueName":"search_term_string"}}],"inLanguage":"it-IT"},{"@type":"Organization","@id":"https:\/\/www.monaco-tribune.com\/it\/#organization","name":"Monaco Tribune","url":"https:\/\/www.monaco-tribune.com\/it\/","logo":{"@type":"ImageObject","inLanguage":"it-IT","@id":"https:\/\/www.monaco-tribune.com\/it\/#\/schema\/logo\/image\/","url":"https:\/\/www.monaco-tribune.com\/wp-content\/uploads\/2022\/11\/logo-monaco-tribune.png","contentUrl":"https:\/\/www.monaco-tribune.com\/wp-content\/uploads\/2022\/11\/logo-monaco-tribune.png","width":1548,"height":600,"caption":"Monaco Tribune"},"image":{"@id":"https:\/\/www.monaco-tribune.com\/it\/#\/schema\/logo\/image\/"},"sameAs":["https:\/\/www.facebook.com\/MonacoTribune","https:\/\/x.com\/MonacoTribune","https:\/\/www.instagram.com\/monacotribune\/","https:\/\/www.linkedin.com\/company\/monaco-tribune","https:\/\/www.youtube.com\/channel\/UCHle1MnG6hw1y4lWKijVbMA"]},{"@type":"Person","@id":"https:\/\/www.monaco-tribune.com\/it\/#\/schema\/person\/dd3b5770833f791d3f4d808f1aa84499","name":"Sarah Incari","image":{"@type":"ImageObject","inLanguage":"it-IT","@id":"https:\/\/secure.gravatar.com\/avatar\/4ac0b37be892d57107ccdd804e3f2a03bf1e3fca097512136d3603859293cb0e?s=96&d=mm&r=g","url":"https:\/\/secure.gravatar.com\/avatar\/4ac0b37be892d57107ccdd804e3f2a03bf1e3fca097512136d3603859293cb0e?s=96&d=mm&r=g","contentUrl":"https:\/\/secure.gravatar.com\/avatar\/4ac0b37be892d57107ccdd804e3f2a03bf1e3fca097512136d3603859293cb0e?s=96&d=mm&r=g","caption":"Sarah Incari"},"url":"https:\/\/www.monaco-tribune.com\/it\/author\/sarahincari\/"}]}},"_links":{"self":[{"href":"https:\/\/www.monaco-tribune.com\/it\/wp-json\/wp\/v2\/posts\/168216","targetHints":{"allow":["GET"]}}],"collection":[{"href":"https:\/\/www.monaco-tribune.com\/it\/wp-json\/wp\/v2\/posts"}],"about":[{"href":"https:\/\/www.monaco-tribune.com\/it\/wp-json\/wp\/v2\/types\/post"}],"author":[{"embeddable":true,"href":"https:\/\/www.monaco-tribune.com\/it\/wp-json\/wp\/v2\/users\/69"}],"replies":[{"embeddable":true,"href":"https:\/\/www.monaco-tribune.com\/it\/wp-json\/wp\/v2\/comments?post=168216"}],"version-history":[{"count":0,"href":"https:\/\/www.monaco-tribune.com\/it\/wp-json\/wp\/v2\/posts\/168216\/revisions"}],"wp:featuredmedia":[{"embeddable":true,"href":"https:\/\/www.monaco-tribune.com\/it\/wp-json\/wp\/v2\/media\/168163"}],"wp:attachment":[{"href":"https:\/\/www.monaco-tribune.com\/it\/wp-json\/wp\/v2\/media?parent=168216"}],"wp:term":[{"taxonomy":"category","embeddable":true,"href":"https:\/\/www.monaco-tribune.com\/it\/wp-json\/wp\/v2\/categories?post=168216"},{"taxonomy":"post_tag","embeddable":true,"href":"https:\/\/www.monaco-tribune.com\/it\/wp-json\/wp\/v2\/tags?post=168216"},{"taxonomy":"sectag","embeddable":true,"href":"https:\/\/www.monaco-tribune.com\/it\/wp-json\/wp\/v2\/post_sectags?post=168216"},{"taxonomy":"format","embeddable":true,"href":"https:\/\/www.monaco-tribune.com\/it\/wp-json\/wp\/v2\/post_format?post=168216"}],"curies":[{"name":"wp","href":"https:\/\/api.w.org\/{rel}","templated":true}]}}