{"id":168494,"date":"2023-03-17T13:17:18","date_gmt":"2023-03-17T12:17:18","guid":{"rendered":"https:\/\/www.monaco-tribune.com\/2023\/03\/sbm-il-mare-e-il-protagonista-del-2023\/"},"modified":"2023-03-17T13:17:42","modified_gmt":"2023-03-17T12:17:42","slug":"sbm-il-mare-e-il-protagonista-del-2023","status":"publish","type":"post","link":"https:\/\/www.monaco-tribune.com\/it\/2023\/03\/sbm-il-mare-e-il-protagonista-del-2023\/","title":{"rendered":"SBM: il mare \u00e8 il protagonista del 2023"},"content":{"rendered":"\n<p><strong>Dal 10 marzo al 10 maggio 2023, la Soci\u00e9t\u00e9 des Bains de Mer presenta &#8220;The Sea Is Green&#8221;, un nuovo programma di iniziative.<\/strong><\/p>\n\n<p>Qualche giorno fa, l&#8217;H\u00f4tel Hermitage ha ospitato la serata di inaugurazione. I tanti invitati hanno assistito alla presentazione della mostra di Jean Boghossian, artista, scultore e pittore belgo-libanese, per poi partecipare a una cena-spettacolo intitolata &#8220;Musique de l&#8217;eau&#8221;. Accompagnati dalle musiche della <a href=\"https:\/\/www.monaco-tribune.com\/it\/2021\/06\/stella-almondo-la-giovane-stella-nascente-del-pianoforte\/\">giovane pianista Stella Almondo<\/a>, gli ospiti hanno degustato il men\u00f9 dello chef Yannick Alleno. L&#8217;11 marzo, l&#8217;SBM ha lanciato il programma &#8220;The Sea Is Green&#8221;, all&#8217;insegna del mare e della salvaguardia degli oceani, tema principale di quest&#8217;anno. Sono previsti altri tre eventi nel 2023: &#8220;Nouvelle Vague&#8221;, &#8220;Et vogue le navire&#8221; e &#8220;Mer de glace&#8221;.<\/p>\n\n<p class=\"related\"><a href=\"https:\/\/www.monaco-tribune.com\/it\/2023\/03\/il-suo-anno-a-monaco-i-progetti-la-battaglia-per-il-figlio-intervista-a-yannick-alleno\/\"><strong>Il suo anno a Monaco, i progetti, la battaglia per il figlio\u2026 Intervista a Yannick Alleno<\/strong><\/a><\/p>\n\n<ul class=\"wp-block-list\">\n<li>Mercoled\u00ec 22 marzo, l&#8217;H\u00f4tel Hermitage ospiter\u00e0 un nuovo evento nell&#8217;ambito della Monaco Ocean Week. Jean Boghossian presenter\u00e0 la sua mostra &#8220;The Sea is Green&#8221;, seguita da una serie di dibattiti con figure del settore alberghiero (sostenibile) intervistate dalla giornalista Le\u00efla Grandi.<\/li>\n<\/ul>\n\n<ul class=\"wp-block-list\">\n<li>Mercoled\u00ec 10 maggio, il programma si concluder\u00e0 con un evento coinvolgente. Al Monte-Carlo Beach, muniti di muta da sub, potrete scoprire l&#8217;ecosistema marino della barriera corallina, un habitat creato nel 2020 che ospita fauna e flora. In serata, presso il Monte-Carlo Bay Hotel, verr\u00e0 proiettato il film <em>La grande bleu<\/em> con una degustazione di street food a base di prodotti che arrivano direttamente dal mare.<\/li>\n<\/ul>\n\n<p>Inoltre, a partire da luned\u00ec e fino a domani, la SBM partecipa nuovamente alla Settimana della Solidariet\u00e0 organizzata dal Foyer \u00c9conomique de Nice. In collaborazione con l&#8217;associazione monegasca Solidarpole, gli chef della SBM prepareranno le loro specialit\u00e0 e le serviranno ai pi\u00f9 bisognosi.<\/p>\n","protected":false},"excerpt":{"rendered":"<p>Dal 10 marzo al 10 maggio 2023, la Soci\u00e9t\u00e9 des Bains de Mer presenta &#8220;The Sea Is Green&#8221;, un nuovo [&hellip;]<\/p>\n","protected":false},"author":65,"featured_media":56481,"comment_status":"closed","ping_status":"closed","sticky":false,"template":"","format":"standard","meta":{"_acf_changed":false,"footnotes":""},"categories":[1839,1738],"tags":[2885],"post_sectags":[3580],"post_format":[2478],"class_list":["post-168494","post","type-post","status-publish","format-standard","has-post-thumbnail","hentry","category-green","category-notizie","tag-monte-carlo-sbm-it","sectag-eventi","format-notizia"],"acf":[],"yoast_head":"<!-- This site is optimized with the Yoast SEO Premium plugin v26.8 (Yoast SEO v27.4) - https:\/\/yoast.com\/product\/yoast-seo-premium-wordpress\/ -->\n<title>SBM: il mare \u00e8 il protagonista del 2023<\/title>\n<meta name=\"description\" content=\"Dal 10 marzo al 10 maggio 2023, la Soci\u00e9t\u00e9 des Bains de Mer presenta &quot;The Sea Is Green&quot;, un nuovo programma di iniziative. Qualche giorno fa, l&#039;H\u00f4tel\" \/>\n<meta name=\"robots\" content=\"index, follow, max-snippet:-1, max-image-preview:large, max-video-preview:-1\" \/>\n<link rel=\"canonical\" href=\"https:\/\/www.monaco-tribune.com\/it\/2023\/03\/sbm-il-mare-e-il-protagonista-del-2023\/\" \/>\n<meta property=\"og:locale\" content=\"it_IT\" \/>\n<meta property=\"og:type\" content=\"article\" \/>\n<meta property=\"og:title\" content=\"SBM: il mare \u00e8 il protagonista del 2023 - Monaco Tribune\" \/>\n<meta property=\"og:description\" content=\"Dal 10 marzo al 10 maggio 2023, la Soci\u00e9t\u00e9 des Bains de Mer presenta &quot;The Sea Is Green&quot;, un nuovo programma di iniziative. Qualche giorno fa, l&#039;H\u00f4tel\" \/>\n<meta property=\"og:url\" content=\"https:\/\/www.monaco-tribune.com\/it\/2023\/03\/sbm-il-mare-e-il-protagonista-del-2023\/\" \/>\n<meta property=\"og:site_name\" content=\"Monaco Tribune\" \/>\n<meta property=\"article:publisher\" content=\"https:\/\/www.facebook.com\/MonacoTribune\" \/>\n<meta property=\"article:published_time\" content=\"2023-03-17T12:17:18+00:00\" \/>\n<meta property=\"article:modified_time\" content=\"2023-03-17T12:17:42+00:00\" \/>\n<meta property=\"og:image\" content=\"https:\/\/www.monaco-tribune.com\/wp-content\/uploads\/2020\/12\/place-casino-monte-carlo.jpg\" \/>\n\t<meta property=\"og:image:width\" content=\"1200\" \/>\n\t<meta property=\"og:image:height\" content=\"696\" \/>\n\t<meta property=\"og:image:type\" content=\"image\/jpeg\" \/>\n<meta name=\"author\" content=\"Paul Charoy\" \/>\n<meta name=\"twitter:card\" content=\"summary_large_image\" \/>\n<meta name=\"twitter:creator\" content=\"@MonacoTribune\" \/>\n<meta name=\"twitter:site\" content=\"@MonacoTribune\" \/>\n<script type=\"application\/ld+json\" class=\"yoast-schema-graph\">{\"@context\":\"https:\\\/\\\/schema.org\",\"@graph\":[{\"@type\":\"NewsArticle\",\"@id\":\"https:\\\/\\\/www.monaco-tribune.com\\\/it\\\/2023\\\/03\\\/sbm-il-mare-e-il-protagonista-del-2023\\\/#article\",\"isPartOf\":{\"@id\":\"https:\\\/\\\/www.monaco-tribune.com\\\/it\\\/2023\\\/03\\\/sbm-il-mare-e-il-protagonista-del-2023\\\/\"},\"author\":{\"name\":\"Paul Charoy\",\"@id\":\"https:\\\/\\\/www.monaco-tribune.com\\\/it\\\/#\\\/schema\\\/person\\\/c33a9f1bc99ef5a2e07d37c576060b57\"},\"headline\":\"SBM: il mare \u00e8 il protagonista del 2023\",\"datePublished\":\"2023-03-17T12:17:18+00:00\",\"dateModified\":\"2023-03-17T12:17:42+00:00\",\"mainEntityOfPage\":{\"@id\":\"https:\\\/\\\/www.monaco-tribune.com\\\/it\\\/2023\\\/03\\\/sbm-il-mare-e-il-protagonista-del-2023\\\/\"},\"wordCount\":296,\"publisher\":{\"@id\":\"https:\\\/\\\/www.monaco-tribune.com\\\/it\\\/#organization\"},\"image\":{\"@id\":\"https:\\\/\\\/www.monaco-tribune.com\\\/it\\\/2023\\\/03\\\/sbm-il-mare-e-il-protagonista-del-2023\\\/#primaryimage\"},\"thumbnailUrl\":\"https:\\\/\\\/www.monaco-tribune.com\\\/wp-content\\\/uploads\\\/2020\\\/12\\\/place-casino-monte-carlo.jpg\",\"keywords\":[\"Monte-Carlo SBM\"],\"articleSection\":[\"Green\",\"Notizie\"],\"inLanguage\":\"it-IT\",\"copyrightYear\":\"2023\",\"copyrightHolder\":{\"@id\":\"https:\\\/\\\/www.monaco-tribune.com\\\/#organization\"}},{\"@type\":\"WebPage\",\"@id\":\"https:\\\/\\\/www.monaco-tribune.com\\\/it\\\/2023\\\/03\\\/sbm-il-mare-e-il-protagonista-del-2023\\\/\",\"url\":\"https:\\\/\\\/www.monaco-tribune.com\\\/it\\\/2023\\\/03\\\/sbm-il-mare-e-il-protagonista-del-2023\\\/\",\"name\":\"SBM: il mare \u00e8 il protagonista del 2023\",\"isPartOf\":{\"@id\":\"https:\\\/\\\/www.monaco-tribune.com\\\/it\\\/#website\"},\"primaryImageOfPage\":{\"@id\":\"https:\\\/\\\/www.monaco-tribune.com\\\/it\\\/2023\\\/03\\\/sbm-il-mare-e-il-protagonista-del-2023\\\/#primaryimage\"},\"image\":{\"@id\":\"https:\\\/\\\/www.monaco-tribune.com\\\/it\\\/2023\\\/03\\\/sbm-il-mare-e-il-protagonista-del-2023\\\/#primaryimage\"},\"thumbnailUrl\":\"https:\\\/\\\/www.monaco-tribune.com\\\/wp-content\\\/uploads\\\/2020\\\/12\\\/place-casino-monte-carlo.jpg\",\"datePublished\":\"2023-03-17T12:17:18+00:00\",\"dateModified\":\"2023-03-17T12:17:42+00:00\",\"description\":\"Dal 10 marzo al 10 maggio 2023, la Soci\u00e9t\u00e9 des Bains de Mer presenta \\\"The Sea Is Green\\\", un nuovo programma di iniziative. Qualche giorno fa, l'H\u00f4tel\",\"breadcrumb\":{\"@id\":\"https:\\\/\\\/www.monaco-tribune.com\\\/it\\\/2023\\\/03\\\/sbm-il-mare-e-il-protagonista-del-2023\\\/#breadcrumb\"},\"inLanguage\":\"it-IT\",\"potentialAction\":[{\"@type\":\"ReadAction\",\"target\":[\"https:\\\/\\\/www.monaco-tribune.com\\\/it\\\/2023\\\/03\\\/sbm-il-mare-e-il-protagonista-del-2023\\\/\"]}]},{\"@type\":\"ImageObject\",\"inLanguage\":\"it-IT\",\"@id\":\"https:\\\/\\\/www.monaco-tribune.com\\\/it\\\/2023\\\/03\\\/sbm-il-mare-e-il-protagonista-del-2023\\\/#primaryimage\",\"url\":\"https:\\\/\\\/www.monaco-tribune.com\\\/wp-content\\\/uploads\\\/2020\\\/12\\\/place-casino-monte-carlo.jpg\",\"contentUrl\":\"https:\\\/\\\/www.monaco-tribune.com\\\/wp-content\\\/uploads\\\/2020\\\/12\\\/place-casino-monte-carlo.jpg\",\"width\":1200,\"height\":696,\"caption\":\"Vista dell'H\u00f4tel de Paris e di Place du Casino \u00a9 Soci\u00e9t\u00e9 des Bains de Mer\"},{\"@type\":\"BreadcrumbList\",\"@id\":\"https:\\\/\\\/www.monaco-tribune.com\\\/it\\\/2023\\\/03\\\/sbm-il-mare-e-il-protagonista-del-2023\\\/#breadcrumb\",\"itemListElement\":[{\"@type\":\"ListItem\",\"position\":1,\"name\":\"Accueil\",\"item\":\"https:\\\/\\\/www.monaco-tribune.com\\\/it\\\/\"},{\"@type\":\"ListItem\",\"position\":2,\"name\":\"SBM: il mare \u00e8 il protagonista del 2023\"}]},{\"@type\":\"WebSite\",\"@id\":\"https:\\\/\\\/www.monaco-tribune.com\\\/it\\\/#website\",\"url\":\"https:\\\/\\\/www.monaco-tribune.com\\\/it\\\/\",\"name\":\"Monaco Tribune\",\"description\":\"Monaco : actualit\u00e9s \u00e9conomiques, politiques, culturelles et sportives de Monaco et de la French Riviera.\",\"publisher\":{\"@id\":\"https:\\\/\\\/www.monaco-tribune.com\\\/it\\\/#organization\"},\"potentialAction\":[{\"@type\":\"SearchAction\",\"target\":{\"@type\":\"EntryPoint\",\"urlTemplate\":\"https:\\\/\\\/www.monaco-tribune.com\\\/it\\\/?s={search_term_string}\"},\"query-input\":{\"@type\":\"PropertyValueSpecification\",\"valueRequired\":true,\"valueName\":\"search_term_string\"}}],\"inLanguage\":\"it-IT\"},{\"@type\":\"Organization\",\"@id\":\"https:\\\/\\\/www.monaco-tribune.com\\\/it\\\/#organization\",\"name\":\"Monaco Tribune\",\"url\":\"https:\\\/\\\/www.monaco-tribune.com\\\/it\\\/\",\"logo\":{\"@type\":\"ImageObject\",\"inLanguage\":\"it-IT\",\"@id\":\"https:\\\/\\\/www.monaco-tribune.com\\\/it\\\/#\\\/schema\\\/logo\\\/image\\\/\",\"url\":\"https:\\\/\\\/www.monaco-tribune.com\\\/wp-content\\\/uploads\\\/2022\\\/11\\\/logo-monaco-tribune.png\",\"contentUrl\":\"https:\\\/\\\/www.monaco-tribune.com\\\/wp-content\\\/uploads\\\/2022\\\/11\\\/logo-monaco-tribune.png\",\"width\":1548,\"height\":600,\"caption\":\"Monaco Tribune\"},\"image\":{\"@id\":\"https:\\\/\\\/www.monaco-tribune.com\\\/it\\\/#\\\/schema\\\/logo\\\/image\\\/\"},\"sameAs\":[\"https:\\\/\\\/www.facebook.com\\\/MonacoTribune\",\"https:\\\/\\\/x.com\\\/MonacoTribune\",\"https:\\\/\\\/www.instagram.com\\\/monacotribune\\\/\",\"https:\\\/\\\/www.linkedin.com\\\/company\\\/monaco-tribune\",\"https:\\\/\\\/www.youtube.com\\\/channel\\\/UCHle1MnG6hw1y4lWKijVbMA\"]},{\"@type\":\"Person\",\"@id\":\"https:\\\/\\\/www.monaco-tribune.com\\\/it\\\/#\\\/schema\\\/person\\\/c33a9f1bc99ef5a2e07d37c576060b57\",\"name\":\"Paul Charoy\",\"image\":{\"@type\":\"ImageObject\",\"inLanguage\":\"it-IT\",\"@id\":\"https:\\\/\\\/secure.gravatar.com\\\/avatar\\\/c3a39fd900275d54a628738568f1949e90ce9945d105d000228335a7bad64b38?s=96&d=mm&r=g\",\"url\":\"https:\\\/\\\/secure.gravatar.com\\\/avatar\\\/c3a39fd900275d54a628738568f1949e90ce9945d105d000228335a7bad64b38?s=96&d=mm&r=g\",\"contentUrl\":\"https:\\\/\\\/secure.gravatar.com\\\/avatar\\\/c3a39fd900275d54a628738568f1949e90ce9945d105d000228335a7bad64b38?s=96&d=mm&r=g\",\"caption\":\"Paul Charoy\"},\"url\":\"https:\\\/\\\/www.monaco-tribune.com\\\/it\\\/author\\\/paulcharoy\\\/\"}]}<\/script>\n<!-- \/ Yoast SEO Premium plugin. -->","yoast_head_json":{"title":"SBM: il mare \u00e8 il protagonista del 2023","description":"Dal 10 marzo al 10 maggio 2023, la Soci\u00e9t\u00e9 des Bains de Mer presenta \"The Sea Is Green\", un nuovo programma di iniziative. Qualche giorno fa, l'H\u00f4tel","robots":{"index":"index","follow":"follow","max-snippet":"max-snippet:-1","max-image-preview":"max-image-preview:large","max-video-preview":"max-video-preview:-1"},"canonical":"https:\/\/www.monaco-tribune.com\/it\/2023\/03\/sbm-il-mare-e-il-protagonista-del-2023\/","og_locale":"it_IT","og_type":"article","og_title":"SBM: il mare \u00e8 il protagonista del 2023 - Monaco Tribune","og_description":"Dal 10 marzo al 10 maggio 2023, la Soci\u00e9t\u00e9 des Bains de Mer presenta \"The Sea Is Green\", un nuovo programma di iniziative. Qualche giorno fa, l'H\u00f4tel","og_url":"https:\/\/www.monaco-tribune.com\/it\/2023\/03\/sbm-il-mare-e-il-protagonista-del-2023\/","og_site_name":"Monaco Tribune","article_publisher":"https:\/\/www.facebook.com\/MonacoTribune","article_published_time":"2023-03-17T12:17:18+00:00","article_modified_time":"2023-03-17T12:17:42+00:00","og_image":[{"width":1200,"height":696,"url":"https:\/\/www.monaco-tribune.com\/wp-content\/uploads\/2020\/12\/place-casino-monte-carlo.jpg","type":"image\/jpeg"}],"author":"Paul Charoy","twitter_card":"summary_large_image","twitter_creator":"@MonacoTribune","twitter_site":"@MonacoTribune","schema":{"@context":"https:\/\/schema.org","@graph":[{"@type":"NewsArticle","@id":"https:\/\/www.monaco-tribune.com\/it\/2023\/03\/sbm-il-mare-e-il-protagonista-del-2023\/#article","isPartOf":{"@id":"https:\/\/www.monaco-tribune.com\/it\/2023\/03\/sbm-il-mare-e-il-protagonista-del-2023\/"},"author":{"name":"Paul Charoy","@id":"https:\/\/www.monaco-tribune.com\/it\/#\/schema\/person\/c33a9f1bc99ef5a2e07d37c576060b57"},"headline":"SBM: il mare \u00e8 il protagonista del 2023","datePublished":"2023-03-17T12:17:18+00:00","dateModified":"2023-03-17T12:17:42+00:00","mainEntityOfPage":{"@id":"https:\/\/www.monaco-tribune.com\/it\/2023\/03\/sbm-il-mare-e-il-protagonista-del-2023\/"},"wordCount":296,"publisher":{"@id":"https:\/\/www.monaco-tribune.com\/it\/#organization"},"image":{"@id":"https:\/\/www.monaco-tribune.com\/it\/2023\/03\/sbm-il-mare-e-il-protagonista-del-2023\/#primaryimage"},"thumbnailUrl":"https:\/\/www.monaco-tribune.com\/wp-content\/uploads\/2020\/12\/place-casino-monte-carlo.jpg","keywords":["Monte-Carlo SBM"],"articleSection":["Green","Notizie"],"inLanguage":"it-IT","copyrightYear":"2023","copyrightHolder":{"@id":"https:\/\/www.monaco-tribune.com\/#organization"}},{"@type":"WebPage","@id":"https:\/\/www.monaco-tribune.com\/it\/2023\/03\/sbm-il-mare-e-il-protagonista-del-2023\/","url":"https:\/\/www.monaco-tribune.com\/it\/2023\/03\/sbm-il-mare-e-il-protagonista-del-2023\/","name":"SBM: il mare \u00e8 il protagonista del 2023","isPartOf":{"@id":"https:\/\/www.monaco-tribune.com\/it\/#website"},"primaryImageOfPage":{"@id":"https:\/\/www.monaco-tribune.com\/it\/2023\/03\/sbm-il-mare-e-il-protagonista-del-2023\/#primaryimage"},"image":{"@id":"https:\/\/www.monaco-tribune.com\/it\/2023\/03\/sbm-il-mare-e-il-protagonista-del-2023\/#primaryimage"},"thumbnailUrl":"https:\/\/www.monaco-tribune.com\/wp-content\/uploads\/2020\/12\/place-casino-monte-carlo.jpg","datePublished":"2023-03-17T12:17:18+00:00","dateModified":"2023-03-17T12:17:42+00:00","description":"Dal 10 marzo al 10 maggio 2023, la Soci\u00e9t\u00e9 des Bains de Mer presenta \"The Sea Is Green\", un nuovo programma di iniziative. Qualche giorno fa, l'H\u00f4tel","breadcrumb":{"@id":"https:\/\/www.monaco-tribune.com\/it\/2023\/03\/sbm-il-mare-e-il-protagonista-del-2023\/#breadcrumb"},"inLanguage":"it-IT","potentialAction":[{"@type":"ReadAction","target":["https:\/\/www.monaco-tribune.com\/it\/2023\/03\/sbm-il-mare-e-il-protagonista-del-2023\/"]}]},{"@type":"ImageObject","inLanguage":"it-IT","@id":"https:\/\/www.monaco-tribune.com\/it\/2023\/03\/sbm-il-mare-e-il-protagonista-del-2023\/#primaryimage","url":"https:\/\/www.monaco-tribune.com\/wp-content\/uploads\/2020\/12\/place-casino-monte-carlo.jpg","contentUrl":"https:\/\/www.monaco-tribune.com\/wp-content\/uploads\/2020\/12\/place-casino-monte-carlo.jpg","width":1200,"height":696,"caption":"Vista dell'H\u00f4tel de Paris e di Place du Casino \u00a9 Soci\u00e9t\u00e9 des Bains de Mer"},{"@type":"BreadcrumbList","@id":"https:\/\/www.monaco-tribune.com\/it\/2023\/03\/sbm-il-mare-e-il-protagonista-del-2023\/#breadcrumb","itemListElement":[{"@type":"ListItem","position":1,"name":"Accueil","item":"https:\/\/www.monaco-tribune.com\/it\/"},{"@type":"ListItem","position":2,"name":"SBM: il mare \u00e8 il protagonista del 2023"}]},{"@type":"WebSite","@id":"https:\/\/www.monaco-tribune.com\/it\/#website","url":"https:\/\/www.monaco-tribune.com\/it\/","name":"Monaco Tribune","description":"Monaco : actualit\u00e9s \u00e9conomiques, politiques, culturelles et sportives de Monaco et de la French Riviera.","publisher":{"@id":"https:\/\/www.monaco-tribune.com\/it\/#organization"},"potentialAction":[{"@type":"SearchAction","target":{"@type":"EntryPoint","urlTemplate":"https:\/\/www.monaco-tribune.com\/it\/?s={search_term_string}"},"query-input":{"@type":"PropertyValueSpecification","valueRequired":true,"valueName":"search_term_string"}}],"inLanguage":"it-IT"},{"@type":"Organization","@id":"https:\/\/www.monaco-tribune.com\/it\/#organization","name":"Monaco Tribune","url":"https:\/\/www.monaco-tribune.com\/it\/","logo":{"@type":"ImageObject","inLanguage":"it-IT","@id":"https:\/\/www.monaco-tribune.com\/it\/#\/schema\/logo\/image\/","url":"https:\/\/www.monaco-tribune.com\/wp-content\/uploads\/2022\/11\/logo-monaco-tribune.png","contentUrl":"https:\/\/www.monaco-tribune.com\/wp-content\/uploads\/2022\/11\/logo-monaco-tribune.png","width":1548,"height":600,"caption":"Monaco Tribune"},"image":{"@id":"https:\/\/www.monaco-tribune.com\/it\/#\/schema\/logo\/image\/"},"sameAs":["https:\/\/www.facebook.com\/MonacoTribune","https:\/\/x.com\/MonacoTribune","https:\/\/www.instagram.com\/monacotribune\/","https:\/\/www.linkedin.com\/company\/monaco-tribune","https:\/\/www.youtube.com\/channel\/UCHle1MnG6hw1y4lWKijVbMA"]},{"@type":"Person","@id":"https:\/\/www.monaco-tribune.com\/it\/#\/schema\/person\/c33a9f1bc99ef5a2e07d37c576060b57","name":"Paul Charoy","image":{"@type":"ImageObject","inLanguage":"it-IT","@id":"https:\/\/secure.gravatar.com\/avatar\/c3a39fd900275d54a628738568f1949e90ce9945d105d000228335a7bad64b38?s=96&d=mm&r=g","url":"https:\/\/secure.gravatar.com\/avatar\/c3a39fd900275d54a628738568f1949e90ce9945d105d000228335a7bad64b38?s=96&d=mm&r=g","contentUrl":"https:\/\/secure.gravatar.com\/avatar\/c3a39fd900275d54a628738568f1949e90ce9945d105d000228335a7bad64b38?s=96&d=mm&r=g","caption":"Paul Charoy"},"url":"https:\/\/www.monaco-tribune.com\/it\/author\/paulcharoy\/"}]}},"_links":{"self":[{"href":"https:\/\/www.monaco-tribune.com\/it\/wp-json\/wp\/v2\/posts\/168494","targetHints":{"allow":["GET"]}}],"collection":[{"href":"https:\/\/www.monaco-tribune.com\/it\/wp-json\/wp\/v2\/posts"}],"about":[{"href":"https:\/\/www.monaco-tribune.com\/it\/wp-json\/wp\/v2\/types\/post"}],"author":[{"embeddable":true,"href":"https:\/\/www.monaco-tribune.com\/it\/wp-json\/wp\/v2\/users\/65"}],"replies":[{"embeddable":true,"href":"https:\/\/www.monaco-tribune.com\/it\/wp-json\/wp\/v2\/comments?post=168494"}],"version-history":[{"count":0,"href":"https:\/\/www.monaco-tribune.com\/it\/wp-json\/wp\/v2\/posts\/168494\/revisions"}],"wp:featuredmedia":[{"embeddable":true,"href":"https:\/\/www.monaco-tribune.com\/it\/wp-json\/wp\/v2\/media\/56481"}],"wp:attachment":[{"href":"https:\/\/www.monaco-tribune.com\/it\/wp-json\/wp\/v2\/media?parent=168494"}],"wp:term":[{"taxonomy":"category","embeddable":true,"href":"https:\/\/www.monaco-tribune.com\/it\/wp-json\/wp\/v2\/categories?post=168494"},{"taxonomy":"post_tag","embeddable":true,"href":"https:\/\/www.monaco-tribune.com\/it\/wp-json\/wp\/v2\/tags?post=168494"},{"taxonomy":"sectag","embeddable":true,"href":"https:\/\/www.monaco-tribune.com\/it\/wp-json\/wp\/v2\/post_sectags?post=168494"},{"taxonomy":"format","embeddable":true,"href":"https:\/\/www.monaco-tribune.com\/it\/wp-json\/wp\/v2\/post_format?post=168494"}],"curies":[{"name":"wp","href":"https:\/\/api.w.org\/{rel}","templated":true}]}}