{"id":169080,"date":"2023-03-22T12:35:19","date_gmt":"2023-03-22T11:35:19","guid":{"rendered":"https:\/\/www.monaco-tribune.com\/2023\/03\/a-monaco-tolleranza-zero-per-oltraggio-a-pubblico-ufficiale\/"},"modified":"2023-03-22T12:37:09","modified_gmt":"2023-03-22T11:37:09","slug":"a-monaco-tolleranza-zero-per-oltraggio-a-pubblico-ufficiale","status":"publish","type":"post","link":"https:\/\/www.monaco-tribune.com\/it\/2023\/03\/a-monaco-tolleranza-zero-per-oltraggio-a-pubblico-ufficiale\/","title":{"rendered":"A Monaco, tolleranza zero per oltraggio a pubblico ufficiale"},"content":{"rendered":"\n<p><strong>Gli agenti del Principato sono subito pronti a sporgere denuncia non appena la loro autorit\u00e0 viene messa in discussione.<\/strong><\/p>\n\n\n\n<p>Al Tribunale penale di Monaco non \u00e8 raro imbattersi in agenti di polizia in uniforme vittime di casi di aggressione. Come lo scorso ottobre, quando un belga <a href=\"https:\/\/www.monaco-tribune.com\/it\/2022\/10\/un-uomo-belga-arrestato-per-aver-insultato-la-polizia-monegasca\/\">\u00e8 stato condannato a quattro mesi di prigione e 9.000 euro di multa<\/a> per aver insultato gli agenti di polizia.<\/p>\n\n\n\n<p>Oppure a febbraio, quando un <a href=\"https:\/\/www.monaco-tribune.com\/2023\/02\/un-monegasque-en-prison-apres-avoir-cause-du-trouble-a-son-voisinage-et-insulte-des-policiers\/\">monegasco \u00e8 stato condannato a sei mesi di reclusione<\/a> per aver causato disordini nel suo quartiere e aver insultato gli agenti durante l&#8217;arresto. Nello stesso mese, un <a href=\"https:\/\/www.monaco-tribune.com\/2023\/02\/deux-policiers-monegasques-insultes-en-intervention-portent-plainte-lhomme-convoque-au-tribunal\/\">uomo di Beausoleil \u00e8 stato condannato a due mesi di carcere con la condizionale<\/a>, sempre per oltraggio a pubblico ufficiale.<\/p>\n\n\n\n<h2 class=\"wp-block-heading\">Tolleranza zero<\/h2>\n\n\n\n<p>Sono tante le storie simili. Per questo il Principato adotta una politica di tolleranza zero nei casi di aggressione, fisica o verbale che sia. Dato che la Polizia rappresenta la pubblica autorit\u00e0, &#8220;gli autori di aggressioni verbali e\/o fisiche, offendono, volontariamente o meno, l&#8217;autorit\u00e0 dello Stato&#8221;, spiega il Dipartimento degli Interni. &#8220;Pertanto, l&#8217;agente di polizia sporge denuncia ogni volta che questa autorit\u00e0 viene messa in discussione&#8221;.<\/p>\n\n\n\n<p>Ma tutte le denunce culminano in un&#8217;udienza? La risposta \u00e8 no. &#8220;Dopo che viene sporta denuncia dal funzionario vittima di aggressione, il dipartimento &#8220;investigativo&#8221; avvia una procedura che viene trasmessa alla Procura. \u00c8 questa che decide se il caso debba essere sottoposto o meno al tribunale penale&#8221;, afferma il Dipartimento degli Interni, precisando che i controlli sul territorio hanno soprattutto una funzione dissuasiva.<\/p>\n\n\n\n<h2 class=\"wp-block-heading\">Una giustizia operativa<\/h2>\n\n\n\n<p>Visto che l&#8217;obiettivo delle autorit\u00e0 \u00e8 quello di garantire un livello di sicurezza piuttosto elevato nel Principato, la Pubblica Sicurezza pu\u00f2 contare sull&#8217;operativit\u00e0 del sistema giudiziario monegasco. &#8220;La giustizia \u00e8 pienamente coinvolta in questa politica di tolleranza zero, perseguendo i reati denunciati dalla polizia&#8221;.<\/p>\n\n\n\n<p>Questa fermezza, per\u00f2, sorprende molti. &#8220;Anche se la maggior parte delle persone di passaggio si complimenta con il Principato per aver agito in questo modo, alcuni visitatori potrebbero restare sorpresi dalle nostre pratiche, dalla nostra presenza sul territorio e dalla nostra operativit\u00e0&#8221;, ammette il Dipartimento degli Interni. &#8220;Alcuni, tra cui persone che hanno gi\u00e0 avuto a che dare con forze di polizia straniere, si mostrano a volte ostili&#8221;.<\/p>\n\n\n\n<hr class=\"wp-block-separator has-alpha-channel-opacity\"\/>\n\n\n\n<h2 class=\"wp-block-heading\" id=\"h-ricordiamo-le-regole-in-vigore\">Ricordiamo le regole in vigore<\/h2>\n\n\n\n<p>Il modo pi\u00f9 semplice per evitare problemi a Monaco \u00e8 essere rispettosi, un consiglio valido per qualsiasi paese! Ma il rispetto parte dalla conoscenza delle regole del posto, quindi ve ne ricordiamo qualcuna:<\/p>\n\n\n\n<ul class=\"wp-block-list\">\n<li>Innanzitutto, \u00e8 vietato offendere pubblicamente il Principe o la Famiglia Principesca, perch\u00e9 si rischiano una bella multa e fino a cinque anni di prigione.<\/li>\n\n\n\n<li>Nel Principato di Monaco \u00e8 vietato anche l&#8217;uso di droni a scopo ricreativo. Scattare fotografie aeree senza il consenso della Direzione dell&#8217;aviazione civile \u00e8 punibile con una pena da sei giorni a un mese di reclusione e\/o una multa di 9.000 euro.<\/li>\n\n\n\n<li>Chiunque entri o esca da Monaco con 10.000 euro in contanti deve dichiarare la somma alla Pubblica Sicurezza. In caso contrario, il denaro pu\u00f2 essere confiscato. L&#8217;obiettivo \u00e8 quello di combattere il riciclaggio, il finanziamento del terrorismo e la corruzione. <\/li>\n\n\n\n<li>Attraversare sulle strisce pedonali. Per quanto possa sembrare incredibile, chi infrange questa regola rischia una multa fino a 45 euro. S\u00ec, il senso civico \u00e8 assolutamente d&#8217;obbligo a Monaco!<\/li>\n<\/ul>\n","protected":false},"excerpt":{"rendered":"<p>Gli agenti del Principato sono subito pronti a sporgere denuncia non appena la loro autorit\u00e0 viene messa in discussione. Al [&hellip;]<\/p>\n","protected":false},"author":69,"featured_media":139493,"comment_status":"closed","ping_status":"closed","sticky":false,"template":"","format":"standard","meta":{"_acf_changed":false,"footnotes":""},"categories":[1738,1752],"tags":[3125],"post_sectags":[],"post_format":[2469],"class_list":["post-169080","post","type-post","status-publish","format-standard","has-post-thumbnail","hentry","category-notizie","category-societa","tag-sicurezza","format-analisi"],"acf":[],"yoast_head":"<!-- This site is optimized with the Yoast SEO Premium plugin v26.8 (Yoast SEO v27.4) - https:\/\/yoast.com\/product\/yoast-seo-premium-wordpress\/ -->\n<title>A Monaco, tolleranza zero per oltraggio a pubblico ufficiale<\/title>\n<meta name=\"description\" content=\"Gli agenti del Principato sono subito pronti a sporgere denuncia non appena la loro autorit\u00e0 viene messa in discussione. Al Tribunale penale di Monaco non\" \/>\n<meta name=\"robots\" content=\"index, follow, max-snippet:-1, max-image-preview:large, max-video-preview:-1\" \/>\n<link rel=\"canonical\" href=\"https:\/\/www.monaco-tribune.com\/it\/2023\/03\/a-monaco-tolleranza-zero-per-oltraggio-a-pubblico-ufficiale\/\" \/>\n<meta property=\"og:locale\" content=\"it_IT\" \/>\n<meta property=\"og:type\" content=\"article\" \/>\n<meta property=\"og:title\" content=\"A Monaco, tolleranza zero per oltraggio a pubblico ufficiale - Monaco Tribune\" \/>\n<meta property=\"og:description\" content=\"Gli agenti del Principato sono subito pronti a sporgere denuncia non appena la loro autorit\u00e0 viene messa in discussione. Al Tribunale penale di Monaco non\" \/>\n<meta property=\"og:url\" content=\"https:\/\/www.monaco-tribune.com\/it\/2023\/03\/a-monaco-tolleranza-zero-per-oltraggio-a-pubblico-ufficiale\/\" \/>\n<meta property=\"og:site_name\" content=\"Monaco Tribune\" \/>\n<meta property=\"article:publisher\" content=\"https:\/\/www.facebook.com\/MonacoTribune\" \/>\n<meta property=\"article:published_time\" content=\"2023-03-22T11:35:19+00:00\" \/>\n<meta property=\"article:modified_time\" content=\"2023-03-22T11:37:09+00:00\" \/>\n<meta property=\"og:image\" content=\"https:\/\/www.monaco-tribune.com\/wp-content\/uploads\/2022\/09\/police-monaco-30-vitesse-scaled.jpg\" \/>\n\t<meta property=\"og:image:width\" content=\"2048\" \/>\n\t<meta property=\"og:image:height\" content=\"1365\" \/>\n\t<meta property=\"og:image:type\" content=\"image\/jpeg\" \/>\n<meta name=\"author\" content=\"Sarah Incari\" \/>\n<meta name=\"twitter:card\" content=\"summary_large_image\" \/>\n<meta name=\"twitter:creator\" content=\"@MonacoTribune\" \/>\n<meta name=\"twitter:site\" content=\"@MonacoTribune\" \/>\n<script type=\"application\/ld+json\" class=\"yoast-schema-graph\">{\"@context\":\"https:\\\/\\\/schema.org\",\"@graph\":[{\"@type\":\"NewsArticle\",\"@id\":\"https:\\\/\\\/www.monaco-tribune.com\\\/it\\\/2023\\\/03\\\/a-monaco-tolleranza-zero-per-oltraggio-a-pubblico-ufficiale\\\/#article\",\"isPartOf\":{\"@id\":\"https:\\\/\\\/www.monaco-tribune.com\\\/it\\\/2023\\\/03\\\/a-monaco-tolleranza-zero-per-oltraggio-a-pubblico-ufficiale\\\/\"},\"author\":{\"name\":\"Sarah Incari\",\"@id\":\"https:\\\/\\\/www.monaco-tribune.com\\\/it\\\/#\\\/schema\\\/person\\\/dd3b5770833f791d3f4d808f1aa84499\"},\"headline\":\"A Monaco, tolleranza zero per oltraggio a pubblico ufficiale\",\"datePublished\":\"2023-03-22T11:35:19+00:00\",\"dateModified\":\"2023-03-22T11:37:09+00:00\",\"mainEntityOfPage\":{\"@id\":\"https:\\\/\\\/www.monaco-tribune.com\\\/it\\\/2023\\\/03\\\/a-monaco-tolleranza-zero-per-oltraggio-a-pubblico-ufficiale\\\/\"},\"wordCount\":540,\"publisher\":{\"@id\":\"https:\\\/\\\/www.monaco-tribune.com\\\/it\\\/#organization\"},\"image\":{\"@id\":\"https:\\\/\\\/www.monaco-tribune.com\\\/it\\\/2023\\\/03\\\/a-monaco-tolleranza-zero-per-oltraggio-a-pubblico-ufficiale\\\/#primaryimage\"},\"thumbnailUrl\":\"https:\\\/\\\/www.monaco-tribune.com\\\/wp-content\\\/uploads\\\/2022\\\/09\\\/police-monaco-30-vitesse-scaled-e1762762828704.jpg\",\"keywords\":[\"Sicurezza\"],\"articleSection\":[\"Notizie\",\"Societ\u00e0\"],\"inLanguage\":\"it-IT\",\"copyrightYear\":\"2023\",\"copyrightHolder\":{\"@id\":\"https:\\\/\\\/www.monaco-tribune.com\\\/#organization\"}},{\"@type\":\"WebPage\",\"@id\":\"https:\\\/\\\/www.monaco-tribune.com\\\/it\\\/2023\\\/03\\\/a-monaco-tolleranza-zero-per-oltraggio-a-pubblico-ufficiale\\\/\",\"url\":\"https:\\\/\\\/www.monaco-tribune.com\\\/it\\\/2023\\\/03\\\/a-monaco-tolleranza-zero-per-oltraggio-a-pubblico-ufficiale\\\/\",\"name\":\"A Monaco, tolleranza zero per oltraggio a pubblico ufficiale\",\"isPartOf\":{\"@id\":\"https:\\\/\\\/www.monaco-tribune.com\\\/it\\\/#website\"},\"primaryImageOfPage\":{\"@id\":\"https:\\\/\\\/www.monaco-tribune.com\\\/it\\\/2023\\\/03\\\/a-monaco-tolleranza-zero-per-oltraggio-a-pubblico-ufficiale\\\/#primaryimage\"},\"image\":{\"@id\":\"https:\\\/\\\/www.monaco-tribune.com\\\/it\\\/2023\\\/03\\\/a-monaco-tolleranza-zero-per-oltraggio-a-pubblico-ufficiale\\\/#primaryimage\"},\"thumbnailUrl\":\"https:\\\/\\\/www.monaco-tribune.com\\\/wp-content\\\/uploads\\\/2022\\\/09\\\/police-monaco-30-vitesse-scaled-e1762762828704.jpg\",\"datePublished\":\"2023-03-22T11:35:19+00:00\",\"dateModified\":\"2023-03-22T11:37:09+00:00\",\"description\":\"Gli agenti del Principato sono subito pronti a sporgere denuncia non appena la loro autorit\u00e0 viene messa in discussione. Al Tribunale penale di Monaco non\",\"breadcrumb\":{\"@id\":\"https:\\\/\\\/www.monaco-tribune.com\\\/it\\\/2023\\\/03\\\/a-monaco-tolleranza-zero-per-oltraggio-a-pubblico-ufficiale\\\/#breadcrumb\"},\"inLanguage\":\"it-IT\",\"potentialAction\":[{\"@type\":\"ReadAction\",\"target\":[\"https:\\\/\\\/www.monaco-tribune.com\\\/it\\\/2023\\\/03\\\/a-monaco-tolleranza-zero-per-oltraggio-a-pubblico-ufficiale\\\/\"]}]},{\"@type\":\"ImageObject\",\"inLanguage\":\"it-IT\",\"@id\":\"https:\\\/\\\/www.monaco-tribune.com\\\/it\\\/2023\\\/03\\\/a-monaco-tolleranza-zero-per-oltraggio-a-pubblico-ufficiale\\\/#primaryimage\",\"url\":\"https:\\\/\\\/www.monaco-tribune.com\\\/wp-content\\\/uploads\\\/2022\\\/09\\\/police-monaco-30-vitesse-scaled-e1762762828704.jpg\",\"contentUrl\":\"https:\\\/\\\/www.monaco-tribune.com\\\/wp-content\\\/uploads\\\/2022\\\/09\\\/police-monaco-30-vitesse-scaled-e1762762828704.jpg\",\"width\":2048,\"height\":1365,\"caption\":\"Monaco Tribune\"},{\"@type\":\"BreadcrumbList\",\"@id\":\"https:\\\/\\\/www.monaco-tribune.com\\\/it\\\/2023\\\/03\\\/a-monaco-tolleranza-zero-per-oltraggio-a-pubblico-ufficiale\\\/#breadcrumb\",\"itemListElement\":[{\"@type\":\"ListItem\",\"position\":1,\"name\":\"Accueil\",\"item\":\"https:\\\/\\\/www.monaco-tribune.com\\\/it\\\/\"},{\"@type\":\"ListItem\",\"position\":2,\"name\":\"A Monaco, tolleranza zero per oltraggio a pubblico ufficiale\"}]},{\"@type\":\"WebSite\",\"@id\":\"https:\\\/\\\/www.monaco-tribune.com\\\/it\\\/#website\",\"url\":\"https:\\\/\\\/www.monaco-tribune.com\\\/it\\\/\",\"name\":\"Monaco Tribune\",\"description\":\"Monaco : actualit\u00e9s \u00e9conomiques, politiques, culturelles et sportives de Monaco et de la French Riviera.\",\"publisher\":{\"@id\":\"https:\\\/\\\/www.monaco-tribune.com\\\/it\\\/#organization\"},\"potentialAction\":[{\"@type\":\"SearchAction\",\"target\":{\"@type\":\"EntryPoint\",\"urlTemplate\":\"https:\\\/\\\/www.monaco-tribune.com\\\/it\\\/?s={search_term_string}\"},\"query-input\":{\"@type\":\"PropertyValueSpecification\",\"valueRequired\":true,\"valueName\":\"search_term_string\"}}],\"inLanguage\":\"it-IT\"},{\"@type\":\"Organization\",\"@id\":\"https:\\\/\\\/www.monaco-tribune.com\\\/it\\\/#organization\",\"name\":\"Monaco Tribune\",\"url\":\"https:\\\/\\\/www.monaco-tribune.com\\\/it\\\/\",\"logo\":{\"@type\":\"ImageObject\",\"inLanguage\":\"it-IT\",\"@id\":\"https:\\\/\\\/www.monaco-tribune.com\\\/it\\\/#\\\/schema\\\/logo\\\/image\\\/\",\"url\":\"https:\\\/\\\/www.monaco-tribune.com\\\/wp-content\\\/uploads\\\/2022\\\/11\\\/logo-monaco-tribune.png\",\"contentUrl\":\"https:\\\/\\\/www.monaco-tribune.com\\\/wp-content\\\/uploads\\\/2022\\\/11\\\/logo-monaco-tribune.png\",\"width\":1548,\"height\":600,\"caption\":\"Monaco Tribune\"},\"image\":{\"@id\":\"https:\\\/\\\/www.monaco-tribune.com\\\/it\\\/#\\\/schema\\\/logo\\\/image\\\/\"},\"sameAs\":[\"https:\\\/\\\/www.facebook.com\\\/MonacoTribune\",\"https:\\\/\\\/x.com\\\/MonacoTribune\",\"https:\\\/\\\/www.instagram.com\\\/monacotribune\\\/\",\"https:\\\/\\\/www.linkedin.com\\\/company\\\/monaco-tribune\",\"https:\\\/\\\/www.youtube.com\\\/channel\\\/UCHle1MnG6hw1y4lWKijVbMA\"]},{\"@type\":\"Person\",\"@id\":\"https:\\\/\\\/www.monaco-tribune.com\\\/it\\\/#\\\/schema\\\/person\\\/dd3b5770833f791d3f4d808f1aa84499\",\"name\":\"Sarah Incari\",\"image\":{\"@type\":\"ImageObject\",\"inLanguage\":\"it-IT\",\"@id\":\"https:\\\/\\\/secure.gravatar.com\\\/avatar\\\/4ac0b37be892d57107ccdd804e3f2a03bf1e3fca097512136d3603859293cb0e?s=96&d=mm&r=g\",\"url\":\"https:\\\/\\\/secure.gravatar.com\\\/avatar\\\/4ac0b37be892d57107ccdd804e3f2a03bf1e3fca097512136d3603859293cb0e?s=96&d=mm&r=g\",\"contentUrl\":\"https:\\\/\\\/secure.gravatar.com\\\/avatar\\\/4ac0b37be892d57107ccdd804e3f2a03bf1e3fca097512136d3603859293cb0e?s=96&d=mm&r=g\",\"caption\":\"Sarah Incari\"},\"url\":\"https:\\\/\\\/www.monaco-tribune.com\\\/it\\\/author\\\/sarahincari\\\/\"}]}<\/script>\n<!-- \/ Yoast SEO Premium plugin. -->","yoast_head_json":{"title":"A Monaco, tolleranza zero per oltraggio a pubblico ufficiale","description":"Gli agenti del Principato sono subito pronti a sporgere denuncia non appena la loro autorit\u00e0 viene messa in discussione. Al Tribunale penale di Monaco non","robots":{"index":"index","follow":"follow","max-snippet":"max-snippet:-1","max-image-preview":"max-image-preview:large","max-video-preview":"max-video-preview:-1"},"canonical":"https:\/\/www.monaco-tribune.com\/it\/2023\/03\/a-monaco-tolleranza-zero-per-oltraggio-a-pubblico-ufficiale\/","og_locale":"it_IT","og_type":"article","og_title":"A Monaco, tolleranza zero per oltraggio a pubblico ufficiale - Monaco Tribune","og_description":"Gli agenti del Principato sono subito pronti a sporgere denuncia non appena la loro autorit\u00e0 viene messa in discussione. Al Tribunale penale di Monaco non","og_url":"https:\/\/www.monaco-tribune.com\/it\/2023\/03\/a-monaco-tolleranza-zero-per-oltraggio-a-pubblico-ufficiale\/","og_site_name":"Monaco Tribune","article_publisher":"https:\/\/www.facebook.com\/MonacoTribune","article_published_time":"2023-03-22T11:35:19+00:00","article_modified_time":"2023-03-22T11:37:09+00:00","og_image":[{"width":2048,"height":1365,"url":"https:\/\/www.monaco-tribune.com\/wp-content\/uploads\/2022\/09\/police-monaco-30-vitesse-scaled.jpg","type":"image\/jpeg"}],"author":"Sarah Incari","twitter_card":"summary_large_image","twitter_creator":"@MonacoTribune","twitter_site":"@MonacoTribune","schema":{"@context":"https:\/\/schema.org","@graph":[{"@type":"NewsArticle","@id":"https:\/\/www.monaco-tribune.com\/it\/2023\/03\/a-monaco-tolleranza-zero-per-oltraggio-a-pubblico-ufficiale\/#article","isPartOf":{"@id":"https:\/\/www.monaco-tribune.com\/it\/2023\/03\/a-monaco-tolleranza-zero-per-oltraggio-a-pubblico-ufficiale\/"},"author":{"name":"Sarah Incari","@id":"https:\/\/www.monaco-tribune.com\/it\/#\/schema\/person\/dd3b5770833f791d3f4d808f1aa84499"},"headline":"A Monaco, tolleranza zero per oltraggio a pubblico ufficiale","datePublished":"2023-03-22T11:35:19+00:00","dateModified":"2023-03-22T11:37:09+00:00","mainEntityOfPage":{"@id":"https:\/\/www.monaco-tribune.com\/it\/2023\/03\/a-monaco-tolleranza-zero-per-oltraggio-a-pubblico-ufficiale\/"},"wordCount":540,"publisher":{"@id":"https:\/\/www.monaco-tribune.com\/it\/#organization"},"image":{"@id":"https:\/\/www.monaco-tribune.com\/it\/2023\/03\/a-monaco-tolleranza-zero-per-oltraggio-a-pubblico-ufficiale\/#primaryimage"},"thumbnailUrl":"https:\/\/www.monaco-tribune.com\/wp-content\/uploads\/2022\/09\/police-monaco-30-vitesse-scaled-e1762762828704.jpg","keywords":["Sicurezza"],"articleSection":["Notizie","Societ\u00e0"],"inLanguage":"it-IT","copyrightYear":"2023","copyrightHolder":{"@id":"https:\/\/www.monaco-tribune.com\/#organization"}},{"@type":"WebPage","@id":"https:\/\/www.monaco-tribune.com\/it\/2023\/03\/a-monaco-tolleranza-zero-per-oltraggio-a-pubblico-ufficiale\/","url":"https:\/\/www.monaco-tribune.com\/it\/2023\/03\/a-monaco-tolleranza-zero-per-oltraggio-a-pubblico-ufficiale\/","name":"A Monaco, tolleranza zero per oltraggio a pubblico ufficiale","isPartOf":{"@id":"https:\/\/www.monaco-tribune.com\/it\/#website"},"primaryImageOfPage":{"@id":"https:\/\/www.monaco-tribune.com\/it\/2023\/03\/a-monaco-tolleranza-zero-per-oltraggio-a-pubblico-ufficiale\/#primaryimage"},"image":{"@id":"https:\/\/www.monaco-tribune.com\/it\/2023\/03\/a-monaco-tolleranza-zero-per-oltraggio-a-pubblico-ufficiale\/#primaryimage"},"thumbnailUrl":"https:\/\/www.monaco-tribune.com\/wp-content\/uploads\/2022\/09\/police-monaco-30-vitesse-scaled-e1762762828704.jpg","datePublished":"2023-03-22T11:35:19+00:00","dateModified":"2023-03-22T11:37:09+00:00","description":"Gli agenti del Principato sono subito pronti a sporgere denuncia non appena la loro autorit\u00e0 viene messa in discussione. Al Tribunale penale di Monaco non","breadcrumb":{"@id":"https:\/\/www.monaco-tribune.com\/it\/2023\/03\/a-monaco-tolleranza-zero-per-oltraggio-a-pubblico-ufficiale\/#breadcrumb"},"inLanguage":"it-IT","potentialAction":[{"@type":"ReadAction","target":["https:\/\/www.monaco-tribune.com\/it\/2023\/03\/a-monaco-tolleranza-zero-per-oltraggio-a-pubblico-ufficiale\/"]}]},{"@type":"ImageObject","inLanguage":"it-IT","@id":"https:\/\/www.monaco-tribune.com\/it\/2023\/03\/a-monaco-tolleranza-zero-per-oltraggio-a-pubblico-ufficiale\/#primaryimage","url":"https:\/\/www.monaco-tribune.com\/wp-content\/uploads\/2022\/09\/police-monaco-30-vitesse-scaled-e1762762828704.jpg","contentUrl":"https:\/\/www.monaco-tribune.com\/wp-content\/uploads\/2022\/09\/police-monaco-30-vitesse-scaled-e1762762828704.jpg","width":2048,"height":1365,"caption":"Monaco Tribune"},{"@type":"BreadcrumbList","@id":"https:\/\/www.monaco-tribune.com\/it\/2023\/03\/a-monaco-tolleranza-zero-per-oltraggio-a-pubblico-ufficiale\/#breadcrumb","itemListElement":[{"@type":"ListItem","position":1,"name":"Accueil","item":"https:\/\/www.monaco-tribune.com\/it\/"},{"@type":"ListItem","position":2,"name":"A Monaco, tolleranza zero per oltraggio a pubblico ufficiale"}]},{"@type":"WebSite","@id":"https:\/\/www.monaco-tribune.com\/it\/#website","url":"https:\/\/www.monaco-tribune.com\/it\/","name":"Monaco Tribune","description":"Monaco : actualit\u00e9s \u00e9conomiques, politiques, culturelles et sportives de Monaco et de la French Riviera.","publisher":{"@id":"https:\/\/www.monaco-tribune.com\/it\/#organization"},"potentialAction":[{"@type":"SearchAction","target":{"@type":"EntryPoint","urlTemplate":"https:\/\/www.monaco-tribune.com\/it\/?s={search_term_string}"},"query-input":{"@type":"PropertyValueSpecification","valueRequired":true,"valueName":"search_term_string"}}],"inLanguage":"it-IT"},{"@type":"Organization","@id":"https:\/\/www.monaco-tribune.com\/it\/#organization","name":"Monaco Tribune","url":"https:\/\/www.monaco-tribune.com\/it\/","logo":{"@type":"ImageObject","inLanguage":"it-IT","@id":"https:\/\/www.monaco-tribune.com\/it\/#\/schema\/logo\/image\/","url":"https:\/\/www.monaco-tribune.com\/wp-content\/uploads\/2022\/11\/logo-monaco-tribune.png","contentUrl":"https:\/\/www.monaco-tribune.com\/wp-content\/uploads\/2022\/11\/logo-monaco-tribune.png","width":1548,"height":600,"caption":"Monaco Tribune"},"image":{"@id":"https:\/\/www.monaco-tribune.com\/it\/#\/schema\/logo\/image\/"},"sameAs":["https:\/\/www.facebook.com\/MonacoTribune","https:\/\/x.com\/MonacoTribune","https:\/\/www.instagram.com\/monacotribune\/","https:\/\/www.linkedin.com\/company\/monaco-tribune","https:\/\/www.youtube.com\/channel\/UCHle1MnG6hw1y4lWKijVbMA"]},{"@type":"Person","@id":"https:\/\/www.monaco-tribune.com\/it\/#\/schema\/person\/dd3b5770833f791d3f4d808f1aa84499","name":"Sarah Incari","image":{"@type":"ImageObject","inLanguage":"it-IT","@id":"https:\/\/secure.gravatar.com\/avatar\/4ac0b37be892d57107ccdd804e3f2a03bf1e3fca097512136d3603859293cb0e?s=96&d=mm&r=g","url":"https:\/\/secure.gravatar.com\/avatar\/4ac0b37be892d57107ccdd804e3f2a03bf1e3fca097512136d3603859293cb0e?s=96&d=mm&r=g","contentUrl":"https:\/\/secure.gravatar.com\/avatar\/4ac0b37be892d57107ccdd804e3f2a03bf1e3fca097512136d3603859293cb0e?s=96&d=mm&r=g","caption":"Sarah Incari"},"url":"https:\/\/www.monaco-tribune.com\/it\/author\/sarahincari\/"}]}},"_links":{"self":[{"href":"https:\/\/www.monaco-tribune.com\/it\/wp-json\/wp\/v2\/posts\/169080","targetHints":{"allow":["GET"]}}],"collection":[{"href":"https:\/\/www.monaco-tribune.com\/it\/wp-json\/wp\/v2\/posts"}],"about":[{"href":"https:\/\/www.monaco-tribune.com\/it\/wp-json\/wp\/v2\/types\/post"}],"author":[{"embeddable":true,"href":"https:\/\/www.monaco-tribune.com\/it\/wp-json\/wp\/v2\/users\/69"}],"replies":[{"embeddable":true,"href":"https:\/\/www.monaco-tribune.com\/it\/wp-json\/wp\/v2\/comments?post=169080"}],"version-history":[{"count":0,"href":"https:\/\/www.monaco-tribune.com\/it\/wp-json\/wp\/v2\/posts\/169080\/revisions"}],"wp:featuredmedia":[{"embeddable":true,"href":"https:\/\/www.monaco-tribune.com\/it\/wp-json\/wp\/v2\/media\/139493"}],"wp:attachment":[{"href":"https:\/\/www.monaco-tribune.com\/it\/wp-json\/wp\/v2\/media?parent=169080"}],"wp:term":[{"taxonomy":"category","embeddable":true,"href":"https:\/\/www.monaco-tribune.com\/it\/wp-json\/wp\/v2\/categories?post=169080"},{"taxonomy":"post_tag","embeddable":true,"href":"https:\/\/www.monaco-tribune.com\/it\/wp-json\/wp\/v2\/tags?post=169080"},{"taxonomy":"sectag","embeddable":true,"href":"https:\/\/www.monaco-tribune.com\/it\/wp-json\/wp\/v2\/post_sectags?post=169080"},{"taxonomy":"format","embeddable":true,"href":"https:\/\/www.monaco-tribune.com\/it\/wp-json\/wp\/v2\/post_format?post=169080"}],"curies":[{"name":"wp","href":"https:\/\/api.w.org\/{rel}","templated":true}]}}