{"id":169272,"date":"2023-03-23T13:37:30","date_gmt":"2023-03-23T12:37:30","guid":{"rendered":"https:\/\/www.monaco-tribune.com\/2023\/03\/ricca-programmazione-per-il-jimmyz-e-il-coya-aperti-in-aticipo-questa-stagione\/"},"modified":"2023-03-23T13:39:59","modified_gmt":"2023-03-23T12:39:59","slug":"ricca-programmazione-per-il-jimmyz-e-il-coya-aperti-in-aticipo-questa-stagione","status":"publish","type":"post","link":"https:\/\/www.monaco-tribune.com\/it\/2023\/03\/ricca-programmazione-per-il-jimmyz-e-il-coya-aperti-in-aticipo-questa-stagione\/","title":{"rendered":"Ricca programmazione per il Jimmy&#8217;z e il COYA aperti in anticipo questa stagione"},"content":{"rendered":"\n<p><strong>I due locali emblematici della vita notturna dello Sporting Monte-Carlo tornano questa primavera con un programma molto denso.<\/strong><\/p>\n\n\n\n<p>Le belle giornate sono ormai arrivate, siete pronti a far festa? A partire <strong>da venerd\u00ec 24 marzo<\/strong>, il mitico Jimmy&#8217;z Monte-Carlo aprir\u00e0 in modalit\u00e0 <em>warm-up<\/em> il venerd\u00ec e il sabato sera, per poi ritrovare il suo ritmo a luglio. Il leggendario club della Costa Azzurra, famoso per far ballare le celebrit\u00e0, festeggiare l&#8217;anno prossimo i suoi 50 anni e annuncia una stagione incredibile:<\/p>\n\n\n\n<ul class=\"wp-block-list\">\n<li><p>Venerd\u00ec 24 marzo: <em>Limelight Party<\/em><\/p><\/li>\n\n\n\n<li><p>Sabato 25 marzo &#8211; <em>After&nbsp;<\/em>Bal de la Rose: Warm-Up con Ollie DJ e DJ Rawdolff<\/p><\/li>\n\n\n\n<li>Gran Premio di Formula 1 da gioved\u00ec 25 maggio: Alec Monopoly (prima parte al COYA Monte-Carlo), Warm-up Moojo; &amp; Me, Rampa e Jamie Jones&nbsp;tra i protagonisti<\/li>\n\n\n\n<li>Serate in collaborazione con Philip Plein e Dom P\u00e9rignon<\/li>\n<\/ul>\n\n\n\n<p>Oltre a questi eventi, durante la settimana gli amanti della notte potranno godersi un&#8217;esperienza <em>Deep House<\/em>, mentre nei week-end si alterneranno alla consolle DJ internazionali, con un programma musicale attuale e divertente che metter\u00e0 tutti d&#8217;accordo sulla pista da ballo.<\/p>\n\n\n\n<h2 class=\"wp-block-heading\" id=\"h-le-coya-et-ses-soirees-latines-le-jeudi\">Il COYA e le serate latine del gioved\u00ec<\/h2>\n\n\n\n<p>Il COYA Monte Carlo, invece, lancer\u00e0 la sua 6\u00aa stagione il 6 aprile 2023. La Soci\u00e9t\u00e9 des Bains de Mer propone diverse novit\u00e0, a partire dalle serate &#8220;Cl\u00e1sico&#8221;. Tutti i gioved\u00ec vivrete una&#8217;esperienza unica in un&#8217;atmosfera 100% latinoamericana, con musica dal vivo e ballerini. Un momento da condividere con la famiglia e gli amici prima del fine settimana. Sono in programma due serate speciali:<\/p>\n\n\n\n<ul class=\"wp-block-list\">\n<li>Gioved\u00ec 29 giugno: il ritorno della tradizionale serata Noche Blanca<\/li>\n\n\n\n<li>Gioved\u00ec 20 luglio e gioved\u00ec 17 agosto: serate COYA Music con DJ star della casa discografica<\/li>\n<\/ul>\n\n\n\n<p>Sul versante ristorazione, il men\u00f9 ha accolto nuovi sapori peruviani esaltati dalle mani della chef Victoria Vallenilla. Ceviche di verdure, Causa Frita e Tres Leches sono assolutamente da provare! Se volete solo bere un drink, il Pisco Bar soddisfer\u00e0 tutti i vostri desideri.<\/p>\n\n\n\n<figure class=\"wp-block-gallery has-nested-images columns-1 is-cropped wp-block-gallery-1 is-layout-flex wp-block-gallery-is-layout-flex\">\n<figure class=\"wp-block-image size-full\"><img loading=\"lazy\" decoding=\"async\" width=\"1200\" height=\"736\" data-id=\"169047\" src=\"https:\/\/www.monaco-tribune.com\/wp-content\/uploads\/2023\/03\/sbm_sp-coya-2023-facade-0014.jpg\" alt=\"SBM-coya-facciata\" class=\"wp-image-169047\" srcset=\"https:\/\/www.monaco-tribune.com\/wp-content\/uploads\/2023\/03\/sbm_sp-coya-2023-facade-0014.jpg 1200w, https:\/\/www.monaco-tribune.com\/wp-content\/uploads\/2023\/03\/sbm_sp-coya-2023-facade-0014-489x300.jpg 489w, https:\/\/www.monaco-tribune.com\/wp-content\/uploads\/2023\/03\/sbm_sp-coya-2023-facade-0014-1024x628.jpg 1024w\" sizes=\"auto, (max-width: 1200px) 100vw, 1200px\" \/><\/figure>\n\n\n\n<figure class=\"wp-block-image size-full\"><img loading=\"lazy\" decoding=\"async\" width=\"1200\" height=\"811\" data-id=\"169051\" src=\"https:\/\/www.monaco-tribune.com\/wp-content\/uploads\/2023\/03\/sbm_sp-coya-2023-restaurant-0005.jpg\" alt=\"SBM-coya-ristorante\" class=\"wp-image-169051\" srcset=\"https:\/\/www.monaco-tribune.com\/wp-content\/uploads\/2023\/03\/sbm_sp-coya-2023-restaurant-0005.jpg 1200w, https:\/\/www.monaco-tribune.com\/wp-content\/uploads\/2023\/03\/sbm_sp-coya-2023-restaurant-0005-444x300.jpg 444w, https:\/\/www.monaco-tribune.com\/wp-content\/uploads\/2023\/03\/sbm_sp-coya-2023-restaurant-0005-1024x692.jpg 1024w\" sizes=\"auto, (max-width: 1200px) 100vw, 1200px\" \/><\/figure>\n<figcaption class=\"blocks-gallery-caption wp-element-caption\"><em>\u00a9 Monte-Carlo Soci\u00e9t\u00e9 des Bains de Mer&nbsp;<\/em><\/figcaption><\/figure>\n\n\n\n<p>La festa allo Sporting Monte-Carlo dura fino al 28 ottobre, approfittatene!<\/p>\n\n\n\n<hr class=\"wp-block-separator has-alpha-channel-opacity\"\/>\n\n\n\n<p><em>Informazioni utili<\/em><\/p>\n\n\n\n<p><strong>Jimmy\u2019z Monte-Carlo &nbsp;<\/strong><\/p>\n\n\n\n<ul class=\"wp-block-list\">\n<li>Apertura: dal 24 marzo al 28 ottobre 2023, venerd\u00ec e sabato dalle 23:30 all&#8217;alba, e dal 6 luglio al 27 agosto dal mercoled\u00ec al sabato.<\/li>\n\n\n\n<li>Indirizzo: Sporting Monte-Carlo &#8211; 26 avenue Princesse Grace, 98000 Monaco<\/li>\n\n\n\n<li>Informazioni e prenotazioni:  +377 98 06 70 68 o +33 6 80 86 21 08 &#8211; jimmyz@sbm.mc<\/li>\n<\/ul>\n\n\n\n<p><strong>COYA Monte-Carlo <\/strong><\/p>\n\n\n\n<ul class=\"wp-block-list\">\n<li>Apertura: dal 6 aprile al 28 ottobre 2023, dal mercoled\u00ec alla domenica dalle 19:00 alle 2:00. A giugno, luglio e agosto dal marted\u00ec alla domenica.<\/li>\n\n\n\n<li>Indirizzo: Sporting Monte-Carlo &#8211; 26 avenue Princesse Grace, 98000 Monaco<\/li>\n\n\n\n<li>Informazioni e prenotazioni: +377 98 06 20 00 o <a href=\"https:\/\/www.montecarlosbm.com\/fr\/restaurant\/coya\">sul sito del locale<\/a>. Per gli eventi privati (da 30 a 100 persone): A.jorquera@sbm.mc<\/li>\n<\/ul>\n","protected":false},"excerpt":{"rendered":"<p>I due locali emblematici della vita notturna dello Sporting Monte-Carlo tornano questa primavera con un programma molto denso. Le belle [&hellip;]<\/p>\n","protected":false},"author":69,"featured_media":169045,"comment_status":"closed","ping_status":"closed","sticky":false,"template":"","format":"standard","meta":{"_acf_changed":false,"footnotes":""},"categories":[1740,1826,1738],"tags":[2885],"post_sectags":[],"post_format":[2471],"class_list":["post-169272","post","type-post","status-publish","format-standard","has-post-thumbnail","hentry","category-cosa-fare","category-la-nostra-scelta","category-notizie","tag-monte-carlo-sbm-it","format-evento"],"acf":[],"yoast_head":"<!-- This site is optimized with the Yoast SEO Premium plugin v26.8 (Yoast SEO v27.4) - https:\/\/yoast.com\/product\/yoast-seo-premium-wordpress\/ -->\n<title>Ricca programmazione per il Jimmy&#039;z e il COYA aperti in anticipo questa stagione<\/title>\n<meta name=\"description\" content=\"I due locali emblematici della vita notturna dello Sporting Monte-Carlo tornano questa primavera con un programma molto denso. Le belle giornate sono\" \/>\n<meta name=\"robots\" content=\"index, follow, max-snippet:-1, max-image-preview:large, max-video-preview:-1\" \/>\n<link rel=\"canonical\" href=\"https:\/\/www.monaco-tribune.com\/it\/2023\/03\/ricca-programmazione-per-il-jimmyz-e-il-coya-aperti-in-aticipo-questa-stagione\/\" \/>\n<meta property=\"og:locale\" content=\"it_IT\" \/>\n<meta property=\"og:type\" content=\"article\" \/>\n<meta property=\"og:title\" content=\"Ricca programmazione per il Jimmy&#039;z e il COYA aperti in anticipo questa stagione - Monaco Tribune\" \/>\n<meta property=\"og:description\" content=\"I due locali emblematici della vita notturna dello Sporting Monte-Carlo tornano questa primavera con un programma molto denso. Le belle giornate sono\" \/>\n<meta property=\"og:url\" content=\"https:\/\/www.monaco-tribune.com\/it\/2023\/03\/ricca-programmazione-per-il-jimmyz-e-il-coya-aperti-in-aticipo-questa-stagione\/\" \/>\n<meta property=\"og:site_name\" content=\"Monaco Tribune\" \/>\n<meta property=\"article:publisher\" content=\"https:\/\/www.facebook.com\/MonacoTribune\" \/>\n<meta property=\"article:published_time\" content=\"2023-03-23T12:37:30+00:00\" \/>\n<meta property=\"article:modified_time\" content=\"2023-03-23T12:39:59+00:00\" \/>\n<meta property=\"og:image\" content=\"https:\/\/www.monaco-tribune.com\/wp-content\/uploads\/2023\/03\/mcsbm_sp-jimmyz-summer-0007.jpg\" \/>\n\t<meta property=\"og:image:width\" content=\"1200\" \/>\n\t<meta property=\"og:image:height\" content=\"750\" \/>\n\t<meta property=\"og:image:type\" content=\"image\/jpeg\" \/>\n<meta name=\"author\" content=\"Sarah Incari\" \/>\n<meta name=\"twitter:card\" content=\"summary_large_image\" \/>\n<meta name=\"twitter:creator\" content=\"@MonacoTribune\" \/>\n<meta name=\"twitter:site\" content=\"@MonacoTribune\" \/>\n<script type=\"application\/ld+json\" class=\"yoast-schema-graph\">{\"@context\":\"https:\\\/\\\/schema.org\",\"@graph\":[{\"@type\":\"NewsArticle\",\"@id\":\"https:\\\/\\\/www.monaco-tribune.com\\\/it\\\/2023\\\/03\\\/ricca-programmazione-per-il-jimmyz-e-il-coya-aperti-in-aticipo-questa-stagione\\\/#article\",\"isPartOf\":{\"@id\":\"https:\\\/\\\/www.monaco-tribune.com\\\/it\\\/2023\\\/03\\\/ricca-programmazione-per-il-jimmyz-e-il-coya-aperti-in-aticipo-questa-stagione\\\/\"},\"author\":{\"name\":\"Sarah Incari\",\"@id\":\"https:\\\/\\\/www.monaco-tribune.com\\\/it\\\/#\\\/schema\\\/person\\\/dd3b5770833f791d3f4d808f1aa84499\"},\"headline\":\"Ricca programmazione per il Jimmy&#8217;z e il COYA aperti in anticipo questa stagione\",\"datePublished\":\"2023-03-23T12:37:30+00:00\",\"dateModified\":\"2023-03-23T12:39:59+00:00\",\"mainEntityOfPage\":{\"@id\":\"https:\\\/\\\/www.monaco-tribune.com\\\/it\\\/2023\\\/03\\\/ricca-programmazione-per-il-jimmyz-e-il-coya-aperti-in-aticipo-questa-stagione\\\/\"},\"wordCount\":440,\"publisher\":{\"@id\":\"https:\\\/\\\/www.monaco-tribune.com\\\/it\\\/#organization\"},\"image\":{\"@id\":\"https:\\\/\\\/www.monaco-tribune.com\\\/it\\\/2023\\\/03\\\/ricca-programmazione-per-il-jimmyz-e-il-coya-aperti-in-aticipo-questa-stagione\\\/#primaryimage\"},\"thumbnailUrl\":\"https:\\\/\\\/www.monaco-tribune.com\\\/wp-content\\\/uploads\\\/2023\\\/03\\\/mcsbm_sp-jimmyz-summer-0007.jpg\",\"keywords\":[\"Monte-Carlo SBM\"],\"articleSection\":[\"Cosa fare\",\"La nostra scelta\",\"Notizie\"],\"inLanguage\":\"it-IT\",\"copyrightYear\":\"2023\",\"copyrightHolder\":{\"@id\":\"https:\\\/\\\/www.monaco-tribune.com\\\/#organization\"}},{\"@type\":\"WebPage\",\"@id\":\"https:\\\/\\\/www.monaco-tribune.com\\\/it\\\/2023\\\/03\\\/ricca-programmazione-per-il-jimmyz-e-il-coya-aperti-in-aticipo-questa-stagione\\\/\",\"url\":\"https:\\\/\\\/www.monaco-tribune.com\\\/it\\\/2023\\\/03\\\/ricca-programmazione-per-il-jimmyz-e-il-coya-aperti-in-aticipo-questa-stagione\\\/\",\"name\":\"Ricca programmazione per il Jimmy'z e il COYA aperti in anticipo questa stagione\",\"isPartOf\":{\"@id\":\"https:\\\/\\\/www.monaco-tribune.com\\\/it\\\/#website\"},\"primaryImageOfPage\":{\"@id\":\"https:\\\/\\\/www.monaco-tribune.com\\\/it\\\/2023\\\/03\\\/ricca-programmazione-per-il-jimmyz-e-il-coya-aperti-in-aticipo-questa-stagione\\\/#primaryimage\"},\"image\":{\"@id\":\"https:\\\/\\\/www.monaco-tribune.com\\\/it\\\/2023\\\/03\\\/ricca-programmazione-per-il-jimmyz-e-il-coya-aperti-in-aticipo-questa-stagione\\\/#primaryimage\"},\"thumbnailUrl\":\"https:\\\/\\\/www.monaco-tribune.com\\\/wp-content\\\/uploads\\\/2023\\\/03\\\/mcsbm_sp-jimmyz-summer-0007.jpg\",\"datePublished\":\"2023-03-23T12:37:30+00:00\",\"dateModified\":\"2023-03-23T12:39:59+00:00\",\"description\":\"I due locali emblematici della vita notturna dello Sporting Monte-Carlo tornano questa primavera con un programma molto denso. Le belle giornate sono\",\"breadcrumb\":{\"@id\":\"https:\\\/\\\/www.monaco-tribune.com\\\/it\\\/2023\\\/03\\\/ricca-programmazione-per-il-jimmyz-e-il-coya-aperti-in-aticipo-questa-stagione\\\/#breadcrumb\"},\"inLanguage\":\"it-IT\",\"potentialAction\":[{\"@type\":\"ReadAction\",\"target\":[\"https:\\\/\\\/www.monaco-tribune.com\\\/it\\\/2023\\\/03\\\/ricca-programmazione-per-il-jimmyz-e-il-coya-aperti-in-aticipo-questa-stagione\\\/\"]}]},{\"@type\":\"ImageObject\",\"inLanguage\":\"it-IT\",\"@id\":\"https:\\\/\\\/www.monaco-tribune.com\\\/it\\\/2023\\\/03\\\/ricca-programmazione-per-il-jimmyz-e-il-coya-aperti-in-aticipo-questa-stagione\\\/#primaryimage\",\"url\":\"https:\\\/\\\/www.monaco-tribune.com\\\/wp-content\\\/uploads\\\/2023\\\/03\\\/mcsbm_sp-jimmyz-summer-0007.jpg\",\"contentUrl\":\"https:\\\/\\\/www.monaco-tribune.com\\\/wp-content\\\/uploads\\\/2023\\\/03\\\/mcsbm_sp-jimmyz-summer-0007.jpg\",\"width\":1200,\"height\":750,\"caption\":\"\u00a9 Monte-Carlo Soci\u00e9t\u00e9 des Bains de Mer\"},{\"@type\":\"BreadcrumbList\",\"@id\":\"https:\\\/\\\/www.monaco-tribune.com\\\/it\\\/2023\\\/03\\\/ricca-programmazione-per-il-jimmyz-e-il-coya-aperti-in-aticipo-questa-stagione\\\/#breadcrumb\",\"itemListElement\":[{\"@type\":\"ListItem\",\"position\":1,\"name\":\"Accueil\",\"item\":\"https:\\\/\\\/www.monaco-tribune.com\\\/it\\\/\"},{\"@type\":\"ListItem\",\"position\":2,\"name\":\"Ricca programmazione per il Jimmy&rsquo;z e il COYA aperti in anticipo questa stagione\"}]},{\"@type\":\"WebSite\",\"@id\":\"https:\\\/\\\/www.monaco-tribune.com\\\/it\\\/#website\",\"url\":\"https:\\\/\\\/www.monaco-tribune.com\\\/it\\\/\",\"name\":\"Monaco Tribune\",\"description\":\"Monaco : actualit\u00e9s \u00e9conomiques, politiques, culturelles et sportives de Monaco et de la French Riviera.\",\"publisher\":{\"@id\":\"https:\\\/\\\/www.monaco-tribune.com\\\/it\\\/#organization\"},\"potentialAction\":[{\"@type\":\"SearchAction\",\"target\":{\"@type\":\"EntryPoint\",\"urlTemplate\":\"https:\\\/\\\/www.monaco-tribune.com\\\/it\\\/?s={search_term_string}\"},\"query-input\":{\"@type\":\"PropertyValueSpecification\",\"valueRequired\":true,\"valueName\":\"search_term_string\"}}],\"inLanguage\":\"it-IT\"},{\"@type\":\"Organization\",\"@id\":\"https:\\\/\\\/www.monaco-tribune.com\\\/it\\\/#organization\",\"name\":\"Monaco Tribune\",\"url\":\"https:\\\/\\\/www.monaco-tribune.com\\\/it\\\/\",\"logo\":{\"@type\":\"ImageObject\",\"inLanguage\":\"it-IT\",\"@id\":\"https:\\\/\\\/www.monaco-tribune.com\\\/it\\\/#\\\/schema\\\/logo\\\/image\\\/\",\"url\":\"https:\\\/\\\/www.monaco-tribune.com\\\/wp-content\\\/uploads\\\/2022\\\/11\\\/logo-monaco-tribune.png\",\"contentUrl\":\"https:\\\/\\\/www.monaco-tribune.com\\\/wp-content\\\/uploads\\\/2022\\\/11\\\/logo-monaco-tribune.png\",\"width\":1548,\"height\":600,\"caption\":\"Monaco Tribune\"},\"image\":{\"@id\":\"https:\\\/\\\/www.monaco-tribune.com\\\/it\\\/#\\\/schema\\\/logo\\\/image\\\/\"},\"sameAs\":[\"https:\\\/\\\/www.facebook.com\\\/MonacoTribune\",\"https:\\\/\\\/x.com\\\/MonacoTribune\",\"https:\\\/\\\/www.instagram.com\\\/monacotribune\\\/\",\"https:\\\/\\\/www.linkedin.com\\\/company\\\/monaco-tribune\",\"https:\\\/\\\/www.youtube.com\\\/channel\\\/UCHle1MnG6hw1y4lWKijVbMA\"]},{\"@type\":\"Person\",\"@id\":\"https:\\\/\\\/www.monaco-tribune.com\\\/it\\\/#\\\/schema\\\/person\\\/dd3b5770833f791d3f4d808f1aa84499\",\"name\":\"Sarah Incari\",\"image\":{\"@type\":\"ImageObject\",\"inLanguage\":\"it-IT\",\"@id\":\"https:\\\/\\\/secure.gravatar.com\\\/avatar\\\/4ac0b37be892d57107ccdd804e3f2a03bf1e3fca097512136d3603859293cb0e?s=96&d=mm&r=g\",\"url\":\"https:\\\/\\\/secure.gravatar.com\\\/avatar\\\/4ac0b37be892d57107ccdd804e3f2a03bf1e3fca097512136d3603859293cb0e?s=96&d=mm&r=g\",\"contentUrl\":\"https:\\\/\\\/secure.gravatar.com\\\/avatar\\\/4ac0b37be892d57107ccdd804e3f2a03bf1e3fca097512136d3603859293cb0e?s=96&d=mm&r=g\",\"caption\":\"Sarah Incari\"},\"url\":\"https:\\\/\\\/www.monaco-tribune.com\\\/it\\\/author\\\/sarahincari\\\/\"}]}<\/script>\n<!-- \/ Yoast SEO Premium plugin. -->","yoast_head_json":{"title":"Ricca programmazione per il Jimmy'z e il COYA aperti in anticipo questa stagione","description":"I due locali emblematici della vita notturna dello Sporting Monte-Carlo tornano questa primavera con un programma molto denso. Le belle giornate sono","robots":{"index":"index","follow":"follow","max-snippet":"max-snippet:-1","max-image-preview":"max-image-preview:large","max-video-preview":"max-video-preview:-1"},"canonical":"https:\/\/www.monaco-tribune.com\/it\/2023\/03\/ricca-programmazione-per-il-jimmyz-e-il-coya-aperti-in-aticipo-questa-stagione\/","og_locale":"it_IT","og_type":"article","og_title":"Ricca programmazione per il Jimmy'z e il COYA aperti in anticipo questa stagione - Monaco Tribune","og_description":"I due locali emblematici della vita notturna dello Sporting Monte-Carlo tornano questa primavera con un programma molto denso. Le belle giornate sono","og_url":"https:\/\/www.monaco-tribune.com\/it\/2023\/03\/ricca-programmazione-per-il-jimmyz-e-il-coya-aperti-in-aticipo-questa-stagione\/","og_site_name":"Monaco Tribune","article_publisher":"https:\/\/www.facebook.com\/MonacoTribune","article_published_time":"2023-03-23T12:37:30+00:00","article_modified_time":"2023-03-23T12:39:59+00:00","og_image":[{"width":1200,"height":750,"url":"https:\/\/www.monaco-tribune.com\/wp-content\/uploads\/2023\/03\/mcsbm_sp-jimmyz-summer-0007.jpg","type":"image\/jpeg"}],"author":"Sarah Incari","twitter_card":"summary_large_image","twitter_creator":"@MonacoTribune","twitter_site":"@MonacoTribune","schema":{"@context":"https:\/\/schema.org","@graph":[{"@type":"NewsArticle","@id":"https:\/\/www.monaco-tribune.com\/it\/2023\/03\/ricca-programmazione-per-il-jimmyz-e-il-coya-aperti-in-aticipo-questa-stagione\/#article","isPartOf":{"@id":"https:\/\/www.monaco-tribune.com\/it\/2023\/03\/ricca-programmazione-per-il-jimmyz-e-il-coya-aperti-in-aticipo-questa-stagione\/"},"author":{"name":"Sarah Incari","@id":"https:\/\/www.monaco-tribune.com\/it\/#\/schema\/person\/dd3b5770833f791d3f4d808f1aa84499"},"headline":"Ricca programmazione per il Jimmy&#8217;z e il COYA aperti in anticipo questa stagione","datePublished":"2023-03-23T12:37:30+00:00","dateModified":"2023-03-23T12:39:59+00:00","mainEntityOfPage":{"@id":"https:\/\/www.monaco-tribune.com\/it\/2023\/03\/ricca-programmazione-per-il-jimmyz-e-il-coya-aperti-in-aticipo-questa-stagione\/"},"wordCount":440,"publisher":{"@id":"https:\/\/www.monaco-tribune.com\/it\/#organization"},"image":{"@id":"https:\/\/www.monaco-tribune.com\/it\/2023\/03\/ricca-programmazione-per-il-jimmyz-e-il-coya-aperti-in-aticipo-questa-stagione\/#primaryimage"},"thumbnailUrl":"https:\/\/www.monaco-tribune.com\/wp-content\/uploads\/2023\/03\/mcsbm_sp-jimmyz-summer-0007.jpg","keywords":["Monte-Carlo SBM"],"articleSection":["Cosa fare","La nostra scelta","Notizie"],"inLanguage":"it-IT","copyrightYear":"2023","copyrightHolder":{"@id":"https:\/\/www.monaco-tribune.com\/#organization"}},{"@type":"WebPage","@id":"https:\/\/www.monaco-tribune.com\/it\/2023\/03\/ricca-programmazione-per-il-jimmyz-e-il-coya-aperti-in-aticipo-questa-stagione\/","url":"https:\/\/www.monaco-tribune.com\/it\/2023\/03\/ricca-programmazione-per-il-jimmyz-e-il-coya-aperti-in-aticipo-questa-stagione\/","name":"Ricca programmazione per il Jimmy'z e il COYA aperti in anticipo questa stagione","isPartOf":{"@id":"https:\/\/www.monaco-tribune.com\/it\/#website"},"primaryImageOfPage":{"@id":"https:\/\/www.monaco-tribune.com\/it\/2023\/03\/ricca-programmazione-per-il-jimmyz-e-il-coya-aperti-in-aticipo-questa-stagione\/#primaryimage"},"image":{"@id":"https:\/\/www.monaco-tribune.com\/it\/2023\/03\/ricca-programmazione-per-il-jimmyz-e-il-coya-aperti-in-aticipo-questa-stagione\/#primaryimage"},"thumbnailUrl":"https:\/\/www.monaco-tribune.com\/wp-content\/uploads\/2023\/03\/mcsbm_sp-jimmyz-summer-0007.jpg","datePublished":"2023-03-23T12:37:30+00:00","dateModified":"2023-03-23T12:39:59+00:00","description":"I due locali emblematici della vita notturna dello Sporting Monte-Carlo tornano questa primavera con un programma molto denso. Le belle giornate sono","breadcrumb":{"@id":"https:\/\/www.monaco-tribune.com\/it\/2023\/03\/ricca-programmazione-per-il-jimmyz-e-il-coya-aperti-in-aticipo-questa-stagione\/#breadcrumb"},"inLanguage":"it-IT","potentialAction":[{"@type":"ReadAction","target":["https:\/\/www.monaco-tribune.com\/it\/2023\/03\/ricca-programmazione-per-il-jimmyz-e-il-coya-aperti-in-aticipo-questa-stagione\/"]}]},{"@type":"ImageObject","inLanguage":"it-IT","@id":"https:\/\/www.monaco-tribune.com\/it\/2023\/03\/ricca-programmazione-per-il-jimmyz-e-il-coya-aperti-in-aticipo-questa-stagione\/#primaryimage","url":"https:\/\/www.monaco-tribune.com\/wp-content\/uploads\/2023\/03\/mcsbm_sp-jimmyz-summer-0007.jpg","contentUrl":"https:\/\/www.monaco-tribune.com\/wp-content\/uploads\/2023\/03\/mcsbm_sp-jimmyz-summer-0007.jpg","width":1200,"height":750,"caption":"\u00a9 Monte-Carlo Soci\u00e9t\u00e9 des Bains de Mer"},{"@type":"BreadcrumbList","@id":"https:\/\/www.monaco-tribune.com\/it\/2023\/03\/ricca-programmazione-per-il-jimmyz-e-il-coya-aperti-in-aticipo-questa-stagione\/#breadcrumb","itemListElement":[{"@type":"ListItem","position":1,"name":"Accueil","item":"https:\/\/www.monaco-tribune.com\/it\/"},{"@type":"ListItem","position":2,"name":"Ricca programmazione per il Jimmy&rsquo;z e il COYA aperti in anticipo questa stagione"}]},{"@type":"WebSite","@id":"https:\/\/www.monaco-tribune.com\/it\/#website","url":"https:\/\/www.monaco-tribune.com\/it\/","name":"Monaco Tribune","description":"Monaco : actualit\u00e9s \u00e9conomiques, politiques, culturelles et sportives de Monaco et de la French Riviera.","publisher":{"@id":"https:\/\/www.monaco-tribune.com\/it\/#organization"},"potentialAction":[{"@type":"SearchAction","target":{"@type":"EntryPoint","urlTemplate":"https:\/\/www.monaco-tribune.com\/it\/?s={search_term_string}"},"query-input":{"@type":"PropertyValueSpecification","valueRequired":true,"valueName":"search_term_string"}}],"inLanguage":"it-IT"},{"@type":"Organization","@id":"https:\/\/www.monaco-tribune.com\/it\/#organization","name":"Monaco Tribune","url":"https:\/\/www.monaco-tribune.com\/it\/","logo":{"@type":"ImageObject","inLanguage":"it-IT","@id":"https:\/\/www.monaco-tribune.com\/it\/#\/schema\/logo\/image\/","url":"https:\/\/www.monaco-tribune.com\/wp-content\/uploads\/2022\/11\/logo-monaco-tribune.png","contentUrl":"https:\/\/www.monaco-tribune.com\/wp-content\/uploads\/2022\/11\/logo-monaco-tribune.png","width":1548,"height":600,"caption":"Monaco Tribune"},"image":{"@id":"https:\/\/www.monaco-tribune.com\/it\/#\/schema\/logo\/image\/"},"sameAs":["https:\/\/www.facebook.com\/MonacoTribune","https:\/\/x.com\/MonacoTribune","https:\/\/www.instagram.com\/monacotribune\/","https:\/\/www.linkedin.com\/company\/monaco-tribune","https:\/\/www.youtube.com\/channel\/UCHle1MnG6hw1y4lWKijVbMA"]},{"@type":"Person","@id":"https:\/\/www.monaco-tribune.com\/it\/#\/schema\/person\/dd3b5770833f791d3f4d808f1aa84499","name":"Sarah Incari","image":{"@type":"ImageObject","inLanguage":"it-IT","@id":"https:\/\/secure.gravatar.com\/avatar\/4ac0b37be892d57107ccdd804e3f2a03bf1e3fca097512136d3603859293cb0e?s=96&d=mm&r=g","url":"https:\/\/secure.gravatar.com\/avatar\/4ac0b37be892d57107ccdd804e3f2a03bf1e3fca097512136d3603859293cb0e?s=96&d=mm&r=g","contentUrl":"https:\/\/secure.gravatar.com\/avatar\/4ac0b37be892d57107ccdd804e3f2a03bf1e3fca097512136d3603859293cb0e?s=96&d=mm&r=g","caption":"Sarah Incari"},"url":"https:\/\/www.monaco-tribune.com\/it\/author\/sarahincari\/"}]}},"_links":{"self":[{"href":"https:\/\/www.monaco-tribune.com\/it\/wp-json\/wp\/v2\/posts\/169272","targetHints":{"allow":["GET"]}}],"collection":[{"href":"https:\/\/www.monaco-tribune.com\/it\/wp-json\/wp\/v2\/posts"}],"about":[{"href":"https:\/\/www.monaco-tribune.com\/it\/wp-json\/wp\/v2\/types\/post"}],"author":[{"embeddable":true,"href":"https:\/\/www.monaco-tribune.com\/it\/wp-json\/wp\/v2\/users\/69"}],"replies":[{"embeddable":true,"href":"https:\/\/www.monaco-tribune.com\/it\/wp-json\/wp\/v2\/comments?post=169272"}],"version-history":[{"count":0,"href":"https:\/\/www.monaco-tribune.com\/it\/wp-json\/wp\/v2\/posts\/169272\/revisions"}],"wp:featuredmedia":[{"embeddable":true,"href":"https:\/\/www.monaco-tribune.com\/it\/wp-json\/wp\/v2\/media\/169045"}],"wp:attachment":[{"href":"https:\/\/www.monaco-tribune.com\/it\/wp-json\/wp\/v2\/media?parent=169272"}],"wp:term":[{"taxonomy":"category","embeddable":true,"href":"https:\/\/www.monaco-tribune.com\/it\/wp-json\/wp\/v2\/categories?post=169272"},{"taxonomy":"post_tag","embeddable":true,"href":"https:\/\/www.monaco-tribune.com\/it\/wp-json\/wp\/v2\/tags?post=169272"},{"taxonomy":"sectag","embeddable":true,"href":"https:\/\/www.monaco-tribune.com\/it\/wp-json\/wp\/v2\/post_sectags?post=169272"},{"taxonomy":"format","embeddable":true,"href":"https:\/\/www.monaco-tribune.com\/it\/wp-json\/wp\/v2\/post_format?post=169272"}],"curies":[{"name":"wp","href":"https:\/\/api.w.org\/{rel}","templated":true}]}}