{"id":172033,"date":"2023-04-11T19:01:09","date_gmt":"2023-04-11T17:01:09","guid":{"rendered":"https:\/\/www.monaco-tribune.com\/2023\/04\/monaco-dichiara-di-aver-ridotto-il-consumo-dacqua-del-26\/"},"modified":"2023-04-11T19:01:45","modified_gmt":"2023-04-11T17:01:45","slug":"monaco-dichiara-di-aver-ridotto-il-consumo-dacqua-del-26","status":"publish","type":"post","link":"https:\/\/www.monaco-tribune.com\/it\/2023\/04\/monaco-dichiara-di-aver-ridotto-il-consumo-dacqua-del-26\/","title":{"rendered":"Monaco dichiara di aver ridotto il consumo d&#8217;acqua del 26%"},"content":{"rendered":"\n<p><strong>Su iniziativa del Presidente dell&#8217;Assemblea Generale Csaba K\u0151r\u00f6si, alla fine di marzo gli Stati membri, gli scienziati, la societ\u00e0 civile e il settore privato si sono riuniti presso la sede dell&#8217;ONU a New York per una Conferenza delle Nazioni Unite sull&#8217;acqua, a pi\u00f9 di 40 anni dalla prima.<\/strong><\/p>\n\n<p>Il Segretario generale delle Nazioni Unite, Antonio Guterres, si \u00e8 congratulato per gli impegni sanciti nell&#8217;Agenda ONU sull&#8217;acqua che &#8220;spingeranno l\u2019umanit\u00e0 verso un futuro di sicurezza idrica di cui ogni persona sul pianeta ha bisogno&#8221;. Gli impegni concreti sono 700 e dovranno essere attuati entro il 2030, con l&#8217;obiettivo di accelerare i progressi verso l&#8217;accesso universale all&#8217;acqua potabile e ai servizi igienici.<\/p>\n\n<blockquote class=\"wp-block-quote is-layout-flow wp-block-quote-is-layout-flow\">\n<h2 class=\"wp-block-heading\" id=\"h-la-mise-en-oeuvre-d-une-politique-de-gestion-raisonnee-qui-a-conduit-a-une-baisse-de-26-de-la-consommation-en-eau\"><em>L&#8217;adozione di una politica di gestione razionale ha portato a una riduzione del 26% del consumo di acqua<\/em><\/h2>\n<cite>Isabelle Picco <\/cite><\/blockquote>\n\n<p>L&#8217;ambasciatrice di Monaco, Isabelle Picco, presente all&#8217;assemblea, ha insistito sulla &#8220;necessit\u00e0 urgente di ritrovare il valore dell&#8217;acqua per una gestione sostenibile di questa risorsa essenziale&#8221;. La diplomatica monegasca, che rappresenta il Principato alle Nazioni Unite ininterrottamente dal 2009, ha presentato anche gli &#8220;impegni del Governo del Principe nell&#8217;adottare una politica di gestione razionale che ha portato a una riduzione del 26% del consumo di acqua&#8221;.<\/p>\n\n<p>Isabelle Picco ha anche ricordato gli importanti investimenti del Governo &#8220;in infrastrutture efficienti e di qualit\u00e0, come l&#8217;impianto di trattamento delle acque reflue (UTER), che permette di trattare in modo pi\u00f9 efficiente e meno inquinante le acque del Principato e dei comuni francesi limitrofi&#8221;.<\/p>\n\n<p class=\"related\"><a href=\"https:\/\/www.monaco-tribune.com\/it\/2020\/12\/onu-monaco-rinnova-il-suo-sostegno-alla-protezione-degli-oceani\/\"><strong>ONU: Monaco rinnova il suo sostegno alla protezione degli oceani<\/strong><\/a><\/p>\n\n<p>\u00c8 stata anche l&#8217;occasione per discutere delle azioni portate avanti dal Principato nell&#8217;ambito dell&#8217;accesso all&#8217;acqua potabile e ai servizi igienici con la sua politica di cooperazione allo sviluppo, nonch\u00e9 le iniziative della Fondazione Principe Alberto II per la salvaguardia degli ecosistemi di acqua dolce.<\/p>\n\n<h2 class=\"wp-block-heading\">La Missione di Monaco, promuovere il dibattito<\/h2>\n\n<p>A margine della Conferenza, la Missione di Monaco ha co-organizzato tre eventi. Quattro ragazze hanno condiviso le soluzioni innovative che adottano ogni giorno per limitare gli impatti climatici legati all&#8217;acqua nelle Bahamas, in Uganda, Kenya ed Ecuador, in collaborazione con l&#8217;organizzazione Girls Rising e con il Dipartimento delle Nazioni Unite per gli affari economici e sociali.<\/p>\n\n<p>Nella sede della Missione permanente di Monaco, in collaborazione con la Peace Innovation Initiative, l\u2019Universit\u00e0 per la pace e la Missione del Costa Rica, \u00e8 stato organizzato un evento con circa 60 partecipanti. Cinque relatori della societ\u00e0 civile hanno discusso le soluzioni per connettere le iniziative sul campo e alle decisioni politiche.<\/p>\n\n<p class=\"related\"><a href=\"https:\/\/www.monaco-tribune.com\/it\/2022\/10\/regioni-polari-il-principe-alberto-ii-lancia-lallarme-sulle-conseguenze-del-cambiamento-climatico\/\"><strong>Regioni polari: il Principe Alberto II lancia l\u2019allarme sulle conseguenze del cambiamento climatico<\/strong><\/a><\/p>\n\n<p>Infine, un evento di networking ha riunito 60 ragazzi nei locali della Missione permanente di Monaco per discutere sui temi affrontati nella conferenza.<\/p>\n","protected":false},"excerpt":{"rendered":"<p>Su iniziativa del Presidente dell&#8217;Assemblea Generale Csaba K\u0151r\u00f6si, alla fine di marzo gli Stati membri, gli scienziati, la societ\u00e0 civile [&hellip;]<\/p>\n","protected":false},"author":65,"featured_media":171934,"comment_status":"closed","ping_status":"closed","sticky":false,"template":"","format":"standard","meta":{"_acf_changed":false,"footnotes":""},"categories":[1839,1738],"tags":[2997],"post_sectags":[3717],"post_format":[2486],"class_list":["post-172033","post","type-post","status-publish","format-standard","has-post-thumbnail","hentry","category-green","category-notizie","tag-energia","sectag-diplomazia","format-servizio"],"acf":[],"yoast_head":"<!-- This site is optimized with the Yoast SEO Premium plugin v26.8 (Yoast SEO v27.4) - https:\/\/yoast.com\/product\/yoast-seo-premium-wordpress\/ -->\n<title>Monaco dichiara di aver ridotto il consumo d&#039;acqua del 26%<\/title>\n<meta name=\"description\" content=\"Su iniziativa del Presidente dell&#039;Assemblea Generale Csaba K\u0151r\u00f6si, alla fine di marzo gli Stati membri, gli scienziati, la societ\u00e0 civile e il settore\" \/>\n<meta name=\"robots\" content=\"index, follow, max-snippet:-1, max-image-preview:large, max-video-preview:-1\" \/>\n<link rel=\"canonical\" href=\"https:\/\/www.monaco-tribune.com\/it\/2023\/04\/monaco-dichiara-di-aver-ridotto-il-consumo-dacqua-del-26\/\" \/>\n<meta property=\"og:locale\" content=\"it_IT\" \/>\n<meta property=\"og:type\" content=\"article\" \/>\n<meta property=\"og:title\" content=\"Monaco dichiara di aver ridotto il consumo d&#039;acqua del 26% - Monaco Tribune\" \/>\n<meta property=\"og:description\" content=\"Su iniziativa del Presidente dell&#039;Assemblea Generale Csaba K\u0151r\u00f6si, alla fine di marzo gli Stati membri, gli scienziati, la societ\u00e0 civile e il settore\" \/>\n<meta property=\"og:url\" content=\"https:\/\/www.monaco-tribune.com\/it\/2023\/04\/monaco-dichiara-di-aver-ridotto-il-consumo-dacqua-del-26\/\" \/>\n<meta property=\"og:site_name\" content=\"Monaco Tribune\" \/>\n<meta property=\"article:publisher\" content=\"https:\/\/www.facebook.com\/MonacoTribune\" \/>\n<meta property=\"article:published_time\" content=\"2023-04-11T17:01:09+00:00\" \/>\n<meta property=\"article:modified_time\" content=\"2023-04-11T17:01:45+00:00\" \/>\n<meta property=\"og:image\" content=\"https:\/\/www.monaco-tribune.com\/wp-content\/uploads\/2023\/04\/robinet-deau-unsplash-compressed-e1681201467208.jpg\" \/>\n\t<meta property=\"og:image:width\" content=\"2000\" \/>\n\t<meta property=\"og:image:height\" content=\"1333\" \/>\n\t<meta property=\"og:image:type\" content=\"image\/jpeg\" \/>\n<meta name=\"author\" content=\"Paul Charoy\" \/>\n<meta name=\"twitter:card\" content=\"summary_large_image\" \/>\n<meta name=\"twitter:creator\" content=\"@MonacoTribune\" \/>\n<meta name=\"twitter:site\" content=\"@MonacoTribune\" \/>\n<script type=\"application\/ld+json\" class=\"yoast-schema-graph\">{\"@context\":\"https:\\\/\\\/schema.org\",\"@graph\":[{\"@type\":\"NewsArticle\",\"@id\":\"https:\\\/\\\/www.monaco-tribune.com\\\/it\\\/2023\\\/04\\\/monaco-dichiara-di-aver-ridotto-il-consumo-dacqua-del-26\\\/#article\",\"isPartOf\":{\"@id\":\"https:\\\/\\\/www.monaco-tribune.com\\\/it\\\/2023\\\/04\\\/monaco-dichiara-di-aver-ridotto-il-consumo-dacqua-del-26\\\/\"},\"author\":{\"name\":\"Paul Charoy\",\"@id\":\"https:\\\/\\\/www.monaco-tribune.com\\\/it\\\/#\\\/schema\\\/person\\\/c33a9f1bc99ef5a2e07d37c576060b57\"},\"headline\":\"Monaco dichiara di aver ridotto il consumo d&#8217;acqua del 26%\",\"datePublished\":\"2023-04-11T17:01:09+00:00\",\"dateModified\":\"2023-04-11T17:01:45+00:00\",\"mainEntityOfPage\":{\"@id\":\"https:\\\/\\\/www.monaco-tribune.com\\\/it\\\/2023\\\/04\\\/monaco-dichiara-di-aver-ridotto-il-consumo-dacqua-del-26\\\/\"},\"wordCount\":468,\"publisher\":{\"@id\":\"https:\\\/\\\/www.monaco-tribune.com\\\/it\\\/#organization\"},\"image\":{\"@id\":\"https:\\\/\\\/www.monaco-tribune.com\\\/it\\\/2023\\\/04\\\/monaco-dichiara-di-aver-ridotto-il-consumo-dacqua-del-26\\\/#primaryimage\"},\"thumbnailUrl\":\"https:\\\/\\\/www.monaco-tribune.com\\\/wp-content\\\/uploads\\\/2023\\\/04\\\/robinet-deau-unsplash-compressed-e1681201467208.jpg\",\"keywords\":[\"Energia\"],\"articleSection\":[\"Green\",\"Notizie\"],\"inLanguage\":\"it-IT\",\"copyrightYear\":\"2023\",\"copyrightHolder\":{\"@id\":\"https:\\\/\\\/www.monaco-tribune.com\\\/#organization\"}},{\"@type\":\"WebPage\",\"@id\":\"https:\\\/\\\/www.monaco-tribune.com\\\/it\\\/2023\\\/04\\\/monaco-dichiara-di-aver-ridotto-il-consumo-dacqua-del-26\\\/\",\"url\":\"https:\\\/\\\/www.monaco-tribune.com\\\/it\\\/2023\\\/04\\\/monaco-dichiara-di-aver-ridotto-il-consumo-dacqua-del-26\\\/\",\"name\":\"Monaco dichiara di aver ridotto il consumo d'acqua del 26%\",\"isPartOf\":{\"@id\":\"https:\\\/\\\/www.monaco-tribune.com\\\/it\\\/#website\"},\"primaryImageOfPage\":{\"@id\":\"https:\\\/\\\/www.monaco-tribune.com\\\/it\\\/2023\\\/04\\\/monaco-dichiara-di-aver-ridotto-il-consumo-dacqua-del-26\\\/#primaryimage\"},\"image\":{\"@id\":\"https:\\\/\\\/www.monaco-tribune.com\\\/it\\\/2023\\\/04\\\/monaco-dichiara-di-aver-ridotto-il-consumo-dacqua-del-26\\\/#primaryimage\"},\"thumbnailUrl\":\"https:\\\/\\\/www.monaco-tribune.com\\\/wp-content\\\/uploads\\\/2023\\\/04\\\/robinet-deau-unsplash-compressed-e1681201467208.jpg\",\"datePublished\":\"2023-04-11T17:01:09+00:00\",\"dateModified\":\"2023-04-11T17:01:45+00:00\",\"description\":\"Su iniziativa del Presidente dell'Assemblea Generale Csaba K\u0151r\u00f6si, alla fine di marzo gli Stati membri, gli scienziati, la societ\u00e0 civile e il settore\",\"breadcrumb\":{\"@id\":\"https:\\\/\\\/www.monaco-tribune.com\\\/it\\\/2023\\\/04\\\/monaco-dichiara-di-aver-ridotto-il-consumo-dacqua-del-26\\\/#breadcrumb\"},\"inLanguage\":\"it-IT\",\"potentialAction\":[{\"@type\":\"ReadAction\",\"target\":[\"https:\\\/\\\/www.monaco-tribune.com\\\/it\\\/2023\\\/04\\\/monaco-dichiara-di-aver-ridotto-il-consumo-dacqua-del-26\\\/\"]}]},{\"@type\":\"ImageObject\",\"inLanguage\":\"it-IT\",\"@id\":\"https:\\\/\\\/www.monaco-tribune.com\\\/it\\\/2023\\\/04\\\/monaco-dichiara-di-aver-ridotto-il-consumo-dacqua-del-26\\\/#primaryimage\",\"url\":\"https:\\\/\\\/www.monaco-tribune.com\\\/wp-content\\\/uploads\\\/2023\\\/04\\\/robinet-deau-unsplash-compressed-e1681201467208.jpg\",\"contentUrl\":\"https:\\\/\\\/www.monaco-tribune.com\\\/wp-content\\\/uploads\\\/2023\\\/04\\\/robinet-deau-unsplash-compressed-e1681201467208.jpg\",\"width\":2000,\"height\":1333,\"caption\":\"Il Principato ha annunciato di aver diminuito il suo consumo d'acqua del 26%. \u00a9 Unsplash\"},{\"@type\":\"BreadcrumbList\",\"@id\":\"https:\\\/\\\/www.monaco-tribune.com\\\/it\\\/2023\\\/04\\\/monaco-dichiara-di-aver-ridotto-il-consumo-dacqua-del-26\\\/#breadcrumb\",\"itemListElement\":[{\"@type\":\"ListItem\",\"position\":1,\"name\":\"Accueil\",\"item\":\"https:\\\/\\\/www.monaco-tribune.com\\\/it\\\/\"},{\"@type\":\"ListItem\",\"position\":2,\"name\":\"Monaco dichiara di aver ridotto il consumo d&rsquo;acqua del 26%\"}]},{\"@type\":\"WebSite\",\"@id\":\"https:\\\/\\\/www.monaco-tribune.com\\\/it\\\/#website\",\"url\":\"https:\\\/\\\/www.monaco-tribune.com\\\/it\\\/\",\"name\":\"Monaco Tribune\",\"description\":\"Monaco : actualit\u00e9s \u00e9conomiques, politiques, culturelles et sportives de Monaco et de la French Riviera.\",\"publisher\":{\"@id\":\"https:\\\/\\\/www.monaco-tribune.com\\\/it\\\/#organization\"},\"potentialAction\":[{\"@type\":\"SearchAction\",\"target\":{\"@type\":\"EntryPoint\",\"urlTemplate\":\"https:\\\/\\\/www.monaco-tribune.com\\\/it\\\/?s={search_term_string}\"},\"query-input\":{\"@type\":\"PropertyValueSpecification\",\"valueRequired\":true,\"valueName\":\"search_term_string\"}}],\"inLanguage\":\"it-IT\"},{\"@type\":\"Organization\",\"@id\":\"https:\\\/\\\/www.monaco-tribune.com\\\/it\\\/#organization\",\"name\":\"Monaco Tribune\",\"url\":\"https:\\\/\\\/www.monaco-tribune.com\\\/it\\\/\",\"logo\":{\"@type\":\"ImageObject\",\"inLanguage\":\"it-IT\",\"@id\":\"https:\\\/\\\/www.monaco-tribune.com\\\/it\\\/#\\\/schema\\\/logo\\\/image\\\/\",\"url\":\"https:\\\/\\\/www.monaco-tribune.com\\\/wp-content\\\/uploads\\\/2022\\\/11\\\/logo-monaco-tribune.png\",\"contentUrl\":\"https:\\\/\\\/www.monaco-tribune.com\\\/wp-content\\\/uploads\\\/2022\\\/11\\\/logo-monaco-tribune.png\",\"width\":1548,\"height\":600,\"caption\":\"Monaco Tribune\"},\"image\":{\"@id\":\"https:\\\/\\\/www.monaco-tribune.com\\\/it\\\/#\\\/schema\\\/logo\\\/image\\\/\"},\"sameAs\":[\"https:\\\/\\\/www.facebook.com\\\/MonacoTribune\",\"https:\\\/\\\/x.com\\\/MonacoTribune\",\"https:\\\/\\\/www.instagram.com\\\/monacotribune\\\/\",\"https:\\\/\\\/www.linkedin.com\\\/company\\\/monaco-tribune\",\"https:\\\/\\\/www.youtube.com\\\/channel\\\/UCHle1MnG6hw1y4lWKijVbMA\"]},{\"@type\":\"Person\",\"@id\":\"https:\\\/\\\/www.monaco-tribune.com\\\/it\\\/#\\\/schema\\\/person\\\/c33a9f1bc99ef5a2e07d37c576060b57\",\"name\":\"Paul Charoy\",\"image\":{\"@type\":\"ImageObject\",\"inLanguage\":\"it-IT\",\"@id\":\"https:\\\/\\\/secure.gravatar.com\\\/avatar\\\/c3a39fd900275d54a628738568f1949e90ce9945d105d000228335a7bad64b38?s=96&d=mm&r=g\",\"url\":\"https:\\\/\\\/secure.gravatar.com\\\/avatar\\\/c3a39fd900275d54a628738568f1949e90ce9945d105d000228335a7bad64b38?s=96&d=mm&r=g\",\"contentUrl\":\"https:\\\/\\\/secure.gravatar.com\\\/avatar\\\/c3a39fd900275d54a628738568f1949e90ce9945d105d000228335a7bad64b38?s=96&d=mm&r=g\",\"caption\":\"Paul Charoy\"},\"url\":\"https:\\\/\\\/www.monaco-tribune.com\\\/it\\\/author\\\/paulcharoy\\\/\"}]}<\/script>\n<!-- \/ Yoast SEO Premium plugin. -->","yoast_head_json":{"title":"Monaco dichiara di aver ridotto il consumo d'acqua del 26%","description":"Su iniziativa del Presidente dell'Assemblea Generale Csaba K\u0151r\u00f6si, alla fine di marzo gli Stati membri, gli scienziati, la societ\u00e0 civile e il settore","robots":{"index":"index","follow":"follow","max-snippet":"max-snippet:-1","max-image-preview":"max-image-preview:large","max-video-preview":"max-video-preview:-1"},"canonical":"https:\/\/www.monaco-tribune.com\/it\/2023\/04\/monaco-dichiara-di-aver-ridotto-il-consumo-dacqua-del-26\/","og_locale":"it_IT","og_type":"article","og_title":"Monaco dichiara di aver ridotto il consumo d'acqua del 26% - Monaco Tribune","og_description":"Su iniziativa del Presidente dell'Assemblea Generale Csaba K\u0151r\u00f6si, alla fine di marzo gli Stati membri, gli scienziati, la societ\u00e0 civile e il settore","og_url":"https:\/\/www.monaco-tribune.com\/it\/2023\/04\/monaco-dichiara-di-aver-ridotto-il-consumo-dacqua-del-26\/","og_site_name":"Monaco Tribune","article_publisher":"https:\/\/www.facebook.com\/MonacoTribune","article_published_time":"2023-04-11T17:01:09+00:00","article_modified_time":"2023-04-11T17:01:45+00:00","og_image":[{"width":2000,"height":1333,"url":"https:\/\/www.monaco-tribune.com\/wp-content\/uploads\/2023\/04\/robinet-deau-unsplash-compressed-e1681201467208.jpg","type":"image\/jpeg"}],"author":"Paul Charoy","twitter_card":"summary_large_image","twitter_creator":"@MonacoTribune","twitter_site":"@MonacoTribune","schema":{"@context":"https:\/\/schema.org","@graph":[{"@type":"NewsArticle","@id":"https:\/\/www.monaco-tribune.com\/it\/2023\/04\/monaco-dichiara-di-aver-ridotto-il-consumo-dacqua-del-26\/#article","isPartOf":{"@id":"https:\/\/www.monaco-tribune.com\/it\/2023\/04\/monaco-dichiara-di-aver-ridotto-il-consumo-dacqua-del-26\/"},"author":{"name":"Paul Charoy","@id":"https:\/\/www.monaco-tribune.com\/it\/#\/schema\/person\/c33a9f1bc99ef5a2e07d37c576060b57"},"headline":"Monaco dichiara di aver ridotto il consumo d&#8217;acqua del 26%","datePublished":"2023-04-11T17:01:09+00:00","dateModified":"2023-04-11T17:01:45+00:00","mainEntityOfPage":{"@id":"https:\/\/www.monaco-tribune.com\/it\/2023\/04\/monaco-dichiara-di-aver-ridotto-il-consumo-dacqua-del-26\/"},"wordCount":468,"publisher":{"@id":"https:\/\/www.monaco-tribune.com\/it\/#organization"},"image":{"@id":"https:\/\/www.monaco-tribune.com\/it\/2023\/04\/monaco-dichiara-di-aver-ridotto-il-consumo-dacqua-del-26\/#primaryimage"},"thumbnailUrl":"https:\/\/www.monaco-tribune.com\/wp-content\/uploads\/2023\/04\/robinet-deau-unsplash-compressed-e1681201467208.jpg","keywords":["Energia"],"articleSection":["Green","Notizie"],"inLanguage":"it-IT","copyrightYear":"2023","copyrightHolder":{"@id":"https:\/\/www.monaco-tribune.com\/#organization"}},{"@type":"WebPage","@id":"https:\/\/www.monaco-tribune.com\/it\/2023\/04\/monaco-dichiara-di-aver-ridotto-il-consumo-dacqua-del-26\/","url":"https:\/\/www.monaco-tribune.com\/it\/2023\/04\/monaco-dichiara-di-aver-ridotto-il-consumo-dacqua-del-26\/","name":"Monaco dichiara di aver ridotto il consumo d'acqua del 26%","isPartOf":{"@id":"https:\/\/www.monaco-tribune.com\/it\/#website"},"primaryImageOfPage":{"@id":"https:\/\/www.monaco-tribune.com\/it\/2023\/04\/monaco-dichiara-di-aver-ridotto-il-consumo-dacqua-del-26\/#primaryimage"},"image":{"@id":"https:\/\/www.monaco-tribune.com\/it\/2023\/04\/monaco-dichiara-di-aver-ridotto-il-consumo-dacqua-del-26\/#primaryimage"},"thumbnailUrl":"https:\/\/www.monaco-tribune.com\/wp-content\/uploads\/2023\/04\/robinet-deau-unsplash-compressed-e1681201467208.jpg","datePublished":"2023-04-11T17:01:09+00:00","dateModified":"2023-04-11T17:01:45+00:00","description":"Su iniziativa del Presidente dell'Assemblea Generale Csaba K\u0151r\u00f6si, alla fine di marzo gli Stati membri, gli scienziati, la societ\u00e0 civile e il settore","breadcrumb":{"@id":"https:\/\/www.monaco-tribune.com\/it\/2023\/04\/monaco-dichiara-di-aver-ridotto-il-consumo-dacqua-del-26\/#breadcrumb"},"inLanguage":"it-IT","potentialAction":[{"@type":"ReadAction","target":["https:\/\/www.monaco-tribune.com\/it\/2023\/04\/monaco-dichiara-di-aver-ridotto-il-consumo-dacqua-del-26\/"]}]},{"@type":"ImageObject","inLanguage":"it-IT","@id":"https:\/\/www.monaco-tribune.com\/it\/2023\/04\/monaco-dichiara-di-aver-ridotto-il-consumo-dacqua-del-26\/#primaryimage","url":"https:\/\/www.monaco-tribune.com\/wp-content\/uploads\/2023\/04\/robinet-deau-unsplash-compressed-e1681201467208.jpg","contentUrl":"https:\/\/www.monaco-tribune.com\/wp-content\/uploads\/2023\/04\/robinet-deau-unsplash-compressed-e1681201467208.jpg","width":2000,"height":1333,"caption":"Il Principato ha annunciato di aver diminuito il suo consumo d'acqua del 26%. \u00a9 Unsplash"},{"@type":"BreadcrumbList","@id":"https:\/\/www.monaco-tribune.com\/it\/2023\/04\/monaco-dichiara-di-aver-ridotto-il-consumo-dacqua-del-26\/#breadcrumb","itemListElement":[{"@type":"ListItem","position":1,"name":"Accueil","item":"https:\/\/www.monaco-tribune.com\/it\/"},{"@type":"ListItem","position":2,"name":"Monaco dichiara di aver ridotto il consumo d&rsquo;acqua del 26%"}]},{"@type":"WebSite","@id":"https:\/\/www.monaco-tribune.com\/it\/#website","url":"https:\/\/www.monaco-tribune.com\/it\/","name":"Monaco Tribune","description":"Monaco : actualit\u00e9s \u00e9conomiques, politiques, culturelles et sportives de Monaco et de la French Riviera.","publisher":{"@id":"https:\/\/www.monaco-tribune.com\/it\/#organization"},"potentialAction":[{"@type":"SearchAction","target":{"@type":"EntryPoint","urlTemplate":"https:\/\/www.monaco-tribune.com\/it\/?s={search_term_string}"},"query-input":{"@type":"PropertyValueSpecification","valueRequired":true,"valueName":"search_term_string"}}],"inLanguage":"it-IT"},{"@type":"Organization","@id":"https:\/\/www.monaco-tribune.com\/it\/#organization","name":"Monaco Tribune","url":"https:\/\/www.monaco-tribune.com\/it\/","logo":{"@type":"ImageObject","inLanguage":"it-IT","@id":"https:\/\/www.monaco-tribune.com\/it\/#\/schema\/logo\/image\/","url":"https:\/\/www.monaco-tribune.com\/wp-content\/uploads\/2022\/11\/logo-monaco-tribune.png","contentUrl":"https:\/\/www.monaco-tribune.com\/wp-content\/uploads\/2022\/11\/logo-monaco-tribune.png","width":1548,"height":600,"caption":"Monaco Tribune"},"image":{"@id":"https:\/\/www.monaco-tribune.com\/it\/#\/schema\/logo\/image\/"},"sameAs":["https:\/\/www.facebook.com\/MonacoTribune","https:\/\/x.com\/MonacoTribune","https:\/\/www.instagram.com\/monacotribune\/","https:\/\/www.linkedin.com\/company\/monaco-tribune","https:\/\/www.youtube.com\/channel\/UCHle1MnG6hw1y4lWKijVbMA"]},{"@type":"Person","@id":"https:\/\/www.monaco-tribune.com\/it\/#\/schema\/person\/c33a9f1bc99ef5a2e07d37c576060b57","name":"Paul Charoy","image":{"@type":"ImageObject","inLanguage":"it-IT","@id":"https:\/\/secure.gravatar.com\/avatar\/c3a39fd900275d54a628738568f1949e90ce9945d105d000228335a7bad64b38?s=96&d=mm&r=g","url":"https:\/\/secure.gravatar.com\/avatar\/c3a39fd900275d54a628738568f1949e90ce9945d105d000228335a7bad64b38?s=96&d=mm&r=g","contentUrl":"https:\/\/secure.gravatar.com\/avatar\/c3a39fd900275d54a628738568f1949e90ce9945d105d000228335a7bad64b38?s=96&d=mm&r=g","caption":"Paul Charoy"},"url":"https:\/\/www.monaco-tribune.com\/it\/author\/paulcharoy\/"}]}},"_links":{"self":[{"href":"https:\/\/www.monaco-tribune.com\/it\/wp-json\/wp\/v2\/posts\/172033","targetHints":{"allow":["GET"]}}],"collection":[{"href":"https:\/\/www.monaco-tribune.com\/it\/wp-json\/wp\/v2\/posts"}],"about":[{"href":"https:\/\/www.monaco-tribune.com\/it\/wp-json\/wp\/v2\/types\/post"}],"author":[{"embeddable":true,"href":"https:\/\/www.monaco-tribune.com\/it\/wp-json\/wp\/v2\/users\/65"}],"replies":[{"embeddable":true,"href":"https:\/\/www.monaco-tribune.com\/it\/wp-json\/wp\/v2\/comments?post=172033"}],"version-history":[{"count":0,"href":"https:\/\/www.monaco-tribune.com\/it\/wp-json\/wp\/v2\/posts\/172033\/revisions"}],"wp:featuredmedia":[{"embeddable":true,"href":"https:\/\/www.monaco-tribune.com\/it\/wp-json\/wp\/v2\/media\/171934"}],"wp:attachment":[{"href":"https:\/\/www.monaco-tribune.com\/it\/wp-json\/wp\/v2\/media?parent=172033"}],"wp:term":[{"taxonomy":"category","embeddable":true,"href":"https:\/\/www.monaco-tribune.com\/it\/wp-json\/wp\/v2\/categories?post=172033"},{"taxonomy":"post_tag","embeddable":true,"href":"https:\/\/www.monaco-tribune.com\/it\/wp-json\/wp\/v2\/tags?post=172033"},{"taxonomy":"sectag","embeddable":true,"href":"https:\/\/www.monaco-tribune.com\/it\/wp-json\/wp\/v2\/post_sectags?post=172033"},{"taxonomy":"format","embeddable":true,"href":"https:\/\/www.monaco-tribune.com\/it\/wp-json\/wp\/v2\/post_format?post=172033"}],"curies":[{"name":"wp","href":"https:\/\/api.w.org\/{rel}","templated":true}]}}