{"id":173077,"date":"2023-04-18T17:11:14","date_gmt":"2023-04-18T15:11:14","guid":{"rendered":"https:\/\/www.monaco-tribune.com\/2023\/04\/5-dati-per-capire-il-mercato-del-lavoro-a-monaco\/"},"modified":"2023-04-18T17:11:22","modified_gmt":"2023-04-18T15:11:22","slug":"5-dati-per-capire-il-mercato-del-lavoro-a-monaco","status":"publish","type":"post","link":"https:\/\/www.monaco-tribune.com\/it\/2023\/04\/5-dati-per-capire-il-mercato-del-lavoro-a-monaco\/","title":{"rendered":"5 dati per capire il mercato del lavoro a Monaco"},"content":{"rendered":"\n<p><strong>Il 14 aprile, l&#8217;IMSEE ha pubblicato un rapporto di quaranta pagine sull&#8217;occupazione a Monaco. Vediamo insieme cinque delle statistiche presentate.<\/strong><\/p>\n\n<p>Lo studio dell&#8217;Istituto Monegasco di Statistica e Studi Economici (IMSEE) parte da una constatazione rara: il numero di persone che lavorano nel Principato \u00e8 quasi il doppio di quello dei residenti&#8230; Monaco: terra di occupazione.<\/p>\n\n<h2 class=\"wp-block-heading has-text-align-center\" id=\"h-1-14-000-emplois-crees-en-10-ans\">1. 14.000 posti di lavoro creati in 10 anni<\/h2>\n\n<p>L&#8217;occupazione complessiva nel Principato \u00e8 aumentata del 24,6% dal 2013. Questo vuol dire che nell&#8217;arco di 10 anni sono stati creati oltre 14.000 posti di lavoro. Nel settore privato, Monaco conta 8.873 dipendenti in pi\u00f9 rispetto a dieci anni fa, ovvero un aumento del 19%. Tra i dodici principali settori di attivit\u00e0 che caratterizzano l&#8217;economia monegasca, le attivit\u00e0 scientifiche e tecniche, e i servizi amministrativi e di supporto contano 3.396 persone in pi\u00f9 rispetto a dieci anni fa, ovvero +33,9%. L&#8217;edilizia ha registrato la seconda crescita in valore pi\u00f9 rilevante con 1.836 dipendenti. Completa il podio il settore dell&#8217;informazione e comunicazione, con il 28,0% di personale in pi\u00f9 rispetto al 2013.<\/p>\n\n<h2 class=\"wp-block-heading has-text-align-center\">2. L&#8217;89% dei lavoratori non abita a Monaco<\/h2>\n\n<p>La stragrande maggioranza dei lavoratori del settore privato non abita a Monaco. Nel 2022, questa percentuale di pendolari \u00e8 salita all&#8217;89,0%. Circa 8 dipendenti su 10 vivono in Francia, ovvero 43.700 persone. Il 25,5% della popolazione impiegata nel settore privato vive nella capitale della Costa Azzurra, Nizza, ovvero quasi 13.900 lavoratori. Mentone conta il 12,2% dei dipendenti, pari a 6.654 persone, e si piazza al secondo posto, davanti a Monaco (5.987). Seguono i comuni limitrofi di Beausoleil e Roquebrune-Cap-Martin, che contano rispettivamente il 10,6% e il 7,8% della forza lavoro. Ventimiglia, con 2.300 dipendenti, precede gli altri due comuni limitrofi di Cap d&#8217;Ail e La Turbie.<\/p>\n\n<h2 class=\"wp-block-heading has-text-align-center\">3. Quali sono le nazionalit\u00e0 presenti?<\/h2>\n\n<p>Nel 2022 sono state contante 140 nazionalit\u00e0 diverse tra i dipendenti del settore privato. Un numero pari a 128 nel 2013, che \u00e8 aumentato costantemente nel corso degli anni.\u00a0Non c&#8217;\u00e8 da sorprendersi se i francesi restano sempre i pi\u00f9 numerosi tra i dipendenti del settore privato, con il 61,6% nel 2022, ovvero quasi 34.100 persone. Seguono gli italiani, che rappresentano il 15,4% della forza lavoro, circa 8.500 persone, e poi i portoghesi, i cui 4.000 dipendenti rappresentano il 7,3% degli impiegati. Per quanto riguarda la rappresentanza locale, i dipendenti di nazionalit\u00e0 monegasca, che sono circa 1.000, rappresentano meno del 2% della popolazione, cos\u00ec come i rumeni che sono entrati di recente nella top 5 delle nazionalit\u00e0 dei dipendenti (1,5%).\u00a0Hanno sostituito per la prima volta i britannici.<\/p>\n\n<h2 class=\"wp-block-heading has-text-align-center\">4. Sempre pi\u00f9 datori di lavoro<\/h2>\n\n<p>Con 6.357 datori di lavoro del settore privato nel 2022 rispetto ai 5.376 del 2013, il numero di aziende che assumono dipendenti \u00e8 aumentato del 18,2% in dieci anni, pari a 981 datori di lavoro in pi\u00f9.\u00a0Fatta eccezione per il 2020, che ha visto un calo dell&#8217;attivit\u00e0 legato all&#8217;emergenza sanitaria, il numero di datori di lavoro ha continuato a crescere nel periodo 2013-2022.\u00a0Nel Principato, solo 38 aziende impiegano 200 o pi\u00f9 dipendenti, quelle che ne contano meno di 5 sono 4.792!<\/p>\n\n<h2 class=\"wp-block-heading has-text-align-center\">5. Il lavoro autonomo \u00e8 in crescita<\/h2>\n\n<p>Monaco conta 5.767 lavoratori autonomi attivi per 6.185 attivit\u00e0 aperte, con un aumento rispettivo del 4,0% e del 3,3% rispetto al 31 dicembre 2021. In media, un lavoratore autonomo occupa 1,07 attivit\u00e0, una cifra rilevata alla fine del 2022.<\/p>\n\n<p>Ma in quali settori lavorano? Nel commercio all&#8217;ingrosso erano quasi mille alla fine del 2022, pari al 15,6% di tutte le attivit\u00e0. Seguono altre attivit\u00e0 specializzate e legate alla consulenza gestionale, che rappresentano rispettivamente il 13,5% e il 9,5%. &#8220;Poich\u00e9 la popolazione dei lavoratori autonomi \u00e8 prevalentemente maschile, la maggior parte delle attivit\u00e0 sono pi\u00f9 spesso svolte da uomini. Solo il gruppo dei parrucchieri e dei trattamenti estetici appare nettamente femminile, con quasi 8 attivit\u00e0 su 10 gestite da donne. Le attivit\u00e0 di taxi, come quelle di architettura e ingegneria del controllo, sono invece quasi esclusivamente maschili&#8221;, indica lo studio IMSEE. Con il 49% delle attivit\u00e0 svolte da uomini, le professioni paramediche rimangono quelle che pi\u00f9 si avvicinano alla parit\u00e0 tra i sessi.<\/p>\n","protected":false},"excerpt":{"rendered":"<p>Il 14 aprile, l&#8217;IMSEE ha pubblicato un rapporto di quaranta pagine sull&#8217;occupazione a Monaco. Vediamo insieme cinque delle statistiche presentate. [&hellip;]<\/p>\n","protected":false},"author":65,"featured_media":172792,"comment_status":"closed","ping_status":"closed","sticky":false,"template":"","format":"standard","meta":{"_acf_changed":false,"footnotes":""},"categories":[1738,1752],"tags":[3140],"post_sectags":[3111],"post_format":[2486],"class_list":["post-173077","post","type-post","status-publish","format-standard","has-post-thumbnail","hentry","category-notizie","category-societa","tag-lavoro","sectag-imsee-it","format-servizio"],"acf":[],"yoast_head":"<!-- This site is optimized with the Yoast SEO Premium plugin v26.8 (Yoast SEO v27.5) - https:\/\/yoast.com\/product\/yoast-seo-premium-wordpress\/ -->\n<title>5 dati per capire il mercato del lavoro a Monaco<\/title>\n<meta name=\"description\" content=\"Il 14 aprile, l&#039;IMSEE ha pubblicato un rapporto di quaranta pagine sull&#039;occupazione a Monaco. Vediamo insieme cinque delle statistiche presentate. Lo\" \/>\n<meta name=\"robots\" content=\"index, follow, max-snippet:-1, max-image-preview:large, max-video-preview:-1\" \/>\n<link rel=\"canonical\" href=\"https:\/\/www.monaco-tribune.com\/it\/2023\/04\/5-dati-per-capire-il-mercato-del-lavoro-a-monaco\/\" \/>\n<meta property=\"og:locale\" content=\"it_IT\" \/>\n<meta property=\"og:type\" content=\"article\" \/>\n<meta property=\"og:title\" content=\"5 dati per capire il mercato del lavoro a Monaco - Monaco Tribune\" \/>\n<meta property=\"og:description\" content=\"Il 14 aprile, l&#039;IMSEE ha pubblicato un rapporto di quaranta pagine sull&#039;occupazione a Monaco. Vediamo insieme cinque delle statistiche presentate. Lo\" \/>\n<meta property=\"og:url\" content=\"https:\/\/www.monaco-tribune.com\/it\/2023\/04\/5-dati-per-capire-il-mercato-del-lavoro-a-monaco\/\" \/>\n<meta property=\"og:site_name\" content=\"Monaco Tribune\" \/>\n<meta property=\"article:publisher\" content=\"https:\/\/www.facebook.com\/MonacoTribune\" \/>\n<meta property=\"article:published_time\" content=\"2023-04-18T15:11:14+00:00\" \/>\n<meta property=\"article:modified_time\" content=\"2023-04-18T15:11:22+00:00\" \/>\n<meta property=\"og:image\" content=\"https:\/\/www.monaco-tribune.com\/wp-content\/uploads\/2023\/04\/salaries-a-monaco.jpg\" \/>\n\t<meta property=\"og:image:width\" content=\"1024\" \/>\n\t<meta property=\"og:image:height\" content=\"576\" \/>\n\t<meta property=\"og:image:type\" content=\"image\/jpeg\" \/>\n<meta name=\"author\" content=\"Paul Charoy\" \/>\n<meta name=\"twitter:card\" content=\"summary_large_image\" \/>\n<meta name=\"twitter:creator\" content=\"@MonacoTribune\" \/>\n<meta name=\"twitter:site\" content=\"@MonacoTribune\" \/>\n<script type=\"application\/ld+json\" class=\"yoast-schema-graph\">{\"@context\":\"https:\\\/\\\/schema.org\",\"@graph\":[{\"@type\":\"NewsArticle\",\"@id\":\"https:\\\/\\\/www.monaco-tribune.com\\\/it\\\/2023\\\/04\\\/5-dati-per-capire-il-mercato-del-lavoro-a-monaco\\\/#article\",\"isPartOf\":{\"@id\":\"https:\\\/\\\/www.monaco-tribune.com\\\/it\\\/2023\\\/04\\\/5-dati-per-capire-il-mercato-del-lavoro-a-monaco\\\/\"},\"author\":{\"name\":\"Paul Charoy\",\"@id\":\"https:\\\/\\\/www.monaco-tribune.com\\\/it\\\/#\\\/schema\\\/person\\\/c33a9f1bc99ef5a2e07d37c576060b57\"},\"headline\":\"5 dati per capire il mercato del lavoro a Monaco\",\"datePublished\":\"2023-04-18T15:11:14+00:00\",\"dateModified\":\"2023-04-18T15:11:22+00:00\",\"mainEntityOfPage\":{\"@id\":\"https:\\\/\\\/www.monaco-tribune.com\\\/it\\\/2023\\\/04\\\/5-dati-per-capire-il-mercato-del-lavoro-a-monaco\\\/\"},\"wordCount\":623,\"publisher\":{\"@id\":\"https:\\\/\\\/www.monaco-tribune.com\\\/it\\\/#organization\"},\"image\":{\"@id\":\"https:\\\/\\\/www.monaco-tribune.com\\\/it\\\/2023\\\/04\\\/5-dati-per-capire-il-mercato-del-lavoro-a-monaco\\\/#primaryimage\"},\"thumbnailUrl\":\"https:\\\/\\\/www.monaco-tribune.com\\\/wp-content\\\/uploads\\\/2023\\\/04\\\/salaries-a-monaco.jpg\",\"keywords\":[\"Lavoro\"],\"articleSection\":[\"Notizie\",\"Societ\u00e0\"],\"inLanguage\":\"it-IT\",\"copyrightYear\":\"2023\",\"copyrightHolder\":{\"@id\":\"https:\\\/\\\/www.monaco-tribune.com\\\/#organization\"}},{\"@type\":\"WebPage\",\"@id\":\"https:\\\/\\\/www.monaco-tribune.com\\\/it\\\/2023\\\/04\\\/5-dati-per-capire-il-mercato-del-lavoro-a-monaco\\\/\",\"url\":\"https:\\\/\\\/www.monaco-tribune.com\\\/it\\\/2023\\\/04\\\/5-dati-per-capire-il-mercato-del-lavoro-a-monaco\\\/\",\"name\":\"5 dati per capire il mercato del lavoro a Monaco\",\"isPartOf\":{\"@id\":\"https:\\\/\\\/www.monaco-tribune.com\\\/it\\\/#website\"},\"primaryImageOfPage\":{\"@id\":\"https:\\\/\\\/www.monaco-tribune.com\\\/it\\\/2023\\\/04\\\/5-dati-per-capire-il-mercato-del-lavoro-a-monaco\\\/#primaryimage\"},\"image\":{\"@id\":\"https:\\\/\\\/www.monaco-tribune.com\\\/it\\\/2023\\\/04\\\/5-dati-per-capire-il-mercato-del-lavoro-a-monaco\\\/#primaryimage\"},\"thumbnailUrl\":\"https:\\\/\\\/www.monaco-tribune.com\\\/wp-content\\\/uploads\\\/2023\\\/04\\\/salaries-a-monaco.jpg\",\"datePublished\":\"2023-04-18T15:11:14+00:00\",\"dateModified\":\"2023-04-18T15:11:22+00:00\",\"description\":\"Il 14 aprile, l'IMSEE ha pubblicato un rapporto di quaranta pagine sull'occupazione a Monaco. Vediamo insieme cinque delle statistiche presentate. Lo\",\"breadcrumb\":{\"@id\":\"https:\\\/\\\/www.monaco-tribune.com\\\/it\\\/2023\\\/04\\\/5-dati-per-capire-il-mercato-del-lavoro-a-monaco\\\/#breadcrumb\"},\"inLanguage\":\"it-IT\",\"potentialAction\":[{\"@type\":\"ReadAction\",\"target\":[\"https:\\\/\\\/www.monaco-tribune.com\\\/it\\\/2023\\\/04\\\/5-dati-per-capire-il-mercato-del-lavoro-a-monaco\\\/\"]}]},{\"@type\":\"ImageObject\",\"inLanguage\":\"it-IT\",\"@id\":\"https:\\\/\\\/www.monaco-tribune.com\\\/it\\\/2023\\\/04\\\/5-dati-per-capire-il-mercato-del-lavoro-a-monaco\\\/#primaryimage\",\"url\":\"https:\\\/\\\/www.monaco-tribune.com\\\/wp-content\\\/uploads\\\/2023\\\/04\\\/salaries-a-monaco.jpg\",\"contentUrl\":\"https:\\\/\\\/www.monaco-tribune.com\\\/wp-content\\\/uploads\\\/2023\\\/04\\\/salaries-a-monaco.jpg\",\"width\":1024,\"height\":576,\"caption\":\"Dal 2013, a Monaco sono stati creati 14.000 posti di lavoro. \u00a9 Monaco Tribune\"},{\"@type\":\"BreadcrumbList\",\"@id\":\"https:\\\/\\\/www.monaco-tribune.com\\\/it\\\/2023\\\/04\\\/5-dati-per-capire-il-mercato-del-lavoro-a-monaco\\\/#breadcrumb\",\"itemListElement\":[{\"@type\":\"ListItem\",\"position\":1,\"name\":\"Accueil\",\"item\":\"https:\\\/\\\/www.monaco-tribune.com\\\/it\\\/\"},{\"@type\":\"ListItem\",\"position\":2,\"name\":\"5 dati per capire il mercato del lavoro a Monaco\"}]},{\"@type\":\"WebSite\",\"@id\":\"https:\\\/\\\/www.monaco-tribune.com\\\/it\\\/#website\",\"url\":\"https:\\\/\\\/www.monaco-tribune.com\\\/it\\\/\",\"name\":\"Monaco Tribune\",\"description\":\"Monaco : actualit\u00e9s \u00e9conomiques, politiques, culturelles et sportives de Monaco et de la French Riviera.\",\"publisher\":{\"@id\":\"https:\\\/\\\/www.monaco-tribune.com\\\/it\\\/#organization\"},\"potentialAction\":[{\"@type\":\"SearchAction\",\"target\":{\"@type\":\"EntryPoint\",\"urlTemplate\":\"https:\\\/\\\/www.monaco-tribune.com\\\/it\\\/?s={search_term_string}\"},\"query-input\":{\"@type\":\"PropertyValueSpecification\",\"valueRequired\":true,\"valueName\":\"search_term_string\"}}],\"inLanguage\":\"it-IT\"},{\"@type\":\"Organization\",\"@id\":\"https:\\\/\\\/www.monaco-tribune.com\\\/it\\\/#organization\",\"name\":\"Monaco Tribune\",\"url\":\"https:\\\/\\\/www.monaco-tribune.com\\\/it\\\/\",\"logo\":{\"@type\":\"ImageObject\",\"inLanguage\":\"it-IT\",\"@id\":\"https:\\\/\\\/www.monaco-tribune.com\\\/it\\\/#\\\/schema\\\/logo\\\/image\\\/\",\"url\":\"https:\\\/\\\/www.monaco-tribune.com\\\/wp-content\\\/uploads\\\/2022\\\/11\\\/logo-monaco-tribune.png\",\"contentUrl\":\"https:\\\/\\\/www.monaco-tribune.com\\\/wp-content\\\/uploads\\\/2022\\\/11\\\/logo-monaco-tribune.png\",\"width\":1548,\"height\":600,\"caption\":\"Monaco Tribune\"},\"image\":{\"@id\":\"https:\\\/\\\/www.monaco-tribune.com\\\/it\\\/#\\\/schema\\\/logo\\\/image\\\/\"},\"sameAs\":[\"https:\\\/\\\/www.facebook.com\\\/MonacoTribune\",\"https:\\\/\\\/x.com\\\/MonacoTribune\",\"https:\\\/\\\/www.instagram.com\\\/monacotribune\\\/\",\"https:\\\/\\\/www.linkedin.com\\\/company\\\/monaco-tribune\",\"https:\\\/\\\/www.youtube.com\\\/channel\\\/UCHle1MnG6hw1y4lWKijVbMA\"]},{\"@type\":\"Person\",\"@id\":\"https:\\\/\\\/www.monaco-tribune.com\\\/it\\\/#\\\/schema\\\/person\\\/c33a9f1bc99ef5a2e07d37c576060b57\",\"name\":\"Paul Charoy\",\"image\":{\"@type\":\"ImageObject\",\"inLanguage\":\"it-IT\",\"@id\":\"https:\\\/\\\/secure.gravatar.com\\\/avatar\\\/c3a39fd900275d54a628738568f1949e90ce9945d105d000228335a7bad64b38?s=96&d=mm&r=g\",\"url\":\"https:\\\/\\\/secure.gravatar.com\\\/avatar\\\/c3a39fd900275d54a628738568f1949e90ce9945d105d000228335a7bad64b38?s=96&d=mm&r=g\",\"contentUrl\":\"https:\\\/\\\/secure.gravatar.com\\\/avatar\\\/c3a39fd900275d54a628738568f1949e90ce9945d105d000228335a7bad64b38?s=96&d=mm&r=g\",\"caption\":\"Paul Charoy\"},\"url\":\"https:\\\/\\\/www.monaco-tribune.com\\\/it\\\/author\\\/paulcharoy\\\/\"}]}<\/script>\n<!-- \/ Yoast SEO Premium plugin. -->","yoast_head_json":{"title":"5 dati per capire il mercato del lavoro a Monaco","description":"Il 14 aprile, l'IMSEE ha pubblicato un rapporto di quaranta pagine sull'occupazione a Monaco. Vediamo insieme cinque delle statistiche presentate. Lo","robots":{"index":"index","follow":"follow","max-snippet":"max-snippet:-1","max-image-preview":"max-image-preview:large","max-video-preview":"max-video-preview:-1"},"canonical":"https:\/\/www.monaco-tribune.com\/it\/2023\/04\/5-dati-per-capire-il-mercato-del-lavoro-a-monaco\/","og_locale":"it_IT","og_type":"article","og_title":"5 dati per capire il mercato del lavoro a Monaco - Monaco Tribune","og_description":"Il 14 aprile, l'IMSEE ha pubblicato un rapporto di quaranta pagine sull'occupazione a Monaco. Vediamo insieme cinque delle statistiche presentate. Lo","og_url":"https:\/\/www.monaco-tribune.com\/it\/2023\/04\/5-dati-per-capire-il-mercato-del-lavoro-a-monaco\/","og_site_name":"Monaco Tribune","article_publisher":"https:\/\/www.facebook.com\/MonacoTribune","article_published_time":"2023-04-18T15:11:14+00:00","article_modified_time":"2023-04-18T15:11:22+00:00","og_image":[{"width":1024,"height":576,"url":"https:\/\/www.monaco-tribune.com\/wp-content\/uploads\/2023\/04\/salaries-a-monaco.jpg","type":"image\/jpeg"}],"author":"Paul Charoy","twitter_card":"summary_large_image","twitter_creator":"@MonacoTribune","twitter_site":"@MonacoTribune","schema":{"@context":"https:\/\/schema.org","@graph":[{"@type":"NewsArticle","@id":"https:\/\/www.monaco-tribune.com\/it\/2023\/04\/5-dati-per-capire-il-mercato-del-lavoro-a-monaco\/#article","isPartOf":{"@id":"https:\/\/www.monaco-tribune.com\/it\/2023\/04\/5-dati-per-capire-il-mercato-del-lavoro-a-monaco\/"},"author":{"name":"Paul Charoy","@id":"https:\/\/www.monaco-tribune.com\/it\/#\/schema\/person\/c33a9f1bc99ef5a2e07d37c576060b57"},"headline":"5 dati per capire il mercato del lavoro a Monaco","datePublished":"2023-04-18T15:11:14+00:00","dateModified":"2023-04-18T15:11:22+00:00","mainEntityOfPage":{"@id":"https:\/\/www.monaco-tribune.com\/it\/2023\/04\/5-dati-per-capire-il-mercato-del-lavoro-a-monaco\/"},"wordCount":623,"publisher":{"@id":"https:\/\/www.monaco-tribune.com\/it\/#organization"},"image":{"@id":"https:\/\/www.monaco-tribune.com\/it\/2023\/04\/5-dati-per-capire-il-mercato-del-lavoro-a-monaco\/#primaryimage"},"thumbnailUrl":"https:\/\/www.monaco-tribune.com\/wp-content\/uploads\/2023\/04\/salaries-a-monaco.jpg","keywords":["Lavoro"],"articleSection":["Notizie","Societ\u00e0"],"inLanguage":"it-IT","copyrightYear":"2023","copyrightHolder":{"@id":"https:\/\/www.monaco-tribune.com\/#organization"}},{"@type":"WebPage","@id":"https:\/\/www.monaco-tribune.com\/it\/2023\/04\/5-dati-per-capire-il-mercato-del-lavoro-a-monaco\/","url":"https:\/\/www.monaco-tribune.com\/it\/2023\/04\/5-dati-per-capire-il-mercato-del-lavoro-a-monaco\/","name":"5 dati per capire il mercato del lavoro a Monaco","isPartOf":{"@id":"https:\/\/www.monaco-tribune.com\/it\/#website"},"primaryImageOfPage":{"@id":"https:\/\/www.monaco-tribune.com\/it\/2023\/04\/5-dati-per-capire-il-mercato-del-lavoro-a-monaco\/#primaryimage"},"image":{"@id":"https:\/\/www.monaco-tribune.com\/it\/2023\/04\/5-dati-per-capire-il-mercato-del-lavoro-a-monaco\/#primaryimage"},"thumbnailUrl":"https:\/\/www.monaco-tribune.com\/wp-content\/uploads\/2023\/04\/salaries-a-monaco.jpg","datePublished":"2023-04-18T15:11:14+00:00","dateModified":"2023-04-18T15:11:22+00:00","description":"Il 14 aprile, l'IMSEE ha pubblicato un rapporto di quaranta pagine sull'occupazione a Monaco. Vediamo insieme cinque delle statistiche presentate. Lo","breadcrumb":{"@id":"https:\/\/www.monaco-tribune.com\/it\/2023\/04\/5-dati-per-capire-il-mercato-del-lavoro-a-monaco\/#breadcrumb"},"inLanguage":"it-IT","potentialAction":[{"@type":"ReadAction","target":["https:\/\/www.monaco-tribune.com\/it\/2023\/04\/5-dati-per-capire-il-mercato-del-lavoro-a-monaco\/"]}]},{"@type":"ImageObject","inLanguage":"it-IT","@id":"https:\/\/www.monaco-tribune.com\/it\/2023\/04\/5-dati-per-capire-il-mercato-del-lavoro-a-monaco\/#primaryimage","url":"https:\/\/www.monaco-tribune.com\/wp-content\/uploads\/2023\/04\/salaries-a-monaco.jpg","contentUrl":"https:\/\/www.monaco-tribune.com\/wp-content\/uploads\/2023\/04\/salaries-a-monaco.jpg","width":1024,"height":576,"caption":"Dal 2013, a Monaco sono stati creati 14.000 posti di lavoro. \u00a9 Monaco Tribune"},{"@type":"BreadcrumbList","@id":"https:\/\/www.monaco-tribune.com\/it\/2023\/04\/5-dati-per-capire-il-mercato-del-lavoro-a-monaco\/#breadcrumb","itemListElement":[{"@type":"ListItem","position":1,"name":"Accueil","item":"https:\/\/www.monaco-tribune.com\/it\/"},{"@type":"ListItem","position":2,"name":"5 dati per capire il mercato del lavoro a Monaco"}]},{"@type":"WebSite","@id":"https:\/\/www.monaco-tribune.com\/it\/#website","url":"https:\/\/www.monaco-tribune.com\/it\/","name":"Monaco Tribune","description":"Monaco : actualit\u00e9s \u00e9conomiques, politiques, culturelles et sportives de Monaco et de la French Riviera.","publisher":{"@id":"https:\/\/www.monaco-tribune.com\/it\/#organization"},"potentialAction":[{"@type":"SearchAction","target":{"@type":"EntryPoint","urlTemplate":"https:\/\/www.monaco-tribune.com\/it\/?s={search_term_string}"},"query-input":{"@type":"PropertyValueSpecification","valueRequired":true,"valueName":"search_term_string"}}],"inLanguage":"it-IT"},{"@type":"Organization","@id":"https:\/\/www.monaco-tribune.com\/it\/#organization","name":"Monaco Tribune","url":"https:\/\/www.monaco-tribune.com\/it\/","logo":{"@type":"ImageObject","inLanguage":"it-IT","@id":"https:\/\/www.monaco-tribune.com\/it\/#\/schema\/logo\/image\/","url":"https:\/\/www.monaco-tribune.com\/wp-content\/uploads\/2022\/11\/logo-monaco-tribune.png","contentUrl":"https:\/\/www.monaco-tribune.com\/wp-content\/uploads\/2022\/11\/logo-monaco-tribune.png","width":1548,"height":600,"caption":"Monaco Tribune"},"image":{"@id":"https:\/\/www.monaco-tribune.com\/it\/#\/schema\/logo\/image\/"},"sameAs":["https:\/\/www.facebook.com\/MonacoTribune","https:\/\/x.com\/MonacoTribune","https:\/\/www.instagram.com\/monacotribune\/","https:\/\/www.linkedin.com\/company\/monaco-tribune","https:\/\/www.youtube.com\/channel\/UCHle1MnG6hw1y4lWKijVbMA"]},{"@type":"Person","@id":"https:\/\/www.monaco-tribune.com\/it\/#\/schema\/person\/c33a9f1bc99ef5a2e07d37c576060b57","name":"Paul Charoy","image":{"@type":"ImageObject","inLanguage":"it-IT","@id":"https:\/\/secure.gravatar.com\/avatar\/c3a39fd900275d54a628738568f1949e90ce9945d105d000228335a7bad64b38?s=96&d=mm&r=g","url":"https:\/\/secure.gravatar.com\/avatar\/c3a39fd900275d54a628738568f1949e90ce9945d105d000228335a7bad64b38?s=96&d=mm&r=g","contentUrl":"https:\/\/secure.gravatar.com\/avatar\/c3a39fd900275d54a628738568f1949e90ce9945d105d000228335a7bad64b38?s=96&d=mm&r=g","caption":"Paul Charoy"},"url":"https:\/\/www.monaco-tribune.com\/it\/author\/paulcharoy\/"}]}},"_links":{"self":[{"href":"https:\/\/www.monaco-tribune.com\/it\/wp-json\/wp\/v2\/posts\/173077","targetHints":{"allow":["GET"]}}],"collection":[{"href":"https:\/\/www.monaco-tribune.com\/it\/wp-json\/wp\/v2\/posts"}],"about":[{"href":"https:\/\/www.monaco-tribune.com\/it\/wp-json\/wp\/v2\/types\/post"}],"author":[{"embeddable":true,"href":"https:\/\/www.monaco-tribune.com\/it\/wp-json\/wp\/v2\/users\/65"}],"replies":[{"embeddable":true,"href":"https:\/\/www.monaco-tribune.com\/it\/wp-json\/wp\/v2\/comments?post=173077"}],"version-history":[{"count":0,"href":"https:\/\/www.monaco-tribune.com\/it\/wp-json\/wp\/v2\/posts\/173077\/revisions"}],"wp:featuredmedia":[{"embeddable":true,"href":"https:\/\/www.monaco-tribune.com\/it\/wp-json\/wp\/v2\/media\/172792"}],"wp:attachment":[{"href":"https:\/\/www.monaco-tribune.com\/it\/wp-json\/wp\/v2\/media?parent=173077"}],"wp:term":[{"taxonomy":"category","embeddable":true,"href":"https:\/\/www.monaco-tribune.com\/it\/wp-json\/wp\/v2\/categories?post=173077"},{"taxonomy":"post_tag","embeddable":true,"href":"https:\/\/www.monaco-tribune.com\/it\/wp-json\/wp\/v2\/tags?post=173077"},{"taxonomy":"sectag","embeddable":true,"href":"https:\/\/www.monaco-tribune.com\/it\/wp-json\/wp\/v2\/post_sectags?post=173077"},{"taxonomy":"format","embeddable":true,"href":"https:\/\/www.monaco-tribune.com\/it\/wp-json\/wp\/v2\/post_format?post=173077"}],"curies":[{"name":"wp","href":"https:\/\/api.w.org\/{rel}","templated":true}]}}