{"id":175192,"date":"2023-05-03T17:15:31","date_gmt":"2023-05-03T15:15:31","guid":{"rendered":"https:\/\/www.monaco-tribune.com\/2023\/05\/il-principato-si-riempie-di-bandiere-per-il-centenario-del-principe-ranieri-iii\/"},"modified":"2023-05-03T17:15:47","modified_gmt":"2023-05-03T15:15:47","slug":"il-principato-si-riempie-di-bandiere-per-il-centenario-del-principe-ranieri-iii","status":"publish","type":"post","link":"https:\/\/www.monaco-tribune.com\/it\/2023\/05\/il-principato-si-riempie-di-bandiere-per-il-centenario-del-principe-ranieri-iii\/","title":{"rendered":"Il Principato si riempie di bandiere per il centenario del Principe Ranieri III"},"content":{"rendered":"\n<p><strong>Dal 1\u00b0 maggio fino alla fine dell&#8217;anno, i monegaschi, i residenti e i commercianti del Principato sono invitati a esporre una bandiera appositamente realizzata per l&#8217;occasione.<\/strong><\/p>\n\n<p>Continuano i festeggiamenti per il centenario del Principe Ranieri III. Per l&#8217;occasione, il Comitato Ranieri III ha creato una bandiera unica nel suo genere, con cui gli abitanti del Principato potranno adornare strade ed edifici pubblici. La bandiera \u00e8 disponibile presso quattro punti vendita:<\/p>\n\n<ul class=\"wp-block-list\">\n<li><strong>Souvenir Shop<\/strong>, Place du Palais Princier<\/li>\n\n\n\n<li><strong>Bazar Picco<\/strong>, 22 avenue Saint-Charles<\/li>\n\n\n\n<li><strong>Brico Center<\/strong>, 4-6 avenue Albert II<\/li>\n\n\n\n<li><strong>Kh\u00e9dive<\/strong>, 9 boulevard Albert Ier<\/li>\n<\/ul>\n<div class=\"wp-block-image\">\n<figure class=\"aligncenter size-large is-resized\"><img loading=\"lazy\" decoding=\"async\" src=\"https:\/\/www.monaco-tribune.com\/wp-content\/uploads\/2023\/05\/drapeau-centenaire-prince-rainier-iii-1024x573.jpeg\" alt=\"\" class=\"wp-image-174875\" width=\"968\" height=\"541\" srcset=\"https:\/\/www.monaco-tribune.com\/wp-content\/uploads\/2023\/05\/drapeau-centenaire-prince-rainier-iii-1024x573.jpeg 1024w, https:\/\/www.monaco-tribune.com\/wp-content\/uploads\/2023\/05\/drapeau-centenaire-prince-rainier-iii-536x300.jpeg 536w, https:\/\/www.monaco-tribune.com\/wp-content\/uploads\/2023\/05\/drapeau-centenaire-prince-rainier-iii.jpeg 2048w\" sizes=\"auto, (max-width: 968px) 100vw, 968px\" \/><figcaption class=\"wp-element-caption\"><em>Sulla bandiera \u00e8 raffigurato il volto del Principe Ranieri III di profilo con i colori rosso e bianco del Principato sullo sfondo.<\/em>&#13;\n\u00a9\u00a0Centenario Ranieri III<\/figcaption><\/figure>\n<\/div>\n<p>Contemporaneamente il Principato continua a pubblicizzare le commemorazioni, visto che gli eventi principali inizieranno tra qualche settimana: <\/p>\n\n<ul class=\"wp-block-list\">\n<li><strong>31 maggio 2023, dalle 14:30<\/strong>: le Rocher en f\u00eate<\/li>\n\n\n\n<li><strong>Dal 31 maggio 2023 al 20 agosto 2023<\/strong>: mostra &#8220;Le Prince chez lui&#8221; &#8211; Grands Appartements del Palais Princier<\/li>\n\n\n\n<li><strong>Dal 31 maggio 2023 al 31 dicembre 2023<\/strong>: mostra &#8220;Le Prince et ses animaux&#8221; &#8211; Jardin animalier de Monaco<\/li>\n\n\n\n<li><strong>4 luglio 2023<\/strong>: Film &#8220;Rainier III par lui-m\u00eame&#8221;, di Yann-Anthony Noghes &#8211; Salle des Princes del Grimaldi Forum<\/li>\n\n\n\n<li><strong>Dal 20 luglio al 31 dicembre 2023<\/strong>: mostra &#8220;Le Prince b\u00e2tisseur. Une ambition pour Monaco&#8221; &#8211; Sala espositiva del Quai Antoine I<\/li>\n\n\n\n<li><strong>Dal 9 novembre 2023 al 28 gennaio 2024<\/strong>: mostra &#8220;50e anniversaire de la cr\u00e9ation du festival du cirque&#8221; &#8211; Terrasses de Fontvieille<\/li>\n\n\n\n<li><strong>19 novembre 2023<\/strong>: Giornata nazionale in onore del Principe Ranieri III<\/li>\n\n\n\n<li><strong>24 e 25 novembre alle 20:30<\/strong>: rappresentazione dello spettacolo &#8220;Les jours heureux&#8221;, in cui recit\u00f2 il Principe Ranieri III nel 1942, a cura dello Studio de Monaco &#8211; Th\u00e9\u00e2tre des Vari\u00e9t\u00e9s<\/li>\n\n\n\n<li><strong>Dal 19 al 28 gennaio 2024<\/strong>: 46\u00b0 Festival Internazionale del Circo di Monte-Carlo 2024 &#8220;Omaggio al suo creatore&#8221;<\/li>\n<\/ul>\n\n<p>Potete consultare il programma completo <a href=\"https:\/\/centenairerainier3.mc\/events\/\">qui<\/a>.<\/p>\n","protected":false},"excerpt":{"rendered":"<p>Dal 1\u00b0 maggio fino alla fine dell&#8217;anno, i monegaschi, i residenti e i commercianti del Principato sono invitati a esporre [&hellip;]<\/p>\n","protected":false},"author":65,"featured_media":174873,"comment_status":"closed","ping_status":"closed","sticky":false,"template":"","format":"standard","meta":{"_acf_changed":false,"footnotes":""},"categories":[1742,1738],"tags":[3755],"post_sectags":[3839],"post_format":[2478],"class_list":["post-175192","post","type-post","status-publish","format-standard","has-post-thumbnail","hentry","category-famiglia-principesca","category-notizie","tag-principe-ranieri-iii","sectag-centenario","format-notizia"],"acf":[],"yoast_head":"<!-- This site is optimized with the Yoast SEO Premium plugin v26.8 (Yoast SEO v27.4) - https:\/\/yoast.com\/product\/yoast-seo-premium-wordpress\/ -->\n<title>Il Principato si riempie di bandiere per il centenario del Principe Ranieri III<\/title>\n<meta name=\"description\" content=\"Dal 1\u00b0 maggio fino alla fine dell&#039;anno, i monegaschi, i residenti e i commercianti del Principato sono invitati a esporre una bandiera appositamente\" \/>\n<meta name=\"robots\" content=\"index, follow, max-snippet:-1, max-image-preview:large, max-video-preview:-1\" \/>\n<link rel=\"canonical\" href=\"https:\/\/www.monaco-tribune.com\/it\/2023\/05\/il-principato-si-riempie-di-bandiere-per-il-centenario-del-principe-ranieri-iii\/\" \/>\n<meta property=\"og:locale\" content=\"it_IT\" \/>\n<meta property=\"og:type\" content=\"article\" \/>\n<meta property=\"og:title\" content=\"Il Principato si riempie di bandiere per il centenario del Principe Ranieri III - Monaco Tribune\" \/>\n<meta property=\"og:description\" content=\"Dal 1\u00b0 maggio fino alla fine dell&#039;anno, i monegaschi, i residenti e i commercianti del Principato sono invitati a esporre una bandiera appositamente\" \/>\n<meta property=\"og:url\" content=\"https:\/\/www.monaco-tribune.com\/it\/2023\/05\/il-principato-si-riempie-di-bandiere-per-il-centenario-del-principe-ranieri-iii\/\" \/>\n<meta property=\"og:site_name\" content=\"Monaco Tribune\" \/>\n<meta property=\"article:publisher\" content=\"https:\/\/www.facebook.com\/MonacoTribune\" \/>\n<meta property=\"article:published_time\" content=\"2023-05-03T15:15:31+00:00\" \/>\n<meta property=\"article:modified_time\" content=\"2023-05-03T15:15:47+00:00\" \/>\n<meta property=\"og:image\" content=\"https:\/\/www.monaco-tribune.com\/wp-content\/uploads\/2023\/05\/pavoisement-drapeaux-monaco.jpg\" \/>\n\t<meta property=\"og:image:width\" content=\"1200\" \/>\n\t<meta property=\"og:image:height\" content=\"692\" \/>\n\t<meta property=\"og:image:type\" content=\"image\/jpeg\" \/>\n<meta name=\"author\" content=\"Paul Charoy\" \/>\n<meta name=\"twitter:card\" content=\"summary_large_image\" \/>\n<meta name=\"twitter:creator\" content=\"@MonacoTribune\" \/>\n<meta name=\"twitter:site\" content=\"@MonacoTribune\" \/>\n<script type=\"application\/ld+json\" class=\"yoast-schema-graph\">{\"@context\":\"https:\\\/\\\/schema.org\",\"@graph\":[{\"@type\":\"NewsArticle\",\"@id\":\"https:\\\/\\\/www.monaco-tribune.com\\\/it\\\/2023\\\/05\\\/il-principato-si-riempie-di-bandiere-per-il-centenario-del-principe-ranieri-iii\\\/#article\",\"isPartOf\":{\"@id\":\"https:\\\/\\\/www.monaco-tribune.com\\\/it\\\/2023\\\/05\\\/il-principato-si-riempie-di-bandiere-per-il-centenario-del-principe-ranieri-iii\\\/\"},\"author\":{\"name\":\"Paul Charoy\",\"@id\":\"https:\\\/\\\/www.monaco-tribune.com\\\/it\\\/#\\\/schema\\\/person\\\/c33a9f1bc99ef5a2e07d37c576060b57\"},\"headline\":\"Il Principato si riempie di bandiere per il centenario del Principe Ranieri III\",\"datePublished\":\"2023-05-03T15:15:31+00:00\",\"dateModified\":\"2023-05-03T15:15:47+00:00\",\"mainEntityOfPage\":{\"@id\":\"https:\\\/\\\/www.monaco-tribune.com\\\/it\\\/2023\\\/05\\\/il-principato-si-riempie-di-bandiere-per-il-centenario-del-principe-ranieri-iii\\\/\"},\"wordCount\":297,\"publisher\":{\"@id\":\"https:\\\/\\\/www.monaco-tribune.com\\\/it\\\/#organization\"},\"image\":{\"@id\":\"https:\\\/\\\/www.monaco-tribune.com\\\/it\\\/2023\\\/05\\\/il-principato-si-riempie-di-bandiere-per-il-centenario-del-principe-ranieri-iii\\\/#primaryimage\"},\"thumbnailUrl\":\"https:\\\/\\\/www.monaco-tribune.com\\\/wp-content\\\/uploads\\\/2023\\\/05\\\/pavoisement-drapeaux-monaco.jpg\",\"keywords\":[\"Principe Ranieri III\"],\"articleSection\":[\"Famiglia Principesca\",\"Notizie\"],\"inLanguage\":\"it-IT\",\"copyrightYear\":\"2023\",\"copyrightHolder\":{\"@id\":\"https:\\\/\\\/www.monaco-tribune.com\\\/#organization\"}},{\"@type\":\"WebPage\",\"@id\":\"https:\\\/\\\/www.monaco-tribune.com\\\/it\\\/2023\\\/05\\\/il-principato-si-riempie-di-bandiere-per-il-centenario-del-principe-ranieri-iii\\\/\",\"url\":\"https:\\\/\\\/www.monaco-tribune.com\\\/it\\\/2023\\\/05\\\/il-principato-si-riempie-di-bandiere-per-il-centenario-del-principe-ranieri-iii\\\/\",\"name\":\"Il Principato si riempie di bandiere per il centenario del Principe Ranieri III\",\"isPartOf\":{\"@id\":\"https:\\\/\\\/www.monaco-tribune.com\\\/it\\\/#website\"},\"primaryImageOfPage\":{\"@id\":\"https:\\\/\\\/www.monaco-tribune.com\\\/it\\\/2023\\\/05\\\/il-principato-si-riempie-di-bandiere-per-il-centenario-del-principe-ranieri-iii\\\/#primaryimage\"},\"image\":{\"@id\":\"https:\\\/\\\/www.monaco-tribune.com\\\/it\\\/2023\\\/05\\\/il-principato-si-riempie-di-bandiere-per-il-centenario-del-principe-ranieri-iii\\\/#primaryimage\"},\"thumbnailUrl\":\"https:\\\/\\\/www.monaco-tribune.com\\\/wp-content\\\/uploads\\\/2023\\\/05\\\/pavoisement-drapeaux-monaco.jpg\",\"datePublished\":\"2023-05-03T15:15:31+00:00\",\"dateModified\":\"2023-05-03T15:15:47+00:00\",\"description\":\"Dal 1\u00b0 maggio fino alla fine dell'anno, i monegaschi, i residenti e i commercianti del Principato sono invitati a esporre una bandiera appositamente\",\"breadcrumb\":{\"@id\":\"https:\\\/\\\/www.monaco-tribune.com\\\/it\\\/2023\\\/05\\\/il-principato-si-riempie-di-bandiere-per-il-centenario-del-principe-ranieri-iii\\\/#breadcrumb\"},\"inLanguage\":\"it-IT\",\"potentialAction\":[{\"@type\":\"ReadAction\",\"target\":[\"https:\\\/\\\/www.monaco-tribune.com\\\/it\\\/2023\\\/05\\\/il-principato-si-riempie-di-bandiere-per-il-centenario-del-principe-ranieri-iii\\\/\"]}]},{\"@type\":\"ImageObject\",\"inLanguage\":\"it-IT\",\"@id\":\"https:\\\/\\\/www.monaco-tribune.com\\\/it\\\/2023\\\/05\\\/il-principato-si-riempie-di-bandiere-per-il-centenario-del-principe-ranieri-iii\\\/#primaryimage\",\"url\":\"https:\\\/\\\/www.monaco-tribune.com\\\/wp-content\\\/uploads\\\/2023\\\/05\\\/pavoisement-drapeaux-monaco.jpg\",\"contentUrl\":\"https:\\\/\\\/www.monaco-tribune.com\\\/wp-content\\\/uploads\\\/2023\\\/05\\\/pavoisement-drapeaux-monaco.jpg\",\"width\":1200,\"height\":692,\"caption\":\"Non sar\u00e0 la tradizionale bandiera bianca e rossa ma un'edizione speciale creata appositamente per il centenario del Principe Ranieri III. \u00a9 Monaco Info \\\/ Facebook\"},{\"@type\":\"BreadcrumbList\",\"@id\":\"https:\\\/\\\/www.monaco-tribune.com\\\/it\\\/2023\\\/05\\\/il-principato-si-riempie-di-bandiere-per-il-centenario-del-principe-ranieri-iii\\\/#breadcrumb\",\"itemListElement\":[{\"@type\":\"ListItem\",\"position\":1,\"name\":\"Accueil\",\"item\":\"https:\\\/\\\/www.monaco-tribune.com\\\/it\\\/\"},{\"@type\":\"ListItem\",\"position\":2,\"name\":\"Il Principato si riempie di bandiere per il centenario del Principe Ranieri III\"}]},{\"@type\":\"WebSite\",\"@id\":\"https:\\\/\\\/www.monaco-tribune.com\\\/it\\\/#website\",\"url\":\"https:\\\/\\\/www.monaco-tribune.com\\\/it\\\/\",\"name\":\"Monaco Tribune\",\"description\":\"Monaco : actualit\u00e9s \u00e9conomiques, politiques, culturelles et sportives de Monaco et de la French Riviera.\",\"publisher\":{\"@id\":\"https:\\\/\\\/www.monaco-tribune.com\\\/it\\\/#organization\"},\"potentialAction\":[{\"@type\":\"SearchAction\",\"target\":{\"@type\":\"EntryPoint\",\"urlTemplate\":\"https:\\\/\\\/www.monaco-tribune.com\\\/it\\\/?s={search_term_string}\"},\"query-input\":{\"@type\":\"PropertyValueSpecification\",\"valueRequired\":true,\"valueName\":\"search_term_string\"}}],\"inLanguage\":\"it-IT\"},{\"@type\":\"Organization\",\"@id\":\"https:\\\/\\\/www.monaco-tribune.com\\\/it\\\/#organization\",\"name\":\"Monaco Tribune\",\"url\":\"https:\\\/\\\/www.monaco-tribune.com\\\/it\\\/\",\"logo\":{\"@type\":\"ImageObject\",\"inLanguage\":\"it-IT\",\"@id\":\"https:\\\/\\\/www.monaco-tribune.com\\\/it\\\/#\\\/schema\\\/logo\\\/image\\\/\",\"url\":\"https:\\\/\\\/www.monaco-tribune.com\\\/wp-content\\\/uploads\\\/2022\\\/11\\\/logo-monaco-tribune.png\",\"contentUrl\":\"https:\\\/\\\/www.monaco-tribune.com\\\/wp-content\\\/uploads\\\/2022\\\/11\\\/logo-monaco-tribune.png\",\"width\":1548,\"height\":600,\"caption\":\"Monaco Tribune\"},\"image\":{\"@id\":\"https:\\\/\\\/www.monaco-tribune.com\\\/it\\\/#\\\/schema\\\/logo\\\/image\\\/\"},\"sameAs\":[\"https:\\\/\\\/www.facebook.com\\\/MonacoTribune\",\"https:\\\/\\\/x.com\\\/MonacoTribune\",\"https:\\\/\\\/www.instagram.com\\\/monacotribune\\\/\",\"https:\\\/\\\/www.linkedin.com\\\/company\\\/monaco-tribune\",\"https:\\\/\\\/www.youtube.com\\\/channel\\\/UCHle1MnG6hw1y4lWKijVbMA\"]},{\"@type\":\"Person\",\"@id\":\"https:\\\/\\\/www.monaco-tribune.com\\\/it\\\/#\\\/schema\\\/person\\\/c33a9f1bc99ef5a2e07d37c576060b57\",\"name\":\"Paul Charoy\",\"image\":{\"@type\":\"ImageObject\",\"inLanguage\":\"it-IT\",\"@id\":\"https:\\\/\\\/secure.gravatar.com\\\/avatar\\\/c3a39fd900275d54a628738568f1949e90ce9945d105d000228335a7bad64b38?s=96&d=mm&r=g\",\"url\":\"https:\\\/\\\/secure.gravatar.com\\\/avatar\\\/c3a39fd900275d54a628738568f1949e90ce9945d105d000228335a7bad64b38?s=96&d=mm&r=g\",\"contentUrl\":\"https:\\\/\\\/secure.gravatar.com\\\/avatar\\\/c3a39fd900275d54a628738568f1949e90ce9945d105d000228335a7bad64b38?s=96&d=mm&r=g\",\"caption\":\"Paul Charoy\"},\"url\":\"https:\\\/\\\/www.monaco-tribune.com\\\/it\\\/author\\\/paulcharoy\\\/\"}]}<\/script>\n<!-- \/ Yoast SEO Premium plugin. -->","yoast_head_json":{"title":"Il Principato si riempie di bandiere per il centenario del Principe Ranieri III","description":"Dal 1\u00b0 maggio fino alla fine dell'anno, i monegaschi, i residenti e i commercianti del Principato sono invitati a esporre una bandiera appositamente","robots":{"index":"index","follow":"follow","max-snippet":"max-snippet:-1","max-image-preview":"max-image-preview:large","max-video-preview":"max-video-preview:-1"},"canonical":"https:\/\/www.monaco-tribune.com\/it\/2023\/05\/il-principato-si-riempie-di-bandiere-per-il-centenario-del-principe-ranieri-iii\/","og_locale":"it_IT","og_type":"article","og_title":"Il Principato si riempie di bandiere per il centenario del Principe Ranieri III - Monaco Tribune","og_description":"Dal 1\u00b0 maggio fino alla fine dell'anno, i monegaschi, i residenti e i commercianti del Principato sono invitati a esporre una bandiera appositamente","og_url":"https:\/\/www.monaco-tribune.com\/it\/2023\/05\/il-principato-si-riempie-di-bandiere-per-il-centenario-del-principe-ranieri-iii\/","og_site_name":"Monaco Tribune","article_publisher":"https:\/\/www.facebook.com\/MonacoTribune","article_published_time":"2023-05-03T15:15:31+00:00","article_modified_time":"2023-05-03T15:15:47+00:00","og_image":[{"width":1200,"height":692,"url":"https:\/\/www.monaco-tribune.com\/wp-content\/uploads\/2023\/05\/pavoisement-drapeaux-monaco.jpg","type":"image\/jpeg"}],"author":"Paul Charoy","twitter_card":"summary_large_image","twitter_creator":"@MonacoTribune","twitter_site":"@MonacoTribune","schema":{"@context":"https:\/\/schema.org","@graph":[{"@type":"NewsArticle","@id":"https:\/\/www.monaco-tribune.com\/it\/2023\/05\/il-principato-si-riempie-di-bandiere-per-il-centenario-del-principe-ranieri-iii\/#article","isPartOf":{"@id":"https:\/\/www.monaco-tribune.com\/it\/2023\/05\/il-principato-si-riempie-di-bandiere-per-il-centenario-del-principe-ranieri-iii\/"},"author":{"name":"Paul Charoy","@id":"https:\/\/www.monaco-tribune.com\/it\/#\/schema\/person\/c33a9f1bc99ef5a2e07d37c576060b57"},"headline":"Il Principato si riempie di bandiere per il centenario del Principe Ranieri III","datePublished":"2023-05-03T15:15:31+00:00","dateModified":"2023-05-03T15:15:47+00:00","mainEntityOfPage":{"@id":"https:\/\/www.monaco-tribune.com\/it\/2023\/05\/il-principato-si-riempie-di-bandiere-per-il-centenario-del-principe-ranieri-iii\/"},"wordCount":297,"publisher":{"@id":"https:\/\/www.monaco-tribune.com\/it\/#organization"},"image":{"@id":"https:\/\/www.monaco-tribune.com\/it\/2023\/05\/il-principato-si-riempie-di-bandiere-per-il-centenario-del-principe-ranieri-iii\/#primaryimage"},"thumbnailUrl":"https:\/\/www.monaco-tribune.com\/wp-content\/uploads\/2023\/05\/pavoisement-drapeaux-monaco.jpg","keywords":["Principe Ranieri III"],"articleSection":["Famiglia Principesca","Notizie"],"inLanguage":"it-IT","copyrightYear":"2023","copyrightHolder":{"@id":"https:\/\/www.monaco-tribune.com\/#organization"}},{"@type":"WebPage","@id":"https:\/\/www.monaco-tribune.com\/it\/2023\/05\/il-principato-si-riempie-di-bandiere-per-il-centenario-del-principe-ranieri-iii\/","url":"https:\/\/www.monaco-tribune.com\/it\/2023\/05\/il-principato-si-riempie-di-bandiere-per-il-centenario-del-principe-ranieri-iii\/","name":"Il Principato si riempie di bandiere per il centenario del Principe Ranieri III","isPartOf":{"@id":"https:\/\/www.monaco-tribune.com\/it\/#website"},"primaryImageOfPage":{"@id":"https:\/\/www.monaco-tribune.com\/it\/2023\/05\/il-principato-si-riempie-di-bandiere-per-il-centenario-del-principe-ranieri-iii\/#primaryimage"},"image":{"@id":"https:\/\/www.monaco-tribune.com\/it\/2023\/05\/il-principato-si-riempie-di-bandiere-per-il-centenario-del-principe-ranieri-iii\/#primaryimage"},"thumbnailUrl":"https:\/\/www.monaco-tribune.com\/wp-content\/uploads\/2023\/05\/pavoisement-drapeaux-monaco.jpg","datePublished":"2023-05-03T15:15:31+00:00","dateModified":"2023-05-03T15:15:47+00:00","description":"Dal 1\u00b0 maggio fino alla fine dell'anno, i monegaschi, i residenti e i commercianti del Principato sono invitati a esporre una bandiera appositamente","breadcrumb":{"@id":"https:\/\/www.monaco-tribune.com\/it\/2023\/05\/il-principato-si-riempie-di-bandiere-per-il-centenario-del-principe-ranieri-iii\/#breadcrumb"},"inLanguage":"it-IT","potentialAction":[{"@type":"ReadAction","target":["https:\/\/www.monaco-tribune.com\/it\/2023\/05\/il-principato-si-riempie-di-bandiere-per-il-centenario-del-principe-ranieri-iii\/"]}]},{"@type":"ImageObject","inLanguage":"it-IT","@id":"https:\/\/www.monaco-tribune.com\/it\/2023\/05\/il-principato-si-riempie-di-bandiere-per-il-centenario-del-principe-ranieri-iii\/#primaryimage","url":"https:\/\/www.monaco-tribune.com\/wp-content\/uploads\/2023\/05\/pavoisement-drapeaux-monaco.jpg","contentUrl":"https:\/\/www.monaco-tribune.com\/wp-content\/uploads\/2023\/05\/pavoisement-drapeaux-monaco.jpg","width":1200,"height":692,"caption":"Non sar\u00e0 la tradizionale bandiera bianca e rossa ma un'edizione speciale creata appositamente per il centenario del Principe Ranieri III. \u00a9 Monaco Info \/ Facebook"},{"@type":"BreadcrumbList","@id":"https:\/\/www.monaco-tribune.com\/it\/2023\/05\/il-principato-si-riempie-di-bandiere-per-il-centenario-del-principe-ranieri-iii\/#breadcrumb","itemListElement":[{"@type":"ListItem","position":1,"name":"Accueil","item":"https:\/\/www.monaco-tribune.com\/it\/"},{"@type":"ListItem","position":2,"name":"Il Principato si riempie di bandiere per il centenario del Principe Ranieri III"}]},{"@type":"WebSite","@id":"https:\/\/www.monaco-tribune.com\/it\/#website","url":"https:\/\/www.monaco-tribune.com\/it\/","name":"Monaco Tribune","description":"Monaco : actualit\u00e9s \u00e9conomiques, politiques, culturelles et sportives de Monaco et de la French Riviera.","publisher":{"@id":"https:\/\/www.monaco-tribune.com\/it\/#organization"},"potentialAction":[{"@type":"SearchAction","target":{"@type":"EntryPoint","urlTemplate":"https:\/\/www.monaco-tribune.com\/it\/?s={search_term_string}"},"query-input":{"@type":"PropertyValueSpecification","valueRequired":true,"valueName":"search_term_string"}}],"inLanguage":"it-IT"},{"@type":"Organization","@id":"https:\/\/www.monaco-tribune.com\/it\/#organization","name":"Monaco Tribune","url":"https:\/\/www.monaco-tribune.com\/it\/","logo":{"@type":"ImageObject","inLanguage":"it-IT","@id":"https:\/\/www.monaco-tribune.com\/it\/#\/schema\/logo\/image\/","url":"https:\/\/www.monaco-tribune.com\/wp-content\/uploads\/2022\/11\/logo-monaco-tribune.png","contentUrl":"https:\/\/www.monaco-tribune.com\/wp-content\/uploads\/2022\/11\/logo-monaco-tribune.png","width":1548,"height":600,"caption":"Monaco Tribune"},"image":{"@id":"https:\/\/www.monaco-tribune.com\/it\/#\/schema\/logo\/image\/"},"sameAs":["https:\/\/www.facebook.com\/MonacoTribune","https:\/\/x.com\/MonacoTribune","https:\/\/www.instagram.com\/monacotribune\/","https:\/\/www.linkedin.com\/company\/monaco-tribune","https:\/\/www.youtube.com\/channel\/UCHle1MnG6hw1y4lWKijVbMA"]},{"@type":"Person","@id":"https:\/\/www.monaco-tribune.com\/it\/#\/schema\/person\/c33a9f1bc99ef5a2e07d37c576060b57","name":"Paul Charoy","image":{"@type":"ImageObject","inLanguage":"it-IT","@id":"https:\/\/secure.gravatar.com\/avatar\/c3a39fd900275d54a628738568f1949e90ce9945d105d000228335a7bad64b38?s=96&d=mm&r=g","url":"https:\/\/secure.gravatar.com\/avatar\/c3a39fd900275d54a628738568f1949e90ce9945d105d000228335a7bad64b38?s=96&d=mm&r=g","contentUrl":"https:\/\/secure.gravatar.com\/avatar\/c3a39fd900275d54a628738568f1949e90ce9945d105d000228335a7bad64b38?s=96&d=mm&r=g","caption":"Paul Charoy"},"url":"https:\/\/www.monaco-tribune.com\/it\/author\/paulcharoy\/"}]}},"_links":{"self":[{"href":"https:\/\/www.monaco-tribune.com\/it\/wp-json\/wp\/v2\/posts\/175192","targetHints":{"allow":["GET"]}}],"collection":[{"href":"https:\/\/www.monaco-tribune.com\/it\/wp-json\/wp\/v2\/posts"}],"about":[{"href":"https:\/\/www.monaco-tribune.com\/it\/wp-json\/wp\/v2\/types\/post"}],"author":[{"embeddable":true,"href":"https:\/\/www.monaco-tribune.com\/it\/wp-json\/wp\/v2\/users\/65"}],"replies":[{"embeddable":true,"href":"https:\/\/www.monaco-tribune.com\/it\/wp-json\/wp\/v2\/comments?post=175192"}],"version-history":[{"count":0,"href":"https:\/\/www.monaco-tribune.com\/it\/wp-json\/wp\/v2\/posts\/175192\/revisions"}],"wp:featuredmedia":[{"embeddable":true,"href":"https:\/\/www.monaco-tribune.com\/it\/wp-json\/wp\/v2\/media\/174873"}],"wp:attachment":[{"href":"https:\/\/www.monaco-tribune.com\/it\/wp-json\/wp\/v2\/media?parent=175192"}],"wp:term":[{"taxonomy":"category","embeddable":true,"href":"https:\/\/www.monaco-tribune.com\/it\/wp-json\/wp\/v2\/categories?post=175192"},{"taxonomy":"post_tag","embeddable":true,"href":"https:\/\/www.monaco-tribune.com\/it\/wp-json\/wp\/v2\/tags?post=175192"},{"taxonomy":"sectag","embeddable":true,"href":"https:\/\/www.monaco-tribune.com\/it\/wp-json\/wp\/v2\/post_sectags?post=175192"},{"taxonomy":"format","embeddable":true,"href":"https:\/\/www.monaco-tribune.com\/it\/wp-json\/wp\/v2\/post_format?post=175192"}],"curies":[{"name":"wp","href":"https:\/\/api.w.org\/{rel}","templated":true}]}}