{"id":175939,"date":"2023-05-10T12:38:09","date_gmt":"2023-05-10T10:38:09","guid":{"rendered":"https:\/\/www.monaco-tribune.com\/2023\/05\/top-marques-torna-nel-2023-con-qualche-novita\/"},"modified":"2023-05-10T12:38:32","modified_gmt":"2023-05-10T10:38:32","slug":"top-marques-torna-nel-2023-con-qualche-novita","status":"publish","type":"post","link":"https:\/\/www.monaco-tribune.com\/it\/2023\/05\/top-marques-torna-nel-2023-con-qualche-novita\/","title":{"rendered":"Top Marques torna nel 2023 con qualche novit\u00e0"},"content":{"rendered":"\n<p><strong>\u00c8 nel cuore del Caf\u00e9 de la Rotonde del Casin\u00f2 di Monte-Carlo che \u00e8 stata presentata la 18\u00aa edizione di Top Marques.<\/strong><\/p>\n\n<p>&#8220;Dopo il successo della 17\u00aa edizione, volevamo offrirvi un&#8217;edizione ancora pi\u00f9 ricca, pi\u00f9 straordinaria, con ancora pi\u00f9 supercar, auto da collezione, innovazioni tecnologiche e veicoli &#8220;green&#8221; rispetto al 2022&#8243;. \u00c8 cos\u00ec che Salim Zeghdar, CEO di Top Marques, ha aperto la conferenza stampa per presentare le novit\u00e0 di uno degli eventi pi\u00f9 importanti del Principato.<\/p>\n\n<p>Quest&#8217;anno, dal 7 all&#8217;11 giugno al Grimaldi Forum di Monaco si attendono un centinaio di espositori provenienti da tutto il mondo. Ancora una volta troverete decine di veicoli, dalle supercar alle auto da collezione, passando dalle barche alle moto, senza dimenticare orologi e gioielli.<\/p>\n<div class=\"wp-block-image\">\n<figure class=\"aligncenter size-large\"><img loading=\"lazy\" decoding=\"async\" width=\"1024\" height=\"593\" src=\"https:\/\/www.monaco-tribune.com\/wp-content\/uploads\/2023\/05\/quarkuss-supercar-compressed-1024x593.jpg\" alt=\"\" class=\"wp-image-175725\" srcset=\"https:\/\/www.monaco-tribune.com\/wp-content\/uploads\/2023\/05\/quarkuss-supercar-compressed-1024x593.jpg 1024w, https:\/\/www.monaco-tribune.com\/wp-content\/uploads\/2023\/05\/quarkuss-supercar-compressed-518x300.jpg 518w, https:\/\/www.monaco-tribune.com\/wp-content\/uploads\/2023\/05\/quarkuss-supercar-compressed.jpg 2000w\" sizes=\"auto, (max-width: 1024px) 100vw, 1024px\" \/><figcaption class=\"wp-element-caption\"><em>Al salone saranno presenti nuovi marchi, come Quarkuss, un&#8217;azienda francese che presenter\u00e0 il suo ultimo prototipo. \u00a9\u00a0Top Marques<\/em><\/figcaption><\/figure>\n<\/div>\n<h2 class=\"wp-block-heading\"><strong>La prima vendita all&#8217;asta<\/strong><\/h2>\n\n<p>Una delle grandi novit\u00e0 di questa 18\u00aa edizione \u00e8 la vendita all&#8217;asta che si terr\u00e0 gioved\u00ec 8 giugno. Guidata da Monaco Car Auction, che terr\u00e0 qui la sua prima asta, la vendita sar\u00e0 incentrata sul marchio italiano Ferrari. &#8220;Il mio desiderio era quello di organizzare un&#8217;asta. Lo faremo quest&#8217;anno (&#8230;) e per i prossimi tre anni ci sar\u00e0 una vendita a tema&#8221;, ha dichiarato soddisfatto Salim Zeghdar.<\/p>\n\n<h2 class=\"wp-block-heading\" id=\"h-6-lancements-mondiaux\">6 lanci mondiali<\/h2>\n\n<p>Ogni anno, Top Marques ospita una serie di veicoli in anteprima mondiale. \u00c8 proprio sul suolo monegasco infatti che alcuni marchi svelano le loro ultime creazioni. Nel 2023 sono previsti sei lanci mondiali: il veicolo lunare Flex di Venturi, che arriver\u00e0 sulla luna nel 2026 grazie a SpaceX, un e-roadster elettrico senza batteria, una novit\u00e0 assoluta, la nuovissima Dallara Stradale, il modello IR8 Tribute e due Ford Broncos Restomod presentate da V\u00e9locity. L&#8217;ultima esclusiva \u00e8 ancora segreta, anche se sappiamo che sar\u00e0 presentata da un costruttore europeo. <\/p>\n\n<figure class=\"wp-block-gallery has-nested-images columns-1 is-cropped wp-block-gallery-1 is-layout-flex wp-block-gallery-is-layout-flex\">\n<figure class=\"wp-block-image size-large\"><img loading=\"lazy\" decoding=\"async\" width=\"1024\" height=\"554\" data-id=\"175734\" src=\"https:\/\/www.monaco-tribune.com\/wp-content\/uploads\/2023\/05\/quantino-twentyfive-by-nanoflowcell-compressed-1024x554.jpg\" alt=\"\" class=\"wp-image-175734\" srcset=\"https:\/\/www.monaco-tribune.com\/wp-content\/uploads\/2023\/05\/quantino-twentyfive-by-nanoflowcell-compressed-1024x554.jpg 1024w, https:\/\/www.monaco-tribune.com\/wp-content\/uploads\/2023\/05\/quantino-twentyfive-by-nanoflowcell-compressed-555x300.jpg 555w, https:\/\/www.monaco-tribune.com\/wp-content\/uploads\/2023\/05\/quantino-twentyfive-by-nanoflowcell-compressed.jpg 2000w\" sizes=\"auto, (max-width: 1024px) 100vw, 1024px\" \/><\/figure>\n\n\n\n<figure class=\"wp-block-image size-large\"><img decoding=\"async\" data-id=\"175738\" src=\"https:\/\/www.monaco-tribune.com\/wp-content\/uploads\/2023\/05\/flex-rover-action-&#xA9;-venturi-1024x642.jpg\" alt=\"\" class=\"wp-image-175738\"\/><\/figure>\n<\/figure>\n\n<ul class=\"wp-block-list\">\n<li><em>La Quantino twentyfive, l&#8217;e-roadster elettrico senza batteria e il Rover Flex di Venturi. \u00a9\u00a0<\/em>Top Marques<\/li>\n<\/ul>\n\n<h2 class=\"wp-block-heading\">GMK, concorsi, progetto Lego&#8230;<\/h2>\n\n<p>L&#8217;evento continua e si arricchisce di contenuti. L&#8217;influencer GMK resta l&#8217;ambasciatore dell&#8217;evento e sar\u00e0 presente il 10 giugno per una sessione di autografi. Sveler\u00e0 anche un gioiellino: per citare le sue parole &#8220;la moto pi\u00f9 potente del mondo&#8221;.<\/p>\n\n<p>Si potr\u00e0 partecipare a diversi concorsi: in palio delle scarpe da ginnastica (collab&#8217; GMK x Top Marques), oppure un corso di vela e una patente nautica con il concorso di disegno sulla &#8220;mobilit\u00e0 di domani&#8221;, riservato ai bambini del Principato di et\u00e0 compresa tra i 7 e i 17 anni e organizzato dallo Yacht Club de Monaco in collaborazione con il Dipartimento nazionale dell&#8217;istruzione. I pi\u00f9 piccoli (e non solo) potranno prendere parte a laboratori Lego sul tema dell&#8217;automobile. &#8220;Per chi vuole costruire l&#8217;auto dei propri sogni con i lego&#8221;, sorride il CEO di Top Marques.<\/p>\n\n<p>Per quanto riguarda i veicoli, potrete contare soprattutto sulla presenza\u00a0di moto e auto d&#8217;epoca, senza dimenticare le novit\u00e0 come l&#8217;ultima versione dell&#8217;auto volante di MC Clic, <a href=\"https:\/\/www.monaco-tribune.com\/2022\/06\/le-prince-albert-ii-au-volant-des-vehicules-de-top-marques\/\">su cui ha viaggiato lo scorso anno il Principe Alberto II<\/a>.<\/p>\n\n<p><strong>Info pratiche<\/strong><\/p>\n\n<ul class=\"wp-block-list\">\n<li><strong>8,9,10 giugno:<\/strong> dalle 10:00 alle 19:00<\/li>\n\n\n\n<li><strong>11 giugno:<\/strong> dalle 10:00 alle 18:00<\/li>\n\n\n\n<li>I prezzi giornalieri li trovate <a href=\"https:\/\/www.topmarquesmonaco.com\/tickets-journaliers\/\">su questa pagina<\/a>.<\/li>\n<\/ul>\n","protected":false},"excerpt":{"rendered":"<p>\u00c8 nel cuore del Caf\u00e9 de la Rotonde del Casin\u00f2 di Monte-Carlo che \u00e8 stata presentata la 18\u00aa edizione di [&hellip;]<\/p>\n","protected":false},"author":65,"featured_media":126321,"comment_status":"closed","ping_status":"closed","sticky":false,"template":"","format":"standard","meta":{"_acf_changed":false,"footnotes":""},"categories":[1739,1738],"tags":[2890],"post_sectags":[3866],"post_format":[2486],"class_list":["post-175939","post","type-post","status-publish","format-standard","has-post-thumbnail","hentry","category-business-it","category-notizie","tag-eventi","sectag-top-marques-it","format-servizio"],"acf":[],"yoast_head":"<!-- This site is optimized with the Yoast SEO Premium plugin v26.8 (Yoast SEO v27.5) - https:\/\/yoast.com\/product\/yoast-seo-premium-wordpress\/ -->\n<title>Top Marques torna nel 2023 con qualche novit\u00e0<\/title>\n<meta name=\"description\" content=\"\u00c8 nel cuore del Caf\u00e9 de la Rotonde del Casin\u00f2 di Monte-Carlo che \u00e8 stata presentata la 18\u00aa edizione di Top Marques. &quot;Dopo il successo della 17\u00aa edizione,\" \/>\n<meta name=\"robots\" content=\"index, follow, max-snippet:-1, max-image-preview:large, max-video-preview:-1\" \/>\n<link rel=\"canonical\" href=\"https:\/\/www.monaco-tribune.com\/it\/2023\/05\/top-marques-torna-nel-2023-con-qualche-novita\/\" \/>\n<meta property=\"og:locale\" content=\"it_IT\" \/>\n<meta property=\"og:type\" content=\"article\" \/>\n<meta property=\"og:title\" content=\"Top Marques torna nel 2023 con qualche novit\u00e0 - Monaco Tribune\" \/>\n<meta property=\"og:description\" content=\"\u00c8 nel cuore del Caf\u00e9 de la Rotonde del Casin\u00f2 di Monte-Carlo che \u00e8 stata presentata la 18\u00aa edizione di Top Marques. &quot;Dopo il successo della 17\u00aa edizione,\" \/>\n<meta property=\"og:url\" content=\"https:\/\/www.monaco-tribune.com\/it\/2023\/05\/top-marques-torna-nel-2023-con-qualche-novita\/\" \/>\n<meta property=\"og:site_name\" content=\"Monaco Tribune\" \/>\n<meta property=\"article:publisher\" content=\"https:\/\/www.facebook.com\/MonacoTribune\" \/>\n<meta property=\"article:published_time\" content=\"2023-05-10T10:38:09+00:00\" \/>\n<meta property=\"article:modified_time\" content=\"2023-05-10T10:38:32+00:00\" \/>\n<meta property=\"og:image\" content=\"https:\/\/www.monaco-tribune.com\/wp-content\/uploads\/2022\/06\/287734692_5518875194842957_170481082336739652_n-e1655368065978.jpg\" \/>\n\t<meta property=\"og:image:width\" content=\"1439\" \/>\n\t<meta property=\"og:image:height\" content=\"885\" \/>\n\t<meta property=\"og:image:type\" content=\"image\/jpeg\" \/>\n<meta name=\"author\" content=\"Paul Charoy\" \/>\n<meta name=\"twitter:card\" content=\"summary_large_image\" \/>\n<meta name=\"twitter:creator\" content=\"@MonacoTribune\" \/>\n<meta name=\"twitter:site\" content=\"@MonacoTribune\" \/>\n<script type=\"application\/ld+json\" class=\"yoast-schema-graph\">{\"@context\":\"https:\\\/\\\/schema.org\",\"@graph\":[{\"@type\":\"NewsArticle\",\"@id\":\"https:\\\/\\\/www.monaco-tribune.com\\\/it\\\/2023\\\/05\\\/top-marques-torna-nel-2023-con-qualche-novita\\\/#article\",\"isPartOf\":{\"@id\":\"https:\\\/\\\/www.monaco-tribune.com\\\/it\\\/2023\\\/05\\\/top-marques-torna-nel-2023-con-qualche-novita\\\/\"},\"author\":{\"name\":\"Paul Charoy\",\"@id\":\"https:\\\/\\\/www.monaco-tribune.com\\\/it\\\/#\\\/schema\\\/person\\\/c33a9f1bc99ef5a2e07d37c576060b57\"},\"headline\":\"Top Marques torna nel 2023 con qualche novit\u00e0\",\"datePublished\":\"2023-05-10T10:38:09+00:00\",\"dateModified\":\"2023-05-10T10:38:32+00:00\",\"mainEntityOfPage\":{\"@id\":\"https:\\\/\\\/www.monaco-tribune.com\\\/it\\\/2023\\\/05\\\/top-marques-torna-nel-2023-con-qualche-novita\\\/\"},\"wordCount\":515,\"publisher\":{\"@id\":\"https:\\\/\\\/www.monaco-tribune.com\\\/it\\\/#organization\"},\"image\":{\"@id\":\"https:\\\/\\\/www.monaco-tribune.com\\\/it\\\/2023\\\/05\\\/top-marques-torna-nel-2023-con-qualche-novita\\\/#primaryimage\"},\"thumbnailUrl\":\"https:\\\/\\\/www.monaco-tribune.com\\\/wp-content\\\/uploads\\\/2022\\\/06\\\/287734692_5518875194842957_170481082336739652_n-e1655368065978.jpg\",\"keywords\":[\"Eventi\"],\"articleSection\":[\"Business\",\"Notizie\"],\"inLanguage\":\"it-IT\",\"copyrightYear\":\"2023\",\"copyrightHolder\":{\"@id\":\"https:\\\/\\\/www.monaco-tribune.com\\\/#organization\"}},{\"@type\":\"WebPage\",\"@id\":\"https:\\\/\\\/www.monaco-tribune.com\\\/it\\\/2023\\\/05\\\/top-marques-torna-nel-2023-con-qualche-novita\\\/\",\"url\":\"https:\\\/\\\/www.monaco-tribune.com\\\/it\\\/2023\\\/05\\\/top-marques-torna-nel-2023-con-qualche-novita\\\/\",\"name\":\"Top Marques torna nel 2023 con qualche novit\u00e0\",\"isPartOf\":{\"@id\":\"https:\\\/\\\/www.monaco-tribune.com\\\/it\\\/#website\"},\"primaryImageOfPage\":{\"@id\":\"https:\\\/\\\/www.monaco-tribune.com\\\/it\\\/2023\\\/05\\\/top-marques-torna-nel-2023-con-qualche-novita\\\/#primaryimage\"},\"image\":{\"@id\":\"https:\\\/\\\/www.monaco-tribune.com\\\/it\\\/2023\\\/05\\\/top-marques-torna-nel-2023-con-qualche-novita\\\/#primaryimage\"},\"thumbnailUrl\":\"https:\\\/\\\/www.monaco-tribune.com\\\/wp-content\\\/uploads\\\/2022\\\/06\\\/287734692_5518875194842957_170481082336739652_n-e1655368065978.jpg\",\"datePublished\":\"2023-05-10T10:38:09+00:00\",\"dateModified\":\"2023-05-10T10:38:32+00:00\",\"description\":\"\u00c8 nel cuore del Caf\u00e9 de la Rotonde del Casin\u00f2 di Monte-Carlo che \u00e8 stata presentata la 18\u00aa edizione di Top Marques. \\\"Dopo il successo della 17\u00aa edizione,\",\"breadcrumb\":{\"@id\":\"https:\\\/\\\/www.monaco-tribune.com\\\/it\\\/2023\\\/05\\\/top-marques-torna-nel-2023-con-qualche-novita\\\/#breadcrumb\"},\"inLanguage\":\"it-IT\",\"potentialAction\":[{\"@type\":\"ReadAction\",\"target\":[\"https:\\\/\\\/www.monaco-tribune.com\\\/it\\\/2023\\\/05\\\/top-marques-torna-nel-2023-con-qualche-novita\\\/\"]}]},{\"@type\":\"ImageObject\",\"inLanguage\":\"it-IT\",\"@id\":\"https:\\\/\\\/www.monaco-tribune.com\\\/it\\\/2023\\\/05\\\/top-marques-torna-nel-2023-con-qualche-novita\\\/#primaryimage\",\"url\":\"https:\\\/\\\/www.monaco-tribune.com\\\/wp-content\\\/uploads\\\/2022\\\/06\\\/287734692_5518875194842957_170481082336739652_n-e1655368065978.jpg\",\"contentUrl\":\"https:\\\/\\\/www.monaco-tribune.com\\\/wp-content\\\/uploads\\\/2022\\\/06\\\/287734692_5518875194842957_170481082336739652_n-e1655368065978.jpg\",\"width\":1100,\"height\":677,\"caption\":\"L'evento si svolger\u00e0 dal 7 all'11 giugno 2023 presso il Grimaldi Forum di Monaco. \u00a9Top Marques \\\/ Facebook\"},{\"@type\":\"BreadcrumbList\",\"@id\":\"https:\\\/\\\/www.monaco-tribune.com\\\/it\\\/2023\\\/05\\\/top-marques-torna-nel-2023-con-qualche-novita\\\/#breadcrumb\",\"itemListElement\":[{\"@type\":\"ListItem\",\"position\":1,\"name\":\"Accueil\",\"item\":\"https:\\\/\\\/www.monaco-tribune.com\\\/it\\\/\"},{\"@type\":\"ListItem\",\"position\":2,\"name\":\"Top Marques torna nel 2023 con qualche novit\u00e0\"}]},{\"@type\":\"WebSite\",\"@id\":\"https:\\\/\\\/www.monaco-tribune.com\\\/it\\\/#website\",\"url\":\"https:\\\/\\\/www.monaco-tribune.com\\\/it\\\/\",\"name\":\"Monaco Tribune\",\"description\":\"Monaco : actualit\u00e9s \u00e9conomiques, politiques, culturelles et sportives de Monaco et de la French Riviera.\",\"publisher\":{\"@id\":\"https:\\\/\\\/www.monaco-tribune.com\\\/it\\\/#organization\"},\"potentialAction\":[{\"@type\":\"SearchAction\",\"target\":{\"@type\":\"EntryPoint\",\"urlTemplate\":\"https:\\\/\\\/www.monaco-tribune.com\\\/it\\\/?s={search_term_string}\"},\"query-input\":{\"@type\":\"PropertyValueSpecification\",\"valueRequired\":true,\"valueName\":\"search_term_string\"}}],\"inLanguage\":\"it-IT\"},{\"@type\":\"Organization\",\"@id\":\"https:\\\/\\\/www.monaco-tribune.com\\\/it\\\/#organization\",\"name\":\"Monaco Tribune\",\"url\":\"https:\\\/\\\/www.monaco-tribune.com\\\/it\\\/\",\"logo\":{\"@type\":\"ImageObject\",\"inLanguage\":\"it-IT\",\"@id\":\"https:\\\/\\\/www.monaco-tribune.com\\\/it\\\/#\\\/schema\\\/logo\\\/image\\\/\",\"url\":\"https:\\\/\\\/www.monaco-tribune.com\\\/wp-content\\\/uploads\\\/2022\\\/11\\\/logo-monaco-tribune.png\",\"contentUrl\":\"https:\\\/\\\/www.monaco-tribune.com\\\/wp-content\\\/uploads\\\/2022\\\/11\\\/logo-monaco-tribune.png\",\"width\":1548,\"height\":600,\"caption\":\"Monaco Tribune\"},\"image\":{\"@id\":\"https:\\\/\\\/www.monaco-tribune.com\\\/it\\\/#\\\/schema\\\/logo\\\/image\\\/\"},\"sameAs\":[\"https:\\\/\\\/www.facebook.com\\\/MonacoTribune\",\"https:\\\/\\\/x.com\\\/MonacoTribune\",\"https:\\\/\\\/www.instagram.com\\\/monacotribune\\\/\",\"https:\\\/\\\/www.linkedin.com\\\/company\\\/monaco-tribune\",\"https:\\\/\\\/www.youtube.com\\\/channel\\\/UCHle1MnG6hw1y4lWKijVbMA\"]},{\"@type\":\"Person\",\"@id\":\"https:\\\/\\\/www.monaco-tribune.com\\\/it\\\/#\\\/schema\\\/person\\\/c33a9f1bc99ef5a2e07d37c576060b57\",\"name\":\"Paul Charoy\",\"image\":{\"@type\":\"ImageObject\",\"inLanguage\":\"it-IT\",\"@id\":\"https:\\\/\\\/secure.gravatar.com\\\/avatar\\\/c3a39fd900275d54a628738568f1949e90ce9945d105d000228335a7bad64b38?s=96&d=mm&r=g\",\"url\":\"https:\\\/\\\/secure.gravatar.com\\\/avatar\\\/c3a39fd900275d54a628738568f1949e90ce9945d105d000228335a7bad64b38?s=96&d=mm&r=g\",\"contentUrl\":\"https:\\\/\\\/secure.gravatar.com\\\/avatar\\\/c3a39fd900275d54a628738568f1949e90ce9945d105d000228335a7bad64b38?s=96&d=mm&r=g\",\"caption\":\"Paul Charoy\"},\"url\":\"https:\\\/\\\/www.monaco-tribune.com\\\/it\\\/author\\\/paulcharoy\\\/\"}]}<\/script>\n<!-- \/ Yoast SEO Premium plugin. -->","yoast_head_json":{"title":"Top Marques torna nel 2023 con qualche novit\u00e0","description":"\u00c8 nel cuore del Caf\u00e9 de la Rotonde del Casin\u00f2 di Monte-Carlo che \u00e8 stata presentata la 18\u00aa edizione di Top Marques. \"Dopo il successo della 17\u00aa edizione,","robots":{"index":"index","follow":"follow","max-snippet":"max-snippet:-1","max-image-preview":"max-image-preview:large","max-video-preview":"max-video-preview:-1"},"canonical":"https:\/\/www.monaco-tribune.com\/it\/2023\/05\/top-marques-torna-nel-2023-con-qualche-novita\/","og_locale":"it_IT","og_type":"article","og_title":"Top Marques torna nel 2023 con qualche novit\u00e0 - Monaco Tribune","og_description":"\u00c8 nel cuore del Caf\u00e9 de la Rotonde del Casin\u00f2 di Monte-Carlo che \u00e8 stata presentata la 18\u00aa edizione di Top Marques. \"Dopo il successo della 17\u00aa edizione,","og_url":"https:\/\/www.monaco-tribune.com\/it\/2023\/05\/top-marques-torna-nel-2023-con-qualche-novita\/","og_site_name":"Monaco Tribune","article_publisher":"https:\/\/www.facebook.com\/MonacoTribune","article_published_time":"2023-05-10T10:38:09+00:00","article_modified_time":"2023-05-10T10:38:32+00:00","og_image":[{"width":1439,"height":885,"url":"https:\/\/www.monaco-tribune.com\/wp-content\/uploads\/2022\/06\/287734692_5518875194842957_170481082336739652_n-e1655368065978.jpg","type":"image\/jpeg"}],"author":"Paul Charoy","twitter_card":"summary_large_image","twitter_creator":"@MonacoTribune","twitter_site":"@MonacoTribune","schema":{"@context":"https:\/\/schema.org","@graph":[{"@type":"NewsArticle","@id":"https:\/\/www.monaco-tribune.com\/it\/2023\/05\/top-marques-torna-nel-2023-con-qualche-novita\/#article","isPartOf":{"@id":"https:\/\/www.monaco-tribune.com\/it\/2023\/05\/top-marques-torna-nel-2023-con-qualche-novita\/"},"author":{"name":"Paul Charoy","@id":"https:\/\/www.monaco-tribune.com\/it\/#\/schema\/person\/c33a9f1bc99ef5a2e07d37c576060b57"},"headline":"Top Marques torna nel 2023 con qualche novit\u00e0","datePublished":"2023-05-10T10:38:09+00:00","dateModified":"2023-05-10T10:38:32+00:00","mainEntityOfPage":{"@id":"https:\/\/www.monaco-tribune.com\/it\/2023\/05\/top-marques-torna-nel-2023-con-qualche-novita\/"},"wordCount":515,"publisher":{"@id":"https:\/\/www.monaco-tribune.com\/it\/#organization"},"image":{"@id":"https:\/\/www.monaco-tribune.com\/it\/2023\/05\/top-marques-torna-nel-2023-con-qualche-novita\/#primaryimage"},"thumbnailUrl":"https:\/\/www.monaco-tribune.com\/wp-content\/uploads\/2022\/06\/287734692_5518875194842957_170481082336739652_n-e1655368065978.jpg","keywords":["Eventi"],"articleSection":["Business","Notizie"],"inLanguage":"it-IT","copyrightYear":"2023","copyrightHolder":{"@id":"https:\/\/www.monaco-tribune.com\/#organization"}},{"@type":"WebPage","@id":"https:\/\/www.monaco-tribune.com\/it\/2023\/05\/top-marques-torna-nel-2023-con-qualche-novita\/","url":"https:\/\/www.monaco-tribune.com\/it\/2023\/05\/top-marques-torna-nel-2023-con-qualche-novita\/","name":"Top Marques torna nel 2023 con qualche novit\u00e0","isPartOf":{"@id":"https:\/\/www.monaco-tribune.com\/it\/#website"},"primaryImageOfPage":{"@id":"https:\/\/www.monaco-tribune.com\/it\/2023\/05\/top-marques-torna-nel-2023-con-qualche-novita\/#primaryimage"},"image":{"@id":"https:\/\/www.monaco-tribune.com\/it\/2023\/05\/top-marques-torna-nel-2023-con-qualche-novita\/#primaryimage"},"thumbnailUrl":"https:\/\/www.monaco-tribune.com\/wp-content\/uploads\/2022\/06\/287734692_5518875194842957_170481082336739652_n-e1655368065978.jpg","datePublished":"2023-05-10T10:38:09+00:00","dateModified":"2023-05-10T10:38:32+00:00","description":"\u00c8 nel cuore del Caf\u00e9 de la Rotonde del Casin\u00f2 di Monte-Carlo che \u00e8 stata presentata la 18\u00aa edizione di Top Marques. \"Dopo il successo della 17\u00aa edizione,","breadcrumb":{"@id":"https:\/\/www.monaco-tribune.com\/it\/2023\/05\/top-marques-torna-nel-2023-con-qualche-novita\/#breadcrumb"},"inLanguage":"it-IT","potentialAction":[{"@type":"ReadAction","target":["https:\/\/www.monaco-tribune.com\/it\/2023\/05\/top-marques-torna-nel-2023-con-qualche-novita\/"]}]},{"@type":"ImageObject","inLanguage":"it-IT","@id":"https:\/\/www.monaco-tribune.com\/it\/2023\/05\/top-marques-torna-nel-2023-con-qualche-novita\/#primaryimage","url":"https:\/\/www.monaco-tribune.com\/wp-content\/uploads\/2022\/06\/287734692_5518875194842957_170481082336739652_n-e1655368065978.jpg","contentUrl":"https:\/\/www.monaco-tribune.com\/wp-content\/uploads\/2022\/06\/287734692_5518875194842957_170481082336739652_n-e1655368065978.jpg","width":1100,"height":677,"caption":"L'evento si svolger\u00e0 dal 7 all'11 giugno 2023 presso il Grimaldi Forum di Monaco. \u00a9Top Marques \/ Facebook"},{"@type":"BreadcrumbList","@id":"https:\/\/www.monaco-tribune.com\/it\/2023\/05\/top-marques-torna-nel-2023-con-qualche-novita\/#breadcrumb","itemListElement":[{"@type":"ListItem","position":1,"name":"Accueil","item":"https:\/\/www.monaco-tribune.com\/it\/"},{"@type":"ListItem","position":2,"name":"Top Marques torna nel 2023 con qualche novit\u00e0"}]},{"@type":"WebSite","@id":"https:\/\/www.monaco-tribune.com\/it\/#website","url":"https:\/\/www.monaco-tribune.com\/it\/","name":"Monaco Tribune","description":"Monaco : actualit\u00e9s \u00e9conomiques, politiques, culturelles et sportives de Monaco et de la French Riviera.","publisher":{"@id":"https:\/\/www.monaco-tribune.com\/it\/#organization"},"potentialAction":[{"@type":"SearchAction","target":{"@type":"EntryPoint","urlTemplate":"https:\/\/www.monaco-tribune.com\/it\/?s={search_term_string}"},"query-input":{"@type":"PropertyValueSpecification","valueRequired":true,"valueName":"search_term_string"}}],"inLanguage":"it-IT"},{"@type":"Organization","@id":"https:\/\/www.monaco-tribune.com\/it\/#organization","name":"Monaco Tribune","url":"https:\/\/www.monaco-tribune.com\/it\/","logo":{"@type":"ImageObject","inLanguage":"it-IT","@id":"https:\/\/www.monaco-tribune.com\/it\/#\/schema\/logo\/image\/","url":"https:\/\/www.monaco-tribune.com\/wp-content\/uploads\/2022\/11\/logo-monaco-tribune.png","contentUrl":"https:\/\/www.monaco-tribune.com\/wp-content\/uploads\/2022\/11\/logo-monaco-tribune.png","width":1548,"height":600,"caption":"Monaco Tribune"},"image":{"@id":"https:\/\/www.monaco-tribune.com\/it\/#\/schema\/logo\/image\/"},"sameAs":["https:\/\/www.facebook.com\/MonacoTribune","https:\/\/x.com\/MonacoTribune","https:\/\/www.instagram.com\/monacotribune\/","https:\/\/www.linkedin.com\/company\/monaco-tribune","https:\/\/www.youtube.com\/channel\/UCHle1MnG6hw1y4lWKijVbMA"]},{"@type":"Person","@id":"https:\/\/www.monaco-tribune.com\/it\/#\/schema\/person\/c33a9f1bc99ef5a2e07d37c576060b57","name":"Paul Charoy","image":{"@type":"ImageObject","inLanguage":"it-IT","@id":"https:\/\/secure.gravatar.com\/avatar\/c3a39fd900275d54a628738568f1949e90ce9945d105d000228335a7bad64b38?s=96&d=mm&r=g","url":"https:\/\/secure.gravatar.com\/avatar\/c3a39fd900275d54a628738568f1949e90ce9945d105d000228335a7bad64b38?s=96&d=mm&r=g","contentUrl":"https:\/\/secure.gravatar.com\/avatar\/c3a39fd900275d54a628738568f1949e90ce9945d105d000228335a7bad64b38?s=96&d=mm&r=g","caption":"Paul Charoy"},"url":"https:\/\/www.monaco-tribune.com\/it\/author\/paulcharoy\/"}]}},"_links":{"self":[{"href":"https:\/\/www.monaco-tribune.com\/it\/wp-json\/wp\/v2\/posts\/175939","targetHints":{"allow":["GET"]}}],"collection":[{"href":"https:\/\/www.monaco-tribune.com\/it\/wp-json\/wp\/v2\/posts"}],"about":[{"href":"https:\/\/www.monaco-tribune.com\/it\/wp-json\/wp\/v2\/types\/post"}],"author":[{"embeddable":true,"href":"https:\/\/www.monaco-tribune.com\/it\/wp-json\/wp\/v2\/users\/65"}],"replies":[{"embeddable":true,"href":"https:\/\/www.monaco-tribune.com\/it\/wp-json\/wp\/v2\/comments?post=175939"}],"version-history":[{"count":0,"href":"https:\/\/www.monaco-tribune.com\/it\/wp-json\/wp\/v2\/posts\/175939\/revisions"}],"wp:featuredmedia":[{"embeddable":true,"href":"https:\/\/www.monaco-tribune.com\/it\/wp-json\/wp\/v2\/media\/126321"}],"wp:attachment":[{"href":"https:\/\/www.monaco-tribune.com\/it\/wp-json\/wp\/v2\/media?parent=175939"}],"wp:term":[{"taxonomy":"category","embeddable":true,"href":"https:\/\/www.monaco-tribune.com\/it\/wp-json\/wp\/v2\/categories?post=175939"},{"taxonomy":"post_tag","embeddable":true,"href":"https:\/\/www.monaco-tribune.com\/it\/wp-json\/wp\/v2\/tags?post=175939"},{"taxonomy":"sectag","embeddable":true,"href":"https:\/\/www.monaco-tribune.com\/it\/wp-json\/wp\/v2\/post_sectags?post=175939"},{"taxonomy":"format","embeddable":true,"href":"https:\/\/www.monaco-tribune.com\/it\/wp-json\/wp\/v2\/post_format?post=175939"}],"curies":[{"name":"wp","href":"https:\/\/api.w.org\/{rel}","templated":true}]}}