{"id":176381,"date":"2023-05-12T16:05:34","date_gmt":"2023-05-12T14:05:34","guid":{"rendered":"https:\/\/www.monaco-tribune.com\/2023\/05\/restrizioni-sulluso-dellacqua-a-monaco-il-governo-annuncia-nuove-misure\/"},"modified":"2023-05-12T16:07:42","modified_gmt":"2023-05-12T14:07:42","slug":"restrizioni-sulluso-dellacqua-a-monaco-il-governo-annuncia-nuove-misure","status":"publish","type":"post","link":"https:\/\/www.monaco-tribune.com\/it\/2023\/05\/restrizioni-sulluso-dellacqua-a-monaco-il-governo-annuncia-nuove-misure\/","title":{"rendered":"Restrizioni sull&#8217;uso dell&#8217;acqua a Monaco: il governo annuncia nuove misure"},"content":{"rendered":"\n<p><strong>Lavaggio auto, prati, piscine&#8230; Ecco cosa sar\u00e0 vietato a Monaco a partire da sabato 13 maggio.<\/strong><\/p>\n\n<p>Non fatevi ingannare dalle apparenze, una settimana di pioggia non baster\u00e0. Il Principato, cos\u00ec come il vicino dipartimento delle Alpi Marittime, sta attraversando un momento di siccit\u00e0 fuori dal comune, conseguenza diretta del riscaldamento globale. &#8220;Il fenomeno non si limita al nostro territorio&#8221;, ha dichiarato il Ministro di Stato Pierre Dartout alla stampa, che ha convocato nella sua residenza gioved\u00ec 11 maggio. &#8220;La siccit\u00e0 sta colpendo anche la Spagna, l&#8217;Italia e, in generale, tutti i paesi che si affacciano sul Mediterraneo occidentale&#8221;.<\/p>\n\n<p>Ogni Paese ha adottato misure per risparmiare acqua, diventata ormai un bene pi\u00f9 raro. Ora \u00e8 il turno di Monaco di presentare le sue. Sul modello della Francia, <strong>sono stati stabiliti quattro livelli<\/strong>:<\/p>\n\n<p>1. <strong>Vigilanza<\/strong><\/p>\n\n<p>2. <strong>Allerta<\/strong><\/p>\n\n<p>3.<strong> Allerta rafforzata<\/strong><\/p>\n\n<p>4. <strong>Crisi<\/strong><\/p>\n\n<p>Con un&#8217;ordinanza sovrana che sar\u00e0 pubblicata sulla Gazzetta Ufficiale venerd\u00ec 12 maggio, il livello 2, quello di &#8220;allerta&#8221;, sar\u00e0 dichiarato questo fine settimana. <strong>L&#8217;ordinanza impone le seguenti restrizioni a privati e professionisti<\/strong>:<\/p>\n\n<ul class=\"wp-block-list\">\n<li>Il divieto di innaffiare prati, aiuole, fioriere, aree verdi e campi sportivi tra le 8:00 e le 20:00.<\/li>\n\n\n\n<li>Il divieto di lavare imbarcazioni o moto d&#8217;acqua da diporto o professionali al di fuori delle fasce orarie previste.<\/li>\n\n\n\n<li>Divieto assoluto di lavare facciate e automobili<\/li>\n\n\n\n<li>Il divieto di riempire corpi idrici, piscine e spa sia privati che pubblici. Si prega di notare che, per motivi igienici, le docce in spiaggia resteranno comunque disponibili.<\/li>\n\n\n\n<li>Modifiche nella pulizia delle strade da parte della SMA<\/li>\n<\/ul>\n\n<p>Tutte buone abitudini da adottare a lungo termine, visto che, come ha ricordato il Ministro di Stato, &#8220;questo fenomeno di deficit pluviometrico \u00e8 destinato a ripetersi&#8221; e se la situazione dovesse peggiorare nelle prossime settimane o addirittura nei prossimi mesi, le autorit\u00e0 non esiteranno ad attivare il livello 3, l'&#8221;allerta rafforzata&#8221;.<\/p>\n\n<p class=\"related\"><a href=\"https:\/\/www.monaco-tribune.com\/it\/2023\/02\/olivier-wenden-quando-si-tratta-di-ambiente-dobbiamo-rimanere-ottimisti\/\">Olivier Wenden: \u201cQuando si tratta di ambiente, dobbiamo rimanere ottimisti\u201d<\/a><\/p>\n\n<p class=\"related\"><a href=\"https:\/\/www.monaco-tribune.com\/it\/2023\/04\/monaco-dichiara-di-aver-ridotto-il-consumo-dacqua-del-26\/\">Monaco dichiara di aver ridotto il consumo d\u2019acqua del 26%<\/a><\/p>\n\n<p>Come ha sottolineato C\u00e9line Caron-Dagioni, <strong>il 70% dell&#8217;acqua consumata a Monaco proviene da fonti esterne<\/strong>, dalle sorgenti della Roya, della V\u00e9subie e del Var (fiume). Il restante 30% arriva dalle cinque sorgenti del Principato, tenendo presente che di recente ne \u00e8 stata scoperta una sesta che potrebbe essere sfruttata in futuro.<\/p>\n\n<hr class=\"wp-block-separator has-alpha-channel-opacity\"\/>\n\n<p><em>Ma sarebbe possibile dissalare l&#8217;acqua del mare di Monaco?<\/em><\/p>\n\n<p>La dissalazione dell&#8217;acqua, di cui fa largo uso l&#8217;Arabia Saudita, potrebbe essere una soluzione per il Principato? Un&#8217;idea non proprio valida secondo il governo del Principe, che si interroga sulle conseguenze dannose di questa pratica sull&#8217;ambiente.<\/p>\n\n<p>&#8220;La dissalazione consuma molta energia e lo stoccaggio del sale restante rappresenterebbe un problema ambientale. Non vogliamo escludere definitivamente l&#8217;idea, ma per il momento preferiamo concentrarci sul risparmio idrico e sul riutilizzo delle acque reflue&#8221;, afferma il Ministro dei Lavori Pubblici, dell&#8217;Ambiente e dello Sviluppo Urbano, prima di sottolineare che l&#8217;uso personale dei dissalatori \u00e8 severamente vietato.<\/p>\n","protected":false},"excerpt":{"rendered":"<p>Lavaggio auto, prati, piscine&#8230; Ecco cosa sar\u00e0 vietato a Monaco a partire da sabato 13 maggio. Non fatevi ingannare dalle [&hellip;]<\/p>\n","protected":false},"author":69,"featured_media":176225,"comment_status":"closed","ping_status":"closed","sticky":false,"template":"","format":"standard","meta":{"_acf_changed":false,"footnotes":""},"categories":[1826,1738,1752],"tags":[4219],"post_sectags":[],"post_format":[2477],"class_list":["post-176381","post","type-post","status-publish","format-standard","has-post-thumbnail","hentry","category-la-nostra-scelta","category-notizie","category-societa","tag-iniziative","format-info-pratiche"],"acf":[],"yoast_head":"<!-- This site is optimized with the Yoast SEO Premium plugin v26.8 (Yoast SEO v27.5) - https:\/\/yoast.com\/product\/yoast-seo-premium-wordpress\/ -->\n<title>Restrizioni sull&#039;uso dell&#039;acqua a Monaco: il governo annuncia nuove misure<\/title>\n<meta name=\"description\" content=\"Lavaggio auto, prati, piscine... Ecco cosa sar\u00e0 vietato a Monaco a partire da sabato 13 maggio. Non fatevi ingannare dalle apparenze, una settimana di\" \/>\n<meta name=\"robots\" content=\"index, follow, max-snippet:-1, max-image-preview:large, max-video-preview:-1\" \/>\n<link rel=\"canonical\" href=\"https:\/\/www.monaco-tribune.com\/it\/2023\/05\/restrizioni-sulluso-dellacqua-a-monaco-il-governo-annuncia-nuove-misure\/\" \/>\n<meta property=\"og:locale\" content=\"it_IT\" \/>\n<meta property=\"og:type\" content=\"article\" \/>\n<meta property=\"og:title\" content=\"Restrizioni sull&#039;uso dell&#039;acqua a Monaco: il governo annuncia nuove misure - Monaco Tribune\" \/>\n<meta property=\"og:description\" content=\"Lavaggio auto, prati, piscine... Ecco cosa sar\u00e0 vietato a Monaco a partire da sabato 13 maggio. Non fatevi ingannare dalle apparenze, una settimana di\" \/>\n<meta property=\"og:url\" content=\"https:\/\/www.monaco-tribune.com\/it\/2023\/05\/restrizioni-sulluso-dellacqua-a-monaco-il-governo-annuncia-nuove-misure\/\" \/>\n<meta property=\"og:site_name\" content=\"Monaco Tribune\" \/>\n<meta property=\"article:publisher\" content=\"https:\/\/www.facebook.com\/MonacoTribune\" \/>\n<meta property=\"article:published_time\" content=\"2023-05-12T14:05:34+00:00\" \/>\n<meta property=\"article:modified_time\" content=\"2023-05-12T14:07:42+00:00\" \/>\n<meta property=\"og:image\" content=\"https:\/\/www.monaco-tribune.com\/wp-content\/uploads\/2023\/05\/arrosage.jpg\" \/>\n\t<meta property=\"og:image:width\" content=\"1200\" \/>\n\t<meta property=\"og:image:height\" content=\"737\" \/>\n\t<meta property=\"og:image:type\" content=\"image\/jpeg\" \/>\n<meta name=\"author\" content=\"Sarah Incari\" \/>\n<meta name=\"twitter:card\" content=\"summary_large_image\" \/>\n<meta name=\"twitter:creator\" content=\"@MonacoTribune\" \/>\n<meta name=\"twitter:site\" content=\"@MonacoTribune\" \/>\n<script type=\"application\/ld+json\" class=\"yoast-schema-graph\">{\"@context\":\"https:\\\/\\\/schema.org\",\"@graph\":[{\"@type\":\"NewsArticle\",\"@id\":\"https:\\\/\\\/www.monaco-tribune.com\\\/it\\\/2023\\\/05\\\/restrizioni-sulluso-dellacqua-a-monaco-il-governo-annuncia-nuove-misure\\\/#article\",\"isPartOf\":{\"@id\":\"https:\\\/\\\/www.monaco-tribune.com\\\/it\\\/2023\\\/05\\\/restrizioni-sulluso-dellacqua-a-monaco-il-governo-annuncia-nuove-misure\\\/\"},\"author\":{\"name\":\"Sarah Incari\",\"@id\":\"https:\\\/\\\/www.monaco-tribune.com\\\/it\\\/#\\\/schema\\\/person\\\/dd3b5770833f791d3f4d808f1aa84499\"},\"headline\":\"Restrizioni sull&#8217;uso dell&#8217;acqua a Monaco: il governo annuncia nuove misure\",\"datePublished\":\"2023-05-12T14:05:34+00:00\",\"dateModified\":\"2023-05-12T14:07:42+00:00\",\"mainEntityOfPage\":{\"@id\":\"https:\\\/\\\/www.monaco-tribune.com\\\/it\\\/2023\\\/05\\\/restrizioni-sulluso-dellacqua-a-monaco-il-governo-annuncia-nuove-misure\\\/\"},\"wordCount\":488,\"publisher\":{\"@id\":\"https:\\\/\\\/www.monaco-tribune.com\\\/it\\\/#organization\"},\"image\":{\"@id\":\"https:\\\/\\\/www.monaco-tribune.com\\\/it\\\/2023\\\/05\\\/restrizioni-sulluso-dellacqua-a-monaco-il-governo-annuncia-nuove-misure\\\/#primaryimage\"},\"thumbnailUrl\":\"https:\\\/\\\/www.monaco-tribune.com\\\/wp-content\\\/uploads\\\/2023\\\/05\\\/arrosage.jpg\",\"keywords\":[\"Iniziative\"],\"articleSection\":[\"La nostra scelta\",\"Notizie\",\"Societ\u00e0\"],\"inLanguage\":\"it-IT\",\"copyrightYear\":\"2023\",\"copyrightHolder\":{\"@id\":\"https:\\\/\\\/www.monaco-tribune.com\\\/#organization\"}},{\"@type\":\"WebPage\",\"@id\":\"https:\\\/\\\/www.monaco-tribune.com\\\/it\\\/2023\\\/05\\\/restrizioni-sulluso-dellacqua-a-monaco-il-governo-annuncia-nuove-misure\\\/\",\"url\":\"https:\\\/\\\/www.monaco-tribune.com\\\/it\\\/2023\\\/05\\\/restrizioni-sulluso-dellacqua-a-monaco-il-governo-annuncia-nuove-misure\\\/\",\"name\":\"Restrizioni sull'uso dell'acqua a Monaco: il governo annuncia nuove misure\",\"isPartOf\":{\"@id\":\"https:\\\/\\\/www.monaco-tribune.com\\\/it\\\/#website\"},\"primaryImageOfPage\":{\"@id\":\"https:\\\/\\\/www.monaco-tribune.com\\\/it\\\/2023\\\/05\\\/restrizioni-sulluso-dellacqua-a-monaco-il-governo-annuncia-nuove-misure\\\/#primaryimage\"},\"image\":{\"@id\":\"https:\\\/\\\/www.monaco-tribune.com\\\/it\\\/2023\\\/05\\\/restrizioni-sulluso-dellacqua-a-monaco-il-governo-annuncia-nuove-misure\\\/#primaryimage\"},\"thumbnailUrl\":\"https:\\\/\\\/www.monaco-tribune.com\\\/wp-content\\\/uploads\\\/2023\\\/05\\\/arrosage.jpg\",\"datePublished\":\"2023-05-12T14:05:34+00:00\",\"dateModified\":\"2023-05-12T14:07:42+00:00\",\"description\":\"Lavaggio auto, prati, piscine... Ecco cosa sar\u00e0 vietato a Monaco a partire da sabato 13 maggio. Non fatevi ingannare dalle apparenze, una settimana di\",\"breadcrumb\":{\"@id\":\"https:\\\/\\\/www.monaco-tribune.com\\\/it\\\/2023\\\/05\\\/restrizioni-sulluso-dellacqua-a-monaco-il-governo-annuncia-nuove-misure\\\/#breadcrumb\"},\"inLanguage\":\"it-IT\",\"potentialAction\":[{\"@type\":\"ReadAction\",\"target\":[\"https:\\\/\\\/www.monaco-tribune.com\\\/it\\\/2023\\\/05\\\/restrizioni-sulluso-dellacqua-a-monaco-il-governo-annuncia-nuove-misure\\\/\"]}]},{\"@type\":\"ImageObject\",\"inLanguage\":\"it-IT\",\"@id\":\"https:\\\/\\\/www.monaco-tribune.com\\\/it\\\/2023\\\/05\\\/restrizioni-sulluso-dellacqua-a-monaco-il-governo-annuncia-nuove-misure\\\/#primaryimage\",\"url\":\"https:\\\/\\\/www.monaco-tribune.com\\\/wp-content\\\/uploads\\\/2023\\\/05\\\/arrosage.jpg\",\"contentUrl\":\"https:\\\/\\\/www.monaco-tribune.com\\\/wp-content\\\/uploads\\\/2023\\\/05\\\/arrosage.jpg\",\"width\":1200,\"height\":737,\"caption\":\"Con queste misure, il Governo del Principe spera di ridurre il consumo di acqua del Principato del 20%. (Foto \u00a9 Pixabay)\"},{\"@type\":\"BreadcrumbList\",\"@id\":\"https:\\\/\\\/www.monaco-tribune.com\\\/it\\\/2023\\\/05\\\/restrizioni-sulluso-dellacqua-a-monaco-il-governo-annuncia-nuove-misure\\\/#breadcrumb\",\"itemListElement\":[{\"@type\":\"ListItem\",\"position\":1,\"name\":\"Accueil\",\"item\":\"https:\\\/\\\/www.monaco-tribune.com\\\/it\\\/\"},{\"@type\":\"ListItem\",\"position\":2,\"name\":\"Restrizioni sull&rsquo;uso dell&rsquo;acqua a Monaco: il governo annuncia nuove misure\"}]},{\"@type\":\"WebSite\",\"@id\":\"https:\\\/\\\/www.monaco-tribune.com\\\/it\\\/#website\",\"url\":\"https:\\\/\\\/www.monaco-tribune.com\\\/it\\\/\",\"name\":\"Monaco Tribune\",\"description\":\"Monaco : actualit\u00e9s \u00e9conomiques, politiques, culturelles et sportives de Monaco et de la French Riviera.\",\"publisher\":{\"@id\":\"https:\\\/\\\/www.monaco-tribune.com\\\/it\\\/#organization\"},\"potentialAction\":[{\"@type\":\"SearchAction\",\"target\":{\"@type\":\"EntryPoint\",\"urlTemplate\":\"https:\\\/\\\/www.monaco-tribune.com\\\/it\\\/?s={search_term_string}\"},\"query-input\":{\"@type\":\"PropertyValueSpecification\",\"valueRequired\":true,\"valueName\":\"search_term_string\"}}],\"inLanguage\":\"it-IT\"},{\"@type\":\"Organization\",\"@id\":\"https:\\\/\\\/www.monaco-tribune.com\\\/it\\\/#organization\",\"name\":\"Monaco Tribune\",\"url\":\"https:\\\/\\\/www.monaco-tribune.com\\\/it\\\/\",\"logo\":{\"@type\":\"ImageObject\",\"inLanguage\":\"it-IT\",\"@id\":\"https:\\\/\\\/www.monaco-tribune.com\\\/it\\\/#\\\/schema\\\/logo\\\/image\\\/\",\"url\":\"https:\\\/\\\/www.monaco-tribune.com\\\/wp-content\\\/uploads\\\/2022\\\/11\\\/logo-monaco-tribune.png\",\"contentUrl\":\"https:\\\/\\\/www.monaco-tribune.com\\\/wp-content\\\/uploads\\\/2022\\\/11\\\/logo-monaco-tribune.png\",\"width\":1548,\"height\":600,\"caption\":\"Monaco Tribune\"},\"image\":{\"@id\":\"https:\\\/\\\/www.monaco-tribune.com\\\/it\\\/#\\\/schema\\\/logo\\\/image\\\/\"},\"sameAs\":[\"https:\\\/\\\/www.facebook.com\\\/MonacoTribune\",\"https:\\\/\\\/x.com\\\/MonacoTribune\",\"https:\\\/\\\/www.instagram.com\\\/monacotribune\\\/\",\"https:\\\/\\\/www.linkedin.com\\\/company\\\/monaco-tribune\",\"https:\\\/\\\/www.youtube.com\\\/channel\\\/UCHle1MnG6hw1y4lWKijVbMA\"]},{\"@type\":\"Person\",\"@id\":\"https:\\\/\\\/www.monaco-tribune.com\\\/it\\\/#\\\/schema\\\/person\\\/dd3b5770833f791d3f4d808f1aa84499\",\"name\":\"Sarah Incari\",\"image\":{\"@type\":\"ImageObject\",\"inLanguage\":\"it-IT\",\"@id\":\"https:\\\/\\\/secure.gravatar.com\\\/avatar\\\/4ac0b37be892d57107ccdd804e3f2a03bf1e3fca097512136d3603859293cb0e?s=96&d=mm&r=g\",\"url\":\"https:\\\/\\\/secure.gravatar.com\\\/avatar\\\/4ac0b37be892d57107ccdd804e3f2a03bf1e3fca097512136d3603859293cb0e?s=96&d=mm&r=g\",\"contentUrl\":\"https:\\\/\\\/secure.gravatar.com\\\/avatar\\\/4ac0b37be892d57107ccdd804e3f2a03bf1e3fca097512136d3603859293cb0e?s=96&d=mm&r=g\",\"caption\":\"Sarah Incari\"},\"url\":\"https:\\\/\\\/www.monaco-tribune.com\\\/it\\\/author\\\/sarahincari\\\/\"}]}<\/script>\n<!-- \/ Yoast SEO Premium plugin. -->","yoast_head_json":{"title":"Restrizioni sull'uso dell'acqua a Monaco: il governo annuncia nuove misure","description":"Lavaggio auto, prati, piscine... Ecco cosa sar\u00e0 vietato a Monaco a partire da sabato 13 maggio. Non fatevi ingannare dalle apparenze, una settimana di","robots":{"index":"index","follow":"follow","max-snippet":"max-snippet:-1","max-image-preview":"max-image-preview:large","max-video-preview":"max-video-preview:-1"},"canonical":"https:\/\/www.monaco-tribune.com\/it\/2023\/05\/restrizioni-sulluso-dellacqua-a-monaco-il-governo-annuncia-nuove-misure\/","og_locale":"it_IT","og_type":"article","og_title":"Restrizioni sull'uso dell'acqua a Monaco: il governo annuncia nuove misure - Monaco Tribune","og_description":"Lavaggio auto, prati, piscine... Ecco cosa sar\u00e0 vietato a Monaco a partire da sabato 13 maggio. Non fatevi ingannare dalle apparenze, una settimana di","og_url":"https:\/\/www.monaco-tribune.com\/it\/2023\/05\/restrizioni-sulluso-dellacqua-a-monaco-il-governo-annuncia-nuove-misure\/","og_site_name":"Monaco Tribune","article_publisher":"https:\/\/www.facebook.com\/MonacoTribune","article_published_time":"2023-05-12T14:05:34+00:00","article_modified_time":"2023-05-12T14:07:42+00:00","og_image":[{"width":1200,"height":737,"url":"https:\/\/www.monaco-tribune.com\/wp-content\/uploads\/2023\/05\/arrosage.jpg","type":"image\/jpeg"}],"author":"Sarah Incari","twitter_card":"summary_large_image","twitter_creator":"@MonacoTribune","twitter_site":"@MonacoTribune","schema":{"@context":"https:\/\/schema.org","@graph":[{"@type":"NewsArticle","@id":"https:\/\/www.monaco-tribune.com\/it\/2023\/05\/restrizioni-sulluso-dellacqua-a-monaco-il-governo-annuncia-nuove-misure\/#article","isPartOf":{"@id":"https:\/\/www.monaco-tribune.com\/it\/2023\/05\/restrizioni-sulluso-dellacqua-a-monaco-il-governo-annuncia-nuove-misure\/"},"author":{"name":"Sarah Incari","@id":"https:\/\/www.monaco-tribune.com\/it\/#\/schema\/person\/dd3b5770833f791d3f4d808f1aa84499"},"headline":"Restrizioni sull&#8217;uso dell&#8217;acqua a Monaco: il governo annuncia nuove misure","datePublished":"2023-05-12T14:05:34+00:00","dateModified":"2023-05-12T14:07:42+00:00","mainEntityOfPage":{"@id":"https:\/\/www.monaco-tribune.com\/it\/2023\/05\/restrizioni-sulluso-dellacqua-a-monaco-il-governo-annuncia-nuove-misure\/"},"wordCount":488,"publisher":{"@id":"https:\/\/www.monaco-tribune.com\/it\/#organization"},"image":{"@id":"https:\/\/www.monaco-tribune.com\/it\/2023\/05\/restrizioni-sulluso-dellacqua-a-monaco-il-governo-annuncia-nuove-misure\/#primaryimage"},"thumbnailUrl":"https:\/\/www.monaco-tribune.com\/wp-content\/uploads\/2023\/05\/arrosage.jpg","keywords":["Iniziative"],"articleSection":["La nostra scelta","Notizie","Societ\u00e0"],"inLanguage":"it-IT","copyrightYear":"2023","copyrightHolder":{"@id":"https:\/\/www.monaco-tribune.com\/#organization"}},{"@type":"WebPage","@id":"https:\/\/www.monaco-tribune.com\/it\/2023\/05\/restrizioni-sulluso-dellacqua-a-monaco-il-governo-annuncia-nuove-misure\/","url":"https:\/\/www.monaco-tribune.com\/it\/2023\/05\/restrizioni-sulluso-dellacqua-a-monaco-il-governo-annuncia-nuove-misure\/","name":"Restrizioni sull'uso dell'acqua a Monaco: il governo annuncia nuove misure","isPartOf":{"@id":"https:\/\/www.monaco-tribune.com\/it\/#website"},"primaryImageOfPage":{"@id":"https:\/\/www.monaco-tribune.com\/it\/2023\/05\/restrizioni-sulluso-dellacqua-a-monaco-il-governo-annuncia-nuove-misure\/#primaryimage"},"image":{"@id":"https:\/\/www.monaco-tribune.com\/it\/2023\/05\/restrizioni-sulluso-dellacqua-a-monaco-il-governo-annuncia-nuove-misure\/#primaryimage"},"thumbnailUrl":"https:\/\/www.monaco-tribune.com\/wp-content\/uploads\/2023\/05\/arrosage.jpg","datePublished":"2023-05-12T14:05:34+00:00","dateModified":"2023-05-12T14:07:42+00:00","description":"Lavaggio auto, prati, piscine... Ecco cosa sar\u00e0 vietato a Monaco a partire da sabato 13 maggio. Non fatevi ingannare dalle apparenze, una settimana di","breadcrumb":{"@id":"https:\/\/www.monaco-tribune.com\/it\/2023\/05\/restrizioni-sulluso-dellacqua-a-monaco-il-governo-annuncia-nuove-misure\/#breadcrumb"},"inLanguage":"it-IT","potentialAction":[{"@type":"ReadAction","target":["https:\/\/www.monaco-tribune.com\/it\/2023\/05\/restrizioni-sulluso-dellacqua-a-monaco-il-governo-annuncia-nuove-misure\/"]}]},{"@type":"ImageObject","inLanguage":"it-IT","@id":"https:\/\/www.monaco-tribune.com\/it\/2023\/05\/restrizioni-sulluso-dellacqua-a-monaco-il-governo-annuncia-nuove-misure\/#primaryimage","url":"https:\/\/www.monaco-tribune.com\/wp-content\/uploads\/2023\/05\/arrosage.jpg","contentUrl":"https:\/\/www.monaco-tribune.com\/wp-content\/uploads\/2023\/05\/arrosage.jpg","width":1200,"height":737,"caption":"Con queste misure, il Governo del Principe spera di ridurre il consumo di acqua del Principato del 20%. (Foto \u00a9 Pixabay)"},{"@type":"BreadcrumbList","@id":"https:\/\/www.monaco-tribune.com\/it\/2023\/05\/restrizioni-sulluso-dellacqua-a-monaco-il-governo-annuncia-nuove-misure\/#breadcrumb","itemListElement":[{"@type":"ListItem","position":1,"name":"Accueil","item":"https:\/\/www.monaco-tribune.com\/it\/"},{"@type":"ListItem","position":2,"name":"Restrizioni sull&rsquo;uso dell&rsquo;acqua a Monaco: il governo annuncia nuove misure"}]},{"@type":"WebSite","@id":"https:\/\/www.monaco-tribune.com\/it\/#website","url":"https:\/\/www.monaco-tribune.com\/it\/","name":"Monaco Tribune","description":"Monaco : actualit\u00e9s \u00e9conomiques, politiques, culturelles et sportives de Monaco et de la French Riviera.","publisher":{"@id":"https:\/\/www.monaco-tribune.com\/it\/#organization"},"potentialAction":[{"@type":"SearchAction","target":{"@type":"EntryPoint","urlTemplate":"https:\/\/www.monaco-tribune.com\/it\/?s={search_term_string}"},"query-input":{"@type":"PropertyValueSpecification","valueRequired":true,"valueName":"search_term_string"}}],"inLanguage":"it-IT"},{"@type":"Organization","@id":"https:\/\/www.monaco-tribune.com\/it\/#organization","name":"Monaco Tribune","url":"https:\/\/www.monaco-tribune.com\/it\/","logo":{"@type":"ImageObject","inLanguage":"it-IT","@id":"https:\/\/www.monaco-tribune.com\/it\/#\/schema\/logo\/image\/","url":"https:\/\/www.monaco-tribune.com\/wp-content\/uploads\/2022\/11\/logo-monaco-tribune.png","contentUrl":"https:\/\/www.monaco-tribune.com\/wp-content\/uploads\/2022\/11\/logo-monaco-tribune.png","width":1548,"height":600,"caption":"Monaco Tribune"},"image":{"@id":"https:\/\/www.monaco-tribune.com\/it\/#\/schema\/logo\/image\/"},"sameAs":["https:\/\/www.facebook.com\/MonacoTribune","https:\/\/x.com\/MonacoTribune","https:\/\/www.instagram.com\/monacotribune\/","https:\/\/www.linkedin.com\/company\/monaco-tribune","https:\/\/www.youtube.com\/channel\/UCHle1MnG6hw1y4lWKijVbMA"]},{"@type":"Person","@id":"https:\/\/www.monaco-tribune.com\/it\/#\/schema\/person\/dd3b5770833f791d3f4d808f1aa84499","name":"Sarah Incari","image":{"@type":"ImageObject","inLanguage":"it-IT","@id":"https:\/\/secure.gravatar.com\/avatar\/4ac0b37be892d57107ccdd804e3f2a03bf1e3fca097512136d3603859293cb0e?s=96&d=mm&r=g","url":"https:\/\/secure.gravatar.com\/avatar\/4ac0b37be892d57107ccdd804e3f2a03bf1e3fca097512136d3603859293cb0e?s=96&d=mm&r=g","contentUrl":"https:\/\/secure.gravatar.com\/avatar\/4ac0b37be892d57107ccdd804e3f2a03bf1e3fca097512136d3603859293cb0e?s=96&d=mm&r=g","caption":"Sarah Incari"},"url":"https:\/\/www.monaco-tribune.com\/it\/author\/sarahincari\/"}]}},"_links":{"self":[{"href":"https:\/\/www.monaco-tribune.com\/it\/wp-json\/wp\/v2\/posts\/176381","targetHints":{"allow":["GET"]}}],"collection":[{"href":"https:\/\/www.monaco-tribune.com\/it\/wp-json\/wp\/v2\/posts"}],"about":[{"href":"https:\/\/www.monaco-tribune.com\/it\/wp-json\/wp\/v2\/types\/post"}],"author":[{"embeddable":true,"href":"https:\/\/www.monaco-tribune.com\/it\/wp-json\/wp\/v2\/users\/69"}],"replies":[{"embeddable":true,"href":"https:\/\/www.monaco-tribune.com\/it\/wp-json\/wp\/v2\/comments?post=176381"}],"version-history":[{"count":0,"href":"https:\/\/www.monaco-tribune.com\/it\/wp-json\/wp\/v2\/posts\/176381\/revisions"}],"wp:featuredmedia":[{"embeddable":true,"href":"https:\/\/www.monaco-tribune.com\/it\/wp-json\/wp\/v2\/media\/176225"}],"wp:attachment":[{"href":"https:\/\/www.monaco-tribune.com\/it\/wp-json\/wp\/v2\/media?parent=176381"}],"wp:term":[{"taxonomy":"category","embeddable":true,"href":"https:\/\/www.monaco-tribune.com\/it\/wp-json\/wp\/v2\/categories?post=176381"},{"taxonomy":"post_tag","embeddable":true,"href":"https:\/\/www.monaco-tribune.com\/it\/wp-json\/wp\/v2\/tags?post=176381"},{"taxonomy":"sectag","embeddable":true,"href":"https:\/\/www.monaco-tribune.com\/it\/wp-json\/wp\/v2\/post_sectags?post=176381"},{"taxonomy":"format","embeddable":true,"href":"https:\/\/www.monaco-tribune.com\/it\/wp-json\/wp\/v2\/post_format?post=176381"}],"curies":[{"name":"wp","href":"https:\/\/api.w.org\/{rel}","templated":true}]}}