{"id":176581,"date":"2023-05-15T12:37:11","date_gmt":"2023-05-15T10:37:11","guid":{"rendered":"https:\/\/www.monaco-tribune.com\/2023\/05\/nuovi-locali-serate-di-cabaret-cafe-de-paris-i-principali-annunci-della-societe-des-bains-de-mer\/"},"modified":"2023-05-15T12:39:08","modified_gmt":"2023-05-15T10:39:08","slug":"nuovi-locali-serate-di-cabaret-cafe-de-paris-i-principali-annunci-della-societe-des-bains-de-mer","status":"publish","type":"post","link":"https:\/\/www.monaco-tribune.com\/it\/2023\/05\/nuovi-locali-serate-di-cabaret-cafe-de-paris-i-principali-annunci-della-societe-des-bains-de-mer\/","title":{"rendered":"Nuovi locali, serate di cabaret, Caf\u00e9 de Paris&#8230; I principali annunci della Soci\u00e9t\u00e9 des Bains de Mer"},"content":{"rendered":"\n<p><strong>L&#8217;amministratore delegato del gruppo, St\u00e9phane Valeri, ha tenuto una conferenza stampa venerd\u00ec mattina.<\/strong><\/p>\n\n<p>\u00c8 il suo primo discorso pubblico dopo la nomina del 24 gennaio. Venerd\u00ec 12 maggio, il nuovo Presidente e Amministratore Delegato della Soci\u00e9t\u00e9 des Bains de Mer (SBM), St\u00e9phane Valeri, ha ricevuto la stampa al Monte-Carlo Bay.<\/p>\n\n<p>Ha fatto il punto della situazione sui vari progetti del gruppo, che \u00e8 stato recentemente rinnovato. Alcune novit\u00e0 sono per esempio la nomina di <a href=\"https:\/\/www.monaco-tribune.com\/2023\/04\/albert-manzone-devient-directeur-general-de-la-societe-des-bains-de-mer\/\">un Direttore Generale<\/a>, Albert Manzone, e di <a href=\"https:\/\/www.monaco-tribune.com\/2023\/03\/virginie-cotta-devient-secretaire-generale-de-la-societe-des-bains-de-mer\/\">un nuovo Segretario Generale<\/a>, Virginie Cotta.<\/p>\n\n<p>&#8220;Non siamo come gli altri gruppi di lusso del mondo&#8221;, ha dichiarato St\u00e9phane Valeri. &#8220;Abbiamo una storia, un patrimonio, che dobbiamo promuovere e preservare al meglio, per valorizzare i nostri 150 anni di storia&#8221;.<\/p>\n<div class=\"wp-block-image\">\n<figure class=\"aligncenter size-large\"><img loading=\"lazy\" decoding=\"async\" width=\"1024\" height=\"683\" src=\"https:\/\/www.monaco-tribune.com\/wp-content\/uploads\/2023\/05\/monte-carlo-sbm-stephane-valeri-1024x683.jpg\" alt=\"Monte Carlo SBM Stephane Valeri\" class=\"wp-image-176457\" srcset=\"https:\/\/www.monaco-tribune.com\/wp-content\/uploads\/2023\/05\/monte-carlo-sbm-stephane-valeri-1024x683.jpg 1024w, https:\/\/www.monaco-tribune.com\/wp-content\/uploads\/2023\/05\/monte-carlo-sbm-stephane-valeri-450x300.jpg 450w, https:\/\/www.monaco-tribune.com\/wp-content\/uploads\/2023\/05\/monte-carlo-sbm-stephane-valeri.jpg 1200w\" sizes=\"auto, (max-width: 1024px) 100vw, 1024px\" \/><figcaption class=\"wp-element-caption\"><em>St\u00e9phane Valeri, il nuovo Amministratore Delegato della Soci\u00e9t\u00e9 des Bains de Mer \u00a9 Monte-Carlo SBM<\/em><\/figcaption><\/figure>\n<\/div>\n<p>\u00c8 proprio questa componente storica e patrimoniale che dovrebbe essere ulteriormente sviluppata in futuro, ma non solo! Anche la politica CSR del gruppo dovrebbe essere migliorata per rispondere ai pi\u00f9 elevati standard internazionali, ad esempio per risparmiare acqua e supportare la produzione agricola locale.<\/p>\n\n<p class=\"related\"><a href=\"https:\/\/www.monaco-tribune.com\/it\/2023\/05\/i-dipinti-del-casino-di-monte-carlo-tutti-i-segreti-svelati\/\">I dipinti del Casin\u00f2 di Monte-Carlo: tutti i segreti svelati<\/a><\/p>\n\n<h2 class=\"wp-block-heading has-text-align-left\" id=\"h-monte-carlo-a-la-montagne\">Monte-Carlo va in montagna?<\/h2>\n\n<p>Tra i principali annunci dell&#8217;amministratore delegato, il desiderio di esportare i marchi SBM anche all&#8217;estero. L&#8217;idea sembrerebbe quella di espandere il gruppo in montagna, in particolare sulle Alpi.<\/p>\n\n<p>&#8220;Dobbiamo essere presenti dove vanno i nostri clienti. Sarebbe un&#8217;offerta complementare a quella che abbiamo a Monaco&#8221;, afferma St\u00e9phane Valeri. &#8220;Sarebbe anche un&#8217;opportunit\u00e0 per creare una nuova clientela in una localit\u00e0 di prestigio, per poi attirarla negli hotel di Monte-Carlo&#8221;.<\/p>\n\n<p>L&#8217;idea potrebbe anche rivelarsi una soluzione per mantenere i lavoratori stagionali, offrendogli contratti a tempo indeterminato e alloggi per lavorare nel Principato in estate e in montagna in inverno.<\/p>\n\n<p>L&#8217;amministratore delegato ha inoltre annunciato che sono stati assunti tutti i lavoratori stagionali per quest&#8217;estate, grazie soprattutto alle <a href=\"https:\/\/www.monaco-tribune.com\/2022\/10\/dans-les-coulisses-de-la-journee-de-recrutement-de-la-societe-des-bains-de-mer\/\">vaste campagne di recruiting<\/a> organizzate dal Dipartimento di Risorse Umane, ma anche agli alloggi messi a disposizione per i 250 lavoratori che arrivano da fuori. Nei prossimi tre anni dovrebbe essere costruito un nuovo edificio a Roquebrune-Cap-Martin per ospitare altri cento lavoratori stagionali.<\/p>\n\n<h2 class=\"wp-block-heading\" id=\"h-7-nouveaux-commerces-de-luxe-dans-le-cafe-de-paris\">7 nuovi negozi di lusso nel Caf\u00e9 de Paris<\/h2>\n\n<p>Un altro importante progetto per la SBM \u00e8 il Caf\u00e9 de Paris, <a href=\"https:\/\/www.monaco-tribune.com\/it\/2023\/03\/il-cafe-de-paris-riaprira-un-po-piu-tardi-del-previsto\/\">che riaprir\u00e0 in autunno<\/a>. Con la brasserie e un&#8217;atmosfera da &#8220;bistrot&#8221; al piano terra, un ristorante chic al primo piano e una terrazza &#8220;mozzafiato&#8221;, il Caf\u00e9 de Paris si prepara al suo grande ritorno.<\/p>\n\n<p>Naturalmente, l&#8217;amministratore delegato ha parlato anche dell&#8217;Amaz\u00f3nico che, a causa degli imprevisti del cantiere e del programma un po&#8217; troppo ambizioso stabilito all&#8217;inizio, aprir\u00e0 i battenti non prima dell&#8217;aprile 2024. Ma St\u00e9phane Valeri promette che sar\u00e0 &#8220;incredibile ed eccezionale nelle giornate di sole&#8221;.<\/p>\n\n<p>L&#8217;ultimo annuncio che riguarda il Caf\u00e9 de Paris \u00e8 l&#8217;apertura di sette nuovi negozi di lusso. Le attivit\u00e0 commerciali finanzieranno l&#8217;intero progetto, il cui costo \u00e8 attualmente stimato in 55 milioni di euro. Mentre alcuni di questi sette brand desiderano per il momento rimanere anonimi, altri sono stati gi\u00e0 svelati.<\/p>\n\n<p>I clienti potranno fare acquisti da Tiffany &amp; Co e TAG Heuer (del gruppo LVMH, azionista del gruppo SBM), ma anche da Zegg &amp; Cerlati. &#8220;Ci saranno orologi splendidi, scarpe incantevoli e moda pr\u00eat-\u00e0-porter eccezionale&#8221;, afferma St\u00e9phane Valeri, che precisa che le boutique apriranno non prima di novembre.<\/p>\n\n<p class=\"related\"><a href=\"https:\/\/www.monaco-tribune.com\/it\/2023\/03\/ricca-programmazione-per-il-jimmyz-e-il-coya-aperti-in-aticipo-questa-stagione\/\">Ricca programmazione per il Jimmy\u2019z e il COYA aperti in anticipo questa stagione<\/a><\/p>\n\n<h2 class=\"wp-block-heading\" id=\"h-une-salle-des-etoiles-agrandie\">L&#8217;ampliamento della Salle des Etoiles<\/h2>\n\n<p>In occasione del cinquantesimo anniversario dello Sporting, il prossimo anno, la Salle des Etoiles potrebbe essere ridisegnata e ampliata: &#8220;Con le norme di sicurezza europee, la Salle des Etoiles, che originariamente era stata progettata per ospitare 1.000 persone a cena, ha dovuto ridurre la sua capacit\u00e0 di un terzo, il che permette di ospitare circa 670 persone. Se vogliamo continuare a organizzare grandi serate a Monte-Carlo, la Salle des Etoiles deve essere ampliata&#8221;.<\/p>\n\n<p>Ma St\u00e9phane Valeri guarda ancora pi\u00f9 lontano: la Salle des Etoiles sar\u00e0 ancora pi\u00f9 utilizzata quest&#8217;estate, soprattutto ad agosto. &#8220;Ci saranno sempre i grandi concerti, ma anche serate di cabaret ogni sera&#8221;, annuncia l&#8217;amministratore delegato. Sono previsti spettacoli in un&#8217;atmosfera accogliente, in piccoli gruppi, con musica e cene in un nuovo ambiente informale.<\/p>\n<div class=\"wp-block-image\">\n<figure class=\"aligncenter size-large\"><img loading=\"lazy\" decoding=\"async\" width=\"1024\" height=\"768\" src=\"https:\/\/www.monaco-tribune.com\/wp-content\/uploads\/2023\/05\/maona-monte-carlo-1024x768.jpg\" alt=\"Maona Monte-Carlo\" class=\"wp-image-176453\" srcset=\"https:\/\/www.monaco-tribune.com\/wp-content\/uploads\/2023\/05\/maona-monte-carlo-1024x768.jpg 1024w, https:\/\/www.monaco-tribune.com\/wp-content\/uploads\/2023\/05\/maona-monte-carlo-400x300.jpg 400w, https:\/\/www.monaco-tribune.com\/wp-content\/uploads\/2023\/05\/maona-monte-carlo.jpg 1200w\" sizes=\"auto, (max-width: 1024px) 100vw, 1024px\" \/><figcaption class=\"wp-element-caption\"><em>Il Maona \u00a9 Monte-Carlo SBM<\/em><\/figcaption><\/figure>\n<\/div>\n<p>Una programmazione che si somma a quella del cabaret all&#8217;aperto, <a href=\"https:\/\/www.monaco-tribune.com\/it\/2023\/02\/i-tre-nuovi-locali-della-societe-des-bains-de-mer-in-anteprima\/\">il Maona, previsto per quest&#8217;estate, e al Club La Vigie<\/a>, un locale il cui men\u00f9 \u00e8 affidato alle mani dello chef stellato Marcel Ravin.<\/p>\n\n<p>Quest&#8217;ultimo vedr\u00e0 anche rinnovato il suo ristorante con due stelle Michelin, il Blue Bay. Le colazioni dell&#8217;hotel non saranno pi\u00f9 servite al ristorante, che sar\u00e0 completamente ristrutturato con arredi scelti dallo chef.<\/p>\n","protected":false},"excerpt":{"rendered":"<p>L&#8217;amministratore delegato del gruppo, St\u00e9phane Valeri, ha tenuto una conferenza stampa venerd\u00ec mattina. \u00c8 il suo primo discorso pubblico dopo [&hellip;]<\/p>\n","protected":false},"author":60,"featured_media":176463,"comment_status":"closed","ping_status":"closed","sticky":false,"template":"","format":"standard","meta":{"_acf_changed":false,"footnotes":""},"categories":[1739,1826,1738],"tags":[2885],"post_sectags":[],"post_format":[2486],"class_list":["post-176581","post","type-post","status-publish","format-standard","has-post-thumbnail","hentry","category-business-it","category-la-nostra-scelta","category-notizie","tag-monte-carlo-sbm-it","format-servizio"],"acf":[],"yoast_head":"<!-- This site is optimized with the Yoast SEO Premium plugin v26.8 (Yoast SEO v27.4) - https:\/\/yoast.com\/product\/yoast-seo-premium-wordpress\/ -->\n<title>Nuovi locali, serate di cabaret, Caf\u00e9 de Paris... I principali annunci della Soci\u00e9t\u00e9 des Bains de Mer<\/title>\n<meta name=\"description\" content=\"L&#039;amministratore delegato del gruppo, St\u00e9phane Valeri, ha tenuto una conferenza stampa venerd\u00ec mattina. \u00c8 il suo primo discorso pubblico dopo la nomina\" \/>\n<meta name=\"robots\" content=\"index, follow, max-snippet:-1, max-image-preview:large, max-video-preview:-1\" \/>\n<link rel=\"canonical\" href=\"https:\/\/www.monaco-tribune.com\/it\/2023\/05\/nuovi-locali-serate-di-cabaret-cafe-de-paris-i-principali-annunci-della-societe-des-bains-de-mer\/\" \/>\n<meta property=\"og:locale\" content=\"it_IT\" \/>\n<meta property=\"og:type\" content=\"article\" \/>\n<meta property=\"og:title\" content=\"Nuovi locali, serate di cabaret, Caf\u00e9 de Paris... I principali annunci della Soci\u00e9t\u00e9 des Bains de Mer - Monaco Tribune\" \/>\n<meta property=\"og:description\" content=\"L&#039;amministratore delegato del gruppo, St\u00e9phane Valeri, ha tenuto una conferenza stampa venerd\u00ec mattina. \u00c8 il suo primo discorso pubblico dopo la nomina\" \/>\n<meta property=\"og:url\" content=\"https:\/\/www.monaco-tribune.com\/it\/2023\/05\/nuovi-locali-serate-di-cabaret-cafe-de-paris-i-principali-annunci-della-societe-des-bains-de-mer\/\" \/>\n<meta property=\"og:site_name\" content=\"Monaco Tribune\" \/>\n<meta property=\"article:publisher\" content=\"https:\/\/www.facebook.com\/MonacoTribune\" \/>\n<meta property=\"article:published_time\" content=\"2023-05-15T10:37:11+00:00\" \/>\n<meta property=\"article:modified_time\" content=\"2023-05-15T10:39:08+00:00\" \/>\n<meta property=\"og:image\" content=\"https:\/\/www.monaco-tribune.com\/wp-content\/uploads\/2023\/05\/nouveau-cafe-de-paris-monte-carlo-1.jpg\" \/>\n\t<meta property=\"og:image:width\" content=\"968\" \/>\n\t<meta property=\"og:image:height\" content=\"545\" \/>\n\t<meta property=\"og:image:type\" content=\"image\/jpeg\" \/>\n<meta name=\"author\" content=\"Camille Esteve\" \/>\n<meta name=\"twitter:card\" content=\"summary_large_image\" \/>\n<meta name=\"twitter:creator\" content=\"@MonacoTribune\" \/>\n<meta name=\"twitter:site\" content=\"@MonacoTribune\" \/>\n<script type=\"application\/ld+json\" class=\"yoast-schema-graph\">{\"@context\":\"https:\\\/\\\/schema.org\",\"@graph\":[{\"@type\":\"NewsArticle\",\"@id\":\"https:\\\/\\\/www.monaco-tribune.com\\\/it\\\/2023\\\/05\\\/nuovi-locali-serate-di-cabaret-cafe-de-paris-i-principali-annunci-della-societe-des-bains-de-mer\\\/#article\",\"isPartOf\":{\"@id\":\"https:\\\/\\\/www.monaco-tribune.com\\\/it\\\/2023\\\/05\\\/nuovi-locali-serate-di-cabaret-cafe-de-paris-i-principali-annunci-della-societe-des-bains-de-mer\\\/\"},\"author\":{\"name\":\"Camille Esteve\",\"@id\":\"https:\\\/\\\/www.monaco-tribune.com\\\/it\\\/#\\\/schema\\\/person\\\/a855d420fff4d03637641d60b93ac62e\"},\"headline\":\"Nuovi locali, serate di cabaret, Caf\u00e9 de Paris&#8230; I principali annunci della Soci\u00e9t\u00e9 des Bains de Mer\",\"datePublished\":\"2023-05-15T10:37:11+00:00\",\"dateModified\":\"2023-05-15T10:39:08+00:00\",\"mainEntityOfPage\":{\"@id\":\"https:\\\/\\\/www.monaco-tribune.com\\\/it\\\/2023\\\/05\\\/nuovi-locali-serate-di-cabaret-cafe-de-paris-i-principali-annunci-della-societe-des-bains-de-mer\\\/\"},\"wordCount\":802,\"publisher\":{\"@id\":\"https:\\\/\\\/www.monaco-tribune.com\\\/it\\\/#organization\"},\"image\":{\"@id\":\"https:\\\/\\\/www.monaco-tribune.com\\\/it\\\/2023\\\/05\\\/nuovi-locali-serate-di-cabaret-cafe-de-paris-i-principali-annunci-della-societe-des-bains-de-mer\\\/#primaryimage\"},\"thumbnailUrl\":\"https:\\\/\\\/www.monaco-tribune.com\\\/wp-content\\\/uploads\\\/2023\\\/05\\\/nouveau-cafe-de-paris-monte-carlo-1.jpg\",\"keywords\":[\"Monte-Carlo SBM\"],\"articleSection\":[\"Business\",\"La nostra scelta\",\"Notizie\"],\"inLanguage\":\"it-IT\",\"copyrightYear\":\"2023\",\"copyrightHolder\":{\"@id\":\"https:\\\/\\\/www.monaco-tribune.com\\\/#organization\"}},{\"@type\":\"WebPage\",\"@id\":\"https:\\\/\\\/www.monaco-tribune.com\\\/it\\\/2023\\\/05\\\/nuovi-locali-serate-di-cabaret-cafe-de-paris-i-principali-annunci-della-societe-des-bains-de-mer\\\/\",\"url\":\"https:\\\/\\\/www.monaco-tribune.com\\\/it\\\/2023\\\/05\\\/nuovi-locali-serate-di-cabaret-cafe-de-paris-i-principali-annunci-della-societe-des-bains-de-mer\\\/\",\"name\":\"Nuovi locali, serate di cabaret, Caf\u00e9 de Paris... I principali annunci della Soci\u00e9t\u00e9 des Bains de Mer\",\"isPartOf\":{\"@id\":\"https:\\\/\\\/www.monaco-tribune.com\\\/it\\\/#website\"},\"primaryImageOfPage\":{\"@id\":\"https:\\\/\\\/www.monaco-tribune.com\\\/it\\\/2023\\\/05\\\/nuovi-locali-serate-di-cabaret-cafe-de-paris-i-principali-annunci-della-societe-des-bains-de-mer\\\/#primaryimage\"},\"image\":{\"@id\":\"https:\\\/\\\/www.monaco-tribune.com\\\/it\\\/2023\\\/05\\\/nuovi-locali-serate-di-cabaret-cafe-de-paris-i-principali-annunci-della-societe-des-bains-de-mer\\\/#primaryimage\"},\"thumbnailUrl\":\"https:\\\/\\\/www.monaco-tribune.com\\\/wp-content\\\/uploads\\\/2023\\\/05\\\/nouveau-cafe-de-paris-monte-carlo-1.jpg\",\"datePublished\":\"2023-05-15T10:37:11+00:00\",\"dateModified\":\"2023-05-15T10:39:08+00:00\",\"description\":\"L'amministratore delegato del gruppo, St\u00e9phane Valeri, ha tenuto una conferenza stampa venerd\u00ec mattina. \u00c8 il suo primo discorso pubblico dopo la nomina\",\"breadcrumb\":{\"@id\":\"https:\\\/\\\/www.monaco-tribune.com\\\/it\\\/2023\\\/05\\\/nuovi-locali-serate-di-cabaret-cafe-de-paris-i-principali-annunci-della-societe-des-bains-de-mer\\\/#breadcrumb\"},\"inLanguage\":\"it-IT\",\"potentialAction\":[{\"@type\":\"ReadAction\",\"target\":[\"https:\\\/\\\/www.monaco-tribune.com\\\/it\\\/2023\\\/05\\\/nuovi-locali-serate-di-cabaret-cafe-de-paris-i-principali-annunci-della-societe-des-bains-de-mer\\\/\"]}]},{\"@type\":\"ImageObject\",\"inLanguage\":\"it-IT\",\"@id\":\"https:\\\/\\\/www.monaco-tribune.com\\\/it\\\/2023\\\/05\\\/nuovi-locali-serate-di-cabaret-cafe-de-paris-i-principali-annunci-della-societe-des-bains-de-mer\\\/#primaryimage\",\"url\":\"https:\\\/\\\/www.monaco-tribune.com\\\/wp-content\\\/uploads\\\/2023\\\/05\\\/nouveau-cafe-de-paris-monte-carlo-1.jpg\",\"contentUrl\":\"https:\\\/\\\/www.monaco-tribune.com\\\/wp-content\\\/uploads\\\/2023\\\/05\\\/nouveau-cafe-de-paris-monte-carlo-1.jpg\",\"width\":968,\"height\":545,\"caption\":\"Il nuovo Cafe\u0301 de Paris Monte-Carlo \u00a9 Monte-Carlo SBM\"},{\"@type\":\"BreadcrumbList\",\"@id\":\"https:\\\/\\\/www.monaco-tribune.com\\\/it\\\/2023\\\/05\\\/nuovi-locali-serate-di-cabaret-cafe-de-paris-i-principali-annunci-della-societe-des-bains-de-mer\\\/#breadcrumb\",\"itemListElement\":[{\"@type\":\"ListItem\",\"position\":1,\"name\":\"Accueil\",\"item\":\"https:\\\/\\\/www.monaco-tribune.com\\\/it\\\/\"},{\"@type\":\"ListItem\",\"position\":2,\"name\":\"Nuovi locali, serate di cabaret, Caf\u00e9 de Paris&#8230; I principali annunci della Soci\u00e9t\u00e9 des Bains de Mer\"}]},{\"@type\":\"WebSite\",\"@id\":\"https:\\\/\\\/www.monaco-tribune.com\\\/it\\\/#website\",\"url\":\"https:\\\/\\\/www.monaco-tribune.com\\\/it\\\/\",\"name\":\"Monaco Tribune\",\"description\":\"Monaco : actualit\u00e9s \u00e9conomiques, politiques, culturelles et sportives de Monaco et de la French Riviera.\",\"publisher\":{\"@id\":\"https:\\\/\\\/www.monaco-tribune.com\\\/it\\\/#organization\"},\"potentialAction\":[{\"@type\":\"SearchAction\",\"target\":{\"@type\":\"EntryPoint\",\"urlTemplate\":\"https:\\\/\\\/www.monaco-tribune.com\\\/it\\\/?s={search_term_string}\"},\"query-input\":{\"@type\":\"PropertyValueSpecification\",\"valueRequired\":true,\"valueName\":\"search_term_string\"}}],\"inLanguage\":\"it-IT\"},{\"@type\":\"Organization\",\"@id\":\"https:\\\/\\\/www.monaco-tribune.com\\\/it\\\/#organization\",\"name\":\"Monaco Tribune\",\"url\":\"https:\\\/\\\/www.monaco-tribune.com\\\/it\\\/\",\"logo\":{\"@type\":\"ImageObject\",\"inLanguage\":\"it-IT\",\"@id\":\"https:\\\/\\\/www.monaco-tribune.com\\\/it\\\/#\\\/schema\\\/logo\\\/image\\\/\",\"url\":\"https:\\\/\\\/www.monaco-tribune.com\\\/wp-content\\\/uploads\\\/2022\\\/11\\\/logo-monaco-tribune.png\",\"contentUrl\":\"https:\\\/\\\/www.monaco-tribune.com\\\/wp-content\\\/uploads\\\/2022\\\/11\\\/logo-monaco-tribune.png\",\"width\":1548,\"height\":600,\"caption\":\"Monaco Tribune\"},\"image\":{\"@id\":\"https:\\\/\\\/www.monaco-tribune.com\\\/it\\\/#\\\/schema\\\/logo\\\/image\\\/\"},\"sameAs\":[\"https:\\\/\\\/www.facebook.com\\\/MonacoTribune\",\"https:\\\/\\\/x.com\\\/MonacoTribune\",\"https:\\\/\\\/www.instagram.com\\\/monacotribune\\\/\",\"https:\\\/\\\/www.linkedin.com\\\/company\\\/monaco-tribune\",\"https:\\\/\\\/www.youtube.com\\\/channel\\\/UCHle1MnG6hw1y4lWKijVbMA\"]},{\"@type\":\"Person\",\"@id\":\"https:\\\/\\\/www.monaco-tribune.com\\\/it\\\/#\\\/schema\\\/person\\\/a855d420fff4d03637641d60b93ac62e\",\"name\":\"Camille Esteve\",\"image\":{\"@type\":\"ImageObject\",\"inLanguage\":\"it-IT\",\"@id\":\"https:\\\/\\\/secure.gravatar.com\\\/avatar\\\/eaaa2355a7bb56c0018a391c20a55bf9b4690e3f493231dd850e612bfa6ce161?s=96&d=mm&r=g\",\"url\":\"https:\\\/\\\/secure.gravatar.com\\\/avatar\\\/eaaa2355a7bb56c0018a391c20a55bf9b4690e3f493231dd850e612bfa6ce161?s=96&d=mm&r=g\",\"contentUrl\":\"https:\\\/\\\/secure.gravatar.com\\\/avatar\\\/eaaa2355a7bb56c0018a391c20a55bf9b4690e3f493231dd850e612bfa6ce161?s=96&d=mm&r=g\",\"caption\":\"Camille Esteve\"},\"url\":\"https:\\\/\\\/www.monaco-tribune.com\\\/it\\\/author\\\/camilleesteve\\\/\"}]}<\/script>\n<!-- \/ Yoast SEO Premium plugin. -->","yoast_head_json":{"title":"Nuovi locali, serate di cabaret, Caf\u00e9 de Paris... I principali annunci della Soci\u00e9t\u00e9 des Bains de Mer","description":"L'amministratore delegato del gruppo, St\u00e9phane Valeri, ha tenuto una conferenza stampa venerd\u00ec mattina. \u00c8 il suo primo discorso pubblico dopo la nomina","robots":{"index":"index","follow":"follow","max-snippet":"max-snippet:-1","max-image-preview":"max-image-preview:large","max-video-preview":"max-video-preview:-1"},"canonical":"https:\/\/www.monaco-tribune.com\/it\/2023\/05\/nuovi-locali-serate-di-cabaret-cafe-de-paris-i-principali-annunci-della-societe-des-bains-de-mer\/","og_locale":"it_IT","og_type":"article","og_title":"Nuovi locali, serate di cabaret, Caf\u00e9 de Paris... I principali annunci della Soci\u00e9t\u00e9 des Bains de Mer - Monaco Tribune","og_description":"L'amministratore delegato del gruppo, St\u00e9phane Valeri, ha tenuto una conferenza stampa venerd\u00ec mattina. \u00c8 il suo primo discorso pubblico dopo la nomina","og_url":"https:\/\/www.monaco-tribune.com\/it\/2023\/05\/nuovi-locali-serate-di-cabaret-cafe-de-paris-i-principali-annunci-della-societe-des-bains-de-mer\/","og_site_name":"Monaco Tribune","article_publisher":"https:\/\/www.facebook.com\/MonacoTribune","article_published_time":"2023-05-15T10:37:11+00:00","article_modified_time":"2023-05-15T10:39:08+00:00","og_image":[{"width":968,"height":545,"url":"https:\/\/www.monaco-tribune.com\/wp-content\/uploads\/2023\/05\/nouveau-cafe-de-paris-monte-carlo-1.jpg","type":"image\/jpeg"}],"author":"Camille Esteve","twitter_card":"summary_large_image","twitter_creator":"@MonacoTribune","twitter_site":"@MonacoTribune","schema":{"@context":"https:\/\/schema.org","@graph":[{"@type":"NewsArticle","@id":"https:\/\/www.monaco-tribune.com\/it\/2023\/05\/nuovi-locali-serate-di-cabaret-cafe-de-paris-i-principali-annunci-della-societe-des-bains-de-mer\/#article","isPartOf":{"@id":"https:\/\/www.monaco-tribune.com\/it\/2023\/05\/nuovi-locali-serate-di-cabaret-cafe-de-paris-i-principali-annunci-della-societe-des-bains-de-mer\/"},"author":{"name":"Camille Esteve","@id":"https:\/\/www.monaco-tribune.com\/it\/#\/schema\/person\/a855d420fff4d03637641d60b93ac62e"},"headline":"Nuovi locali, serate di cabaret, Caf\u00e9 de Paris&#8230; I principali annunci della Soci\u00e9t\u00e9 des Bains de Mer","datePublished":"2023-05-15T10:37:11+00:00","dateModified":"2023-05-15T10:39:08+00:00","mainEntityOfPage":{"@id":"https:\/\/www.monaco-tribune.com\/it\/2023\/05\/nuovi-locali-serate-di-cabaret-cafe-de-paris-i-principali-annunci-della-societe-des-bains-de-mer\/"},"wordCount":802,"publisher":{"@id":"https:\/\/www.monaco-tribune.com\/it\/#organization"},"image":{"@id":"https:\/\/www.monaco-tribune.com\/it\/2023\/05\/nuovi-locali-serate-di-cabaret-cafe-de-paris-i-principali-annunci-della-societe-des-bains-de-mer\/#primaryimage"},"thumbnailUrl":"https:\/\/www.monaco-tribune.com\/wp-content\/uploads\/2023\/05\/nouveau-cafe-de-paris-monte-carlo-1.jpg","keywords":["Monte-Carlo SBM"],"articleSection":["Business","La nostra scelta","Notizie"],"inLanguage":"it-IT","copyrightYear":"2023","copyrightHolder":{"@id":"https:\/\/www.monaco-tribune.com\/#organization"}},{"@type":"WebPage","@id":"https:\/\/www.monaco-tribune.com\/it\/2023\/05\/nuovi-locali-serate-di-cabaret-cafe-de-paris-i-principali-annunci-della-societe-des-bains-de-mer\/","url":"https:\/\/www.monaco-tribune.com\/it\/2023\/05\/nuovi-locali-serate-di-cabaret-cafe-de-paris-i-principali-annunci-della-societe-des-bains-de-mer\/","name":"Nuovi locali, serate di cabaret, Caf\u00e9 de Paris... I principali annunci della Soci\u00e9t\u00e9 des Bains de Mer","isPartOf":{"@id":"https:\/\/www.monaco-tribune.com\/it\/#website"},"primaryImageOfPage":{"@id":"https:\/\/www.monaco-tribune.com\/it\/2023\/05\/nuovi-locali-serate-di-cabaret-cafe-de-paris-i-principali-annunci-della-societe-des-bains-de-mer\/#primaryimage"},"image":{"@id":"https:\/\/www.monaco-tribune.com\/it\/2023\/05\/nuovi-locali-serate-di-cabaret-cafe-de-paris-i-principali-annunci-della-societe-des-bains-de-mer\/#primaryimage"},"thumbnailUrl":"https:\/\/www.monaco-tribune.com\/wp-content\/uploads\/2023\/05\/nouveau-cafe-de-paris-monte-carlo-1.jpg","datePublished":"2023-05-15T10:37:11+00:00","dateModified":"2023-05-15T10:39:08+00:00","description":"L'amministratore delegato del gruppo, St\u00e9phane Valeri, ha tenuto una conferenza stampa venerd\u00ec mattina. \u00c8 il suo primo discorso pubblico dopo la nomina","breadcrumb":{"@id":"https:\/\/www.monaco-tribune.com\/it\/2023\/05\/nuovi-locali-serate-di-cabaret-cafe-de-paris-i-principali-annunci-della-societe-des-bains-de-mer\/#breadcrumb"},"inLanguage":"it-IT","potentialAction":[{"@type":"ReadAction","target":["https:\/\/www.monaco-tribune.com\/it\/2023\/05\/nuovi-locali-serate-di-cabaret-cafe-de-paris-i-principali-annunci-della-societe-des-bains-de-mer\/"]}]},{"@type":"ImageObject","inLanguage":"it-IT","@id":"https:\/\/www.monaco-tribune.com\/it\/2023\/05\/nuovi-locali-serate-di-cabaret-cafe-de-paris-i-principali-annunci-della-societe-des-bains-de-mer\/#primaryimage","url":"https:\/\/www.monaco-tribune.com\/wp-content\/uploads\/2023\/05\/nouveau-cafe-de-paris-monte-carlo-1.jpg","contentUrl":"https:\/\/www.monaco-tribune.com\/wp-content\/uploads\/2023\/05\/nouveau-cafe-de-paris-monte-carlo-1.jpg","width":968,"height":545,"caption":"Il nuovo Cafe\u0301 de Paris Monte-Carlo \u00a9 Monte-Carlo SBM"},{"@type":"BreadcrumbList","@id":"https:\/\/www.monaco-tribune.com\/it\/2023\/05\/nuovi-locali-serate-di-cabaret-cafe-de-paris-i-principali-annunci-della-societe-des-bains-de-mer\/#breadcrumb","itemListElement":[{"@type":"ListItem","position":1,"name":"Accueil","item":"https:\/\/www.monaco-tribune.com\/it\/"},{"@type":"ListItem","position":2,"name":"Nuovi locali, serate di cabaret, Caf\u00e9 de Paris&#8230; I principali annunci della Soci\u00e9t\u00e9 des Bains de Mer"}]},{"@type":"WebSite","@id":"https:\/\/www.monaco-tribune.com\/it\/#website","url":"https:\/\/www.monaco-tribune.com\/it\/","name":"Monaco Tribune","description":"Monaco : actualit\u00e9s \u00e9conomiques, politiques, culturelles et sportives de Monaco et de la French Riviera.","publisher":{"@id":"https:\/\/www.monaco-tribune.com\/it\/#organization"},"potentialAction":[{"@type":"SearchAction","target":{"@type":"EntryPoint","urlTemplate":"https:\/\/www.monaco-tribune.com\/it\/?s={search_term_string}"},"query-input":{"@type":"PropertyValueSpecification","valueRequired":true,"valueName":"search_term_string"}}],"inLanguage":"it-IT"},{"@type":"Organization","@id":"https:\/\/www.monaco-tribune.com\/it\/#organization","name":"Monaco Tribune","url":"https:\/\/www.monaco-tribune.com\/it\/","logo":{"@type":"ImageObject","inLanguage":"it-IT","@id":"https:\/\/www.monaco-tribune.com\/it\/#\/schema\/logo\/image\/","url":"https:\/\/www.monaco-tribune.com\/wp-content\/uploads\/2022\/11\/logo-monaco-tribune.png","contentUrl":"https:\/\/www.monaco-tribune.com\/wp-content\/uploads\/2022\/11\/logo-monaco-tribune.png","width":1548,"height":600,"caption":"Monaco Tribune"},"image":{"@id":"https:\/\/www.monaco-tribune.com\/it\/#\/schema\/logo\/image\/"},"sameAs":["https:\/\/www.facebook.com\/MonacoTribune","https:\/\/x.com\/MonacoTribune","https:\/\/www.instagram.com\/monacotribune\/","https:\/\/www.linkedin.com\/company\/monaco-tribune","https:\/\/www.youtube.com\/channel\/UCHle1MnG6hw1y4lWKijVbMA"]},{"@type":"Person","@id":"https:\/\/www.monaco-tribune.com\/it\/#\/schema\/person\/a855d420fff4d03637641d60b93ac62e","name":"Camille Esteve","image":{"@type":"ImageObject","inLanguage":"it-IT","@id":"https:\/\/secure.gravatar.com\/avatar\/eaaa2355a7bb56c0018a391c20a55bf9b4690e3f493231dd850e612bfa6ce161?s=96&d=mm&r=g","url":"https:\/\/secure.gravatar.com\/avatar\/eaaa2355a7bb56c0018a391c20a55bf9b4690e3f493231dd850e612bfa6ce161?s=96&d=mm&r=g","contentUrl":"https:\/\/secure.gravatar.com\/avatar\/eaaa2355a7bb56c0018a391c20a55bf9b4690e3f493231dd850e612bfa6ce161?s=96&d=mm&r=g","caption":"Camille Esteve"},"url":"https:\/\/www.monaco-tribune.com\/it\/author\/camilleesteve\/"}]}},"_links":{"self":[{"href":"https:\/\/www.monaco-tribune.com\/it\/wp-json\/wp\/v2\/posts\/176581","targetHints":{"allow":["GET"]}}],"collection":[{"href":"https:\/\/www.monaco-tribune.com\/it\/wp-json\/wp\/v2\/posts"}],"about":[{"href":"https:\/\/www.monaco-tribune.com\/it\/wp-json\/wp\/v2\/types\/post"}],"author":[{"embeddable":true,"href":"https:\/\/www.monaco-tribune.com\/it\/wp-json\/wp\/v2\/users\/60"}],"replies":[{"embeddable":true,"href":"https:\/\/www.monaco-tribune.com\/it\/wp-json\/wp\/v2\/comments?post=176581"}],"version-history":[{"count":0,"href":"https:\/\/www.monaco-tribune.com\/it\/wp-json\/wp\/v2\/posts\/176581\/revisions"}],"wp:featuredmedia":[{"embeddable":true,"href":"https:\/\/www.monaco-tribune.com\/it\/wp-json\/wp\/v2\/media\/176463"}],"wp:attachment":[{"href":"https:\/\/www.monaco-tribune.com\/it\/wp-json\/wp\/v2\/media?parent=176581"}],"wp:term":[{"taxonomy":"category","embeddable":true,"href":"https:\/\/www.monaco-tribune.com\/it\/wp-json\/wp\/v2\/categories?post=176581"},{"taxonomy":"post_tag","embeddable":true,"href":"https:\/\/www.monaco-tribune.com\/it\/wp-json\/wp\/v2\/tags?post=176581"},{"taxonomy":"sectag","embeddable":true,"href":"https:\/\/www.monaco-tribune.com\/it\/wp-json\/wp\/v2\/post_sectags?post=176581"},{"taxonomy":"format","embeddable":true,"href":"https:\/\/www.monaco-tribune.com\/it\/wp-json\/wp\/v2\/post_format?post=176581"}],"curies":[{"name":"wp","href":"https:\/\/api.w.org\/{rel}","templated":true}]}}