{"id":177078,"date":"2023-05-17T19:15:31","date_gmt":"2023-05-17T17:15:31","guid":{"rendered":"https:\/\/www.monaco-tribune.com\/2023\/05\/puntano-una-pistola-finta-contro-i-passanti-e-seminano-il-panico\/"},"modified":"2023-05-17T19:15:47","modified_gmt":"2023-05-17T17:15:47","slug":"puntano-una-pistola-finta-contro-i-passanti-e-seminano-il-panico","status":"publish","type":"post","link":"https:\/\/www.monaco-tribune.com\/it\/2023\/05\/puntano-una-pistola-finta-contro-i-passanti-e-seminano-il-panico\/","title":{"rendered":"Puntano una pistola finta contro i passanti e seminano il panico"},"content":{"rendered":"\n<p><strong>Nelle vicinanze della fiera Ever, che si stava svolgendo sotto il tendone di Fontvieille, la polizia \u00e8 intervenuta con fucili d&#8217;assalto e scudi.<\/strong>&#13;\n&#13;\n\u00a0&#13;\n&#13;\n\u00a0<\/p>\n\n<p>Uno scherzo di pessimo gusto. I due ragazzi per\u00f2 non hanno riso a lungo dopo aver trascorso tre notti nella prigione di Monaco prima di essere processati. Il giorno dell&#8217;udienza in tribunale sono arrivati ammanettati e scortati da diversi agenti di polizia, come da protocollo nei casi di flagranza di reato.<\/p>\n\n<p>Amici e colleghi in un autolavaggio a Monaco, i due giovani, di circa 25 anni, sono ora piuttosto pacati. Sembrano essersi resi conto della gravit\u00e0 del loro comportamento, che qualche giorno prima ha seminato il panico e creato scompiglio. Lo scorso venerd\u00ec 12 maggio, mentre i due cercavano di parcheggiare per recarsi al salone Ever, il passeggero ha puntato quella che sembrava essere un&#8217;arma da fuoco attraverso il finestrino del veicolo.<\/p>\n\n<p>Erano quasi le 14:00 quando un altro automobilista ha segnalato l&#8217;accaduto alla Pubblica Sicurezza, preoccupato dalla scena a cui aveva assistito. Giunti sul posto e armati fino ai denti, gli agenti si sono subito resi conto che si trattava di un\u2019arma finta. I due \u201cbuffoni\u201d sono stati presi subito in custodia.<\/p>\n\n<h2 class=\"wp-block-heading\" id=\"h-pas-d-antecedents-judiciaires\">Nessun precedente penale<\/h2>\n\n<p>&#8220;Come pensate ci si senta ad avere una pistola puntata addosso?&#8221;, ha chiesto il presidente ai due imputati, che hanno dichiarato di non aver consumato alcol o droghe il giorno dell&#8217;accaduto. &#8220;Deve essere sconvolgente, sicuramente. Non so come spiegare quello che ho fatto&#8221;, ha risposto il passeggero a testa bassa. \u201cPer quanto riguarda il mio collega che era al volante, non c\u2019entra nulla. Non mi ha mai aiutato o incitato a farlo&#8221;, assicura il mentonasco con la fedina penale pulita, cos\u00ec come quella del suo amico.<\/p>\n\n<p>Il loro datore di lavoro ha accettato di testimoniare alla sbarra. &#8220;Sono sorpreso. Non ho nulla da rimproverargli dal punto di vista professionale. In ogni caso, vi assicuro che ci saranno delle conseguenze anche da parte mia, perch\u00e9 erano in servizio al momento dei fatti\u201d. Anche i colleghi a loro volta si sono espressi in difesa dei loro amici.<\/p>\n\n<h2 class=\"wp-block-heading\">&#8220;Due idioti che giocavano a fare i gangster\u201d<\/h2>\n\n<p>Nonostante l&#8217;atteggiamento esemplare degli imputati durante l&#8217;udienza, il procuratore insiste: &#8220;questi due hanno causato un grave disturbo dell&#8217;ordine pubblico, soprattutto vista la minaccia terroristica nel paese vicino. Detto questo, ho la sensazione che questi pochi giorni di detenzione siano stati come un elettroshock&#8221;. Il pubblico ministero ha chiesto tre mesi di carcere con la condizionale per ognuno di loro.<\/p>\n\n<p>&#8220;Sono due idioti che giocavano a fare i gangster. Oggi si vergognano e si pentono. Quando \u00e8 arrivato il GPSI (Groupe de Protection, de Surveillance et d&#8217;Intervention), avrebbero potuto essere uccisi&#8221;, sostiene il loro avvocato.<\/p>\n\n<p class=\"related\"><a href=\"https:\/\/www.monaco-tribune.com\/it\/2023\/04\/gran-premio-di-monaco-invitava-gli-amici-sul-suo-yacht-per-delle-feste-stupefacenti\/\">Gran Premio di Monaco: invitava gli amici sul suo yacht per delle feste \u201cstupefacenti\u201d<\/a><\/p>\n\n<p>Giudicati colpevoli dal tribunale, uno con l\u2019accusa di minacce di morte e l&#8217;altro di complicit\u00e0, sono stati condannati a una multa di 1.000 euro con la condizionale, una sentenza piuttosto clemente. Un sollievo per le famiglie e gli amici che li hanno sostenuti numerosi sui banchi del tribunale.<\/p>\n","protected":false},"excerpt":{"rendered":"<p>Nelle vicinanze della fiera Ever, che si stava svolgendo sotto il tendone di Fontvieille, la polizia \u00e8 intervenuta con fucili [&hellip;]<\/p>\n","protected":false},"author":69,"featured_media":176855,"comment_status":"closed","ping_status":"closed","sticky":false,"template":"","format":"standard","meta":{"_acf_changed":false,"footnotes":""},"categories":[1738,1752],"tags":[3415],"post_sectags":[3909],"post_format":[2486],"class_list":["post-177078","post","type-post","status-publish","format-standard","has-post-thumbnail","hentry","category-notizie","category-societa","tag-giustizia","sectag-palazzo-di-giustizia","format-servizio"],"acf":[],"yoast_head":"<!-- This site is optimized with the Yoast SEO Premium plugin v26.8 (Yoast SEO v27.5) - https:\/\/yoast.com\/product\/yoast-seo-premium-wordpress\/ -->\n<title>Puntano una pistola finta contro i passanti e seminano il panico<\/title>\n<meta name=\"description\" content=\"Nelle vicinanze della fiera Ever, che si stava svolgendo sotto il tendone di Fontvieille, la polizia \u00e8 intervenuta con fucili d&#039;assalto e scudi.&#013;\" \/>\n<meta name=\"robots\" content=\"index, follow, max-snippet:-1, max-image-preview:large, max-video-preview:-1\" \/>\n<link rel=\"canonical\" href=\"https:\/\/www.monaco-tribune.com\/it\/2023\/05\/puntano-una-pistola-finta-contro-i-passanti-e-seminano-il-panico\/\" \/>\n<meta property=\"og:locale\" content=\"it_IT\" \/>\n<meta property=\"og:type\" content=\"article\" \/>\n<meta property=\"og:title\" content=\"Puntano una pistola finta contro i passanti e seminano il panico - Monaco Tribune\" \/>\n<meta property=\"og:description\" content=\"Nelle vicinanze della fiera Ever, che si stava svolgendo sotto il tendone di Fontvieille, la polizia \u00e8 intervenuta con fucili d&#039;assalto e scudi.&#013;\" \/>\n<meta property=\"og:url\" content=\"https:\/\/www.monaco-tribune.com\/it\/2023\/05\/puntano-una-pistola-finta-contro-i-passanti-e-seminano-il-panico\/\" \/>\n<meta property=\"og:site_name\" content=\"Monaco Tribune\" \/>\n<meta property=\"article:publisher\" content=\"https:\/\/www.facebook.com\/MonacoTribune\" \/>\n<meta property=\"article:published_time\" content=\"2023-05-17T17:15:31+00:00\" \/>\n<meta property=\"article:modified_time\" content=\"2023-05-17T17:15:47+00:00\" \/>\n<meta property=\"og:image\" content=\"https:\/\/www.monaco-tribune.com\/wp-content\/uploads\/2023\/05\/policier-a-l-unite-specialisee-en-intervention-de-voie-publique_900x900.jpg\" \/>\n\t<meta property=\"og:image:width\" content=\"1200\" \/>\n\t<meta property=\"og:image:height\" content=\"778\" \/>\n\t<meta property=\"og:image:type\" content=\"image\/jpeg\" \/>\n<meta name=\"author\" content=\"Sarah Incari\" \/>\n<meta name=\"twitter:card\" content=\"summary_large_image\" \/>\n<meta name=\"twitter:creator\" content=\"@MonacoTribune\" \/>\n<meta name=\"twitter:site\" content=\"@MonacoTribune\" \/>\n<script type=\"application\/ld+json\" class=\"yoast-schema-graph\">{\"@context\":\"https:\\\/\\\/schema.org\",\"@graph\":[{\"@type\":\"NewsArticle\",\"@id\":\"https:\\\/\\\/www.monaco-tribune.com\\\/it\\\/2023\\\/05\\\/puntano-una-pistola-finta-contro-i-passanti-e-seminano-il-panico\\\/#article\",\"isPartOf\":{\"@id\":\"https:\\\/\\\/www.monaco-tribune.com\\\/it\\\/2023\\\/05\\\/puntano-una-pistola-finta-contro-i-passanti-e-seminano-il-panico\\\/\"},\"author\":{\"name\":\"Sarah Incari\",\"@id\":\"https:\\\/\\\/www.monaco-tribune.com\\\/it\\\/#\\\/schema\\\/person\\\/dd3b5770833f791d3f4d808f1aa84499\"},\"headline\":\"Puntano una pistola finta contro i passanti e seminano il panico\",\"datePublished\":\"2023-05-17T17:15:31+00:00\",\"dateModified\":\"2023-05-17T17:15:47+00:00\",\"mainEntityOfPage\":{\"@id\":\"https:\\\/\\\/www.monaco-tribune.com\\\/it\\\/2023\\\/05\\\/puntano-una-pistola-finta-contro-i-passanti-e-seminano-il-panico\\\/\"},\"wordCount\":526,\"publisher\":{\"@id\":\"https:\\\/\\\/www.monaco-tribune.com\\\/it\\\/#organization\"},\"image\":{\"@id\":\"https:\\\/\\\/www.monaco-tribune.com\\\/it\\\/2023\\\/05\\\/puntano-una-pistola-finta-contro-i-passanti-e-seminano-il-panico\\\/#primaryimage\"},\"thumbnailUrl\":\"https:\\\/\\\/www.monaco-tribune.com\\\/wp-content\\\/uploads\\\/2023\\\/05\\\/policier-a-l-unite-specialisee-en-intervention-de-voie-publique_900x900.jpg\",\"keywords\":[\"Giustizia\"],\"articleSection\":[\"Notizie\",\"Societ\u00e0\"],\"inLanguage\":\"it-IT\",\"copyrightYear\":\"2023\",\"copyrightHolder\":{\"@id\":\"https:\\\/\\\/www.monaco-tribune.com\\\/#organization\"}},{\"@type\":\"WebPage\",\"@id\":\"https:\\\/\\\/www.monaco-tribune.com\\\/it\\\/2023\\\/05\\\/puntano-una-pistola-finta-contro-i-passanti-e-seminano-il-panico\\\/\",\"url\":\"https:\\\/\\\/www.monaco-tribune.com\\\/it\\\/2023\\\/05\\\/puntano-una-pistola-finta-contro-i-passanti-e-seminano-il-panico\\\/\",\"name\":\"Puntano una pistola finta contro i passanti e seminano il panico\",\"isPartOf\":{\"@id\":\"https:\\\/\\\/www.monaco-tribune.com\\\/it\\\/#website\"},\"primaryImageOfPage\":{\"@id\":\"https:\\\/\\\/www.monaco-tribune.com\\\/it\\\/2023\\\/05\\\/puntano-una-pistola-finta-contro-i-passanti-e-seminano-il-panico\\\/#primaryimage\"},\"image\":{\"@id\":\"https:\\\/\\\/www.monaco-tribune.com\\\/it\\\/2023\\\/05\\\/puntano-una-pistola-finta-contro-i-passanti-e-seminano-il-panico\\\/#primaryimage\"},\"thumbnailUrl\":\"https:\\\/\\\/www.monaco-tribune.com\\\/wp-content\\\/uploads\\\/2023\\\/05\\\/policier-a-l-unite-specialisee-en-intervention-de-voie-publique_900x900.jpg\",\"datePublished\":\"2023-05-17T17:15:31+00:00\",\"dateModified\":\"2023-05-17T17:15:47+00:00\",\"description\":\"Nelle vicinanze della fiera Ever, che si stava svolgendo sotto il tendone di Fontvieille, la polizia \u00e8 intervenuta con fucili d'assalto e scudi.&#13;\",\"breadcrumb\":{\"@id\":\"https:\\\/\\\/www.monaco-tribune.com\\\/it\\\/2023\\\/05\\\/puntano-una-pistola-finta-contro-i-passanti-e-seminano-il-panico\\\/#breadcrumb\"},\"inLanguage\":\"it-IT\",\"potentialAction\":[{\"@type\":\"ReadAction\",\"target\":[\"https:\\\/\\\/www.monaco-tribune.com\\\/it\\\/2023\\\/05\\\/puntano-una-pistola-finta-contro-i-passanti-e-seminano-il-panico\\\/\"]}]},{\"@type\":\"ImageObject\",\"inLanguage\":\"it-IT\",\"@id\":\"https:\\\/\\\/www.monaco-tribune.com\\\/it\\\/2023\\\/05\\\/puntano-una-pistola-finta-contro-i-passanti-e-seminano-il-panico\\\/#primaryimage\",\"url\":\"https:\\\/\\\/www.monaco-tribune.com\\\/wp-content\\\/uploads\\\/2023\\\/05\\\/policier-a-l-unite-specialisee-en-intervention-de-voie-publique_900x900.jpg\",\"contentUrl\":\"https:\\\/\\\/www.monaco-tribune.com\\\/wp-content\\\/uploads\\\/2023\\\/05\\\/policier-a-l-unite-specialisee-en-intervention-de-voie-publique_900x900.jpg\",\"width\":1200,\"height\":778,\"caption\":\"I poliziotti del GPSI, specializzati in interventi ad alto rischio, sono intervenuti il giorno dei fatti, venerd\u00ec 12 maggio 2023 - (Foto - S\u00fbret\u00e9 Publique)\"},{\"@type\":\"BreadcrumbList\",\"@id\":\"https:\\\/\\\/www.monaco-tribune.com\\\/it\\\/2023\\\/05\\\/puntano-una-pistola-finta-contro-i-passanti-e-seminano-il-panico\\\/#breadcrumb\",\"itemListElement\":[{\"@type\":\"ListItem\",\"position\":1,\"name\":\"Accueil\",\"item\":\"https:\\\/\\\/www.monaco-tribune.com\\\/it\\\/\"},{\"@type\":\"ListItem\",\"position\":2,\"name\":\"Puntano una pistola finta contro i passanti e seminano il panico\"}]},{\"@type\":\"WebSite\",\"@id\":\"https:\\\/\\\/www.monaco-tribune.com\\\/it\\\/#website\",\"url\":\"https:\\\/\\\/www.monaco-tribune.com\\\/it\\\/\",\"name\":\"Monaco Tribune\",\"description\":\"Monaco : actualit\u00e9s \u00e9conomiques, politiques, culturelles et sportives de Monaco et de la French Riviera.\",\"publisher\":{\"@id\":\"https:\\\/\\\/www.monaco-tribune.com\\\/it\\\/#organization\"},\"potentialAction\":[{\"@type\":\"SearchAction\",\"target\":{\"@type\":\"EntryPoint\",\"urlTemplate\":\"https:\\\/\\\/www.monaco-tribune.com\\\/it\\\/?s={search_term_string}\"},\"query-input\":{\"@type\":\"PropertyValueSpecification\",\"valueRequired\":true,\"valueName\":\"search_term_string\"}}],\"inLanguage\":\"it-IT\"},{\"@type\":\"Organization\",\"@id\":\"https:\\\/\\\/www.monaco-tribune.com\\\/it\\\/#organization\",\"name\":\"Monaco Tribune\",\"url\":\"https:\\\/\\\/www.monaco-tribune.com\\\/it\\\/\",\"logo\":{\"@type\":\"ImageObject\",\"inLanguage\":\"it-IT\",\"@id\":\"https:\\\/\\\/www.monaco-tribune.com\\\/it\\\/#\\\/schema\\\/logo\\\/image\\\/\",\"url\":\"https:\\\/\\\/www.monaco-tribune.com\\\/wp-content\\\/uploads\\\/2022\\\/11\\\/logo-monaco-tribune.png\",\"contentUrl\":\"https:\\\/\\\/www.monaco-tribune.com\\\/wp-content\\\/uploads\\\/2022\\\/11\\\/logo-monaco-tribune.png\",\"width\":1548,\"height\":600,\"caption\":\"Monaco Tribune\"},\"image\":{\"@id\":\"https:\\\/\\\/www.monaco-tribune.com\\\/it\\\/#\\\/schema\\\/logo\\\/image\\\/\"},\"sameAs\":[\"https:\\\/\\\/www.facebook.com\\\/MonacoTribune\",\"https:\\\/\\\/x.com\\\/MonacoTribune\",\"https:\\\/\\\/www.instagram.com\\\/monacotribune\\\/\",\"https:\\\/\\\/www.linkedin.com\\\/company\\\/monaco-tribune\",\"https:\\\/\\\/www.youtube.com\\\/channel\\\/UCHle1MnG6hw1y4lWKijVbMA\"]},{\"@type\":\"Person\",\"@id\":\"https:\\\/\\\/www.monaco-tribune.com\\\/it\\\/#\\\/schema\\\/person\\\/dd3b5770833f791d3f4d808f1aa84499\",\"name\":\"Sarah Incari\",\"image\":{\"@type\":\"ImageObject\",\"inLanguage\":\"it-IT\",\"@id\":\"https:\\\/\\\/secure.gravatar.com\\\/avatar\\\/4ac0b37be892d57107ccdd804e3f2a03bf1e3fca097512136d3603859293cb0e?s=96&d=mm&r=g\",\"url\":\"https:\\\/\\\/secure.gravatar.com\\\/avatar\\\/4ac0b37be892d57107ccdd804e3f2a03bf1e3fca097512136d3603859293cb0e?s=96&d=mm&r=g\",\"contentUrl\":\"https:\\\/\\\/secure.gravatar.com\\\/avatar\\\/4ac0b37be892d57107ccdd804e3f2a03bf1e3fca097512136d3603859293cb0e?s=96&d=mm&r=g\",\"caption\":\"Sarah Incari\"},\"url\":\"https:\\\/\\\/www.monaco-tribune.com\\\/it\\\/author\\\/sarahincari\\\/\"}]}<\/script>\n<!-- \/ Yoast SEO Premium plugin. -->","yoast_head_json":{"title":"Puntano una pistola finta contro i passanti e seminano il panico","description":"Nelle vicinanze della fiera Ever, che si stava svolgendo sotto il tendone di Fontvieille, la polizia \u00e8 intervenuta con fucili d'assalto e scudi.&#13;","robots":{"index":"index","follow":"follow","max-snippet":"max-snippet:-1","max-image-preview":"max-image-preview:large","max-video-preview":"max-video-preview:-1"},"canonical":"https:\/\/www.monaco-tribune.com\/it\/2023\/05\/puntano-una-pistola-finta-contro-i-passanti-e-seminano-il-panico\/","og_locale":"it_IT","og_type":"article","og_title":"Puntano una pistola finta contro i passanti e seminano il panico - Monaco Tribune","og_description":"Nelle vicinanze della fiera Ever, che si stava svolgendo sotto il tendone di Fontvieille, la polizia \u00e8 intervenuta con fucili d'assalto e scudi.&#13;","og_url":"https:\/\/www.monaco-tribune.com\/it\/2023\/05\/puntano-una-pistola-finta-contro-i-passanti-e-seminano-il-panico\/","og_site_name":"Monaco Tribune","article_publisher":"https:\/\/www.facebook.com\/MonacoTribune","article_published_time":"2023-05-17T17:15:31+00:00","article_modified_time":"2023-05-17T17:15:47+00:00","og_image":[{"width":1200,"height":778,"url":"https:\/\/www.monaco-tribune.com\/wp-content\/uploads\/2023\/05\/policier-a-l-unite-specialisee-en-intervention-de-voie-publique_900x900.jpg","type":"image\/jpeg"}],"author":"Sarah Incari","twitter_card":"summary_large_image","twitter_creator":"@MonacoTribune","twitter_site":"@MonacoTribune","schema":{"@context":"https:\/\/schema.org","@graph":[{"@type":"NewsArticle","@id":"https:\/\/www.monaco-tribune.com\/it\/2023\/05\/puntano-una-pistola-finta-contro-i-passanti-e-seminano-il-panico\/#article","isPartOf":{"@id":"https:\/\/www.monaco-tribune.com\/it\/2023\/05\/puntano-una-pistola-finta-contro-i-passanti-e-seminano-il-panico\/"},"author":{"name":"Sarah Incari","@id":"https:\/\/www.monaco-tribune.com\/it\/#\/schema\/person\/dd3b5770833f791d3f4d808f1aa84499"},"headline":"Puntano una pistola finta contro i passanti e seminano il panico","datePublished":"2023-05-17T17:15:31+00:00","dateModified":"2023-05-17T17:15:47+00:00","mainEntityOfPage":{"@id":"https:\/\/www.monaco-tribune.com\/it\/2023\/05\/puntano-una-pistola-finta-contro-i-passanti-e-seminano-il-panico\/"},"wordCount":526,"publisher":{"@id":"https:\/\/www.monaco-tribune.com\/it\/#organization"},"image":{"@id":"https:\/\/www.monaco-tribune.com\/it\/2023\/05\/puntano-una-pistola-finta-contro-i-passanti-e-seminano-il-panico\/#primaryimage"},"thumbnailUrl":"https:\/\/www.monaco-tribune.com\/wp-content\/uploads\/2023\/05\/policier-a-l-unite-specialisee-en-intervention-de-voie-publique_900x900.jpg","keywords":["Giustizia"],"articleSection":["Notizie","Societ\u00e0"],"inLanguage":"it-IT","copyrightYear":"2023","copyrightHolder":{"@id":"https:\/\/www.monaco-tribune.com\/#organization"}},{"@type":"WebPage","@id":"https:\/\/www.monaco-tribune.com\/it\/2023\/05\/puntano-una-pistola-finta-contro-i-passanti-e-seminano-il-panico\/","url":"https:\/\/www.monaco-tribune.com\/it\/2023\/05\/puntano-una-pistola-finta-contro-i-passanti-e-seminano-il-panico\/","name":"Puntano una pistola finta contro i passanti e seminano il panico","isPartOf":{"@id":"https:\/\/www.monaco-tribune.com\/it\/#website"},"primaryImageOfPage":{"@id":"https:\/\/www.monaco-tribune.com\/it\/2023\/05\/puntano-una-pistola-finta-contro-i-passanti-e-seminano-il-panico\/#primaryimage"},"image":{"@id":"https:\/\/www.monaco-tribune.com\/it\/2023\/05\/puntano-una-pistola-finta-contro-i-passanti-e-seminano-il-panico\/#primaryimage"},"thumbnailUrl":"https:\/\/www.monaco-tribune.com\/wp-content\/uploads\/2023\/05\/policier-a-l-unite-specialisee-en-intervention-de-voie-publique_900x900.jpg","datePublished":"2023-05-17T17:15:31+00:00","dateModified":"2023-05-17T17:15:47+00:00","description":"Nelle vicinanze della fiera Ever, che si stava svolgendo sotto il tendone di Fontvieille, la polizia \u00e8 intervenuta con fucili d'assalto e scudi.&#13;","breadcrumb":{"@id":"https:\/\/www.monaco-tribune.com\/it\/2023\/05\/puntano-una-pistola-finta-contro-i-passanti-e-seminano-il-panico\/#breadcrumb"},"inLanguage":"it-IT","potentialAction":[{"@type":"ReadAction","target":["https:\/\/www.monaco-tribune.com\/it\/2023\/05\/puntano-una-pistola-finta-contro-i-passanti-e-seminano-il-panico\/"]}]},{"@type":"ImageObject","inLanguage":"it-IT","@id":"https:\/\/www.monaco-tribune.com\/it\/2023\/05\/puntano-una-pistola-finta-contro-i-passanti-e-seminano-il-panico\/#primaryimage","url":"https:\/\/www.monaco-tribune.com\/wp-content\/uploads\/2023\/05\/policier-a-l-unite-specialisee-en-intervention-de-voie-publique_900x900.jpg","contentUrl":"https:\/\/www.monaco-tribune.com\/wp-content\/uploads\/2023\/05\/policier-a-l-unite-specialisee-en-intervention-de-voie-publique_900x900.jpg","width":1200,"height":778,"caption":"I poliziotti del GPSI, specializzati in interventi ad alto rischio, sono intervenuti il giorno dei fatti, venerd\u00ec 12 maggio 2023 - (Foto - S\u00fbret\u00e9 Publique)"},{"@type":"BreadcrumbList","@id":"https:\/\/www.monaco-tribune.com\/it\/2023\/05\/puntano-una-pistola-finta-contro-i-passanti-e-seminano-il-panico\/#breadcrumb","itemListElement":[{"@type":"ListItem","position":1,"name":"Accueil","item":"https:\/\/www.monaco-tribune.com\/it\/"},{"@type":"ListItem","position":2,"name":"Puntano una pistola finta contro i passanti e seminano il panico"}]},{"@type":"WebSite","@id":"https:\/\/www.monaco-tribune.com\/it\/#website","url":"https:\/\/www.monaco-tribune.com\/it\/","name":"Monaco Tribune","description":"Monaco : actualit\u00e9s \u00e9conomiques, politiques, culturelles et sportives de Monaco et de la French Riviera.","publisher":{"@id":"https:\/\/www.monaco-tribune.com\/it\/#organization"},"potentialAction":[{"@type":"SearchAction","target":{"@type":"EntryPoint","urlTemplate":"https:\/\/www.monaco-tribune.com\/it\/?s={search_term_string}"},"query-input":{"@type":"PropertyValueSpecification","valueRequired":true,"valueName":"search_term_string"}}],"inLanguage":"it-IT"},{"@type":"Organization","@id":"https:\/\/www.monaco-tribune.com\/it\/#organization","name":"Monaco Tribune","url":"https:\/\/www.monaco-tribune.com\/it\/","logo":{"@type":"ImageObject","inLanguage":"it-IT","@id":"https:\/\/www.monaco-tribune.com\/it\/#\/schema\/logo\/image\/","url":"https:\/\/www.monaco-tribune.com\/wp-content\/uploads\/2022\/11\/logo-monaco-tribune.png","contentUrl":"https:\/\/www.monaco-tribune.com\/wp-content\/uploads\/2022\/11\/logo-monaco-tribune.png","width":1548,"height":600,"caption":"Monaco Tribune"},"image":{"@id":"https:\/\/www.monaco-tribune.com\/it\/#\/schema\/logo\/image\/"},"sameAs":["https:\/\/www.facebook.com\/MonacoTribune","https:\/\/x.com\/MonacoTribune","https:\/\/www.instagram.com\/monacotribune\/","https:\/\/www.linkedin.com\/company\/monaco-tribune","https:\/\/www.youtube.com\/channel\/UCHle1MnG6hw1y4lWKijVbMA"]},{"@type":"Person","@id":"https:\/\/www.monaco-tribune.com\/it\/#\/schema\/person\/dd3b5770833f791d3f4d808f1aa84499","name":"Sarah Incari","image":{"@type":"ImageObject","inLanguage":"it-IT","@id":"https:\/\/secure.gravatar.com\/avatar\/4ac0b37be892d57107ccdd804e3f2a03bf1e3fca097512136d3603859293cb0e?s=96&d=mm&r=g","url":"https:\/\/secure.gravatar.com\/avatar\/4ac0b37be892d57107ccdd804e3f2a03bf1e3fca097512136d3603859293cb0e?s=96&d=mm&r=g","contentUrl":"https:\/\/secure.gravatar.com\/avatar\/4ac0b37be892d57107ccdd804e3f2a03bf1e3fca097512136d3603859293cb0e?s=96&d=mm&r=g","caption":"Sarah Incari"},"url":"https:\/\/www.monaco-tribune.com\/it\/author\/sarahincari\/"}]}},"_links":{"self":[{"href":"https:\/\/www.monaco-tribune.com\/it\/wp-json\/wp\/v2\/posts\/177078","targetHints":{"allow":["GET"]}}],"collection":[{"href":"https:\/\/www.monaco-tribune.com\/it\/wp-json\/wp\/v2\/posts"}],"about":[{"href":"https:\/\/www.monaco-tribune.com\/it\/wp-json\/wp\/v2\/types\/post"}],"author":[{"embeddable":true,"href":"https:\/\/www.monaco-tribune.com\/it\/wp-json\/wp\/v2\/users\/69"}],"replies":[{"embeddable":true,"href":"https:\/\/www.monaco-tribune.com\/it\/wp-json\/wp\/v2\/comments?post=177078"}],"version-history":[{"count":0,"href":"https:\/\/www.monaco-tribune.com\/it\/wp-json\/wp\/v2\/posts\/177078\/revisions"}],"wp:featuredmedia":[{"embeddable":true,"href":"https:\/\/www.monaco-tribune.com\/it\/wp-json\/wp\/v2\/media\/176855"}],"wp:attachment":[{"href":"https:\/\/www.monaco-tribune.com\/it\/wp-json\/wp\/v2\/media?parent=177078"}],"wp:term":[{"taxonomy":"category","embeddable":true,"href":"https:\/\/www.monaco-tribune.com\/it\/wp-json\/wp\/v2\/categories?post=177078"},{"taxonomy":"post_tag","embeddable":true,"href":"https:\/\/www.monaco-tribune.com\/it\/wp-json\/wp\/v2\/tags?post=177078"},{"taxonomy":"sectag","embeddable":true,"href":"https:\/\/www.monaco-tribune.com\/it\/wp-json\/wp\/v2\/post_sectags?post=177078"},{"taxonomy":"format","embeddable":true,"href":"https:\/\/www.monaco-tribune.com\/it\/wp-json\/wp\/v2\/post_format?post=177078"}],"curies":[{"name":"wp","href":"https:\/\/api.w.org\/{rel}","templated":true}]}}