{"id":177390,"date":"2023-05-22T13:07:19","date_gmt":"2023-05-22T11:07:19","guid":{"rendered":"https:\/\/www.monaco-tribune.com\/2023\/05\/tutto-quello-che-ce-da-sapere-sulla-spiaggia-del-larvotto-per-lestate-2023\/"},"modified":"2023-05-22T13:08:58","modified_gmt":"2023-05-22T11:08:58","slug":"tutto-quello-che-ce-da-sapere-sulla-spiaggia-del-larvotto-per-lestate-2023","status":"publish","type":"post","link":"https:\/\/www.monaco-tribune.com\/it\/2023\/05\/tutto-quello-che-ce-da-sapere-sulla-spiaggia-del-larvotto-per-lestate-2023\/","title":{"rendered":"Tutto quello che c&#8217;\u00e8 da sapere sulla spiaggia del Larvotto per l&#8217;estate 2023"},"content":{"rendered":"\n<p><strong>Tra qualche settimana la spiaggia del Larvotto sar\u00e0 di nuovo presa d&#8217;assalto. Ma quali attivit\u00e0 offre? Monaco Tribune \u00e8 andato a dare un&#8217;occhiata.<\/strong><\/p>\n\n<p>\u00c8 la spiaggia pi\u00f9 grande del Principato. A est della citt\u00e0, nel quartiere Larvotto, la distesa di sabbia e ghiaia \u00e8 costeggiata dal suo lungomare, dove si affacciano negozi, ristoranti e locali di ogni genere. <\/p>\n\n<h2 class=\"wp-block-heading\" id=\"h-l-esplanade\">Il piazzale<\/h2>\n\n<p>Sia che si arrivi in auto, in autobus o a piedi, il piazzale del Larvotto \u00e8 un passaggio quasi obbligatorio. Si affaccia sulla spiaggia, a cui si pu\u00f2 accedere grazie a scale o ascensori. Ci sono anche alcuni ristoranti, ma viene perlopi\u00f9 utilizzato per sedersi all&#8217;ombra e ammirare il verde e la vista sul mare. Ospita anche una pista ciclabile, con una stazione Monabike disponibile sul posto. <\/p>\n\n<p>Alla fine del piazzale, trovate le attrezzature sportive per allenarvi all&#8217;aperto, con pochi macchinari e barre fisse che si affacciano sul Mar Mediterraneo. Accanto, la fontana Martigue ricrea una cascata con la sua vasca circolare di 9,50 metri. Simbolo del lungomare del Larvotto dal 1970, la fontana Lartigue \u00e8 stata reinstallata in Place Josephine Baker nel maggio 2022, dopo tre anni di assenza. <\/p>\n\n<figure class=\"wp-block-gallery has-nested-images columns-1 is-cropped wp-block-gallery-1 is-layout-flex wp-block-gallery-is-layout-flex\">\n<figure class=\"wp-block-image size-large\"><img loading=\"lazy\" decoding=\"async\" width=\"1024\" height=\"768\" data-id=\"177051\" src=\"https:\/\/www.monaco-tribune.com\/wp-content\/uploads\/2023\/05\/plage-larvotto-1-compressed-1024x768.jpg\" alt=\"\" class=\"wp-image-177051\" srcset=\"https:\/\/www.monaco-tribune.com\/wp-content\/uploads\/2023\/05\/plage-larvotto-1-compressed-1024x768.jpg 1024w, https:\/\/www.monaco-tribune.com\/wp-content\/uploads\/2023\/05\/plage-larvotto-1-compressed-400x300.jpg 400w, https:\/\/www.monaco-tribune.com\/wp-content\/uploads\/2023\/05\/plage-larvotto-1-compressed-scaled.jpg 2048w\" sizes=\"auto, (max-width: 1024px) 100vw, 1024px\" \/><\/figure>\n\n\n\n<figure class=\"wp-block-image size-large\"><img loading=\"lazy\" decoding=\"async\" width=\"1024\" height=\"768\" data-id=\"177060\" src=\"https:\/\/www.monaco-tribune.com\/wp-content\/uploads\/2023\/05\/plage-larvotto-3-compressed-1024x768.jpg\" alt=\"\" class=\"wp-image-177060\" srcset=\"https:\/\/www.monaco-tribune.com\/wp-content\/uploads\/2023\/05\/plage-larvotto-3-compressed-1024x768.jpg 1024w, https:\/\/www.monaco-tribune.com\/wp-content\/uploads\/2023\/05\/plage-larvotto-3-compressed-400x300.jpg 400w, https:\/\/www.monaco-tribune.com\/wp-content\/uploads\/2023\/05\/plage-larvotto-3-compressed.jpg 2000w\" sizes=\"auto, (max-width: 1024px) 100vw, 1024px\" \/><\/figure>\n\n\n\n<figure class=\"wp-block-image size-large\"><img loading=\"lazy\" decoding=\"async\" width=\"1024\" height=\"768\" data-id=\"177053\" src=\"https:\/\/www.monaco-tribune.com\/wp-content\/uploads\/2023\/05\/plage-larvotto-4-compressed-1024x768.jpg\" alt=\"\" class=\"wp-image-177053\" srcset=\"https:\/\/www.monaco-tribune.com\/wp-content\/uploads\/2023\/05\/plage-larvotto-4-compressed-1024x768.jpg 1024w, https:\/\/www.monaco-tribune.com\/wp-content\/uploads\/2023\/05\/plage-larvotto-4-compressed-400x300.jpg 400w, https:\/\/www.monaco-tribune.com\/wp-content\/uploads\/2023\/05\/plage-larvotto-4-compressed-scaled.jpg 2048w\" sizes=\"auto, (max-width: 1024px) 100vw, 1024px\" \/><\/figure>\n\n\n\n<figure class=\"wp-block-image size-large\"><img loading=\"lazy\" decoding=\"async\" width=\"1024\" height=\"768\" data-id=\"177059\" src=\"https:\/\/www.monaco-tribune.com\/wp-content\/uploads\/2023\/05\/plage-larvotto-5-compressed-1024x768.jpg\" alt=\"\" class=\"wp-image-177059\" srcset=\"https:\/\/www.monaco-tribune.com\/wp-content\/uploads\/2023\/05\/plage-larvotto-5-compressed-1024x768.jpg 1024w, https:\/\/www.monaco-tribune.com\/wp-content\/uploads\/2023\/05\/plage-larvotto-5-compressed-400x300.jpg 400w, https:\/\/www.monaco-tribune.com\/wp-content\/uploads\/2023\/05\/plage-larvotto-5-compressed.jpg 2000w\" sizes=\"auto, (max-width: 1024px) 100vw, 1024px\" \/><\/figure>\n<figcaption class=\"blocks-gallery-caption wp-element-caption\">\u00a9 Monaco Tribune<\/figcaption><\/figure>\n\n<p>Il vero fulcro del luogo, la spiaggia e la sua promenade, si trova a pochi metri sotto di noi. Andiamo subito a fare una passeggiata.<\/p>\n<div class=\"wp-block-image\">\n<figure class=\"aligncenter size-large\"><img loading=\"lazy\" decoding=\"async\" width=\"1024\" height=\"768\" src=\"https:\/\/www.monaco-tribune.com\/wp-content\/uploads\/2023\/05\/plage-larvotto-2-compressed-1024x768.jpg\" alt=\"\" class=\"wp-image-177069\" srcset=\"https:\/\/www.monaco-tribune.com\/wp-content\/uploads\/2023\/05\/plage-larvotto-2-compressed-1024x768.jpg 1024w, https:\/\/www.monaco-tribune.com\/wp-content\/uploads\/2023\/05\/plage-larvotto-2-compressed-400x300.jpg 400w, https:\/\/www.monaco-tribune.com\/wp-content\/uploads\/2023\/05\/plage-larvotto-2-compressed.jpg 2000w\" sizes=\"auto, (max-width: 1024px) 100vw, 1024px\" \/><figcaption class=\"wp-element-caption\">\u00a9 Monaco Tribune<\/figcaption><\/figure>\n<\/div>\n<h2 class=\"wp-block-heading\">Una promenade piena di vita<\/h2>\n\n<p>L&#8217;intera spiaggia \u00e8 incorniciata da una promenade piastrellata larga pochi metri. Oltre ai numerosi ristoranti sulla spiaggia, tutti i negozi si trovano proprio su questo lungomare, direttamente sotto il piazzale. <\/p>\n<div class=\"wp-block-image\">\n<figure class=\"aligncenter size-large\"><img loading=\"lazy\" decoding=\"async\" width=\"1024\" height=\"696\" src=\"https:\/\/www.monaco-tribune.com\/wp-content\/uploads\/2023\/05\/plage-du-larvotto-8-compressed-1024x696.jpg\" alt=\"\" class=\"wp-image-177133\" srcset=\"https:\/\/www.monaco-tribune.com\/wp-content\/uploads\/2023\/05\/plage-du-larvotto-8-compressed-1024x696.jpg 1024w, https:\/\/www.monaco-tribune.com\/wp-content\/uploads\/2023\/05\/plage-du-larvotto-8-compressed-441x300.jpg 441w, https:\/\/www.monaco-tribune.com\/wp-content\/uploads\/2023\/05\/plage-du-larvotto-8-compressed.jpg 2000w\" sizes=\"auto, (max-width: 1024px) 100vw, 1024px\" \/><figcaption class=\"wp-element-caption\">\u00a9 Monaco Tribune<\/figcaption><\/figure>\n<\/div>\n<h2 class=\"wp-block-heading\">Un&#8217;ampia scelta di ristoranti<\/h2>\n\n<p>I ristoranti sulla spiaggia non mancano, anzi. Miami Plage, La Note Bleue, Marco, Neptune Monaco Beach, Giacomo&#8230; La scelta \u00e8 a dir poco varia, dalla cucina mediterranea a quella italiana, senza dimenticare la cucina messicana, appena arrivata sul lungomare con Sexy Tacos. Il ristorante \u00e8 presente a Monaco gi\u00e0 da 6 anni, ma si \u00e8 unito al complesso balneare solo nell&#8217;autunno del 2022. Anche i prezzi sono abbastanza vari, da 20 a 40 euro a portata a seconda del locale.<\/p>\n<div class=\"wp-block-image\">\n<figure class=\"aligncenter size-large\"><img loading=\"lazy\" decoding=\"async\" width=\"1024\" height=\"690\" src=\"https:\/\/www.monaco-tribune.com\/wp-content\/uploads\/2023\/05\/plage-du-larvotto-14-compressed-1024x690.jpg\" alt=\"\" class=\"wp-image-177144\" srcset=\"https:\/\/www.monaco-tribune.com\/wp-content\/uploads\/2023\/05\/plage-du-larvotto-14-compressed-1024x690.jpg 1024w, https:\/\/www.monaco-tribune.com\/wp-content\/uploads\/2023\/05\/plage-du-larvotto-14-compressed-445x300.jpg 445w, https:\/\/www.monaco-tribune.com\/wp-content\/uploads\/2023\/05\/plage-du-larvotto-14-compressed.jpg 2000w\" sizes=\"auto, (max-width: 1024px) 100vw, 1024px\" \/><figcaption class=\"wp-element-caption\"><em>Sexy Tacos ha inaugurato il suo nuovo locale nell&#8217;autunno 2022.<\/em> \u00a9 Monaco Tribune<\/figcaption><\/figure>\n<\/div>\n<p>Oltre ai ristoranti, ci sono altri negozi che offrono i loro prodotti. La boulangerie Costa, un&#8217;istituzione nel Principato, \u00e8 arrivata a maggio 2022. All&#8217;inaugurazione ha partecipato persino il Principe Alberto II. La pasticceria si \u00e8 unita al complesso sul lungomare, spostandosi dall&#8217;edificio Estoril di fronte alla spiaggia del Larvotto all&#8217;altro lato della strada. Sulla promenade trovate anche delle gelaterie, imperdibili con l&#8217;arrivo del caldo estivo.<\/p>\n<div class=\"wp-block-image\">\n<figure class=\"aligncenter size-large\"><img loading=\"lazy\" decoding=\"async\" width=\"1024\" height=\"695\" src=\"https:\/\/www.monaco-tribune.com\/wp-content\/uploads\/2023\/05\/plage-du-larvotto-6-compressed-1024x695.jpg\" alt=\"\" class=\"wp-image-177148\" srcset=\"https:\/\/www.monaco-tribune.com\/wp-content\/uploads\/2023\/05\/plage-du-larvotto-6-compressed-1024x695.jpg 1024w, https:\/\/www.monaco-tribune.com\/wp-content\/uploads\/2023\/05\/plage-du-larvotto-6-compressed-442x300.jpg 442w, https:\/\/www.monaco-tribune.com\/wp-content\/uploads\/2023\/05\/plage-du-larvotto-6-compressed.jpg 2000w\" sizes=\"auto, (max-width: 1024px) 100vw, 1024px\" \/><figcaption class=\"wp-element-caption\"><em>Dei tre negozi Costa presenti nel Principato, uno si trova da un anno sul lungomare Larvotto.<\/em> \u00a9 Monaco Tribune<\/figcaption><\/figure>\n<\/div>\n<h2 class=\"wp-block-heading\">Palestra, centro estetico, negozi&#8230;<\/h2>\n\n<p>Con il passare degli anni Il complesso balneare continua a crescere e a offrire sempre pi\u00f9 servizi. Dopo la chiusura del Larvotto Gym Center a settembre 2019 per i lavori di ristrutturazione, i fan della palestra (in spiaggia) sono rimasti spiazzati. Ma nella primavera del 2022, sul lungomare \u00e8 arrivata Fit Factory. Aperta dalle 7:00 alle 21:30 nei giorni feriali e dalle 8:30 alle 13:30 nei weekend, la palestra offre uno spazio di 600 m\u00b2 per tenersi in forma. L&#8217;iscrizione annuale costa 1860 euro.<\/p>\n\n<p>Per quanto riguarda l&#8217;estetica, Beauty Angels Monaco offre trattamenti di bellezza ed \u00e8 anche un parrucchiere. Il centro \u00e8 aperto dal luned\u00ec al sabato dalle 9:30 alle 19:00. <\/p>\n\n<figure class=\"wp-block-gallery has-nested-images columns-1 is-cropped wp-block-gallery-2 is-layout-flex wp-block-gallery-is-layout-flex\">\n<figure class=\"wp-block-image size-large\"><img loading=\"lazy\" decoding=\"async\" width=\"1024\" height=\"768\" data-id=\"177156\" src=\"https:\/\/www.monaco-tribune.com\/wp-content\/uploads\/2023\/05\/plage-du-larvotto-5-compressed-1024x768.jpg\" alt=\"\" class=\"wp-image-177156\" srcset=\"https:\/\/www.monaco-tribune.com\/wp-content\/uploads\/2023\/05\/plage-du-larvotto-5-compressed-1024x768.jpg 1024w, https:\/\/www.monaco-tribune.com\/wp-content\/uploads\/2023\/05\/plage-du-larvotto-5-compressed-400x300.jpg 400w, https:\/\/www.monaco-tribune.com\/wp-content\/uploads\/2023\/05\/plage-du-larvotto-5-compressed-scaled.jpg 2048w\" sizes=\"auto, (max-width: 1024px) 100vw, 1024px\" \/><\/figure>\n\n\n\n<figure class=\"wp-block-image size-large\"><img loading=\"lazy\" decoding=\"async\" width=\"1024\" height=\"682\" data-id=\"177152\" src=\"https:\/\/www.monaco-tribune.com\/wp-content\/uploads\/2023\/05\/plage-du-larvotto-7-1024x682.jpg\" alt=\"\" class=\"wp-image-177152\" srcset=\"https:\/\/www.monaco-tribune.com\/wp-content\/uploads\/2023\/05\/plage-du-larvotto-7-1024x682.jpg 1024w, https:\/\/www.monaco-tribune.com\/wp-content\/uploads\/2023\/05\/plage-du-larvotto-7-450x300.jpg 450w, https:\/\/www.monaco-tribune.com\/wp-content\/uploads\/2023\/05\/plage-du-larvotto-7.jpg 2000w\" sizes=\"auto, (max-width: 1024px) 100vw, 1024px\" \/><\/figure>\n<figcaption class=\"blocks-gallery-caption wp-element-caption\">\u00a9 Monaco Tribune<\/figcaption><\/figure>\n\n<p>La spiaggia del Larvotto, con i suoi 14.000 m2, accoglie ogni estate migliaia di turisti e gente del posto. Ma non tutti arrivano con il costume da bagno! Niente paura, c&#8217;\u00e8 un negozio, il Palais du Maillot, dove trovate di tutto, dal costume alle infradito, compresi giochi da spiaggia e salvagenti. Nelle vicinanze ci sono anche diverse boutique di abbigliamento, oltre a un negozio di arredamento.<\/p>\n\n<figure class=\"wp-block-gallery has-nested-images columns-1 is-cropped wp-block-gallery-3 is-layout-flex wp-block-gallery-is-layout-flex\">\n<figure class=\"wp-block-image size-large\"><img loading=\"lazy\" decoding=\"async\" width=\"1024\" height=\"716\" data-id=\"177160\" src=\"https:\/\/www.monaco-tribune.com\/wp-content\/uploads\/2023\/05\/plage-du-larvotto-10-compressed-1024x716.jpg\" alt=\"\" class=\"wp-image-177160\" srcset=\"https:\/\/www.monaco-tribune.com\/wp-content\/uploads\/2023\/05\/plage-du-larvotto-10-compressed-1024x716.jpg 1024w, https:\/\/www.monaco-tribune.com\/wp-content\/uploads\/2023\/05\/plage-du-larvotto-10-compressed-429x300.jpg 429w, https:\/\/www.monaco-tribune.com\/wp-content\/uploads\/2023\/05\/plage-du-larvotto-10-compressed.jpg 2000w\" sizes=\"auto, (max-width: 1024px) 100vw, 1024px\" \/><\/figure>\n\n\n\n<figure class=\"wp-block-image size-large\"><img loading=\"lazy\" decoding=\"async\" width=\"1024\" height=\"768\" data-id=\"177164\" src=\"https:\/\/www.monaco-tribune.com\/wp-content\/uploads\/2023\/05\/plage-du-larvotto-12-compressed-1024x768.jpg\" alt=\"\" class=\"wp-image-177164\" srcset=\"https:\/\/www.monaco-tribune.com\/wp-content\/uploads\/2023\/05\/plage-du-larvotto-12-compressed-1024x768.jpg 1024w, https:\/\/www.monaco-tribune.com\/wp-content\/uploads\/2023\/05\/plage-du-larvotto-12-compressed-400x300.jpg 400w, https:\/\/www.monaco-tribune.com\/wp-content\/uploads\/2023\/05\/plage-du-larvotto-12-compressed.jpg 2000w\" sizes=\"auto, (max-width: 1024px) 100vw, 1024px\" \/><\/figure>\n<figcaption class=\"blocks-gallery-caption wp-element-caption\">\u00a9 Monaco Tribune<\/figcaption><\/figure>\n\n<p>Ricordiamo che ogni estate i locali del Jardin d&#8217;Eveil si trasformano anche in un centro ricreativo, in grado di ospitare circa 50 bambini dai 3 e ai 12 anni. Le iscrizioni per l&#8217;estate 2023 <a href=\"https:\/\/www.monaco-tribune.com\/2023\/05\/a-monaco-ouverture-des-inscriptions-au-mini-club-du-larvotto\/\">sono ancora aperte<\/a>. Alle estremit\u00e0 del lungomare si trovano anche i locali del centro di salvataggio in acqua e di immersioni, l&#8217;Acad\u00e9mie Mon\u00e9gasque de la Mer, oltre a un&#8217;area giochi con varie strutture in legno.<\/p>\n","protected":false},"excerpt":{"rendered":"<p>Tra qualche settimana la spiaggia del Larvotto sar\u00e0 di nuovo presa d&#8217;assalto. Ma quali attivit\u00e0 offre? Monaco Tribune \u00e8 andato [&hellip;]<\/p>\n","protected":false},"author":65,"featured_media":85482,"comment_status":"closed","ping_status":"closed","sticky":false,"template":"","format":"standard","meta":{"_acf_changed":false,"footnotes":""},"categories":[1740,1738],"tags":[3261],"post_sectags":[3920],"post_format":[2474],"class_list":["post-177390","post","type-post","status-publish","format-standard","has-post-thumbnail","hentry","category-cosa-fare","category-notizie","tag-vita-locale","sectag-larvotto-it","format-foto"],"acf":[],"yoast_head":"<!-- This site is optimized with the Yoast SEO Premium plugin v26.8 (Yoast SEO v27.4) - https:\/\/yoast.com\/product\/yoast-seo-premium-wordpress\/ -->\n<title>Tutto quello che c&#039;\u00e8 da sapere sulla spiaggia del Larvotto per l&#039;estate 2023<\/title>\n<meta name=\"description\" content=\"Tra qualche settimana la spiaggia del Larvotto sar\u00e0 di nuovo presa d&#039;assalto. Ma quali attivit\u00e0 offre? Monaco Tribune \u00e8 andato a dare un&#039;occhiata. \u00c8 la\" \/>\n<meta name=\"robots\" content=\"index, follow, max-snippet:-1, max-image-preview:large, max-video-preview:-1\" \/>\n<link rel=\"canonical\" href=\"https:\/\/www.monaco-tribune.com\/it\/2023\/05\/tutto-quello-che-ce-da-sapere-sulla-spiaggia-del-larvotto-per-lestate-2023\/\" \/>\n<meta property=\"og:locale\" content=\"it_IT\" \/>\n<meta property=\"og:type\" content=\"article\" \/>\n<meta property=\"og:title\" content=\"Tutto quello che c&#039;\u00e8 da sapere sulla spiaggia del Larvotto per l&#039;estate 2023 - Monaco Tribune\" \/>\n<meta property=\"og:description\" content=\"Tra qualche settimana la spiaggia del Larvotto sar\u00e0 di nuovo presa d&#039;assalto. Ma quali attivit\u00e0 offre? Monaco Tribune \u00e8 andato a dare un&#039;occhiata. \u00c8 la\" \/>\n<meta property=\"og:url\" content=\"https:\/\/www.monaco-tribune.com\/it\/2023\/05\/tutto-quello-che-ce-da-sapere-sulla-spiaggia-del-larvotto-per-lestate-2023\/\" \/>\n<meta property=\"og:site_name\" content=\"Monaco Tribune\" \/>\n<meta property=\"article:publisher\" content=\"https:\/\/www.facebook.com\/MonacoTribune\" \/>\n<meta property=\"article:published_time\" content=\"2023-05-22T11:07:19+00:00\" \/>\n<meta property=\"article:modified_time\" content=\"2023-05-22T11:08:58+00:00\" \/>\n<meta property=\"og:image\" content=\"https:\/\/www.monaco-tribune.com\/wp-content\/uploads\/2021\/07\/larvotto-ouverture-plage-complexe-balneaire.jpg\" \/>\n\t<meta property=\"og:image:width\" content=\"960\" \/>\n\t<meta property=\"og:image:height\" content=\"640\" \/>\n\t<meta property=\"og:image:type\" content=\"image\/jpeg\" \/>\n<meta name=\"author\" content=\"Paul Charoy\" \/>\n<meta name=\"twitter:card\" content=\"summary_large_image\" \/>\n<meta name=\"twitter:creator\" content=\"@MonacoTribune\" \/>\n<meta name=\"twitter:site\" content=\"@MonacoTribune\" \/>\n<script type=\"application\/ld+json\" class=\"yoast-schema-graph\">{\"@context\":\"https:\\\/\\\/schema.org\",\"@graph\":[{\"@type\":\"NewsArticle\",\"@id\":\"https:\\\/\\\/www.monaco-tribune.com\\\/it\\\/2023\\\/05\\\/tutto-quello-che-ce-da-sapere-sulla-spiaggia-del-larvotto-per-lestate-2023\\\/#article\",\"isPartOf\":{\"@id\":\"https:\\\/\\\/www.monaco-tribune.com\\\/it\\\/2023\\\/05\\\/tutto-quello-che-ce-da-sapere-sulla-spiaggia-del-larvotto-per-lestate-2023\\\/\"},\"author\":{\"name\":\"Paul Charoy\",\"@id\":\"https:\\\/\\\/www.monaco-tribune.com\\\/it\\\/#\\\/schema\\\/person\\\/c33a9f1bc99ef5a2e07d37c576060b57\"},\"headline\":\"Tutto quello che c&#8217;\u00e8 da sapere sulla spiaggia del Larvotto per l&#8217;estate 2023\",\"datePublished\":\"2023-05-22T11:07:19+00:00\",\"dateModified\":\"2023-05-22T11:08:58+00:00\",\"mainEntityOfPage\":{\"@id\":\"https:\\\/\\\/www.monaco-tribune.com\\\/it\\\/2023\\\/05\\\/tutto-quello-che-ce-da-sapere-sulla-spiaggia-del-larvotto-per-lestate-2023\\\/\"},\"wordCount\":686,\"publisher\":{\"@id\":\"https:\\\/\\\/www.monaco-tribune.com\\\/it\\\/#organization\"},\"image\":{\"@id\":\"https:\\\/\\\/www.monaco-tribune.com\\\/it\\\/2023\\\/05\\\/tutto-quello-che-ce-da-sapere-sulla-spiaggia-del-larvotto-per-lestate-2023\\\/#primaryimage\"},\"thumbnailUrl\":\"https:\\\/\\\/www.monaco-tribune.com\\\/wp-content\\\/uploads\\\/2021\\\/07\\\/larvotto-ouverture-plage-complexe-balneaire-e1690535536381.jpg\",\"keywords\":[\"Vita locale\"],\"articleSection\":[\"Cosa fare\",\"Notizie\"],\"inLanguage\":\"it-IT\",\"copyrightYear\":\"2023\",\"copyrightHolder\":{\"@id\":\"https:\\\/\\\/www.monaco-tribune.com\\\/#organization\"}},{\"@type\":\"WebPage\",\"@id\":\"https:\\\/\\\/www.monaco-tribune.com\\\/it\\\/2023\\\/05\\\/tutto-quello-che-ce-da-sapere-sulla-spiaggia-del-larvotto-per-lestate-2023\\\/\",\"url\":\"https:\\\/\\\/www.monaco-tribune.com\\\/it\\\/2023\\\/05\\\/tutto-quello-che-ce-da-sapere-sulla-spiaggia-del-larvotto-per-lestate-2023\\\/\",\"name\":\"Tutto quello che c'\u00e8 da sapere sulla spiaggia del Larvotto per l'estate 2023\",\"isPartOf\":{\"@id\":\"https:\\\/\\\/www.monaco-tribune.com\\\/it\\\/#website\"},\"primaryImageOfPage\":{\"@id\":\"https:\\\/\\\/www.monaco-tribune.com\\\/it\\\/2023\\\/05\\\/tutto-quello-che-ce-da-sapere-sulla-spiaggia-del-larvotto-per-lestate-2023\\\/#primaryimage\"},\"image\":{\"@id\":\"https:\\\/\\\/www.monaco-tribune.com\\\/it\\\/2023\\\/05\\\/tutto-quello-che-ce-da-sapere-sulla-spiaggia-del-larvotto-per-lestate-2023\\\/#primaryimage\"},\"thumbnailUrl\":\"https:\\\/\\\/www.monaco-tribune.com\\\/wp-content\\\/uploads\\\/2021\\\/07\\\/larvotto-ouverture-plage-complexe-balneaire-e1690535536381.jpg\",\"datePublished\":\"2023-05-22T11:07:19+00:00\",\"dateModified\":\"2023-05-22T11:08:58+00:00\",\"description\":\"Tra qualche settimana la spiaggia del Larvotto sar\u00e0 di nuovo presa d'assalto. Ma quali attivit\u00e0 offre? Monaco Tribune \u00e8 andato a dare un'occhiata. \u00c8 la\",\"breadcrumb\":{\"@id\":\"https:\\\/\\\/www.monaco-tribune.com\\\/it\\\/2023\\\/05\\\/tutto-quello-che-ce-da-sapere-sulla-spiaggia-del-larvotto-per-lestate-2023\\\/#breadcrumb\"},\"inLanguage\":\"it-IT\",\"potentialAction\":[{\"@type\":\"ReadAction\",\"target\":[\"https:\\\/\\\/www.monaco-tribune.com\\\/it\\\/2023\\\/05\\\/tutto-quello-che-ce-da-sapere-sulla-spiaggia-del-larvotto-per-lestate-2023\\\/\"]}]},{\"@type\":\"ImageObject\",\"inLanguage\":\"it-IT\",\"@id\":\"https:\\\/\\\/www.monaco-tribune.com\\\/it\\\/2023\\\/05\\\/tutto-quello-che-ce-da-sapere-sulla-spiaggia-del-larvotto-per-lestate-2023\\\/#primaryimage\",\"url\":\"https:\\\/\\\/www.monaco-tribune.com\\\/wp-content\\\/uploads\\\/2021\\\/07\\\/larvotto-ouverture-plage-complexe-balneaire-e1690535536381.jpg\",\"contentUrl\":\"https:\\\/\\\/www.monaco-tribune.com\\\/wp-content\\\/uploads\\\/2021\\\/07\\\/larvotto-ouverture-plage-complexe-balneaire-e1690535536381.jpg\",\"width\":960,\"height\":640,\"caption\":\"Alcuni si godono la spiaggia del Larvotto la mattina presto. \u00a9 Governo del Principe\"},{\"@type\":\"BreadcrumbList\",\"@id\":\"https:\\\/\\\/www.monaco-tribune.com\\\/it\\\/2023\\\/05\\\/tutto-quello-che-ce-da-sapere-sulla-spiaggia-del-larvotto-per-lestate-2023\\\/#breadcrumb\",\"itemListElement\":[{\"@type\":\"ListItem\",\"position\":1,\"name\":\"Accueil\",\"item\":\"https:\\\/\\\/www.monaco-tribune.com\\\/it\\\/\"},{\"@type\":\"ListItem\",\"position\":2,\"name\":\"Tutto quello che c&rsquo;\u00e8 da sapere sulla spiaggia del Larvotto per l&rsquo;estate 2023\"}]},{\"@type\":\"WebSite\",\"@id\":\"https:\\\/\\\/www.monaco-tribune.com\\\/it\\\/#website\",\"url\":\"https:\\\/\\\/www.monaco-tribune.com\\\/it\\\/\",\"name\":\"Monaco Tribune\",\"description\":\"Monaco : actualit\u00e9s \u00e9conomiques, politiques, culturelles et sportives de Monaco et de la French Riviera.\",\"publisher\":{\"@id\":\"https:\\\/\\\/www.monaco-tribune.com\\\/it\\\/#organization\"},\"potentialAction\":[{\"@type\":\"SearchAction\",\"target\":{\"@type\":\"EntryPoint\",\"urlTemplate\":\"https:\\\/\\\/www.monaco-tribune.com\\\/it\\\/?s={search_term_string}\"},\"query-input\":{\"@type\":\"PropertyValueSpecification\",\"valueRequired\":true,\"valueName\":\"search_term_string\"}}],\"inLanguage\":\"it-IT\"},{\"@type\":\"Organization\",\"@id\":\"https:\\\/\\\/www.monaco-tribune.com\\\/it\\\/#organization\",\"name\":\"Monaco Tribune\",\"url\":\"https:\\\/\\\/www.monaco-tribune.com\\\/it\\\/\",\"logo\":{\"@type\":\"ImageObject\",\"inLanguage\":\"it-IT\",\"@id\":\"https:\\\/\\\/www.monaco-tribune.com\\\/it\\\/#\\\/schema\\\/logo\\\/image\\\/\",\"url\":\"https:\\\/\\\/www.monaco-tribune.com\\\/wp-content\\\/uploads\\\/2022\\\/11\\\/logo-monaco-tribune.png\",\"contentUrl\":\"https:\\\/\\\/www.monaco-tribune.com\\\/wp-content\\\/uploads\\\/2022\\\/11\\\/logo-monaco-tribune.png\",\"width\":1548,\"height\":600,\"caption\":\"Monaco Tribune\"},\"image\":{\"@id\":\"https:\\\/\\\/www.monaco-tribune.com\\\/it\\\/#\\\/schema\\\/logo\\\/image\\\/\"},\"sameAs\":[\"https:\\\/\\\/www.facebook.com\\\/MonacoTribune\",\"https:\\\/\\\/x.com\\\/MonacoTribune\",\"https:\\\/\\\/www.instagram.com\\\/monacotribune\\\/\",\"https:\\\/\\\/www.linkedin.com\\\/company\\\/monaco-tribune\",\"https:\\\/\\\/www.youtube.com\\\/channel\\\/UCHle1MnG6hw1y4lWKijVbMA\"]},{\"@type\":\"Person\",\"@id\":\"https:\\\/\\\/www.monaco-tribune.com\\\/it\\\/#\\\/schema\\\/person\\\/c33a9f1bc99ef5a2e07d37c576060b57\",\"name\":\"Paul Charoy\",\"image\":{\"@type\":\"ImageObject\",\"inLanguage\":\"it-IT\",\"@id\":\"https:\\\/\\\/secure.gravatar.com\\\/avatar\\\/c3a39fd900275d54a628738568f1949e90ce9945d105d000228335a7bad64b38?s=96&d=mm&r=g\",\"url\":\"https:\\\/\\\/secure.gravatar.com\\\/avatar\\\/c3a39fd900275d54a628738568f1949e90ce9945d105d000228335a7bad64b38?s=96&d=mm&r=g\",\"contentUrl\":\"https:\\\/\\\/secure.gravatar.com\\\/avatar\\\/c3a39fd900275d54a628738568f1949e90ce9945d105d000228335a7bad64b38?s=96&d=mm&r=g\",\"caption\":\"Paul Charoy\"},\"url\":\"https:\\\/\\\/www.monaco-tribune.com\\\/it\\\/author\\\/paulcharoy\\\/\"}]}<\/script>\n<!-- \/ Yoast SEO Premium plugin. -->","yoast_head_json":{"title":"Tutto quello che c'\u00e8 da sapere sulla spiaggia del Larvotto per l'estate 2023","description":"Tra qualche settimana la spiaggia del Larvotto sar\u00e0 di nuovo presa d'assalto. Ma quali attivit\u00e0 offre? Monaco Tribune \u00e8 andato a dare un'occhiata. \u00c8 la","robots":{"index":"index","follow":"follow","max-snippet":"max-snippet:-1","max-image-preview":"max-image-preview:large","max-video-preview":"max-video-preview:-1"},"canonical":"https:\/\/www.monaco-tribune.com\/it\/2023\/05\/tutto-quello-che-ce-da-sapere-sulla-spiaggia-del-larvotto-per-lestate-2023\/","og_locale":"it_IT","og_type":"article","og_title":"Tutto quello che c'\u00e8 da sapere sulla spiaggia del Larvotto per l'estate 2023 - Monaco Tribune","og_description":"Tra qualche settimana la spiaggia del Larvotto sar\u00e0 di nuovo presa d'assalto. Ma quali attivit\u00e0 offre? Monaco Tribune \u00e8 andato a dare un'occhiata. \u00c8 la","og_url":"https:\/\/www.monaco-tribune.com\/it\/2023\/05\/tutto-quello-che-ce-da-sapere-sulla-spiaggia-del-larvotto-per-lestate-2023\/","og_site_name":"Monaco Tribune","article_publisher":"https:\/\/www.facebook.com\/MonacoTribune","article_published_time":"2023-05-22T11:07:19+00:00","article_modified_time":"2023-05-22T11:08:58+00:00","og_image":[{"width":960,"height":640,"url":"https:\/\/www.monaco-tribune.com\/wp-content\/uploads\/2021\/07\/larvotto-ouverture-plage-complexe-balneaire.jpg","type":"image\/jpeg"}],"author":"Paul Charoy","twitter_card":"summary_large_image","twitter_creator":"@MonacoTribune","twitter_site":"@MonacoTribune","schema":{"@context":"https:\/\/schema.org","@graph":[{"@type":"NewsArticle","@id":"https:\/\/www.monaco-tribune.com\/it\/2023\/05\/tutto-quello-che-ce-da-sapere-sulla-spiaggia-del-larvotto-per-lestate-2023\/#article","isPartOf":{"@id":"https:\/\/www.monaco-tribune.com\/it\/2023\/05\/tutto-quello-che-ce-da-sapere-sulla-spiaggia-del-larvotto-per-lestate-2023\/"},"author":{"name":"Paul Charoy","@id":"https:\/\/www.monaco-tribune.com\/it\/#\/schema\/person\/c33a9f1bc99ef5a2e07d37c576060b57"},"headline":"Tutto quello che c&#8217;\u00e8 da sapere sulla spiaggia del Larvotto per l&#8217;estate 2023","datePublished":"2023-05-22T11:07:19+00:00","dateModified":"2023-05-22T11:08:58+00:00","mainEntityOfPage":{"@id":"https:\/\/www.monaco-tribune.com\/it\/2023\/05\/tutto-quello-che-ce-da-sapere-sulla-spiaggia-del-larvotto-per-lestate-2023\/"},"wordCount":686,"publisher":{"@id":"https:\/\/www.monaco-tribune.com\/it\/#organization"},"image":{"@id":"https:\/\/www.monaco-tribune.com\/it\/2023\/05\/tutto-quello-che-ce-da-sapere-sulla-spiaggia-del-larvotto-per-lestate-2023\/#primaryimage"},"thumbnailUrl":"https:\/\/www.monaco-tribune.com\/wp-content\/uploads\/2021\/07\/larvotto-ouverture-plage-complexe-balneaire-e1690535536381.jpg","keywords":["Vita locale"],"articleSection":["Cosa fare","Notizie"],"inLanguage":"it-IT","copyrightYear":"2023","copyrightHolder":{"@id":"https:\/\/www.monaco-tribune.com\/#organization"}},{"@type":"WebPage","@id":"https:\/\/www.monaco-tribune.com\/it\/2023\/05\/tutto-quello-che-ce-da-sapere-sulla-spiaggia-del-larvotto-per-lestate-2023\/","url":"https:\/\/www.monaco-tribune.com\/it\/2023\/05\/tutto-quello-che-ce-da-sapere-sulla-spiaggia-del-larvotto-per-lestate-2023\/","name":"Tutto quello che c'\u00e8 da sapere sulla spiaggia del Larvotto per l'estate 2023","isPartOf":{"@id":"https:\/\/www.monaco-tribune.com\/it\/#website"},"primaryImageOfPage":{"@id":"https:\/\/www.monaco-tribune.com\/it\/2023\/05\/tutto-quello-che-ce-da-sapere-sulla-spiaggia-del-larvotto-per-lestate-2023\/#primaryimage"},"image":{"@id":"https:\/\/www.monaco-tribune.com\/it\/2023\/05\/tutto-quello-che-ce-da-sapere-sulla-spiaggia-del-larvotto-per-lestate-2023\/#primaryimage"},"thumbnailUrl":"https:\/\/www.monaco-tribune.com\/wp-content\/uploads\/2021\/07\/larvotto-ouverture-plage-complexe-balneaire-e1690535536381.jpg","datePublished":"2023-05-22T11:07:19+00:00","dateModified":"2023-05-22T11:08:58+00:00","description":"Tra qualche settimana la spiaggia del Larvotto sar\u00e0 di nuovo presa d'assalto. Ma quali attivit\u00e0 offre? Monaco Tribune \u00e8 andato a dare un'occhiata. \u00c8 la","breadcrumb":{"@id":"https:\/\/www.monaco-tribune.com\/it\/2023\/05\/tutto-quello-che-ce-da-sapere-sulla-spiaggia-del-larvotto-per-lestate-2023\/#breadcrumb"},"inLanguage":"it-IT","potentialAction":[{"@type":"ReadAction","target":["https:\/\/www.monaco-tribune.com\/it\/2023\/05\/tutto-quello-che-ce-da-sapere-sulla-spiaggia-del-larvotto-per-lestate-2023\/"]}]},{"@type":"ImageObject","inLanguage":"it-IT","@id":"https:\/\/www.monaco-tribune.com\/it\/2023\/05\/tutto-quello-che-ce-da-sapere-sulla-spiaggia-del-larvotto-per-lestate-2023\/#primaryimage","url":"https:\/\/www.monaco-tribune.com\/wp-content\/uploads\/2021\/07\/larvotto-ouverture-plage-complexe-balneaire-e1690535536381.jpg","contentUrl":"https:\/\/www.monaco-tribune.com\/wp-content\/uploads\/2021\/07\/larvotto-ouverture-plage-complexe-balneaire-e1690535536381.jpg","width":960,"height":640,"caption":"Alcuni si godono la spiaggia del Larvotto la mattina presto. \u00a9 Governo del Principe"},{"@type":"BreadcrumbList","@id":"https:\/\/www.monaco-tribune.com\/it\/2023\/05\/tutto-quello-che-ce-da-sapere-sulla-spiaggia-del-larvotto-per-lestate-2023\/#breadcrumb","itemListElement":[{"@type":"ListItem","position":1,"name":"Accueil","item":"https:\/\/www.monaco-tribune.com\/it\/"},{"@type":"ListItem","position":2,"name":"Tutto quello che c&rsquo;\u00e8 da sapere sulla spiaggia del Larvotto per l&rsquo;estate 2023"}]},{"@type":"WebSite","@id":"https:\/\/www.monaco-tribune.com\/it\/#website","url":"https:\/\/www.monaco-tribune.com\/it\/","name":"Monaco Tribune","description":"Monaco : actualit\u00e9s \u00e9conomiques, politiques, culturelles et sportives de Monaco et de la French Riviera.","publisher":{"@id":"https:\/\/www.monaco-tribune.com\/it\/#organization"},"potentialAction":[{"@type":"SearchAction","target":{"@type":"EntryPoint","urlTemplate":"https:\/\/www.monaco-tribune.com\/it\/?s={search_term_string}"},"query-input":{"@type":"PropertyValueSpecification","valueRequired":true,"valueName":"search_term_string"}}],"inLanguage":"it-IT"},{"@type":"Organization","@id":"https:\/\/www.monaco-tribune.com\/it\/#organization","name":"Monaco Tribune","url":"https:\/\/www.monaco-tribune.com\/it\/","logo":{"@type":"ImageObject","inLanguage":"it-IT","@id":"https:\/\/www.monaco-tribune.com\/it\/#\/schema\/logo\/image\/","url":"https:\/\/www.monaco-tribune.com\/wp-content\/uploads\/2022\/11\/logo-monaco-tribune.png","contentUrl":"https:\/\/www.monaco-tribune.com\/wp-content\/uploads\/2022\/11\/logo-monaco-tribune.png","width":1548,"height":600,"caption":"Monaco Tribune"},"image":{"@id":"https:\/\/www.monaco-tribune.com\/it\/#\/schema\/logo\/image\/"},"sameAs":["https:\/\/www.facebook.com\/MonacoTribune","https:\/\/x.com\/MonacoTribune","https:\/\/www.instagram.com\/monacotribune\/","https:\/\/www.linkedin.com\/company\/monaco-tribune","https:\/\/www.youtube.com\/channel\/UCHle1MnG6hw1y4lWKijVbMA"]},{"@type":"Person","@id":"https:\/\/www.monaco-tribune.com\/it\/#\/schema\/person\/c33a9f1bc99ef5a2e07d37c576060b57","name":"Paul Charoy","image":{"@type":"ImageObject","inLanguage":"it-IT","@id":"https:\/\/secure.gravatar.com\/avatar\/c3a39fd900275d54a628738568f1949e90ce9945d105d000228335a7bad64b38?s=96&d=mm&r=g","url":"https:\/\/secure.gravatar.com\/avatar\/c3a39fd900275d54a628738568f1949e90ce9945d105d000228335a7bad64b38?s=96&d=mm&r=g","contentUrl":"https:\/\/secure.gravatar.com\/avatar\/c3a39fd900275d54a628738568f1949e90ce9945d105d000228335a7bad64b38?s=96&d=mm&r=g","caption":"Paul Charoy"},"url":"https:\/\/www.monaco-tribune.com\/it\/author\/paulcharoy\/"}]}},"_links":{"self":[{"href":"https:\/\/www.monaco-tribune.com\/it\/wp-json\/wp\/v2\/posts\/177390","targetHints":{"allow":["GET"]}}],"collection":[{"href":"https:\/\/www.monaco-tribune.com\/it\/wp-json\/wp\/v2\/posts"}],"about":[{"href":"https:\/\/www.monaco-tribune.com\/it\/wp-json\/wp\/v2\/types\/post"}],"author":[{"embeddable":true,"href":"https:\/\/www.monaco-tribune.com\/it\/wp-json\/wp\/v2\/users\/65"}],"replies":[{"embeddable":true,"href":"https:\/\/www.monaco-tribune.com\/it\/wp-json\/wp\/v2\/comments?post=177390"}],"version-history":[{"count":0,"href":"https:\/\/www.monaco-tribune.com\/it\/wp-json\/wp\/v2\/posts\/177390\/revisions"}],"wp:featuredmedia":[{"embeddable":true,"href":"https:\/\/www.monaco-tribune.com\/it\/wp-json\/wp\/v2\/media\/85482"}],"wp:attachment":[{"href":"https:\/\/www.monaco-tribune.com\/it\/wp-json\/wp\/v2\/media?parent=177390"}],"wp:term":[{"taxonomy":"category","embeddable":true,"href":"https:\/\/www.monaco-tribune.com\/it\/wp-json\/wp\/v2\/categories?post=177390"},{"taxonomy":"post_tag","embeddable":true,"href":"https:\/\/www.monaco-tribune.com\/it\/wp-json\/wp\/v2\/tags?post=177390"},{"taxonomy":"sectag","embeddable":true,"href":"https:\/\/www.monaco-tribune.com\/it\/wp-json\/wp\/v2\/post_sectags?post=177390"},{"taxonomy":"format","embeddable":true,"href":"https:\/\/www.monaco-tribune.com\/it\/wp-json\/wp\/v2\/post_format?post=177390"}],"curies":[{"name":"wp","href":"https:\/\/api.w.org\/{rel}","templated":true}]}}