{"id":178913,"date":"2023-05-31T21:31:13","date_gmt":"2023-05-31T19:31:13","guid":{"rendered":"https:\/\/www.monaco-tribune.com\/2023\/05\/philippe-pastor-dipingere-e-un-impegno-che-dura-tutta-la-vita\/"},"modified":"2023-05-31T21:31:19","modified_gmt":"2023-05-31T19:31:19","slug":"philippe-pastor-dipingere-e-un-impegno-che-dura-tutta-la-vita","status":"publish","type":"post","link":"https:\/\/www.monaco-tribune.com\/it\/2023\/05\/philippe-pastor-dipingere-e-un-impegno-che-dura-tutta-la-vita\/","title":{"rendered":"Philippe Pastor: &#8220;Dipingere \u00e8 un impegno che dura tutta la vita&#8221;"},"content":{"rendered":"\n<p><strong>Molto impegnato nella causa ambientale, l&#8217;artista monegasco sta attualmente preparando una mostra a Les Baux-de-Provence.<\/strong><\/p>\n\n<p>&#8220;La mia carriera artistica? Ci vorrebbero due giorni per parlarne! Dal suo laboratorio sotto il sole della Spagna, vicino a Cadaqu\u00e8s, Philippe Pastor sorride al telefono.<\/p>\n\n<p>L&#8217;artista monegasco comincia condividendo i ricordi che pi\u00f9 di tutti hanno influito sulla sua carriera. A partire dalle due partecipazioni alla Biennale di Venezia, nel 2007 e nel 2009. &#8220;Per la prima, la Fondazione d&#8217;arte moderna Riva mi chiese di contrapporre l&#8217;arte orientale alla nostra arte occidentale. Ho lavorato con due artisti siriani che hanno esposto al piano terra e ho utilizzato parte di una vecchia chiesa in disuso. Per la seconda Biennale, invece, ho portato a Monaco tre grandi dipinti, grandi quasi come i cartelloni pubblicitari che si vedono per strada&#8221;, racconta.<\/p>\n<div class=\"wp-block-image\">\n<figure class=\"aligncenter size-full\"><img loading=\"lazy\" decoding=\"async\" width=\"1020\" height=\"681\" src=\"https:\/\/www.monaco-tribune.com\/wp-content\/uploads\/2023\/05\/prince-albert-ii-philippe-pastor-biennale-venise.jpeg\" alt=\"principe alberto ii philippe pastor biennale venezia\" class=\"wp-image-177625\" srcset=\"https:\/\/www.monaco-tribune.com\/wp-content\/uploads\/2023\/05\/prince-albert-ii-philippe-pastor-biennale-venise.jpeg 1020w, https:\/\/www.monaco-tribune.com\/wp-content\/uploads\/2023\/05\/prince-albert-ii-philippe-pastor-biennale-venise-449x300.jpeg 449w\" sizes=\"auto, (max-width: 1020px) 100vw, 1020px\" \/><figcaption class=\"wp-element-caption\"><em>Il Principe Alberto II ha visitato il Padiglione di Monaco alla 53\u00b0 Biennale di Venezia nel 2009 &#8211; \u00a9 Palazzo del Principe<\/em><\/figcaption><\/figure>\n<\/div>\n<p>Con la sua inconfondibile schiettezza, Philippe Pastor prosegue: &#8220;Ricordo che alla riunione degli artisti della Biennale ero con il pittore Miquel Barcel\u00f3 e ci siamo ritrovati insieme perch\u00e9 eravamo gli unici ad aver realizzato dei dipinti&#8230; La Biennale di Venezia \u00e8 la Biennale della pittura e della scultura, ma oggi, quando la visiti, trovi installazioni assurde. Non ci sono pi\u00f9 dipinti o sculture. Questa \u00e8 la dimostrazione di come l&#8217;arte evolva, o di come noi lasciamo che si evolva&#8221;.<\/p>\n\n<blockquote class=\"wp-block-quote is-layout-flow wp-block-quote-is-layout-flow\">\n<p><em>Fin da quando sono piccolo guardo i colori e vedo cose che gli altri non vedono<\/em><\/p>\n<\/blockquote>\n\n<p>Sei anni dopo la seconda Biennale, il pittore e scultore \u00e8 stato scelto per rappresentare il Principato all&#8217;Esposizione Universale di Milano. Un momento di orgoglio per Philippe Pastor, che ha potuto esporre le sue famose sculture di alberi bruciati intorno al Padiglione monegasco.<\/p>\n<div class=\"wp-block-image\">\n<figure class=\"aligncenter size-full\"><img loading=\"lazy\" decoding=\"async\" width=\"1020\" height=\"574\" src=\"https:\/\/www.monaco-tribune.com\/wp-content\/uploads\/2023\/05\/exposition-universelle-milan-2015-monaco-philippe-pastor.jpeg\" alt=\"esposizione universale milano 2015 monaco philippe pastor\" class=\"wp-image-177601\" srcset=\"https:\/\/www.monaco-tribune.com\/wp-content\/uploads\/2023\/05\/exposition-universelle-milan-2015-monaco-philippe-pastor.jpeg 1020w, https:\/\/www.monaco-tribune.com\/wp-content\/uploads\/2023\/05\/exposition-universelle-milan-2015-monaco-philippe-pastor-533x300.jpeg 533w\" sizes=\"auto, (max-width: 1020px) 100vw, 1020px\" \/><figcaption class=\"wp-element-caption\"><em>Il Padiglione di Monaco all&#8217;Esposizione Universale di Milano del 2015 &#8211; \u00a9 Davric, da Wikipedia<\/em><\/figcaption><\/figure>\n<\/div>\n<p>Le sculture nascono da un dramma che ha segnato l&#8217;artista qualche anno prima. &#8220;Quando ero giovane, avevo un laboratorio nella foresta di La Garde-Freinet, nel Var. Un anno ci fu un incendio molto pi\u00f9 grande degli altri e, con i ragazzi che lavoravano con me, passammo due giorni e due notti a spegnere il fuoco. I vigili del fuoco ci chiesero di andarcene, ma noi ci rifiutammo. Alla fine abbiamo spento l&#8217;incendio e ho visto cose orribili: ho visto animali scappare, era tutto bruciato. A quel punto mi sono detto: &#8220;Devi fare qualcosa&#8221;. Ho recuperato alcuni alberi e li ho portati in laboratorio. Li ho ripuliti, ho tenuto i tronchi carbonizzati, li ho appoggiati a un muro&#8230; E la mattina dopo, quando li ho visti allineati, con le loro ombre proiettate sul retro, ho riempito gli spazi vuoti con la pittura a guazzo. Cosa c&#8217;\u00e8 pi\u00f9 forte del fuoco? Nulla. Il fuoco \u00e8 la cosa peggiore&#8221;, racconta.<\/p>\n<div class=\"wp-block-image\">\n<figure class=\"aligncenter size-large\"><img loading=\"lazy\" decoding=\"async\" width=\"720\" height=\"1024\" src=\"https:\/\/www.monaco-tribune.com\/wp-content\/uploads\/2023\/05\/arbres-brules-philippe-pastor-720x1024.jpeg\" alt=\"arbres brules philippe pastor\" class=\"wp-image-177597\" srcset=\"https:\/\/www.monaco-tribune.com\/wp-content\/uploads\/2023\/05\/arbres-brules-philippe-pastor-720x1024.jpeg 720w, https:\/\/www.monaco-tribune.com\/wp-content\/uploads\/2023\/05\/arbres-brules-philippe-pastor-211x300.jpeg 211w, https:\/\/www.monaco-tribune.com\/wp-content\/uploads\/2023\/05\/arbres-brules-philippe-pastor.jpeg 1020w\" sizes=\"auto, (max-width: 720px) 100vw, 720px\" \/><figcaption class=\"wp-element-caption\"><em>Gli &#8220;Arbres Br\u00fbl\u00e9s&#8221; di Philippe Pastor nascono da un incendio nella foresta nel 2003 &#8211; \u00a9 Fran\u00e7ois Fernandez<\/em><\/figcaption><\/figure>\n<\/div>\n<h2 class=\"wp-block-heading\" id=\"h-montrer-au-monde-le-mal-etre-de-la-nature\">Mostrare al mondo il malessere della natura<\/h2>\n\n<p>Pi\u00f9 che un&#8217;opera d&#8217;arte, questi alberi sono diventati un simbolo. Apprezzato dalle Nazioni Unite, Philippe Pastor ha esposto questa sua opera in diverse occasioni nell&#8217;ambito del Programma Ambientale delle Nazioni Unite. &#8220;\u00c8 questo il lavoro pi\u00f9 importante per me&#8221;, dice. &#8220;Ho realizzato molte installazioni per le Nazioni Unite, per conferenze a Singapore, New York, Monaco, ecc. Sono stato io a presentare ai membri delle Nazioni Unite la Fondazione Principe Alberto II e il Principe&#8221;.<\/p>\n\n<p>Fondatore dell&#8217;associazione <a href=\"https:\/\/www.aeamonaco.org\/\">Art &amp; Environnement<\/a>, Philippe Pastor usa la sua arte &#8220;per mostrare al mondo il malessere della natura e della nostra societ\u00e0&#8221;. Con le serie intitolate &#8220;La fin du monde&#8221; (La fine del mondo), &#8220;Avec le temps&#8221; (Con il tempo) e &#8220;H2O&#8221;, l&#8217;artista rappresenta sulla tela la cruda realt\u00e0 e mette in guardia sull&#8217;assoluta necessit\u00e0 di preservare le risorse naturali.<\/p>\n\n<figure class=\"wp-block-gallery has-nested-images columns-1 is-cropped wp-block-gallery-1 is-layout-flex wp-block-gallery-is-layout-flex\">\n<figure class=\"wp-block-image size-large\"><img loading=\"lazy\" decoding=\"async\" width=\"1020\" height=\"1020\" data-id=\"177638\" src=\"https:\/\/www.monaco-tribune.com\/wp-content\/uploads\/2023\/05\/philippe-pastor-fin-monde.jpg\" alt=\"philippe pastor fin monde\" class=\"wp-image-177638\" srcset=\"https:\/\/www.monaco-tribune.com\/wp-content\/uploads\/2023\/05\/philippe-pastor-fin-monde.jpg 1020w, https:\/\/www.monaco-tribune.com\/wp-content\/uploads\/2023\/05\/philippe-pastor-fin-monde-300x300.jpg 300w\" sizes=\"auto, (max-width: 1020px) 100vw, 1020px\" \/><\/figure>\n\n\n\n<figure class=\"wp-block-image size-large\"><img loading=\"lazy\" decoding=\"async\" width=\"1020\" height=\"502\" data-id=\"177609\" src=\"https:\/\/www.monaco-tribune.com\/wp-content\/uploads\/2023\/05\/philippe-pastor-h2o.jpeg\" alt=\"philippe pastor h2o\" class=\"wp-image-177609\" srcset=\"https:\/\/www.monaco-tribune.com\/wp-content\/uploads\/2023\/05\/philippe-pastor-h2o.jpeg 1020w, https:\/\/www.monaco-tribune.com\/wp-content\/uploads\/2023\/05\/philippe-pastor-h2o-600x295.jpeg 600w\" sizes=\"auto, (max-width: 1020px) 100vw, 1020px\" \/><\/figure>\n<figcaption class=\"blocks-gallery-caption wp-element-caption\"><em>S\u00e9ries \u00ab La fin du monde \u00bb (au-dessus) et \u00ab H2O&nbsp;\u00bb (au-dessous) &#8211; \u00a9 Philippe Pastor via Facebook et Instagram <\/em><\/figcaption><\/figure>\n\n<p>&#8220;Naturalmente, se il mondo fosse pi\u00f9 bello, dipingerei cose pi\u00f9 belle. Ma bisogna accettare il fatto che abbiamo portato il mondo alla catastrofe. Negli anni &#8217;70 le grandi compagnie petrolifere erano state avvertite che il carburante che stavamo usando era dannoso per noi e per lo strato di ozono. Ne \u00e8 passato di tempo da allora! (&#8230;) Ci addentriamo ogni giorno di pi\u00f9 in questa situazione e facciamo finta di niente. Ci giriamo dall&#8217;altra parte, non VOGLIAMO vedere. Sappiamo tutti che le cose vanno molto, molto male. Sappiamo tutti che c&#8217;\u00e8 un&#8217;enorme carenza di acqua sulla Terra. Ma facciamo finta che vada tutto bene. Sappiamo tutti che le auto elettriche non sono la soluzione. Ma facciamo finta di niente, perch\u00e9 cos\u00ec le aziende vanno avanti&#8221;, spiega l&#8217;artista, che non nasconde la sua rabbia per la mancanza di azione.<\/p>\n\n<p>&#8220;Il mondo sta cadendo a pezzi e noi continuiamo a calpestarlo&#8221;, insiste. &#8220;Al giorno d&#8217;oggi si pensa solo ai soldi, soldi, soldi. Abbiamo gi\u00e0 preso quasi due gradi. Entro il 2025 potrebbero essere tre gradi. (&#8230;) Ho 63 anni e credo che vedr\u00f2 la fine dei miei giorni. Ma per i bambini \u00e8 terribile. Cosa lasceremo loro? Non ci saranno pi\u00f9 foreste, non ci sar\u00e0 pi\u00f9 acqua! Va bene dipingere fiori, ma sono sconvolto da tutto quello che succede oggi. Sono ancora pi\u00f9 disgustato da tutte le persone che hanno un sacco di soldi e non danno nulla, che non fanno nulla per cambiare le cose. Loro si fanno sempre pi\u00f9 belli, con auto sempre pi\u00f9 grandi, in ristoranti sempre pi\u00f9 grandi. E perch\u00e9 lo fanno, alla fine? Per farsi notare. Sanno che il mondo sta andando a rotoli e non fanno nulla per evitarlo. E sono sicuramente quelli che ne usciranno meglio&#8221;.<\/p>\n\n<p>Nonostante le misure adottate dal Principato per cercare di ridurre il proprio impatto ambientale, Philippe Pastor \u00e8 irremovibile. Bisogna agire a livello internazionale: &#8220;Dovremmo avere un organismo globale per gestire questo aspetto. Ci dovrebbe essere almeno un programma ambientale europeo, poi un altro negli Stati Uniti, un altro in Sud America&#8230; Ecco perch\u00e9 non stiamo facendo progressi: il problema ambientale non si ferma alle frontiere. Dobbiamo smettere di mentire a noi stessi e di raccontarci storie. Dobbiamo affrontare la realt\u00e0. Io dipingo proprio questo&#8221;.<\/p>\n\n<h2 class=\"wp-block-heading\" id=\"h-une-peinture-reconnaissable-entre-mille\">Una pittura riconoscibile tra mille<\/h2>\n\n<p>E dai suoi laboratori in Spagna e nella Savoia, Philippe Pastor dipinge praticamente ogni giorno: &#8220;Sono trent&#8217;anno che lo faccio, lavoro costantemente. Non per passione, ma per convinzione. Dipingere non significa comprare quattro pennelli, sporcarsi le dita con un po&#8217; di vernice e immaginare che sia tutto l\u00ec. Dipingere \u00e8 un impegno che dura tutta la vita. Non so fare altro. Ho le mani macchiate, scheggiate&#8230; Ovunque vada, ho sempre un album per gli schizzi in tasca. Mi piace disegnare i volti delle persone, ma a modo mio, come li vedo io. Come sono realmente. Esagero i tratti, le orecchie, i nasi&#8230; Picasso era il maestro di questa tecnica. Si pu\u00f2 dire quello che si vuole su Picasso, ma era fantastico. Anzi, lo \u00e8 ancora&#8221;.<\/p>\n\n<figure class=\"wp-block-gallery aligncenter has-nested-images columns-1 is-cropped wp-block-gallery-2 is-layout-flex wp-block-gallery-is-layout-flex\">\n<figure class=\"wp-block-image size-full\"><img loading=\"lazy\" decoding=\"async\" width=\"1020\" height=\"1020\" data-id=\"177617\" src=\"https:\/\/www.monaco-tribune.com\/wp-content\/uploads\/2023\/05\/philippe-pastor-peintre.jpeg\" alt=\"philippe pastor pittore\" class=\"wp-image-177617\" srcset=\"https:\/\/www.monaco-tribune.com\/wp-content\/uploads\/2023\/05\/philippe-pastor-peintre.jpeg 1020w, https:\/\/www.monaco-tribune.com\/wp-content\/uploads\/2023\/05\/philippe-pastor-peintre-300x300.jpeg 300w\" sizes=\"auto, (max-width: 1020px) 100vw, 1020px\" \/><\/figure>\n\n\n\n<figure class=\"wp-block-image size-full\"><img loading=\"lazy\" decoding=\"async\" width=\"1020\" height=\"679\" data-id=\"177613\" src=\"https:\/\/www.monaco-tribune.com\/wp-content\/uploads\/2023\/05\/philippe-pastor-monaco-peintre.jpeg\" alt=\"philippe pastor monaco pittore\" class=\"wp-image-177613\" srcset=\"https:\/\/www.monaco-tribune.com\/wp-content\/uploads\/2023\/05\/philippe-pastor-monaco-peintre.jpeg 1020w, https:\/\/www.monaco-tribune.com\/wp-content\/uploads\/2023\/05\/philippe-pastor-monaco-peintre-451x300.jpeg 451w\" sizes=\"auto, (max-width: 1020px) 100vw, 1020px\" \/><\/figure>\n<figcaption class=\"blocks-gallery-caption wp-element-caption\"><em><em>Philippe Pastor dipinge da oltre trent&#8217;anni &#8211; \u00a9 Christine Cadoni<\/em><\/em><\/figcaption><\/figure>\n\n<blockquote class=\"wp-block-quote is-layout-flow wp-block-quote-is-layout-flow\">\n<p>Non appena inizi a dipingere, dipingi seguendo l&#8217;istinto<\/p>\n<\/blockquote>\n\n<p>L&#8217;artista monegasco ha qualcosa in comune con il suo collega spagnolo: tutt&#8217;altro che spontaneo, il suo lavoro richiede lunghe riflessioni preliminari. &#8220;Ma non appena inizi a dipingere, dipingi seguendo l&#8217;istinto. Tieni stretta la matita, a volte chiudi anche gli occhi. Non sei pi\u00f9 tu a realizzare il quadro, ma tutto quello che ci metti dentro. Non chiedetemi come faccio i miei quadri. Tutto inizia con una tela, ma prima ci lavoro per quindici giorni, tre settimane, un mese&#8230; La pratica rende perfetti&#8221;.<\/p>\n\n<p>E la tecnica non si limita al movimento. Dopo aver sperimentato gli acquerelli da bambino, poi la pittura a olio quando viveva a Saint-Tropez, Philippe Pastor ora lavora con colori naturali, a volte difficili da trovare, che arrivano direttamente dal Marocco o dall&#8217;India. &#8220;Mi ci sono voluti due anni per trovare la tecnica per mescolare i pigmenti con la colla e l&#8217;acqua (&#8230;) In Marocco ci sono pigmenti neri di legno bruciato. Volevo dipingere con quelli. Oggi posso realizzare un dipinto mio, ben riconoscibile: non c&#8217;\u00e8 bisogno di guardare la firma per sapere che sono io l&#8217;autore&#8221;, spiega.<\/p>\n<div class=\"wp-block-image\">\n<figure class=\"aligncenter size-large\"><img loading=\"lazy\" decoding=\"async\" width=\"999\" height=\"1024\" src=\"https:\/\/www.monaco-tribune.com\/wp-content\/uploads\/2023\/05\/philippe-pastor-bleu-monnochrome-999x1024.jpg\" alt=\"philippe pastor bleu monochrome\" class=\"wp-image-177634\" srcset=\"https:\/\/www.monaco-tribune.com\/wp-content\/uploads\/2023\/05\/philippe-pastor-bleu-monnochrome-999x1024.jpg 999w, https:\/\/www.monaco-tribune.com\/wp-content\/uploads\/2023\/05\/philippe-pastor-bleu-monnochrome-293x300.jpg 293w, https:\/\/www.monaco-tribune.com\/wp-content\/uploads\/2023\/05\/philippe-pastor-bleu-monnochrome.jpg 1020w\" sizes=\"auto, (max-width: 999px) 100vw, 999px\" \/><figcaption class=\"wp-element-caption\"><em>Oltre al nero legno bruciato, Philippe Pastor utilizza anche pigmenti blu per il suo &#8220;Bleu Monochrome&#8221; &#8211; \u00a9 Philippe Pastor su Instagram<\/em><\/figcaption><\/figure>\n<\/div>\n<p>Quando si tratta di ispirazione, \u00e8 nella natura, lontano da Monaco, che l&#8217;artista trova le sue idee: &#8220;Non mi piacciono le citt\u00e0, mi piace la campagna, passeggiare con il mio cane&#8230; \u00c8 in campagna che si trovano i dipinti. (&#8230;) Non so se ho sempre saputo di voler fare l&#8217;artista, ma posso dirvi una cosa: fin da quando ero piccolo, ho sempre guardato i colori e visto cose che gli altri non vedono&#8221;.<\/p>\n\n<h2 class=\"wp-block-heading\" id=\"h-cet-ete-rendez-vous-aux-baux-de-provence\">Quest&#8217;estate appuntamento a Baux-de-Provence<\/h2>\n\n<p>Appena tornato dalla prestigiosa fiera d&#8217;arte belga BRAFA, dove ha &#8220;fatto il botto&#8221; vendendo quattro quadri all&#8217;inaugurazione, l&#8217;artista sta ora preparando le sue prossime mostre in giro per il mondo. Da Hong Kong al Belgio, passando per Parigi, il calendario \u00e8 piuttosto fitto.<\/p>\n\n<p>Ma la mostra che attende con fervore \u00e8 molto pi\u00f9 vicina al Principato. Dal 1\u00b0 giugno al 30 settembre, infatti, Philippe Pastor esporr\u00e0 a Baux-de-Provence, nel cuore del paese. &#8220;Ogni anno espongo in una piccola citt\u00e0 della Costa Azzurra. L&#8217;anno scorso \u00e8 stato il turno di Saint-Paul-de-Vence e tre anni fa di Bormes-les-Mimosas. Madame Macron e il Presidente sono anche passati, perch\u00e9 volevano un quadro per il Palazzo dell&#8217;Eliseo&#8221;, ricorda l&#8217;artista.<\/p>\n<div class=\"wp-block-image\">\n<figure class=\"aligncenter size-full\"><img loading=\"lazy\" decoding=\"async\" width=\"1020\" height=\"780\" src=\"https:\/\/www.monaco-tribune.com\/wp-content\/uploads\/2023\/05\/philippe-pastor-bormes-mimosas-brigitte-macron.jpeg\" alt=\"philippe pastor bormes mimosas brigitte macron\" class=\"wp-image-177605\" srcset=\"https:\/\/www.monaco-tribune.com\/wp-content\/uploads\/2023\/05\/philippe-pastor-bormes-mimosas-brigitte-macron.jpeg 1020w, https:\/\/www.monaco-tribune.com\/wp-content\/uploads\/2023\/05\/philippe-pastor-bormes-mimosas-brigitte-macron-392x300.jpeg 392w\" sizes=\"auto, (max-width: 1020px) 100vw, 1020px\" \/><figcaption class=\"wp-element-caption\">Brigitte Macron ha visitato la mostra di Philippe Pastor &#8220;Est-ce que ce monde est s\u00e9rieux ?&#8221; (Questo mondo \u00e8 serio?) al Museo delle Arti e della Storia di Bormes-les-Mimosas, accompagnata dal sindaco Fran\u00e7ois Arizzi &#8211; \u00a9 Mairie de Bormes-les-Mimosas<\/figcaption><\/figure>\n<\/div>\n<p>Intitolata &#8220;Comment va le monde?&#8221; (Come va il mondo?), la mostra si terr\u00e0 all&#8217;Esplanade Charles de Gaulle, al Jardin du Prince Rainier III de Monaco e all&#8217;H\u00f4tel de la Tour de Brau ed esplorer\u00e0 lo stato in cui versa il nostro pianeta a causa delle ferite di una natura martoriata e avvelenata.<\/p>\n<div class=\"wp-block-image\">\n<figure class=\"aligncenter size-full\"><img loading=\"lazy\" decoding=\"async\" width=\"1020\" height=\"681\" src=\"https:\/\/www.monaco-tribune.com\/wp-content\/uploads\/2023\/05\/comment-va-le-monde-philippe-pastor.jpeg\" alt=\"comment va le monde philippe pastor\" class=\"wp-image-177629\" srcset=\"https:\/\/www.monaco-tribune.com\/wp-content\/uploads\/2023\/05\/comment-va-le-monde-philippe-pastor.jpeg 1020w, https:\/\/www.monaco-tribune.com\/wp-content\/uploads\/2023\/05\/comment-va-le-monde-philippe-pastor-449x300.jpeg 449w\" sizes=\"auto, (max-width: 1020px) 100vw, 1020px\" \/><figcaption class=\"wp-element-caption\"><em>La mostra di Philippe Pastor a Baux-de-Provence si intitoler\u00e0 &#8220;Comment va le monde? &#8211; DR<\/em><\/figcaption><\/figure>\n<\/div>\n<p>Per quanto riguarda il futuro, Philippe Pastor non sembra avere grossi dubbi. Anche se sta pensando di tornare nel Principato, per il momento &#8220;questa vita da artista mi piace. Rimarr\u00f2 in campagna e continuer\u00f2 a guidare la mia moto&#8221;. Il modo migliore, secondo lui, per trovare gli scorci pi\u00f9 belli e per continuare a mostrare ci\u00f2 che vede, ma che gli altri non riescono a vedere.<\/p>\n","protected":false},"excerpt":{"rendered":"<p>Molto impegnato nella causa ambientale, l&#8217;artista monegasco sta attualmente preparando una mostra a Les Baux-de-Provence. &#8220;La mia carriera artistica? Ci [&hellip;]<\/p>\n","protected":false},"author":60,"featured_media":177623,"comment_status":"closed","ping_status":"closed","sticky":false,"template":"","format":"standard","meta":{"_acf_changed":false,"footnotes":""},"categories":[1740,1826,1738],"tags":[3980],"post_sectags":[3981,3982],"post_format":[2480],"class_list":["post-178913","post","type-post","status-publish","format-standard","has-post-thumbnail","hentry","category-cosa-fare","category-la-nostra-scelta","category-notizie","tag-pittura","sectag-philippe-pastor-it","sectag-scultura","format-profilo"],"acf":[],"yoast_head":"<!-- This site is optimized with the Yoast SEO Premium plugin v26.8 (Yoast SEO v27.5) - https:\/\/yoast.com\/product\/yoast-seo-premium-wordpress\/ -->\n<title>Philippe Pastor: &quot;Dipingere \u00e8 un impegno che dura tutta la vita&quot;<\/title>\n<meta name=\"description\" content=\"Molto impegnato nella causa ambientale, l&#039;artista monegasco sta attualmente preparando una mostra a Les Baux-de-Provence. &quot;La mia carriera artistica? Ci\" \/>\n<meta name=\"robots\" content=\"index, follow, max-snippet:-1, max-image-preview:large, max-video-preview:-1\" \/>\n<link rel=\"canonical\" href=\"https:\/\/www.monaco-tribune.com\/it\/2023\/05\/philippe-pastor-dipingere-e-un-impegno-che-dura-tutta-la-vita\/\" \/>\n<meta property=\"og:locale\" content=\"it_IT\" \/>\n<meta property=\"og:type\" content=\"article\" \/>\n<meta property=\"og:title\" content=\"Philippe Pastor: &quot;Dipingere \u00e8 un impegno che dura tutta la vita&quot; - Monaco Tribune\" \/>\n<meta property=\"og:description\" content=\"Molto impegnato nella causa ambientale, l&#039;artista monegasco sta attualmente preparando una mostra a Les Baux-de-Provence. &quot;La mia carriera artistica? Ci\" \/>\n<meta property=\"og:url\" content=\"https:\/\/www.monaco-tribune.com\/it\/2023\/05\/philippe-pastor-dipingere-e-un-impegno-che-dura-tutta-la-vita\/\" \/>\n<meta property=\"og:site_name\" content=\"Monaco Tribune\" \/>\n<meta property=\"article:publisher\" content=\"https:\/\/www.facebook.com\/MonacoTribune\" \/>\n<meta property=\"article:published_time\" content=\"2023-05-31T19:31:13+00:00\" \/>\n<meta property=\"article:modified_time\" content=\"2023-05-31T19:31:19+00:00\" \/>\n<meta property=\"og:image\" content=\"https:\/\/www.monaco-tribune.com\/wp-content\/uploads\/2023\/05\/philippe-pastor.jpeg\" \/>\n\t<meta property=\"og:image:width\" content=\"1020\" \/>\n\t<meta property=\"og:image:height\" content=\"648\" \/>\n\t<meta property=\"og:image:type\" content=\"image\/jpeg\" \/>\n<meta name=\"author\" content=\"Camille Esteve\" \/>\n<meta name=\"twitter:card\" content=\"summary_large_image\" \/>\n<meta name=\"twitter:creator\" content=\"@MonacoTribune\" \/>\n<meta name=\"twitter:site\" content=\"@MonacoTribune\" \/>\n<script type=\"application\/ld+json\" class=\"yoast-schema-graph\">{\"@context\":\"https:\\\/\\\/schema.org\",\"@graph\":[{\"@type\":\"NewsArticle\",\"@id\":\"https:\\\/\\\/www.monaco-tribune.com\\\/it\\\/2023\\\/05\\\/philippe-pastor-dipingere-e-un-impegno-che-dura-tutta-la-vita\\\/#article\",\"isPartOf\":{\"@id\":\"https:\\\/\\\/www.monaco-tribune.com\\\/it\\\/2023\\\/05\\\/philippe-pastor-dipingere-e-un-impegno-che-dura-tutta-la-vita\\\/\"},\"author\":{\"name\":\"Camille Esteve\",\"@id\":\"https:\\\/\\\/www.monaco-tribune.com\\\/it\\\/#\\\/schema\\\/person\\\/a855d420fff4d03637641d60b93ac62e\"},\"headline\":\"Philippe Pastor: &#8220;Dipingere \u00e8 un impegno che dura tutta la vita&#8221;\",\"datePublished\":\"2023-05-31T19:31:13+00:00\",\"dateModified\":\"2023-05-31T19:31:19+00:00\",\"mainEntityOfPage\":{\"@id\":\"https:\\\/\\\/www.monaco-tribune.com\\\/it\\\/2023\\\/05\\\/philippe-pastor-dipingere-e-un-impegno-che-dura-tutta-la-vita\\\/\"},\"wordCount\":1752,\"publisher\":{\"@id\":\"https:\\\/\\\/www.monaco-tribune.com\\\/it\\\/#organization\"},\"image\":{\"@id\":\"https:\\\/\\\/www.monaco-tribune.com\\\/it\\\/2023\\\/05\\\/philippe-pastor-dipingere-e-un-impegno-che-dura-tutta-la-vita\\\/#primaryimage\"},\"thumbnailUrl\":\"https:\\\/\\\/www.monaco-tribune.com\\\/wp-content\\\/uploads\\\/2023\\\/05\\\/philippe-pastor.jpeg\",\"keywords\":[\"Pittura\"],\"articleSection\":[\"Cosa fare\",\"La nostra scelta\",\"Notizie\"],\"inLanguage\":\"it-IT\",\"copyrightYear\":\"2023\",\"copyrightHolder\":{\"@id\":\"https:\\\/\\\/www.monaco-tribune.com\\\/#organization\"}},{\"@type\":\"WebPage\",\"@id\":\"https:\\\/\\\/www.monaco-tribune.com\\\/it\\\/2023\\\/05\\\/philippe-pastor-dipingere-e-un-impegno-che-dura-tutta-la-vita\\\/\",\"url\":\"https:\\\/\\\/www.monaco-tribune.com\\\/it\\\/2023\\\/05\\\/philippe-pastor-dipingere-e-un-impegno-che-dura-tutta-la-vita\\\/\",\"name\":\"Philippe Pastor: \\\"Dipingere \u00e8 un impegno che dura tutta la vita\\\"\",\"isPartOf\":{\"@id\":\"https:\\\/\\\/www.monaco-tribune.com\\\/it\\\/#website\"},\"primaryImageOfPage\":{\"@id\":\"https:\\\/\\\/www.monaco-tribune.com\\\/it\\\/2023\\\/05\\\/philippe-pastor-dipingere-e-un-impegno-che-dura-tutta-la-vita\\\/#primaryimage\"},\"image\":{\"@id\":\"https:\\\/\\\/www.monaco-tribune.com\\\/it\\\/2023\\\/05\\\/philippe-pastor-dipingere-e-un-impegno-che-dura-tutta-la-vita\\\/#primaryimage\"},\"thumbnailUrl\":\"https:\\\/\\\/www.monaco-tribune.com\\\/wp-content\\\/uploads\\\/2023\\\/05\\\/philippe-pastor.jpeg\",\"datePublished\":\"2023-05-31T19:31:13+00:00\",\"dateModified\":\"2023-05-31T19:31:19+00:00\",\"description\":\"Molto impegnato nella causa ambientale, l'artista monegasco sta attualmente preparando una mostra a Les Baux-de-Provence. \\\"La mia carriera artistica? Ci\",\"breadcrumb\":{\"@id\":\"https:\\\/\\\/www.monaco-tribune.com\\\/it\\\/2023\\\/05\\\/philippe-pastor-dipingere-e-un-impegno-che-dura-tutta-la-vita\\\/#breadcrumb\"},\"inLanguage\":\"it-IT\",\"potentialAction\":[{\"@type\":\"ReadAction\",\"target\":[\"https:\\\/\\\/www.monaco-tribune.com\\\/it\\\/2023\\\/05\\\/philippe-pastor-dipingere-e-un-impegno-che-dura-tutta-la-vita\\\/\"]}]},{\"@type\":\"ImageObject\",\"inLanguage\":\"it-IT\",\"@id\":\"https:\\\/\\\/www.monaco-tribune.com\\\/it\\\/2023\\\/05\\\/philippe-pastor-dipingere-e-un-impegno-che-dura-tutta-la-vita\\\/#primaryimage\",\"url\":\"https:\\\/\\\/www.monaco-tribune.com\\\/wp-content\\\/uploads\\\/2023\\\/05\\\/philippe-pastor.jpeg\",\"contentUrl\":\"https:\\\/\\\/www.monaco-tribune.com\\\/wp-content\\\/uploads\\\/2023\\\/05\\\/philippe-pastor.jpeg\",\"width\":1020,\"height\":648,\"caption\":\"L'artista monegasco lavora principalmente nel suo laboratorio in Spagna - \u00a9 Christine Cadoni\"},{\"@type\":\"BreadcrumbList\",\"@id\":\"https:\\\/\\\/www.monaco-tribune.com\\\/it\\\/2023\\\/05\\\/philippe-pastor-dipingere-e-un-impegno-che-dura-tutta-la-vita\\\/#breadcrumb\",\"itemListElement\":[{\"@type\":\"ListItem\",\"position\":1,\"name\":\"Accueil\",\"item\":\"https:\\\/\\\/www.monaco-tribune.com\\\/it\\\/\"},{\"@type\":\"ListItem\",\"position\":2,\"name\":\"Philippe Pastor: &#8220;Dipingere \u00e8 un impegno che dura tutta la vita&#8221;\"}]},{\"@type\":\"WebSite\",\"@id\":\"https:\\\/\\\/www.monaco-tribune.com\\\/it\\\/#website\",\"url\":\"https:\\\/\\\/www.monaco-tribune.com\\\/it\\\/\",\"name\":\"Monaco Tribune\",\"description\":\"Monaco : actualit\u00e9s \u00e9conomiques, politiques, culturelles et sportives de Monaco et de la French Riviera.\",\"publisher\":{\"@id\":\"https:\\\/\\\/www.monaco-tribune.com\\\/it\\\/#organization\"},\"potentialAction\":[{\"@type\":\"SearchAction\",\"target\":{\"@type\":\"EntryPoint\",\"urlTemplate\":\"https:\\\/\\\/www.monaco-tribune.com\\\/it\\\/?s={search_term_string}\"},\"query-input\":{\"@type\":\"PropertyValueSpecification\",\"valueRequired\":true,\"valueName\":\"search_term_string\"}}],\"inLanguage\":\"it-IT\"},{\"@type\":\"Organization\",\"@id\":\"https:\\\/\\\/www.monaco-tribune.com\\\/it\\\/#organization\",\"name\":\"Monaco Tribune\",\"url\":\"https:\\\/\\\/www.monaco-tribune.com\\\/it\\\/\",\"logo\":{\"@type\":\"ImageObject\",\"inLanguage\":\"it-IT\",\"@id\":\"https:\\\/\\\/www.monaco-tribune.com\\\/it\\\/#\\\/schema\\\/logo\\\/image\\\/\",\"url\":\"https:\\\/\\\/www.monaco-tribune.com\\\/wp-content\\\/uploads\\\/2022\\\/11\\\/logo-monaco-tribune.png\",\"contentUrl\":\"https:\\\/\\\/www.monaco-tribune.com\\\/wp-content\\\/uploads\\\/2022\\\/11\\\/logo-monaco-tribune.png\",\"width\":1548,\"height\":600,\"caption\":\"Monaco Tribune\"},\"image\":{\"@id\":\"https:\\\/\\\/www.monaco-tribune.com\\\/it\\\/#\\\/schema\\\/logo\\\/image\\\/\"},\"sameAs\":[\"https:\\\/\\\/www.facebook.com\\\/MonacoTribune\",\"https:\\\/\\\/x.com\\\/MonacoTribune\",\"https:\\\/\\\/www.instagram.com\\\/monacotribune\\\/\",\"https:\\\/\\\/www.linkedin.com\\\/company\\\/monaco-tribune\",\"https:\\\/\\\/www.youtube.com\\\/channel\\\/UCHle1MnG6hw1y4lWKijVbMA\"]},{\"@type\":\"Person\",\"@id\":\"https:\\\/\\\/www.monaco-tribune.com\\\/it\\\/#\\\/schema\\\/person\\\/a855d420fff4d03637641d60b93ac62e\",\"name\":\"Camille Esteve\",\"image\":{\"@type\":\"ImageObject\",\"inLanguage\":\"it-IT\",\"@id\":\"https:\\\/\\\/secure.gravatar.com\\\/avatar\\\/eaaa2355a7bb56c0018a391c20a55bf9b4690e3f493231dd850e612bfa6ce161?s=96&d=mm&r=g\",\"url\":\"https:\\\/\\\/secure.gravatar.com\\\/avatar\\\/eaaa2355a7bb56c0018a391c20a55bf9b4690e3f493231dd850e612bfa6ce161?s=96&d=mm&r=g\",\"contentUrl\":\"https:\\\/\\\/secure.gravatar.com\\\/avatar\\\/eaaa2355a7bb56c0018a391c20a55bf9b4690e3f493231dd850e612bfa6ce161?s=96&d=mm&r=g\",\"caption\":\"Camille Esteve\"},\"url\":\"https:\\\/\\\/www.monaco-tribune.com\\\/it\\\/author\\\/camilleesteve\\\/\"}]}<\/script>\n<!-- \/ Yoast SEO Premium plugin. -->","yoast_head_json":{"title":"Philippe Pastor: \"Dipingere \u00e8 un impegno che dura tutta la vita\"","description":"Molto impegnato nella causa ambientale, l'artista monegasco sta attualmente preparando una mostra a Les Baux-de-Provence. \"La mia carriera artistica? Ci","robots":{"index":"index","follow":"follow","max-snippet":"max-snippet:-1","max-image-preview":"max-image-preview:large","max-video-preview":"max-video-preview:-1"},"canonical":"https:\/\/www.monaco-tribune.com\/it\/2023\/05\/philippe-pastor-dipingere-e-un-impegno-che-dura-tutta-la-vita\/","og_locale":"it_IT","og_type":"article","og_title":"Philippe Pastor: \"Dipingere \u00e8 un impegno che dura tutta la vita\" - Monaco Tribune","og_description":"Molto impegnato nella causa ambientale, l'artista monegasco sta attualmente preparando una mostra a Les Baux-de-Provence. \"La mia carriera artistica? Ci","og_url":"https:\/\/www.monaco-tribune.com\/it\/2023\/05\/philippe-pastor-dipingere-e-un-impegno-che-dura-tutta-la-vita\/","og_site_name":"Monaco Tribune","article_publisher":"https:\/\/www.facebook.com\/MonacoTribune","article_published_time":"2023-05-31T19:31:13+00:00","article_modified_time":"2023-05-31T19:31:19+00:00","og_image":[{"width":1020,"height":648,"url":"https:\/\/www.monaco-tribune.com\/wp-content\/uploads\/2023\/05\/philippe-pastor.jpeg","type":"image\/jpeg"}],"author":"Camille Esteve","twitter_card":"summary_large_image","twitter_creator":"@MonacoTribune","twitter_site":"@MonacoTribune","schema":{"@context":"https:\/\/schema.org","@graph":[{"@type":"NewsArticle","@id":"https:\/\/www.monaco-tribune.com\/it\/2023\/05\/philippe-pastor-dipingere-e-un-impegno-che-dura-tutta-la-vita\/#article","isPartOf":{"@id":"https:\/\/www.monaco-tribune.com\/it\/2023\/05\/philippe-pastor-dipingere-e-un-impegno-che-dura-tutta-la-vita\/"},"author":{"name":"Camille Esteve","@id":"https:\/\/www.monaco-tribune.com\/it\/#\/schema\/person\/a855d420fff4d03637641d60b93ac62e"},"headline":"Philippe Pastor: &#8220;Dipingere \u00e8 un impegno che dura tutta la vita&#8221;","datePublished":"2023-05-31T19:31:13+00:00","dateModified":"2023-05-31T19:31:19+00:00","mainEntityOfPage":{"@id":"https:\/\/www.monaco-tribune.com\/it\/2023\/05\/philippe-pastor-dipingere-e-un-impegno-che-dura-tutta-la-vita\/"},"wordCount":1752,"publisher":{"@id":"https:\/\/www.monaco-tribune.com\/it\/#organization"},"image":{"@id":"https:\/\/www.monaco-tribune.com\/it\/2023\/05\/philippe-pastor-dipingere-e-un-impegno-che-dura-tutta-la-vita\/#primaryimage"},"thumbnailUrl":"https:\/\/www.monaco-tribune.com\/wp-content\/uploads\/2023\/05\/philippe-pastor.jpeg","keywords":["Pittura"],"articleSection":["Cosa fare","La nostra scelta","Notizie"],"inLanguage":"it-IT","copyrightYear":"2023","copyrightHolder":{"@id":"https:\/\/www.monaco-tribune.com\/#organization"}},{"@type":"WebPage","@id":"https:\/\/www.monaco-tribune.com\/it\/2023\/05\/philippe-pastor-dipingere-e-un-impegno-che-dura-tutta-la-vita\/","url":"https:\/\/www.monaco-tribune.com\/it\/2023\/05\/philippe-pastor-dipingere-e-un-impegno-che-dura-tutta-la-vita\/","name":"Philippe Pastor: \"Dipingere \u00e8 un impegno che dura tutta la vita\"","isPartOf":{"@id":"https:\/\/www.monaco-tribune.com\/it\/#website"},"primaryImageOfPage":{"@id":"https:\/\/www.monaco-tribune.com\/it\/2023\/05\/philippe-pastor-dipingere-e-un-impegno-che-dura-tutta-la-vita\/#primaryimage"},"image":{"@id":"https:\/\/www.monaco-tribune.com\/it\/2023\/05\/philippe-pastor-dipingere-e-un-impegno-che-dura-tutta-la-vita\/#primaryimage"},"thumbnailUrl":"https:\/\/www.monaco-tribune.com\/wp-content\/uploads\/2023\/05\/philippe-pastor.jpeg","datePublished":"2023-05-31T19:31:13+00:00","dateModified":"2023-05-31T19:31:19+00:00","description":"Molto impegnato nella causa ambientale, l'artista monegasco sta attualmente preparando una mostra a Les Baux-de-Provence. \"La mia carriera artistica? Ci","breadcrumb":{"@id":"https:\/\/www.monaco-tribune.com\/it\/2023\/05\/philippe-pastor-dipingere-e-un-impegno-che-dura-tutta-la-vita\/#breadcrumb"},"inLanguage":"it-IT","potentialAction":[{"@type":"ReadAction","target":["https:\/\/www.monaco-tribune.com\/it\/2023\/05\/philippe-pastor-dipingere-e-un-impegno-che-dura-tutta-la-vita\/"]}]},{"@type":"ImageObject","inLanguage":"it-IT","@id":"https:\/\/www.monaco-tribune.com\/it\/2023\/05\/philippe-pastor-dipingere-e-un-impegno-che-dura-tutta-la-vita\/#primaryimage","url":"https:\/\/www.monaco-tribune.com\/wp-content\/uploads\/2023\/05\/philippe-pastor.jpeg","contentUrl":"https:\/\/www.monaco-tribune.com\/wp-content\/uploads\/2023\/05\/philippe-pastor.jpeg","width":1020,"height":648,"caption":"L'artista monegasco lavora principalmente nel suo laboratorio in Spagna - \u00a9 Christine Cadoni"},{"@type":"BreadcrumbList","@id":"https:\/\/www.monaco-tribune.com\/it\/2023\/05\/philippe-pastor-dipingere-e-un-impegno-che-dura-tutta-la-vita\/#breadcrumb","itemListElement":[{"@type":"ListItem","position":1,"name":"Accueil","item":"https:\/\/www.monaco-tribune.com\/it\/"},{"@type":"ListItem","position":2,"name":"Philippe Pastor: &#8220;Dipingere \u00e8 un impegno che dura tutta la vita&#8221;"}]},{"@type":"WebSite","@id":"https:\/\/www.monaco-tribune.com\/it\/#website","url":"https:\/\/www.monaco-tribune.com\/it\/","name":"Monaco Tribune","description":"Monaco : actualit\u00e9s \u00e9conomiques, politiques, culturelles et sportives de Monaco et de la French Riviera.","publisher":{"@id":"https:\/\/www.monaco-tribune.com\/it\/#organization"},"potentialAction":[{"@type":"SearchAction","target":{"@type":"EntryPoint","urlTemplate":"https:\/\/www.monaco-tribune.com\/it\/?s={search_term_string}"},"query-input":{"@type":"PropertyValueSpecification","valueRequired":true,"valueName":"search_term_string"}}],"inLanguage":"it-IT"},{"@type":"Organization","@id":"https:\/\/www.monaco-tribune.com\/it\/#organization","name":"Monaco Tribune","url":"https:\/\/www.monaco-tribune.com\/it\/","logo":{"@type":"ImageObject","inLanguage":"it-IT","@id":"https:\/\/www.monaco-tribune.com\/it\/#\/schema\/logo\/image\/","url":"https:\/\/www.monaco-tribune.com\/wp-content\/uploads\/2022\/11\/logo-monaco-tribune.png","contentUrl":"https:\/\/www.monaco-tribune.com\/wp-content\/uploads\/2022\/11\/logo-monaco-tribune.png","width":1548,"height":600,"caption":"Monaco Tribune"},"image":{"@id":"https:\/\/www.monaco-tribune.com\/it\/#\/schema\/logo\/image\/"},"sameAs":["https:\/\/www.facebook.com\/MonacoTribune","https:\/\/x.com\/MonacoTribune","https:\/\/www.instagram.com\/monacotribune\/","https:\/\/www.linkedin.com\/company\/monaco-tribune","https:\/\/www.youtube.com\/channel\/UCHle1MnG6hw1y4lWKijVbMA"]},{"@type":"Person","@id":"https:\/\/www.monaco-tribune.com\/it\/#\/schema\/person\/a855d420fff4d03637641d60b93ac62e","name":"Camille Esteve","image":{"@type":"ImageObject","inLanguage":"it-IT","@id":"https:\/\/secure.gravatar.com\/avatar\/eaaa2355a7bb56c0018a391c20a55bf9b4690e3f493231dd850e612bfa6ce161?s=96&d=mm&r=g","url":"https:\/\/secure.gravatar.com\/avatar\/eaaa2355a7bb56c0018a391c20a55bf9b4690e3f493231dd850e612bfa6ce161?s=96&d=mm&r=g","contentUrl":"https:\/\/secure.gravatar.com\/avatar\/eaaa2355a7bb56c0018a391c20a55bf9b4690e3f493231dd850e612bfa6ce161?s=96&d=mm&r=g","caption":"Camille Esteve"},"url":"https:\/\/www.monaco-tribune.com\/it\/author\/camilleesteve\/"}]}},"_links":{"self":[{"href":"https:\/\/www.monaco-tribune.com\/it\/wp-json\/wp\/v2\/posts\/178913","targetHints":{"allow":["GET"]}}],"collection":[{"href":"https:\/\/www.monaco-tribune.com\/it\/wp-json\/wp\/v2\/posts"}],"about":[{"href":"https:\/\/www.monaco-tribune.com\/it\/wp-json\/wp\/v2\/types\/post"}],"author":[{"embeddable":true,"href":"https:\/\/www.monaco-tribune.com\/it\/wp-json\/wp\/v2\/users\/60"}],"replies":[{"embeddable":true,"href":"https:\/\/www.monaco-tribune.com\/it\/wp-json\/wp\/v2\/comments?post=178913"}],"version-history":[{"count":0,"href":"https:\/\/www.monaco-tribune.com\/it\/wp-json\/wp\/v2\/posts\/178913\/revisions"}],"wp:featuredmedia":[{"embeddable":true,"href":"https:\/\/www.monaco-tribune.com\/it\/wp-json\/wp\/v2\/media\/177623"}],"wp:attachment":[{"href":"https:\/\/www.monaco-tribune.com\/it\/wp-json\/wp\/v2\/media?parent=178913"}],"wp:term":[{"taxonomy":"category","embeddable":true,"href":"https:\/\/www.monaco-tribune.com\/it\/wp-json\/wp\/v2\/categories?post=178913"},{"taxonomy":"post_tag","embeddable":true,"href":"https:\/\/www.monaco-tribune.com\/it\/wp-json\/wp\/v2\/tags?post=178913"},{"taxonomy":"sectag","embeddable":true,"href":"https:\/\/www.monaco-tribune.com\/it\/wp-json\/wp\/v2\/post_sectags?post=178913"},{"taxonomy":"format","embeddable":true,"href":"https:\/\/www.monaco-tribune.com\/it\/wp-json\/wp\/v2\/post_format?post=178913"}],"curies":[{"name":"wp","href":"https:\/\/api.w.org\/{rel}","templated":true}]}}