{"id":179736,"date":"2023-06-06T17:47:32","date_gmt":"2023-06-06T15:47:32","guid":{"rendered":"https:\/\/www.monaco-tribune.com\/2023\/06\/raccolta-fondi-per-la-popolazione-dellemilia-romagna-colpita-dallalluvione\/"},"modified":"2023-06-06T17:47:36","modified_gmt":"2023-06-06T15:47:36","slug":"raccolta-fondi-per-la-popolazione-dellemilia-romagna-colpita-dallalluvione","status":"publish","type":"post","link":"https:\/\/www.monaco-tribune.com\/it\/2023\/06\/raccolta-fondi-per-la-popolazione-dellemilia-romagna-colpita-dallalluvione\/","title":{"rendered":"Raccolta fondi per la popolazione dell&#8217;Emilia-Romagna colpita dall&#8217;alluvione"},"content":{"rendered":"\n<p><strong>Sono pi\u00f9 di 36.000 le persone sfollate a causa delle inondazioni che sabato 20 maggio hanno causato la morte di 14 persone nella regione.<\/strong><\/p>\n\n<p>\u00c8 un dramma che ha commosso tutti. Cos\u00ec a Monaco Ezio Greggio, presidente del Comitato degli Italiani all&#8217;Estero (Com.It.Es Monaco) e Robert Ferrua, diacono e presidente di Caritas Monaco, hanno deciso di agire. Le due organizzazioni hanno appena lanciato una raccolta fondi per aiutare la popolazione a coprire le spese di affitto degli sfollati, per l&#8217;acquisto di attrezzature per spalare il fango e di pompe di drenaggio, ma anche per reperire cibo per gli animali.<\/p>\n\n<p class=\"has-text-align-center\">La campagna di raccolta fondi \u00e8 aperta a tutti ed \u00e8 gi\u00e0 attivo un conto corrente dedicato a nome del <strong>Comit\u00e9 Mon\u00e9gasque des Italiens de l&#8217;Etranger:<\/strong>&#13;\n&#13;\n<strong>IBAN: MC58 1756 9000 0106 2393 2000 489<\/strong>&#13;\n<strong>BIC: CMBMMCMXXXX<\/strong><\/p>\n\n<p>&#8220;La situazione nella zona colpita dal maltempo \u00e8 estremamente complicata: ad oggi, molte case sono ancora allagate, l&#8217;acqua deve essere pompata meccanicamente e c&#8217;\u00e8 un serio rischio di diffusione di malattie&#8221;, si legge in un comunicato stampa inviato dai promotori della raccolta fondi. &#8220;Il Com.It.Es Monaco intende quindi intraprendere una prima raccolta fondi per far fronte alle necessit\u00e0 pi\u00f9 urgenti e solo in un secondo momento, quando il governo italiano nominer\u00e0 un commissario generale per la gestione della crisi, sar\u00e0 possibile avviare ulteriori iniziative, contribuendo ad esempio alla ricostruzione&#8221;.<\/p>\n\n<p class=\"related\"><a href=\"https:\/\/www.monaco-tribune.com\/it\/2023\/05\/alluvioni-in-emilia-romagna-il-sovrano-porge-le-sue-condoglianze-al-popolo-italiano\/\">Alluvioni in Emilia-Romagna: il Sovrano porge le sue condoglianze al popolo italiano<\/a><\/p>\n\n<p>Per maggiori informazioni scrivere al seguente indirizzo: monaco.comites@gmail.com<\/p>\n","protected":false},"excerpt":{"rendered":"<p>Sono pi\u00f9 di 36.000 le persone sfollate a causa delle inondazioni che sabato 20 maggio hanno causato la morte di [&hellip;]<\/p>\n","protected":false},"author":69,"featured_media":179450,"comment_status":"closed","ping_status":"closed","sticky":false,"template":"","format":"standard","meta":{"_acf_changed":false,"footnotes":""},"categories":[1738,1752],"tags":[2951],"post_sectags":[],"post_format":[2478],"class_list":["post-179736","post","type-post","status-publish","format-standard","has-post-thumbnail","hentry","category-notizie","category-societa","tag-associazioni","format-notizia"],"acf":[],"yoast_head":"<!-- This site is optimized with the Yoast SEO Premium plugin v26.8 (Yoast SEO v27.5) - https:\/\/yoast.com\/product\/yoast-seo-premium-wordpress\/ -->\n<title>Raccolta fondi per la popolazione dell&#039;Emilia-Romagna colpita dall&#039;alluvione<\/title>\n<meta name=\"description\" content=\"Sono pi\u00f9 di 36.000 le persone sfollate a causa delle inondazioni che sabato 20 maggio hanno causato la morte di 14 persone nella regione. \u00c8 un dramma che\" \/>\n<meta name=\"robots\" content=\"index, follow, max-snippet:-1, max-image-preview:large, max-video-preview:-1\" \/>\n<link rel=\"canonical\" href=\"https:\/\/www.monaco-tribune.com\/it\/2023\/06\/raccolta-fondi-per-la-popolazione-dellemilia-romagna-colpita-dallalluvione\/\" \/>\n<meta property=\"og:locale\" content=\"it_IT\" \/>\n<meta property=\"og:type\" content=\"article\" \/>\n<meta property=\"og:title\" content=\"Raccolta fondi per la popolazione dell&#039;Emilia-Romagna colpita dall&#039;alluvione - Monaco Tribune\" \/>\n<meta property=\"og:description\" content=\"Sono pi\u00f9 di 36.000 le persone sfollate a causa delle inondazioni che sabato 20 maggio hanno causato la morte di 14 persone nella regione. \u00c8 un dramma che\" \/>\n<meta property=\"og:url\" content=\"https:\/\/www.monaco-tribune.com\/it\/2023\/06\/raccolta-fondi-per-la-popolazione-dellemilia-romagna-colpita-dallalluvione\/\" \/>\n<meta property=\"og:site_name\" content=\"Monaco Tribune\" \/>\n<meta property=\"article:publisher\" content=\"https:\/\/www.facebook.com\/MonacoTribune\" \/>\n<meta property=\"article:published_time\" content=\"2023-06-06T15:47:32+00:00\" \/>\n<meta property=\"article:modified_time\" content=\"2023-06-06T15:47:36+00:00\" \/>\n<meta property=\"og:image\" content=\"https:\/\/www.monaco-tribune.com\/wp-content\/uploads\/2023\/06\/emile-romagne.jpg\" \/>\n\t<meta property=\"og:image:width\" content=\"1200\" \/>\n\t<meta property=\"og:image:height\" content=\"675\" \/>\n\t<meta property=\"og:image:type\" content=\"image\/jpeg\" \/>\n<meta name=\"author\" content=\"Sarah Incari\" \/>\n<meta name=\"twitter:card\" content=\"summary_large_image\" \/>\n<meta name=\"twitter:creator\" content=\"@MonacoTribune\" \/>\n<meta name=\"twitter:site\" content=\"@MonacoTribune\" \/>\n<script type=\"application\/ld+json\" class=\"yoast-schema-graph\">{\"@context\":\"https:\\\/\\\/schema.org\",\"@graph\":[{\"@type\":\"NewsArticle\",\"@id\":\"https:\\\/\\\/www.monaco-tribune.com\\\/it\\\/2023\\\/06\\\/raccolta-fondi-per-la-popolazione-dellemilia-romagna-colpita-dallalluvione\\\/#article\",\"isPartOf\":{\"@id\":\"https:\\\/\\\/www.monaco-tribune.com\\\/it\\\/2023\\\/06\\\/raccolta-fondi-per-la-popolazione-dellemilia-romagna-colpita-dallalluvione\\\/\"},\"author\":{\"name\":\"Sarah Incari\",\"@id\":\"https:\\\/\\\/www.monaco-tribune.com\\\/it\\\/#\\\/schema\\\/person\\\/dd3b5770833f791d3f4d808f1aa84499\"},\"headline\":\"Raccolta fondi per la popolazione dell&#8217;Emilia-Romagna colpita dall&#8217;alluvione\",\"datePublished\":\"2023-06-06T15:47:32+00:00\",\"dateModified\":\"2023-06-06T15:47:36+00:00\",\"mainEntityOfPage\":{\"@id\":\"https:\\\/\\\/www.monaco-tribune.com\\\/it\\\/2023\\\/06\\\/raccolta-fondi-per-la-popolazione-dellemilia-romagna-colpita-dallalluvione\\\/\"},\"wordCount\":253,\"publisher\":{\"@id\":\"https:\\\/\\\/www.monaco-tribune.com\\\/it\\\/#organization\"},\"image\":{\"@id\":\"https:\\\/\\\/www.monaco-tribune.com\\\/it\\\/2023\\\/06\\\/raccolta-fondi-per-la-popolazione-dellemilia-romagna-colpita-dallalluvione\\\/#primaryimage\"},\"thumbnailUrl\":\"https:\\\/\\\/www.monaco-tribune.com\\\/wp-content\\\/uploads\\\/2023\\\/06\\\/emile-romagne.jpg\",\"keywords\":[\"Associazioni\"],\"articleSection\":[\"Notizie\",\"Societ\u00e0\"],\"inLanguage\":\"it-IT\",\"copyrightYear\":\"2023\",\"copyrightHolder\":{\"@id\":\"https:\\\/\\\/www.monaco-tribune.com\\\/#organization\"}},{\"@type\":\"WebPage\",\"@id\":\"https:\\\/\\\/www.monaco-tribune.com\\\/it\\\/2023\\\/06\\\/raccolta-fondi-per-la-popolazione-dellemilia-romagna-colpita-dallalluvione\\\/\",\"url\":\"https:\\\/\\\/www.monaco-tribune.com\\\/it\\\/2023\\\/06\\\/raccolta-fondi-per-la-popolazione-dellemilia-romagna-colpita-dallalluvione\\\/\",\"name\":\"Raccolta fondi per la popolazione dell'Emilia-Romagna colpita dall'alluvione\",\"isPartOf\":{\"@id\":\"https:\\\/\\\/www.monaco-tribune.com\\\/it\\\/#website\"},\"primaryImageOfPage\":{\"@id\":\"https:\\\/\\\/www.monaco-tribune.com\\\/it\\\/2023\\\/06\\\/raccolta-fondi-per-la-popolazione-dellemilia-romagna-colpita-dallalluvione\\\/#primaryimage\"},\"image\":{\"@id\":\"https:\\\/\\\/www.monaco-tribune.com\\\/it\\\/2023\\\/06\\\/raccolta-fondi-per-la-popolazione-dellemilia-romagna-colpita-dallalluvione\\\/#primaryimage\"},\"thumbnailUrl\":\"https:\\\/\\\/www.monaco-tribune.com\\\/wp-content\\\/uploads\\\/2023\\\/06\\\/emile-romagne.jpg\",\"datePublished\":\"2023-06-06T15:47:32+00:00\",\"dateModified\":\"2023-06-06T15:47:36+00:00\",\"description\":\"Sono pi\u00f9 di 36.000 le persone sfollate a causa delle inondazioni che sabato 20 maggio hanno causato la morte di 14 persone nella regione. \u00c8 un dramma che\",\"breadcrumb\":{\"@id\":\"https:\\\/\\\/www.monaco-tribune.com\\\/it\\\/2023\\\/06\\\/raccolta-fondi-per-la-popolazione-dellemilia-romagna-colpita-dallalluvione\\\/#breadcrumb\"},\"inLanguage\":\"it-IT\",\"potentialAction\":[{\"@type\":\"ReadAction\",\"target\":[\"https:\\\/\\\/www.monaco-tribune.com\\\/it\\\/2023\\\/06\\\/raccolta-fondi-per-la-popolazione-dellemilia-romagna-colpita-dallalluvione\\\/\"]}]},{\"@type\":\"ImageObject\",\"inLanguage\":\"it-IT\",\"@id\":\"https:\\\/\\\/www.monaco-tribune.com\\\/it\\\/2023\\\/06\\\/raccolta-fondi-per-la-popolazione-dellemilia-romagna-colpita-dallalluvione\\\/#primaryimage\",\"url\":\"https:\\\/\\\/www.monaco-tribune.com\\\/wp-content\\\/uploads\\\/2023\\\/06\\\/emile-romagne.jpg\",\"contentUrl\":\"https:\\\/\\\/www.monaco-tribune.com\\\/wp-content\\\/uploads\\\/2023\\\/06\\\/emile-romagne.jpg\",\"width\":1200,\"height\":675,\"caption\":\"Due mesi fa, le alluvioni in Emilia-Romagna hanno causato la morte di 15 persone. \u00a9 Federico SCOPPA \\\/ AFP\"},{\"@type\":\"BreadcrumbList\",\"@id\":\"https:\\\/\\\/www.monaco-tribune.com\\\/it\\\/2023\\\/06\\\/raccolta-fondi-per-la-popolazione-dellemilia-romagna-colpita-dallalluvione\\\/#breadcrumb\",\"itemListElement\":[{\"@type\":\"ListItem\",\"position\":1,\"name\":\"Accueil\",\"item\":\"https:\\\/\\\/www.monaco-tribune.com\\\/it\\\/\"},{\"@type\":\"ListItem\",\"position\":2,\"name\":\"Raccolta fondi per la popolazione dell&#8217;Emilia-Romagna colpita dall&#8217;alluvione\"}]},{\"@type\":\"WebSite\",\"@id\":\"https:\\\/\\\/www.monaco-tribune.com\\\/it\\\/#website\",\"url\":\"https:\\\/\\\/www.monaco-tribune.com\\\/it\\\/\",\"name\":\"Monaco Tribune\",\"description\":\"Monaco : actualit\u00e9s \u00e9conomiques, politiques, culturelles et sportives de Monaco et de la French Riviera.\",\"publisher\":{\"@id\":\"https:\\\/\\\/www.monaco-tribune.com\\\/it\\\/#organization\"},\"potentialAction\":[{\"@type\":\"SearchAction\",\"target\":{\"@type\":\"EntryPoint\",\"urlTemplate\":\"https:\\\/\\\/www.monaco-tribune.com\\\/it\\\/?s={search_term_string}\"},\"query-input\":{\"@type\":\"PropertyValueSpecification\",\"valueRequired\":true,\"valueName\":\"search_term_string\"}}],\"inLanguage\":\"it-IT\"},{\"@type\":\"Organization\",\"@id\":\"https:\\\/\\\/www.monaco-tribune.com\\\/it\\\/#organization\",\"name\":\"Monaco Tribune\",\"url\":\"https:\\\/\\\/www.monaco-tribune.com\\\/it\\\/\",\"logo\":{\"@type\":\"ImageObject\",\"inLanguage\":\"it-IT\",\"@id\":\"https:\\\/\\\/www.monaco-tribune.com\\\/it\\\/#\\\/schema\\\/logo\\\/image\\\/\",\"url\":\"https:\\\/\\\/www.monaco-tribune.com\\\/wp-content\\\/uploads\\\/2022\\\/11\\\/logo-monaco-tribune.png\",\"contentUrl\":\"https:\\\/\\\/www.monaco-tribune.com\\\/wp-content\\\/uploads\\\/2022\\\/11\\\/logo-monaco-tribune.png\",\"width\":1548,\"height\":600,\"caption\":\"Monaco Tribune\"},\"image\":{\"@id\":\"https:\\\/\\\/www.monaco-tribune.com\\\/it\\\/#\\\/schema\\\/logo\\\/image\\\/\"},\"sameAs\":[\"https:\\\/\\\/www.facebook.com\\\/MonacoTribune\",\"https:\\\/\\\/x.com\\\/MonacoTribune\",\"https:\\\/\\\/www.instagram.com\\\/monacotribune\\\/\",\"https:\\\/\\\/www.linkedin.com\\\/company\\\/monaco-tribune\",\"https:\\\/\\\/www.youtube.com\\\/channel\\\/UCHle1MnG6hw1y4lWKijVbMA\"]},{\"@type\":\"Person\",\"@id\":\"https:\\\/\\\/www.monaco-tribune.com\\\/it\\\/#\\\/schema\\\/person\\\/dd3b5770833f791d3f4d808f1aa84499\",\"name\":\"Sarah Incari\",\"image\":{\"@type\":\"ImageObject\",\"inLanguage\":\"it-IT\",\"@id\":\"https:\\\/\\\/secure.gravatar.com\\\/avatar\\\/4ac0b37be892d57107ccdd804e3f2a03bf1e3fca097512136d3603859293cb0e?s=96&d=mm&r=g\",\"url\":\"https:\\\/\\\/secure.gravatar.com\\\/avatar\\\/4ac0b37be892d57107ccdd804e3f2a03bf1e3fca097512136d3603859293cb0e?s=96&d=mm&r=g\",\"contentUrl\":\"https:\\\/\\\/secure.gravatar.com\\\/avatar\\\/4ac0b37be892d57107ccdd804e3f2a03bf1e3fca097512136d3603859293cb0e?s=96&d=mm&r=g\",\"caption\":\"Sarah Incari\"},\"url\":\"https:\\\/\\\/www.monaco-tribune.com\\\/it\\\/author\\\/sarahincari\\\/\"}]}<\/script>\n<!-- \/ Yoast SEO Premium plugin. -->","yoast_head_json":{"title":"Raccolta fondi per la popolazione dell'Emilia-Romagna colpita dall'alluvione","description":"Sono pi\u00f9 di 36.000 le persone sfollate a causa delle inondazioni che sabato 20 maggio hanno causato la morte di 14 persone nella regione. \u00c8 un dramma che","robots":{"index":"index","follow":"follow","max-snippet":"max-snippet:-1","max-image-preview":"max-image-preview:large","max-video-preview":"max-video-preview:-1"},"canonical":"https:\/\/www.monaco-tribune.com\/it\/2023\/06\/raccolta-fondi-per-la-popolazione-dellemilia-romagna-colpita-dallalluvione\/","og_locale":"it_IT","og_type":"article","og_title":"Raccolta fondi per la popolazione dell'Emilia-Romagna colpita dall'alluvione - Monaco Tribune","og_description":"Sono pi\u00f9 di 36.000 le persone sfollate a causa delle inondazioni che sabato 20 maggio hanno causato la morte di 14 persone nella regione. \u00c8 un dramma che","og_url":"https:\/\/www.monaco-tribune.com\/it\/2023\/06\/raccolta-fondi-per-la-popolazione-dellemilia-romagna-colpita-dallalluvione\/","og_site_name":"Monaco Tribune","article_publisher":"https:\/\/www.facebook.com\/MonacoTribune","article_published_time":"2023-06-06T15:47:32+00:00","article_modified_time":"2023-06-06T15:47:36+00:00","og_image":[{"width":1200,"height":675,"url":"https:\/\/www.monaco-tribune.com\/wp-content\/uploads\/2023\/06\/emile-romagne.jpg","type":"image\/jpeg"}],"author":"Sarah Incari","twitter_card":"summary_large_image","twitter_creator":"@MonacoTribune","twitter_site":"@MonacoTribune","schema":{"@context":"https:\/\/schema.org","@graph":[{"@type":"NewsArticle","@id":"https:\/\/www.monaco-tribune.com\/it\/2023\/06\/raccolta-fondi-per-la-popolazione-dellemilia-romagna-colpita-dallalluvione\/#article","isPartOf":{"@id":"https:\/\/www.monaco-tribune.com\/it\/2023\/06\/raccolta-fondi-per-la-popolazione-dellemilia-romagna-colpita-dallalluvione\/"},"author":{"name":"Sarah Incari","@id":"https:\/\/www.monaco-tribune.com\/it\/#\/schema\/person\/dd3b5770833f791d3f4d808f1aa84499"},"headline":"Raccolta fondi per la popolazione dell&#8217;Emilia-Romagna colpita dall&#8217;alluvione","datePublished":"2023-06-06T15:47:32+00:00","dateModified":"2023-06-06T15:47:36+00:00","mainEntityOfPage":{"@id":"https:\/\/www.monaco-tribune.com\/it\/2023\/06\/raccolta-fondi-per-la-popolazione-dellemilia-romagna-colpita-dallalluvione\/"},"wordCount":253,"publisher":{"@id":"https:\/\/www.monaco-tribune.com\/it\/#organization"},"image":{"@id":"https:\/\/www.monaco-tribune.com\/it\/2023\/06\/raccolta-fondi-per-la-popolazione-dellemilia-romagna-colpita-dallalluvione\/#primaryimage"},"thumbnailUrl":"https:\/\/www.monaco-tribune.com\/wp-content\/uploads\/2023\/06\/emile-romagne.jpg","keywords":["Associazioni"],"articleSection":["Notizie","Societ\u00e0"],"inLanguage":"it-IT","copyrightYear":"2023","copyrightHolder":{"@id":"https:\/\/www.monaco-tribune.com\/#organization"}},{"@type":"WebPage","@id":"https:\/\/www.monaco-tribune.com\/it\/2023\/06\/raccolta-fondi-per-la-popolazione-dellemilia-romagna-colpita-dallalluvione\/","url":"https:\/\/www.monaco-tribune.com\/it\/2023\/06\/raccolta-fondi-per-la-popolazione-dellemilia-romagna-colpita-dallalluvione\/","name":"Raccolta fondi per la popolazione dell'Emilia-Romagna colpita dall'alluvione","isPartOf":{"@id":"https:\/\/www.monaco-tribune.com\/it\/#website"},"primaryImageOfPage":{"@id":"https:\/\/www.monaco-tribune.com\/it\/2023\/06\/raccolta-fondi-per-la-popolazione-dellemilia-romagna-colpita-dallalluvione\/#primaryimage"},"image":{"@id":"https:\/\/www.monaco-tribune.com\/it\/2023\/06\/raccolta-fondi-per-la-popolazione-dellemilia-romagna-colpita-dallalluvione\/#primaryimage"},"thumbnailUrl":"https:\/\/www.monaco-tribune.com\/wp-content\/uploads\/2023\/06\/emile-romagne.jpg","datePublished":"2023-06-06T15:47:32+00:00","dateModified":"2023-06-06T15:47:36+00:00","description":"Sono pi\u00f9 di 36.000 le persone sfollate a causa delle inondazioni che sabato 20 maggio hanno causato la morte di 14 persone nella regione. \u00c8 un dramma che","breadcrumb":{"@id":"https:\/\/www.monaco-tribune.com\/it\/2023\/06\/raccolta-fondi-per-la-popolazione-dellemilia-romagna-colpita-dallalluvione\/#breadcrumb"},"inLanguage":"it-IT","potentialAction":[{"@type":"ReadAction","target":["https:\/\/www.monaco-tribune.com\/it\/2023\/06\/raccolta-fondi-per-la-popolazione-dellemilia-romagna-colpita-dallalluvione\/"]}]},{"@type":"ImageObject","inLanguage":"it-IT","@id":"https:\/\/www.monaco-tribune.com\/it\/2023\/06\/raccolta-fondi-per-la-popolazione-dellemilia-romagna-colpita-dallalluvione\/#primaryimage","url":"https:\/\/www.monaco-tribune.com\/wp-content\/uploads\/2023\/06\/emile-romagne.jpg","contentUrl":"https:\/\/www.monaco-tribune.com\/wp-content\/uploads\/2023\/06\/emile-romagne.jpg","width":1200,"height":675,"caption":"Due mesi fa, le alluvioni in Emilia-Romagna hanno causato la morte di 15 persone. \u00a9 Federico SCOPPA \/ AFP"},{"@type":"BreadcrumbList","@id":"https:\/\/www.monaco-tribune.com\/it\/2023\/06\/raccolta-fondi-per-la-popolazione-dellemilia-romagna-colpita-dallalluvione\/#breadcrumb","itemListElement":[{"@type":"ListItem","position":1,"name":"Accueil","item":"https:\/\/www.monaco-tribune.com\/it\/"},{"@type":"ListItem","position":2,"name":"Raccolta fondi per la popolazione dell&#8217;Emilia-Romagna colpita dall&#8217;alluvione"}]},{"@type":"WebSite","@id":"https:\/\/www.monaco-tribune.com\/it\/#website","url":"https:\/\/www.monaco-tribune.com\/it\/","name":"Monaco Tribune","description":"Monaco : actualit\u00e9s \u00e9conomiques, politiques, culturelles et sportives de Monaco et de la French Riviera.","publisher":{"@id":"https:\/\/www.monaco-tribune.com\/it\/#organization"},"potentialAction":[{"@type":"SearchAction","target":{"@type":"EntryPoint","urlTemplate":"https:\/\/www.monaco-tribune.com\/it\/?s={search_term_string}"},"query-input":{"@type":"PropertyValueSpecification","valueRequired":true,"valueName":"search_term_string"}}],"inLanguage":"it-IT"},{"@type":"Organization","@id":"https:\/\/www.monaco-tribune.com\/it\/#organization","name":"Monaco Tribune","url":"https:\/\/www.monaco-tribune.com\/it\/","logo":{"@type":"ImageObject","inLanguage":"it-IT","@id":"https:\/\/www.monaco-tribune.com\/it\/#\/schema\/logo\/image\/","url":"https:\/\/www.monaco-tribune.com\/wp-content\/uploads\/2022\/11\/logo-monaco-tribune.png","contentUrl":"https:\/\/www.monaco-tribune.com\/wp-content\/uploads\/2022\/11\/logo-monaco-tribune.png","width":1548,"height":600,"caption":"Monaco Tribune"},"image":{"@id":"https:\/\/www.monaco-tribune.com\/it\/#\/schema\/logo\/image\/"},"sameAs":["https:\/\/www.facebook.com\/MonacoTribune","https:\/\/x.com\/MonacoTribune","https:\/\/www.instagram.com\/monacotribune\/","https:\/\/www.linkedin.com\/company\/monaco-tribune","https:\/\/www.youtube.com\/channel\/UCHle1MnG6hw1y4lWKijVbMA"]},{"@type":"Person","@id":"https:\/\/www.monaco-tribune.com\/it\/#\/schema\/person\/dd3b5770833f791d3f4d808f1aa84499","name":"Sarah Incari","image":{"@type":"ImageObject","inLanguage":"it-IT","@id":"https:\/\/secure.gravatar.com\/avatar\/4ac0b37be892d57107ccdd804e3f2a03bf1e3fca097512136d3603859293cb0e?s=96&d=mm&r=g","url":"https:\/\/secure.gravatar.com\/avatar\/4ac0b37be892d57107ccdd804e3f2a03bf1e3fca097512136d3603859293cb0e?s=96&d=mm&r=g","contentUrl":"https:\/\/secure.gravatar.com\/avatar\/4ac0b37be892d57107ccdd804e3f2a03bf1e3fca097512136d3603859293cb0e?s=96&d=mm&r=g","caption":"Sarah Incari"},"url":"https:\/\/www.monaco-tribune.com\/it\/author\/sarahincari\/"}]}},"_links":{"self":[{"href":"https:\/\/www.monaco-tribune.com\/it\/wp-json\/wp\/v2\/posts\/179736","targetHints":{"allow":["GET"]}}],"collection":[{"href":"https:\/\/www.monaco-tribune.com\/it\/wp-json\/wp\/v2\/posts"}],"about":[{"href":"https:\/\/www.monaco-tribune.com\/it\/wp-json\/wp\/v2\/types\/post"}],"author":[{"embeddable":true,"href":"https:\/\/www.monaco-tribune.com\/it\/wp-json\/wp\/v2\/users\/69"}],"replies":[{"embeddable":true,"href":"https:\/\/www.monaco-tribune.com\/it\/wp-json\/wp\/v2\/comments?post=179736"}],"version-history":[{"count":0,"href":"https:\/\/www.monaco-tribune.com\/it\/wp-json\/wp\/v2\/posts\/179736\/revisions"}],"wp:featuredmedia":[{"embeddable":true,"href":"https:\/\/www.monaco-tribune.com\/it\/wp-json\/wp\/v2\/media\/179450"}],"wp:attachment":[{"href":"https:\/\/www.monaco-tribune.com\/it\/wp-json\/wp\/v2\/media?parent=179736"}],"wp:term":[{"taxonomy":"category","embeddable":true,"href":"https:\/\/www.monaco-tribune.com\/it\/wp-json\/wp\/v2\/categories?post=179736"},{"taxonomy":"post_tag","embeddable":true,"href":"https:\/\/www.monaco-tribune.com\/it\/wp-json\/wp\/v2\/tags?post=179736"},{"taxonomy":"sectag","embeddable":true,"href":"https:\/\/www.monaco-tribune.com\/it\/wp-json\/wp\/v2\/post_sectags?post=179736"},{"taxonomy":"format","embeddable":true,"href":"https:\/\/www.monaco-tribune.com\/it\/wp-json\/wp\/v2\/post_format?post=179736"}],"curies":[{"name":"wp","href":"https:\/\/api.w.org\/{rel}","templated":true}]}}