{"id":180263,"date":"2023-06-09T13:39:09","date_gmt":"2023-06-09T11:39:09","guid":{"rendered":"https:\/\/www.monaco-tribune.com\/2023\/06\/paul-mitchell-as-monaco-il-nostro-posto-e-sul-podio\/"},"modified":"2023-06-09T13:39:16","modified_gmt":"2023-06-09T11:39:16","slug":"paul-mitchell-as-monaco-il-nostro-posto-e-sul-podio","status":"publish","type":"post","link":"https:\/\/www.monaco-tribune.com\/it\/2023\/06\/paul-mitchell-as-monaco-il-nostro-posto-e-sul-podio\/","title":{"rendered":"Paul Mitchell (AS Monaco): &#8220;Il nostro posto \u00e8 sul podio&#8221;"},"content":{"rendered":"\n<p><strong>Questo gioved\u00ec mattina, il direttore sportivo dell&#8217;AS Monaco ha parlato a lungo in una tavola rotonda presso il Performance Centre del club a La Turbie.<\/strong><\/p>\n\n<p><strong>Cosa l\u2019ha spinta a scegliere Thiago Scuro come suo successore?<\/strong><\/p>\n\n<p>Ovviamente abbiamo fatto dei colloqui molto rigorosi, abbiamo esaminato diverse persone con diversi profili. Thiago lo conosco bene. Ho avuto la fortuna di lavorare con lui alla Red Bull negli anni che ho trascorso l\u00ec e, attraverso questi colloqui stringenti, \u00e8 diventato il candidato principale. Dato che abbiamo costruito tutta la struttura, abbiamo una base davvero solida in tutte le aree di rendimento dell&#8217;AS Monaco e del Cercle Bruges, ora abbiamo bisogno di un altro genere di competenze, forse pi\u00f9 soft skills. Ha grandi capacit\u00e0 manageriali per portare il club al livello successivo, ma ha anche uno schema di gestione che pu\u00f2 essere diverso, nuovo e fresco e che, dopo tre anni, \u00e8 probabilmente quello di cui anche l&#8217;organizzazione ha bisogno.<\/p>\n\n<p><strong>Come sta gestendo la transizione?<\/strong><\/p>\n\n<p>Non ho problemi con la transizione. Lui deve stare al comando. Deve venire qui il primo giorno ed essere al comando. Io lo sosterr\u00f2, user\u00f2 la mia esperienza, la mia rete, per aiutarlo. Condivider\u00f2 l\u2019esperienza maturata lavorando in Francia e in Belgio con lui. Poi gli lascer\u00f2 definitivamente il timone non appena il presidente si riterr\u00e0 soddisfatto. Ma Thiago Scuro sar\u00e0 sicuramente al comando.<\/p>\n\n<p><strong>Quando arriver\u00e0 a Monaco? <\/strong><\/p>\n\n<p>Arriver\u00e0 il 30 giugno o il 1\u00b0 luglio. Il mercato internazionale apre dopo. \u00c8 molto fortunato perch\u00e9 grazie a Salisburgo \u00e8 stato esposto ai mercati dell\u2019Europa occidentale. Conosce lo stile, le necessit\u00e0 e le esigenze del club. Ha anche un network incredibile in Sudamerica. Continuer\u00f2 a essere propositivo finch\u00e9 non apre il mercato e arriva lui. Niente vacanze per me quest\u2019anno, sfortunatamente.<\/p>\n\n<blockquote class=\"wp-block-quote is-layout-flow wp-block-quote-is-layout-flow\">\n<p>Il nuovo direttore sportivo deve lavorare con il nuovo allenatore e devono avere fiducia l\u2019uno nell\u2019altro<\/p>\n<\/blockquote>\n\n<p><strong>Quando lascer\u00e0 il club?<\/strong><\/p>\n\n<p>Non abbiamo ancora definito una data. \u00c8 complicato per me e per la squadra, ma vogliamo continuit\u00e0, stabilit\u00e0 e coerenza. Ho detto al presidente che ci sar\u00f2 finch\u00e9 ne avr\u00e0 bisogno.<\/p>\n\n<p><strong>\u00c8 stata una sua decisione quella di cambiare direttore sportivo?<\/strong><\/p>\n\n<p>Penso di entrambi. Abbiamo sempre avuto un ottimo rapporto anche nei momenti in cui non eravamo d\u2019accordo. Il calcio si basa molto sulle opinioni, quindi \u00e8 normale essere in disaccordo&#8230; Non ho fretta. Voglio aiutare pi\u00f9 che posso finch\u00e9 sono qui.<\/p>\n\n<p><strong>Si sta occupando del reclutamento del nuovo allenatore?<\/strong><\/p>\n\n<p>Sono qui per dare la mia opinione. Sono ancora molto legato, a livello personale ed emotivo, a quello che abbiamo fatto qui. Darei la mia opinione anche se non richiesta. D\u2019altronde, il nuovo direttore sportivo deve lavorare con il nuovo allenatore e devono avere fiducia l\u2019uno nell\u2019altro.<\/p>\n\n<p><strong>Quando sar\u00e0 nominato ufficialmente?<\/strong><\/p>\n\n<p>Meglio scegliere quello giusto al momento giusto, senza fretta. Vogliamo l\u2019allenatore migliore possibile che ci riporti dove meritiamo di stare, nella top 3.<\/p>\n\n<p><strong>Quali profili state esaminando?<\/strong><\/p>\n\n<p>Anche se la mia storia e quella di Thiago Scuro sono legate alla Red Bull, non sar\u00e0 per forza cos\u00ec per l\u2019allenatore. Cercheremo in lungo e in largo, in tutti i mercati. Thiago Scuro e il presidente vogliono vincere l\u2019anno prossimo.<\/p>\n\n<blockquote class=\"wp-block-quote is-layout-flow wp-block-quote-is-layout-flow\">\n<p>Abbiamo riscontrato un grande interesse da parte di persone disoccupate ma anche da chi un lavoro ce l\u2019ha. L\u2019interesse dimostrato \u00e8 anche un indice dello stato del club sul mercato di oggi<\/p>\n<\/blockquote>\n\n<p><strong>Avete gi\u00e0 stilato una lista di profili?<\/strong><\/p>\n\n<p>Abbiamo riscontrato un grande interesse da parte di persone disoccupate ma anche da chi un lavoro ce l\u2019ha. L\u2019interesse dimostrato \u00e8 anche un indice dello stato del club sul mercato di oggi.<\/p>\n\n<p><strong>Marcelo Gallardo \u00e8 sulla lista?<\/strong><\/p>\n\n<p>Assumere un allenatore \u00e8 sempre complicato. Quello che posso dire \u00e8 che rispettiamo molto Marcelo e il lavoro che ha fatto al Riva Plate in otto stagioni. Ma ci sono tanti profili interessanti che hanno mostrato interesse nel lavoro.<\/p>\n\n<p><strong>Pensa che sia importante che l\u2019allenatore parli francese?<\/strong><\/p>\n\n<p>Non penso. Il calcio \u00e8 uno sport multiculturale. Non mi pare che tutti i migliori allenatori del Monaco parlassero francese.<\/p>\n\n<p><strong>Come spiega il sesto posto in Ligue 1 questa stagione?<\/strong><\/p>\n\n<p>\u00c8 stata una stagione insolitamente lunga, anche per la Coppa del Mondo. Stavamo andando bene prima del ritorno contro il Bayer Leverkusen in Europa League. Poi abbiamo perso ai rigori ed \u00e8 diventato tutto pi\u00f9 complicato. Abbiamo pian piano perso di vista il podio e la Champions League. La squadra non \u00e8 riuscita a riorganizzarsi. Siamo delusi. \u00c8 l\u2019allenatore che guida la squadra, ma quest\u2019anno ognuno ha la sua fetta di responsabilit\u00e0, me compreso.<\/p>\n\n<p><strong>Le cose sarebbero potute andare diversamente se in squadra ci fossero stati giocatori con pi\u00f9 esperienza?<\/strong><\/p>\n\n<p>Difficile da dire. Monaco offre parecchi divertimenti. Ci sono tentazioni ovunque. Non credo sia un problema di essere giovani o meno. Le personalit\u00e0 forti a volte si scontrano con gli allenatori. Non \u00e8 facile trovare un giocatore giusto per Monaco.<\/p>\n\n<p><strong>\u00c8 stata sua la decisione di licenziare Philippe Clement?<\/strong><\/p>\n\n<p>Ho sicuramente gran voce in capitolo, come in tutto il resto. Mi sono consultato con il proprietario e il consiglio di amministrazione, che \u00e8 una pratica standard. Alla fine \u00e8 stata una mia valutazione. Non \u00e8 stato facile. Ha fatto tante cose buone\u2026<\/p>\n\n<blockquote class=\"wp-block-quote is-layout-flow wp-block-quote-is-layout-flow\">\n<p>Dobbiamo concentrarci sulla difesa perch\u00e9 abbiamo concesso troppi goal. Ma dobbiamo anche lasciare spazio ai nostri giocatori pi\u00f9 giovani per crescere.<\/p>\n<\/blockquote>\n\n<p><strong>\u00c8 stata la soluzione migliore secondo lei?<\/strong><\/p>\n\n<p>Le squadre sono sempre pi\u00f9 giovani, ma qui abbiamo ancora un&#8217;ambizione che deve coesistere con la crescita dei giocatori. Ho visto che la squadra si era distaccata, era diventata molto individualista&#8230; non c&#8217;era altra scelta. Abbiamo grandi ambizioni all&#8217;AS Monaco. Vogliamo un posto garantito in Champions League. Abbiamo giocatori di talento e dobbiamo fare in modo che vincano le partite.<\/p>\n\n<p><strong>Che genere di mercato ci aspetta e a quali ruoli punterete quest\u2019estate?<\/strong><\/p>\n\n<p>Dobbiamo concentrarci sulla difesa perch\u00e9 abbiamo concesso troppi goal. Ma dobbiamo anche lasciare spazio ai nostri giocatori pi\u00f9 giovani per crescere. La difesa \u00e8 una responsabilit\u00e0 di tutta la squadra, quindi vogliamo rafforzare il team. Come ho detto, il presidente \u00e8 molto ambizioso. Sar\u00e0 la prima stagione di Thiago Scuro e anche lui sar\u00e0 parecchio ambizioso. Quando i giocatori torneranno, avranno un solo obiettivo in mente: essere dove meritiamo di essere, sul podio!<\/p>\n\n<p><strong>L\u2019ASM ha budget da spendere?<\/strong><\/p>\n\n<p>Con parsimonia. Lo spenderemo in modo strategico e moderato per rafforzare il team. Ridurremo il deficit perch\u00e9 giocheremo meno competizioni.<\/p>\n\n<p><strong>Wissam Ben Yedder far\u00e0 ancora parte della squadra?<\/strong><\/p>\n\n<p>Ha un altro anno di contratto, ma deve anche andare via per l\u2019estate e pensare un po\u2019.<\/p>\n\n<p><strong>Come valuterebbe il suo lavoro dopo questi tre anni?<\/strong><\/p>\n\n<p>Sono stato assunto in un momento in cui il club era in seria difficolt\u00e0 per ricostruire tutto daccapo. \u00c8 stato difficile, ma penso che con tutti i risultati ottenuti fino alle ultime sei settimane, abbiamo raggiunto traguardi importanti, come la Coppa Gambardella. Mi sarebbe piaciuto vedere la squadra in Champions League? Certo. Ma ho raggiunto l\u2019obiettivo del contesto in cui sono stato assunto, ovvero portarci a un livello competitivo.<\/p>\n","protected":false},"excerpt":{"rendered":"<p>Questo gioved\u00ec mattina, il direttore sportivo dell&#8217;AS Monaco ha parlato a lungo in una tavola rotonda presso il Performance Centre [&hellip;]<\/p>\n","protected":false},"author":24,"featured_media":180017,"comment_status":"closed","ping_status":"closed","sticky":false,"template":"","format":"standard","meta":{"_acf_changed":false,"footnotes":""},"categories":[1826,1738,1743],"tags":[2846],"post_sectags":[3240],"post_format":[2476],"class_list":["post-180263","post","type-post","status-publish","format-standard","has-post-thumbnail","hentry","category-la-nostra-scelta","category-notizie","category-sport-it","tag-as-monaco-it-2","sectag-calcio-it","format-intervista"],"acf":[],"yoast_head":"<!-- This site is optimized with the Yoast SEO Premium plugin v26.8 (Yoast SEO v27.4) - https:\/\/yoast.com\/product\/yoast-seo-premium-wordpress\/ -->\n<title>Paul Mitchell (AS Monaco): &quot;Il nostro posto \u00e8 sul podio&quot;<\/title>\n<meta name=\"description\" content=\"Questo gioved\u00ec mattina, il direttore sportivo dell&#039;AS Monaco ha parlato a lungo in una tavola rotonda presso il Performance Centre del club a La Turbie.\" \/>\n<meta name=\"robots\" content=\"index, follow, max-snippet:-1, max-image-preview:large, max-video-preview:-1\" \/>\n<link rel=\"canonical\" href=\"https:\/\/www.monaco-tribune.com\/it\/2023\/06\/paul-mitchell-as-monaco-il-nostro-posto-e-sul-podio\/\" \/>\n<meta property=\"og:locale\" content=\"it_IT\" \/>\n<meta property=\"og:type\" content=\"article\" \/>\n<meta property=\"og:title\" content=\"Paul Mitchell (AS Monaco): &quot;Il nostro posto \u00e8 sul podio&quot; - Monaco Tribune\" \/>\n<meta property=\"og:description\" content=\"Questo gioved\u00ec mattina, il direttore sportivo dell&#039;AS Monaco ha parlato a lungo in una tavola rotonda presso il Performance Centre del club a La Turbie.\" \/>\n<meta property=\"og:url\" content=\"https:\/\/www.monaco-tribune.com\/it\/2023\/06\/paul-mitchell-as-monaco-il-nostro-posto-e-sul-podio\/\" \/>\n<meta property=\"og:site_name\" content=\"Monaco Tribune\" \/>\n<meta property=\"article:publisher\" content=\"https:\/\/www.facebook.com\/MonacoTribune\" \/>\n<meta property=\"article:published_time\" content=\"2023-06-09T11:39:09+00:00\" \/>\n<meta property=\"article:modified_time\" content=\"2023-06-09T11:39:16+00:00\" \/>\n<meta property=\"og:image\" content=\"https:\/\/www.monaco-tribune.com\/wp-content\/uploads\/2023\/06\/paul-mitchell-as-monaco.jpeg\" \/>\n\t<meta property=\"og:image:width\" content=\"1160\" \/>\n\t<meta property=\"og:image:height\" content=\"650\" \/>\n\t<meta property=\"og:image:type\" content=\"image\/jpeg\" \/>\n<meta name=\"author\" content=\"Romain Boisaubert\" \/>\n<meta name=\"twitter:card\" content=\"summary_large_image\" \/>\n<meta name=\"twitter:creator\" content=\"@MonacoTribune\" \/>\n<meta name=\"twitter:site\" content=\"@MonacoTribune\" \/>\n<script type=\"application\/ld+json\" class=\"yoast-schema-graph\">{\"@context\":\"https:\\\/\\\/schema.org\",\"@graph\":[{\"@type\":\"NewsArticle\",\"@id\":\"https:\\\/\\\/www.monaco-tribune.com\\\/it\\\/2023\\\/06\\\/paul-mitchell-as-monaco-il-nostro-posto-e-sul-podio\\\/#article\",\"isPartOf\":{\"@id\":\"https:\\\/\\\/www.monaco-tribune.com\\\/it\\\/2023\\\/06\\\/paul-mitchell-as-monaco-il-nostro-posto-e-sul-podio\\\/\"},\"author\":{\"name\":\"Romain Boisaubert\",\"@id\":\"https:\\\/\\\/www.monaco-tribune.com\\\/it\\\/#\\\/schema\\\/person\\\/330a3732947cf8cb41b2533a0eadd62e\"},\"headline\":\"Paul Mitchell (AS Monaco): &#8220;Il nostro posto \u00e8 sul podio&#8221;\",\"datePublished\":\"2023-06-09T11:39:09+00:00\",\"dateModified\":\"2023-06-09T11:39:16+00:00\",\"mainEntityOfPage\":{\"@id\":\"https:\\\/\\\/www.monaco-tribune.com\\\/it\\\/2023\\\/06\\\/paul-mitchell-as-monaco-il-nostro-posto-e-sul-podio\\\/\"},\"wordCount\":1165,\"publisher\":{\"@id\":\"https:\\\/\\\/www.monaco-tribune.com\\\/it\\\/#organization\"},\"image\":{\"@id\":\"https:\\\/\\\/www.monaco-tribune.com\\\/it\\\/2023\\\/06\\\/paul-mitchell-as-monaco-il-nostro-posto-e-sul-podio\\\/#primaryimage\"},\"thumbnailUrl\":\"https:\\\/\\\/www.monaco-tribune.com\\\/wp-content\\\/uploads\\\/2023\\\/06\\\/paul-mitchell-as-monaco.jpeg\",\"keywords\":[\"AS Monaco\"],\"articleSection\":[\"La nostra scelta\",\"Notizie\",\"Sport\"],\"inLanguage\":\"it-IT\",\"copyrightYear\":\"2023\",\"copyrightHolder\":{\"@id\":\"https:\\\/\\\/www.monaco-tribune.com\\\/#organization\"}},{\"@type\":\"WebPage\",\"@id\":\"https:\\\/\\\/www.monaco-tribune.com\\\/it\\\/2023\\\/06\\\/paul-mitchell-as-monaco-il-nostro-posto-e-sul-podio\\\/\",\"url\":\"https:\\\/\\\/www.monaco-tribune.com\\\/it\\\/2023\\\/06\\\/paul-mitchell-as-monaco-il-nostro-posto-e-sul-podio\\\/\",\"name\":\"Paul Mitchell (AS Monaco): \\\"Il nostro posto \u00e8 sul podio\\\"\",\"isPartOf\":{\"@id\":\"https:\\\/\\\/www.monaco-tribune.com\\\/it\\\/#website\"},\"primaryImageOfPage\":{\"@id\":\"https:\\\/\\\/www.monaco-tribune.com\\\/it\\\/2023\\\/06\\\/paul-mitchell-as-monaco-il-nostro-posto-e-sul-podio\\\/#primaryimage\"},\"image\":{\"@id\":\"https:\\\/\\\/www.monaco-tribune.com\\\/it\\\/2023\\\/06\\\/paul-mitchell-as-monaco-il-nostro-posto-e-sul-podio\\\/#primaryimage\"},\"thumbnailUrl\":\"https:\\\/\\\/www.monaco-tribune.com\\\/wp-content\\\/uploads\\\/2023\\\/06\\\/paul-mitchell-as-monaco.jpeg\",\"datePublished\":\"2023-06-09T11:39:09+00:00\",\"dateModified\":\"2023-06-09T11:39:16+00:00\",\"description\":\"Questo gioved\u00ec mattina, il direttore sportivo dell'AS Monaco ha parlato a lungo in una tavola rotonda presso il Performance Centre del club a La Turbie.\",\"breadcrumb\":{\"@id\":\"https:\\\/\\\/www.monaco-tribune.com\\\/it\\\/2023\\\/06\\\/paul-mitchell-as-monaco-il-nostro-posto-e-sul-podio\\\/#breadcrumb\"},\"inLanguage\":\"it-IT\",\"potentialAction\":[{\"@type\":\"ReadAction\",\"target\":[\"https:\\\/\\\/www.monaco-tribune.com\\\/it\\\/2023\\\/06\\\/paul-mitchell-as-monaco-il-nostro-posto-e-sul-podio\\\/\"]}]},{\"@type\":\"ImageObject\",\"inLanguage\":\"it-IT\",\"@id\":\"https:\\\/\\\/www.monaco-tribune.com\\\/it\\\/2023\\\/06\\\/paul-mitchell-as-monaco-il-nostro-posto-e-sul-podio\\\/#primaryimage\",\"url\":\"https:\\\/\\\/www.monaco-tribune.com\\\/wp-content\\\/uploads\\\/2023\\\/06\\\/paul-mitchell-as-monaco.jpeg\",\"contentUrl\":\"https:\\\/\\\/www.monaco-tribune.com\\\/wp-content\\\/uploads\\\/2023\\\/06\\\/paul-mitchell-as-monaco.jpeg\",\"width\":1160,\"height\":650,\"caption\":\"Gioved\u00ec mattina a La Turbie, Paul Mitchell ha parlato a lungo con la stampa (Foto \u00a9 AS Monaco)\"},{\"@type\":\"BreadcrumbList\",\"@id\":\"https:\\\/\\\/www.monaco-tribune.com\\\/it\\\/2023\\\/06\\\/paul-mitchell-as-monaco-il-nostro-posto-e-sul-podio\\\/#breadcrumb\",\"itemListElement\":[{\"@type\":\"ListItem\",\"position\":1,\"name\":\"Accueil\",\"item\":\"https:\\\/\\\/www.monaco-tribune.com\\\/it\\\/\"},{\"@type\":\"ListItem\",\"position\":2,\"name\":\"Paul Mitchell (AS Monaco): &#8220;Il nostro posto \u00e8 sul podio&#8221;\"}]},{\"@type\":\"WebSite\",\"@id\":\"https:\\\/\\\/www.monaco-tribune.com\\\/it\\\/#website\",\"url\":\"https:\\\/\\\/www.monaco-tribune.com\\\/it\\\/\",\"name\":\"Monaco Tribune\",\"description\":\"Monaco : actualit\u00e9s \u00e9conomiques, politiques, culturelles et sportives de Monaco et de la French Riviera.\",\"publisher\":{\"@id\":\"https:\\\/\\\/www.monaco-tribune.com\\\/it\\\/#organization\"},\"potentialAction\":[{\"@type\":\"SearchAction\",\"target\":{\"@type\":\"EntryPoint\",\"urlTemplate\":\"https:\\\/\\\/www.monaco-tribune.com\\\/it\\\/?s={search_term_string}\"},\"query-input\":{\"@type\":\"PropertyValueSpecification\",\"valueRequired\":true,\"valueName\":\"search_term_string\"}}],\"inLanguage\":\"it-IT\"},{\"@type\":\"Organization\",\"@id\":\"https:\\\/\\\/www.monaco-tribune.com\\\/it\\\/#organization\",\"name\":\"Monaco Tribune\",\"url\":\"https:\\\/\\\/www.monaco-tribune.com\\\/it\\\/\",\"logo\":{\"@type\":\"ImageObject\",\"inLanguage\":\"it-IT\",\"@id\":\"https:\\\/\\\/www.monaco-tribune.com\\\/it\\\/#\\\/schema\\\/logo\\\/image\\\/\",\"url\":\"https:\\\/\\\/www.monaco-tribune.com\\\/wp-content\\\/uploads\\\/2022\\\/11\\\/logo-monaco-tribune.png\",\"contentUrl\":\"https:\\\/\\\/www.monaco-tribune.com\\\/wp-content\\\/uploads\\\/2022\\\/11\\\/logo-monaco-tribune.png\",\"width\":1548,\"height\":600,\"caption\":\"Monaco Tribune\"},\"image\":{\"@id\":\"https:\\\/\\\/www.monaco-tribune.com\\\/it\\\/#\\\/schema\\\/logo\\\/image\\\/\"},\"sameAs\":[\"https:\\\/\\\/www.facebook.com\\\/MonacoTribune\",\"https:\\\/\\\/x.com\\\/MonacoTribune\",\"https:\\\/\\\/www.instagram.com\\\/monacotribune\\\/\",\"https:\\\/\\\/www.linkedin.com\\\/company\\\/monaco-tribune\",\"https:\\\/\\\/www.youtube.com\\\/channel\\\/UCHle1MnG6hw1y4lWKijVbMA\"]},{\"@type\":\"Person\",\"@id\":\"https:\\\/\\\/www.monaco-tribune.com\\\/it\\\/#\\\/schema\\\/person\\\/330a3732947cf8cb41b2533a0eadd62e\",\"name\":\"Romain Boisaubert\",\"image\":{\"@type\":\"ImageObject\",\"inLanguage\":\"it-IT\",\"@id\":\"https:\\\/\\\/secure.gravatar.com\\\/avatar\\\/f8b90d41f1eabd1cbe4cf59e09d8db41a697d51919bf2dfe727589a24a4a4d54?s=96&d=mm&r=g\",\"url\":\"https:\\\/\\\/secure.gravatar.com\\\/avatar\\\/f8b90d41f1eabd1cbe4cf59e09d8db41a697d51919bf2dfe727589a24a4a4d54?s=96&d=mm&r=g\",\"contentUrl\":\"https:\\\/\\\/secure.gravatar.com\\\/avatar\\\/f8b90d41f1eabd1cbe4cf59e09d8db41a697d51919bf2dfe727589a24a4a4d54?s=96&d=mm&r=g\",\"caption\":\"Romain Boisaubert\"},\"description\":\"Test bio\",\"url\":\"https:\\\/\\\/www.monaco-tribune.com\\\/it\\\/author\\\/romain-boisaubert\\\/\"}]}<\/script>\n<!-- \/ Yoast SEO Premium plugin. -->","yoast_head_json":{"title":"Paul Mitchell (AS Monaco): \"Il nostro posto \u00e8 sul podio\"","description":"Questo gioved\u00ec mattina, il direttore sportivo dell'AS Monaco ha parlato a lungo in una tavola rotonda presso il Performance Centre del club a La Turbie.","robots":{"index":"index","follow":"follow","max-snippet":"max-snippet:-1","max-image-preview":"max-image-preview:large","max-video-preview":"max-video-preview:-1"},"canonical":"https:\/\/www.monaco-tribune.com\/it\/2023\/06\/paul-mitchell-as-monaco-il-nostro-posto-e-sul-podio\/","og_locale":"it_IT","og_type":"article","og_title":"Paul Mitchell (AS Monaco): \"Il nostro posto \u00e8 sul podio\" - Monaco Tribune","og_description":"Questo gioved\u00ec mattina, il direttore sportivo dell'AS Monaco ha parlato a lungo in una tavola rotonda presso il Performance Centre del club a La Turbie.","og_url":"https:\/\/www.monaco-tribune.com\/it\/2023\/06\/paul-mitchell-as-monaco-il-nostro-posto-e-sul-podio\/","og_site_name":"Monaco Tribune","article_publisher":"https:\/\/www.facebook.com\/MonacoTribune","article_published_time":"2023-06-09T11:39:09+00:00","article_modified_time":"2023-06-09T11:39:16+00:00","og_image":[{"width":1160,"height":650,"url":"https:\/\/www.monaco-tribune.com\/wp-content\/uploads\/2023\/06\/paul-mitchell-as-monaco.jpeg","type":"image\/jpeg"}],"author":"Romain Boisaubert","twitter_card":"summary_large_image","twitter_creator":"@MonacoTribune","twitter_site":"@MonacoTribune","schema":{"@context":"https:\/\/schema.org","@graph":[{"@type":"NewsArticle","@id":"https:\/\/www.monaco-tribune.com\/it\/2023\/06\/paul-mitchell-as-monaco-il-nostro-posto-e-sul-podio\/#article","isPartOf":{"@id":"https:\/\/www.monaco-tribune.com\/it\/2023\/06\/paul-mitchell-as-monaco-il-nostro-posto-e-sul-podio\/"},"author":{"name":"Romain Boisaubert","@id":"https:\/\/www.monaco-tribune.com\/it\/#\/schema\/person\/330a3732947cf8cb41b2533a0eadd62e"},"headline":"Paul Mitchell (AS Monaco): &#8220;Il nostro posto \u00e8 sul podio&#8221;","datePublished":"2023-06-09T11:39:09+00:00","dateModified":"2023-06-09T11:39:16+00:00","mainEntityOfPage":{"@id":"https:\/\/www.monaco-tribune.com\/it\/2023\/06\/paul-mitchell-as-monaco-il-nostro-posto-e-sul-podio\/"},"wordCount":1165,"publisher":{"@id":"https:\/\/www.monaco-tribune.com\/it\/#organization"},"image":{"@id":"https:\/\/www.monaco-tribune.com\/it\/2023\/06\/paul-mitchell-as-monaco-il-nostro-posto-e-sul-podio\/#primaryimage"},"thumbnailUrl":"https:\/\/www.monaco-tribune.com\/wp-content\/uploads\/2023\/06\/paul-mitchell-as-monaco.jpeg","keywords":["AS Monaco"],"articleSection":["La nostra scelta","Notizie","Sport"],"inLanguage":"it-IT","copyrightYear":"2023","copyrightHolder":{"@id":"https:\/\/www.monaco-tribune.com\/#organization"}},{"@type":"WebPage","@id":"https:\/\/www.monaco-tribune.com\/it\/2023\/06\/paul-mitchell-as-monaco-il-nostro-posto-e-sul-podio\/","url":"https:\/\/www.monaco-tribune.com\/it\/2023\/06\/paul-mitchell-as-monaco-il-nostro-posto-e-sul-podio\/","name":"Paul Mitchell (AS Monaco): \"Il nostro posto \u00e8 sul podio\"","isPartOf":{"@id":"https:\/\/www.monaco-tribune.com\/it\/#website"},"primaryImageOfPage":{"@id":"https:\/\/www.monaco-tribune.com\/it\/2023\/06\/paul-mitchell-as-monaco-il-nostro-posto-e-sul-podio\/#primaryimage"},"image":{"@id":"https:\/\/www.monaco-tribune.com\/it\/2023\/06\/paul-mitchell-as-monaco-il-nostro-posto-e-sul-podio\/#primaryimage"},"thumbnailUrl":"https:\/\/www.monaco-tribune.com\/wp-content\/uploads\/2023\/06\/paul-mitchell-as-monaco.jpeg","datePublished":"2023-06-09T11:39:09+00:00","dateModified":"2023-06-09T11:39:16+00:00","description":"Questo gioved\u00ec mattina, il direttore sportivo dell'AS Monaco ha parlato a lungo in una tavola rotonda presso il Performance Centre del club a La Turbie.","breadcrumb":{"@id":"https:\/\/www.monaco-tribune.com\/it\/2023\/06\/paul-mitchell-as-monaco-il-nostro-posto-e-sul-podio\/#breadcrumb"},"inLanguage":"it-IT","potentialAction":[{"@type":"ReadAction","target":["https:\/\/www.monaco-tribune.com\/it\/2023\/06\/paul-mitchell-as-monaco-il-nostro-posto-e-sul-podio\/"]}]},{"@type":"ImageObject","inLanguage":"it-IT","@id":"https:\/\/www.monaco-tribune.com\/it\/2023\/06\/paul-mitchell-as-monaco-il-nostro-posto-e-sul-podio\/#primaryimage","url":"https:\/\/www.monaco-tribune.com\/wp-content\/uploads\/2023\/06\/paul-mitchell-as-monaco.jpeg","contentUrl":"https:\/\/www.monaco-tribune.com\/wp-content\/uploads\/2023\/06\/paul-mitchell-as-monaco.jpeg","width":1160,"height":650,"caption":"Gioved\u00ec mattina a La Turbie, Paul Mitchell ha parlato a lungo con la stampa (Foto \u00a9 AS Monaco)"},{"@type":"BreadcrumbList","@id":"https:\/\/www.monaco-tribune.com\/it\/2023\/06\/paul-mitchell-as-monaco-il-nostro-posto-e-sul-podio\/#breadcrumb","itemListElement":[{"@type":"ListItem","position":1,"name":"Accueil","item":"https:\/\/www.monaco-tribune.com\/it\/"},{"@type":"ListItem","position":2,"name":"Paul Mitchell (AS Monaco): &#8220;Il nostro posto \u00e8 sul podio&#8221;"}]},{"@type":"WebSite","@id":"https:\/\/www.monaco-tribune.com\/it\/#website","url":"https:\/\/www.monaco-tribune.com\/it\/","name":"Monaco Tribune","description":"Monaco : actualit\u00e9s \u00e9conomiques, politiques, culturelles et sportives de Monaco et de la French Riviera.","publisher":{"@id":"https:\/\/www.monaco-tribune.com\/it\/#organization"},"potentialAction":[{"@type":"SearchAction","target":{"@type":"EntryPoint","urlTemplate":"https:\/\/www.monaco-tribune.com\/it\/?s={search_term_string}"},"query-input":{"@type":"PropertyValueSpecification","valueRequired":true,"valueName":"search_term_string"}}],"inLanguage":"it-IT"},{"@type":"Organization","@id":"https:\/\/www.monaco-tribune.com\/it\/#organization","name":"Monaco Tribune","url":"https:\/\/www.monaco-tribune.com\/it\/","logo":{"@type":"ImageObject","inLanguage":"it-IT","@id":"https:\/\/www.monaco-tribune.com\/it\/#\/schema\/logo\/image\/","url":"https:\/\/www.monaco-tribune.com\/wp-content\/uploads\/2022\/11\/logo-monaco-tribune.png","contentUrl":"https:\/\/www.monaco-tribune.com\/wp-content\/uploads\/2022\/11\/logo-monaco-tribune.png","width":1548,"height":600,"caption":"Monaco Tribune"},"image":{"@id":"https:\/\/www.monaco-tribune.com\/it\/#\/schema\/logo\/image\/"},"sameAs":["https:\/\/www.facebook.com\/MonacoTribune","https:\/\/x.com\/MonacoTribune","https:\/\/www.instagram.com\/monacotribune\/","https:\/\/www.linkedin.com\/company\/monaco-tribune","https:\/\/www.youtube.com\/channel\/UCHle1MnG6hw1y4lWKijVbMA"]},{"@type":"Person","@id":"https:\/\/www.monaco-tribune.com\/it\/#\/schema\/person\/330a3732947cf8cb41b2533a0eadd62e","name":"Romain Boisaubert","image":{"@type":"ImageObject","inLanguage":"it-IT","@id":"https:\/\/secure.gravatar.com\/avatar\/f8b90d41f1eabd1cbe4cf59e09d8db41a697d51919bf2dfe727589a24a4a4d54?s=96&d=mm&r=g","url":"https:\/\/secure.gravatar.com\/avatar\/f8b90d41f1eabd1cbe4cf59e09d8db41a697d51919bf2dfe727589a24a4a4d54?s=96&d=mm&r=g","contentUrl":"https:\/\/secure.gravatar.com\/avatar\/f8b90d41f1eabd1cbe4cf59e09d8db41a697d51919bf2dfe727589a24a4a4d54?s=96&d=mm&r=g","caption":"Romain Boisaubert"},"description":"Test bio","url":"https:\/\/www.monaco-tribune.com\/it\/author\/romain-boisaubert\/"}]}},"_links":{"self":[{"href":"https:\/\/www.monaco-tribune.com\/it\/wp-json\/wp\/v2\/posts\/180263","targetHints":{"allow":["GET"]}}],"collection":[{"href":"https:\/\/www.monaco-tribune.com\/it\/wp-json\/wp\/v2\/posts"}],"about":[{"href":"https:\/\/www.monaco-tribune.com\/it\/wp-json\/wp\/v2\/types\/post"}],"author":[{"embeddable":true,"href":"https:\/\/www.monaco-tribune.com\/it\/wp-json\/wp\/v2\/users\/24"}],"replies":[{"embeddable":true,"href":"https:\/\/www.monaco-tribune.com\/it\/wp-json\/wp\/v2\/comments?post=180263"}],"version-history":[{"count":0,"href":"https:\/\/www.monaco-tribune.com\/it\/wp-json\/wp\/v2\/posts\/180263\/revisions"}],"wp:featuredmedia":[{"embeddable":true,"href":"https:\/\/www.monaco-tribune.com\/it\/wp-json\/wp\/v2\/media\/180017"}],"wp:attachment":[{"href":"https:\/\/www.monaco-tribune.com\/it\/wp-json\/wp\/v2\/media?parent=180263"}],"wp:term":[{"taxonomy":"category","embeddable":true,"href":"https:\/\/www.monaco-tribune.com\/it\/wp-json\/wp\/v2\/categories?post=180263"},{"taxonomy":"post_tag","embeddable":true,"href":"https:\/\/www.monaco-tribune.com\/it\/wp-json\/wp\/v2\/tags?post=180263"},{"taxonomy":"sectag","embeddable":true,"href":"https:\/\/www.monaco-tribune.com\/it\/wp-json\/wp\/v2\/post_sectags?post=180263"},{"taxonomy":"format","embeddable":true,"href":"https:\/\/www.monaco-tribune.com\/it\/wp-json\/wp\/v2\/post_format?post=180263"}],"curies":[{"name":"wp","href":"https:\/\/api.w.org\/{rel}","templated":true}]}}