{"id":180450,"date":"2023-06-12T18:14:02","date_gmt":"2023-06-12T16:14:02","guid":{"rendered":"https:\/\/www.monaco-tribune.com\/2023\/06\/quali-sono-i-10-grandi-progetti-del-comune-di-monaco-la-parola-a-georges-marsan\/"},"modified":"2023-06-12T18:14:14","modified_gmt":"2023-06-12T16:14:14","slug":"quali-sono-i-10-grandi-progetti-del-comune-di-monaco-la-parola-a-georges-marsan","status":"publish","type":"post","link":"https:\/\/www.monaco-tribune.com\/it\/2023\/06\/quali-sono-i-10-grandi-progetti-del-comune-di-monaco-la-parola-a-georges-marsan\/","title":{"rendered":"Quali sono i 10 grandi progetti del Comune di Monaco? La parola a Georges Marsan"},"content":{"rendered":"\n<p><strong>Riprogettazione del Jardin Exotique, nuovi asili nido, eventi di quartiere&#8230; Son queste alcune delle importanti novit\u00e0 che prenderanno vita nei prossimi quattro anni.<\/strong><\/p>\n\n<p>&#8220;Questo mandato sar\u00e0 particolarmente ricco&#8221;, afferma Georges Marsan, <a href=\"https:\/\/www.monaco-tribune.com\/2023\/03\/georges-marsan-reelu-maire-de-monaco-pour-la-sixieme-fois\/\">rieletto per la quinta volta consecutiva<\/a> alla guida del Comune di Monaco.<\/p>\n\n<p>E in effetti i progetti, alcuni di una certa importanza, sono particolarmente numerosi. E come ha detto il sindaco ai suoi quattro nuovi compagni di avventura: &#8220;Dovremo tenere duro&#8221;.<\/p>\n\n<h2 class=\"wp-block-heading has-text-align-center\" id=\"h-1-un-jardin-exotique-museal-et-connecte\">1. Un Jardin Exotique connesso che \u00e8 quasi un museo<\/h2>\n\n<p>La sua riapertura \u00e8 molto attesa nel Principato, ma si dovr\u00e0 aspettare ancora un po&#8217;. Secondo il calendario stilato dal Comune, il famoso Jardin Exotique non riaprir\u00e0 prima del 2025, data in cui dovrebbe essere consegnato anche il nuovo parcheggio.<\/p>\n<div class=\"wp-block-image\">\n<figure class=\"aligncenter size-full\"><img loading=\"lazy\" decoding=\"async\" width=\"900\" height=\"572\" src=\"https:\/\/www.monaco-tribune.com\/wp-content\/uploads\/2021\/01\/jardin-exotique-de-monaco.jpeg\" alt=\"Jardin Exotique de Monaco\" class=\"wp-image-61311\" srcset=\"https:\/\/www.monaco-tribune.com\/wp-content\/uploads\/2021\/01\/jardin-exotique-de-monaco.jpeg 900w, https:\/\/www.monaco-tribune.com\/wp-content\/uploads\/2021\/01\/jardin-exotique-de-monaco-472x300.jpeg 472w\" sizes=\"auto, (max-width: 900px) 100vw, 900px\" \/><figcaption class=\"wp-element-caption\"><em>I lavori per il Jardin Exotique hanno subito ritardi a causa della pandemia di Covid-19 e della necessit\u00e0 di mettere in sicurezza il sito &#8211; \u00a9 Comune di Monaco<\/em><\/figcaption><\/figure>\n<\/div>\n<p>&#8220;Saremo pronti&#8221;, ci assicura il sindaco, precisando per\u00f2 che i lavori in corso non sono solo strutturali. &#8220;Stiamo lavorando a un progetto museale, con codici QR e tour virtuali&#8221;, spiega Georges Marsan. &#8220;Stiamo anche approfittando di questo periodo per trasformare il giardino. Anche la grotta sar\u00e0 rimessa a nuovo, con un&#8217;area ristorante. Nel frattempo, il Centro Botanico continua a funzionare e ci sono stati molti visitatori. \u00c8 fantastico!&#8221;<\/p>\n\n<p class=\"related\"><a href=\"https:\/\/www.monaco-tribune.com\/it\/2021\/11\/giardino-esotico-riconosciuto-come-uno-tra-i-piu-belli-al-mondo\/\">Jardin Exotique: riconosciuto come uno tra i pi\u00f9 belli al mondo<\/a><\/p>\n\n<h2 class=\"wp-block-heading has-text-align-center\" id=\"h-2-une-nouvelle-mediatheque-plus-grande-et-tournee-vers-le-numerique\">2. Una nuova mediateca, pi\u00f9 grande e digitale<\/h2>\n\n<p>Un altro progetto molto atteso dai residenti del Principato, che dovrebbe vedere la luce nei prossimi due anni, \u00e8 <a href=\"https:\/\/www.monaco-tribune.com\/2023\/05\/nouvelle-mediatheque-de-monaco-on-y-est\/\">la nuova Mediateca<\/a>, con locali ampliati e meglio attrezzati.<\/p>\n\n<p>&#8220;Passeremo da 1.200 m2 a 1.900 m2 e lo spazio sar\u00e0 modellato per soddisfare le attuali esigenze delle mediateche, soprattutto in termini di tecnologia&#8221;, spiega Georges Marsan. &#8220;Abbiamo gi\u00e0 un mediatore digitale alla Mediateca, ma stiamo anche partecipando a un programma per combattere il divario digitale. Inoltre, il Comune di Monaco \u00e8 partner della Maison du Num\u00e9rique, mentre la Mediateca e l&#8217;Espace Lamartine continueranno a offrire corsi digitali ai loro membri&#8221;.<\/p>\n<div class=\"wp-block-image\">\n<figure class=\"aligncenter size-large\"><img decoding=\"async\" src=\"https:\/\/www.monaco-tribune.com\/wp-content\/uploads\/2023\/05\/mediatheque-de-monaco-compressed-1024x577.jpg\" alt=\"mediatheque-de-monaco-compressed\" class=\"wp-image-177850\"\/><figcaption class=\"wp-element-caption\"><em>L&#8217;apertura della nuova Mediateca \u00e8 prevista per il 2025 &#8211; \u00a9 Comune di Monaco<\/em><\/figcaption><\/figure>\n<\/div>\n<p>I pi\u00f9 giovani non sono stati dimenticati: grazie all&#8217;integrazione della Ludoteca, bambini e ragazzi potranno partecipare a tornei di videogiochi, sessioni di lettura di manga e giochi di ruolo. Nelle vicinanze sar\u00e0 anche messa a disposizione una sala prove per gli artisti monegaschi.<\/p>\n\n<p>Ricordiamo che l&#8217;edificio avr\u00e0 anche un&#8217;area ristorante e continuer\u00e0 a ospitare conferenze, concerti, eventi artistici e proiezioni cinematografiche, proprio come l&#8217;attuale Mediateca&#8230; tranne che per un dettaglio! Il pubblico potr\u00e0 usufruire di una sala attrezzata che potr\u00e0 essere trasformata in un&#8217;aula magna.<\/p>\n\n<h2 class=\"wp-block-heading has-text-align-center\" id=\"h-3-la-future-salle-leo-ferre-l-une-des-plus-modernes-de-france\">3. La futura sala L\u00e9o Ferr\u00e9, una delle pi\u00f9 moderne di Francia<\/h2>\n\n<p>Anche questo spazio \u00e8 stato completamente riprogettato: la nuova sala L\u00e9o Ferr\u00e9 sar\u00e0 uno luogo polifunzionale con una capacit\u00e0 di 1.800 posti in piedi o 1.200 posti a sedere. Posticipata a causa dei ritardi nei <a href=\"https:\/\/www.monaco-tribune.com\/it\/2022\/05\/il-futuro-centro-commerciale-di-fontvieille-cosa-sappiamo-e-cosa-ne-pensano-i-commercianti\/\">lavori del centro commerciale di Fontvieille<\/a>, l&#8217;apertura \u00e8 prevista per il 2025.<\/p>\n\n<p>&#8220;La useremo ancora per spettacoli ed eventi&#8221;, dice il sindaco. &#8220;Ma potr\u00e0 anche cambiare configurazione in soli dieci minuti. Questa struttura sar\u00e0 all&#8217;altezza delle pi\u00f9 moderne sale di Francia!&#8221;<\/p>\n\n<h2 class=\"wp-block-heading has-text-align-center\" id=\"h-4-l-espace-lamartine-devient-un-lieu-intergenerationnel\">4. L&#8217;Espace Lamartine si trasforma in un luogo intergenerazionale<\/h2>\n\n<p>Mentre tutti questi progetti non saranno portati a termine prima del 2025, c&#8217;\u00e8 un edificio che sar\u00e0 invece pronto a settembre: l&#8217;Espace Lamartine. &#8220;Si tratta del progetto di questo e del precedente mandato&#8221;, sottolinea il sindaco. &#8220;\u00c8 stato interamente autofinanziato dal Comune, con un budget di 7,5 milioni di euro. Abbiamo raddoppiato la superficie e trasformato completamente l&#8217;edificio&#8221;.<\/p>\n<div class=\"wp-block-image\">\n<figure class=\"aligncenter size-full\"><img loading=\"lazy\" decoding=\"async\" width=\"1020\" height=\"689\" src=\"https:\/\/www.monaco-tribune.com\/wp-content\/uploads\/2023\/06\/villa-lamartine-monaco-1.jpg\" alt=\"villa lamartine monaco\" class=\"wp-image-179404\" srcset=\"https:\/\/www.monaco-tribune.com\/wp-content\/uploads\/2023\/06\/villa-lamartine-monaco-1.jpg 1020w, https:\/\/www.monaco-tribune.com\/wp-content\/uploads\/2023\/06\/villa-lamartine-monaco-1-444x300.jpg 444w\" sizes=\"auto, (max-width: 1020px) 100vw, 1020px\" \/><figcaption class=\"wp-element-caption\"><em>L&#8217;Espace Lamartine sar\u00e0 aperto a tutti i monegaschi e residenti maggiori di 16 anni &#8211; \u00a9 Comune di Monaco<\/em><\/figcaption><\/figure>\n<\/div>\n<p>Il centro ospiter\u00e0 nuovamente il ristorante A Pignata, dedicato agli anziani, e lo spazio Snoezelen, ma anche sale polifunzionali per conferenze e laboratori digitali e creativi. L&#8217;obiettivo sar\u00e0 soprattutto quello di renderlo un luogo intergenerazionale: &#8220;i giovani potranno venire ad aiutare gli anziani. Saremo in grado di ospitare fino a 80 persone per conferenze di ogni tipo, per tutte le generazioni&#8221;, afferma entusiasta Georges Marsan.<\/p>\n\n<p>Anche i soci del <a href=\"https:\/\/www.monaco-tribune.com\/2022\/08\/club-le-temps-de-vivre-le-bonheur-de-vieillir\/\">Club Le Temps de Vivre<\/a> saranno membri di questo spazio e gli abbonamenti saranno disponibili per tutti i monegaschi e i residenti maggiori di 16 anni.<\/p>\n\n<h2 class=\"wp-block-heading has-text-align-center\" id=\"h-5-accompagner-les-aines-de-jour-comme-de-nuit\">5. Assistenza agli anziani giorno e notte<\/h2>\n\n<p>Oltre all&#8217;Espace Lamartine, questo mandato si concentrer\u00e0 su un maggiore sostegno agli anziani. Sebbene siano gi\u00e0 state adottate diverse iniziative per facilitare la vita degli anziani del Principato, come la recente introduzione dell&#8217;accesso gratuito alle piscine per gli ultrasessantenni, il Municipio guarda ancora pi\u00f9 lontano con l&#8217;imminente introduzione di un nuovo servizio di pattugliamento notturno, in collaborazione con il Dipartimento degli Affari Sociali e della Salute. &#8220;Questo servizio, previsto per il 2024, dovrebbe consentire di monitorare le persone pi\u00f9 vulnerabili. Per farlo saranno previste delle ispezioni notturne&#8221;, spiega Georges Marsan.<\/p>\n\n<p>Il sindaco vorrebbe anche istituire un servizio di assistenza diurna che offra attivit\u00e0 a domicilio. Allo stesso modo, uno degli obiettivi del suo mandato \u00e8 quello di aprire l&#8217;SOS Administratif: un servizio dedicato agli anziani, senza limiti di et\u00e0, che li aiuti a sbrigare le pratiche amministrative.<\/p>\n\n<p>Infine, il Municipio spera di istituire nel prossimo futuro una Journ\u00e9e des aidants (Giornata del caregiver), rivolta ai familiari di persone non autosufficienti: &#8220;Non si tratta di professionisti, ma spesso di figli, fratelli o sorelle di persone non autosufficienti che affrontano delle difficolt\u00e0. Vogliamo organizzare questa giornata, che sar\u00e0 un momento di condivisione e discussione&#8230; Lo facciamo gi\u00e0 per i bambini con l&#8217;Espace Parents, quindi perch\u00e9 non farlo per gli anziani?&#8221;<\/p>\n\n<h2 class=\"wp-block-heading has-text-align-center\" id=\"h-6-3-nouvelles-creches-et-une-application-pour-les-jeunes-parents\">6. 3 nuovi asili nido e un&#8217;app per i genitori<\/h2>\n\n<p>Anche per la prima infanzia sono previsti numerosi progetti. Entro i prossimi quattro anni, nel Principato verranno aperti tre nuovi asili nido. Il primo sar\u00e0 al Palais Honoria, il secondo alla Grand Ida e il terzo a Bel Air, aumentando cos\u00ec il numero di posti negli asili nido del 20%.<\/p>\n\n<p>&#8220;Abbiamo chiesto al governo di costruire asili nido negli edifici di propriet\u00e0 dello Stato e il governo ha accolto la nostra richiesta. Ad esempio, con Testimonio II, i genitori sono pi\u00f9 che felici di non dover attraversare tutta la citt\u00e0 per portare il bambino all&#8217;asilo nido&#8221;, afferma soddisfatto Georges Marsan, che sottolinea anche la recente <a href=\"https:\/\/www.monaco-tribune.com\/2023\/05\/a-monaco-ouverture-des-inscriptions-au-mini-club-du-larvotto\/\">riapertura del miniclub del Larvotto<\/a> per i bambini dai tre ai dodici anni.<\/p>\n\n<p>Ma prima del tanto atteso arrivo di questi nuovi asili, i genitori potranno usufruire di altri vantaggi. A partire dal lancio di un&#8217;applicazione previsto nei prossimi mesi: Ma Cr\u00e8che au Quotidien. L&#8217;app permetter\u00e0 ai genitori di seguire tutte le informazioni su ogni asilo nido e tutte le attivit\u00e0 offerte per immagini, direttamente sul proprio telefono.<\/p>\n\n<p>Ultimo, ma non per importanza, all&#8217;inizio del 2024 le procedure amministrative dovrebbero essere notevolmente semplificate grazie al raggruppamento degli uffici amministrativi del Centro per la prima infanzia e delle aree dedicate ai genitori nel Foyer Sainte-D\u00e9vote. Verr\u00e0 inoltre allestito un angolo fisico chiamato L\u00e0scia e Piya.<\/p>\n\n<p>&#8220;Questo angolo fisico, che forse sposteremo al Parc Princesse Antoinette durante l&#8217;estate, permetter\u00e0 ai genitori di scambiarsi articoli per l&#8217;infanzia&#8221;, afferma il Sindaco.<\/p>\n\n<h2 class=\"wp-block-heading has-text-align-center\" id=\"h-7-de-nouvelles-formations-au-pavillon-bosio-et-a-l-academie-de-musique-rainier-iii\">7. Nuova offerta formativa al Pavillon Bosio e all&#8217;Acad\u00e9mie de Musique Rainier III<\/h2>\n\n<p>Nell&#8217;ottica di fornire il miglior supporto possibile ai giovani monegaschi, il Comune sta anche progettando di apportare novit\u00e0 a due strutture artistiche di punta: il Pavillon Bosio e l&#8217;Acad\u00e9mie Rainier III.<\/p>\n\n<p>Dall&#8217;inizio dell&#8217;anno accademico 2024, il primo offrir\u00e0 un quarto Master, &#8220;Scenografia della moda&#8221;. Un&#8217;opportunit\u00e0, questa, per rafforzare la collaborazione con la <a href=\"https:\/\/www.monaco-tribune.com\/it\/2023\/05\/chi-sono-gli-stilisti-dellanno-della-monte-carlo-fashion-week-2023\/\">Settimana della Moda di Monte-Carlo<\/a>.<\/p>\n\n<p>Il secondo offrir\u00e0 una &#8220;residenza d&#8217;artista&#8221; per il pianista internazionale Shani Diluka a partire dall&#8217;inizio dell&#8217;anno accademico di settembre 2023. L&#8217;esame di ammissione \u00e8 previsto per il 21 giugno presso l&#8217;Accademia.<\/p>\n\n<p>Inoltre, l&#8217;Auditorium de l\u2019Acad\u00e9mie, che era stato allagato, sar\u00e0 completamente ristrutturato a partire da settembre. Infine, l&#8217;istituzione ha in programma di registrare per la prima volta un disco della Musique Municipale dedicato alla musica tradizionale monegasca.<\/p>\n\n<h2 class=\"wp-block-heading has-text-align-center\" id=\"h-8-des-animations-dans-tous-les-quartiers-et-des-marches-redynamises\">8. Eventi in tutti i quartieri e mercati pi\u00f9 vivaci<\/h2>\n\n<p>I giovani monegaschi potranno anche partecipare al progetto Junior Communal, che ha dato vita a una serie di eventi come lo<a href=\"https:\/\/www.monaco-tribune.com\/2023\/05\/la-splash-party-est-de-retour-le-7-juin-a-monaco\/\"> Splash Party<\/a> e la <a href=\"https:\/\/www.monaco-tribune.com\/2022\/09\/soiree-halloween-ice-party-among-us-geant-des-evenements-penses-pour-et-par-les-collegiens-de-monaco\/\">serata di Halloween<\/a>.<\/p>\n\n<p>In ogni caso, il Municipio ha previsto una serie di attivit\u00e0 per animare la vita del Principato. Tra queste, il Village d\u2019Et\u00e9, che per la prima volta ospiter\u00e0 giostre per bambini ed eventi invernali con artisti e mascotte per intrattenere i pi\u00f9 piccoli.<\/p>\n\n<p>Il resto dell&#8217;anno, dal 2024 in poi, dovrebbe essere caratterizzato da eventi di quartiere. &#8220;Cercheremo di offrire attivit\u00e0 in tutti i quartieri della citt\u00e0, in modo che non tutto si svolga al porto. Questa \u00e8 una delle priorit\u00e0 del nostro mandato. Vorremmo anche organizzare eventi notturni nel Parc Princesse Antoinette, ma questo comporter\u00e0 un lavoro notevole per rendere il parco sicuro e installare un sistema di illuminazione permanente&#8221;, afferma il sindaco.<\/p>\n<div class=\"wp-block-image\">\n<figure class=\"aligncenter size-full\"><img loading=\"lazy\" decoding=\"async\" width=\"1020\" height=\"669\" src=\"https:\/\/www.monaco-tribune.com\/wp-content\/uploads\/2023\/06\/georges-marsan-mairie-monaco.jpg\" alt=\"georges marsan comune monaco\" class=\"wp-image-179330\" srcset=\"https:\/\/www.monaco-tribune.com\/wp-content\/uploads\/2023\/06\/georges-marsan-mairie-monaco.jpg 1020w, https:\/\/www.monaco-tribune.com\/wp-content\/uploads\/2023\/06\/georges-marsan-mairie-monaco-457x300.jpg 457w\" sizes=\"auto, (max-width: 1020px) 100vw, 1020px\" \/><figcaption class=\"wp-element-caption\"><em>Georges Marsan e il suo consiglio comunale vogliono ravvivare la vita di quartiere a Monaco &#8211; \u00a9 Comune di Monaco<\/em><\/figcaption><\/figure>\n<\/div>\n<p>Inoltre, il sindaco intende infondere una nuova energia ai due mercati del Principato. Il mercato di Monte-Carlo sar\u00e0 ora dotato di tavoli e sedie per offrire eventi speciali il sabato e la domenica: &#8220;L&#8217;obiettivo \u00e8 quello di creare un luogo dove mangiare, senza per questo fare concorrenza al mercato di Beausoleil&#8221;.<\/p>\n\n<p>Il mercato della Condamine, invece, \u00e8 destinato a evolversi per adattarsi al nuovo centro commerciale di Fontvieille entro il 2027. E la sfida non \u00e8 indifferente: &#8220;Dobbiamo ristrutturarlo mantenendo la sua identit\u00e0. Non si tratta di modificarne il funzionamento, che va benissimo. Credo per\u00f2 che sia necessario cambiarne l&#8217;impostazione. \u00c8 un mercato che ha dodici anni: gli stand devono essere in grado di lavorare correttamente e devono essere conformi alle normative. Ma l&#8217;edificio \u00e8 sottoposto a vincolo: dobbiamo preservare lo stile mediterraneo del mercato, pur facendolo evolvere ulteriormente (&#8230;) Potremmo, ad esempio, proporre un nuovo parcheggio, o trasformare la Place d&#8217;Armes. Tutto questo deve avvenire in collaborazione con il Governo&#8221;.<\/p>\n\n<p>Nel frattempo, visto il grande successo riscosso, le giornate e le serate a tema, come la festa nazionale, il Grand Bal, le <a href=\"https:\/\/www.monaco-tribune.com\/it\/2022\/04\/una-serata-monegasca-con-i-colori-dellitalia\/\">serate italiane<\/a> e le <a href=\"https:\/\/www.monaco-tribune.com\/2022\/02\/les-oursinades-arrivent-aux-marches-de-monaco\/\">oursinades<\/a> (festival dedicato ai ricci di mare), rimarranno in programma. La prossima si terr\u00e0 il 21 giugno, in occasione della F\u00eate de la Musique.<\/p>\n\n<h2 class=\"wp-block-heading has-text-align-center\" id=\"h-9-des-panneaux-d-affichage-moins-nombreux-mais-numeriques\">9. Cartelloni pubblicitari: meno e digitali<\/h2>\n\n<p>Se da un lato nel Principato di Monaco le tradizioni e il patrimonio sono accuratamente preservati, dall&#8217;altro questo mandato dovrebbe rappresentare un&#8217;opportunit\u00e0 per sviluppare ulteriormente gli strumenti digitali, in particolare in materia di stato civile. Mentre <a href=\"https:\/\/www.monaco-tribune.com\/2021\/06\/le-gouvernement-lance-lidentite-numerique-monegasque\/\">l&#8217;identit\u00e0 digitale monegasca<\/a> \u00e8 stata introdotta di recente, il Comune e il Governo stanno lavorando fianco a fianco per introdurre la firma elettronica professionale. Si prevede anche una possibile introduzione di certificati digitali di nazionalit\u00e0.<\/p>\n\n<p>Ma la transizione digitale sar\u00e0 anche un&#8217;opportunit\u00e0 per cambiare i cartelloni pubblicitari del Principato. &#8220;Vogliamo installare cartelloni moderni e rimuovere quelli obsoleti. Vogliamo dare priorit\u00e0 all&#8217;estetica e integrare questi cartelloni nel paesaggio. Ridurremo la nostra rete di affissioni, ma sar\u00e0 di alta qualit\u00e0 e continueremo a offrire tariffe speciali per le associazioni&#8221;, afferma Georges Marsan.<\/p>\n\n<h2 class=\"wp-block-heading has-text-align-center\" id=\"h-10-l-environnement-au-coeur-du-mandat\">10. L&#8217;ambiente al centro del mandato<\/h2>\n\n<p>In questo nuovo mandato l&#8217;aspetto ambientale non \u00e8 stato trascurato. Verranno mantenute alcune iniziative gi\u00e0 messe in atto, come le misure eco-responsabili negli asili nido e i <a href=\"https:\/\/www.monaco-tribune.com\/2022\/06\/entre-bricolage-et-rencontres-bienvenue-au-munegu-repair-cafe\/\">Munegu Repair Caf\u00e9<\/a>. Nell&#8217;ambito della Settimana Europea per la Riduzione dei Rifiuti \u00e8 stata organizzata una prima vendita di oggetti usati, iniziativa che dovrebbe essere mantenuta.<\/p>\n\n<p>Ma il Comune non dimentica il suo obiettivo principale: ridurre l&#8217;impronta di carbonio entro il 2030. In quanto firmatari del Patto Nazionale Mission pour la Transition \u00c9nerg\u00e9tique (Missione per la Transizione Energetica), gli edifici e i servizi del Comune subiranno delle modifiche per ridurre le emissioni di gas serra.<\/p>\n\n<p>Georges Marsan e il suo team stanno anche pianificando una campagna di sensibilizzazione rivolta ai monegaschi e al personale comunale: &#8220;Vogliamo sensibilizzare l&#8217;opinione pubblica, soprattutto interna, in modo che questa transizione sia un successo. Stiamo elaborando una Carta Ambientale comune a tutti i servizi comunali. Dovrebbe essere pronta per la fine del 2023&#8221;.<\/p>\n","protected":false},"excerpt":{"rendered":"<p>Riprogettazione del Jardin Exotique, nuovi asili nido, eventi di quartiere&#8230; Son queste alcune delle importanti novit\u00e0 che prenderanno vita nei [&hellip;]<\/p>\n","protected":false},"author":60,"featured_media":179336,"comment_status":"closed","ping_status":"closed","sticky":false,"template":"","format":"standard","meta":{"_acf_changed":false,"footnotes":""},"categories":[1826,1738,1752],"tags":[3220],"post_sectags":[4036],"post_format":[2476],"class_list":["post-180450","post","type-post","status-publish","format-standard","has-post-thumbnail","hentry","category-la-nostra-scelta","category-notizie","category-societa","tag-politica","sectag-georges-marsan-it","format-intervista"],"acf":[],"yoast_head":"<!-- This site is optimized with the Yoast SEO Premium plugin v27.5 (Yoast SEO v27.5) - https:\/\/yoast.com\/product\/yoast-seo-premium-wordpress\/ -->\n<title>Quali sono i 10 grandi progetti del Comune di Monaco? La parola a Georges Marsan<\/title>\n<meta name=\"description\" content=\"Riprogettazione del Jardin Exotique, nuovi asili nido, eventi di quartiere... Son queste alcune delle importanti novit\u00e0 che prenderanno vita nei prossimi\" \/>\n<meta name=\"robots\" content=\"index, follow, max-snippet:-1, max-image-preview:large, max-video-preview:-1\" \/>\n<link rel=\"canonical\" href=\"https:\/\/www.monaco-tribune.com\/it\/2023\/06\/quali-sono-i-10-grandi-progetti-del-comune-di-monaco-la-parola-a-georges-marsan\/\" \/>\n<meta property=\"og:locale\" content=\"it_IT\" \/>\n<meta property=\"og:type\" content=\"article\" \/>\n<meta property=\"og:title\" content=\"Quali sono i 10 grandi progetti del Comune di Monaco? La parola a Georges Marsan - Monaco Tribune\" \/>\n<meta property=\"og:description\" content=\"Riprogettazione del Jardin Exotique, nuovi asili nido, eventi di quartiere... Son queste alcune delle importanti novit\u00e0 che prenderanno vita nei prossimi\" \/>\n<meta property=\"og:url\" content=\"https:\/\/www.monaco-tribune.com\/it\/2023\/06\/quali-sono-i-10-grandi-progetti-del-comune-di-monaco-la-parola-a-georges-marsan\/\" \/>\n<meta property=\"og:site_name\" content=\"Monaco Tribune\" \/>\n<meta property=\"article:publisher\" content=\"https:\/\/www.facebook.com\/MonacoTribune\" \/>\n<meta property=\"article:published_time\" content=\"2023-06-12T16:14:02+00:00\" \/>\n<meta property=\"article:modified_time\" content=\"2023-06-12T16:14:14+00:00\" \/>\n<meta property=\"og:image\" content=\"https:\/\/www.monaco-tribune.com\/wp-content\/uploads\/2023\/06\/georges-marsan-projets-mairie.jpg\" \/>\n\t<meta property=\"og:image:width\" content=\"1020\" \/>\n\t<meta property=\"og:image:height\" content=\"680\" \/>\n\t<meta property=\"og:image:type\" content=\"image\/jpeg\" \/>\n<meta name=\"author\" content=\"Camille Esteve\" \/>\n<meta name=\"twitter:card\" content=\"summary_large_image\" \/>\n<meta name=\"twitter:creator\" content=\"@MonacoTribune\" \/>\n<meta name=\"twitter:site\" content=\"@MonacoTribune\" \/>\n<script type=\"application\/ld+json\" class=\"yoast-schema-graph\">{\"@context\":\"https:\\\/\\\/schema.org\",\"@graph\":[{\"@type\":\"NewsArticle\",\"@id\":\"https:\\\/\\\/www.monaco-tribune.com\\\/it\\\/2023\\\/06\\\/quali-sono-i-10-grandi-progetti-del-comune-di-monaco-la-parola-a-georges-marsan\\\/#article\",\"isPartOf\":{\"@id\":\"https:\\\/\\\/www.monaco-tribune.com\\\/it\\\/2023\\\/06\\\/quali-sono-i-10-grandi-progetti-del-comune-di-monaco-la-parola-a-georges-marsan\\\/\"},\"author\":{\"name\":\"Camille Esteve\",\"@id\":\"https:\\\/\\\/www.monaco-tribune.com\\\/it\\\/#\\\/schema\\\/person\\\/a855d420fff4d03637641d60b93ac62e\"},\"headline\":\"Quali sono i 10 grandi progetti del Comune di Monaco? La parola a Georges Marsan\",\"datePublished\":\"2023-06-12T16:14:02+00:00\",\"dateModified\":\"2023-06-12T16:14:14+00:00\",\"mainEntityOfPage\":{\"@id\":\"https:\\\/\\\/www.monaco-tribune.com\\\/it\\\/2023\\\/06\\\/quali-sono-i-10-grandi-progetti-del-comune-di-monaco-la-parola-a-georges-marsan\\\/\"},\"wordCount\":2009,\"publisher\":{\"@id\":\"https:\\\/\\\/www.monaco-tribune.com\\\/it\\\/#organization\"},\"image\":{\"@id\":\"https:\\\/\\\/www.monaco-tribune.com\\\/it\\\/2023\\\/06\\\/quali-sono-i-10-grandi-progetti-del-comune-di-monaco-la-parola-a-georges-marsan\\\/#primaryimage\"},\"thumbnailUrl\":\"https:\\\/\\\/www.monaco-tribune.com\\\/wp-content\\\/uploads\\\/2023\\\/06\\\/georges-marsan-projets-mairie.jpg\",\"keywords\":[\"Politica\"],\"articleSection\":[\"La nostra scelta\",\"Notizie\",\"Societ\u00e0\"],\"inLanguage\":\"it-IT\",\"copyrightYear\":\"2023\",\"copyrightHolder\":{\"@id\":\"https:\\\/\\\/www.monaco-tribune.com\\\/#organization\"}},{\"@type\":\"WebPage\",\"@id\":\"https:\\\/\\\/www.monaco-tribune.com\\\/it\\\/2023\\\/06\\\/quali-sono-i-10-grandi-progetti-del-comune-di-monaco-la-parola-a-georges-marsan\\\/\",\"url\":\"https:\\\/\\\/www.monaco-tribune.com\\\/it\\\/2023\\\/06\\\/quali-sono-i-10-grandi-progetti-del-comune-di-monaco-la-parola-a-georges-marsan\\\/\",\"name\":\"Quali sono i 10 grandi progetti del Comune di Monaco? La parola a Georges Marsan\",\"isPartOf\":{\"@id\":\"https:\\\/\\\/www.monaco-tribune.com\\\/it\\\/#website\"},\"primaryImageOfPage\":{\"@id\":\"https:\\\/\\\/www.monaco-tribune.com\\\/it\\\/2023\\\/06\\\/quali-sono-i-10-grandi-progetti-del-comune-di-monaco-la-parola-a-georges-marsan\\\/#primaryimage\"},\"image\":{\"@id\":\"https:\\\/\\\/www.monaco-tribune.com\\\/it\\\/2023\\\/06\\\/quali-sono-i-10-grandi-progetti-del-comune-di-monaco-la-parola-a-georges-marsan\\\/#primaryimage\"},\"thumbnailUrl\":\"https:\\\/\\\/www.monaco-tribune.com\\\/wp-content\\\/uploads\\\/2023\\\/06\\\/georges-marsan-projets-mairie.jpg\",\"datePublished\":\"2023-06-12T16:14:02+00:00\",\"dateModified\":\"2023-06-12T16:14:14+00:00\",\"description\":\"Riprogettazione del Jardin Exotique, nuovi asili nido, eventi di quartiere... Son queste alcune delle importanti novit\u00e0 che prenderanno vita nei prossimi\",\"breadcrumb\":{\"@id\":\"https:\\\/\\\/www.monaco-tribune.com\\\/it\\\/2023\\\/06\\\/quali-sono-i-10-grandi-progetti-del-comune-di-monaco-la-parola-a-georges-marsan\\\/#breadcrumb\"},\"inLanguage\":\"it-IT\",\"potentialAction\":[{\"@type\":\"ReadAction\",\"target\":[\"https:\\\/\\\/www.monaco-tribune.com\\\/it\\\/2023\\\/06\\\/quali-sono-i-10-grandi-progetti-del-comune-di-monaco-la-parola-a-georges-marsan\\\/\"]}]},{\"@type\":\"ImageObject\",\"inLanguage\":\"it-IT\",\"@id\":\"https:\\\/\\\/www.monaco-tribune.com\\\/it\\\/2023\\\/06\\\/quali-sono-i-10-grandi-progetti-del-comune-di-monaco-la-parola-a-georges-marsan\\\/#primaryimage\",\"url\":\"https:\\\/\\\/www.monaco-tribune.com\\\/wp-content\\\/uploads\\\/2023\\\/06\\\/georges-marsan-projets-mairie.jpg\",\"contentUrl\":\"https:\\\/\\\/www.monaco-tribune.com\\\/wp-content\\\/uploads\\\/2023\\\/06\\\/georges-marsan-projets-mairie.jpg\",\"width\":1020,\"height\":680,\"caption\":\"Georges Marsan \u00e8 stato rieletto per un sesto mandato, un evento definito \\\"storico\\\" - \u00a9 Comune di Monaco\"},{\"@type\":\"BreadcrumbList\",\"@id\":\"https:\\\/\\\/www.monaco-tribune.com\\\/it\\\/2023\\\/06\\\/quali-sono-i-10-grandi-progetti-del-comune-di-monaco-la-parola-a-georges-marsan\\\/#breadcrumb\",\"itemListElement\":[{\"@type\":\"ListItem\",\"position\":1,\"name\":\"Accueil\",\"item\":\"https:\\\/\\\/www.monaco-tribune.com\\\/it\\\/\"},{\"@type\":\"ListItem\",\"position\":2,\"name\":\"Quali sono i 10 grandi progetti del Comune di Monaco? La parola a Georges Marsan\"}]},{\"@type\":\"WebSite\",\"@id\":\"https:\\\/\\\/www.monaco-tribune.com\\\/it\\\/#website\",\"url\":\"https:\\\/\\\/www.monaco-tribune.com\\\/it\\\/\",\"name\":\"Monaco Tribune\",\"description\":\"Monaco : actualit\u00e9s \u00e9conomiques, politiques, culturelles et sportives de Monaco et de la French Riviera.\",\"publisher\":{\"@id\":\"https:\\\/\\\/www.monaco-tribune.com\\\/it\\\/#organization\"},\"potentialAction\":[{\"@type\":\"SearchAction\",\"target\":{\"@type\":\"EntryPoint\",\"urlTemplate\":\"https:\\\/\\\/www.monaco-tribune.com\\\/it\\\/?s={search_term_string}\"},\"query-input\":{\"@type\":\"PropertyValueSpecification\",\"valueRequired\":true,\"valueName\":\"search_term_string\"}}],\"inLanguage\":\"it-IT\"},{\"@type\":\"Organization\",\"@id\":\"https:\\\/\\\/www.monaco-tribune.com\\\/it\\\/#organization\",\"name\":\"Monaco Tribune\",\"url\":\"https:\\\/\\\/www.monaco-tribune.com\\\/it\\\/\",\"logo\":{\"@type\":\"ImageObject\",\"inLanguage\":\"it-IT\",\"@id\":\"https:\\\/\\\/www.monaco-tribune.com\\\/it\\\/#\\\/schema\\\/logo\\\/image\\\/\",\"url\":\"https:\\\/\\\/www.monaco-tribune.com\\\/wp-content\\\/uploads\\\/2022\\\/11\\\/logo-monaco-tribune.png\",\"contentUrl\":\"https:\\\/\\\/www.monaco-tribune.com\\\/wp-content\\\/uploads\\\/2022\\\/11\\\/logo-monaco-tribune.png\",\"width\":1548,\"height\":600,\"caption\":\"Monaco Tribune\"},\"image\":{\"@id\":\"https:\\\/\\\/www.monaco-tribune.com\\\/it\\\/#\\\/schema\\\/logo\\\/image\\\/\"},\"sameAs\":[\"https:\\\/\\\/www.facebook.com\\\/MonacoTribune\",\"https:\\\/\\\/x.com\\\/MonacoTribune\",\"https:\\\/\\\/www.instagram.com\\\/monacotribune\\\/\",\"https:\\\/\\\/www.linkedin.com\\\/company\\\/monaco-tribune\",\"https:\\\/\\\/www.youtube.com\\\/channel\\\/UCHle1MnG6hw1y4lWKijVbMA\"]},{\"@type\":\"Person\",\"@id\":\"https:\\\/\\\/www.monaco-tribune.com\\\/it\\\/#\\\/schema\\\/person\\\/a855d420fff4d03637641d60b93ac62e\",\"name\":\"Camille Esteve\",\"image\":{\"@type\":\"ImageObject\",\"inLanguage\":\"it-IT\",\"@id\":\"https:\\\/\\\/secure.gravatar.com\\\/avatar\\\/eaaa2355a7bb56c0018a391c20a55bf9b4690e3f493231dd850e612bfa6ce161?s=96&d=mm&r=g\",\"url\":\"https:\\\/\\\/secure.gravatar.com\\\/avatar\\\/eaaa2355a7bb56c0018a391c20a55bf9b4690e3f493231dd850e612bfa6ce161?s=96&d=mm&r=g\",\"contentUrl\":\"https:\\\/\\\/secure.gravatar.com\\\/avatar\\\/eaaa2355a7bb56c0018a391c20a55bf9b4690e3f493231dd850e612bfa6ce161?s=96&d=mm&r=g\",\"caption\":\"Camille Esteve\"},\"url\":\"https:\\\/\\\/www.monaco-tribune.com\\\/it\\\/author\\\/camilleesteve\\\/\"}]}<\/script>\n<!-- \/ Yoast SEO Premium plugin. -->","yoast_head_json":{"title":"Quali sono i 10 grandi progetti del Comune di Monaco? La parola a Georges Marsan","description":"Riprogettazione del Jardin Exotique, nuovi asili nido, eventi di quartiere... Son queste alcune delle importanti novit\u00e0 che prenderanno vita nei prossimi","robots":{"index":"index","follow":"follow","max-snippet":"max-snippet:-1","max-image-preview":"max-image-preview:large","max-video-preview":"max-video-preview:-1"},"canonical":"https:\/\/www.monaco-tribune.com\/it\/2023\/06\/quali-sono-i-10-grandi-progetti-del-comune-di-monaco-la-parola-a-georges-marsan\/","og_locale":"it_IT","og_type":"article","og_title":"Quali sono i 10 grandi progetti del Comune di Monaco? La parola a Georges Marsan - Monaco Tribune","og_description":"Riprogettazione del Jardin Exotique, nuovi asili nido, eventi di quartiere... Son queste alcune delle importanti novit\u00e0 che prenderanno vita nei prossimi","og_url":"https:\/\/www.monaco-tribune.com\/it\/2023\/06\/quali-sono-i-10-grandi-progetti-del-comune-di-monaco-la-parola-a-georges-marsan\/","og_site_name":"Monaco Tribune","article_publisher":"https:\/\/www.facebook.com\/MonacoTribune","article_published_time":"2023-06-12T16:14:02+00:00","article_modified_time":"2023-06-12T16:14:14+00:00","og_image":[{"width":1020,"height":680,"url":"https:\/\/www.monaco-tribune.com\/wp-content\/uploads\/2023\/06\/georges-marsan-projets-mairie.jpg","type":"image\/jpeg"}],"author":"Camille Esteve","twitter_card":"summary_large_image","twitter_creator":"@MonacoTribune","twitter_site":"@MonacoTribune","schema":{"@context":"https:\/\/schema.org","@graph":[{"@type":"NewsArticle","@id":"https:\/\/www.monaco-tribune.com\/it\/2023\/06\/quali-sono-i-10-grandi-progetti-del-comune-di-monaco-la-parola-a-georges-marsan\/#article","isPartOf":{"@id":"https:\/\/www.monaco-tribune.com\/it\/2023\/06\/quali-sono-i-10-grandi-progetti-del-comune-di-monaco-la-parola-a-georges-marsan\/"},"author":{"name":"Camille Esteve","@id":"https:\/\/www.monaco-tribune.com\/it\/#\/schema\/person\/a855d420fff4d03637641d60b93ac62e"},"headline":"Quali sono i 10 grandi progetti del Comune di Monaco? La parola a Georges Marsan","datePublished":"2023-06-12T16:14:02+00:00","dateModified":"2023-06-12T16:14:14+00:00","mainEntityOfPage":{"@id":"https:\/\/www.monaco-tribune.com\/it\/2023\/06\/quali-sono-i-10-grandi-progetti-del-comune-di-monaco-la-parola-a-georges-marsan\/"},"wordCount":2009,"publisher":{"@id":"https:\/\/www.monaco-tribune.com\/it\/#organization"},"image":{"@id":"https:\/\/www.monaco-tribune.com\/it\/2023\/06\/quali-sono-i-10-grandi-progetti-del-comune-di-monaco-la-parola-a-georges-marsan\/#primaryimage"},"thumbnailUrl":"https:\/\/www.monaco-tribune.com\/wp-content\/uploads\/2023\/06\/georges-marsan-projets-mairie.jpg","keywords":["Politica"],"articleSection":["La nostra scelta","Notizie","Societ\u00e0"],"inLanguage":"it-IT","copyrightYear":"2023","copyrightHolder":{"@id":"https:\/\/www.monaco-tribune.com\/#organization"}},{"@type":"WebPage","@id":"https:\/\/www.monaco-tribune.com\/it\/2023\/06\/quali-sono-i-10-grandi-progetti-del-comune-di-monaco-la-parola-a-georges-marsan\/","url":"https:\/\/www.monaco-tribune.com\/it\/2023\/06\/quali-sono-i-10-grandi-progetti-del-comune-di-monaco-la-parola-a-georges-marsan\/","name":"Quali sono i 10 grandi progetti del Comune di Monaco? La parola a Georges Marsan","isPartOf":{"@id":"https:\/\/www.monaco-tribune.com\/it\/#website"},"primaryImageOfPage":{"@id":"https:\/\/www.monaco-tribune.com\/it\/2023\/06\/quali-sono-i-10-grandi-progetti-del-comune-di-monaco-la-parola-a-georges-marsan\/#primaryimage"},"image":{"@id":"https:\/\/www.monaco-tribune.com\/it\/2023\/06\/quali-sono-i-10-grandi-progetti-del-comune-di-monaco-la-parola-a-georges-marsan\/#primaryimage"},"thumbnailUrl":"https:\/\/www.monaco-tribune.com\/wp-content\/uploads\/2023\/06\/georges-marsan-projets-mairie.jpg","datePublished":"2023-06-12T16:14:02+00:00","dateModified":"2023-06-12T16:14:14+00:00","description":"Riprogettazione del Jardin Exotique, nuovi asili nido, eventi di quartiere... Son queste alcune delle importanti novit\u00e0 che prenderanno vita nei prossimi","breadcrumb":{"@id":"https:\/\/www.monaco-tribune.com\/it\/2023\/06\/quali-sono-i-10-grandi-progetti-del-comune-di-monaco-la-parola-a-georges-marsan\/#breadcrumb"},"inLanguage":"it-IT","potentialAction":[{"@type":"ReadAction","target":["https:\/\/www.monaco-tribune.com\/it\/2023\/06\/quali-sono-i-10-grandi-progetti-del-comune-di-monaco-la-parola-a-georges-marsan\/"]}]},{"@type":"ImageObject","inLanguage":"it-IT","@id":"https:\/\/www.monaco-tribune.com\/it\/2023\/06\/quali-sono-i-10-grandi-progetti-del-comune-di-monaco-la-parola-a-georges-marsan\/#primaryimage","url":"https:\/\/www.monaco-tribune.com\/wp-content\/uploads\/2023\/06\/georges-marsan-projets-mairie.jpg","contentUrl":"https:\/\/www.monaco-tribune.com\/wp-content\/uploads\/2023\/06\/georges-marsan-projets-mairie.jpg","width":1020,"height":680,"caption":"Georges Marsan \u00e8 stato rieletto per un sesto mandato, un evento definito \"storico\" - \u00a9 Comune di Monaco"},{"@type":"BreadcrumbList","@id":"https:\/\/www.monaco-tribune.com\/it\/2023\/06\/quali-sono-i-10-grandi-progetti-del-comune-di-monaco-la-parola-a-georges-marsan\/#breadcrumb","itemListElement":[{"@type":"ListItem","position":1,"name":"Accueil","item":"https:\/\/www.monaco-tribune.com\/it\/"},{"@type":"ListItem","position":2,"name":"Quali sono i 10 grandi progetti del Comune di Monaco? La parola a Georges Marsan"}]},{"@type":"WebSite","@id":"https:\/\/www.monaco-tribune.com\/it\/#website","url":"https:\/\/www.monaco-tribune.com\/it\/","name":"Monaco Tribune","description":"Monaco : actualit\u00e9s \u00e9conomiques, politiques, culturelles et sportives de Monaco et de la French Riviera.","publisher":{"@id":"https:\/\/www.monaco-tribune.com\/it\/#organization"},"potentialAction":[{"@type":"SearchAction","target":{"@type":"EntryPoint","urlTemplate":"https:\/\/www.monaco-tribune.com\/it\/?s={search_term_string}"},"query-input":{"@type":"PropertyValueSpecification","valueRequired":true,"valueName":"search_term_string"}}],"inLanguage":"it-IT"},{"@type":"Organization","@id":"https:\/\/www.monaco-tribune.com\/it\/#organization","name":"Monaco Tribune","url":"https:\/\/www.monaco-tribune.com\/it\/","logo":{"@type":"ImageObject","inLanguage":"it-IT","@id":"https:\/\/www.monaco-tribune.com\/it\/#\/schema\/logo\/image\/","url":"https:\/\/www.monaco-tribune.com\/wp-content\/uploads\/2022\/11\/logo-monaco-tribune.png","contentUrl":"https:\/\/www.monaco-tribune.com\/wp-content\/uploads\/2022\/11\/logo-monaco-tribune.png","width":1548,"height":600,"caption":"Monaco Tribune"},"image":{"@id":"https:\/\/www.monaco-tribune.com\/it\/#\/schema\/logo\/image\/"},"sameAs":["https:\/\/www.facebook.com\/MonacoTribune","https:\/\/x.com\/MonacoTribune","https:\/\/www.instagram.com\/monacotribune\/","https:\/\/www.linkedin.com\/company\/monaco-tribune","https:\/\/www.youtube.com\/channel\/UCHle1MnG6hw1y4lWKijVbMA"]},{"@type":"Person","@id":"https:\/\/www.monaco-tribune.com\/it\/#\/schema\/person\/a855d420fff4d03637641d60b93ac62e","name":"Camille Esteve","image":{"@type":"ImageObject","inLanguage":"it-IT","@id":"https:\/\/secure.gravatar.com\/avatar\/eaaa2355a7bb56c0018a391c20a55bf9b4690e3f493231dd850e612bfa6ce161?s=96&d=mm&r=g","url":"https:\/\/secure.gravatar.com\/avatar\/eaaa2355a7bb56c0018a391c20a55bf9b4690e3f493231dd850e612bfa6ce161?s=96&d=mm&r=g","contentUrl":"https:\/\/secure.gravatar.com\/avatar\/eaaa2355a7bb56c0018a391c20a55bf9b4690e3f493231dd850e612bfa6ce161?s=96&d=mm&r=g","caption":"Camille Esteve"},"url":"https:\/\/www.monaco-tribune.com\/it\/author\/camilleesteve\/"}]}},"_links":{"self":[{"href":"https:\/\/www.monaco-tribune.com\/it\/wp-json\/wp\/v2\/posts\/180450","targetHints":{"allow":["GET"]}}],"collection":[{"href":"https:\/\/www.monaco-tribune.com\/it\/wp-json\/wp\/v2\/posts"}],"about":[{"href":"https:\/\/www.monaco-tribune.com\/it\/wp-json\/wp\/v2\/types\/post"}],"author":[{"embeddable":true,"href":"https:\/\/www.monaco-tribune.com\/it\/wp-json\/wp\/v2\/users\/60"}],"replies":[{"embeddable":true,"href":"https:\/\/www.monaco-tribune.com\/it\/wp-json\/wp\/v2\/comments?post=180450"}],"version-history":[{"count":0,"href":"https:\/\/www.monaco-tribune.com\/it\/wp-json\/wp\/v2\/posts\/180450\/revisions"}],"wp:featuredmedia":[{"embeddable":true,"href":"https:\/\/www.monaco-tribune.com\/it\/wp-json\/wp\/v2\/media\/179336"}],"wp:attachment":[{"href":"https:\/\/www.monaco-tribune.com\/it\/wp-json\/wp\/v2\/media?parent=180450"}],"wp:term":[{"taxonomy":"category","embeddable":true,"href":"https:\/\/www.monaco-tribune.com\/it\/wp-json\/wp\/v2\/categories?post=180450"},{"taxonomy":"post_tag","embeddable":true,"href":"https:\/\/www.monaco-tribune.com\/it\/wp-json\/wp\/v2\/tags?post=180450"},{"taxonomy":"sectag","embeddable":true,"href":"https:\/\/www.monaco-tribune.com\/it\/wp-json\/wp\/v2\/post_sectags?post=180450"},{"taxonomy":"format","embeddable":true,"href":"https:\/\/www.monaco-tribune.com\/it\/wp-json\/wp\/v2\/post_format?post=180450"}],"curies":[{"name":"wp","href":"https:\/\/api.w.org\/{rel}","templated":true}]}}