{"id":181344,"date":"2023-06-19T10:40:28","date_gmt":"2023-06-19T08:40:28","guid":{"rendered":"https:\/\/www.monaco-tribune.com\/2023\/06\/tutto-quello-che-dovete-sapere-sulle-api-e-sul-miele-di-monaco\/"},"modified":"2023-06-19T10:53:55","modified_gmt":"2023-06-19T08:53:55","slug":"tutto-quello-che-dovete-sapere-sulle-api-e-sul-miele-di-monaco","status":"publish","type":"post","link":"https:\/\/www.monaco-tribune.com\/it\/2023\/06\/tutto-quello-che-dovete-sapere-sulle-api-e-sul-miele-di-monaco\/","title":{"rendered":"Tutto quello che dovete sapere sulle api e sul miele di Monaco"},"content":{"rendered":"\n<p><strong>Non \u00e8 disponibile in commercio, ma il miele di Monaco ha un sapore eccezionale.<\/strong><\/p>\n\n\n\n<p>A volte ci spaventiamo quando ci si avvicinano nel bel mezzo di un picnic o di una passeggiata, ma le api sono essenziali per l&#8217;uomo e forse dovremmo imparare ad amarle di pi\u00f9. Sapevi, ad esempio, che l&#8217;80% del nostro cibo viene impollinato dalle api? &#8220;Senza di loro, avremmo molta meno scelta di alimenti e dovremmo dire addio a mele, pere, fragole, avocado, zucchine e tanto altro&#8221;, afferma Lucien Guerin, un apicoltore in pensione.<\/p>\n\n\n\n<h2 class=\"wp-block-heading\">Il calabrone: la minaccia pi\u00f9 grande<\/h2>\n\n\n\n<p>Nell&#8217;ambito degli APIdays*, che sono stati organizzati nel Jardin de l&#8217;Unesco sulle terrazze di Fontvieille da gioved\u00ec 15 a sabato 17 giugno, gli appassionati sensibilizzano il pubblico, e in particolare le scolaresche del Principato, sulla protezione di questo piccolo insetto la cui popolazione sta diminuendo drasticamente in tutto il mondo. Le ragioni di questo disastro sono molteplici, ma il degrado ambientale e l&#8217;uso di pesticidi sono sicuramente le cause principali.<\/p>\n\n\n\n<p>A Monaco, il principale predatore delle api \u00e8 il calabrone asiatico ed europeo. &#8220;Ogni anno perdiamo gran parte dei nostri alveari&#8221;, si lamenta l&#8217;apicoltore. Un&#8217;altra minaccia per le nostre amiche gialle e nere \u00e8 il Varroa destructor: un acaro che attacca le api operaie, i bombi adulti e le larve indebolendole.<\/p>\n\n\n\n<figure class=\"wp-block-gallery has-nested-images columns-1 is-cropped wp-block-gallery-1 is-layout-flex wp-block-gallery-is-layout-flex\"><div class=\"wp-block-image\">\n<figure class=\"aligncenter size-large\"><img loading=\"lazy\" decoding=\"async\" width=\"1024\" height=\"768\" data-id=\"181209\" src=\"https:\/\/www.monaco-tribune.com\/wp-content\/uploads\/2023\/06\/frelon.jpg\" alt=\"\" class=\"wp-image-181209\" srcset=\"https:\/\/www.monaco-tribune.com\/wp-content\/uploads\/2023\/06\/frelon.jpg 1024w, https:\/\/www.monaco-tribune.com\/wp-content\/uploads\/2023\/06\/frelon-400x300.jpg 400w\" sizes=\"auto, (max-width: 1024px) 100vw, 1024px\" \/><\/figure>\n<\/div>\n\n\n<figure class=\"wp-block-image size-large\"><img loading=\"lazy\" decoding=\"async\" width=\"768\" height=\"1024\" data-id=\"181213\" src=\"https:\/\/www.monaco-tribune.com\/wp-content\/uploads\/2023\/06\/nid.jpg\" alt=\"\" class=\"wp-image-181213\" srcset=\"https:\/\/www.monaco-tribune.com\/wp-content\/uploads\/2023\/06\/nid.jpg 768w, https:\/\/www.monaco-tribune.com\/wp-content\/uploads\/2023\/06\/nid-225x300.jpg 225w\" sizes=\"auto, (max-width: 768px) 100vw, 768px\" \/><\/figure>\n<\/figure>\n\n\n\n<p class=\"has-text-align-center\"><em>Bastano una decina di calabroni per decimare una colonia di api in pochi giorni &#8211; \u00a9 Monaco Tribune<\/em><\/p>\n\n\n\n<p>Nel Principato vengono regolarmente installate le trappole, ma anche chi ha un giardino o un balcone pu\u00f2 realizzarle artigianalmente per sostenere il lavoro dei giardinieri. &#8220;Ci sono molti tutorial disponibili su internet&#8221;, dice uno dei professionisti presenti. &#8220;Sono facili da realizzare utilizzando materiali che si possono trovare in casa, come ad esempio le bottiglie&#8221;.<\/p>\n\n\n\n<h2 class=\"wp-block-heading\" id=\"h-il-miele-di-monaco-un-gusto-esotico\">Il miele di Monaco, un gusto &#8220;esotico&#8221;<\/h2>\n\n\n\n<p>Visto che non \u00e8 disponibile in commercio, sono pochi i fortunati che hanno l&#8217;occasione di gustare questo oro giallo &#8220;made in Monaco&#8221;. Durante i tre giorni di laboratori, viene regalato ai bambini, ma anche al Palazzo del Principe e alle case di riposo del Principato. &#8220;\u00c8 un piccolo regalo che di solito viene offerto durante le feste di fine anno&#8221;, spiega Laurent Pasteau, responsabile del Dipartimento di Sviluppo Urbano.<\/p>\n\n\n<div class=\"wp-block-image\">\n<figure class=\"aligncenter size-full\"><img loading=\"lazy\" decoding=\"async\" width=\"1024\" height=\"768\" src=\"https:\/\/www.monaco-tribune.com\/wp-content\/uploads\/2023\/06\/miel-monaco.jpg\" alt=\"\" class=\"wp-image-181217\" srcset=\"https:\/\/www.monaco-tribune.com\/wp-content\/uploads\/2023\/06\/miel-monaco.jpg 1024w, https:\/\/www.monaco-tribune.com\/wp-content\/uploads\/2023\/06\/miel-monaco-400x300.jpg 400w\" sizes=\"auto, (max-width: 1024px) 100vw, 1024px\" \/><\/figure>\n<\/div>\n\n\n<p class=\"has-text-align-center\"><em>Ogni anno, il disegno dell&#8217;etichetta dei vasetti di miele di Monaco viene realizzato dagli alunni delle scuole del Principato &#8211; \u00a9 Monaco Tribune<\/em><\/p>\n\n\n\n<p>&#8220;Questo miele ha un sapore molto particolare&#8221;, dice Lucien. &#8220;\u00c8 leggermente esotico, con note di mango o litchi&#8221;. \u00c8 un prodotto eccezionale che non si trova da nessun&#8217;altra parte, merito del clima, ma anche della grande variet\u00e0 di fiori e vegetazione del Principato.<\/p>\n\n\n\n<h2 class=\"wp-block-heading\">I giardinieri del Principato impegnati nella causa<\/h2>\n\n\n\n<p>Nonostante a Monaco ci siano alcuni alveari, in particolare al Museo dei Francobolli e delle Monete, ai piedi della Torre Odeon e intorno al Monte-Carlo Bay, le api sono ovunque. Dato che sono disperse su tutto il territorio, non sono poi cos\u00ec tante e le squadre di giardinieri si impegnano per proteggerle il pi\u00f9 possibile: &#8220;Tutti i prodotti che usiamo sono biologici ed evitiamo di trattare le aree intorno agli alveari&#8221;, dice uno di loro.<\/p>\n\n\n\n<p class=\"related\"><a href=\"https:\/\/www.monaco-tribune.com\/it\/2023\/04\/monaco-dichiara-di-aver-ridotto-il-consumo-dacqua-del-26\/\">Monaco dichiara di aver ridotto il consumo d\u2019acqua del 26%<\/a><\/p>\n\n\n\n<p>Ma quest&#8217;anno, con la siccit\u00e0, i fiori e il loro nettare, di cui le api vanno ghiotte, non sono cresciuti come previsto. &#8220;\u00c8 tutto imprevedibile ormai&#8221;, dice un apicoltore. &#8220;La siccit\u00e0, ma anche le forti tempeste legate al cambiamento climatico, danneggiano le piante, con conseguenti ripercussioni sulle api che se ne nutrono&#8221;.<\/p>\n\n\n\n<hr class=\"wp-block-separator has-alpha-channel-opacity\"\/>\n\n\n\n<p>* Gli APIdays sono un evento annuale organizzato in collaborazione con gli apicoltori partner, intitolato &#8220;L&#8217;ape, sentinella dell&#8217;ambiente e degli apicoltori&#8221;. Queste giornate nazionali sono un&#8217;opportunit\u00e0 per gli apicoltori di fare campagne, informare e sensibilizzare le autorit\u00e0 pubbliche, i media e la popolazione in generale sulle misure concrete da adottare per proteggere le api e promuovere l&#8217;apicoltura.<\/p>\n","protected":false},"excerpt":{"rendered":"<p>Non \u00e8 disponibile in commercio, ma il miele di Monaco ha un sapore eccezionale. A volte ci spaventiamo quando ci [&hellip;]<\/p>\n","protected":false},"author":69,"featured_media":181224,"comment_status":"closed","ping_status":"closed","sticky":false,"template":"","format":"standard","meta":{"_acf_changed":false,"footnotes":""},"categories":[1839,1826,1738],"tags":[2872],"post_sectags":[4056],"post_format":[2476],"class_list":["post-181344","post","type-post","status-publish","format-standard","has-post-thumbnail","hentry","category-green","category-la-nostra-scelta","category-notizie","tag-gastronomia","sectag-api","format-intervista"],"acf":[],"yoast_head":"<!-- This site is optimized with the Yoast SEO Premium plugin v26.8 (Yoast SEO v27.4) - https:\/\/yoast.com\/product\/yoast-seo-premium-wordpress\/ -->\n<title>Tutto quello che dovete sapere sulle api e sul miele di Monaco<\/title>\n<meta name=\"description\" content=\"Non \u00e8 disponibile in commercio, ma il miele di Monaco ha un sapore eccezionale. A volte ci spaventiamo quando ci si avvicinano nel bel mezzo di un picnic\" \/>\n<meta name=\"robots\" content=\"index, follow, max-snippet:-1, max-image-preview:large, max-video-preview:-1\" \/>\n<link rel=\"canonical\" href=\"https:\/\/www.monaco-tribune.com\/it\/2023\/06\/tutto-quello-che-dovete-sapere-sulle-api-e-sul-miele-di-monaco\/\" \/>\n<meta property=\"og:locale\" content=\"it_IT\" \/>\n<meta property=\"og:type\" content=\"article\" \/>\n<meta property=\"og:title\" content=\"Tutto quello che dovete sapere sulle api e sul miele di Monaco - Monaco Tribune\" \/>\n<meta property=\"og:description\" content=\"Non \u00e8 disponibile in commercio, ma il miele di Monaco ha un sapore eccezionale. A volte ci spaventiamo quando ci si avvicinano nel bel mezzo di un picnic\" \/>\n<meta property=\"og:url\" content=\"https:\/\/www.monaco-tribune.com\/it\/2023\/06\/tutto-quello-che-dovete-sapere-sulle-api-e-sul-miele-di-monaco\/\" \/>\n<meta property=\"og:site_name\" content=\"Monaco Tribune\" \/>\n<meta property=\"article:publisher\" content=\"https:\/\/www.facebook.com\/MonacoTribune\" \/>\n<meta property=\"article:published_time\" content=\"2023-06-19T08:40:28+00:00\" \/>\n<meta property=\"article:modified_time\" content=\"2023-06-19T08:53:55+00:00\" \/>\n<meta property=\"og:image\" content=\"https:\/\/www.monaco-tribune.com\/wp-content\/uploads\/2023\/06\/apiculteur.jpg\" \/>\n\t<meta property=\"og:image:width\" content=\"1024\" \/>\n\t<meta property=\"og:image:height\" content=\"768\" \/>\n\t<meta property=\"og:image:type\" content=\"image\/jpeg\" \/>\n<meta name=\"author\" content=\"Sarah Incari\" \/>\n<meta name=\"twitter:card\" content=\"summary_large_image\" \/>\n<meta name=\"twitter:creator\" content=\"@MonacoTribune\" \/>\n<meta name=\"twitter:site\" content=\"@MonacoTribune\" \/>\n<script type=\"application\/ld+json\" class=\"yoast-schema-graph\">{\"@context\":\"https:\\\/\\\/schema.org\",\"@graph\":[{\"@type\":\"NewsArticle\",\"@id\":\"https:\\\/\\\/www.monaco-tribune.com\\\/it\\\/2023\\\/06\\\/tutto-quello-che-dovete-sapere-sulle-api-e-sul-miele-di-monaco\\\/#article\",\"isPartOf\":{\"@id\":\"https:\\\/\\\/www.monaco-tribune.com\\\/it\\\/2023\\\/06\\\/tutto-quello-che-dovete-sapere-sulle-api-e-sul-miele-di-monaco\\\/\"},\"author\":{\"name\":\"Sarah Incari\",\"@id\":\"https:\\\/\\\/www.monaco-tribune.com\\\/it\\\/#\\\/schema\\\/person\\\/dd3b5770833f791d3f4d808f1aa84499\"},\"headline\":\"Tutto quello che dovete sapere sulle api e sul miele di Monaco\",\"datePublished\":\"2023-06-19T08:40:28+00:00\",\"dateModified\":\"2023-06-19T08:53:55+00:00\",\"mainEntityOfPage\":{\"@id\":\"https:\\\/\\\/www.monaco-tribune.com\\\/it\\\/2023\\\/06\\\/tutto-quello-che-dovete-sapere-sulle-api-e-sul-miele-di-monaco\\\/\"},\"wordCount\":643,\"publisher\":{\"@id\":\"https:\\\/\\\/www.monaco-tribune.com\\\/it\\\/#organization\"},\"image\":{\"@id\":\"https:\\\/\\\/www.monaco-tribune.com\\\/it\\\/2023\\\/06\\\/tutto-quello-che-dovete-sapere-sulle-api-e-sul-miele-di-monaco\\\/#primaryimage\"},\"thumbnailUrl\":\"https:\\\/\\\/www.monaco-tribune.com\\\/wp-content\\\/uploads\\\/2023\\\/06\\\/apiculteur.jpg\",\"keywords\":[\"Gastronomia\"],\"articleSection\":[\"Green\",\"La nostra scelta\",\"Notizie\"],\"inLanguage\":\"it-IT\",\"copyrightYear\":\"2023\",\"copyrightHolder\":{\"@id\":\"https:\\\/\\\/www.monaco-tribune.com\\\/#organization\"}},{\"@type\":\"WebPage\",\"@id\":\"https:\\\/\\\/www.monaco-tribune.com\\\/it\\\/2023\\\/06\\\/tutto-quello-che-dovete-sapere-sulle-api-e-sul-miele-di-monaco\\\/\",\"url\":\"https:\\\/\\\/www.monaco-tribune.com\\\/it\\\/2023\\\/06\\\/tutto-quello-che-dovete-sapere-sulle-api-e-sul-miele-di-monaco\\\/\",\"name\":\"Tutto quello che dovete sapere sulle api e sul miele di Monaco\",\"isPartOf\":{\"@id\":\"https:\\\/\\\/www.monaco-tribune.com\\\/it\\\/#website\"},\"primaryImageOfPage\":{\"@id\":\"https:\\\/\\\/www.monaco-tribune.com\\\/it\\\/2023\\\/06\\\/tutto-quello-che-dovete-sapere-sulle-api-e-sul-miele-di-monaco\\\/#primaryimage\"},\"image\":{\"@id\":\"https:\\\/\\\/www.monaco-tribune.com\\\/it\\\/2023\\\/06\\\/tutto-quello-che-dovete-sapere-sulle-api-e-sul-miele-di-monaco\\\/#primaryimage\"},\"thumbnailUrl\":\"https:\\\/\\\/www.monaco-tribune.com\\\/wp-content\\\/uploads\\\/2023\\\/06\\\/apiculteur.jpg\",\"datePublished\":\"2023-06-19T08:40:28+00:00\",\"dateModified\":\"2023-06-19T08:53:55+00:00\",\"description\":\"Non \u00e8 disponibile in commercio, ma il miele di Monaco ha un sapore eccezionale. A volte ci spaventiamo quando ci si avvicinano nel bel mezzo di un picnic\",\"breadcrumb\":{\"@id\":\"https:\\\/\\\/www.monaco-tribune.com\\\/it\\\/2023\\\/06\\\/tutto-quello-che-dovete-sapere-sulle-api-e-sul-miele-di-monaco\\\/#breadcrumb\"},\"inLanguage\":\"it-IT\",\"potentialAction\":[{\"@type\":\"ReadAction\",\"target\":[\"https:\\\/\\\/www.monaco-tribune.com\\\/it\\\/2023\\\/06\\\/tutto-quello-che-dovete-sapere-sulle-api-e-sul-miele-di-monaco\\\/\"]}]},{\"@type\":\"ImageObject\",\"inLanguage\":\"it-IT\",\"@id\":\"https:\\\/\\\/www.monaco-tribune.com\\\/it\\\/2023\\\/06\\\/tutto-quello-che-dovete-sapere-sulle-api-e-sul-miele-di-monaco\\\/#primaryimage\",\"url\":\"https:\\\/\\\/www.monaco-tribune.com\\\/wp-content\\\/uploads\\\/2023\\\/06\\\/apiculteur.jpg\",\"contentUrl\":\"https:\\\/\\\/www.monaco-tribune.com\\\/wp-content\\\/uploads\\\/2023\\\/06\\\/apiculteur.jpg\",\"width\":1024,\"height\":768,\"caption\":\"Il miele di Monaco viene raccolto due volte l'anno, a giugno per gli APIdays e ad agosto - \u00a9 Monaco Tribune\"},{\"@type\":\"BreadcrumbList\",\"@id\":\"https:\\\/\\\/www.monaco-tribune.com\\\/it\\\/2023\\\/06\\\/tutto-quello-che-dovete-sapere-sulle-api-e-sul-miele-di-monaco\\\/#breadcrumb\",\"itemListElement\":[{\"@type\":\"ListItem\",\"position\":1,\"name\":\"Accueil\",\"item\":\"https:\\\/\\\/www.monaco-tribune.com\\\/it\\\/\"},{\"@type\":\"ListItem\",\"position\":2,\"name\":\"Tutto quello che dovete sapere sulle api e sul miele di Monaco\"}]},{\"@type\":\"WebSite\",\"@id\":\"https:\\\/\\\/www.monaco-tribune.com\\\/it\\\/#website\",\"url\":\"https:\\\/\\\/www.monaco-tribune.com\\\/it\\\/\",\"name\":\"Monaco Tribune\",\"description\":\"Monaco : actualit\u00e9s \u00e9conomiques, politiques, culturelles et sportives de Monaco et de la French Riviera.\",\"publisher\":{\"@id\":\"https:\\\/\\\/www.monaco-tribune.com\\\/it\\\/#organization\"},\"potentialAction\":[{\"@type\":\"SearchAction\",\"target\":{\"@type\":\"EntryPoint\",\"urlTemplate\":\"https:\\\/\\\/www.monaco-tribune.com\\\/it\\\/?s={search_term_string}\"},\"query-input\":{\"@type\":\"PropertyValueSpecification\",\"valueRequired\":true,\"valueName\":\"search_term_string\"}}],\"inLanguage\":\"it-IT\"},{\"@type\":\"Organization\",\"@id\":\"https:\\\/\\\/www.monaco-tribune.com\\\/it\\\/#organization\",\"name\":\"Monaco Tribune\",\"url\":\"https:\\\/\\\/www.monaco-tribune.com\\\/it\\\/\",\"logo\":{\"@type\":\"ImageObject\",\"inLanguage\":\"it-IT\",\"@id\":\"https:\\\/\\\/www.monaco-tribune.com\\\/it\\\/#\\\/schema\\\/logo\\\/image\\\/\",\"url\":\"https:\\\/\\\/www.monaco-tribune.com\\\/wp-content\\\/uploads\\\/2022\\\/11\\\/logo-monaco-tribune.png\",\"contentUrl\":\"https:\\\/\\\/www.monaco-tribune.com\\\/wp-content\\\/uploads\\\/2022\\\/11\\\/logo-monaco-tribune.png\",\"width\":1548,\"height\":600,\"caption\":\"Monaco Tribune\"},\"image\":{\"@id\":\"https:\\\/\\\/www.monaco-tribune.com\\\/it\\\/#\\\/schema\\\/logo\\\/image\\\/\"},\"sameAs\":[\"https:\\\/\\\/www.facebook.com\\\/MonacoTribune\",\"https:\\\/\\\/x.com\\\/MonacoTribune\",\"https:\\\/\\\/www.instagram.com\\\/monacotribune\\\/\",\"https:\\\/\\\/www.linkedin.com\\\/company\\\/monaco-tribune\",\"https:\\\/\\\/www.youtube.com\\\/channel\\\/UCHle1MnG6hw1y4lWKijVbMA\"]},{\"@type\":\"Person\",\"@id\":\"https:\\\/\\\/www.monaco-tribune.com\\\/it\\\/#\\\/schema\\\/person\\\/dd3b5770833f791d3f4d808f1aa84499\",\"name\":\"Sarah Incari\",\"image\":{\"@type\":\"ImageObject\",\"inLanguage\":\"it-IT\",\"@id\":\"https:\\\/\\\/secure.gravatar.com\\\/avatar\\\/4ac0b37be892d57107ccdd804e3f2a03bf1e3fca097512136d3603859293cb0e?s=96&d=mm&r=g\",\"url\":\"https:\\\/\\\/secure.gravatar.com\\\/avatar\\\/4ac0b37be892d57107ccdd804e3f2a03bf1e3fca097512136d3603859293cb0e?s=96&d=mm&r=g\",\"contentUrl\":\"https:\\\/\\\/secure.gravatar.com\\\/avatar\\\/4ac0b37be892d57107ccdd804e3f2a03bf1e3fca097512136d3603859293cb0e?s=96&d=mm&r=g\",\"caption\":\"Sarah Incari\"},\"url\":\"https:\\\/\\\/www.monaco-tribune.com\\\/it\\\/author\\\/sarahincari\\\/\"}]}<\/script>\n<!-- \/ Yoast SEO Premium plugin. -->","yoast_head_json":{"title":"Tutto quello che dovete sapere sulle api e sul miele di Monaco","description":"Non \u00e8 disponibile in commercio, ma il miele di Monaco ha un sapore eccezionale. A volte ci spaventiamo quando ci si avvicinano nel bel mezzo di un picnic","robots":{"index":"index","follow":"follow","max-snippet":"max-snippet:-1","max-image-preview":"max-image-preview:large","max-video-preview":"max-video-preview:-1"},"canonical":"https:\/\/www.monaco-tribune.com\/it\/2023\/06\/tutto-quello-che-dovete-sapere-sulle-api-e-sul-miele-di-monaco\/","og_locale":"it_IT","og_type":"article","og_title":"Tutto quello che dovete sapere sulle api e sul miele di Monaco - Monaco Tribune","og_description":"Non \u00e8 disponibile in commercio, ma il miele di Monaco ha un sapore eccezionale. A volte ci spaventiamo quando ci si avvicinano nel bel mezzo di un picnic","og_url":"https:\/\/www.monaco-tribune.com\/it\/2023\/06\/tutto-quello-che-dovete-sapere-sulle-api-e-sul-miele-di-monaco\/","og_site_name":"Monaco Tribune","article_publisher":"https:\/\/www.facebook.com\/MonacoTribune","article_published_time":"2023-06-19T08:40:28+00:00","article_modified_time":"2023-06-19T08:53:55+00:00","og_image":[{"width":1024,"height":768,"url":"https:\/\/www.monaco-tribune.com\/wp-content\/uploads\/2023\/06\/apiculteur.jpg","type":"image\/jpeg"}],"author":"Sarah Incari","twitter_card":"summary_large_image","twitter_creator":"@MonacoTribune","twitter_site":"@MonacoTribune","schema":{"@context":"https:\/\/schema.org","@graph":[{"@type":"NewsArticle","@id":"https:\/\/www.monaco-tribune.com\/it\/2023\/06\/tutto-quello-che-dovete-sapere-sulle-api-e-sul-miele-di-monaco\/#article","isPartOf":{"@id":"https:\/\/www.monaco-tribune.com\/it\/2023\/06\/tutto-quello-che-dovete-sapere-sulle-api-e-sul-miele-di-monaco\/"},"author":{"name":"Sarah Incari","@id":"https:\/\/www.monaco-tribune.com\/it\/#\/schema\/person\/dd3b5770833f791d3f4d808f1aa84499"},"headline":"Tutto quello che dovete sapere sulle api e sul miele di Monaco","datePublished":"2023-06-19T08:40:28+00:00","dateModified":"2023-06-19T08:53:55+00:00","mainEntityOfPage":{"@id":"https:\/\/www.monaco-tribune.com\/it\/2023\/06\/tutto-quello-che-dovete-sapere-sulle-api-e-sul-miele-di-monaco\/"},"wordCount":643,"publisher":{"@id":"https:\/\/www.monaco-tribune.com\/it\/#organization"},"image":{"@id":"https:\/\/www.monaco-tribune.com\/it\/2023\/06\/tutto-quello-che-dovete-sapere-sulle-api-e-sul-miele-di-monaco\/#primaryimage"},"thumbnailUrl":"https:\/\/www.monaco-tribune.com\/wp-content\/uploads\/2023\/06\/apiculteur.jpg","keywords":["Gastronomia"],"articleSection":["Green","La nostra scelta","Notizie"],"inLanguage":"it-IT","copyrightYear":"2023","copyrightHolder":{"@id":"https:\/\/www.monaco-tribune.com\/#organization"}},{"@type":"WebPage","@id":"https:\/\/www.monaco-tribune.com\/it\/2023\/06\/tutto-quello-che-dovete-sapere-sulle-api-e-sul-miele-di-monaco\/","url":"https:\/\/www.monaco-tribune.com\/it\/2023\/06\/tutto-quello-che-dovete-sapere-sulle-api-e-sul-miele-di-monaco\/","name":"Tutto quello che dovete sapere sulle api e sul miele di Monaco","isPartOf":{"@id":"https:\/\/www.monaco-tribune.com\/it\/#website"},"primaryImageOfPage":{"@id":"https:\/\/www.monaco-tribune.com\/it\/2023\/06\/tutto-quello-che-dovete-sapere-sulle-api-e-sul-miele-di-monaco\/#primaryimage"},"image":{"@id":"https:\/\/www.monaco-tribune.com\/it\/2023\/06\/tutto-quello-che-dovete-sapere-sulle-api-e-sul-miele-di-monaco\/#primaryimage"},"thumbnailUrl":"https:\/\/www.monaco-tribune.com\/wp-content\/uploads\/2023\/06\/apiculteur.jpg","datePublished":"2023-06-19T08:40:28+00:00","dateModified":"2023-06-19T08:53:55+00:00","description":"Non \u00e8 disponibile in commercio, ma il miele di Monaco ha un sapore eccezionale. A volte ci spaventiamo quando ci si avvicinano nel bel mezzo di un picnic","breadcrumb":{"@id":"https:\/\/www.monaco-tribune.com\/it\/2023\/06\/tutto-quello-che-dovete-sapere-sulle-api-e-sul-miele-di-monaco\/#breadcrumb"},"inLanguage":"it-IT","potentialAction":[{"@type":"ReadAction","target":["https:\/\/www.monaco-tribune.com\/it\/2023\/06\/tutto-quello-che-dovete-sapere-sulle-api-e-sul-miele-di-monaco\/"]}]},{"@type":"ImageObject","inLanguage":"it-IT","@id":"https:\/\/www.monaco-tribune.com\/it\/2023\/06\/tutto-quello-che-dovete-sapere-sulle-api-e-sul-miele-di-monaco\/#primaryimage","url":"https:\/\/www.monaco-tribune.com\/wp-content\/uploads\/2023\/06\/apiculteur.jpg","contentUrl":"https:\/\/www.monaco-tribune.com\/wp-content\/uploads\/2023\/06\/apiculteur.jpg","width":1024,"height":768,"caption":"Il miele di Monaco viene raccolto due volte l'anno, a giugno per gli APIdays e ad agosto - \u00a9 Monaco Tribune"},{"@type":"BreadcrumbList","@id":"https:\/\/www.monaco-tribune.com\/it\/2023\/06\/tutto-quello-che-dovete-sapere-sulle-api-e-sul-miele-di-monaco\/#breadcrumb","itemListElement":[{"@type":"ListItem","position":1,"name":"Accueil","item":"https:\/\/www.monaco-tribune.com\/it\/"},{"@type":"ListItem","position":2,"name":"Tutto quello che dovete sapere sulle api e sul miele di Monaco"}]},{"@type":"WebSite","@id":"https:\/\/www.monaco-tribune.com\/it\/#website","url":"https:\/\/www.monaco-tribune.com\/it\/","name":"Monaco Tribune","description":"Monaco : actualit\u00e9s \u00e9conomiques, politiques, culturelles et sportives de Monaco et de la French Riviera.","publisher":{"@id":"https:\/\/www.monaco-tribune.com\/it\/#organization"},"potentialAction":[{"@type":"SearchAction","target":{"@type":"EntryPoint","urlTemplate":"https:\/\/www.monaco-tribune.com\/it\/?s={search_term_string}"},"query-input":{"@type":"PropertyValueSpecification","valueRequired":true,"valueName":"search_term_string"}}],"inLanguage":"it-IT"},{"@type":"Organization","@id":"https:\/\/www.monaco-tribune.com\/it\/#organization","name":"Monaco Tribune","url":"https:\/\/www.monaco-tribune.com\/it\/","logo":{"@type":"ImageObject","inLanguage":"it-IT","@id":"https:\/\/www.monaco-tribune.com\/it\/#\/schema\/logo\/image\/","url":"https:\/\/www.monaco-tribune.com\/wp-content\/uploads\/2022\/11\/logo-monaco-tribune.png","contentUrl":"https:\/\/www.monaco-tribune.com\/wp-content\/uploads\/2022\/11\/logo-monaco-tribune.png","width":1548,"height":600,"caption":"Monaco Tribune"},"image":{"@id":"https:\/\/www.monaco-tribune.com\/it\/#\/schema\/logo\/image\/"},"sameAs":["https:\/\/www.facebook.com\/MonacoTribune","https:\/\/x.com\/MonacoTribune","https:\/\/www.instagram.com\/monacotribune\/","https:\/\/www.linkedin.com\/company\/monaco-tribune","https:\/\/www.youtube.com\/channel\/UCHle1MnG6hw1y4lWKijVbMA"]},{"@type":"Person","@id":"https:\/\/www.monaco-tribune.com\/it\/#\/schema\/person\/dd3b5770833f791d3f4d808f1aa84499","name":"Sarah Incari","image":{"@type":"ImageObject","inLanguage":"it-IT","@id":"https:\/\/secure.gravatar.com\/avatar\/4ac0b37be892d57107ccdd804e3f2a03bf1e3fca097512136d3603859293cb0e?s=96&d=mm&r=g","url":"https:\/\/secure.gravatar.com\/avatar\/4ac0b37be892d57107ccdd804e3f2a03bf1e3fca097512136d3603859293cb0e?s=96&d=mm&r=g","contentUrl":"https:\/\/secure.gravatar.com\/avatar\/4ac0b37be892d57107ccdd804e3f2a03bf1e3fca097512136d3603859293cb0e?s=96&d=mm&r=g","caption":"Sarah Incari"},"url":"https:\/\/www.monaco-tribune.com\/it\/author\/sarahincari\/"}]}},"_links":{"self":[{"href":"https:\/\/www.monaco-tribune.com\/it\/wp-json\/wp\/v2\/posts\/181344","targetHints":{"allow":["GET"]}}],"collection":[{"href":"https:\/\/www.monaco-tribune.com\/it\/wp-json\/wp\/v2\/posts"}],"about":[{"href":"https:\/\/www.monaco-tribune.com\/it\/wp-json\/wp\/v2\/types\/post"}],"author":[{"embeddable":true,"href":"https:\/\/www.monaco-tribune.com\/it\/wp-json\/wp\/v2\/users\/69"}],"replies":[{"embeddable":true,"href":"https:\/\/www.monaco-tribune.com\/it\/wp-json\/wp\/v2\/comments?post=181344"}],"version-history":[{"count":2,"href":"https:\/\/www.monaco-tribune.com\/it\/wp-json\/wp\/v2\/posts\/181344\/revisions"}],"predecessor-version":[{"id":181350,"href":"https:\/\/www.monaco-tribune.com\/it\/wp-json\/wp\/v2\/posts\/181344\/revisions\/181350"}],"wp:featuredmedia":[{"embeddable":true,"href":"https:\/\/www.monaco-tribune.com\/it\/wp-json\/wp\/v2\/media\/181224"}],"wp:attachment":[{"href":"https:\/\/www.monaco-tribune.com\/it\/wp-json\/wp\/v2\/media?parent=181344"}],"wp:term":[{"taxonomy":"category","embeddable":true,"href":"https:\/\/www.monaco-tribune.com\/it\/wp-json\/wp\/v2\/categories?post=181344"},{"taxonomy":"post_tag","embeddable":true,"href":"https:\/\/www.monaco-tribune.com\/it\/wp-json\/wp\/v2\/tags?post=181344"},{"taxonomy":"sectag","embeddable":true,"href":"https:\/\/www.monaco-tribune.com\/it\/wp-json\/wp\/v2\/post_sectags?post=181344"},{"taxonomy":"format","embeddable":true,"href":"https:\/\/www.monaco-tribune.com\/it\/wp-json\/wp\/v2\/post_format?post=181344"}],"curies":[{"name":"wp","href":"https:\/\/api.w.org\/{rel}","templated":true}]}}