{"id":181938,"date":"2023-06-21T11:32:58","date_gmt":"2023-06-21T09:32:58","guid":{"rendered":"https:\/\/www.monaco-tribune.com\/2023\/06\/il-crem-ha-festeggiato-il-suo-13-anniversario-presso-il-centro-di-allenamento-dellas-monaco\/"},"modified":"2023-06-21T11:33:05","modified_gmt":"2023-06-21T09:33:05","slug":"il-crem-ha-festeggiato-il-suo-13-anniversario-presso-il-centro-di-allenamento-dellas-monaco","status":"publish","type":"post","link":"https:\/\/www.monaco-tribune.com\/it\/2023\/06\/il-crem-ha-festeggiato-il-suo-13-anniversario-presso-il-centro-di-allenamento-dellas-monaco\/","title":{"rendered":"Il CREM ha festeggiato il suo 13\u00b0 anniversario presso il Centro di allenamento dell&#8217;AS Monaco"},"content":{"rendered":"\n<p><strong>Il Sovrano ha anche inviato una lettera di auguri al Club des R\u00e9sidents \u00c9trangers de Monaco.<\/strong><\/p>\n\n<p>Il 13 giugno il CREM ha spento un&#8217;altra candelina. E non in un posto qualsiasi! Il Club, che riunisce gli stranieri residenti nel Principato, ha dato il meglio di s\u00e9 invitando i suoi membri al <a href=\"https:\/\/www.monaco-tribune.com\/it\/2022\/09\/linaugurazione-del-centro-di-allenamento-dellas-monaco\/\">centro di allenamento dell&#8217;AS Monaco<\/a> a La Turbie.<\/p>\n\n<p>Tra gli ospiti presenti citiamo il Ministro di Stato, Pierre Dartout, e Corinne Bertani, in rappresentanza del Presidente del Consiglio Nazionale, Brigitte Boccone-Pag\u00e8s.<\/p>\n<div class=\"wp-block-image\">\n<figure class=\"aligncenter size-full\"><img loading=\"lazy\" decoding=\"async\" width=\"1020\" height=\"680\" src=\"https:\/\/www.monaco-tribune.com\/wp-content\/uploads\/2023\/06\/pierre-dartout-anniversaire-crem.jpg\" alt=\"pierre dartout anniversario crem\" class=\"wp-image-181508\" srcset=\"https:\/\/www.monaco-tribune.com\/wp-content\/uploads\/2023\/06\/pierre-dartout-anniversaire-crem.jpg 1020w, https:\/\/www.monaco-tribune.com\/wp-content\/uploads\/2023\/06\/pierre-dartout-anniversaire-crem-450x300.jpg 450w\" sizes=\"auto, (max-width: 1020px) 100vw, 1020px\" \/><figcaption class=\"wp-element-caption\"><em>Pierre Dartout e Corinne Bertani erano presenti al 13\u00b0 anniversario del CREM &#8211; \u00a9 Liam Fabre \/ Gilles Cappadoro<\/em><\/figcaption><\/figure>\n<\/div>\n<p>Agli ospiti \u00e8 stato riservato un tour esclusivo dei prestigiosi locali del Centro di allenamento, che \u00e8 stato il fulcro dell&#8217;evento. Il pittore Djiango ha inoltre realizzato un grande ritratto dal vivo sorprendendo i presenti. La serata \u00e8 proseguita con una lotteria e un rinfresco in onore del Club e dei suoi membri, che contribuiscono in modo determinante all&#8217;economia del Principato creando sinergie tra i residenti e organizzando eventi prestigiosi con i principali esponenti del mondo monegasco.<\/p>\n\n<p>In palio per gli ospiti premi prestigiosi, tra cui dieci ritratti digitali realizzati da Djiango, due biglietti VIP per le partite dell&#8217;AS Monaco e una maglia da collezione dell&#8217;ASM della stagione 1999-2000.<\/p>\n<div class=\"wp-block-image\">\n<figure class=\"aligncenter size-large\"><img loading=\"lazy\" decoding=\"async\" width=\"765\" height=\"1024\" src=\"https:\/\/www.monaco-tribune.com\/wp-content\/uploads\/2023\/06\/djiango-anniversaire-crem-765x1024.jpeg\" alt=\"djiango anniversaire crem\" class=\"wp-image-181504\" srcset=\"https:\/\/www.monaco-tribune.com\/wp-content\/uploads\/2023\/06\/djiango-anniversaire-crem-765x1024.jpeg 765w, https:\/\/www.monaco-tribune.com\/wp-content\/uploads\/2023\/06\/djiango-anniversaire-crem-224x300.jpeg 224w, https:\/\/www.monaco-tribune.com\/wp-content\/uploads\/2023\/06\/djiango-anniversaire-crem.jpeg 1020w\" sizes=\"auto, (max-width: 765px) 100vw, 765px\" \/><figcaption class=\"wp-element-caption\"><em>L&#8217;artista Djiango ha creato un grande ritratto dal vivo &#8211; \u00a9 Liam Fabre \/ Gilles Cappadoro<\/em><\/figcaption><\/figure>\n<\/div>\n<p>&#8220;Il CREM \u00e8 nato per accompagnarvi e aiutarvi a entrare con successo nel microcosmo monegasco, dove vivono in armonia oltre 120 nazionalit\u00e0. (&#8230;) Anche se Monaco oggi trasmette l&#8217;immagine di una vita rilassata e sfarzosa, in passato non \u00e8 sempre stato cos\u00ec. Era una cittadina di pescatori, circondata da montagne rocciose e anche piuttosto povera. Dobbiamo tutto all&#8217;impegno della Famiglia Principesca&#8221;, ha ricordato ai soci del club Louisette Levy Soussan Azzoaglio, Presidentessa del CREM.<\/p>\n<div class=\"wp-block-image\">\n<figure class=\"aligncenter size-full\"><img loading=\"lazy\" decoding=\"async\" width=\"1020\" height=\"680\" src=\"https:\/\/www.monaco-tribune.com\/wp-content\/uploads\/2023\/06\/anniversaire-crem.jpg\" alt=\"anniversaire crem\" class=\"wp-image-181488\" srcset=\"https:\/\/www.monaco-tribune.com\/wp-content\/uploads\/2023\/06\/anniversaire-crem.jpg 1020w, https:\/\/www.monaco-tribune.com\/wp-content\/uploads\/2023\/06\/anniversaire-crem-450x300.jpg 450w\" sizes=\"auto, (max-width: 1020px) 100vw, 1020px\" \/><figcaption class=\"wp-element-caption\"><em>Gli ospiti hanno avuto la possibilit\u00e0 di visitare il Centro di allenamento dell&#8217;AS Monaco, solitamente chiuso al pubblico &#8211; \u00a9 Liam Fabre \/ Gilles Cappadoro<\/em><\/figcaption><\/figure>\n<\/div>\n<p>Louisette Levy Soussan Azzoaglio ci ha tenuto a ringraziare anche il Principe Alberto II, purtroppo impegnato altrove: &#8220;A Sua Altezza e alla sua Famiglia, rinnovo i miei pi\u00f9 sinceri ringraziamenti per il loro sostegno e per l&#8217;amore che mostrano ogni giorno per il lavoro che svolgono per il loro amato Principato&#8221;.<\/p>\n\n<h2 class=\"wp-block-heading\" id=\"h-le-prince-salue-un-catalyseur-pour-le-renforcement-des-liens-entre-les-residents-etrangers\">Secondo il Principe il CREM \u00e8 &#8220;un catalizzatore per rafforzare i legami tra i residenti stranieri&#8221;.<\/h2>\n\n<p>Il Sovrano, che potrebbe essere presente al cocktail dell&#8217;11 settembre, ha scritto una lettera per congratularsi con il Club, la sua nuova Presidentessa, <a href=\"https:\/\/www.monaco-tribune.com\/it\/2023\/02\/intervista-ad-alexandre-boin-nuovo-direttore-del-club-des-residents-etrangers-de-monaco\/\">il suo nuovo Direttore, Alexandre Boin<\/a>, e tutti i suoi membri:<\/p>\n\n<p>&#8220;Cari membri del Club des R\u00e9sidents \u00c9trangers de Monaco,<\/p>\n\n<p>Vorrei porgervi i miei pi\u00f9 sentiti auguri per il 13\u00b0 anniversario del vostro club.<\/p>\n\n<p>Sin dalla sua nascita, il Club des R\u00e9sidents \u00c9trangers de Monaco ha svolto un ruolo fondamentale nel creare legami solidi e duraturi tra i residenti stranieri del Principato. La vostra associazione ha riunito persone di nazionalit\u00e0, cultura e origini diverse, creando una comunit\u00e0 ricca e variegata.<\/p>\n\n<p>In questi 13 anni, il club ha contribuito a far nascere amicizie, a condividere esperienze uniche e a creare ricordi indimenticabili. Voi avete permesso di rendere Monaco un luogo eccezionale in cui vivere, dove ogni residente straniero si sente a casa.<\/p>\n<div class=\"wp-block-image\">\n<figure class=\"aligncenter size-full\"><img loading=\"lazy\" decoding=\"async\" width=\"1020\" height=\"680\" src=\"https:\/\/www.monaco-tribune.com\/wp-content\/uploads\/2023\/06\/crem-anniversaire-la-turbie.jpg\" alt=\"crem anniversaire la turbie\" class=\"wp-image-181492\" srcset=\"https:\/\/www.monaco-tribune.com\/wp-content\/uploads\/2023\/06\/crem-anniversaire-la-turbie.jpg 1020w, https:\/\/www.monaco-tribune.com\/wp-content\/uploads\/2023\/06\/crem-anniversaire-la-turbie-450x300.jpg 450w\" sizes=\"auto, (max-width: 1020px) 100vw, 1020px\" \/><figcaption class=\"wp-element-caption\"><em>Nel suo discorso, Louisette Levy Soussan Azzoaglio ha ringraziato calorosamente il Principe e la sua Famiglia &#8211; \u00a9 Liam Fabre \/ Gilles Cappadoro<\/em><\/figcaption><\/figure>\n<\/div>\n<p>Vorrei anche congratularmi e dare il benvenuto al nuovo Direttore, Alexandre Boin. Sono certo che sotto la sua abile guida il club continuer\u00e0 a crescere e a offrire esperienze stimolanti a tutti i suoi membri.<\/p>\n\n<p>Signora Presidente, Cara Louisette Azzoaglio, desidero esprimerle la mia gratitudine e le mie congratulazioni. Grazie alla sua stimolante leadership e alla sua passione, il club ha avuto una crescita notevole ed \u00e8 stato un vero e proprio catalizzatore per rafforzare i legami tra i residenti stranieri. Le sono grato per il suo instancabile impegno a favore della comunit\u00e0.<\/p>\n\n<p>A tutti voi auguro un 13\u00b0 anniversario memorabile, ricco di festeggiamenti e momenti di gioia. Che gli anni a venire siano pieni di successi, amicizie durature e nuove scoperte.<\/p>\n\n<p>Alberto di Monaco&#8221;<\/p>\n<div class=\"wp-block-image\">\n<figure class=\"aligncenter size-full\"><img loading=\"lazy\" decoding=\"async\" width=\"1020\" height=\"680\" src=\"https:\/\/www.monaco-tribune.com\/wp-content\/uploads\/2023\/06\/anniversaire-crem-monaco.jpg\" alt=\"anniversaire crem monaco\" class=\"wp-image-181496\" srcset=\"https:\/\/www.monaco-tribune.com\/wp-content\/uploads\/2023\/06\/anniversaire-crem-monaco.jpg 1020w, https:\/\/www.monaco-tribune.com\/wp-content\/uploads\/2023\/06\/anniversaire-crem-monaco-450x300.jpg 450w\" sizes=\"auto, (max-width: 1020px) 100vw, 1020px\" \/><figcaption class=\"wp-element-caption\"><em>I membri del club si sono recati numerosi al Centro di allenamento per festeggiare i 13 anni del CREM &#8211; \u00a9 Liam Fabre \/ Gilles Cappadoro<\/em><\/figcaption><\/figure>\n<\/div>\n<p>\u00c8 stato poi il turno di Alexandre Boin di prendere la parola. Ha ringraziato il presidente dell&#8217;AS Monaco, Dmitri Rybolovlev, e Olga Dementieva, vicedirettrice del club: &#8220;Grazie al signor Rybolovlev e a Olga per averci aperto le porte di questo luogo straordinario. Grazie anche al personale per averci accolto in questo centro, il cui slogan \u00e8 &#8216;Rise, Risk, Repeat&#8217;, [Alzati, rischia, ripeti] che illustra perfettamente le iniziative del Principato in tutti i settori&#8221;.<\/p>\n\n<p>Infine, Adrien Zannettacci, Direttore delle Sponsorizzazioni dell&#8217;AS Monaco, ha ricordato la storia del Centro: &#8220;Siamo molto orgogliosi di aprire le porte di questo luogo eccezionale, il nostro Centro di allenamento. Inaugurato lo scorso settembre da Sua Altezza Serenissima il Principe Alberto II, il Centro \u00e8 la risposta al desiderio del nostro Presidente Rybolovlev, che ha avuto fin dal momento in cui ha preso in mano il Club, di dotare l&#8217;AS Monaco di uno spazio di allenamento ultramoderno per il presente e per il futuro. Desidera che i giocatori siano messi nelle condizioni ottimali per poter raggiungere un livello di prestazioni in linea con l&#8217;ambizioso progetto sportivo del club. Il Presidente ha fatto un investimento piuttosto consistente, visto che il budget per la costruzione di questo Centre di allenamento \u00e8 di 55 milioni di euro&#8221;.<\/p>\n\n<p>Adrien Zannettacci ha poi illustrato le sinergie che il club calcistico potrebbe offrire ai vari membri: &#8220;Prima di tutto, un&#8217;opportunit\u00e0 di sponsorizzazione. Come sapete, l&#8217;AS Monaco \u00e8 un club calcistico unico al mondo, che rappresenta un Principato di due chilometri quadrati (&#8230;) \u00c8 un club che festegger\u00e0 il centenario l&#8217;anno prossimo, con uno dei pi\u00f9 bei palmares di Francia. \u00c8 anche un&#8217;azienda ecosostenibile e impegnata nel sociale che fa dell&#8217;innovazione la sua pietra miliare&#8221;.<\/p>\n","protected":false},"excerpt":{"rendered":"<p>Il Sovrano ha anche inviato una lettera di auguri al Club des R\u00e9sidents \u00c9trangers de Monaco. Il 13 giugno il [&hellip;]<\/p>\n","protected":false},"author":60,"featured_media":181502,"comment_status":"closed","ping_status":"closed","sticky":false,"template":"","format":"standard","meta":{"_acf_changed":false,"footnotes":""},"categories":[1739,1826,1738],"tags":[3194],"post_sectags":[4079,3195],"post_format":[2486],"class_list":["post-181938","post","type-post","status-publish","format-standard","has-post-thumbnail","hentry","category-business-it","category-la-nostra-scelta","category-notizie","tag-attrativa","sectag-centro-di-allenamento","sectag-crem-it","format-servizio"],"acf":[],"yoast_head":"<!-- This site is optimized with the Yoast SEO Premium plugin v26.8 (Yoast SEO v27.5) - https:\/\/yoast.com\/product\/yoast-seo-premium-wordpress\/ -->\n<title>Il CREM ha festeggiato il suo 13\u00b0 anniversario presso il Centro di allenamento dell&#039;AS Monaco<\/title>\n<meta name=\"description\" content=\"Il Sovrano ha anche inviato una lettera di auguri al Club des R\u00e9sidents \u00c9trangers de Monaco. Il 13 giugno il CREM ha spento un&#039;altra candelina. E non in\" \/>\n<meta name=\"robots\" content=\"index, follow, max-snippet:-1, max-image-preview:large, max-video-preview:-1\" \/>\n<link rel=\"canonical\" href=\"https:\/\/www.monaco-tribune.com\/it\/2023\/06\/il-crem-ha-festeggiato-il-suo-13-anniversario-presso-il-centro-di-allenamento-dellas-monaco\/\" \/>\n<meta property=\"og:locale\" content=\"it_IT\" \/>\n<meta property=\"og:type\" content=\"article\" \/>\n<meta property=\"og:title\" content=\"Il CREM ha festeggiato il suo 13\u00b0 anniversario presso il Centro di allenamento dell&#039;AS Monaco - Monaco Tribune\" \/>\n<meta property=\"og:description\" content=\"Il Sovrano ha anche inviato una lettera di auguri al Club des R\u00e9sidents \u00c9trangers de Monaco. Il 13 giugno il CREM ha spento un&#039;altra candelina. E non in\" \/>\n<meta property=\"og:url\" content=\"https:\/\/www.monaco-tribune.com\/it\/2023\/06\/il-crem-ha-festeggiato-il-suo-13-anniversario-presso-il-centro-di-allenamento-dellas-monaco\/\" \/>\n<meta property=\"og:site_name\" content=\"Monaco Tribune\" \/>\n<meta property=\"article:publisher\" content=\"https:\/\/www.facebook.com\/MonacoTribune\" \/>\n<meta property=\"article:published_time\" content=\"2023-06-21T09:32:58+00:00\" \/>\n<meta property=\"article:modified_time\" content=\"2023-06-21T09:33:05+00:00\" \/>\n<meta property=\"og:image\" content=\"https:\/\/www.monaco-tribune.com\/wp-content\/uploads\/2023\/06\/crem-anniversaire-centre-performance.jpg\" \/>\n\t<meta property=\"og:image:width\" content=\"1020\" \/>\n\t<meta property=\"og:image:height\" content=\"680\" \/>\n\t<meta property=\"og:image:type\" content=\"image\/jpeg\" \/>\n<meta name=\"author\" content=\"Camille Esteve\" \/>\n<meta name=\"twitter:card\" content=\"summary_large_image\" \/>\n<meta name=\"twitter:creator\" content=\"@MonacoTribune\" \/>\n<meta name=\"twitter:site\" content=\"@MonacoTribune\" \/>\n<script type=\"application\/ld+json\" class=\"yoast-schema-graph\">{\"@context\":\"https:\\\/\\\/schema.org\",\"@graph\":[{\"@type\":\"NewsArticle\",\"@id\":\"https:\\\/\\\/www.monaco-tribune.com\\\/it\\\/2023\\\/06\\\/il-crem-ha-festeggiato-il-suo-13-anniversario-presso-il-centro-di-allenamento-dellas-monaco\\\/#article\",\"isPartOf\":{\"@id\":\"https:\\\/\\\/www.monaco-tribune.com\\\/it\\\/2023\\\/06\\\/il-crem-ha-festeggiato-il-suo-13-anniversario-presso-il-centro-di-allenamento-dellas-monaco\\\/\"},\"author\":{\"name\":\"Camille Esteve\",\"@id\":\"https:\\\/\\\/www.monaco-tribune.com\\\/it\\\/#\\\/schema\\\/person\\\/a855d420fff4d03637641d60b93ac62e\"},\"headline\":\"Il CREM ha festeggiato il suo 13\u00b0 anniversario presso il Centro di allenamento dell&#8217;AS Monaco\",\"datePublished\":\"2023-06-21T09:32:58+00:00\",\"dateModified\":\"2023-06-21T09:33:05+00:00\",\"mainEntityOfPage\":{\"@id\":\"https:\\\/\\\/www.monaco-tribune.com\\\/it\\\/2023\\\/06\\\/il-crem-ha-festeggiato-il-suo-13-anniversario-presso-il-centro-di-allenamento-dellas-monaco\\\/\"},\"wordCount\":996,\"publisher\":{\"@id\":\"https:\\\/\\\/www.monaco-tribune.com\\\/it\\\/#organization\"},\"image\":{\"@id\":\"https:\\\/\\\/www.monaco-tribune.com\\\/it\\\/2023\\\/06\\\/il-crem-ha-festeggiato-il-suo-13-anniversario-presso-il-centro-di-allenamento-dellas-monaco\\\/#primaryimage\"},\"thumbnailUrl\":\"https:\\\/\\\/www.monaco-tribune.com\\\/wp-content\\\/uploads\\\/2023\\\/06\\\/crem-anniversaire-centre-performance.jpg\",\"keywords\":[\"Attrativa\"],\"articleSection\":[\"Business\",\"La nostra scelta\",\"Notizie\"],\"inLanguage\":\"it-IT\",\"copyrightYear\":\"2023\",\"copyrightHolder\":{\"@id\":\"https:\\\/\\\/www.monaco-tribune.com\\\/#organization\"}},{\"@type\":\"WebPage\",\"@id\":\"https:\\\/\\\/www.monaco-tribune.com\\\/it\\\/2023\\\/06\\\/il-crem-ha-festeggiato-il-suo-13-anniversario-presso-il-centro-di-allenamento-dellas-monaco\\\/\",\"url\":\"https:\\\/\\\/www.monaco-tribune.com\\\/it\\\/2023\\\/06\\\/il-crem-ha-festeggiato-il-suo-13-anniversario-presso-il-centro-di-allenamento-dellas-monaco\\\/\",\"name\":\"Il CREM ha festeggiato il suo 13\u00b0 anniversario presso il Centro di allenamento dell'AS Monaco\",\"isPartOf\":{\"@id\":\"https:\\\/\\\/www.monaco-tribune.com\\\/it\\\/#website\"},\"primaryImageOfPage\":{\"@id\":\"https:\\\/\\\/www.monaco-tribune.com\\\/it\\\/2023\\\/06\\\/il-crem-ha-festeggiato-il-suo-13-anniversario-presso-il-centro-di-allenamento-dellas-monaco\\\/#primaryimage\"},\"image\":{\"@id\":\"https:\\\/\\\/www.monaco-tribune.com\\\/it\\\/2023\\\/06\\\/il-crem-ha-festeggiato-il-suo-13-anniversario-presso-il-centro-di-allenamento-dellas-monaco\\\/#primaryimage\"},\"thumbnailUrl\":\"https:\\\/\\\/www.monaco-tribune.com\\\/wp-content\\\/uploads\\\/2023\\\/06\\\/crem-anniversaire-centre-performance.jpg\",\"datePublished\":\"2023-06-21T09:32:58+00:00\",\"dateModified\":\"2023-06-21T09:33:05+00:00\",\"description\":\"Il Sovrano ha anche inviato una lettera di auguri al Club des R\u00e9sidents \u00c9trangers de Monaco. Il 13 giugno il CREM ha spento un'altra candelina. E non in\",\"breadcrumb\":{\"@id\":\"https:\\\/\\\/www.monaco-tribune.com\\\/it\\\/2023\\\/06\\\/il-crem-ha-festeggiato-il-suo-13-anniversario-presso-il-centro-di-allenamento-dellas-monaco\\\/#breadcrumb\"},\"inLanguage\":\"it-IT\",\"potentialAction\":[{\"@type\":\"ReadAction\",\"target\":[\"https:\\\/\\\/www.monaco-tribune.com\\\/it\\\/2023\\\/06\\\/il-crem-ha-festeggiato-il-suo-13-anniversario-presso-il-centro-di-allenamento-dellas-monaco\\\/\"]}]},{\"@type\":\"ImageObject\",\"inLanguage\":\"it-IT\",\"@id\":\"https:\\\/\\\/www.monaco-tribune.com\\\/it\\\/2023\\\/06\\\/il-crem-ha-festeggiato-il-suo-13-anniversario-presso-il-centro-di-allenamento-dellas-monaco\\\/#primaryimage\",\"url\":\"https:\\\/\\\/www.monaco-tribune.com\\\/wp-content\\\/uploads\\\/2023\\\/06\\\/crem-anniversaire-centre-performance.jpg\",\"contentUrl\":\"https:\\\/\\\/www.monaco-tribune.com\\\/wp-content\\\/uploads\\\/2023\\\/06\\\/crem-anniversaire-centre-performance.jpg\",\"width\":1020,\"height\":680,\"caption\":\"Il Centro di allenamento dell'AS Monaco a La Turbie ha accolto i team e i membri del CREM - \u00a9 Liam Fabre \\\/ Gilles Cappadoro\"},{\"@type\":\"BreadcrumbList\",\"@id\":\"https:\\\/\\\/www.monaco-tribune.com\\\/it\\\/2023\\\/06\\\/il-crem-ha-festeggiato-il-suo-13-anniversario-presso-il-centro-di-allenamento-dellas-monaco\\\/#breadcrumb\",\"itemListElement\":[{\"@type\":\"ListItem\",\"position\":1,\"name\":\"Accueil\",\"item\":\"https:\\\/\\\/www.monaco-tribune.com\\\/it\\\/\"},{\"@type\":\"ListItem\",\"position\":2,\"name\":\"Il CREM ha festeggiato il suo 13\u00b0 anniversario presso il Centro di allenamento dell&#8217;AS Monaco\"}]},{\"@type\":\"WebSite\",\"@id\":\"https:\\\/\\\/www.monaco-tribune.com\\\/it\\\/#website\",\"url\":\"https:\\\/\\\/www.monaco-tribune.com\\\/it\\\/\",\"name\":\"Monaco Tribune\",\"description\":\"Monaco : actualit\u00e9s \u00e9conomiques, politiques, culturelles et sportives de Monaco et de la French Riviera.\",\"publisher\":{\"@id\":\"https:\\\/\\\/www.monaco-tribune.com\\\/it\\\/#organization\"},\"potentialAction\":[{\"@type\":\"SearchAction\",\"target\":{\"@type\":\"EntryPoint\",\"urlTemplate\":\"https:\\\/\\\/www.monaco-tribune.com\\\/it\\\/?s={search_term_string}\"},\"query-input\":{\"@type\":\"PropertyValueSpecification\",\"valueRequired\":true,\"valueName\":\"search_term_string\"}}],\"inLanguage\":\"it-IT\"},{\"@type\":\"Organization\",\"@id\":\"https:\\\/\\\/www.monaco-tribune.com\\\/it\\\/#organization\",\"name\":\"Monaco Tribune\",\"url\":\"https:\\\/\\\/www.monaco-tribune.com\\\/it\\\/\",\"logo\":{\"@type\":\"ImageObject\",\"inLanguage\":\"it-IT\",\"@id\":\"https:\\\/\\\/www.monaco-tribune.com\\\/it\\\/#\\\/schema\\\/logo\\\/image\\\/\",\"url\":\"https:\\\/\\\/www.monaco-tribune.com\\\/wp-content\\\/uploads\\\/2022\\\/11\\\/logo-monaco-tribune.png\",\"contentUrl\":\"https:\\\/\\\/www.monaco-tribune.com\\\/wp-content\\\/uploads\\\/2022\\\/11\\\/logo-monaco-tribune.png\",\"width\":1548,\"height\":600,\"caption\":\"Monaco Tribune\"},\"image\":{\"@id\":\"https:\\\/\\\/www.monaco-tribune.com\\\/it\\\/#\\\/schema\\\/logo\\\/image\\\/\"},\"sameAs\":[\"https:\\\/\\\/www.facebook.com\\\/MonacoTribune\",\"https:\\\/\\\/x.com\\\/MonacoTribune\",\"https:\\\/\\\/www.instagram.com\\\/monacotribune\\\/\",\"https:\\\/\\\/www.linkedin.com\\\/company\\\/monaco-tribune\",\"https:\\\/\\\/www.youtube.com\\\/channel\\\/UCHle1MnG6hw1y4lWKijVbMA\"]},{\"@type\":\"Person\",\"@id\":\"https:\\\/\\\/www.monaco-tribune.com\\\/it\\\/#\\\/schema\\\/person\\\/a855d420fff4d03637641d60b93ac62e\",\"name\":\"Camille Esteve\",\"image\":{\"@type\":\"ImageObject\",\"inLanguage\":\"it-IT\",\"@id\":\"https:\\\/\\\/secure.gravatar.com\\\/avatar\\\/eaaa2355a7bb56c0018a391c20a55bf9b4690e3f493231dd850e612bfa6ce161?s=96&d=mm&r=g\",\"url\":\"https:\\\/\\\/secure.gravatar.com\\\/avatar\\\/eaaa2355a7bb56c0018a391c20a55bf9b4690e3f493231dd850e612bfa6ce161?s=96&d=mm&r=g\",\"contentUrl\":\"https:\\\/\\\/secure.gravatar.com\\\/avatar\\\/eaaa2355a7bb56c0018a391c20a55bf9b4690e3f493231dd850e612bfa6ce161?s=96&d=mm&r=g\",\"caption\":\"Camille Esteve\"},\"url\":\"https:\\\/\\\/www.monaco-tribune.com\\\/it\\\/author\\\/camilleesteve\\\/\"}]}<\/script>\n<!-- \/ Yoast SEO Premium plugin. -->","yoast_head_json":{"title":"Il CREM ha festeggiato il suo 13\u00b0 anniversario presso il Centro di allenamento dell'AS Monaco","description":"Il Sovrano ha anche inviato una lettera di auguri al Club des R\u00e9sidents \u00c9trangers de Monaco. Il 13 giugno il CREM ha spento un'altra candelina. E non in","robots":{"index":"index","follow":"follow","max-snippet":"max-snippet:-1","max-image-preview":"max-image-preview:large","max-video-preview":"max-video-preview:-1"},"canonical":"https:\/\/www.monaco-tribune.com\/it\/2023\/06\/il-crem-ha-festeggiato-il-suo-13-anniversario-presso-il-centro-di-allenamento-dellas-monaco\/","og_locale":"it_IT","og_type":"article","og_title":"Il CREM ha festeggiato il suo 13\u00b0 anniversario presso il Centro di allenamento dell'AS Monaco - Monaco Tribune","og_description":"Il Sovrano ha anche inviato una lettera di auguri al Club des R\u00e9sidents \u00c9trangers de Monaco. Il 13 giugno il CREM ha spento un'altra candelina. E non in","og_url":"https:\/\/www.monaco-tribune.com\/it\/2023\/06\/il-crem-ha-festeggiato-il-suo-13-anniversario-presso-il-centro-di-allenamento-dellas-monaco\/","og_site_name":"Monaco Tribune","article_publisher":"https:\/\/www.facebook.com\/MonacoTribune","article_published_time":"2023-06-21T09:32:58+00:00","article_modified_time":"2023-06-21T09:33:05+00:00","og_image":[{"width":1020,"height":680,"url":"https:\/\/www.monaco-tribune.com\/wp-content\/uploads\/2023\/06\/crem-anniversaire-centre-performance.jpg","type":"image\/jpeg"}],"author":"Camille Esteve","twitter_card":"summary_large_image","twitter_creator":"@MonacoTribune","twitter_site":"@MonacoTribune","schema":{"@context":"https:\/\/schema.org","@graph":[{"@type":"NewsArticle","@id":"https:\/\/www.monaco-tribune.com\/it\/2023\/06\/il-crem-ha-festeggiato-il-suo-13-anniversario-presso-il-centro-di-allenamento-dellas-monaco\/#article","isPartOf":{"@id":"https:\/\/www.monaco-tribune.com\/it\/2023\/06\/il-crem-ha-festeggiato-il-suo-13-anniversario-presso-il-centro-di-allenamento-dellas-monaco\/"},"author":{"name":"Camille Esteve","@id":"https:\/\/www.monaco-tribune.com\/it\/#\/schema\/person\/a855d420fff4d03637641d60b93ac62e"},"headline":"Il CREM ha festeggiato il suo 13\u00b0 anniversario presso il Centro di allenamento dell&#8217;AS Monaco","datePublished":"2023-06-21T09:32:58+00:00","dateModified":"2023-06-21T09:33:05+00:00","mainEntityOfPage":{"@id":"https:\/\/www.monaco-tribune.com\/it\/2023\/06\/il-crem-ha-festeggiato-il-suo-13-anniversario-presso-il-centro-di-allenamento-dellas-monaco\/"},"wordCount":996,"publisher":{"@id":"https:\/\/www.monaco-tribune.com\/it\/#organization"},"image":{"@id":"https:\/\/www.monaco-tribune.com\/it\/2023\/06\/il-crem-ha-festeggiato-il-suo-13-anniversario-presso-il-centro-di-allenamento-dellas-monaco\/#primaryimage"},"thumbnailUrl":"https:\/\/www.monaco-tribune.com\/wp-content\/uploads\/2023\/06\/crem-anniversaire-centre-performance.jpg","keywords":["Attrativa"],"articleSection":["Business","La nostra scelta","Notizie"],"inLanguage":"it-IT","copyrightYear":"2023","copyrightHolder":{"@id":"https:\/\/www.monaco-tribune.com\/#organization"}},{"@type":"WebPage","@id":"https:\/\/www.monaco-tribune.com\/it\/2023\/06\/il-crem-ha-festeggiato-il-suo-13-anniversario-presso-il-centro-di-allenamento-dellas-monaco\/","url":"https:\/\/www.monaco-tribune.com\/it\/2023\/06\/il-crem-ha-festeggiato-il-suo-13-anniversario-presso-il-centro-di-allenamento-dellas-monaco\/","name":"Il CREM ha festeggiato il suo 13\u00b0 anniversario presso il Centro di allenamento dell'AS Monaco","isPartOf":{"@id":"https:\/\/www.monaco-tribune.com\/it\/#website"},"primaryImageOfPage":{"@id":"https:\/\/www.monaco-tribune.com\/it\/2023\/06\/il-crem-ha-festeggiato-il-suo-13-anniversario-presso-il-centro-di-allenamento-dellas-monaco\/#primaryimage"},"image":{"@id":"https:\/\/www.monaco-tribune.com\/it\/2023\/06\/il-crem-ha-festeggiato-il-suo-13-anniversario-presso-il-centro-di-allenamento-dellas-monaco\/#primaryimage"},"thumbnailUrl":"https:\/\/www.monaco-tribune.com\/wp-content\/uploads\/2023\/06\/crem-anniversaire-centre-performance.jpg","datePublished":"2023-06-21T09:32:58+00:00","dateModified":"2023-06-21T09:33:05+00:00","description":"Il Sovrano ha anche inviato una lettera di auguri al Club des R\u00e9sidents \u00c9trangers de Monaco. Il 13 giugno il CREM ha spento un'altra candelina. E non in","breadcrumb":{"@id":"https:\/\/www.monaco-tribune.com\/it\/2023\/06\/il-crem-ha-festeggiato-il-suo-13-anniversario-presso-il-centro-di-allenamento-dellas-monaco\/#breadcrumb"},"inLanguage":"it-IT","potentialAction":[{"@type":"ReadAction","target":["https:\/\/www.monaco-tribune.com\/it\/2023\/06\/il-crem-ha-festeggiato-il-suo-13-anniversario-presso-il-centro-di-allenamento-dellas-monaco\/"]}]},{"@type":"ImageObject","inLanguage":"it-IT","@id":"https:\/\/www.monaco-tribune.com\/it\/2023\/06\/il-crem-ha-festeggiato-il-suo-13-anniversario-presso-il-centro-di-allenamento-dellas-monaco\/#primaryimage","url":"https:\/\/www.monaco-tribune.com\/wp-content\/uploads\/2023\/06\/crem-anniversaire-centre-performance.jpg","contentUrl":"https:\/\/www.monaco-tribune.com\/wp-content\/uploads\/2023\/06\/crem-anniversaire-centre-performance.jpg","width":1020,"height":680,"caption":"Il Centro di allenamento dell'AS Monaco a La Turbie ha accolto i team e i membri del CREM - \u00a9 Liam Fabre \/ Gilles Cappadoro"},{"@type":"BreadcrumbList","@id":"https:\/\/www.monaco-tribune.com\/it\/2023\/06\/il-crem-ha-festeggiato-il-suo-13-anniversario-presso-il-centro-di-allenamento-dellas-monaco\/#breadcrumb","itemListElement":[{"@type":"ListItem","position":1,"name":"Accueil","item":"https:\/\/www.monaco-tribune.com\/it\/"},{"@type":"ListItem","position":2,"name":"Il CREM ha festeggiato il suo 13\u00b0 anniversario presso il Centro di allenamento dell&#8217;AS Monaco"}]},{"@type":"WebSite","@id":"https:\/\/www.monaco-tribune.com\/it\/#website","url":"https:\/\/www.monaco-tribune.com\/it\/","name":"Monaco Tribune","description":"Monaco : actualit\u00e9s \u00e9conomiques, politiques, culturelles et sportives de Monaco et de la French Riviera.","publisher":{"@id":"https:\/\/www.monaco-tribune.com\/it\/#organization"},"potentialAction":[{"@type":"SearchAction","target":{"@type":"EntryPoint","urlTemplate":"https:\/\/www.monaco-tribune.com\/it\/?s={search_term_string}"},"query-input":{"@type":"PropertyValueSpecification","valueRequired":true,"valueName":"search_term_string"}}],"inLanguage":"it-IT"},{"@type":"Organization","@id":"https:\/\/www.monaco-tribune.com\/it\/#organization","name":"Monaco Tribune","url":"https:\/\/www.monaco-tribune.com\/it\/","logo":{"@type":"ImageObject","inLanguage":"it-IT","@id":"https:\/\/www.monaco-tribune.com\/it\/#\/schema\/logo\/image\/","url":"https:\/\/www.monaco-tribune.com\/wp-content\/uploads\/2022\/11\/logo-monaco-tribune.png","contentUrl":"https:\/\/www.monaco-tribune.com\/wp-content\/uploads\/2022\/11\/logo-monaco-tribune.png","width":1548,"height":600,"caption":"Monaco Tribune"},"image":{"@id":"https:\/\/www.monaco-tribune.com\/it\/#\/schema\/logo\/image\/"},"sameAs":["https:\/\/www.facebook.com\/MonacoTribune","https:\/\/x.com\/MonacoTribune","https:\/\/www.instagram.com\/monacotribune\/","https:\/\/www.linkedin.com\/company\/monaco-tribune","https:\/\/www.youtube.com\/channel\/UCHle1MnG6hw1y4lWKijVbMA"]},{"@type":"Person","@id":"https:\/\/www.monaco-tribune.com\/it\/#\/schema\/person\/a855d420fff4d03637641d60b93ac62e","name":"Camille Esteve","image":{"@type":"ImageObject","inLanguage":"it-IT","@id":"https:\/\/secure.gravatar.com\/avatar\/eaaa2355a7bb56c0018a391c20a55bf9b4690e3f493231dd850e612bfa6ce161?s=96&d=mm&r=g","url":"https:\/\/secure.gravatar.com\/avatar\/eaaa2355a7bb56c0018a391c20a55bf9b4690e3f493231dd850e612bfa6ce161?s=96&d=mm&r=g","contentUrl":"https:\/\/secure.gravatar.com\/avatar\/eaaa2355a7bb56c0018a391c20a55bf9b4690e3f493231dd850e612bfa6ce161?s=96&d=mm&r=g","caption":"Camille Esteve"},"url":"https:\/\/www.monaco-tribune.com\/it\/author\/camilleesteve\/"}]}},"_links":{"self":[{"href":"https:\/\/www.monaco-tribune.com\/it\/wp-json\/wp\/v2\/posts\/181938","targetHints":{"allow":["GET"]}}],"collection":[{"href":"https:\/\/www.monaco-tribune.com\/it\/wp-json\/wp\/v2\/posts"}],"about":[{"href":"https:\/\/www.monaco-tribune.com\/it\/wp-json\/wp\/v2\/types\/post"}],"author":[{"embeddable":true,"href":"https:\/\/www.monaco-tribune.com\/it\/wp-json\/wp\/v2\/users\/60"}],"replies":[{"embeddable":true,"href":"https:\/\/www.monaco-tribune.com\/it\/wp-json\/wp\/v2\/comments?post=181938"}],"version-history":[{"count":2,"href":"https:\/\/www.monaco-tribune.com\/it\/wp-json\/wp\/v2\/posts\/181938\/revisions"}],"predecessor-version":[{"id":181941,"href":"https:\/\/www.monaco-tribune.com\/it\/wp-json\/wp\/v2\/posts\/181938\/revisions\/181941"}],"wp:featuredmedia":[{"embeddable":true,"href":"https:\/\/www.monaco-tribune.com\/it\/wp-json\/wp\/v2\/media\/181502"}],"wp:attachment":[{"href":"https:\/\/www.monaco-tribune.com\/it\/wp-json\/wp\/v2\/media?parent=181938"}],"wp:term":[{"taxonomy":"category","embeddable":true,"href":"https:\/\/www.monaco-tribune.com\/it\/wp-json\/wp\/v2\/categories?post=181938"},{"taxonomy":"post_tag","embeddable":true,"href":"https:\/\/www.monaco-tribune.com\/it\/wp-json\/wp\/v2\/tags?post=181938"},{"taxonomy":"sectag","embeddable":true,"href":"https:\/\/www.monaco-tribune.com\/it\/wp-json\/wp\/v2\/post_sectags?post=181938"},{"taxonomy":"format","embeddable":true,"href":"https:\/\/www.monaco-tribune.com\/it\/wp-json\/wp\/v2\/post_format?post=181938"}],"curies":[{"name":"wp","href":"https:\/\/api.w.org\/{rel}","templated":true}]}}