{"id":185041,"date":"2023-07-13T13:19:07","date_gmt":"2023-07-13T11:19:07","guid":{"rendered":"https:\/\/www.monaco-tribune.com\/2023\/07\/sono-10-e-diventeranno-presto-leader-per-lambiente\/"},"modified":"2023-07-13T13:19:25","modified_gmt":"2023-07-13T11:19:25","slug":"sono-10-e-diventeranno-presto-leader-per-lambiente","status":"publish","type":"post","link":"https:\/\/www.monaco-tribune.com\/it\/2023\/07\/sono-10-e-diventeranno-presto-leader-per-lambiente\/","title":{"rendered":"Sono 10 e diventeranno presto leader per l&#8217;ambiente"},"content":{"rendered":"\n<p><strong>La Fondazione Principe Alberto II ha appena accolto il primo gruppo di partecipanti al programma Re.Generation.<\/strong><\/p>\n\n<p>Per quindici giorni, dal 2 al 13 luglio, questi dieci giovani under 35 sono stati ospiti nel Principato. Si tratta della prima selezione per il programma Re.Generation, <a href=\"https:\/\/www.monaco-tribune.com\/2023\/05\/quest-ce-que-le-programme-re-generation-future-leaders-lance-par-la-fondation-prince-albert-ii\/\">lanciato a maggio dall&#8217;FPA2.<\/a><\/p>\n\n<h2 class=\"wp-block-heading\" id=\"h-qui-sont-ils\">Chi sono?<\/h2>\n\n<p>&#8220;Volevamo selezionare profili particolarmente promettenti provenienti da tutto il mondo e, soprattutto, profili eterogenei. Non si tratta di studenti, ma di persone gi\u00e0 formate&#8221;, ha spiegato Olivier Wenden, vicepresidente dell&#8217;FPA2, sottolineando che si tratta di &#8220;talenti gi\u00e0 affermati&#8221;. Un aspetto importante di questa selezione \u00e8 che tutti hanno gi\u00e0 realizzato diverse iniziative a favore dell&#8217;ambiente. Ecco l&#8217;elenco dei dieci nominati:<\/p>\n\n<ul class=\"wp-block-list\">\n<li>Ghassan Atallah &#8211; Consulente finanziario &#8211; Libano<\/li>\n\n\n\n<li>Jahawi Bertolli &#8211; Regista e presentatore televisivo, Esploratore Nat Geo &#8211; Kenya<\/li>\n\n\n\n<li>Sabrine Chennaoui &#8211; Imprenditrice ecologica &#8211; Tunisia<\/li>\n\n\n\n<li>Pedro Fernandez &#8211; Ingegnere agronomo &#8211; Argentina<\/li>\n\n\n\n<li>Victoria Herrmann &#8211; Storyteller e geografa &#8211; USA<\/li>\n\n\n\n<li>Gunjan Menon &#8211; Regista specializzata in fauna selvatica &#8211; India<\/li>\n\n\n\n<li>Imogen Napper &#8211; Biologa marina ed esploratrice Nat Geo &#8211; Regno Unito<\/li>\n\n\n\n<li>Federico Perez &#8211; Imprenditore sociale e ambientalista &#8211; Colombia<\/li>\n\n\n\n<li>Valy Phommachak &#8211; Ecologista e giornalista &#8211; Laos<\/li>\n\n\n\n<li>Anne-Sophie Roux &#8211; Imprenditrice oceanica e attivista &#8211; Francia<\/li>\n<\/ul>\n\n<p>Con un calo medio delle popolazioni di animali selvatici pari al 69% negli ultimi decenni, il programma mira a formare questi leader per guidare e ispirare la generazione futura. Molti partecipanti sono specializzati nella comunicazione sulle questioni ambientali, non solo per documentare i cambiamenti e sensibilizzare l&#8217;opinione pubblica, ma anche per incoraggiare ad agire. Scopriamo insieme il percorso di tre dei partecipanti e i loro progetti:<\/p>\n<div class=\"wp-block-image\">\n<figure class=\"alignleft size-full is-resized\"><img loading=\"lazy\" decoding=\"async\" src=\"https:\/\/www.monaco-tribune.com\/wp-content\/uploads\/2023\/07\/anne-sophie-compressed-1.jpg\" alt=\"\" class=\"wp-image-184797\" width=\"219\" height=\"251\" srcset=\"https:\/\/www.monaco-tribune.com\/wp-content\/uploads\/2023\/07\/anne-sophie-compressed-1.jpg 700w, https:\/\/www.monaco-tribune.com\/wp-content\/uploads\/2023\/07\/anne-sophie-compressed-1-262x300.jpg 262w\" sizes=\"auto, (max-width: 219px) 100vw, 219px\" \/><\/figure>\n<\/div>\n<p><strong>Anne-Sophie Roux<\/strong> \u00e8 un&#8217;imprenditrice e attivista per gli oceani con una formazione in scienze sociali e politiche. Grazie al suo impegno nel ripristino di habitat marini come le barriere coralline e le mangrovie, ha potuto constatare il profondo impatto che queste hanno sulle comunit\u00e0 locali. La giovane francese ha creato la start-up T\u0113naka, che aiuta a ripristinare i sistemi costieri attraverso programmi offerti alle aziende. Anne Sophie Roux \u00e8 stata nominata Young Ocean Leader dall&#8217;organizzazione no-profit americana Sustainable Ocean Alliance, di cui \u00e8 diventata rappresentante per la Francia.<\/p>\n<div class=\"wp-block-image\">\n<figure class=\"alignright size-large is-resized\"><img loading=\"lazy\" decoding=\"async\" src=\"https:\/\/www.monaco-tribune.com\/wp-content\/uploads\/2023\/07\/imogen-805x1024.jpg\" alt=\"\" class=\"wp-image-184801\" width=\"219\" height=\"278\" srcset=\"https:\/\/www.monaco-tribune.com\/wp-content\/uploads\/2023\/07\/imogen-805x1024.jpg 805w, https:\/\/www.monaco-tribune.com\/wp-content\/uploads\/2023\/07\/imogen-236x300.jpg 236w, https:\/\/www.monaco-tribune.com\/wp-content\/uploads\/2023\/07\/imogen.jpg 1393w\" sizes=\"auto, (max-width: 219px) 100vw, 219px\" \/><\/figure>\n<\/div>\n<hr class=\"wp-block-separator has-alpha-channel-opacity\"\/>\n\n<p class=\"has-text-align-right\"><strong>Imogen Napper<\/strong> \u00e8 una biologa marina ed esploratrice del National Geographic. \u00c8 stata definita &#8220;detective della plastica&#8221;, poich\u00e9 la sua ricerca si concentra sulle diverse fonti di inquinamento da plastica nell&#8217;ambiente. Il suo lavoro ha contribuito alla legislazione che vieta le microsfere negli scrub per il viso, ha analizzato il modo in cui inquiniamo il pianeta lavando e indossando i nostri vestiti, ha dimostrato che i sacchetti di plastica biodegradabili possono ancora contenere un intero carico di spesa dopo essere stati immersi nell&#8217;oceano per tre anni e ha trovato la pi\u00f9 alta quantit\u00e0 di microplastiche del pianeta vicino alla cima del Monte Everest.<\/p>\n\n<hr class=\"wp-block-separator has-alpha-channel-opacity\"\/>\n<div class=\"wp-block-image\">\n<figure class=\"alignleft size-large is-resized\"><img loading=\"lazy\" decoding=\"async\" src=\"https:\/\/www.monaco-tribune.com\/wp-content\/uploads\/2023\/07\/jahawi-compressed-774x1024.jpg\" alt=\"\" class=\"wp-image-184805\" width=\"206\" height=\"272\" srcset=\"https:\/\/www.monaco-tribune.com\/wp-content\/uploads\/2023\/07\/jahawi-compressed-774x1024.jpg 774w, https:\/\/www.monaco-tribune.com\/wp-content\/uploads\/2023\/07\/jahawi-compressed-227x300.jpg 227w, https:\/\/www.monaco-tribune.com\/wp-content\/uploads\/2023\/07\/jahawi-compressed-scaled.jpg 1549w\" sizes=\"auto, (max-width: 206px) 100vw, 206px\" \/><\/figure>\n<\/div>\n<p><strong>Jahawi Bertolli<\/strong> \u00e8 un esploratore del National Geographic, regista e presentatore televisivo specializzato in fauna selvatica e mondo sottomarino. Racconta le storie della fauna africana e della sua tutela attraverso gli occhi delle comunit\u00e0 che hanno vissuto in questi luoghi. Il suo cortometraggio &#8220;Bahari Yetu&#8221; \u00e8 stato finalista ai Jackson Wild Media Awards, \u00e8 stato selezionato ufficialmente al 2021 International Wildlife Film Festival e ha vinto l&#8217;Howard Hall Award of Excellence al 2021 Ocean Geographic Society Picture of the Year. Presenta una nuova serie su CBBC realizzata dal reparto di storia naturale della BBC ed \u00e8 stato co-conduttore della serie Ecoflix &#8220;The Pulse&#8221; e della serie PBS YouTube &#8220;In Our Nature&#8221;.<\/p>\n\n<p><strong>Scoprite tutti i partecipanti su\u00a0<a href=\"https:\/\/www.regeneration-leaders.org\/\">Re.Generation Leaders<\/a>.<\/strong><\/p>\n\n<h2 class=\"wp-block-heading\">Primo campus a Monaco<\/h2>\n\n<p>In questi quindici giorni, il gruppo di talenti ha potuto approfittare di diverse masterclass, oltre che di moduli di formazione e coaching personalizzati volti a rafforzare le loro competenze in materia di leadership e comunicazione, erogati dall&#8217;Universit\u00e0 di Edimburgo e dall&#8217;INSEAD.<\/p>\n\n<p>E per mettere tutto subito in pratica, si sono recati nel Mar Mediterraneo per incontrare le specie marine del santuario Pelagos. L&#8217;occasione perfetta per condividere con Monaco Info alcune prime impressioni. &#8220;Il programma ci permette di fare molta introspezione e scoprire quali sono le nostre debolezze e i nostri punti di forza. \u00c8 molto importante in questo contesto ambientale&#8221;, afferma Ghassan Atallah.<\/p>\n\n<p>&#8220;L&#8217;opportunit\u00e0 di venire a Monaco, di imparare e di incontrare persone incredibili, mi sta aiutando molto a sviluppare il mio progetto&#8221;, dice Jahawi Bertolli, che lavora in Kenya per creare aree marine protette.<\/p>\n\n<p>Unico membro francese del gruppo, Anne-Sophie Roux, \u00e8 entusiasta delle persone che ha incontrato nel suo percorso, che le hanno permesso di avere una &#8220;mente incredibilmente aperta&#8221;.<\/p>\n\n<p>Al termine del campus, che si \u00e8 concluso il 13 luglio, la Fondazione ha aperto a questi giovani le porte della sua rete per un anno. Interventi in occasione di eventi internazionali, partecipazione a programmi mediatici&#8230; L&#8217;obiettivo \u00e8 dare loro la massima visibilit\u00e0 affinch\u00e9 possano creare nuovi progetti per la salvaguardia del pianeta.<\/p>\n\n<p class=\"related\"><a href=\"https:\/\/www.monaco-tribune.com\/it\/2023\/06\/tutto-quello-che-dovete-sapere-sulle-api-e-sul-miele-di-monaco\/\">Tutto quello che dovete sapere sulle api e sul miele di Monaco<\/a><\/p>\n\n<p>Il Principe Alberto II di Monaco ha patrocinato questo primo gruppo e ha accolto i dieci giovani a Palazzo per una chiacchierata sul loro impegno per l&#8217;ambiente.<\/p>\n","protected":false},"excerpt":{"rendered":"<p>La Fondazione Principe Alberto II ha appena accolto il primo gruppo di partecipanti al programma Re.Generation. Per quindici giorni, dal [&hellip;]<\/p>\n","protected":false},"author":65,"featured_media":184790,"comment_status":"closed","ping_status":"closed","sticky":false,"template":"","format":"standard","meta":{"_acf_changed":false,"footnotes":""},"categories":[1839,1826,1738],"tags":[3205],"post_sectags":[4180],"post_format":[2486],"class_list":["post-185041","post","type-post","status-publish","format-standard","has-post-thumbnail","hentry","category-green","category-la-nostra-scelta","category-notizie","tag-fondazione-del-principe","sectag-re-generation-it","format-servizio"],"acf":[],"yoast_head":"<!-- This site is optimized with the Yoast SEO Premium plugin v26.8 (Yoast SEO v27.5) - https:\/\/yoast.com\/product\/yoast-seo-premium-wordpress\/ -->\n<title>Sono 10 e diventeranno presto leader per l&#039;ambiente<\/title>\n<meta name=\"description\" content=\"La Fondazione Principe Alberto II ha appena accolto il primo gruppo di partecipanti al programma Re.Generation. Per quindici giorni, dal 2 al 13 luglio,\" \/>\n<meta name=\"robots\" content=\"index, follow, max-snippet:-1, max-image-preview:large, max-video-preview:-1\" \/>\n<link rel=\"canonical\" href=\"https:\/\/www.monaco-tribune.com\/it\/2023\/07\/sono-10-e-diventeranno-presto-leader-per-lambiente\/\" \/>\n<meta property=\"og:locale\" content=\"it_IT\" \/>\n<meta property=\"og:type\" content=\"article\" \/>\n<meta property=\"og:title\" content=\"Sono 10 e diventeranno presto leader per l&#039;ambiente - Monaco Tribune\" \/>\n<meta property=\"og:description\" content=\"La Fondazione Principe Alberto II ha appena accolto il primo gruppo di partecipanti al programma Re.Generation. Per quindici giorni, dal 2 al 13 luglio,\" \/>\n<meta property=\"og:url\" content=\"https:\/\/www.monaco-tribune.com\/it\/2023\/07\/sono-10-e-diventeranno-presto-leader-per-lambiente\/\" \/>\n<meta property=\"og:site_name\" content=\"Monaco Tribune\" \/>\n<meta property=\"article:publisher\" content=\"https:\/\/www.facebook.com\/MonacoTribune\" \/>\n<meta property=\"article:published_time\" content=\"2023-07-13T11:19:07+00:00\" \/>\n<meta property=\"article:modified_time\" content=\"2023-07-13T11:19:25+00:00\" \/>\n<meta property=\"og:image\" content=\"https:\/\/www.monaco-tribune.com\/wp-content\/uploads\/2023\/07\/promotion-re-greneration-fondation-prince-albert-ii-compressed-e1689156784784.jpg\" \/>\n\t<meta property=\"og:image:width\" content=\"2047\" \/>\n\t<meta property=\"og:image:height\" content=\"1177\" \/>\n\t<meta property=\"og:image:type\" content=\"image\/jpeg\" \/>\n<meta name=\"author\" content=\"Paul Charoy\" \/>\n<meta name=\"twitter:card\" content=\"summary_large_image\" \/>\n<meta name=\"twitter:creator\" content=\"@MonacoTribune\" \/>\n<meta name=\"twitter:site\" content=\"@MonacoTribune\" \/>\n<script type=\"application\/ld+json\" class=\"yoast-schema-graph\">{\"@context\":\"https:\\\/\\\/schema.org\",\"@graph\":[{\"@type\":\"NewsArticle\",\"@id\":\"https:\\\/\\\/www.monaco-tribune.com\\\/it\\\/2023\\\/07\\\/sono-10-e-diventeranno-presto-leader-per-lambiente\\\/#article\",\"isPartOf\":{\"@id\":\"https:\\\/\\\/www.monaco-tribune.com\\\/it\\\/2023\\\/07\\\/sono-10-e-diventeranno-presto-leader-per-lambiente\\\/\"},\"author\":{\"name\":\"Paul Charoy\",\"@id\":\"https:\\\/\\\/www.monaco-tribune.com\\\/it\\\/#\\\/schema\\\/person\\\/c33a9f1bc99ef5a2e07d37c576060b57\"},\"headline\":\"Sono 10 e diventeranno presto leader per l&#8217;ambiente\",\"datePublished\":\"2023-07-13T11:19:07+00:00\",\"dateModified\":\"2023-07-13T11:19:25+00:00\",\"mainEntityOfPage\":{\"@id\":\"https:\\\/\\\/www.monaco-tribune.com\\\/it\\\/2023\\\/07\\\/sono-10-e-diventeranno-presto-leader-per-lambiente\\\/\"},\"wordCount\":839,\"publisher\":{\"@id\":\"https:\\\/\\\/www.monaco-tribune.com\\\/it\\\/#organization\"},\"image\":{\"@id\":\"https:\\\/\\\/www.monaco-tribune.com\\\/it\\\/2023\\\/07\\\/sono-10-e-diventeranno-presto-leader-per-lambiente\\\/#primaryimage\"},\"thumbnailUrl\":\"https:\\\/\\\/www.monaco-tribune.com\\\/wp-content\\\/uploads\\\/2023\\\/07\\\/promotion-re-greneration-fondation-prince-albert-ii-compressed-e1689156784784.jpg\",\"keywords\":[\"Fondazione del Principe\"],\"articleSection\":[\"Green\",\"La nostra scelta\",\"Notizie\"],\"inLanguage\":\"it-IT\",\"copyrightYear\":\"2023\",\"copyrightHolder\":{\"@id\":\"https:\\\/\\\/www.monaco-tribune.com\\\/#organization\"}},{\"@type\":\"WebPage\",\"@id\":\"https:\\\/\\\/www.monaco-tribune.com\\\/it\\\/2023\\\/07\\\/sono-10-e-diventeranno-presto-leader-per-lambiente\\\/\",\"url\":\"https:\\\/\\\/www.monaco-tribune.com\\\/it\\\/2023\\\/07\\\/sono-10-e-diventeranno-presto-leader-per-lambiente\\\/\",\"name\":\"Sono 10 e diventeranno presto leader per l'ambiente\",\"isPartOf\":{\"@id\":\"https:\\\/\\\/www.monaco-tribune.com\\\/it\\\/#website\"},\"primaryImageOfPage\":{\"@id\":\"https:\\\/\\\/www.monaco-tribune.com\\\/it\\\/2023\\\/07\\\/sono-10-e-diventeranno-presto-leader-per-lambiente\\\/#primaryimage\"},\"image\":{\"@id\":\"https:\\\/\\\/www.monaco-tribune.com\\\/it\\\/2023\\\/07\\\/sono-10-e-diventeranno-presto-leader-per-lambiente\\\/#primaryimage\"},\"thumbnailUrl\":\"https:\\\/\\\/www.monaco-tribune.com\\\/wp-content\\\/uploads\\\/2023\\\/07\\\/promotion-re-greneration-fondation-prince-albert-ii-compressed-e1689156784784.jpg\",\"datePublished\":\"2023-07-13T11:19:07+00:00\",\"dateModified\":\"2023-07-13T11:19:25+00:00\",\"description\":\"La Fondazione Principe Alberto II ha appena accolto il primo gruppo di partecipanti al programma Re.Generation. Per quindici giorni, dal 2 al 13 luglio,\",\"breadcrumb\":{\"@id\":\"https:\\\/\\\/www.monaco-tribune.com\\\/it\\\/2023\\\/07\\\/sono-10-e-diventeranno-presto-leader-per-lambiente\\\/#breadcrumb\"},\"inLanguage\":\"it-IT\",\"potentialAction\":[{\"@type\":\"ReadAction\",\"target\":[\"https:\\\/\\\/www.monaco-tribune.com\\\/it\\\/2023\\\/07\\\/sono-10-e-diventeranno-presto-leader-per-lambiente\\\/\"]}]},{\"@type\":\"ImageObject\",\"inLanguage\":\"it-IT\",\"@id\":\"https:\\\/\\\/www.monaco-tribune.com\\\/it\\\/2023\\\/07\\\/sono-10-e-diventeranno-presto-leader-per-lambiente\\\/#primaryimage\",\"url\":\"https:\\\/\\\/www.monaco-tribune.com\\\/wp-content\\\/uploads\\\/2023\\\/07\\\/promotion-re-greneration-fondation-prince-albert-ii-compressed-e1689156784784.jpg\",\"contentUrl\":\"https:\\\/\\\/www.monaco-tribune.com\\\/wp-content\\\/uploads\\\/2023\\\/07\\\/promotion-re-greneration-fondation-prince-albert-ii-compressed-e1689156784784.jpg\",\"width\":2047,\"height\":1177,\"caption\":\"Insieme al Principe Alberto II, il primo gruppo del programma Re.Generation lanciato dalla Fondazione Principe Alberto II. \u00a9 Axel Bastello \\\/ Palazzo del Principe di Monaco\"},{\"@type\":\"BreadcrumbList\",\"@id\":\"https:\\\/\\\/www.monaco-tribune.com\\\/it\\\/2023\\\/07\\\/sono-10-e-diventeranno-presto-leader-per-lambiente\\\/#breadcrumb\",\"itemListElement\":[{\"@type\":\"ListItem\",\"position\":1,\"name\":\"Accueil\",\"item\":\"https:\\\/\\\/www.monaco-tribune.com\\\/it\\\/\"},{\"@type\":\"ListItem\",\"position\":2,\"name\":\"Sono 10 e diventeranno presto leader per l&#8217;ambiente\"}]},{\"@type\":\"WebSite\",\"@id\":\"https:\\\/\\\/www.monaco-tribune.com\\\/it\\\/#website\",\"url\":\"https:\\\/\\\/www.monaco-tribune.com\\\/it\\\/\",\"name\":\"Monaco Tribune\",\"description\":\"Monaco : actualit\u00e9s \u00e9conomiques, politiques, culturelles et sportives de Monaco et de la French Riviera.\",\"publisher\":{\"@id\":\"https:\\\/\\\/www.monaco-tribune.com\\\/it\\\/#organization\"},\"potentialAction\":[{\"@type\":\"SearchAction\",\"target\":{\"@type\":\"EntryPoint\",\"urlTemplate\":\"https:\\\/\\\/www.monaco-tribune.com\\\/it\\\/?s={search_term_string}\"},\"query-input\":{\"@type\":\"PropertyValueSpecification\",\"valueRequired\":true,\"valueName\":\"search_term_string\"}}],\"inLanguage\":\"it-IT\"},{\"@type\":\"Organization\",\"@id\":\"https:\\\/\\\/www.monaco-tribune.com\\\/it\\\/#organization\",\"name\":\"Monaco Tribune\",\"url\":\"https:\\\/\\\/www.monaco-tribune.com\\\/it\\\/\",\"logo\":{\"@type\":\"ImageObject\",\"inLanguage\":\"it-IT\",\"@id\":\"https:\\\/\\\/www.monaco-tribune.com\\\/it\\\/#\\\/schema\\\/logo\\\/image\\\/\",\"url\":\"https:\\\/\\\/www.monaco-tribune.com\\\/wp-content\\\/uploads\\\/2022\\\/11\\\/logo-monaco-tribune.png\",\"contentUrl\":\"https:\\\/\\\/www.monaco-tribune.com\\\/wp-content\\\/uploads\\\/2022\\\/11\\\/logo-monaco-tribune.png\",\"width\":1548,\"height\":600,\"caption\":\"Monaco Tribune\"},\"image\":{\"@id\":\"https:\\\/\\\/www.monaco-tribune.com\\\/it\\\/#\\\/schema\\\/logo\\\/image\\\/\"},\"sameAs\":[\"https:\\\/\\\/www.facebook.com\\\/MonacoTribune\",\"https:\\\/\\\/x.com\\\/MonacoTribune\",\"https:\\\/\\\/www.instagram.com\\\/monacotribune\\\/\",\"https:\\\/\\\/www.linkedin.com\\\/company\\\/monaco-tribune\",\"https:\\\/\\\/www.youtube.com\\\/channel\\\/UCHle1MnG6hw1y4lWKijVbMA\"]},{\"@type\":\"Person\",\"@id\":\"https:\\\/\\\/www.monaco-tribune.com\\\/it\\\/#\\\/schema\\\/person\\\/c33a9f1bc99ef5a2e07d37c576060b57\",\"name\":\"Paul Charoy\",\"image\":{\"@type\":\"ImageObject\",\"inLanguage\":\"it-IT\",\"@id\":\"https:\\\/\\\/secure.gravatar.com\\\/avatar\\\/c3a39fd900275d54a628738568f1949e90ce9945d105d000228335a7bad64b38?s=96&d=mm&r=g\",\"url\":\"https:\\\/\\\/secure.gravatar.com\\\/avatar\\\/c3a39fd900275d54a628738568f1949e90ce9945d105d000228335a7bad64b38?s=96&d=mm&r=g\",\"contentUrl\":\"https:\\\/\\\/secure.gravatar.com\\\/avatar\\\/c3a39fd900275d54a628738568f1949e90ce9945d105d000228335a7bad64b38?s=96&d=mm&r=g\",\"caption\":\"Paul Charoy\"},\"url\":\"https:\\\/\\\/www.monaco-tribune.com\\\/it\\\/author\\\/paulcharoy\\\/\"}]}<\/script>\n<!-- \/ Yoast SEO Premium plugin. -->","yoast_head_json":{"title":"Sono 10 e diventeranno presto leader per l'ambiente","description":"La Fondazione Principe Alberto II ha appena accolto il primo gruppo di partecipanti al programma Re.Generation. Per quindici giorni, dal 2 al 13 luglio,","robots":{"index":"index","follow":"follow","max-snippet":"max-snippet:-1","max-image-preview":"max-image-preview:large","max-video-preview":"max-video-preview:-1"},"canonical":"https:\/\/www.monaco-tribune.com\/it\/2023\/07\/sono-10-e-diventeranno-presto-leader-per-lambiente\/","og_locale":"it_IT","og_type":"article","og_title":"Sono 10 e diventeranno presto leader per l'ambiente - Monaco Tribune","og_description":"La Fondazione Principe Alberto II ha appena accolto il primo gruppo di partecipanti al programma Re.Generation. Per quindici giorni, dal 2 al 13 luglio,","og_url":"https:\/\/www.monaco-tribune.com\/it\/2023\/07\/sono-10-e-diventeranno-presto-leader-per-lambiente\/","og_site_name":"Monaco Tribune","article_publisher":"https:\/\/www.facebook.com\/MonacoTribune","article_published_time":"2023-07-13T11:19:07+00:00","article_modified_time":"2023-07-13T11:19:25+00:00","og_image":[{"width":2047,"height":1177,"url":"https:\/\/www.monaco-tribune.com\/wp-content\/uploads\/2023\/07\/promotion-re-greneration-fondation-prince-albert-ii-compressed-e1689156784784.jpg","type":"image\/jpeg"}],"author":"Paul Charoy","twitter_card":"summary_large_image","twitter_creator":"@MonacoTribune","twitter_site":"@MonacoTribune","schema":{"@context":"https:\/\/schema.org","@graph":[{"@type":"NewsArticle","@id":"https:\/\/www.monaco-tribune.com\/it\/2023\/07\/sono-10-e-diventeranno-presto-leader-per-lambiente\/#article","isPartOf":{"@id":"https:\/\/www.monaco-tribune.com\/it\/2023\/07\/sono-10-e-diventeranno-presto-leader-per-lambiente\/"},"author":{"name":"Paul Charoy","@id":"https:\/\/www.monaco-tribune.com\/it\/#\/schema\/person\/c33a9f1bc99ef5a2e07d37c576060b57"},"headline":"Sono 10 e diventeranno presto leader per l&#8217;ambiente","datePublished":"2023-07-13T11:19:07+00:00","dateModified":"2023-07-13T11:19:25+00:00","mainEntityOfPage":{"@id":"https:\/\/www.monaco-tribune.com\/it\/2023\/07\/sono-10-e-diventeranno-presto-leader-per-lambiente\/"},"wordCount":839,"publisher":{"@id":"https:\/\/www.monaco-tribune.com\/it\/#organization"},"image":{"@id":"https:\/\/www.monaco-tribune.com\/it\/2023\/07\/sono-10-e-diventeranno-presto-leader-per-lambiente\/#primaryimage"},"thumbnailUrl":"https:\/\/www.monaco-tribune.com\/wp-content\/uploads\/2023\/07\/promotion-re-greneration-fondation-prince-albert-ii-compressed-e1689156784784.jpg","keywords":["Fondazione del Principe"],"articleSection":["Green","La nostra scelta","Notizie"],"inLanguage":"it-IT","copyrightYear":"2023","copyrightHolder":{"@id":"https:\/\/www.monaco-tribune.com\/#organization"}},{"@type":"WebPage","@id":"https:\/\/www.monaco-tribune.com\/it\/2023\/07\/sono-10-e-diventeranno-presto-leader-per-lambiente\/","url":"https:\/\/www.monaco-tribune.com\/it\/2023\/07\/sono-10-e-diventeranno-presto-leader-per-lambiente\/","name":"Sono 10 e diventeranno presto leader per l'ambiente","isPartOf":{"@id":"https:\/\/www.monaco-tribune.com\/it\/#website"},"primaryImageOfPage":{"@id":"https:\/\/www.monaco-tribune.com\/it\/2023\/07\/sono-10-e-diventeranno-presto-leader-per-lambiente\/#primaryimage"},"image":{"@id":"https:\/\/www.monaco-tribune.com\/it\/2023\/07\/sono-10-e-diventeranno-presto-leader-per-lambiente\/#primaryimage"},"thumbnailUrl":"https:\/\/www.monaco-tribune.com\/wp-content\/uploads\/2023\/07\/promotion-re-greneration-fondation-prince-albert-ii-compressed-e1689156784784.jpg","datePublished":"2023-07-13T11:19:07+00:00","dateModified":"2023-07-13T11:19:25+00:00","description":"La Fondazione Principe Alberto II ha appena accolto il primo gruppo di partecipanti al programma Re.Generation. Per quindici giorni, dal 2 al 13 luglio,","breadcrumb":{"@id":"https:\/\/www.monaco-tribune.com\/it\/2023\/07\/sono-10-e-diventeranno-presto-leader-per-lambiente\/#breadcrumb"},"inLanguage":"it-IT","potentialAction":[{"@type":"ReadAction","target":["https:\/\/www.monaco-tribune.com\/it\/2023\/07\/sono-10-e-diventeranno-presto-leader-per-lambiente\/"]}]},{"@type":"ImageObject","inLanguage":"it-IT","@id":"https:\/\/www.monaco-tribune.com\/it\/2023\/07\/sono-10-e-diventeranno-presto-leader-per-lambiente\/#primaryimage","url":"https:\/\/www.monaco-tribune.com\/wp-content\/uploads\/2023\/07\/promotion-re-greneration-fondation-prince-albert-ii-compressed-e1689156784784.jpg","contentUrl":"https:\/\/www.monaco-tribune.com\/wp-content\/uploads\/2023\/07\/promotion-re-greneration-fondation-prince-albert-ii-compressed-e1689156784784.jpg","width":2047,"height":1177,"caption":"Insieme al Principe Alberto II, il primo gruppo del programma Re.Generation lanciato dalla Fondazione Principe Alberto II. \u00a9 Axel Bastello \/ Palazzo del Principe di Monaco"},{"@type":"BreadcrumbList","@id":"https:\/\/www.monaco-tribune.com\/it\/2023\/07\/sono-10-e-diventeranno-presto-leader-per-lambiente\/#breadcrumb","itemListElement":[{"@type":"ListItem","position":1,"name":"Accueil","item":"https:\/\/www.monaco-tribune.com\/it\/"},{"@type":"ListItem","position":2,"name":"Sono 10 e diventeranno presto leader per l&#8217;ambiente"}]},{"@type":"WebSite","@id":"https:\/\/www.monaco-tribune.com\/it\/#website","url":"https:\/\/www.monaco-tribune.com\/it\/","name":"Monaco Tribune","description":"Monaco : actualit\u00e9s \u00e9conomiques, politiques, culturelles et sportives de Monaco et de la French Riviera.","publisher":{"@id":"https:\/\/www.monaco-tribune.com\/it\/#organization"},"potentialAction":[{"@type":"SearchAction","target":{"@type":"EntryPoint","urlTemplate":"https:\/\/www.monaco-tribune.com\/it\/?s={search_term_string}"},"query-input":{"@type":"PropertyValueSpecification","valueRequired":true,"valueName":"search_term_string"}}],"inLanguage":"it-IT"},{"@type":"Organization","@id":"https:\/\/www.monaco-tribune.com\/it\/#organization","name":"Monaco Tribune","url":"https:\/\/www.monaco-tribune.com\/it\/","logo":{"@type":"ImageObject","inLanguage":"it-IT","@id":"https:\/\/www.monaco-tribune.com\/it\/#\/schema\/logo\/image\/","url":"https:\/\/www.monaco-tribune.com\/wp-content\/uploads\/2022\/11\/logo-monaco-tribune.png","contentUrl":"https:\/\/www.monaco-tribune.com\/wp-content\/uploads\/2022\/11\/logo-monaco-tribune.png","width":1548,"height":600,"caption":"Monaco Tribune"},"image":{"@id":"https:\/\/www.monaco-tribune.com\/it\/#\/schema\/logo\/image\/"},"sameAs":["https:\/\/www.facebook.com\/MonacoTribune","https:\/\/x.com\/MonacoTribune","https:\/\/www.instagram.com\/monacotribune\/","https:\/\/www.linkedin.com\/company\/monaco-tribune","https:\/\/www.youtube.com\/channel\/UCHle1MnG6hw1y4lWKijVbMA"]},{"@type":"Person","@id":"https:\/\/www.monaco-tribune.com\/it\/#\/schema\/person\/c33a9f1bc99ef5a2e07d37c576060b57","name":"Paul Charoy","image":{"@type":"ImageObject","inLanguage":"it-IT","@id":"https:\/\/secure.gravatar.com\/avatar\/c3a39fd900275d54a628738568f1949e90ce9945d105d000228335a7bad64b38?s=96&d=mm&r=g","url":"https:\/\/secure.gravatar.com\/avatar\/c3a39fd900275d54a628738568f1949e90ce9945d105d000228335a7bad64b38?s=96&d=mm&r=g","contentUrl":"https:\/\/secure.gravatar.com\/avatar\/c3a39fd900275d54a628738568f1949e90ce9945d105d000228335a7bad64b38?s=96&d=mm&r=g","caption":"Paul Charoy"},"url":"https:\/\/www.monaco-tribune.com\/it\/author\/paulcharoy\/"}]}},"_links":{"self":[{"href":"https:\/\/www.monaco-tribune.com\/it\/wp-json\/wp\/v2\/posts\/185041","targetHints":{"allow":["GET"]}}],"collection":[{"href":"https:\/\/www.monaco-tribune.com\/it\/wp-json\/wp\/v2\/posts"}],"about":[{"href":"https:\/\/www.monaco-tribune.com\/it\/wp-json\/wp\/v2\/types\/post"}],"author":[{"embeddable":true,"href":"https:\/\/www.monaco-tribune.com\/it\/wp-json\/wp\/v2\/users\/65"}],"replies":[{"embeddable":true,"href":"https:\/\/www.monaco-tribune.com\/it\/wp-json\/wp\/v2\/comments?post=185041"}],"version-history":[{"count":2,"href":"https:\/\/www.monaco-tribune.com\/it\/wp-json\/wp\/v2\/posts\/185041\/revisions"}],"predecessor-version":[{"id":185044,"href":"https:\/\/www.monaco-tribune.com\/it\/wp-json\/wp\/v2\/posts\/185041\/revisions\/185044"}],"wp:featuredmedia":[{"embeddable":true,"href":"https:\/\/www.monaco-tribune.com\/it\/wp-json\/wp\/v2\/media\/184790"}],"wp:attachment":[{"href":"https:\/\/www.monaco-tribune.com\/it\/wp-json\/wp\/v2\/media?parent=185041"}],"wp:term":[{"taxonomy":"category","embeddable":true,"href":"https:\/\/www.monaco-tribune.com\/it\/wp-json\/wp\/v2\/categories?post=185041"},{"taxonomy":"post_tag","embeddable":true,"href":"https:\/\/www.monaco-tribune.com\/it\/wp-json\/wp\/v2\/tags?post=185041"},{"taxonomy":"sectag","embeddable":true,"href":"https:\/\/www.monaco-tribune.com\/it\/wp-json\/wp\/v2\/post_sectags?post=185041"},{"taxonomy":"format","embeddable":true,"href":"https:\/\/www.monaco-tribune.com\/it\/wp-json\/wp\/v2\/post_format?post=185041"}],"curies":[{"name":"wp","href":"https:\/\/api.w.org\/{rel}","templated":true}]}}