{"id":185463,"date":"2023-07-17T17:12:43","date_gmt":"2023-07-17T15:12:43","guid":{"rendered":"https:\/\/www.monaco-tribune.com\/2023\/07\/baby-il-secondo-elefante-adottato-dalla-principessa-stephanie-e-deceduto\/"},"modified":"2023-07-17T17:12:48","modified_gmt":"2023-07-17T15:12:48","slug":"baby-il-secondo-elefante-adottato-dalla-principessa-stephanie-e-deceduto","status":"publish","type":"post","link":"https:\/\/www.monaco-tribune.com\/it\/2023\/07\/baby-il-secondo-elefante-adottato-dalla-principessa-stephanie-e-deceduto\/","title":{"rendered":"Baby, il secondo elefante adottato dalla principessa St\u00e9phanie, \u00e8 deceduto"},"content":{"rendered":"\n<p><strong>Era stata adottata nel 2013 sfuggendo cos\u00ec all&#8217;eutanasia.<\/strong><\/p>\n\n<p>Una triste notizia per tutti gli amanti degli animali&#8230; Venerd\u00ec 14 luglio, l&#8217;associazione Baby e Nepal ha annunciato la morte &#8220;improvvisa&#8221; di Baby, un elefante di 53 anni. Insieme a Nepal, nel 2013 i due elefanti erano stati salvati dall&#8217;eutanasia dalla Principessa. Residenti in un circo di Lione, erano sospettati di essere portatori di tubercolosi e un decreto del prefetto li aveva condannati.<\/p>\n\n<p>Sebbene Nepal abbia perso la vita nel 2018 a causa di un&#8217;insufficienza renale, i due elefanti hanno vissuto gli ultimi giorni di vita in serenit\u00e0, come desiderava la sorella del Sovrano. In un comunicato stampa, l&#8217;associazione ha spiegato che gli animali avevano trascorso &#8220;una vecchiaia serena presso il Domaine de Fontbonne a Peille (Alpi Marittime)&#8221;. Questa tenuta di 3.500 m\u00b2 si trova proprio accanto alla propriet\u00e0 Roc Agel della famiglia Principesca. Ricordiamo che \u00e8 stata la stessa Principessa a finanziare la realizzazione del parco in cui erano ospiti i due animali.<\/p>\n\n<figure class=\"wp-block-gallery has-nested-images columns-1 is-cropped wp-block-gallery-1 is-layout-flex wp-block-gallery-is-layout-flex\">\n<figure class=\"wp-block-image size-large\"><img loading=\"lazy\" decoding=\"async\" width=\"768\" height=\"768\" data-id=\"185280\" src=\"https:\/\/www.monaco-tribune.com\/wp-content\/uploads\/2023\/07\/nepal.jpg\" alt=\"\" class=\"wp-image-185280\" srcset=\"https:\/\/www.monaco-tribune.com\/wp-content\/uploads\/2023\/07\/nepal.jpg 768w, https:\/\/www.monaco-tribune.com\/wp-content\/uploads\/2023\/07\/nepal-300x300.jpg 300w\" sizes=\"auto, (max-width: 768px) 100vw, 768px\" \/><\/figure>\n\n\n\n<figure class=\"wp-block-image size-large\"><img loading=\"lazy\" decoding=\"async\" width=\"1024\" height=\"683\" data-id=\"185288\" src=\"https:\/\/www.monaco-tribune.com\/wp-content\/uploads\/2023\/07\/baby-1024x683.jpg\" alt=\"\" class=\"wp-image-185288\" srcset=\"https:\/\/www.monaco-tribune.com\/wp-content\/uploads\/2023\/07\/baby-1024x683.jpg 1024w, https:\/\/www.monaco-tribune.com\/wp-content\/uploads\/2023\/07\/baby-450x300.jpg 450w, https:\/\/www.monaco-tribune.com\/wp-content\/uploads\/2023\/07\/baby.jpg 1440w\" sizes=\"auto, (max-width: 1024px) 100vw, 1024px\" \/><\/figure>\n\n\n\n<figure class=\"wp-block-image size-large\"><img loading=\"lazy\" decoding=\"async\" width=\"1024\" height=\"683\" data-id=\"185284\" src=\"https:\/\/www.monaco-tribune.com\/wp-content\/uploads\/2023\/07\/baby-photo-1024x683.jpg\" alt=\"\" class=\"wp-image-185284\" srcset=\"https:\/\/www.monaco-tribune.com\/wp-content\/uploads\/2023\/07\/baby-photo-1024x683.jpg 1024w, https:\/\/www.monaco-tribune.com\/wp-content\/uploads\/2023\/07\/baby-photo-450x300.jpg 450w, https:\/\/www.monaco-tribune.com\/wp-content\/uploads\/2023\/07\/baby-photo.jpg 2048w\" sizes=\"auto, (max-width: 1024px) 100vw, 1024px\" \/><\/figure>\n<\/figure>\n\n<p class=\"has-text-align-center\"><em>I due elefanti sono stati ospiti del Parc de la T\u00eate d&#8217;Or di Lione per 14 anni prima di essere adottati dalla Principessa \u00a9 Associazione Baby e Nepal<\/em><\/p>\n\n<p>La notizia della sua morte ha commosso molto il mondo di internet e la Principessa ha reso omaggio alla sua ultima <em>proteg\u00e9<\/em> sui social network. &#8220;Addio Baby. Baby e Nepal ora riposano in pace&#8221;, ha scritto, con un cuore bianco e nero e un&#8217;emoji di preghiera.<\/p>\n","protected":false},"excerpt":{"rendered":"<p>Era stata adottata nel 2013 sfuggendo cos\u00ec all&#8217;eutanasia. Una triste notizia per tutti gli amanti degli animali&#8230; Venerd\u00ec 14 luglio, [&hellip;]<\/p>\n","protected":false},"author":69,"featured_media":185294,"comment_status":"closed","ping_status":"closed","sticky":false,"template":"","format":"standard","meta":{"_acf_changed":false,"footnotes":""},"categories":[1742,1738],"tags":[4189],"post_sectags":[],"post_format":[2478],"class_list":["post-185463","post","type-post","status-publish","format-standard","has-post-thumbnail","hentry","category-famiglia-principesca","category-notizie","tag-principessa-stephanie","format-notizia"],"acf":[],"yoast_head":"<!-- This site is optimized with the Yoast SEO Premium plugin v26.8 (Yoast SEO v27.5) - https:\/\/yoast.com\/product\/yoast-seo-premium-wordpress\/ -->\n<title>Baby, il secondo elefante adottato dalla principessa St\u00e9phanie, \u00e8 deceduto<\/title>\n<meta name=\"description\" content=\"Era stata adottata nel 2013 sfuggendo cos\u00ec all&#039;eutanasia. Una triste notizia per tutti gli amanti degli animali... Venerd\u00ec 14 luglio, l&#039;associazione Baby\" \/>\n<meta name=\"robots\" content=\"index, follow, max-snippet:-1, max-image-preview:large, max-video-preview:-1\" \/>\n<link rel=\"canonical\" href=\"https:\/\/www.monaco-tribune.com\/it\/2023\/07\/baby-il-secondo-elefante-adottato-dalla-principessa-stephanie-e-deceduto\/\" \/>\n<meta property=\"og:locale\" content=\"it_IT\" \/>\n<meta property=\"og:type\" content=\"article\" \/>\n<meta property=\"og:title\" content=\"Baby, il secondo elefante adottato dalla principessa St\u00e9phanie, \u00e8 deceduto - Monaco Tribune\" \/>\n<meta property=\"og:description\" content=\"Era stata adottata nel 2013 sfuggendo cos\u00ec all&#039;eutanasia. Una triste notizia per tutti gli amanti degli animali... Venerd\u00ec 14 luglio, l&#039;associazione Baby\" \/>\n<meta property=\"og:url\" content=\"https:\/\/www.monaco-tribune.com\/it\/2023\/07\/baby-il-secondo-elefante-adottato-dalla-principessa-stephanie-e-deceduto\/\" \/>\n<meta property=\"og:site_name\" content=\"Monaco Tribune\" \/>\n<meta property=\"article:publisher\" content=\"https:\/\/www.facebook.com\/MonacoTribune\" \/>\n<meta property=\"article:published_time\" content=\"2023-07-17T15:12:43+00:00\" \/>\n<meta property=\"article:modified_time\" content=\"2023-07-17T15:12:48+00:00\" \/>\n<meta property=\"og:image\" content=\"https:\/\/www.monaco-tribune.com\/wp-content\/uploads\/2023\/07\/princesse-stephanie.jpg\" \/>\n\t<meta property=\"og:image:width\" content=\"1200\" \/>\n\t<meta property=\"og:image:height\" content=\"800\" \/>\n\t<meta property=\"og:image:type\" content=\"image\/jpeg\" \/>\n<meta name=\"author\" content=\"Sarah Incari\" \/>\n<meta name=\"twitter:card\" content=\"summary_large_image\" \/>\n<meta name=\"twitter:creator\" content=\"@MonacoTribune\" \/>\n<meta name=\"twitter:site\" content=\"@MonacoTribune\" \/>\n<script type=\"application\/ld+json\" class=\"yoast-schema-graph\">{\"@context\":\"https:\\\/\\\/schema.org\",\"@graph\":[{\"@type\":\"NewsArticle\",\"@id\":\"https:\\\/\\\/www.monaco-tribune.com\\\/it\\\/2023\\\/07\\\/baby-il-secondo-elefante-adottato-dalla-principessa-stephanie-e-deceduto\\\/#article\",\"isPartOf\":{\"@id\":\"https:\\\/\\\/www.monaco-tribune.com\\\/it\\\/2023\\\/07\\\/baby-il-secondo-elefante-adottato-dalla-principessa-stephanie-e-deceduto\\\/\"},\"author\":{\"name\":\"Sarah Incari\",\"@id\":\"https:\\\/\\\/www.monaco-tribune.com\\\/it\\\/#\\\/schema\\\/person\\\/dd3b5770833f791d3f4d808f1aa84499\"},\"headline\":\"Baby, il secondo elefante adottato dalla principessa St\u00e9phanie, \u00e8 deceduto\",\"datePublished\":\"2023-07-17T15:12:43+00:00\",\"dateModified\":\"2023-07-17T15:12:48+00:00\",\"mainEntityOfPage\":{\"@id\":\"https:\\\/\\\/www.monaco-tribune.com\\\/it\\\/2023\\\/07\\\/baby-il-secondo-elefante-adottato-dalla-principessa-stephanie-e-deceduto\\\/\"},\"wordCount\":245,\"publisher\":{\"@id\":\"https:\\\/\\\/www.monaco-tribune.com\\\/it\\\/#organization\"},\"image\":{\"@id\":\"https:\\\/\\\/www.monaco-tribune.com\\\/it\\\/2023\\\/07\\\/baby-il-secondo-elefante-adottato-dalla-principessa-stephanie-e-deceduto\\\/#primaryimage\"},\"thumbnailUrl\":\"https:\\\/\\\/www.monaco-tribune.com\\\/wp-content\\\/uploads\\\/2023\\\/07\\\/princesse-stephanie.jpg\",\"keywords\":[\"Principessa Stephanie\"],\"articleSection\":[\"Famiglia Principesca\",\"Notizie\"],\"inLanguage\":\"it-IT\",\"copyrightYear\":\"2023\",\"copyrightHolder\":{\"@id\":\"https:\\\/\\\/www.monaco-tribune.com\\\/#organization\"}},{\"@type\":\"WebPage\",\"@id\":\"https:\\\/\\\/www.monaco-tribune.com\\\/it\\\/2023\\\/07\\\/baby-il-secondo-elefante-adottato-dalla-principessa-stephanie-e-deceduto\\\/\",\"url\":\"https:\\\/\\\/www.monaco-tribune.com\\\/it\\\/2023\\\/07\\\/baby-il-secondo-elefante-adottato-dalla-principessa-stephanie-e-deceduto\\\/\",\"name\":\"Baby, il secondo elefante adottato dalla principessa St\u00e9phanie, \u00e8 deceduto\",\"isPartOf\":{\"@id\":\"https:\\\/\\\/www.monaco-tribune.com\\\/it\\\/#website\"},\"primaryImageOfPage\":{\"@id\":\"https:\\\/\\\/www.monaco-tribune.com\\\/it\\\/2023\\\/07\\\/baby-il-secondo-elefante-adottato-dalla-principessa-stephanie-e-deceduto\\\/#primaryimage\"},\"image\":{\"@id\":\"https:\\\/\\\/www.monaco-tribune.com\\\/it\\\/2023\\\/07\\\/baby-il-secondo-elefante-adottato-dalla-principessa-stephanie-e-deceduto\\\/#primaryimage\"},\"thumbnailUrl\":\"https:\\\/\\\/www.monaco-tribune.com\\\/wp-content\\\/uploads\\\/2023\\\/07\\\/princesse-stephanie.jpg\",\"datePublished\":\"2023-07-17T15:12:43+00:00\",\"dateModified\":\"2023-07-17T15:12:48+00:00\",\"description\":\"Era stata adottata nel 2013 sfuggendo cos\u00ec all'eutanasia. Una triste notizia per tutti gli amanti degli animali... Venerd\u00ec 14 luglio, l'associazione Baby\",\"breadcrumb\":{\"@id\":\"https:\\\/\\\/www.monaco-tribune.com\\\/it\\\/2023\\\/07\\\/baby-il-secondo-elefante-adottato-dalla-principessa-stephanie-e-deceduto\\\/#breadcrumb\"},\"inLanguage\":\"it-IT\",\"potentialAction\":[{\"@type\":\"ReadAction\",\"target\":[\"https:\\\/\\\/www.monaco-tribune.com\\\/it\\\/2023\\\/07\\\/baby-il-secondo-elefante-adottato-dalla-principessa-stephanie-e-deceduto\\\/\"]}]},{\"@type\":\"ImageObject\",\"inLanguage\":\"it-IT\",\"@id\":\"https:\\\/\\\/www.monaco-tribune.com\\\/it\\\/2023\\\/07\\\/baby-il-secondo-elefante-adottato-dalla-principessa-stephanie-e-deceduto\\\/#primaryimage\",\"url\":\"https:\\\/\\\/www.monaco-tribune.com\\\/wp-content\\\/uploads\\\/2023\\\/07\\\/princesse-stephanie.jpg\",\"contentUrl\":\"https:\\\/\\\/www.monaco-tribune.com\\\/wp-content\\\/uploads\\\/2023\\\/07\\\/princesse-stephanie.jpg\",\"width\":1200,\"height\":800,\"caption\":\"L'Associazione Baby e Nepal \u00e8 stata fondata dalla Principessa St\u00e9phanie nel 2013 per prendersi cura dei due elefanti - \u00a9 Associazione Baby e Nepal\"},{\"@type\":\"BreadcrumbList\",\"@id\":\"https:\\\/\\\/www.monaco-tribune.com\\\/it\\\/2023\\\/07\\\/baby-il-secondo-elefante-adottato-dalla-principessa-stephanie-e-deceduto\\\/#breadcrumb\",\"itemListElement\":[{\"@type\":\"ListItem\",\"position\":1,\"name\":\"Accueil\",\"item\":\"https:\\\/\\\/www.monaco-tribune.com\\\/it\\\/\"},{\"@type\":\"ListItem\",\"position\":2,\"name\":\"Baby, il secondo elefante adottato dalla principessa St\u00e9phanie, \u00e8 deceduto\"}]},{\"@type\":\"WebSite\",\"@id\":\"https:\\\/\\\/www.monaco-tribune.com\\\/it\\\/#website\",\"url\":\"https:\\\/\\\/www.monaco-tribune.com\\\/it\\\/\",\"name\":\"Monaco Tribune\",\"description\":\"Monaco : actualit\u00e9s \u00e9conomiques, politiques, culturelles et sportives de Monaco et de la French Riviera.\",\"publisher\":{\"@id\":\"https:\\\/\\\/www.monaco-tribune.com\\\/it\\\/#organization\"},\"potentialAction\":[{\"@type\":\"SearchAction\",\"target\":{\"@type\":\"EntryPoint\",\"urlTemplate\":\"https:\\\/\\\/www.monaco-tribune.com\\\/it\\\/?s={search_term_string}\"},\"query-input\":{\"@type\":\"PropertyValueSpecification\",\"valueRequired\":true,\"valueName\":\"search_term_string\"}}],\"inLanguage\":\"it-IT\"},{\"@type\":\"Organization\",\"@id\":\"https:\\\/\\\/www.monaco-tribune.com\\\/it\\\/#organization\",\"name\":\"Monaco Tribune\",\"url\":\"https:\\\/\\\/www.monaco-tribune.com\\\/it\\\/\",\"logo\":{\"@type\":\"ImageObject\",\"inLanguage\":\"it-IT\",\"@id\":\"https:\\\/\\\/www.monaco-tribune.com\\\/it\\\/#\\\/schema\\\/logo\\\/image\\\/\",\"url\":\"https:\\\/\\\/www.monaco-tribune.com\\\/wp-content\\\/uploads\\\/2022\\\/11\\\/logo-monaco-tribune.png\",\"contentUrl\":\"https:\\\/\\\/www.monaco-tribune.com\\\/wp-content\\\/uploads\\\/2022\\\/11\\\/logo-monaco-tribune.png\",\"width\":1548,\"height\":600,\"caption\":\"Monaco Tribune\"},\"image\":{\"@id\":\"https:\\\/\\\/www.monaco-tribune.com\\\/it\\\/#\\\/schema\\\/logo\\\/image\\\/\"},\"sameAs\":[\"https:\\\/\\\/www.facebook.com\\\/MonacoTribune\",\"https:\\\/\\\/x.com\\\/MonacoTribune\",\"https:\\\/\\\/www.instagram.com\\\/monacotribune\\\/\",\"https:\\\/\\\/www.linkedin.com\\\/company\\\/monaco-tribune\",\"https:\\\/\\\/www.youtube.com\\\/channel\\\/UCHle1MnG6hw1y4lWKijVbMA\"]},{\"@type\":\"Person\",\"@id\":\"https:\\\/\\\/www.monaco-tribune.com\\\/it\\\/#\\\/schema\\\/person\\\/dd3b5770833f791d3f4d808f1aa84499\",\"name\":\"Sarah Incari\",\"image\":{\"@type\":\"ImageObject\",\"inLanguage\":\"it-IT\",\"@id\":\"https:\\\/\\\/secure.gravatar.com\\\/avatar\\\/4ac0b37be892d57107ccdd804e3f2a03bf1e3fca097512136d3603859293cb0e?s=96&d=mm&r=g\",\"url\":\"https:\\\/\\\/secure.gravatar.com\\\/avatar\\\/4ac0b37be892d57107ccdd804e3f2a03bf1e3fca097512136d3603859293cb0e?s=96&d=mm&r=g\",\"contentUrl\":\"https:\\\/\\\/secure.gravatar.com\\\/avatar\\\/4ac0b37be892d57107ccdd804e3f2a03bf1e3fca097512136d3603859293cb0e?s=96&d=mm&r=g\",\"caption\":\"Sarah Incari\"},\"url\":\"https:\\\/\\\/www.monaco-tribune.com\\\/it\\\/author\\\/sarahincari\\\/\"}]}<\/script>\n<!-- \/ Yoast SEO Premium plugin. -->","yoast_head_json":{"title":"Baby, il secondo elefante adottato dalla principessa St\u00e9phanie, \u00e8 deceduto","description":"Era stata adottata nel 2013 sfuggendo cos\u00ec all'eutanasia. Una triste notizia per tutti gli amanti degli animali... Venerd\u00ec 14 luglio, l'associazione Baby","robots":{"index":"index","follow":"follow","max-snippet":"max-snippet:-1","max-image-preview":"max-image-preview:large","max-video-preview":"max-video-preview:-1"},"canonical":"https:\/\/www.monaco-tribune.com\/it\/2023\/07\/baby-il-secondo-elefante-adottato-dalla-principessa-stephanie-e-deceduto\/","og_locale":"it_IT","og_type":"article","og_title":"Baby, il secondo elefante adottato dalla principessa St\u00e9phanie, \u00e8 deceduto - Monaco Tribune","og_description":"Era stata adottata nel 2013 sfuggendo cos\u00ec all'eutanasia. Una triste notizia per tutti gli amanti degli animali... Venerd\u00ec 14 luglio, l'associazione Baby","og_url":"https:\/\/www.monaco-tribune.com\/it\/2023\/07\/baby-il-secondo-elefante-adottato-dalla-principessa-stephanie-e-deceduto\/","og_site_name":"Monaco Tribune","article_publisher":"https:\/\/www.facebook.com\/MonacoTribune","article_published_time":"2023-07-17T15:12:43+00:00","article_modified_time":"2023-07-17T15:12:48+00:00","og_image":[{"width":1200,"height":800,"url":"https:\/\/www.monaco-tribune.com\/wp-content\/uploads\/2023\/07\/princesse-stephanie.jpg","type":"image\/jpeg"}],"author":"Sarah Incari","twitter_card":"summary_large_image","twitter_creator":"@MonacoTribune","twitter_site":"@MonacoTribune","schema":{"@context":"https:\/\/schema.org","@graph":[{"@type":"NewsArticle","@id":"https:\/\/www.monaco-tribune.com\/it\/2023\/07\/baby-il-secondo-elefante-adottato-dalla-principessa-stephanie-e-deceduto\/#article","isPartOf":{"@id":"https:\/\/www.monaco-tribune.com\/it\/2023\/07\/baby-il-secondo-elefante-adottato-dalla-principessa-stephanie-e-deceduto\/"},"author":{"name":"Sarah Incari","@id":"https:\/\/www.monaco-tribune.com\/it\/#\/schema\/person\/dd3b5770833f791d3f4d808f1aa84499"},"headline":"Baby, il secondo elefante adottato dalla principessa St\u00e9phanie, \u00e8 deceduto","datePublished":"2023-07-17T15:12:43+00:00","dateModified":"2023-07-17T15:12:48+00:00","mainEntityOfPage":{"@id":"https:\/\/www.monaco-tribune.com\/it\/2023\/07\/baby-il-secondo-elefante-adottato-dalla-principessa-stephanie-e-deceduto\/"},"wordCount":245,"publisher":{"@id":"https:\/\/www.monaco-tribune.com\/it\/#organization"},"image":{"@id":"https:\/\/www.monaco-tribune.com\/it\/2023\/07\/baby-il-secondo-elefante-adottato-dalla-principessa-stephanie-e-deceduto\/#primaryimage"},"thumbnailUrl":"https:\/\/www.monaco-tribune.com\/wp-content\/uploads\/2023\/07\/princesse-stephanie.jpg","keywords":["Principessa Stephanie"],"articleSection":["Famiglia Principesca","Notizie"],"inLanguage":"it-IT","copyrightYear":"2023","copyrightHolder":{"@id":"https:\/\/www.monaco-tribune.com\/#organization"}},{"@type":"WebPage","@id":"https:\/\/www.monaco-tribune.com\/it\/2023\/07\/baby-il-secondo-elefante-adottato-dalla-principessa-stephanie-e-deceduto\/","url":"https:\/\/www.monaco-tribune.com\/it\/2023\/07\/baby-il-secondo-elefante-adottato-dalla-principessa-stephanie-e-deceduto\/","name":"Baby, il secondo elefante adottato dalla principessa St\u00e9phanie, \u00e8 deceduto","isPartOf":{"@id":"https:\/\/www.monaco-tribune.com\/it\/#website"},"primaryImageOfPage":{"@id":"https:\/\/www.monaco-tribune.com\/it\/2023\/07\/baby-il-secondo-elefante-adottato-dalla-principessa-stephanie-e-deceduto\/#primaryimage"},"image":{"@id":"https:\/\/www.monaco-tribune.com\/it\/2023\/07\/baby-il-secondo-elefante-adottato-dalla-principessa-stephanie-e-deceduto\/#primaryimage"},"thumbnailUrl":"https:\/\/www.monaco-tribune.com\/wp-content\/uploads\/2023\/07\/princesse-stephanie.jpg","datePublished":"2023-07-17T15:12:43+00:00","dateModified":"2023-07-17T15:12:48+00:00","description":"Era stata adottata nel 2013 sfuggendo cos\u00ec all'eutanasia. Una triste notizia per tutti gli amanti degli animali... Venerd\u00ec 14 luglio, l'associazione Baby","breadcrumb":{"@id":"https:\/\/www.monaco-tribune.com\/it\/2023\/07\/baby-il-secondo-elefante-adottato-dalla-principessa-stephanie-e-deceduto\/#breadcrumb"},"inLanguage":"it-IT","potentialAction":[{"@type":"ReadAction","target":["https:\/\/www.monaco-tribune.com\/it\/2023\/07\/baby-il-secondo-elefante-adottato-dalla-principessa-stephanie-e-deceduto\/"]}]},{"@type":"ImageObject","inLanguage":"it-IT","@id":"https:\/\/www.monaco-tribune.com\/it\/2023\/07\/baby-il-secondo-elefante-adottato-dalla-principessa-stephanie-e-deceduto\/#primaryimage","url":"https:\/\/www.monaco-tribune.com\/wp-content\/uploads\/2023\/07\/princesse-stephanie.jpg","contentUrl":"https:\/\/www.monaco-tribune.com\/wp-content\/uploads\/2023\/07\/princesse-stephanie.jpg","width":1200,"height":800,"caption":"L'Associazione Baby e Nepal \u00e8 stata fondata dalla Principessa St\u00e9phanie nel 2013 per prendersi cura dei due elefanti - \u00a9 Associazione Baby e Nepal"},{"@type":"BreadcrumbList","@id":"https:\/\/www.monaco-tribune.com\/it\/2023\/07\/baby-il-secondo-elefante-adottato-dalla-principessa-stephanie-e-deceduto\/#breadcrumb","itemListElement":[{"@type":"ListItem","position":1,"name":"Accueil","item":"https:\/\/www.monaco-tribune.com\/it\/"},{"@type":"ListItem","position":2,"name":"Baby, il secondo elefante adottato dalla principessa St\u00e9phanie, \u00e8 deceduto"}]},{"@type":"WebSite","@id":"https:\/\/www.monaco-tribune.com\/it\/#website","url":"https:\/\/www.monaco-tribune.com\/it\/","name":"Monaco Tribune","description":"Monaco : actualit\u00e9s \u00e9conomiques, politiques, culturelles et sportives de Monaco et de la French Riviera.","publisher":{"@id":"https:\/\/www.monaco-tribune.com\/it\/#organization"},"potentialAction":[{"@type":"SearchAction","target":{"@type":"EntryPoint","urlTemplate":"https:\/\/www.monaco-tribune.com\/it\/?s={search_term_string}"},"query-input":{"@type":"PropertyValueSpecification","valueRequired":true,"valueName":"search_term_string"}}],"inLanguage":"it-IT"},{"@type":"Organization","@id":"https:\/\/www.monaco-tribune.com\/it\/#organization","name":"Monaco Tribune","url":"https:\/\/www.monaco-tribune.com\/it\/","logo":{"@type":"ImageObject","inLanguage":"it-IT","@id":"https:\/\/www.monaco-tribune.com\/it\/#\/schema\/logo\/image\/","url":"https:\/\/www.monaco-tribune.com\/wp-content\/uploads\/2022\/11\/logo-monaco-tribune.png","contentUrl":"https:\/\/www.monaco-tribune.com\/wp-content\/uploads\/2022\/11\/logo-monaco-tribune.png","width":1548,"height":600,"caption":"Monaco Tribune"},"image":{"@id":"https:\/\/www.monaco-tribune.com\/it\/#\/schema\/logo\/image\/"},"sameAs":["https:\/\/www.facebook.com\/MonacoTribune","https:\/\/x.com\/MonacoTribune","https:\/\/www.instagram.com\/monacotribune\/","https:\/\/www.linkedin.com\/company\/monaco-tribune","https:\/\/www.youtube.com\/channel\/UCHle1MnG6hw1y4lWKijVbMA"]},{"@type":"Person","@id":"https:\/\/www.monaco-tribune.com\/it\/#\/schema\/person\/dd3b5770833f791d3f4d808f1aa84499","name":"Sarah Incari","image":{"@type":"ImageObject","inLanguage":"it-IT","@id":"https:\/\/secure.gravatar.com\/avatar\/4ac0b37be892d57107ccdd804e3f2a03bf1e3fca097512136d3603859293cb0e?s=96&d=mm&r=g","url":"https:\/\/secure.gravatar.com\/avatar\/4ac0b37be892d57107ccdd804e3f2a03bf1e3fca097512136d3603859293cb0e?s=96&d=mm&r=g","contentUrl":"https:\/\/secure.gravatar.com\/avatar\/4ac0b37be892d57107ccdd804e3f2a03bf1e3fca097512136d3603859293cb0e?s=96&d=mm&r=g","caption":"Sarah Incari"},"url":"https:\/\/www.monaco-tribune.com\/it\/author\/sarahincari\/"}]}},"_links":{"self":[{"href":"https:\/\/www.monaco-tribune.com\/it\/wp-json\/wp\/v2\/posts\/185463","targetHints":{"allow":["GET"]}}],"collection":[{"href":"https:\/\/www.monaco-tribune.com\/it\/wp-json\/wp\/v2\/posts"}],"about":[{"href":"https:\/\/www.monaco-tribune.com\/it\/wp-json\/wp\/v2\/types\/post"}],"author":[{"embeddable":true,"href":"https:\/\/www.monaco-tribune.com\/it\/wp-json\/wp\/v2\/users\/69"}],"replies":[{"embeddable":true,"href":"https:\/\/www.monaco-tribune.com\/it\/wp-json\/wp\/v2\/comments?post=185463"}],"version-history":[{"count":2,"href":"https:\/\/www.monaco-tribune.com\/it\/wp-json\/wp\/v2\/posts\/185463\/revisions"}],"predecessor-version":[{"id":185466,"href":"https:\/\/www.monaco-tribune.com\/it\/wp-json\/wp\/v2\/posts\/185463\/revisions\/185466"}],"wp:featuredmedia":[{"embeddable":true,"href":"https:\/\/www.monaco-tribune.com\/it\/wp-json\/wp\/v2\/media\/185294"}],"wp:attachment":[{"href":"https:\/\/www.monaco-tribune.com\/it\/wp-json\/wp\/v2\/media?parent=185463"}],"wp:term":[{"taxonomy":"category","embeddable":true,"href":"https:\/\/www.monaco-tribune.com\/it\/wp-json\/wp\/v2\/categories?post=185463"},{"taxonomy":"post_tag","embeddable":true,"href":"https:\/\/www.monaco-tribune.com\/it\/wp-json\/wp\/v2\/tags?post=185463"},{"taxonomy":"sectag","embeddable":true,"href":"https:\/\/www.monaco-tribune.com\/it\/wp-json\/wp\/v2\/post_sectags?post=185463"},{"taxonomy":"format","embeddable":true,"href":"https:\/\/www.monaco-tribune.com\/it\/wp-json\/wp\/v2\/post_format?post=185463"}],"curies":[{"name":"wp","href":"https:\/\/api.w.org\/{rel}","templated":true}]}}